{"id":30445,"date":"2016-06-16T22:37:49","date_gmt":"2016-06-16T21:07:49","guid":{"rendered":"http:\/\/candas365.es\/noticias\/?p=30445"},"modified":"2016-06-16T22:37:49","modified_gmt":"2016-06-16T21:07:49","slug":"la-guardia-civil-detiene-a-una-persona-en-posada-de-llanera","status":"publish","type":"post","link":"https:\/\/candas365.es\/noticias\/la-guardia-civil-detiene-a-una-persona-en-posada-de-llanera\/","title":{"rendered":"La Guardia Civil detiene a una persona en Posada de Llanera"},"content":{"rendered":"<p><img fetchpriority=\"high\" decoding=\"async\" class=\"alignleft size-medium wp-image-276\" src=\"https:\/\/candas365.es\/noticias\/wp-content\/uploads\/2014\/09\/civil-360x239.jpg\" alt=\"civil\" width=\"360\" height=\"239\" srcset=\"https:\/\/candas365.es\/noticias\/wp-content\/uploads\/2014\/09\/civil.jpg 360w, https:\/\/candas365.es\/noticias\/wp-content\/uploads\/2014\/09\/civil-150x100.jpg 150w, https:\/\/candas365.es\/noticias\/wp-content\/uploads\/2014\/09\/civil-84x55.jpg 84w\" sizes=\"(max-width: 360px) 100vw, 360px\" \/>Efectivos de la Guardia Civil han detenido a un joven de 22 a\u00f1os, J.F.R.G., vecino de Llanera, acusado de tres delitos de robo, uno en grado de tentativa, perpetrados en la localidad de Posada de Llanera, seg\u00fan una nota de prensa de la Comandancia de Gij\u00f3n.<\/p>\n<p>Los hechos se remontan a las 5.00 horas de la madrugada del pasado d\u00eda 27 de mayo, cuando una patrulla de la Guardia Civil de Llanera observ\u00f3 a un joven que circulaba por la senda peatonal que transcurre entre las localidades de Posada y Lugo de Llanera en bicicleta. En un primer momento, al ver a los agentes, esta persona intent\u00f3 esquivarlos, desprendi\u00e9ndose de una mochila que portaba.<\/p>\n<p>En la mochila, los agentes localizaron una pistola de aire comprimido de la que esta persona no fue capaz de explicar su procedencia, alegando haberla encontrado tirada momentos antes. El hombre fue identificado y se le incaut\u00f3 la mochila, a la espera de verificar la veracidad de lo alegado por el joven.<\/p>\n<p>A lo largo de los d\u00edas posteriores, se pudo conocer la existencia de varios robos perpetrados en esa noche en los trasteros de varios edificios de la localidad, en la que tras romper las cerraduras, se hab\u00edan llevado dos bicicletas, una bomba de hinchar, una mochila de deporte y un malet\u00edn con una pistola de aire comprimido, siendo estos dos \u00faltimos efectos los requisados en la noche del d\u00eda 27 de mayo por los agentes.<\/p>\n<p>Tras comprobar que los objetos de la mochila coincid\u00edan con efectos sustra\u00eddos en esos robos, la Guardia Civil procedi\u00f3 a localizar y detener al joven este pasado mi\u00e9rcoles. Al arrestado, que fue puesto en libertad a la espera de juicio, se le imputan tres delitos de robo, uno de ellos en grado de tentativa, mientras que los efectos sustra\u00eddos han sido recuperados y devueltos a su propietario.<\/p>\n<p>&nbsp;<\/p>\n","protected":false},"excerpt":{"rendered":"<p>Efectivos de la Guardia Civil han detenido a un joven de 22 a\u00f1os, J.F.R.G., vecino de Llanera, acusado de tres delitos de robo, uno en grado de tentativa, perpetrados en la localidad de Posada de Llanera, seg\u00fan una nota de prensa de la Comandancia de Gij\u00f3n. Los hechos se remontan a las 5.00 horas de<\/p>\n","protected":false},"author":1,"featured_media":18235,"comment_status":"closed","ping_status":"closed","sticky":false,"template":"","format":"standard","meta":{"footnotes":""},"categories":[343],"tags":[],"class_list":{"0":"post-30445","1":"post","2":"type-post","3":"status-publish","4":"format-standard","5":"has-post-thumbnail","7":"category-actualidad"},"aioseo_notices":[],"aioseo_head":"\n\t\t<!-- All in One SEO Pro 4.9.6.2 - aioseo.com -->\n\t<meta name=\"description\" content=\"Efectivos de la Guardia Civil han detenido a un joven de 22 a\u00f1os, J.F.R.G., vecino de Llanera, acusado de tres delitos de robo, uno en grado de tentativa, perpetrados en la localidad de Posada de Llanera, seg\u00fan una nota de prensa de la Comandancia de Gij\u00f3n. Los hechos se remontan a las 5.00 horas de\" \/>\n\t<meta name=\"robots\" content=\"max-image-preview:large\" \/>\n\t<meta name=\"author\" content=\"Cand\u00e1s 365\"\/>\n\t<meta name=\"google-site-verification\" content=\"UA-32230408-1\" \/>\n\t<meta name=\"msvalidate.01\" content=\"354F3CDFB2DA171B47FBE9ABF1F88D5\" \/>\n\t<meta name=\"keywords\" content=\"actualidad\" \/>\n\t<link rel=\"canonical\" href=\"https:\/\/candas365.es\/noticias\/la-guardia-civil-detiene-a-una-persona-en-posada-de-llanera\/\" \/>\n\t<meta name=\"generator\" content=\"All in One SEO Pro (AIOSEO) 4.9.6.2\" \/>\n\t\t<meta property=\"og:locale\" content=\"es_ES\" \/>\n\t\t<meta property=\"og:site_name\" content=\"Cand\u00e1s 365\" \/>\n\t\t<meta property=\"og:type\" content=\"article\" \/>\n\t\t<meta property=\"og:title\" content=\"La Guardia Civil detiene a una persona en Posada de Llanera | Cand\u00e1s 365\" \/>\n\t\t<meta property=\"og:description\" content=\"Efectivos de la Guardia Civil han detenido a un joven de 22 a\u00f1os, J.F.R.G., vecino de Llanera, acusado de tres delitos de robo, uno en grado de tentativa, perpetrados en la localidad de Posada de Llanera, seg\u00fan una nota de prensa de la Comandancia de Gij\u00f3n. Los hechos se remontan a las 5.00 horas de\" \/>\n\t\t<meta property=\"og:url\" content=\"https:\/\/candas365.es\/noticias\/la-guardia-civil-detiene-a-una-persona-en-posada-de-llanera\/\" \/>\n\t\t<meta property=\"og:image\" content=\"https:\/\/candas365.es\/noticias\/wp-content\/uploads\/2015\/10\/civil.jpg\" \/>\n\t\t<meta property=\"og:image:secure_url\" content=\"https:\/\/candas365.es\/noticias\/wp-content\/uploads\/2015\/10\/civil.jpg\" \/>\n\t\t<meta property=\"og:image:width\" content=\"655\" \/>\n\t\t<meta property=\"og:image:height\" content=\"360\" \/>\n\t\t<meta property=\"article:published_time\" content=\"2016-06-16T21:07:49+00:00\" \/>\n\t\t<meta property=\"article:modified_time\" content=\"2016-06-16T21:07:49+00:00\" \/>\n\t\t<meta property=\"article:publisher\" content=\"https:\/\/www.facebook.com\/Nachofdezber\" \/>\n\t\t<meta property=\"article:author\" content=\"https:\/\/www.facebook.com\/carrenoactualidad\" \/>\n\t\t<meta name=\"twitter:card\" content=\"summary_large_image\" \/>\n\t\t<meta name=\"twitter:site\" content=\"@NabercoDigital\" \/>\n\t\t<meta name=\"twitter:title\" content=\"La Guardia Civil detiene a una persona en Posada de Llanera | Cand\u00e1s 365\" \/>\n\t\t<meta name=\"twitter:description\" content=\"Efectivos de la Guardia Civil han detenido a un joven de 22 a\u00f1os, J.F.R.G., vecino de Llanera, acusado de tres delitos de robo, uno en grado de tentativa, perpetrados en la localidad de Posada de Llanera, seg\u00fan una nota de prensa de la Comandancia de Gij\u00f3n. Los hechos se remontan a las 5.00 horas de\" \/>\n\t\t<meta name=\"twitter:creator\" content=\"@nbasturias\" \/>\n\t\t<meta name=\"twitter:image\" content=\"https:\/\/candas365.es\/noticias\/wp-content\/uploads\/2015\/10\/civil.jpg\" \/>\n\t\t<meta name=\"twitter:label1\" content=\"Escrito por\" \/>\n\t\t<meta name=\"twitter:data1\" content=\"Cand\u00e1s 365\" \/>\n\t\t<meta name=\"twitter:label2\" content=\"Tiempo de lectura estimado\" \/>\n\t\t<meta name=\"twitter:data2\" content=\"2 minutos\" \/>\n\t\t<script type=\"application\/ld+json\" class=\"aioseo-schema\">\n\t\t\t{\"@context\":\"https:\\\/\\\/schema.org\",\"@graph\":[{\"@type\":\"BreadcrumbList\",\"@id\":\"https:\\\/\\\/candas365.es\\\/noticias\\\/la-guardia-civil-detiene-a-una-persona-en-posada-de-llanera\\\/#breadcrumblist\",\"itemListElement\":[{\"@type\":\"ListItem\",\"@id\":\"https:\\\/\\\/candas365.es\\\/noticias#listItem\",\"position\":1,\"name\":\"Home\",\"item\":\"https:\\\/\\\/candas365.es\\\/noticias\",\"nextItem\":{\"@type\":\"ListItem\",\"@id\":\"https:\\\/\\\/candas365.es\\\/noticias\\\/category\\\/actualidad\\\/#listItem\",\"name\":\"Actualidad\"}},{\"@type\":\"ListItem\",\"@id\":\"https:\\\/\\\/candas365.es\\\/noticias\\\/category\\\/actualidad\\\/#listItem\",\"position\":2,\"name\":\"Actualidad\",\"item\":\"https:\\\/\\\/candas365.es\\\/noticias\\\/category\\\/actualidad\\\/\",\"nextItem\":{\"@type\":\"ListItem\",\"@id\":\"https:\\\/\\\/candas365.es\\\/noticias\\\/la-guardia-civil-detiene-a-una-persona-en-posada-de-llanera\\\/#listItem\",\"name\":\"La Guardia Civil detiene a una persona en Posada de Llanera\"},\"previousItem\":{\"@type\":\"ListItem\",\"@id\":\"https:\\\/\\\/candas365.es\\\/noticias#listItem\",\"name\":\"Home\"}},{\"@type\":\"ListItem\",\"@id\":\"https:\\\/\\\/candas365.es\\\/noticias\\\/la-guardia-civil-detiene-a-una-persona-en-posada-de-llanera\\\/#listItem\",\"position\":3,\"name\":\"La Guardia Civil detiene a una persona en Posada de Llanera\",\"previousItem\":{\"@type\":\"ListItem\",\"@id\":\"https:\\\/\\\/candas365.es\\\/noticias\\\/category\\\/actualidad\\\/#listItem\",\"name\":\"Actualidad\"}}]},{\"@type\":\"NewsArticle\",\"@id\":\"https:\\\/\\\/candas365.es\\\/noticias\\\/la-guardia-civil-detiene-a-una-persona-en-posada-de-llanera\\\/#newsarticle\",\"name\":\"La Guardia Civil detiene a una persona en Posada de Llanera | Cand\\u00e1s 365\",\"headline\":\"La Guardia Civil detiene a una persona en Posada de Llanera\",\"author\":{\"@id\":\"https:\\\/\\\/candas365.es\\\/noticias\\\/author\\\/admin\\\/#author\"},\"publisher\":{\"@id\":\"https:\\\/\\\/candas365.es\\\/noticias\\\/#organization\"},\"image\":{\"@type\":\"ImageObject\",\"url\":\"https:\\\/\\\/candas365.es\\\/noticias\\\/wp-content\\\/uploads\\\/2015\\\/10\\\/civil.jpg\",\"width\":655,\"height\":360},\"datePublished\":\"2016-06-16T22:37:49+02:00\",\"dateModified\":\"2016-06-16T22:37:49+02:00\",\"inLanguage\":\"es-ES\",\"mainEntityOfPage\":{\"@id\":\"https:\\\/\\\/candas365.es\\\/noticias\\\/la-guardia-civil-detiene-a-una-persona-en-posada-de-llanera\\\/#webpage\"},\"isPartOf\":{\"@id\":\"https:\\\/\\\/candas365.es\\\/noticias\\\/la-guardia-civil-detiene-a-una-persona-en-posada-de-llanera\\\/#webpage\"},\"articleSection\":\"Actualidad\",\"dateline\":\"Publicado el junio 16, 2016.\"},{\"@type\":\"Organization\",\"@id\":\"https:\\\/\\\/candas365.es\\\/noticias\\\/#organization\",\"name\":\"Cand\\u00e1s 365\",\"description\":\"Cand\\u00e1s 365 es un diario digital independiente, fundado en 2012, con base en Asturias. Informamos con rigor sobre actualidad, sociedad, cultura y ocio, con una mirada local y global.\",\"url\":\"https:\\\/\\\/candas365.es\\\/noticias\\\/\",\"email\":\"info@candas365.es\",\"telephone\":\"+34652131393\",\"foundingDate\":\"2012-06-10\",\"logo\":{\"@type\":\"ImageObject\",\"url\":\"https:\\\/\\\/candas365.es\\\/noticias\\\/wp-content\\\/uploads\\\/2024\\\/09\\\/Candas-365-Redes.jpg\",\"@id\":\"https:\\\/\\\/candas365.es\\\/noticias\\\/la-guardia-civil-detiene-a-una-persona-en-posada-de-llanera\\\/#organizationLogo\",\"width\":1152,\"height\":864,\"caption\":\"Cand\\u00e1s 365 Redes\"},\"image\":{\"@id\":\"https:\\\/\\\/candas365.es\\\/noticias\\\/la-guardia-civil-detiene-a-una-persona-en-posada-de-llanera\\\/#organizationLogo\"},\"sameAs\":[\"https:\\\/\\\/www.facebook.com\\\/Nachofdezber\",\"https:\\\/\\\/x.com\\\/NabercoDigital\",\"https:\\\/\\\/www.instagram.com\\\/nachofdezber\\\/\",\"https:\\\/\\\/www.youtube.com\\\/channel\\\/UCZP-2wLEB9Rv6erhFmqVnvg\"],\"address\":{\"@id\":\"https:\\\/\\\/candas365.es\\\/noticias\\\/#postaladdress\",\"@type\":\"PostalAddress\",\"streetAddress\":\"san antonio 4, san antonio 4\",\"postalCode\":\"33430\",\"addressLocality\":\"Cand\\u00e1s\",\"addressRegion\":\"Asturias\",\"addressCountry\":\"ES\"}},{\"@type\":\"Person\",\"@id\":\"https:\\\/\\\/candas365.es\\\/noticias\\\/author\\\/admin\\\/#author\",\"url\":\"https:\\\/\\\/candas365.es\\\/noticias\\\/author\\\/admin\\\/\",\"name\":\"Cand\\u00e1s 365\",\"image\":{\"@type\":\"ImageObject\",\"@id\":\"https:\\\/\\\/candas365.es\\\/noticias\\\/la-guardia-civil-detiene-a-una-persona-en-posada-de-llanera\\\/#authorImage\",\"url\":\"https:\\\/\\\/secure.gravatar.com\\\/avatar\\\/496a8e03d0c493ede1718b7934145dbdf8d89be1036b0eec9544e1094c9de390?s=96&d=mm&r=g\",\"width\":96,\"height\":96,\"caption\":\"Cand\\u00e1s 365\"},\"sameAs\":[\"https:\\\/\\\/www.facebook.com\\\/carrenoactualidad\",\"https:\\\/\\\/twitter.com\\\/nbasturias\",\"https:\\\/\\\/www.instagram.com\\\/nachofdezber\\\/\",\"https:\\\/\\\/www.youtube.com\\\/channel\\\/UCZP-2wLEB9Rv6erhFmqVnvg\"]},{\"@type\":\"WebPage\",\"@id\":\"https:\\\/\\\/candas365.es\\\/noticias\\\/la-guardia-civil-detiene-a-una-persona-en-posada-de-llanera\\\/#webpage\",\"url\":\"https:\\\/\\\/candas365.es\\\/noticias\\\/la-guardia-civil-detiene-a-una-persona-en-posada-de-llanera\\\/\",\"name\":\"La Guardia Civil detiene a una persona en Posada de Llanera | Cand\\u00e1s 365\",\"description\":\"Efectivos de la Guardia Civil han detenido a un joven de 22 a\\u00f1os, J.F.R.G., vecino de Llanera, acusado de tres delitos de robo, uno en grado de tentativa, perpetrados en la localidad de Posada de Llanera, seg\\u00fan una nota de prensa de la Comandancia de Gij\\u00f3n. Los hechos se remontan a las 5.00 horas de\",\"inLanguage\":\"es-ES\",\"isPartOf\":{\"@id\":\"https:\\\/\\\/candas365.es\\\/noticias\\\/#website\"},\"breadcrumb\":{\"@id\":\"https:\\\/\\\/candas365.es\\\/noticias\\\/la-guardia-civil-detiene-a-una-persona-en-posada-de-llanera\\\/#breadcrumblist\"},\"author\":{\"@id\":\"https:\\\/\\\/candas365.es\\\/noticias\\\/author\\\/admin\\\/#author\"},\"creator\":{\"@id\":\"https:\\\/\\\/candas365.es\\\/noticias\\\/author\\\/admin\\\/#author\"},\"image\":{\"@type\":\"ImageObject\",\"url\":\"https:\\\/\\\/candas365.es\\\/noticias\\\/wp-content\\\/uploads\\\/2015\\\/10\\\/civil.jpg\",\"@id\":\"https:\\\/\\\/candas365.es\\\/noticias\\\/la-guardia-civil-detiene-a-una-persona-en-posada-de-llanera\\\/#mainImage\",\"width\":655,\"height\":360},\"primaryImageOfPage\":{\"@id\":\"https:\\\/\\\/candas365.es\\\/noticias\\\/la-guardia-civil-detiene-a-una-persona-en-posada-de-llanera\\\/#mainImage\"},\"datePublished\":\"2016-06-16T22:37:49+02:00\",\"dateModified\":\"2016-06-16T22:37:49+02:00\"},{\"@type\":\"WebSite\",\"@id\":\"https:\\\/\\\/candas365.es\\\/noticias\\\/#website\",\"url\":\"https:\\\/\\\/candas365.es\\\/noticias\\\/\",\"name\":\"Cand\\u00e1s 365\",\"alternateName\":\"Cand\\u00e1s 365 Noticias\",\"description\":\"Actualidad desde Carre\\u00f1o para el mundo\",\"inLanguage\":\"es-ES\",\"publisher\":{\"@id\":\"https:\\\/\\\/candas365.es\\\/noticias\\\/#organization\"}}]}\n\t\t<\/script>\n\t\t<!-- All in One SEO Pro -->\r\n\t\t<title>La Guardia Civil detiene a una persona en Posada de Llanera | Cand\u00e1s 365<\/title>\n\n","aioseo_head_json":{"title":"La Guardia Civil detiene a una persona en Posada de Llanera | Cand\u00e1s 365","description":"Efectivos de la Guardia Civil han detenido a un joven de 22 a\u00f1os, J.F.R.G., vecino de Llanera, acusado de tres delitos de robo, uno en grado de tentativa, perpetrados en la localidad de Posada de Llanera, seg\u00fan una nota de prensa de la Comandancia de Gij\u00f3n. Los hechos se remontan a las 5.00 horas de","canonical_url":"https:\/\/candas365.es\/noticias\/la-guardia-civil-detiene-a-una-persona-en-posada-de-llanera\/","robots":"max-image-preview:large","keywords":"actualidad","webmasterTools":{"google-site-verification":"UA-32230408-1","msvalidate.01":"354F3CDFB2DA171B47FBE9ABF1F88D5","miscellaneous":""},"schema":{"@context":"https:\/\/schema.org","@graph":[{"@type":"BreadcrumbList","@id":"https:\/\/candas365.es\/noticias\/la-guardia-civil-detiene-a-una-persona-en-posada-de-llanera\/#breadcrumblist","itemListElement":[{"@type":"ListItem","@id":"https:\/\/candas365.es\/noticias#listItem","position":1,"name":"Home","item":"https:\/\/candas365.es\/noticias","nextItem":{"@type":"ListItem","@id":"https:\/\/candas365.es\/noticias\/category\/actualidad\/#listItem","name":"Actualidad"}},{"@type":"ListItem","@id":"https:\/\/candas365.es\/noticias\/category\/actualidad\/#listItem","position":2,"name":"Actualidad","item":"https:\/\/candas365.es\/noticias\/category\/actualidad\/","nextItem":{"@type":"ListItem","@id":"https:\/\/candas365.es\/noticias\/la-guardia-civil-detiene-a-una-persona-en-posada-de-llanera\/#listItem","name":"La Guardia Civil detiene a una persona en Posada de Llanera"},"previousItem":{"@type":"ListItem","@id":"https:\/\/candas365.es\/noticias#listItem","name":"Home"}},{"@type":"ListItem","@id":"https:\/\/candas365.es\/noticias\/la-guardia-civil-detiene-a-una-persona-en-posada-de-llanera\/#listItem","position":3,"name":"La Guardia Civil detiene a una persona en Posada de Llanera","previousItem":{"@type":"ListItem","@id":"https:\/\/candas365.es\/noticias\/category\/actualidad\/#listItem","name":"Actualidad"}}]},{"@type":"NewsArticle","@id":"https:\/\/candas365.es\/noticias\/la-guardia-civil-detiene-a-una-persona-en-posada-de-llanera\/#newsarticle","name":"La Guardia Civil detiene a una persona en Posada de Llanera | Cand\u00e1s 365","headline":"La Guardia Civil detiene a una persona en Posada de Llanera","author":{"@id":"https:\/\/candas365.es\/noticias\/author\/admin\/#author"},"publisher":{"@id":"https:\/\/candas365.es\/noticias\/#organization"},"image":{"@type":"ImageObject","url":"https:\/\/candas365.es\/noticias\/wp-content\/uploads\/2015\/10\/civil.jpg","width":655,"height":360},"datePublished":"2016-06-16T22:37:49+02:00","dateModified":"2016-06-16T22:37:49+02:00","inLanguage":"es-ES","mainEntityOfPage":{"@id":"https:\/\/candas365.es\/noticias\/la-guardia-civil-detiene-a-una-persona-en-posada-de-llanera\/#webpage"},"isPartOf":{"@id":"https:\/\/candas365.es\/noticias\/la-guardia-civil-detiene-a-una-persona-en-posada-de-llanera\/#webpage"},"articleSection":"Actualidad","dateline":"Publicado el junio 16, 2016."},{"@type":"Organization","@id":"https:\/\/candas365.es\/noticias\/#organization","name":"Cand\u00e1s 365","description":"Cand\u00e1s 365 es un diario digital independiente, fundado en 2012, con base en Asturias. Informamos con rigor sobre actualidad, sociedad, cultura y ocio, con una mirada local y global.","url":"https:\/\/candas365.es\/noticias\/","email":"info@candas365.es","telephone":"+34652131393","foundingDate":"2012-06-10","logo":{"@type":"ImageObject","url":"https:\/\/candas365.es\/noticias\/wp-content\/uploads\/2024\/09\/Candas-365-Redes.jpg","@id":"https:\/\/candas365.es\/noticias\/la-guardia-civil-detiene-a-una-persona-en-posada-de-llanera\/#organizationLogo","width":1152,"height":864,"caption":"Cand\u00e1s 365 Redes"},"image":{"@id":"https:\/\/candas365.es\/noticias\/la-guardia-civil-detiene-a-una-persona-en-posada-de-llanera\/#organizationLogo"},"sameAs":["https:\/\/www.facebook.com\/Nachofdezber","https:\/\/x.com\/NabercoDigital","https:\/\/www.instagram.com\/nachofdezber\/","https:\/\/www.youtube.com\/channel\/UCZP-2wLEB9Rv6erhFmqVnvg"],"address":{"@id":"https:\/\/candas365.es\/noticias\/#postaladdress","@type":"PostalAddress","streetAddress":"san antonio 4, san antonio 4","postalCode":"33430","addressLocality":"Cand\u00e1s","addressRegion":"Asturias","addressCountry":"ES"}},{"@type":"Person","@id":"https:\/\/candas365.es\/noticias\/author\/admin\/#author","url":"https:\/\/candas365.es\/noticias\/author\/admin\/","name":"Cand\u00e1s 365","image":{"@type":"ImageObject","@id":"https:\/\/candas365.es\/noticias\/la-guardia-civil-detiene-a-una-persona-en-posada-de-llanera\/#authorImage","url":"https:\/\/secure.gravatar.com\/avatar\/496a8e03d0c493ede1718b7934145dbdf8d89be1036b0eec9544e1094c9de390?s=96&d=mm&r=g","width":96,"height":96,"caption":"Cand\u00e1s 365"},"sameAs":["https:\/\/www.facebook.com\/carrenoactualidad","https:\/\/twitter.com\/nbasturias","https:\/\/www.instagram.com\/nachofdezber\/","https:\/\/www.youtube.com\/channel\/UCZP-2wLEB9Rv6erhFmqVnvg"]},{"@type":"WebPage","@id":"https:\/\/candas365.es\/noticias\/la-guardia-civil-detiene-a-una-persona-en-posada-de-llanera\/#webpage","url":"https:\/\/candas365.es\/noticias\/la-guardia-civil-detiene-a-una-persona-en-posada-de-llanera\/","name":"La Guardia Civil detiene a una persona en Posada de Llanera | Cand\u00e1s 365","description":"Efectivos de la Guardia Civil han detenido a un joven de 22 a\u00f1os, J.F.R.G., vecino de Llanera, acusado de tres delitos de robo, uno en grado de tentativa, perpetrados en la localidad de Posada de Llanera, seg\u00fan una nota de prensa de la Comandancia de Gij\u00f3n. Los hechos se remontan a las 5.00 horas de","inLanguage":"es-ES","isPartOf":{"@id":"https:\/\/candas365.es\/noticias\/#website"},"breadcrumb":{"@id":"https:\/\/candas365.es\/noticias\/la-guardia-civil-detiene-a-una-persona-en-posada-de-llanera\/#breadcrumblist"},"author":{"@id":"https:\/\/candas365.es\/noticias\/author\/admin\/#author"},"creator":{"@id":"https:\/\/candas365.es\/noticias\/author\/admin\/#author"},"image":{"@type":"ImageObject","url":"https:\/\/candas365.es\/noticias\/wp-content\/uploads\/2015\/10\/civil.jpg","@id":"https:\/\/candas365.es\/noticias\/la-guardia-civil-detiene-a-una-persona-en-posada-de-llanera\/#mainImage","width":655,"height":360},"primaryImageOfPage":{"@id":"https:\/\/candas365.es\/noticias\/la-guardia-civil-detiene-a-una-persona-en-posada-de-llanera\/#mainImage"},"datePublished":"2016-06-16T22:37:49+02:00","dateModified":"2016-06-16T22:37:49+02:00"},{"@type":"WebSite","@id":"https:\/\/candas365.es\/noticias\/#website","url":"https:\/\/candas365.es\/noticias\/","name":"Cand\u00e1s 365","alternateName":"Cand\u00e1s 365 Noticias","description":"Actualidad desde Carre\u00f1o para el mundo","inLanguage":"es-ES","publisher":{"@id":"https:\/\/candas365.es\/noticias\/#organization"}}]},"og:locale":"es_ES","og:site_name":"Cand\u00e1s 365","og:type":"article","og:title":"La Guardia Civil detiene a una persona en Posada de Llanera | Cand\u00e1s 365","og:description":"Efectivos de la Guardia Civil han detenido a un joven de 22 a\u00f1os, J.F.R.G., vecino de Llanera, acusado de tres delitos de robo, uno en grado de tentativa, perpetrados en la localidad de Posada de Llanera, seg\u00fan una nota de prensa de la Comandancia de Gij\u00f3n. Los hechos se remontan a las 5.00 horas de","og:url":"https:\/\/candas365.es\/noticias\/la-guardia-civil-detiene-a-una-persona-en-posada-de-llanera\/","og:image":"https:\/\/candas365.es\/noticias\/wp-content\/uploads\/2015\/10\/civil.jpg","og:image:secure_url":"https:\/\/candas365.es\/noticias\/wp-content\/uploads\/2015\/10\/civil.jpg","og:image:width":655,"og:image:height":360,"article:published_time":"2016-06-16T21:07:49+00:00","article:modified_time":"2016-06-16T21:07:49+00:00","article:publisher":"https:\/\/www.facebook.com\/Nachofdezber","article:author":"https:\/\/www.facebook.com\/carrenoactualidad","twitter:card":"summary_large_image","twitter:site":"@NabercoDigital","twitter:title":"La Guardia Civil detiene a una persona en Posada de Llanera | Cand\u00e1s 365","twitter:description":"Efectivos de la Guardia Civil han detenido a un joven de 22 a\u00f1os, J.F.R.G., vecino de Llanera, acusado de tres delitos de robo, uno en grado de tentativa, perpetrados en la localidad de Posada de Llanera, seg\u00fan una nota de prensa de la Comandancia de Gij\u00f3n. Los hechos se remontan a las 5.00 horas de","twitter:creator":"@nbasturias","twitter:image":"https:\/\/candas365.es\/noticias\/wp-content\/uploads\/2015\/10\/civil.jpg","twitter:label1":"Escrito por","twitter:data1":"Cand\u00e1s 365","twitter:label2":"Tiempo de lectura estimado","twitter:data2":"2 minutos"},"aioseo_meta_data":{"post_id":"30445","title":null,"description":null,"keywords":null,"keyphrases":null,"primary_term":null,"canonical_url":null,"og_title":null,"og_description":null,"og_object_type":"default","og_image_type":"default","og_image_url":null,"og_image_width":null,"og_image_height":null,"og_image_custom_url":null,"og_image_custom_fields":null,"og_video":null,"og_custom_url":null,"og_article_section":null,"og_article_tags":null,"twitter_use_og":false,"twitter_card":"default","twitter_image_type":"default","twitter_image_url":null,"twitter_image_custom_url":null,"twitter_image_custom_fields":null,"twitter_title":null,"twitter_description":null,"schema":{"blockGraphs":[],"customGraphs":[],"default":{"data":{"Article":[],"Course":[],"Dataset":[],"FAQPage":[],"Movie":[],"Person":[],"Product":[],"ProductReview":[],"Car":[],"Recipe":[],"Service":[],"SoftwareApplication":[],"WebPage":[]},"graphName":"","isEnabled":true},"graphs":[]},"schema_type":null,"schema_type_options":null,"pillar_content":false,"robots_default":true,"robots_noindex":false,"robots_noarchive":false,"robots_nosnippet":false,"robots_nofollow":false,"robots_noimageindex":false,"robots_noodp":false,"robots_notranslate":false,"robots_max_snippet":null,"robots_max_videopreview":null,"robots_max_imagepreview":"large","priority":null,"frequency":null,"location":null,"local_seo":null,"seo_analyzer_scan_date":"2025-08-24 12:31:26","breadcrumb_settings":null,"limit_modified_date":false,"reviewed_by":null,"open_ai":null,"ai":null,"created":"2020-12-21 12:58:28","updated":"2025-08-24 12:31:26"},"aioseo_breadcrumb":"<div class=\"aioseo-breadcrumbs\"><span class=\"aioseo-breadcrumb\">\n\t<a href=\"https:\/\/candas365.es\/noticias\" title=\"Home\">Home<\/a>\n<\/span><span class=\"aioseo-breadcrumb-separator\">&ndash;<\/span><span class=\"aioseo-breadcrumb\">\n\t<a href=\"https:\/\/candas365.es\/noticias\/category\/actualidad\/\" title=\"Actualidad\">Actualidad<\/a>\n<\/span><span class=\"aioseo-breadcrumb-separator\">&ndash;<\/span><span class=\"aioseo-breadcrumb\">\n\tLa Guardia Civil detiene a una persona en Posada de Llanera\n<\/span><\/div>","aioseo_breadcrumb_json":[{"label":"Home","link":"https:\/\/candas365.es\/noticias"},{"label":"Actualidad","link":"https:\/\/candas365.es\/noticias\/category\/actualidad\/"},{"label":"La Guardia Civil detiene a una persona en Posada de Llanera","link":"https:\/\/candas365.es\/noticias\/la-guardia-civil-detiene-a-una-persona-en-posada-de-llanera\/"}],"_links":{"self":[{"href":"https:\/\/candas365.es\/noticias\/wp-json\/wp\/v2\/posts\/30445","targetHints":{"allow":["GET"]}}],"collection":[{"href":"https:\/\/candas365.es\/noticias\/wp-json\/wp\/v2\/posts"}],"about":[{"href":"https:\/\/candas365.es\/noticias\/wp-json\/wp\/v2\/types\/post"}],"author":[{"embeddable":true,"href":"https:\/\/candas365.es\/noticias\/wp-json\/wp\/v2\/users\/1"}],"replies":[{"embeddable":true,"href":"https:\/\/candas365.es\/noticias\/wp-json\/wp\/v2\/comments?post=30445"}],"version-history":[{"count":0,"href":"https:\/\/candas365.es\/noticias\/wp-json\/wp\/v2\/posts\/30445\/revisions"}],"wp:featuredmedia":[{"embeddable":true,"href":"https:\/\/candas365.es\/noticias\/wp-json\/wp\/v2\/media\/18235"}],"wp:attachment":[{"href":"https:\/\/candas365.es\/noticias\/wp-json\/wp\/v2\/media?parent=30445"}],"wp:term":[{"taxonomy":"category","embeddable":true,"href":"https:\/\/candas365.es\/noticias\/wp-json\/wp\/v2\/categories?post=30445"},{"taxonomy":"post_tag","embeddable":true,"href":"https:\/\/candas365.es\/noticias\/wp-json\/wp\/v2\/tags?post=30445"}],"curies":[{"name":"wp","href":"https:\/\/api.w.org\/{rel}","templated":true}]}}