{"id":30415,"date":"2016-06-16T22:19:19","date_gmt":"2016-06-16T20:49:19","guid":{"rendered":"http:\/\/candas365.es\/noticias\/?p=30415"},"modified":"2016-06-16T22:19:49","modified_gmt":"2016-06-16T20:49:49","slug":"los-alquileres-en-las-zonas-de-costa-protagonizan-las-mayores-subidas-de-precio","status":"publish","type":"post","link":"https:\/\/candas365.es\/noticias\/los-alquileres-en-las-zonas-de-costa-protagonizan-las-mayores-subidas-de-precio\/","title":{"rendered":"Los alquileres en las zonas de costa protagonizan las mayores subidas de precio"},"content":{"rendered":"<p><img fetchpriority=\"high\" decoding=\"async\" class=\"alignleft size-medium wp-image-30416\" src=\"https:\/\/candas365.es\/noticias\/wp-content\/uploads\/2016\/06\/fotonoticia_20160616114043_800-360x240.jpg\" alt=\"fotonoticia_20160616114043_800\" width=\"360\" height=\"240\" srcset=\"https:\/\/candas365.es\/noticias\/wp-content\/uploads\/2016\/06\/fotonoticia_20160616114043_800-360x240.jpg 360w, https:\/\/candas365.es\/noticias\/wp-content\/uploads\/2016\/06\/fotonoticia_20160616114043_800-650x433.jpg 650w, https:\/\/candas365.es\/noticias\/wp-content\/uploads\/2016\/06\/fotonoticia_20160616114043_800-768x512.jpg 768w, https:\/\/candas365.es\/noticias\/wp-content\/uploads\/2016\/06\/fotonoticia_20160616114043_800-150x100.jpg 150w, https:\/\/candas365.es\/noticias\/wp-content\/uploads\/2016\/06\/fotonoticia_20160616114043_800-450x300.jpg 450w, https:\/\/candas365.es\/noticias\/wp-content\/uploads\/2016\/06\/fotonoticia_20160616114043_800-655x436.jpg 655w, https:\/\/candas365.es\/noticias\/wp-content\/uploads\/2016\/06\/fotonoticia_20160616114043_800-696x464.jpg 696w, https:\/\/candas365.es\/noticias\/wp-content\/uploads\/2016\/06\/fotonoticia_20160616114043_800-630x420.jpg 630w, https:\/\/candas365.es\/noticias\/wp-content\/uploads\/2016\/06\/fotonoticia_20160616114043_800-84x55.jpg 84w, https:\/\/candas365.es\/noticias\/wp-content\/uploads\/2016\/06\/fotonoticia_20160616114043_800.jpg 800w\" sizes=\"(max-width: 360px) 100vw, 360px\" \/>Las provincias espa\u00f1olas que tienen costa est\u00e1n protagonizando los mayores incrementos interanuales en el precio de la vivienda en alquiler, seg\u00fan los \u00faltimos datos del \u00cdndice Inmobiliario de mayo realizado por el portal inmobiliario fotocasa.<\/p>\n<p>De hecho, en las 15 provincias en las que m\u00e1s sube el precio interanual del alquiler, 13 de ellas cuentan con costa, a excepci\u00f3n de Madrid y Guadalajara. As\u00ed, las cuatro provincias que m\u00e1s incrementan el alquiler interanual lo hacen por encima del 10%.<\/p>\n<p>Se trata de Baleares, que sube un 18,1% el precio interanual, seguido de Huelva (+17,3%), Barcelona (+15,9%) y Alicante (+11,6%), todas ellas zonas costeras. Por debajo de estas provincias se sit\u00faan M\u00e1laga y Murcia, con incrementos del 9,9% y del 9,8%, respectivamente.<\/p>\n<p>En el otro extremo, entre las nueve provincias que m\u00e1s descienden el precio no existe ninguna con costa. De hecho, la provincia que m\u00e1s desciende en mayo es Teruel, en concreto baja a nivel interanual un 7,4%, seguido de Zamora (-4%), C\u00e1ceres (-3,6%), Ja\u00e9n (-2,8%) y Burgos (-2%).<\/p>\n<p>\u00abEl mercado del alquiler est\u00e1 creciendo con fuerza en Espa\u00f1a, tanto desde el punto de vista de la oferta como de la demanda. Por ello, los precios est\u00e1n subiendo de forma generalizada en buena parte del pa\u00eds\u00bb, explica la responsable de Estudios de fotocasa, Beatriz Toribio.<\/p>\n<p>Entre las causas del auge de la vivienda en alquiler, Toribio destaca principalmente la \u00abfuerte demanda\u00bb y la \u00abimposibilidad\u00bb de comprar una vivienda por buena parte de la poblaci\u00f3n. A esto se suma que \u00abse est\u00e1 produciendo un cambio de mentalidad en los espa\u00f1oles a favor de esta forma de vida que puede ser una oportunidad para el sector si se sabe aprovechar\u00bb.<\/p>\n<p>&nbsp;<\/p>\n","protected":false},"excerpt":{"rendered":"<p>Las provincias espa\u00f1olas que tienen costa est\u00e1n protagonizando los mayores incrementos interanuales en el precio de la vivienda en alquiler, seg\u00fan los \u00faltimos datos del \u00cdndice Inmobiliario de mayo realizado por el portal inmobiliario fotocasa. De hecho, en las 15 provincias en las que m\u00e1s sube el precio interanual del alquiler, 13 de ellas cuentan<\/p>\n","protected":false},"author":1,"featured_media":30416,"comment_status":"closed","ping_status":"closed","sticky":false,"template":"","format":"standard","meta":{"footnotes":""},"categories":[343],"tags":[],"class_list":{"0":"post-30415","1":"post","2":"type-post","3":"status-publish","4":"format-standard","5":"has-post-thumbnail","7":"category-actualidad"},"aioseo_notices":[],"aioseo_head":"\n\t\t<!-- All in One SEO Pro 4.9.6.2 - aioseo.com -->\n\t<meta name=\"description\" content=\"Las provincias espa\u00f1olas que tienen costa est\u00e1n protagonizando los mayores incrementos interanuales en el precio de la vivienda en alquiler, seg\u00fan los \u00faltimos datos del \u00cdndice Inmobiliario de mayo realizado por el portal inmobiliario fotocasa. De hecho, en las 15 provincias en las que m\u00e1s sube el precio interanual del alquiler, 13 de ellas cuentan\" \/>\n\t<meta name=\"robots\" content=\"max-image-preview:large\" \/>\n\t<meta name=\"author\" content=\"Cand\u00e1s 365\"\/>\n\t<meta name=\"google-site-verification\" content=\"UA-32230408-1\" \/>\n\t<meta name=\"msvalidate.01\" content=\"354F3CDFB2DA171B47FBE9ABF1F88D5\" \/>\n\t<meta name=\"keywords\" content=\"actualidad\" \/>\n\t<link rel=\"canonical\" href=\"https:\/\/candas365.es\/noticias\/los-alquileres-en-las-zonas-de-costa-protagonizan-las-mayores-subidas-de-precio\/\" \/>\n\t<meta name=\"generator\" content=\"All in One SEO Pro (AIOSEO) 4.9.6.2\" \/>\n\t\t<meta property=\"og:locale\" content=\"es_ES\" \/>\n\t\t<meta property=\"og:site_name\" content=\"Cand\u00e1s 365\" \/>\n\t\t<meta property=\"og:type\" content=\"article\" \/>\n\t\t<meta property=\"og:title\" content=\"Los alquileres en las zonas de costa protagonizan las mayores subidas de precio | Cand\u00e1s 365\" \/>\n\t\t<meta property=\"og:description\" content=\"Las provincias espa\u00f1olas que tienen costa est\u00e1n protagonizando los mayores incrementos interanuales en el precio de la vivienda en alquiler, seg\u00fan los \u00faltimos datos del \u00cdndice Inmobiliario de mayo realizado por el portal inmobiliario fotocasa. De hecho, en las 15 provincias en las que m\u00e1s sube el precio interanual del alquiler, 13 de ellas cuentan\" \/>\n\t\t<meta property=\"og:url\" content=\"https:\/\/candas365.es\/noticias\/los-alquileres-en-las-zonas-de-costa-protagonizan-las-mayores-subidas-de-precio\/\" \/>\n\t\t<meta property=\"og:image\" content=\"https:\/\/candas365.es\/noticias\/wp-content\/uploads\/2016\/06\/fotonoticia_20160616114043_800.jpg\" \/>\n\t\t<meta property=\"og:image:secure_url\" content=\"https:\/\/candas365.es\/noticias\/wp-content\/uploads\/2016\/06\/fotonoticia_20160616114043_800.jpg\" \/>\n\t\t<meta property=\"og:image:width\" content=\"800\" \/>\n\t\t<meta property=\"og:image:height\" content=\"533\" \/>\n\t\t<meta property=\"article:published_time\" content=\"2016-06-16T20:49:19+00:00\" \/>\n\t\t<meta property=\"article:modified_time\" content=\"2016-06-16T20:49:49+00:00\" \/>\n\t\t<meta property=\"article:publisher\" content=\"https:\/\/www.facebook.com\/Nachofdezber\" \/>\n\t\t<meta property=\"article:author\" content=\"https:\/\/www.facebook.com\/carrenoactualidad\" \/>\n\t\t<meta name=\"twitter:card\" content=\"summary_large_image\" \/>\n\t\t<meta name=\"twitter:site\" content=\"@NabercoDigital\" \/>\n\t\t<meta name=\"twitter:title\" content=\"Los alquileres en las zonas de costa protagonizan las mayores subidas de precio | Cand\u00e1s 365\" \/>\n\t\t<meta name=\"twitter:description\" content=\"Las provincias espa\u00f1olas que tienen costa est\u00e1n protagonizando los mayores incrementos interanuales en el precio de la vivienda en alquiler, seg\u00fan los \u00faltimos datos del \u00cdndice Inmobiliario de mayo realizado por el portal inmobiliario fotocasa. De hecho, en las 15 provincias en las que m\u00e1s sube el precio interanual del alquiler, 13 de ellas cuentan\" \/>\n\t\t<meta name=\"twitter:creator\" content=\"@nbasturias\" \/>\n\t\t<meta name=\"twitter:image\" content=\"https:\/\/candas365.es\/noticias\/wp-content\/uploads\/2016\/06\/fotonoticia_20160616114043_800.jpg\" \/>\n\t\t<meta name=\"twitter:label1\" content=\"Escrito por\" \/>\n\t\t<meta name=\"twitter:data1\" content=\"Cand\u00e1s 365\" \/>\n\t\t<meta name=\"twitter:label2\" content=\"Tiempo de lectura estimado\" \/>\n\t\t<meta name=\"twitter:data2\" content=\"1 minuto\" \/>\n\t\t<script type=\"application\/ld+json\" class=\"aioseo-schema\">\n\t\t\t{\"@context\":\"https:\\\/\\\/schema.org\",\"@graph\":[{\"@type\":\"BreadcrumbList\",\"@id\":\"https:\\\/\\\/candas365.es\\\/noticias\\\/los-alquileres-en-las-zonas-de-costa-protagonizan-las-mayores-subidas-de-precio\\\/#breadcrumblist\",\"itemListElement\":[{\"@type\":\"ListItem\",\"@id\":\"https:\\\/\\\/candas365.es\\\/noticias#listItem\",\"position\":1,\"name\":\"Home\",\"item\":\"https:\\\/\\\/candas365.es\\\/noticias\",\"nextItem\":{\"@type\":\"ListItem\",\"@id\":\"https:\\\/\\\/candas365.es\\\/noticias\\\/category\\\/actualidad\\\/#listItem\",\"name\":\"Actualidad\"}},{\"@type\":\"ListItem\",\"@id\":\"https:\\\/\\\/candas365.es\\\/noticias\\\/category\\\/actualidad\\\/#listItem\",\"position\":2,\"name\":\"Actualidad\",\"item\":\"https:\\\/\\\/candas365.es\\\/noticias\\\/category\\\/actualidad\\\/\",\"nextItem\":{\"@type\":\"ListItem\",\"@id\":\"https:\\\/\\\/candas365.es\\\/noticias\\\/los-alquileres-en-las-zonas-de-costa-protagonizan-las-mayores-subidas-de-precio\\\/#listItem\",\"name\":\"Los alquileres en las zonas de costa protagonizan las mayores subidas de precio\"},\"previousItem\":{\"@type\":\"ListItem\",\"@id\":\"https:\\\/\\\/candas365.es\\\/noticias#listItem\",\"name\":\"Home\"}},{\"@type\":\"ListItem\",\"@id\":\"https:\\\/\\\/candas365.es\\\/noticias\\\/los-alquileres-en-las-zonas-de-costa-protagonizan-las-mayores-subidas-de-precio\\\/#listItem\",\"position\":3,\"name\":\"Los alquileres en las zonas de costa protagonizan las mayores subidas de precio\",\"previousItem\":{\"@type\":\"ListItem\",\"@id\":\"https:\\\/\\\/candas365.es\\\/noticias\\\/category\\\/actualidad\\\/#listItem\",\"name\":\"Actualidad\"}}]},{\"@type\":\"NewsArticle\",\"@id\":\"https:\\\/\\\/candas365.es\\\/noticias\\\/los-alquileres-en-las-zonas-de-costa-protagonizan-las-mayores-subidas-de-precio\\\/#newsarticle\",\"name\":\"Los alquileres en las zonas de costa protagonizan las mayores subidas de precio | Cand\\u00e1s 365\",\"headline\":\"Los alquileres en las zonas de costa protagonizan las mayores subidas de precio\",\"author\":{\"@id\":\"https:\\\/\\\/candas365.es\\\/noticias\\\/author\\\/admin\\\/#author\"},\"publisher\":{\"@id\":\"https:\\\/\\\/candas365.es\\\/noticias\\\/#organization\"},\"image\":{\"@type\":\"ImageObject\",\"url\":\"https:\\\/\\\/candas365.es\\\/noticias\\\/wp-content\\\/uploads\\\/2016\\\/06\\\/fotonoticia_20160616114043_800.jpg\",\"width\":800,\"height\":533},\"datePublished\":\"2016-06-16T22:19:19+02:00\",\"dateModified\":\"2016-06-16T22:19:49+02:00\",\"inLanguage\":\"es-ES\",\"mainEntityOfPage\":{\"@id\":\"https:\\\/\\\/candas365.es\\\/noticias\\\/los-alquileres-en-las-zonas-de-costa-protagonizan-las-mayores-subidas-de-precio\\\/#webpage\"},\"isPartOf\":{\"@id\":\"https:\\\/\\\/candas365.es\\\/noticias\\\/los-alquileres-en-las-zonas-de-costa-protagonizan-las-mayores-subidas-de-precio\\\/#webpage\"},\"articleSection\":\"Actualidad\",\"dateline\":\"Publicado el junio 16, 2016.\"},{\"@type\":\"Organization\",\"@id\":\"https:\\\/\\\/candas365.es\\\/noticias\\\/#organization\",\"name\":\"Cand\\u00e1s 365\",\"description\":\"Cand\\u00e1s 365 es un diario digital independiente, fundado en 2012, con base en Asturias. Informamos con rigor sobre actualidad, sociedad, cultura y ocio, con una mirada local y global.\",\"url\":\"https:\\\/\\\/candas365.es\\\/noticias\\\/\",\"email\":\"info@candas365.es\",\"telephone\":\"+34652131393\",\"foundingDate\":\"2012-06-10\",\"logo\":{\"@type\":\"ImageObject\",\"url\":\"https:\\\/\\\/candas365.es\\\/noticias\\\/wp-content\\\/uploads\\\/2024\\\/09\\\/Candas-365-Redes.jpg\",\"@id\":\"https:\\\/\\\/candas365.es\\\/noticias\\\/los-alquileres-en-las-zonas-de-costa-protagonizan-las-mayores-subidas-de-precio\\\/#organizationLogo\",\"width\":1152,\"height\":864,\"caption\":\"Cand\\u00e1s 365 Redes\"},\"image\":{\"@id\":\"https:\\\/\\\/candas365.es\\\/noticias\\\/los-alquileres-en-las-zonas-de-costa-protagonizan-las-mayores-subidas-de-precio\\\/#organizationLogo\"},\"sameAs\":[\"https:\\\/\\\/www.facebook.com\\\/Nachofdezber\",\"https:\\\/\\\/x.com\\\/NabercoDigital\",\"https:\\\/\\\/www.instagram.com\\\/nachofdezber\\\/\",\"https:\\\/\\\/www.youtube.com\\\/channel\\\/UCZP-2wLEB9Rv6erhFmqVnvg\"],\"address\":{\"@id\":\"https:\\\/\\\/candas365.es\\\/noticias\\\/#postaladdress\",\"@type\":\"PostalAddress\",\"streetAddress\":\"san antonio 4, san antonio 4\",\"postalCode\":\"33430\",\"addressLocality\":\"Cand\\u00e1s\",\"addressRegion\":\"Asturias\",\"addressCountry\":\"ES\"}},{\"@type\":\"Person\",\"@id\":\"https:\\\/\\\/candas365.es\\\/noticias\\\/author\\\/admin\\\/#author\",\"url\":\"https:\\\/\\\/candas365.es\\\/noticias\\\/author\\\/admin\\\/\",\"name\":\"Cand\\u00e1s 365\",\"image\":{\"@type\":\"ImageObject\",\"@id\":\"https:\\\/\\\/candas365.es\\\/noticias\\\/los-alquileres-en-las-zonas-de-costa-protagonizan-las-mayores-subidas-de-precio\\\/#authorImage\",\"url\":\"https:\\\/\\\/secure.gravatar.com\\\/avatar\\\/496a8e03d0c493ede1718b7934145dbdf8d89be1036b0eec9544e1094c9de390?s=96&d=mm&r=g\",\"width\":96,\"height\":96,\"caption\":\"Cand\\u00e1s 365\"},\"sameAs\":[\"https:\\\/\\\/www.facebook.com\\\/carrenoactualidad\",\"https:\\\/\\\/twitter.com\\\/nbasturias\",\"https:\\\/\\\/www.instagram.com\\\/nachofdezber\\\/\",\"https:\\\/\\\/www.youtube.com\\\/channel\\\/UCZP-2wLEB9Rv6erhFmqVnvg\"]},{\"@type\":\"WebPage\",\"@id\":\"https:\\\/\\\/candas365.es\\\/noticias\\\/los-alquileres-en-las-zonas-de-costa-protagonizan-las-mayores-subidas-de-precio\\\/#webpage\",\"url\":\"https:\\\/\\\/candas365.es\\\/noticias\\\/los-alquileres-en-las-zonas-de-costa-protagonizan-las-mayores-subidas-de-precio\\\/\",\"name\":\"Los alquileres en las zonas de costa protagonizan las mayores subidas de precio | Cand\\u00e1s 365\",\"description\":\"Las provincias espa\\u00f1olas que tienen costa est\\u00e1n protagonizando los mayores incrementos interanuales en el precio de la vivienda en alquiler, seg\\u00fan los \\u00faltimos datos del \\u00cdndice Inmobiliario de mayo realizado por el portal inmobiliario fotocasa. De hecho, en las 15 provincias en las que m\\u00e1s sube el precio interanual del alquiler, 13 de ellas cuentan\",\"inLanguage\":\"es-ES\",\"isPartOf\":{\"@id\":\"https:\\\/\\\/candas365.es\\\/noticias\\\/#website\"},\"breadcrumb\":{\"@id\":\"https:\\\/\\\/candas365.es\\\/noticias\\\/los-alquileres-en-las-zonas-de-costa-protagonizan-las-mayores-subidas-de-precio\\\/#breadcrumblist\"},\"author\":{\"@id\":\"https:\\\/\\\/candas365.es\\\/noticias\\\/author\\\/admin\\\/#author\"},\"creator\":{\"@id\":\"https:\\\/\\\/candas365.es\\\/noticias\\\/author\\\/admin\\\/#author\"},\"image\":{\"@type\":\"ImageObject\",\"url\":\"https:\\\/\\\/candas365.es\\\/noticias\\\/wp-content\\\/uploads\\\/2016\\\/06\\\/fotonoticia_20160616114043_800.jpg\",\"@id\":\"https:\\\/\\\/candas365.es\\\/noticias\\\/los-alquileres-en-las-zonas-de-costa-protagonizan-las-mayores-subidas-de-precio\\\/#mainImage\",\"width\":800,\"height\":533},\"primaryImageOfPage\":{\"@id\":\"https:\\\/\\\/candas365.es\\\/noticias\\\/los-alquileres-en-las-zonas-de-costa-protagonizan-las-mayores-subidas-de-precio\\\/#mainImage\"},\"datePublished\":\"2016-06-16T22:19:19+02:00\",\"dateModified\":\"2016-06-16T22:19:49+02:00\"},{\"@type\":\"WebSite\",\"@id\":\"https:\\\/\\\/candas365.es\\\/noticias\\\/#website\",\"url\":\"https:\\\/\\\/candas365.es\\\/noticias\\\/\",\"name\":\"Cand\\u00e1s 365\",\"alternateName\":\"Cand\\u00e1s 365 Noticias\",\"description\":\"Actualidad desde Carre\\u00f1o para el mundo\",\"inLanguage\":\"es-ES\",\"publisher\":{\"@id\":\"https:\\\/\\\/candas365.es\\\/noticias\\\/#organization\"}}]}\n\t\t<\/script>\n\t\t<!-- All in One SEO Pro -->\r\n\t\t<title>Los alquileres en las zonas de costa protagonizan las mayores subidas de precio | Cand\u00e1s 365<\/title>\n\n","aioseo_head_json":{"title":"Los alquileres en las zonas de costa protagonizan las mayores subidas de precio | Cand\u00e1s 365","description":"Las provincias espa\u00f1olas que tienen costa est\u00e1n protagonizando los mayores incrementos interanuales en el precio de la vivienda en alquiler, seg\u00fan los \u00faltimos datos del \u00cdndice Inmobiliario de mayo realizado por el portal inmobiliario fotocasa. De hecho, en las 15 provincias en las que m\u00e1s sube el precio interanual del alquiler, 13 de ellas cuentan","canonical_url":"https:\/\/candas365.es\/noticias\/los-alquileres-en-las-zonas-de-costa-protagonizan-las-mayores-subidas-de-precio\/","robots":"max-image-preview:large","keywords":"actualidad","webmasterTools":{"google-site-verification":"UA-32230408-1","msvalidate.01":"354F3CDFB2DA171B47FBE9ABF1F88D5","miscellaneous":""},"schema":{"@context":"https:\/\/schema.org","@graph":[{"@type":"BreadcrumbList","@id":"https:\/\/candas365.es\/noticias\/los-alquileres-en-las-zonas-de-costa-protagonizan-las-mayores-subidas-de-precio\/#breadcrumblist","itemListElement":[{"@type":"ListItem","@id":"https:\/\/candas365.es\/noticias#listItem","position":1,"name":"Home","item":"https:\/\/candas365.es\/noticias","nextItem":{"@type":"ListItem","@id":"https:\/\/candas365.es\/noticias\/category\/actualidad\/#listItem","name":"Actualidad"}},{"@type":"ListItem","@id":"https:\/\/candas365.es\/noticias\/category\/actualidad\/#listItem","position":2,"name":"Actualidad","item":"https:\/\/candas365.es\/noticias\/category\/actualidad\/","nextItem":{"@type":"ListItem","@id":"https:\/\/candas365.es\/noticias\/los-alquileres-en-las-zonas-de-costa-protagonizan-las-mayores-subidas-de-precio\/#listItem","name":"Los alquileres en las zonas de costa protagonizan las mayores subidas de precio"},"previousItem":{"@type":"ListItem","@id":"https:\/\/candas365.es\/noticias#listItem","name":"Home"}},{"@type":"ListItem","@id":"https:\/\/candas365.es\/noticias\/los-alquileres-en-las-zonas-de-costa-protagonizan-las-mayores-subidas-de-precio\/#listItem","position":3,"name":"Los alquileres en las zonas de costa protagonizan las mayores subidas de precio","previousItem":{"@type":"ListItem","@id":"https:\/\/candas365.es\/noticias\/category\/actualidad\/#listItem","name":"Actualidad"}}]},{"@type":"NewsArticle","@id":"https:\/\/candas365.es\/noticias\/los-alquileres-en-las-zonas-de-costa-protagonizan-las-mayores-subidas-de-precio\/#newsarticle","name":"Los alquileres en las zonas de costa protagonizan las mayores subidas de precio | Cand\u00e1s 365","headline":"Los alquileres en las zonas de costa protagonizan las mayores subidas de precio","author":{"@id":"https:\/\/candas365.es\/noticias\/author\/admin\/#author"},"publisher":{"@id":"https:\/\/candas365.es\/noticias\/#organization"},"image":{"@type":"ImageObject","url":"https:\/\/candas365.es\/noticias\/wp-content\/uploads\/2016\/06\/fotonoticia_20160616114043_800.jpg","width":800,"height":533},"datePublished":"2016-06-16T22:19:19+02:00","dateModified":"2016-06-16T22:19:49+02:00","inLanguage":"es-ES","mainEntityOfPage":{"@id":"https:\/\/candas365.es\/noticias\/los-alquileres-en-las-zonas-de-costa-protagonizan-las-mayores-subidas-de-precio\/#webpage"},"isPartOf":{"@id":"https:\/\/candas365.es\/noticias\/los-alquileres-en-las-zonas-de-costa-protagonizan-las-mayores-subidas-de-precio\/#webpage"},"articleSection":"Actualidad","dateline":"Publicado el junio 16, 2016."},{"@type":"Organization","@id":"https:\/\/candas365.es\/noticias\/#organization","name":"Cand\u00e1s 365","description":"Cand\u00e1s 365 es un diario digital independiente, fundado en 2012, con base en Asturias. Informamos con rigor sobre actualidad, sociedad, cultura y ocio, con una mirada local y global.","url":"https:\/\/candas365.es\/noticias\/","email":"info@candas365.es","telephone":"+34652131393","foundingDate":"2012-06-10","logo":{"@type":"ImageObject","url":"https:\/\/candas365.es\/noticias\/wp-content\/uploads\/2024\/09\/Candas-365-Redes.jpg","@id":"https:\/\/candas365.es\/noticias\/los-alquileres-en-las-zonas-de-costa-protagonizan-las-mayores-subidas-de-precio\/#organizationLogo","width":1152,"height":864,"caption":"Cand\u00e1s 365 Redes"},"image":{"@id":"https:\/\/candas365.es\/noticias\/los-alquileres-en-las-zonas-de-costa-protagonizan-las-mayores-subidas-de-precio\/#organizationLogo"},"sameAs":["https:\/\/www.facebook.com\/Nachofdezber","https:\/\/x.com\/NabercoDigital","https:\/\/www.instagram.com\/nachofdezber\/","https:\/\/www.youtube.com\/channel\/UCZP-2wLEB9Rv6erhFmqVnvg"],"address":{"@id":"https:\/\/candas365.es\/noticias\/#postaladdress","@type":"PostalAddress","streetAddress":"san antonio 4, san antonio 4","postalCode":"33430","addressLocality":"Cand\u00e1s","addressRegion":"Asturias","addressCountry":"ES"}},{"@type":"Person","@id":"https:\/\/candas365.es\/noticias\/author\/admin\/#author","url":"https:\/\/candas365.es\/noticias\/author\/admin\/","name":"Cand\u00e1s 365","image":{"@type":"ImageObject","@id":"https:\/\/candas365.es\/noticias\/los-alquileres-en-las-zonas-de-costa-protagonizan-las-mayores-subidas-de-precio\/#authorImage","url":"https:\/\/secure.gravatar.com\/avatar\/496a8e03d0c493ede1718b7934145dbdf8d89be1036b0eec9544e1094c9de390?s=96&d=mm&r=g","width":96,"height":96,"caption":"Cand\u00e1s 365"},"sameAs":["https:\/\/www.facebook.com\/carrenoactualidad","https:\/\/twitter.com\/nbasturias","https:\/\/www.instagram.com\/nachofdezber\/","https:\/\/www.youtube.com\/channel\/UCZP-2wLEB9Rv6erhFmqVnvg"]},{"@type":"WebPage","@id":"https:\/\/candas365.es\/noticias\/los-alquileres-en-las-zonas-de-costa-protagonizan-las-mayores-subidas-de-precio\/#webpage","url":"https:\/\/candas365.es\/noticias\/los-alquileres-en-las-zonas-de-costa-protagonizan-las-mayores-subidas-de-precio\/","name":"Los alquileres en las zonas de costa protagonizan las mayores subidas de precio | Cand\u00e1s 365","description":"Las provincias espa\u00f1olas que tienen costa est\u00e1n protagonizando los mayores incrementos interanuales en el precio de la vivienda en alquiler, seg\u00fan los \u00faltimos datos del \u00cdndice Inmobiliario de mayo realizado por el portal inmobiliario fotocasa. De hecho, en las 15 provincias en las que m\u00e1s sube el precio interanual del alquiler, 13 de ellas cuentan","inLanguage":"es-ES","isPartOf":{"@id":"https:\/\/candas365.es\/noticias\/#website"},"breadcrumb":{"@id":"https:\/\/candas365.es\/noticias\/los-alquileres-en-las-zonas-de-costa-protagonizan-las-mayores-subidas-de-precio\/#breadcrumblist"},"author":{"@id":"https:\/\/candas365.es\/noticias\/author\/admin\/#author"},"creator":{"@id":"https:\/\/candas365.es\/noticias\/author\/admin\/#author"},"image":{"@type":"ImageObject","url":"https:\/\/candas365.es\/noticias\/wp-content\/uploads\/2016\/06\/fotonoticia_20160616114043_800.jpg","@id":"https:\/\/candas365.es\/noticias\/los-alquileres-en-las-zonas-de-costa-protagonizan-las-mayores-subidas-de-precio\/#mainImage","width":800,"height":533},"primaryImageOfPage":{"@id":"https:\/\/candas365.es\/noticias\/los-alquileres-en-las-zonas-de-costa-protagonizan-las-mayores-subidas-de-precio\/#mainImage"},"datePublished":"2016-06-16T22:19:19+02:00","dateModified":"2016-06-16T22:19:49+02:00"},{"@type":"WebSite","@id":"https:\/\/candas365.es\/noticias\/#website","url":"https:\/\/candas365.es\/noticias\/","name":"Cand\u00e1s 365","alternateName":"Cand\u00e1s 365 Noticias","description":"Actualidad desde Carre\u00f1o para el mundo","inLanguage":"es-ES","publisher":{"@id":"https:\/\/candas365.es\/noticias\/#organization"}}]},"og:locale":"es_ES","og:site_name":"Cand\u00e1s 365","og:type":"article","og:title":"Los alquileres en las zonas de costa protagonizan las mayores subidas de precio | Cand\u00e1s 365","og:description":"Las provincias espa\u00f1olas que tienen costa est\u00e1n protagonizando los mayores incrementos interanuales en el precio de la vivienda en alquiler, seg\u00fan los \u00faltimos datos del \u00cdndice Inmobiliario de mayo realizado por el portal inmobiliario fotocasa. De hecho, en las 15 provincias en las que m\u00e1s sube el precio interanual del alquiler, 13 de ellas cuentan","og:url":"https:\/\/candas365.es\/noticias\/los-alquileres-en-las-zonas-de-costa-protagonizan-las-mayores-subidas-de-precio\/","og:image":"https:\/\/candas365.es\/noticias\/wp-content\/uploads\/2016\/06\/fotonoticia_20160616114043_800.jpg","og:image:secure_url":"https:\/\/candas365.es\/noticias\/wp-content\/uploads\/2016\/06\/fotonoticia_20160616114043_800.jpg","og:image:width":800,"og:image:height":533,"article:published_time":"2016-06-16T20:49:19+00:00","article:modified_time":"2016-06-16T20:49:49+00:00","article:publisher":"https:\/\/www.facebook.com\/Nachofdezber","article:author":"https:\/\/www.facebook.com\/carrenoactualidad","twitter:card":"summary_large_image","twitter:site":"@NabercoDigital","twitter:title":"Los alquileres en las zonas de costa protagonizan las mayores subidas de precio | Cand\u00e1s 365","twitter:description":"Las provincias espa\u00f1olas que tienen costa est\u00e1n protagonizando los mayores incrementos interanuales en el precio de la vivienda en alquiler, seg\u00fan los \u00faltimos datos del \u00cdndice Inmobiliario de mayo realizado por el portal inmobiliario fotocasa. De hecho, en las 15 provincias en las que m\u00e1s sube el precio interanual del alquiler, 13 de ellas cuentan","twitter:creator":"@nbasturias","twitter:image":"https:\/\/candas365.es\/noticias\/wp-content\/uploads\/2016\/06\/fotonoticia_20160616114043_800.jpg","twitter:label1":"Escrito por","twitter:data1":"Cand\u00e1s 365","twitter:label2":"Tiempo de lectura estimado","twitter:data2":"1 minuto"},"aioseo_meta_data":{"post_id":"30415","title":null,"description":null,"keywords":null,"keyphrases":null,"primary_term":null,"canonical_url":null,"og_title":null,"og_description":null,"og_object_type":"default","og_image_type":"default","og_image_url":null,"og_image_width":null,"og_image_height":null,"og_image_custom_url":null,"og_image_custom_fields":null,"og_video":null,"og_custom_url":null,"og_article_section":null,"og_article_tags":null,"twitter_use_og":false,"twitter_card":"default","twitter_image_type":"default","twitter_image_url":null,"twitter_image_custom_url":null,"twitter_image_custom_fields":null,"twitter_title":null,"twitter_description":null,"schema":{"blockGraphs":[],"customGraphs":[],"default":{"data":{"Article":[],"Course":[],"Dataset":[],"FAQPage":[],"Movie":[],"Person":[],"Product":[],"ProductReview":[],"Car":[],"Recipe":[],"Service":[],"SoftwareApplication":[],"WebPage":[]},"graphName":"","isEnabled":true},"graphs":[],"defaultGraph":"","defaultPostTypeGraph":""},"schema_type":null,"schema_type_options":null,"pillar_content":false,"robots_default":true,"robots_noindex":false,"robots_noarchive":false,"robots_nosnippet":false,"robots_nofollow":false,"robots_noimageindex":false,"robots_noodp":false,"robots_notranslate":false,"robots_max_snippet":null,"robots_max_videopreview":null,"robots_max_imagepreview":"large","priority":null,"frequency":null,"location":null,"local_seo":null,"seo_analyzer_scan_date":"2025-08-24 12:29:11","breadcrumb_settings":null,"limit_modified_date":false,"reviewed_by":null,"open_ai":null,"ai":null,"created":"2020-12-21 12:58:27","updated":"2025-08-24 12:29:12"},"aioseo_breadcrumb":"<div class=\"aioseo-breadcrumbs\"><span class=\"aioseo-breadcrumb\">\n\t<a href=\"https:\/\/candas365.es\/noticias\" title=\"Home\">Home<\/a>\n<\/span><span class=\"aioseo-breadcrumb-separator\">&ndash;<\/span><span class=\"aioseo-breadcrumb\">\n\t<a href=\"https:\/\/candas365.es\/noticias\/category\/actualidad\/\" title=\"Actualidad\">Actualidad<\/a>\n<\/span><span class=\"aioseo-breadcrumb-separator\">&ndash;<\/span><span class=\"aioseo-breadcrumb\">\n\tLos alquileres en las zonas de costa protagonizan las mayores subidas de precio\n<\/span><\/div>","aioseo_breadcrumb_json":[{"label":"Home","link":"https:\/\/candas365.es\/noticias"},{"label":"Actualidad","link":"https:\/\/candas365.es\/noticias\/category\/actualidad\/"},{"label":"Los alquileres en las zonas de costa protagonizan las mayores subidas de precio","link":"https:\/\/candas365.es\/noticias\/los-alquileres-en-las-zonas-de-costa-protagonizan-las-mayores-subidas-de-precio\/"}],"_links":{"self":[{"href":"https:\/\/candas365.es\/noticias\/wp-json\/wp\/v2\/posts\/30415","targetHints":{"allow":["GET"]}}],"collection":[{"href":"https:\/\/candas365.es\/noticias\/wp-json\/wp\/v2\/posts"}],"about":[{"href":"https:\/\/candas365.es\/noticias\/wp-json\/wp\/v2\/types\/post"}],"author":[{"embeddable":true,"href":"https:\/\/candas365.es\/noticias\/wp-json\/wp\/v2\/users\/1"}],"replies":[{"embeddable":true,"href":"https:\/\/candas365.es\/noticias\/wp-json\/wp\/v2\/comments?post=30415"}],"version-history":[{"count":0,"href":"https:\/\/candas365.es\/noticias\/wp-json\/wp\/v2\/posts\/30415\/revisions"}],"wp:featuredmedia":[{"embeddable":true,"href":"https:\/\/candas365.es\/noticias\/wp-json\/wp\/v2\/media\/30416"}],"wp:attachment":[{"href":"https:\/\/candas365.es\/noticias\/wp-json\/wp\/v2\/media?parent=30415"}],"wp:term":[{"taxonomy":"category","embeddable":true,"href":"https:\/\/candas365.es\/noticias\/wp-json\/wp\/v2\/categories?post=30415"},{"taxonomy":"post_tag","embeddable":true,"href":"https:\/\/candas365.es\/noticias\/wp-json\/wp\/v2\/tags?post=30415"}],"curies":[{"name":"wp","href":"https:\/\/api.w.org\/{rel}","templated":true}]}}