{"id":30395,"date":"2016-06-16T05:43:40","date_gmt":"2016-06-16T04:13:40","guid":{"rendered":"http:\/\/candas365.es\/noticias\/?p=30395"},"modified":"2016-06-16T05:43:40","modified_gmt":"2016-06-16T04:13:40","slug":"acom-cierra-filas-y-defiende-la-firma-del-acuerdo-en-defensa-de-la-mineria","status":"publish","type":"post","link":"https:\/\/candas365.es\/noticias\/acom-cierra-filas-y-defiende-la-firma-del-acuerdo-en-defensa-de-la-mineria\/","title":{"rendered":"ACOM cierra filas y defiende la firma del acuerdo en defensa de la miner\u00eda"},"content":{"rendered":"<p><img fetchpriority=\"high\" decoding=\"async\" class=\"alignleft size-medium wp-image-30396\" src=\"https:\/\/candas365.es\/noticias\/wp-content\/uploads\/2016\/06\/fotonoticia_20160615141042_800-360x270.jpg\" alt=\"fotonoticia_20160615141042_800\" width=\"360\" height=\"270\" srcset=\"https:\/\/candas365.es\/noticias\/wp-content\/uploads\/2016\/06\/fotonoticia_20160615141042_800-360x270.jpg 360w, https:\/\/candas365.es\/noticias\/wp-content\/uploads\/2016\/06\/fotonoticia_20160615141042_800-640x480.jpg 640w, https:\/\/candas365.es\/noticias\/wp-content\/uploads\/2016\/06\/fotonoticia_20160615141042_800-768x576.jpg 768w, https:\/\/candas365.es\/noticias\/wp-content\/uploads\/2016\/06\/fotonoticia_20160615141042_800-150x113.jpg 150w, https:\/\/candas365.es\/noticias\/wp-content\/uploads\/2016\/06\/fotonoticia_20160615141042_800-450x338.jpg 450w, https:\/\/candas365.es\/noticias\/wp-content\/uploads\/2016\/06\/fotonoticia_20160615141042_800-80x60.jpg 80w, https:\/\/candas365.es\/noticias\/wp-content\/uploads\/2016\/06\/fotonoticia_20160615141042_800-265x198.jpg 265w, https:\/\/candas365.es\/noticias\/wp-content\/uploads\/2016\/06\/fotonoticia_20160615141042_800-696x522.jpg 696w, https:\/\/candas365.es\/noticias\/wp-content\/uploads\/2016\/06\/fotonoticia_20160615141042_800-560x420.jpg 560w, https:\/\/candas365.es\/noticias\/wp-content\/uploads\/2016\/06\/fotonoticia_20160615141042_800-90x67.jpg 90w, https:\/\/candas365.es\/noticias\/wp-content\/uploads\/2016\/06\/fotonoticia_20160615141042_800.jpg 800w\" sizes=\"(max-width: 360px) 100vw, 360px\" \/>El presidente de la Asociaci\u00f3n de Comarcas Mineras (ACOM Espa\u00f1a), Adri\u00e1n Barb\u00f3n, ha cerrado filas este mi\u00e9rcoles en torno a la firma del Acuerdo en Defensa de la Miner\u00eda del Carb\u00f3n y las Comarcas Mineras tras la disputa originada al rechazar IU firmarlo.<\/p>\n<p>En una rueda de prensa posterior a la reuni\u00f3n extraordinaria de la Comisi\u00f3n Permanente de ACOM, Barb\u00f3n ha ratificado la voluntad de los ayuntamientos miembros de la Asociaci\u00f3n, asegurando que la firma fue respaldada por todos los municipios ya en mayo.<\/p>\n<p>Sobre las fuerzas pol\u00edticas que no han firmado, el l\u00edder de ACOM ha asegurado que ser\u00e1n los partidos quienes tengan que justificar por qu\u00e9 no se ha firmado.<\/p>\n<p>PIDE CLARIDAD RESPECTO A LOS 40 MILLONES EN AYUDAS<\/p>\n<p>Por otro lado, la Comisi\u00f3n Permanente ha tratado con escepticismo las ayudas autorizadas por el Consejo de Ministros de 40 millones de euros para proyectos en las comarcas mineras. De esta decisi\u00f3n Barb\u00f3n ha asegurado que no tiene \u00abmucha idea\u00bb de lo que busca el Gobierno de Espa\u00f1a, \u00abm\u00e1s all\u00e1 de ense\u00f1ar la patita de vez en cuando\u00bb cuando llegan elecciones.<\/p>\n<p>Pide al Gobierno que \u00abno haga chapuzas\u00bb y establezca criterios objetivos para aportar estas ayudas pactados con los sindicatos, la patronal minera y los ayuntamientos mineros.<\/p>\n<p>Frente a esta propuesta del Ejecutivo, Barb\u00f3n ha defendido la creaci\u00f3n de un \u00abc\u00e9ntimo verde\u00bb como la \u00abmejor soluci\u00f3n\u00bb para ayudar a abaratar los costes.<\/p>\n<p>APOYO A LOS MINEROS ENCERRADOS EN LE\u00d3N<\/p>\n<p>Barb\u00f3n se ha referido al inicio de su intervenci\u00f3n a los cuatro mineros que permanecen encerrados en la mina de Santa Luc\u00eda en Le\u00f3n, expresando su \u00absolidaridad\u00bb ante la \u00absituaci\u00f3n dram\u00e1tica\u00bb que est\u00e1n viviendo.<\/p>\n<p>Con los mineros encerrados, ha reclamado al Gobierno que \u00abayude\u00bb a la administraci\u00f3n concursal de la mina para llevar el cierre \u00abde la mejor manera posible\u00bb para dar soluci\u00f3n a los mineros afectados.<\/p>\n","protected":false},"excerpt":{"rendered":"<p>El presidente de la Asociaci\u00f3n de Comarcas Mineras (ACOM Espa\u00f1a), Adri\u00e1n Barb\u00f3n, ha cerrado filas este mi\u00e9rcoles en torno a la firma del Acuerdo en Defensa de la Miner\u00eda del Carb\u00f3n y las Comarcas Mineras tras la disputa originada al rechazar IU firmarlo. En una rueda de prensa posterior a la reuni\u00f3n extraordinaria de la<\/p>\n","protected":false},"author":1,"featured_media":30396,"comment_status":"closed","ping_status":"closed","sticky":false,"template":"","format":"standard","meta":{"footnotes":""},"categories":[343],"tags":[],"class_list":{"0":"post-30395","1":"post","2":"type-post","3":"status-publish","4":"format-standard","5":"has-post-thumbnail","7":"category-actualidad"},"aioseo_notices":[],"aioseo_head":"\n\t\t<!-- All in One SEO Pro 4.9.6.2 - aioseo.com -->\n\t<meta name=\"description\" content=\"El presidente de la Asociaci\u00f3n de Comarcas Mineras (ACOM Espa\u00f1a), Adri\u00e1n Barb\u00f3n, ha cerrado filas este mi\u00e9rcoles en torno a la firma del Acuerdo en Defensa de la Miner\u00eda del Carb\u00f3n y las Comarcas Mineras tras la disputa originada al rechazar IU firmarlo. En una rueda de prensa posterior a la reuni\u00f3n extraordinaria de la\" \/>\n\t<meta name=\"robots\" content=\"max-image-preview:large\" \/>\n\t<meta name=\"author\" content=\"Cand\u00e1s 365\"\/>\n\t<meta name=\"google-site-verification\" content=\"UA-32230408-1\" \/>\n\t<meta name=\"msvalidate.01\" content=\"354F3CDFB2DA171B47FBE9ABF1F88D5\" \/>\n\t<meta name=\"keywords\" content=\"actualidad\" \/>\n\t<link rel=\"canonical\" href=\"https:\/\/candas365.es\/noticias\/acom-cierra-filas-y-defiende-la-firma-del-acuerdo-en-defensa-de-la-mineria\/\" \/>\n\t<meta name=\"generator\" content=\"All in One SEO Pro (AIOSEO) 4.9.6.2\" \/>\n\t\t<meta property=\"og:locale\" content=\"es_ES\" \/>\n\t\t<meta property=\"og:site_name\" content=\"Cand\u00e1s 365\" \/>\n\t\t<meta property=\"og:type\" content=\"article\" \/>\n\t\t<meta property=\"og:title\" content=\"ACOM cierra filas y defiende la firma del acuerdo en defensa de la miner\u00eda | Cand\u00e1s 365\" \/>\n\t\t<meta property=\"og:description\" content=\"El presidente de la Asociaci\u00f3n de Comarcas Mineras (ACOM Espa\u00f1a), Adri\u00e1n Barb\u00f3n, ha cerrado filas este mi\u00e9rcoles en torno a la firma del Acuerdo en Defensa de la Miner\u00eda del Carb\u00f3n y las Comarcas Mineras tras la disputa originada al rechazar IU firmarlo. En una rueda de prensa posterior a la reuni\u00f3n extraordinaria de la\" \/>\n\t\t<meta property=\"og:url\" content=\"https:\/\/candas365.es\/noticias\/acom-cierra-filas-y-defiende-la-firma-del-acuerdo-en-defensa-de-la-mineria\/\" \/>\n\t\t<meta property=\"og:image\" content=\"https:\/\/candas365.es\/noticias\/wp-content\/uploads\/2016\/06\/fotonoticia_20160615141042_800.jpg\" \/>\n\t\t<meta property=\"og:image:secure_url\" content=\"https:\/\/candas365.es\/noticias\/wp-content\/uploads\/2016\/06\/fotonoticia_20160615141042_800.jpg\" \/>\n\t\t<meta property=\"og:image:width\" content=\"800\" \/>\n\t\t<meta property=\"og:image:height\" content=\"600\" \/>\n\t\t<meta property=\"article:published_time\" content=\"2016-06-16T04:13:40+00:00\" \/>\n\t\t<meta property=\"article:modified_time\" content=\"2016-06-16T04:13:40+00:00\" \/>\n\t\t<meta property=\"article:publisher\" content=\"https:\/\/www.facebook.com\/Nachofdezber\" \/>\n\t\t<meta property=\"article:author\" content=\"https:\/\/www.facebook.com\/carrenoactualidad\" \/>\n\t\t<meta name=\"twitter:card\" content=\"summary_large_image\" \/>\n\t\t<meta name=\"twitter:site\" content=\"@NabercoDigital\" \/>\n\t\t<meta name=\"twitter:title\" content=\"ACOM cierra filas y defiende la firma del acuerdo en defensa de la miner\u00eda | Cand\u00e1s 365\" \/>\n\t\t<meta name=\"twitter:description\" content=\"El presidente de la Asociaci\u00f3n de Comarcas Mineras (ACOM Espa\u00f1a), Adri\u00e1n Barb\u00f3n, ha cerrado filas este mi\u00e9rcoles en torno a la firma del Acuerdo en Defensa de la Miner\u00eda del Carb\u00f3n y las Comarcas Mineras tras la disputa originada al rechazar IU firmarlo. En una rueda de prensa posterior a la reuni\u00f3n extraordinaria de la\" \/>\n\t\t<meta name=\"twitter:creator\" content=\"@nbasturias\" \/>\n\t\t<meta name=\"twitter:image\" content=\"https:\/\/candas365.es\/noticias\/wp-content\/uploads\/2016\/06\/fotonoticia_20160615141042_800.jpg\" \/>\n\t\t<meta name=\"twitter:label1\" content=\"Escrito por\" \/>\n\t\t<meta name=\"twitter:data1\" content=\"Cand\u00e1s 365\" \/>\n\t\t<meta name=\"twitter:label2\" content=\"Tiempo de lectura estimado\" \/>\n\t\t<meta name=\"twitter:data2\" content=\"2 minutos\" \/>\n\t\t<script type=\"application\/ld+json\" class=\"aioseo-schema\">\n\t\t\t{\"@context\":\"https:\\\/\\\/schema.org\",\"@graph\":[{\"@type\":\"BreadcrumbList\",\"@id\":\"https:\\\/\\\/candas365.es\\\/noticias\\\/acom-cierra-filas-y-defiende-la-firma-del-acuerdo-en-defensa-de-la-mineria\\\/#breadcrumblist\",\"itemListElement\":[{\"@type\":\"ListItem\",\"@id\":\"https:\\\/\\\/candas365.es\\\/noticias#listItem\",\"position\":1,\"name\":\"Home\",\"item\":\"https:\\\/\\\/candas365.es\\\/noticias\",\"nextItem\":{\"@type\":\"ListItem\",\"@id\":\"https:\\\/\\\/candas365.es\\\/noticias\\\/category\\\/actualidad\\\/#listItem\",\"name\":\"Actualidad\"}},{\"@type\":\"ListItem\",\"@id\":\"https:\\\/\\\/candas365.es\\\/noticias\\\/category\\\/actualidad\\\/#listItem\",\"position\":2,\"name\":\"Actualidad\",\"item\":\"https:\\\/\\\/candas365.es\\\/noticias\\\/category\\\/actualidad\\\/\",\"nextItem\":{\"@type\":\"ListItem\",\"@id\":\"https:\\\/\\\/candas365.es\\\/noticias\\\/acom-cierra-filas-y-defiende-la-firma-del-acuerdo-en-defensa-de-la-mineria\\\/#listItem\",\"name\":\"ACOM cierra filas y defiende la firma del acuerdo en defensa de la miner\\u00eda\"},\"previousItem\":{\"@type\":\"ListItem\",\"@id\":\"https:\\\/\\\/candas365.es\\\/noticias#listItem\",\"name\":\"Home\"}},{\"@type\":\"ListItem\",\"@id\":\"https:\\\/\\\/candas365.es\\\/noticias\\\/acom-cierra-filas-y-defiende-la-firma-del-acuerdo-en-defensa-de-la-mineria\\\/#listItem\",\"position\":3,\"name\":\"ACOM cierra filas y defiende la firma del acuerdo en defensa de la miner\\u00eda\",\"previousItem\":{\"@type\":\"ListItem\",\"@id\":\"https:\\\/\\\/candas365.es\\\/noticias\\\/category\\\/actualidad\\\/#listItem\",\"name\":\"Actualidad\"}}]},{\"@type\":\"NewsArticle\",\"@id\":\"https:\\\/\\\/candas365.es\\\/noticias\\\/acom-cierra-filas-y-defiende-la-firma-del-acuerdo-en-defensa-de-la-mineria\\\/#newsarticle\",\"name\":\"ACOM cierra filas y defiende la firma del acuerdo en defensa de la miner\\u00eda | Cand\\u00e1s 365\",\"headline\":\"ACOM cierra filas y defiende la firma del acuerdo en defensa de la miner\\u00eda\",\"author\":{\"@id\":\"https:\\\/\\\/candas365.es\\\/noticias\\\/author\\\/admin\\\/#author\"},\"publisher\":{\"@id\":\"https:\\\/\\\/candas365.es\\\/noticias\\\/#organization\"},\"image\":{\"@type\":\"ImageObject\",\"url\":\"https:\\\/\\\/candas365.es\\\/noticias\\\/wp-content\\\/uploads\\\/2016\\\/06\\\/fotonoticia_20160615141042_800.jpg\",\"width\":800,\"height\":600},\"datePublished\":\"2016-06-16T05:43:40+02:00\",\"dateModified\":\"2016-06-16T05:43:40+02:00\",\"inLanguage\":\"es-ES\",\"mainEntityOfPage\":{\"@id\":\"https:\\\/\\\/candas365.es\\\/noticias\\\/acom-cierra-filas-y-defiende-la-firma-del-acuerdo-en-defensa-de-la-mineria\\\/#webpage\"},\"isPartOf\":{\"@id\":\"https:\\\/\\\/candas365.es\\\/noticias\\\/acom-cierra-filas-y-defiende-la-firma-del-acuerdo-en-defensa-de-la-mineria\\\/#webpage\"},\"articleSection\":\"Actualidad\",\"dateline\":\"Publicado el junio 16, 2016.\"},{\"@type\":\"Organization\",\"@id\":\"https:\\\/\\\/candas365.es\\\/noticias\\\/#organization\",\"name\":\"Cand\\u00e1s 365\",\"description\":\"Cand\\u00e1s 365 es un diario digital independiente, fundado en 2012, con base en Asturias. Informamos con rigor sobre actualidad, sociedad, cultura y ocio, con una mirada local y global.\",\"url\":\"https:\\\/\\\/candas365.es\\\/noticias\\\/\",\"email\":\"info@candas365.es\",\"telephone\":\"+34652131393\",\"foundingDate\":\"2012-06-10\",\"logo\":{\"@type\":\"ImageObject\",\"url\":\"https:\\\/\\\/candas365.es\\\/noticias\\\/wp-content\\\/uploads\\\/2024\\\/09\\\/Candas-365-Redes.jpg\",\"@id\":\"https:\\\/\\\/candas365.es\\\/noticias\\\/acom-cierra-filas-y-defiende-la-firma-del-acuerdo-en-defensa-de-la-mineria\\\/#organizationLogo\",\"width\":1152,\"height\":864,\"caption\":\"Cand\\u00e1s 365 Redes\"},\"image\":{\"@id\":\"https:\\\/\\\/candas365.es\\\/noticias\\\/acom-cierra-filas-y-defiende-la-firma-del-acuerdo-en-defensa-de-la-mineria\\\/#organizationLogo\"},\"sameAs\":[\"https:\\\/\\\/www.facebook.com\\\/Nachofdezber\",\"https:\\\/\\\/x.com\\\/NabercoDigital\",\"https:\\\/\\\/www.instagram.com\\\/nachofdezber\\\/\",\"https:\\\/\\\/www.youtube.com\\\/channel\\\/UCZP-2wLEB9Rv6erhFmqVnvg\"],\"address\":{\"@id\":\"https:\\\/\\\/candas365.es\\\/noticias\\\/#postaladdress\",\"@type\":\"PostalAddress\",\"streetAddress\":\"san antonio 4, san antonio 4\",\"postalCode\":\"33430\",\"addressLocality\":\"Cand\\u00e1s\",\"addressRegion\":\"Asturias\",\"addressCountry\":\"ES\"}},{\"@type\":\"Person\",\"@id\":\"https:\\\/\\\/candas365.es\\\/noticias\\\/author\\\/admin\\\/#author\",\"url\":\"https:\\\/\\\/candas365.es\\\/noticias\\\/author\\\/admin\\\/\",\"name\":\"Cand\\u00e1s 365\",\"image\":{\"@type\":\"ImageObject\",\"@id\":\"https:\\\/\\\/candas365.es\\\/noticias\\\/acom-cierra-filas-y-defiende-la-firma-del-acuerdo-en-defensa-de-la-mineria\\\/#authorImage\",\"url\":\"https:\\\/\\\/secure.gravatar.com\\\/avatar\\\/496a8e03d0c493ede1718b7934145dbdf8d89be1036b0eec9544e1094c9de390?s=96&d=mm&r=g\",\"width\":96,\"height\":96,\"caption\":\"Cand\\u00e1s 365\"},\"sameAs\":[\"https:\\\/\\\/www.facebook.com\\\/carrenoactualidad\",\"https:\\\/\\\/twitter.com\\\/nbasturias\",\"https:\\\/\\\/www.instagram.com\\\/nachofdezber\\\/\",\"https:\\\/\\\/www.youtube.com\\\/channel\\\/UCZP-2wLEB9Rv6erhFmqVnvg\"]},{\"@type\":\"WebPage\",\"@id\":\"https:\\\/\\\/candas365.es\\\/noticias\\\/acom-cierra-filas-y-defiende-la-firma-del-acuerdo-en-defensa-de-la-mineria\\\/#webpage\",\"url\":\"https:\\\/\\\/candas365.es\\\/noticias\\\/acom-cierra-filas-y-defiende-la-firma-del-acuerdo-en-defensa-de-la-mineria\\\/\",\"name\":\"ACOM cierra filas y defiende la firma del acuerdo en defensa de la miner\\u00eda | Cand\\u00e1s 365\",\"description\":\"El presidente de la Asociaci\\u00f3n de Comarcas Mineras (ACOM Espa\\u00f1a), Adri\\u00e1n Barb\\u00f3n, ha cerrado filas este mi\\u00e9rcoles en torno a la firma del Acuerdo en Defensa de la Miner\\u00eda del Carb\\u00f3n y las Comarcas Mineras tras la disputa originada al rechazar IU firmarlo. En una rueda de prensa posterior a la reuni\\u00f3n extraordinaria de la\",\"inLanguage\":\"es-ES\",\"isPartOf\":{\"@id\":\"https:\\\/\\\/candas365.es\\\/noticias\\\/#website\"},\"breadcrumb\":{\"@id\":\"https:\\\/\\\/candas365.es\\\/noticias\\\/acom-cierra-filas-y-defiende-la-firma-del-acuerdo-en-defensa-de-la-mineria\\\/#breadcrumblist\"},\"author\":{\"@id\":\"https:\\\/\\\/candas365.es\\\/noticias\\\/author\\\/admin\\\/#author\"},\"creator\":{\"@id\":\"https:\\\/\\\/candas365.es\\\/noticias\\\/author\\\/admin\\\/#author\"},\"image\":{\"@type\":\"ImageObject\",\"url\":\"https:\\\/\\\/candas365.es\\\/noticias\\\/wp-content\\\/uploads\\\/2016\\\/06\\\/fotonoticia_20160615141042_800.jpg\",\"@id\":\"https:\\\/\\\/candas365.es\\\/noticias\\\/acom-cierra-filas-y-defiende-la-firma-del-acuerdo-en-defensa-de-la-mineria\\\/#mainImage\",\"width\":800,\"height\":600},\"primaryImageOfPage\":{\"@id\":\"https:\\\/\\\/candas365.es\\\/noticias\\\/acom-cierra-filas-y-defiende-la-firma-del-acuerdo-en-defensa-de-la-mineria\\\/#mainImage\"},\"datePublished\":\"2016-06-16T05:43:40+02:00\",\"dateModified\":\"2016-06-16T05:43:40+02:00\"},{\"@type\":\"WebSite\",\"@id\":\"https:\\\/\\\/candas365.es\\\/noticias\\\/#website\",\"url\":\"https:\\\/\\\/candas365.es\\\/noticias\\\/\",\"name\":\"Cand\\u00e1s 365\",\"alternateName\":\"Cand\\u00e1s 365 Noticias\",\"description\":\"Actualidad desde Carre\\u00f1o para el mundo\",\"inLanguage\":\"es-ES\",\"publisher\":{\"@id\":\"https:\\\/\\\/candas365.es\\\/noticias\\\/#organization\"}}]}\n\t\t<\/script>\n\t\t<!-- All in One SEO Pro -->\r\n\t\t<title>ACOM cierra filas y defiende la firma del acuerdo en defensa de la miner\u00eda | Cand\u00e1s 365<\/title>\n\n","aioseo_head_json":{"title":"ACOM cierra filas y defiende la firma del acuerdo en defensa de la miner\u00eda | Cand\u00e1s 365","description":"El presidente de la Asociaci\u00f3n de Comarcas Mineras (ACOM Espa\u00f1a), Adri\u00e1n Barb\u00f3n, ha cerrado filas este mi\u00e9rcoles en torno a la firma del Acuerdo en Defensa de la Miner\u00eda del Carb\u00f3n y las Comarcas Mineras tras la disputa originada al rechazar IU firmarlo. En una rueda de prensa posterior a la reuni\u00f3n extraordinaria de la","canonical_url":"https:\/\/candas365.es\/noticias\/acom-cierra-filas-y-defiende-la-firma-del-acuerdo-en-defensa-de-la-mineria\/","robots":"max-image-preview:large","keywords":"actualidad","webmasterTools":{"google-site-verification":"UA-32230408-1","msvalidate.01":"354F3CDFB2DA171B47FBE9ABF1F88D5","miscellaneous":""},"schema":{"@context":"https:\/\/schema.org","@graph":[{"@type":"BreadcrumbList","@id":"https:\/\/candas365.es\/noticias\/acom-cierra-filas-y-defiende-la-firma-del-acuerdo-en-defensa-de-la-mineria\/#breadcrumblist","itemListElement":[{"@type":"ListItem","@id":"https:\/\/candas365.es\/noticias#listItem","position":1,"name":"Home","item":"https:\/\/candas365.es\/noticias","nextItem":{"@type":"ListItem","@id":"https:\/\/candas365.es\/noticias\/category\/actualidad\/#listItem","name":"Actualidad"}},{"@type":"ListItem","@id":"https:\/\/candas365.es\/noticias\/category\/actualidad\/#listItem","position":2,"name":"Actualidad","item":"https:\/\/candas365.es\/noticias\/category\/actualidad\/","nextItem":{"@type":"ListItem","@id":"https:\/\/candas365.es\/noticias\/acom-cierra-filas-y-defiende-la-firma-del-acuerdo-en-defensa-de-la-mineria\/#listItem","name":"ACOM cierra filas y defiende la firma del acuerdo en defensa de la miner\u00eda"},"previousItem":{"@type":"ListItem","@id":"https:\/\/candas365.es\/noticias#listItem","name":"Home"}},{"@type":"ListItem","@id":"https:\/\/candas365.es\/noticias\/acom-cierra-filas-y-defiende-la-firma-del-acuerdo-en-defensa-de-la-mineria\/#listItem","position":3,"name":"ACOM cierra filas y defiende la firma del acuerdo en defensa de la miner\u00eda","previousItem":{"@type":"ListItem","@id":"https:\/\/candas365.es\/noticias\/category\/actualidad\/#listItem","name":"Actualidad"}}]},{"@type":"NewsArticle","@id":"https:\/\/candas365.es\/noticias\/acom-cierra-filas-y-defiende-la-firma-del-acuerdo-en-defensa-de-la-mineria\/#newsarticle","name":"ACOM cierra filas y defiende la firma del acuerdo en defensa de la miner\u00eda | Cand\u00e1s 365","headline":"ACOM cierra filas y defiende la firma del acuerdo en defensa de la miner\u00eda","author":{"@id":"https:\/\/candas365.es\/noticias\/author\/admin\/#author"},"publisher":{"@id":"https:\/\/candas365.es\/noticias\/#organization"},"image":{"@type":"ImageObject","url":"https:\/\/candas365.es\/noticias\/wp-content\/uploads\/2016\/06\/fotonoticia_20160615141042_800.jpg","width":800,"height":600},"datePublished":"2016-06-16T05:43:40+02:00","dateModified":"2016-06-16T05:43:40+02:00","inLanguage":"es-ES","mainEntityOfPage":{"@id":"https:\/\/candas365.es\/noticias\/acom-cierra-filas-y-defiende-la-firma-del-acuerdo-en-defensa-de-la-mineria\/#webpage"},"isPartOf":{"@id":"https:\/\/candas365.es\/noticias\/acom-cierra-filas-y-defiende-la-firma-del-acuerdo-en-defensa-de-la-mineria\/#webpage"},"articleSection":"Actualidad","dateline":"Publicado el junio 16, 2016."},{"@type":"Organization","@id":"https:\/\/candas365.es\/noticias\/#organization","name":"Cand\u00e1s 365","description":"Cand\u00e1s 365 es un diario digital independiente, fundado en 2012, con base en Asturias. Informamos con rigor sobre actualidad, sociedad, cultura y ocio, con una mirada local y global.","url":"https:\/\/candas365.es\/noticias\/","email":"info@candas365.es","telephone":"+34652131393","foundingDate":"2012-06-10","logo":{"@type":"ImageObject","url":"https:\/\/candas365.es\/noticias\/wp-content\/uploads\/2024\/09\/Candas-365-Redes.jpg","@id":"https:\/\/candas365.es\/noticias\/acom-cierra-filas-y-defiende-la-firma-del-acuerdo-en-defensa-de-la-mineria\/#organizationLogo","width":1152,"height":864,"caption":"Cand\u00e1s 365 Redes"},"image":{"@id":"https:\/\/candas365.es\/noticias\/acom-cierra-filas-y-defiende-la-firma-del-acuerdo-en-defensa-de-la-mineria\/#organizationLogo"},"sameAs":["https:\/\/www.facebook.com\/Nachofdezber","https:\/\/x.com\/NabercoDigital","https:\/\/www.instagram.com\/nachofdezber\/","https:\/\/www.youtube.com\/channel\/UCZP-2wLEB9Rv6erhFmqVnvg"],"address":{"@id":"https:\/\/candas365.es\/noticias\/#postaladdress","@type":"PostalAddress","streetAddress":"san antonio 4, san antonio 4","postalCode":"33430","addressLocality":"Cand\u00e1s","addressRegion":"Asturias","addressCountry":"ES"}},{"@type":"Person","@id":"https:\/\/candas365.es\/noticias\/author\/admin\/#author","url":"https:\/\/candas365.es\/noticias\/author\/admin\/","name":"Cand\u00e1s 365","image":{"@type":"ImageObject","@id":"https:\/\/candas365.es\/noticias\/acom-cierra-filas-y-defiende-la-firma-del-acuerdo-en-defensa-de-la-mineria\/#authorImage","url":"https:\/\/secure.gravatar.com\/avatar\/496a8e03d0c493ede1718b7934145dbdf8d89be1036b0eec9544e1094c9de390?s=96&d=mm&r=g","width":96,"height":96,"caption":"Cand\u00e1s 365"},"sameAs":["https:\/\/www.facebook.com\/carrenoactualidad","https:\/\/twitter.com\/nbasturias","https:\/\/www.instagram.com\/nachofdezber\/","https:\/\/www.youtube.com\/channel\/UCZP-2wLEB9Rv6erhFmqVnvg"]},{"@type":"WebPage","@id":"https:\/\/candas365.es\/noticias\/acom-cierra-filas-y-defiende-la-firma-del-acuerdo-en-defensa-de-la-mineria\/#webpage","url":"https:\/\/candas365.es\/noticias\/acom-cierra-filas-y-defiende-la-firma-del-acuerdo-en-defensa-de-la-mineria\/","name":"ACOM cierra filas y defiende la firma del acuerdo en defensa de la miner\u00eda | Cand\u00e1s 365","description":"El presidente de la Asociaci\u00f3n de Comarcas Mineras (ACOM Espa\u00f1a), Adri\u00e1n Barb\u00f3n, ha cerrado filas este mi\u00e9rcoles en torno a la firma del Acuerdo en Defensa de la Miner\u00eda del Carb\u00f3n y las Comarcas Mineras tras la disputa originada al rechazar IU firmarlo. En una rueda de prensa posterior a la reuni\u00f3n extraordinaria de la","inLanguage":"es-ES","isPartOf":{"@id":"https:\/\/candas365.es\/noticias\/#website"},"breadcrumb":{"@id":"https:\/\/candas365.es\/noticias\/acom-cierra-filas-y-defiende-la-firma-del-acuerdo-en-defensa-de-la-mineria\/#breadcrumblist"},"author":{"@id":"https:\/\/candas365.es\/noticias\/author\/admin\/#author"},"creator":{"@id":"https:\/\/candas365.es\/noticias\/author\/admin\/#author"},"image":{"@type":"ImageObject","url":"https:\/\/candas365.es\/noticias\/wp-content\/uploads\/2016\/06\/fotonoticia_20160615141042_800.jpg","@id":"https:\/\/candas365.es\/noticias\/acom-cierra-filas-y-defiende-la-firma-del-acuerdo-en-defensa-de-la-mineria\/#mainImage","width":800,"height":600},"primaryImageOfPage":{"@id":"https:\/\/candas365.es\/noticias\/acom-cierra-filas-y-defiende-la-firma-del-acuerdo-en-defensa-de-la-mineria\/#mainImage"},"datePublished":"2016-06-16T05:43:40+02:00","dateModified":"2016-06-16T05:43:40+02:00"},{"@type":"WebSite","@id":"https:\/\/candas365.es\/noticias\/#website","url":"https:\/\/candas365.es\/noticias\/","name":"Cand\u00e1s 365","alternateName":"Cand\u00e1s 365 Noticias","description":"Actualidad desde Carre\u00f1o para el mundo","inLanguage":"es-ES","publisher":{"@id":"https:\/\/candas365.es\/noticias\/#organization"}}]},"og:locale":"es_ES","og:site_name":"Cand\u00e1s 365","og:type":"article","og:title":"ACOM cierra filas y defiende la firma del acuerdo en defensa de la miner\u00eda | Cand\u00e1s 365","og:description":"El presidente de la Asociaci\u00f3n de Comarcas Mineras (ACOM Espa\u00f1a), Adri\u00e1n Barb\u00f3n, ha cerrado filas este mi\u00e9rcoles en torno a la firma del Acuerdo en Defensa de la Miner\u00eda del Carb\u00f3n y las Comarcas Mineras tras la disputa originada al rechazar IU firmarlo. En una rueda de prensa posterior a la reuni\u00f3n extraordinaria de la","og:url":"https:\/\/candas365.es\/noticias\/acom-cierra-filas-y-defiende-la-firma-del-acuerdo-en-defensa-de-la-mineria\/","og:image":"https:\/\/candas365.es\/noticias\/wp-content\/uploads\/2016\/06\/fotonoticia_20160615141042_800.jpg","og:image:secure_url":"https:\/\/candas365.es\/noticias\/wp-content\/uploads\/2016\/06\/fotonoticia_20160615141042_800.jpg","og:image:width":800,"og:image:height":600,"article:published_time":"2016-06-16T04:13:40+00:00","article:modified_time":"2016-06-16T04:13:40+00:00","article:publisher":"https:\/\/www.facebook.com\/Nachofdezber","article:author":"https:\/\/www.facebook.com\/carrenoactualidad","twitter:card":"summary_large_image","twitter:site":"@NabercoDigital","twitter:title":"ACOM cierra filas y defiende la firma del acuerdo en defensa de la miner\u00eda | Cand\u00e1s 365","twitter:description":"El presidente de la Asociaci\u00f3n de Comarcas Mineras (ACOM Espa\u00f1a), Adri\u00e1n Barb\u00f3n, ha cerrado filas este mi\u00e9rcoles en torno a la firma del Acuerdo en Defensa de la Miner\u00eda del Carb\u00f3n y las Comarcas Mineras tras la disputa originada al rechazar IU firmarlo. En una rueda de prensa posterior a la reuni\u00f3n extraordinaria de la","twitter:creator":"@nbasturias","twitter:image":"https:\/\/candas365.es\/noticias\/wp-content\/uploads\/2016\/06\/fotonoticia_20160615141042_800.jpg","twitter:label1":"Escrito por","twitter:data1":"Cand\u00e1s 365","twitter:label2":"Tiempo de lectura estimado","twitter:data2":"2 minutos"},"aioseo_meta_data":{"post_id":"30395","title":null,"description":null,"keywords":null,"keyphrases":null,"primary_term":null,"canonical_url":null,"og_title":null,"og_description":null,"og_object_type":"default","og_image_type":"default","og_image_url":null,"og_image_width":null,"og_image_height":null,"og_image_custom_url":null,"og_image_custom_fields":null,"og_video":null,"og_custom_url":null,"og_article_section":null,"og_article_tags":null,"twitter_use_og":false,"twitter_card":"default","twitter_image_type":"default","twitter_image_url":null,"twitter_image_custom_url":null,"twitter_image_custom_fields":null,"twitter_title":null,"twitter_description":null,"schema":{"blockGraphs":[],"customGraphs":[],"default":{"data":{"Article":[],"Course":[],"Dataset":[],"FAQPage":[],"Movie":[],"Person":[],"Product":[],"ProductReview":[],"Car":[],"Recipe":[],"Service":[],"SoftwareApplication":[],"WebPage":[]},"graphName":"","isEnabled":true},"graphs":[]},"schema_type":null,"schema_type_options":null,"pillar_content":false,"robots_default":true,"robots_noindex":false,"robots_noarchive":false,"robots_nosnippet":false,"robots_nofollow":false,"robots_noimageindex":false,"robots_noodp":false,"robots_notranslate":false,"robots_max_snippet":null,"robots_max_videopreview":null,"robots_max_imagepreview":"large","priority":null,"frequency":null,"location":null,"local_seo":null,"seo_analyzer_scan_date":"2025-08-24 12:27:18","breadcrumb_settings":null,"limit_modified_date":false,"reviewed_by":null,"open_ai":null,"ai":null,"created":"2020-12-21 12:58:27","updated":"2025-08-24 12:27:18"},"aioseo_breadcrumb":"<div class=\"aioseo-breadcrumbs\"><span class=\"aioseo-breadcrumb\">\n\t<a href=\"https:\/\/candas365.es\/noticias\" title=\"Home\">Home<\/a>\n<\/span><span class=\"aioseo-breadcrumb-separator\">&ndash;<\/span><span class=\"aioseo-breadcrumb\">\n\t<a href=\"https:\/\/candas365.es\/noticias\/category\/actualidad\/\" title=\"Actualidad\">Actualidad<\/a>\n<\/span><span class=\"aioseo-breadcrumb-separator\">&ndash;<\/span><span class=\"aioseo-breadcrumb\">\n\tACOM cierra filas y defiende la firma del acuerdo en defensa de la miner\u00eda\n<\/span><\/div>","aioseo_breadcrumb_json":[{"label":"Home","link":"https:\/\/candas365.es\/noticias"},{"label":"Actualidad","link":"https:\/\/candas365.es\/noticias\/category\/actualidad\/"},{"label":"ACOM cierra filas y defiende la firma del acuerdo en defensa de la miner\u00eda","link":"https:\/\/candas365.es\/noticias\/acom-cierra-filas-y-defiende-la-firma-del-acuerdo-en-defensa-de-la-mineria\/"}],"_links":{"self":[{"href":"https:\/\/candas365.es\/noticias\/wp-json\/wp\/v2\/posts\/30395","targetHints":{"allow":["GET"]}}],"collection":[{"href":"https:\/\/candas365.es\/noticias\/wp-json\/wp\/v2\/posts"}],"about":[{"href":"https:\/\/candas365.es\/noticias\/wp-json\/wp\/v2\/types\/post"}],"author":[{"embeddable":true,"href":"https:\/\/candas365.es\/noticias\/wp-json\/wp\/v2\/users\/1"}],"replies":[{"embeddable":true,"href":"https:\/\/candas365.es\/noticias\/wp-json\/wp\/v2\/comments?post=30395"}],"version-history":[{"count":0,"href":"https:\/\/candas365.es\/noticias\/wp-json\/wp\/v2\/posts\/30395\/revisions"}],"wp:featuredmedia":[{"embeddable":true,"href":"https:\/\/candas365.es\/noticias\/wp-json\/wp\/v2\/media\/30396"}],"wp:attachment":[{"href":"https:\/\/candas365.es\/noticias\/wp-json\/wp\/v2\/media?parent=30395"}],"wp:term":[{"taxonomy":"category","embeddable":true,"href":"https:\/\/candas365.es\/noticias\/wp-json\/wp\/v2\/categories?post=30395"},{"taxonomy":"post_tag","embeddable":true,"href":"https:\/\/candas365.es\/noticias\/wp-json\/wp\/v2\/tags?post=30395"}],"curies":[{"name":"wp","href":"https:\/\/api.w.org\/{rel}","templated":true}]}}