{"id":30390,"date":"2016-06-16T05:41:05","date_gmt":"2016-06-16T04:11:05","guid":{"rendered":"http:\/\/candas365.es\/noticias\/?p=30390"},"modified":"2016-06-16T05:41:18","modified_gmt":"2016-06-16T04:11:18","slug":"dos-ovetenses-detenidos-por-blanquear-dinero-procedente-del-narcotrafico-en-cadiz","status":"publish","type":"post","link":"https:\/\/candas365.es\/noticias\/dos-ovetenses-detenidos-por-blanquear-dinero-procedente-del-narcotrafico-en-cadiz\/","title":{"rendered":"Dos ovetenses detenidos por blanquear dinero procedente del narcotr\u00e1fico en C\u00e1diz"},"content":{"rendered":"<p><img fetchpriority=\"high\" decoding=\"async\" class=\"alignleft size-medium wp-image-18235\" src=\"https:\/\/candas365.es\/noticias\/wp-content\/uploads\/2015\/10\/civil-360x198.jpg\" alt=\"civil\" width=\"360\" height=\"198\" srcset=\"https:\/\/candas365.es\/noticias\/wp-content\/uploads\/2015\/10\/civil-360x198.jpg 360w, https:\/\/candas365.es\/noticias\/wp-content\/uploads\/2015\/10\/civil-650x357.jpg 650w, https:\/\/candas365.es\/noticias\/wp-content\/uploads\/2015\/10\/civil-150x82.jpg 150w, https:\/\/candas365.es\/noticias\/wp-content\/uploads\/2015\/10\/civil-450x247.jpg 450w, https:\/\/candas365.es\/noticias\/wp-content\/uploads\/2015\/10\/civil.jpg 655w\" sizes=\"(max-width: 360px) 100vw, 360px\" \/>La Guardia Civil ha detenido a 9 personas por blanquear m\u00e1s de 2 millones de euros procedentes del narcotr\u00e1fico mediante la compra de bienes inmuebles, veh\u00edculos de lujo y productos financieros. Entre los ahora detenidos se encuentran uno de los cabecillas, ovetense, su esposa, y la esposa y la suegra del otro presunto cabecilla de la organizaci\u00f3n.<\/p>\n<p>La operaci\u00f3n, bautizada &#8216;Blanqueo volvi\u00f3&#8217;, se inici\u00f3 como consecuencia de la explotaci\u00f3n de la operaci\u00f3n &#8216;Volvi\u00f3&#8217;, en la que se investig\u00f3 a una red dedicada al tr\u00e1fico de drogas y que se sald\u00f3 con la detenci\u00f3n de 35 personas e imputaci\u00f3n de otra. Asimismo, se aprehendieron 3.150 kilos de hach\u00eds y 120 gramos de coca\u00edna, y se intervinieron 30 veh\u00edculos, 2 motos acu\u00e1ticas, 13 embarcaciones, 12 motores fueraborda y 127.000 euros en efectivo.<\/p>\n<p>Los agentes iniciaron una serie de pesquisas para detectar un presunto delito de blanqueo de capitales cometido por los miembros del grupo desmantelado y de varios de sus familiares, lo que ha dado lugar a esta nueva operaci\u00f3n.<\/p>\n<p>Las indagaciones llevadas a cabo por los guardias civiles determinaron que los dos cabecillas de esta organizaci\u00f3n, uno afincado en Oviedo y otro en la zona del Campo de Gibraltar (C\u00e1diz), hab\u00edan creado un complejo sistema de ingenier\u00eda financiera para blanquear los beneficios del narcotr\u00e1fico a trav\u00e9s de empresas, sociedades interpuestas y otros canales financieros.<\/p>\n<p>Para ello, pon\u00edan todos los beneficios a nombre de familiares y de personas de su entorno m\u00e1s cercano, los cuales aparec\u00edan como poseedores de un gran patrimonio, sin que hubiesen desempe\u00f1ado actividad laboral alguna.<\/p>\n<p>Al cabecilla, detenido en el Campo de Gibraltar, se le intervinieron 80.000 euros que no pod\u00eda justificar cuando circulaba en un veh\u00edculo de gran cilindrada. Adem\u00e1s, en el momento de su detenci\u00f3n portaba 8.000 euros, que seg\u00fan indic\u00f3, eran para sus \u00abgastos diarios\u00bb.<\/p>\n<p>Todos los detenidos, en uni\u00f3n de los bienes intervenidos, han quedado a disposici\u00f3n del titular del Juzgado de Instrucci\u00f3n n\u00ba 2 de los de Barbate (C\u00e1diz). En la investigaci\u00f3n han participado agentes pertenecientes al Equipo de Blanqueo de Capitales de Polic\u00eda Judicial de la Comandancia de C\u00e1diz.<\/p>\n<p>&nbsp;<\/p>\n","protected":false},"excerpt":{"rendered":"<p>La Guardia Civil ha detenido a 9 personas por blanquear m\u00e1s de 2 millones de euros procedentes del narcotr\u00e1fico mediante la compra de bienes inmuebles, veh\u00edculos de lujo y productos financieros. Entre los ahora detenidos se encuentran uno de los cabecillas, ovetense, su esposa, y la esposa y la suegra del otro presunto cabecilla de<\/p>\n","protected":false},"author":1,"featured_media":18235,"comment_status":"closed","ping_status":"closed","sticky":false,"template":"","format":"standard","meta":{"footnotes":""},"categories":[343],"tags":[],"class_list":{"0":"post-30390","1":"post","2":"type-post","3":"status-publish","4":"format-standard","5":"has-post-thumbnail","7":"category-actualidad"},"aioseo_notices":[],"aioseo_head":"\n\t\t<!-- All in One SEO Pro 4.9.6.2 - aioseo.com -->\n\t<meta name=\"description\" content=\"La Guardia Civil ha detenido a 9 personas por blanquear m\u00e1s de 2 millones de euros procedentes del narcotr\u00e1fico mediante la compra de bienes inmuebles, veh\u00edculos de lujo y productos financieros. Entre los ahora detenidos se encuentran uno de los cabecillas, ovetense, su esposa, y la esposa y la suegra del otro presunto cabecilla de\" \/>\n\t<meta name=\"robots\" content=\"max-image-preview:large\" \/>\n\t<meta name=\"author\" content=\"Cand\u00e1s 365\"\/>\n\t<meta name=\"google-site-verification\" content=\"UA-32230408-1\" \/>\n\t<meta name=\"msvalidate.01\" content=\"354F3CDFB2DA171B47FBE9ABF1F88D5\" \/>\n\t<meta name=\"keywords\" content=\"actualidad\" \/>\n\t<link rel=\"canonical\" href=\"https:\/\/candas365.es\/noticias\/dos-ovetenses-detenidos-por-blanquear-dinero-procedente-del-narcotrafico-en-cadiz\/\" \/>\n\t<meta name=\"generator\" content=\"All in One SEO Pro (AIOSEO) 4.9.6.2\" \/>\n\t\t<meta property=\"og:locale\" content=\"es_ES\" \/>\n\t\t<meta property=\"og:site_name\" content=\"Cand\u00e1s 365\" \/>\n\t\t<meta property=\"og:type\" content=\"article\" \/>\n\t\t<meta property=\"og:title\" content=\"Dos ovetenses detenidos por blanquear dinero procedente del narcotr\u00e1fico en C\u00e1diz | Cand\u00e1s 365\" \/>\n\t\t<meta property=\"og:description\" content=\"La Guardia Civil ha detenido a 9 personas por blanquear m\u00e1s de 2 millones de euros procedentes del narcotr\u00e1fico mediante la compra de bienes inmuebles, veh\u00edculos de lujo y productos financieros. Entre los ahora detenidos se encuentran uno de los cabecillas, ovetense, su esposa, y la esposa y la suegra del otro presunto cabecilla de\" \/>\n\t\t<meta property=\"og:url\" content=\"https:\/\/candas365.es\/noticias\/dos-ovetenses-detenidos-por-blanquear-dinero-procedente-del-narcotrafico-en-cadiz\/\" \/>\n\t\t<meta property=\"og:image\" content=\"https:\/\/candas365.es\/noticias\/wp-content\/uploads\/2015\/10\/civil.jpg\" \/>\n\t\t<meta property=\"og:image:secure_url\" content=\"https:\/\/candas365.es\/noticias\/wp-content\/uploads\/2015\/10\/civil.jpg\" \/>\n\t\t<meta property=\"og:image:width\" content=\"655\" \/>\n\t\t<meta property=\"og:image:height\" content=\"360\" \/>\n\t\t<meta property=\"article:published_time\" content=\"2016-06-16T04:11:05+00:00\" \/>\n\t\t<meta property=\"article:modified_time\" content=\"2016-06-16T04:11:18+00:00\" \/>\n\t\t<meta property=\"article:publisher\" content=\"https:\/\/www.facebook.com\/Nachofdezber\" \/>\n\t\t<meta property=\"article:author\" content=\"https:\/\/www.facebook.com\/carrenoactualidad\" \/>\n\t\t<meta name=\"twitter:card\" content=\"summary_large_image\" \/>\n\t\t<meta name=\"twitter:site\" content=\"@NabercoDigital\" \/>\n\t\t<meta name=\"twitter:title\" content=\"Dos ovetenses detenidos por blanquear dinero procedente del narcotr\u00e1fico en C\u00e1diz | Cand\u00e1s 365\" \/>\n\t\t<meta name=\"twitter:description\" content=\"La Guardia Civil ha detenido a 9 personas por blanquear m\u00e1s de 2 millones de euros procedentes del narcotr\u00e1fico mediante la compra de bienes inmuebles, veh\u00edculos de lujo y productos financieros. Entre los ahora detenidos se encuentran uno de los cabecillas, ovetense, su esposa, y la esposa y la suegra del otro presunto cabecilla de\" \/>\n\t\t<meta name=\"twitter:creator\" content=\"@nbasturias\" \/>\n\t\t<meta name=\"twitter:image\" content=\"https:\/\/candas365.es\/noticias\/wp-content\/uploads\/2015\/10\/civil.jpg\" \/>\n\t\t<meta name=\"twitter:label1\" content=\"Escrito por\" \/>\n\t\t<meta name=\"twitter:data1\" content=\"Cand\u00e1s 365\" \/>\n\t\t<meta name=\"twitter:label2\" content=\"Tiempo de lectura estimado\" \/>\n\t\t<meta name=\"twitter:data2\" content=\"2 minutos\" \/>\n\t\t<script type=\"application\/ld+json\" class=\"aioseo-schema\">\n\t\t\t{\"@context\":\"https:\\\/\\\/schema.org\",\"@graph\":[{\"@type\":\"BreadcrumbList\",\"@id\":\"https:\\\/\\\/candas365.es\\\/noticias\\\/dos-ovetenses-detenidos-por-blanquear-dinero-procedente-del-narcotrafico-en-cadiz\\\/#breadcrumblist\",\"itemListElement\":[{\"@type\":\"ListItem\",\"@id\":\"https:\\\/\\\/candas365.es\\\/noticias#listItem\",\"position\":1,\"name\":\"Home\",\"item\":\"https:\\\/\\\/candas365.es\\\/noticias\",\"nextItem\":{\"@type\":\"ListItem\",\"@id\":\"https:\\\/\\\/candas365.es\\\/noticias\\\/category\\\/actualidad\\\/#listItem\",\"name\":\"Actualidad\"}},{\"@type\":\"ListItem\",\"@id\":\"https:\\\/\\\/candas365.es\\\/noticias\\\/category\\\/actualidad\\\/#listItem\",\"position\":2,\"name\":\"Actualidad\",\"item\":\"https:\\\/\\\/candas365.es\\\/noticias\\\/category\\\/actualidad\\\/\",\"nextItem\":{\"@type\":\"ListItem\",\"@id\":\"https:\\\/\\\/candas365.es\\\/noticias\\\/dos-ovetenses-detenidos-por-blanquear-dinero-procedente-del-narcotrafico-en-cadiz\\\/#listItem\",\"name\":\"Dos ovetenses detenidos por blanquear dinero procedente del narcotr\\u00e1fico en C\\u00e1diz\"},\"previousItem\":{\"@type\":\"ListItem\",\"@id\":\"https:\\\/\\\/candas365.es\\\/noticias#listItem\",\"name\":\"Home\"}},{\"@type\":\"ListItem\",\"@id\":\"https:\\\/\\\/candas365.es\\\/noticias\\\/dos-ovetenses-detenidos-por-blanquear-dinero-procedente-del-narcotrafico-en-cadiz\\\/#listItem\",\"position\":3,\"name\":\"Dos ovetenses detenidos por blanquear dinero procedente del narcotr\\u00e1fico en C\\u00e1diz\",\"previousItem\":{\"@type\":\"ListItem\",\"@id\":\"https:\\\/\\\/candas365.es\\\/noticias\\\/category\\\/actualidad\\\/#listItem\",\"name\":\"Actualidad\"}}]},{\"@type\":\"NewsArticle\",\"@id\":\"https:\\\/\\\/candas365.es\\\/noticias\\\/dos-ovetenses-detenidos-por-blanquear-dinero-procedente-del-narcotrafico-en-cadiz\\\/#newsarticle\",\"name\":\"Dos ovetenses detenidos por blanquear dinero procedente del narcotr\\u00e1fico en C\\u00e1diz | Cand\\u00e1s 365\",\"headline\":\"Dos ovetenses detenidos por blanquear dinero procedente del narcotr\\u00e1fico en C\\u00e1diz\",\"author\":{\"@id\":\"https:\\\/\\\/candas365.es\\\/noticias\\\/author\\\/admin\\\/#author\"},\"publisher\":{\"@id\":\"https:\\\/\\\/candas365.es\\\/noticias\\\/#organization\"},\"image\":{\"@type\":\"ImageObject\",\"url\":\"https:\\\/\\\/candas365.es\\\/noticias\\\/wp-content\\\/uploads\\\/2015\\\/10\\\/civil.jpg\",\"width\":655,\"height\":360},\"datePublished\":\"2016-06-16T05:41:05+02:00\",\"dateModified\":\"2016-06-16T05:41:18+02:00\",\"inLanguage\":\"es-ES\",\"mainEntityOfPage\":{\"@id\":\"https:\\\/\\\/candas365.es\\\/noticias\\\/dos-ovetenses-detenidos-por-blanquear-dinero-procedente-del-narcotrafico-en-cadiz\\\/#webpage\"},\"isPartOf\":{\"@id\":\"https:\\\/\\\/candas365.es\\\/noticias\\\/dos-ovetenses-detenidos-por-blanquear-dinero-procedente-del-narcotrafico-en-cadiz\\\/#webpage\"},\"articleSection\":\"Actualidad\",\"dateline\":\"Publicado el junio 16, 2016.\"},{\"@type\":\"Organization\",\"@id\":\"https:\\\/\\\/candas365.es\\\/noticias\\\/#organization\",\"name\":\"Cand\\u00e1s 365\",\"description\":\"Cand\\u00e1s 365 es un diario digital independiente, fundado en 2012, con base en Asturias. Informamos con rigor sobre actualidad, sociedad, cultura y ocio, con una mirada local y global.\",\"url\":\"https:\\\/\\\/candas365.es\\\/noticias\\\/\",\"email\":\"info@candas365.es\",\"telephone\":\"+34652131393\",\"foundingDate\":\"2012-06-10\",\"logo\":{\"@type\":\"ImageObject\",\"url\":\"https:\\\/\\\/candas365.es\\\/noticias\\\/wp-content\\\/uploads\\\/2024\\\/09\\\/Candas-365-Redes.jpg\",\"@id\":\"https:\\\/\\\/candas365.es\\\/noticias\\\/dos-ovetenses-detenidos-por-blanquear-dinero-procedente-del-narcotrafico-en-cadiz\\\/#organizationLogo\",\"width\":1152,\"height\":864,\"caption\":\"Cand\\u00e1s 365 Redes\"},\"image\":{\"@id\":\"https:\\\/\\\/candas365.es\\\/noticias\\\/dos-ovetenses-detenidos-por-blanquear-dinero-procedente-del-narcotrafico-en-cadiz\\\/#organizationLogo\"},\"sameAs\":[\"https:\\\/\\\/www.facebook.com\\\/Nachofdezber\",\"https:\\\/\\\/x.com\\\/NabercoDigital\",\"https:\\\/\\\/www.instagram.com\\\/nachofdezber\\\/\",\"https:\\\/\\\/www.youtube.com\\\/channel\\\/UCZP-2wLEB9Rv6erhFmqVnvg\"],\"address\":{\"@id\":\"https:\\\/\\\/candas365.es\\\/noticias\\\/#postaladdress\",\"@type\":\"PostalAddress\",\"streetAddress\":\"san antonio 4, san antonio 4\",\"postalCode\":\"33430\",\"addressLocality\":\"Cand\\u00e1s\",\"addressRegion\":\"Asturias\",\"addressCountry\":\"ES\"}},{\"@type\":\"Person\",\"@id\":\"https:\\\/\\\/candas365.es\\\/noticias\\\/author\\\/admin\\\/#author\",\"url\":\"https:\\\/\\\/candas365.es\\\/noticias\\\/author\\\/admin\\\/\",\"name\":\"Cand\\u00e1s 365\",\"image\":{\"@type\":\"ImageObject\",\"@id\":\"https:\\\/\\\/candas365.es\\\/noticias\\\/dos-ovetenses-detenidos-por-blanquear-dinero-procedente-del-narcotrafico-en-cadiz\\\/#authorImage\",\"url\":\"https:\\\/\\\/secure.gravatar.com\\\/avatar\\\/496a8e03d0c493ede1718b7934145dbdf8d89be1036b0eec9544e1094c9de390?s=96&d=mm&r=g\",\"width\":96,\"height\":96,\"caption\":\"Cand\\u00e1s 365\"},\"sameAs\":[\"https:\\\/\\\/www.facebook.com\\\/carrenoactualidad\",\"https:\\\/\\\/twitter.com\\\/nbasturias\",\"https:\\\/\\\/www.instagram.com\\\/nachofdezber\\\/\",\"https:\\\/\\\/www.youtube.com\\\/channel\\\/UCZP-2wLEB9Rv6erhFmqVnvg\"]},{\"@type\":\"WebPage\",\"@id\":\"https:\\\/\\\/candas365.es\\\/noticias\\\/dos-ovetenses-detenidos-por-blanquear-dinero-procedente-del-narcotrafico-en-cadiz\\\/#webpage\",\"url\":\"https:\\\/\\\/candas365.es\\\/noticias\\\/dos-ovetenses-detenidos-por-blanquear-dinero-procedente-del-narcotrafico-en-cadiz\\\/\",\"name\":\"Dos ovetenses detenidos por blanquear dinero procedente del narcotr\\u00e1fico en C\\u00e1diz | Cand\\u00e1s 365\",\"description\":\"La Guardia Civil ha detenido a 9 personas por blanquear m\\u00e1s de 2 millones de euros procedentes del narcotr\\u00e1fico mediante la compra de bienes inmuebles, veh\\u00edculos de lujo y productos financieros. Entre los ahora detenidos se encuentran uno de los cabecillas, ovetense, su esposa, y la esposa y la suegra del otro presunto cabecilla de\",\"inLanguage\":\"es-ES\",\"isPartOf\":{\"@id\":\"https:\\\/\\\/candas365.es\\\/noticias\\\/#website\"},\"breadcrumb\":{\"@id\":\"https:\\\/\\\/candas365.es\\\/noticias\\\/dos-ovetenses-detenidos-por-blanquear-dinero-procedente-del-narcotrafico-en-cadiz\\\/#breadcrumblist\"},\"author\":{\"@id\":\"https:\\\/\\\/candas365.es\\\/noticias\\\/author\\\/admin\\\/#author\"},\"creator\":{\"@id\":\"https:\\\/\\\/candas365.es\\\/noticias\\\/author\\\/admin\\\/#author\"},\"image\":{\"@type\":\"ImageObject\",\"url\":\"https:\\\/\\\/candas365.es\\\/noticias\\\/wp-content\\\/uploads\\\/2015\\\/10\\\/civil.jpg\",\"@id\":\"https:\\\/\\\/candas365.es\\\/noticias\\\/dos-ovetenses-detenidos-por-blanquear-dinero-procedente-del-narcotrafico-en-cadiz\\\/#mainImage\",\"width\":655,\"height\":360},\"primaryImageOfPage\":{\"@id\":\"https:\\\/\\\/candas365.es\\\/noticias\\\/dos-ovetenses-detenidos-por-blanquear-dinero-procedente-del-narcotrafico-en-cadiz\\\/#mainImage\"},\"datePublished\":\"2016-06-16T05:41:05+02:00\",\"dateModified\":\"2016-06-16T05:41:18+02:00\"},{\"@type\":\"WebSite\",\"@id\":\"https:\\\/\\\/candas365.es\\\/noticias\\\/#website\",\"url\":\"https:\\\/\\\/candas365.es\\\/noticias\\\/\",\"name\":\"Cand\\u00e1s 365\",\"alternateName\":\"Cand\\u00e1s 365 Noticias\",\"description\":\"Actualidad desde Carre\\u00f1o para el mundo\",\"inLanguage\":\"es-ES\",\"publisher\":{\"@id\":\"https:\\\/\\\/candas365.es\\\/noticias\\\/#organization\"}}]}\n\t\t<\/script>\n\t\t<!-- All in One SEO Pro -->\r\n\t\t<title>Dos ovetenses detenidos por blanquear dinero procedente del narcotr\u00e1fico en C\u00e1diz | Cand\u00e1s 365<\/title>\n\n","aioseo_head_json":{"title":"Dos ovetenses detenidos por blanquear dinero procedente del narcotr\u00e1fico en C\u00e1diz | Cand\u00e1s 365","description":"La Guardia Civil ha detenido a 9 personas por blanquear m\u00e1s de 2 millones de euros procedentes del narcotr\u00e1fico mediante la compra de bienes inmuebles, veh\u00edculos de lujo y productos financieros. Entre los ahora detenidos se encuentran uno de los cabecillas, ovetense, su esposa, y la esposa y la suegra del otro presunto cabecilla de","canonical_url":"https:\/\/candas365.es\/noticias\/dos-ovetenses-detenidos-por-blanquear-dinero-procedente-del-narcotrafico-en-cadiz\/","robots":"max-image-preview:large","keywords":"actualidad","webmasterTools":{"google-site-verification":"UA-32230408-1","msvalidate.01":"354F3CDFB2DA171B47FBE9ABF1F88D5","miscellaneous":""},"schema":{"@context":"https:\/\/schema.org","@graph":[{"@type":"BreadcrumbList","@id":"https:\/\/candas365.es\/noticias\/dos-ovetenses-detenidos-por-blanquear-dinero-procedente-del-narcotrafico-en-cadiz\/#breadcrumblist","itemListElement":[{"@type":"ListItem","@id":"https:\/\/candas365.es\/noticias#listItem","position":1,"name":"Home","item":"https:\/\/candas365.es\/noticias","nextItem":{"@type":"ListItem","@id":"https:\/\/candas365.es\/noticias\/category\/actualidad\/#listItem","name":"Actualidad"}},{"@type":"ListItem","@id":"https:\/\/candas365.es\/noticias\/category\/actualidad\/#listItem","position":2,"name":"Actualidad","item":"https:\/\/candas365.es\/noticias\/category\/actualidad\/","nextItem":{"@type":"ListItem","@id":"https:\/\/candas365.es\/noticias\/dos-ovetenses-detenidos-por-blanquear-dinero-procedente-del-narcotrafico-en-cadiz\/#listItem","name":"Dos ovetenses detenidos por blanquear dinero procedente del narcotr\u00e1fico en C\u00e1diz"},"previousItem":{"@type":"ListItem","@id":"https:\/\/candas365.es\/noticias#listItem","name":"Home"}},{"@type":"ListItem","@id":"https:\/\/candas365.es\/noticias\/dos-ovetenses-detenidos-por-blanquear-dinero-procedente-del-narcotrafico-en-cadiz\/#listItem","position":3,"name":"Dos ovetenses detenidos por blanquear dinero procedente del narcotr\u00e1fico en C\u00e1diz","previousItem":{"@type":"ListItem","@id":"https:\/\/candas365.es\/noticias\/category\/actualidad\/#listItem","name":"Actualidad"}}]},{"@type":"NewsArticle","@id":"https:\/\/candas365.es\/noticias\/dos-ovetenses-detenidos-por-blanquear-dinero-procedente-del-narcotrafico-en-cadiz\/#newsarticle","name":"Dos ovetenses detenidos por blanquear dinero procedente del narcotr\u00e1fico en C\u00e1diz | Cand\u00e1s 365","headline":"Dos ovetenses detenidos por blanquear dinero procedente del narcotr\u00e1fico en C\u00e1diz","author":{"@id":"https:\/\/candas365.es\/noticias\/author\/admin\/#author"},"publisher":{"@id":"https:\/\/candas365.es\/noticias\/#organization"},"image":{"@type":"ImageObject","url":"https:\/\/candas365.es\/noticias\/wp-content\/uploads\/2015\/10\/civil.jpg","width":655,"height":360},"datePublished":"2016-06-16T05:41:05+02:00","dateModified":"2016-06-16T05:41:18+02:00","inLanguage":"es-ES","mainEntityOfPage":{"@id":"https:\/\/candas365.es\/noticias\/dos-ovetenses-detenidos-por-blanquear-dinero-procedente-del-narcotrafico-en-cadiz\/#webpage"},"isPartOf":{"@id":"https:\/\/candas365.es\/noticias\/dos-ovetenses-detenidos-por-blanquear-dinero-procedente-del-narcotrafico-en-cadiz\/#webpage"},"articleSection":"Actualidad","dateline":"Publicado el junio 16, 2016."},{"@type":"Organization","@id":"https:\/\/candas365.es\/noticias\/#organization","name":"Cand\u00e1s 365","description":"Cand\u00e1s 365 es un diario digital independiente, fundado en 2012, con base en Asturias. Informamos con rigor sobre actualidad, sociedad, cultura y ocio, con una mirada local y global.","url":"https:\/\/candas365.es\/noticias\/","email":"info@candas365.es","telephone":"+34652131393","foundingDate":"2012-06-10","logo":{"@type":"ImageObject","url":"https:\/\/candas365.es\/noticias\/wp-content\/uploads\/2024\/09\/Candas-365-Redes.jpg","@id":"https:\/\/candas365.es\/noticias\/dos-ovetenses-detenidos-por-blanquear-dinero-procedente-del-narcotrafico-en-cadiz\/#organizationLogo","width":1152,"height":864,"caption":"Cand\u00e1s 365 Redes"},"image":{"@id":"https:\/\/candas365.es\/noticias\/dos-ovetenses-detenidos-por-blanquear-dinero-procedente-del-narcotrafico-en-cadiz\/#organizationLogo"},"sameAs":["https:\/\/www.facebook.com\/Nachofdezber","https:\/\/x.com\/NabercoDigital","https:\/\/www.instagram.com\/nachofdezber\/","https:\/\/www.youtube.com\/channel\/UCZP-2wLEB9Rv6erhFmqVnvg"],"address":{"@id":"https:\/\/candas365.es\/noticias\/#postaladdress","@type":"PostalAddress","streetAddress":"san antonio 4, san antonio 4","postalCode":"33430","addressLocality":"Cand\u00e1s","addressRegion":"Asturias","addressCountry":"ES"}},{"@type":"Person","@id":"https:\/\/candas365.es\/noticias\/author\/admin\/#author","url":"https:\/\/candas365.es\/noticias\/author\/admin\/","name":"Cand\u00e1s 365","image":{"@type":"ImageObject","@id":"https:\/\/candas365.es\/noticias\/dos-ovetenses-detenidos-por-blanquear-dinero-procedente-del-narcotrafico-en-cadiz\/#authorImage","url":"https:\/\/secure.gravatar.com\/avatar\/496a8e03d0c493ede1718b7934145dbdf8d89be1036b0eec9544e1094c9de390?s=96&d=mm&r=g","width":96,"height":96,"caption":"Cand\u00e1s 365"},"sameAs":["https:\/\/www.facebook.com\/carrenoactualidad","https:\/\/twitter.com\/nbasturias","https:\/\/www.instagram.com\/nachofdezber\/","https:\/\/www.youtube.com\/channel\/UCZP-2wLEB9Rv6erhFmqVnvg"]},{"@type":"WebPage","@id":"https:\/\/candas365.es\/noticias\/dos-ovetenses-detenidos-por-blanquear-dinero-procedente-del-narcotrafico-en-cadiz\/#webpage","url":"https:\/\/candas365.es\/noticias\/dos-ovetenses-detenidos-por-blanquear-dinero-procedente-del-narcotrafico-en-cadiz\/","name":"Dos ovetenses detenidos por blanquear dinero procedente del narcotr\u00e1fico en C\u00e1diz | Cand\u00e1s 365","description":"La Guardia Civil ha detenido a 9 personas por blanquear m\u00e1s de 2 millones de euros procedentes del narcotr\u00e1fico mediante la compra de bienes inmuebles, veh\u00edculos de lujo y productos financieros. Entre los ahora detenidos se encuentran uno de los cabecillas, ovetense, su esposa, y la esposa y la suegra del otro presunto cabecilla de","inLanguage":"es-ES","isPartOf":{"@id":"https:\/\/candas365.es\/noticias\/#website"},"breadcrumb":{"@id":"https:\/\/candas365.es\/noticias\/dos-ovetenses-detenidos-por-blanquear-dinero-procedente-del-narcotrafico-en-cadiz\/#breadcrumblist"},"author":{"@id":"https:\/\/candas365.es\/noticias\/author\/admin\/#author"},"creator":{"@id":"https:\/\/candas365.es\/noticias\/author\/admin\/#author"},"image":{"@type":"ImageObject","url":"https:\/\/candas365.es\/noticias\/wp-content\/uploads\/2015\/10\/civil.jpg","@id":"https:\/\/candas365.es\/noticias\/dos-ovetenses-detenidos-por-blanquear-dinero-procedente-del-narcotrafico-en-cadiz\/#mainImage","width":655,"height":360},"primaryImageOfPage":{"@id":"https:\/\/candas365.es\/noticias\/dos-ovetenses-detenidos-por-blanquear-dinero-procedente-del-narcotrafico-en-cadiz\/#mainImage"},"datePublished":"2016-06-16T05:41:05+02:00","dateModified":"2016-06-16T05:41:18+02:00"},{"@type":"WebSite","@id":"https:\/\/candas365.es\/noticias\/#website","url":"https:\/\/candas365.es\/noticias\/","name":"Cand\u00e1s 365","alternateName":"Cand\u00e1s 365 Noticias","description":"Actualidad desde Carre\u00f1o para el mundo","inLanguage":"es-ES","publisher":{"@id":"https:\/\/candas365.es\/noticias\/#organization"}}]},"og:locale":"es_ES","og:site_name":"Cand\u00e1s 365","og:type":"article","og:title":"Dos ovetenses detenidos por blanquear dinero procedente del narcotr\u00e1fico en C\u00e1diz | Cand\u00e1s 365","og:description":"La Guardia Civil ha detenido a 9 personas por blanquear m\u00e1s de 2 millones de euros procedentes del narcotr\u00e1fico mediante la compra de bienes inmuebles, veh\u00edculos de lujo y productos financieros. Entre los ahora detenidos se encuentran uno de los cabecillas, ovetense, su esposa, y la esposa y la suegra del otro presunto cabecilla de","og:url":"https:\/\/candas365.es\/noticias\/dos-ovetenses-detenidos-por-blanquear-dinero-procedente-del-narcotrafico-en-cadiz\/","og:image":"https:\/\/candas365.es\/noticias\/wp-content\/uploads\/2015\/10\/civil.jpg","og:image:secure_url":"https:\/\/candas365.es\/noticias\/wp-content\/uploads\/2015\/10\/civil.jpg","og:image:width":655,"og:image:height":360,"article:published_time":"2016-06-16T04:11:05+00:00","article:modified_time":"2016-06-16T04:11:18+00:00","article:publisher":"https:\/\/www.facebook.com\/Nachofdezber","article:author":"https:\/\/www.facebook.com\/carrenoactualidad","twitter:card":"summary_large_image","twitter:site":"@NabercoDigital","twitter:title":"Dos ovetenses detenidos por blanquear dinero procedente del narcotr\u00e1fico en C\u00e1diz | Cand\u00e1s 365","twitter:description":"La Guardia Civil ha detenido a 9 personas por blanquear m\u00e1s de 2 millones de euros procedentes del narcotr\u00e1fico mediante la compra de bienes inmuebles, veh\u00edculos de lujo y productos financieros. Entre los ahora detenidos se encuentran uno de los cabecillas, ovetense, su esposa, y la esposa y la suegra del otro presunto cabecilla de","twitter:creator":"@nbasturias","twitter:image":"https:\/\/candas365.es\/noticias\/wp-content\/uploads\/2015\/10\/civil.jpg","twitter:label1":"Escrito por","twitter:data1":"Cand\u00e1s 365","twitter:label2":"Tiempo de lectura estimado","twitter:data2":"2 minutos"},"aioseo_meta_data":{"post_id":"30390","title":null,"description":null,"keywords":null,"keyphrases":null,"primary_term":null,"canonical_url":null,"og_title":null,"og_description":null,"og_object_type":"default","og_image_type":"default","og_image_url":null,"og_image_width":null,"og_image_height":null,"og_image_custom_url":null,"og_image_custom_fields":null,"og_video":null,"og_custom_url":null,"og_article_section":null,"og_article_tags":null,"twitter_use_og":false,"twitter_card":"default","twitter_image_type":"default","twitter_image_url":null,"twitter_image_custom_url":null,"twitter_image_custom_fields":null,"twitter_title":null,"twitter_description":null,"schema":{"blockGraphs":[],"customGraphs":[],"default":{"data":{"Article":[],"Course":[],"Dataset":[],"FAQPage":[],"Movie":[],"Person":[],"Product":[],"ProductReview":[],"Car":[],"Recipe":[],"Service":[],"SoftwareApplication":[],"WebPage":[]},"graphName":"","isEnabled":true},"graphs":[]},"schema_type":null,"schema_type_options":null,"pillar_content":false,"robots_default":true,"robots_noindex":false,"robots_noarchive":false,"robots_nosnippet":false,"robots_nofollow":false,"robots_noimageindex":false,"robots_noodp":false,"robots_notranslate":false,"robots_max_snippet":null,"robots_max_videopreview":null,"robots_max_imagepreview":"large","priority":null,"frequency":null,"location":null,"local_seo":null,"seo_analyzer_scan_date":"2025-08-24 12:27:16","breadcrumb_settings":null,"limit_modified_date":false,"reviewed_by":null,"open_ai":null,"ai":null,"created":"2020-12-21 12:58:27","updated":"2025-08-24 12:27:16"},"aioseo_breadcrumb":"<div class=\"aioseo-breadcrumbs\"><span class=\"aioseo-breadcrumb\">\n\t<a href=\"https:\/\/candas365.es\/noticias\" title=\"Home\">Home<\/a>\n<\/span><span class=\"aioseo-breadcrumb-separator\">&ndash;<\/span><span class=\"aioseo-breadcrumb\">\n\t<a href=\"https:\/\/candas365.es\/noticias\/category\/actualidad\/\" title=\"Actualidad\">Actualidad<\/a>\n<\/span><span class=\"aioseo-breadcrumb-separator\">&ndash;<\/span><span class=\"aioseo-breadcrumb\">\n\tDos ovetenses detenidos por blanquear dinero procedente del narcotr\u00e1fico en C\u00e1diz\n<\/span><\/div>","aioseo_breadcrumb_json":[{"label":"Home","link":"https:\/\/candas365.es\/noticias"},{"label":"Actualidad","link":"https:\/\/candas365.es\/noticias\/category\/actualidad\/"},{"label":"Dos ovetenses detenidos por blanquear dinero procedente del narcotr\u00e1fico en C\u00e1diz","link":"https:\/\/candas365.es\/noticias\/dos-ovetenses-detenidos-por-blanquear-dinero-procedente-del-narcotrafico-en-cadiz\/"}],"_links":{"self":[{"href":"https:\/\/candas365.es\/noticias\/wp-json\/wp\/v2\/posts\/30390","targetHints":{"allow":["GET"]}}],"collection":[{"href":"https:\/\/candas365.es\/noticias\/wp-json\/wp\/v2\/posts"}],"about":[{"href":"https:\/\/candas365.es\/noticias\/wp-json\/wp\/v2\/types\/post"}],"author":[{"embeddable":true,"href":"https:\/\/candas365.es\/noticias\/wp-json\/wp\/v2\/users\/1"}],"replies":[{"embeddable":true,"href":"https:\/\/candas365.es\/noticias\/wp-json\/wp\/v2\/comments?post=30390"}],"version-history":[{"count":0,"href":"https:\/\/candas365.es\/noticias\/wp-json\/wp\/v2\/posts\/30390\/revisions"}],"wp:featuredmedia":[{"embeddable":true,"href":"https:\/\/candas365.es\/noticias\/wp-json\/wp\/v2\/media\/18235"}],"wp:attachment":[{"href":"https:\/\/candas365.es\/noticias\/wp-json\/wp\/v2\/media?parent=30390"}],"wp:term":[{"taxonomy":"category","embeddable":true,"href":"https:\/\/candas365.es\/noticias\/wp-json\/wp\/v2\/categories?post=30390"},{"taxonomy":"post_tag","embeddable":true,"href":"https:\/\/candas365.es\/noticias\/wp-json\/wp\/v2\/tags?post=30390"}],"curies":[{"name":"wp","href":"https:\/\/api.w.org\/{rel}","templated":true}]}}