{"id":30374,"date":"2016-06-16T05:33:19","date_gmt":"2016-06-16T04:03:19","guid":{"rendered":"http:\/\/candas365.es\/noticias\/?p=30374"},"modified":"2016-06-16T05:33:19","modified_gmt":"2016-06-16T04:03:19","slug":"justicia-alemana-respalda-no-conceder-doctor-honoris-causa-a-snowden","status":"publish","type":"post","link":"https:\/\/candas365.es\/noticias\/justicia-alemana-respalda-no-conceder-doctor-honoris-causa-a-snowden\/","title":{"rendered":"Justicia alemana respalda no conceder doctor honoris causa a Snowden"},"content":{"rendered":"<p>Schwerin (Alemania), 15 jun (dpa) &#8211; El informante estadounidense Edward Snowden no ser\u00e1 nombrado doctor honoris causa de la Universidad de Rostock, inform\u00f3 hoy la Justicia alemana.<\/p>\n<p>El consejo de la Facultad de Filosof\u00eda no tuvo en cuenta el marco legal a la hora de proponer en 2014 al ex trabajador de los servicios secretos estadounidenses, declar\u00f3 el tribunal administrativo de la ciudad de Schwerin, en el norte del pa\u00eds.<\/p>\n<p>El tribunal rechaz\u00f3 la demanda de la facultad contra la decisi\u00f3n del rector de la universidad, Wolfgang Schareck, de detener el proceso por tener dudas sobre los m\u00e9ritos de Snowden.<\/p>\n<p>Tras la modificaci\u00f3n de la ley universitaria del estado federado de Mecklemburgo-Antepomerania en 2002 se endurecieron las normas para conceder el doctor honoris causa, record\u00f3 el presidente del tribunal, el juez Michael Skeries. \u00abEn todos los dem\u00e1s estados federados alemanes se podr\u00eda conceder el doctor honoris causa a Snowden\u00bb, agreg\u00f3.<\/p>\n<p>El informante, de 32 a\u00f1os, revel\u00f3 el alcance del espionaje por parte de la Agencia de Seguridad Nacional (NSA) estadounidense y vive como asilado pol\u00edtico en Rusia.<\/p>\n","protected":false},"excerpt":{"rendered":"<p>Schwerin (Alemania), 15 jun (dpa) &#8211; El informante estadounidense Edward Snowden no ser\u00e1 nombrado doctor honoris causa de la Universidad de Rostock, inform\u00f3 hoy la Justicia alemana. El consejo de la Facultad de Filosof\u00eda no tuvo en cuenta el marco legal a la hora de proponer en 2014 al ex trabajador de los servicios secretos<\/p>\n","protected":false},"author":1,"featured_media":16457,"comment_status":"closed","ping_status":"closed","sticky":false,"template":"","format":"standard","meta":{"footnotes":""},"categories":[343],"tags":[],"class_list":{"0":"post-30374","1":"post","2":"type-post","3":"status-publish","4":"format-standard","5":"has-post-thumbnail","7":"category-actualidad"},"aioseo_notices":[],"aioseo_head":"\n\t\t<!-- All in One SEO Pro 4.9.6.2 - aioseo.com -->\n\t<meta name=\"description\" content=\"Schwerin (Alemania), 15 jun (dpa) - El informante estadounidense Edward Snowden no ser\u00e1 nombrado doctor honoris causa de la Universidad de Rostock, inform\u00f3 hoy la Justicia alemana. El consejo de la Facultad de Filosof\u00eda no tuvo en cuenta el marco legal a la hora de proponer en 2014 al ex trabajador de los servicios secretos\" \/>\n\t<meta name=\"robots\" content=\"max-image-preview:large\" \/>\n\t<meta name=\"author\" content=\"Cand\u00e1s 365\"\/>\n\t<meta name=\"google-site-verification\" content=\"UA-32230408-1\" \/>\n\t<meta name=\"msvalidate.01\" content=\"354F3CDFB2DA171B47FBE9ABF1F88D5\" \/>\n\t<meta name=\"keywords\" content=\"actualidad\" \/>\n\t<link rel=\"canonical\" href=\"https:\/\/candas365.es\/noticias\/justicia-alemana-respalda-no-conceder-doctor-honoris-causa-a-snowden\/\" \/>\n\t<meta name=\"generator\" content=\"All in One SEO Pro (AIOSEO) 4.9.6.2\" \/>\n\t\t<meta property=\"og:locale\" content=\"es_ES\" \/>\n\t\t<meta property=\"og:site_name\" content=\"Cand\u00e1s 365\" \/>\n\t\t<meta property=\"og:type\" content=\"article\" \/>\n\t\t<meta property=\"og:title\" content=\"Justicia alemana respalda no conceder doctor honoris causa a Snowden | Cand\u00e1s 365\" \/>\n\t\t<meta property=\"og:description\" content=\"Schwerin (Alemania), 15 jun (dpa) - El informante estadounidense Edward Snowden no ser\u00e1 nombrado doctor honoris causa de la Universidad de Rostock, inform\u00f3 hoy la Justicia alemana. El consejo de la Facultad de Filosof\u00eda no tuvo en cuenta el marco legal a la hora de proponer en 2014 al ex trabajador de los servicios secretos\" \/>\n\t\t<meta property=\"og:url\" content=\"https:\/\/candas365.es\/noticias\/justicia-alemana-respalda-no-conceder-doctor-honoris-causa-a-snowden\/\" \/>\n\t\t<meta property=\"og:image\" content=\"https:\/\/candas365.es\/noticias\/wp-content\/uploads\/2015\/09\/c365noticias.jpg\" \/>\n\t\t<meta property=\"og:image:secure_url\" content=\"https:\/\/candas365.es\/noticias\/wp-content\/uploads\/2015\/09\/c365noticias.jpg\" \/>\n\t\t<meta property=\"og:image:width\" content=\"655\" \/>\n\t\t<meta property=\"og:image:height\" content=\"360\" \/>\n\t\t<meta property=\"article:published_time\" content=\"2016-06-16T04:03:19+00:00\" \/>\n\t\t<meta property=\"article:modified_time\" content=\"2016-06-16T04:03:19+00:00\" \/>\n\t\t<meta property=\"article:publisher\" content=\"https:\/\/www.facebook.com\/Nachofdezber\" \/>\n\t\t<meta property=\"article:author\" content=\"https:\/\/www.facebook.com\/carrenoactualidad\" \/>\n\t\t<meta name=\"twitter:card\" content=\"summary_large_image\" \/>\n\t\t<meta name=\"twitter:site\" content=\"@NabercoDigital\" \/>\n\t\t<meta name=\"twitter:title\" content=\"Justicia alemana respalda no conceder doctor honoris causa a Snowden | Cand\u00e1s 365\" \/>\n\t\t<meta name=\"twitter:description\" content=\"Schwerin (Alemania), 15 jun (dpa) - El informante estadounidense Edward Snowden no ser\u00e1 nombrado doctor honoris causa de la Universidad de Rostock, inform\u00f3 hoy la Justicia alemana. El consejo de la Facultad de Filosof\u00eda no tuvo en cuenta el marco legal a la hora de proponer en 2014 al ex trabajador de los servicios secretos\" \/>\n\t\t<meta name=\"twitter:creator\" content=\"@nbasturias\" \/>\n\t\t<meta name=\"twitter:image\" content=\"https:\/\/candas365.es\/noticias\/wp-content\/uploads\/2015\/09\/c365noticias.jpg\" \/>\n\t\t<meta name=\"twitter:label1\" content=\"Escrito por\" \/>\n\t\t<meta name=\"twitter:data1\" content=\"Cand\u00e1s 365\" \/>\n\t\t<meta name=\"twitter:label2\" content=\"Tiempo de lectura estimado\" \/>\n\t\t<meta name=\"twitter:data2\" content=\"1 minuto\" \/>\n\t\t<script type=\"application\/ld+json\" class=\"aioseo-schema\">\n\t\t\t{\"@context\":\"https:\\\/\\\/schema.org\",\"@graph\":[{\"@type\":\"BreadcrumbList\",\"@id\":\"https:\\\/\\\/candas365.es\\\/noticias\\\/justicia-alemana-respalda-no-conceder-doctor-honoris-causa-a-snowden\\\/#breadcrumblist\",\"itemListElement\":[{\"@type\":\"ListItem\",\"@id\":\"https:\\\/\\\/candas365.es\\\/noticias#listItem\",\"position\":1,\"name\":\"Home\",\"item\":\"https:\\\/\\\/candas365.es\\\/noticias\",\"nextItem\":{\"@type\":\"ListItem\",\"@id\":\"https:\\\/\\\/candas365.es\\\/noticias\\\/category\\\/actualidad\\\/#listItem\",\"name\":\"Actualidad\"}},{\"@type\":\"ListItem\",\"@id\":\"https:\\\/\\\/candas365.es\\\/noticias\\\/category\\\/actualidad\\\/#listItem\",\"position\":2,\"name\":\"Actualidad\",\"item\":\"https:\\\/\\\/candas365.es\\\/noticias\\\/category\\\/actualidad\\\/\",\"nextItem\":{\"@type\":\"ListItem\",\"@id\":\"https:\\\/\\\/candas365.es\\\/noticias\\\/justicia-alemana-respalda-no-conceder-doctor-honoris-causa-a-snowden\\\/#listItem\",\"name\":\"Justicia alemana respalda no conceder doctor honoris causa a Snowden\"},\"previousItem\":{\"@type\":\"ListItem\",\"@id\":\"https:\\\/\\\/candas365.es\\\/noticias#listItem\",\"name\":\"Home\"}},{\"@type\":\"ListItem\",\"@id\":\"https:\\\/\\\/candas365.es\\\/noticias\\\/justicia-alemana-respalda-no-conceder-doctor-honoris-causa-a-snowden\\\/#listItem\",\"position\":3,\"name\":\"Justicia alemana respalda no conceder doctor honoris causa a Snowden\",\"previousItem\":{\"@type\":\"ListItem\",\"@id\":\"https:\\\/\\\/candas365.es\\\/noticias\\\/category\\\/actualidad\\\/#listItem\",\"name\":\"Actualidad\"}}]},{\"@type\":\"NewsArticle\",\"@id\":\"https:\\\/\\\/candas365.es\\\/noticias\\\/justicia-alemana-respalda-no-conceder-doctor-honoris-causa-a-snowden\\\/#newsarticle\",\"name\":\"Justicia alemana respalda no conceder doctor honoris causa a Snowden | Cand\\u00e1s 365\",\"headline\":\"Justicia alemana respalda no conceder doctor honoris causa a Snowden\",\"author\":{\"@id\":\"https:\\\/\\\/candas365.es\\\/noticias\\\/author\\\/admin\\\/#author\"},\"publisher\":{\"@id\":\"https:\\\/\\\/candas365.es\\\/noticias\\\/#organization\"},\"image\":{\"@type\":\"ImageObject\",\"url\":\"https:\\\/\\\/candas365.es\\\/noticias\\\/wp-content\\\/uploads\\\/2015\\\/09\\\/c365noticias.jpg\",\"width\":655,\"height\":360},\"datePublished\":\"2016-06-16T05:33:19+02:00\",\"dateModified\":\"2016-06-16T05:33:19+02:00\",\"inLanguage\":\"es-ES\",\"mainEntityOfPage\":{\"@id\":\"https:\\\/\\\/candas365.es\\\/noticias\\\/justicia-alemana-respalda-no-conceder-doctor-honoris-causa-a-snowden\\\/#webpage\"},\"isPartOf\":{\"@id\":\"https:\\\/\\\/candas365.es\\\/noticias\\\/justicia-alemana-respalda-no-conceder-doctor-honoris-causa-a-snowden\\\/#webpage\"},\"articleSection\":\"Actualidad\",\"dateline\":\"Publicado el junio 16, 2016.\"},{\"@type\":\"Organization\",\"@id\":\"https:\\\/\\\/candas365.es\\\/noticias\\\/#organization\",\"name\":\"Cand\\u00e1s 365\",\"description\":\"Cand\\u00e1s 365 es un diario digital independiente, fundado en 2012, con base en Asturias. Informamos con rigor sobre actualidad, sociedad, cultura y ocio, con una mirada local y global.\",\"url\":\"https:\\\/\\\/candas365.es\\\/noticias\\\/\",\"email\":\"info@candas365.es\",\"telephone\":\"+34652131393\",\"foundingDate\":\"2012-06-10\",\"logo\":{\"@type\":\"ImageObject\",\"url\":\"https:\\\/\\\/candas365.es\\\/noticias\\\/wp-content\\\/uploads\\\/2024\\\/09\\\/Candas-365-Redes.jpg\",\"@id\":\"https:\\\/\\\/candas365.es\\\/noticias\\\/justicia-alemana-respalda-no-conceder-doctor-honoris-causa-a-snowden\\\/#organizationLogo\",\"width\":1152,\"height\":864,\"caption\":\"Cand\\u00e1s 365 Redes\"},\"image\":{\"@id\":\"https:\\\/\\\/candas365.es\\\/noticias\\\/justicia-alemana-respalda-no-conceder-doctor-honoris-causa-a-snowden\\\/#organizationLogo\"},\"sameAs\":[\"https:\\\/\\\/www.facebook.com\\\/Nachofdezber\",\"https:\\\/\\\/x.com\\\/NabercoDigital\",\"https:\\\/\\\/www.instagram.com\\\/nachofdezber\\\/\",\"https:\\\/\\\/www.youtube.com\\\/channel\\\/UCZP-2wLEB9Rv6erhFmqVnvg\"],\"address\":{\"@id\":\"https:\\\/\\\/candas365.es\\\/noticias\\\/#postaladdress\",\"@type\":\"PostalAddress\",\"streetAddress\":\"san antonio 4, san antonio 4\",\"postalCode\":\"33430\",\"addressLocality\":\"Cand\\u00e1s\",\"addressRegion\":\"Asturias\",\"addressCountry\":\"ES\"}},{\"@type\":\"Person\",\"@id\":\"https:\\\/\\\/candas365.es\\\/noticias\\\/author\\\/admin\\\/#author\",\"url\":\"https:\\\/\\\/candas365.es\\\/noticias\\\/author\\\/admin\\\/\",\"name\":\"Cand\\u00e1s 365\",\"image\":{\"@type\":\"ImageObject\",\"@id\":\"https:\\\/\\\/candas365.es\\\/noticias\\\/justicia-alemana-respalda-no-conceder-doctor-honoris-causa-a-snowden\\\/#authorImage\",\"url\":\"https:\\\/\\\/secure.gravatar.com\\\/avatar\\\/496a8e03d0c493ede1718b7934145dbdf8d89be1036b0eec9544e1094c9de390?s=96&d=mm&r=g\",\"width\":96,\"height\":96,\"caption\":\"Cand\\u00e1s 365\"},\"sameAs\":[\"https:\\\/\\\/www.facebook.com\\\/carrenoactualidad\",\"https:\\\/\\\/twitter.com\\\/nbasturias\",\"https:\\\/\\\/www.instagram.com\\\/nachofdezber\\\/\",\"https:\\\/\\\/www.youtube.com\\\/channel\\\/UCZP-2wLEB9Rv6erhFmqVnvg\"]},{\"@type\":\"WebPage\",\"@id\":\"https:\\\/\\\/candas365.es\\\/noticias\\\/justicia-alemana-respalda-no-conceder-doctor-honoris-causa-a-snowden\\\/#webpage\",\"url\":\"https:\\\/\\\/candas365.es\\\/noticias\\\/justicia-alemana-respalda-no-conceder-doctor-honoris-causa-a-snowden\\\/\",\"name\":\"Justicia alemana respalda no conceder doctor honoris causa a Snowden | Cand\\u00e1s 365\",\"description\":\"Schwerin (Alemania), 15 jun (dpa) - El informante estadounidense Edward Snowden no ser\\u00e1 nombrado doctor honoris causa de la Universidad de Rostock, inform\\u00f3 hoy la Justicia alemana. El consejo de la Facultad de Filosof\\u00eda no tuvo en cuenta el marco legal a la hora de proponer en 2014 al ex trabajador de los servicios secretos\",\"inLanguage\":\"es-ES\",\"isPartOf\":{\"@id\":\"https:\\\/\\\/candas365.es\\\/noticias\\\/#website\"},\"breadcrumb\":{\"@id\":\"https:\\\/\\\/candas365.es\\\/noticias\\\/justicia-alemana-respalda-no-conceder-doctor-honoris-causa-a-snowden\\\/#breadcrumblist\"},\"author\":{\"@id\":\"https:\\\/\\\/candas365.es\\\/noticias\\\/author\\\/admin\\\/#author\"},\"creator\":{\"@id\":\"https:\\\/\\\/candas365.es\\\/noticias\\\/author\\\/admin\\\/#author\"},\"image\":{\"@type\":\"ImageObject\",\"url\":\"https:\\\/\\\/candas365.es\\\/noticias\\\/wp-content\\\/uploads\\\/2015\\\/09\\\/c365noticias.jpg\",\"@id\":\"https:\\\/\\\/candas365.es\\\/noticias\\\/justicia-alemana-respalda-no-conceder-doctor-honoris-causa-a-snowden\\\/#mainImage\",\"width\":655,\"height\":360},\"primaryImageOfPage\":{\"@id\":\"https:\\\/\\\/candas365.es\\\/noticias\\\/justicia-alemana-respalda-no-conceder-doctor-honoris-causa-a-snowden\\\/#mainImage\"},\"datePublished\":\"2016-06-16T05:33:19+02:00\",\"dateModified\":\"2016-06-16T05:33:19+02:00\"},{\"@type\":\"WebSite\",\"@id\":\"https:\\\/\\\/candas365.es\\\/noticias\\\/#website\",\"url\":\"https:\\\/\\\/candas365.es\\\/noticias\\\/\",\"name\":\"Cand\\u00e1s 365\",\"alternateName\":\"Cand\\u00e1s 365 Noticias\",\"description\":\"Actualidad desde Carre\\u00f1o para el mundo\",\"inLanguage\":\"es-ES\",\"publisher\":{\"@id\":\"https:\\\/\\\/candas365.es\\\/noticias\\\/#organization\"}}]}\n\t\t<\/script>\n\t\t<!-- All in One SEO Pro -->\r\n\t\t<title>Justicia alemana respalda no conceder doctor honoris causa a Snowden | Cand\u00e1s 365<\/title>\n\n","aioseo_head_json":{"title":"Justicia alemana respalda no conceder doctor honoris causa a Snowden | Cand\u00e1s 365","description":"Schwerin (Alemania), 15 jun (dpa) - El informante estadounidense Edward Snowden no ser\u00e1 nombrado doctor honoris causa de la Universidad de Rostock, inform\u00f3 hoy la Justicia alemana. El consejo de la Facultad de Filosof\u00eda no tuvo en cuenta el marco legal a la hora de proponer en 2014 al ex trabajador de los servicios secretos","canonical_url":"https:\/\/candas365.es\/noticias\/justicia-alemana-respalda-no-conceder-doctor-honoris-causa-a-snowden\/","robots":"max-image-preview:large","keywords":"actualidad","webmasterTools":{"google-site-verification":"UA-32230408-1","msvalidate.01":"354F3CDFB2DA171B47FBE9ABF1F88D5","miscellaneous":""},"schema":{"@context":"https:\/\/schema.org","@graph":[{"@type":"BreadcrumbList","@id":"https:\/\/candas365.es\/noticias\/justicia-alemana-respalda-no-conceder-doctor-honoris-causa-a-snowden\/#breadcrumblist","itemListElement":[{"@type":"ListItem","@id":"https:\/\/candas365.es\/noticias#listItem","position":1,"name":"Home","item":"https:\/\/candas365.es\/noticias","nextItem":{"@type":"ListItem","@id":"https:\/\/candas365.es\/noticias\/category\/actualidad\/#listItem","name":"Actualidad"}},{"@type":"ListItem","@id":"https:\/\/candas365.es\/noticias\/category\/actualidad\/#listItem","position":2,"name":"Actualidad","item":"https:\/\/candas365.es\/noticias\/category\/actualidad\/","nextItem":{"@type":"ListItem","@id":"https:\/\/candas365.es\/noticias\/justicia-alemana-respalda-no-conceder-doctor-honoris-causa-a-snowden\/#listItem","name":"Justicia alemana respalda no conceder doctor honoris causa a Snowden"},"previousItem":{"@type":"ListItem","@id":"https:\/\/candas365.es\/noticias#listItem","name":"Home"}},{"@type":"ListItem","@id":"https:\/\/candas365.es\/noticias\/justicia-alemana-respalda-no-conceder-doctor-honoris-causa-a-snowden\/#listItem","position":3,"name":"Justicia alemana respalda no conceder doctor honoris causa a Snowden","previousItem":{"@type":"ListItem","@id":"https:\/\/candas365.es\/noticias\/category\/actualidad\/#listItem","name":"Actualidad"}}]},{"@type":"NewsArticle","@id":"https:\/\/candas365.es\/noticias\/justicia-alemana-respalda-no-conceder-doctor-honoris-causa-a-snowden\/#newsarticle","name":"Justicia alemana respalda no conceder doctor honoris causa a Snowden | Cand\u00e1s 365","headline":"Justicia alemana respalda no conceder doctor honoris causa a Snowden","author":{"@id":"https:\/\/candas365.es\/noticias\/author\/admin\/#author"},"publisher":{"@id":"https:\/\/candas365.es\/noticias\/#organization"},"image":{"@type":"ImageObject","url":"https:\/\/candas365.es\/noticias\/wp-content\/uploads\/2015\/09\/c365noticias.jpg","width":655,"height":360},"datePublished":"2016-06-16T05:33:19+02:00","dateModified":"2016-06-16T05:33:19+02:00","inLanguage":"es-ES","mainEntityOfPage":{"@id":"https:\/\/candas365.es\/noticias\/justicia-alemana-respalda-no-conceder-doctor-honoris-causa-a-snowden\/#webpage"},"isPartOf":{"@id":"https:\/\/candas365.es\/noticias\/justicia-alemana-respalda-no-conceder-doctor-honoris-causa-a-snowden\/#webpage"},"articleSection":"Actualidad","dateline":"Publicado el junio 16, 2016."},{"@type":"Organization","@id":"https:\/\/candas365.es\/noticias\/#organization","name":"Cand\u00e1s 365","description":"Cand\u00e1s 365 es un diario digital independiente, fundado en 2012, con base en Asturias. Informamos con rigor sobre actualidad, sociedad, cultura y ocio, con una mirada local y global.","url":"https:\/\/candas365.es\/noticias\/","email":"info@candas365.es","telephone":"+34652131393","foundingDate":"2012-06-10","logo":{"@type":"ImageObject","url":"https:\/\/candas365.es\/noticias\/wp-content\/uploads\/2024\/09\/Candas-365-Redes.jpg","@id":"https:\/\/candas365.es\/noticias\/justicia-alemana-respalda-no-conceder-doctor-honoris-causa-a-snowden\/#organizationLogo","width":1152,"height":864,"caption":"Cand\u00e1s 365 Redes"},"image":{"@id":"https:\/\/candas365.es\/noticias\/justicia-alemana-respalda-no-conceder-doctor-honoris-causa-a-snowden\/#organizationLogo"},"sameAs":["https:\/\/www.facebook.com\/Nachofdezber","https:\/\/x.com\/NabercoDigital","https:\/\/www.instagram.com\/nachofdezber\/","https:\/\/www.youtube.com\/channel\/UCZP-2wLEB9Rv6erhFmqVnvg"],"address":{"@id":"https:\/\/candas365.es\/noticias\/#postaladdress","@type":"PostalAddress","streetAddress":"san antonio 4, san antonio 4","postalCode":"33430","addressLocality":"Cand\u00e1s","addressRegion":"Asturias","addressCountry":"ES"}},{"@type":"Person","@id":"https:\/\/candas365.es\/noticias\/author\/admin\/#author","url":"https:\/\/candas365.es\/noticias\/author\/admin\/","name":"Cand\u00e1s 365","image":{"@type":"ImageObject","@id":"https:\/\/candas365.es\/noticias\/justicia-alemana-respalda-no-conceder-doctor-honoris-causa-a-snowden\/#authorImage","url":"https:\/\/secure.gravatar.com\/avatar\/496a8e03d0c493ede1718b7934145dbdf8d89be1036b0eec9544e1094c9de390?s=96&d=mm&r=g","width":96,"height":96,"caption":"Cand\u00e1s 365"},"sameAs":["https:\/\/www.facebook.com\/carrenoactualidad","https:\/\/twitter.com\/nbasturias","https:\/\/www.instagram.com\/nachofdezber\/","https:\/\/www.youtube.com\/channel\/UCZP-2wLEB9Rv6erhFmqVnvg"]},{"@type":"WebPage","@id":"https:\/\/candas365.es\/noticias\/justicia-alemana-respalda-no-conceder-doctor-honoris-causa-a-snowden\/#webpage","url":"https:\/\/candas365.es\/noticias\/justicia-alemana-respalda-no-conceder-doctor-honoris-causa-a-snowden\/","name":"Justicia alemana respalda no conceder doctor honoris causa a Snowden | Cand\u00e1s 365","description":"Schwerin (Alemania), 15 jun (dpa) - El informante estadounidense Edward Snowden no ser\u00e1 nombrado doctor honoris causa de la Universidad de Rostock, inform\u00f3 hoy la Justicia alemana. El consejo de la Facultad de Filosof\u00eda no tuvo en cuenta el marco legal a la hora de proponer en 2014 al ex trabajador de los servicios secretos","inLanguage":"es-ES","isPartOf":{"@id":"https:\/\/candas365.es\/noticias\/#website"},"breadcrumb":{"@id":"https:\/\/candas365.es\/noticias\/justicia-alemana-respalda-no-conceder-doctor-honoris-causa-a-snowden\/#breadcrumblist"},"author":{"@id":"https:\/\/candas365.es\/noticias\/author\/admin\/#author"},"creator":{"@id":"https:\/\/candas365.es\/noticias\/author\/admin\/#author"},"image":{"@type":"ImageObject","url":"https:\/\/candas365.es\/noticias\/wp-content\/uploads\/2015\/09\/c365noticias.jpg","@id":"https:\/\/candas365.es\/noticias\/justicia-alemana-respalda-no-conceder-doctor-honoris-causa-a-snowden\/#mainImage","width":655,"height":360},"primaryImageOfPage":{"@id":"https:\/\/candas365.es\/noticias\/justicia-alemana-respalda-no-conceder-doctor-honoris-causa-a-snowden\/#mainImage"},"datePublished":"2016-06-16T05:33:19+02:00","dateModified":"2016-06-16T05:33:19+02:00"},{"@type":"WebSite","@id":"https:\/\/candas365.es\/noticias\/#website","url":"https:\/\/candas365.es\/noticias\/","name":"Cand\u00e1s 365","alternateName":"Cand\u00e1s 365 Noticias","description":"Actualidad desde Carre\u00f1o para el mundo","inLanguage":"es-ES","publisher":{"@id":"https:\/\/candas365.es\/noticias\/#organization"}}]},"og:locale":"es_ES","og:site_name":"Cand\u00e1s 365","og:type":"article","og:title":"Justicia alemana respalda no conceder doctor honoris causa a Snowden | Cand\u00e1s 365","og:description":"Schwerin (Alemania), 15 jun (dpa) - El informante estadounidense Edward Snowden no ser\u00e1 nombrado doctor honoris causa de la Universidad de Rostock, inform\u00f3 hoy la Justicia alemana. El consejo de la Facultad de Filosof\u00eda no tuvo en cuenta el marco legal a la hora de proponer en 2014 al ex trabajador de los servicios secretos","og:url":"https:\/\/candas365.es\/noticias\/justicia-alemana-respalda-no-conceder-doctor-honoris-causa-a-snowden\/","og:image":"https:\/\/candas365.es\/noticias\/wp-content\/uploads\/2015\/09\/c365noticias.jpg","og:image:secure_url":"https:\/\/candas365.es\/noticias\/wp-content\/uploads\/2015\/09\/c365noticias.jpg","og:image:width":655,"og:image:height":360,"article:published_time":"2016-06-16T04:03:19+00:00","article:modified_time":"2016-06-16T04:03:19+00:00","article:publisher":"https:\/\/www.facebook.com\/Nachofdezber","article:author":"https:\/\/www.facebook.com\/carrenoactualidad","twitter:card":"summary_large_image","twitter:site":"@NabercoDigital","twitter:title":"Justicia alemana respalda no conceder doctor honoris causa a Snowden | Cand\u00e1s 365","twitter:description":"Schwerin (Alemania), 15 jun (dpa) - El informante estadounidense Edward Snowden no ser\u00e1 nombrado doctor honoris causa de la Universidad de Rostock, inform\u00f3 hoy la Justicia alemana. El consejo de la Facultad de Filosof\u00eda no tuvo en cuenta el marco legal a la hora de proponer en 2014 al ex trabajador de los servicios secretos","twitter:creator":"@nbasturias","twitter:image":"https:\/\/candas365.es\/noticias\/wp-content\/uploads\/2015\/09\/c365noticias.jpg","twitter:label1":"Escrito por","twitter:data1":"Cand\u00e1s 365","twitter:label2":"Tiempo de lectura estimado","twitter:data2":"1 minuto"},"aioseo_meta_data":{"post_id":"30374","title":null,"description":null,"keywords":null,"keyphrases":null,"primary_term":null,"canonical_url":null,"og_title":null,"og_description":null,"og_object_type":"default","og_image_type":"default","og_image_url":null,"og_image_width":null,"og_image_height":null,"og_image_custom_url":null,"og_image_custom_fields":null,"og_video":null,"og_custom_url":null,"og_article_section":null,"og_article_tags":null,"twitter_use_og":false,"twitter_card":"default","twitter_image_type":"default","twitter_image_url":null,"twitter_image_custom_url":null,"twitter_image_custom_fields":null,"twitter_title":null,"twitter_description":null,"schema":{"blockGraphs":[],"customGraphs":[],"default":{"data":{"Article":[],"Course":[],"Dataset":[],"FAQPage":[],"Movie":[],"Person":[],"Product":[],"ProductReview":[],"Car":[],"Recipe":[],"Service":[],"SoftwareApplication":[],"WebPage":[]},"graphName":"","isEnabled":true},"graphs":[],"defaultGraph":"","defaultPostTypeGraph":""},"schema_type":null,"schema_type_options":null,"pillar_content":false,"robots_default":true,"robots_noindex":false,"robots_noarchive":false,"robots_nosnippet":false,"robots_nofollow":false,"robots_noimageindex":false,"robots_noodp":false,"robots_notranslate":false,"robots_max_snippet":null,"robots_max_videopreview":null,"robots_max_imagepreview":"large","priority":null,"frequency":null,"location":null,"local_seo":null,"seo_analyzer_scan_date":"2025-08-24 12:26:14","breadcrumb_settings":null,"limit_modified_date":false,"reviewed_by":null,"open_ai":null,"ai":null,"created":"2020-12-21 12:57:59","updated":"2025-08-24 12:26:14"},"aioseo_breadcrumb":"<div class=\"aioseo-breadcrumbs\"><span class=\"aioseo-breadcrumb\">\n\t<a href=\"https:\/\/candas365.es\/noticias\" title=\"Home\">Home<\/a>\n<\/span><span class=\"aioseo-breadcrumb-separator\">&ndash;<\/span><span class=\"aioseo-breadcrumb\">\n\t<a href=\"https:\/\/candas365.es\/noticias\/category\/actualidad\/\" title=\"Actualidad\">Actualidad<\/a>\n<\/span><span class=\"aioseo-breadcrumb-separator\">&ndash;<\/span><span class=\"aioseo-breadcrumb\">\n\tJusticia alemana respalda no conceder doctor honoris causa a Snowden\n<\/span><\/div>","aioseo_breadcrumb_json":[{"label":"Home","link":"https:\/\/candas365.es\/noticias"},{"label":"Actualidad","link":"https:\/\/candas365.es\/noticias\/category\/actualidad\/"},{"label":"Justicia alemana respalda no conceder doctor honoris causa a Snowden","link":"https:\/\/candas365.es\/noticias\/justicia-alemana-respalda-no-conceder-doctor-honoris-causa-a-snowden\/"}],"_links":{"self":[{"href":"https:\/\/candas365.es\/noticias\/wp-json\/wp\/v2\/posts\/30374","targetHints":{"allow":["GET"]}}],"collection":[{"href":"https:\/\/candas365.es\/noticias\/wp-json\/wp\/v2\/posts"}],"about":[{"href":"https:\/\/candas365.es\/noticias\/wp-json\/wp\/v2\/types\/post"}],"author":[{"embeddable":true,"href":"https:\/\/candas365.es\/noticias\/wp-json\/wp\/v2\/users\/1"}],"replies":[{"embeddable":true,"href":"https:\/\/candas365.es\/noticias\/wp-json\/wp\/v2\/comments?post=30374"}],"version-history":[{"count":0,"href":"https:\/\/candas365.es\/noticias\/wp-json\/wp\/v2\/posts\/30374\/revisions"}],"wp:featuredmedia":[{"embeddable":true,"href":"https:\/\/candas365.es\/noticias\/wp-json\/wp\/v2\/media\/16457"}],"wp:attachment":[{"href":"https:\/\/candas365.es\/noticias\/wp-json\/wp\/v2\/media?parent=30374"}],"wp:term":[{"taxonomy":"category","embeddable":true,"href":"https:\/\/candas365.es\/noticias\/wp-json\/wp\/v2\/categories?post=30374"},{"taxonomy":"post_tag","embeddable":true,"href":"https:\/\/candas365.es\/noticias\/wp-json\/wp\/v2\/tags?post=30374"}],"curies":[{"name":"wp","href":"https:\/\/api.w.org\/{rel}","templated":true}]}}