{"id":30372,"date":"2016-06-16T05:32:34","date_gmt":"2016-06-16T04:02:34","guid":{"rendered":"http:\/\/candas365.es\/noticias\/?p=30372"},"modified":"2016-06-16T05:32:34","modified_gmt":"2016-06-16T04:02:34","slug":"lewandowski-idolo-de-los-alemanes-que-quiere-ser-villano-con-polonia","status":"publish","type":"post","link":"https:\/\/candas365.es\/noticias\/lewandowski-idolo-de-los-alemanes-que-quiere-ser-villano-con-polonia\/","title":{"rendered":"Lewandowski, \u00eddolo de los alemanes que quiere ser villano con Polonia"},"content":{"rendered":"<p>Par\u00eds, 15 jun (dpa) &#8211; Idolatrado por una gran parte de los alemanes, Robert Lewandowski ma\u00f1ana querr\u00e1 ser el villano de Alemania cuando la enfrente con su Polonia en el Stade de France por la Eurocopa de f\u00fatbol.<\/p>\n<p>En Saint-Denis, el delantero buscar\u00e1 replicar su eficacia en la red con el club b\u00e1varo vistiendo los colores de Polonia, que quiere dar el golpe ante Alemania tras una victoria inicial frente a Irlanda del Norte por  1-0.<\/p>\n<p>En seis a\u00f1os en la Bundesliga alemana, Lewandowski conquist\u00f3 a las dos aficiones m\u00e1s grandes: Borussia Dortmund y Bayern Munich, pero ma\u00f1ana tendr\u00e1 a los hinchas teutones en su contra en el segundo partido del Grupo C.<\/p>\n<p>Lewandowski, de 27 a\u00f1os, llega en forma inmejorable tras consagrarse goleador de la \u00faltima Bundesliga, con 30 tantos, y de la etapa clasificatoria a la Euro con Polonia, con 13.<\/p>\n<p>Enfrente tendr\u00e1 a tres compa\u00f1eros de Bayern Munich: Manuel Neuer, Jerome Boateng y Thomas M\u00fcller, con quienes gan\u00f3 la \u00faltima liga alemana.<\/p>\n<p>\u00abSabemos cu\u00e1n fuerte es Alemania, pero daremos pelea. Todo es posible en este torneo\u00bb, dijo Lewandowski, el jugador m\u00e1s requerido por los medios en la previa al duelo.<\/p>\n<p>Lo que m\u00e1s temen sus compa\u00f1eros es su poder\u00edo ofensivo. Su inagotable capacidad goleadora lo puso, inclusive, en el libro Guinness de los r\u00e9cords cuando anot\u00f3 cinco goles en nueve minutos en septiembre pasado en la victoria 5-1 de Bayern Munich sobre Wolfsburgo.<\/p>\n<p>Pero el delantero polaco ya sab\u00eda lo que era marcar en grande: hab\u00eda anotado cuatro goles ante Real Madrid jugando para Borussia Dortmund en las semifinales de la Liga de Campeones en 2013.<\/p>\n<p>Lewandowski es sin\u00f3nimo de gol, pero no es \u00fanicamente eso. Con su altura (1,84 metros) es muy h\u00e1bil para rematar con ambas piernas, salir de una jugada individual y definir, adem\u00e1s de poseer una gran velocidad.<\/p>\n<p>Estas habilidades el polaco las fue perfeccionando durante sus seis a\u00f1os en Alemania, luego de una llegada a la Bundesliga con cuestionamientos por su falta de masa muscular.<\/p>\n<p>El karma por \u00ablas piernas de palos\u00bb lo acompa\u00f1\u00f3 desde ni\u00f1o al punto de que su entrenador del Legia Varsovia, escuela donde se form\u00f3 en Polonia, le recomend\u00f3 que comiera tocino, seg\u00fan cont\u00f3 a \u00abEl Pa\u00eds\u00bb.<\/p>\n<p>Su llegada a la Bundesliga, en 2010, inclusive tuvo un episodio fortuito. Originalmente iba viajar desde el Lech Poznan a Inglaterra para mantener conversaciones con el Blackburn Rovers ingl\u00e9s, pero el vuelo que iba a tomar ese 17 de abril se cancel\u00f3 debido a las cenizas del volc\u00e1n Eyjafjallajokull en Islandia.<\/p>\n<p>Enseguida apareci\u00f3 Borussia Dortmund y se qued\u00f3 con el pase del delantero, entonces de 22 a\u00f1os, por 4,5 millones de euros. Tras la mejor temporada de su carrera, lo requieren los clubes m\u00e1s poderosos del mundo como Real Madrid y Manchester United.<\/p>\n<p>Si Lewandowski cambia de pa\u00eds y deja la Bundesliga tras la Eurocopa, se ir\u00e1 como un \u00eddolo de Alemania, pero ma\u00f1ana jugar\u00e1 a ser el villano de los campeones del mundo.<\/p>\n<p>Por Santiago Peluffo <\/p>\n","protected":false},"excerpt":{"rendered":"<p>Par\u00eds, 15 jun (dpa) &#8211; Idolatrado por una gran parte de los alemanes, Robert Lewandowski ma\u00f1ana querr\u00e1 ser el villano de Alemania cuando la enfrente con su Polonia en el Stade de France por la Eurocopa de f\u00fatbol. En Saint-Denis, el delantero buscar\u00e1 replicar su eficacia en la red con el club b\u00e1varo vistiendo los<\/p>\n","protected":false},"author":1,"featured_media":29884,"comment_status":"closed","ping_status":"closed","sticky":false,"template":"","format":"standard","meta":{"footnotes":""},"categories":[343],"tags":[],"class_list":{"0":"post-30372","1":"post","2":"type-post","3":"status-publish","4":"format-standard","5":"has-post-thumbnail","7":"category-actualidad"},"aioseo_notices":[],"aioseo_head":"\n\t\t<!-- All in One SEO Pro 4.9.6.2 - aioseo.com -->\n\t<meta name=\"description\" content=\"Par\u00eds, 15 jun (dpa) - Idolatrado por una gran parte de los alemanes, Robert Lewandowski ma\u00f1ana querr\u00e1 ser el villano de Alemania cuando la enfrente con su Polonia en el Stade de France por la Eurocopa de f\u00fatbol. En Saint-Denis, el delantero buscar\u00e1 replicar su eficacia en la red con el club b\u00e1varo vistiendo los\" \/>\n\t<meta name=\"robots\" content=\"max-image-preview:large\" \/>\n\t<meta name=\"author\" content=\"Cand\u00e1s 365\"\/>\n\t<meta name=\"google-site-verification\" content=\"UA-32230408-1\" \/>\n\t<meta name=\"msvalidate.01\" content=\"354F3CDFB2DA171B47FBE9ABF1F88D5\" \/>\n\t<meta name=\"keywords\" content=\"actualidad\" \/>\n\t<link rel=\"canonical\" href=\"https:\/\/candas365.es\/noticias\/lewandowski-idolo-de-los-alemanes-que-quiere-ser-villano-con-polonia\/\" \/>\n\t<meta name=\"generator\" content=\"All in One SEO Pro (AIOSEO) 4.9.6.2\" \/>\n\t\t<meta property=\"og:locale\" content=\"es_ES\" \/>\n\t\t<meta property=\"og:site_name\" content=\"Cand\u00e1s 365\" \/>\n\t\t<meta property=\"og:type\" content=\"article\" \/>\n\t\t<meta property=\"og:title\" content=\"Lewandowski, \u00eddolo de los alemanes que quiere ser villano con Polonia | Cand\u00e1s 365\" \/>\n\t\t<meta property=\"og:description\" content=\"Par\u00eds, 15 jun (dpa) - Idolatrado por una gran parte de los alemanes, Robert Lewandowski ma\u00f1ana querr\u00e1 ser el villano de Alemania cuando la enfrente con su Polonia en el Stade de France por la Eurocopa de f\u00fatbol. En Saint-Denis, el delantero buscar\u00e1 replicar su eficacia en la red con el club b\u00e1varo vistiendo los\" \/>\n\t\t<meta property=\"og:url\" content=\"https:\/\/candas365.es\/noticias\/lewandowski-idolo-de-los-alemanes-que-quiere-ser-villano-con-polonia\/\" \/>\n\t\t<meta property=\"og:image\" content=\"https:\/\/candas365.es\/noticias\/wp-content\/uploads\/2016\/06\/euro2016.jpg\" \/>\n\t\t<meta property=\"og:image:secure_url\" content=\"https:\/\/candas365.es\/noticias\/wp-content\/uploads\/2016\/06\/euro2016.jpg\" \/>\n\t\t<meta property=\"og:image:width\" content=\"800\" \/>\n\t\t<meta property=\"og:image:height\" content=\"478\" \/>\n\t\t<meta property=\"article:published_time\" content=\"2016-06-16T04:02:34+00:00\" \/>\n\t\t<meta property=\"article:modified_time\" content=\"2016-06-16T04:02:34+00:00\" \/>\n\t\t<meta property=\"article:publisher\" content=\"https:\/\/www.facebook.com\/Nachofdezber\" \/>\n\t\t<meta property=\"article:author\" content=\"https:\/\/www.facebook.com\/carrenoactualidad\" \/>\n\t\t<meta name=\"twitter:card\" content=\"summary_large_image\" \/>\n\t\t<meta name=\"twitter:site\" content=\"@NabercoDigital\" \/>\n\t\t<meta name=\"twitter:title\" content=\"Lewandowski, \u00eddolo de los alemanes que quiere ser villano con Polonia | Cand\u00e1s 365\" \/>\n\t\t<meta name=\"twitter:description\" content=\"Par\u00eds, 15 jun (dpa) - Idolatrado por una gran parte de los alemanes, Robert Lewandowski ma\u00f1ana querr\u00e1 ser el villano de Alemania cuando la enfrente con su Polonia en el Stade de France por la Eurocopa de f\u00fatbol. En Saint-Denis, el delantero buscar\u00e1 replicar su eficacia en la red con el club b\u00e1varo vistiendo los\" \/>\n\t\t<meta name=\"twitter:creator\" content=\"@nbasturias\" \/>\n\t\t<meta name=\"twitter:image\" content=\"https:\/\/candas365.es\/noticias\/wp-content\/uploads\/2016\/06\/euro2016.jpg\" \/>\n\t\t<meta name=\"twitter:label1\" content=\"Escrito por\" \/>\n\t\t<meta name=\"twitter:data1\" content=\"Cand\u00e1s 365\" \/>\n\t\t<meta name=\"twitter:label2\" content=\"Tiempo de lectura estimado\" \/>\n\t\t<meta name=\"twitter:data2\" content=\"3 minutos\" \/>\n\t\t<script type=\"application\/ld+json\" class=\"aioseo-schema\">\n\t\t\t{\"@context\":\"https:\\\/\\\/schema.org\",\"@graph\":[{\"@type\":\"BreadcrumbList\",\"@id\":\"https:\\\/\\\/candas365.es\\\/noticias\\\/lewandowski-idolo-de-los-alemanes-que-quiere-ser-villano-con-polonia\\\/#breadcrumblist\",\"itemListElement\":[{\"@type\":\"ListItem\",\"@id\":\"https:\\\/\\\/candas365.es\\\/noticias#listItem\",\"position\":1,\"name\":\"Home\",\"item\":\"https:\\\/\\\/candas365.es\\\/noticias\",\"nextItem\":{\"@type\":\"ListItem\",\"@id\":\"https:\\\/\\\/candas365.es\\\/noticias\\\/category\\\/actualidad\\\/#listItem\",\"name\":\"Actualidad\"}},{\"@type\":\"ListItem\",\"@id\":\"https:\\\/\\\/candas365.es\\\/noticias\\\/category\\\/actualidad\\\/#listItem\",\"position\":2,\"name\":\"Actualidad\",\"item\":\"https:\\\/\\\/candas365.es\\\/noticias\\\/category\\\/actualidad\\\/\",\"nextItem\":{\"@type\":\"ListItem\",\"@id\":\"https:\\\/\\\/candas365.es\\\/noticias\\\/lewandowski-idolo-de-los-alemanes-que-quiere-ser-villano-con-polonia\\\/#listItem\",\"name\":\"Lewandowski, \\u00eddolo de los alemanes que quiere ser villano con Polonia\"},\"previousItem\":{\"@type\":\"ListItem\",\"@id\":\"https:\\\/\\\/candas365.es\\\/noticias#listItem\",\"name\":\"Home\"}},{\"@type\":\"ListItem\",\"@id\":\"https:\\\/\\\/candas365.es\\\/noticias\\\/lewandowski-idolo-de-los-alemanes-que-quiere-ser-villano-con-polonia\\\/#listItem\",\"position\":3,\"name\":\"Lewandowski, \\u00eddolo de los alemanes que quiere ser villano con Polonia\",\"previousItem\":{\"@type\":\"ListItem\",\"@id\":\"https:\\\/\\\/candas365.es\\\/noticias\\\/category\\\/actualidad\\\/#listItem\",\"name\":\"Actualidad\"}}]},{\"@type\":\"NewsArticle\",\"@id\":\"https:\\\/\\\/candas365.es\\\/noticias\\\/lewandowski-idolo-de-los-alemanes-que-quiere-ser-villano-con-polonia\\\/#newsarticle\",\"name\":\"Lewandowski, \\u00eddolo de los alemanes que quiere ser villano con Polonia | Cand\\u00e1s 365\",\"headline\":\"Lewandowski, \\u00eddolo de los alemanes que quiere ser villano con Polonia\",\"author\":{\"@id\":\"https:\\\/\\\/candas365.es\\\/noticias\\\/author\\\/admin\\\/#author\"},\"publisher\":{\"@id\":\"https:\\\/\\\/candas365.es\\\/noticias\\\/#organization\"},\"image\":{\"@type\":\"ImageObject\",\"url\":\"https:\\\/\\\/candas365.es\\\/noticias\\\/wp-content\\\/uploads\\\/2016\\\/06\\\/euro2016.jpg\",\"width\":800,\"height\":478},\"datePublished\":\"2016-06-16T05:32:34+02:00\",\"dateModified\":\"2016-06-16T05:32:34+02:00\",\"inLanguage\":\"es-ES\",\"mainEntityOfPage\":{\"@id\":\"https:\\\/\\\/candas365.es\\\/noticias\\\/lewandowski-idolo-de-los-alemanes-que-quiere-ser-villano-con-polonia\\\/#webpage\"},\"isPartOf\":{\"@id\":\"https:\\\/\\\/candas365.es\\\/noticias\\\/lewandowski-idolo-de-los-alemanes-que-quiere-ser-villano-con-polonia\\\/#webpage\"},\"articleSection\":\"Actualidad\",\"dateline\":\"Publicado el junio 16, 2016.\"},{\"@type\":\"Organization\",\"@id\":\"https:\\\/\\\/candas365.es\\\/noticias\\\/#organization\",\"name\":\"Cand\\u00e1s 365\",\"description\":\"Cand\\u00e1s 365 es un diario digital independiente, fundado en 2012, con base en Asturias. Informamos con rigor sobre actualidad, sociedad, cultura y ocio, con una mirada local y global.\",\"url\":\"https:\\\/\\\/candas365.es\\\/noticias\\\/\",\"email\":\"info@candas365.es\",\"telephone\":\"+34652131393\",\"foundingDate\":\"2012-06-10\",\"logo\":{\"@type\":\"ImageObject\",\"url\":\"https:\\\/\\\/candas365.es\\\/noticias\\\/wp-content\\\/uploads\\\/2024\\\/09\\\/Candas-365-Redes.jpg\",\"@id\":\"https:\\\/\\\/candas365.es\\\/noticias\\\/lewandowski-idolo-de-los-alemanes-que-quiere-ser-villano-con-polonia\\\/#organizationLogo\",\"width\":1152,\"height\":864,\"caption\":\"Cand\\u00e1s 365 Redes\"},\"image\":{\"@id\":\"https:\\\/\\\/candas365.es\\\/noticias\\\/lewandowski-idolo-de-los-alemanes-que-quiere-ser-villano-con-polonia\\\/#organizationLogo\"},\"sameAs\":[\"https:\\\/\\\/www.facebook.com\\\/Nachofdezber\",\"https:\\\/\\\/x.com\\\/NabercoDigital\",\"https:\\\/\\\/www.instagram.com\\\/nachofdezber\\\/\",\"https:\\\/\\\/www.youtube.com\\\/channel\\\/UCZP-2wLEB9Rv6erhFmqVnvg\"],\"address\":{\"@id\":\"https:\\\/\\\/candas365.es\\\/noticias\\\/#postaladdress\",\"@type\":\"PostalAddress\",\"streetAddress\":\"san antonio 4, san antonio 4\",\"postalCode\":\"33430\",\"addressLocality\":\"Cand\\u00e1s\",\"addressRegion\":\"Asturias\",\"addressCountry\":\"ES\"}},{\"@type\":\"Person\",\"@id\":\"https:\\\/\\\/candas365.es\\\/noticias\\\/author\\\/admin\\\/#author\",\"url\":\"https:\\\/\\\/candas365.es\\\/noticias\\\/author\\\/admin\\\/\",\"name\":\"Cand\\u00e1s 365\",\"image\":{\"@type\":\"ImageObject\",\"@id\":\"https:\\\/\\\/candas365.es\\\/noticias\\\/lewandowski-idolo-de-los-alemanes-que-quiere-ser-villano-con-polonia\\\/#authorImage\",\"url\":\"https:\\\/\\\/secure.gravatar.com\\\/avatar\\\/496a8e03d0c493ede1718b7934145dbdf8d89be1036b0eec9544e1094c9de390?s=96&d=mm&r=g\",\"width\":96,\"height\":96,\"caption\":\"Cand\\u00e1s 365\"},\"sameAs\":[\"https:\\\/\\\/www.facebook.com\\\/carrenoactualidad\",\"https:\\\/\\\/twitter.com\\\/nbasturias\",\"https:\\\/\\\/www.instagram.com\\\/nachofdezber\\\/\",\"https:\\\/\\\/www.youtube.com\\\/channel\\\/UCZP-2wLEB9Rv6erhFmqVnvg\"]},{\"@type\":\"WebPage\",\"@id\":\"https:\\\/\\\/candas365.es\\\/noticias\\\/lewandowski-idolo-de-los-alemanes-que-quiere-ser-villano-con-polonia\\\/#webpage\",\"url\":\"https:\\\/\\\/candas365.es\\\/noticias\\\/lewandowski-idolo-de-los-alemanes-que-quiere-ser-villano-con-polonia\\\/\",\"name\":\"Lewandowski, \\u00eddolo de los alemanes que quiere ser villano con Polonia | Cand\\u00e1s 365\",\"description\":\"Par\\u00eds, 15 jun (dpa) - Idolatrado por una gran parte de los alemanes, Robert Lewandowski ma\\u00f1ana querr\\u00e1 ser el villano de Alemania cuando la enfrente con su Polonia en el Stade de France por la Eurocopa de f\\u00fatbol. En Saint-Denis, el delantero buscar\\u00e1 replicar su eficacia en la red con el club b\\u00e1varo vistiendo los\",\"inLanguage\":\"es-ES\",\"isPartOf\":{\"@id\":\"https:\\\/\\\/candas365.es\\\/noticias\\\/#website\"},\"breadcrumb\":{\"@id\":\"https:\\\/\\\/candas365.es\\\/noticias\\\/lewandowski-idolo-de-los-alemanes-que-quiere-ser-villano-con-polonia\\\/#breadcrumblist\"},\"author\":{\"@id\":\"https:\\\/\\\/candas365.es\\\/noticias\\\/author\\\/admin\\\/#author\"},\"creator\":{\"@id\":\"https:\\\/\\\/candas365.es\\\/noticias\\\/author\\\/admin\\\/#author\"},\"image\":{\"@type\":\"ImageObject\",\"url\":\"https:\\\/\\\/candas365.es\\\/noticias\\\/wp-content\\\/uploads\\\/2016\\\/06\\\/euro2016.jpg\",\"@id\":\"https:\\\/\\\/candas365.es\\\/noticias\\\/lewandowski-idolo-de-los-alemanes-que-quiere-ser-villano-con-polonia\\\/#mainImage\",\"width\":800,\"height\":478},\"primaryImageOfPage\":{\"@id\":\"https:\\\/\\\/candas365.es\\\/noticias\\\/lewandowski-idolo-de-los-alemanes-que-quiere-ser-villano-con-polonia\\\/#mainImage\"},\"datePublished\":\"2016-06-16T05:32:34+02:00\",\"dateModified\":\"2016-06-16T05:32:34+02:00\"},{\"@type\":\"WebSite\",\"@id\":\"https:\\\/\\\/candas365.es\\\/noticias\\\/#website\",\"url\":\"https:\\\/\\\/candas365.es\\\/noticias\\\/\",\"name\":\"Cand\\u00e1s 365\",\"alternateName\":\"Cand\\u00e1s 365 Noticias\",\"description\":\"Actualidad desde Carre\\u00f1o para el mundo\",\"inLanguage\":\"es-ES\",\"publisher\":{\"@id\":\"https:\\\/\\\/candas365.es\\\/noticias\\\/#organization\"}}]}\n\t\t<\/script>\n\t\t<!-- All in One SEO Pro -->\r\n\t\t<title>Lewandowski, \u00eddolo de los alemanes que quiere ser villano con Polonia | Cand\u00e1s 365<\/title>\n\n","aioseo_head_json":{"title":"Lewandowski, \u00eddolo de los alemanes que quiere ser villano con Polonia | Cand\u00e1s 365","description":"Par\u00eds, 15 jun (dpa) - Idolatrado por una gran parte de los alemanes, Robert Lewandowski ma\u00f1ana querr\u00e1 ser el villano de Alemania cuando la enfrente con su Polonia en el Stade de France por la Eurocopa de f\u00fatbol. En Saint-Denis, el delantero buscar\u00e1 replicar su eficacia en la red con el club b\u00e1varo vistiendo los","canonical_url":"https:\/\/candas365.es\/noticias\/lewandowski-idolo-de-los-alemanes-que-quiere-ser-villano-con-polonia\/","robots":"max-image-preview:large","keywords":"actualidad","webmasterTools":{"google-site-verification":"UA-32230408-1","msvalidate.01":"354F3CDFB2DA171B47FBE9ABF1F88D5","miscellaneous":""},"schema":{"@context":"https:\/\/schema.org","@graph":[{"@type":"BreadcrumbList","@id":"https:\/\/candas365.es\/noticias\/lewandowski-idolo-de-los-alemanes-que-quiere-ser-villano-con-polonia\/#breadcrumblist","itemListElement":[{"@type":"ListItem","@id":"https:\/\/candas365.es\/noticias#listItem","position":1,"name":"Home","item":"https:\/\/candas365.es\/noticias","nextItem":{"@type":"ListItem","@id":"https:\/\/candas365.es\/noticias\/category\/actualidad\/#listItem","name":"Actualidad"}},{"@type":"ListItem","@id":"https:\/\/candas365.es\/noticias\/category\/actualidad\/#listItem","position":2,"name":"Actualidad","item":"https:\/\/candas365.es\/noticias\/category\/actualidad\/","nextItem":{"@type":"ListItem","@id":"https:\/\/candas365.es\/noticias\/lewandowski-idolo-de-los-alemanes-que-quiere-ser-villano-con-polonia\/#listItem","name":"Lewandowski, \u00eddolo de los alemanes que quiere ser villano con Polonia"},"previousItem":{"@type":"ListItem","@id":"https:\/\/candas365.es\/noticias#listItem","name":"Home"}},{"@type":"ListItem","@id":"https:\/\/candas365.es\/noticias\/lewandowski-idolo-de-los-alemanes-que-quiere-ser-villano-con-polonia\/#listItem","position":3,"name":"Lewandowski, \u00eddolo de los alemanes que quiere ser villano con Polonia","previousItem":{"@type":"ListItem","@id":"https:\/\/candas365.es\/noticias\/category\/actualidad\/#listItem","name":"Actualidad"}}]},{"@type":"NewsArticle","@id":"https:\/\/candas365.es\/noticias\/lewandowski-idolo-de-los-alemanes-que-quiere-ser-villano-con-polonia\/#newsarticle","name":"Lewandowski, \u00eddolo de los alemanes que quiere ser villano con Polonia | Cand\u00e1s 365","headline":"Lewandowski, \u00eddolo de los alemanes que quiere ser villano con Polonia","author":{"@id":"https:\/\/candas365.es\/noticias\/author\/admin\/#author"},"publisher":{"@id":"https:\/\/candas365.es\/noticias\/#organization"},"image":{"@type":"ImageObject","url":"https:\/\/candas365.es\/noticias\/wp-content\/uploads\/2016\/06\/euro2016.jpg","width":800,"height":478},"datePublished":"2016-06-16T05:32:34+02:00","dateModified":"2016-06-16T05:32:34+02:00","inLanguage":"es-ES","mainEntityOfPage":{"@id":"https:\/\/candas365.es\/noticias\/lewandowski-idolo-de-los-alemanes-que-quiere-ser-villano-con-polonia\/#webpage"},"isPartOf":{"@id":"https:\/\/candas365.es\/noticias\/lewandowski-idolo-de-los-alemanes-que-quiere-ser-villano-con-polonia\/#webpage"},"articleSection":"Actualidad","dateline":"Publicado el junio 16, 2016."},{"@type":"Organization","@id":"https:\/\/candas365.es\/noticias\/#organization","name":"Cand\u00e1s 365","description":"Cand\u00e1s 365 es un diario digital independiente, fundado en 2012, con base en Asturias. Informamos con rigor sobre actualidad, sociedad, cultura y ocio, con una mirada local y global.","url":"https:\/\/candas365.es\/noticias\/","email":"info@candas365.es","telephone":"+34652131393","foundingDate":"2012-06-10","logo":{"@type":"ImageObject","url":"https:\/\/candas365.es\/noticias\/wp-content\/uploads\/2024\/09\/Candas-365-Redes.jpg","@id":"https:\/\/candas365.es\/noticias\/lewandowski-idolo-de-los-alemanes-que-quiere-ser-villano-con-polonia\/#organizationLogo","width":1152,"height":864,"caption":"Cand\u00e1s 365 Redes"},"image":{"@id":"https:\/\/candas365.es\/noticias\/lewandowski-idolo-de-los-alemanes-que-quiere-ser-villano-con-polonia\/#organizationLogo"},"sameAs":["https:\/\/www.facebook.com\/Nachofdezber","https:\/\/x.com\/NabercoDigital","https:\/\/www.instagram.com\/nachofdezber\/","https:\/\/www.youtube.com\/channel\/UCZP-2wLEB9Rv6erhFmqVnvg"],"address":{"@id":"https:\/\/candas365.es\/noticias\/#postaladdress","@type":"PostalAddress","streetAddress":"san antonio 4, san antonio 4","postalCode":"33430","addressLocality":"Cand\u00e1s","addressRegion":"Asturias","addressCountry":"ES"}},{"@type":"Person","@id":"https:\/\/candas365.es\/noticias\/author\/admin\/#author","url":"https:\/\/candas365.es\/noticias\/author\/admin\/","name":"Cand\u00e1s 365","image":{"@type":"ImageObject","@id":"https:\/\/candas365.es\/noticias\/lewandowski-idolo-de-los-alemanes-que-quiere-ser-villano-con-polonia\/#authorImage","url":"https:\/\/secure.gravatar.com\/avatar\/496a8e03d0c493ede1718b7934145dbdf8d89be1036b0eec9544e1094c9de390?s=96&d=mm&r=g","width":96,"height":96,"caption":"Cand\u00e1s 365"},"sameAs":["https:\/\/www.facebook.com\/carrenoactualidad","https:\/\/twitter.com\/nbasturias","https:\/\/www.instagram.com\/nachofdezber\/","https:\/\/www.youtube.com\/channel\/UCZP-2wLEB9Rv6erhFmqVnvg"]},{"@type":"WebPage","@id":"https:\/\/candas365.es\/noticias\/lewandowski-idolo-de-los-alemanes-que-quiere-ser-villano-con-polonia\/#webpage","url":"https:\/\/candas365.es\/noticias\/lewandowski-idolo-de-los-alemanes-que-quiere-ser-villano-con-polonia\/","name":"Lewandowski, \u00eddolo de los alemanes que quiere ser villano con Polonia | Cand\u00e1s 365","description":"Par\u00eds, 15 jun (dpa) - Idolatrado por una gran parte de los alemanes, Robert Lewandowski ma\u00f1ana querr\u00e1 ser el villano de Alemania cuando la enfrente con su Polonia en el Stade de France por la Eurocopa de f\u00fatbol. En Saint-Denis, el delantero buscar\u00e1 replicar su eficacia en la red con el club b\u00e1varo vistiendo los","inLanguage":"es-ES","isPartOf":{"@id":"https:\/\/candas365.es\/noticias\/#website"},"breadcrumb":{"@id":"https:\/\/candas365.es\/noticias\/lewandowski-idolo-de-los-alemanes-que-quiere-ser-villano-con-polonia\/#breadcrumblist"},"author":{"@id":"https:\/\/candas365.es\/noticias\/author\/admin\/#author"},"creator":{"@id":"https:\/\/candas365.es\/noticias\/author\/admin\/#author"},"image":{"@type":"ImageObject","url":"https:\/\/candas365.es\/noticias\/wp-content\/uploads\/2016\/06\/euro2016.jpg","@id":"https:\/\/candas365.es\/noticias\/lewandowski-idolo-de-los-alemanes-que-quiere-ser-villano-con-polonia\/#mainImage","width":800,"height":478},"primaryImageOfPage":{"@id":"https:\/\/candas365.es\/noticias\/lewandowski-idolo-de-los-alemanes-que-quiere-ser-villano-con-polonia\/#mainImage"},"datePublished":"2016-06-16T05:32:34+02:00","dateModified":"2016-06-16T05:32:34+02:00"},{"@type":"WebSite","@id":"https:\/\/candas365.es\/noticias\/#website","url":"https:\/\/candas365.es\/noticias\/","name":"Cand\u00e1s 365","alternateName":"Cand\u00e1s 365 Noticias","description":"Actualidad desde Carre\u00f1o para el mundo","inLanguage":"es-ES","publisher":{"@id":"https:\/\/candas365.es\/noticias\/#organization"}}]},"og:locale":"es_ES","og:site_name":"Cand\u00e1s 365","og:type":"article","og:title":"Lewandowski, \u00eddolo de los alemanes que quiere ser villano con Polonia | Cand\u00e1s 365","og:description":"Par\u00eds, 15 jun (dpa) - Idolatrado por una gran parte de los alemanes, Robert Lewandowski ma\u00f1ana querr\u00e1 ser el villano de Alemania cuando la enfrente con su Polonia en el Stade de France por la Eurocopa de f\u00fatbol. En Saint-Denis, el delantero buscar\u00e1 replicar su eficacia en la red con el club b\u00e1varo vistiendo los","og:url":"https:\/\/candas365.es\/noticias\/lewandowski-idolo-de-los-alemanes-que-quiere-ser-villano-con-polonia\/","og:image":"https:\/\/candas365.es\/noticias\/wp-content\/uploads\/2016\/06\/euro2016.jpg","og:image:secure_url":"https:\/\/candas365.es\/noticias\/wp-content\/uploads\/2016\/06\/euro2016.jpg","og:image:width":800,"og:image:height":478,"article:published_time":"2016-06-16T04:02:34+00:00","article:modified_time":"2016-06-16T04:02:34+00:00","article:publisher":"https:\/\/www.facebook.com\/Nachofdezber","article:author":"https:\/\/www.facebook.com\/carrenoactualidad","twitter:card":"summary_large_image","twitter:site":"@NabercoDigital","twitter:title":"Lewandowski, \u00eddolo de los alemanes que quiere ser villano con Polonia | Cand\u00e1s 365","twitter:description":"Par\u00eds, 15 jun (dpa) - Idolatrado por una gran parte de los alemanes, Robert Lewandowski ma\u00f1ana querr\u00e1 ser el villano de Alemania cuando la enfrente con su Polonia en el Stade de France por la Eurocopa de f\u00fatbol. En Saint-Denis, el delantero buscar\u00e1 replicar su eficacia en la red con el club b\u00e1varo vistiendo los","twitter:creator":"@nbasturias","twitter:image":"https:\/\/candas365.es\/noticias\/wp-content\/uploads\/2016\/06\/euro2016.jpg","twitter:label1":"Escrito por","twitter:data1":"Cand\u00e1s 365","twitter:label2":"Tiempo de lectura estimado","twitter:data2":"3 minutos"},"aioseo_meta_data":{"post_id":"30372","title":null,"description":null,"keywords":null,"keyphrases":null,"primary_term":null,"canonical_url":null,"og_title":null,"og_description":null,"og_object_type":"default","og_image_type":"default","og_image_url":null,"og_image_width":null,"og_image_height":null,"og_image_custom_url":null,"og_image_custom_fields":null,"og_video":null,"og_custom_url":null,"og_article_section":null,"og_article_tags":null,"twitter_use_og":false,"twitter_card":"default","twitter_image_type":"default","twitter_image_url":null,"twitter_image_custom_url":null,"twitter_image_custom_fields":null,"twitter_title":null,"twitter_description":null,"schema":{"blockGraphs":[],"customGraphs":[],"default":{"data":{"Article":[],"Course":[],"Dataset":[],"FAQPage":[],"Movie":[],"Person":[],"Product":[],"ProductReview":[],"Car":[],"Recipe":[],"Service":[],"SoftwareApplication":[],"WebPage":[]},"graphName":"","isEnabled":true},"graphs":[],"defaultGraph":"","defaultPostTypeGraph":""},"schema_type":null,"schema_type_options":null,"pillar_content":false,"robots_default":true,"robots_noindex":false,"robots_noarchive":false,"robots_nosnippet":false,"robots_nofollow":false,"robots_noimageindex":false,"robots_noodp":false,"robots_notranslate":false,"robots_max_snippet":null,"robots_max_videopreview":null,"robots_max_imagepreview":"large","priority":null,"frequency":null,"location":null,"local_seo":null,"seo_analyzer_scan_date":"2025-08-24 12:24:18","breadcrumb_settings":null,"limit_modified_date":false,"reviewed_by":null,"open_ai":null,"ai":null,"created":"2020-12-21 12:57:59","updated":"2025-08-24 12:24:18"},"aioseo_breadcrumb":"<div class=\"aioseo-breadcrumbs\"><span class=\"aioseo-breadcrumb\">\n\t<a href=\"https:\/\/candas365.es\/noticias\" title=\"Home\">Home<\/a>\n<\/span><span class=\"aioseo-breadcrumb-separator\">&ndash;<\/span><span class=\"aioseo-breadcrumb\">\n\t<a href=\"https:\/\/candas365.es\/noticias\/category\/actualidad\/\" title=\"Actualidad\">Actualidad<\/a>\n<\/span><span class=\"aioseo-breadcrumb-separator\">&ndash;<\/span><span class=\"aioseo-breadcrumb\">\n\tLewandowski, \u00eddolo de los alemanes que quiere ser villano con Polonia\n<\/span><\/div>","aioseo_breadcrumb_json":[{"label":"Home","link":"https:\/\/candas365.es\/noticias"},{"label":"Actualidad","link":"https:\/\/candas365.es\/noticias\/category\/actualidad\/"},{"label":"Lewandowski, \u00eddolo de los alemanes que quiere ser villano con Polonia","link":"https:\/\/candas365.es\/noticias\/lewandowski-idolo-de-los-alemanes-que-quiere-ser-villano-con-polonia\/"}],"_links":{"self":[{"href":"https:\/\/candas365.es\/noticias\/wp-json\/wp\/v2\/posts\/30372","targetHints":{"allow":["GET"]}}],"collection":[{"href":"https:\/\/candas365.es\/noticias\/wp-json\/wp\/v2\/posts"}],"about":[{"href":"https:\/\/candas365.es\/noticias\/wp-json\/wp\/v2\/types\/post"}],"author":[{"embeddable":true,"href":"https:\/\/candas365.es\/noticias\/wp-json\/wp\/v2\/users\/1"}],"replies":[{"embeddable":true,"href":"https:\/\/candas365.es\/noticias\/wp-json\/wp\/v2\/comments?post=30372"}],"version-history":[{"count":0,"href":"https:\/\/candas365.es\/noticias\/wp-json\/wp\/v2\/posts\/30372\/revisions"}],"wp:featuredmedia":[{"embeddable":true,"href":"https:\/\/candas365.es\/noticias\/wp-json\/wp\/v2\/media\/29884"}],"wp:attachment":[{"href":"https:\/\/candas365.es\/noticias\/wp-json\/wp\/v2\/media?parent=30372"}],"wp:term":[{"taxonomy":"category","embeddable":true,"href":"https:\/\/candas365.es\/noticias\/wp-json\/wp\/v2\/categories?post=30372"},{"taxonomy":"post_tag","embeddable":true,"href":"https:\/\/candas365.es\/noticias\/wp-json\/wp\/v2\/tags?post=30372"}],"curies":[{"name":"wp","href":"https:\/\/api.w.org\/{rel}","templated":true}]}}