{"id":30366,"date":"2016-06-16T05:29:45","date_gmt":"2016-06-16T03:59:45","guid":{"rendered":"http:\/\/candas365.es\/noticias\/?p=30366"},"modified":"2016-06-16T05:29:45","modified_gmt":"2016-06-16T03:59:45","slug":"francfort-y-el-brexit-impulso-para-la-plaza-financiera-alemana","status":"publish","type":"post","link":"https:\/\/candas365.es\/noticias\/francfort-y-el-brexit-impulso-para-la-plaza-financiera-alemana\/","title":{"rendered":"Fr\u00e1ncfort y el \u00abBrexit\u00bb: \u00bfImpulso para la plaza financiera alemana?"},"content":{"rendered":"<p>Fr\u00e1ncfort, 15 jun (dpa) &#8211; La posible salida de Reino Unido de la Uni\u00f3n Europea \u00bfser\u00eda una suerte para la plaza financiera de Fr\u00e1ncfort? Muchos expertos est\u00e1n seguros de que Londres perder\u00eda su posici\u00f3n como el centro m\u00e1s importante del continente para el capital, pero esta perspectiva tampoco desata el j\u00fabilo en la metr\u00f3poli alemana. <\/p>\n<p>Fr\u00e1ncfort ya atrae en la actualidad al p\u00fablico internacional con su denso entramado de institutos financieros, pero pese a ello la Asociaci\u00f3n de Bancos Extranjeros en Alemania advierte de crear falsas expectativas. <\/p>\n<p>\u00abA veces se oye aqu\u00ed en el centro de la ciudad, y no s\u00f3lo all\u00ed, que Fr\u00e1ncfort se beneficiar\u00e1 como plaza financiera de una salida de Reino Unido de la Uni\u00f3n Europea (UE)\u00bb, afirm\u00f3 su presidente, Stefan Winter, del banco suizo UBS. <\/p>\n<p>\u00abCreo que esas declaraciones son prematuras a la vista de las numerosas variables, desconocimiento e incertidumbres en torno a si Reino Unido abandona la UE\u00bb, apunt\u00f3. <\/p>\n<p>El hecho es que los bancos necesitan legalmente establecer una filial con sede en un pa\u00eds de la UE para poder prestar sus servicios en el interior del bloque. <\/p>\n<p>Si se produjera un \u00abBrexit\u00bb, los negocios con clientes en la UE deber\u00edan \u00abdesplazarse junto con su personal e infraestructuras desde Reino Unido a la UE, y lo m\u00e1s probable es que lo hicieran a sitios como Par\u00eds, Dubl\u00edn o Fr\u00e1ncfort\u00bb, explic\u00f3 el DZ Bank. <\/p>\n<p>Los expertos del sector no creen que esto signifique en modo alguno que Fr\u00e1ncfort ganara la carrera como alternativa futura para las instituciones financieras. <\/p>\n<p>La ciudad m\u00e1s grande del estado federado de Hesse parece estar a punto de reventar: escasean las viviendas asequibles y las calles sufren embotellamientos con frecuencia. A finales de 2015, casi 200 bancos ten\u00edan su sede establecida en Fr\u00e1ncfort, 80 por ciento de ellos institutos extranjeros. El sector bancario da trabajo a 62.500 personas en la ciudad del oeste de Alemania. <\/p>\n<p>Fr\u00e1ncfort se publicita sobre todo recordando que en la ciudad todo queda a mano, incluyendo las sedes centrales de organismos de control como el Banco Central Europeo (BCE) y la Autoridad Europea de Seguros y Pensiones de Jubilaci\u00f3n (EIOPA, por sus siglas en ingl\u00e9s). <\/p>\n<p>Con la llegada del nuevo supervisor bancario del euro bajo el paraguas del BCE en 2014 el centro financiero m\u00e1s importante de Alemania se ha convertido \u00abfinalmente en la capital de supervisi\u00f3n europea\u00bb, analiz\u00f3 el banco estatal regional de Hesse Turingia (Helaba).<\/p>\n<p>Para Winter, de UBS, \u00abel BCE podr\u00eda tener un efecto im\u00e1n, as\u00ed como el gran n\u00famero de trabajadores cualificados, buenas infraestructuras y, por \u00faltimo, aunque no menos importante, el hecho de ser (Alemania) la mayor econom\u00eda de la UE\u00bb. <\/p>\n<p>\u00abSin embargo, las otras posibles localizaciones ya mencionadas tambi\u00e9n mostraron en el pasado una considerable creatividad cuando se trata de atraer a compa\u00f1\u00edas internacionales\u00bb, indic\u00f3. <\/p>\n<p>Dubl\u00edn, por ejemplo, tiene buenas posibilidades. Muchos consorcios empresariales financieros de Estados Unidos prefieren la capital de Irlanda por una cuesti\u00f3n idiom\u00e1tica. <\/p>\n<p>El banco Citigroup ya ha anunciado su intenci\u00f3n de trasladar su central europea de banca privada a Dubl\u00edn. Su rival Wells Fargo ya gestiona desde la capital irlandesa su amplio negocio. Mientras, el suizo Credit Suisse inaugur\u00f3 all\u00ed un centro de operaciones. <\/p>\n<p>Tambi\u00e9n el Deutsche Bank se prepara para cualquier eventualidad. \u00abEstamos preparados para todos los escenarios\u00bb, afirm\u00f3 su presidente, John Cryan, durante la asamblea general de accionistas. \u00abGracias a su fuerte posici\u00f3n en Fr\u00e1ncfort y Londres el Deutsche Bank podr\u00e1 hacer frente a los efectos a corto y largo plazo de un &#8216;Brexit'\u00bb, agreg\u00f3. <\/p>\n<p>Ahora mismo, Londres es el coraz\u00f3n del negocio de banca de inversi\u00f3n del Deutsche Bank. Ante la pregunta de ad\u00f3nde mover\u00eda sus actividades de Londres con cerca de 9.000 trabajadores en el caso de un \u00abBrexit\u00bb, Cryan asegur\u00f3 en abril al diario \u00abFinancial Times\u00bb: \u00abPara nosotros, dado el caso, ser\u00eda Fr\u00e1ncfort\u00bb. <\/p>\n<p>Pero al mismo tiempo el banquero brit\u00e1nico alert\u00f3: \u00abLa gente mira muy poco el otro lado de la moneda, es decir qu\u00e9 significar\u00eda un &#8216;Brexit&#8217; para Europa. Ah\u00ed decimos claramente que ser\u00eda cualquier cosa menos bueno\u00bb. <\/p>\n<p>Hay mucho en juego con el refer\u00e9ndum para el parquet alem\u00e1n. El consejo de administraci\u00f3n de la Bolsa de Fr\u00e1ncfort (Deutsche B\u00f6rse) acord\u00f3 en marzo fusionarse con la London Stock Exchange (LSE). Si los brit\u00e1nicos votan a favor de la salida de la UE esto supondr\u00eda un gran coste para la Bolsa de Fr\u00e1ncfort ya que, como temen muchos accionistas germanos, la Bolsa de Londres sufrir\u00eda graves p\u00e9rdidas. <\/p>\n<p>La forma en que se implemente al final un posible \u00abNo\u00bb de los brit\u00e1nicos a la UE ser\u00e1 fundamental a la hora de decidir si ha habido un ganador y de qu\u00e9 lado del Canal de la Mancha queda. Los economistas del Helaba ven como el escenario m\u00e1s problable un \u00abcontrato de divorcio\u00bb entre los brit\u00e1nicos y la UE que permita a las dos partes salvar la cara. <\/p>\n<p>Para la economista jefe del Helaba, Gertrud Traud, esto podr\u00eda suponer que Reino Unido mantenga su posici\u00f3n como plaza financiera. \u00abEn este caso no se confirmar\u00edan las esperanzas de algunos actores financieros en Fr\u00e1ncfort de poder beneficiarse masivamente.\u00bb <\/p>\n<p>Por J\u00f6rn Bender y Erik Nebel <\/p>\n","protected":false},"excerpt":{"rendered":"<p>Fr\u00e1ncfort, 15 jun (dpa) &#8211; La posible salida de Reino Unido de la Uni\u00f3n Europea \u00bfser\u00eda una suerte para la plaza financiera de Fr\u00e1ncfort? Muchos expertos est\u00e1n seguros de que Londres perder\u00eda su posici\u00f3n como el centro m\u00e1s importante del continente para el capital, pero esta perspectiva tampoco desata el j\u00fabilo en la metr\u00f3poli alemana.<\/p>\n","protected":false},"author":1,"featured_media":16457,"comment_status":"closed","ping_status":"closed","sticky":false,"template":"","format":"standard","meta":{"footnotes":""},"categories":[343],"tags":[],"class_list":{"0":"post-30366","1":"post","2":"type-post","3":"status-publish","4":"format-standard","5":"has-post-thumbnail","7":"category-actualidad"},"aioseo_notices":[],"aioseo_head":"\n\t\t<!-- All in One SEO Pro 4.9.6.2 - aioseo.com -->\n\t<meta name=\"description\" content=\"Fr\u00e1ncfort, 15 jun (dpa) - La posible salida de Reino Unido de la Uni\u00f3n Europea \u00bfser\u00eda una suerte para la plaza financiera de Fr\u00e1ncfort? Muchos expertos est\u00e1n seguros de que Londres perder\u00eda su posici\u00f3n como el centro m\u00e1s importante del continente para el capital, pero esta perspectiva tampoco desata el j\u00fabilo en la metr\u00f3poli alemana.\" \/>\n\t<meta name=\"robots\" content=\"max-image-preview:large\" \/>\n\t<meta name=\"author\" content=\"Cand\u00e1s 365\"\/>\n\t<meta name=\"google-site-verification\" content=\"UA-32230408-1\" \/>\n\t<meta name=\"msvalidate.01\" content=\"354F3CDFB2DA171B47FBE9ABF1F88D5\" \/>\n\t<meta name=\"keywords\" content=\"actualidad\" \/>\n\t<link rel=\"canonical\" href=\"https:\/\/candas365.es\/noticias\/francfort-y-el-brexit-impulso-para-la-plaza-financiera-alemana\/\" \/>\n\t<meta name=\"generator\" content=\"All in One SEO Pro (AIOSEO) 4.9.6.2\" \/>\n\t\t<meta property=\"og:locale\" content=\"es_ES\" \/>\n\t\t<meta property=\"og:site_name\" content=\"Cand\u00e1s 365\" \/>\n\t\t<meta property=\"og:type\" content=\"article\" \/>\n\t\t<meta property=\"og:title\" content=\"Fr\u00e1ncfort y el \u00abBrexit\u00bb: \u00bfImpulso para la plaza financiera alemana? | Cand\u00e1s 365\" \/>\n\t\t<meta property=\"og:description\" content=\"Fr\u00e1ncfort, 15 jun (dpa) - La posible salida de Reino Unido de la Uni\u00f3n Europea \u00bfser\u00eda una suerte para la plaza financiera de Fr\u00e1ncfort? Muchos expertos est\u00e1n seguros de que Londres perder\u00eda su posici\u00f3n como el centro m\u00e1s importante del continente para el capital, pero esta perspectiva tampoco desata el j\u00fabilo en la metr\u00f3poli alemana.\" \/>\n\t\t<meta property=\"og:url\" content=\"https:\/\/candas365.es\/noticias\/francfort-y-el-brexit-impulso-para-la-plaza-financiera-alemana\/\" \/>\n\t\t<meta property=\"og:image\" content=\"https:\/\/candas365.es\/noticias\/wp-content\/uploads\/2015\/09\/c365noticias.jpg\" \/>\n\t\t<meta property=\"og:image:secure_url\" content=\"https:\/\/candas365.es\/noticias\/wp-content\/uploads\/2015\/09\/c365noticias.jpg\" \/>\n\t\t<meta property=\"og:image:width\" content=\"655\" \/>\n\t\t<meta property=\"og:image:height\" content=\"360\" \/>\n\t\t<meta property=\"article:published_time\" content=\"2016-06-16T03:59:45+00:00\" \/>\n\t\t<meta property=\"article:modified_time\" content=\"2016-06-16T03:59:45+00:00\" \/>\n\t\t<meta property=\"article:publisher\" content=\"https:\/\/www.facebook.com\/Nachofdezber\" \/>\n\t\t<meta property=\"article:author\" content=\"https:\/\/www.facebook.com\/carrenoactualidad\" \/>\n\t\t<meta name=\"twitter:card\" content=\"summary_large_image\" \/>\n\t\t<meta name=\"twitter:site\" content=\"@NabercoDigital\" \/>\n\t\t<meta name=\"twitter:title\" content=\"Fr\u00e1ncfort y el \u00abBrexit\u00bb: \u00bfImpulso para la plaza financiera alemana? | Cand\u00e1s 365\" \/>\n\t\t<meta name=\"twitter:description\" content=\"Fr\u00e1ncfort, 15 jun (dpa) - La posible salida de Reino Unido de la Uni\u00f3n Europea \u00bfser\u00eda una suerte para la plaza financiera de Fr\u00e1ncfort? Muchos expertos est\u00e1n seguros de que Londres perder\u00eda su posici\u00f3n como el centro m\u00e1s importante del continente para el capital, pero esta perspectiva tampoco desata el j\u00fabilo en la metr\u00f3poli alemana.\" \/>\n\t\t<meta name=\"twitter:creator\" content=\"@nbasturias\" \/>\n\t\t<meta name=\"twitter:image\" content=\"https:\/\/candas365.es\/noticias\/wp-content\/uploads\/2015\/09\/c365noticias.jpg\" \/>\n\t\t<meta name=\"twitter:label1\" content=\"Escrito por\" \/>\n\t\t<meta name=\"twitter:data1\" content=\"Cand\u00e1s 365\" \/>\n\t\t<meta name=\"twitter:label2\" content=\"Tiempo de lectura estimado\" \/>\n\t\t<meta name=\"twitter:data2\" content=\"5 minutos\" \/>\n\t\t<script type=\"application\/ld+json\" class=\"aioseo-schema\">\n\t\t\t{\"@context\":\"https:\\\/\\\/schema.org\",\"@graph\":[{\"@type\":\"BreadcrumbList\",\"@id\":\"https:\\\/\\\/candas365.es\\\/noticias\\\/francfort-y-el-brexit-impulso-para-la-plaza-financiera-alemana\\\/#breadcrumblist\",\"itemListElement\":[{\"@type\":\"ListItem\",\"@id\":\"https:\\\/\\\/candas365.es\\\/noticias#listItem\",\"position\":1,\"name\":\"Home\",\"item\":\"https:\\\/\\\/candas365.es\\\/noticias\",\"nextItem\":{\"@type\":\"ListItem\",\"@id\":\"https:\\\/\\\/candas365.es\\\/noticias\\\/category\\\/actualidad\\\/#listItem\",\"name\":\"Actualidad\"}},{\"@type\":\"ListItem\",\"@id\":\"https:\\\/\\\/candas365.es\\\/noticias\\\/category\\\/actualidad\\\/#listItem\",\"position\":2,\"name\":\"Actualidad\",\"item\":\"https:\\\/\\\/candas365.es\\\/noticias\\\/category\\\/actualidad\\\/\",\"nextItem\":{\"@type\":\"ListItem\",\"@id\":\"https:\\\/\\\/candas365.es\\\/noticias\\\/francfort-y-el-brexit-impulso-para-la-plaza-financiera-alemana\\\/#listItem\",\"name\":\"Fr\\u00e1ncfort y el \\u00abBrexit\\u00bb: \\u00bfImpulso para la plaza financiera alemana?\"},\"previousItem\":{\"@type\":\"ListItem\",\"@id\":\"https:\\\/\\\/candas365.es\\\/noticias#listItem\",\"name\":\"Home\"}},{\"@type\":\"ListItem\",\"@id\":\"https:\\\/\\\/candas365.es\\\/noticias\\\/francfort-y-el-brexit-impulso-para-la-plaza-financiera-alemana\\\/#listItem\",\"position\":3,\"name\":\"Fr\\u00e1ncfort y el \\u00abBrexit\\u00bb: \\u00bfImpulso para la plaza financiera alemana?\",\"previousItem\":{\"@type\":\"ListItem\",\"@id\":\"https:\\\/\\\/candas365.es\\\/noticias\\\/category\\\/actualidad\\\/#listItem\",\"name\":\"Actualidad\"}}]},{\"@type\":\"NewsArticle\",\"@id\":\"https:\\\/\\\/candas365.es\\\/noticias\\\/francfort-y-el-brexit-impulso-para-la-plaza-financiera-alemana\\\/#newsarticle\",\"name\":\"Fr\\u00e1ncfort y el \\u00abBrexit\\u00bb: \\u00bfImpulso para la plaza financiera alemana? | Cand\\u00e1s 365\",\"headline\":\"Fr\\u00e1ncfort y el \\u00abBrexit\\u00bb: \\u00bfImpulso para la plaza financiera alemana?\",\"author\":{\"@id\":\"https:\\\/\\\/candas365.es\\\/noticias\\\/author\\\/admin\\\/#author\"},\"publisher\":{\"@id\":\"https:\\\/\\\/candas365.es\\\/noticias\\\/#organization\"},\"image\":{\"@type\":\"ImageObject\",\"url\":\"https:\\\/\\\/candas365.es\\\/noticias\\\/wp-content\\\/uploads\\\/2015\\\/09\\\/c365noticias.jpg\",\"width\":655,\"height\":360},\"datePublished\":\"2016-06-16T05:29:45+02:00\",\"dateModified\":\"2016-06-16T05:29:45+02:00\",\"inLanguage\":\"es-ES\",\"mainEntityOfPage\":{\"@id\":\"https:\\\/\\\/candas365.es\\\/noticias\\\/francfort-y-el-brexit-impulso-para-la-plaza-financiera-alemana\\\/#webpage\"},\"isPartOf\":{\"@id\":\"https:\\\/\\\/candas365.es\\\/noticias\\\/francfort-y-el-brexit-impulso-para-la-plaza-financiera-alemana\\\/#webpage\"},\"articleSection\":\"Actualidad\",\"dateline\":\"Publicado el junio 16, 2016.\"},{\"@type\":\"Organization\",\"@id\":\"https:\\\/\\\/candas365.es\\\/noticias\\\/#organization\",\"name\":\"Cand\\u00e1s 365\",\"description\":\"Cand\\u00e1s 365 es un diario digital independiente, fundado en 2012, con base en Asturias. Informamos con rigor sobre actualidad, sociedad, cultura y ocio, con una mirada local y global.\",\"url\":\"https:\\\/\\\/candas365.es\\\/noticias\\\/\",\"email\":\"info@candas365.es\",\"telephone\":\"+34652131393\",\"foundingDate\":\"2012-06-10\",\"logo\":{\"@type\":\"ImageObject\",\"url\":\"https:\\\/\\\/candas365.es\\\/noticias\\\/wp-content\\\/uploads\\\/2024\\\/09\\\/Candas-365-Redes.jpg\",\"@id\":\"https:\\\/\\\/candas365.es\\\/noticias\\\/francfort-y-el-brexit-impulso-para-la-plaza-financiera-alemana\\\/#organizationLogo\",\"width\":1152,\"height\":864,\"caption\":\"Cand\\u00e1s 365 Redes\"},\"image\":{\"@id\":\"https:\\\/\\\/candas365.es\\\/noticias\\\/francfort-y-el-brexit-impulso-para-la-plaza-financiera-alemana\\\/#organizationLogo\"},\"sameAs\":[\"https:\\\/\\\/www.facebook.com\\\/Nachofdezber\",\"https:\\\/\\\/x.com\\\/NabercoDigital\",\"https:\\\/\\\/www.instagram.com\\\/nachofdezber\\\/\",\"https:\\\/\\\/www.youtube.com\\\/channel\\\/UCZP-2wLEB9Rv6erhFmqVnvg\"],\"address\":{\"@id\":\"https:\\\/\\\/candas365.es\\\/noticias\\\/#postaladdress\",\"@type\":\"PostalAddress\",\"streetAddress\":\"san antonio 4, san antonio 4\",\"postalCode\":\"33430\",\"addressLocality\":\"Cand\\u00e1s\",\"addressRegion\":\"Asturias\",\"addressCountry\":\"ES\"}},{\"@type\":\"Person\",\"@id\":\"https:\\\/\\\/candas365.es\\\/noticias\\\/author\\\/admin\\\/#author\",\"url\":\"https:\\\/\\\/candas365.es\\\/noticias\\\/author\\\/admin\\\/\",\"name\":\"Cand\\u00e1s 365\",\"image\":{\"@type\":\"ImageObject\",\"@id\":\"https:\\\/\\\/candas365.es\\\/noticias\\\/francfort-y-el-brexit-impulso-para-la-plaza-financiera-alemana\\\/#authorImage\",\"url\":\"https:\\\/\\\/secure.gravatar.com\\\/avatar\\\/496a8e03d0c493ede1718b7934145dbdf8d89be1036b0eec9544e1094c9de390?s=96&d=mm&r=g\",\"width\":96,\"height\":96,\"caption\":\"Cand\\u00e1s 365\"},\"sameAs\":[\"https:\\\/\\\/www.facebook.com\\\/carrenoactualidad\",\"https:\\\/\\\/twitter.com\\\/nbasturias\",\"https:\\\/\\\/www.instagram.com\\\/nachofdezber\\\/\",\"https:\\\/\\\/www.youtube.com\\\/channel\\\/UCZP-2wLEB9Rv6erhFmqVnvg\"]},{\"@type\":\"WebPage\",\"@id\":\"https:\\\/\\\/candas365.es\\\/noticias\\\/francfort-y-el-brexit-impulso-para-la-plaza-financiera-alemana\\\/#webpage\",\"url\":\"https:\\\/\\\/candas365.es\\\/noticias\\\/francfort-y-el-brexit-impulso-para-la-plaza-financiera-alemana\\\/\",\"name\":\"Fr\\u00e1ncfort y el \\u00abBrexit\\u00bb: \\u00bfImpulso para la plaza financiera alemana? | Cand\\u00e1s 365\",\"description\":\"Fr\\u00e1ncfort, 15 jun (dpa) - La posible salida de Reino Unido de la Uni\\u00f3n Europea \\u00bfser\\u00eda una suerte para la plaza financiera de Fr\\u00e1ncfort? Muchos expertos est\\u00e1n seguros de que Londres perder\\u00eda su posici\\u00f3n como el centro m\\u00e1s importante del continente para el capital, pero esta perspectiva tampoco desata el j\\u00fabilo en la metr\\u00f3poli alemana.\",\"inLanguage\":\"es-ES\",\"isPartOf\":{\"@id\":\"https:\\\/\\\/candas365.es\\\/noticias\\\/#website\"},\"breadcrumb\":{\"@id\":\"https:\\\/\\\/candas365.es\\\/noticias\\\/francfort-y-el-brexit-impulso-para-la-plaza-financiera-alemana\\\/#breadcrumblist\"},\"author\":{\"@id\":\"https:\\\/\\\/candas365.es\\\/noticias\\\/author\\\/admin\\\/#author\"},\"creator\":{\"@id\":\"https:\\\/\\\/candas365.es\\\/noticias\\\/author\\\/admin\\\/#author\"},\"image\":{\"@type\":\"ImageObject\",\"url\":\"https:\\\/\\\/candas365.es\\\/noticias\\\/wp-content\\\/uploads\\\/2015\\\/09\\\/c365noticias.jpg\",\"@id\":\"https:\\\/\\\/candas365.es\\\/noticias\\\/francfort-y-el-brexit-impulso-para-la-plaza-financiera-alemana\\\/#mainImage\",\"width\":655,\"height\":360},\"primaryImageOfPage\":{\"@id\":\"https:\\\/\\\/candas365.es\\\/noticias\\\/francfort-y-el-brexit-impulso-para-la-plaza-financiera-alemana\\\/#mainImage\"},\"datePublished\":\"2016-06-16T05:29:45+02:00\",\"dateModified\":\"2016-06-16T05:29:45+02:00\"},{\"@type\":\"WebSite\",\"@id\":\"https:\\\/\\\/candas365.es\\\/noticias\\\/#website\",\"url\":\"https:\\\/\\\/candas365.es\\\/noticias\\\/\",\"name\":\"Cand\\u00e1s 365\",\"alternateName\":\"Cand\\u00e1s 365 Noticias\",\"description\":\"Actualidad desde Carre\\u00f1o para el mundo\",\"inLanguage\":\"es-ES\",\"publisher\":{\"@id\":\"https:\\\/\\\/candas365.es\\\/noticias\\\/#organization\"}}]}\n\t\t<\/script>\n\t\t<!-- All in One SEO Pro -->\r\n\t\t<title>Fr\u00e1ncfort y el \u00abBrexit\u00bb: \u00bfImpulso para la plaza financiera alemana? | Cand\u00e1s 365<\/title>\n\n","aioseo_head_json":{"title":"Fr\u00e1ncfort y el \u00abBrexit\u00bb: \u00bfImpulso para la plaza financiera alemana? | Cand\u00e1s 365","description":"Fr\u00e1ncfort, 15 jun (dpa) - La posible salida de Reino Unido de la Uni\u00f3n Europea \u00bfser\u00eda una suerte para la plaza financiera de Fr\u00e1ncfort? Muchos expertos est\u00e1n seguros de que Londres perder\u00eda su posici\u00f3n como el centro m\u00e1s importante del continente para el capital, pero esta perspectiva tampoco desata el j\u00fabilo en la metr\u00f3poli alemana.","canonical_url":"https:\/\/candas365.es\/noticias\/francfort-y-el-brexit-impulso-para-la-plaza-financiera-alemana\/","robots":"max-image-preview:large","keywords":"actualidad","webmasterTools":{"google-site-verification":"UA-32230408-1","msvalidate.01":"354F3CDFB2DA171B47FBE9ABF1F88D5","miscellaneous":""},"schema":{"@context":"https:\/\/schema.org","@graph":[{"@type":"BreadcrumbList","@id":"https:\/\/candas365.es\/noticias\/francfort-y-el-brexit-impulso-para-la-plaza-financiera-alemana\/#breadcrumblist","itemListElement":[{"@type":"ListItem","@id":"https:\/\/candas365.es\/noticias#listItem","position":1,"name":"Home","item":"https:\/\/candas365.es\/noticias","nextItem":{"@type":"ListItem","@id":"https:\/\/candas365.es\/noticias\/category\/actualidad\/#listItem","name":"Actualidad"}},{"@type":"ListItem","@id":"https:\/\/candas365.es\/noticias\/category\/actualidad\/#listItem","position":2,"name":"Actualidad","item":"https:\/\/candas365.es\/noticias\/category\/actualidad\/","nextItem":{"@type":"ListItem","@id":"https:\/\/candas365.es\/noticias\/francfort-y-el-brexit-impulso-para-la-plaza-financiera-alemana\/#listItem","name":"Fr\u00e1ncfort y el \u00abBrexit\u00bb: \u00bfImpulso para la plaza financiera alemana?"},"previousItem":{"@type":"ListItem","@id":"https:\/\/candas365.es\/noticias#listItem","name":"Home"}},{"@type":"ListItem","@id":"https:\/\/candas365.es\/noticias\/francfort-y-el-brexit-impulso-para-la-plaza-financiera-alemana\/#listItem","position":3,"name":"Fr\u00e1ncfort y el \u00abBrexit\u00bb: \u00bfImpulso para la plaza financiera alemana?","previousItem":{"@type":"ListItem","@id":"https:\/\/candas365.es\/noticias\/category\/actualidad\/#listItem","name":"Actualidad"}}]},{"@type":"NewsArticle","@id":"https:\/\/candas365.es\/noticias\/francfort-y-el-brexit-impulso-para-la-plaza-financiera-alemana\/#newsarticle","name":"Fr\u00e1ncfort y el \u00abBrexit\u00bb: \u00bfImpulso para la plaza financiera alemana? | Cand\u00e1s 365","headline":"Fr\u00e1ncfort y el \u00abBrexit\u00bb: \u00bfImpulso para la plaza financiera alemana?","author":{"@id":"https:\/\/candas365.es\/noticias\/author\/admin\/#author"},"publisher":{"@id":"https:\/\/candas365.es\/noticias\/#organization"},"image":{"@type":"ImageObject","url":"https:\/\/candas365.es\/noticias\/wp-content\/uploads\/2015\/09\/c365noticias.jpg","width":655,"height":360},"datePublished":"2016-06-16T05:29:45+02:00","dateModified":"2016-06-16T05:29:45+02:00","inLanguage":"es-ES","mainEntityOfPage":{"@id":"https:\/\/candas365.es\/noticias\/francfort-y-el-brexit-impulso-para-la-plaza-financiera-alemana\/#webpage"},"isPartOf":{"@id":"https:\/\/candas365.es\/noticias\/francfort-y-el-brexit-impulso-para-la-plaza-financiera-alemana\/#webpage"},"articleSection":"Actualidad","dateline":"Publicado el junio 16, 2016."},{"@type":"Organization","@id":"https:\/\/candas365.es\/noticias\/#organization","name":"Cand\u00e1s 365","description":"Cand\u00e1s 365 es un diario digital independiente, fundado en 2012, con base en Asturias. Informamos con rigor sobre actualidad, sociedad, cultura y ocio, con una mirada local y global.","url":"https:\/\/candas365.es\/noticias\/","email":"info@candas365.es","telephone":"+34652131393","foundingDate":"2012-06-10","logo":{"@type":"ImageObject","url":"https:\/\/candas365.es\/noticias\/wp-content\/uploads\/2024\/09\/Candas-365-Redes.jpg","@id":"https:\/\/candas365.es\/noticias\/francfort-y-el-brexit-impulso-para-la-plaza-financiera-alemana\/#organizationLogo","width":1152,"height":864,"caption":"Cand\u00e1s 365 Redes"},"image":{"@id":"https:\/\/candas365.es\/noticias\/francfort-y-el-brexit-impulso-para-la-plaza-financiera-alemana\/#organizationLogo"},"sameAs":["https:\/\/www.facebook.com\/Nachofdezber","https:\/\/x.com\/NabercoDigital","https:\/\/www.instagram.com\/nachofdezber\/","https:\/\/www.youtube.com\/channel\/UCZP-2wLEB9Rv6erhFmqVnvg"],"address":{"@id":"https:\/\/candas365.es\/noticias\/#postaladdress","@type":"PostalAddress","streetAddress":"san antonio 4, san antonio 4","postalCode":"33430","addressLocality":"Cand\u00e1s","addressRegion":"Asturias","addressCountry":"ES"}},{"@type":"Person","@id":"https:\/\/candas365.es\/noticias\/author\/admin\/#author","url":"https:\/\/candas365.es\/noticias\/author\/admin\/","name":"Cand\u00e1s 365","image":{"@type":"ImageObject","@id":"https:\/\/candas365.es\/noticias\/francfort-y-el-brexit-impulso-para-la-plaza-financiera-alemana\/#authorImage","url":"https:\/\/secure.gravatar.com\/avatar\/496a8e03d0c493ede1718b7934145dbdf8d89be1036b0eec9544e1094c9de390?s=96&d=mm&r=g","width":96,"height":96,"caption":"Cand\u00e1s 365"},"sameAs":["https:\/\/www.facebook.com\/carrenoactualidad","https:\/\/twitter.com\/nbasturias","https:\/\/www.instagram.com\/nachofdezber\/","https:\/\/www.youtube.com\/channel\/UCZP-2wLEB9Rv6erhFmqVnvg"]},{"@type":"WebPage","@id":"https:\/\/candas365.es\/noticias\/francfort-y-el-brexit-impulso-para-la-plaza-financiera-alemana\/#webpage","url":"https:\/\/candas365.es\/noticias\/francfort-y-el-brexit-impulso-para-la-plaza-financiera-alemana\/","name":"Fr\u00e1ncfort y el \u00abBrexit\u00bb: \u00bfImpulso para la plaza financiera alemana? | Cand\u00e1s 365","description":"Fr\u00e1ncfort, 15 jun (dpa) - La posible salida de Reino Unido de la Uni\u00f3n Europea \u00bfser\u00eda una suerte para la plaza financiera de Fr\u00e1ncfort? Muchos expertos est\u00e1n seguros de que Londres perder\u00eda su posici\u00f3n como el centro m\u00e1s importante del continente para el capital, pero esta perspectiva tampoco desata el j\u00fabilo en la metr\u00f3poli alemana.","inLanguage":"es-ES","isPartOf":{"@id":"https:\/\/candas365.es\/noticias\/#website"},"breadcrumb":{"@id":"https:\/\/candas365.es\/noticias\/francfort-y-el-brexit-impulso-para-la-plaza-financiera-alemana\/#breadcrumblist"},"author":{"@id":"https:\/\/candas365.es\/noticias\/author\/admin\/#author"},"creator":{"@id":"https:\/\/candas365.es\/noticias\/author\/admin\/#author"},"image":{"@type":"ImageObject","url":"https:\/\/candas365.es\/noticias\/wp-content\/uploads\/2015\/09\/c365noticias.jpg","@id":"https:\/\/candas365.es\/noticias\/francfort-y-el-brexit-impulso-para-la-plaza-financiera-alemana\/#mainImage","width":655,"height":360},"primaryImageOfPage":{"@id":"https:\/\/candas365.es\/noticias\/francfort-y-el-brexit-impulso-para-la-plaza-financiera-alemana\/#mainImage"},"datePublished":"2016-06-16T05:29:45+02:00","dateModified":"2016-06-16T05:29:45+02:00"},{"@type":"WebSite","@id":"https:\/\/candas365.es\/noticias\/#website","url":"https:\/\/candas365.es\/noticias\/","name":"Cand\u00e1s 365","alternateName":"Cand\u00e1s 365 Noticias","description":"Actualidad desde Carre\u00f1o para el mundo","inLanguage":"es-ES","publisher":{"@id":"https:\/\/candas365.es\/noticias\/#organization"}}]},"og:locale":"es_ES","og:site_name":"Cand\u00e1s 365","og:type":"article","og:title":"Fr\u00e1ncfort y el \u00abBrexit\u00bb: \u00bfImpulso para la plaza financiera alemana? | Cand\u00e1s 365","og:description":"Fr\u00e1ncfort, 15 jun (dpa) - La posible salida de Reino Unido de la Uni\u00f3n Europea \u00bfser\u00eda una suerte para la plaza financiera de Fr\u00e1ncfort? Muchos expertos est\u00e1n seguros de que Londres perder\u00eda su posici\u00f3n como el centro m\u00e1s importante del continente para el capital, pero esta perspectiva tampoco desata el j\u00fabilo en la metr\u00f3poli alemana.","og:url":"https:\/\/candas365.es\/noticias\/francfort-y-el-brexit-impulso-para-la-plaza-financiera-alemana\/","og:image":"https:\/\/candas365.es\/noticias\/wp-content\/uploads\/2015\/09\/c365noticias.jpg","og:image:secure_url":"https:\/\/candas365.es\/noticias\/wp-content\/uploads\/2015\/09\/c365noticias.jpg","og:image:width":655,"og:image:height":360,"article:published_time":"2016-06-16T03:59:45+00:00","article:modified_time":"2016-06-16T03:59:45+00:00","article:publisher":"https:\/\/www.facebook.com\/Nachofdezber","article:author":"https:\/\/www.facebook.com\/carrenoactualidad","twitter:card":"summary_large_image","twitter:site":"@NabercoDigital","twitter:title":"Fr\u00e1ncfort y el \u00abBrexit\u00bb: \u00bfImpulso para la plaza financiera alemana? | Cand\u00e1s 365","twitter:description":"Fr\u00e1ncfort, 15 jun (dpa) - La posible salida de Reino Unido de la Uni\u00f3n Europea \u00bfser\u00eda una suerte para la plaza financiera de Fr\u00e1ncfort? Muchos expertos est\u00e1n seguros de que Londres perder\u00eda su posici\u00f3n como el centro m\u00e1s importante del continente para el capital, pero esta perspectiva tampoco desata el j\u00fabilo en la metr\u00f3poli alemana.","twitter:creator":"@nbasturias","twitter:image":"https:\/\/candas365.es\/noticias\/wp-content\/uploads\/2015\/09\/c365noticias.jpg","twitter:label1":"Escrito por","twitter:data1":"Cand\u00e1s 365","twitter:label2":"Tiempo de lectura estimado","twitter:data2":"5 minutos"},"aioseo_meta_data":{"post_id":"30366","title":null,"description":null,"keywords":null,"keyphrases":null,"primary_term":null,"canonical_url":null,"og_title":null,"og_description":null,"og_object_type":"default","og_image_type":"default","og_image_url":null,"og_image_width":null,"og_image_height":null,"og_image_custom_url":null,"og_image_custom_fields":null,"og_video":null,"og_custom_url":null,"og_article_section":null,"og_article_tags":null,"twitter_use_og":false,"twitter_card":"default","twitter_image_type":"default","twitter_image_url":null,"twitter_image_custom_url":null,"twitter_image_custom_fields":null,"twitter_title":null,"twitter_description":null,"schema":{"blockGraphs":[],"customGraphs":[],"default":{"data":{"Article":[],"Course":[],"Dataset":[],"FAQPage":[],"Movie":[],"Person":[],"Product":[],"ProductReview":[],"Car":[],"Recipe":[],"Service":[],"SoftwareApplication":[],"WebPage":[]},"graphName":"","isEnabled":true},"graphs":[],"defaultGraph":"","defaultPostTypeGraph":""},"schema_type":null,"schema_type_options":null,"pillar_content":false,"robots_default":true,"robots_noindex":false,"robots_noarchive":false,"robots_nosnippet":false,"robots_nofollow":false,"robots_noimageindex":false,"robots_noodp":false,"robots_notranslate":false,"robots_max_snippet":null,"robots_max_videopreview":null,"robots_max_imagepreview":"large","priority":null,"frequency":null,"location":null,"local_seo":null,"seo_analyzer_scan_date":"2025-08-24 12:24:15","breadcrumb_settings":null,"limit_modified_date":false,"reviewed_by":null,"open_ai":null,"ai":null,"created":"2020-12-21 12:57:59","updated":"2025-08-24 12:24:15"},"aioseo_breadcrumb":"<div class=\"aioseo-breadcrumbs\"><span class=\"aioseo-breadcrumb\">\n\t<a href=\"https:\/\/candas365.es\/noticias\" title=\"Home\">Home<\/a>\n<\/span><span class=\"aioseo-breadcrumb-separator\">&ndash;<\/span><span class=\"aioseo-breadcrumb\">\n\t<a href=\"https:\/\/candas365.es\/noticias\/category\/actualidad\/\" title=\"Actualidad\">Actualidad<\/a>\n<\/span><span class=\"aioseo-breadcrumb-separator\">&ndash;<\/span><span class=\"aioseo-breadcrumb\">\n\tFr\u00e1ncfort y el \u00abBrexit\u00bb: \u00bfImpulso para la plaza financiera alemana?\n<\/span><\/div>","aioseo_breadcrumb_json":[{"label":"Home","link":"https:\/\/candas365.es\/noticias"},{"label":"Actualidad","link":"https:\/\/candas365.es\/noticias\/category\/actualidad\/"},{"label":"Fr\u00e1ncfort y el \u00abBrexit\u00bb: \u00bfImpulso para la plaza financiera alemana?","link":"https:\/\/candas365.es\/noticias\/francfort-y-el-brexit-impulso-para-la-plaza-financiera-alemana\/"}],"_links":{"self":[{"href":"https:\/\/candas365.es\/noticias\/wp-json\/wp\/v2\/posts\/30366","targetHints":{"allow":["GET"]}}],"collection":[{"href":"https:\/\/candas365.es\/noticias\/wp-json\/wp\/v2\/posts"}],"about":[{"href":"https:\/\/candas365.es\/noticias\/wp-json\/wp\/v2\/types\/post"}],"author":[{"embeddable":true,"href":"https:\/\/candas365.es\/noticias\/wp-json\/wp\/v2\/users\/1"}],"replies":[{"embeddable":true,"href":"https:\/\/candas365.es\/noticias\/wp-json\/wp\/v2\/comments?post=30366"}],"version-history":[{"count":0,"href":"https:\/\/candas365.es\/noticias\/wp-json\/wp\/v2\/posts\/30366\/revisions"}],"wp:featuredmedia":[{"embeddable":true,"href":"https:\/\/candas365.es\/noticias\/wp-json\/wp\/v2\/media\/16457"}],"wp:attachment":[{"href":"https:\/\/candas365.es\/noticias\/wp-json\/wp\/v2\/media?parent=30366"}],"wp:term":[{"taxonomy":"category","embeddable":true,"href":"https:\/\/candas365.es\/noticias\/wp-json\/wp\/v2\/categories?post=30366"},{"taxonomy":"post_tag","embeddable":true,"href":"https:\/\/candas365.es\/noticias\/wp-json\/wp\/v2\/tags?post=30366"}],"curies":[{"name":"wp","href":"https:\/\/api.w.org\/{rel}","templated":true}]}}