{"id":30364,"date":"2016-06-16T05:28:36","date_gmt":"2016-06-16T03:58:36","guid":{"rendered":"http:\/\/candas365.es\/noticias\/?p=30364"},"modified":"2016-06-16T05:28:36","modified_gmt":"2016-06-16T03:58:36","slug":"dos-empresas-alemanas-de-software-reciben-el-apple-design-award","status":"publish","type":"post","link":"https:\/\/candas365.es\/noticias\/dos-empresas-alemanas-de-software-reciben-el-apple-design-award\/","title":{"rendered":"Dos empresas alemanas de software reciben el Apple Design Award"},"content":{"rendered":"<p>San Francisco (EEUU), 15 jun (dpa) &#8211; Dos empresas alemanas desarrolladoras de software fueron distinguidas esta semana con el premio Apple Design Award otorgado en San Francisco dentro de la edici\u00f3n actual de la Conferencia Mundial de Desarroladores (Worldwide Developers Conference o WWDC, por sus siglas en ingl\u00e9s).<\/p>\n<p>La empresa de software The Soulmen, con sede en Leipzig, recibi\u00f3 el galard\u00f3n por su innovador programa de tratamiento de textos Ulysses, disponible en los equipos Mac y las tabletas iPad y dirigido especialmente a escritores, periodistas y blogueros.<\/p>\n<p>Por su parte, la empresa muniquesa algoriddim GmbH fue premiada por su aplicaci\u00f3n djay Pro, disponible ya en iPad y pr\u00f3ximamente tambi\u00e9n en los equipos Mac. Un criterio contundente para el jurado fue el hecho de que la aplicaci\u00f3n puede ser perfectamente utilizada por personas discapacitadas visuales o ciegas.<\/p>\n<p>Esto fue demostrado en vivo el pasado lunes durante la entrega de los premios en el Bill Graham Civic Auditorium de San Francisco por un empleado de Apple casi ciego, quien -con la ayuda de la app- hizo que el p\u00fablico bailara en la sala.<\/p>\n<p>Con el Apple Design Award, la compa\u00f1\u00eda productora del iPhone distingue anualmente a desarrolladores de apps y software que hayan logrado programar aplicaciones especialmente exitosas para los diversos productos de Apple.<\/p>\n<p>Adem\u00e1s de los criterios t\u00e9cnicos, tanto el dise\u00f1o del producto como la posibilidad de ser usado por discapacitados juegan un papel importante en la decisi\u00f3n del jurado. En total se entregaron doce premios a diez empresas y dos estudiantes.<\/p>\n","protected":false},"excerpt":{"rendered":"<p>San Francisco (EEUU), 15 jun (dpa) &#8211; Dos empresas alemanas desarrolladoras de software fueron distinguidas esta semana con el premio Apple Design Award otorgado en San Francisco dentro de la edici\u00f3n actual de la Conferencia Mundial de Desarroladores (Worldwide Developers Conference o WWDC, por sus siglas en ingl\u00e9s). La empresa de software The Soulmen, con<\/p>\n","protected":false},"author":1,"featured_media":16457,"comment_status":"closed","ping_status":"closed","sticky":false,"template":"","format":"standard","meta":{"footnotes":""},"categories":[343],"tags":[],"class_list":{"0":"post-30364","1":"post","2":"type-post","3":"status-publish","4":"format-standard","5":"has-post-thumbnail","7":"category-actualidad"},"aioseo_notices":[],"aioseo_head":"\n\t\t<!-- All in One SEO Pro 4.9.6.2 - aioseo.com -->\n\t<meta name=\"description\" content=\"San Francisco (EEUU), 15 jun (dpa) - Dos empresas alemanas desarrolladoras de software fueron distinguidas esta semana con el premio Apple Design Award otorgado en San Francisco dentro de la edici\u00f3n actual de la Conferencia Mundial de Desarroladores (Worldwide Developers Conference o WWDC, por sus siglas en ingl\u00e9s). La empresa de software The Soulmen, con\" \/>\n\t<meta name=\"robots\" content=\"max-image-preview:large\" \/>\n\t<meta name=\"author\" content=\"Cand\u00e1s 365\"\/>\n\t<meta name=\"google-site-verification\" content=\"UA-32230408-1\" \/>\n\t<meta name=\"msvalidate.01\" content=\"354F3CDFB2DA171B47FBE9ABF1F88D5\" \/>\n\t<meta name=\"keywords\" content=\"actualidad\" \/>\n\t<link rel=\"canonical\" href=\"https:\/\/candas365.es\/noticias\/dos-empresas-alemanas-de-software-reciben-el-apple-design-award\/\" \/>\n\t<meta name=\"generator\" content=\"All in One SEO Pro (AIOSEO) 4.9.6.2\" \/>\n\t\t<meta property=\"og:locale\" content=\"es_ES\" \/>\n\t\t<meta property=\"og:site_name\" content=\"Cand\u00e1s 365\" \/>\n\t\t<meta property=\"og:type\" content=\"article\" \/>\n\t\t<meta property=\"og:title\" content=\"Dos empresas alemanas de software reciben el Apple Design Award | Cand\u00e1s 365\" \/>\n\t\t<meta property=\"og:description\" content=\"San Francisco (EEUU), 15 jun (dpa) - Dos empresas alemanas desarrolladoras de software fueron distinguidas esta semana con el premio Apple Design Award otorgado en San Francisco dentro de la edici\u00f3n actual de la Conferencia Mundial de Desarroladores (Worldwide Developers Conference o WWDC, por sus siglas en ingl\u00e9s). La empresa de software The Soulmen, con\" \/>\n\t\t<meta property=\"og:url\" content=\"https:\/\/candas365.es\/noticias\/dos-empresas-alemanas-de-software-reciben-el-apple-design-award\/\" \/>\n\t\t<meta property=\"og:image\" content=\"https:\/\/candas365.es\/noticias\/wp-content\/uploads\/2015\/09\/c365noticias.jpg\" \/>\n\t\t<meta property=\"og:image:secure_url\" content=\"https:\/\/candas365.es\/noticias\/wp-content\/uploads\/2015\/09\/c365noticias.jpg\" \/>\n\t\t<meta property=\"og:image:width\" content=\"655\" \/>\n\t\t<meta property=\"og:image:height\" content=\"360\" \/>\n\t\t<meta property=\"article:published_time\" content=\"2016-06-16T03:58:36+00:00\" \/>\n\t\t<meta property=\"article:modified_time\" content=\"2016-06-16T03:58:36+00:00\" \/>\n\t\t<meta property=\"article:publisher\" content=\"https:\/\/www.facebook.com\/Nachofdezber\" \/>\n\t\t<meta property=\"article:author\" content=\"https:\/\/www.facebook.com\/carrenoactualidad\" \/>\n\t\t<meta name=\"twitter:card\" content=\"summary_large_image\" \/>\n\t\t<meta name=\"twitter:site\" content=\"@NabercoDigital\" \/>\n\t\t<meta name=\"twitter:title\" content=\"Dos empresas alemanas de software reciben el Apple Design Award | Cand\u00e1s 365\" \/>\n\t\t<meta name=\"twitter:description\" content=\"San Francisco (EEUU), 15 jun (dpa) - Dos empresas alemanas desarrolladoras de software fueron distinguidas esta semana con el premio Apple Design Award otorgado en San Francisco dentro de la edici\u00f3n actual de la Conferencia Mundial de Desarroladores (Worldwide Developers Conference o WWDC, por sus siglas en ingl\u00e9s). La empresa de software The Soulmen, con\" \/>\n\t\t<meta name=\"twitter:creator\" content=\"@nbasturias\" \/>\n\t\t<meta name=\"twitter:image\" content=\"https:\/\/candas365.es\/noticias\/wp-content\/uploads\/2015\/09\/c365noticias.jpg\" \/>\n\t\t<meta name=\"twitter:label1\" content=\"Escrito por\" \/>\n\t\t<meta name=\"twitter:data1\" content=\"Cand\u00e1s 365\" \/>\n\t\t<meta name=\"twitter:label2\" content=\"Tiempo de lectura estimado\" \/>\n\t\t<meta name=\"twitter:data2\" content=\"1 minuto\" \/>\n\t\t<script type=\"application\/ld+json\" class=\"aioseo-schema\">\n\t\t\t{\"@context\":\"https:\\\/\\\/schema.org\",\"@graph\":[{\"@type\":\"BreadcrumbList\",\"@id\":\"https:\\\/\\\/candas365.es\\\/noticias\\\/dos-empresas-alemanas-de-software-reciben-el-apple-design-award\\\/#breadcrumblist\",\"itemListElement\":[{\"@type\":\"ListItem\",\"@id\":\"https:\\\/\\\/candas365.es\\\/noticias#listItem\",\"position\":1,\"name\":\"Home\",\"item\":\"https:\\\/\\\/candas365.es\\\/noticias\",\"nextItem\":{\"@type\":\"ListItem\",\"@id\":\"https:\\\/\\\/candas365.es\\\/noticias\\\/category\\\/actualidad\\\/#listItem\",\"name\":\"Actualidad\"}},{\"@type\":\"ListItem\",\"@id\":\"https:\\\/\\\/candas365.es\\\/noticias\\\/category\\\/actualidad\\\/#listItem\",\"position\":2,\"name\":\"Actualidad\",\"item\":\"https:\\\/\\\/candas365.es\\\/noticias\\\/category\\\/actualidad\\\/\",\"nextItem\":{\"@type\":\"ListItem\",\"@id\":\"https:\\\/\\\/candas365.es\\\/noticias\\\/dos-empresas-alemanas-de-software-reciben-el-apple-design-award\\\/#listItem\",\"name\":\"Dos empresas alemanas de software reciben el Apple Design Award\"},\"previousItem\":{\"@type\":\"ListItem\",\"@id\":\"https:\\\/\\\/candas365.es\\\/noticias#listItem\",\"name\":\"Home\"}},{\"@type\":\"ListItem\",\"@id\":\"https:\\\/\\\/candas365.es\\\/noticias\\\/dos-empresas-alemanas-de-software-reciben-el-apple-design-award\\\/#listItem\",\"position\":3,\"name\":\"Dos empresas alemanas de software reciben el Apple Design Award\",\"previousItem\":{\"@type\":\"ListItem\",\"@id\":\"https:\\\/\\\/candas365.es\\\/noticias\\\/category\\\/actualidad\\\/#listItem\",\"name\":\"Actualidad\"}}]},{\"@type\":\"NewsArticle\",\"@id\":\"https:\\\/\\\/candas365.es\\\/noticias\\\/dos-empresas-alemanas-de-software-reciben-el-apple-design-award\\\/#newsarticle\",\"name\":\"Dos empresas alemanas de software reciben el Apple Design Award | Cand\\u00e1s 365\",\"headline\":\"Dos empresas alemanas de software reciben el Apple Design Award\",\"author\":{\"@id\":\"https:\\\/\\\/candas365.es\\\/noticias\\\/author\\\/admin\\\/#author\"},\"publisher\":{\"@id\":\"https:\\\/\\\/candas365.es\\\/noticias\\\/#organization\"},\"image\":{\"@type\":\"ImageObject\",\"url\":\"https:\\\/\\\/candas365.es\\\/noticias\\\/wp-content\\\/uploads\\\/2015\\\/09\\\/c365noticias.jpg\",\"width\":655,\"height\":360},\"datePublished\":\"2016-06-16T05:28:36+02:00\",\"dateModified\":\"2016-06-16T05:28:36+02:00\",\"inLanguage\":\"es-ES\",\"mainEntityOfPage\":{\"@id\":\"https:\\\/\\\/candas365.es\\\/noticias\\\/dos-empresas-alemanas-de-software-reciben-el-apple-design-award\\\/#webpage\"},\"isPartOf\":{\"@id\":\"https:\\\/\\\/candas365.es\\\/noticias\\\/dos-empresas-alemanas-de-software-reciben-el-apple-design-award\\\/#webpage\"},\"articleSection\":\"Actualidad\",\"dateline\":\"Publicado el junio 16, 2016.\"},{\"@type\":\"Organization\",\"@id\":\"https:\\\/\\\/candas365.es\\\/noticias\\\/#organization\",\"name\":\"Cand\\u00e1s 365\",\"description\":\"Cand\\u00e1s 365 es un diario digital independiente, fundado en 2012, con base en Asturias. Informamos con rigor sobre actualidad, sociedad, cultura y ocio, con una mirada local y global.\",\"url\":\"https:\\\/\\\/candas365.es\\\/noticias\\\/\",\"email\":\"info@candas365.es\",\"telephone\":\"+34652131393\",\"foundingDate\":\"2012-06-10\",\"logo\":{\"@type\":\"ImageObject\",\"url\":\"https:\\\/\\\/candas365.es\\\/noticias\\\/wp-content\\\/uploads\\\/2024\\\/09\\\/Candas-365-Redes.jpg\",\"@id\":\"https:\\\/\\\/candas365.es\\\/noticias\\\/dos-empresas-alemanas-de-software-reciben-el-apple-design-award\\\/#organizationLogo\",\"width\":1152,\"height\":864,\"caption\":\"Cand\\u00e1s 365 Redes\"},\"image\":{\"@id\":\"https:\\\/\\\/candas365.es\\\/noticias\\\/dos-empresas-alemanas-de-software-reciben-el-apple-design-award\\\/#organizationLogo\"},\"sameAs\":[\"https:\\\/\\\/www.facebook.com\\\/Nachofdezber\",\"https:\\\/\\\/x.com\\\/NabercoDigital\",\"https:\\\/\\\/www.instagram.com\\\/nachofdezber\\\/\",\"https:\\\/\\\/www.youtube.com\\\/channel\\\/UCZP-2wLEB9Rv6erhFmqVnvg\"],\"address\":{\"@id\":\"https:\\\/\\\/candas365.es\\\/noticias\\\/#postaladdress\",\"@type\":\"PostalAddress\",\"streetAddress\":\"san antonio 4, san antonio 4\",\"postalCode\":\"33430\",\"addressLocality\":\"Cand\\u00e1s\",\"addressRegion\":\"Asturias\",\"addressCountry\":\"ES\"}},{\"@type\":\"Person\",\"@id\":\"https:\\\/\\\/candas365.es\\\/noticias\\\/author\\\/admin\\\/#author\",\"url\":\"https:\\\/\\\/candas365.es\\\/noticias\\\/author\\\/admin\\\/\",\"name\":\"Cand\\u00e1s 365\",\"image\":{\"@type\":\"ImageObject\",\"@id\":\"https:\\\/\\\/candas365.es\\\/noticias\\\/dos-empresas-alemanas-de-software-reciben-el-apple-design-award\\\/#authorImage\",\"url\":\"https:\\\/\\\/secure.gravatar.com\\\/avatar\\\/496a8e03d0c493ede1718b7934145dbdf8d89be1036b0eec9544e1094c9de390?s=96&d=mm&r=g\",\"width\":96,\"height\":96,\"caption\":\"Cand\\u00e1s 365\"},\"sameAs\":[\"https:\\\/\\\/www.facebook.com\\\/carrenoactualidad\",\"https:\\\/\\\/twitter.com\\\/nbasturias\",\"https:\\\/\\\/www.instagram.com\\\/nachofdezber\\\/\",\"https:\\\/\\\/www.youtube.com\\\/channel\\\/UCZP-2wLEB9Rv6erhFmqVnvg\"]},{\"@type\":\"WebPage\",\"@id\":\"https:\\\/\\\/candas365.es\\\/noticias\\\/dos-empresas-alemanas-de-software-reciben-el-apple-design-award\\\/#webpage\",\"url\":\"https:\\\/\\\/candas365.es\\\/noticias\\\/dos-empresas-alemanas-de-software-reciben-el-apple-design-award\\\/\",\"name\":\"Dos empresas alemanas de software reciben el Apple Design Award | Cand\\u00e1s 365\",\"description\":\"San Francisco (EEUU), 15 jun (dpa) - Dos empresas alemanas desarrolladoras de software fueron distinguidas esta semana con el premio Apple Design Award otorgado en San Francisco dentro de la edici\\u00f3n actual de la Conferencia Mundial de Desarroladores (Worldwide Developers Conference o WWDC, por sus siglas en ingl\\u00e9s). La empresa de software The Soulmen, con\",\"inLanguage\":\"es-ES\",\"isPartOf\":{\"@id\":\"https:\\\/\\\/candas365.es\\\/noticias\\\/#website\"},\"breadcrumb\":{\"@id\":\"https:\\\/\\\/candas365.es\\\/noticias\\\/dos-empresas-alemanas-de-software-reciben-el-apple-design-award\\\/#breadcrumblist\"},\"author\":{\"@id\":\"https:\\\/\\\/candas365.es\\\/noticias\\\/author\\\/admin\\\/#author\"},\"creator\":{\"@id\":\"https:\\\/\\\/candas365.es\\\/noticias\\\/author\\\/admin\\\/#author\"},\"image\":{\"@type\":\"ImageObject\",\"url\":\"https:\\\/\\\/candas365.es\\\/noticias\\\/wp-content\\\/uploads\\\/2015\\\/09\\\/c365noticias.jpg\",\"@id\":\"https:\\\/\\\/candas365.es\\\/noticias\\\/dos-empresas-alemanas-de-software-reciben-el-apple-design-award\\\/#mainImage\",\"width\":655,\"height\":360},\"primaryImageOfPage\":{\"@id\":\"https:\\\/\\\/candas365.es\\\/noticias\\\/dos-empresas-alemanas-de-software-reciben-el-apple-design-award\\\/#mainImage\"},\"datePublished\":\"2016-06-16T05:28:36+02:00\",\"dateModified\":\"2016-06-16T05:28:36+02:00\"},{\"@type\":\"WebSite\",\"@id\":\"https:\\\/\\\/candas365.es\\\/noticias\\\/#website\",\"url\":\"https:\\\/\\\/candas365.es\\\/noticias\\\/\",\"name\":\"Cand\\u00e1s 365\",\"alternateName\":\"Cand\\u00e1s 365 Noticias\",\"description\":\"Actualidad desde Carre\\u00f1o para el mundo\",\"inLanguage\":\"es-ES\",\"publisher\":{\"@id\":\"https:\\\/\\\/candas365.es\\\/noticias\\\/#organization\"}}]}\n\t\t<\/script>\n\t\t<!-- All in One SEO Pro -->\r\n\t\t<title>Dos empresas alemanas de software reciben el Apple Design Award | Cand\u00e1s 365<\/title>\n\n","aioseo_head_json":{"title":"Dos empresas alemanas de software reciben el Apple Design Award | Cand\u00e1s 365","description":"San Francisco (EEUU), 15 jun (dpa) - Dos empresas alemanas desarrolladoras de software fueron distinguidas esta semana con el premio Apple Design Award otorgado en San Francisco dentro de la edici\u00f3n actual de la Conferencia Mundial de Desarroladores (Worldwide Developers Conference o WWDC, por sus siglas en ingl\u00e9s). La empresa de software The Soulmen, con","canonical_url":"https:\/\/candas365.es\/noticias\/dos-empresas-alemanas-de-software-reciben-el-apple-design-award\/","robots":"max-image-preview:large","keywords":"actualidad","webmasterTools":{"google-site-verification":"UA-32230408-1","msvalidate.01":"354F3CDFB2DA171B47FBE9ABF1F88D5","miscellaneous":""},"schema":{"@context":"https:\/\/schema.org","@graph":[{"@type":"BreadcrumbList","@id":"https:\/\/candas365.es\/noticias\/dos-empresas-alemanas-de-software-reciben-el-apple-design-award\/#breadcrumblist","itemListElement":[{"@type":"ListItem","@id":"https:\/\/candas365.es\/noticias#listItem","position":1,"name":"Home","item":"https:\/\/candas365.es\/noticias","nextItem":{"@type":"ListItem","@id":"https:\/\/candas365.es\/noticias\/category\/actualidad\/#listItem","name":"Actualidad"}},{"@type":"ListItem","@id":"https:\/\/candas365.es\/noticias\/category\/actualidad\/#listItem","position":2,"name":"Actualidad","item":"https:\/\/candas365.es\/noticias\/category\/actualidad\/","nextItem":{"@type":"ListItem","@id":"https:\/\/candas365.es\/noticias\/dos-empresas-alemanas-de-software-reciben-el-apple-design-award\/#listItem","name":"Dos empresas alemanas de software reciben el Apple Design Award"},"previousItem":{"@type":"ListItem","@id":"https:\/\/candas365.es\/noticias#listItem","name":"Home"}},{"@type":"ListItem","@id":"https:\/\/candas365.es\/noticias\/dos-empresas-alemanas-de-software-reciben-el-apple-design-award\/#listItem","position":3,"name":"Dos empresas alemanas de software reciben el Apple Design Award","previousItem":{"@type":"ListItem","@id":"https:\/\/candas365.es\/noticias\/category\/actualidad\/#listItem","name":"Actualidad"}}]},{"@type":"NewsArticle","@id":"https:\/\/candas365.es\/noticias\/dos-empresas-alemanas-de-software-reciben-el-apple-design-award\/#newsarticle","name":"Dos empresas alemanas de software reciben el Apple Design Award | Cand\u00e1s 365","headline":"Dos empresas alemanas de software reciben el Apple Design Award","author":{"@id":"https:\/\/candas365.es\/noticias\/author\/admin\/#author"},"publisher":{"@id":"https:\/\/candas365.es\/noticias\/#organization"},"image":{"@type":"ImageObject","url":"https:\/\/candas365.es\/noticias\/wp-content\/uploads\/2015\/09\/c365noticias.jpg","width":655,"height":360},"datePublished":"2016-06-16T05:28:36+02:00","dateModified":"2016-06-16T05:28:36+02:00","inLanguage":"es-ES","mainEntityOfPage":{"@id":"https:\/\/candas365.es\/noticias\/dos-empresas-alemanas-de-software-reciben-el-apple-design-award\/#webpage"},"isPartOf":{"@id":"https:\/\/candas365.es\/noticias\/dos-empresas-alemanas-de-software-reciben-el-apple-design-award\/#webpage"},"articleSection":"Actualidad","dateline":"Publicado el junio 16, 2016."},{"@type":"Organization","@id":"https:\/\/candas365.es\/noticias\/#organization","name":"Cand\u00e1s 365","description":"Cand\u00e1s 365 es un diario digital independiente, fundado en 2012, con base en Asturias. Informamos con rigor sobre actualidad, sociedad, cultura y ocio, con una mirada local y global.","url":"https:\/\/candas365.es\/noticias\/","email":"info@candas365.es","telephone":"+34652131393","foundingDate":"2012-06-10","logo":{"@type":"ImageObject","url":"https:\/\/candas365.es\/noticias\/wp-content\/uploads\/2024\/09\/Candas-365-Redes.jpg","@id":"https:\/\/candas365.es\/noticias\/dos-empresas-alemanas-de-software-reciben-el-apple-design-award\/#organizationLogo","width":1152,"height":864,"caption":"Cand\u00e1s 365 Redes"},"image":{"@id":"https:\/\/candas365.es\/noticias\/dos-empresas-alemanas-de-software-reciben-el-apple-design-award\/#organizationLogo"},"sameAs":["https:\/\/www.facebook.com\/Nachofdezber","https:\/\/x.com\/NabercoDigital","https:\/\/www.instagram.com\/nachofdezber\/","https:\/\/www.youtube.com\/channel\/UCZP-2wLEB9Rv6erhFmqVnvg"],"address":{"@id":"https:\/\/candas365.es\/noticias\/#postaladdress","@type":"PostalAddress","streetAddress":"san antonio 4, san antonio 4","postalCode":"33430","addressLocality":"Cand\u00e1s","addressRegion":"Asturias","addressCountry":"ES"}},{"@type":"Person","@id":"https:\/\/candas365.es\/noticias\/author\/admin\/#author","url":"https:\/\/candas365.es\/noticias\/author\/admin\/","name":"Cand\u00e1s 365","image":{"@type":"ImageObject","@id":"https:\/\/candas365.es\/noticias\/dos-empresas-alemanas-de-software-reciben-el-apple-design-award\/#authorImage","url":"https:\/\/secure.gravatar.com\/avatar\/496a8e03d0c493ede1718b7934145dbdf8d89be1036b0eec9544e1094c9de390?s=96&d=mm&r=g","width":96,"height":96,"caption":"Cand\u00e1s 365"},"sameAs":["https:\/\/www.facebook.com\/carrenoactualidad","https:\/\/twitter.com\/nbasturias","https:\/\/www.instagram.com\/nachofdezber\/","https:\/\/www.youtube.com\/channel\/UCZP-2wLEB9Rv6erhFmqVnvg"]},{"@type":"WebPage","@id":"https:\/\/candas365.es\/noticias\/dos-empresas-alemanas-de-software-reciben-el-apple-design-award\/#webpage","url":"https:\/\/candas365.es\/noticias\/dos-empresas-alemanas-de-software-reciben-el-apple-design-award\/","name":"Dos empresas alemanas de software reciben el Apple Design Award | Cand\u00e1s 365","description":"San Francisco (EEUU), 15 jun (dpa) - Dos empresas alemanas desarrolladoras de software fueron distinguidas esta semana con el premio Apple Design Award otorgado en San Francisco dentro de la edici\u00f3n actual de la Conferencia Mundial de Desarroladores (Worldwide Developers Conference o WWDC, por sus siglas en ingl\u00e9s). La empresa de software The Soulmen, con","inLanguage":"es-ES","isPartOf":{"@id":"https:\/\/candas365.es\/noticias\/#website"},"breadcrumb":{"@id":"https:\/\/candas365.es\/noticias\/dos-empresas-alemanas-de-software-reciben-el-apple-design-award\/#breadcrumblist"},"author":{"@id":"https:\/\/candas365.es\/noticias\/author\/admin\/#author"},"creator":{"@id":"https:\/\/candas365.es\/noticias\/author\/admin\/#author"},"image":{"@type":"ImageObject","url":"https:\/\/candas365.es\/noticias\/wp-content\/uploads\/2015\/09\/c365noticias.jpg","@id":"https:\/\/candas365.es\/noticias\/dos-empresas-alemanas-de-software-reciben-el-apple-design-award\/#mainImage","width":655,"height":360},"primaryImageOfPage":{"@id":"https:\/\/candas365.es\/noticias\/dos-empresas-alemanas-de-software-reciben-el-apple-design-award\/#mainImage"},"datePublished":"2016-06-16T05:28:36+02:00","dateModified":"2016-06-16T05:28:36+02:00"},{"@type":"WebSite","@id":"https:\/\/candas365.es\/noticias\/#website","url":"https:\/\/candas365.es\/noticias\/","name":"Cand\u00e1s 365","alternateName":"Cand\u00e1s 365 Noticias","description":"Actualidad desde Carre\u00f1o para el mundo","inLanguage":"es-ES","publisher":{"@id":"https:\/\/candas365.es\/noticias\/#organization"}}]},"og:locale":"es_ES","og:site_name":"Cand\u00e1s 365","og:type":"article","og:title":"Dos empresas alemanas de software reciben el Apple Design Award | Cand\u00e1s 365","og:description":"San Francisco (EEUU), 15 jun (dpa) - Dos empresas alemanas desarrolladoras de software fueron distinguidas esta semana con el premio Apple Design Award otorgado en San Francisco dentro de la edici\u00f3n actual de la Conferencia Mundial de Desarroladores (Worldwide Developers Conference o WWDC, por sus siglas en ingl\u00e9s). La empresa de software The Soulmen, con","og:url":"https:\/\/candas365.es\/noticias\/dos-empresas-alemanas-de-software-reciben-el-apple-design-award\/","og:image":"https:\/\/candas365.es\/noticias\/wp-content\/uploads\/2015\/09\/c365noticias.jpg","og:image:secure_url":"https:\/\/candas365.es\/noticias\/wp-content\/uploads\/2015\/09\/c365noticias.jpg","og:image:width":655,"og:image:height":360,"article:published_time":"2016-06-16T03:58:36+00:00","article:modified_time":"2016-06-16T03:58:36+00:00","article:publisher":"https:\/\/www.facebook.com\/Nachofdezber","article:author":"https:\/\/www.facebook.com\/carrenoactualidad","twitter:card":"summary_large_image","twitter:site":"@NabercoDigital","twitter:title":"Dos empresas alemanas de software reciben el Apple Design Award | Cand\u00e1s 365","twitter:description":"San Francisco (EEUU), 15 jun (dpa) - Dos empresas alemanas desarrolladoras de software fueron distinguidas esta semana con el premio Apple Design Award otorgado en San Francisco dentro de la edici\u00f3n actual de la Conferencia Mundial de Desarroladores (Worldwide Developers Conference o WWDC, por sus siglas en ingl\u00e9s). La empresa de software The Soulmen, con","twitter:creator":"@nbasturias","twitter:image":"https:\/\/candas365.es\/noticias\/wp-content\/uploads\/2015\/09\/c365noticias.jpg","twitter:label1":"Escrito por","twitter:data1":"Cand\u00e1s 365","twitter:label2":"Tiempo de lectura estimado","twitter:data2":"1 minuto"},"aioseo_meta_data":{"post_id":"30364","title":null,"description":null,"keywords":null,"keyphrases":null,"primary_term":null,"canonical_url":null,"og_title":null,"og_description":null,"og_object_type":"default","og_image_type":"default","og_image_url":null,"og_image_width":null,"og_image_height":null,"og_image_custom_url":null,"og_image_custom_fields":null,"og_video":null,"og_custom_url":null,"og_article_section":null,"og_article_tags":null,"twitter_use_og":false,"twitter_card":"default","twitter_image_type":"default","twitter_image_url":null,"twitter_image_custom_url":null,"twitter_image_custom_fields":null,"twitter_title":null,"twitter_description":null,"schema":{"blockGraphs":[],"customGraphs":[],"default":{"data":{"Article":[],"Course":[],"Dataset":[],"FAQPage":[],"Movie":[],"Person":[],"Product":[],"ProductReview":[],"Car":[],"Recipe":[],"Service":[],"SoftwareApplication":[],"WebPage":[]},"graphName":"","isEnabled":true},"graphs":[],"defaultGraph":"","defaultPostTypeGraph":""},"schema_type":null,"schema_type_options":null,"pillar_content":false,"robots_default":true,"robots_noindex":false,"robots_noarchive":false,"robots_nosnippet":false,"robots_nofollow":false,"robots_noimageindex":false,"robots_noodp":false,"robots_notranslate":false,"robots_max_snippet":null,"robots_max_videopreview":null,"robots_max_imagepreview":"large","priority":null,"frequency":null,"location":null,"local_seo":null,"seo_analyzer_scan_date":"2025-08-24 12:24:14","breadcrumb_settings":null,"limit_modified_date":false,"reviewed_by":null,"open_ai":null,"ai":null,"created":"2020-12-21 12:57:59","updated":"2025-08-24 12:24:14"},"aioseo_breadcrumb":"<div class=\"aioseo-breadcrumbs\"><span class=\"aioseo-breadcrumb\">\n\t<a href=\"https:\/\/candas365.es\/noticias\" title=\"Home\">Home<\/a>\n<\/span><span class=\"aioseo-breadcrumb-separator\">&ndash;<\/span><span class=\"aioseo-breadcrumb\">\n\t<a href=\"https:\/\/candas365.es\/noticias\/category\/actualidad\/\" title=\"Actualidad\">Actualidad<\/a>\n<\/span><span class=\"aioseo-breadcrumb-separator\">&ndash;<\/span><span class=\"aioseo-breadcrumb\">\n\tDos empresas alemanas de software reciben el Apple Design Award\n<\/span><\/div>","aioseo_breadcrumb_json":[{"label":"Home","link":"https:\/\/candas365.es\/noticias"},{"label":"Actualidad","link":"https:\/\/candas365.es\/noticias\/category\/actualidad\/"},{"label":"Dos empresas alemanas de software reciben el Apple Design Award","link":"https:\/\/candas365.es\/noticias\/dos-empresas-alemanas-de-software-reciben-el-apple-design-award\/"}],"_links":{"self":[{"href":"https:\/\/candas365.es\/noticias\/wp-json\/wp\/v2\/posts\/30364","targetHints":{"allow":["GET"]}}],"collection":[{"href":"https:\/\/candas365.es\/noticias\/wp-json\/wp\/v2\/posts"}],"about":[{"href":"https:\/\/candas365.es\/noticias\/wp-json\/wp\/v2\/types\/post"}],"author":[{"embeddable":true,"href":"https:\/\/candas365.es\/noticias\/wp-json\/wp\/v2\/users\/1"}],"replies":[{"embeddable":true,"href":"https:\/\/candas365.es\/noticias\/wp-json\/wp\/v2\/comments?post=30364"}],"version-history":[{"count":0,"href":"https:\/\/candas365.es\/noticias\/wp-json\/wp\/v2\/posts\/30364\/revisions"}],"wp:featuredmedia":[{"embeddable":true,"href":"https:\/\/candas365.es\/noticias\/wp-json\/wp\/v2\/media\/16457"}],"wp:attachment":[{"href":"https:\/\/candas365.es\/noticias\/wp-json\/wp\/v2\/media?parent=30364"}],"wp:term":[{"taxonomy":"category","embeddable":true,"href":"https:\/\/candas365.es\/noticias\/wp-json\/wp\/v2\/categories?post=30364"},{"taxonomy":"post_tag","embeddable":true,"href":"https:\/\/candas365.es\/noticias\/wp-json\/wp\/v2\/tags?post=30364"}],"curies":[{"name":"wp","href":"https:\/\/api.w.org\/{rel}","templated":true}]}}