{"id":30356,"date":"2016-06-16T05:25:08","date_gmt":"2016-06-16T03:55:08","guid":{"rendered":"http:\/\/candas365.es\/noticias\/?p=30356"},"modified":"2016-06-16T05:25:08","modified_gmt":"2016-06-16T03:55:08","slug":"inteligencia-alemana-alerta-de-los-seminarios-de-islam-en-mezquitas","status":"publish","type":"post","link":"https:\/\/candas365.es\/noticias\/inteligencia-alemana-alerta-de-los-seminarios-de-islam-en-mezquitas\/","title":{"rendered":"Inteligencia alemana alerta de los \u00abseminarios de islam\u00bb en mezquitas"},"content":{"rendered":"<p>Berl\u00edn, 14 jun (dpa) &#8211; Los servicios de inteligencia alemana miran con preocupaci\u00f3n los seminarios ideol\u00f3gicos de j\u00f3venes musulmanes dirigidos por salafistas, seg\u00fan un informe presentado hoy.<\/p>\n<p>Los seminarios tienen lugar regularmente en diferentes mezquitas de Berl\u00edn y asisten musulmanes de toda Alemania, escribieron los expertos del servicio secreto alem\u00e1n en el interior. <\/p>\n<p>En los seminarios buscan transmitir \u00abla visi\u00f3n del islam de los salafistas y la ideolog\u00eda salafista, conseguir nuevos partidarios, as\u00ed como crear una red de contactos\u00bb, alertaron en el informe de 2015 presentado hoy en la capital alemana. <\/p>\n<p>Estos seminarios sobre el islam que buscan la radicalizaci\u00f3n de los musulmanes tienen lugar en las mezquitas de Al Nur, As Sahaba e Ibrahim al-Khalil, situadas en tres barrios diferentes de la capital alemana. <\/p>\n<p>El n\u00famero de salafistas en la capital alemana subi\u00f3 hasta los 710 a finales de abril de este a\u00f1o. Cien islamistas viajaron el pasado a\u00f1o a zonas de conflicto en el Cercano Oriente, seg\u00fan datos de los servicios secretos germanos. La mayor\u00eda de ellos proced\u00edan de los barrios berlineses de Neuk\u00f6lln, Wedding (donde se encuentran algunas de las mezquitas mencionadas) y de Reinickendorf.<\/p>\n","protected":false},"excerpt":{"rendered":"<p>Berl\u00edn, 14 jun (dpa) &#8211; Los servicios de inteligencia alemana miran con preocupaci\u00f3n los seminarios ideol\u00f3gicos de j\u00f3venes musulmanes dirigidos por salafistas, seg\u00fan un informe presentado hoy. Los seminarios tienen lugar regularmente en diferentes mezquitas de Berl\u00edn y asisten musulmanes de toda Alemania, escribieron los expertos del servicio secreto alem\u00e1n en el interior. En los<\/p>\n","protected":false},"author":1,"featured_media":16457,"comment_status":"closed","ping_status":"closed","sticky":false,"template":"","format":"standard","meta":{"footnotes":""},"categories":[343],"tags":[],"class_list":{"0":"post-30356","1":"post","2":"type-post","3":"status-publish","4":"format-standard","5":"has-post-thumbnail","7":"category-actualidad"},"aioseo_notices":[],"aioseo_head":"\n\t\t<!-- All in One SEO Pro 4.9.6.2 - aioseo.com -->\n\t<meta name=\"description\" content=\"Berl\u00edn, 14 jun (dpa) - Los servicios de inteligencia alemana miran con preocupaci\u00f3n los seminarios ideol\u00f3gicos de j\u00f3venes musulmanes dirigidos por salafistas, seg\u00fan un informe presentado hoy. Los seminarios tienen lugar regularmente en diferentes mezquitas de Berl\u00edn y asisten musulmanes de toda Alemania, escribieron los expertos del servicio secreto alem\u00e1n en el interior. En los\" \/>\n\t<meta name=\"robots\" content=\"max-image-preview:large\" \/>\n\t<meta name=\"author\" content=\"Cand\u00e1s 365\"\/>\n\t<meta name=\"google-site-verification\" content=\"UA-32230408-1\" \/>\n\t<meta name=\"msvalidate.01\" content=\"354F3CDFB2DA171B47FBE9ABF1F88D5\" \/>\n\t<meta name=\"keywords\" content=\"actualidad\" \/>\n\t<link rel=\"canonical\" href=\"https:\/\/candas365.es\/noticias\/inteligencia-alemana-alerta-de-los-seminarios-de-islam-en-mezquitas\/\" \/>\n\t<meta name=\"generator\" content=\"All in One SEO Pro (AIOSEO) 4.9.6.2\" \/>\n\t\t<meta property=\"og:locale\" content=\"es_ES\" \/>\n\t\t<meta property=\"og:site_name\" content=\"Cand\u00e1s 365\" \/>\n\t\t<meta property=\"og:type\" content=\"article\" \/>\n\t\t<meta property=\"og:title\" content=\"Inteligencia alemana alerta de los \u00abseminarios de islam\u00bb en mezquitas | Cand\u00e1s 365\" \/>\n\t\t<meta property=\"og:description\" content=\"Berl\u00edn, 14 jun (dpa) - Los servicios de inteligencia alemana miran con preocupaci\u00f3n los seminarios ideol\u00f3gicos de j\u00f3venes musulmanes dirigidos por salafistas, seg\u00fan un informe presentado hoy. Los seminarios tienen lugar regularmente en diferentes mezquitas de Berl\u00edn y asisten musulmanes de toda Alemania, escribieron los expertos del servicio secreto alem\u00e1n en el interior. En los\" \/>\n\t\t<meta property=\"og:url\" content=\"https:\/\/candas365.es\/noticias\/inteligencia-alemana-alerta-de-los-seminarios-de-islam-en-mezquitas\/\" \/>\n\t\t<meta property=\"og:image\" content=\"https:\/\/candas365.es\/noticias\/wp-content\/uploads\/2015\/09\/c365noticias.jpg\" \/>\n\t\t<meta property=\"og:image:secure_url\" content=\"https:\/\/candas365.es\/noticias\/wp-content\/uploads\/2015\/09\/c365noticias.jpg\" \/>\n\t\t<meta property=\"og:image:width\" content=\"655\" \/>\n\t\t<meta property=\"og:image:height\" content=\"360\" \/>\n\t\t<meta property=\"article:published_time\" content=\"2016-06-16T03:55:08+00:00\" \/>\n\t\t<meta property=\"article:modified_time\" content=\"2016-06-16T03:55:08+00:00\" \/>\n\t\t<meta property=\"article:publisher\" content=\"https:\/\/www.facebook.com\/Nachofdezber\" \/>\n\t\t<meta property=\"article:author\" content=\"https:\/\/www.facebook.com\/carrenoactualidad\" \/>\n\t\t<meta name=\"twitter:card\" content=\"summary_large_image\" \/>\n\t\t<meta name=\"twitter:site\" content=\"@NabercoDigital\" \/>\n\t\t<meta name=\"twitter:title\" content=\"Inteligencia alemana alerta de los \u00abseminarios de islam\u00bb en mezquitas | Cand\u00e1s 365\" \/>\n\t\t<meta name=\"twitter:description\" content=\"Berl\u00edn, 14 jun (dpa) - Los servicios de inteligencia alemana miran con preocupaci\u00f3n los seminarios ideol\u00f3gicos de j\u00f3venes musulmanes dirigidos por salafistas, seg\u00fan un informe presentado hoy. Los seminarios tienen lugar regularmente en diferentes mezquitas de Berl\u00edn y asisten musulmanes de toda Alemania, escribieron los expertos del servicio secreto alem\u00e1n en el interior. En los\" \/>\n\t\t<meta name=\"twitter:creator\" content=\"@nbasturias\" \/>\n\t\t<meta name=\"twitter:image\" content=\"https:\/\/candas365.es\/noticias\/wp-content\/uploads\/2015\/09\/c365noticias.jpg\" \/>\n\t\t<meta name=\"twitter:label1\" content=\"Escrito por\" \/>\n\t\t<meta name=\"twitter:data1\" content=\"Cand\u00e1s 365\" \/>\n\t\t<meta name=\"twitter:label2\" content=\"Tiempo de lectura estimado\" \/>\n\t\t<meta name=\"twitter:data2\" content=\"1 minuto\" \/>\n\t\t<script type=\"application\/ld+json\" class=\"aioseo-schema\">\n\t\t\t{\"@context\":\"https:\\\/\\\/schema.org\",\"@graph\":[{\"@type\":\"BreadcrumbList\",\"@id\":\"https:\\\/\\\/candas365.es\\\/noticias\\\/inteligencia-alemana-alerta-de-los-seminarios-de-islam-en-mezquitas\\\/#breadcrumblist\",\"itemListElement\":[{\"@type\":\"ListItem\",\"@id\":\"https:\\\/\\\/candas365.es\\\/noticias#listItem\",\"position\":1,\"name\":\"Home\",\"item\":\"https:\\\/\\\/candas365.es\\\/noticias\",\"nextItem\":{\"@type\":\"ListItem\",\"@id\":\"https:\\\/\\\/candas365.es\\\/noticias\\\/category\\\/actualidad\\\/#listItem\",\"name\":\"Actualidad\"}},{\"@type\":\"ListItem\",\"@id\":\"https:\\\/\\\/candas365.es\\\/noticias\\\/category\\\/actualidad\\\/#listItem\",\"position\":2,\"name\":\"Actualidad\",\"item\":\"https:\\\/\\\/candas365.es\\\/noticias\\\/category\\\/actualidad\\\/\",\"nextItem\":{\"@type\":\"ListItem\",\"@id\":\"https:\\\/\\\/candas365.es\\\/noticias\\\/inteligencia-alemana-alerta-de-los-seminarios-de-islam-en-mezquitas\\\/#listItem\",\"name\":\"Inteligencia alemana alerta de los \\u00abseminarios de islam\\u00bb en mezquitas\"},\"previousItem\":{\"@type\":\"ListItem\",\"@id\":\"https:\\\/\\\/candas365.es\\\/noticias#listItem\",\"name\":\"Home\"}},{\"@type\":\"ListItem\",\"@id\":\"https:\\\/\\\/candas365.es\\\/noticias\\\/inteligencia-alemana-alerta-de-los-seminarios-de-islam-en-mezquitas\\\/#listItem\",\"position\":3,\"name\":\"Inteligencia alemana alerta de los \\u00abseminarios de islam\\u00bb en mezquitas\",\"previousItem\":{\"@type\":\"ListItem\",\"@id\":\"https:\\\/\\\/candas365.es\\\/noticias\\\/category\\\/actualidad\\\/#listItem\",\"name\":\"Actualidad\"}}]},{\"@type\":\"NewsArticle\",\"@id\":\"https:\\\/\\\/candas365.es\\\/noticias\\\/inteligencia-alemana-alerta-de-los-seminarios-de-islam-en-mezquitas\\\/#newsarticle\",\"name\":\"Inteligencia alemana alerta de los \\u00abseminarios de islam\\u00bb en mezquitas | Cand\\u00e1s 365\",\"headline\":\"Inteligencia alemana alerta de los \\u00abseminarios de islam\\u00bb en mezquitas\",\"author\":{\"@id\":\"https:\\\/\\\/candas365.es\\\/noticias\\\/author\\\/admin\\\/#author\"},\"publisher\":{\"@id\":\"https:\\\/\\\/candas365.es\\\/noticias\\\/#organization\"},\"image\":{\"@type\":\"ImageObject\",\"url\":\"https:\\\/\\\/candas365.es\\\/noticias\\\/wp-content\\\/uploads\\\/2015\\\/09\\\/c365noticias.jpg\",\"width\":655,\"height\":360},\"datePublished\":\"2016-06-16T05:25:08+02:00\",\"dateModified\":\"2016-06-16T05:25:08+02:00\",\"inLanguage\":\"es-ES\",\"mainEntityOfPage\":{\"@id\":\"https:\\\/\\\/candas365.es\\\/noticias\\\/inteligencia-alemana-alerta-de-los-seminarios-de-islam-en-mezquitas\\\/#webpage\"},\"isPartOf\":{\"@id\":\"https:\\\/\\\/candas365.es\\\/noticias\\\/inteligencia-alemana-alerta-de-los-seminarios-de-islam-en-mezquitas\\\/#webpage\"},\"articleSection\":\"Actualidad\",\"dateline\":\"Publicado el junio 16, 2016.\"},{\"@type\":\"Organization\",\"@id\":\"https:\\\/\\\/candas365.es\\\/noticias\\\/#organization\",\"name\":\"Cand\\u00e1s 365\",\"description\":\"Cand\\u00e1s 365 es un diario digital independiente, fundado en 2012, con base en Asturias. Informamos con rigor sobre actualidad, sociedad, cultura y ocio, con una mirada local y global.\",\"url\":\"https:\\\/\\\/candas365.es\\\/noticias\\\/\",\"email\":\"info@candas365.es\",\"telephone\":\"+34652131393\",\"foundingDate\":\"2012-06-10\",\"logo\":{\"@type\":\"ImageObject\",\"url\":\"https:\\\/\\\/candas365.es\\\/noticias\\\/wp-content\\\/uploads\\\/2024\\\/09\\\/Candas-365-Redes.jpg\",\"@id\":\"https:\\\/\\\/candas365.es\\\/noticias\\\/inteligencia-alemana-alerta-de-los-seminarios-de-islam-en-mezquitas\\\/#organizationLogo\",\"width\":1152,\"height\":864,\"caption\":\"Cand\\u00e1s 365 Redes\"},\"image\":{\"@id\":\"https:\\\/\\\/candas365.es\\\/noticias\\\/inteligencia-alemana-alerta-de-los-seminarios-de-islam-en-mezquitas\\\/#organizationLogo\"},\"sameAs\":[\"https:\\\/\\\/www.facebook.com\\\/Nachofdezber\",\"https:\\\/\\\/x.com\\\/NabercoDigital\",\"https:\\\/\\\/www.instagram.com\\\/nachofdezber\\\/\",\"https:\\\/\\\/www.youtube.com\\\/channel\\\/UCZP-2wLEB9Rv6erhFmqVnvg\"],\"address\":{\"@id\":\"https:\\\/\\\/candas365.es\\\/noticias\\\/#postaladdress\",\"@type\":\"PostalAddress\",\"streetAddress\":\"san antonio 4, san antonio 4\",\"postalCode\":\"33430\",\"addressLocality\":\"Cand\\u00e1s\",\"addressRegion\":\"Asturias\",\"addressCountry\":\"ES\"}},{\"@type\":\"Person\",\"@id\":\"https:\\\/\\\/candas365.es\\\/noticias\\\/author\\\/admin\\\/#author\",\"url\":\"https:\\\/\\\/candas365.es\\\/noticias\\\/author\\\/admin\\\/\",\"name\":\"Cand\\u00e1s 365\",\"image\":{\"@type\":\"ImageObject\",\"@id\":\"https:\\\/\\\/candas365.es\\\/noticias\\\/inteligencia-alemana-alerta-de-los-seminarios-de-islam-en-mezquitas\\\/#authorImage\",\"url\":\"https:\\\/\\\/secure.gravatar.com\\\/avatar\\\/496a8e03d0c493ede1718b7934145dbdf8d89be1036b0eec9544e1094c9de390?s=96&d=mm&r=g\",\"width\":96,\"height\":96,\"caption\":\"Cand\\u00e1s 365\"},\"sameAs\":[\"https:\\\/\\\/www.facebook.com\\\/carrenoactualidad\",\"https:\\\/\\\/twitter.com\\\/nbasturias\",\"https:\\\/\\\/www.instagram.com\\\/nachofdezber\\\/\",\"https:\\\/\\\/www.youtube.com\\\/channel\\\/UCZP-2wLEB9Rv6erhFmqVnvg\"]},{\"@type\":\"WebPage\",\"@id\":\"https:\\\/\\\/candas365.es\\\/noticias\\\/inteligencia-alemana-alerta-de-los-seminarios-de-islam-en-mezquitas\\\/#webpage\",\"url\":\"https:\\\/\\\/candas365.es\\\/noticias\\\/inteligencia-alemana-alerta-de-los-seminarios-de-islam-en-mezquitas\\\/\",\"name\":\"Inteligencia alemana alerta de los \\u00abseminarios de islam\\u00bb en mezquitas | Cand\\u00e1s 365\",\"description\":\"Berl\\u00edn, 14 jun (dpa) - Los servicios de inteligencia alemana miran con preocupaci\\u00f3n los seminarios ideol\\u00f3gicos de j\\u00f3venes musulmanes dirigidos por salafistas, seg\\u00fan un informe presentado hoy. Los seminarios tienen lugar regularmente en diferentes mezquitas de Berl\\u00edn y asisten musulmanes de toda Alemania, escribieron los expertos del servicio secreto alem\\u00e1n en el interior. En los\",\"inLanguage\":\"es-ES\",\"isPartOf\":{\"@id\":\"https:\\\/\\\/candas365.es\\\/noticias\\\/#website\"},\"breadcrumb\":{\"@id\":\"https:\\\/\\\/candas365.es\\\/noticias\\\/inteligencia-alemana-alerta-de-los-seminarios-de-islam-en-mezquitas\\\/#breadcrumblist\"},\"author\":{\"@id\":\"https:\\\/\\\/candas365.es\\\/noticias\\\/author\\\/admin\\\/#author\"},\"creator\":{\"@id\":\"https:\\\/\\\/candas365.es\\\/noticias\\\/author\\\/admin\\\/#author\"},\"image\":{\"@type\":\"ImageObject\",\"url\":\"https:\\\/\\\/candas365.es\\\/noticias\\\/wp-content\\\/uploads\\\/2015\\\/09\\\/c365noticias.jpg\",\"@id\":\"https:\\\/\\\/candas365.es\\\/noticias\\\/inteligencia-alemana-alerta-de-los-seminarios-de-islam-en-mezquitas\\\/#mainImage\",\"width\":655,\"height\":360},\"primaryImageOfPage\":{\"@id\":\"https:\\\/\\\/candas365.es\\\/noticias\\\/inteligencia-alemana-alerta-de-los-seminarios-de-islam-en-mezquitas\\\/#mainImage\"},\"datePublished\":\"2016-06-16T05:25:08+02:00\",\"dateModified\":\"2016-06-16T05:25:08+02:00\"},{\"@type\":\"WebSite\",\"@id\":\"https:\\\/\\\/candas365.es\\\/noticias\\\/#website\",\"url\":\"https:\\\/\\\/candas365.es\\\/noticias\\\/\",\"name\":\"Cand\\u00e1s 365\",\"alternateName\":\"Cand\\u00e1s 365 Noticias\",\"description\":\"Actualidad desde Carre\\u00f1o para el mundo\",\"inLanguage\":\"es-ES\",\"publisher\":{\"@id\":\"https:\\\/\\\/candas365.es\\\/noticias\\\/#organization\"}}]}\n\t\t<\/script>\n\t\t<!-- All in One SEO Pro -->\r\n\t\t<title>Inteligencia alemana alerta de los \u00abseminarios de islam\u00bb en mezquitas | Cand\u00e1s 365<\/title>\n\n","aioseo_head_json":{"title":"Inteligencia alemana alerta de los \u00abseminarios de islam\u00bb en mezquitas | Cand\u00e1s 365","description":"Berl\u00edn, 14 jun (dpa) - Los servicios de inteligencia alemana miran con preocupaci\u00f3n los seminarios ideol\u00f3gicos de j\u00f3venes musulmanes dirigidos por salafistas, seg\u00fan un informe presentado hoy. Los seminarios tienen lugar regularmente en diferentes mezquitas de Berl\u00edn y asisten musulmanes de toda Alemania, escribieron los expertos del servicio secreto alem\u00e1n en el interior. En los","canonical_url":"https:\/\/candas365.es\/noticias\/inteligencia-alemana-alerta-de-los-seminarios-de-islam-en-mezquitas\/","robots":"max-image-preview:large","keywords":"actualidad","webmasterTools":{"google-site-verification":"UA-32230408-1","msvalidate.01":"354F3CDFB2DA171B47FBE9ABF1F88D5","miscellaneous":""},"schema":{"@context":"https:\/\/schema.org","@graph":[{"@type":"BreadcrumbList","@id":"https:\/\/candas365.es\/noticias\/inteligencia-alemana-alerta-de-los-seminarios-de-islam-en-mezquitas\/#breadcrumblist","itemListElement":[{"@type":"ListItem","@id":"https:\/\/candas365.es\/noticias#listItem","position":1,"name":"Home","item":"https:\/\/candas365.es\/noticias","nextItem":{"@type":"ListItem","@id":"https:\/\/candas365.es\/noticias\/category\/actualidad\/#listItem","name":"Actualidad"}},{"@type":"ListItem","@id":"https:\/\/candas365.es\/noticias\/category\/actualidad\/#listItem","position":2,"name":"Actualidad","item":"https:\/\/candas365.es\/noticias\/category\/actualidad\/","nextItem":{"@type":"ListItem","@id":"https:\/\/candas365.es\/noticias\/inteligencia-alemana-alerta-de-los-seminarios-de-islam-en-mezquitas\/#listItem","name":"Inteligencia alemana alerta de los \u00abseminarios de islam\u00bb en mezquitas"},"previousItem":{"@type":"ListItem","@id":"https:\/\/candas365.es\/noticias#listItem","name":"Home"}},{"@type":"ListItem","@id":"https:\/\/candas365.es\/noticias\/inteligencia-alemana-alerta-de-los-seminarios-de-islam-en-mezquitas\/#listItem","position":3,"name":"Inteligencia alemana alerta de los \u00abseminarios de islam\u00bb en mezquitas","previousItem":{"@type":"ListItem","@id":"https:\/\/candas365.es\/noticias\/category\/actualidad\/#listItem","name":"Actualidad"}}]},{"@type":"NewsArticle","@id":"https:\/\/candas365.es\/noticias\/inteligencia-alemana-alerta-de-los-seminarios-de-islam-en-mezquitas\/#newsarticle","name":"Inteligencia alemana alerta de los \u00abseminarios de islam\u00bb en mezquitas | Cand\u00e1s 365","headline":"Inteligencia alemana alerta de los \u00abseminarios de islam\u00bb en mezquitas","author":{"@id":"https:\/\/candas365.es\/noticias\/author\/admin\/#author"},"publisher":{"@id":"https:\/\/candas365.es\/noticias\/#organization"},"image":{"@type":"ImageObject","url":"https:\/\/candas365.es\/noticias\/wp-content\/uploads\/2015\/09\/c365noticias.jpg","width":655,"height":360},"datePublished":"2016-06-16T05:25:08+02:00","dateModified":"2016-06-16T05:25:08+02:00","inLanguage":"es-ES","mainEntityOfPage":{"@id":"https:\/\/candas365.es\/noticias\/inteligencia-alemana-alerta-de-los-seminarios-de-islam-en-mezquitas\/#webpage"},"isPartOf":{"@id":"https:\/\/candas365.es\/noticias\/inteligencia-alemana-alerta-de-los-seminarios-de-islam-en-mezquitas\/#webpage"},"articleSection":"Actualidad","dateline":"Publicado el junio 16, 2016."},{"@type":"Organization","@id":"https:\/\/candas365.es\/noticias\/#organization","name":"Cand\u00e1s 365","description":"Cand\u00e1s 365 es un diario digital independiente, fundado en 2012, con base en Asturias. Informamos con rigor sobre actualidad, sociedad, cultura y ocio, con una mirada local y global.","url":"https:\/\/candas365.es\/noticias\/","email":"info@candas365.es","telephone":"+34652131393","foundingDate":"2012-06-10","logo":{"@type":"ImageObject","url":"https:\/\/candas365.es\/noticias\/wp-content\/uploads\/2024\/09\/Candas-365-Redes.jpg","@id":"https:\/\/candas365.es\/noticias\/inteligencia-alemana-alerta-de-los-seminarios-de-islam-en-mezquitas\/#organizationLogo","width":1152,"height":864,"caption":"Cand\u00e1s 365 Redes"},"image":{"@id":"https:\/\/candas365.es\/noticias\/inteligencia-alemana-alerta-de-los-seminarios-de-islam-en-mezquitas\/#organizationLogo"},"sameAs":["https:\/\/www.facebook.com\/Nachofdezber","https:\/\/x.com\/NabercoDigital","https:\/\/www.instagram.com\/nachofdezber\/","https:\/\/www.youtube.com\/channel\/UCZP-2wLEB9Rv6erhFmqVnvg"],"address":{"@id":"https:\/\/candas365.es\/noticias\/#postaladdress","@type":"PostalAddress","streetAddress":"san antonio 4, san antonio 4","postalCode":"33430","addressLocality":"Cand\u00e1s","addressRegion":"Asturias","addressCountry":"ES"}},{"@type":"Person","@id":"https:\/\/candas365.es\/noticias\/author\/admin\/#author","url":"https:\/\/candas365.es\/noticias\/author\/admin\/","name":"Cand\u00e1s 365","image":{"@type":"ImageObject","@id":"https:\/\/candas365.es\/noticias\/inteligencia-alemana-alerta-de-los-seminarios-de-islam-en-mezquitas\/#authorImage","url":"https:\/\/secure.gravatar.com\/avatar\/496a8e03d0c493ede1718b7934145dbdf8d89be1036b0eec9544e1094c9de390?s=96&d=mm&r=g","width":96,"height":96,"caption":"Cand\u00e1s 365"},"sameAs":["https:\/\/www.facebook.com\/carrenoactualidad","https:\/\/twitter.com\/nbasturias","https:\/\/www.instagram.com\/nachofdezber\/","https:\/\/www.youtube.com\/channel\/UCZP-2wLEB9Rv6erhFmqVnvg"]},{"@type":"WebPage","@id":"https:\/\/candas365.es\/noticias\/inteligencia-alemana-alerta-de-los-seminarios-de-islam-en-mezquitas\/#webpage","url":"https:\/\/candas365.es\/noticias\/inteligencia-alemana-alerta-de-los-seminarios-de-islam-en-mezquitas\/","name":"Inteligencia alemana alerta de los \u00abseminarios de islam\u00bb en mezquitas | Cand\u00e1s 365","description":"Berl\u00edn, 14 jun (dpa) - Los servicios de inteligencia alemana miran con preocupaci\u00f3n los seminarios ideol\u00f3gicos de j\u00f3venes musulmanes dirigidos por salafistas, seg\u00fan un informe presentado hoy. Los seminarios tienen lugar regularmente en diferentes mezquitas de Berl\u00edn y asisten musulmanes de toda Alemania, escribieron los expertos del servicio secreto alem\u00e1n en el interior. En los","inLanguage":"es-ES","isPartOf":{"@id":"https:\/\/candas365.es\/noticias\/#website"},"breadcrumb":{"@id":"https:\/\/candas365.es\/noticias\/inteligencia-alemana-alerta-de-los-seminarios-de-islam-en-mezquitas\/#breadcrumblist"},"author":{"@id":"https:\/\/candas365.es\/noticias\/author\/admin\/#author"},"creator":{"@id":"https:\/\/candas365.es\/noticias\/author\/admin\/#author"},"image":{"@type":"ImageObject","url":"https:\/\/candas365.es\/noticias\/wp-content\/uploads\/2015\/09\/c365noticias.jpg","@id":"https:\/\/candas365.es\/noticias\/inteligencia-alemana-alerta-de-los-seminarios-de-islam-en-mezquitas\/#mainImage","width":655,"height":360},"primaryImageOfPage":{"@id":"https:\/\/candas365.es\/noticias\/inteligencia-alemana-alerta-de-los-seminarios-de-islam-en-mezquitas\/#mainImage"},"datePublished":"2016-06-16T05:25:08+02:00","dateModified":"2016-06-16T05:25:08+02:00"},{"@type":"WebSite","@id":"https:\/\/candas365.es\/noticias\/#website","url":"https:\/\/candas365.es\/noticias\/","name":"Cand\u00e1s 365","alternateName":"Cand\u00e1s 365 Noticias","description":"Actualidad desde Carre\u00f1o para el mundo","inLanguage":"es-ES","publisher":{"@id":"https:\/\/candas365.es\/noticias\/#organization"}}]},"og:locale":"es_ES","og:site_name":"Cand\u00e1s 365","og:type":"article","og:title":"Inteligencia alemana alerta de los \u00abseminarios de islam\u00bb en mezquitas | Cand\u00e1s 365","og:description":"Berl\u00edn, 14 jun (dpa) - Los servicios de inteligencia alemana miran con preocupaci\u00f3n los seminarios ideol\u00f3gicos de j\u00f3venes musulmanes dirigidos por salafistas, seg\u00fan un informe presentado hoy. Los seminarios tienen lugar regularmente en diferentes mezquitas de Berl\u00edn y asisten musulmanes de toda Alemania, escribieron los expertos del servicio secreto alem\u00e1n en el interior. En los","og:url":"https:\/\/candas365.es\/noticias\/inteligencia-alemana-alerta-de-los-seminarios-de-islam-en-mezquitas\/","og:image":"https:\/\/candas365.es\/noticias\/wp-content\/uploads\/2015\/09\/c365noticias.jpg","og:image:secure_url":"https:\/\/candas365.es\/noticias\/wp-content\/uploads\/2015\/09\/c365noticias.jpg","og:image:width":655,"og:image:height":360,"article:published_time":"2016-06-16T03:55:08+00:00","article:modified_time":"2016-06-16T03:55:08+00:00","article:publisher":"https:\/\/www.facebook.com\/Nachofdezber","article:author":"https:\/\/www.facebook.com\/carrenoactualidad","twitter:card":"summary_large_image","twitter:site":"@NabercoDigital","twitter:title":"Inteligencia alemana alerta de los \u00abseminarios de islam\u00bb en mezquitas | Cand\u00e1s 365","twitter:description":"Berl\u00edn, 14 jun (dpa) - Los servicios de inteligencia alemana miran con preocupaci\u00f3n los seminarios ideol\u00f3gicos de j\u00f3venes musulmanes dirigidos por salafistas, seg\u00fan un informe presentado hoy. Los seminarios tienen lugar regularmente en diferentes mezquitas de Berl\u00edn y asisten musulmanes de toda Alemania, escribieron los expertos del servicio secreto alem\u00e1n en el interior. En los","twitter:creator":"@nbasturias","twitter:image":"https:\/\/candas365.es\/noticias\/wp-content\/uploads\/2015\/09\/c365noticias.jpg","twitter:label1":"Escrito por","twitter:data1":"Cand\u00e1s 365","twitter:label2":"Tiempo de lectura estimado","twitter:data2":"1 minuto"},"aioseo_meta_data":{"post_id":"30356","title":null,"description":null,"keywords":null,"keyphrases":null,"primary_term":null,"canonical_url":null,"og_title":null,"og_description":null,"og_object_type":"default","og_image_type":"default","og_image_url":null,"og_image_width":null,"og_image_height":null,"og_image_custom_url":null,"og_image_custom_fields":null,"og_video":null,"og_custom_url":null,"og_article_section":null,"og_article_tags":null,"twitter_use_og":false,"twitter_card":"default","twitter_image_type":"default","twitter_image_url":null,"twitter_image_custom_url":null,"twitter_image_custom_fields":null,"twitter_title":null,"twitter_description":null,"schema":{"blockGraphs":[],"customGraphs":[],"default":{"data":{"Article":[],"Course":[],"Dataset":[],"FAQPage":[],"Movie":[],"Person":[],"Product":[],"ProductReview":[],"Car":[],"Recipe":[],"Service":[],"SoftwareApplication":[],"WebPage":[]},"graphName":"","isEnabled":true},"graphs":[],"defaultGraph":"","defaultPostTypeGraph":""},"schema_type":null,"schema_type_options":null,"pillar_content":false,"robots_default":true,"robots_noindex":false,"robots_noarchive":false,"robots_nosnippet":false,"robots_nofollow":false,"robots_noimageindex":false,"robots_noodp":false,"robots_notranslate":false,"robots_max_snippet":null,"robots_max_videopreview":null,"robots_max_imagepreview":"large","priority":null,"frequency":null,"location":null,"local_seo":null,"seo_analyzer_scan_date":"2025-08-24 12:24:09","breadcrumb_settings":null,"limit_modified_date":false,"reviewed_by":null,"open_ai":null,"ai":null,"created":"2020-12-21 12:57:59","updated":"2025-08-24 12:24:09"},"aioseo_breadcrumb":"<div class=\"aioseo-breadcrumbs\"><span class=\"aioseo-breadcrumb\">\n\t<a href=\"https:\/\/candas365.es\/noticias\" title=\"Home\">Home<\/a>\n<\/span><span class=\"aioseo-breadcrumb-separator\">&ndash;<\/span><span class=\"aioseo-breadcrumb\">\n\t<a href=\"https:\/\/candas365.es\/noticias\/category\/actualidad\/\" title=\"Actualidad\">Actualidad<\/a>\n<\/span><span class=\"aioseo-breadcrumb-separator\">&ndash;<\/span><span class=\"aioseo-breadcrumb\">\n\tInteligencia alemana alerta de los \u00abseminarios de islam\u00bb en mezquitas\n<\/span><\/div>","aioseo_breadcrumb_json":[{"label":"Home","link":"https:\/\/candas365.es\/noticias"},{"label":"Actualidad","link":"https:\/\/candas365.es\/noticias\/category\/actualidad\/"},{"label":"Inteligencia alemana alerta de los \u00abseminarios de islam\u00bb en mezquitas","link":"https:\/\/candas365.es\/noticias\/inteligencia-alemana-alerta-de-los-seminarios-de-islam-en-mezquitas\/"}],"_links":{"self":[{"href":"https:\/\/candas365.es\/noticias\/wp-json\/wp\/v2\/posts\/30356","targetHints":{"allow":["GET"]}}],"collection":[{"href":"https:\/\/candas365.es\/noticias\/wp-json\/wp\/v2\/posts"}],"about":[{"href":"https:\/\/candas365.es\/noticias\/wp-json\/wp\/v2\/types\/post"}],"author":[{"embeddable":true,"href":"https:\/\/candas365.es\/noticias\/wp-json\/wp\/v2\/users\/1"}],"replies":[{"embeddable":true,"href":"https:\/\/candas365.es\/noticias\/wp-json\/wp\/v2\/comments?post=30356"}],"version-history":[{"count":0,"href":"https:\/\/candas365.es\/noticias\/wp-json\/wp\/v2\/posts\/30356\/revisions"}],"wp:featuredmedia":[{"embeddable":true,"href":"https:\/\/candas365.es\/noticias\/wp-json\/wp\/v2\/media\/16457"}],"wp:attachment":[{"href":"https:\/\/candas365.es\/noticias\/wp-json\/wp\/v2\/media?parent=30356"}],"wp:term":[{"taxonomy":"category","embeddable":true,"href":"https:\/\/candas365.es\/noticias\/wp-json\/wp\/v2\/categories?post=30356"},{"taxonomy":"post_tag","embeddable":true,"href":"https:\/\/candas365.es\/noticias\/wp-json\/wp\/v2\/tags?post=30356"}],"curies":[{"name":"wp","href":"https:\/\/api.w.org\/{rel}","templated":true}]}}