{"id":30354,"date":"2016-06-16T05:24:22","date_gmt":"2016-06-16T03:54:22","guid":{"rendered":"http:\/\/candas365.es\/noticias\/?p=30354"},"modified":"2016-06-16T05:24:22","modified_gmt":"2016-06-16T03:54:22","slug":"alemania-juzga-presunto-asesino-de-dos-ninos-uno-de-ellos-refugiado","status":"publish","type":"post","link":"https:\/\/candas365.es\/noticias\/alemania-juzga-presunto-asesino-de-dos-ninos-uno-de-ellos-refugiado\/","title":{"rendered":"Alemania juzga presunto asesino de dos ni\u00f1os, uno de ellos refugiado"},"content":{"rendered":"<p>Potsdam (Alemania), 14 jun (dpa) &#8211; La justicia alemana comenz\u00f3 a procesar hoy al presunto autor de la muerte de dos ni\u00f1os que fueron asesinados el pasado a\u00f1o, entre ellos un menor refugiado de cuatro a\u00f1os proveniente de Bosnia.<\/p>\n<p>El juicio contra Silvio S. se inici\u00f3 en la ciudad de Potsdam, al suroeste de Berl\u00edn, entre grandes medidas de seguridad debido a que el acusado hab\u00eda sido amenazado previamente en las redes sociales. <\/p>\n<p>El presunto infanticida guard\u00f3 por el momento silencio ante las autoridades judiciales aunque su abogado apunt\u00f3 que seguramente conteste a las preguntas del juez m\u00e1s adelante. <\/p>\n<p>El pasado a\u00f1o, cuando se registr\u00f3 la llegada de m\u00e1s de un mill\u00f3n de solicitantes de asilo al pa\u00eds, el caso provoc\u00f3 un gran estupor y llam\u00f3 la atenci\u00f3n sobre la situaci\u00f3n ca\u00f3tica que se estaba viviendo en un centro de registro de refugiados de Berl\u00edn, porque el ni\u00f1o bosnio fue raptado cuando se encontraba en sus instalaciones. <\/p>\n<p>El acusado, un guardia de seguridad de 33 a\u00f1os, reconoci\u00f3 haber secuestrado, sometido a abusos sexuales y asesinado con un cintur\u00f3n al ni\u00f1o refugiado, de nombre Mohamed, cuando \u00e9ste comenz\u00f3 a llorar. <\/p>\n<p>Asimismo, tambi\u00e9n admiti\u00f3 haber raptado mientras jugaba en un patio de Potsdam al peque\u00f1o Elias, un ni\u00f1o alem\u00e1n de 6 a\u00f1os de edad. En este caso, el presunto asesino intent\u00f3 abusar del peque\u00f1o y posteriormente acab\u00f3 con su vida. <\/p>\n<p>Durante la primera jornada del juicio, la madre del ni\u00f1o alem\u00e1n declar\u00f3 que hab\u00eda advertido a su hijo en repetidas ocasiones no confiar ni entrar en contacto con desconocidos. <\/p>\n<p>Tambi\u00e9n relat\u00f3 que el peque\u00f1o jugaba en el patio con piedras y palos y que ella pod\u00eda vigilarlo desde la ventana de su casa. \u00abCada diez o quince minutos echaba un vistazo. Despu\u00e9s sal\u00ed a fumar y constat\u00e9 que ya no estaba\u00bb, record\u00f3 la joven ante el juez vestida de negro riguroso. <\/p>\n<p>A continuaci\u00f3n, seg\u00fan su testimonio, procedi\u00f3 a buscar a su hijo, primero sola, despu\u00e9s con ayuda de amigos y finalmente se decidi\u00f3 a llamar a la polic\u00eda. \u00abSent\u00ed que no me tomaban en serio\u00bb, se\u00f1al\u00f3 la mujer en referencia a sus primeras conversaciones con las fuerzas policiales. <\/p>\n<p>Posteriormente, se intensific\u00f3 una b\u00fasqueda que se prolong\u00f3 durante semanas y que solo se dio por concluida una vez que se constat\u00f3 la muerte de un segundo ni\u00f1o, concretamente la del peque\u00f1o refugiado Mohamed. <\/p>\n<p>El ni\u00f1o de origen bosnio desapareci\u00f3 a principios de octubre del centro de registro de refugiados de Berl\u00edn donde se encontraba en compa\u00f1\u00eda de su madre. <\/p>\n<p>El caso se resolvi\u00f3 una vez que la madre del acusado reconoci\u00f3 a su hijo en las fotograf\u00edas distribuidas por las fuerzas de seguridad y llam\u00f3 a la polic\u00eda. Gracias a este aviso, Silvio S. fue detenido a finales de octubre, momento en el que se descubri\u00f3 que tambi\u00e9n hab\u00eda sido presuntamente responsable de la muerte del peque\u00f1o Elias. <\/p>\n<p>El presunto asesino se enfrenta a cadena perpetua. <\/p>\n","protected":false},"excerpt":{"rendered":"<p>Potsdam (Alemania), 14 jun (dpa) &#8211; La justicia alemana comenz\u00f3 a procesar hoy al presunto autor de la muerte de dos ni\u00f1os que fueron asesinados el pasado a\u00f1o, entre ellos un menor refugiado de cuatro a\u00f1os proveniente de Bosnia. El juicio contra Silvio S. se inici\u00f3 en la ciudad de Potsdam, al suroeste de Berl\u00edn,<\/p>\n","protected":false},"author":1,"featured_media":16457,"comment_status":"closed","ping_status":"closed","sticky":false,"template":"","format":"standard","meta":{"footnotes":""},"categories":[343],"tags":[],"class_list":{"0":"post-30354","1":"post","2":"type-post","3":"status-publish","4":"format-standard","5":"has-post-thumbnail","7":"category-actualidad"},"aioseo_notices":[],"aioseo_head":"\n\t\t<!-- All in One SEO Pro 4.9.6.2 - aioseo.com -->\n\t<meta name=\"description\" content=\"Potsdam (Alemania), 14 jun (dpa) - La justicia alemana comenz\u00f3 a procesar hoy al presunto autor de la muerte de dos ni\u00f1os que fueron asesinados el pasado a\u00f1o, entre ellos un menor refugiado de cuatro a\u00f1os proveniente de Bosnia. El juicio contra Silvio S. se inici\u00f3 en la ciudad de Potsdam, al suroeste de Berl\u00edn,\" \/>\n\t<meta name=\"robots\" content=\"max-image-preview:large\" \/>\n\t<meta name=\"author\" content=\"Cand\u00e1s 365\"\/>\n\t<meta name=\"google-site-verification\" content=\"UA-32230408-1\" \/>\n\t<meta name=\"msvalidate.01\" content=\"354F3CDFB2DA171B47FBE9ABF1F88D5\" \/>\n\t<meta name=\"keywords\" content=\"actualidad\" \/>\n\t<link rel=\"canonical\" href=\"https:\/\/candas365.es\/noticias\/alemania-juzga-presunto-asesino-de-dos-ninos-uno-de-ellos-refugiado\/\" \/>\n\t<meta name=\"generator\" content=\"All in One SEO Pro (AIOSEO) 4.9.6.2\" \/>\n\t\t<meta property=\"og:locale\" content=\"es_ES\" \/>\n\t\t<meta property=\"og:site_name\" content=\"Cand\u00e1s 365\" \/>\n\t\t<meta property=\"og:type\" content=\"article\" \/>\n\t\t<meta property=\"og:title\" content=\"Alemania juzga presunto asesino de dos ni\u00f1os, uno de ellos refugiado | Cand\u00e1s 365\" \/>\n\t\t<meta property=\"og:description\" content=\"Potsdam (Alemania), 14 jun (dpa) - La justicia alemana comenz\u00f3 a procesar hoy al presunto autor de la muerte de dos ni\u00f1os que fueron asesinados el pasado a\u00f1o, entre ellos un menor refugiado de cuatro a\u00f1os proveniente de Bosnia. El juicio contra Silvio S. se inici\u00f3 en la ciudad de Potsdam, al suroeste de Berl\u00edn,\" \/>\n\t\t<meta property=\"og:url\" content=\"https:\/\/candas365.es\/noticias\/alemania-juzga-presunto-asesino-de-dos-ninos-uno-de-ellos-refugiado\/\" \/>\n\t\t<meta property=\"og:image\" content=\"https:\/\/candas365.es\/noticias\/wp-content\/uploads\/2015\/09\/c365noticias.jpg\" \/>\n\t\t<meta property=\"og:image:secure_url\" content=\"https:\/\/candas365.es\/noticias\/wp-content\/uploads\/2015\/09\/c365noticias.jpg\" \/>\n\t\t<meta property=\"og:image:width\" content=\"655\" \/>\n\t\t<meta property=\"og:image:height\" content=\"360\" \/>\n\t\t<meta property=\"article:published_time\" content=\"2016-06-16T03:54:22+00:00\" \/>\n\t\t<meta property=\"article:modified_time\" content=\"2016-06-16T03:54:22+00:00\" \/>\n\t\t<meta property=\"article:publisher\" content=\"https:\/\/www.facebook.com\/Nachofdezber\" \/>\n\t\t<meta property=\"article:author\" content=\"https:\/\/www.facebook.com\/carrenoactualidad\" \/>\n\t\t<meta name=\"twitter:card\" content=\"summary_large_image\" \/>\n\t\t<meta name=\"twitter:site\" content=\"@NabercoDigital\" \/>\n\t\t<meta name=\"twitter:title\" content=\"Alemania juzga presunto asesino de dos ni\u00f1os, uno de ellos refugiado | Cand\u00e1s 365\" \/>\n\t\t<meta name=\"twitter:description\" content=\"Potsdam (Alemania), 14 jun (dpa) - La justicia alemana comenz\u00f3 a procesar hoy al presunto autor de la muerte de dos ni\u00f1os que fueron asesinados el pasado a\u00f1o, entre ellos un menor refugiado de cuatro a\u00f1os proveniente de Bosnia. El juicio contra Silvio S. se inici\u00f3 en la ciudad de Potsdam, al suroeste de Berl\u00edn,\" \/>\n\t\t<meta name=\"twitter:creator\" content=\"@nbasturias\" \/>\n\t\t<meta name=\"twitter:image\" content=\"https:\/\/candas365.es\/noticias\/wp-content\/uploads\/2015\/09\/c365noticias.jpg\" \/>\n\t\t<meta name=\"twitter:label1\" content=\"Escrito por\" \/>\n\t\t<meta name=\"twitter:data1\" content=\"Cand\u00e1s 365\" \/>\n\t\t<meta name=\"twitter:label2\" content=\"Tiempo de lectura estimado\" \/>\n\t\t<meta name=\"twitter:data2\" content=\"3 minutos\" \/>\n\t\t<script type=\"application\/ld+json\" class=\"aioseo-schema\">\n\t\t\t{\"@context\":\"https:\\\/\\\/schema.org\",\"@graph\":[{\"@type\":\"BreadcrumbList\",\"@id\":\"https:\\\/\\\/candas365.es\\\/noticias\\\/alemania-juzga-presunto-asesino-de-dos-ninos-uno-de-ellos-refugiado\\\/#breadcrumblist\",\"itemListElement\":[{\"@type\":\"ListItem\",\"@id\":\"https:\\\/\\\/candas365.es\\\/noticias#listItem\",\"position\":1,\"name\":\"Home\",\"item\":\"https:\\\/\\\/candas365.es\\\/noticias\",\"nextItem\":{\"@type\":\"ListItem\",\"@id\":\"https:\\\/\\\/candas365.es\\\/noticias\\\/category\\\/actualidad\\\/#listItem\",\"name\":\"Actualidad\"}},{\"@type\":\"ListItem\",\"@id\":\"https:\\\/\\\/candas365.es\\\/noticias\\\/category\\\/actualidad\\\/#listItem\",\"position\":2,\"name\":\"Actualidad\",\"item\":\"https:\\\/\\\/candas365.es\\\/noticias\\\/category\\\/actualidad\\\/\",\"nextItem\":{\"@type\":\"ListItem\",\"@id\":\"https:\\\/\\\/candas365.es\\\/noticias\\\/alemania-juzga-presunto-asesino-de-dos-ninos-uno-de-ellos-refugiado\\\/#listItem\",\"name\":\"Alemania juzga presunto asesino de dos ni\\u00f1os, uno de ellos refugiado\"},\"previousItem\":{\"@type\":\"ListItem\",\"@id\":\"https:\\\/\\\/candas365.es\\\/noticias#listItem\",\"name\":\"Home\"}},{\"@type\":\"ListItem\",\"@id\":\"https:\\\/\\\/candas365.es\\\/noticias\\\/alemania-juzga-presunto-asesino-de-dos-ninos-uno-de-ellos-refugiado\\\/#listItem\",\"position\":3,\"name\":\"Alemania juzga presunto asesino de dos ni\\u00f1os, uno de ellos refugiado\",\"previousItem\":{\"@type\":\"ListItem\",\"@id\":\"https:\\\/\\\/candas365.es\\\/noticias\\\/category\\\/actualidad\\\/#listItem\",\"name\":\"Actualidad\"}}]},{\"@type\":\"NewsArticle\",\"@id\":\"https:\\\/\\\/candas365.es\\\/noticias\\\/alemania-juzga-presunto-asesino-de-dos-ninos-uno-de-ellos-refugiado\\\/#newsarticle\",\"name\":\"Alemania juzga presunto asesino de dos ni\\u00f1os, uno de ellos refugiado | Cand\\u00e1s 365\",\"headline\":\"Alemania juzga presunto asesino de dos ni\\u00f1os, uno de ellos refugiado\",\"author\":{\"@id\":\"https:\\\/\\\/candas365.es\\\/noticias\\\/author\\\/admin\\\/#author\"},\"publisher\":{\"@id\":\"https:\\\/\\\/candas365.es\\\/noticias\\\/#organization\"},\"image\":{\"@type\":\"ImageObject\",\"url\":\"https:\\\/\\\/candas365.es\\\/noticias\\\/wp-content\\\/uploads\\\/2015\\\/09\\\/c365noticias.jpg\",\"width\":655,\"height\":360},\"datePublished\":\"2016-06-16T05:24:22+02:00\",\"dateModified\":\"2016-06-16T05:24:22+02:00\",\"inLanguage\":\"es-ES\",\"mainEntityOfPage\":{\"@id\":\"https:\\\/\\\/candas365.es\\\/noticias\\\/alemania-juzga-presunto-asesino-de-dos-ninos-uno-de-ellos-refugiado\\\/#webpage\"},\"isPartOf\":{\"@id\":\"https:\\\/\\\/candas365.es\\\/noticias\\\/alemania-juzga-presunto-asesino-de-dos-ninos-uno-de-ellos-refugiado\\\/#webpage\"},\"articleSection\":\"Actualidad\",\"dateline\":\"Publicado el junio 16, 2016.\"},{\"@type\":\"Organization\",\"@id\":\"https:\\\/\\\/candas365.es\\\/noticias\\\/#organization\",\"name\":\"Cand\\u00e1s 365\",\"description\":\"Cand\\u00e1s 365 es un diario digital independiente, fundado en 2012, con base en Asturias. Informamos con rigor sobre actualidad, sociedad, cultura y ocio, con una mirada local y global.\",\"url\":\"https:\\\/\\\/candas365.es\\\/noticias\\\/\",\"email\":\"info@candas365.es\",\"telephone\":\"+34652131393\",\"foundingDate\":\"2012-06-10\",\"logo\":{\"@type\":\"ImageObject\",\"url\":\"https:\\\/\\\/candas365.es\\\/noticias\\\/wp-content\\\/uploads\\\/2024\\\/09\\\/Candas-365-Redes.jpg\",\"@id\":\"https:\\\/\\\/candas365.es\\\/noticias\\\/alemania-juzga-presunto-asesino-de-dos-ninos-uno-de-ellos-refugiado\\\/#organizationLogo\",\"width\":1152,\"height\":864,\"caption\":\"Cand\\u00e1s 365 Redes\"},\"image\":{\"@id\":\"https:\\\/\\\/candas365.es\\\/noticias\\\/alemania-juzga-presunto-asesino-de-dos-ninos-uno-de-ellos-refugiado\\\/#organizationLogo\"},\"sameAs\":[\"https:\\\/\\\/www.facebook.com\\\/Nachofdezber\",\"https:\\\/\\\/x.com\\\/NabercoDigital\",\"https:\\\/\\\/www.instagram.com\\\/nachofdezber\\\/\",\"https:\\\/\\\/www.youtube.com\\\/channel\\\/UCZP-2wLEB9Rv6erhFmqVnvg\"],\"address\":{\"@id\":\"https:\\\/\\\/candas365.es\\\/noticias\\\/#postaladdress\",\"@type\":\"PostalAddress\",\"streetAddress\":\"san antonio 4, san antonio 4\",\"postalCode\":\"33430\",\"addressLocality\":\"Cand\\u00e1s\",\"addressRegion\":\"Asturias\",\"addressCountry\":\"ES\"}},{\"@type\":\"Person\",\"@id\":\"https:\\\/\\\/candas365.es\\\/noticias\\\/author\\\/admin\\\/#author\",\"url\":\"https:\\\/\\\/candas365.es\\\/noticias\\\/author\\\/admin\\\/\",\"name\":\"Cand\\u00e1s 365\",\"image\":{\"@type\":\"ImageObject\",\"@id\":\"https:\\\/\\\/candas365.es\\\/noticias\\\/alemania-juzga-presunto-asesino-de-dos-ninos-uno-de-ellos-refugiado\\\/#authorImage\",\"url\":\"https:\\\/\\\/secure.gravatar.com\\\/avatar\\\/496a8e03d0c493ede1718b7934145dbdf8d89be1036b0eec9544e1094c9de390?s=96&d=mm&r=g\",\"width\":96,\"height\":96,\"caption\":\"Cand\\u00e1s 365\"},\"sameAs\":[\"https:\\\/\\\/www.facebook.com\\\/carrenoactualidad\",\"https:\\\/\\\/twitter.com\\\/nbasturias\",\"https:\\\/\\\/www.instagram.com\\\/nachofdezber\\\/\",\"https:\\\/\\\/www.youtube.com\\\/channel\\\/UCZP-2wLEB9Rv6erhFmqVnvg\"]},{\"@type\":\"WebPage\",\"@id\":\"https:\\\/\\\/candas365.es\\\/noticias\\\/alemania-juzga-presunto-asesino-de-dos-ninos-uno-de-ellos-refugiado\\\/#webpage\",\"url\":\"https:\\\/\\\/candas365.es\\\/noticias\\\/alemania-juzga-presunto-asesino-de-dos-ninos-uno-de-ellos-refugiado\\\/\",\"name\":\"Alemania juzga presunto asesino de dos ni\\u00f1os, uno de ellos refugiado | Cand\\u00e1s 365\",\"description\":\"Potsdam (Alemania), 14 jun (dpa) - La justicia alemana comenz\\u00f3 a procesar hoy al presunto autor de la muerte de dos ni\\u00f1os que fueron asesinados el pasado a\\u00f1o, entre ellos un menor refugiado de cuatro a\\u00f1os proveniente de Bosnia. El juicio contra Silvio S. se inici\\u00f3 en la ciudad de Potsdam, al suroeste de Berl\\u00edn,\",\"inLanguage\":\"es-ES\",\"isPartOf\":{\"@id\":\"https:\\\/\\\/candas365.es\\\/noticias\\\/#website\"},\"breadcrumb\":{\"@id\":\"https:\\\/\\\/candas365.es\\\/noticias\\\/alemania-juzga-presunto-asesino-de-dos-ninos-uno-de-ellos-refugiado\\\/#breadcrumblist\"},\"author\":{\"@id\":\"https:\\\/\\\/candas365.es\\\/noticias\\\/author\\\/admin\\\/#author\"},\"creator\":{\"@id\":\"https:\\\/\\\/candas365.es\\\/noticias\\\/author\\\/admin\\\/#author\"},\"image\":{\"@type\":\"ImageObject\",\"url\":\"https:\\\/\\\/candas365.es\\\/noticias\\\/wp-content\\\/uploads\\\/2015\\\/09\\\/c365noticias.jpg\",\"@id\":\"https:\\\/\\\/candas365.es\\\/noticias\\\/alemania-juzga-presunto-asesino-de-dos-ninos-uno-de-ellos-refugiado\\\/#mainImage\",\"width\":655,\"height\":360},\"primaryImageOfPage\":{\"@id\":\"https:\\\/\\\/candas365.es\\\/noticias\\\/alemania-juzga-presunto-asesino-de-dos-ninos-uno-de-ellos-refugiado\\\/#mainImage\"},\"datePublished\":\"2016-06-16T05:24:22+02:00\",\"dateModified\":\"2016-06-16T05:24:22+02:00\"},{\"@type\":\"WebSite\",\"@id\":\"https:\\\/\\\/candas365.es\\\/noticias\\\/#website\",\"url\":\"https:\\\/\\\/candas365.es\\\/noticias\\\/\",\"name\":\"Cand\\u00e1s 365\",\"alternateName\":\"Cand\\u00e1s 365 Noticias\",\"description\":\"Actualidad desde Carre\\u00f1o para el mundo\",\"inLanguage\":\"es-ES\",\"publisher\":{\"@id\":\"https:\\\/\\\/candas365.es\\\/noticias\\\/#organization\"}}]}\n\t\t<\/script>\n\t\t<!-- All in One SEO Pro -->\r\n\t\t<title>Alemania juzga presunto asesino de dos ni\u00f1os, uno de ellos refugiado | Cand\u00e1s 365<\/title>\n\n","aioseo_head_json":{"title":"Alemania juzga presunto asesino de dos ni\u00f1os, uno de ellos refugiado | Cand\u00e1s 365","description":"Potsdam (Alemania), 14 jun (dpa) - La justicia alemana comenz\u00f3 a procesar hoy al presunto autor de la muerte de dos ni\u00f1os que fueron asesinados el pasado a\u00f1o, entre ellos un menor refugiado de cuatro a\u00f1os proveniente de Bosnia. El juicio contra Silvio S. se inici\u00f3 en la ciudad de Potsdam, al suroeste de Berl\u00edn,","canonical_url":"https:\/\/candas365.es\/noticias\/alemania-juzga-presunto-asesino-de-dos-ninos-uno-de-ellos-refugiado\/","robots":"max-image-preview:large","keywords":"actualidad","webmasterTools":{"google-site-verification":"UA-32230408-1","msvalidate.01":"354F3CDFB2DA171B47FBE9ABF1F88D5","miscellaneous":""},"schema":{"@context":"https:\/\/schema.org","@graph":[{"@type":"BreadcrumbList","@id":"https:\/\/candas365.es\/noticias\/alemania-juzga-presunto-asesino-de-dos-ninos-uno-de-ellos-refugiado\/#breadcrumblist","itemListElement":[{"@type":"ListItem","@id":"https:\/\/candas365.es\/noticias#listItem","position":1,"name":"Home","item":"https:\/\/candas365.es\/noticias","nextItem":{"@type":"ListItem","@id":"https:\/\/candas365.es\/noticias\/category\/actualidad\/#listItem","name":"Actualidad"}},{"@type":"ListItem","@id":"https:\/\/candas365.es\/noticias\/category\/actualidad\/#listItem","position":2,"name":"Actualidad","item":"https:\/\/candas365.es\/noticias\/category\/actualidad\/","nextItem":{"@type":"ListItem","@id":"https:\/\/candas365.es\/noticias\/alemania-juzga-presunto-asesino-de-dos-ninos-uno-de-ellos-refugiado\/#listItem","name":"Alemania juzga presunto asesino de dos ni\u00f1os, uno de ellos refugiado"},"previousItem":{"@type":"ListItem","@id":"https:\/\/candas365.es\/noticias#listItem","name":"Home"}},{"@type":"ListItem","@id":"https:\/\/candas365.es\/noticias\/alemania-juzga-presunto-asesino-de-dos-ninos-uno-de-ellos-refugiado\/#listItem","position":3,"name":"Alemania juzga presunto asesino de dos ni\u00f1os, uno de ellos refugiado","previousItem":{"@type":"ListItem","@id":"https:\/\/candas365.es\/noticias\/category\/actualidad\/#listItem","name":"Actualidad"}}]},{"@type":"NewsArticle","@id":"https:\/\/candas365.es\/noticias\/alemania-juzga-presunto-asesino-de-dos-ninos-uno-de-ellos-refugiado\/#newsarticle","name":"Alemania juzga presunto asesino de dos ni\u00f1os, uno de ellos refugiado | Cand\u00e1s 365","headline":"Alemania juzga presunto asesino de dos ni\u00f1os, uno de ellos refugiado","author":{"@id":"https:\/\/candas365.es\/noticias\/author\/admin\/#author"},"publisher":{"@id":"https:\/\/candas365.es\/noticias\/#organization"},"image":{"@type":"ImageObject","url":"https:\/\/candas365.es\/noticias\/wp-content\/uploads\/2015\/09\/c365noticias.jpg","width":655,"height":360},"datePublished":"2016-06-16T05:24:22+02:00","dateModified":"2016-06-16T05:24:22+02:00","inLanguage":"es-ES","mainEntityOfPage":{"@id":"https:\/\/candas365.es\/noticias\/alemania-juzga-presunto-asesino-de-dos-ninos-uno-de-ellos-refugiado\/#webpage"},"isPartOf":{"@id":"https:\/\/candas365.es\/noticias\/alemania-juzga-presunto-asesino-de-dos-ninos-uno-de-ellos-refugiado\/#webpage"},"articleSection":"Actualidad","dateline":"Publicado el junio 16, 2016."},{"@type":"Organization","@id":"https:\/\/candas365.es\/noticias\/#organization","name":"Cand\u00e1s 365","description":"Cand\u00e1s 365 es un diario digital independiente, fundado en 2012, con base en Asturias. Informamos con rigor sobre actualidad, sociedad, cultura y ocio, con una mirada local y global.","url":"https:\/\/candas365.es\/noticias\/","email":"info@candas365.es","telephone":"+34652131393","foundingDate":"2012-06-10","logo":{"@type":"ImageObject","url":"https:\/\/candas365.es\/noticias\/wp-content\/uploads\/2024\/09\/Candas-365-Redes.jpg","@id":"https:\/\/candas365.es\/noticias\/alemania-juzga-presunto-asesino-de-dos-ninos-uno-de-ellos-refugiado\/#organizationLogo","width":1152,"height":864,"caption":"Cand\u00e1s 365 Redes"},"image":{"@id":"https:\/\/candas365.es\/noticias\/alemania-juzga-presunto-asesino-de-dos-ninos-uno-de-ellos-refugiado\/#organizationLogo"},"sameAs":["https:\/\/www.facebook.com\/Nachofdezber","https:\/\/x.com\/NabercoDigital","https:\/\/www.instagram.com\/nachofdezber\/","https:\/\/www.youtube.com\/channel\/UCZP-2wLEB9Rv6erhFmqVnvg"],"address":{"@id":"https:\/\/candas365.es\/noticias\/#postaladdress","@type":"PostalAddress","streetAddress":"san antonio 4, san antonio 4","postalCode":"33430","addressLocality":"Cand\u00e1s","addressRegion":"Asturias","addressCountry":"ES"}},{"@type":"Person","@id":"https:\/\/candas365.es\/noticias\/author\/admin\/#author","url":"https:\/\/candas365.es\/noticias\/author\/admin\/","name":"Cand\u00e1s 365","image":{"@type":"ImageObject","@id":"https:\/\/candas365.es\/noticias\/alemania-juzga-presunto-asesino-de-dos-ninos-uno-de-ellos-refugiado\/#authorImage","url":"https:\/\/secure.gravatar.com\/avatar\/496a8e03d0c493ede1718b7934145dbdf8d89be1036b0eec9544e1094c9de390?s=96&d=mm&r=g","width":96,"height":96,"caption":"Cand\u00e1s 365"},"sameAs":["https:\/\/www.facebook.com\/carrenoactualidad","https:\/\/twitter.com\/nbasturias","https:\/\/www.instagram.com\/nachofdezber\/","https:\/\/www.youtube.com\/channel\/UCZP-2wLEB9Rv6erhFmqVnvg"]},{"@type":"WebPage","@id":"https:\/\/candas365.es\/noticias\/alemania-juzga-presunto-asesino-de-dos-ninos-uno-de-ellos-refugiado\/#webpage","url":"https:\/\/candas365.es\/noticias\/alemania-juzga-presunto-asesino-de-dos-ninos-uno-de-ellos-refugiado\/","name":"Alemania juzga presunto asesino de dos ni\u00f1os, uno de ellos refugiado | Cand\u00e1s 365","description":"Potsdam (Alemania), 14 jun (dpa) - La justicia alemana comenz\u00f3 a procesar hoy al presunto autor de la muerte de dos ni\u00f1os que fueron asesinados el pasado a\u00f1o, entre ellos un menor refugiado de cuatro a\u00f1os proveniente de Bosnia. El juicio contra Silvio S. se inici\u00f3 en la ciudad de Potsdam, al suroeste de Berl\u00edn,","inLanguage":"es-ES","isPartOf":{"@id":"https:\/\/candas365.es\/noticias\/#website"},"breadcrumb":{"@id":"https:\/\/candas365.es\/noticias\/alemania-juzga-presunto-asesino-de-dos-ninos-uno-de-ellos-refugiado\/#breadcrumblist"},"author":{"@id":"https:\/\/candas365.es\/noticias\/author\/admin\/#author"},"creator":{"@id":"https:\/\/candas365.es\/noticias\/author\/admin\/#author"},"image":{"@type":"ImageObject","url":"https:\/\/candas365.es\/noticias\/wp-content\/uploads\/2015\/09\/c365noticias.jpg","@id":"https:\/\/candas365.es\/noticias\/alemania-juzga-presunto-asesino-de-dos-ninos-uno-de-ellos-refugiado\/#mainImage","width":655,"height":360},"primaryImageOfPage":{"@id":"https:\/\/candas365.es\/noticias\/alemania-juzga-presunto-asesino-de-dos-ninos-uno-de-ellos-refugiado\/#mainImage"},"datePublished":"2016-06-16T05:24:22+02:00","dateModified":"2016-06-16T05:24:22+02:00"},{"@type":"WebSite","@id":"https:\/\/candas365.es\/noticias\/#website","url":"https:\/\/candas365.es\/noticias\/","name":"Cand\u00e1s 365","alternateName":"Cand\u00e1s 365 Noticias","description":"Actualidad desde Carre\u00f1o para el mundo","inLanguage":"es-ES","publisher":{"@id":"https:\/\/candas365.es\/noticias\/#organization"}}]},"og:locale":"es_ES","og:site_name":"Cand\u00e1s 365","og:type":"article","og:title":"Alemania juzga presunto asesino de dos ni\u00f1os, uno de ellos refugiado | Cand\u00e1s 365","og:description":"Potsdam (Alemania), 14 jun (dpa) - La justicia alemana comenz\u00f3 a procesar hoy al presunto autor de la muerte de dos ni\u00f1os que fueron asesinados el pasado a\u00f1o, entre ellos un menor refugiado de cuatro a\u00f1os proveniente de Bosnia. El juicio contra Silvio S. se inici\u00f3 en la ciudad de Potsdam, al suroeste de Berl\u00edn,","og:url":"https:\/\/candas365.es\/noticias\/alemania-juzga-presunto-asesino-de-dos-ninos-uno-de-ellos-refugiado\/","og:image":"https:\/\/candas365.es\/noticias\/wp-content\/uploads\/2015\/09\/c365noticias.jpg","og:image:secure_url":"https:\/\/candas365.es\/noticias\/wp-content\/uploads\/2015\/09\/c365noticias.jpg","og:image:width":655,"og:image:height":360,"article:published_time":"2016-06-16T03:54:22+00:00","article:modified_time":"2016-06-16T03:54:22+00:00","article:publisher":"https:\/\/www.facebook.com\/Nachofdezber","article:author":"https:\/\/www.facebook.com\/carrenoactualidad","twitter:card":"summary_large_image","twitter:site":"@NabercoDigital","twitter:title":"Alemania juzga presunto asesino de dos ni\u00f1os, uno de ellos refugiado | Cand\u00e1s 365","twitter:description":"Potsdam (Alemania), 14 jun (dpa) - La justicia alemana comenz\u00f3 a procesar hoy al presunto autor de la muerte de dos ni\u00f1os que fueron asesinados el pasado a\u00f1o, entre ellos un menor refugiado de cuatro a\u00f1os proveniente de Bosnia. El juicio contra Silvio S. se inici\u00f3 en la ciudad de Potsdam, al suroeste de Berl\u00edn,","twitter:creator":"@nbasturias","twitter:image":"https:\/\/candas365.es\/noticias\/wp-content\/uploads\/2015\/09\/c365noticias.jpg","twitter:label1":"Escrito por","twitter:data1":"Cand\u00e1s 365","twitter:label2":"Tiempo de lectura estimado","twitter:data2":"3 minutos"},"aioseo_meta_data":{"post_id":"30354","title":null,"description":null,"keywords":null,"keyphrases":null,"primary_term":null,"canonical_url":null,"og_title":null,"og_description":null,"og_object_type":"default","og_image_type":"default","og_image_url":null,"og_image_width":null,"og_image_height":null,"og_image_custom_url":null,"og_image_custom_fields":null,"og_video":null,"og_custom_url":null,"og_article_section":null,"og_article_tags":null,"twitter_use_og":false,"twitter_card":"default","twitter_image_type":"default","twitter_image_url":null,"twitter_image_custom_url":null,"twitter_image_custom_fields":null,"twitter_title":null,"twitter_description":null,"schema":{"blockGraphs":[],"customGraphs":[],"default":{"data":{"Article":[],"Course":[],"Dataset":[],"FAQPage":[],"Movie":[],"Person":[],"Product":[],"ProductReview":[],"Car":[],"Recipe":[],"Service":[],"SoftwareApplication":[],"WebPage":[]},"graphName":"","isEnabled":true},"graphs":[],"defaultGraph":"","defaultPostTypeGraph":""},"schema_type":null,"schema_type_options":null,"pillar_content":false,"robots_default":true,"robots_noindex":false,"robots_noarchive":false,"robots_nosnippet":false,"robots_nofollow":false,"robots_noimageindex":false,"robots_noodp":false,"robots_notranslate":false,"robots_max_snippet":null,"robots_max_videopreview":null,"robots_max_imagepreview":"large","priority":null,"frequency":null,"location":null,"local_seo":null,"seo_analyzer_scan_date":"2025-08-24 12:24:08","breadcrumb_settings":null,"limit_modified_date":false,"reviewed_by":null,"open_ai":null,"ai":null,"created":"2020-12-21 12:57:59","updated":"2025-08-24 12:24:08"},"aioseo_breadcrumb":"<div class=\"aioseo-breadcrumbs\"><span class=\"aioseo-breadcrumb\">\n\t<a href=\"https:\/\/candas365.es\/noticias\" title=\"Home\">Home<\/a>\n<\/span><span class=\"aioseo-breadcrumb-separator\">&ndash;<\/span><span class=\"aioseo-breadcrumb\">\n\t<a href=\"https:\/\/candas365.es\/noticias\/category\/actualidad\/\" title=\"Actualidad\">Actualidad<\/a>\n<\/span><span class=\"aioseo-breadcrumb-separator\">&ndash;<\/span><span class=\"aioseo-breadcrumb\">\n\tAlemania juzga presunto asesino de dos ni\u00f1os, uno de ellos refugiado\n<\/span><\/div>","aioseo_breadcrumb_json":[{"label":"Home","link":"https:\/\/candas365.es\/noticias"},{"label":"Actualidad","link":"https:\/\/candas365.es\/noticias\/category\/actualidad\/"},{"label":"Alemania juzga presunto asesino de dos ni\u00f1os, uno de ellos refugiado","link":"https:\/\/candas365.es\/noticias\/alemania-juzga-presunto-asesino-de-dos-ninos-uno-de-ellos-refugiado\/"}],"_links":{"self":[{"href":"https:\/\/candas365.es\/noticias\/wp-json\/wp\/v2\/posts\/30354","targetHints":{"allow":["GET"]}}],"collection":[{"href":"https:\/\/candas365.es\/noticias\/wp-json\/wp\/v2\/posts"}],"about":[{"href":"https:\/\/candas365.es\/noticias\/wp-json\/wp\/v2\/types\/post"}],"author":[{"embeddable":true,"href":"https:\/\/candas365.es\/noticias\/wp-json\/wp\/v2\/users\/1"}],"replies":[{"embeddable":true,"href":"https:\/\/candas365.es\/noticias\/wp-json\/wp\/v2\/comments?post=30354"}],"version-history":[{"count":0,"href":"https:\/\/candas365.es\/noticias\/wp-json\/wp\/v2\/posts\/30354\/revisions"}],"wp:featuredmedia":[{"embeddable":true,"href":"https:\/\/candas365.es\/noticias\/wp-json\/wp\/v2\/media\/16457"}],"wp:attachment":[{"href":"https:\/\/candas365.es\/noticias\/wp-json\/wp\/v2\/media?parent=30354"}],"wp:term":[{"taxonomy":"category","embeddable":true,"href":"https:\/\/candas365.es\/noticias\/wp-json\/wp\/v2\/categories?post=30354"},{"taxonomy":"post_tag","embeddable":true,"href":"https:\/\/candas365.es\/noticias\/wp-json\/wp\/v2\/tags?post=30354"}],"curies":[{"name":"wp","href":"https:\/\/api.w.org\/{rel}","templated":true}]}}