{"id":30337,"date":"2016-06-16T05:12:41","date_gmt":"2016-06-16T03:42:41","guid":{"rendered":"http:\/\/candas365.es\/noticias\/?p=30337"},"modified":"2016-06-16T05:12:41","modified_gmt":"2016-06-16T03:42:41","slug":"nace-cosmetica-bio-alu-firma-de-cosmetica-natural-para-el-bienestar-personal","status":"publish","type":"post","link":"https:\/\/candas365.es\/noticias\/nace-cosmetica-bio-alu-firma-de-cosmetica-natural-para-el-bienestar-personal\/","title":{"rendered":"Nace Cosm\u00e9tica Bio Alu, firma de cosm\u00e9tica natural para el bienestar personal"},"content":{"rendered":"<p><img decoding=\"async\" class=\"alignleft size-medium wp-image-30338\" src=\"https:\/\/candas365.es\/noticias\/wp-content\/uploads\/2016\/06\/1465375155_cosmeticabioalu-360x130.png\" alt=\"1465375155_cosmeticabioalu\" width=\"360\" height=\"130\" srcset=\"https:\/\/candas365.es\/noticias\/wp-content\/uploads\/2016\/06\/1465375155_cosmeticabioalu-360x130.png 360w, https:\/\/candas365.es\/noticias\/wp-content\/uploads\/2016\/06\/1465375155_cosmeticabioalu-150x54.png 150w, https:\/\/candas365.es\/noticias\/wp-content\/uploads\/2016\/06\/1465375155_cosmeticabioalu-450x163.png 450w, https:\/\/candas365.es\/noticias\/wp-content\/uploads\/2016\/06\/1465375155_cosmeticabioalu-499x181.png 499w, https:\/\/candas365.es\/noticias\/wp-content\/uploads\/2016\/06\/1465375155_cosmeticabioalu.png 500w\" sizes=\"(max-width: 360px) 100vw, 360px\" \/>Cosm\u00e9tica Bio Alu creci\u00f3 fruto de un din\u00e1mico grupo de personas comprometidas con el medioambiente que quisieron aunar el concepto de belleza y cuidado personal con una cosm\u00e9tica 100% natural y saludable, ofreciendo productos de origen totalmente bot\u00e1nico (no animal).<\/p>\n<p>El actual mercado cosm\u00e9tico est\u00e1 muy sobrecargado de productos qu\u00edmicos que, pudiendo ser m\u00e1s o menos efectivos en el desempe\u00f1o de su funci\u00f3n, desafortunadamente tambi\u00e9n son part\u00edcipes, de un modo u otro, del da\u00f1o medioambiental.<\/p>\n<p>Desde Cosm\u00e9tica Bio Alu ponen nuestro granito de arena para cambiar esa tendencia nociva ofreciendo una alternativa natural e igualmente efectiva. Trabajan con componentes 100% de origen vegetal, ning\u00fan animal es utilizado durante el proceso. Utilizan plantas de cultivo biol\u00f3gico para la extracci\u00f3n de los diversos extractos que conforman el producto; estos no contienen ni conservantes, ni colorantes, ni siliconas ni parabenos que puedan da\u00f1ar a medio\/largo plazo su salud.<\/p>\n<p>Garantizan una elaboraci\u00f3n 100% ecol\u00f3gica. Sus productos no han sido testados en animales y cuentan con su correspondiente certificaci\u00f3n a nivel europeo, toda una garant\u00eda para el consumidor. Los envases que utilizan son siempre reciclados o reciclables.<\/p>\n<p>Sus productos sirven a cualquier tipo de persona independientemente del tipo de piel que tenga ya que al aplic\u00e1rsele productos 100% naturales, sometidos adem\u00e1s a rigurosos controles de calidad, estos no da\u00f1an la piel ni ocasionan alergia o efectos secundarios. Sus productos cosm\u00e9ticos est\u00e1n pensados, tambi\u00e9n, para aquellas personas con piel sensible y\/o propensa a reacciones al\u00e9rgicas.<\/p>\n<p>Respetamos el medioambiente respetando su piel<\/p>\n<p>En Cosm\u00e9tica Bio Alu, proyecto desarrollado en colaboraci\u00f3n con Camaltec Ib\u00e9rica, se pueden encontrar todo tipo de productos para su cuidado y aseo personal: productos para manos y pies, cabello y maquillaje; una l\u00ednea de cuidado para el hombre, para la mujer, para los m\u00e1s peque\u00f1os del hogar y hasta para personas veganas.<\/p>\n<p>En nuestra p\u00e1gina web encontrar\u00e1 una gran diversidad de productos, todos ellos al alcance de cualquier bolsillo.<\/p>\n<p>Muchas son las marcas que trabajan con ellos: Acorelle, Bocotton, Anae, Flora, M\u00e1dara, My Tao, Organyc&#8230;, y muchas m\u00e1s. Cuentan adem\u00e1s con un apartado de noticias para informar de las \u00faltimas novedades en el sector de la cosm\u00e9tica natural, con consejos y trucos para embellecer su piel, rejuvenecer su rostro, dar m\u00e1s brillo a su pelo y m\u00e1s vitalidad a sus ojos.<\/p>\n<p>Somos una firma de belleza natural pensada por y para su bienestar; somos Cosm\u00e9tica Bio Alu. M\u00e1s informaci\u00f3n en www.cosmeticabioalu.com<\/p>\n<p>&nbsp;<\/p>\n<p>&nbsp;<\/p>\n","protected":false},"excerpt":{"rendered":"<p>Cosm\u00e9tica Bio Alu creci\u00f3 fruto de un din\u00e1mico grupo de personas comprometidas con el medioambiente que quisieron aunar el concepto de belleza y cuidado personal con una cosm\u00e9tica 100% natural y saludable, ofreciendo productos de origen totalmente bot\u00e1nico (no animal). El actual mercado cosm\u00e9tico est\u00e1 muy sobrecargado de productos qu\u00edmicos que, pudiendo ser m\u00e1s o<\/p>\n","protected":false},"author":1,"featured_media":30338,"comment_status":"closed","ping_status":"closed","sticky":false,"template":"","format":"standard","meta":{"footnotes":""},"categories":[343],"tags":[],"class_list":{"0":"post-30337","1":"post","2":"type-post","3":"status-publish","4":"format-standard","5":"has-post-thumbnail","7":"category-actualidad"},"aioseo_notices":[],"aioseo_head":"\n\t\t<!-- All in One SEO Pro 4.9.6.2 - aioseo.com -->\n\t<meta name=\"description\" content=\"Cosm\u00e9tica Bio Alu creci\u00f3 fruto de un din\u00e1mico grupo de personas comprometidas con el medioambiente que quisieron aunar el concepto de belleza y cuidado personal con una cosm\u00e9tica 100% natural y saludable, ofreciendo productos de origen totalmente bot\u00e1nico (no animal). El actual mercado cosm\u00e9tico est\u00e1 muy sobrecargado de productos qu\u00edmicos que, pudiendo ser m\u00e1s o\" \/>\n\t<meta name=\"robots\" content=\"max-image-preview:large\" \/>\n\t<meta name=\"author\" content=\"Cand\u00e1s 365\"\/>\n\t<meta name=\"google-site-verification\" content=\"UA-32230408-1\" \/>\n\t<meta name=\"msvalidate.01\" content=\"354F3CDFB2DA171B47FBE9ABF1F88D5\" \/>\n\t<meta name=\"keywords\" content=\"actualidad\" \/>\n\t<link rel=\"canonical\" href=\"https:\/\/candas365.es\/noticias\/nace-cosmetica-bio-alu-firma-de-cosmetica-natural-para-el-bienestar-personal\/\" \/>\n\t<meta name=\"generator\" content=\"All in One SEO Pro (AIOSEO) 4.9.6.2\" \/>\n\t\t<meta property=\"og:locale\" content=\"es_ES\" \/>\n\t\t<meta property=\"og:site_name\" content=\"Cand\u00e1s 365\" \/>\n\t\t<meta property=\"og:type\" content=\"article\" \/>\n\t\t<meta property=\"og:title\" content=\"Nace Cosm\u00e9tica Bio Alu, firma de cosm\u00e9tica natural para el bienestar personal | Cand\u00e1s 365\" \/>\n\t\t<meta property=\"og:description\" content=\"Cosm\u00e9tica Bio Alu creci\u00f3 fruto de un din\u00e1mico grupo de personas comprometidas con el medioambiente que quisieron aunar el concepto de belleza y cuidado personal con una cosm\u00e9tica 100% natural y saludable, ofreciendo productos de origen totalmente bot\u00e1nico (no animal). El actual mercado cosm\u00e9tico est\u00e1 muy sobrecargado de productos qu\u00edmicos que, pudiendo ser m\u00e1s o\" \/>\n\t\t<meta property=\"og:url\" content=\"https:\/\/candas365.es\/noticias\/nace-cosmetica-bio-alu-firma-de-cosmetica-natural-para-el-bienestar-personal\/\" \/>\n\t\t<meta property=\"og:image\" content=\"https:\/\/candas365.es\/noticias\/wp-content\/uploads\/2016\/06\/1465375155_cosmeticabioalu.png\" \/>\n\t\t<meta property=\"og:image:secure_url\" content=\"https:\/\/candas365.es\/noticias\/wp-content\/uploads\/2016\/06\/1465375155_cosmeticabioalu.png\" \/>\n\t\t<meta property=\"og:image:width\" content=\"500\" \/>\n\t\t<meta property=\"og:image:height\" content=\"181\" \/>\n\t\t<meta property=\"article:published_time\" content=\"2016-06-16T03:42:41+00:00\" \/>\n\t\t<meta property=\"article:modified_time\" content=\"2016-06-16T03:42:41+00:00\" \/>\n\t\t<meta property=\"article:publisher\" content=\"https:\/\/www.facebook.com\/Nachofdezber\" \/>\n\t\t<meta property=\"article:author\" content=\"https:\/\/www.facebook.com\/carrenoactualidad\" \/>\n\t\t<meta name=\"twitter:card\" content=\"summary_large_image\" \/>\n\t\t<meta name=\"twitter:site\" content=\"@NabercoDigital\" \/>\n\t\t<meta name=\"twitter:title\" content=\"Nace Cosm\u00e9tica Bio Alu, firma de cosm\u00e9tica natural para el bienestar personal | Cand\u00e1s 365\" \/>\n\t\t<meta name=\"twitter:description\" content=\"Cosm\u00e9tica Bio Alu creci\u00f3 fruto de un din\u00e1mico grupo de personas comprometidas con el medioambiente que quisieron aunar el concepto de belleza y cuidado personal con una cosm\u00e9tica 100% natural y saludable, ofreciendo productos de origen totalmente bot\u00e1nico (no animal). El actual mercado cosm\u00e9tico est\u00e1 muy sobrecargado de productos qu\u00edmicos que, pudiendo ser m\u00e1s o\" \/>\n\t\t<meta name=\"twitter:creator\" content=\"@nbasturias\" \/>\n\t\t<meta name=\"twitter:image\" content=\"https:\/\/candas365.es\/noticias\/wp-content\/uploads\/2016\/06\/1465375155_cosmeticabioalu.png\" \/>\n\t\t<meta name=\"twitter:label1\" content=\"Escrito por\" \/>\n\t\t<meta name=\"twitter:data1\" content=\"Cand\u00e1s 365\" \/>\n\t\t<meta name=\"twitter:label2\" content=\"Tiempo de lectura estimado\" \/>\n\t\t<meta name=\"twitter:data2\" content=\"2 minutos\" \/>\n\t\t<script type=\"application\/ld+json\" class=\"aioseo-schema\">\n\t\t\t{\"@context\":\"https:\\\/\\\/schema.org\",\"@graph\":[{\"@type\":\"BreadcrumbList\",\"@id\":\"https:\\\/\\\/candas365.es\\\/noticias\\\/nace-cosmetica-bio-alu-firma-de-cosmetica-natural-para-el-bienestar-personal\\\/#breadcrumblist\",\"itemListElement\":[{\"@type\":\"ListItem\",\"@id\":\"https:\\\/\\\/candas365.es\\\/noticias#listItem\",\"position\":1,\"name\":\"Home\",\"item\":\"https:\\\/\\\/candas365.es\\\/noticias\",\"nextItem\":{\"@type\":\"ListItem\",\"@id\":\"https:\\\/\\\/candas365.es\\\/noticias\\\/category\\\/actualidad\\\/#listItem\",\"name\":\"Actualidad\"}},{\"@type\":\"ListItem\",\"@id\":\"https:\\\/\\\/candas365.es\\\/noticias\\\/category\\\/actualidad\\\/#listItem\",\"position\":2,\"name\":\"Actualidad\",\"item\":\"https:\\\/\\\/candas365.es\\\/noticias\\\/category\\\/actualidad\\\/\",\"nextItem\":{\"@type\":\"ListItem\",\"@id\":\"https:\\\/\\\/candas365.es\\\/noticias\\\/nace-cosmetica-bio-alu-firma-de-cosmetica-natural-para-el-bienestar-personal\\\/#listItem\",\"name\":\"Nace Cosm\\u00e9tica Bio Alu, firma de cosm\\u00e9tica natural para el bienestar personal\"},\"previousItem\":{\"@type\":\"ListItem\",\"@id\":\"https:\\\/\\\/candas365.es\\\/noticias#listItem\",\"name\":\"Home\"}},{\"@type\":\"ListItem\",\"@id\":\"https:\\\/\\\/candas365.es\\\/noticias\\\/nace-cosmetica-bio-alu-firma-de-cosmetica-natural-para-el-bienestar-personal\\\/#listItem\",\"position\":3,\"name\":\"Nace Cosm\\u00e9tica Bio Alu, firma de cosm\\u00e9tica natural para el bienestar personal\",\"previousItem\":{\"@type\":\"ListItem\",\"@id\":\"https:\\\/\\\/candas365.es\\\/noticias\\\/category\\\/actualidad\\\/#listItem\",\"name\":\"Actualidad\"}}]},{\"@type\":\"NewsArticle\",\"@id\":\"https:\\\/\\\/candas365.es\\\/noticias\\\/nace-cosmetica-bio-alu-firma-de-cosmetica-natural-para-el-bienestar-personal\\\/#newsarticle\",\"name\":\"Nace Cosm\\u00e9tica Bio Alu, firma de cosm\\u00e9tica natural para el bienestar personal | Cand\\u00e1s 365\",\"headline\":\"Nace Cosm\\u00e9tica Bio Alu, firma de cosm\\u00e9tica natural para el bienestar personal\",\"author\":{\"@id\":\"https:\\\/\\\/candas365.es\\\/noticias\\\/author\\\/admin\\\/#author\"},\"publisher\":{\"@id\":\"https:\\\/\\\/candas365.es\\\/noticias\\\/#organization\"},\"image\":{\"@type\":\"ImageObject\",\"url\":\"https:\\\/\\\/candas365.es\\\/noticias\\\/wp-content\\\/uploads\\\/2016\\\/06\\\/1465375155_cosmeticabioalu.png\",\"width\":500,\"height\":181},\"datePublished\":\"2016-06-16T05:12:41+02:00\",\"dateModified\":\"2016-06-16T05:12:41+02:00\",\"inLanguage\":\"es-ES\",\"mainEntityOfPage\":{\"@id\":\"https:\\\/\\\/candas365.es\\\/noticias\\\/nace-cosmetica-bio-alu-firma-de-cosmetica-natural-para-el-bienestar-personal\\\/#webpage\"},\"isPartOf\":{\"@id\":\"https:\\\/\\\/candas365.es\\\/noticias\\\/nace-cosmetica-bio-alu-firma-de-cosmetica-natural-para-el-bienestar-personal\\\/#webpage\"},\"articleSection\":\"Actualidad\",\"dateline\":\"Publicado el junio 16, 2016.\"},{\"@type\":\"Organization\",\"@id\":\"https:\\\/\\\/candas365.es\\\/noticias\\\/#organization\",\"name\":\"Cand\\u00e1s 365\",\"description\":\"Cand\\u00e1s 365 es un diario digital independiente, fundado en 2012, con base en Asturias. Informamos con rigor sobre actualidad, sociedad, cultura y ocio, con una mirada local y global.\",\"url\":\"https:\\\/\\\/candas365.es\\\/noticias\\\/\",\"email\":\"info@candas365.es\",\"telephone\":\"+34652131393\",\"foundingDate\":\"2012-06-10\",\"logo\":{\"@type\":\"ImageObject\",\"url\":\"https:\\\/\\\/candas365.es\\\/noticias\\\/wp-content\\\/uploads\\\/2024\\\/09\\\/Candas-365-Redes.jpg\",\"@id\":\"https:\\\/\\\/candas365.es\\\/noticias\\\/nace-cosmetica-bio-alu-firma-de-cosmetica-natural-para-el-bienestar-personal\\\/#organizationLogo\",\"width\":1152,\"height\":864,\"caption\":\"Cand\\u00e1s 365 Redes\"},\"image\":{\"@id\":\"https:\\\/\\\/candas365.es\\\/noticias\\\/nace-cosmetica-bio-alu-firma-de-cosmetica-natural-para-el-bienestar-personal\\\/#organizationLogo\"},\"sameAs\":[\"https:\\\/\\\/www.facebook.com\\\/Nachofdezber\",\"https:\\\/\\\/x.com\\\/NabercoDigital\",\"https:\\\/\\\/www.instagram.com\\\/nachofdezber\\\/\",\"https:\\\/\\\/www.youtube.com\\\/channel\\\/UCZP-2wLEB9Rv6erhFmqVnvg\"],\"address\":{\"@id\":\"https:\\\/\\\/candas365.es\\\/noticias\\\/#postaladdress\",\"@type\":\"PostalAddress\",\"streetAddress\":\"san antonio 4, san antonio 4\",\"postalCode\":\"33430\",\"addressLocality\":\"Cand\\u00e1s\",\"addressRegion\":\"Asturias\",\"addressCountry\":\"ES\"}},{\"@type\":\"Person\",\"@id\":\"https:\\\/\\\/candas365.es\\\/noticias\\\/author\\\/admin\\\/#author\",\"url\":\"https:\\\/\\\/candas365.es\\\/noticias\\\/author\\\/admin\\\/\",\"name\":\"Cand\\u00e1s 365\",\"image\":{\"@type\":\"ImageObject\",\"@id\":\"https:\\\/\\\/candas365.es\\\/noticias\\\/nace-cosmetica-bio-alu-firma-de-cosmetica-natural-para-el-bienestar-personal\\\/#authorImage\",\"url\":\"https:\\\/\\\/secure.gravatar.com\\\/avatar\\\/496a8e03d0c493ede1718b7934145dbdf8d89be1036b0eec9544e1094c9de390?s=96&d=mm&r=g\",\"width\":96,\"height\":96,\"caption\":\"Cand\\u00e1s 365\"},\"sameAs\":[\"https:\\\/\\\/www.facebook.com\\\/carrenoactualidad\",\"https:\\\/\\\/twitter.com\\\/nbasturias\",\"https:\\\/\\\/www.instagram.com\\\/nachofdezber\\\/\",\"https:\\\/\\\/www.youtube.com\\\/channel\\\/UCZP-2wLEB9Rv6erhFmqVnvg\"]},{\"@type\":\"WebPage\",\"@id\":\"https:\\\/\\\/candas365.es\\\/noticias\\\/nace-cosmetica-bio-alu-firma-de-cosmetica-natural-para-el-bienestar-personal\\\/#webpage\",\"url\":\"https:\\\/\\\/candas365.es\\\/noticias\\\/nace-cosmetica-bio-alu-firma-de-cosmetica-natural-para-el-bienestar-personal\\\/\",\"name\":\"Nace Cosm\\u00e9tica Bio Alu, firma de cosm\\u00e9tica natural para el bienestar personal | Cand\\u00e1s 365\",\"description\":\"Cosm\\u00e9tica Bio Alu creci\\u00f3 fruto de un din\\u00e1mico grupo de personas comprometidas con el medioambiente que quisieron aunar el concepto de belleza y cuidado personal con una cosm\\u00e9tica 100% natural y saludable, ofreciendo productos de origen totalmente bot\\u00e1nico (no animal). El actual mercado cosm\\u00e9tico est\\u00e1 muy sobrecargado de productos qu\\u00edmicos que, pudiendo ser m\\u00e1s o\",\"inLanguage\":\"es-ES\",\"isPartOf\":{\"@id\":\"https:\\\/\\\/candas365.es\\\/noticias\\\/#website\"},\"breadcrumb\":{\"@id\":\"https:\\\/\\\/candas365.es\\\/noticias\\\/nace-cosmetica-bio-alu-firma-de-cosmetica-natural-para-el-bienestar-personal\\\/#breadcrumblist\"},\"author\":{\"@id\":\"https:\\\/\\\/candas365.es\\\/noticias\\\/author\\\/admin\\\/#author\"},\"creator\":{\"@id\":\"https:\\\/\\\/candas365.es\\\/noticias\\\/author\\\/admin\\\/#author\"},\"image\":{\"@type\":\"ImageObject\",\"url\":\"https:\\\/\\\/candas365.es\\\/noticias\\\/wp-content\\\/uploads\\\/2016\\\/06\\\/1465375155_cosmeticabioalu.png\",\"@id\":\"https:\\\/\\\/candas365.es\\\/noticias\\\/nace-cosmetica-bio-alu-firma-de-cosmetica-natural-para-el-bienestar-personal\\\/#mainImage\",\"width\":500,\"height\":181},\"primaryImageOfPage\":{\"@id\":\"https:\\\/\\\/candas365.es\\\/noticias\\\/nace-cosmetica-bio-alu-firma-de-cosmetica-natural-para-el-bienestar-personal\\\/#mainImage\"},\"datePublished\":\"2016-06-16T05:12:41+02:00\",\"dateModified\":\"2016-06-16T05:12:41+02:00\"},{\"@type\":\"WebSite\",\"@id\":\"https:\\\/\\\/candas365.es\\\/noticias\\\/#website\",\"url\":\"https:\\\/\\\/candas365.es\\\/noticias\\\/\",\"name\":\"Cand\\u00e1s 365\",\"alternateName\":\"Cand\\u00e1s 365 Noticias\",\"description\":\"Actualidad desde Carre\\u00f1o para el mundo\",\"inLanguage\":\"es-ES\",\"publisher\":{\"@id\":\"https:\\\/\\\/candas365.es\\\/noticias\\\/#organization\"}}]}\n\t\t<\/script>\n\t\t<!-- All in One SEO Pro -->\r\n\t\t<title>Nace Cosm\u00e9tica Bio Alu, firma de cosm\u00e9tica natural para el bienestar personal | Cand\u00e1s 365<\/title>\n\n","aioseo_head_json":{"title":"Nace Cosm\u00e9tica Bio Alu, firma de cosm\u00e9tica natural para el bienestar personal | Cand\u00e1s 365","description":"Cosm\u00e9tica Bio Alu creci\u00f3 fruto de un din\u00e1mico grupo de personas comprometidas con el medioambiente que quisieron aunar el concepto de belleza y cuidado personal con una cosm\u00e9tica 100% natural y saludable, ofreciendo productos de origen totalmente bot\u00e1nico (no animal). El actual mercado cosm\u00e9tico est\u00e1 muy sobrecargado de productos qu\u00edmicos que, pudiendo ser m\u00e1s o","canonical_url":"https:\/\/candas365.es\/noticias\/nace-cosmetica-bio-alu-firma-de-cosmetica-natural-para-el-bienestar-personal\/","robots":"max-image-preview:large","keywords":"actualidad","webmasterTools":{"google-site-verification":"UA-32230408-1","msvalidate.01":"354F3CDFB2DA171B47FBE9ABF1F88D5","miscellaneous":""},"schema":{"@context":"https:\/\/schema.org","@graph":[{"@type":"BreadcrumbList","@id":"https:\/\/candas365.es\/noticias\/nace-cosmetica-bio-alu-firma-de-cosmetica-natural-para-el-bienestar-personal\/#breadcrumblist","itemListElement":[{"@type":"ListItem","@id":"https:\/\/candas365.es\/noticias#listItem","position":1,"name":"Home","item":"https:\/\/candas365.es\/noticias","nextItem":{"@type":"ListItem","@id":"https:\/\/candas365.es\/noticias\/category\/actualidad\/#listItem","name":"Actualidad"}},{"@type":"ListItem","@id":"https:\/\/candas365.es\/noticias\/category\/actualidad\/#listItem","position":2,"name":"Actualidad","item":"https:\/\/candas365.es\/noticias\/category\/actualidad\/","nextItem":{"@type":"ListItem","@id":"https:\/\/candas365.es\/noticias\/nace-cosmetica-bio-alu-firma-de-cosmetica-natural-para-el-bienestar-personal\/#listItem","name":"Nace Cosm\u00e9tica Bio Alu, firma de cosm\u00e9tica natural para el bienestar personal"},"previousItem":{"@type":"ListItem","@id":"https:\/\/candas365.es\/noticias#listItem","name":"Home"}},{"@type":"ListItem","@id":"https:\/\/candas365.es\/noticias\/nace-cosmetica-bio-alu-firma-de-cosmetica-natural-para-el-bienestar-personal\/#listItem","position":3,"name":"Nace Cosm\u00e9tica Bio Alu, firma de cosm\u00e9tica natural para el bienestar personal","previousItem":{"@type":"ListItem","@id":"https:\/\/candas365.es\/noticias\/category\/actualidad\/#listItem","name":"Actualidad"}}]},{"@type":"NewsArticle","@id":"https:\/\/candas365.es\/noticias\/nace-cosmetica-bio-alu-firma-de-cosmetica-natural-para-el-bienestar-personal\/#newsarticle","name":"Nace Cosm\u00e9tica Bio Alu, firma de cosm\u00e9tica natural para el bienestar personal | Cand\u00e1s 365","headline":"Nace Cosm\u00e9tica Bio Alu, firma de cosm\u00e9tica natural para el bienestar personal","author":{"@id":"https:\/\/candas365.es\/noticias\/author\/admin\/#author"},"publisher":{"@id":"https:\/\/candas365.es\/noticias\/#organization"},"image":{"@type":"ImageObject","url":"https:\/\/candas365.es\/noticias\/wp-content\/uploads\/2016\/06\/1465375155_cosmeticabioalu.png","width":500,"height":181},"datePublished":"2016-06-16T05:12:41+02:00","dateModified":"2016-06-16T05:12:41+02:00","inLanguage":"es-ES","mainEntityOfPage":{"@id":"https:\/\/candas365.es\/noticias\/nace-cosmetica-bio-alu-firma-de-cosmetica-natural-para-el-bienestar-personal\/#webpage"},"isPartOf":{"@id":"https:\/\/candas365.es\/noticias\/nace-cosmetica-bio-alu-firma-de-cosmetica-natural-para-el-bienestar-personal\/#webpage"},"articleSection":"Actualidad","dateline":"Publicado el junio 16, 2016."},{"@type":"Organization","@id":"https:\/\/candas365.es\/noticias\/#organization","name":"Cand\u00e1s 365","description":"Cand\u00e1s 365 es un diario digital independiente, fundado en 2012, con base en Asturias. Informamos con rigor sobre actualidad, sociedad, cultura y ocio, con una mirada local y global.","url":"https:\/\/candas365.es\/noticias\/","email":"info@candas365.es","telephone":"+34652131393","foundingDate":"2012-06-10","logo":{"@type":"ImageObject","url":"https:\/\/candas365.es\/noticias\/wp-content\/uploads\/2024\/09\/Candas-365-Redes.jpg","@id":"https:\/\/candas365.es\/noticias\/nace-cosmetica-bio-alu-firma-de-cosmetica-natural-para-el-bienestar-personal\/#organizationLogo","width":1152,"height":864,"caption":"Cand\u00e1s 365 Redes"},"image":{"@id":"https:\/\/candas365.es\/noticias\/nace-cosmetica-bio-alu-firma-de-cosmetica-natural-para-el-bienestar-personal\/#organizationLogo"},"sameAs":["https:\/\/www.facebook.com\/Nachofdezber","https:\/\/x.com\/NabercoDigital","https:\/\/www.instagram.com\/nachofdezber\/","https:\/\/www.youtube.com\/channel\/UCZP-2wLEB9Rv6erhFmqVnvg"],"address":{"@id":"https:\/\/candas365.es\/noticias\/#postaladdress","@type":"PostalAddress","streetAddress":"san antonio 4, san antonio 4","postalCode":"33430","addressLocality":"Cand\u00e1s","addressRegion":"Asturias","addressCountry":"ES"}},{"@type":"Person","@id":"https:\/\/candas365.es\/noticias\/author\/admin\/#author","url":"https:\/\/candas365.es\/noticias\/author\/admin\/","name":"Cand\u00e1s 365","image":{"@type":"ImageObject","@id":"https:\/\/candas365.es\/noticias\/nace-cosmetica-bio-alu-firma-de-cosmetica-natural-para-el-bienestar-personal\/#authorImage","url":"https:\/\/secure.gravatar.com\/avatar\/496a8e03d0c493ede1718b7934145dbdf8d89be1036b0eec9544e1094c9de390?s=96&d=mm&r=g","width":96,"height":96,"caption":"Cand\u00e1s 365"},"sameAs":["https:\/\/www.facebook.com\/carrenoactualidad","https:\/\/twitter.com\/nbasturias","https:\/\/www.instagram.com\/nachofdezber\/","https:\/\/www.youtube.com\/channel\/UCZP-2wLEB9Rv6erhFmqVnvg"]},{"@type":"WebPage","@id":"https:\/\/candas365.es\/noticias\/nace-cosmetica-bio-alu-firma-de-cosmetica-natural-para-el-bienestar-personal\/#webpage","url":"https:\/\/candas365.es\/noticias\/nace-cosmetica-bio-alu-firma-de-cosmetica-natural-para-el-bienestar-personal\/","name":"Nace Cosm\u00e9tica Bio Alu, firma de cosm\u00e9tica natural para el bienestar personal | Cand\u00e1s 365","description":"Cosm\u00e9tica Bio Alu creci\u00f3 fruto de un din\u00e1mico grupo de personas comprometidas con el medioambiente que quisieron aunar el concepto de belleza y cuidado personal con una cosm\u00e9tica 100% natural y saludable, ofreciendo productos de origen totalmente bot\u00e1nico (no animal). El actual mercado cosm\u00e9tico est\u00e1 muy sobrecargado de productos qu\u00edmicos que, pudiendo ser m\u00e1s o","inLanguage":"es-ES","isPartOf":{"@id":"https:\/\/candas365.es\/noticias\/#website"},"breadcrumb":{"@id":"https:\/\/candas365.es\/noticias\/nace-cosmetica-bio-alu-firma-de-cosmetica-natural-para-el-bienestar-personal\/#breadcrumblist"},"author":{"@id":"https:\/\/candas365.es\/noticias\/author\/admin\/#author"},"creator":{"@id":"https:\/\/candas365.es\/noticias\/author\/admin\/#author"},"image":{"@type":"ImageObject","url":"https:\/\/candas365.es\/noticias\/wp-content\/uploads\/2016\/06\/1465375155_cosmeticabioalu.png","@id":"https:\/\/candas365.es\/noticias\/nace-cosmetica-bio-alu-firma-de-cosmetica-natural-para-el-bienestar-personal\/#mainImage","width":500,"height":181},"primaryImageOfPage":{"@id":"https:\/\/candas365.es\/noticias\/nace-cosmetica-bio-alu-firma-de-cosmetica-natural-para-el-bienestar-personal\/#mainImage"},"datePublished":"2016-06-16T05:12:41+02:00","dateModified":"2016-06-16T05:12:41+02:00"},{"@type":"WebSite","@id":"https:\/\/candas365.es\/noticias\/#website","url":"https:\/\/candas365.es\/noticias\/","name":"Cand\u00e1s 365","alternateName":"Cand\u00e1s 365 Noticias","description":"Actualidad desde Carre\u00f1o para el mundo","inLanguage":"es-ES","publisher":{"@id":"https:\/\/candas365.es\/noticias\/#organization"}}]},"og:locale":"es_ES","og:site_name":"Cand\u00e1s 365","og:type":"article","og:title":"Nace Cosm\u00e9tica Bio Alu, firma de cosm\u00e9tica natural para el bienestar personal | Cand\u00e1s 365","og:description":"Cosm\u00e9tica Bio Alu creci\u00f3 fruto de un din\u00e1mico grupo de personas comprometidas con el medioambiente que quisieron aunar el concepto de belleza y cuidado personal con una cosm\u00e9tica 100% natural y saludable, ofreciendo productos de origen totalmente bot\u00e1nico (no animal). El actual mercado cosm\u00e9tico est\u00e1 muy sobrecargado de productos qu\u00edmicos que, pudiendo ser m\u00e1s o","og:url":"https:\/\/candas365.es\/noticias\/nace-cosmetica-bio-alu-firma-de-cosmetica-natural-para-el-bienestar-personal\/","og:image":"https:\/\/candas365.es\/noticias\/wp-content\/uploads\/2016\/06\/1465375155_cosmeticabioalu.png","og:image:secure_url":"https:\/\/candas365.es\/noticias\/wp-content\/uploads\/2016\/06\/1465375155_cosmeticabioalu.png","og:image:width":500,"og:image:height":181,"article:published_time":"2016-06-16T03:42:41+00:00","article:modified_time":"2016-06-16T03:42:41+00:00","article:publisher":"https:\/\/www.facebook.com\/Nachofdezber","article:author":"https:\/\/www.facebook.com\/carrenoactualidad","twitter:card":"summary_large_image","twitter:site":"@NabercoDigital","twitter:title":"Nace Cosm\u00e9tica Bio Alu, firma de cosm\u00e9tica natural para el bienestar personal | Cand\u00e1s 365","twitter:description":"Cosm\u00e9tica Bio Alu creci\u00f3 fruto de un din\u00e1mico grupo de personas comprometidas con el medioambiente que quisieron aunar el concepto de belleza y cuidado personal con una cosm\u00e9tica 100% natural y saludable, ofreciendo productos de origen totalmente bot\u00e1nico (no animal). El actual mercado cosm\u00e9tico est\u00e1 muy sobrecargado de productos qu\u00edmicos que, pudiendo ser m\u00e1s o","twitter:creator":"@nbasturias","twitter:image":"https:\/\/candas365.es\/noticias\/wp-content\/uploads\/2016\/06\/1465375155_cosmeticabioalu.png","twitter:label1":"Escrito por","twitter:data1":"Cand\u00e1s 365","twitter:label2":"Tiempo de lectura estimado","twitter:data2":"2 minutos"},"aioseo_meta_data":{"post_id":"30337","title":null,"description":null,"keywords":null,"keyphrases":null,"primary_term":null,"canonical_url":null,"og_title":null,"og_description":null,"og_object_type":"default","og_image_type":"default","og_image_url":null,"og_image_width":null,"og_image_height":null,"og_image_custom_url":null,"og_image_custom_fields":null,"og_video":null,"og_custom_url":null,"og_article_section":null,"og_article_tags":null,"twitter_use_og":false,"twitter_card":"default","twitter_image_type":"default","twitter_image_url":null,"twitter_image_custom_url":null,"twitter_image_custom_fields":null,"twitter_title":null,"twitter_description":null,"schema":{"blockGraphs":[],"customGraphs":[],"default":{"data":{"Article":[],"Course":[],"Dataset":[],"FAQPage":[],"Movie":[],"Person":[],"Product":[],"ProductReview":[],"Car":[],"Recipe":[],"Service":[],"SoftwareApplication":[],"WebPage":[]},"graphName":"","isEnabled":true},"graphs":[],"defaultGraph":"","defaultPostTypeGraph":""},"schema_type":null,"schema_type_options":null,"pillar_content":false,"robots_default":true,"robots_noindex":false,"robots_noarchive":false,"robots_nosnippet":false,"robots_nofollow":false,"robots_noimageindex":false,"robots_noodp":false,"robots_notranslate":false,"robots_max_snippet":null,"robots_max_videopreview":null,"robots_max_imagepreview":"large","priority":null,"frequency":null,"location":null,"local_seo":null,"seo_analyzer_scan_date":"2025-08-24 12:22:17","breadcrumb_settings":null,"limit_modified_date":false,"reviewed_by":null,"open_ai":null,"ai":null,"created":"2020-12-21 12:57:58","updated":"2025-08-24 12:22:17"},"aioseo_breadcrumb":"<div class=\"aioseo-breadcrumbs\"><span class=\"aioseo-breadcrumb\">\n\t<a href=\"https:\/\/candas365.es\/noticias\" title=\"Home\">Home<\/a>\n<\/span><span class=\"aioseo-breadcrumb-separator\">&ndash;<\/span><span class=\"aioseo-breadcrumb\">\n\t<a href=\"https:\/\/candas365.es\/noticias\/category\/actualidad\/\" title=\"Actualidad\">Actualidad<\/a>\n<\/span><span class=\"aioseo-breadcrumb-separator\">&ndash;<\/span><span class=\"aioseo-breadcrumb\">\n\tNace Cosm\u00e9tica Bio Alu, firma de cosm\u00e9tica natural para el bienestar personal\n<\/span><\/div>","aioseo_breadcrumb_json":[{"label":"Home","link":"https:\/\/candas365.es\/noticias"},{"label":"Actualidad","link":"https:\/\/candas365.es\/noticias\/category\/actualidad\/"},{"label":"Nace Cosm\u00e9tica Bio Alu, firma de cosm\u00e9tica natural para el bienestar personal","link":"https:\/\/candas365.es\/noticias\/nace-cosmetica-bio-alu-firma-de-cosmetica-natural-para-el-bienestar-personal\/"}],"_links":{"self":[{"href":"https:\/\/candas365.es\/noticias\/wp-json\/wp\/v2\/posts\/30337","targetHints":{"allow":["GET"]}}],"collection":[{"href":"https:\/\/candas365.es\/noticias\/wp-json\/wp\/v2\/posts"}],"about":[{"href":"https:\/\/candas365.es\/noticias\/wp-json\/wp\/v2\/types\/post"}],"author":[{"embeddable":true,"href":"https:\/\/candas365.es\/noticias\/wp-json\/wp\/v2\/users\/1"}],"replies":[{"embeddable":true,"href":"https:\/\/candas365.es\/noticias\/wp-json\/wp\/v2\/comments?post=30337"}],"version-history":[{"count":0,"href":"https:\/\/candas365.es\/noticias\/wp-json\/wp\/v2\/posts\/30337\/revisions"}],"wp:featuredmedia":[{"embeddable":true,"href":"https:\/\/candas365.es\/noticias\/wp-json\/wp\/v2\/media\/30338"}],"wp:attachment":[{"href":"https:\/\/candas365.es\/noticias\/wp-json\/wp\/v2\/media?parent=30337"}],"wp:term":[{"taxonomy":"category","embeddable":true,"href":"https:\/\/candas365.es\/noticias\/wp-json\/wp\/v2\/categories?post=30337"},{"taxonomy":"post_tag","embeddable":true,"href":"https:\/\/candas365.es\/noticias\/wp-json\/wp\/v2\/tags?post=30337"}],"curies":[{"name":"wp","href":"https:\/\/api.w.org\/{rel}","templated":true}]}}