{"id":30312,"date":"2016-06-16T04:30:46","date_gmt":"2016-06-16T03:00:46","guid":{"rendered":"http:\/\/candas365.es\/noticias\/?p=30312"},"modified":"2016-06-16T04:30:46","modified_gmt":"2016-06-16T03:00:46","slug":"demastils-lideres-en-baleares-en-la-venta-de-banderas","status":"publish","type":"post","link":"https:\/\/candas365.es\/noticias\/demastils-lideres-en-baleares-en-la-venta-de-banderas\/","title":{"rendered":"Demastils, l\u00edderes en Baleares en la venta de banderas"},"content":{"rendered":"<p><img decoding=\"async\" class=\"alignleft size-medium wp-image-30313\" src=\"https:\/\/candas365.es\/noticias\/wp-content\/uploads\/2016\/06\/1464387390_demastils_bandera_malllorca-360x110.jpg\" alt=\"1464387390_demastils_bandera_malllorca\" width=\"360\" height=\"110\" srcset=\"https:\/\/candas365.es\/noticias\/wp-content\/uploads\/2016\/06\/1464387390_demastils_bandera_malllorca-360x110.jpg 360w, https:\/\/candas365.es\/noticias\/wp-content\/uploads\/2016\/06\/1464387390_demastils_bandera_malllorca-650x199.jpg 650w, https:\/\/candas365.es\/noticias\/wp-content\/uploads\/2016\/06\/1464387390_demastils_bandera_malllorca-768x236.jpg 768w, https:\/\/candas365.es\/noticias\/wp-content\/uploads\/2016\/06\/1464387390_demastils_bandera_malllorca-1536x471.jpg 1536w, https:\/\/candas365.es\/noticias\/wp-content\/uploads\/2016\/06\/1464387390_demastils_bandera_malllorca-150x46.jpg 150w, https:\/\/candas365.es\/noticias\/wp-content\/uploads\/2016\/06\/1464387390_demastils_bandera_malllorca-450x138.jpg 450w, https:\/\/candas365.es\/noticias\/wp-content\/uploads\/2016\/06\/1464387390_demastils_bandera_malllorca-1200x368.jpg 1200w, https:\/\/candas365.es\/noticias\/wp-content\/uploads\/2016\/06\/1464387390_demastils_bandera_malllorca-655x201.jpg 655w, https:\/\/candas365.es\/noticias\/wp-content\/uploads\/2016\/06\/1464387390_demastils_bandera_malllorca-696x213.jpg 696w, https:\/\/candas365.es\/noticias\/wp-content\/uploads\/2016\/06\/1464387390_demastils_bandera_malllorca-1068x328.jpg 1068w, https:\/\/candas365.es\/noticias\/wp-content\/uploads\/2016\/06\/1464387390_demastils_bandera_malllorca-1369x420.jpg 1369w, https:\/\/candas365.es\/noticias\/wp-content\/uploads\/2016\/06\/1464387390_demastils_bandera_malllorca.jpg 1630w\" sizes=\"(max-width: 360px) 100vw, 360px\" \/>Demastils es la empresa l\u00edder en la comercializaci\u00f3n de banderas, m\u00e1stiles, soportes publicitarios y se\u00f1alizaci\u00f3n en las Islas Baleares. Fundada en 2008 y con sede en Mallorca, la compa\u00f1\u00eda destaca por la calidad de sus productos y el soporte t\u00e9cnico que presta a sus clientes, as\u00ed como por el gran stock de m\u00e1stiles y banderas que tiene en Mallorca, que evita retrasos y costes a la hora de pedirlos a la pen\u00ednsula. Adem\u00e1s, trabaja codo con codo con las empresas Nadal Rotulaci\u00f3n y Doselefantes, con amplio recorrido profesional en el sector de la se\u00f1alizaci\u00f3n. Demastils es el distribuidor oficial de Iberti, el mayor fabricante de estratificado de Espa\u00f1a y un referente en la Uni\u00f3n Europea.<\/p>\n<p>Productos: banderas, m\u00e1stiles y soportes<\/p>\n<p>Los productos de Demastils se dividen en tres categor\u00edas. Por un lado, la empresa dispone de todo tipo de banderas. Son especialistas en la confecci\u00f3n de banderas de gran tama\u00f1o, hasta 20&#215;40 cent\u00edmetros. Adem\u00e1s, en los \u00faltimos tiempos han ido perfeccionando su t\u00e9cnica en banderas de gota, card o sail, hasta alcanzar los 5 metros de altura. Pueden fabricar banderas institucionales, corporativas, publicitarias y totalmente personalizadas. No importa la medida, la forma ni el tejido.<\/p>\n<p>Tambi\u00e9n disponen de m\u00e1stiles, tanto de brazo de potencia como de driza de hasta 25 metros de altura; y de soportes publicitarios, tales como se\u00f1al\u00e9tica, soportes a\u00e9reos, para farolas, paredes, corp\u00f3reos y rollups. Los materiales y el dise\u00f1o son totalmente personalizables en funci\u00f3n de los intereses del cliente, que es quien en realidad marca los li\u00edmites.<\/p>\n<p>Ibertis, Doselefantes y Nadal, partners de vital importancia<\/p>\n<p>Demastils trabaja con tres partners: Iberti, Doselefantes y Nadal. Iberti destaca por ser la empresa que m\u00e1s m\u00e1stiles, banderas y soportes ha suministrado a las diferentes administraciones de cara a la organizaci\u00f3n de todo tipo de acontecimientos. Doselefantes, por otro lado, puede adaptar todo tipo de im\u00e1genes corporativas a se\u00f1al\u00e9ticas y soportes; mientras que Nadal asesora, instala y mantiene los soportes que el cliente ha contratado. Todas juntas ofrecen un servicio integral que satisface totalmente las necesidades de los clientes.<\/p>\n<p>Demastils, un sin\u00f3nimo de calidad<\/p>\n<p>Demastils destaca por ser distribuidor de Iberti, pero tambi\u00e9n por el personal cualificado con el que cuenta y por la gran experiencia que ha ido acumulando a lo largo de estos \u00faltimos a\u00f1os. La empresa ha participado en acontecimientos deportivos de gran importancia desarrollados en las Islas Baleares. Entre ellos, el 52 World Championship de Portals Las Festes, en Sant Joan en Ciutadella; la carrera Trail de Formentera; y la Fira N\u00e1utica de Palma. Toda esta experiencia se traduce en una profesionalidad intachable, que deriva en una gran capacidad a la hora de organizar la disposici\u00f3n de banderas y estandartes en todo tipo de acontecimientos.<\/p>\n<p>&nbsp;<\/p>\n","protected":false},"excerpt":{"rendered":"<p>Demastils es la empresa l\u00edder en la comercializaci\u00f3n de banderas, m\u00e1stiles, soportes publicitarios y se\u00f1alizaci\u00f3n en las Islas Baleares. Fundada en 2008 y con sede en Mallorca, la compa\u00f1\u00eda destaca por la calidad de sus productos y el soporte t\u00e9cnico que presta a sus clientes, as\u00ed como por el gran stock de m\u00e1stiles y banderas<\/p>\n","protected":false},"author":1,"featured_media":30313,"comment_status":"closed","ping_status":"closed","sticky":false,"template":"","format":"standard","meta":{"footnotes":""},"categories":[343],"tags":[],"class_list":{"0":"post-30312","1":"post","2":"type-post","3":"status-publish","4":"format-standard","5":"has-post-thumbnail","7":"category-actualidad"},"aioseo_notices":[],"aioseo_head":"\n\t\t<!-- All in One SEO Pro 4.9.6.2 - aioseo.com -->\n\t<meta name=\"description\" content=\"Demastils es la empresa l\u00edder en la comercializaci\u00f3n de banderas, m\u00e1stiles, soportes publicitarios y se\u00f1alizaci\u00f3n en las Islas Baleares. Fundada en 2008 y con sede en Mallorca, la compa\u00f1\u00eda destaca por la calidad de sus productos y el soporte t\u00e9cnico que presta a sus clientes, as\u00ed como por el gran stock de m\u00e1stiles y banderas\" \/>\n\t<meta name=\"robots\" content=\"max-image-preview:large\" \/>\n\t<meta name=\"author\" content=\"Cand\u00e1s 365\"\/>\n\t<meta name=\"google-site-verification\" content=\"UA-32230408-1\" \/>\n\t<meta name=\"msvalidate.01\" content=\"354F3CDFB2DA171B47FBE9ABF1F88D5\" \/>\n\t<meta name=\"keywords\" content=\"actualidad\" \/>\n\t<link rel=\"canonical\" href=\"https:\/\/candas365.es\/noticias\/demastils-lideres-en-baleares-en-la-venta-de-banderas\/\" \/>\n\t<meta name=\"generator\" content=\"All in One SEO Pro (AIOSEO) 4.9.6.2\" \/>\n\t\t<meta property=\"og:locale\" content=\"es_ES\" \/>\n\t\t<meta property=\"og:site_name\" content=\"Cand\u00e1s 365\" \/>\n\t\t<meta property=\"og:type\" content=\"article\" \/>\n\t\t<meta property=\"og:title\" content=\"Demastils, l\u00edderes en Baleares en la venta de banderas | Cand\u00e1s 365\" \/>\n\t\t<meta property=\"og:description\" content=\"Demastils es la empresa l\u00edder en la comercializaci\u00f3n de banderas, m\u00e1stiles, soportes publicitarios y se\u00f1alizaci\u00f3n en las Islas Baleares. Fundada en 2008 y con sede en Mallorca, la compa\u00f1\u00eda destaca por la calidad de sus productos y el soporte t\u00e9cnico que presta a sus clientes, as\u00ed como por el gran stock de m\u00e1stiles y banderas\" \/>\n\t\t<meta property=\"og:url\" content=\"https:\/\/candas365.es\/noticias\/demastils-lideres-en-baleares-en-la-venta-de-banderas\/\" \/>\n\t\t<meta property=\"og:image\" content=\"https:\/\/candas365.es\/noticias\/wp-content\/uploads\/2016\/06\/1464387390_demastils_bandera_malllorca.jpg\" \/>\n\t\t<meta property=\"og:image:secure_url\" content=\"https:\/\/candas365.es\/noticias\/wp-content\/uploads\/2016\/06\/1464387390_demastils_bandera_malllorca.jpg\" \/>\n\t\t<meta property=\"og:image:width\" content=\"1630\" \/>\n\t\t<meta property=\"og:image:height\" content=\"500\" \/>\n\t\t<meta property=\"article:published_time\" content=\"2016-06-16T03:00:46+00:00\" \/>\n\t\t<meta property=\"article:modified_time\" content=\"2016-06-16T03:00:46+00:00\" \/>\n\t\t<meta property=\"article:publisher\" content=\"https:\/\/www.facebook.com\/Nachofdezber\" \/>\n\t\t<meta property=\"article:author\" content=\"https:\/\/www.facebook.com\/carrenoactualidad\" \/>\n\t\t<meta name=\"twitter:card\" content=\"summary_large_image\" \/>\n\t\t<meta name=\"twitter:site\" content=\"@NabercoDigital\" \/>\n\t\t<meta name=\"twitter:title\" content=\"Demastils, l\u00edderes en Baleares en la venta de banderas | Cand\u00e1s 365\" \/>\n\t\t<meta name=\"twitter:description\" content=\"Demastils es la empresa l\u00edder en la comercializaci\u00f3n de banderas, m\u00e1stiles, soportes publicitarios y se\u00f1alizaci\u00f3n en las Islas Baleares. Fundada en 2008 y con sede en Mallorca, la compa\u00f1\u00eda destaca por la calidad de sus productos y el soporte t\u00e9cnico que presta a sus clientes, as\u00ed como por el gran stock de m\u00e1stiles y banderas\" \/>\n\t\t<meta name=\"twitter:creator\" content=\"@nbasturias\" \/>\n\t\t<meta name=\"twitter:image\" content=\"https:\/\/candas365.es\/noticias\/wp-content\/uploads\/2016\/06\/1464387390_demastils_bandera_malllorca.jpg\" \/>\n\t\t<meta name=\"twitter:label1\" content=\"Escrito por\" \/>\n\t\t<meta name=\"twitter:data1\" content=\"Cand\u00e1s 365\" \/>\n\t\t<meta name=\"twitter:label2\" content=\"Tiempo de lectura estimado\" \/>\n\t\t<meta name=\"twitter:data2\" content=\"2 minutos\" \/>\n\t\t<script type=\"application\/ld+json\" class=\"aioseo-schema\">\n\t\t\t{\"@context\":\"https:\\\/\\\/schema.org\",\"@graph\":[{\"@type\":\"BreadcrumbList\",\"@id\":\"https:\\\/\\\/candas365.es\\\/noticias\\\/demastils-lideres-en-baleares-en-la-venta-de-banderas\\\/#breadcrumblist\",\"itemListElement\":[{\"@type\":\"ListItem\",\"@id\":\"https:\\\/\\\/candas365.es\\\/noticias#listItem\",\"position\":1,\"name\":\"Home\",\"item\":\"https:\\\/\\\/candas365.es\\\/noticias\",\"nextItem\":{\"@type\":\"ListItem\",\"@id\":\"https:\\\/\\\/candas365.es\\\/noticias\\\/category\\\/actualidad\\\/#listItem\",\"name\":\"Actualidad\"}},{\"@type\":\"ListItem\",\"@id\":\"https:\\\/\\\/candas365.es\\\/noticias\\\/category\\\/actualidad\\\/#listItem\",\"position\":2,\"name\":\"Actualidad\",\"item\":\"https:\\\/\\\/candas365.es\\\/noticias\\\/category\\\/actualidad\\\/\",\"nextItem\":{\"@type\":\"ListItem\",\"@id\":\"https:\\\/\\\/candas365.es\\\/noticias\\\/demastils-lideres-en-baleares-en-la-venta-de-banderas\\\/#listItem\",\"name\":\"Demastils, l\\u00edderes en Baleares en la venta de banderas\"},\"previousItem\":{\"@type\":\"ListItem\",\"@id\":\"https:\\\/\\\/candas365.es\\\/noticias#listItem\",\"name\":\"Home\"}},{\"@type\":\"ListItem\",\"@id\":\"https:\\\/\\\/candas365.es\\\/noticias\\\/demastils-lideres-en-baleares-en-la-venta-de-banderas\\\/#listItem\",\"position\":3,\"name\":\"Demastils, l\\u00edderes en Baleares en la venta de banderas\",\"previousItem\":{\"@type\":\"ListItem\",\"@id\":\"https:\\\/\\\/candas365.es\\\/noticias\\\/category\\\/actualidad\\\/#listItem\",\"name\":\"Actualidad\"}}]},{\"@type\":\"NewsArticle\",\"@id\":\"https:\\\/\\\/candas365.es\\\/noticias\\\/demastils-lideres-en-baleares-en-la-venta-de-banderas\\\/#newsarticle\",\"name\":\"Demastils, l\\u00edderes en Baleares en la venta de banderas | Cand\\u00e1s 365\",\"headline\":\"Demastils, l\\u00edderes en Baleares en la venta de banderas\",\"author\":{\"@id\":\"https:\\\/\\\/candas365.es\\\/noticias\\\/author\\\/admin\\\/#author\"},\"publisher\":{\"@id\":\"https:\\\/\\\/candas365.es\\\/noticias\\\/#organization\"},\"image\":{\"@type\":\"ImageObject\",\"url\":\"https:\\\/\\\/candas365.es\\\/noticias\\\/wp-content\\\/uploads\\\/2016\\\/06\\\/1464387390_demastils_bandera_malllorca.jpg\",\"width\":1630,\"height\":500},\"datePublished\":\"2016-06-16T04:30:46+02:00\",\"dateModified\":\"2016-06-16T04:30:46+02:00\",\"inLanguage\":\"es-ES\",\"mainEntityOfPage\":{\"@id\":\"https:\\\/\\\/candas365.es\\\/noticias\\\/demastils-lideres-en-baleares-en-la-venta-de-banderas\\\/#webpage\"},\"isPartOf\":{\"@id\":\"https:\\\/\\\/candas365.es\\\/noticias\\\/demastils-lideres-en-baleares-en-la-venta-de-banderas\\\/#webpage\"},\"articleSection\":\"Actualidad\",\"dateline\":\"Publicado el junio 16, 2016.\"},{\"@type\":\"Organization\",\"@id\":\"https:\\\/\\\/candas365.es\\\/noticias\\\/#organization\",\"name\":\"Cand\\u00e1s 365\",\"description\":\"Cand\\u00e1s 365 es un diario digital independiente, fundado en 2012, con base en Asturias. Informamos con rigor sobre actualidad, sociedad, cultura y ocio, con una mirada local y global.\",\"url\":\"https:\\\/\\\/candas365.es\\\/noticias\\\/\",\"email\":\"info@candas365.es\",\"telephone\":\"+34652131393\",\"foundingDate\":\"2012-06-10\",\"logo\":{\"@type\":\"ImageObject\",\"url\":\"https:\\\/\\\/candas365.es\\\/noticias\\\/wp-content\\\/uploads\\\/2024\\\/09\\\/Candas-365-Redes.jpg\",\"@id\":\"https:\\\/\\\/candas365.es\\\/noticias\\\/demastils-lideres-en-baleares-en-la-venta-de-banderas\\\/#organizationLogo\",\"width\":1152,\"height\":864,\"caption\":\"Cand\\u00e1s 365 Redes\"},\"image\":{\"@id\":\"https:\\\/\\\/candas365.es\\\/noticias\\\/demastils-lideres-en-baleares-en-la-venta-de-banderas\\\/#organizationLogo\"},\"sameAs\":[\"https:\\\/\\\/www.facebook.com\\\/Nachofdezber\",\"https:\\\/\\\/x.com\\\/NabercoDigital\",\"https:\\\/\\\/www.instagram.com\\\/nachofdezber\\\/\",\"https:\\\/\\\/www.youtube.com\\\/channel\\\/UCZP-2wLEB9Rv6erhFmqVnvg\"],\"address\":{\"@id\":\"https:\\\/\\\/candas365.es\\\/noticias\\\/#postaladdress\",\"@type\":\"PostalAddress\",\"streetAddress\":\"san antonio 4, san antonio 4\",\"postalCode\":\"33430\",\"addressLocality\":\"Cand\\u00e1s\",\"addressRegion\":\"Asturias\",\"addressCountry\":\"ES\"}},{\"@type\":\"Person\",\"@id\":\"https:\\\/\\\/candas365.es\\\/noticias\\\/author\\\/admin\\\/#author\",\"url\":\"https:\\\/\\\/candas365.es\\\/noticias\\\/author\\\/admin\\\/\",\"name\":\"Cand\\u00e1s 365\",\"image\":{\"@type\":\"ImageObject\",\"@id\":\"https:\\\/\\\/candas365.es\\\/noticias\\\/demastils-lideres-en-baleares-en-la-venta-de-banderas\\\/#authorImage\",\"url\":\"https:\\\/\\\/secure.gravatar.com\\\/avatar\\\/496a8e03d0c493ede1718b7934145dbdf8d89be1036b0eec9544e1094c9de390?s=96&d=mm&r=g\",\"width\":96,\"height\":96,\"caption\":\"Cand\\u00e1s 365\"},\"sameAs\":[\"https:\\\/\\\/www.facebook.com\\\/carrenoactualidad\",\"https:\\\/\\\/twitter.com\\\/nbasturias\",\"https:\\\/\\\/www.instagram.com\\\/nachofdezber\\\/\",\"https:\\\/\\\/www.youtube.com\\\/channel\\\/UCZP-2wLEB9Rv6erhFmqVnvg\"]},{\"@type\":\"WebPage\",\"@id\":\"https:\\\/\\\/candas365.es\\\/noticias\\\/demastils-lideres-en-baleares-en-la-venta-de-banderas\\\/#webpage\",\"url\":\"https:\\\/\\\/candas365.es\\\/noticias\\\/demastils-lideres-en-baleares-en-la-venta-de-banderas\\\/\",\"name\":\"Demastils, l\\u00edderes en Baleares en la venta de banderas | Cand\\u00e1s 365\",\"description\":\"Demastils es la empresa l\\u00edder en la comercializaci\\u00f3n de banderas, m\\u00e1stiles, soportes publicitarios y se\\u00f1alizaci\\u00f3n en las Islas Baleares. Fundada en 2008 y con sede en Mallorca, la compa\\u00f1\\u00eda destaca por la calidad de sus productos y el soporte t\\u00e9cnico que presta a sus clientes, as\\u00ed como por el gran stock de m\\u00e1stiles y banderas\",\"inLanguage\":\"es-ES\",\"isPartOf\":{\"@id\":\"https:\\\/\\\/candas365.es\\\/noticias\\\/#website\"},\"breadcrumb\":{\"@id\":\"https:\\\/\\\/candas365.es\\\/noticias\\\/demastils-lideres-en-baleares-en-la-venta-de-banderas\\\/#breadcrumblist\"},\"author\":{\"@id\":\"https:\\\/\\\/candas365.es\\\/noticias\\\/author\\\/admin\\\/#author\"},\"creator\":{\"@id\":\"https:\\\/\\\/candas365.es\\\/noticias\\\/author\\\/admin\\\/#author\"},\"image\":{\"@type\":\"ImageObject\",\"url\":\"https:\\\/\\\/candas365.es\\\/noticias\\\/wp-content\\\/uploads\\\/2016\\\/06\\\/1464387390_demastils_bandera_malllorca.jpg\",\"@id\":\"https:\\\/\\\/candas365.es\\\/noticias\\\/demastils-lideres-en-baleares-en-la-venta-de-banderas\\\/#mainImage\",\"width\":1630,\"height\":500},\"primaryImageOfPage\":{\"@id\":\"https:\\\/\\\/candas365.es\\\/noticias\\\/demastils-lideres-en-baleares-en-la-venta-de-banderas\\\/#mainImage\"},\"datePublished\":\"2016-06-16T04:30:46+02:00\",\"dateModified\":\"2016-06-16T04:30:46+02:00\"},{\"@type\":\"WebSite\",\"@id\":\"https:\\\/\\\/candas365.es\\\/noticias\\\/#website\",\"url\":\"https:\\\/\\\/candas365.es\\\/noticias\\\/\",\"name\":\"Cand\\u00e1s 365\",\"alternateName\":\"Cand\\u00e1s 365 Noticias\",\"description\":\"Actualidad desde Carre\\u00f1o para el mundo\",\"inLanguage\":\"es-ES\",\"publisher\":{\"@id\":\"https:\\\/\\\/candas365.es\\\/noticias\\\/#organization\"}}]}\n\t\t<\/script>\n\t\t<!-- All in One SEO Pro -->\r\n\t\t<title>Demastils, l\u00edderes en Baleares en la venta de banderas | Cand\u00e1s 365<\/title>\n\n","aioseo_head_json":{"title":"Demastils, l\u00edderes en Baleares en la venta de banderas | Cand\u00e1s 365","description":"Demastils es la empresa l\u00edder en la comercializaci\u00f3n de banderas, m\u00e1stiles, soportes publicitarios y se\u00f1alizaci\u00f3n en las Islas Baleares. Fundada en 2008 y con sede en Mallorca, la compa\u00f1\u00eda destaca por la calidad de sus productos y el soporte t\u00e9cnico que presta a sus clientes, as\u00ed como por el gran stock de m\u00e1stiles y banderas","canonical_url":"https:\/\/candas365.es\/noticias\/demastils-lideres-en-baleares-en-la-venta-de-banderas\/","robots":"max-image-preview:large","keywords":"actualidad","webmasterTools":{"google-site-verification":"UA-32230408-1","msvalidate.01":"354F3CDFB2DA171B47FBE9ABF1F88D5","miscellaneous":""},"schema":{"@context":"https:\/\/schema.org","@graph":[{"@type":"BreadcrumbList","@id":"https:\/\/candas365.es\/noticias\/demastils-lideres-en-baleares-en-la-venta-de-banderas\/#breadcrumblist","itemListElement":[{"@type":"ListItem","@id":"https:\/\/candas365.es\/noticias#listItem","position":1,"name":"Home","item":"https:\/\/candas365.es\/noticias","nextItem":{"@type":"ListItem","@id":"https:\/\/candas365.es\/noticias\/category\/actualidad\/#listItem","name":"Actualidad"}},{"@type":"ListItem","@id":"https:\/\/candas365.es\/noticias\/category\/actualidad\/#listItem","position":2,"name":"Actualidad","item":"https:\/\/candas365.es\/noticias\/category\/actualidad\/","nextItem":{"@type":"ListItem","@id":"https:\/\/candas365.es\/noticias\/demastils-lideres-en-baleares-en-la-venta-de-banderas\/#listItem","name":"Demastils, l\u00edderes en Baleares en la venta de banderas"},"previousItem":{"@type":"ListItem","@id":"https:\/\/candas365.es\/noticias#listItem","name":"Home"}},{"@type":"ListItem","@id":"https:\/\/candas365.es\/noticias\/demastils-lideres-en-baleares-en-la-venta-de-banderas\/#listItem","position":3,"name":"Demastils, l\u00edderes en Baleares en la venta de banderas","previousItem":{"@type":"ListItem","@id":"https:\/\/candas365.es\/noticias\/category\/actualidad\/#listItem","name":"Actualidad"}}]},{"@type":"NewsArticle","@id":"https:\/\/candas365.es\/noticias\/demastils-lideres-en-baleares-en-la-venta-de-banderas\/#newsarticle","name":"Demastils, l\u00edderes en Baleares en la venta de banderas | Cand\u00e1s 365","headline":"Demastils, l\u00edderes en Baleares en la venta de banderas","author":{"@id":"https:\/\/candas365.es\/noticias\/author\/admin\/#author"},"publisher":{"@id":"https:\/\/candas365.es\/noticias\/#organization"},"image":{"@type":"ImageObject","url":"https:\/\/candas365.es\/noticias\/wp-content\/uploads\/2016\/06\/1464387390_demastils_bandera_malllorca.jpg","width":1630,"height":500},"datePublished":"2016-06-16T04:30:46+02:00","dateModified":"2016-06-16T04:30:46+02:00","inLanguage":"es-ES","mainEntityOfPage":{"@id":"https:\/\/candas365.es\/noticias\/demastils-lideres-en-baleares-en-la-venta-de-banderas\/#webpage"},"isPartOf":{"@id":"https:\/\/candas365.es\/noticias\/demastils-lideres-en-baleares-en-la-venta-de-banderas\/#webpage"},"articleSection":"Actualidad","dateline":"Publicado el junio 16, 2016."},{"@type":"Organization","@id":"https:\/\/candas365.es\/noticias\/#organization","name":"Cand\u00e1s 365","description":"Cand\u00e1s 365 es un diario digital independiente, fundado en 2012, con base en Asturias. Informamos con rigor sobre actualidad, sociedad, cultura y ocio, con una mirada local y global.","url":"https:\/\/candas365.es\/noticias\/","email":"info@candas365.es","telephone":"+34652131393","foundingDate":"2012-06-10","logo":{"@type":"ImageObject","url":"https:\/\/candas365.es\/noticias\/wp-content\/uploads\/2024\/09\/Candas-365-Redes.jpg","@id":"https:\/\/candas365.es\/noticias\/demastils-lideres-en-baleares-en-la-venta-de-banderas\/#organizationLogo","width":1152,"height":864,"caption":"Cand\u00e1s 365 Redes"},"image":{"@id":"https:\/\/candas365.es\/noticias\/demastils-lideres-en-baleares-en-la-venta-de-banderas\/#organizationLogo"},"sameAs":["https:\/\/www.facebook.com\/Nachofdezber","https:\/\/x.com\/NabercoDigital","https:\/\/www.instagram.com\/nachofdezber\/","https:\/\/www.youtube.com\/channel\/UCZP-2wLEB9Rv6erhFmqVnvg"],"address":{"@id":"https:\/\/candas365.es\/noticias\/#postaladdress","@type":"PostalAddress","streetAddress":"san antonio 4, san antonio 4","postalCode":"33430","addressLocality":"Cand\u00e1s","addressRegion":"Asturias","addressCountry":"ES"}},{"@type":"Person","@id":"https:\/\/candas365.es\/noticias\/author\/admin\/#author","url":"https:\/\/candas365.es\/noticias\/author\/admin\/","name":"Cand\u00e1s 365","image":{"@type":"ImageObject","@id":"https:\/\/candas365.es\/noticias\/demastils-lideres-en-baleares-en-la-venta-de-banderas\/#authorImage","url":"https:\/\/secure.gravatar.com\/avatar\/496a8e03d0c493ede1718b7934145dbdf8d89be1036b0eec9544e1094c9de390?s=96&d=mm&r=g","width":96,"height":96,"caption":"Cand\u00e1s 365"},"sameAs":["https:\/\/www.facebook.com\/carrenoactualidad","https:\/\/twitter.com\/nbasturias","https:\/\/www.instagram.com\/nachofdezber\/","https:\/\/www.youtube.com\/channel\/UCZP-2wLEB9Rv6erhFmqVnvg"]},{"@type":"WebPage","@id":"https:\/\/candas365.es\/noticias\/demastils-lideres-en-baleares-en-la-venta-de-banderas\/#webpage","url":"https:\/\/candas365.es\/noticias\/demastils-lideres-en-baleares-en-la-venta-de-banderas\/","name":"Demastils, l\u00edderes en Baleares en la venta de banderas | Cand\u00e1s 365","description":"Demastils es la empresa l\u00edder en la comercializaci\u00f3n de banderas, m\u00e1stiles, soportes publicitarios y se\u00f1alizaci\u00f3n en las Islas Baleares. Fundada en 2008 y con sede en Mallorca, la compa\u00f1\u00eda destaca por la calidad de sus productos y el soporte t\u00e9cnico que presta a sus clientes, as\u00ed como por el gran stock de m\u00e1stiles y banderas","inLanguage":"es-ES","isPartOf":{"@id":"https:\/\/candas365.es\/noticias\/#website"},"breadcrumb":{"@id":"https:\/\/candas365.es\/noticias\/demastils-lideres-en-baleares-en-la-venta-de-banderas\/#breadcrumblist"},"author":{"@id":"https:\/\/candas365.es\/noticias\/author\/admin\/#author"},"creator":{"@id":"https:\/\/candas365.es\/noticias\/author\/admin\/#author"},"image":{"@type":"ImageObject","url":"https:\/\/candas365.es\/noticias\/wp-content\/uploads\/2016\/06\/1464387390_demastils_bandera_malllorca.jpg","@id":"https:\/\/candas365.es\/noticias\/demastils-lideres-en-baleares-en-la-venta-de-banderas\/#mainImage","width":1630,"height":500},"primaryImageOfPage":{"@id":"https:\/\/candas365.es\/noticias\/demastils-lideres-en-baleares-en-la-venta-de-banderas\/#mainImage"},"datePublished":"2016-06-16T04:30:46+02:00","dateModified":"2016-06-16T04:30:46+02:00"},{"@type":"WebSite","@id":"https:\/\/candas365.es\/noticias\/#website","url":"https:\/\/candas365.es\/noticias\/","name":"Cand\u00e1s 365","alternateName":"Cand\u00e1s 365 Noticias","description":"Actualidad desde Carre\u00f1o para el mundo","inLanguage":"es-ES","publisher":{"@id":"https:\/\/candas365.es\/noticias\/#organization"}}]},"og:locale":"es_ES","og:site_name":"Cand\u00e1s 365","og:type":"article","og:title":"Demastils, l\u00edderes en Baleares en la venta de banderas | Cand\u00e1s 365","og:description":"Demastils es la empresa l\u00edder en la comercializaci\u00f3n de banderas, m\u00e1stiles, soportes publicitarios y se\u00f1alizaci\u00f3n en las Islas Baleares. Fundada en 2008 y con sede en Mallorca, la compa\u00f1\u00eda destaca por la calidad de sus productos y el soporte t\u00e9cnico que presta a sus clientes, as\u00ed como por el gran stock de m\u00e1stiles y banderas","og:url":"https:\/\/candas365.es\/noticias\/demastils-lideres-en-baleares-en-la-venta-de-banderas\/","og:image":"https:\/\/candas365.es\/noticias\/wp-content\/uploads\/2016\/06\/1464387390_demastils_bandera_malllorca.jpg","og:image:secure_url":"https:\/\/candas365.es\/noticias\/wp-content\/uploads\/2016\/06\/1464387390_demastils_bandera_malllorca.jpg","og:image:width":1630,"og:image:height":500,"article:published_time":"2016-06-16T03:00:46+00:00","article:modified_time":"2016-06-16T03:00:46+00:00","article:publisher":"https:\/\/www.facebook.com\/Nachofdezber","article:author":"https:\/\/www.facebook.com\/carrenoactualidad","twitter:card":"summary_large_image","twitter:site":"@NabercoDigital","twitter:title":"Demastils, l\u00edderes en Baleares en la venta de banderas | Cand\u00e1s 365","twitter:description":"Demastils es la empresa l\u00edder en la comercializaci\u00f3n de banderas, m\u00e1stiles, soportes publicitarios y se\u00f1alizaci\u00f3n en las Islas Baleares. Fundada en 2008 y con sede en Mallorca, la compa\u00f1\u00eda destaca por la calidad de sus productos y el soporte t\u00e9cnico que presta a sus clientes, as\u00ed como por el gran stock de m\u00e1stiles y banderas","twitter:creator":"@nbasturias","twitter:image":"https:\/\/candas365.es\/noticias\/wp-content\/uploads\/2016\/06\/1464387390_demastils_bandera_malllorca.jpg","twitter:label1":"Escrito por","twitter:data1":"Cand\u00e1s 365","twitter:label2":"Tiempo de lectura estimado","twitter:data2":"2 minutos"},"aioseo_meta_data":{"post_id":"30312","title":null,"description":null,"keywords":null,"keyphrases":null,"primary_term":null,"canonical_url":null,"og_title":null,"og_description":null,"og_object_type":"default","og_image_type":"default","og_image_url":null,"og_image_width":null,"og_image_height":null,"og_image_custom_url":null,"og_image_custom_fields":null,"og_video":null,"og_custom_url":null,"og_article_section":null,"og_article_tags":null,"twitter_use_og":false,"twitter_card":"default","twitter_image_type":"default","twitter_image_url":null,"twitter_image_custom_url":null,"twitter_image_custom_fields":null,"twitter_title":null,"twitter_description":null,"schema":{"blockGraphs":[],"customGraphs":[],"default":{"data":{"Article":[],"Course":[],"Dataset":[],"FAQPage":[],"Movie":[],"Person":[],"Product":[],"ProductReview":[],"Car":[],"Recipe":[],"Service":[],"SoftwareApplication":[],"WebPage":[]},"graphName":"","isEnabled":true},"graphs":[],"defaultGraph":"","defaultPostTypeGraph":""},"schema_type":null,"schema_type_options":null,"pillar_content":false,"robots_default":true,"robots_noindex":false,"robots_noarchive":false,"robots_nosnippet":false,"robots_nofollow":false,"robots_noimageindex":false,"robots_noodp":false,"robots_notranslate":false,"robots_max_snippet":null,"robots_max_videopreview":null,"robots_max_imagepreview":"large","priority":null,"frequency":null,"location":null,"local_seo":null,"seo_analyzer_scan_date":"2025-08-24 12:21:13","breadcrumb_settings":null,"limit_modified_date":false,"reviewed_by":null,"open_ai":null,"ai":null,"created":"2020-12-21 12:57:58","updated":"2025-08-24 12:21:13"},"aioseo_breadcrumb":"<div class=\"aioseo-breadcrumbs\"><span class=\"aioseo-breadcrumb\">\n\t<a href=\"https:\/\/candas365.es\/noticias\" title=\"Home\">Home<\/a>\n<\/span><span class=\"aioseo-breadcrumb-separator\">&ndash;<\/span><span class=\"aioseo-breadcrumb\">\n\t<a href=\"https:\/\/candas365.es\/noticias\/category\/actualidad\/\" title=\"Actualidad\">Actualidad<\/a>\n<\/span><span class=\"aioseo-breadcrumb-separator\">&ndash;<\/span><span class=\"aioseo-breadcrumb\">\n\tDemastils, l\u00edderes en Baleares en la venta de banderas\n<\/span><\/div>","aioseo_breadcrumb_json":[{"label":"Home","link":"https:\/\/candas365.es\/noticias"},{"label":"Actualidad","link":"https:\/\/candas365.es\/noticias\/category\/actualidad\/"},{"label":"Demastils, l\u00edderes en Baleares en la venta de banderas","link":"https:\/\/candas365.es\/noticias\/demastils-lideres-en-baleares-en-la-venta-de-banderas\/"}],"_links":{"self":[{"href":"https:\/\/candas365.es\/noticias\/wp-json\/wp\/v2\/posts\/30312","targetHints":{"allow":["GET"]}}],"collection":[{"href":"https:\/\/candas365.es\/noticias\/wp-json\/wp\/v2\/posts"}],"about":[{"href":"https:\/\/candas365.es\/noticias\/wp-json\/wp\/v2\/types\/post"}],"author":[{"embeddable":true,"href":"https:\/\/candas365.es\/noticias\/wp-json\/wp\/v2\/users\/1"}],"replies":[{"embeddable":true,"href":"https:\/\/candas365.es\/noticias\/wp-json\/wp\/v2\/comments?post=30312"}],"version-history":[{"count":0,"href":"https:\/\/candas365.es\/noticias\/wp-json\/wp\/v2\/posts\/30312\/revisions"}],"wp:featuredmedia":[{"embeddable":true,"href":"https:\/\/candas365.es\/noticias\/wp-json\/wp\/v2\/media\/30313"}],"wp:attachment":[{"href":"https:\/\/candas365.es\/noticias\/wp-json\/wp\/v2\/media?parent=30312"}],"wp:term":[{"taxonomy":"category","embeddable":true,"href":"https:\/\/candas365.es\/noticias\/wp-json\/wp\/v2\/categories?post=30312"},{"taxonomy":"post_tag","embeddable":true,"href":"https:\/\/candas365.es\/noticias\/wp-json\/wp\/v2\/tags?post=30312"}],"curies":[{"name":"wp","href":"https:\/\/api.w.org\/{rel}","templated":true}]}}