{"id":30234,"date":"2016-06-14T16:47:00","date_gmt":"2016-06-14T15:17:00","guid":{"rendered":"http:\/\/candas365.es\/noticias\/?p=30234"},"modified":"2016-06-14T16:47:00","modified_gmt":"2016-06-14T15:17:00","slug":"los-embalses-asturianos-se-encuentran-al-857-de-su-capacidad","status":"publish","type":"post","link":"https:\/\/candas365.es\/noticias\/los-embalses-asturianos-se-encuentran-al-857-de-su-capacidad\/","title":{"rendered":"Los embalses asturianos se encuentran al 85,7% de su capacidad"},"content":{"rendered":"<p><img fetchpriority=\"high\" decoding=\"async\" class=\"alignleft size-medium wp-image-30235\" src=\"https:\/\/candas365.es\/noticias\/wp-content\/uploads\/2016\/06\/fotonoticia_20160614130314_800-360x270.jpg\" alt=\"fotonoticia_20160614130314_800\" width=\"360\" height=\"270\" srcset=\"https:\/\/candas365.es\/noticias\/wp-content\/uploads\/2016\/06\/fotonoticia_20160614130314_800-360x270.jpg 360w, https:\/\/candas365.es\/noticias\/wp-content\/uploads\/2016\/06\/fotonoticia_20160614130314_800-640x480.jpg 640w, https:\/\/candas365.es\/noticias\/wp-content\/uploads\/2016\/06\/fotonoticia_20160614130314_800-768x576.jpg 768w, https:\/\/candas365.es\/noticias\/wp-content\/uploads\/2016\/06\/fotonoticia_20160614130314_800-150x113.jpg 150w, https:\/\/candas365.es\/noticias\/wp-content\/uploads\/2016\/06\/fotonoticia_20160614130314_800-450x338.jpg 450w, https:\/\/candas365.es\/noticias\/wp-content\/uploads\/2016\/06\/fotonoticia_20160614130314_800-80x60.jpg 80w, https:\/\/candas365.es\/noticias\/wp-content\/uploads\/2016\/06\/fotonoticia_20160614130314_800-265x198.jpg 265w, https:\/\/candas365.es\/noticias\/wp-content\/uploads\/2016\/06\/fotonoticia_20160614130314_800-696x522.jpg 696w, https:\/\/candas365.es\/noticias\/wp-content\/uploads\/2016\/06\/fotonoticia_20160614130314_800-560x420.jpg 560w, https:\/\/candas365.es\/noticias\/wp-content\/uploads\/2016\/06\/fotonoticia_20160614130314_800-90x67.jpg 90w, https:\/\/candas365.es\/noticias\/wp-content\/uploads\/2016\/06\/fotonoticia_20160614130314_800.jpg 800w\" sizes=\"(max-width: 360px) 100vw, 360px\" \/>La reserva hidr\u00e1ulica del Cant\u00e1brico occidental se encuentra al 85,7 por ciento de su capacidad, seg\u00fan informa este martes el Ministerio de Agricultura, Alimentaci\u00f3n y Medio Ambiente. A nivel nacional, el conjunto de los embalses espa\u00f1oles est\u00e1n al 73,7 por ciento de su capacidad total esta semana, en la que los embalses han perdido 464 hect\u00f3metros c\u00fabicos de agua embalsada, lo que representa un -0,8 por ciento, seg\u00fan datos del Ministerio de Agricultura, Alimentaci\u00f3n y Medio Ambiente, que se\u00f1ala que en la actualidad hay un total de 41.238 hect\u00f3metros c\u00fabicos de agua.<\/p>\n<p>Adem\u00e1s, el Ministerio se\u00f1ala que esta semana las principales variaciones se han producido en el Tajo, que ha perdido 140 hect\u00f3metros c\u00fabicos y en las Cuencas Internas de Catalu\u00f1a que, por el contrario, acumula 14 hect\u00f3metros c\u00fabicos m\u00e1s.<\/p>\n<p>Por \u00e1mbitos, la reserva se encuentra al 82,3 por ciento en Cant\u00e1brico Oriental; al 85,7 por ciento en Cant\u00e1brico Occidental; al 88,5 por ciento, en Mi\u00f1o-Sil; al 90,8 por ciento, en Galicia Costa; al 90,5 por ciento, las cuencas internas del Pa\u00eds Vasco; al 92,7 por ciento, el Duero; al 74,1 por ciento, el Tajo y al 70,0 por ciento, Guadiana.<\/p>\n<p>Asimismo, el Tinto, Odiel y Piedras est\u00e1 al 88,6 por ciento; Guadalete-Barbate, al 66,7 por ciento; Guadalquivir, al 66,2 por ciento; la cuenca Mediterr\u00e1nea Andaluza, al 47,5 por ciento; Segura, al 37,2 por ciento; J\u00facar, al 38,7 por ciento; Ebro, al 83,8 por ciento y las cuencas internas de Catalu\u00f1a, al 78,9 por ciento.<\/p>\n<p>Esta semana las precipitaciones han sido escasas en todo el territorio nacional y la precipitaci\u00f3n m\u00e1xima se ha producido en Oviedo, con 8,4 litros por metro cuadrado.<\/p>\n<p>&nbsp;<\/p>\n","protected":false},"excerpt":{"rendered":"<p>La reserva hidr\u00e1ulica del Cant\u00e1brico occidental se encuentra al 85,7 por ciento de su capacidad, seg\u00fan informa este martes el Ministerio de Agricultura, Alimentaci\u00f3n y Medio Ambiente. A nivel nacional, el conjunto de los embalses espa\u00f1oles est\u00e1n al 73,7 por ciento de su capacidad total esta semana, en la que los embalses han perdido 464<\/p>\n","protected":false},"author":1,"featured_media":30235,"comment_status":"closed","ping_status":"closed","sticky":false,"template":"","format":"standard","meta":{"footnotes":""},"categories":[343],"tags":[],"class_list":{"0":"post-30234","1":"post","2":"type-post","3":"status-publish","4":"format-standard","5":"has-post-thumbnail","7":"category-actualidad"},"aioseo_notices":[],"aioseo_head":"\n\t\t<!-- All in One SEO Pro 4.9.6.2 - aioseo.com -->\n\t<meta name=\"description\" content=\"La reserva hidr\u00e1ulica del Cant\u00e1brico occidental se encuentra al 85,7 por ciento de su capacidad, seg\u00fan informa este martes el Ministerio de Agricultura, Alimentaci\u00f3n y Medio Ambiente. A nivel nacional, el conjunto de los embalses espa\u00f1oles est\u00e1n al 73,7 por ciento de su capacidad total esta semana, en la que los embalses han perdido 464\" \/>\n\t<meta name=\"robots\" content=\"max-image-preview:large\" \/>\n\t<meta name=\"author\" content=\"Cand\u00e1s 365\"\/>\n\t<meta name=\"google-site-verification\" content=\"UA-32230408-1\" \/>\n\t<meta name=\"msvalidate.01\" content=\"354F3CDFB2DA171B47FBE9ABF1F88D5\" \/>\n\t<meta name=\"keywords\" content=\"actualidad\" \/>\n\t<link rel=\"canonical\" href=\"https:\/\/candas365.es\/noticias\/los-embalses-asturianos-se-encuentran-al-857-de-su-capacidad\/\" \/>\n\t<meta name=\"generator\" content=\"All in One SEO Pro (AIOSEO) 4.9.6.2\" \/>\n\t\t<meta property=\"og:locale\" content=\"es_ES\" \/>\n\t\t<meta property=\"og:site_name\" content=\"Cand\u00e1s 365\" \/>\n\t\t<meta property=\"og:type\" content=\"article\" \/>\n\t\t<meta property=\"og:title\" content=\"Los embalses asturianos se encuentran al 85,7% de su capacidad | Cand\u00e1s 365\" \/>\n\t\t<meta property=\"og:description\" content=\"La reserva hidr\u00e1ulica del Cant\u00e1brico occidental se encuentra al 85,7 por ciento de su capacidad, seg\u00fan informa este martes el Ministerio de Agricultura, Alimentaci\u00f3n y Medio Ambiente. A nivel nacional, el conjunto de los embalses espa\u00f1oles est\u00e1n al 73,7 por ciento de su capacidad total esta semana, en la que los embalses han perdido 464\" \/>\n\t\t<meta property=\"og:url\" content=\"https:\/\/candas365.es\/noticias\/los-embalses-asturianos-se-encuentran-al-857-de-su-capacidad\/\" \/>\n\t\t<meta property=\"og:image\" content=\"https:\/\/candas365.es\/noticias\/wp-content\/uploads\/2016\/06\/fotonoticia_20160614130314_800.jpg\" \/>\n\t\t<meta property=\"og:image:secure_url\" content=\"https:\/\/candas365.es\/noticias\/wp-content\/uploads\/2016\/06\/fotonoticia_20160614130314_800.jpg\" \/>\n\t\t<meta property=\"og:image:width\" content=\"800\" \/>\n\t\t<meta property=\"og:image:height\" content=\"600\" \/>\n\t\t<meta property=\"article:published_time\" content=\"2016-06-14T15:17:00+00:00\" \/>\n\t\t<meta property=\"article:modified_time\" content=\"2016-06-14T15:17:00+00:00\" \/>\n\t\t<meta property=\"article:publisher\" content=\"https:\/\/www.facebook.com\/Nachofdezber\" \/>\n\t\t<meta property=\"article:author\" content=\"https:\/\/www.facebook.com\/carrenoactualidad\" \/>\n\t\t<meta name=\"twitter:card\" content=\"summary_large_image\" \/>\n\t\t<meta name=\"twitter:site\" content=\"@NabercoDigital\" \/>\n\t\t<meta name=\"twitter:title\" content=\"Los embalses asturianos se encuentran al 85,7% de su capacidad | Cand\u00e1s 365\" \/>\n\t\t<meta name=\"twitter:description\" content=\"La reserva hidr\u00e1ulica del Cant\u00e1brico occidental se encuentra al 85,7 por ciento de su capacidad, seg\u00fan informa este martes el Ministerio de Agricultura, Alimentaci\u00f3n y Medio Ambiente. A nivel nacional, el conjunto de los embalses espa\u00f1oles est\u00e1n al 73,7 por ciento de su capacidad total esta semana, en la que los embalses han perdido 464\" \/>\n\t\t<meta name=\"twitter:creator\" content=\"@nbasturias\" \/>\n\t\t<meta name=\"twitter:image\" content=\"https:\/\/candas365.es\/noticias\/wp-content\/uploads\/2016\/06\/fotonoticia_20160614130314_800.jpg\" \/>\n\t\t<meta name=\"twitter:label1\" content=\"Escrito por\" \/>\n\t\t<meta name=\"twitter:data1\" content=\"Cand\u00e1s 365\" \/>\n\t\t<meta name=\"twitter:label2\" content=\"Tiempo de lectura estimado\" \/>\n\t\t<meta name=\"twitter:data2\" content=\"1 minuto\" \/>\n\t\t<script type=\"application\/ld+json\" class=\"aioseo-schema\">\n\t\t\t{\"@context\":\"https:\\\/\\\/schema.org\",\"@graph\":[{\"@type\":\"BreadcrumbList\",\"@id\":\"https:\\\/\\\/candas365.es\\\/noticias\\\/los-embalses-asturianos-se-encuentran-al-857-de-su-capacidad\\\/#breadcrumblist\",\"itemListElement\":[{\"@type\":\"ListItem\",\"@id\":\"https:\\\/\\\/candas365.es\\\/noticias#listItem\",\"position\":1,\"name\":\"Home\",\"item\":\"https:\\\/\\\/candas365.es\\\/noticias\",\"nextItem\":{\"@type\":\"ListItem\",\"@id\":\"https:\\\/\\\/candas365.es\\\/noticias\\\/category\\\/actualidad\\\/#listItem\",\"name\":\"Actualidad\"}},{\"@type\":\"ListItem\",\"@id\":\"https:\\\/\\\/candas365.es\\\/noticias\\\/category\\\/actualidad\\\/#listItem\",\"position\":2,\"name\":\"Actualidad\",\"item\":\"https:\\\/\\\/candas365.es\\\/noticias\\\/category\\\/actualidad\\\/\",\"nextItem\":{\"@type\":\"ListItem\",\"@id\":\"https:\\\/\\\/candas365.es\\\/noticias\\\/los-embalses-asturianos-se-encuentran-al-857-de-su-capacidad\\\/#listItem\",\"name\":\"Los embalses asturianos se encuentran al 85,7% de su capacidad\"},\"previousItem\":{\"@type\":\"ListItem\",\"@id\":\"https:\\\/\\\/candas365.es\\\/noticias#listItem\",\"name\":\"Home\"}},{\"@type\":\"ListItem\",\"@id\":\"https:\\\/\\\/candas365.es\\\/noticias\\\/los-embalses-asturianos-se-encuentran-al-857-de-su-capacidad\\\/#listItem\",\"position\":3,\"name\":\"Los embalses asturianos se encuentran al 85,7% de su capacidad\",\"previousItem\":{\"@type\":\"ListItem\",\"@id\":\"https:\\\/\\\/candas365.es\\\/noticias\\\/category\\\/actualidad\\\/#listItem\",\"name\":\"Actualidad\"}}]},{\"@type\":\"NewsArticle\",\"@id\":\"https:\\\/\\\/candas365.es\\\/noticias\\\/los-embalses-asturianos-se-encuentran-al-857-de-su-capacidad\\\/#newsarticle\",\"name\":\"Los embalses asturianos se encuentran al 85,7% de su capacidad | Cand\\u00e1s 365\",\"headline\":\"Los embalses asturianos se encuentran al 85,7% de su capacidad\",\"author\":{\"@id\":\"https:\\\/\\\/candas365.es\\\/noticias\\\/author\\\/admin\\\/#author\"},\"publisher\":{\"@id\":\"https:\\\/\\\/candas365.es\\\/noticias\\\/#organization\"},\"image\":{\"@type\":\"ImageObject\",\"url\":\"https:\\\/\\\/candas365.es\\\/noticias\\\/wp-content\\\/uploads\\\/2016\\\/06\\\/fotonoticia_20160614130314_800.jpg\",\"width\":800,\"height\":600},\"datePublished\":\"2016-06-14T16:47:00+02:00\",\"dateModified\":\"2016-06-14T16:47:00+02:00\",\"inLanguage\":\"es-ES\",\"mainEntityOfPage\":{\"@id\":\"https:\\\/\\\/candas365.es\\\/noticias\\\/los-embalses-asturianos-se-encuentran-al-857-de-su-capacidad\\\/#webpage\"},\"isPartOf\":{\"@id\":\"https:\\\/\\\/candas365.es\\\/noticias\\\/los-embalses-asturianos-se-encuentran-al-857-de-su-capacidad\\\/#webpage\"},\"articleSection\":\"Actualidad\",\"dateline\":\"Publicado el junio 14, 2016.\"},{\"@type\":\"Organization\",\"@id\":\"https:\\\/\\\/candas365.es\\\/noticias\\\/#organization\",\"name\":\"Cand\\u00e1s 365\",\"description\":\"Cand\\u00e1s 365 es un diario digital independiente, fundado en 2012, con base en Asturias. Informamos con rigor sobre actualidad, sociedad, cultura y ocio, con una mirada local y global.\",\"url\":\"https:\\\/\\\/candas365.es\\\/noticias\\\/\",\"email\":\"info@candas365.es\",\"telephone\":\"+34652131393\",\"foundingDate\":\"2012-06-10\",\"logo\":{\"@type\":\"ImageObject\",\"url\":\"https:\\\/\\\/candas365.es\\\/noticias\\\/wp-content\\\/uploads\\\/2024\\\/09\\\/Candas-365-Redes.jpg\",\"@id\":\"https:\\\/\\\/candas365.es\\\/noticias\\\/los-embalses-asturianos-se-encuentran-al-857-de-su-capacidad\\\/#organizationLogo\",\"width\":1152,\"height\":864,\"caption\":\"Cand\\u00e1s 365 Redes\"},\"image\":{\"@id\":\"https:\\\/\\\/candas365.es\\\/noticias\\\/los-embalses-asturianos-se-encuentran-al-857-de-su-capacidad\\\/#organizationLogo\"},\"sameAs\":[\"https:\\\/\\\/www.facebook.com\\\/Nachofdezber\",\"https:\\\/\\\/x.com\\\/NabercoDigital\",\"https:\\\/\\\/www.instagram.com\\\/nachofdezber\\\/\",\"https:\\\/\\\/www.youtube.com\\\/channel\\\/UCZP-2wLEB9Rv6erhFmqVnvg\"],\"address\":{\"@id\":\"https:\\\/\\\/candas365.es\\\/noticias\\\/#postaladdress\",\"@type\":\"PostalAddress\",\"streetAddress\":\"san antonio 4, san antonio 4\",\"postalCode\":\"33430\",\"addressLocality\":\"Cand\\u00e1s\",\"addressRegion\":\"Asturias\",\"addressCountry\":\"ES\"}},{\"@type\":\"Person\",\"@id\":\"https:\\\/\\\/candas365.es\\\/noticias\\\/author\\\/admin\\\/#author\",\"url\":\"https:\\\/\\\/candas365.es\\\/noticias\\\/author\\\/admin\\\/\",\"name\":\"Cand\\u00e1s 365\",\"image\":{\"@type\":\"ImageObject\",\"@id\":\"https:\\\/\\\/candas365.es\\\/noticias\\\/los-embalses-asturianos-se-encuentran-al-857-de-su-capacidad\\\/#authorImage\",\"url\":\"https:\\\/\\\/secure.gravatar.com\\\/avatar\\\/496a8e03d0c493ede1718b7934145dbdf8d89be1036b0eec9544e1094c9de390?s=96&d=mm&r=g\",\"width\":96,\"height\":96,\"caption\":\"Cand\\u00e1s 365\"},\"sameAs\":[\"https:\\\/\\\/www.facebook.com\\\/carrenoactualidad\",\"https:\\\/\\\/twitter.com\\\/nbasturias\",\"https:\\\/\\\/www.instagram.com\\\/nachofdezber\\\/\",\"https:\\\/\\\/www.youtube.com\\\/channel\\\/UCZP-2wLEB9Rv6erhFmqVnvg\"]},{\"@type\":\"WebPage\",\"@id\":\"https:\\\/\\\/candas365.es\\\/noticias\\\/los-embalses-asturianos-se-encuentran-al-857-de-su-capacidad\\\/#webpage\",\"url\":\"https:\\\/\\\/candas365.es\\\/noticias\\\/los-embalses-asturianos-se-encuentran-al-857-de-su-capacidad\\\/\",\"name\":\"Los embalses asturianos se encuentran al 85,7% de su capacidad | Cand\\u00e1s 365\",\"description\":\"La reserva hidr\\u00e1ulica del Cant\\u00e1brico occidental se encuentra al 85,7 por ciento de su capacidad, seg\\u00fan informa este martes el Ministerio de Agricultura, Alimentaci\\u00f3n y Medio Ambiente. A nivel nacional, el conjunto de los embalses espa\\u00f1oles est\\u00e1n al 73,7 por ciento de su capacidad total esta semana, en la que los embalses han perdido 464\",\"inLanguage\":\"es-ES\",\"isPartOf\":{\"@id\":\"https:\\\/\\\/candas365.es\\\/noticias\\\/#website\"},\"breadcrumb\":{\"@id\":\"https:\\\/\\\/candas365.es\\\/noticias\\\/los-embalses-asturianos-se-encuentran-al-857-de-su-capacidad\\\/#breadcrumblist\"},\"author\":{\"@id\":\"https:\\\/\\\/candas365.es\\\/noticias\\\/author\\\/admin\\\/#author\"},\"creator\":{\"@id\":\"https:\\\/\\\/candas365.es\\\/noticias\\\/author\\\/admin\\\/#author\"},\"image\":{\"@type\":\"ImageObject\",\"url\":\"https:\\\/\\\/candas365.es\\\/noticias\\\/wp-content\\\/uploads\\\/2016\\\/06\\\/fotonoticia_20160614130314_800.jpg\",\"@id\":\"https:\\\/\\\/candas365.es\\\/noticias\\\/los-embalses-asturianos-se-encuentran-al-857-de-su-capacidad\\\/#mainImage\",\"width\":800,\"height\":600},\"primaryImageOfPage\":{\"@id\":\"https:\\\/\\\/candas365.es\\\/noticias\\\/los-embalses-asturianos-se-encuentran-al-857-de-su-capacidad\\\/#mainImage\"},\"datePublished\":\"2016-06-14T16:47:00+02:00\",\"dateModified\":\"2016-06-14T16:47:00+02:00\"},{\"@type\":\"WebSite\",\"@id\":\"https:\\\/\\\/candas365.es\\\/noticias\\\/#website\",\"url\":\"https:\\\/\\\/candas365.es\\\/noticias\\\/\",\"name\":\"Cand\\u00e1s 365\",\"alternateName\":\"Cand\\u00e1s 365 Noticias\",\"description\":\"Actualidad desde Carre\\u00f1o para el mundo\",\"inLanguage\":\"es-ES\",\"publisher\":{\"@id\":\"https:\\\/\\\/candas365.es\\\/noticias\\\/#organization\"}}]}\n\t\t<\/script>\n\t\t<!-- All in One SEO Pro -->\r\n\t\t<title>Los embalses asturianos se encuentran al 85,7% de su capacidad | Cand\u00e1s 365<\/title>\n\n","aioseo_head_json":{"title":"Los embalses asturianos se encuentran al 85,7% de su capacidad | Cand\u00e1s 365","description":"La reserva hidr\u00e1ulica del Cant\u00e1brico occidental se encuentra al 85,7 por ciento de su capacidad, seg\u00fan informa este martes el Ministerio de Agricultura, Alimentaci\u00f3n y Medio Ambiente. A nivel nacional, el conjunto de los embalses espa\u00f1oles est\u00e1n al 73,7 por ciento de su capacidad total esta semana, en la que los embalses han perdido 464","canonical_url":"https:\/\/candas365.es\/noticias\/los-embalses-asturianos-se-encuentran-al-857-de-su-capacidad\/","robots":"max-image-preview:large","keywords":"actualidad","webmasterTools":{"google-site-verification":"UA-32230408-1","msvalidate.01":"354F3CDFB2DA171B47FBE9ABF1F88D5","miscellaneous":""},"schema":{"@context":"https:\/\/schema.org","@graph":[{"@type":"BreadcrumbList","@id":"https:\/\/candas365.es\/noticias\/los-embalses-asturianos-se-encuentran-al-857-de-su-capacidad\/#breadcrumblist","itemListElement":[{"@type":"ListItem","@id":"https:\/\/candas365.es\/noticias#listItem","position":1,"name":"Home","item":"https:\/\/candas365.es\/noticias","nextItem":{"@type":"ListItem","@id":"https:\/\/candas365.es\/noticias\/category\/actualidad\/#listItem","name":"Actualidad"}},{"@type":"ListItem","@id":"https:\/\/candas365.es\/noticias\/category\/actualidad\/#listItem","position":2,"name":"Actualidad","item":"https:\/\/candas365.es\/noticias\/category\/actualidad\/","nextItem":{"@type":"ListItem","@id":"https:\/\/candas365.es\/noticias\/los-embalses-asturianos-se-encuentran-al-857-de-su-capacidad\/#listItem","name":"Los embalses asturianos se encuentran al 85,7% de su capacidad"},"previousItem":{"@type":"ListItem","@id":"https:\/\/candas365.es\/noticias#listItem","name":"Home"}},{"@type":"ListItem","@id":"https:\/\/candas365.es\/noticias\/los-embalses-asturianos-se-encuentran-al-857-de-su-capacidad\/#listItem","position":3,"name":"Los embalses asturianos se encuentran al 85,7% de su capacidad","previousItem":{"@type":"ListItem","@id":"https:\/\/candas365.es\/noticias\/category\/actualidad\/#listItem","name":"Actualidad"}}]},{"@type":"NewsArticle","@id":"https:\/\/candas365.es\/noticias\/los-embalses-asturianos-se-encuentran-al-857-de-su-capacidad\/#newsarticle","name":"Los embalses asturianos se encuentran al 85,7% de su capacidad | Cand\u00e1s 365","headline":"Los embalses asturianos se encuentran al 85,7% de su capacidad","author":{"@id":"https:\/\/candas365.es\/noticias\/author\/admin\/#author"},"publisher":{"@id":"https:\/\/candas365.es\/noticias\/#organization"},"image":{"@type":"ImageObject","url":"https:\/\/candas365.es\/noticias\/wp-content\/uploads\/2016\/06\/fotonoticia_20160614130314_800.jpg","width":800,"height":600},"datePublished":"2016-06-14T16:47:00+02:00","dateModified":"2016-06-14T16:47:00+02:00","inLanguage":"es-ES","mainEntityOfPage":{"@id":"https:\/\/candas365.es\/noticias\/los-embalses-asturianos-se-encuentran-al-857-de-su-capacidad\/#webpage"},"isPartOf":{"@id":"https:\/\/candas365.es\/noticias\/los-embalses-asturianos-se-encuentran-al-857-de-su-capacidad\/#webpage"},"articleSection":"Actualidad","dateline":"Publicado el junio 14, 2016."},{"@type":"Organization","@id":"https:\/\/candas365.es\/noticias\/#organization","name":"Cand\u00e1s 365","description":"Cand\u00e1s 365 es un diario digital independiente, fundado en 2012, con base en Asturias. Informamos con rigor sobre actualidad, sociedad, cultura y ocio, con una mirada local y global.","url":"https:\/\/candas365.es\/noticias\/","email":"info@candas365.es","telephone":"+34652131393","foundingDate":"2012-06-10","logo":{"@type":"ImageObject","url":"https:\/\/candas365.es\/noticias\/wp-content\/uploads\/2024\/09\/Candas-365-Redes.jpg","@id":"https:\/\/candas365.es\/noticias\/los-embalses-asturianos-se-encuentran-al-857-de-su-capacidad\/#organizationLogo","width":1152,"height":864,"caption":"Cand\u00e1s 365 Redes"},"image":{"@id":"https:\/\/candas365.es\/noticias\/los-embalses-asturianos-se-encuentran-al-857-de-su-capacidad\/#organizationLogo"},"sameAs":["https:\/\/www.facebook.com\/Nachofdezber","https:\/\/x.com\/NabercoDigital","https:\/\/www.instagram.com\/nachofdezber\/","https:\/\/www.youtube.com\/channel\/UCZP-2wLEB9Rv6erhFmqVnvg"],"address":{"@id":"https:\/\/candas365.es\/noticias\/#postaladdress","@type":"PostalAddress","streetAddress":"san antonio 4, san antonio 4","postalCode":"33430","addressLocality":"Cand\u00e1s","addressRegion":"Asturias","addressCountry":"ES"}},{"@type":"Person","@id":"https:\/\/candas365.es\/noticias\/author\/admin\/#author","url":"https:\/\/candas365.es\/noticias\/author\/admin\/","name":"Cand\u00e1s 365","image":{"@type":"ImageObject","@id":"https:\/\/candas365.es\/noticias\/los-embalses-asturianos-se-encuentran-al-857-de-su-capacidad\/#authorImage","url":"https:\/\/secure.gravatar.com\/avatar\/496a8e03d0c493ede1718b7934145dbdf8d89be1036b0eec9544e1094c9de390?s=96&d=mm&r=g","width":96,"height":96,"caption":"Cand\u00e1s 365"},"sameAs":["https:\/\/www.facebook.com\/carrenoactualidad","https:\/\/twitter.com\/nbasturias","https:\/\/www.instagram.com\/nachofdezber\/","https:\/\/www.youtube.com\/channel\/UCZP-2wLEB9Rv6erhFmqVnvg"]},{"@type":"WebPage","@id":"https:\/\/candas365.es\/noticias\/los-embalses-asturianos-se-encuentran-al-857-de-su-capacidad\/#webpage","url":"https:\/\/candas365.es\/noticias\/los-embalses-asturianos-se-encuentran-al-857-de-su-capacidad\/","name":"Los embalses asturianos se encuentran al 85,7% de su capacidad | Cand\u00e1s 365","description":"La reserva hidr\u00e1ulica del Cant\u00e1brico occidental se encuentra al 85,7 por ciento de su capacidad, seg\u00fan informa este martes el Ministerio de Agricultura, Alimentaci\u00f3n y Medio Ambiente. A nivel nacional, el conjunto de los embalses espa\u00f1oles est\u00e1n al 73,7 por ciento de su capacidad total esta semana, en la que los embalses han perdido 464","inLanguage":"es-ES","isPartOf":{"@id":"https:\/\/candas365.es\/noticias\/#website"},"breadcrumb":{"@id":"https:\/\/candas365.es\/noticias\/los-embalses-asturianos-se-encuentran-al-857-de-su-capacidad\/#breadcrumblist"},"author":{"@id":"https:\/\/candas365.es\/noticias\/author\/admin\/#author"},"creator":{"@id":"https:\/\/candas365.es\/noticias\/author\/admin\/#author"},"image":{"@type":"ImageObject","url":"https:\/\/candas365.es\/noticias\/wp-content\/uploads\/2016\/06\/fotonoticia_20160614130314_800.jpg","@id":"https:\/\/candas365.es\/noticias\/los-embalses-asturianos-se-encuentran-al-857-de-su-capacidad\/#mainImage","width":800,"height":600},"primaryImageOfPage":{"@id":"https:\/\/candas365.es\/noticias\/los-embalses-asturianos-se-encuentran-al-857-de-su-capacidad\/#mainImage"},"datePublished":"2016-06-14T16:47:00+02:00","dateModified":"2016-06-14T16:47:00+02:00"},{"@type":"WebSite","@id":"https:\/\/candas365.es\/noticias\/#website","url":"https:\/\/candas365.es\/noticias\/","name":"Cand\u00e1s 365","alternateName":"Cand\u00e1s 365 Noticias","description":"Actualidad desde Carre\u00f1o para el mundo","inLanguage":"es-ES","publisher":{"@id":"https:\/\/candas365.es\/noticias\/#organization"}}]},"og:locale":"es_ES","og:site_name":"Cand\u00e1s 365","og:type":"article","og:title":"Los embalses asturianos se encuentran al 85,7% de su capacidad | Cand\u00e1s 365","og:description":"La reserva hidr\u00e1ulica del Cant\u00e1brico occidental se encuentra al 85,7 por ciento de su capacidad, seg\u00fan informa este martes el Ministerio de Agricultura, Alimentaci\u00f3n y Medio Ambiente. A nivel nacional, el conjunto de los embalses espa\u00f1oles est\u00e1n al 73,7 por ciento de su capacidad total esta semana, en la que los embalses han perdido 464","og:url":"https:\/\/candas365.es\/noticias\/los-embalses-asturianos-se-encuentran-al-857-de-su-capacidad\/","og:image":"https:\/\/candas365.es\/noticias\/wp-content\/uploads\/2016\/06\/fotonoticia_20160614130314_800.jpg","og:image:secure_url":"https:\/\/candas365.es\/noticias\/wp-content\/uploads\/2016\/06\/fotonoticia_20160614130314_800.jpg","og:image:width":800,"og:image:height":600,"article:published_time":"2016-06-14T15:17:00+00:00","article:modified_time":"2016-06-14T15:17:00+00:00","article:publisher":"https:\/\/www.facebook.com\/Nachofdezber","article:author":"https:\/\/www.facebook.com\/carrenoactualidad","twitter:card":"summary_large_image","twitter:site":"@NabercoDigital","twitter:title":"Los embalses asturianos se encuentran al 85,7% de su capacidad | Cand\u00e1s 365","twitter:description":"La reserva hidr\u00e1ulica del Cant\u00e1brico occidental se encuentra al 85,7 por ciento de su capacidad, seg\u00fan informa este martes el Ministerio de Agricultura, Alimentaci\u00f3n y Medio Ambiente. A nivel nacional, el conjunto de los embalses espa\u00f1oles est\u00e1n al 73,7 por ciento de su capacidad total esta semana, en la que los embalses han perdido 464","twitter:creator":"@nbasturias","twitter:image":"https:\/\/candas365.es\/noticias\/wp-content\/uploads\/2016\/06\/fotonoticia_20160614130314_800.jpg","twitter:label1":"Escrito por","twitter:data1":"Cand\u00e1s 365","twitter:label2":"Tiempo de lectura estimado","twitter:data2":"1 minuto"},"aioseo_meta_data":{"post_id":"30234","title":null,"description":null,"keywords":null,"keyphrases":null,"primary_term":null,"canonical_url":null,"og_title":null,"og_description":null,"og_object_type":"default","og_image_type":"default","og_image_url":null,"og_image_width":null,"og_image_height":null,"og_image_custom_url":null,"og_image_custom_fields":null,"og_video":null,"og_custom_url":null,"og_article_section":null,"og_article_tags":null,"twitter_use_og":false,"twitter_card":"default","twitter_image_type":"default","twitter_image_url":null,"twitter_image_custom_url":null,"twitter_image_custom_fields":null,"twitter_title":null,"twitter_description":null,"schema":{"blockGraphs":[],"customGraphs":[],"default":{"data":{"Article":[],"Course":[],"Dataset":[],"FAQPage":[],"Movie":[],"Person":[],"Product":[],"ProductReview":[],"Car":[],"Recipe":[],"Service":[],"SoftwareApplication":[],"WebPage":[]},"graphName":"","isEnabled":true},"graphs":[],"defaultGraph":"","defaultPostTypeGraph":""},"schema_type":null,"schema_type_options":null,"pillar_content":false,"robots_default":true,"robots_noindex":false,"robots_noarchive":false,"robots_nosnippet":false,"robots_nofollow":false,"robots_noimageindex":false,"robots_noodp":false,"robots_notranslate":false,"robots_max_snippet":null,"robots_max_videopreview":null,"robots_max_imagepreview":"large","priority":null,"frequency":null,"location":null,"local_seo":null,"seo_analyzer_scan_date":"2025-08-24 12:16:15","breadcrumb_settings":null,"limit_modified_date":false,"reviewed_by":null,"open_ai":null,"ai":null,"created":"2020-12-21 12:57:56","updated":"2025-08-24 12:16:15"},"aioseo_breadcrumb":"<div class=\"aioseo-breadcrumbs\"><span class=\"aioseo-breadcrumb\">\n\t<a href=\"https:\/\/candas365.es\/noticias\" title=\"Home\">Home<\/a>\n<\/span><span class=\"aioseo-breadcrumb-separator\">&ndash;<\/span><span class=\"aioseo-breadcrumb\">\n\t<a href=\"https:\/\/candas365.es\/noticias\/category\/actualidad\/\" title=\"Actualidad\">Actualidad<\/a>\n<\/span><span class=\"aioseo-breadcrumb-separator\">&ndash;<\/span><span class=\"aioseo-breadcrumb\">\n\tLos embalses asturianos se encuentran al 85,7% de su capacidad\n<\/span><\/div>","aioseo_breadcrumb_json":[{"label":"Home","link":"https:\/\/candas365.es\/noticias"},{"label":"Actualidad","link":"https:\/\/candas365.es\/noticias\/category\/actualidad\/"},{"label":"Los embalses asturianos se encuentran al 85,7% de su capacidad","link":"https:\/\/candas365.es\/noticias\/los-embalses-asturianos-se-encuentran-al-857-de-su-capacidad\/"}],"_links":{"self":[{"href":"https:\/\/candas365.es\/noticias\/wp-json\/wp\/v2\/posts\/30234","targetHints":{"allow":["GET"]}}],"collection":[{"href":"https:\/\/candas365.es\/noticias\/wp-json\/wp\/v2\/posts"}],"about":[{"href":"https:\/\/candas365.es\/noticias\/wp-json\/wp\/v2\/types\/post"}],"author":[{"embeddable":true,"href":"https:\/\/candas365.es\/noticias\/wp-json\/wp\/v2\/users\/1"}],"replies":[{"embeddable":true,"href":"https:\/\/candas365.es\/noticias\/wp-json\/wp\/v2\/comments?post=30234"}],"version-history":[{"count":0,"href":"https:\/\/candas365.es\/noticias\/wp-json\/wp\/v2\/posts\/30234\/revisions"}],"wp:featuredmedia":[{"embeddable":true,"href":"https:\/\/candas365.es\/noticias\/wp-json\/wp\/v2\/media\/30235"}],"wp:attachment":[{"href":"https:\/\/candas365.es\/noticias\/wp-json\/wp\/v2\/media?parent=30234"}],"wp:term":[{"taxonomy":"category","embeddable":true,"href":"https:\/\/candas365.es\/noticias\/wp-json\/wp\/v2\/categories?post=30234"},{"taxonomy":"post_tag","embeddable":true,"href":"https:\/\/candas365.es\/noticias\/wp-json\/wp\/v2\/tags?post=30234"}],"curies":[{"name":"wp","href":"https:\/\/api.w.org\/{rel}","templated":true}]}}