{"id":30230,"date":"2016-06-14T16:44:08","date_gmt":"2016-06-14T15:14:08","guid":{"rendered":"http:\/\/candas365.es\/noticias\/?p=30230"},"modified":"2016-06-14T16:44:08","modified_gmt":"2016-06-14T15:14:08","slug":"los-precios-suben-un-07-en-mayo-de-2016","status":"publish","type":"post","link":"https:\/\/candas365.es\/noticias\/los-precios-suben-un-07-en-mayo-de-2016\/","title":{"rendered":"Los precios suben un 0,7% en mayo de 2016"},"content":{"rendered":"<p><img fetchpriority=\"high\" decoding=\"async\" class=\"alignleft size-medium wp-image-11785\" src=\"https:\/\/candas365.es\/noticias\/wp-content\/uploads\/2015\/06\/comercio-360x198.jpg\" alt=\"comercio\" width=\"360\" height=\"198\" srcset=\"https:\/\/candas365.es\/noticias\/wp-content\/uploads\/2015\/06\/comercio-360x198.jpg 360w, https:\/\/candas365.es\/noticias\/wp-content\/uploads\/2015\/06\/comercio-650x357.jpg 650w, https:\/\/candas365.es\/noticias\/wp-content\/uploads\/2015\/06\/comercio-150x82.jpg 150w, https:\/\/candas365.es\/noticias\/wp-content\/uploads\/2015\/06\/comercio-450x247.jpg 450w, https:\/\/candas365.es\/noticias\/wp-content\/uploads\/2015\/06\/comercio.jpg 655w\" sizes=\"(max-width: 360px) 100vw, 360px\" \/>\u00cdndice de Precios de Consumo (IPC) del Principado de Asturias ha aumentado un 0,7 por ciento el pasado mes de mayo respecto al mes anterior, mientras que su tasa interanual baj\u00f3 un 0,9 por ciento, seg\u00fan datos difundidos este martes por el Instituto Nacional de Estad\u00edstica (INE), recogidos por Europa Press.<\/p>\n<p>En el conjunto nacional, el IPC subi\u00f3 un 0,5 por ciento en mayo respecto al mes anterior y elev\u00f3 una d\u00e9cima su tasa interanual, hasta el -1%, debido el encarecimiento de la electricidad y las gasolinas y a que los precios de los viajes organizados bajaron menos que en mayo de 2015, seg\u00fan indic\u00f3 el INE que confirma as\u00ed el dato interanual avanzado a finales del mes pasado.<\/p>\n<p>En concreto, los precios de Vestido y calzado se han disparado en las Asturias un 3,7%, por encima del aumento de la media del conjunto del pa\u00eds (2,6%).<\/p>\n<p>Tambi\u00e9n ha subido en la tasa mensual los precios del Transporte, con un 1,6% respecto a abril. Menaje (un 0,5%) tambi\u00e9n han registrado un incremento en Asturias, seguido de Hoteles caf\u00e9s y restaurantes (un 0,4%), Alimentos y bebidas no alcoh\u00f3licas (0,3%), Vivienda (0,3%) y Otros (0,2%).<\/p>\n<p>Los precios de Medicina y Comunicaciones han permanecido invariables en el Principado respecto al mes anterior. Los \u00fanicos precios que bajaron en relaci\u00f3n a abril fueron los de Ocio y cultura, con un descenso del 0,5%.<\/p>\n<p>DATOS NACIONALES<\/p>\n<p>En el conjunto del p\u00e1is, el IPC interanual subi\u00f3 ligeramente en mayo despu\u00e9s de haber registrado en abril su tasa m\u00e1s negativa desde febrero de 2015 (-1,1%).<\/p>\n<p>Con el dato de mayo, el IPC interanual encadena cinco meses de tasas negativas despu\u00e9s de arrancar el a\u00f1o en el -0,3% y registrar en febrero y marzo una tasa del -0,8%.<\/p>\n<p>En t\u00e9rminos mensuales, el IPC repunt\u00f3 un 0,5% en mayo respecto al mes anterior, una d\u00e9cima menos de lo avanzado inicialmente por Estad\u00edstica a finales del mes pasado.<\/p>\n<p>La inflaci\u00f3n subyacente, que no incluye los precios de los productos energ\u00e9ticos ni de los alimentos no elaborados, se mantuvo en el 0,7% en mayo, al tiempo que el \u00cdndice de Precios de Consumo Armonizado (IPCA) situ\u00f3 su tasa anual en el -1,1%, una d\u00e9cima m\u00e1s que en abril.<\/p>\n<p>La diferencia entre la inflaci\u00f3n subyacente y el IPC general se sit\u00faa casi en dos puntos, seg\u00fan el INE.<\/p>\n<p>Estad\u00edstica ha atribuido el repunte de la tasa interanual del IPC de mayo al comportamiento de la vivienda, que elev\u00f3 su tasa seis d\u00e9cimas respecto a abril, hasta el -6,5%, por el incremento de los precios de la electricidad.<\/p>\n<p>Tambi\u00e9n han influido en el comportamiento del IPC interanual el ocio y la cultura, que aument\u00f3 su tasa siete d\u00e9cimas, hasta el -1,9%, debido a que los precios de los viajes organizados bajaron menos de lo que lo hicieron un a\u00f1o antes; y el transporte, que elev\u00f3 su tasa dos d\u00e9cimas, hasta el -4,9%, por el encarecimiento de los carburantes y lubricantes.<\/p>\n<p>Frente a estos aumentos, Estad\u00edstica destaca el recorte de la tasa interanual de comunicaciones en m\u00e1s de 1,5 puntos, hasta el 1,8%, por la estabilidad de los precios telef\u00f3nicos frente a la subida de mayo de 2015, y el descenso de la tasa interanual de los alimentos en tres d\u00e9cimas, hasta el 1,7%, por las frutas frescas, el pescado fresco y las legumbres y hortalizas.<\/p>\n<p>SUBIDA MENSUAL DEL 0,5%.<\/p>\n<p>En t\u00e9rminos mensuales, el IPC repunt\u00f3 un 0,5% en mayo respecto al mes anterior. La subida mensual de los precios se ha debido al grupo del vestido y el calzado (+2,6%) por la temporada primavera-verano; al transporte (+1,5%) por la subida de los precios de las gasolinas; a los alimentos (+0,3%) por el incremento de los precios de las frutas frescas; a la vivienda (+0,2%) por el encarecimiento de la electricidad y el gas\u00f3leo para calefacci\u00f3n, y a los hoteles, por el aumento de las tarifas hoteleras.<\/p>\n<p>Por el contrario, el grupo de ocio y cultura recort\u00f3 sus precios en mayo un 0,2% por el abaratamiento de los viajes organizados.<\/p>\n<p>ACEITE, PATATAS Y FRUTAS CUESTAN M\u00c1S QUE HACE UN A\u00d1O.<\/p>\n<p>Por r\u00fabricas, las que m\u00e1s elevaron sus precios en tasa mensual fueron las frutas frescas (+7,8%), el calzado femenino (+4%) y la ropa de mujer (+3,3%). Por el contrario, los mayores descensos mensuales se registraron en las legumbres y hortalizas frescas (-3,6%), el pescado fresco y congelado (-1,6%) y la carne de ovino (-0,8%).<\/p>\n<p>En tasa interanual, las r\u00fabricas que experimentaron los mayores descensos de precios fueron calefacci\u00f3n, alumbrado y distribuci\u00f3n de agua (-13%), transporte personal (-4,4%) y la leche (-3,8%). En el lado opuesto, los mayores ascensos interanuales los experimentaron los aceites y grasas (+15,1%), las patatas y sus preparados (+12,7%) y las frutas frescas (+6,8%).<\/p>\n<p>TODAS LAS COMUNIDADES EN TASAS INTERANUALES NEGATIVAS.<\/p>\n<p>El IPC mensual subi\u00f3 en mayo en todas las comunidades aut\u00f3nomas. Los mayores repuntes se dieron en Navarra (+0,8%) y en La Rioja, Asturias y Cantabria (+0,7%).<\/p>\n<p>Por su parte, en Andaluc\u00eda, Arag\u00f3n, Baleares, Castilla y Le\u00f3n, Castilla-La Mancha, Catalu\u00f1a, Comunidad Valenciana, Galicia y Murcia los precios aumentaron un 0,6% respecto a abril.<\/p>\n<p>Madrid, Canarias, Extremadura y Pa\u00eds Vasco fueron las comunidades donde menos subieron los precios en mayo, con un avance mensual del 0,4%.<\/p>\n<p>En t\u00e9rminos anuales, todas las comunidades presentaron en mayo tasas negativas de precios. Castilla-La Mancha es la regi\u00f3n con la mayor tasa interanual negativa (-1,4%), seguida de Castilla y Le\u00f3n y Cantabria (-1,3%). La menor tasa negativa corresponde a Catalu\u00f1a y Pa\u00eds Vasco, con un -0,7%.<\/p>\n<p>&nbsp;<\/p>\n","protected":false},"excerpt":{"rendered":"<p>\u00cdndice de Precios de Consumo (IPC) del Principado de Asturias ha aumentado un 0,7 por ciento el pasado mes de mayo respecto al mes anterior, mientras que su tasa interanual baj\u00f3 un 0,9 por ciento, seg\u00fan datos difundidos este martes por el Instituto Nacional de Estad\u00edstica (INE), recogidos por Europa Press. En el conjunto nacional,<\/p>\n","protected":false},"author":1,"featured_media":11785,"comment_status":"closed","ping_status":"closed","sticky":false,"template":"","format":"standard","meta":{"footnotes":""},"categories":[343],"tags":[],"class_list":{"0":"post-30230","1":"post","2":"type-post","3":"status-publish","4":"format-standard","5":"has-post-thumbnail","7":"category-actualidad"},"aioseo_notices":[],"aioseo_head":"\n\t\t<!-- All in One SEO Pro 4.9.6.2 - aioseo.com -->\n\t<meta name=\"description\" content=\"\u00cdndice de Precios de Consumo (IPC) del Principado de Asturias ha aumentado un 0,7 por ciento el pasado mes de mayo respecto al mes anterior, mientras que su tasa interanual baj\u00f3 un 0,9 por ciento, seg\u00fan datos difundidos este martes por el Instituto Nacional de Estad\u00edstica (INE), recogidos por Europa Press. En el conjunto nacional,\" \/>\n\t<meta name=\"robots\" content=\"max-image-preview:large\" \/>\n\t<meta name=\"author\" content=\"Cand\u00e1s 365\"\/>\n\t<meta name=\"google-site-verification\" content=\"UA-32230408-1\" \/>\n\t<meta name=\"msvalidate.01\" content=\"354F3CDFB2DA171B47FBE9ABF1F88D5\" \/>\n\t<meta name=\"keywords\" content=\"actualidad\" \/>\n\t<link rel=\"canonical\" href=\"https:\/\/candas365.es\/noticias\/los-precios-suben-un-07-en-mayo-de-2016\/\" \/>\n\t<meta name=\"generator\" content=\"All in One SEO Pro (AIOSEO) 4.9.6.2\" \/>\n\t\t<meta property=\"og:locale\" content=\"es_ES\" \/>\n\t\t<meta property=\"og:site_name\" content=\"Cand\u00e1s 365\" \/>\n\t\t<meta property=\"og:type\" content=\"article\" \/>\n\t\t<meta property=\"og:title\" content=\"Los precios suben un 0,7% en mayo de 2016 | Cand\u00e1s 365\" \/>\n\t\t<meta property=\"og:description\" content=\"\u00cdndice de Precios de Consumo (IPC) del Principado de Asturias ha aumentado un 0,7 por ciento el pasado mes de mayo respecto al mes anterior, mientras que su tasa interanual baj\u00f3 un 0,9 por ciento, seg\u00fan datos difundidos este martes por el Instituto Nacional de Estad\u00edstica (INE), recogidos por Europa Press. En el conjunto nacional,\" \/>\n\t\t<meta property=\"og:url\" content=\"https:\/\/candas365.es\/noticias\/los-precios-suben-un-07-en-mayo-de-2016\/\" \/>\n\t\t<meta property=\"og:image\" content=\"https:\/\/candas365.es\/noticias\/wp-content\/uploads\/2015\/06\/comercio.jpg\" \/>\n\t\t<meta property=\"og:image:secure_url\" content=\"https:\/\/candas365.es\/noticias\/wp-content\/uploads\/2015\/06\/comercio.jpg\" \/>\n\t\t<meta property=\"og:image:width\" content=\"655\" \/>\n\t\t<meta property=\"og:image:height\" content=\"360\" \/>\n\t\t<meta property=\"article:published_time\" content=\"2016-06-14T15:14:08+00:00\" \/>\n\t\t<meta property=\"article:modified_time\" content=\"2016-06-14T15:14:08+00:00\" \/>\n\t\t<meta property=\"article:publisher\" content=\"https:\/\/www.facebook.com\/Nachofdezber\" \/>\n\t\t<meta property=\"article:author\" content=\"https:\/\/www.facebook.com\/carrenoactualidad\" \/>\n\t\t<meta name=\"twitter:card\" content=\"summary_large_image\" \/>\n\t\t<meta name=\"twitter:site\" content=\"@NabercoDigital\" \/>\n\t\t<meta name=\"twitter:title\" content=\"Los precios suben un 0,7% en mayo de 2016 | Cand\u00e1s 365\" \/>\n\t\t<meta name=\"twitter:description\" content=\"\u00cdndice de Precios de Consumo (IPC) del Principado de Asturias ha aumentado un 0,7 por ciento el pasado mes de mayo respecto al mes anterior, mientras que su tasa interanual baj\u00f3 un 0,9 por ciento, seg\u00fan datos difundidos este martes por el Instituto Nacional de Estad\u00edstica (INE), recogidos por Europa Press. En el conjunto nacional,\" \/>\n\t\t<meta name=\"twitter:creator\" content=\"@nbasturias\" \/>\n\t\t<meta name=\"twitter:image\" content=\"https:\/\/candas365.es\/noticias\/wp-content\/uploads\/2015\/06\/comercio.jpg\" \/>\n\t\t<meta name=\"twitter:label1\" content=\"Escrito por\" \/>\n\t\t<meta name=\"twitter:data1\" content=\"Cand\u00e1s 365\" \/>\n\t\t<meta name=\"twitter:label2\" content=\"Tiempo de lectura estimado\" \/>\n\t\t<meta name=\"twitter:data2\" content=\"5 minutos\" \/>\n\t\t<script type=\"application\/ld+json\" class=\"aioseo-schema\">\n\t\t\t{\"@context\":\"https:\\\/\\\/schema.org\",\"@graph\":[{\"@type\":\"BreadcrumbList\",\"@id\":\"https:\\\/\\\/candas365.es\\\/noticias\\\/los-precios-suben-un-07-en-mayo-de-2016\\\/#breadcrumblist\",\"itemListElement\":[{\"@type\":\"ListItem\",\"@id\":\"https:\\\/\\\/candas365.es\\\/noticias#listItem\",\"position\":1,\"name\":\"Home\",\"item\":\"https:\\\/\\\/candas365.es\\\/noticias\",\"nextItem\":{\"@type\":\"ListItem\",\"@id\":\"https:\\\/\\\/candas365.es\\\/noticias\\\/category\\\/actualidad\\\/#listItem\",\"name\":\"Actualidad\"}},{\"@type\":\"ListItem\",\"@id\":\"https:\\\/\\\/candas365.es\\\/noticias\\\/category\\\/actualidad\\\/#listItem\",\"position\":2,\"name\":\"Actualidad\",\"item\":\"https:\\\/\\\/candas365.es\\\/noticias\\\/category\\\/actualidad\\\/\",\"nextItem\":{\"@type\":\"ListItem\",\"@id\":\"https:\\\/\\\/candas365.es\\\/noticias\\\/los-precios-suben-un-07-en-mayo-de-2016\\\/#listItem\",\"name\":\"Los precios suben un 0,7% en mayo de 2016\"},\"previousItem\":{\"@type\":\"ListItem\",\"@id\":\"https:\\\/\\\/candas365.es\\\/noticias#listItem\",\"name\":\"Home\"}},{\"@type\":\"ListItem\",\"@id\":\"https:\\\/\\\/candas365.es\\\/noticias\\\/los-precios-suben-un-07-en-mayo-de-2016\\\/#listItem\",\"position\":3,\"name\":\"Los precios suben un 0,7% en mayo de 2016\",\"previousItem\":{\"@type\":\"ListItem\",\"@id\":\"https:\\\/\\\/candas365.es\\\/noticias\\\/category\\\/actualidad\\\/#listItem\",\"name\":\"Actualidad\"}}]},{\"@type\":\"NewsArticle\",\"@id\":\"https:\\\/\\\/candas365.es\\\/noticias\\\/los-precios-suben-un-07-en-mayo-de-2016\\\/#newsarticle\",\"name\":\"Los precios suben un 0,7% en mayo de 2016 | Cand\\u00e1s 365\",\"headline\":\"Los precios suben un 0,7% en mayo de 2016\",\"author\":{\"@id\":\"https:\\\/\\\/candas365.es\\\/noticias\\\/author\\\/admin\\\/#author\"},\"publisher\":{\"@id\":\"https:\\\/\\\/candas365.es\\\/noticias\\\/#organization\"},\"image\":{\"@type\":\"ImageObject\",\"url\":\"https:\\\/\\\/candas365.es\\\/noticias\\\/wp-content\\\/uploads\\\/2015\\\/06\\\/comercio.jpg\",\"width\":655,\"height\":360},\"datePublished\":\"2016-06-14T16:44:08+02:00\",\"dateModified\":\"2016-06-14T16:44:08+02:00\",\"inLanguage\":\"es-ES\",\"mainEntityOfPage\":{\"@id\":\"https:\\\/\\\/candas365.es\\\/noticias\\\/los-precios-suben-un-07-en-mayo-de-2016\\\/#webpage\"},\"isPartOf\":{\"@id\":\"https:\\\/\\\/candas365.es\\\/noticias\\\/los-precios-suben-un-07-en-mayo-de-2016\\\/#webpage\"},\"articleSection\":\"Actualidad\",\"dateline\":\"Publicado el junio 14, 2016.\"},{\"@type\":\"Organization\",\"@id\":\"https:\\\/\\\/candas365.es\\\/noticias\\\/#organization\",\"name\":\"Cand\\u00e1s 365\",\"description\":\"Cand\\u00e1s 365 es un diario digital independiente, fundado en 2012, con base en Asturias. Informamos con rigor sobre actualidad, sociedad, cultura y ocio, con una mirada local y global.\",\"url\":\"https:\\\/\\\/candas365.es\\\/noticias\\\/\",\"email\":\"info@candas365.es\",\"telephone\":\"+34652131393\",\"foundingDate\":\"2012-06-10\",\"logo\":{\"@type\":\"ImageObject\",\"url\":\"https:\\\/\\\/candas365.es\\\/noticias\\\/wp-content\\\/uploads\\\/2024\\\/09\\\/Candas-365-Redes.jpg\",\"@id\":\"https:\\\/\\\/candas365.es\\\/noticias\\\/los-precios-suben-un-07-en-mayo-de-2016\\\/#organizationLogo\",\"width\":1152,\"height\":864,\"caption\":\"Cand\\u00e1s 365 Redes\"},\"image\":{\"@id\":\"https:\\\/\\\/candas365.es\\\/noticias\\\/los-precios-suben-un-07-en-mayo-de-2016\\\/#organizationLogo\"},\"sameAs\":[\"https:\\\/\\\/www.facebook.com\\\/Nachofdezber\",\"https:\\\/\\\/x.com\\\/NabercoDigital\",\"https:\\\/\\\/www.instagram.com\\\/nachofdezber\\\/\",\"https:\\\/\\\/www.youtube.com\\\/channel\\\/UCZP-2wLEB9Rv6erhFmqVnvg\"],\"address\":{\"@id\":\"https:\\\/\\\/candas365.es\\\/noticias\\\/#postaladdress\",\"@type\":\"PostalAddress\",\"streetAddress\":\"san antonio 4, san antonio 4\",\"postalCode\":\"33430\",\"addressLocality\":\"Cand\\u00e1s\",\"addressRegion\":\"Asturias\",\"addressCountry\":\"ES\"}},{\"@type\":\"Person\",\"@id\":\"https:\\\/\\\/candas365.es\\\/noticias\\\/author\\\/admin\\\/#author\",\"url\":\"https:\\\/\\\/candas365.es\\\/noticias\\\/author\\\/admin\\\/\",\"name\":\"Cand\\u00e1s 365\",\"image\":{\"@type\":\"ImageObject\",\"@id\":\"https:\\\/\\\/candas365.es\\\/noticias\\\/los-precios-suben-un-07-en-mayo-de-2016\\\/#authorImage\",\"url\":\"https:\\\/\\\/secure.gravatar.com\\\/avatar\\\/496a8e03d0c493ede1718b7934145dbdf8d89be1036b0eec9544e1094c9de390?s=96&d=mm&r=g\",\"width\":96,\"height\":96,\"caption\":\"Cand\\u00e1s 365\"},\"sameAs\":[\"https:\\\/\\\/www.facebook.com\\\/carrenoactualidad\",\"https:\\\/\\\/twitter.com\\\/nbasturias\",\"https:\\\/\\\/www.instagram.com\\\/nachofdezber\\\/\",\"https:\\\/\\\/www.youtube.com\\\/channel\\\/UCZP-2wLEB9Rv6erhFmqVnvg\"]},{\"@type\":\"WebPage\",\"@id\":\"https:\\\/\\\/candas365.es\\\/noticias\\\/los-precios-suben-un-07-en-mayo-de-2016\\\/#webpage\",\"url\":\"https:\\\/\\\/candas365.es\\\/noticias\\\/los-precios-suben-un-07-en-mayo-de-2016\\\/\",\"name\":\"Los precios suben un 0,7% en mayo de 2016 | Cand\\u00e1s 365\",\"description\":\"\\u00cdndice de Precios de Consumo (IPC) del Principado de Asturias ha aumentado un 0,7 por ciento el pasado mes de mayo respecto al mes anterior, mientras que su tasa interanual baj\\u00f3 un 0,9 por ciento, seg\\u00fan datos difundidos este martes por el Instituto Nacional de Estad\\u00edstica (INE), recogidos por Europa Press. En el conjunto nacional,\",\"inLanguage\":\"es-ES\",\"isPartOf\":{\"@id\":\"https:\\\/\\\/candas365.es\\\/noticias\\\/#website\"},\"breadcrumb\":{\"@id\":\"https:\\\/\\\/candas365.es\\\/noticias\\\/los-precios-suben-un-07-en-mayo-de-2016\\\/#breadcrumblist\"},\"author\":{\"@id\":\"https:\\\/\\\/candas365.es\\\/noticias\\\/author\\\/admin\\\/#author\"},\"creator\":{\"@id\":\"https:\\\/\\\/candas365.es\\\/noticias\\\/author\\\/admin\\\/#author\"},\"image\":{\"@type\":\"ImageObject\",\"url\":\"https:\\\/\\\/candas365.es\\\/noticias\\\/wp-content\\\/uploads\\\/2015\\\/06\\\/comercio.jpg\",\"@id\":\"https:\\\/\\\/candas365.es\\\/noticias\\\/los-precios-suben-un-07-en-mayo-de-2016\\\/#mainImage\",\"width\":655,\"height\":360},\"primaryImageOfPage\":{\"@id\":\"https:\\\/\\\/candas365.es\\\/noticias\\\/los-precios-suben-un-07-en-mayo-de-2016\\\/#mainImage\"},\"datePublished\":\"2016-06-14T16:44:08+02:00\",\"dateModified\":\"2016-06-14T16:44:08+02:00\"},{\"@type\":\"WebSite\",\"@id\":\"https:\\\/\\\/candas365.es\\\/noticias\\\/#website\",\"url\":\"https:\\\/\\\/candas365.es\\\/noticias\\\/\",\"name\":\"Cand\\u00e1s 365\",\"alternateName\":\"Cand\\u00e1s 365 Noticias\",\"description\":\"Actualidad desde Carre\\u00f1o para el mundo\",\"inLanguage\":\"es-ES\",\"publisher\":{\"@id\":\"https:\\\/\\\/candas365.es\\\/noticias\\\/#organization\"}}]}\n\t\t<\/script>\n\t\t<!-- All in One SEO Pro -->\r\n\t\t<title>Los precios suben un 0,7% en mayo de 2016 | Cand\u00e1s 365<\/title>\n\n","aioseo_head_json":{"title":"Los precios suben un 0,7% en mayo de 2016 | Cand\u00e1s 365","description":"\u00cdndice de Precios de Consumo (IPC) del Principado de Asturias ha aumentado un 0,7 por ciento el pasado mes de mayo respecto al mes anterior, mientras que su tasa interanual baj\u00f3 un 0,9 por ciento, seg\u00fan datos difundidos este martes por el Instituto Nacional de Estad\u00edstica (INE), recogidos por Europa Press. En el conjunto nacional,","canonical_url":"https:\/\/candas365.es\/noticias\/los-precios-suben-un-07-en-mayo-de-2016\/","robots":"max-image-preview:large","keywords":"actualidad","webmasterTools":{"google-site-verification":"UA-32230408-1","msvalidate.01":"354F3CDFB2DA171B47FBE9ABF1F88D5","miscellaneous":""},"schema":{"@context":"https:\/\/schema.org","@graph":[{"@type":"BreadcrumbList","@id":"https:\/\/candas365.es\/noticias\/los-precios-suben-un-07-en-mayo-de-2016\/#breadcrumblist","itemListElement":[{"@type":"ListItem","@id":"https:\/\/candas365.es\/noticias#listItem","position":1,"name":"Home","item":"https:\/\/candas365.es\/noticias","nextItem":{"@type":"ListItem","@id":"https:\/\/candas365.es\/noticias\/category\/actualidad\/#listItem","name":"Actualidad"}},{"@type":"ListItem","@id":"https:\/\/candas365.es\/noticias\/category\/actualidad\/#listItem","position":2,"name":"Actualidad","item":"https:\/\/candas365.es\/noticias\/category\/actualidad\/","nextItem":{"@type":"ListItem","@id":"https:\/\/candas365.es\/noticias\/los-precios-suben-un-07-en-mayo-de-2016\/#listItem","name":"Los precios suben un 0,7% en mayo de 2016"},"previousItem":{"@type":"ListItem","@id":"https:\/\/candas365.es\/noticias#listItem","name":"Home"}},{"@type":"ListItem","@id":"https:\/\/candas365.es\/noticias\/los-precios-suben-un-07-en-mayo-de-2016\/#listItem","position":3,"name":"Los precios suben un 0,7% en mayo de 2016","previousItem":{"@type":"ListItem","@id":"https:\/\/candas365.es\/noticias\/category\/actualidad\/#listItem","name":"Actualidad"}}]},{"@type":"NewsArticle","@id":"https:\/\/candas365.es\/noticias\/los-precios-suben-un-07-en-mayo-de-2016\/#newsarticle","name":"Los precios suben un 0,7% en mayo de 2016 | Cand\u00e1s 365","headline":"Los precios suben un 0,7% en mayo de 2016","author":{"@id":"https:\/\/candas365.es\/noticias\/author\/admin\/#author"},"publisher":{"@id":"https:\/\/candas365.es\/noticias\/#organization"},"image":{"@type":"ImageObject","url":"https:\/\/candas365.es\/noticias\/wp-content\/uploads\/2015\/06\/comercio.jpg","width":655,"height":360},"datePublished":"2016-06-14T16:44:08+02:00","dateModified":"2016-06-14T16:44:08+02:00","inLanguage":"es-ES","mainEntityOfPage":{"@id":"https:\/\/candas365.es\/noticias\/los-precios-suben-un-07-en-mayo-de-2016\/#webpage"},"isPartOf":{"@id":"https:\/\/candas365.es\/noticias\/los-precios-suben-un-07-en-mayo-de-2016\/#webpage"},"articleSection":"Actualidad","dateline":"Publicado el junio 14, 2016."},{"@type":"Organization","@id":"https:\/\/candas365.es\/noticias\/#organization","name":"Cand\u00e1s 365","description":"Cand\u00e1s 365 es un diario digital independiente, fundado en 2012, con base en Asturias. Informamos con rigor sobre actualidad, sociedad, cultura y ocio, con una mirada local y global.","url":"https:\/\/candas365.es\/noticias\/","email":"info@candas365.es","telephone":"+34652131393","foundingDate":"2012-06-10","logo":{"@type":"ImageObject","url":"https:\/\/candas365.es\/noticias\/wp-content\/uploads\/2024\/09\/Candas-365-Redes.jpg","@id":"https:\/\/candas365.es\/noticias\/los-precios-suben-un-07-en-mayo-de-2016\/#organizationLogo","width":1152,"height":864,"caption":"Cand\u00e1s 365 Redes"},"image":{"@id":"https:\/\/candas365.es\/noticias\/los-precios-suben-un-07-en-mayo-de-2016\/#organizationLogo"},"sameAs":["https:\/\/www.facebook.com\/Nachofdezber","https:\/\/x.com\/NabercoDigital","https:\/\/www.instagram.com\/nachofdezber\/","https:\/\/www.youtube.com\/channel\/UCZP-2wLEB9Rv6erhFmqVnvg"],"address":{"@id":"https:\/\/candas365.es\/noticias\/#postaladdress","@type":"PostalAddress","streetAddress":"san antonio 4, san antonio 4","postalCode":"33430","addressLocality":"Cand\u00e1s","addressRegion":"Asturias","addressCountry":"ES"}},{"@type":"Person","@id":"https:\/\/candas365.es\/noticias\/author\/admin\/#author","url":"https:\/\/candas365.es\/noticias\/author\/admin\/","name":"Cand\u00e1s 365","image":{"@type":"ImageObject","@id":"https:\/\/candas365.es\/noticias\/los-precios-suben-un-07-en-mayo-de-2016\/#authorImage","url":"https:\/\/secure.gravatar.com\/avatar\/496a8e03d0c493ede1718b7934145dbdf8d89be1036b0eec9544e1094c9de390?s=96&d=mm&r=g","width":96,"height":96,"caption":"Cand\u00e1s 365"},"sameAs":["https:\/\/www.facebook.com\/carrenoactualidad","https:\/\/twitter.com\/nbasturias","https:\/\/www.instagram.com\/nachofdezber\/","https:\/\/www.youtube.com\/channel\/UCZP-2wLEB9Rv6erhFmqVnvg"]},{"@type":"WebPage","@id":"https:\/\/candas365.es\/noticias\/los-precios-suben-un-07-en-mayo-de-2016\/#webpage","url":"https:\/\/candas365.es\/noticias\/los-precios-suben-un-07-en-mayo-de-2016\/","name":"Los precios suben un 0,7% en mayo de 2016 | Cand\u00e1s 365","description":"\u00cdndice de Precios de Consumo (IPC) del Principado de Asturias ha aumentado un 0,7 por ciento el pasado mes de mayo respecto al mes anterior, mientras que su tasa interanual baj\u00f3 un 0,9 por ciento, seg\u00fan datos difundidos este martes por el Instituto Nacional de Estad\u00edstica (INE), recogidos por Europa Press. En el conjunto nacional,","inLanguage":"es-ES","isPartOf":{"@id":"https:\/\/candas365.es\/noticias\/#website"},"breadcrumb":{"@id":"https:\/\/candas365.es\/noticias\/los-precios-suben-un-07-en-mayo-de-2016\/#breadcrumblist"},"author":{"@id":"https:\/\/candas365.es\/noticias\/author\/admin\/#author"},"creator":{"@id":"https:\/\/candas365.es\/noticias\/author\/admin\/#author"},"image":{"@type":"ImageObject","url":"https:\/\/candas365.es\/noticias\/wp-content\/uploads\/2015\/06\/comercio.jpg","@id":"https:\/\/candas365.es\/noticias\/los-precios-suben-un-07-en-mayo-de-2016\/#mainImage","width":655,"height":360},"primaryImageOfPage":{"@id":"https:\/\/candas365.es\/noticias\/los-precios-suben-un-07-en-mayo-de-2016\/#mainImage"},"datePublished":"2016-06-14T16:44:08+02:00","dateModified":"2016-06-14T16:44:08+02:00"},{"@type":"WebSite","@id":"https:\/\/candas365.es\/noticias\/#website","url":"https:\/\/candas365.es\/noticias\/","name":"Cand\u00e1s 365","alternateName":"Cand\u00e1s 365 Noticias","description":"Actualidad desde Carre\u00f1o para el mundo","inLanguage":"es-ES","publisher":{"@id":"https:\/\/candas365.es\/noticias\/#organization"}}]},"og:locale":"es_ES","og:site_name":"Cand\u00e1s 365","og:type":"article","og:title":"Los precios suben un 0,7% en mayo de 2016 | Cand\u00e1s 365","og:description":"\u00cdndice de Precios de Consumo (IPC) del Principado de Asturias ha aumentado un 0,7 por ciento el pasado mes de mayo respecto al mes anterior, mientras que su tasa interanual baj\u00f3 un 0,9 por ciento, seg\u00fan datos difundidos este martes por el Instituto Nacional de Estad\u00edstica (INE), recogidos por Europa Press. En el conjunto nacional,","og:url":"https:\/\/candas365.es\/noticias\/los-precios-suben-un-07-en-mayo-de-2016\/","og:image":"https:\/\/candas365.es\/noticias\/wp-content\/uploads\/2015\/06\/comercio.jpg","og:image:secure_url":"https:\/\/candas365.es\/noticias\/wp-content\/uploads\/2015\/06\/comercio.jpg","og:image:width":655,"og:image:height":360,"article:published_time":"2016-06-14T15:14:08+00:00","article:modified_time":"2016-06-14T15:14:08+00:00","article:publisher":"https:\/\/www.facebook.com\/Nachofdezber","article:author":"https:\/\/www.facebook.com\/carrenoactualidad","twitter:card":"summary_large_image","twitter:site":"@NabercoDigital","twitter:title":"Los precios suben un 0,7% en mayo de 2016 | Cand\u00e1s 365","twitter:description":"\u00cdndice de Precios de Consumo (IPC) del Principado de Asturias ha aumentado un 0,7 por ciento el pasado mes de mayo respecto al mes anterior, mientras que su tasa interanual baj\u00f3 un 0,9 por ciento, seg\u00fan datos difundidos este martes por el Instituto Nacional de Estad\u00edstica (INE), recogidos por Europa Press. En el conjunto nacional,","twitter:creator":"@nbasturias","twitter:image":"https:\/\/candas365.es\/noticias\/wp-content\/uploads\/2015\/06\/comercio.jpg","twitter:label1":"Escrito por","twitter:data1":"Cand\u00e1s 365","twitter:label2":"Tiempo de lectura estimado","twitter:data2":"5 minutos"},"aioseo_meta_data":{"post_id":"30230","title":null,"description":null,"keywords":null,"keyphrases":null,"primary_term":null,"canonical_url":null,"og_title":null,"og_description":null,"og_object_type":"default","og_image_type":"default","og_image_url":null,"og_image_width":null,"og_image_height":null,"og_image_custom_url":null,"og_image_custom_fields":null,"og_video":null,"og_custom_url":null,"og_article_section":null,"og_article_tags":null,"twitter_use_og":false,"twitter_card":"default","twitter_image_type":"default","twitter_image_url":null,"twitter_image_custom_url":null,"twitter_image_custom_fields":null,"twitter_title":null,"twitter_description":null,"schema":{"blockGraphs":[],"customGraphs":[],"default":{"data":{"Article":[],"Course":[],"Dataset":[],"FAQPage":[],"Movie":[],"Person":[],"Product":[],"ProductReview":[],"Car":[],"Recipe":[],"Service":[],"SoftwareApplication":[],"WebPage":[]},"graphName":"","isEnabled":true},"graphs":[],"defaultGraph":"","defaultPostTypeGraph":""},"schema_type":null,"schema_type_options":null,"pillar_content":false,"robots_default":true,"robots_noindex":false,"robots_noarchive":false,"robots_nosnippet":false,"robots_nofollow":false,"robots_noimageindex":false,"robots_noodp":false,"robots_notranslate":false,"robots_max_snippet":null,"robots_max_videopreview":null,"robots_max_imagepreview":"large","priority":null,"frequency":null,"location":null,"local_seo":null,"seo_analyzer_scan_date":"2025-08-24 12:14:26","breadcrumb_settings":null,"limit_modified_date":false,"reviewed_by":null,"open_ai":null,"ai":null,"created":"2020-12-21 12:57:03","updated":"2025-08-24 12:14:26"},"aioseo_breadcrumb":"<div class=\"aioseo-breadcrumbs\"><span class=\"aioseo-breadcrumb\">\n\t<a href=\"https:\/\/candas365.es\/noticias\" title=\"Home\">Home<\/a>\n<\/span><span class=\"aioseo-breadcrumb-separator\">&ndash;<\/span><span class=\"aioseo-breadcrumb\">\n\t<a href=\"https:\/\/candas365.es\/noticias\/category\/actualidad\/\" title=\"Actualidad\">Actualidad<\/a>\n<\/span><span class=\"aioseo-breadcrumb-separator\">&ndash;<\/span><span class=\"aioseo-breadcrumb\">\n\tLos precios suben un 0,7% en mayo de 2016\n<\/span><\/div>","aioseo_breadcrumb_json":[{"label":"Home","link":"https:\/\/candas365.es\/noticias"},{"label":"Actualidad","link":"https:\/\/candas365.es\/noticias\/category\/actualidad\/"},{"label":"Los precios suben un 0,7% en mayo de 2016","link":"https:\/\/candas365.es\/noticias\/los-precios-suben-un-07-en-mayo-de-2016\/"}],"_links":{"self":[{"href":"https:\/\/candas365.es\/noticias\/wp-json\/wp\/v2\/posts\/30230","targetHints":{"allow":["GET"]}}],"collection":[{"href":"https:\/\/candas365.es\/noticias\/wp-json\/wp\/v2\/posts"}],"about":[{"href":"https:\/\/candas365.es\/noticias\/wp-json\/wp\/v2\/types\/post"}],"author":[{"embeddable":true,"href":"https:\/\/candas365.es\/noticias\/wp-json\/wp\/v2\/users\/1"}],"replies":[{"embeddable":true,"href":"https:\/\/candas365.es\/noticias\/wp-json\/wp\/v2\/comments?post=30230"}],"version-history":[{"count":0,"href":"https:\/\/candas365.es\/noticias\/wp-json\/wp\/v2\/posts\/30230\/revisions"}],"wp:featuredmedia":[{"embeddable":true,"href":"https:\/\/candas365.es\/noticias\/wp-json\/wp\/v2\/media\/11785"}],"wp:attachment":[{"href":"https:\/\/candas365.es\/noticias\/wp-json\/wp\/v2\/media?parent=30230"}],"wp:term":[{"taxonomy":"category","embeddable":true,"href":"https:\/\/candas365.es\/noticias\/wp-json\/wp\/v2\/categories?post=30230"},{"taxonomy":"post_tag","embeddable":true,"href":"https:\/\/candas365.es\/noticias\/wp-json\/wp\/v2\/tags?post=30230"}],"curies":[{"name":"wp","href":"https:\/\/api.w.org\/{rel}","templated":true}]}}