{"id":30221,"date":"2016-06-14T16:14:22","date_gmt":"2016-06-14T14:44:22","guid":{"rendered":"http:\/\/candas365.es\/noticias\/?p=30221"},"modified":"2016-06-14T16:14:22","modified_gmt":"2016-06-14T14:44:22","slug":"merkel-cooperacion-con-china-asegura-puestos-de-trabajo-alemanes","status":"publish","type":"post","link":"https:\/\/candas365.es\/noticias\/merkel-cooperacion-con-china-asegura-puestos-de-trabajo-alemanes\/","title":{"rendered":"Merkel: Cooperaci\u00f3n con China asegura puestos de trabajo alemanes"},"content":{"rendered":"<p>Shenyang, 14 jun (dpa) &#8211; La canciller alemana, Angela Merkel, abog\u00f3 hoy en Pek\u00edn por profundizar las relaciones con China en su \u00faltimo d\u00eda de visita al gigante asi\u00e1tico.<\/p>\n<p>\u00abEn conjunto creo que el viaje (de tres d\u00edas) ha contribuido a ello. Por una parte a reforzar la cooperaci\u00f3n germano-china; por otra, a no esconder debajo de la mesa las diferencias\u00bb, agreg\u00f3 Merkel durante la visita a la empresa automotriz conjunta de BMW y la china Brilliance en la metr\u00f3polis de Shenyang, en el noreste de China.<\/p>\n<p>La mandataria tambi\u00e9n quiso dejar claro lo provechoso que puede ser que grandes y medianas empresas alemanas est\u00e9n activas en China. \u00abEso asegura puestos de trabajo para nosotros\u00bb. La competencia, sin embargo, ser\u00e1 m\u00e1s dura, \u00abporque en China las personas tambi\u00e9n quieren progresar y fabricar sus propios productos\u00bb.<\/p>\n<p>La visita de la canciller se produce en medio de las preocupaciones por una bajada en la demanda de las exportaciones germanas y la sombra que recae sobre la industria automotriz de la naci\u00f3n europea tras el esc\u00e1ndalo de las emisiones de Volkswagen.<\/p>\n<p>Pero China, como principal mercado de coches del mundo, sigue siendo clave para los fabricantes alemanes. Las empresas de coches de lujo registraron un importante crecimiento de las ventas en mayo gracias a la creciente demanda en Europa y China.<\/p>\n<p>Con la visita a la f\u00e1brica de hoy se cierra el viaje de tres d\u00edas de la canciller alemana a China, donde el lunes se acord\u00f3 ampliar las relaciones en una reuni\u00f3n con el primer ministro Li Keqiang.<\/p>\n<p>En las conversaciones con el Gobierno se trataron temas cr\u00edticos sobre el Estado de derecho y el trato a los inversores alemanes en China, as\u00ed como la disputa entre la UE y Pek\u00edn sobre la calificaci\u00f3n de China como econom\u00eda de mercado. Si se le reconoce este estatus, la segunda mayor econom\u00eda mundial no podr\u00eda ser acusada de ofrecer sus productos por debajo del precio de coste (dumping).<\/p>\n<p>Merkel pidi\u00f3 calma al respecto y asegur\u00f3 que iba a actuar de mediadora. Una postura importante sobre todo de cara la cumbre de los 20 principales pa\u00edses industrializados y emergentes, el G20, que China albergar\u00e1 en septiembre.<\/p>\n<p>&nbsp;<\/p>\n","protected":false},"excerpt":{"rendered":"<p>Shenyang, 14 jun (dpa) &#8211; La canciller alemana, Angela Merkel, abog\u00f3 hoy en Pek\u00edn por profundizar las relaciones con China en su \u00faltimo d\u00eda de visita al gigante asi\u00e1tico. \u00abEn conjunto creo que el viaje (de tres d\u00edas) ha contribuido a ello. Por una parte a reforzar la cooperaci\u00f3n germano-china; por otra, a no esconder<\/p>\n","protected":false},"author":1,"featured_media":14622,"comment_status":"closed","ping_status":"closed","sticky":false,"template":"","format":"standard","meta":{"footnotes":""},"categories":[343],"tags":[],"class_list":{"0":"post-30221","1":"post","2":"type-post","3":"status-publish","4":"format-standard","5":"has-post-thumbnail","7":"category-actualidad"},"aioseo_notices":[],"aioseo_head":"\n\t\t<!-- All in One SEO Pro 4.9.6.2 - aioseo.com -->\n\t<meta name=\"description\" content=\"Shenyang, 14 jun (dpa) - La canciller alemana, Angela Merkel, abog\u00f3 hoy en Pek\u00edn por profundizar las relaciones con China en su \u00faltimo d\u00eda de visita al gigante asi\u00e1tico. &quot;En conjunto creo que el viaje (de tres d\u00edas) ha contribuido a ello. Por una parte a reforzar la cooperaci\u00f3n germano-china; por otra, a no esconder\" \/>\n\t<meta name=\"robots\" content=\"max-image-preview:large\" \/>\n\t<meta name=\"author\" content=\"Cand\u00e1s 365\"\/>\n\t<meta name=\"google-site-verification\" content=\"UA-32230408-1\" \/>\n\t<meta name=\"msvalidate.01\" content=\"354F3CDFB2DA171B47FBE9ABF1F88D5\" \/>\n\t<meta name=\"keywords\" content=\"actualidad\" \/>\n\t<link rel=\"canonical\" href=\"https:\/\/candas365.es\/noticias\/merkel-cooperacion-con-china-asegura-puestos-de-trabajo-alemanes\/\" \/>\n\t<meta name=\"generator\" content=\"All in One SEO Pro (AIOSEO) 4.9.6.2\" \/>\n\t\t<meta property=\"og:locale\" content=\"es_ES\" \/>\n\t\t<meta property=\"og:site_name\" content=\"Cand\u00e1s 365\" \/>\n\t\t<meta property=\"og:type\" content=\"article\" \/>\n\t\t<meta property=\"og:title\" content=\"Merkel: Cooperaci\u00f3n con China asegura puestos de trabajo alemanes | Cand\u00e1s 365\" \/>\n\t\t<meta property=\"og:description\" content=\"Shenyang, 14 jun (dpa) - La canciller alemana, Angela Merkel, abog\u00f3 hoy en Pek\u00edn por profundizar las relaciones con China en su \u00faltimo d\u00eda de visita al gigante asi\u00e1tico. &quot;En conjunto creo que el viaje (de tres d\u00edas) ha contribuido a ello. Por una parte a reforzar la cooperaci\u00f3n germano-china; por otra, a no esconder\" \/>\n\t\t<meta property=\"og:url\" content=\"https:\/\/candas365.es\/noticias\/merkel-cooperacion-con-china-asegura-puestos-de-trabajo-alemanes\/\" \/>\n\t\t<meta property=\"og:image\" content=\"https:\/\/candas365.es\/noticias\/wp-content\/uploads\/2015\/08\/merkel.jpg\" \/>\n\t\t<meta property=\"og:image:secure_url\" content=\"https:\/\/candas365.es\/noticias\/wp-content\/uploads\/2015\/08\/merkel.jpg\" \/>\n\t\t<meta property=\"og:image:width\" content=\"655\" \/>\n\t\t<meta property=\"og:image:height\" content=\"360\" \/>\n\t\t<meta property=\"article:published_time\" content=\"2016-06-14T14:44:22+00:00\" \/>\n\t\t<meta property=\"article:modified_time\" content=\"2016-06-14T14:44:22+00:00\" \/>\n\t\t<meta property=\"article:publisher\" content=\"https:\/\/www.facebook.com\/Nachofdezber\" \/>\n\t\t<meta property=\"article:author\" content=\"https:\/\/www.facebook.com\/carrenoactualidad\" \/>\n\t\t<meta name=\"twitter:card\" content=\"summary_large_image\" \/>\n\t\t<meta name=\"twitter:site\" content=\"@NabercoDigital\" \/>\n\t\t<meta name=\"twitter:title\" content=\"Merkel: Cooperaci\u00f3n con China asegura puestos de trabajo alemanes | Cand\u00e1s 365\" \/>\n\t\t<meta name=\"twitter:description\" content=\"Shenyang, 14 jun (dpa) - La canciller alemana, Angela Merkel, abog\u00f3 hoy en Pek\u00edn por profundizar las relaciones con China en su \u00faltimo d\u00eda de visita al gigante asi\u00e1tico. &quot;En conjunto creo que el viaje (de tres d\u00edas) ha contribuido a ello. Por una parte a reforzar la cooperaci\u00f3n germano-china; por otra, a no esconder\" \/>\n\t\t<meta name=\"twitter:creator\" content=\"@nbasturias\" \/>\n\t\t<meta name=\"twitter:image\" content=\"https:\/\/candas365.es\/noticias\/wp-content\/uploads\/2015\/08\/merkel.jpg\" \/>\n\t\t<meta name=\"twitter:label1\" content=\"Escrito por\" \/>\n\t\t<meta name=\"twitter:data1\" content=\"Cand\u00e1s 365\" \/>\n\t\t<meta name=\"twitter:label2\" content=\"Tiempo de lectura estimado\" \/>\n\t\t<meta name=\"twitter:data2\" content=\"2 minutos\" \/>\n\t\t<script type=\"application\/ld+json\" class=\"aioseo-schema\">\n\t\t\t{\"@context\":\"https:\\\/\\\/schema.org\",\"@graph\":[{\"@type\":\"BreadcrumbList\",\"@id\":\"https:\\\/\\\/candas365.es\\\/noticias\\\/merkel-cooperacion-con-china-asegura-puestos-de-trabajo-alemanes\\\/#breadcrumblist\",\"itemListElement\":[{\"@type\":\"ListItem\",\"@id\":\"https:\\\/\\\/candas365.es\\\/noticias#listItem\",\"position\":1,\"name\":\"Home\",\"item\":\"https:\\\/\\\/candas365.es\\\/noticias\",\"nextItem\":{\"@type\":\"ListItem\",\"@id\":\"https:\\\/\\\/candas365.es\\\/noticias\\\/category\\\/actualidad\\\/#listItem\",\"name\":\"Actualidad\"}},{\"@type\":\"ListItem\",\"@id\":\"https:\\\/\\\/candas365.es\\\/noticias\\\/category\\\/actualidad\\\/#listItem\",\"position\":2,\"name\":\"Actualidad\",\"item\":\"https:\\\/\\\/candas365.es\\\/noticias\\\/category\\\/actualidad\\\/\",\"nextItem\":{\"@type\":\"ListItem\",\"@id\":\"https:\\\/\\\/candas365.es\\\/noticias\\\/merkel-cooperacion-con-china-asegura-puestos-de-trabajo-alemanes\\\/#listItem\",\"name\":\"Merkel: Cooperaci\\u00f3n con China asegura puestos de trabajo alemanes\"},\"previousItem\":{\"@type\":\"ListItem\",\"@id\":\"https:\\\/\\\/candas365.es\\\/noticias#listItem\",\"name\":\"Home\"}},{\"@type\":\"ListItem\",\"@id\":\"https:\\\/\\\/candas365.es\\\/noticias\\\/merkel-cooperacion-con-china-asegura-puestos-de-trabajo-alemanes\\\/#listItem\",\"position\":3,\"name\":\"Merkel: Cooperaci\\u00f3n con China asegura puestos de trabajo alemanes\",\"previousItem\":{\"@type\":\"ListItem\",\"@id\":\"https:\\\/\\\/candas365.es\\\/noticias\\\/category\\\/actualidad\\\/#listItem\",\"name\":\"Actualidad\"}}]},{\"@type\":\"NewsArticle\",\"@id\":\"https:\\\/\\\/candas365.es\\\/noticias\\\/merkel-cooperacion-con-china-asegura-puestos-de-trabajo-alemanes\\\/#newsarticle\",\"name\":\"Merkel: Cooperaci\\u00f3n con China asegura puestos de trabajo alemanes | Cand\\u00e1s 365\",\"headline\":\"Merkel: Cooperaci\\u00f3n con China asegura puestos de trabajo alemanes\",\"author\":{\"@id\":\"https:\\\/\\\/candas365.es\\\/noticias\\\/author\\\/admin\\\/#author\"},\"publisher\":{\"@id\":\"https:\\\/\\\/candas365.es\\\/noticias\\\/#organization\"},\"image\":{\"@type\":\"ImageObject\",\"url\":\"https:\\\/\\\/candas365.es\\\/noticias\\\/wp-content\\\/uploads\\\/2015\\\/08\\\/merkel.jpg\",\"width\":655,\"height\":360},\"datePublished\":\"2016-06-14T16:14:22+02:00\",\"dateModified\":\"2016-06-14T16:14:22+02:00\",\"inLanguage\":\"es-ES\",\"mainEntityOfPage\":{\"@id\":\"https:\\\/\\\/candas365.es\\\/noticias\\\/merkel-cooperacion-con-china-asegura-puestos-de-trabajo-alemanes\\\/#webpage\"},\"isPartOf\":{\"@id\":\"https:\\\/\\\/candas365.es\\\/noticias\\\/merkel-cooperacion-con-china-asegura-puestos-de-trabajo-alemanes\\\/#webpage\"},\"articleSection\":\"Actualidad\",\"dateline\":\"Publicado el junio 14, 2016.\"},{\"@type\":\"Organization\",\"@id\":\"https:\\\/\\\/candas365.es\\\/noticias\\\/#organization\",\"name\":\"Cand\\u00e1s 365\",\"description\":\"Cand\\u00e1s 365 es un diario digital independiente, fundado en 2012, con base en Asturias. Informamos con rigor sobre actualidad, sociedad, cultura y ocio, con una mirada local y global.\",\"url\":\"https:\\\/\\\/candas365.es\\\/noticias\\\/\",\"email\":\"info@candas365.es\",\"telephone\":\"+34652131393\",\"foundingDate\":\"2012-06-10\",\"logo\":{\"@type\":\"ImageObject\",\"url\":\"https:\\\/\\\/candas365.es\\\/noticias\\\/wp-content\\\/uploads\\\/2024\\\/09\\\/Candas-365-Redes.jpg\",\"@id\":\"https:\\\/\\\/candas365.es\\\/noticias\\\/merkel-cooperacion-con-china-asegura-puestos-de-trabajo-alemanes\\\/#organizationLogo\",\"width\":1152,\"height\":864,\"caption\":\"Cand\\u00e1s 365 Redes\"},\"image\":{\"@id\":\"https:\\\/\\\/candas365.es\\\/noticias\\\/merkel-cooperacion-con-china-asegura-puestos-de-trabajo-alemanes\\\/#organizationLogo\"},\"sameAs\":[\"https:\\\/\\\/www.facebook.com\\\/Nachofdezber\",\"https:\\\/\\\/x.com\\\/NabercoDigital\",\"https:\\\/\\\/www.instagram.com\\\/nachofdezber\\\/\",\"https:\\\/\\\/www.youtube.com\\\/channel\\\/UCZP-2wLEB9Rv6erhFmqVnvg\"],\"address\":{\"@id\":\"https:\\\/\\\/candas365.es\\\/noticias\\\/#postaladdress\",\"@type\":\"PostalAddress\",\"streetAddress\":\"san antonio 4, san antonio 4\",\"postalCode\":\"33430\",\"addressLocality\":\"Cand\\u00e1s\",\"addressRegion\":\"Asturias\",\"addressCountry\":\"ES\"}},{\"@type\":\"Person\",\"@id\":\"https:\\\/\\\/candas365.es\\\/noticias\\\/author\\\/admin\\\/#author\",\"url\":\"https:\\\/\\\/candas365.es\\\/noticias\\\/author\\\/admin\\\/\",\"name\":\"Cand\\u00e1s 365\",\"image\":{\"@type\":\"ImageObject\",\"@id\":\"https:\\\/\\\/candas365.es\\\/noticias\\\/merkel-cooperacion-con-china-asegura-puestos-de-trabajo-alemanes\\\/#authorImage\",\"url\":\"https:\\\/\\\/secure.gravatar.com\\\/avatar\\\/496a8e03d0c493ede1718b7934145dbdf8d89be1036b0eec9544e1094c9de390?s=96&d=mm&r=g\",\"width\":96,\"height\":96,\"caption\":\"Cand\\u00e1s 365\"},\"sameAs\":[\"https:\\\/\\\/www.facebook.com\\\/carrenoactualidad\",\"https:\\\/\\\/twitter.com\\\/nbasturias\",\"https:\\\/\\\/www.instagram.com\\\/nachofdezber\\\/\",\"https:\\\/\\\/www.youtube.com\\\/channel\\\/UCZP-2wLEB9Rv6erhFmqVnvg\"]},{\"@type\":\"WebPage\",\"@id\":\"https:\\\/\\\/candas365.es\\\/noticias\\\/merkel-cooperacion-con-china-asegura-puestos-de-trabajo-alemanes\\\/#webpage\",\"url\":\"https:\\\/\\\/candas365.es\\\/noticias\\\/merkel-cooperacion-con-china-asegura-puestos-de-trabajo-alemanes\\\/\",\"name\":\"Merkel: Cooperaci\\u00f3n con China asegura puestos de trabajo alemanes | Cand\\u00e1s 365\",\"description\":\"Shenyang, 14 jun (dpa) - La canciller alemana, Angela Merkel, abog\\u00f3 hoy en Pek\\u00edn por profundizar las relaciones con China en su \\u00faltimo d\\u00eda de visita al gigante asi\\u00e1tico. \\\"En conjunto creo que el viaje (de tres d\\u00edas) ha contribuido a ello. Por una parte a reforzar la cooperaci\\u00f3n germano-china; por otra, a no esconder\",\"inLanguage\":\"es-ES\",\"isPartOf\":{\"@id\":\"https:\\\/\\\/candas365.es\\\/noticias\\\/#website\"},\"breadcrumb\":{\"@id\":\"https:\\\/\\\/candas365.es\\\/noticias\\\/merkel-cooperacion-con-china-asegura-puestos-de-trabajo-alemanes\\\/#breadcrumblist\"},\"author\":{\"@id\":\"https:\\\/\\\/candas365.es\\\/noticias\\\/author\\\/admin\\\/#author\"},\"creator\":{\"@id\":\"https:\\\/\\\/candas365.es\\\/noticias\\\/author\\\/admin\\\/#author\"},\"image\":{\"@type\":\"ImageObject\",\"url\":\"https:\\\/\\\/candas365.es\\\/noticias\\\/wp-content\\\/uploads\\\/2015\\\/08\\\/merkel.jpg\",\"@id\":\"https:\\\/\\\/candas365.es\\\/noticias\\\/merkel-cooperacion-con-china-asegura-puestos-de-trabajo-alemanes\\\/#mainImage\",\"width\":655,\"height\":360},\"primaryImageOfPage\":{\"@id\":\"https:\\\/\\\/candas365.es\\\/noticias\\\/merkel-cooperacion-con-china-asegura-puestos-de-trabajo-alemanes\\\/#mainImage\"},\"datePublished\":\"2016-06-14T16:14:22+02:00\",\"dateModified\":\"2016-06-14T16:14:22+02:00\"},{\"@type\":\"WebSite\",\"@id\":\"https:\\\/\\\/candas365.es\\\/noticias\\\/#website\",\"url\":\"https:\\\/\\\/candas365.es\\\/noticias\\\/\",\"name\":\"Cand\\u00e1s 365\",\"alternateName\":\"Cand\\u00e1s 365 Noticias\",\"description\":\"Actualidad desde Carre\\u00f1o para el mundo\",\"inLanguage\":\"es-ES\",\"publisher\":{\"@id\":\"https:\\\/\\\/candas365.es\\\/noticias\\\/#organization\"}}]}\n\t\t<\/script>\n\t\t<!-- All in One SEO Pro -->\r\n\t\t<title>Merkel: Cooperaci\u00f3n con China asegura puestos de trabajo alemanes | Cand\u00e1s 365<\/title>\n\n","aioseo_head_json":{"title":"Merkel: Cooperaci\u00f3n con China asegura puestos de trabajo alemanes | Cand\u00e1s 365","description":"Shenyang, 14 jun (dpa) - La canciller alemana, Angela Merkel, abog\u00f3 hoy en Pek\u00edn por profundizar las relaciones con China en su \u00faltimo d\u00eda de visita al gigante asi\u00e1tico. \"En conjunto creo que el viaje (de tres d\u00edas) ha contribuido a ello. Por una parte a reforzar la cooperaci\u00f3n germano-china; por otra, a no esconder","canonical_url":"https:\/\/candas365.es\/noticias\/merkel-cooperacion-con-china-asegura-puestos-de-trabajo-alemanes\/","robots":"max-image-preview:large","keywords":"actualidad","webmasterTools":{"google-site-verification":"UA-32230408-1","msvalidate.01":"354F3CDFB2DA171B47FBE9ABF1F88D5","miscellaneous":""},"schema":{"@context":"https:\/\/schema.org","@graph":[{"@type":"BreadcrumbList","@id":"https:\/\/candas365.es\/noticias\/merkel-cooperacion-con-china-asegura-puestos-de-trabajo-alemanes\/#breadcrumblist","itemListElement":[{"@type":"ListItem","@id":"https:\/\/candas365.es\/noticias#listItem","position":1,"name":"Home","item":"https:\/\/candas365.es\/noticias","nextItem":{"@type":"ListItem","@id":"https:\/\/candas365.es\/noticias\/category\/actualidad\/#listItem","name":"Actualidad"}},{"@type":"ListItem","@id":"https:\/\/candas365.es\/noticias\/category\/actualidad\/#listItem","position":2,"name":"Actualidad","item":"https:\/\/candas365.es\/noticias\/category\/actualidad\/","nextItem":{"@type":"ListItem","@id":"https:\/\/candas365.es\/noticias\/merkel-cooperacion-con-china-asegura-puestos-de-trabajo-alemanes\/#listItem","name":"Merkel: Cooperaci\u00f3n con China asegura puestos de trabajo alemanes"},"previousItem":{"@type":"ListItem","@id":"https:\/\/candas365.es\/noticias#listItem","name":"Home"}},{"@type":"ListItem","@id":"https:\/\/candas365.es\/noticias\/merkel-cooperacion-con-china-asegura-puestos-de-trabajo-alemanes\/#listItem","position":3,"name":"Merkel: Cooperaci\u00f3n con China asegura puestos de trabajo alemanes","previousItem":{"@type":"ListItem","@id":"https:\/\/candas365.es\/noticias\/category\/actualidad\/#listItem","name":"Actualidad"}}]},{"@type":"NewsArticle","@id":"https:\/\/candas365.es\/noticias\/merkel-cooperacion-con-china-asegura-puestos-de-trabajo-alemanes\/#newsarticle","name":"Merkel: Cooperaci\u00f3n con China asegura puestos de trabajo alemanes | Cand\u00e1s 365","headline":"Merkel: Cooperaci\u00f3n con China asegura puestos de trabajo alemanes","author":{"@id":"https:\/\/candas365.es\/noticias\/author\/admin\/#author"},"publisher":{"@id":"https:\/\/candas365.es\/noticias\/#organization"},"image":{"@type":"ImageObject","url":"https:\/\/candas365.es\/noticias\/wp-content\/uploads\/2015\/08\/merkel.jpg","width":655,"height":360},"datePublished":"2016-06-14T16:14:22+02:00","dateModified":"2016-06-14T16:14:22+02:00","inLanguage":"es-ES","mainEntityOfPage":{"@id":"https:\/\/candas365.es\/noticias\/merkel-cooperacion-con-china-asegura-puestos-de-trabajo-alemanes\/#webpage"},"isPartOf":{"@id":"https:\/\/candas365.es\/noticias\/merkel-cooperacion-con-china-asegura-puestos-de-trabajo-alemanes\/#webpage"},"articleSection":"Actualidad","dateline":"Publicado el junio 14, 2016."},{"@type":"Organization","@id":"https:\/\/candas365.es\/noticias\/#organization","name":"Cand\u00e1s 365","description":"Cand\u00e1s 365 es un diario digital independiente, fundado en 2012, con base en Asturias. Informamos con rigor sobre actualidad, sociedad, cultura y ocio, con una mirada local y global.","url":"https:\/\/candas365.es\/noticias\/","email":"info@candas365.es","telephone":"+34652131393","foundingDate":"2012-06-10","logo":{"@type":"ImageObject","url":"https:\/\/candas365.es\/noticias\/wp-content\/uploads\/2024\/09\/Candas-365-Redes.jpg","@id":"https:\/\/candas365.es\/noticias\/merkel-cooperacion-con-china-asegura-puestos-de-trabajo-alemanes\/#organizationLogo","width":1152,"height":864,"caption":"Cand\u00e1s 365 Redes"},"image":{"@id":"https:\/\/candas365.es\/noticias\/merkel-cooperacion-con-china-asegura-puestos-de-trabajo-alemanes\/#organizationLogo"},"sameAs":["https:\/\/www.facebook.com\/Nachofdezber","https:\/\/x.com\/NabercoDigital","https:\/\/www.instagram.com\/nachofdezber\/","https:\/\/www.youtube.com\/channel\/UCZP-2wLEB9Rv6erhFmqVnvg"],"address":{"@id":"https:\/\/candas365.es\/noticias\/#postaladdress","@type":"PostalAddress","streetAddress":"san antonio 4, san antonio 4","postalCode":"33430","addressLocality":"Cand\u00e1s","addressRegion":"Asturias","addressCountry":"ES"}},{"@type":"Person","@id":"https:\/\/candas365.es\/noticias\/author\/admin\/#author","url":"https:\/\/candas365.es\/noticias\/author\/admin\/","name":"Cand\u00e1s 365","image":{"@type":"ImageObject","@id":"https:\/\/candas365.es\/noticias\/merkel-cooperacion-con-china-asegura-puestos-de-trabajo-alemanes\/#authorImage","url":"https:\/\/secure.gravatar.com\/avatar\/496a8e03d0c493ede1718b7934145dbdf8d89be1036b0eec9544e1094c9de390?s=96&d=mm&r=g","width":96,"height":96,"caption":"Cand\u00e1s 365"},"sameAs":["https:\/\/www.facebook.com\/carrenoactualidad","https:\/\/twitter.com\/nbasturias","https:\/\/www.instagram.com\/nachofdezber\/","https:\/\/www.youtube.com\/channel\/UCZP-2wLEB9Rv6erhFmqVnvg"]},{"@type":"WebPage","@id":"https:\/\/candas365.es\/noticias\/merkel-cooperacion-con-china-asegura-puestos-de-trabajo-alemanes\/#webpage","url":"https:\/\/candas365.es\/noticias\/merkel-cooperacion-con-china-asegura-puestos-de-trabajo-alemanes\/","name":"Merkel: Cooperaci\u00f3n con China asegura puestos de trabajo alemanes | Cand\u00e1s 365","description":"Shenyang, 14 jun (dpa) - La canciller alemana, Angela Merkel, abog\u00f3 hoy en Pek\u00edn por profundizar las relaciones con China en su \u00faltimo d\u00eda de visita al gigante asi\u00e1tico. \"En conjunto creo que el viaje (de tres d\u00edas) ha contribuido a ello. Por una parte a reforzar la cooperaci\u00f3n germano-china; por otra, a no esconder","inLanguage":"es-ES","isPartOf":{"@id":"https:\/\/candas365.es\/noticias\/#website"},"breadcrumb":{"@id":"https:\/\/candas365.es\/noticias\/merkel-cooperacion-con-china-asegura-puestos-de-trabajo-alemanes\/#breadcrumblist"},"author":{"@id":"https:\/\/candas365.es\/noticias\/author\/admin\/#author"},"creator":{"@id":"https:\/\/candas365.es\/noticias\/author\/admin\/#author"},"image":{"@type":"ImageObject","url":"https:\/\/candas365.es\/noticias\/wp-content\/uploads\/2015\/08\/merkel.jpg","@id":"https:\/\/candas365.es\/noticias\/merkel-cooperacion-con-china-asegura-puestos-de-trabajo-alemanes\/#mainImage","width":655,"height":360},"primaryImageOfPage":{"@id":"https:\/\/candas365.es\/noticias\/merkel-cooperacion-con-china-asegura-puestos-de-trabajo-alemanes\/#mainImage"},"datePublished":"2016-06-14T16:14:22+02:00","dateModified":"2016-06-14T16:14:22+02:00"},{"@type":"WebSite","@id":"https:\/\/candas365.es\/noticias\/#website","url":"https:\/\/candas365.es\/noticias\/","name":"Cand\u00e1s 365","alternateName":"Cand\u00e1s 365 Noticias","description":"Actualidad desde Carre\u00f1o para el mundo","inLanguage":"es-ES","publisher":{"@id":"https:\/\/candas365.es\/noticias\/#organization"}}]},"og:locale":"es_ES","og:site_name":"Cand\u00e1s 365","og:type":"article","og:title":"Merkel: Cooperaci\u00f3n con China asegura puestos de trabajo alemanes | Cand\u00e1s 365","og:description":"Shenyang, 14 jun (dpa) - La canciller alemana, Angela Merkel, abog\u00f3 hoy en Pek\u00edn por profundizar las relaciones con China en su \u00faltimo d\u00eda de visita al gigante asi\u00e1tico. &quot;En conjunto creo que el viaje (de tres d\u00edas) ha contribuido a ello. Por una parte a reforzar la cooperaci\u00f3n germano-china; por otra, a no esconder","og:url":"https:\/\/candas365.es\/noticias\/merkel-cooperacion-con-china-asegura-puestos-de-trabajo-alemanes\/","og:image":"https:\/\/candas365.es\/noticias\/wp-content\/uploads\/2015\/08\/merkel.jpg","og:image:secure_url":"https:\/\/candas365.es\/noticias\/wp-content\/uploads\/2015\/08\/merkel.jpg","og:image:width":655,"og:image:height":360,"article:published_time":"2016-06-14T14:44:22+00:00","article:modified_time":"2016-06-14T14:44:22+00:00","article:publisher":"https:\/\/www.facebook.com\/Nachofdezber","article:author":"https:\/\/www.facebook.com\/carrenoactualidad","twitter:card":"summary_large_image","twitter:site":"@NabercoDigital","twitter:title":"Merkel: Cooperaci\u00f3n con China asegura puestos de trabajo alemanes | Cand\u00e1s 365","twitter:description":"Shenyang, 14 jun (dpa) - La canciller alemana, Angela Merkel, abog\u00f3 hoy en Pek\u00edn por profundizar las relaciones con China en su \u00faltimo d\u00eda de visita al gigante asi\u00e1tico. &quot;En conjunto creo que el viaje (de tres d\u00edas) ha contribuido a ello. Por una parte a reforzar la cooperaci\u00f3n germano-china; por otra, a no esconder","twitter:creator":"@nbasturias","twitter:image":"https:\/\/candas365.es\/noticias\/wp-content\/uploads\/2015\/08\/merkel.jpg","twitter:label1":"Escrito por","twitter:data1":"Cand\u00e1s 365","twitter:label2":"Tiempo de lectura estimado","twitter:data2":"2 minutos"},"aioseo_meta_data":{"post_id":"30221","title":null,"description":null,"keywords":null,"keyphrases":null,"primary_term":null,"canonical_url":null,"og_title":null,"og_description":null,"og_object_type":"default","og_image_type":"default","og_image_url":null,"og_image_width":null,"og_image_height":null,"og_image_custom_url":null,"og_image_custom_fields":null,"og_video":null,"og_custom_url":null,"og_article_section":null,"og_article_tags":null,"twitter_use_og":false,"twitter_card":"default","twitter_image_type":"default","twitter_image_url":null,"twitter_image_custom_url":null,"twitter_image_custom_fields":null,"twitter_title":null,"twitter_description":null,"schema":{"blockGraphs":[],"customGraphs":[],"default":{"data":{"Article":[],"Course":[],"Dataset":[],"FAQPage":[],"Movie":[],"Person":[],"Product":[],"ProductReview":[],"Car":[],"Recipe":[],"Service":[],"SoftwareApplication":[],"WebPage":[]},"graphName":"","isEnabled":true},"graphs":[],"defaultGraph":"","defaultPostTypeGraph":""},"schema_type":null,"schema_type_options":null,"pillar_content":false,"robots_default":true,"robots_noindex":false,"robots_noarchive":false,"robots_nosnippet":false,"robots_nofollow":false,"robots_noimageindex":false,"robots_noodp":false,"robots_notranslate":false,"robots_max_snippet":null,"robots_max_videopreview":null,"robots_max_imagepreview":"large","priority":null,"frequency":null,"location":null,"local_seo":null,"seo_analyzer_scan_date":"2025-08-24 12:14:22","breadcrumb_settings":null,"limit_modified_date":false,"reviewed_by":null,"open_ai":null,"ai":null,"created":"2020-12-21 12:57:02","updated":"2025-08-24 12:14:22"},"aioseo_breadcrumb":"<div class=\"aioseo-breadcrumbs\"><span class=\"aioseo-breadcrumb\">\n\t<a href=\"https:\/\/candas365.es\/noticias\" title=\"Home\">Home<\/a>\n<\/span><span class=\"aioseo-breadcrumb-separator\">&ndash;<\/span><span class=\"aioseo-breadcrumb\">\n\t<a href=\"https:\/\/candas365.es\/noticias\/category\/actualidad\/\" title=\"Actualidad\">Actualidad<\/a>\n<\/span><span class=\"aioseo-breadcrumb-separator\">&ndash;<\/span><span class=\"aioseo-breadcrumb\">\n\tMerkel: Cooperaci\u00f3n con China asegura puestos de trabajo alemanes\n<\/span><\/div>","aioseo_breadcrumb_json":[{"label":"Home","link":"https:\/\/candas365.es\/noticias"},{"label":"Actualidad","link":"https:\/\/candas365.es\/noticias\/category\/actualidad\/"},{"label":"Merkel: Cooperaci\u00f3n con China asegura puestos de trabajo alemanes","link":"https:\/\/candas365.es\/noticias\/merkel-cooperacion-con-china-asegura-puestos-de-trabajo-alemanes\/"}],"_links":{"self":[{"href":"https:\/\/candas365.es\/noticias\/wp-json\/wp\/v2\/posts\/30221","targetHints":{"allow":["GET"]}}],"collection":[{"href":"https:\/\/candas365.es\/noticias\/wp-json\/wp\/v2\/posts"}],"about":[{"href":"https:\/\/candas365.es\/noticias\/wp-json\/wp\/v2\/types\/post"}],"author":[{"embeddable":true,"href":"https:\/\/candas365.es\/noticias\/wp-json\/wp\/v2\/users\/1"}],"replies":[{"embeddable":true,"href":"https:\/\/candas365.es\/noticias\/wp-json\/wp\/v2\/comments?post=30221"}],"version-history":[{"count":0,"href":"https:\/\/candas365.es\/noticias\/wp-json\/wp\/v2\/posts\/30221\/revisions"}],"wp:featuredmedia":[{"embeddable":true,"href":"https:\/\/candas365.es\/noticias\/wp-json\/wp\/v2\/media\/14622"}],"wp:attachment":[{"href":"https:\/\/candas365.es\/noticias\/wp-json\/wp\/v2\/media?parent=30221"}],"wp:term":[{"taxonomy":"category","embeddable":true,"href":"https:\/\/candas365.es\/noticias\/wp-json\/wp\/v2\/categories?post=30221"},{"taxonomy":"post_tag","embeddable":true,"href":"https:\/\/candas365.es\/noticias\/wp-json\/wp\/v2\/tags?post=30221"}],"curies":[{"name":"wp","href":"https:\/\/api.w.org\/{rel}","templated":true}]}}