{"id":30213,"date":"2016-06-14T16:10:27","date_gmt":"2016-06-14T14:40:27","guid":{"rendered":"http:\/\/candas365.es\/noticias\/?p=30213"},"modified":"2016-06-14T16:10:27","modified_gmt":"2016-06-14T14:40:27","slug":"el-gol-que-recordo-al-joven-schweinsteiger-uno-solo-suena-algo-asi","status":"publish","type":"post","link":"https:\/\/candas365.es\/noticias\/el-gol-que-recordo-al-joven-schweinsteiger-uno-solo-suena-algo-asi\/","title":{"rendered":"El gol que record\u00f3 al joven Schweinsteiger: \u00abUno s\u00f3lo sue\u00f1a algo as\u00ed\u00bb"},"content":{"rendered":"<p><img fetchpriority=\"high\" decoding=\"async\" class=\"alignleft size-medium wp-image-29884\" src=\"https:\/\/candas365.es\/noticias\/wp-content\/uploads\/2016\/06\/euro2016-360x215.jpg\" alt=\"euro2016\" width=\"360\" height=\"215\" srcset=\"https:\/\/candas365.es\/noticias\/wp-content\/uploads\/2016\/06\/euro2016-360x215.jpg 360w, https:\/\/candas365.es\/noticias\/wp-content\/uploads\/2016\/06\/euro2016-650x388.jpg 650w, https:\/\/candas365.es\/noticias\/wp-content\/uploads\/2016\/06\/euro2016-768x459.jpg 768w, https:\/\/candas365.es\/noticias\/wp-content\/uploads\/2016\/06\/euro2016-150x90.jpg 150w, https:\/\/candas365.es\/noticias\/wp-content\/uploads\/2016\/06\/euro2016-450x269.jpg 450w, https:\/\/candas365.es\/noticias\/wp-content\/uploads\/2016\/06\/euro2016-655x391.jpg 655w, https:\/\/candas365.es\/noticias\/wp-content\/uploads\/2016\/06\/euro2016-696x416.jpg 696w, https:\/\/candas365.es\/noticias\/wp-content\/uploads\/2016\/06\/euro2016-703x420.jpg 703w, https:\/\/candas365.es\/noticias\/wp-content\/uploads\/2016\/06\/euro2016.jpg 800w\" sizes=\"(max-width: 360px) 100vw, 360px\" \/>Lille (Francia), 14 jun (dpa) &#8211; Es el capit\u00e1n, tiene 31 a\u00f1os y muchas lesiones a sus espaldas, pero Bastian Schweinsteiger record\u00f3 al \u00abSchweini\u00bb que enamor\u00f3 a Alemania en el Mundial de 2006 cuando arranc\u00f3 desde la banda derecha para finalizar un contraataque extraordinario ante Ucrania.<\/p>\n<p>\u00abTras el sprint hacia delante me qued\u00e9 un poco sin respiraci\u00f3n\u00bb, reconoci\u00f3 el veterano jugador del Manchester United, que el domingo logr\u00f3 el 2-0 con el que Alemania, campeona del mundo, debut\u00f3 en Lille en la Eurocopa de Francia.<\/p>\n<p>El centrocampista no pudo tener un mejor regreso a la selecci\u00f3n, despu\u00e9s de que la decisi\u00f3n de incluirlo en el equipo a la Eurocopa generara pol\u00e9mica en Alemania. El jugador apenas ha tenido minutos durante la temporada y ha sufrido una serie de lesiones que le han impedido tener regularidad.<\/p>\n<p>El domingo entr\u00f3 a la cancha en sustituci\u00f3n de Mario G\u00f6tze en el minuto 90 y apenas dos minutos despu\u00e9s sorprendi\u00f3 a la hinchada alemana con una cabalgada de otros tiempos, aquellos en los que, reci\u00e9n aterrizado en la selecci\u00f3n, a\u00fan jugaba de extremo.<\/p>\n<p>Orgulloso, el mediocentro abandon\u00f3 el campo con los pulgares arriba mientras disfrutaba de la celebraci\u00f3n de los fans, que lo conocen con el cari\u00f1oso sobrenombre de \u00abSchweini\u00bb desde que en el Mundial de 2006 form\u00f3 una joven y fresca pareja de extremos junto a Lukas Podolski \u00abPoldi\u00bb.<\/p>\n<p>\u00abEs impresionante que la gente reaccione as\u00ed\u00bb, asegur\u00f3 el jugador despu\u00e9s del partido. \u00abIncre\u00edble. Uno solo puede so\u00f1ar con algo as\u00ed. A lo largo de la temporada solo he acumulado 300 minutos en mis piernas y ahora llega algo as\u00ed\u00bb, dij\u00f3 el centrocampista del Manchester United.<\/p>\n<p>Fue una sorpresa hasta para el seleccionador alem\u00e1n, Joachim L\u00f6w. \u00abNo estaba para nada planeado que apareciera tan arriba. Ten\u00eda que traer equilibrio al centro del campo\u00bb, dijo. L\u00f6w se sinti\u00f3 contento por la actuaci\u00f3n de su capit\u00e1n, sobretodo despu\u00e9s de todas las declaraciones durante las \u00faltimas semanas.<\/p>\n<p>El resto de compa\u00f1eros del jugador alem\u00e1n se unieron al sentimiento de alegr\u00eda de su seleccionador. G\u00f6tze apunt\u00f3 que su capit\u00e1n se ha quitado un gran peso de encima: \u00abSe nota que &#8216;Basti&#8217; est\u00e1 feliz\u00bb. Ahora solo esperan que su estado de forma mejore y pueda ayudar cada vez m\u00e1s al equipo.<\/p>\n<p>En su partido 116 con la selecci\u00f3n alemana de f\u00fatbol, Schweinsteiger consigui\u00f3 volver a marcar, cosa que no hac\u00eda desde el 7 de octubre de 2011. \u00abLo importante es que estoy sano. Ahora solo espero que poco a poco pueda jugar m\u00e1s\u00bb, se\u00f1al\u00f3.<\/p>\n<p>El arquero Manuel Neuer, ex compa\u00f1ero en el Bayern de M\u00fanich, se deshizo en elogios hacia \u00e9l: \u00abQue a Schweinsteiger le sobra calidad se sabe. Nos da mucho orden en el juego. Sabe perfectamente con qu\u00e9 velocidad se tiene que jugar y se posiciona muy bien\u00bb.<\/p>\n<p>Ya no es el jovencito del Mundial alem\u00e1n, pero con su tanto ante Ucrania, \u00abSchweini\u00bb volvi\u00f3 a meterse de lleno en el coraz\u00f3n de los hinchas alemanes.<\/p>\n<p><span class=\" readonly\" title=\"\"><em>Por Christian Kunz y Klaus Bergmann <\/em><\/span><\/p>\n","protected":false},"excerpt":{"rendered":"<p>Lille (Francia), 14 jun (dpa) &#8211; Es el capit\u00e1n, tiene 31 a\u00f1os y muchas lesiones a sus espaldas, pero Bastian Schweinsteiger record\u00f3 al \u00abSchweini\u00bb que enamor\u00f3 a Alemania en el Mundial de 2006 cuando arranc\u00f3 desde la banda derecha para finalizar un contraataque extraordinario ante Ucrania. \u00abTras el sprint hacia delante me qued\u00e9 un poco<\/p>\n","protected":false},"author":1,"featured_media":29884,"comment_status":"closed","ping_status":"closed","sticky":false,"template":"","format":"standard","meta":{"footnotes":""},"categories":[343],"tags":[],"class_list":{"0":"post-30213","1":"post","2":"type-post","3":"status-publish","4":"format-standard","5":"has-post-thumbnail","7":"category-actualidad"},"aioseo_notices":[],"aioseo_head":"\n\t\t<!-- All in One SEO Pro 4.9.6.2 - aioseo.com -->\n\t<meta name=\"description\" content=\"Lille (Francia), 14 jun (dpa) - Es el capit\u00e1n, tiene 31 a\u00f1os y muchas lesiones a sus espaldas, pero Bastian Schweinsteiger record\u00f3 al &quot;Schweini&quot; que enamor\u00f3 a Alemania en el Mundial de 2006 cuando arranc\u00f3 desde la banda derecha para finalizar un contraataque extraordinario ante Ucrania. &quot;Tras el sprint hacia delante me qued\u00e9 un poco\" \/>\n\t<meta name=\"robots\" content=\"max-image-preview:large\" \/>\n\t<meta name=\"author\" content=\"Cand\u00e1s 365\"\/>\n\t<meta name=\"google-site-verification\" content=\"UA-32230408-1\" \/>\n\t<meta name=\"msvalidate.01\" content=\"354F3CDFB2DA171B47FBE9ABF1F88D5\" \/>\n\t<meta name=\"keywords\" content=\"actualidad\" \/>\n\t<link rel=\"canonical\" href=\"https:\/\/candas365.es\/noticias\/el-gol-que-recordo-al-joven-schweinsteiger-uno-solo-suena-algo-asi\/\" \/>\n\t<meta name=\"generator\" content=\"All in One SEO Pro (AIOSEO) 4.9.6.2\" \/>\n\t\t<meta property=\"og:locale\" content=\"es_ES\" \/>\n\t\t<meta property=\"og:site_name\" content=\"Cand\u00e1s 365\" \/>\n\t\t<meta property=\"og:type\" content=\"article\" \/>\n\t\t<meta property=\"og:title\" content=\"El gol que record\u00f3 al joven Schweinsteiger: \u00abUno s\u00f3lo sue\u00f1a algo as\u00ed\u00bb | Cand\u00e1s 365\" \/>\n\t\t<meta property=\"og:description\" content=\"Lille (Francia), 14 jun (dpa) - Es el capit\u00e1n, tiene 31 a\u00f1os y muchas lesiones a sus espaldas, pero Bastian Schweinsteiger record\u00f3 al &quot;Schweini&quot; que enamor\u00f3 a Alemania en el Mundial de 2006 cuando arranc\u00f3 desde la banda derecha para finalizar un contraataque extraordinario ante Ucrania. &quot;Tras el sprint hacia delante me qued\u00e9 un poco\" \/>\n\t\t<meta property=\"og:url\" content=\"https:\/\/candas365.es\/noticias\/el-gol-que-recordo-al-joven-schweinsteiger-uno-solo-suena-algo-asi\/\" \/>\n\t\t<meta property=\"og:image\" content=\"https:\/\/candas365.es\/noticias\/wp-content\/uploads\/2016\/06\/euro2016.jpg\" \/>\n\t\t<meta property=\"og:image:secure_url\" content=\"https:\/\/candas365.es\/noticias\/wp-content\/uploads\/2016\/06\/euro2016.jpg\" \/>\n\t\t<meta property=\"og:image:width\" content=\"800\" \/>\n\t\t<meta property=\"og:image:height\" content=\"478\" \/>\n\t\t<meta property=\"article:published_time\" content=\"2016-06-14T14:40:27+00:00\" \/>\n\t\t<meta property=\"article:modified_time\" content=\"2016-06-14T14:40:27+00:00\" \/>\n\t\t<meta property=\"article:publisher\" content=\"https:\/\/www.facebook.com\/Nachofdezber\" \/>\n\t\t<meta property=\"article:author\" content=\"https:\/\/www.facebook.com\/carrenoactualidad\" \/>\n\t\t<meta name=\"twitter:card\" content=\"summary_large_image\" \/>\n\t\t<meta name=\"twitter:site\" content=\"@NabercoDigital\" \/>\n\t\t<meta name=\"twitter:title\" content=\"El gol que record\u00f3 al joven Schweinsteiger: \u00abUno s\u00f3lo sue\u00f1a algo as\u00ed\u00bb | Cand\u00e1s 365\" \/>\n\t\t<meta name=\"twitter:description\" content=\"Lille (Francia), 14 jun (dpa) - Es el capit\u00e1n, tiene 31 a\u00f1os y muchas lesiones a sus espaldas, pero Bastian Schweinsteiger record\u00f3 al &quot;Schweini&quot; que enamor\u00f3 a Alemania en el Mundial de 2006 cuando arranc\u00f3 desde la banda derecha para finalizar un contraataque extraordinario ante Ucrania. &quot;Tras el sprint hacia delante me qued\u00e9 un poco\" \/>\n\t\t<meta name=\"twitter:creator\" content=\"@nbasturias\" \/>\n\t\t<meta name=\"twitter:image\" content=\"https:\/\/candas365.es\/noticias\/wp-content\/uploads\/2016\/06\/euro2016.jpg\" \/>\n\t\t<meta name=\"twitter:label1\" content=\"Escrito por\" \/>\n\t\t<meta name=\"twitter:data1\" content=\"Cand\u00e1s 365\" \/>\n\t\t<meta name=\"twitter:label2\" content=\"Tiempo de lectura estimado\" \/>\n\t\t<meta name=\"twitter:data2\" content=\"3 minutos\" \/>\n\t\t<script type=\"application\/ld+json\" class=\"aioseo-schema\">\n\t\t\t{\"@context\":\"https:\\\/\\\/schema.org\",\"@graph\":[{\"@type\":\"BreadcrumbList\",\"@id\":\"https:\\\/\\\/candas365.es\\\/noticias\\\/el-gol-que-recordo-al-joven-schweinsteiger-uno-solo-suena-algo-asi\\\/#breadcrumblist\",\"itemListElement\":[{\"@type\":\"ListItem\",\"@id\":\"https:\\\/\\\/candas365.es\\\/noticias#listItem\",\"position\":1,\"name\":\"Home\",\"item\":\"https:\\\/\\\/candas365.es\\\/noticias\",\"nextItem\":{\"@type\":\"ListItem\",\"@id\":\"https:\\\/\\\/candas365.es\\\/noticias\\\/category\\\/actualidad\\\/#listItem\",\"name\":\"Actualidad\"}},{\"@type\":\"ListItem\",\"@id\":\"https:\\\/\\\/candas365.es\\\/noticias\\\/category\\\/actualidad\\\/#listItem\",\"position\":2,\"name\":\"Actualidad\",\"item\":\"https:\\\/\\\/candas365.es\\\/noticias\\\/category\\\/actualidad\\\/\",\"nextItem\":{\"@type\":\"ListItem\",\"@id\":\"https:\\\/\\\/candas365.es\\\/noticias\\\/el-gol-que-recordo-al-joven-schweinsteiger-uno-solo-suena-algo-asi\\\/#listItem\",\"name\":\"El gol que record\\u00f3 al joven Schweinsteiger: \\u00abUno s\\u00f3lo sue\\u00f1a algo as\\u00ed\\u00bb\"},\"previousItem\":{\"@type\":\"ListItem\",\"@id\":\"https:\\\/\\\/candas365.es\\\/noticias#listItem\",\"name\":\"Home\"}},{\"@type\":\"ListItem\",\"@id\":\"https:\\\/\\\/candas365.es\\\/noticias\\\/el-gol-que-recordo-al-joven-schweinsteiger-uno-solo-suena-algo-asi\\\/#listItem\",\"position\":3,\"name\":\"El gol que record\\u00f3 al joven Schweinsteiger: \\u00abUno s\\u00f3lo sue\\u00f1a algo as\\u00ed\\u00bb\",\"previousItem\":{\"@type\":\"ListItem\",\"@id\":\"https:\\\/\\\/candas365.es\\\/noticias\\\/category\\\/actualidad\\\/#listItem\",\"name\":\"Actualidad\"}}]},{\"@type\":\"NewsArticle\",\"@id\":\"https:\\\/\\\/candas365.es\\\/noticias\\\/el-gol-que-recordo-al-joven-schweinsteiger-uno-solo-suena-algo-asi\\\/#newsarticle\",\"name\":\"El gol que record\\u00f3 al joven Schweinsteiger: \\u00abUno s\\u00f3lo sue\\u00f1a algo as\\u00ed\\u00bb | Cand\\u00e1s 365\",\"headline\":\"El gol que record\\u00f3 al joven Schweinsteiger: \\u00abUno s\\u00f3lo sue\\u00f1a algo as\\u00ed\\u00bb\",\"author\":{\"@id\":\"https:\\\/\\\/candas365.es\\\/noticias\\\/author\\\/admin\\\/#author\"},\"publisher\":{\"@id\":\"https:\\\/\\\/candas365.es\\\/noticias\\\/#organization\"},\"image\":{\"@type\":\"ImageObject\",\"url\":\"https:\\\/\\\/candas365.es\\\/noticias\\\/wp-content\\\/uploads\\\/2016\\\/06\\\/euro2016.jpg\",\"width\":800,\"height\":478},\"datePublished\":\"2016-06-14T16:10:27+02:00\",\"dateModified\":\"2016-06-14T16:10:27+02:00\",\"inLanguage\":\"es-ES\",\"mainEntityOfPage\":{\"@id\":\"https:\\\/\\\/candas365.es\\\/noticias\\\/el-gol-que-recordo-al-joven-schweinsteiger-uno-solo-suena-algo-asi\\\/#webpage\"},\"isPartOf\":{\"@id\":\"https:\\\/\\\/candas365.es\\\/noticias\\\/el-gol-que-recordo-al-joven-schweinsteiger-uno-solo-suena-algo-asi\\\/#webpage\"},\"articleSection\":\"Actualidad\",\"dateline\":\"Publicado el junio 14, 2016.\"},{\"@type\":\"Organization\",\"@id\":\"https:\\\/\\\/candas365.es\\\/noticias\\\/#organization\",\"name\":\"Cand\\u00e1s 365\",\"description\":\"Cand\\u00e1s 365 es un diario digital independiente, fundado en 2012, con base en Asturias. Informamos con rigor sobre actualidad, sociedad, cultura y ocio, con una mirada local y global.\",\"url\":\"https:\\\/\\\/candas365.es\\\/noticias\\\/\",\"email\":\"info@candas365.es\",\"telephone\":\"+34652131393\",\"foundingDate\":\"2012-06-10\",\"logo\":{\"@type\":\"ImageObject\",\"url\":\"https:\\\/\\\/candas365.es\\\/noticias\\\/wp-content\\\/uploads\\\/2024\\\/09\\\/Candas-365-Redes.jpg\",\"@id\":\"https:\\\/\\\/candas365.es\\\/noticias\\\/el-gol-que-recordo-al-joven-schweinsteiger-uno-solo-suena-algo-asi\\\/#organizationLogo\",\"width\":1152,\"height\":864,\"caption\":\"Cand\\u00e1s 365 Redes\"},\"image\":{\"@id\":\"https:\\\/\\\/candas365.es\\\/noticias\\\/el-gol-que-recordo-al-joven-schweinsteiger-uno-solo-suena-algo-asi\\\/#organizationLogo\"},\"sameAs\":[\"https:\\\/\\\/www.facebook.com\\\/Nachofdezber\",\"https:\\\/\\\/x.com\\\/NabercoDigital\",\"https:\\\/\\\/www.instagram.com\\\/nachofdezber\\\/\",\"https:\\\/\\\/www.youtube.com\\\/channel\\\/UCZP-2wLEB9Rv6erhFmqVnvg\"],\"address\":{\"@id\":\"https:\\\/\\\/candas365.es\\\/noticias\\\/#postaladdress\",\"@type\":\"PostalAddress\",\"streetAddress\":\"san antonio 4, san antonio 4\",\"postalCode\":\"33430\",\"addressLocality\":\"Cand\\u00e1s\",\"addressRegion\":\"Asturias\",\"addressCountry\":\"ES\"}},{\"@type\":\"Person\",\"@id\":\"https:\\\/\\\/candas365.es\\\/noticias\\\/author\\\/admin\\\/#author\",\"url\":\"https:\\\/\\\/candas365.es\\\/noticias\\\/author\\\/admin\\\/\",\"name\":\"Cand\\u00e1s 365\",\"image\":{\"@type\":\"ImageObject\",\"@id\":\"https:\\\/\\\/candas365.es\\\/noticias\\\/el-gol-que-recordo-al-joven-schweinsteiger-uno-solo-suena-algo-asi\\\/#authorImage\",\"url\":\"https:\\\/\\\/secure.gravatar.com\\\/avatar\\\/496a8e03d0c493ede1718b7934145dbdf8d89be1036b0eec9544e1094c9de390?s=96&d=mm&r=g\",\"width\":96,\"height\":96,\"caption\":\"Cand\\u00e1s 365\"},\"sameAs\":[\"https:\\\/\\\/www.facebook.com\\\/carrenoactualidad\",\"https:\\\/\\\/twitter.com\\\/nbasturias\",\"https:\\\/\\\/www.instagram.com\\\/nachofdezber\\\/\",\"https:\\\/\\\/www.youtube.com\\\/channel\\\/UCZP-2wLEB9Rv6erhFmqVnvg\"]},{\"@type\":\"WebPage\",\"@id\":\"https:\\\/\\\/candas365.es\\\/noticias\\\/el-gol-que-recordo-al-joven-schweinsteiger-uno-solo-suena-algo-asi\\\/#webpage\",\"url\":\"https:\\\/\\\/candas365.es\\\/noticias\\\/el-gol-que-recordo-al-joven-schweinsteiger-uno-solo-suena-algo-asi\\\/\",\"name\":\"El gol que record\\u00f3 al joven Schweinsteiger: \\u00abUno s\\u00f3lo sue\\u00f1a algo as\\u00ed\\u00bb | Cand\\u00e1s 365\",\"description\":\"Lille (Francia), 14 jun (dpa) - Es el capit\\u00e1n, tiene 31 a\\u00f1os y muchas lesiones a sus espaldas, pero Bastian Schweinsteiger record\\u00f3 al \\\"Schweini\\\" que enamor\\u00f3 a Alemania en el Mundial de 2006 cuando arranc\\u00f3 desde la banda derecha para finalizar un contraataque extraordinario ante Ucrania. \\\"Tras el sprint hacia delante me qued\\u00e9 un poco\",\"inLanguage\":\"es-ES\",\"isPartOf\":{\"@id\":\"https:\\\/\\\/candas365.es\\\/noticias\\\/#website\"},\"breadcrumb\":{\"@id\":\"https:\\\/\\\/candas365.es\\\/noticias\\\/el-gol-que-recordo-al-joven-schweinsteiger-uno-solo-suena-algo-asi\\\/#breadcrumblist\"},\"author\":{\"@id\":\"https:\\\/\\\/candas365.es\\\/noticias\\\/author\\\/admin\\\/#author\"},\"creator\":{\"@id\":\"https:\\\/\\\/candas365.es\\\/noticias\\\/author\\\/admin\\\/#author\"},\"image\":{\"@type\":\"ImageObject\",\"url\":\"https:\\\/\\\/candas365.es\\\/noticias\\\/wp-content\\\/uploads\\\/2016\\\/06\\\/euro2016.jpg\",\"@id\":\"https:\\\/\\\/candas365.es\\\/noticias\\\/el-gol-que-recordo-al-joven-schweinsteiger-uno-solo-suena-algo-asi\\\/#mainImage\",\"width\":800,\"height\":478},\"primaryImageOfPage\":{\"@id\":\"https:\\\/\\\/candas365.es\\\/noticias\\\/el-gol-que-recordo-al-joven-schweinsteiger-uno-solo-suena-algo-asi\\\/#mainImage\"},\"datePublished\":\"2016-06-14T16:10:27+02:00\",\"dateModified\":\"2016-06-14T16:10:27+02:00\"},{\"@type\":\"WebSite\",\"@id\":\"https:\\\/\\\/candas365.es\\\/noticias\\\/#website\",\"url\":\"https:\\\/\\\/candas365.es\\\/noticias\\\/\",\"name\":\"Cand\\u00e1s 365\",\"alternateName\":\"Cand\\u00e1s 365 Noticias\",\"description\":\"Actualidad desde Carre\\u00f1o para el mundo\",\"inLanguage\":\"es-ES\",\"publisher\":{\"@id\":\"https:\\\/\\\/candas365.es\\\/noticias\\\/#organization\"}}]}\n\t\t<\/script>\n\t\t<!-- All in One SEO Pro -->\r\n\t\t<title>El gol que record\u00f3 al joven Schweinsteiger: \u00abUno s\u00f3lo sue\u00f1a algo as\u00ed\u00bb | Cand\u00e1s 365<\/title>\n\n","aioseo_head_json":{"title":"El gol que record\u00f3 al joven Schweinsteiger: \u00abUno s\u00f3lo sue\u00f1a algo as\u00ed\u00bb | Cand\u00e1s 365","description":"Lille (Francia), 14 jun (dpa) - Es el capit\u00e1n, tiene 31 a\u00f1os y muchas lesiones a sus espaldas, pero Bastian Schweinsteiger record\u00f3 al \"Schweini\" que enamor\u00f3 a Alemania en el Mundial de 2006 cuando arranc\u00f3 desde la banda derecha para finalizar un contraataque extraordinario ante Ucrania. \"Tras el sprint hacia delante me qued\u00e9 un poco","canonical_url":"https:\/\/candas365.es\/noticias\/el-gol-que-recordo-al-joven-schweinsteiger-uno-solo-suena-algo-asi\/","robots":"max-image-preview:large","keywords":"actualidad","webmasterTools":{"google-site-verification":"UA-32230408-1","msvalidate.01":"354F3CDFB2DA171B47FBE9ABF1F88D5","miscellaneous":""},"schema":{"@context":"https:\/\/schema.org","@graph":[{"@type":"BreadcrumbList","@id":"https:\/\/candas365.es\/noticias\/el-gol-que-recordo-al-joven-schweinsteiger-uno-solo-suena-algo-asi\/#breadcrumblist","itemListElement":[{"@type":"ListItem","@id":"https:\/\/candas365.es\/noticias#listItem","position":1,"name":"Home","item":"https:\/\/candas365.es\/noticias","nextItem":{"@type":"ListItem","@id":"https:\/\/candas365.es\/noticias\/category\/actualidad\/#listItem","name":"Actualidad"}},{"@type":"ListItem","@id":"https:\/\/candas365.es\/noticias\/category\/actualidad\/#listItem","position":2,"name":"Actualidad","item":"https:\/\/candas365.es\/noticias\/category\/actualidad\/","nextItem":{"@type":"ListItem","@id":"https:\/\/candas365.es\/noticias\/el-gol-que-recordo-al-joven-schweinsteiger-uno-solo-suena-algo-asi\/#listItem","name":"El gol que record\u00f3 al joven Schweinsteiger: \u00abUno s\u00f3lo sue\u00f1a algo as\u00ed\u00bb"},"previousItem":{"@type":"ListItem","@id":"https:\/\/candas365.es\/noticias#listItem","name":"Home"}},{"@type":"ListItem","@id":"https:\/\/candas365.es\/noticias\/el-gol-que-recordo-al-joven-schweinsteiger-uno-solo-suena-algo-asi\/#listItem","position":3,"name":"El gol que record\u00f3 al joven Schweinsteiger: \u00abUno s\u00f3lo sue\u00f1a algo as\u00ed\u00bb","previousItem":{"@type":"ListItem","@id":"https:\/\/candas365.es\/noticias\/category\/actualidad\/#listItem","name":"Actualidad"}}]},{"@type":"NewsArticle","@id":"https:\/\/candas365.es\/noticias\/el-gol-que-recordo-al-joven-schweinsteiger-uno-solo-suena-algo-asi\/#newsarticle","name":"El gol que record\u00f3 al joven Schweinsteiger: \u00abUno s\u00f3lo sue\u00f1a algo as\u00ed\u00bb | Cand\u00e1s 365","headline":"El gol que record\u00f3 al joven Schweinsteiger: \u00abUno s\u00f3lo sue\u00f1a algo as\u00ed\u00bb","author":{"@id":"https:\/\/candas365.es\/noticias\/author\/admin\/#author"},"publisher":{"@id":"https:\/\/candas365.es\/noticias\/#organization"},"image":{"@type":"ImageObject","url":"https:\/\/candas365.es\/noticias\/wp-content\/uploads\/2016\/06\/euro2016.jpg","width":800,"height":478},"datePublished":"2016-06-14T16:10:27+02:00","dateModified":"2016-06-14T16:10:27+02:00","inLanguage":"es-ES","mainEntityOfPage":{"@id":"https:\/\/candas365.es\/noticias\/el-gol-que-recordo-al-joven-schweinsteiger-uno-solo-suena-algo-asi\/#webpage"},"isPartOf":{"@id":"https:\/\/candas365.es\/noticias\/el-gol-que-recordo-al-joven-schweinsteiger-uno-solo-suena-algo-asi\/#webpage"},"articleSection":"Actualidad","dateline":"Publicado el junio 14, 2016."},{"@type":"Organization","@id":"https:\/\/candas365.es\/noticias\/#organization","name":"Cand\u00e1s 365","description":"Cand\u00e1s 365 es un diario digital independiente, fundado en 2012, con base en Asturias. Informamos con rigor sobre actualidad, sociedad, cultura y ocio, con una mirada local y global.","url":"https:\/\/candas365.es\/noticias\/","email":"info@candas365.es","telephone":"+34652131393","foundingDate":"2012-06-10","logo":{"@type":"ImageObject","url":"https:\/\/candas365.es\/noticias\/wp-content\/uploads\/2024\/09\/Candas-365-Redes.jpg","@id":"https:\/\/candas365.es\/noticias\/el-gol-que-recordo-al-joven-schweinsteiger-uno-solo-suena-algo-asi\/#organizationLogo","width":1152,"height":864,"caption":"Cand\u00e1s 365 Redes"},"image":{"@id":"https:\/\/candas365.es\/noticias\/el-gol-que-recordo-al-joven-schweinsteiger-uno-solo-suena-algo-asi\/#organizationLogo"},"sameAs":["https:\/\/www.facebook.com\/Nachofdezber","https:\/\/x.com\/NabercoDigital","https:\/\/www.instagram.com\/nachofdezber\/","https:\/\/www.youtube.com\/channel\/UCZP-2wLEB9Rv6erhFmqVnvg"],"address":{"@id":"https:\/\/candas365.es\/noticias\/#postaladdress","@type":"PostalAddress","streetAddress":"san antonio 4, san antonio 4","postalCode":"33430","addressLocality":"Cand\u00e1s","addressRegion":"Asturias","addressCountry":"ES"}},{"@type":"Person","@id":"https:\/\/candas365.es\/noticias\/author\/admin\/#author","url":"https:\/\/candas365.es\/noticias\/author\/admin\/","name":"Cand\u00e1s 365","image":{"@type":"ImageObject","@id":"https:\/\/candas365.es\/noticias\/el-gol-que-recordo-al-joven-schweinsteiger-uno-solo-suena-algo-asi\/#authorImage","url":"https:\/\/secure.gravatar.com\/avatar\/496a8e03d0c493ede1718b7934145dbdf8d89be1036b0eec9544e1094c9de390?s=96&d=mm&r=g","width":96,"height":96,"caption":"Cand\u00e1s 365"},"sameAs":["https:\/\/www.facebook.com\/carrenoactualidad","https:\/\/twitter.com\/nbasturias","https:\/\/www.instagram.com\/nachofdezber\/","https:\/\/www.youtube.com\/channel\/UCZP-2wLEB9Rv6erhFmqVnvg"]},{"@type":"WebPage","@id":"https:\/\/candas365.es\/noticias\/el-gol-que-recordo-al-joven-schweinsteiger-uno-solo-suena-algo-asi\/#webpage","url":"https:\/\/candas365.es\/noticias\/el-gol-que-recordo-al-joven-schweinsteiger-uno-solo-suena-algo-asi\/","name":"El gol que record\u00f3 al joven Schweinsteiger: \u00abUno s\u00f3lo sue\u00f1a algo as\u00ed\u00bb | Cand\u00e1s 365","description":"Lille (Francia), 14 jun (dpa) - Es el capit\u00e1n, tiene 31 a\u00f1os y muchas lesiones a sus espaldas, pero Bastian Schweinsteiger record\u00f3 al \"Schweini\" que enamor\u00f3 a Alemania en el Mundial de 2006 cuando arranc\u00f3 desde la banda derecha para finalizar un contraataque extraordinario ante Ucrania. \"Tras el sprint hacia delante me qued\u00e9 un poco","inLanguage":"es-ES","isPartOf":{"@id":"https:\/\/candas365.es\/noticias\/#website"},"breadcrumb":{"@id":"https:\/\/candas365.es\/noticias\/el-gol-que-recordo-al-joven-schweinsteiger-uno-solo-suena-algo-asi\/#breadcrumblist"},"author":{"@id":"https:\/\/candas365.es\/noticias\/author\/admin\/#author"},"creator":{"@id":"https:\/\/candas365.es\/noticias\/author\/admin\/#author"},"image":{"@type":"ImageObject","url":"https:\/\/candas365.es\/noticias\/wp-content\/uploads\/2016\/06\/euro2016.jpg","@id":"https:\/\/candas365.es\/noticias\/el-gol-que-recordo-al-joven-schweinsteiger-uno-solo-suena-algo-asi\/#mainImage","width":800,"height":478},"primaryImageOfPage":{"@id":"https:\/\/candas365.es\/noticias\/el-gol-que-recordo-al-joven-schweinsteiger-uno-solo-suena-algo-asi\/#mainImage"},"datePublished":"2016-06-14T16:10:27+02:00","dateModified":"2016-06-14T16:10:27+02:00"},{"@type":"WebSite","@id":"https:\/\/candas365.es\/noticias\/#website","url":"https:\/\/candas365.es\/noticias\/","name":"Cand\u00e1s 365","alternateName":"Cand\u00e1s 365 Noticias","description":"Actualidad desde Carre\u00f1o para el mundo","inLanguage":"es-ES","publisher":{"@id":"https:\/\/candas365.es\/noticias\/#organization"}}]},"og:locale":"es_ES","og:site_name":"Cand\u00e1s 365","og:type":"article","og:title":"El gol que record\u00f3 al joven Schweinsteiger: \u00abUno s\u00f3lo sue\u00f1a algo as\u00ed\u00bb | Cand\u00e1s 365","og:description":"Lille (Francia), 14 jun (dpa) - Es el capit\u00e1n, tiene 31 a\u00f1os y muchas lesiones a sus espaldas, pero Bastian Schweinsteiger record\u00f3 al &quot;Schweini&quot; que enamor\u00f3 a Alemania en el Mundial de 2006 cuando arranc\u00f3 desde la banda derecha para finalizar un contraataque extraordinario ante Ucrania. &quot;Tras el sprint hacia delante me qued\u00e9 un poco","og:url":"https:\/\/candas365.es\/noticias\/el-gol-que-recordo-al-joven-schweinsteiger-uno-solo-suena-algo-asi\/","og:image":"https:\/\/candas365.es\/noticias\/wp-content\/uploads\/2016\/06\/euro2016.jpg","og:image:secure_url":"https:\/\/candas365.es\/noticias\/wp-content\/uploads\/2016\/06\/euro2016.jpg","og:image:width":800,"og:image:height":478,"article:published_time":"2016-06-14T14:40:27+00:00","article:modified_time":"2016-06-14T14:40:27+00:00","article:publisher":"https:\/\/www.facebook.com\/Nachofdezber","article:author":"https:\/\/www.facebook.com\/carrenoactualidad","twitter:card":"summary_large_image","twitter:site":"@NabercoDigital","twitter:title":"El gol que record\u00f3 al joven Schweinsteiger: \u00abUno s\u00f3lo sue\u00f1a algo as\u00ed\u00bb | Cand\u00e1s 365","twitter:description":"Lille (Francia), 14 jun (dpa) - Es el capit\u00e1n, tiene 31 a\u00f1os y muchas lesiones a sus espaldas, pero Bastian Schweinsteiger record\u00f3 al &quot;Schweini&quot; que enamor\u00f3 a Alemania en el Mundial de 2006 cuando arranc\u00f3 desde la banda derecha para finalizar un contraataque extraordinario ante Ucrania. &quot;Tras el sprint hacia delante me qued\u00e9 un poco","twitter:creator":"@nbasturias","twitter:image":"https:\/\/candas365.es\/noticias\/wp-content\/uploads\/2016\/06\/euro2016.jpg","twitter:label1":"Escrito por","twitter:data1":"Cand\u00e1s 365","twitter:label2":"Tiempo de lectura estimado","twitter:data2":"3 minutos"},"aioseo_meta_data":{"post_id":"30213","title":null,"description":null,"keywords":null,"keyphrases":null,"primary_term":null,"canonical_url":null,"og_title":null,"og_description":null,"og_object_type":"default","og_image_type":"default","og_image_url":null,"og_image_width":null,"og_image_height":null,"og_image_custom_url":null,"og_image_custom_fields":null,"og_video":null,"og_custom_url":null,"og_article_section":null,"og_article_tags":null,"twitter_use_og":false,"twitter_card":"default","twitter_image_type":"default","twitter_image_url":null,"twitter_image_custom_url":null,"twitter_image_custom_fields":null,"twitter_title":null,"twitter_description":null,"schema":{"blockGraphs":[],"customGraphs":[],"default":{"data":{"Article":[],"Course":[],"Dataset":[],"FAQPage":[],"Movie":[],"Person":[],"Product":[],"ProductReview":[],"Car":[],"Recipe":[],"Service":[],"SoftwareApplication":[],"WebPage":[]},"graphName":"","isEnabled":true},"graphs":[],"defaultGraph":"","defaultPostTypeGraph":""},"schema_type":null,"schema_type_options":null,"pillar_content":false,"robots_default":true,"robots_noindex":false,"robots_noarchive":false,"robots_nosnippet":false,"robots_nofollow":false,"robots_noimageindex":false,"robots_noodp":false,"robots_notranslate":false,"robots_max_snippet":null,"robots_max_videopreview":null,"robots_max_imagepreview":"large","priority":null,"frequency":null,"location":null,"local_seo":null,"seo_analyzer_scan_date":"2025-08-24 12:14:14","breadcrumb_settings":null,"limit_modified_date":false,"reviewed_by":null,"open_ai":null,"ai":null,"created":"2020-12-21 12:57:02","updated":"2025-08-24 12:14:14"},"aioseo_breadcrumb":"<div class=\"aioseo-breadcrumbs\"><span class=\"aioseo-breadcrumb\">\n\t<a href=\"https:\/\/candas365.es\/noticias\" title=\"Home\">Home<\/a>\n<\/span><span class=\"aioseo-breadcrumb-separator\">&ndash;<\/span><span class=\"aioseo-breadcrumb\">\n\t<a href=\"https:\/\/candas365.es\/noticias\/category\/actualidad\/\" title=\"Actualidad\">Actualidad<\/a>\n<\/span><span class=\"aioseo-breadcrumb-separator\">&ndash;<\/span><span class=\"aioseo-breadcrumb\">\n\tEl gol que record\u00f3 al joven Schweinsteiger: \u00abUno s\u00f3lo sue\u00f1a algo as\u00ed\u00bb\n<\/span><\/div>","aioseo_breadcrumb_json":[{"label":"Home","link":"https:\/\/candas365.es\/noticias"},{"label":"Actualidad","link":"https:\/\/candas365.es\/noticias\/category\/actualidad\/"},{"label":"El gol que record\u00f3 al joven Schweinsteiger: \u00abUno s\u00f3lo sue\u00f1a algo as\u00ed\u00bb","link":"https:\/\/candas365.es\/noticias\/el-gol-que-recordo-al-joven-schweinsteiger-uno-solo-suena-algo-asi\/"}],"_links":{"self":[{"href":"https:\/\/candas365.es\/noticias\/wp-json\/wp\/v2\/posts\/30213","targetHints":{"allow":["GET"]}}],"collection":[{"href":"https:\/\/candas365.es\/noticias\/wp-json\/wp\/v2\/posts"}],"about":[{"href":"https:\/\/candas365.es\/noticias\/wp-json\/wp\/v2\/types\/post"}],"author":[{"embeddable":true,"href":"https:\/\/candas365.es\/noticias\/wp-json\/wp\/v2\/users\/1"}],"replies":[{"embeddable":true,"href":"https:\/\/candas365.es\/noticias\/wp-json\/wp\/v2\/comments?post=30213"}],"version-history":[{"count":0,"href":"https:\/\/candas365.es\/noticias\/wp-json\/wp\/v2\/posts\/30213\/revisions"}],"wp:featuredmedia":[{"embeddable":true,"href":"https:\/\/candas365.es\/noticias\/wp-json\/wp\/v2\/media\/29884"}],"wp:attachment":[{"href":"https:\/\/candas365.es\/noticias\/wp-json\/wp\/v2\/media?parent=30213"}],"wp:term":[{"taxonomy":"category","embeddable":true,"href":"https:\/\/candas365.es\/noticias\/wp-json\/wp\/v2\/categories?post=30213"},{"taxonomy":"post_tag","embeddable":true,"href":"https:\/\/candas365.es\/noticias\/wp-json\/wp\/v2\/tags?post=30213"}],"curies":[{"name":"wp","href":"https:\/\/api.w.org\/{rel}","templated":true}]}}