{"id":30210,"date":"2016-06-14T16:09:02","date_gmt":"2016-06-14T14:39:02","guid":{"rendered":"http:\/\/candas365.es\/noticias\/?p=30210"},"modified":"2016-06-14T16:09:10","modified_gmt":"2016-06-14T14:39:10","slug":"lakadarma-presenta-su-primer-trabajo-discografico","status":"publish","type":"post","link":"https:\/\/candas365.es\/noticias\/lakadarma-presenta-su-primer-trabajo-discografico\/","title":{"rendered":"LaKadarma presenta su primer trabajo discogr\u00e1fico"},"content":{"rendered":"<p><img fetchpriority=\"high\" decoding=\"async\" class=\"alignleft size-medium wp-image-30211\" src=\"https:\/\/candas365.es\/noticias\/wp-content\/uploads\/2016\/06\/fotonoticia_20160613205331_800-360x140.jpg\" alt=\"fotonoticia_20160613205331_800\" width=\"360\" height=\"140\" srcset=\"https:\/\/candas365.es\/noticias\/wp-content\/uploads\/2016\/06\/fotonoticia_20160613205331_800-360x140.jpg 360w, https:\/\/candas365.es\/noticias\/wp-content\/uploads\/2016\/06\/fotonoticia_20160613205331_800-650x252.jpg 650w, https:\/\/candas365.es\/noticias\/wp-content\/uploads\/2016\/06\/fotonoticia_20160613205331_800-768x298.jpg 768w, https:\/\/candas365.es\/noticias\/wp-content\/uploads\/2016\/06\/fotonoticia_20160613205331_800-150x58.jpg 150w, https:\/\/candas365.es\/noticias\/wp-content\/uploads\/2016\/06\/fotonoticia_20160613205331_800-450x174.jpg 450w, https:\/\/candas365.es\/noticias\/wp-content\/uploads\/2016\/06\/fotonoticia_20160613205331_800-655x254.jpg 655w, https:\/\/candas365.es\/noticias\/wp-content\/uploads\/2016\/06\/fotonoticia_20160613205331_800-696x270.jpg 696w, https:\/\/candas365.es\/noticias\/wp-content\/uploads\/2016\/06\/fotonoticia_20160613205331_800.jpg 800w\" sizes=\"(max-width: 360px) 100vw, 360px\" \/>La Banda Gaites LaKadarma celebrar\u00e1 el pr\u00f3ximo viernes 17 de junio la presentaci\u00f3n de su primer trabajo discogr\u00e1fico. El acto ser\u00e1 a las 21.30 de la noche en el Llagar Estrada de Nava. En este primer EP, la agrupaci\u00f3n naveta hace un recorrido por algunas de las piezas que resumen la evoluci\u00f3n de la formaci\u00f3n durante sus cuatro a\u00f1os de existencia y que representan \u00abel ecl\u00e9ctico sonido &#8216;kad\u00e1rmico'\u00bb, se\u00f1alan en una nota de prensa.<\/p>\n<p>Aparte de la cl\u00e1sica formaci\u00f3n de la banda formada por una secci\u00f3n de gaitas en do y sol; y un cuerpo de percusi\u00f3n, que consta de cajas de alta tensi\u00f3n, timbales y bombo_, LaKadarma est\u00e1 acompa\u00f1ada en el disco de colaboradores que ya vienen participando en los \u00faltimos a\u00f1os en sus espect\u00e1culos en directo, como es el caso del naveto Juanjo D\u00edaz, a las percusiones; el gaitero mejicano Ernesto G\u00f3ngora, con la gaita escocesa; y los grupos bretones Alambig Elektrik y L&#8217;Usine \u00e0 Canards.<\/p>\n<p>Para facilitar esta tarea, el trabajo ha sido grabado en diversos estudios nacionales e internacionales, como la Escuela Municipal de M\u00fasica Tradicional de Llanes (Asturias), Arthur Music (An Orient, Breta\u00f1a), los Estudios Vertiz 99 (M\u00e9xico D.F.) y los Estudios 15:40 (Perdones, Asturias).<\/p>\n<p>El precio de la entrada al acto es de 15 euros _7&#8217;50 euros para ni\u00f1os y ni\u00f1as menores de 12 a\u00f1os_, en los que, aparte del acceso a la presentaci\u00f3n del disco, se incluye una espicha en el mismo Llagar Estrada y un concierto del grupo asturiano Sal\u00f3n Bomb\u00e9.<\/p>\n<p>Toda aquella persona que desee asistir, podr\u00e1 contactar con LaKadarma a trav\u00e9s de los n\u00fameros de contacto 628240388 \/ 610088898; o bien, enviando un email a lakadarmagmail.com en el que se detallen el nombre, el n\u00famero de entradas que se necesiten y un tel\u00e9fono de contacto.<\/p>\n<p>&nbsp;<\/p>\n<p>&nbsp;<\/p>\n","protected":false},"excerpt":{"rendered":"<p>La Banda Gaites LaKadarma celebrar\u00e1 el pr\u00f3ximo viernes 17 de junio la presentaci\u00f3n de su primer trabajo discogr\u00e1fico. El acto ser\u00e1 a las 21.30 de la noche en el Llagar Estrada de Nava. En este primer EP, la agrupaci\u00f3n naveta hace un recorrido por algunas de las piezas que resumen la evoluci\u00f3n de la formaci\u00f3n<\/p>\n","protected":false},"author":1,"featured_media":30211,"comment_status":"closed","ping_status":"closed","sticky":false,"template":"","format":"standard","meta":{"footnotes":""},"categories":[343],"tags":[],"class_list":{"0":"post-30210","1":"post","2":"type-post","3":"status-publish","4":"format-standard","5":"has-post-thumbnail","7":"category-actualidad"},"aioseo_notices":[],"aioseo_head":"\n\t\t<!-- All in One SEO Pro 4.9.6.2 - aioseo.com -->\n\t<meta name=\"description\" content=\"La Banda Gaites LaKadarma celebrar\u00e1 el pr\u00f3ximo viernes 17 de junio la presentaci\u00f3n de su primer trabajo discogr\u00e1fico. El acto ser\u00e1 a las 21.30 de la noche en el Llagar Estrada de Nava. En este primer EP, la agrupaci\u00f3n naveta hace un recorrido por algunas de las piezas que resumen la evoluci\u00f3n de la formaci\u00f3n\" \/>\n\t<meta name=\"robots\" content=\"max-image-preview:large\" \/>\n\t<meta name=\"author\" content=\"Cand\u00e1s 365\"\/>\n\t<meta name=\"google-site-verification\" content=\"UA-32230408-1\" \/>\n\t<meta name=\"msvalidate.01\" content=\"354F3CDFB2DA171B47FBE9ABF1F88D5\" \/>\n\t<meta name=\"keywords\" content=\"actualidad\" \/>\n\t<link rel=\"canonical\" href=\"https:\/\/candas365.es\/noticias\/lakadarma-presenta-su-primer-trabajo-discografico\/\" \/>\n\t<meta name=\"generator\" content=\"All in One SEO Pro (AIOSEO) 4.9.6.2\" \/>\n\t\t<meta property=\"og:locale\" content=\"es_ES\" \/>\n\t\t<meta property=\"og:site_name\" content=\"Cand\u00e1s 365\" \/>\n\t\t<meta property=\"og:type\" content=\"article\" \/>\n\t\t<meta property=\"og:title\" content=\"LaKadarma presenta su primer trabajo discogr\u00e1fico | Cand\u00e1s 365\" \/>\n\t\t<meta property=\"og:description\" content=\"La Banda Gaites LaKadarma celebrar\u00e1 el pr\u00f3ximo viernes 17 de junio la presentaci\u00f3n de su primer trabajo discogr\u00e1fico. El acto ser\u00e1 a las 21.30 de la noche en el Llagar Estrada de Nava. En este primer EP, la agrupaci\u00f3n naveta hace un recorrido por algunas de las piezas que resumen la evoluci\u00f3n de la formaci\u00f3n\" \/>\n\t\t<meta property=\"og:url\" content=\"https:\/\/candas365.es\/noticias\/lakadarma-presenta-su-primer-trabajo-discografico\/\" \/>\n\t\t<meta property=\"og:image\" content=\"https:\/\/candas365.es\/noticias\/wp-content\/uploads\/2016\/06\/fotonoticia_20160613205331_800.jpg\" \/>\n\t\t<meta property=\"og:image:secure_url\" content=\"https:\/\/candas365.es\/noticias\/wp-content\/uploads\/2016\/06\/fotonoticia_20160613205331_800.jpg\" \/>\n\t\t<meta property=\"og:image:width\" content=\"800\" \/>\n\t\t<meta property=\"og:image:height\" content=\"310\" \/>\n\t\t<meta property=\"article:published_time\" content=\"2016-06-14T14:39:02+00:00\" \/>\n\t\t<meta property=\"article:modified_time\" content=\"2016-06-14T14:39:10+00:00\" \/>\n\t\t<meta property=\"article:publisher\" content=\"https:\/\/www.facebook.com\/Nachofdezber\" \/>\n\t\t<meta property=\"article:author\" content=\"https:\/\/www.facebook.com\/carrenoactualidad\" \/>\n\t\t<meta name=\"twitter:card\" content=\"summary_large_image\" \/>\n\t\t<meta name=\"twitter:site\" content=\"@NabercoDigital\" \/>\n\t\t<meta name=\"twitter:title\" content=\"LaKadarma presenta su primer trabajo discogr\u00e1fico | Cand\u00e1s 365\" \/>\n\t\t<meta name=\"twitter:description\" content=\"La Banda Gaites LaKadarma celebrar\u00e1 el pr\u00f3ximo viernes 17 de junio la presentaci\u00f3n de su primer trabajo discogr\u00e1fico. El acto ser\u00e1 a las 21.30 de la noche en el Llagar Estrada de Nava. En este primer EP, la agrupaci\u00f3n naveta hace un recorrido por algunas de las piezas que resumen la evoluci\u00f3n de la formaci\u00f3n\" \/>\n\t\t<meta name=\"twitter:creator\" content=\"@nbasturias\" \/>\n\t\t<meta name=\"twitter:image\" content=\"https:\/\/candas365.es\/noticias\/wp-content\/uploads\/2016\/06\/fotonoticia_20160613205331_800.jpg\" \/>\n\t\t<meta name=\"twitter:label1\" content=\"Escrito por\" \/>\n\t\t<meta name=\"twitter:data1\" content=\"Cand\u00e1s 365\" \/>\n\t\t<meta name=\"twitter:label2\" content=\"Tiempo de lectura estimado\" \/>\n\t\t<meta name=\"twitter:data2\" content=\"2 minutos\" \/>\n\t\t<script type=\"application\/ld+json\" class=\"aioseo-schema\">\n\t\t\t{\"@context\":\"https:\\\/\\\/schema.org\",\"@graph\":[{\"@type\":\"BreadcrumbList\",\"@id\":\"https:\\\/\\\/candas365.es\\\/noticias\\\/lakadarma-presenta-su-primer-trabajo-discografico\\\/#breadcrumblist\",\"itemListElement\":[{\"@type\":\"ListItem\",\"@id\":\"https:\\\/\\\/candas365.es\\\/noticias#listItem\",\"position\":1,\"name\":\"Home\",\"item\":\"https:\\\/\\\/candas365.es\\\/noticias\",\"nextItem\":{\"@type\":\"ListItem\",\"@id\":\"https:\\\/\\\/candas365.es\\\/noticias\\\/category\\\/actualidad\\\/#listItem\",\"name\":\"Actualidad\"}},{\"@type\":\"ListItem\",\"@id\":\"https:\\\/\\\/candas365.es\\\/noticias\\\/category\\\/actualidad\\\/#listItem\",\"position\":2,\"name\":\"Actualidad\",\"item\":\"https:\\\/\\\/candas365.es\\\/noticias\\\/category\\\/actualidad\\\/\",\"nextItem\":{\"@type\":\"ListItem\",\"@id\":\"https:\\\/\\\/candas365.es\\\/noticias\\\/lakadarma-presenta-su-primer-trabajo-discografico\\\/#listItem\",\"name\":\"LaKadarma presenta su primer trabajo discogr\\u00e1fico\"},\"previousItem\":{\"@type\":\"ListItem\",\"@id\":\"https:\\\/\\\/candas365.es\\\/noticias#listItem\",\"name\":\"Home\"}},{\"@type\":\"ListItem\",\"@id\":\"https:\\\/\\\/candas365.es\\\/noticias\\\/lakadarma-presenta-su-primer-trabajo-discografico\\\/#listItem\",\"position\":3,\"name\":\"LaKadarma presenta su primer trabajo discogr\\u00e1fico\",\"previousItem\":{\"@type\":\"ListItem\",\"@id\":\"https:\\\/\\\/candas365.es\\\/noticias\\\/category\\\/actualidad\\\/#listItem\",\"name\":\"Actualidad\"}}]},{\"@type\":\"NewsArticle\",\"@id\":\"https:\\\/\\\/candas365.es\\\/noticias\\\/lakadarma-presenta-su-primer-trabajo-discografico\\\/#newsarticle\",\"name\":\"LaKadarma presenta su primer trabajo discogr\\u00e1fico | Cand\\u00e1s 365\",\"headline\":\"LaKadarma presenta su primer trabajo discogr\\u00e1fico\",\"author\":{\"@id\":\"https:\\\/\\\/candas365.es\\\/noticias\\\/author\\\/admin\\\/#author\"},\"publisher\":{\"@id\":\"https:\\\/\\\/candas365.es\\\/noticias\\\/#organization\"},\"image\":{\"@type\":\"ImageObject\",\"url\":\"https:\\\/\\\/candas365.es\\\/noticias\\\/wp-content\\\/uploads\\\/2016\\\/06\\\/fotonoticia_20160613205331_800.jpg\",\"width\":800,\"height\":310},\"datePublished\":\"2016-06-14T16:09:02+02:00\",\"dateModified\":\"2016-06-14T16:09:10+02:00\",\"inLanguage\":\"es-ES\",\"mainEntityOfPage\":{\"@id\":\"https:\\\/\\\/candas365.es\\\/noticias\\\/lakadarma-presenta-su-primer-trabajo-discografico\\\/#webpage\"},\"isPartOf\":{\"@id\":\"https:\\\/\\\/candas365.es\\\/noticias\\\/lakadarma-presenta-su-primer-trabajo-discografico\\\/#webpage\"},\"articleSection\":\"Actualidad\",\"dateline\":\"Publicado el junio 14, 2016.\"},{\"@type\":\"Organization\",\"@id\":\"https:\\\/\\\/candas365.es\\\/noticias\\\/#organization\",\"name\":\"Cand\\u00e1s 365\",\"description\":\"Cand\\u00e1s 365 es un diario digital independiente, fundado en 2012, con base en Asturias. Informamos con rigor sobre actualidad, sociedad, cultura y ocio, con una mirada local y global.\",\"url\":\"https:\\\/\\\/candas365.es\\\/noticias\\\/\",\"email\":\"info@candas365.es\",\"telephone\":\"+34652131393\",\"foundingDate\":\"2012-06-10\",\"logo\":{\"@type\":\"ImageObject\",\"url\":\"https:\\\/\\\/candas365.es\\\/noticias\\\/wp-content\\\/uploads\\\/2024\\\/09\\\/Candas-365-Redes.jpg\",\"@id\":\"https:\\\/\\\/candas365.es\\\/noticias\\\/lakadarma-presenta-su-primer-trabajo-discografico\\\/#organizationLogo\",\"width\":1152,\"height\":864,\"caption\":\"Cand\\u00e1s 365 Redes\"},\"image\":{\"@id\":\"https:\\\/\\\/candas365.es\\\/noticias\\\/lakadarma-presenta-su-primer-trabajo-discografico\\\/#organizationLogo\"},\"sameAs\":[\"https:\\\/\\\/www.facebook.com\\\/Nachofdezber\",\"https:\\\/\\\/x.com\\\/NabercoDigital\",\"https:\\\/\\\/www.instagram.com\\\/nachofdezber\\\/\",\"https:\\\/\\\/www.youtube.com\\\/channel\\\/UCZP-2wLEB9Rv6erhFmqVnvg\"],\"address\":{\"@id\":\"https:\\\/\\\/candas365.es\\\/noticias\\\/#postaladdress\",\"@type\":\"PostalAddress\",\"streetAddress\":\"san antonio 4, san antonio 4\",\"postalCode\":\"33430\",\"addressLocality\":\"Cand\\u00e1s\",\"addressRegion\":\"Asturias\",\"addressCountry\":\"ES\"}},{\"@type\":\"Person\",\"@id\":\"https:\\\/\\\/candas365.es\\\/noticias\\\/author\\\/admin\\\/#author\",\"url\":\"https:\\\/\\\/candas365.es\\\/noticias\\\/author\\\/admin\\\/\",\"name\":\"Cand\\u00e1s 365\",\"image\":{\"@type\":\"ImageObject\",\"@id\":\"https:\\\/\\\/candas365.es\\\/noticias\\\/lakadarma-presenta-su-primer-trabajo-discografico\\\/#authorImage\",\"url\":\"https:\\\/\\\/secure.gravatar.com\\\/avatar\\\/496a8e03d0c493ede1718b7934145dbdf8d89be1036b0eec9544e1094c9de390?s=96&d=mm&r=g\",\"width\":96,\"height\":96,\"caption\":\"Cand\\u00e1s 365\"},\"sameAs\":[\"https:\\\/\\\/www.facebook.com\\\/carrenoactualidad\",\"https:\\\/\\\/twitter.com\\\/nbasturias\",\"https:\\\/\\\/www.instagram.com\\\/nachofdezber\\\/\",\"https:\\\/\\\/www.youtube.com\\\/channel\\\/UCZP-2wLEB9Rv6erhFmqVnvg\"]},{\"@type\":\"WebPage\",\"@id\":\"https:\\\/\\\/candas365.es\\\/noticias\\\/lakadarma-presenta-su-primer-trabajo-discografico\\\/#webpage\",\"url\":\"https:\\\/\\\/candas365.es\\\/noticias\\\/lakadarma-presenta-su-primer-trabajo-discografico\\\/\",\"name\":\"LaKadarma presenta su primer trabajo discogr\\u00e1fico | Cand\\u00e1s 365\",\"description\":\"La Banda Gaites LaKadarma celebrar\\u00e1 el pr\\u00f3ximo viernes 17 de junio la presentaci\\u00f3n de su primer trabajo discogr\\u00e1fico. El acto ser\\u00e1 a las 21.30 de la noche en el Llagar Estrada de Nava. En este primer EP, la agrupaci\\u00f3n naveta hace un recorrido por algunas de las piezas que resumen la evoluci\\u00f3n de la formaci\\u00f3n\",\"inLanguage\":\"es-ES\",\"isPartOf\":{\"@id\":\"https:\\\/\\\/candas365.es\\\/noticias\\\/#website\"},\"breadcrumb\":{\"@id\":\"https:\\\/\\\/candas365.es\\\/noticias\\\/lakadarma-presenta-su-primer-trabajo-discografico\\\/#breadcrumblist\"},\"author\":{\"@id\":\"https:\\\/\\\/candas365.es\\\/noticias\\\/author\\\/admin\\\/#author\"},\"creator\":{\"@id\":\"https:\\\/\\\/candas365.es\\\/noticias\\\/author\\\/admin\\\/#author\"},\"image\":{\"@type\":\"ImageObject\",\"url\":\"https:\\\/\\\/candas365.es\\\/noticias\\\/wp-content\\\/uploads\\\/2016\\\/06\\\/fotonoticia_20160613205331_800.jpg\",\"@id\":\"https:\\\/\\\/candas365.es\\\/noticias\\\/lakadarma-presenta-su-primer-trabajo-discografico\\\/#mainImage\",\"width\":800,\"height\":310},\"primaryImageOfPage\":{\"@id\":\"https:\\\/\\\/candas365.es\\\/noticias\\\/lakadarma-presenta-su-primer-trabajo-discografico\\\/#mainImage\"},\"datePublished\":\"2016-06-14T16:09:02+02:00\",\"dateModified\":\"2016-06-14T16:09:10+02:00\"},{\"@type\":\"WebSite\",\"@id\":\"https:\\\/\\\/candas365.es\\\/noticias\\\/#website\",\"url\":\"https:\\\/\\\/candas365.es\\\/noticias\\\/\",\"name\":\"Cand\\u00e1s 365\",\"alternateName\":\"Cand\\u00e1s 365 Noticias\",\"description\":\"Actualidad desde Carre\\u00f1o para el mundo\",\"inLanguage\":\"es-ES\",\"publisher\":{\"@id\":\"https:\\\/\\\/candas365.es\\\/noticias\\\/#organization\"}}]}\n\t\t<\/script>\n\t\t<!-- All in One SEO Pro -->\r\n\t\t<title>LaKadarma presenta su primer trabajo discogr\u00e1fico | Cand\u00e1s 365<\/title>\n\n","aioseo_head_json":{"title":"LaKadarma presenta su primer trabajo discogr\u00e1fico | Cand\u00e1s 365","description":"La Banda Gaites LaKadarma celebrar\u00e1 el pr\u00f3ximo viernes 17 de junio la presentaci\u00f3n de su primer trabajo discogr\u00e1fico. El acto ser\u00e1 a las 21.30 de la noche en el Llagar Estrada de Nava. En este primer EP, la agrupaci\u00f3n naveta hace un recorrido por algunas de las piezas que resumen la evoluci\u00f3n de la formaci\u00f3n","canonical_url":"https:\/\/candas365.es\/noticias\/lakadarma-presenta-su-primer-trabajo-discografico\/","robots":"max-image-preview:large","keywords":"actualidad","webmasterTools":{"google-site-verification":"UA-32230408-1","msvalidate.01":"354F3CDFB2DA171B47FBE9ABF1F88D5","miscellaneous":""},"schema":{"@context":"https:\/\/schema.org","@graph":[{"@type":"BreadcrumbList","@id":"https:\/\/candas365.es\/noticias\/lakadarma-presenta-su-primer-trabajo-discografico\/#breadcrumblist","itemListElement":[{"@type":"ListItem","@id":"https:\/\/candas365.es\/noticias#listItem","position":1,"name":"Home","item":"https:\/\/candas365.es\/noticias","nextItem":{"@type":"ListItem","@id":"https:\/\/candas365.es\/noticias\/category\/actualidad\/#listItem","name":"Actualidad"}},{"@type":"ListItem","@id":"https:\/\/candas365.es\/noticias\/category\/actualidad\/#listItem","position":2,"name":"Actualidad","item":"https:\/\/candas365.es\/noticias\/category\/actualidad\/","nextItem":{"@type":"ListItem","@id":"https:\/\/candas365.es\/noticias\/lakadarma-presenta-su-primer-trabajo-discografico\/#listItem","name":"LaKadarma presenta su primer trabajo discogr\u00e1fico"},"previousItem":{"@type":"ListItem","@id":"https:\/\/candas365.es\/noticias#listItem","name":"Home"}},{"@type":"ListItem","@id":"https:\/\/candas365.es\/noticias\/lakadarma-presenta-su-primer-trabajo-discografico\/#listItem","position":3,"name":"LaKadarma presenta su primer trabajo discogr\u00e1fico","previousItem":{"@type":"ListItem","@id":"https:\/\/candas365.es\/noticias\/category\/actualidad\/#listItem","name":"Actualidad"}}]},{"@type":"NewsArticle","@id":"https:\/\/candas365.es\/noticias\/lakadarma-presenta-su-primer-trabajo-discografico\/#newsarticle","name":"LaKadarma presenta su primer trabajo discogr\u00e1fico | Cand\u00e1s 365","headline":"LaKadarma presenta su primer trabajo discogr\u00e1fico","author":{"@id":"https:\/\/candas365.es\/noticias\/author\/admin\/#author"},"publisher":{"@id":"https:\/\/candas365.es\/noticias\/#organization"},"image":{"@type":"ImageObject","url":"https:\/\/candas365.es\/noticias\/wp-content\/uploads\/2016\/06\/fotonoticia_20160613205331_800.jpg","width":800,"height":310},"datePublished":"2016-06-14T16:09:02+02:00","dateModified":"2016-06-14T16:09:10+02:00","inLanguage":"es-ES","mainEntityOfPage":{"@id":"https:\/\/candas365.es\/noticias\/lakadarma-presenta-su-primer-trabajo-discografico\/#webpage"},"isPartOf":{"@id":"https:\/\/candas365.es\/noticias\/lakadarma-presenta-su-primer-trabajo-discografico\/#webpage"},"articleSection":"Actualidad","dateline":"Publicado el junio 14, 2016."},{"@type":"Organization","@id":"https:\/\/candas365.es\/noticias\/#organization","name":"Cand\u00e1s 365","description":"Cand\u00e1s 365 es un diario digital independiente, fundado en 2012, con base en Asturias. Informamos con rigor sobre actualidad, sociedad, cultura y ocio, con una mirada local y global.","url":"https:\/\/candas365.es\/noticias\/","email":"info@candas365.es","telephone":"+34652131393","foundingDate":"2012-06-10","logo":{"@type":"ImageObject","url":"https:\/\/candas365.es\/noticias\/wp-content\/uploads\/2024\/09\/Candas-365-Redes.jpg","@id":"https:\/\/candas365.es\/noticias\/lakadarma-presenta-su-primer-trabajo-discografico\/#organizationLogo","width":1152,"height":864,"caption":"Cand\u00e1s 365 Redes"},"image":{"@id":"https:\/\/candas365.es\/noticias\/lakadarma-presenta-su-primer-trabajo-discografico\/#organizationLogo"},"sameAs":["https:\/\/www.facebook.com\/Nachofdezber","https:\/\/x.com\/NabercoDigital","https:\/\/www.instagram.com\/nachofdezber\/","https:\/\/www.youtube.com\/channel\/UCZP-2wLEB9Rv6erhFmqVnvg"],"address":{"@id":"https:\/\/candas365.es\/noticias\/#postaladdress","@type":"PostalAddress","streetAddress":"san antonio 4, san antonio 4","postalCode":"33430","addressLocality":"Cand\u00e1s","addressRegion":"Asturias","addressCountry":"ES"}},{"@type":"Person","@id":"https:\/\/candas365.es\/noticias\/author\/admin\/#author","url":"https:\/\/candas365.es\/noticias\/author\/admin\/","name":"Cand\u00e1s 365","image":{"@type":"ImageObject","@id":"https:\/\/candas365.es\/noticias\/lakadarma-presenta-su-primer-trabajo-discografico\/#authorImage","url":"https:\/\/secure.gravatar.com\/avatar\/496a8e03d0c493ede1718b7934145dbdf8d89be1036b0eec9544e1094c9de390?s=96&d=mm&r=g","width":96,"height":96,"caption":"Cand\u00e1s 365"},"sameAs":["https:\/\/www.facebook.com\/carrenoactualidad","https:\/\/twitter.com\/nbasturias","https:\/\/www.instagram.com\/nachofdezber\/","https:\/\/www.youtube.com\/channel\/UCZP-2wLEB9Rv6erhFmqVnvg"]},{"@type":"WebPage","@id":"https:\/\/candas365.es\/noticias\/lakadarma-presenta-su-primer-trabajo-discografico\/#webpage","url":"https:\/\/candas365.es\/noticias\/lakadarma-presenta-su-primer-trabajo-discografico\/","name":"LaKadarma presenta su primer trabajo discogr\u00e1fico | Cand\u00e1s 365","description":"La Banda Gaites LaKadarma celebrar\u00e1 el pr\u00f3ximo viernes 17 de junio la presentaci\u00f3n de su primer trabajo discogr\u00e1fico. El acto ser\u00e1 a las 21.30 de la noche en el Llagar Estrada de Nava. En este primer EP, la agrupaci\u00f3n naveta hace un recorrido por algunas de las piezas que resumen la evoluci\u00f3n de la formaci\u00f3n","inLanguage":"es-ES","isPartOf":{"@id":"https:\/\/candas365.es\/noticias\/#website"},"breadcrumb":{"@id":"https:\/\/candas365.es\/noticias\/lakadarma-presenta-su-primer-trabajo-discografico\/#breadcrumblist"},"author":{"@id":"https:\/\/candas365.es\/noticias\/author\/admin\/#author"},"creator":{"@id":"https:\/\/candas365.es\/noticias\/author\/admin\/#author"},"image":{"@type":"ImageObject","url":"https:\/\/candas365.es\/noticias\/wp-content\/uploads\/2016\/06\/fotonoticia_20160613205331_800.jpg","@id":"https:\/\/candas365.es\/noticias\/lakadarma-presenta-su-primer-trabajo-discografico\/#mainImage","width":800,"height":310},"primaryImageOfPage":{"@id":"https:\/\/candas365.es\/noticias\/lakadarma-presenta-su-primer-trabajo-discografico\/#mainImage"},"datePublished":"2016-06-14T16:09:02+02:00","dateModified":"2016-06-14T16:09:10+02:00"},{"@type":"WebSite","@id":"https:\/\/candas365.es\/noticias\/#website","url":"https:\/\/candas365.es\/noticias\/","name":"Cand\u00e1s 365","alternateName":"Cand\u00e1s 365 Noticias","description":"Actualidad desde Carre\u00f1o para el mundo","inLanguage":"es-ES","publisher":{"@id":"https:\/\/candas365.es\/noticias\/#organization"}}]},"og:locale":"es_ES","og:site_name":"Cand\u00e1s 365","og:type":"article","og:title":"LaKadarma presenta su primer trabajo discogr\u00e1fico | Cand\u00e1s 365","og:description":"La Banda Gaites LaKadarma celebrar\u00e1 el pr\u00f3ximo viernes 17 de junio la presentaci\u00f3n de su primer trabajo discogr\u00e1fico. El acto ser\u00e1 a las 21.30 de la noche en el Llagar Estrada de Nava. En este primer EP, la agrupaci\u00f3n naveta hace un recorrido por algunas de las piezas que resumen la evoluci\u00f3n de la formaci\u00f3n","og:url":"https:\/\/candas365.es\/noticias\/lakadarma-presenta-su-primer-trabajo-discografico\/","og:image":"https:\/\/candas365.es\/noticias\/wp-content\/uploads\/2016\/06\/fotonoticia_20160613205331_800.jpg","og:image:secure_url":"https:\/\/candas365.es\/noticias\/wp-content\/uploads\/2016\/06\/fotonoticia_20160613205331_800.jpg","og:image:width":800,"og:image:height":310,"article:published_time":"2016-06-14T14:39:02+00:00","article:modified_time":"2016-06-14T14:39:10+00:00","article:publisher":"https:\/\/www.facebook.com\/Nachofdezber","article:author":"https:\/\/www.facebook.com\/carrenoactualidad","twitter:card":"summary_large_image","twitter:site":"@NabercoDigital","twitter:title":"LaKadarma presenta su primer trabajo discogr\u00e1fico | Cand\u00e1s 365","twitter:description":"La Banda Gaites LaKadarma celebrar\u00e1 el pr\u00f3ximo viernes 17 de junio la presentaci\u00f3n de su primer trabajo discogr\u00e1fico. El acto ser\u00e1 a las 21.30 de la noche en el Llagar Estrada de Nava. En este primer EP, la agrupaci\u00f3n naveta hace un recorrido por algunas de las piezas que resumen la evoluci\u00f3n de la formaci\u00f3n","twitter:creator":"@nbasturias","twitter:image":"https:\/\/candas365.es\/noticias\/wp-content\/uploads\/2016\/06\/fotonoticia_20160613205331_800.jpg","twitter:label1":"Escrito por","twitter:data1":"Cand\u00e1s 365","twitter:label2":"Tiempo de lectura estimado","twitter:data2":"2 minutos"},"aioseo_meta_data":{"post_id":"30210","title":null,"description":null,"keywords":null,"keyphrases":null,"primary_term":null,"canonical_url":null,"og_title":null,"og_description":null,"og_object_type":"default","og_image_type":"default","og_image_url":null,"og_image_width":null,"og_image_height":null,"og_image_custom_url":null,"og_image_custom_fields":null,"og_video":null,"og_custom_url":null,"og_article_section":null,"og_article_tags":null,"twitter_use_og":false,"twitter_card":"default","twitter_image_type":"default","twitter_image_url":null,"twitter_image_custom_url":null,"twitter_image_custom_fields":null,"twitter_title":null,"twitter_description":null,"schema":{"blockGraphs":[],"customGraphs":[],"default":{"data":{"Article":[],"Course":[],"Dataset":[],"FAQPage":[],"Movie":[],"Person":[],"Product":[],"ProductReview":[],"Car":[],"Recipe":[],"Service":[],"SoftwareApplication":[],"WebPage":[]},"graphName":"","isEnabled":true},"graphs":[],"defaultGraph":"","defaultPostTypeGraph":""},"schema_type":null,"schema_type_options":null,"pillar_content":false,"robots_default":true,"robots_noindex":false,"robots_noarchive":false,"robots_nosnippet":false,"robots_nofollow":false,"robots_noimageindex":false,"robots_noodp":false,"robots_notranslate":false,"robots_max_snippet":null,"robots_max_videopreview":null,"robots_max_imagepreview":"large","priority":null,"frequency":null,"location":null,"local_seo":null,"seo_analyzer_scan_date":"2025-08-24 12:14:13","breadcrumb_settings":null,"limit_modified_date":false,"reviewed_by":null,"open_ai":null,"ai":null,"created":"2020-12-21 12:57:02","updated":"2025-08-24 12:14:13"},"aioseo_breadcrumb":"<div class=\"aioseo-breadcrumbs\"><span class=\"aioseo-breadcrumb\">\n\t<a href=\"https:\/\/candas365.es\/noticias\" title=\"Home\">Home<\/a>\n<\/span><span class=\"aioseo-breadcrumb-separator\">&ndash;<\/span><span class=\"aioseo-breadcrumb\">\n\t<a href=\"https:\/\/candas365.es\/noticias\/category\/actualidad\/\" title=\"Actualidad\">Actualidad<\/a>\n<\/span><span class=\"aioseo-breadcrumb-separator\">&ndash;<\/span><span class=\"aioseo-breadcrumb\">\n\tLaKadarma presenta su primer trabajo discogr\u00e1fico\n<\/span><\/div>","aioseo_breadcrumb_json":[{"label":"Home","link":"https:\/\/candas365.es\/noticias"},{"label":"Actualidad","link":"https:\/\/candas365.es\/noticias\/category\/actualidad\/"},{"label":"LaKadarma presenta su primer trabajo discogr\u00e1fico","link":"https:\/\/candas365.es\/noticias\/lakadarma-presenta-su-primer-trabajo-discografico\/"}],"_links":{"self":[{"href":"https:\/\/candas365.es\/noticias\/wp-json\/wp\/v2\/posts\/30210","targetHints":{"allow":["GET"]}}],"collection":[{"href":"https:\/\/candas365.es\/noticias\/wp-json\/wp\/v2\/posts"}],"about":[{"href":"https:\/\/candas365.es\/noticias\/wp-json\/wp\/v2\/types\/post"}],"author":[{"embeddable":true,"href":"https:\/\/candas365.es\/noticias\/wp-json\/wp\/v2\/users\/1"}],"replies":[{"embeddable":true,"href":"https:\/\/candas365.es\/noticias\/wp-json\/wp\/v2\/comments?post=30210"}],"version-history":[{"count":0,"href":"https:\/\/candas365.es\/noticias\/wp-json\/wp\/v2\/posts\/30210\/revisions"}],"wp:featuredmedia":[{"embeddable":true,"href":"https:\/\/candas365.es\/noticias\/wp-json\/wp\/v2\/media\/30211"}],"wp:attachment":[{"href":"https:\/\/candas365.es\/noticias\/wp-json\/wp\/v2\/media?parent=30210"}],"wp:term":[{"taxonomy":"category","embeddable":true,"href":"https:\/\/candas365.es\/noticias\/wp-json\/wp\/v2\/categories?post=30210"},{"taxonomy":"post_tag","embeddable":true,"href":"https:\/\/candas365.es\/noticias\/wp-json\/wp\/v2\/tags?post=30210"}],"curies":[{"name":"wp","href":"https:\/\/api.w.org\/{rel}","templated":true}]}}