{"id":30208,"date":"2016-06-14T16:07:36","date_gmt":"2016-06-14T14:37:36","guid":{"rendered":"http:\/\/candas365.es\/noticias\/?p=30208"},"modified":"2016-06-14T16:07:36","modified_gmt":"2016-06-14T14:37:36","slug":"denunciadas-dos-jovenes-por-sustraer-botes-de-tinte-del-pelo-en-un-centro-comercial","status":"publish","type":"post","link":"https:\/\/candas365.es\/noticias\/denunciadas-dos-jovenes-por-sustraer-botes-de-tinte-del-pelo-en-un-centro-comercial\/","title":{"rendered":"Denunciadas dos j\u00f3venes por sustraer botes de tinte del pelo en un centro comercial"},"content":{"rendered":"<p>Agentes de la Polic\u00eda Nacional han denunciado a dos j\u00f3venes de 18 y 19 a\u00f1os de edad acusadas de sustraer botes de tinte de pelo en un centro comercial, seg\u00fan una nota de prensa de la Comisar\u00eda gijonesa.<\/p>\n<p>Una de las j\u00f3venes vigilaba en el pasillo mientras la otra romp\u00eda los precintos y se guardaba los botes entre las ropas. Posteriormente, salieron por las l\u00edneas de cajas abonando un refresco y ocultando los efectos. Las j\u00f3venes fueron interceptadas y denunciadas por un delito leve de hurto y se ha tramitado contra ellas un juicio r\u00e1pido que se celebrar\u00e1 este pr\u00f3ximo mi\u00e9rcoles.<\/p>\n<p>Por otro lado, la Polic\u00eda Nacional ha detenido a un ciudadano franc\u00e9s, de 34 a\u00f1os, por supuestamente causar da\u00f1os en las c\u00e1maras de seguridad ubicadas en la Plaza del Marqu\u00e9s. Un testigo de los hechos alert\u00f3 a la Polic\u00eda a las 7.00 horas del pasado domingo, al ver que un joven trepaba al m\u00e1stil donde se hallan ubicadas las c\u00e1maras de control de acceso al barrio de Cimadevilla y fracturaba dos c\u00e1maras de seguridad mientras sus amigos le esperaban en las inmediaciones. Los agentes los localizaron mientras hu\u00edan por la calle San Bernardo y detuvieron al autor.<\/p>\n<p>&nbsp;<\/p>\n","protected":false},"excerpt":{"rendered":"<p>Agentes de la Polic\u00eda Nacional han denunciado a dos j\u00f3venes de 18 y 19 a\u00f1os de edad acusadas de sustraer botes de tinte de pelo en un centro comercial, seg\u00fan una nota de prensa de la Comisar\u00eda gijonesa. Una de las j\u00f3venes vigilaba en el pasillo mientras la otra romp\u00eda los precintos y se guardaba<\/p>\n","protected":false},"author":1,"featured_media":1337,"comment_status":"closed","ping_status":"closed","sticky":false,"template":"","format":"standard","meta":{"footnotes":""},"categories":[343],"tags":[],"class_list":{"0":"post-30208","1":"post","2":"type-post","3":"status-publish","4":"format-standard","5":"has-post-thumbnail","7":"category-actualidad"},"aioseo_notices":[],"aioseo_head":"\n\t\t<!-- All in One SEO Pro 4.9.6.2 - aioseo.com -->\n\t<meta name=\"description\" content=\"Agentes de la Polic\u00eda Nacional han denunciado a dos j\u00f3venes de 18 y 19 a\u00f1os de edad acusadas de sustraer botes de tinte de pelo en un centro comercial, seg\u00fan una nota de prensa de la Comisar\u00eda gijonesa. Una de las j\u00f3venes vigilaba en el pasillo mientras la otra romp\u00eda los precintos y se guardaba\" \/>\n\t<meta name=\"robots\" content=\"max-image-preview:large\" \/>\n\t<meta name=\"author\" content=\"Cand\u00e1s 365\"\/>\n\t<meta name=\"google-site-verification\" content=\"UA-32230408-1\" \/>\n\t<meta name=\"msvalidate.01\" content=\"354F3CDFB2DA171B47FBE9ABF1F88D5\" \/>\n\t<meta name=\"keywords\" content=\"actualidad\" \/>\n\t<link rel=\"canonical\" href=\"https:\/\/candas365.es\/noticias\/denunciadas-dos-jovenes-por-sustraer-botes-de-tinte-del-pelo-en-un-centro-comercial\/\" \/>\n\t<meta name=\"generator\" content=\"All in One SEO Pro (AIOSEO) 4.9.6.2\" \/>\n\t\t<meta property=\"og:locale\" content=\"es_ES\" \/>\n\t\t<meta property=\"og:site_name\" content=\"Cand\u00e1s 365\" \/>\n\t\t<meta property=\"og:type\" content=\"article\" \/>\n\t\t<meta property=\"og:title\" content=\"Denunciadas dos j\u00f3venes por sustraer botes de tinte del pelo en un centro comercial | Cand\u00e1s 365\" \/>\n\t\t<meta property=\"og:description\" content=\"Agentes de la Polic\u00eda Nacional han denunciado a dos j\u00f3venes de 18 y 19 a\u00f1os de edad acusadas de sustraer botes de tinte de pelo en un centro comercial, seg\u00fan una nota de prensa de la Comisar\u00eda gijonesa. Una de las j\u00f3venes vigilaba en el pasillo mientras la otra romp\u00eda los precintos y se guardaba\" \/>\n\t\t<meta property=\"og:url\" content=\"https:\/\/candas365.es\/noticias\/denunciadas-dos-jovenes-por-sustraer-botes-de-tinte-del-pelo-en-un-centro-comercial\/\" \/>\n\t\t<meta property=\"og:image\" content=\"https:\/\/candas365.es\/noticias\/wp-content\/uploads\/2014\/09\/policia1.jpg\" \/>\n\t\t<meta property=\"og:image:secure_url\" content=\"https:\/\/candas365.es\/noticias\/wp-content\/uploads\/2014\/09\/policia1.jpg\" \/>\n\t\t<meta property=\"og:image:width\" content=\"800\" \/>\n\t\t<meta property=\"og:image:height\" content=\"504\" \/>\n\t\t<meta property=\"article:published_time\" content=\"2016-06-14T14:37:36+00:00\" \/>\n\t\t<meta property=\"article:modified_time\" content=\"2016-06-14T14:37:36+00:00\" \/>\n\t\t<meta property=\"article:publisher\" content=\"https:\/\/www.facebook.com\/Nachofdezber\" \/>\n\t\t<meta property=\"article:author\" content=\"https:\/\/www.facebook.com\/carrenoactualidad\" \/>\n\t\t<meta name=\"twitter:card\" content=\"summary_large_image\" \/>\n\t\t<meta name=\"twitter:site\" content=\"@NabercoDigital\" \/>\n\t\t<meta name=\"twitter:title\" content=\"Denunciadas dos j\u00f3venes por sustraer botes de tinte del pelo en un centro comercial | Cand\u00e1s 365\" \/>\n\t\t<meta name=\"twitter:description\" content=\"Agentes de la Polic\u00eda Nacional han denunciado a dos j\u00f3venes de 18 y 19 a\u00f1os de edad acusadas de sustraer botes de tinte de pelo en un centro comercial, seg\u00fan una nota de prensa de la Comisar\u00eda gijonesa. Una de las j\u00f3venes vigilaba en el pasillo mientras la otra romp\u00eda los precintos y se guardaba\" \/>\n\t\t<meta name=\"twitter:creator\" content=\"@nbasturias\" \/>\n\t\t<meta name=\"twitter:image\" content=\"https:\/\/candas365.es\/noticias\/wp-content\/uploads\/2014\/09\/policia1.jpg\" \/>\n\t\t<meta name=\"twitter:label1\" content=\"Escrito por\" \/>\n\t\t<meta name=\"twitter:data1\" content=\"Cand\u00e1s 365\" \/>\n\t\t<meta name=\"twitter:label2\" content=\"Tiempo de lectura estimado\" \/>\n\t\t<meta name=\"twitter:data2\" content=\"1 minuto\" \/>\n\t\t<script type=\"application\/ld+json\" class=\"aioseo-schema\">\n\t\t\t{\"@context\":\"https:\\\/\\\/schema.org\",\"@graph\":[{\"@type\":\"BreadcrumbList\",\"@id\":\"https:\\\/\\\/candas365.es\\\/noticias\\\/denunciadas-dos-jovenes-por-sustraer-botes-de-tinte-del-pelo-en-un-centro-comercial\\\/#breadcrumblist\",\"itemListElement\":[{\"@type\":\"ListItem\",\"@id\":\"https:\\\/\\\/candas365.es\\\/noticias#listItem\",\"position\":1,\"name\":\"Home\",\"item\":\"https:\\\/\\\/candas365.es\\\/noticias\",\"nextItem\":{\"@type\":\"ListItem\",\"@id\":\"https:\\\/\\\/candas365.es\\\/noticias\\\/category\\\/actualidad\\\/#listItem\",\"name\":\"Actualidad\"}},{\"@type\":\"ListItem\",\"@id\":\"https:\\\/\\\/candas365.es\\\/noticias\\\/category\\\/actualidad\\\/#listItem\",\"position\":2,\"name\":\"Actualidad\",\"item\":\"https:\\\/\\\/candas365.es\\\/noticias\\\/category\\\/actualidad\\\/\",\"nextItem\":{\"@type\":\"ListItem\",\"@id\":\"https:\\\/\\\/candas365.es\\\/noticias\\\/denunciadas-dos-jovenes-por-sustraer-botes-de-tinte-del-pelo-en-un-centro-comercial\\\/#listItem\",\"name\":\"Denunciadas dos j\\u00f3venes por sustraer botes de tinte del pelo en un centro comercial\"},\"previousItem\":{\"@type\":\"ListItem\",\"@id\":\"https:\\\/\\\/candas365.es\\\/noticias#listItem\",\"name\":\"Home\"}},{\"@type\":\"ListItem\",\"@id\":\"https:\\\/\\\/candas365.es\\\/noticias\\\/denunciadas-dos-jovenes-por-sustraer-botes-de-tinte-del-pelo-en-un-centro-comercial\\\/#listItem\",\"position\":3,\"name\":\"Denunciadas dos j\\u00f3venes por sustraer botes de tinte del pelo en un centro comercial\",\"previousItem\":{\"@type\":\"ListItem\",\"@id\":\"https:\\\/\\\/candas365.es\\\/noticias\\\/category\\\/actualidad\\\/#listItem\",\"name\":\"Actualidad\"}}]},{\"@type\":\"NewsArticle\",\"@id\":\"https:\\\/\\\/candas365.es\\\/noticias\\\/denunciadas-dos-jovenes-por-sustraer-botes-de-tinte-del-pelo-en-un-centro-comercial\\\/#newsarticle\",\"name\":\"Denunciadas dos j\\u00f3venes por sustraer botes de tinte del pelo en un centro comercial | Cand\\u00e1s 365\",\"headline\":\"Denunciadas dos j\\u00f3venes por sustraer botes de tinte del pelo en un centro comercial\",\"author\":{\"@id\":\"https:\\\/\\\/candas365.es\\\/noticias\\\/author\\\/admin\\\/#author\"},\"publisher\":{\"@id\":\"https:\\\/\\\/candas365.es\\\/noticias\\\/#organization\"},\"image\":{\"@type\":\"ImageObject\",\"url\":\"https:\\\/\\\/candas365.es\\\/noticias\\\/wp-content\\\/uploads\\\/2014\\\/09\\\/policia1.jpg\",\"width\":800,\"height\":504},\"datePublished\":\"2016-06-14T16:07:36+02:00\",\"dateModified\":\"2016-06-14T16:07:36+02:00\",\"inLanguage\":\"es-ES\",\"mainEntityOfPage\":{\"@id\":\"https:\\\/\\\/candas365.es\\\/noticias\\\/denunciadas-dos-jovenes-por-sustraer-botes-de-tinte-del-pelo-en-un-centro-comercial\\\/#webpage\"},\"isPartOf\":{\"@id\":\"https:\\\/\\\/candas365.es\\\/noticias\\\/denunciadas-dos-jovenes-por-sustraer-botes-de-tinte-del-pelo-en-un-centro-comercial\\\/#webpage\"},\"articleSection\":\"Actualidad\",\"dateline\":\"Publicado el junio 14, 2016.\"},{\"@type\":\"Organization\",\"@id\":\"https:\\\/\\\/candas365.es\\\/noticias\\\/#organization\",\"name\":\"Cand\\u00e1s 365\",\"description\":\"Cand\\u00e1s 365 es un diario digital independiente, fundado en 2012, con base en Asturias. Informamos con rigor sobre actualidad, sociedad, cultura y ocio, con una mirada local y global.\",\"url\":\"https:\\\/\\\/candas365.es\\\/noticias\\\/\",\"email\":\"info@candas365.es\",\"telephone\":\"+34652131393\",\"foundingDate\":\"2012-06-10\",\"logo\":{\"@type\":\"ImageObject\",\"url\":\"https:\\\/\\\/candas365.es\\\/noticias\\\/wp-content\\\/uploads\\\/2024\\\/09\\\/Candas-365-Redes.jpg\",\"@id\":\"https:\\\/\\\/candas365.es\\\/noticias\\\/denunciadas-dos-jovenes-por-sustraer-botes-de-tinte-del-pelo-en-un-centro-comercial\\\/#organizationLogo\",\"width\":1152,\"height\":864,\"caption\":\"Cand\\u00e1s 365 Redes\"},\"image\":{\"@id\":\"https:\\\/\\\/candas365.es\\\/noticias\\\/denunciadas-dos-jovenes-por-sustraer-botes-de-tinte-del-pelo-en-un-centro-comercial\\\/#organizationLogo\"},\"sameAs\":[\"https:\\\/\\\/www.facebook.com\\\/Nachofdezber\",\"https:\\\/\\\/x.com\\\/NabercoDigital\",\"https:\\\/\\\/www.instagram.com\\\/nachofdezber\\\/\",\"https:\\\/\\\/www.youtube.com\\\/channel\\\/UCZP-2wLEB9Rv6erhFmqVnvg\"],\"address\":{\"@id\":\"https:\\\/\\\/candas365.es\\\/noticias\\\/#postaladdress\",\"@type\":\"PostalAddress\",\"streetAddress\":\"san antonio 4, san antonio 4\",\"postalCode\":\"33430\",\"addressLocality\":\"Cand\\u00e1s\",\"addressRegion\":\"Asturias\",\"addressCountry\":\"ES\"}},{\"@type\":\"Person\",\"@id\":\"https:\\\/\\\/candas365.es\\\/noticias\\\/author\\\/admin\\\/#author\",\"url\":\"https:\\\/\\\/candas365.es\\\/noticias\\\/author\\\/admin\\\/\",\"name\":\"Cand\\u00e1s 365\",\"image\":{\"@type\":\"ImageObject\",\"@id\":\"https:\\\/\\\/candas365.es\\\/noticias\\\/denunciadas-dos-jovenes-por-sustraer-botes-de-tinte-del-pelo-en-un-centro-comercial\\\/#authorImage\",\"url\":\"https:\\\/\\\/secure.gravatar.com\\\/avatar\\\/496a8e03d0c493ede1718b7934145dbdf8d89be1036b0eec9544e1094c9de390?s=96&d=mm&r=g\",\"width\":96,\"height\":96,\"caption\":\"Cand\\u00e1s 365\"},\"sameAs\":[\"https:\\\/\\\/www.facebook.com\\\/carrenoactualidad\",\"https:\\\/\\\/twitter.com\\\/nbasturias\",\"https:\\\/\\\/www.instagram.com\\\/nachofdezber\\\/\",\"https:\\\/\\\/www.youtube.com\\\/channel\\\/UCZP-2wLEB9Rv6erhFmqVnvg\"]},{\"@type\":\"WebPage\",\"@id\":\"https:\\\/\\\/candas365.es\\\/noticias\\\/denunciadas-dos-jovenes-por-sustraer-botes-de-tinte-del-pelo-en-un-centro-comercial\\\/#webpage\",\"url\":\"https:\\\/\\\/candas365.es\\\/noticias\\\/denunciadas-dos-jovenes-por-sustraer-botes-de-tinte-del-pelo-en-un-centro-comercial\\\/\",\"name\":\"Denunciadas dos j\\u00f3venes por sustraer botes de tinte del pelo en un centro comercial | Cand\\u00e1s 365\",\"description\":\"Agentes de la Polic\\u00eda Nacional han denunciado a dos j\\u00f3venes de 18 y 19 a\\u00f1os de edad acusadas de sustraer botes de tinte de pelo en un centro comercial, seg\\u00fan una nota de prensa de la Comisar\\u00eda gijonesa. Una de las j\\u00f3venes vigilaba en el pasillo mientras la otra romp\\u00eda los precintos y se guardaba\",\"inLanguage\":\"es-ES\",\"isPartOf\":{\"@id\":\"https:\\\/\\\/candas365.es\\\/noticias\\\/#website\"},\"breadcrumb\":{\"@id\":\"https:\\\/\\\/candas365.es\\\/noticias\\\/denunciadas-dos-jovenes-por-sustraer-botes-de-tinte-del-pelo-en-un-centro-comercial\\\/#breadcrumblist\"},\"author\":{\"@id\":\"https:\\\/\\\/candas365.es\\\/noticias\\\/author\\\/admin\\\/#author\"},\"creator\":{\"@id\":\"https:\\\/\\\/candas365.es\\\/noticias\\\/author\\\/admin\\\/#author\"},\"image\":{\"@type\":\"ImageObject\",\"url\":\"https:\\\/\\\/candas365.es\\\/noticias\\\/wp-content\\\/uploads\\\/2014\\\/09\\\/policia1.jpg\",\"@id\":\"https:\\\/\\\/candas365.es\\\/noticias\\\/denunciadas-dos-jovenes-por-sustraer-botes-de-tinte-del-pelo-en-un-centro-comercial\\\/#mainImage\",\"width\":800,\"height\":504},\"primaryImageOfPage\":{\"@id\":\"https:\\\/\\\/candas365.es\\\/noticias\\\/denunciadas-dos-jovenes-por-sustraer-botes-de-tinte-del-pelo-en-un-centro-comercial\\\/#mainImage\"},\"datePublished\":\"2016-06-14T16:07:36+02:00\",\"dateModified\":\"2016-06-14T16:07:36+02:00\"},{\"@type\":\"WebSite\",\"@id\":\"https:\\\/\\\/candas365.es\\\/noticias\\\/#website\",\"url\":\"https:\\\/\\\/candas365.es\\\/noticias\\\/\",\"name\":\"Cand\\u00e1s 365\",\"alternateName\":\"Cand\\u00e1s 365 Noticias\",\"description\":\"Actualidad desde Carre\\u00f1o para el mundo\",\"inLanguage\":\"es-ES\",\"publisher\":{\"@id\":\"https:\\\/\\\/candas365.es\\\/noticias\\\/#organization\"}}]}\n\t\t<\/script>\n\t\t<!-- All in One SEO Pro -->\r\n\t\t<title>Denunciadas dos j\u00f3venes por sustraer botes de tinte del pelo en un centro comercial | Cand\u00e1s 365<\/title>\n\n","aioseo_head_json":{"title":"Denunciadas dos j\u00f3venes por sustraer botes de tinte del pelo en un centro comercial | Cand\u00e1s 365","description":"Agentes de la Polic\u00eda Nacional han denunciado a dos j\u00f3venes de 18 y 19 a\u00f1os de edad acusadas de sustraer botes de tinte de pelo en un centro comercial, seg\u00fan una nota de prensa de la Comisar\u00eda gijonesa. Una de las j\u00f3venes vigilaba en el pasillo mientras la otra romp\u00eda los precintos y se guardaba","canonical_url":"https:\/\/candas365.es\/noticias\/denunciadas-dos-jovenes-por-sustraer-botes-de-tinte-del-pelo-en-un-centro-comercial\/","robots":"max-image-preview:large","keywords":"actualidad","webmasterTools":{"google-site-verification":"UA-32230408-1","msvalidate.01":"354F3CDFB2DA171B47FBE9ABF1F88D5","miscellaneous":""},"schema":{"@context":"https:\/\/schema.org","@graph":[{"@type":"BreadcrumbList","@id":"https:\/\/candas365.es\/noticias\/denunciadas-dos-jovenes-por-sustraer-botes-de-tinte-del-pelo-en-un-centro-comercial\/#breadcrumblist","itemListElement":[{"@type":"ListItem","@id":"https:\/\/candas365.es\/noticias#listItem","position":1,"name":"Home","item":"https:\/\/candas365.es\/noticias","nextItem":{"@type":"ListItem","@id":"https:\/\/candas365.es\/noticias\/category\/actualidad\/#listItem","name":"Actualidad"}},{"@type":"ListItem","@id":"https:\/\/candas365.es\/noticias\/category\/actualidad\/#listItem","position":2,"name":"Actualidad","item":"https:\/\/candas365.es\/noticias\/category\/actualidad\/","nextItem":{"@type":"ListItem","@id":"https:\/\/candas365.es\/noticias\/denunciadas-dos-jovenes-por-sustraer-botes-de-tinte-del-pelo-en-un-centro-comercial\/#listItem","name":"Denunciadas dos j\u00f3venes por sustraer botes de tinte del pelo en un centro comercial"},"previousItem":{"@type":"ListItem","@id":"https:\/\/candas365.es\/noticias#listItem","name":"Home"}},{"@type":"ListItem","@id":"https:\/\/candas365.es\/noticias\/denunciadas-dos-jovenes-por-sustraer-botes-de-tinte-del-pelo-en-un-centro-comercial\/#listItem","position":3,"name":"Denunciadas dos j\u00f3venes por sustraer botes de tinte del pelo en un centro comercial","previousItem":{"@type":"ListItem","@id":"https:\/\/candas365.es\/noticias\/category\/actualidad\/#listItem","name":"Actualidad"}}]},{"@type":"NewsArticle","@id":"https:\/\/candas365.es\/noticias\/denunciadas-dos-jovenes-por-sustraer-botes-de-tinte-del-pelo-en-un-centro-comercial\/#newsarticle","name":"Denunciadas dos j\u00f3venes por sustraer botes de tinte del pelo en un centro comercial | Cand\u00e1s 365","headline":"Denunciadas dos j\u00f3venes por sustraer botes de tinte del pelo en un centro comercial","author":{"@id":"https:\/\/candas365.es\/noticias\/author\/admin\/#author"},"publisher":{"@id":"https:\/\/candas365.es\/noticias\/#organization"},"image":{"@type":"ImageObject","url":"https:\/\/candas365.es\/noticias\/wp-content\/uploads\/2014\/09\/policia1.jpg","width":800,"height":504},"datePublished":"2016-06-14T16:07:36+02:00","dateModified":"2016-06-14T16:07:36+02:00","inLanguage":"es-ES","mainEntityOfPage":{"@id":"https:\/\/candas365.es\/noticias\/denunciadas-dos-jovenes-por-sustraer-botes-de-tinte-del-pelo-en-un-centro-comercial\/#webpage"},"isPartOf":{"@id":"https:\/\/candas365.es\/noticias\/denunciadas-dos-jovenes-por-sustraer-botes-de-tinte-del-pelo-en-un-centro-comercial\/#webpage"},"articleSection":"Actualidad","dateline":"Publicado el junio 14, 2016."},{"@type":"Organization","@id":"https:\/\/candas365.es\/noticias\/#organization","name":"Cand\u00e1s 365","description":"Cand\u00e1s 365 es un diario digital independiente, fundado en 2012, con base en Asturias. Informamos con rigor sobre actualidad, sociedad, cultura y ocio, con una mirada local y global.","url":"https:\/\/candas365.es\/noticias\/","email":"info@candas365.es","telephone":"+34652131393","foundingDate":"2012-06-10","logo":{"@type":"ImageObject","url":"https:\/\/candas365.es\/noticias\/wp-content\/uploads\/2024\/09\/Candas-365-Redes.jpg","@id":"https:\/\/candas365.es\/noticias\/denunciadas-dos-jovenes-por-sustraer-botes-de-tinte-del-pelo-en-un-centro-comercial\/#organizationLogo","width":1152,"height":864,"caption":"Cand\u00e1s 365 Redes"},"image":{"@id":"https:\/\/candas365.es\/noticias\/denunciadas-dos-jovenes-por-sustraer-botes-de-tinte-del-pelo-en-un-centro-comercial\/#organizationLogo"},"sameAs":["https:\/\/www.facebook.com\/Nachofdezber","https:\/\/x.com\/NabercoDigital","https:\/\/www.instagram.com\/nachofdezber\/","https:\/\/www.youtube.com\/channel\/UCZP-2wLEB9Rv6erhFmqVnvg"],"address":{"@id":"https:\/\/candas365.es\/noticias\/#postaladdress","@type":"PostalAddress","streetAddress":"san antonio 4, san antonio 4","postalCode":"33430","addressLocality":"Cand\u00e1s","addressRegion":"Asturias","addressCountry":"ES"}},{"@type":"Person","@id":"https:\/\/candas365.es\/noticias\/author\/admin\/#author","url":"https:\/\/candas365.es\/noticias\/author\/admin\/","name":"Cand\u00e1s 365","image":{"@type":"ImageObject","@id":"https:\/\/candas365.es\/noticias\/denunciadas-dos-jovenes-por-sustraer-botes-de-tinte-del-pelo-en-un-centro-comercial\/#authorImage","url":"https:\/\/secure.gravatar.com\/avatar\/496a8e03d0c493ede1718b7934145dbdf8d89be1036b0eec9544e1094c9de390?s=96&d=mm&r=g","width":96,"height":96,"caption":"Cand\u00e1s 365"},"sameAs":["https:\/\/www.facebook.com\/carrenoactualidad","https:\/\/twitter.com\/nbasturias","https:\/\/www.instagram.com\/nachofdezber\/","https:\/\/www.youtube.com\/channel\/UCZP-2wLEB9Rv6erhFmqVnvg"]},{"@type":"WebPage","@id":"https:\/\/candas365.es\/noticias\/denunciadas-dos-jovenes-por-sustraer-botes-de-tinte-del-pelo-en-un-centro-comercial\/#webpage","url":"https:\/\/candas365.es\/noticias\/denunciadas-dos-jovenes-por-sustraer-botes-de-tinte-del-pelo-en-un-centro-comercial\/","name":"Denunciadas dos j\u00f3venes por sustraer botes de tinte del pelo en un centro comercial | Cand\u00e1s 365","description":"Agentes de la Polic\u00eda Nacional han denunciado a dos j\u00f3venes de 18 y 19 a\u00f1os de edad acusadas de sustraer botes de tinte de pelo en un centro comercial, seg\u00fan una nota de prensa de la Comisar\u00eda gijonesa. Una de las j\u00f3venes vigilaba en el pasillo mientras la otra romp\u00eda los precintos y se guardaba","inLanguage":"es-ES","isPartOf":{"@id":"https:\/\/candas365.es\/noticias\/#website"},"breadcrumb":{"@id":"https:\/\/candas365.es\/noticias\/denunciadas-dos-jovenes-por-sustraer-botes-de-tinte-del-pelo-en-un-centro-comercial\/#breadcrumblist"},"author":{"@id":"https:\/\/candas365.es\/noticias\/author\/admin\/#author"},"creator":{"@id":"https:\/\/candas365.es\/noticias\/author\/admin\/#author"},"image":{"@type":"ImageObject","url":"https:\/\/candas365.es\/noticias\/wp-content\/uploads\/2014\/09\/policia1.jpg","@id":"https:\/\/candas365.es\/noticias\/denunciadas-dos-jovenes-por-sustraer-botes-de-tinte-del-pelo-en-un-centro-comercial\/#mainImage","width":800,"height":504},"primaryImageOfPage":{"@id":"https:\/\/candas365.es\/noticias\/denunciadas-dos-jovenes-por-sustraer-botes-de-tinte-del-pelo-en-un-centro-comercial\/#mainImage"},"datePublished":"2016-06-14T16:07:36+02:00","dateModified":"2016-06-14T16:07:36+02:00"},{"@type":"WebSite","@id":"https:\/\/candas365.es\/noticias\/#website","url":"https:\/\/candas365.es\/noticias\/","name":"Cand\u00e1s 365","alternateName":"Cand\u00e1s 365 Noticias","description":"Actualidad desde Carre\u00f1o para el mundo","inLanguage":"es-ES","publisher":{"@id":"https:\/\/candas365.es\/noticias\/#organization"}}]},"og:locale":"es_ES","og:site_name":"Cand\u00e1s 365","og:type":"article","og:title":"Denunciadas dos j\u00f3venes por sustraer botes de tinte del pelo en un centro comercial | Cand\u00e1s 365","og:description":"Agentes de la Polic\u00eda Nacional han denunciado a dos j\u00f3venes de 18 y 19 a\u00f1os de edad acusadas de sustraer botes de tinte de pelo en un centro comercial, seg\u00fan una nota de prensa de la Comisar\u00eda gijonesa. Una de las j\u00f3venes vigilaba en el pasillo mientras la otra romp\u00eda los precintos y se guardaba","og:url":"https:\/\/candas365.es\/noticias\/denunciadas-dos-jovenes-por-sustraer-botes-de-tinte-del-pelo-en-un-centro-comercial\/","og:image":"https:\/\/candas365.es\/noticias\/wp-content\/uploads\/2014\/09\/policia1.jpg","og:image:secure_url":"https:\/\/candas365.es\/noticias\/wp-content\/uploads\/2014\/09\/policia1.jpg","og:image:width":800,"og:image:height":504,"article:published_time":"2016-06-14T14:37:36+00:00","article:modified_time":"2016-06-14T14:37:36+00:00","article:publisher":"https:\/\/www.facebook.com\/Nachofdezber","article:author":"https:\/\/www.facebook.com\/carrenoactualidad","twitter:card":"summary_large_image","twitter:site":"@NabercoDigital","twitter:title":"Denunciadas dos j\u00f3venes por sustraer botes de tinte del pelo en un centro comercial | Cand\u00e1s 365","twitter:description":"Agentes de la Polic\u00eda Nacional han denunciado a dos j\u00f3venes de 18 y 19 a\u00f1os de edad acusadas de sustraer botes de tinte de pelo en un centro comercial, seg\u00fan una nota de prensa de la Comisar\u00eda gijonesa. Una de las j\u00f3venes vigilaba en el pasillo mientras la otra romp\u00eda los precintos y se guardaba","twitter:creator":"@nbasturias","twitter:image":"https:\/\/candas365.es\/noticias\/wp-content\/uploads\/2014\/09\/policia1.jpg","twitter:label1":"Escrito por","twitter:data1":"Cand\u00e1s 365","twitter:label2":"Tiempo de lectura estimado","twitter:data2":"1 minuto"},"aioseo_meta_data":{"post_id":"30208","title":null,"description":null,"keywords":null,"keyphrases":null,"primary_term":null,"canonical_url":null,"og_title":null,"og_description":null,"og_object_type":"default","og_image_type":"default","og_image_url":null,"og_image_width":null,"og_image_height":null,"og_image_custom_url":null,"og_image_custom_fields":null,"og_video":null,"og_custom_url":null,"og_article_section":null,"og_article_tags":null,"twitter_use_og":false,"twitter_card":"default","twitter_image_type":"default","twitter_image_url":null,"twitter_image_custom_url":null,"twitter_image_custom_fields":null,"twitter_title":null,"twitter_description":null,"schema":{"blockGraphs":[],"customGraphs":[],"default":{"data":{"Article":[],"Course":[],"Dataset":[],"FAQPage":[],"Movie":[],"Person":[],"Product":[],"ProductReview":[],"Car":[],"Recipe":[],"Service":[],"SoftwareApplication":[],"WebPage":[]},"graphName":"","isEnabled":true},"graphs":[],"defaultGraph":"","defaultPostTypeGraph":""},"schema_type":null,"schema_type_options":null,"pillar_content":false,"robots_default":true,"robots_noindex":false,"robots_noarchive":false,"robots_nosnippet":false,"robots_nofollow":false,"robots_noimageindex":false,"robots_noodp":false,"robots_notranslate":false,"robots_max_snippet":null,"robots_max_videopreview":null,"robots_max_imagepreview":"large","priority":null,"frequency":null,"location":null,"local_seo":null,"seo_analyzer_scan_date":"2025-08-24 12:12:24","breadcrumb_settings":null,"limit_modified_date":false,"reviewed_by":null,"open_ai":null,"ai":null,"created":"2020-12-21 12:57:02","updated":"2025-08-24 12:12:24"},"aioseo_breadcrumb":"<div class=\"aioseo-breadcrumbs\"><span class=\"aioseo-breadcrumb\">\n\t<a href=\"https:\/\/candas365.es\/noticias\" title=\"Home\">Home<\/a>\n<\/span><span class=\"aioseo-breadcrumb-separator\">&ndash;<\/span><span class=\"aioseo-breadcrumb\">\n\t<a href=\"https:\/\/candas365.es\/noticias\/category\/actualidad\/\" title=\"Actualidad\">Actualidad<\/a>\n<\/span><span class=\"aioseo-breadcrumb-separator\">&ndash;<\/span><span class=\"aioseo-breadcrumb\">\n\tDenunciadas dos j\u00f3venes por sustraer botes de tinte del pelo en un centro comercial\n<\/span><\/div>","aioseo_breadcrumb_json":[{"label":"Home","link":"https:\/\/candas365.es\/noticias"},{"label":"Actualidad","link":"https:\/\/candas365.es\/noticias\/category\/actualidad\/"},{"label":"Denunciadas dos j\u00f3venes por sustraer botes de tinte del pelo en un centro comercial","link":"https:\/\/candas365.es\/noticias\/denunciadas-dos-jovenes-por-sustraer-botes-de-tinte-del-pelo-en-un-centro-comercial\/"}],"_links":{"self":[{"href":"https:\/\/candas365.es\/noticias\/wp-json\/wp\/v2\/posts\/30208","targetHints":{"allow":["GET"]}}],"collection":[{"href":"https:\/\/candas365.es\/noticias\/wp-json\/wp\/v2\/posts"}],"about":[{"href":"https:\/\/candas365.es\/noticias\/wp-json\/wp\/v2\/types\/post"}],"author":[{"embeddable":true,"href":"https:\/\/candas365.es\/noticias\/wp-json\/wp\/v2\/users\/1"}],"replies":[{"embeddable":true,"href":"https:\/\/candas365.es\/noticias\/wp-json\/wp\/v2\/comments?post=30208"}],"version-history":[{"count":0,"href":"https:\/\/candas365.es\/noticias\/wp-json\/wp\/v2\/posts\/30208\/revisions"}],"wp:featuredmedia":[{"embeddable":true,"href":"https:\/\/candas365.es\/noticias\/wp-json\/wp\/v2\/media\/1337"}],"wp:attachment":[{"href":"https:\/\/candas365.es\/noticias\/wp-json\/wp\/v2\/media?parent=30208"}],"wp:term":[{"taxonomy":"category","embeddable":true,"href":"https:\/\/candas365.es\/noticias\/wp-json\/wp\/v2\/categories?post=30208"},{"taxonomy":"post_tag","embeddable":true,"href":"https:\/\/candas365.es\/noticias\/wp-json\/wp\/v2\/tags?post=30208"}],"curies":[{"name":"wp","href":"https:\/\/api.w.org\/{rel}","templated":true}]}}