{"id":30203,"date":"2016-06-14T16:05:06","date_gmt":"2016-06-14T14:35:06","guid":{"rendered":"http:\/\/candas365.es\/noticias\/?p=30203"},"modified":"2016-06-14T16:05:06","modified_gmt":"2016-06-14T14:35:06","slug":"yoani-sanchez-en-bonn-fidel-castro-freno-de-la-transicion-cubana","status":"publish","type":"post","link":"https:\/\/candas365.es\/noticias\/yoani-sanchez-en-bonn-fidel-castro-freno-de-la-transicion-cubana\/","title":{"rendered":"Yoani S\u00e1nchez en Bonn: Fidel Castro, freno de la transici\u00f3n cubana"},"content":{"rendered":"<p>Berl\u00edn, 14 jun (dpa) &#8211; La bloguera cubana Yoani S\u00e1nchez denunci\u00f3 este lunes que casi dos a\u00f1os despu\u00e9s del deshielo con Estados Unidos la realidad cubana apenas haya cambiado y alert\u00f3 de que el proceso se demorar\u00e1 \u00abtodo lo que dure la vida de los que controlan Cuba\u00bb. <\/p>\n<p>Con motivo de su participaci\u00f3n en el encuentro medi\u00e1tico Global Media Forum, en la ciudad alemana de Bonn, S\u00e1nchez analiz\u00f3 en entrevista telef\u00f3nica con dpa la situaci\u00f3n actual de su pa\u00eds e insisti\u00f3 en que de momento la apertura de Cuba se trata m\u00e1s de titulares que de realidades. <\/p>\n<p>dpa: \u00bfC\u00f3mo ve la situaci\u00f3n actual de Cuba? \u00bfCree que el deshielo con Estados Unidos favorece a las posiciones de la oposici\u00f3n cubana?<\/p>\n<p>S\u00e1nchez: Todas las expectativas levantadas a partir del 17 de diciembre de 2014 se han encontrado todav\u00eda con muchos obst\u00e1culos en el camino. Se pensaba, en ese momento, que Cuba y sobre todo la vida de los cubanos hubiera mejorado mucho a estas alturas (&#8230;) No obstante, en la vida de los cubanos existe mucha expectativa ahora mismo (&#8230;) No se trata s\u00f3lo de una cuesti\u00f3n de c\u00f3mo le va a la oposici\u00f3n, o c\u00f3mo lo ve la oposici\u00f3n, que sin lugar a dudas sigue sufriendo la represi\u00f3n, sino tambi\u00e9n c\u00f3mo lo ve la poblaci\u00f3n cubana. Que ve con esperanza el proceso, aunque un poco de decepci\u00f3n por lo lento que va todo. <\/p>\n<p>dpa: Entonces se trata m\u00e1s de expectativas que de realidades. <\/p>\n<p>S\u00e1nchez: Exactamente. Yo he repetido ya una frase varias veces. Se trata m\u00e1s de titulares que de realidades. A m\u00ed me gustar\u00eda vivir en la Cuba de esos titulares (&#8230;) Creo que el 17 de diciembre ha creado tambi\u00e9n como una especie de avalancha medi\u00e1tica para hacer creer que Cuba est\u00e1 cambiando, pero la realidad es un poco m\u00e1s testaruda.<\/p>\n<p>dpa: \u00bfY cu\u00e1nto tiempo cree que se necesita para que sea una realidad?<\/p>\n<p>S\u00e1nchez: Lamentablemente eso est\u00e1 en manos de las personas que gobiernan el pa\u00eds ahora. Es una generaci\u00f3n muy obsesionada con no permitir una transici\u00f3n hacia la democracia, hacia la econom\u00eda de mercado, hacia la libertad y hacia el respeto de partidos de la oposici\u00f3n. Demorar\u00e1 todo lo que dure la vida de los que controlan Cuba. <\/p>\n<p>dpa: \u00bfTeme que en Cuba se establezca una especie de \u00abmodelo vietnamita\u00bb con una econom\u00eda de mercado pero con un r\u00e9gimen de partido \u00fanico? \u00bfO cree que la apertura econ\u00f3mica y social puede conducir al cambio pol\u00edtico?<\/p>\n<p>S\u00e1nchez: Evidentemente Ra\u00fal Castro est\u00e1 un tanto obsesionado con el modelo vietnamita y cree que puede llevar a Cuba hacia ese rumbo, pero incluso para llevar a Cuba ese rumbo van muy lentos (&#8230;) Claro que existe ese temor. Ese temor y tambi\u00e9n la rusificaci\u00f3n. Que se vaya a un modelo estilo Rusia con una figura totalitaria en el poder y una libertad econ\u00f3mica pero muy controlada por preceptos pol\u00edticos. <\/p>\n<p>dpa: \u00bfY cual cree que ser\u00eda el modelo a seguir?<\/p>\n<p>S\u00e1nchez: Bueno, espero que no sea ninguno de esos dos. Me asustar\u00eda mucho (&#8230;) Espero que la idiosincracia y tambi\u00e9n la experiencia que hemos tenido estos a\u00f1os eviten que el Gobierno se reconduzca hacia esos caminos. Y ah\u00ed tiene una gran importancia la oposici\u00f3n para denunciar cualquier intento de esa orientaci\u00f3n. <\/p>\n<p>dpa: \u00bfC\u00f3mo ve la gesti\u00f3n de Ra\u00fal Castro en los \u00faltimos a\u00f1os, sobre todo respecto al deshielo con Estados Unidos?<\/p>\n<p>S\u00e1nchez: Oportunista. Por un lado se da la mano con el Gobierno de la Casa Blanca y se muestra en p\u00fablico como un David reconciliado con Goliat y por otro mantiene el control, la vigilancia y la represi\u00f3n sobre los diferentes dentro de su propio pa\u00eds. Me parece totalmente ir\u00f3nico y hasta contradictorio. Que sean capaces de reconciliarse con el gran enemigo del norte y no poder reconciliarse con sus contrarios dentro de la isla. <\/p>\n<p>dpa: \u00bfQu\u00e9 papel tiene a\u00fan el retirado Fidel Castro en la pol\u00edtica cubana? \u00bfCree que existe un \u00abraulismo\u00bb y un \u00abfidelismo\u00bb en la c\u00fapula pol\u00edtica cubana y que podr\u00eda haber discrepancia?<\/p>\n<p>S\u00e1nchez: Creo que interpretan con mucha sagacidad el papel del polic\u00eda bueno y del polic\u00eda malo para tener entretenidos a los medios y a la poblaci\u00f3n. Creo que Fidel Castro es ahora mismo el gran freno para cualquier transici\u00f3n cubana.<\/p>\n<p>dpa: \u00bfY respecto, por ejemplo, a las relaciones con Estados Unidos?<\/p>\n<p>S\u00e1nchez: Es muy dif\u00edcil saberlo, porque Fidel Castro tiene apariciones muy espor\u00e1dicas y se expresa a trav\u00e9s de reflexiones cada vez m\u00e1s delirantes y ca\u00f3ticas y ha sido muy ambiguo en el tema de las relaciones con Estados Unidos. Pienso que trata de jugar el papel del viejo antiimperialista del siglo XX, pero evidentemente la diplomacia cubana lo contradice porque cada vez son m\u00e1s las fotos de pol\u00edticos sonrientes de un lado y de otro.<\/p>\n<p>dpa: \u00bfCree que esas relaciones volver\u00e1n a dar un giro si en las elecciones estadounidenses de noviembre sale elegido el candidato republicano, Donald Trump?<\/p>\n<p>S\u00e1nchez: Es dif\u00edcil prever eso. Pero hasta ahora parece ser, por lo que ha dicho el candidato republicano, que ahondar\u00eda incluso en el tema de mantener el deshielo y acercamiento. M\u00e1s bien, en el caso de \u00e9l, por cuestiones de \u00edndole econ\u00f3mica. <\/p>\n<p>dpa: \u00bfPero a lo mejor se dilata todo m\u00e1s?<\/p>\n<p>S\u00e1nchez: Puede ser, pero ahora mismo la decisi\u00f3n no est\u00e1 tanto en la Casa Blanca. Mi impresi\u00f3n es que la Casa Blanca ha ido cediendo, entregado a la mesa de negociaci\u00f3n sustanciosos beneficios (&#8230;) y sin embargo, la Habana ha dado muy poco. Hasta ahora la pelota est\u00e1 en la Plaza de la Revoluci\u00f3n de la Habana. Y creo que m\u00e1s que lo que haga Trump, lo m\u00e1s importante es lo que va a hacer Ra\u00fal Castro. <\/p>\n<p>dpa: Desfile de Chanel, concierto de los Rolling Stones&#8230; \u00bfqu\u00e9 le parece el acercamiento de compa\u00f1\u00edas, turistas y personalidades extranjeras a una Cuba que parece \u00abde moda\u00bb?<\/p>\n<p>S\u00e1nchez: Las modas tienen un problema y es que se pasan (&#8230;) Hay que hacer que ese movimiento de moda se convierta m\u00e1s all\u00e1 de la frivolidad y de las fotos, en un reclamo de una Cuba que deje de ser una postal color sepia para contentar turistas. No somos un pa\u00eds vintage, aunque tengamos fachadas antiguas y autos de mitad del siglo XX. Hay que promover tambi\u00e9n la necesidad de una Cuba moderna, una Cuba conectada, una Cuba de gente joven que quiere sentirse del siglo XXI y dejar de vernos como un parque tem\u00e1tico del pasado. <\/p>\n<p>dpa: \u00bfQu\u00e9 opina sobre la huida continua de artistas, como la reciente deserci\u00f3n de bailarinas del Ballet Nacional de Cuba?<\/p>\n<p>S\u00e1nchez: La hu\u00edda de los artistas y de miles de cubanos (&#8230;) est\u00e1 ocurriendo por la falta de expectativas dentro del pa\u00eds, lo cual es el mayor de los fracasos del Gobierno raulista, incluso tambi\u00e9n de las negociaciones entre Estados Unidos y Cuba. Que pasado casi dos a\u00f1os de que comenzaran esas relaciones los cubanos sigan huyendo porque creen que en cualquier otro pa\u00eds podr\u00e1n vivir mejor que en el suyo propio es un indicador tambi\u00e9n de cu\u00e1n poco ha avanzado todo. <\/p>\n<p>dpa: Su diario digital \u00ab14yMedio\u00bb existe desde hace dos a\u00f1os. \u00bfCu\u00e1l es su balance hasta ahora?<\/p>\n<p>S\u00e1nchez: Bueno, hemos sobrevivido, lo cual me parece lo m\u00e1s heroico que he hecho en toda mi vida, despu\u00e9s de dos a\u00f1os censurado por el Gobierno (&#8230;) creo que es para congratularse, pero queremos m\u00e1s. Queremos poder llegar a todos, que los cubanos puedan entrar a la web sin ser censurados por ello. Queremos que haya una ley de prensa. Hay mucho por hacer.<\/p>\n<p>dpa: \u00bfEs posible hoy en d\u00eda el periodismo independiente en Cuba?<\/p>\n<p>S\u00e1nchez: Es posible, es posible. \u00ab14yMedio\u00bb lo est\u00e1 demostrando. Somos un diario que no s\u00f3lamente enfoca su mirada en mejorar la calidad del periodismo que hacemos sino que adem\u00e1s somos aut\u00f3nomos econ\u00f3micamente. No recibimos un centavo del Gobierno cubano, ni de ning\u00fan Gobierno del mundo. Se puede hacer periodismo libre, aut\u00f3nomo, independiente, de calidad dentro de la isla. <\/p>\n<p>YOANI S\u00c1NCHEZ se hizo conocida a partir de 2006, como una cubana que escrib\u00eda a escondidas en su blog sobre la realidad cubana esquivando la censura. En mayo de 2014 fund\u00f3 \u00ab14yMedio\u00bb, el primer medio de comunicaci\u00f3n independiente en Cuba. Desde primeros de abril modera el programa semanal \u00abLa voz de tus derechos\u00bb en la televisi\u00f3n alemana \u00abDeutsche Welle\u00bb. <\/p>\n<p>Por Almudena de Cabo <\/p>\n","protected":false},"excerpt":{"rendered":"<p>Berl\u00edn, 14 jun (dpa) &#8211; La bloguera cubana Yoani S\u00e1nchez denunci\u00f3 este lunes que casi dos a\u00f1os despu\u00e9s del deshielo con Estados Unidos la realidad cubana apenas haya cambiado y alert\u00f3 de que el proceso se demorar\u00e1 \u00abtodo lo que dure la vida de los que controlan Cuba\u00bb. Con motivo de su participaci\u00f3n en el<\/p>\n","protected":false},"author":1,"featured_media":16457,"comment_status":"closed","ping_status":"closed","sticky":false,"template":"","format":"standard","meta":{"footnotes":""},"categories":[343],"tags":[],"class_list":{"0":"post-30203","1":"post","2":"type-post","3":"status-publish","4":"format-standard","5":"has-post-thumbnail","7":"category-actualidad"},"aioseo_notices":[],"aioseo_head":"\n\t\t<!-- All in One SEO Pro 4.9.6.2 - aioseo.com -->\n\t<meta name=\"description\" content=\"Berl\u00edn, 14 jun (dpa) - La bloguera cubana Yoani S\u00e1nchez denunci\u00f3 este lunes que casi dos a\u00f1os despu\u00e9s del deshielo con Estados Unidos la realidad cubana apenas haya cambiado y alert\u00f3 de que el proceso se demorar\u00e1 &quot;todo lo que dure la vida de los que controlan Cuba&quot;. Con motivo de su participaci\u00f3n en el\" \/>\n\t<meta name=\"robots\" content=\"max-image-preview:large\" \/>\n\t<meta name=\"author\" content=\"Cand\u00e1s 365\"\/>\n\t<meta name=\"google-site-verification\" content=\"UA-32230408-1\" \/>\n\t<meta name=\"msvalidate.01\" content=\"354F3CDFB2DA171B47FBE9ABF1F88D5\" \/>\n\t<meta name=\"keywords\" content=\"actualidad\" \/>\n\t<link rel=\"canonical\" href=\"https:\/\/candas365.es\/noticias\/yoani-sanchez-en-bonn-fidel-castro-freno-de-la-transicion-cubana\/\" \/>\n\t<meta name=\"generator\" content=\"All in One SEO Pro (AIOSEO) 4.9.6.2\" \/>\n\t\t<meta property=\"og:locale\" content=\"es_ES\" \/>\n\t\t<meta property=\"og:site_name\" content=\"Cand\u00e1s 365\" \/>\n\t\t<meta property=\"og:type\" content=\"article\" \/>\n\t\t<meta property=\"og:title\" content=\"Yoani S\u00e1nchez en Bonn: Fidel Castro, freno de la transici\u00f3n cubana | Cand\u00e1s 365\" \/>\n\t\t<meta property=\"og:description\" content=\"Berl\u00edn, 14 jun (dpa) - La bloguera cubana Yoani S\u00e1nchez denunci\u00f3 este lunes que casi dos a\u00f1os despu\u00e9s del deshielo con Estados Unidos la realidad cubana apenas haya cambiado y alert\u00f3 de que el proceso se demorar\u00e1 &quot;todo lo que dure la vida de los que controlan Cuba&quot;. Con motivo de su participaci\u00f3n en el\" \/>\n\t\t<meta property=\"og:url\" content=\"https:\/\/candas365.es\/noticias\/yoani-sanchez-en-bonn-fidel-castro-freno-de-la-transicion-cubana\/\" \/>\n\t\t<meta property=\"og:image\" content=\"https:\/\/candas365.es\/noticias\/wp-content\/uploads\/2015\/09\/c365noticias.jpg\" \/>\n\t\t<meta property=\"og:image:secure_url\" content=\"https:\/\/candas365.es\/noticias\/wp-content\/uploads\/2015\/09\/c365noticias.jpg\" \/>\n\t\t<meta property=\"og:image:width\" content=\"655\" \/>\n\t\t<meta property=\"og:image:height\" content=\"360\" \/>\n\t\t<meta property=\"article:published_time\" content=\"2016-06-14T14:35:06+00:00\" \/>\n\t\t<meta property=\"article:modified_time\" content=\"2016-06-14T14:35:06+00:00\" \/>\n\t\t<meta property=\"article:publisher\" content=\"https:\/\/www.facebook.com\/Nachofdezber\" \/>\n\t\t<meta property=\"article:author\" content=\"https:\/\/www.facebook.com\/carrenoactualidad\" \/>\n\t\t<meta name=\"twitter:card\" content=\"summary_large_image\" \/>\n\t\t<meta name=\"twitter:site\" content=\"@NabercoDigital\" \/>\n\t\t<meta name=\"twitter:title\" content=\"Yoani S\u00e1nchez en Bonn: Fidel Castro, freno de la transici\u00f3n cubana | Cand\u00e1s 365\" \/>\n\t\t<meta name=\"twitter:description\" content=\"Berl\u00edn, 14 jun (dpa) - La bloguera cubana Yoani S\u00e1nchez denunci\u00f3 este lunes que casi dos a\u00f1os despu\u00e9s del deshielo con Estados Unidos la realidad cubana apenas haya cambiado y alert\u00f3 de que el proceso se demorar\u00e1 &quot;todo lo que dure la vida de los que controlan Cuba&quot;. Con motivo de su participaci\u00f3n en el\" \/>\n\t\t<meta name=\"twitter:creator\" content=\"@nbasturias\" \/>\n\t\t<meta name=\"twitter:image\" content=\"https:\/\/candas365.es\/noticias\/wp-content\/uploads\/2015\/09\/c365noticias.jpg\" \/>\n\t\t<meta name=\"twitter:label1\" content=\"Escrito por\" \/>\n\t\t<meta name=\"twitter:data1\" content=\"Cand\u00e1s 365\" \/>\n\t\t<meta name=\"twitter:label2\" content=\"Tiempo de lectura estimado\" \/>\n\t\t<meta name=\"twitter:data2\" content=\"8 minutos\" \/>\n\t\t<script type=\"application\/ld+json\" class=\"aioseo-schema\">\n\t\t\t{\"@context\":\"https:\\\/\\\/schema.org\",\"@graph\":[{\"@type\":\"BreadcrumbList\",\"@id\":\"https:\\\/\\\/candas365.es\\\/noticias\\\/yoani-sanchez-en-bonn-fidel-castro-freno-de-la-transicion-cubana\\\/#breadcrumblist\",\"itemListElement\":[{\"@type\":\"ListItem\",\"@id\":\"https:\\\/\\\/candas365.es\\\/noticias#listItem\",\"position\":1,\"name\":\"Home\",\"item\":\"https:\\\/\\\/candas365.es\\\/noticias\",\"nextItem\":{\"@type\":\"ListItem\",\"@id\":\"https:\\\/\\\/candas365.es\\\/noticias\\\/category\\\/actualidad\\\/#listItem\",\"name\":\"Actualidad\"}},{\"@type\":\"ListItem\",\"@id\":\"https:\\\/\\\/candas365.es\\\/noticias\\\/category\\\/actualidad\\\/#listItem\",\"position\":2,\"name\":\"Actualidad\",\"item\":\"https:\\\/\\\/candas365.es\\\/noticias\\\/category\\\/actualidad\\\/\",\"nextItem\":{\"@type\":\"ListItem\",\"@id\":\"https:\\\/\\\/candas365.es\\\/noticias\\\/yoani-sanchez-en-bonn-fidel-castro-freno-de-la-transicion-cubana\\\/#listItem\",\"name\":\"Yoani S\\u00e1nchez en Bonn: Fidel Castro, freno de la transici\\u00f3n cubana\"},\"previousItem\":{\"@type\":\"ListItem\",\"@id\":\"https:\\\/\\\/candas365.es\\\/noticias#listItem\",\"name\":\"Home\"}},{\"@type\":\"ListItem\",\"@id\":\"https:\\\/\\\/candas365.es\\\/noticias\\\/yoani-sanchez-en-bonn-fidel-castro-freno-de-la-transicion-cubana\\\/#listItem\",\"position\":3,\"name\":\"Yoani S\\u00e1nchez en Bonn: Fidel Castro, freno de la transici\\u00f3n cubana\",\"previousItem\":{\"@type\":\"ListItem\",\"@id\":\"https:\\\/\\\/candas365.es\\\/noticias\\\/category\\\/actualidad\\\/#listItem\",\"name\":\"Actualidad\"}}]},{\"@type\":\"NewsArticle\",\"@id\":\"https:\\\/\\\/candas365.es\\\/noticias\\\/yoani-sanchez-en-bonn-fidel-castro-freno-de-la-transicion-cubana\\\/#newsarticle\",\"name\":\"Yoani S\\u00e1nchez en Bonn: Fidel Castro, freno de la transici\\u00f3n cubana | Cand\\u00e1s 365\",\"headline\":\"Yoani S\\u00e1nchez en Bonn: Fidel Castro, freno de la transici\\u00f3n cubana\",\"author\":{\"@id\":\"https:\\\/\\\/candas365.es\\\/noticias\\\/author\\\/admin\\\/#author\"},\"publisher\":{\"@id\":\"https:\\\/\\\/candas365.es\\\/noticias\\\/#organization\"},\"image\":{\"@type\":\"ImageObject\",\"url\":\"https:\\\/\\\/candas365.es\\\/noticias\\\/wp-content\\\/uploads\\\/2015\\\/09\\\/c365noticias.jpg\",\"width\":655,\"height\":360},\"datePublished\":\"2016-06-14T16:05:06+02:00\",\"dateModified\":\"2016-06-14T16:05:06+02:00\",\"inLanguage\":\"es-ES\",\"mainEntityOfPage\":{\"@id\":\"https:\\\/\\\/candas365.es\\\/noticias\\\/yoani-sanchez-en-bonn-fidel-castro-freno-de-la-transicion-cubana\\\/#webpage\"},\"isPartOf\":{\"@id\":\"https:\\\/\\\/candas365.es\\\/noticias\\\/yoani-sanchez-en-bonn-fidel-castro-freno-de-la-transicion-cubana\\\/#webpage\"},\"articleSection\":\"Actualidad\",\"dateline\":\"Publicado el junio 14, 2016.\"},{\"@type\":\"Organization\",\"@id\":\"https:\\\/\\\/candas365.es\\\/noticias\\\/#organization\",\"name\":\"Cand\\u00e1s 365\",\"description\":\"Cand\\u00e1s 365 es un diario digital independiente, fundado en 2012, con base en Asturias. Informamos con rigor sobre actualidad, sociedad, cultura y ocio, con una mirada local y global.\",\"url\":\"https:\\\/\\\/candas365.es\\\/noticias\\\/\",\"email\":\"info@candas365.es\",\"telephone\":\"+34652131393\",\"foundingDate\":\"2012-06-10\",\"logo\":{\"@type\":\"ImageObject\",\"url\":\"https:\\\/\\\/candas365.es\\\/noticias\\\/wp-content\\\/uploads\\\/2024\\\/09\\\/Candas-365-Redes.jpg\",\"@id\":\"https:\\\/\\\/candas365.es\\\/noticias\\\/yoani-sanchez-en-bonn-fidel-castro-freno-de-la-transicion-cubana\\\/#organizationLogo\",\"width\":1152,\"height\":864,\"caption\":\"Cand\\u00e1s 365 Redes\"},\"image\":{\"@id\":\"https:\\\/\\\/candas365.es\\\/noticias\\\/yoani-sanchez-en-bonn-fidel-castro-freno-de-la-transicion-cubana\\\/#organizationLogo\"},\"sameAs\":[\"https:\\\/\\\/www.facebook.com\\\/Nachofdezber\",\"https:\\\/\\\/x.com\\\/NabercoDigital\",\"https:\\\/\\\/www.instagram.com\\\/nachofdezber\\\/\",\"https:\\\/\\\/www.youtube.com\\\/channel\\\/UCZP-2wLEB9Rv6erhFmqVnvg\"],\"address\":{\"@id\":\"https:\\\/\\\/candas365.es\\\/noticias\\\/#postaladdress\",\"@type\":\"PostalAddress\",\"streetAddress\":\"san antonio 4, san antonio 4\",\"postalCode\":\"33430\",\"addressLocality\":\"Cand\\u00e1s\",\"addressRegion\":\"Asturias\",\"addressCountry\":\"ES\"}},{\"@type\":\"Person\",\"@id\":\"https:\\\/\\\/candas365.es\\\/noticias\\\/author\\\/admin\\\/#author\",\"url\":\"https:\\\/\\\/candas365.es\\\/noticias\\\/author\\\/admin\\\/\",\"name\":\"Cand\\u00e1s 365\",\"image\":{\"@type\":\"ImageObject\",\"@id\":\"https:\\\/\\\/candas365.es\\\/noticias\\\/yoani-sanchez-en-bonn-fidel-castro-freno-de-la-transicion-cubana\\\/#authorImage\",\"url\":\"https:\\\/\\\/secure.gravatar.com\\\/avatar\\\/496a8e03d0c493ede1718b7934145dbdf8d89be1036b0eec9544e1094c9de390?s=96&d=mm&r=g\",\"width\":96,\"height\":96,\"caption\":\"Cand\\u00e1s 365\"},\"sameAs\":[\"https:\\\/\\\/www.facebook.com\\\/carrenoactualidad\",\"https:\\\/\\\/twitter.com\\\/nbasturias\",\"https:\\\/\\\/www.instagram.com\\\/nachofdezber\\\/\",\"https:\\\/\\\/www.youtube.com\\\/channel\\\/UCZP-2wLEB9Rv6erhFmqVnvg\"]},{\"@type\":\"WebPage\",\"@id\":\"https:\\\/\\\/candas365.es\\\/noticias\\\/yoani-sanchez-en-bonn-fidel-castro-freno-de-la-transicion-cubana\\\/#webpage\",\"url\":\"https:\\\/\\\/candas365.es\\\/noticias\\\/yoani-sanchez-en-bonn-fidel-castro-freno-de-la-transicion-cubana\\\/\",\"name\":\"Yoani S\\u00e1nchez en Bonn: Fidel Castro, freno de la transici\\u00f3n cubana | Cand\\u00e1s 365\",\"description\":\"Berl\\u00edn, 14 jun (dpa) - La bloguera cubana Yoani S\\u00e1nchez denunci\\u00f3 este lunes que casi dos a\\u00f1os despu\\u00e9s del deshielo con Estados Unidos la realidad cubana apenas haya cambiado y alert\\u00f3 de que el proceso se demorar\\u00e1 \\\"todo lo que dure la vida de los que controlan Cuba\\\". Con motivo de su participaci\\u00f3n en el\",\"inLanguage\":\"es-ES\",\"isPartOf\":{\"@id\":\"https:\\\/\\\/candas365.es\\\/noticias\\\/#website\"},\"breadcrumb\":{\"@id\":\"https:\\\/\\\/candas365.es\\\/noticias\\\/yoani-sanchez-en-bonn-fidel-castro-freno-de-la-transicion-cubana\\\/#breadcrumblist\"},\"author\":{\"@id\":\"https:\\\/\\\/candas365.es\\\/noticias\\\/author\\\/admin\\\/#author\"},\"creator\":{\"@id\":\"https:\\\/\\\/candas365.es\\\/noticias\\\/author\\\/admin\\\/#author\"},\"image\":{\"@type\":\"ImageObject\",\"url\":\"https:\\\/\\\/candas365.es\\\/noticias\\\/wp-content\\\/uploads\\\/2015\\\/09\\\/c365noticias.jpg\",\"@id\":\"https:\\\/\\\/candas365.es\\\/noticias\\\/yoani-sanchez-en-bonn-fidel-castro-freno-de-la-transicion-cubana\\\/#mainImage\",\"width\":655,\"height\":360},\"primaryImageOfPage\":{\"@id\":\"https:\\\/\\\/candas365.es\\\/noticias\\\/yoani-sanchez-en-bonn-fidel-castro-freno-de-la-transicion-cubana\\\/#mainImage\"},\"datePublished\":\"2016-06-14T16:05:06+02:00\",\"dateModified\":\"2016-06-14T16:05:06+02:00\"},{\"@type\":\"WebSite\",\"@id\":\"https:\\\/\\\/candas365.es\\\/noticias\\\/#website\",\"url\":\"https:\\\/\\\/candas365.es\\\/noticias\\\/\",\"name\":\"Cand\\u00e1s 365\",\"alternateName\":\"Cand\\u00e1s 365 Noticias\",\"description\":\"Actualidad desde Carre\\u00f1o para el mundo\",\"inLanguage\":\"es-ES\",\"publisher\":{\"@id\":\"https:\\\/\\\/candas365.es\\\/noticias\\\/#organization\"}}]}\n\t\t<\/script>\n\t\t<!-- All in One SEO Pro -->\r\n\t\t<title>Yoani S\u00e1nchez en Bonn: Fidel Castro, freno de la transici\u00f3n cubana | Cand\u00e1s 365<\/title>\n\n","aioseo_head_json":{"title":"Yoani S\u00e1nchez en Bonn: Fidel Castro, freno de la transici\u00f3n cubana | Cand\u00e1s 365","description":"Berl\u00edn, 14 jun (dpa) - La bloguera cubana Yoani S\u00e1nchez denunci\u00f3 este lunes que casi dos a\u00f1os despu\u00e9s del deshielo con Estados Unidos la realidad cubana apenas haya cambiado y alert\u00f3 de que el proceso se demorar\u00e1 \"todo lo que dure la vida de los que controlan Cuba\". Con motivo de su participaci\u00f3n en el","canonical_url":"https:\/\/candas365.es\/noticias\/yoani-sanchez-en-bonn-fidel-castro-freno-de-la-transicion-cubana\/","robots":"max-image-preview:large","keywords":"actualidad","webmasterTools":{"google-site-verification":"UA-32230408-1","msvalidate.01":"354F3CDFB2DA171B47FBE9ABF1F88D5","miscellaneous":""},"schema":{"@context":"https:\/\/schema.org","@graph":[{"@type":"BreadcrumbList","@id":"https:\/\/candas365.es\/noticias\/yoani-sanchez-en-bonn-fidel-castro-freno-de-la-transicion-cubana\/#breadcrumblist","itemListElement":[{"@type":"ListItem","@id":"https:\/\/candas365.es\/noticias#listItem","position":1,"name":"Home","item":"https:\/\/candas365.es\/noticias","nextItem":{"@type":"ListItem","@id":"https:\/\/candas365.es\/noticias\/category\/actualidad\/#listItem","name":"Actualidad"}},{"@type":"ListItem","@id":"https:\/\/candas365.es\/noticias\/category\/actualidad\/#listItem","position":2,"name":"Actualidad","item":"https:\/\/candas365.es\/noticias\/category\/actualidad\/","nextItem":{"@type":"ListItem","@id":"https:\/\/candas365.es\/noticias\/yoani-sanchez-en-bonn-fidel-castro-freno-de-la-transicion-cubana\/#listItem","name":"Yoani S\u00e1nchez en Bonn: Fidel Castro, freno de la transici\u00f3n cubana"},"previousItem":{"@type":"ListItem","@id":"https:\/\/candas365.es\/noticias#listItem","name":"Home"}},{"@type":"ListItem","@id":"https:\/\/candas365.es\/noticias\/yoani-sanchez-en-bonn-fidel-castro-freno-de-la-transicion-cubana\/#listItem","position":3,"name":"Yoani S\u00e1nchez en Bonn: Fidel Castro, freno de la transici\u00f3n cubana","previousItem":{"@type":"ListItem","@id":"https:\/\/candas365.es\/noticias\/category\/actualidad\/#listItem","name":"Actualidad"}}]},{"@type":"NewsArticle","@id":"https:\/\/candas365.es\/noticias\/yoani-sanchez-en-bonn-fidel-castro-freno-de-la-transicion-cubana\/#newsarticle","name":"Yoani S\u00e1nchez en Bonn: Fidel Castro, freno de la transici\u00f3n cubana | Cand\u00e1s 365","headline":"Yoani S\u00e1nchez en Bonn: Fidel Castro, freno de la transici\u00f3n cubana","author":{"@id":"https:\/\/candas365.es\/noticias\/author\/admin\/#author"},"publisher":{"@id":"https:\/\/candas365.es\/noticias\/#organization"},"image":{"@type":"ImageObject","url":"https:\/\/candas365.es\/noticias\/wp-content\/uploads\/2015\/09\/c365noticias.jpg","width":655,"height":360},"datePublished":"2016-06-14T16:05:06+02:00","dateModified":"2016-06-14T16:05:06+02:00","inLanguage":"es-ES","mainEntityOfPage":{"@id":"https:\/\/candas365.es\/noticias\/yoani-sanchez-en-bonn-fidel-castro-freno-de-la-transicion-cubana\/#webpage"},"isPartOf":{"@id":"https:\/\/candas365.es\/noticias\/yoani-sanchez-en-bonn-fidel-castro-freno-de-la-transicion-cubana\/#webpage"},"articleSection":"Actualidad","dateline":"Publicado el junio 14, 2016."},{"@type":"Organization","@id":"https:\/\/candas365.es\/noticias\/#organization","name":"Cand\u00e1s 365","description":"Cand\u00e1s 365 es un diario digital independiente, fundado en 2012, con base en Asturias. Informamos con rigor sobre actualidad, sociedad, cultura y ocio, con una mirada local y global.","url":"https:\/\/candas365.es\/noticias\/","email":"info@candas365.es","telephone":"+34652131393","foundingDate":"2012-06-10","logo":{"@type":"ImageObject","url":"https:\/\/candas365.es\/noticias\/wp-content\/uploads\/2024\/09\/Candas-365-Redes.jpg","@id":"https:\/\/candas365.es\/noticias\/yoani-sanchez-en-bonn-fidel-castro-freno-de-la-transicion-cubana\/#organizationLogo","width":1152,"height":864,"caption":"Cand\u00e1s 365 Redes"},"image":{"@id":"https:\/\/candas365.es\/noticias\/yoani-sanchez-en-bonn-fidel-castro-freno-de-la-transicion-cubana\/#organizationLogo"},"sameAs":["https:\/\/www.facebook.com\/Nachofdezber","https:\/\/x.com\/NabercoDigital","https:\/\/www.instagram.com\/nachofdezber\/","https:\/\/www.youtube.com\/channel\/UCZP-2wLEB9Rv6erhFmqVnvg"],"address":{"@id":"https:\/\/candas365.es\/noticias\/#postaladdress","@type":"PostalAddress","streetAddress":"san antonio 4, san antonio 4","postalCode":"33430","addressLocality":"Cand\u00e1s","addressRegion":"Asturias","addressCountry":"ES"}},{"@type":"Person","@id":"https:\/\/candas365.es\/noticias\/author\/admin\/#author","url":"https:\/\/candas365.es\/noticias\/author\/admin\/","name":"Cand\u00e1s 365","image":{"@type":"ImageObject","@id":"https:\/\/candas365.es\/noticias\/yoani-sanchez-en-bonn-fidel-castro-freno-de-la-transicion-cubana\/#authorImage","url":"https:\/\/secure.gravatar.com\/avatar\/496a8e03d0c493ede1718b7934145dbdf8d89be1036b0eec9544e1094c9de390?s=96&d=mm&r=g","width":96,"height":96,"caption":"Cand\u00e1s 365"},"sameAs":["https:\/\/www.facebook.com\/carrenoactualidad","https:\/\/twitter.com\/nbasturias","https:\/\/www.instagram.com\/nachofdezber\/","https:\/\/www.youtube.com\/channel\/UCZP-2wLEB9Rv6erhFmqVnvg"]},{"@type":"WebPage","@id":"https:\/\/candas365.es\/noticias\/yoani-sanchez-en-bonn-fidel-castro-freno-de-la-transicion-cubana\/#webpage","url":"https:\/\/candas365.es\/noticias\/yoani-sanchez-en-bonn-fidel-castro-freno-de-la-transicion-cubana\/","name":"Yoani S\u00e1nchez en Bonn: Fidel Castro, freno de la transici\u00f3n cubana | Cand\u00e1s 365","description":"Berl\u00edn, 14 jun (dpa) - La bloguera cubana Yoani S\u00e1nchez denunci\u00f3 este lunes que casi dos a\u00f1os despu\u00e9s del deshielo con Estados Unidos la realidad cubana apenas haya cambiado y alert\u00f3 de que el proceso se demorar\u00e1 \"todo lo que dure la vida de los que controlan Cuba\". Con motivo de su participaci\u00f3n en el","inLanguage":"es-ES","isPartOf":{"@id":"https:\/\/candas365.es\/noticias\/#website"},"breadcrumb":{"@id":"https:\/\/candas365.es\/noticias\/yoani-sanchez-en-bonn-fidel-castro-freno-de-la-transicion-cubana\/#breadcrumblist"},"author":{"@id":"https:\/\/candas365.es\/noticias\/author\/admin\/#author"},"creator":{"@id":"https:\/\/candas365.es\/noticias\/author\/admin\/#author"},"image":{"@type":"ImageObject","url":"https:\/\/candas365.es\/noticias\/wp-content\/uploads\/2015\/09\/c365noticias.jpg","@id":"https:\/\/candas365.es\/noticias\/yoani-sanchez-en-bonn-fidel-castro-freno-de-la-transicion-cubana\/#mainImage","width":655,"height":360},"primaryImageOfPage":{"@id":"https:\/\/candas365.es\/noticias\/yoani-sanchez-en-bonn-fidel-castro-freno-de-la-transicion-cubana\/#mainImage"},"datePublished":"2016-06-14T16:05:06+02:00","dateModified":"2016-06-14T16:05:06+02:00"},{"@type":"WebSite","@id":"https:\/\/candas365.es\/noticias\/#website","url":"https:\/\/candas365.es\/noticias\/","name":"Cand\u00e1s 365","alternateName":"Cand\u00e1s 365 Noticias","description":"Actualidad desde Carre\u00f1o para el mundo","inLanguage":"es-ES","publisher":{"@id":"https:\/\/candas365.es\/noticias\/#organization"}}]},"og:locale":"es_ES","og:site_name":"Cand\u00e1s 365","og:type":"article","og:title":"Yoani S\u00e1nchez en Bonn: Fidel Castro, freno de la transici\u00f3n cubana | Cand\u00e1s 365","og:description":"Berl\u00edn, 14 jun (dpa) - La bloguera cubana Yoani S\u00e1nchez denunci\u00f3 este lunes que casi dos a\u00f1os despu\u00e9s del deshielo con Estados Unidos la realidad cubana apenas haya cambiado y alert\u00f3 de que el proceso se demorar\u00e1 &quot;todo lo que dure la vida de los que controlan Cuba&quot;. Con motivo de su participaci\u00f3n en el","og:url":"https:\/\/candas365.es\/noticias\/yoani-sanchez-en-bonn-fidel-castro-freno-de-la-transicion-cubana\/","og:image":"https:\/\/candas365.es\/noticias\/wp-content\/uploads\/2015\/09\/c365noticias.jpg","og:image:secure_url":"https:\/\/candas365.es\/noticias\/wp-content\/uploads\/2015\/09\/c365noticias.jpg","og:image:width":655,"og:image:height":360,"article:published_time":"2016-06-14T14:35:06+00:00","article:modified_time":"2016-06-14T14:35:06+00:00","article:publisher":"https:\/\/www.facebook.com\/Nachofdezber","article:author":"https:\/\/www.facebook.com\/carrenoactualidad","twitter:card":"summary_large_image","twitter:site":"@NabercoDigital","twitter:title":"Yoani S\u00e1nchez en Bonn: Fidel Castro, freno de la transici\u00f3n cubana | Cand\u00e1s 365","twitter:description":"Berl\u00edn, 14 jun (dpa) - La bloguera cubana Yoani S\u00e1nchez denunci\u00f3 este lunes que casi dos a\u00f1os despu\u00e9s del deshielo con Estados Unidos la realidad cubana apenas haya cambiado y alert\u00f3 de que el proceso se demorar\u00e1 &quot;todo lo que dure la vida de los que controlan Cuba&quot;. Con motivo de su participaci\u00f3n en el","twitter:creator":"@nbasturias","twitter:image":"https:\/\/candas365.es\/noticias\/wp-content\/uploads\/2015\/09\/c365noticias.jpg","twitter:label1":"Escrito por","twitter:data1":"Cand\u00e1s 365","twitter:label2":"Tiempo de lectura estimado","twitter:data2":"8 minutos"},"aioseo_meta_data":{"post_id":"30203","title":null,"description":null,"keywords":null,"keyphrases":null,"primary_term":null,"canonical_url":null,"og_title":null,"og_description":null,"og_object_type":"default","og_image_type":"default","og_image_url":null,"og_image_width":null,"og_image_height":null,"og_image_custom_url":null,"og_image_custom_fields":null,"og_video":null,"og_custom_url":null,"og_article_section":null,"og_article_tags":null,"twitter_use_og":false,"twitter_card":"default","twitter_image_type":"default","twitter_image_url":null,"twitter_image_custom_url":null,"twitter_image_custom_fields":null,"twitter_title":null,"twitter_description":null,"schema":{"blockGraphs":[],"customGraphs":[],"default":{"data":{"Article":[],"Course":[],"Dataset":[],"FAQPage":[],"Movie":[],"Person":[],"Product":[],"ProductReview":[],"Car":[],"Recipe":[],"Service":[],"SoftwareApplication":[],"WebPage":[]},"graphName":"","isEnabled":true},"graphs":[]},"schema_type":null,"schema_type_options":null,"pillar_content":false,"robots_default":true,"robots_noindex":false,"robots_noarchive":false,"robots_nosnippet":false,"robots_nofollow":false,"robots_noimageindex":false,"robots_noodp":false,"robots_notranslate":false,"robots_max_snippet":null,"robots_max_videopreview":null,"robots_max_imagepreview":"large","priority":null,"frequency":null,"location":null,"local_seo":null,"seo_analyzer_scan_date":"2025-08-24 12:12:22","breadcrumb_settings":null,"limit_modified_date":false,"reviewed_by":null,"open_ai":null,"ai":null,"created":"2020-12-21 12:57:02","updated":"2025-08-24 12:12:22"},"aioseo_breadcrumb":"<div class=\"aioseo-breadcrumbs\"><span class=\"aioseo-breadcrumb\">\n\t<a href=\"https:\/\/candas365.es\/noticias\" title=\"Home\">Home<\/a>\n<\/span><span class=\"aioseo-breadcrumb-separator\">&ndash;<\/span><span class=\"aioseo-breadcrumb\">\n\t<a href=\"https:\/\/candas365.es\/noticias\/category\/actualidad\/\" title=\"Actualidad\">Actualidad<\/a>\n<\/span><span class=\"aioseo-breadcrumb-separator\">&ndash;<\/span><span class=\"aioseo-breadcrumb\">\n\tYoani S\u00e1nchez en Bonn: Fidel Castro, freno de la transici\u00f3n cubana\n<\/span><\/div>","aioseo_breadcrumb_json":[{"label":"Home","link":"https:\/\/candas365.es\/noticias"},{"label":"Actualidad","link":"https:\/\/candas365.es\/noticias\/category\/actualidad\/"},{"label":"Yoani S\u00e1nchez en Bonn: Fidel Castro, freno de la transici\u00f3n cubana","link":"https:\/\/candas365.es\/noticias\/yoani-sanchez-en-bonn-fidel-castro-freno-de-la-transicion-cubana\/"}],"_links":{"self":[{"href":"https:\/\/candas365.es\/noticias\/wp-json\/wp\/v2\/posts\/30203","targetHints":{"allow":["GET"]}}],"collection":[{"href":"https:\/\/candas365.es\/noticias\/wp-json\/wp\/v2\/posts"}],"about":[{"href":"https:\/\/candas365.es\/noticias\/wp-json\/wp\/v2\/types\/post"}],"author":[{"embeddable":true,"href":"https:\/\/candas365.es\/noticias\/wp-json\/wp\/v2\/users\/1"}],"replies":[{"embeddable":true,"href":"https:\/\/candas365.es\/noticias\/wp-json\/wp\/v2\/comments?post=30203"}],"version-history":[{"count":0,"href":"https:\/\/candas365.es\/noticias\/wp-json\/wp\/v2\/posts\/30203\/revisions"}],"wp:featuredmedia":[{"embeddable":true,"href":"https:\/\/candas365.es\/noticias\/wp-json\/wp\/v2\/media\/16457"}],"wp:attachment":[{"href":"https:\/\/candas365.es\/noticias\/wp-json\/wp\/v2\/media?parent=30203"}],"wp:term":[{"taxonomy":"category","embeddable":true,"href":"https:\/\/candas365.es\/noticias\/wp-json\/wp\/v2\/categories?post=30203"},{"taxonomy":"post_tag","embeddable":true,"href":"https:\/\/candas365.es\/noticias\/wp-json\/wp\/v2\/tags?post=30203"}],"curies":[{"name":"wp","href":"https:\/\/api.w.org\/{rel}","templated":true}]}}