{"id":30201,"date":"2016-06-14T16:04:02","date_gmt":"2016-06-14T14:34:02","guid":{"rendered":"http:\/\/candas365.es\/noticias\/?p=30201"},"modified":"2016-06-14T16:04:02","modified_gmt":"2016-06-14T14:34:02","slug":"li-asegura-a-merkel-que-quiere-evitar-una-guerra-comercial-con-ue","status":"publish","type":"post","link":"https:\/\/candas365.es\/noticias\/li-asegura-a-merkel-que-quiere-evitar-una-guerra-comercial-con-ue\/","title":{"rendered":"Li asegura a Merkel que quiere evitar una guerra comercial con UE"},"content":{"rendered":"<p>(dpa) &#8211; El primer ministro chino, Li Keqiang, se mostr\u00f3 hoy firme en la reivindicaci\u00f3n de que la Uni\u00f3n Europea (UE) reconozca a China como econom\u00eda de mercado, aunque asegur\u00f3 a la canciller alemana, Angela Merkel, que quiere evitar un conflicto comercial con el bloque.<\/p>\n<p>Li, que hoy se reuni\u00f3 con Merkel en Pek\u00edn, pidi\u00f3 en varias ocasiones a la canciller que interceda por China en Europa. \u00abEsperamos de la parte alemana que juegue un papel positivo en el cumplimiento de obligaciones de la UE\u00bb, dijo.<\/p>\n<p>Por su parte, Merkel dijo que \u00abno cuestiona\u00bb las promesas previas y prometi\u00f3 mediar entre Breuselas y Pek\u00edn. Cuando concluya su viaje a China, la mandataria se reunir\u00e1 con el presidente de la Comisi\u00f3n Europea, Jean-Claude Juncker, y antes del verano habr\u00e1 una cumbre UE-China en Pek\u00edn. \u00abTodav\u00eda tenemos un par de meses\u00bb, apunt\u00f3.<\/p>\n<p>El otorgamiento del t\u00edtulo de econom\u00eda de mercado proteger\u00eda a China de las costosas demandas antidumping, es decir de las acusaciones de que vende sus productos por debajo del coste de mercado. En la actualidad el pa\u00eds y la UE se encuentran enfrentados por el tema del acero. Se acusa a Pek\u00edn de vender el acero muy barato debido a su exceso de producci\u00f3n.<\/p>\n<p>Cuando en 2001 China fue aceptada en la Organizaci\u00f3n Mundial del Comercio (OMC) se le prometi\u00f3 que a finales de 2016 ser\u00eda considerada una econom\u00eda de mercado. Pero para ello se necesita la aprobaci\u00f3n por mayor\u00eda cualificada de los pa\u00edses de la UE y del Parlamento Europeo y este \u00faltimo vot\u00f3 a finales de mayo en contra de la medida por miedo a la p\u00e9rdida de puestos de trabajo.<\/p>\n<p>Li advirti\u00f3 de que China cumpli\u00f3 con sus obligaciones de su entrada a la OMC y apunt\u00f3 que ahora le toca hacerlo a la UE. \u00abNo queremos una guerra comercial\u00bb, dijo el primer ministro, que considera que nadie se beneficiar\u00eda de ello, sobre todo en la actual d\u00e9bil coyuntura.<\/p>\n<p>Merkel dijo que Alemania recuerda la promesa hecha en el art\u00edculo 15 y asegur\u00f3 que la UE conoce sus obligaciones. \u00abLa Comisi\u00f3n est\u00e1 trabajando en una soluci\u00f3n\u00bb.<\/p>\n<p>Durante estas consultas sino-alemanas se firmaron 24 acuerdos. Los convenios econ\u00f3micos suscritos ascienden a 2.730 millones de euros y entre ellos hay uno de Airbus para el montaje de 100 helic\u00f3pteros en China de unos mil millones de euros. El fabricante de autom\u00f3viles Daimler suscribi\u00f3 una inversi\u00f3n en una planta de motores de 540 millones de euros y tambi\u00e9n se firm\u00f3 una cooperaci\u00f3n para el desarrollo de energ\u00eda e\u00f3lica de 650 millones de euros.<\/p>\n<p>Merkel viaj\u00f3 a China con seis de sus ministros, entre ellos el de Exteriores, Frank-Walter Steinmeier, y el de Finanzas, Wolfgang Sch\u00e4uble.<\/p>\n<p>&nbsp;<\/p>\n","protected":false},"excerpt":{"rendered":"<p>(dpa) &#8211; El primer ministro chino, Li Keqiang, se mostr\u00f3 hoy firme en la reivindicaci\u00f3n de que la Uni\u00f3n Europea (UE) reconozca a China como econom\u00eda de mercado, aunque asegur\u00f3 a la canciller alemana, Angela Merkel, que quiere evitar un conflicto comercial con el bloque. Li, que hoy se reuni\u00f3 con Merkel en Pek\u00edn, pidi\u00f3<\/p>\n","protected":false},"author":1,"featured_media":14622,"comment_status":"closed","ping_status":"closed","sticky":false,"template":"","format":"standard","meta":{"footnotes":""},"categories":[343],"tags":[],"class_list":{"0":"post-30201","1":"post","2":"type-post","3":"status-publish","4":"format-standard","5":"has-post-thumbnail","7":"category-actualidad"},"aioseo_notices":[],"aioseo_head":"\n\t\t<!-- All in One SEO Pro 4.9.6.2 - aioseo.com -->\n\t<meta name=\"description\" content=\"(dpa) - El primer ministro chino, Li Keqiang, se mostr\u00f3 hoy firme en la reivindicaci\u00f3n de que la Uni\u00f3n Europea (UE) reconozca a China como econom\u00eda de mercado, aunque asegur\u00f3 a la canciller alemana, Angela Merkel, que quiere evitar un conflicto comercial con el bloque. Li, que hoy se reuni\u00f3 con Merkel en Pek\u00edn, pidi\u00f3\" \/>\n\t<meta name=\"robots\" content=\"max-image-preview:large\" \/>\n\t<meta name=\"author\" content=\"Cand\u00e1s 365\"\/>\n\t<meta name=\"google-site-verification\" content=\"UA-32230408-1\" \/>\n\t<meta name=\"msvalidate.01\" content=\"354F3CDFB2DA171B47FBE9ABF1F88D5\" \/>\n\t<meta name=\"keywords\" content=\"actualidad\" \/>\n\t<link rel=\"canonical\" href=\"https:\/\/candas365.es\/noticias\/li-asegura-a-merkel-que-quiere-evitar-una-guerra-comercial-con-ue\/\" \/>\n\t<meta name=\"generator\" content=\"All in One SEO Pro (AIOSEO) 4.9.6.2\" \/>\n\t\t<meta property=\"og:locale\" content=\"es_ES\" \/>\n\t\t<meta property=\"og:site_name\" content=\"Cand\u00e1s 365\" \/>\n\t\t<meta property=\"og:type\" content=\"article\" \/>\n\t\t<meta property=\"og:title\" content=\"Li asegura a Merkel que quiere evitar una guerra comercial con UE | Cand\u00e1s 365\" \/>\n\t\t<meta property=\"og:description\" content=\"(dpa) - El primer ministro chino, Li Keqiang, se mostr\u00f3 hoy firme en la reivindicaci\u00f3n de que la Uni\u00f3n Europea (UE) reconozca a China como econom\u00eda de mercado, aunque asegur\u00f3 a la canciller alemana, Angela Merkel, que quiere evitar un conflicto comercial con el bloque. Li, que hoy se reuni\u00f3 con Merkel en Pek\u00edn, pidi\u00f3\" \/>\n\t\t<meta property=\"og:url\" content=\"https:\/\/candas365.es\/noticias\/li-asegura-a-merkel-que-quiere-evitar-una-guerra-comercial-con-ue\/\" \/>\n\t\t<meta property=\"og:image\" content=\"https:\/\/candas365.es\/noticias\/wp-content\/uploads\/2015\/08\/merkel.jpg\" \/>\n\t\t<meta property=\"og:image:secure_url\" content=\"https:\/\/candas365.es\/noticias\/wp-content\/uploads\/2015\/08\/merkel.jpg\" \/>\n\t\t<meta property=\"og:image:width\" content=\"655\" \/>\n\t\t<meta property=\"og:image:height\" content=\"360\" \/>\n\t\t<meta property=\"article:published_time\" content=\"2016-06-14T14:34:02+00:00\" \/>\n\t\t<meta property=\"article:modified_time\" content=\"2016-06-14T14:34:02+00:00\" \/>\n\t\t<meta property=\"article:publisher\" content=\"https:\/\/www.facebook.com\/Nachofdezber\" \/>\n\t\t<meta property=\"article:author\" content=\"https:\/\/www.facebook.com\/carrenoactualidad\" \/>\n\t\t<meta name=\"twitter:card\" content=\"summary_large_image\" \/>\n\t\t<meta name=\"twitter:site\" content=\"@NabercoDigital\" \/>\n\t\t<meta name=\"twitter:title\" content=\"Li asegura a Merkel que quiere evitar una guerra comercial con UE | Cand\u00e1s 365\" \/>\n\t\t<meta name=\"twitter:description\" content=\"(dpa) - El primer ministro chino, Li Keqiang, se mostr\u00f3 hoy firme en la reivindicaci\u00f3n de que la Uni\u00f3n Europea (UE) reconozca a China como econom\u00eda de mercado, aunque asegur\u00f3 a la canciller alemana, Angela Merkel, que quiere evitar un conflicto comercial con el bloque. Li, que hoy se reuni\u00f3 con Merkel en Pek\u00edn, pidi\u00f3\" \/>\n\t\t<meta name=\"twitter:creator\" content=\"@nbasturias\" \/>\n\t\t<meta name=\"twitter:image\" content=\"https:\/\/candas365.es\/noticias\/wp-content\/uploads\/2015\/08\/merkel.jpg\" \/>\n\t\t<meta name=\"twitter:label1\" content=\"Escrito por\" \/>\n\t\t<meta name=\"twitter:data1\" content=\"Cand\u00e1s 365\" \/>\n\t\t<meta name=\"twitter:label2\" content=\"Tiempo de lectura estimado\" \/>\n\t\t<meta name=\"twitter:data2\" content=\"2 minutos\" \/>\n\t\t<script type=\"application\/ld+json\" class=\"aioseo-schema\">\n\t\t\t{\"@context\":\"https:\\\/\\\/schema.org\",\"@graph\":[{\"@type\":\"BreadcrumbList\",\"@id\":\"https:\\\/\\\/candas365.es\\\/noticias\\\/li-asegura-a-merkel-que-quiere-evitar-una-guerra-comercial-con-ue\\\/#breadcrumblist\",\"itemListElement\":[{\"@type\":\"ListItem\",\"@id\":\"https:\\\/\\\/candas365.es\\\/noticias#listItem\",\"position\":1,\"name\":\"Home\",\"item\":\"https:\\\/\\\/candas365.es\\\/noticias\",\"nextItem\":{\"@type\":\"ListItem\",\"@id\":\"https:\\\/\\\/candas365.es\\\/noticias\\\/category\\\/actualidad\\\/#listItem\",\"name\":\"Actualidad\"}},{\"@type\":\"ListItem\",\"@id\":\"https:\\\/\\\/candas365.es\\\/noticias\\\/category\\\/actualidad\\\/#listItem\",\"position\":2,\"name\":\"Actualidad\",\"item\":\"https:\\\/\\\/candas365.es\\\/noticias\\\/category\\\/actualidad\\\/\",\"nextItem\":{\"@type\":\"ListItem\",\"@id\":\"https:\\\/\\\/candas365.es\\\/noticias\\\/li-asegura-a-merkel-que-quiere-evitar-una-guerra-comercial-con-ue\\\/#listItem\",\"name\":\"Li asegura a Merkel que quiere evitar una guerra comercial con UE\"},\"previousItem\":{\"@type\":\"ListItem\",\"@id\":\"https:\\\/\\\/candas365.es\\\/noticias#listItem\",\"name\":\"Home\"}},{\"@type\":\"ListItem\",\"@id\":\"https:\\\/\\\/candas365.es\\\/noticias\\\/li-asegura-a-merkel-que-quiere-evitar-una-guerra-comercial-con-ue\\\/#listItem\",\"position\":3,\"name\":\"Li asegura a Merkel que quiere evitar una guerra comercial con UE\",\"previousItem\":{\"@type\":\"ListItem\",\"@id\":\"https:\\\/\\\/candas365.es\\\/noticias\\\/category\\\/actualidad\\\/#listItem\",\"name\":\"Actualidad\"}}]},{\"@type\":\"NewsArticle\",\"@id\":\"https:\\\/\\\/candas365.es\\\/noticias\\\/li-asegura-a-merkel-que-quiere-evitar-una-guerra-comercial-con-ue\\\/#newsarticle\",\"name\":\"Li asegura a Merkel que quiere evitar una guerra comercial con UE | Cand\\u00e1s 365\",\"headline\":\"Li asegura a Merkel que quiere evitar una guerra comercial con UE\",\"author\":{\"@id\":\"https:\\\/\\\/candas365.es\\\/noticias\\\/author\\\/admin\\\/#author\"},\"publisher\":{\"@id\":\"https:\\\/\\\/candas365.es\\\/noticias\\\/#organization\"},\"image\":{\"@type\":\"ImageObject\",\"url\":\"https:\\\/\\\/candas365.es\\\/noticias\\\/wp-content\\\/uploads\\\/2015\\\/08\\\/merkel.jpg\",\"width\":655,\"height\":360},\"datePublished\":\"2016-06-14T16:04:02+02:00\",\"dateModified\":\"2016-06-14T16:04:02+02:00\",\"inLanguage\":\"es-ES\",\"mainEntityOfPage\":{\"@id\":\"https:\\\/\\\/candas365.es\\\/noticias\\\/li-asegura-a-merkel-que-quiere-evitar-una-guerra-comercial-con-ue\\\/#webpage\"},\"isPartOf\":{\"@id\":\"https:\\\/\\\/candas365.es\\\/noticias\\\/li-asegura-a-merkel-que-quiere-evitar-una-guerra-comercial-con-ue\\\/#webpage\"},\"articleSection\":\"Actualidad\",\"dateline\":\"Publicado el junio 14, 2016.\"},{\"@type\":\"Organization\",\"@id\":\"https:\\\/\\\/candas365.es\\\/noticias\\\/#organization\",\"name\":\"Cand\\u00e1s 365\",\"description\":\"Cand\\u00e1s 365 es un diario digital independiente, fundado en 2012, con base en Asturias. Informamos con rigor sobre actualidad, sociedad, cultura y ocio, con una mirada local y global.\",\"url\":\"https:\\\/\\\/candas365.es\\\/noticias\\\/\",\"email\":\"info@candas365.es\",\"telephone\":\"+34652131393\",\"foundingDate\":\"2012-06-10\",\"logo\":{\"@type\":\"ImageObject\",\"url\":\"https:\\\/\\\/candas365.es\\\/noticias\\\/wp-content\\\/uploads\\\/2024\\\/09\\\/Candas-365-Redes.jpg\",\"@id\":\"https:\\\/\\\/candas365.es\\\/noticias\\\/li-asegura-a-merkel-que-quiere-evitar-una-guerra-comercial-con-ue\\\/#organizationLogo\",\"width\":1152,\"height\":864,\"caption\":\"Cand\\u00e1s 365 Redes\"},\"image\":{\"@id\":\"https:\\\/\\\/candas365.es\\\/noticias\\\/li-asegura-a-merkel-que-quiere-evitar-una-guerra-comercial-con-ue\\\/#organizationLogo\"},\"sameAs\":[\"https:\\\/\\\/www.facebook.com\\\/Nachofdezber\",\"https:\\\/\\\/x.com\\\/NabercoDigital\",\"https:\\\/\\\/www.instagram.com\\\/nachofdezber\\\/\",\"https:\\\/\\\/www.youtube.com\\\/channel\\\/UCZP-2wLEB9Rv6erhFmqVnvg\"],\"address\":{\"@id\":\"https:\\\/\\\/candas365.es\\\/noticias\\\/#postaladdress\",\"@type\":\"PostalAddress\",\"streetAddress\":\"san antonio 4, san antonio 4\",\"postalCode\":\"33430\",\"addressLocality\":\"Cand\\u00e1s\",\"addressRegion\":\"Asturias\",\"addressCountry\":\"ES\"}},{\"@type\":\"Person\",\"@id\":\"https:\\\/\\\/candas365.es\\\/noticias\\\/author\\\/admin\\\/#author\",\"url\":\"https:\\\/\\\/candas365.es\\\/noticias\\\/author\\\/admin\\\/\",\"name\":\"Cand\\u00e1s 365\",\"image\":{\"@type\":\"ImageObject\",\"@id\":\"https:\\\/\\\/candas365.es\\\/noticias\\\/li-asegura-a-merkel-que-quiere-evitar-una-guerra-comercial-con-ue\\\/#authorImage\",\"url\":\"https:\\\/\\\/secure.gravatar.com\\\/avatar\\\/496a8e03d0c493ede1718b7934145dbdf8d89be1036b0eec9544e1094c9de390?s=96&d=mm&r=g\",\"width\":96,\"height\":96,\"caption\":\"Cand\\u00e1s 365\"},\"sameAs\":[\"https:\\\/\\\/www.facebook.com\\\/carrenoactualidad\",\"https:\\\/\\\/twitter.com\\\/nbasturias\",\"https:\\\/\\\/www.instagram.com\\\/nachofdezber\\\/\",\"https:\\\/\\\/www.youtube.com\\\/channel\\\/UCZP-2wLEB9Rv6erhFmqVnvg\"]},{\"@type\":\"WebPage\",\"@id\":\"https:\\\/\\\/candas365.es\\\/noticias\\\/li-asegura-a-merkel-que-quiere-evitar-una-guerra-comercial-con-ue\\\/#webpage\",\"url\":\"https:\\\/\\\/candas365.es\\\/noticias\\\/li-asegura-a-merkel-que-quiere-evitar-una-guerra-comercial-con-ue\\\/\",\"name\":\"Li asegura a Merkel que quiere evitar una guerra comercial con UE | Cand\\u00e1s 365\",\"description\":\"(dpa) - El primer ministro chino, Li Keqiang, se mostr\\u00f3 hoy firme en la reivindicaci\\u00f3n de que la Uni\\u00f3n Europea (UE) reconozca a China como econom\\u00eda de mercado, aunque asegur\\u00f3 a la canciller alemana, Angela Merkel, que quiere evitar un conflicto comercial con el bloque. Li, que hoy se reuni\\u00f3 con Merkel en Pek\\u00edn, pidi\\u00f3\",\"inLanguage\":\"es-ES\",\"isPartOf\":{\"@id\":\"https:\\\/\\\/candas365.es\\\/noticias\\\/#website\"},\"breadcrumb\":{\"@id\":\"https:\\\/\\\/candas365.es\\\/noticias\\\/li-asegura-a-merkel-que-quiere-evitar-una-guerra-comercial-con-ue\\\/#breadcrumblist\"},\"author\":{\"@id\":\"https:\\\/\\\/candas365.es\\\/noticias\\\/author\\\/admin\\\/#author\"},\"creator\":{\"@id\":\"https:\\\/\\\/candas365.es\\\/noticias\\\/author\\\/admin\\\/#author\"},\"image\":{\"@type\":\"ImageObject\",\"url\":\"https:\\\/\\\/candas365.es\\\/noticias\\\/wp-content\\\/uploads\\\/2015\\\/08\\\/merkel.jpg\",\"@id\":\"https:\\\/\\\/candas365.es\\\/noticias\\\/li-asegura-a-merkel-que-quiere-evitar-una-guerra-comercial-con-ue\\\/#mainImage\",\"width\":655,\"height\":360},\"primaryImageOfPage\":{\"@id\":\"https:\\\/\\\/candas365.es\\\/noticias\\\/li-asegura-a-merkel-que-quiere-evitar-una-guerra-comercial-con-ue\\\/#mainImage\"},\"datePublished\":\"2016-06-14T16:04:02+02:00\",\"dateModified\":\"2016-06-14T16:04:02+02:00\"},{\"@type\":\"WebSite\",\"@id\":\"https:\\\/\\\/candas365.es\\\/noticias\\\/#website\",\"url\":\"https:\\\/\\\/candas365.es\\\/noticias\\\/\",\"name\":\"Cand\\u00e1s 365\",\"alternateName\":\"Cand\\u00e1s 365 Noticias\",\"description\":\"Actualidad desde Carre\\u00f1o para el mundo\",\"inLanguage\":\"es-ES\",\"publisher\":{\"@id\":\"https:\\\/\\\/candas365.es\\\/noticias\\\/#organization\"}}]}\n\t\t<\/script>\n\t\t<!-- All in One SEO Pro -->\r\n\t\t<title>Li asegura a Merkel que quiere evitar una guerra comercial con UE | Cand\u00e1s 365<\/title>\n\n","aioseo_head_json":{"title":"Li asegura a Merkel que quiere evitar una guerra comercial con UE | Cand\u00e1s 365","description":"(dpa) - El primer ministro chino, Li Keqiang, se mostr\u00f3 hoy firme en la reivindicaci\u00f3n de que la Uni\u00f3n Europea (UE) reconozca a China como econom\u00eda de mercado, aunque asegur\u00f3 a la canciller alemana, Angela Merkel, que quiere evitar un conflicto comercial con el bloque. Li, que hoy se reuni\u00f3 con Merkel en Pek\u00edn, pidi\u00f3","canonical_url":"https:\/\/candas365.es\/noticias\/li-asegura-a-merkel-que-quiere-evitar-una-guerra-comercial-con-ue\/","robots":"max-image-preview:large","keywords":"actualidad","webmasterTools":{"google-site-verification":"UA-32230408-1","msvalidate.01":"354F3CDFB2DA171B47FBE9ABF1F88D5","miscellaneous":""},"schema":{"@context":"https:\/\/schema.org","@graph":[{"@type":"BreadcrumbList","@id":"https:\/\/candas365.es\/noticias\/li-asegura-a-merkel-que-quiere-evitar-una-guerra-comercial-con-ue\/#breadcrumblist","itemListElement":[{"@type":"ListItem","@id":"https:\/\/candas365.es\/noticias#listItem","position":1,"name":"Home","item":"https:\/\/candas365.es\/noticias","nextItem":{"@type":"ListItem","@id":"https:\/\/candas365.es\/noticias\/category\/actualidad\/#listItem","name":"Actualidad"}},{"@type":"ListItem","@id":"https:\/\/candas365.es\/noticias\/category\/actualidad\/#listItem","position":2,"name":"Actualidad","item":"https:\/\/candas365.es\/noticias\/category\/actualidad\/","nextItem":{"@type":"ListItem","@id":"https:\/\/candas365.es\/noticias\/li-asegura-a-merkel-que-quiere-evitar-una-guerra-comercial-con-ue\/#listItem","name":"Li asegura a Merkel que quiere evitar una guerra comercial con UE"},"previousItem":{"@type":"ListItem","@id":"https:\/\/candas365.es\/noticias#listItem","name":"Home"}},{"@type":"ListItem","@id":"https:\/\/candas365.es\/noticias\/li-asegura-a-merkel-que-quiere-evitar-una-guerra-comercial-con-ue\/#listItem","position":3,"name":"Li asegura a Merkel que quiere evitar una guerra comercial con UE","previousItem":{"@type":"ListItem","@id":"https:\/\/candas365.es\/noticias\/category\/actualidad\/#listItem","name":"Actualidad"}}]},{"@type":"NewsArticle","@id":"https:\/\/candas365.es\/noticias\/li-asegura-a-merkel-que-quiere-evitar-una-guerra-comercial-con-ue\/#newsarticle","name":"Li asegura a Merkel que quiere evitar una guerra comercial con UE | Cand\u00e1s 365","headline":"Li asegura a Merkel que quiere evitar una guerra comercial con UE","author":{"@id":"https:\/\/candas365.es\/noticias\/author\/admin\/#author"},"publisher":{"@id":"https:\/\/candas365.es\/noticias\/#organization"},"image":{"@type":"ImageObject","url":"https:\/\/candas365.es\/noticias\/wp-content\/uploads\/2015\/08\/merkel.jpg","width":655,"height":360},"datePublished":"2016-06-14T16:04:02+02:00","dateModified":"2016-06-14T16:04:02+02:00","inLanguage":"es-ES","mainEntityOfPage":{"@id":"https:\/\/candas365.es\/noticias\/li-asegura-a-merkel-que-quiere-evitar-una-guerra-comercial-con-ue\/#webpage"},"isPartOf":{"@id":"https:\/\/candas365.es\/noticias\/li-asegura-a-merkel-que-quiere-evitar-una-guerra-comercial-con-ue\/#webpage"},"articleSection":"Actualidad","dateline":"Publicado el junio 14, 2016."},{"@type":"Organization","@id":"https:\/\/candas365.es\/noticias\/#organization","name":"Cand\u00e1s 365","description":"Cand\u00e1s 365 es un diario digital independiente, fundado en 2012, con base en Asturias. Informamos con rigor sobre actualidad, sociedad, cultura y ocio, con una mirada local y global.","url":"https:\/\/candas365.es\/noticias\/","email":"info@candas365.es","telephone":"+34652131393","foundingDate":"2012-06-10","logo":{"@type":"ImageObject","url":"https:\/\/candas365.es\/noticias\/wp-content\/uploads\/2024\/09\/Candas-365-Redes.jpg","@id":"https:\/\/candas365.es\/noticias\/li-asegura-a-merkel-que-quiere-evitar-una-guerra-comercial-con-ue\/#organizationLogo","width":1152,"height":864,"caption":"Cand\u00e1s 365 Redes"},"image":{"@id":"https:\/\/candas365.es\/noticias\/li-asegura-a-merkel-que-quiere-evitar-una-guerra-comercial-con-ue\/#organizationLogo"},"sameAs":["https:\/\/www.facebook.com\/Nachofdezber","https:\/\/x.com\/NabercoDigital","https:\/\/www.instagram.com\/nachofdezber\/","https:\/\/www.youtube.com\/channel\/UCZP-2wLEB9Rv6erhFmqVnvg"],"address":{"@id":"https:\/\/candas365.es\/noticias\/#postaladdress","@type":"PostalAddress","streetAddress":"san antonio 4, san antonio 4","postalCode":"33430","addressLocality":"Cand\u00e1s","addressRegion":"Asturias","addressCountry":"ES"}},{"@type":"Person","@id":"https:\/\/candas365.es\/noticias\/author\/admin\/#author","url":"https:\/\/candas365.es\/noticias\/author\/admin\/","name":"Cand\u00e1s 365","image":{"@type":"ImageObject","@id":"https:\/\/candas365.es\/noticias\/li-asegura-a-merkel-que-quiere-evitar-una-guerra-comercial-con-ue\/#authorImage","url":"https:\/\/secure.gravatar.com\/avatar\/496a8e03d0c493ede1718b7934145dbdf8d89be1036b0eec9544e1094c9de390?s=96&d=mm&r=g","width":96,"height":96,"caption":"Cand\u00e1s 365"},"sameAs":["https:\/\/www.facebook.com\/carrenoactualidad","https:\/\/twitter.com\/nbasturias","https:\/\/www.instagram.com\/nachofdezber\/","https:\/\/www.youtube.com\/channel\/UCZP-2wLEB9Rv6erhFmqVnvg"]},{"@type":"WebPage","@id":"https:\/\/candas365.es\/noticias\/li-asegura-a-merkel-que-quiere-evitar-una-guerra-comercial-con-ue\/#webpage","url":"https:\/\/candas365.es\/noticias\/li-asegura-a-merkel-que-quiere-evitar-una-guerra-comercial-con-ue\/","name":"Li asegura a Merkel que quiere evitar una guerra comercial con UE | Cand\u00e1s 365","description":"(dpa) - El primer ministro chino, Li Keqiang, se mostr\u00f3 hoy firme en la reivindicaci\u00f3n de que la Uni\u00f3n Europea (UE) reconozca a China como econom\u00eda de mercado, aunque asegur\u00f3 a la canciller alemana, Angela Merkel, que quiere evitar un conflicto comercial con el bloque. Li, que hoy se reuni\u00f3 con Merkel en Pek\u00edn, pidi\u00f3","inLanguage":"es-ES","isPartOf":{"@id":"https:\/\/candas365.es\/noticias\/#website"},"breadcrumb":{"@id":"https:\/\/candas365.es\/noticias\/li-asegura-a-merkel-que-quiere-evitar-una-guerra-comercial-con-ue\/#breadcrumblist"},"author":{"@id":"https:\/\/candas365.es\/noticias\/author\/admin\/#author"},"creator":{"@id":"https:\/\/candas365.es\/noticias\/author\/admin\/#author"},"image":{"@type":"ImageObject","url":"https:\/\/candas365.es\/noticias\/wp-content\/uploads\/2015\/08\/merkel.jpg","@id":"https:\/\/candas365.es\/noticias\/li-asegura-a-merkel-que-quiere-evitar-una-guerra-comercial-con-ue\/#mainImage","width":655,"height":360},"primaryImageOfPage":{"@id":"https:\/\/candas365.es\/noticias\/li-asegura-a-merkel-que-quiere-evitar-una-guerra-comercial-con-ue\/#mainImage"},"datePublished":"2016-06-14T16:04:02+02:00","dateModified":"2016-06-14T16:04:02+02:00"},{"@type":"WebSite","@id":"https:\/\/candas365.es\/noticias\/#website","url":"https:\/\/candas365.es\/noticias\/","name":"Cand\u00e1s 365","alternateName":"Cand\u00e1s 365 Noticias","description":"Actualidad desde Carre\u00f1o para el mundo","inLanguage":"es-ES","publisher":{"@id":"https:\/\/candas365.es\/noticias\/#organization"}}]},"og:locale":"es_ES","og:site_name":"Cand\u00e1s 365","og:type":"article","og:title":"Li asegura a Merkel que quiere evitar una guerra comercial con UE | Cand\u00e1s 365","og:description":"(dpa) - El primer ministro chino, Li Keqiang, se mostr\u00f3 hoy firme en la reivindicaci\u00f3n de que la Uni\u00f3n Europea (UE) reconozca a China como econom\u00eda de mercado, aunque asegur\u00f3 a la canciller alemana, Angela Merkel, que quiere evitar un conflicto comercial con el bloque. Li, que hoy se reuni\u00f3 con Merkel en Pek\u00edn, pidi\u00f3","og:url":"https:\/\/candas365.es\/noticias\/li-asegura-a-merkel-que-quiere-evitar-una-guerra-comercial-con-ue\/","og:image":"https:\/\/candas365.es\/noticias\/wp-content\/uploads\/2015\/08\/merkel.jpg","og:image:secure_url":"https:\/\/candas365.es\/noticias\/wp-content\/uploads\/2015\/08\/merkel.jpg","og:image:width":655,"og:image:height":360,"article:published_time":"2016-06-14T14:34:02+00:00","article:modified_time":"2016-06-14T14:34:02+00:00","article:publisher":"https:\/\/www.facebook.com\/Nachofdezber","article:author":"https:\/\/www.facebook.com\/carrenoactualidad","twitter:card":"summary_large_image","twitter:site":"@NabercoDigital","twitter:title":"Li asegura a Merkel que quiere evitar una guerra comercial con UE | Cand\u00e1s 365","twitter:description":"(dpa) - El primer ministro chino, Li Keqiang, se mostr\u00f3 hoy firme en la reivindicaci\u00f3n de que la Uni\u00f3n Europea (UE) reconozca a China como econom\u00eda de mercado, aunque asegur\u00f3 a la canciller alemana, Angela Merkel, que quiere evitar un conflicto comercial con el bloque. Li, que hoy se reuni\u00f3 con Merkel en Pek\u00edn, pidi\u00f3","twitter:creator":"@nbasturias","twitter:image":"https:\/\/candas365.es\/noticias\/wp-content\/uploads\/2015\/08\/merkel.jpg","twitter:label1":"Escrito por","twitter:data1":"Cand\u00e1s 365","twitter:label2":"Tiempo de lectura estimado","twitter:data2":"2 minutos"},"aioseo_meta_data":{"post_id":"30201","title":null,"description":null,"keywords":null,"keyphrases":null,"primary_term":null,"canonical_url":null,"og_title":null,"og_description":null,"og_object_type":"default","og_image_type":"default","og_image_url":null,"og_image_width":null,"og_image_height":null,"og_image_custom_url":null,"og_image_custom_fields":null,"og_video":null,"og_custom_url":null,"og_article_section":null,"og_article_tags":null,"twitter_use_og":false,"twitter_card":"default","twitter_image_type":"default","twitter_image_url":null,"twitter_image_custom_url":null,"twitter_image_custom_fields":null,"twitter_title":null,"twitter_description":null,"schema":{"blockGraphs":[],"customGraphs":[],"default":{"data":{"Article":[],"Course":[],"Dataset":[],"FAQPage":[],"Movie":[],"Person":[],"Product":[],"ProductReview":[],"Car":[],"Recipe":[],"Service":[],"SoftwareApplication":[],"WebPage":[]},"graphName":"","isEnabled":true},"graphs":[]},"schema_type":null,"schema_type_options":null,"pillar_content":false,"robots_default":true,"robots_noindex":false,"robots_noarchive":false,"robots_nosnippet":false,"robots_nofollow":false,"robots_noimageindex":false,"robots_noodp":false,"robots_notranslate":false,"robots_max_snippet":null,"robots_max_videopreview":null,"robots_max_imagepreview":"large","priority":null,"frequency":null,"location":null,"local_seo":null,"seo_analyzer_scan_date":"2025-08-24 12:12:21","breadcrumb_settings":null,"limit_modified_date":false,"reviewed_by":null,"open_ai":null,"ai":null,"created":"2020-12-21 12:57:02","updated":"2025-08-24 12:12:21"},"aioseo_breadcrumb":"<div class=\"aioseo-breadcrumbs\"><span class=\"aioseo-breadcrumb\">\n\t<a href=\"https:\/\/candas365.es\/noticias\" title=\"Home\">Home<\/a>\n<\/span><span class=\"aioseo-breadcrumb-separator\">&ndash;<\/span><span class=\"aioseo-breadcrumb\">\n\t<a href=\"https:\/\/candas365.es\/noticias\/category\/actualidad\/\" title=\"Actualidad\">Actualidad<\/a>\n<\/span><span class=\"aioseo-breadcrumb-separator\">&ndash;<\/span><span class=\"aioseo-breadcrumb\">\n\tLi asegura a Merkel que quiere evitar una guerra comercial con UE\n<\/span><\/div>","aioseo_breadcrumb_json":[{"label":"Home","link":"https:\/\/candas365.es\/noticias"},{"label":"Actualidad","link":"https:\/\/candas365.es\/noticias\/category\/actualidad\/"},{"label":"Li asegura a Merkel que quiere evitar una guerra comercial con UE","link":"https:\/\/candas365.es\/noticias\/li-asegura-a-merkel-que-quiere-evitar-una-guerra-comercial-con-ue\/"}],"_links":{"self":[{"href":"https:\/\/candas365.es\/noticias\/wp-json\/wp\/v2\/posts\/30201","targetHints":{"allow":["GET"]}}],"collection":[{"href":"https:\/\/candas365.es\/noticias\/wp-json\/wp\/v2\/posts"}],"about":[{"href":"https:\/\/candas365.es\/noticias\/wp-json\/wp\/v2\/types\/post"}],"author":[{"embeddable":true,"href":"https:\/\/candas365.es\/noticias\/wp-json\/wp\/v2\/users\/1"}],"replies":[{"embeddable":true,"href":"https:\/\/candas365.es\/noticias\/wp-json\/wp\/v2\/comments?post=30201"}],"version-history":[{"count":0,"href":"https:\/\/candas365.es\/noticias\/wp-json\/wp\/v2\/posts\/30201\/revisions"}],"wp:featuredmedia":[{"embeddable":true,"href":"https:\/\/candas365.es\/noticias\/wp-json\/wp\/v2\/media\/14622"}],"wp:attachment":[{"href":"https:\/\/candas365.es\/noticias\/wp-json\/wp\/v2\/media?parent=30201"}],"wp:term":[{"taxonomy":"category","embeddable":true,"href":"https:\/\/candas365.es\/noticias\/wp-json\/wp\/v2\/categories?post=30201"},{"taxonomy":"post_tag","embeddable":true,"href":"https:\/\/candas365.es\/noticias\/wp-json\/wp\/v2\/tags?post=30201"}],"curies":[{"name":"wp","href":"https:\/\/api.w.org\/{rel}","templated":true}]}}