{"id":30198,"date":"2016-06-14T16:03:13","date_gmt":"2016-06-14T14:33:13","guid":{"rendered":"http:\/\/candas365.es\/noticias\/?p=30198"},"modified":"2016-06-14T16:03:13","modified_gmt":"2016-06-14T14:33:13","slug":"ccoo-y-ugt-se-concentran-en-solidaridad-con-las-victimas-de-orlando","status":"publish","type":"post","link":"https:\/\/candas365.es\/noticias\/ccoo-y-ugt-se-concentran-en-solidaridad-con-las-victimas-de-orlando\/","title":{"rendered":"CCOO y UGT se concentran en solidaridad con las v\u00edctimas de Orlando"},"content":{"rendered":"<p><img fetchpriority=\"high\" decoding=\"async\" class=\"alignleft size-medium wp-image-30199\" src=\"https:\/\/candas365.es\/noticias\/wp-content\/uploads\/2016\/06\/fotonoticia_20160613134404_800-360x270.jpg\" alt=\"fotonoticia_20160613134404_800\" width=\"360\" height=\"270\" srcset=\"https:\/\/candas365.es\/noticias\/wp-content\/uploads\/2016\/06\/fotonoticia_20160613134404_800-360x270.jpg 360w, https:\/\/candas365.es\/noticias\/wp-content\/uploads\/2016\/06\/fotonoticia_20160613134404_800-640x480.jpg 640w, https:\/\/candas365.es\/noticias\/wp-content\/uploads\/2016\/06\/fotonoticia_20160613134404_800-768x576.jpg 768w, https:\/\/candas365.es\/noticias\/wp-content\/uploads\/2016\/06\/fotonoticia_20160613134404_800-150x113.jpg 150w, https:\/\/candas365.es\/noticias\/wp-content\/uploads\/2016\/06\/fotonoticia_20160613134404_800-450x338.jpg 450w, https:\/\/candas365.es\/noticias\/wp-content\/uploads\/2016\/06\/fotonoticia_20160613134404_800-80x60.jpg 80w, https:\/\/candas365.es\/noticias\/wp-content\/uploads\/2016\/06\/fotonoticia_20160613134404_800-265x198.jpg 265w, https:\/\/candas365.es\/noticias\/wp-content\/uploads\/2016\/06\/fotonoticia_20160613134404_800-696x522.jpg 696w, https:\/\/candas365.es\/noticias\/wp-content\/uploads\/2016\/06\/fotonoticia_20160613134404_800-560x420.jpg 560w, https:\/\/candas365.es\/noticias\/wp-content\/uploads\/2016\/06\/fotonoticia_20160613134404_800-90x67.jpg 90w, https:\/\/candas365.es\/noticias\/wp-content\/uploads\/2016\/06\/fotonoticia_20160613134404_800.jpg 800w\" sizes=\"(max-width: 360px) 100vw, 360px\" \/>Los sindicatos CCOO y UGT se han concentrado este lunes ante la sede de la organizaci\u00f3n de CCOO en Oviedo, en solidaridad con las v\u00edctimas de la barbarie terrorista de este domingo en Florida que ha sido reivindicada por el Estado Isl\u00e1mico.<\/p>\n<p>Los sindicatos han guardado cinco minutos de silencio. Despu\u00e9s, durante una breve intervenci\u00f3n, la secretaria de Organizaci\u00f3n de CCOO de Asturias, Emilia Escudero, calific\u00f3 de \u00abinhumano\u00bb el atentado y dese\u00f3 no tener que volver a repetir una concentraci\u00f3n m\u00e1s como esta y todas las que venimos llevando a cabo cuando se produce un atentado as\u00ed.<\/p>\n<p>El atentado perpetrado este domingo por Omar Mateen acab\u00f3 con la vida de 50 personas y dej\u00f3 a otras 53 heridas tras abrir fuego en el interior de un club nocturno en Orlando, en Florida, y muri\u00f3 posteriormente abatido por disparos de la Polic\u00eda.<\/p>\n<p>&nbsp;<\/p>\n","protected":false},"excerpt":{"rendered":"<p>Los sindicatos CCOO y UGT se han concentrado este lunes ante la sede de la organizaci\u00f3n de CCOO en Oviedo, en solidaridad con las v\u00edctimas de la barbarie terrorista de este domingo en Florida que ha sido reivindicada por el Estado Isl\u00e1mico. Los sindicatos han guardado cinco minutos de silencio. Despu\u00e9s, durante una breve intervenci\u00f3n,<\/p>\n","protected":false},"author":1,"featured_media":30199,"comment_status":"closed","ping_status":"closed","sticky":false,"template":"","format":"standard","meta":{"footnotes":""},"categories":[343],"tags":[],"class_list":{"0":"post-30198","1":"post","2":"type-post","3":"status-publish","4":"format-standard","5":"has-post-thumbnail","7":"category-actualidad"},"aioseo_notices":[],"aioseo_head":"\n\t\t<!-- All in One SEO Pro 4.9.6.2 - aioseo.com -->\n\t<meta name=\"description\" content=\"Los sindicatos CCOO y UGT se han concentrado este lunes ante la sede de la organizaci\u00f3n de CCOO en Oviedo, en solidaridad con las v\u00edctimas de la barbarie terrorista de este domingo en Florida que ha sido reivindicada por el Estado Isl\u00e1mico. Los sindicatos han guardado cinco minutos de silencio. Despu\u00e9s, durante una breve intervenci\u00f3n,\" \/>\n\t<meta name=\"robots\" content=\"max-image-preview:large\" \/>\n\t<meta name=\"author\" content=\"Cand\u00e1s 365\"\/>\n\t<meta name=\"google-site-verification\" content=\"UA-32230408-1\" \/>\n\t<meta name=\"msvalidate.01\" content=\"354F3CDFB2DA171B47FBE9ABF1F88D5\" \/>\n\t<meta name=\"keywords\" content=\"actualidad\" \/>\n\t<link rel=\"canonical\" href=\"https:\/\/candas365.es\/noticias\/ccoo-y-ugt-se-concentran-en-solidaridad-con-las-victimas-de-orlando\/\" \/>\n\t<meta name=\"generator\" content=\"All in One SEO Pro (AIOSEO) 4.9.6.2\" \/>\n\t\t<meta property=\"og:locale\" content=\"es_ES\" \/>\n\t\t<meta property=\"og:site_name\" content=\"Cand\u00e1s 365\" \/>\n\t\t<meta property=\"og:type\" content=\"article\" \/>\n\t\t<meta property=\"og:title\" content=\"CCOO y UGT se concentran en solidaridad con las v\u00edctimas de Orlando | Cand\u00e1s 365\" \/>\n\t\t<meta property=\"og:description\" content=\"Los sindicatos CCOO y UGT se han concentrado este lunes ante la sede de la organizaci\u00f3n de CCOO en Oviedo, en solidaridad con las v\u00edctimas de la barbarie terrorista de este domingo en Florida que ha sido reivindicada por el Estado Isl\u00e1mico. Los sindicatos han guardado cinco minutos de silencio. Despu\u00e9s, durante una breve intervenci\u00f3n,\" \/>\n\t\t<meta property=\"og:url\" content=\"https:\/\/candas365.es\/noticias\/ccoo-y-ugt-se-concentran-en-solidaridad-con-las-victimas-de-orlando\/\" \/>\n\t\t<meta property=\"og:image\" content=\"https:\/\/candas365.es\/noticias\/wp-content\/uploads\/2016\/06\/fotonoticia_20160613134404_800.jpg\" \/>\n\t\t<meta property=\"og:image:secure_url\" content=\"https:\/\/candas365.es\/noticias\/wp-content\/uploads\/2016\/06\/fotonoticia_20160613134404_800.jpg\" \/>\n\t\t<meta property=\"og:image:width\" content=\"800\" \/>\n\t\t<meta property=\"og:image:height\" content=\"600\" \/>\n\t\t<meta property=\"article:published_time\" content=\"2016-06-14T14:33:13+00:00\" \/>\n\t\t<meta property=\"article:modified_time\" content=\"2016-06-14T14:33:13+00:00\" \/>\n\t\t<meta property=\"article:publisher\" content=\"https:\/\/www.facebook.com\/Nachofdezber\" \/>\n\t\t<meta property=\"article:author\" content=\"https:\/\/www.facebook.com\/carrenoactualidad\" \/>\n\t\t<meta name=\"twitter:card\" content=\"summary_large_image\" \/>\n\t\t<meta name=\"twitter:site\" content=\"@NabercoDigital\" \/>\n\t\t<meta name=\"twitter:title\" content=\"CCOO y UGT se concentran en solidaridad con las v\u00edctimas de Orlando | Cand\u00e1s 365\" \/>\n\t\t<meta name=\"twitter:description\" content=\"Los sindicatos CCOO y UGT se han concentrado este lunes ante la sede de la organizaci\u00f3n de CCOO en Oviedo, en solidaridad con las v\u00edctimas de la barbarie terrorista de este domingo en Florida que ha sido reivindicada por el Estado Isl\u00e1mico. Los sindicatos han guardado cinco minutos de silencio. Despu\u00e9s, durante una breve intervenci\u00f3n,\" \/>\n\t\t<meta name=\"twitter:creator\" content=\"@nbasturias\" \/>\n\t\t<meta name=\"twitter:image\" content=\"https:\/\/candas365.es\/noticias\/wp-content\/uploads\/2016\/06\/fotonoticia_20160613134404_800.jpg\" \/>\n\t\t<meta name=\"twitter:label1\" content=\"Escrito por\" \/>\n\t\t<meta name=\"twitter:data1\" content=\"Cand\u00e1s 365\" \/>\n\t\t<meta name=\"twitter:label2\" content=\"Tiempo de lectura estimado\" \/>\n\t\t<meta name=\"twitter:data2\" content=\"1 minuto\" \/>\n\t\t<script type=\"application\/ld+json\" class=\"aioseo-schema\">\n\t\t\t{\"@context\":\"https:\\\/\\\/schema.org\",\"@graph\":[{\"@type\":\"BreadcrumbList\",\"@id\":\"https:\\\/\\\/candas365.es\\\/noticias\\\/ccoo-y-ugt-se-concentran-en-solidaridad-con-las-victimas-de-orlando\\\/#breadcrumblist\",\"itemListElement\":[{\"@type\":\"ListItem\",\"@id\":\"https:\\\/\\\/candas365.es\\\/noticias#listItem\",\"position\":1,\"name\":\"Home\",\"item\":\"https:\\\/\\\/candas365.es\\\/noticias\",\"nextItem\":{\"@type\":\"ListItem\",\"@id\":\"https:\\\/\\\/candas365.es\\\/noticias\\\/category\\\/actualidad\\\/#listItem\",\"name\":\"Actualidad\"}},{\"@type\":\"ListItem\",\"@id\":\"https:\\\/\\\/candas365.es\\\/noticias\\\/category\\\/actualidad\\\/#listItem\",\"position\":2,\"name\":\"Actualidad\",\"item\":\"https:\\\/\\\/candas365.es\\\/noticias\\\/category\\\/actualidad\\\/\",\"nextItem\":{\"@type\":\"ListItem\",\"@id\":\"https:\\\/\\\/candas365.es\\\/noticias\\\/ccoo-y-ugt-se-concentran-en-solidaridad-con-las-victimas-de-orlando\\\/#listItem\",\"name\":\"CCOO y UGT se concentran en solidaridad con las v\\u00edctimas de Orlando\"},\"previousItem\":{\"@type\":\"ListItem\",\"@id\":\"https:\\\/\\\/candas365.es\\\/noticias#listItem\",\"name\":\"Home\"}},{\"@type\":\"ListItem\",\"@id\":\"https:\\\/\\\/candas365.es\\\/noticias\\\/ccoo-y-ugt-se-concentran-en-solidaridad-con-las-victimas-de-orlando\\\/#listItem\",\"position\":3,\"name\":\"CCOO y UGT se concentran en solidaridad con las v\\u00edctimas de Orlando\",\"previousItem\":{\"@type\":\"ListItem\",\"@id\":\"https:\\\/\\\/candas365.es\\\/noticias\\\/category\\\/actualidad\\\/#listItem\",\"name\":\"Actualidad\"}}]},{\"@type\":\"NewsArticle\",\"@id\":\"https:\\\/\\\/candas365.es\\\/noticias\\\/ccoo-y-ugt-se-concentran-en-solidaridad-con-las-victimas-de-orlando\\\/#newsarticle\",\"name\":\"CCOO y UGT se concentran en solidaridad con las v\\u00edctimas de Orlando | Cand\\u00e1s 365\",\"headline\":\"CCOO y UGT se concentran en solidaridad con las v\\u00edctimas de Orlando\",\"author\":{\"@id\":\"https:\\\/\\\/candas365.es\\\/noticias\\\/author\\\/admin\\\/#author\"},\"publisher\":{\"@id\":\"https:\\\/\\\/candas365.es\\\/noticias\\\/#organization\"},\"image\":{\"@type\":\"ImageObject\",\"url\":\"https:\\\/\\\/candas365.es\\\/noticias\\\/wp-content\\\/uploads\\\/2016\\\/06\\\/fotonoticia_20160613134404_800.jpg\",\"width\":800,\"height\":600},\"datePublished\":\"2016-06-14T16:03:13+02:00\",\"dateModified\":\"2016-06-14T16:03:13+02:00\",\"inLanguage\":\"es-ES\",\"mainEntityOfPage\":{\"@id\":\"https:\\\/\\\/candas365.es\\\/noticias\\\/ccoo-y-ugt-se-concentran-en-solidaridad-con-las-victimas-de-orlando\\\/#webpage\"},\"isPartOf\":{\"@id\":\"https:\\\/\\\/candas365.es\\\/noticias\\\/ccoo-y-ugt-se-concentran-en-solidaridad-con-las-victimas-de-orlando\\\/#webpage\"},\"articleSection\":\"Actualidad\",\"dateline\":\"Publicado el junio 14, 2016.\"},{\"@type\":\"Organization\",\"@id\":\"https:\\\/\\\/candas365.es\\\/noticias\\\/#organization\",\"name\":\"Cand\\u00e1s 365\",\"description\":\"Cand\\u00e1s 365 es un diario digital independiente, fundado en 2012, con base en Asturias. Informamos con rigor sobre actualidad, sociedad, cultura y ocio, con una mirada local y global.\",\"url\":\"https:\\\/\\\/candas365.es\\\/noticias\\\/\",\"email\":\"info@candas365.es\",\"telephone\":\"+34652131393\",\"foundingDate\":\"2012-06-10\",\"logo\":{\"@type\":\"ImageObject\",\"url\":\"https:\\\/\\\/candas365.es\\\/noticias\\\/wp-content\\\/uploads\\\/2024\\\/09\\\/Candas-365-Redes.jpg\",\"@id\":\"https:\\\/\\\/candas365.es\\\/noticias\\\/ccoo-y-ugt-se-concentran-en-solidaridad-con-las-victimas-de-orlando\\\/#organizationLogo\",\"width\":1152,\"height\":864,\"caption\":\"Cand\\u00e1s 365 Redes\"},\"image\":{\"@id\":\"https:\\\/\\\/candas365.es\\\/noticias\\\/ccoo-y-ugt-se-concentran-en-solidaridad-con-las-victimas-de-orlando\\\/#organizationLogo\"},\"sameAs\":[\"https:\\\/\\\/www.facebook.com\\\/Nachofdezber\",\"https:\\\/\\\/x.com\\\/NabercoDigital\",\"https:\\\/\\\/www.instagram.com\\\/nachofdezber\\\/\",\"https:\\\/\\\/www.youtube.com\\\/channel\\\/UCZP-2wLEB9Rv6erhFmqVnvg\"],\"address\":{\"@id\":\"https:\\\/\\\/candas365.es\\\/noticias\\\/#postaladdress\",\"@type\":\"PostalAddress\",\"streetAddress\":\"san antonio 4, san antonio 4\",\"postalCode\":\"33430\",\"addressLocality\":\"Cand\\u00e1s\",\"addressRegion\":\"Asturias\",\"addressCountry\":\"ES\"}},{\"@type\":\"Person\",\"@id\":\"https:\\\/\\\/candas365.es\\\/noticias\\\/author\\\/admin\\\/#author\",\"url\":\"https:\\\/\\\/candas365.es\\\/noticias\\\/author\\\/admin\\\/\",\"name\":\"Cand\\u00e1s 365\",\"image\":{\"@type\":\"ImageObject\",\"@id\":\"https:\\\/\\\/candas365.es\\\/noticias\\\/ccoo-y-ugt-se-concentran-en-solidaridad-con-las-victimas-de-orlando\\\/#authorImage\",\"url\":\"https:\\\/\\\/secure.gravatar.com\\\/avatar\\\/496a8e03d0c493ede1718b7934145dbdf8d89be1036b0eec9544e1094c9de390?s=96&d=mm&r=g\",\"width\":96,\"height\":96,\"caption\":\"Cand\\u00e1s 365\"},\"sameAs\":[\"https:\\\/\\\/www.facebook.com\\\/carrenoactualidad\",\"https:\\\/\\\/twitter.com\\\/nbasturias\",\"https:\\\/\\\/www.instagram.com\\\/nachofdezber\\\/\",\"https:\\\/\\\/www.youtube.com\\\/channel\\\/UCZP-2wLEB9Rv6erhFmqVnvg\"]},{\"@type\":\"WebPage\",\"@id\":\"https:\\\/\\\/candas365.es\\\/noticias\\\/ccoo-y-ugt-se-concentran-en-solidaridad-con-las-victimas-de-orlando\\\/#webpage\",\"url\":\"https:\\\/\\\/candas365.es\\\/noticias\\\/ccoo-y-ugt-se-concentran-en-solidaridad-con-las-victimas-de-orlando\\\/\",\"name\":\"CCOO y UGT se concentran en solidaridad con las v\\u00edctimas de Orlando | Cand\\u00e1s 365\",\"description\":\"Los sindicatos CCOO y UGT se han concentrado este lunes ante la sede de la organizaci\\u00f3n de CCOO en Oviedo, en solidaridad con las v\\u00edctimas de la barbarie terrorista de este domingo en Florida que ha sido reivindicada por el Estado Isl\\u00e1mico. Los sindicatos han guardado cinco minutos de silencio. Despu\\u00e9s, durante una breve intervenci\\u00f3n,\",\"inLanguage\":\"es-ES\",\"isPartOf\":{\"@id\":\"https:\\\/\\\/candas365.es\\\/noticias\\\/#website\"},\"breadcrumb\":{\"@id\":\"https:\\\/\\\/candas365.es\\\/noticias\\\/ccoo-y-ugt-se-concentran-en-solidaridad-con-las-victimas-de-orlando\\\/#breadcrumblist\"},\"author\":{\"@id\":\"https:\\\/\\\/candas365.es\\\/noticias\\\/author\\\/admin\\\/#author\"},\"creator\":{\"@id\":\"https:\\\/\\\/candas365.es\\\/noticias\\\/author\\\/admin\\\/#author\"},\"image\":{\"@type\":\"ImageObject\",\"url\":\"https:\\\/\\\/candas365.es\\\/noticias\\\/wp-content\\\/uploads\\\/2016\\\/06\\\/fotonoticia_20160613134404_800.jpg\",\"@id\":\"https:\\\/\\\/candas365.es\\\/noticias\\\/ccoo-y-ugt-se-concentran-en-solidaridad-con-las-victimas-de-orlando\\\/#mainImage\",\"width\":800,\"height\":600},\"primaryImageOfPage\":{\"@id\":\"https:\\\/\\\/candas365.es\\\/noticias\\\/ccoo-y-ugt-se-concentran-en-solidaridad-con-las-victimas-de-orlando\\\/#mainImage\"},\"datePublished\":\"2016-06-14T16:03:13+02:00\",\"dateModified\":\"2016-06-14T16:03:13+02:00\"},{\"@type\":\"WebSite\",\"@id\":\"https:\\\/\\\/candas365.es\\\/noticias\\\/#website\",\"url\":\"https:\\\/\\\/candas365.es\\\/noticias\\\/\",\"name\":\"Cand\\u00e1s 365\",\"alternateName\":\"Cand\\u00e1s 365 Noticias\",\"description\":\"Actualidad desde Carre\\u00f1o para el mundo\",\"inLanguage\":\"es-ES\",\"publisher\":{\"@id\":\"https:\\\/\\\/candas365.es\\\/noticias\\\/#organization\"}}]}\n\t\t<\/script>\n\t\t<!-- All in One SEO Pro -->\r\n\t\t<title>CCOO y UGT se concentran en solidaridad con las v\u00edctimas de Orlando | Cand\u00e1s 365<\/title>\n\n","aioseo_head_json":{"title":"CCOO y UGT se concentran en solidaridad con las v\u00edctimas de Orlando | Cand\u00e1s 365","description":"Los sindicatos CCOO y UGT se han concentrado este lunes ante la sede de la organizaci\u00f3n de CCOO en Oviedo, en solidaridad con las v\u00edctimas de la barbarie terrorista de este domingo en Florida que ha sido reivindicada por el Estado Isl\u00e1mico. Los sindicatos han guardado cinco minutos de silencio. Despu\u00e9s, durante una breve intervenci\u00f3n,","canonical_url":"https:\/\/candas365.es\/noticias\/ccoo-y-ugt-se-concentran-en-solidaridad-con-las-victimas-de-orlando\/","robots":"max-image-preview:large","keywords":"actualidad","webmasterTools":{"google-site-verification":"UA-32230408-1","msvalidate.01":"354F3CDFB2DA171B47FBE9ABF1F88D5","miscellaneous":""},"schema":{"@context":"https:\/\/schema.org","@graph":[{"@type":"BreadcrumbList","@id":"https:\/\/candas365.es\/noticias\/ccoo-y-ugt-se-concentran-en-solidaridad-con-las-victimas-de-orlando\/#breadcrumblist","itemListElement":[{"@type":"ListItem","@id":"https:\/\/candas365.es\/noticias#listItem","position":1,"name":"Home","item":"https:\/\/candas365.es\/noticias","nextItem":{"@type":"ListItem","@id":"https:\/\/candas365.es\/noticias\/category\/actualidad\/#listItem","name":"Actualidad"}},{"@type":"ListItem","@id":"https:\/\/candas365.es\/noticias\/category\/actualidad\/#listItem","position":2,"name":"Actualidad","item":"https:\/\/candas365.es\/noticias\/category\/actualidad\/","nextItem":{"@type":"ListItem","@id":"https:\/\/candas365.es\/noticias\/ccoo-y-ugt-se-concentran-en-solidaridad-con-las-victimas-de-orlando\/#listItem","name":"CCOO y UGT se concentran en solidaridad con las v\u00edctimas de Orlando"},"previousItem":{"@type":"ListItem","@id":"https:\/\/candas365.es\/noticias#listItem","name":"Home"}},{"@type":"ListItem","@id":"https:\/\/candas365.es\/noticias\/ccoo-y-ugt-se-concentran-en-solidaridad-con-las-victimas-de-orlando\/#listItem","position":3,"name":"CCOO y UGT se concentran en solidaridad con las v\u00edctimas de Orlando","previousItem":{"@type":"ListItem","@id":"https:\/\/candas365.es\/noticias\/category\/actualidad\/#listItem","name":"Actualidad"}}]},{"@type":"NewsArticle","@id":"https:\/\/candas365.es\/noticias\/ccoo-y-ugt-se-concentran-en-solidaridad-con-las-victimas-de-orlando\/#newsarticle","name":"CCOO y UGT se concentran en solidaridad con las v\u00edctimas de Orlando | Cand\u00e1s 365","headline":"CCOO y UGT se concentran en solidaridad con las v\u00edctimas de Orlando","author":{"@id":"https:\/\/candas365.es\/noticias\/author\/admin\/#author"},"publisher":{"@id":"https:\/\/candas365.es\/noticias\/#organization"},"image":{"@type":"ImageObject","url":"https:\/\/candas365.es\/noticias\/wp-content\/uploads\/2016\/06\/fotonoticia_20160613134404_800.jpg","width":800,"height":600},"datePublished":"2016-06-14T16:03:13+02:00","dateModified":"2016-06-14T16:03:13+02:00","inLanguage":"es-ES","mainEntityOfPage":{"@id":"https:\/\/candas365.es\/noticias\/ccoo-y-ugt-se-concentran-en-solidaridad-con-las-victimas-de-orlando\/#webpage"},"isPartOf":{"@id":"https:\/\/candas365.es\/noticias\/ccoo-y-ugt-se-concentran-en-solidaridad-con-las-victimas-de-orlando\/#webpage"},"articleSection":"Actualidad","dateline":"Publicado el junio 14, 2016."},{"@type":"Organization","@id":"https:\/\/candas365.es\/noticias\/#organization","name":"Cand\u00e1s 365","description":"Cand\u00e1s 365 es un diario digital independiente, fundado en 2012, con base en Asturias. Informamos con rigor sobre actualidad, sociedad, cultura y ocio, con una mirada local y global.","url":"https:\/\/candas365.es\/noticias\/","email":"info@candas365.es","telephone":"+34652131393","foundingDate":"2012-06-10","logo":{"@type":"ImageObject","url":"https:\/\/candas365.es\/noticias\/wp-content\/uploads\/2024\/09\/Candas-365-Redes.jpg","@id":"https:\/\/candas365.es\/noticias\/ccoo-y-ugt-se-concentran-en-solidaridad-con-las-victimas-de-orlando\/#organizationLogo","width":1152,"height":864,"caption":"Cand\u00e1s 365 Redes"},"image":{"@id":"https:\/\/candas365.es\/noticias\/ccoo-y-ugt-se-concentran-en-solidaridad-con-las-victimas-de-orlando\/#organizationLogo"},"sameAs":["https:\/\/www.facebook.com\/Nachofdezber","https:\/\/x.com\/NabercoDigital","https:\/\/www.instagram.com\/nachofdezber\/","https:\/\/www.youtube.com\/channel\/UCZP-2wLEB9Rv6erhFmqVnvg"],"address":{"@id":"https:\/\/candas365.es\/noticias\/#postaladdress","@type":"PostalAddress","streetAddress":"san antonio 4, san antonio 4","postalCode":"33430","addressLocality":"Cand\u00e1s","addressRegion":"Asturias","addressCountry":"ES"}},{"@type":"Person","@id":"https:\/\/candas365.es\/noticias\/author\/admin\/#author","url":"https:\/\/candas365.es\/noticias\/author\/admin\/","name":"Cand\u00e1s 365","image":{"@type":"ImageObject","@id":"https:\/\/candas365.es\/noticias\/ccoo-y-ugt-se-concentran-en-solidaridad-con-las-victimas-de-orlando\/#authorImage","url":"https:\/\/secure.gravatar.com\/avatar\/496a8e03d0c493ede1718b7934145dbdf8d89be1036b0eec9544e1094c9de390?s=96&d=mm&r=g","width":96,"height":96,"caption":"Cand\u00e1s 365"},"sameAs":["https:\/\/www.facebook.com\/carrenoactualidad","https:\/\/twitter.com\/nbasturias","https:\/\/www.instagram.com\/nachofdezber\/","https:\/\/www.youtube.com\/channel\/UCZP-2wLEB9Rv6erhFmqVnvg"]},{"@type":"WebPage","@id":"https:\/\/candas365.es\/noticias\/ccoo-y-ugt-se-concentran-en-solidaridad-con-las-victimas-de-orlando\/#webpage","url":"https:\/\/candas365.es\/noticias\/ccoo-y-ugt-se-concentran-en-solidaridad-con-las-victimas-de-orlando\/","name":"CCOO y UGT se concentran en solidaridad con las v\u00edctimas de Orlando | Cand\u00e1s 365","description":"Los sindicatos CCOO y UGT se han concentrado este lunes ante la sede de la organizaci\u00f3n de CCOO en Oviedo, en solidaridad con las v\u00edctimas de la barbarie terrorista de este domingo en Florida que ha sido reivindicada por el Estado Isl\u00e1mico. Los sindicatos han guardado cinco minutos de silencio. Despu\u00e9s, durante una breve intervenci\u00f3n,","inLanguage":"es-ES","isPartOf":{"@id":"https:\/\/candas365.es\/noticias\/#website"},"breadcrumb":{"@id":"https:\/\/candas365.es\/noticias\/ccoo-y-ugt-se-concentran-en-solidaridad-con-las-victimas-de-orlando\/#breadcrumblist"},"author":{"@id":"https:\/\/candas365.es\/noticias\/author\/admin\/#author"},"creator":{"@id":"https:\/\/candas365.es\/noticias\/author\/admin\/#author"},"image":{"@type":"ImageObject","url":"https:\/\/candas365.es\/noticias\/wp-content\/uploads\/2016\/06\/fotonoticia_20160613134404_800.jpg","@id":"https:\/\/candas365.es\/noticias\/ccoo-y-ugt-se-concentran-en-solidaridad-con-las-victimas-de-orlando\/#mainImage","width":800,"height":600},"primaryImageOfPage":{"@id":"https:\/\/candas365.es\/noticias\/ccoo-y-ugt-se-concentran-en-solidaridad-con-las-victimas-de-orlando\/#mainImage"},"datePublished":"2016-06-14T16:03:13+02:00","dateModified":"2016-06-14T16:03:13+02:00"},{"@type":"WebSite","@id":"https:\/\/candas365.es\/noticias\/#website","url":"https:\/\/candas365.es\/noticias\/","name":"Cand\u00e1s 365","alternateName":"Cand\u00e1s 365 Noticias","description":"Actualidad desde Carre\u00f1o para el mundo","inLanguage":"es-ES","publisher":{"@id":"https:\/\/candas365.es\/noticias\/#organization"}}]},"og:locale":"es_ES","og:site_name":"Cand\u00e1s 365","og:type":"article","og:title":"CCOO y UGT se concentran en solidaridad con las v\u00edctimas de Orlando | Cand\u00e1s 365","og:description":"Los sindicatos CCOO y UGT se han concentrado este lunes ante la sede de la organizaci\u00f3n de CCOO en Oviedo, en solidaridad con las v\u00edctimas de la barbarie terrorista de este domingo en Florida que ha sido reivindicada por el Estado Isl\u00e1mico. Los sindicatos han guardado cinco minutos de silencio. Despu\u00e9s, durante una breve intervenci\u00f3n,","og:url":"https:\/\/candas365.es\/noticias\/ccoo-y-ugt-se-concentran-en-solidaridad-con-las-victimas-de-orlando\/","og:image":"https:\/\/candas365.es\/noticias\/wp-content\/uploads\/2016\/06\/fotonoticia_20160613134404_800.jpg","og:image:secure_url":"https:\/\/candas365.es\/noticias\/wp-content\/uploads\/2016\/06\/fotonoticia_20160613134404_800.jpg","og:image:width":800,"og:image:height":600,"article:published_time":"2016-06-14T14:33:13+00:00","article:modified_time":"2016-06-14T14:33:13+00:00","article:publisher":"https:\/\/www.facebook.com\/Nachofdezber","article:author":"https:\/\/www.facebook.com\/carrenoactualidad","twitter:card":"summary_large_image","twitter:site":"@NabercoDigital","twitter:title":"CCOO y UGT se concentran en solidaridad con las v\u00edctimas de Orlando | Cand\u00e1s 365","twitter:description":"Los sindicatos CCOO y UGT se han concentrado este lunes ante la sede de la organizaci\u00f3n de CCOO en Oviedo, en solidaridad con las v\u00edctimas de la barbarie terrorista de este domingo en Florida que ha sido reivindicada por el Estado Isl\u00e1mico. Los sindicatos han guardado cinco minutos de silencio. Despu\u00e9s, durante una breve intervenci\u00f3n,","twitter:creator":"@nbasturias","twitter:image":"https:\/\/candas365.es\/noticias\/wp-content\/uploads\/2016\/06\/fotonoticia_20160613134404_800.jpg","twitter:label1":"Escrito por","twitter:data1":"Cand\u00e1s 365","twitter:label2":"Tiempo de lectura estimado","twitter:data2":"1 minuto"},"aioseo_meta_data":{"post_id":"30198","title":null,"description":null,"keywords":null,"keyphrases":null,"primary_term":null,"canonical_url":null,"og_title":null,"og_description":null,"og_object_type":"default","og_image_type":"default","og_image_url":null,"og_image_width":null,"og_image_height":null,"og_image_custom_url":null,"og_image_custom_fields":null,"og_video":null,"og_custom_url":null,"og_article_section":null,"og_article_tags":null,"twitter_use_og":false,"twitter_card":"default","twitter_image_type":"default","twitter_image_url":null,"twitter_image_custom_url":null,"twitter_image_custom_fields":null,"twitter_title":null,"twitter_description":null,"schema":{"blockGraphs":[],"customGraphs":[],"default":{"data":{"Article":[],"Course":[],"Dataset":[],"FAQPage":[],"Movie":[],"Person":[],"Product":[],"ProductReview":[],"Car":[],"Recipe":[],"Service":[],"SoftwareApplication":[],"WebPage":[]},"graphName":"","isEnabled":true},"graphs":[],"defaultGraph":"","defaultPostTypeGraph":""},"schema_type":null,"schema_type_options":null,"pillar_content":false,"robots_default":true,"robots_noindex":false,"robots_noarchive":false,"robots_nosnippet":false,"robots_nofollow":false,"robots_noimageindex":false,"robots_noodp":false,"robots_notranslate":false,"robots_max_snippet":null,"robots_max_videopreview":null,"robots_max_imagepreview":"large","priority":null,"frequency":null,"location":null,"local_seo":null,"seo_analyzer_scan_date":"2025-08-24 12:12:20","breadcrumb_settings":null,"limit_modified_date":false,"reviewed_by":null,"open_ai":null,"ai":null,"created":"2020-12-21 12:57:02","updated":"2025-08-24 12:12:20"},"aioseo_breadcrumb":"<div class=\"aioseo-breadcrumbs\"><span class=\"aioseo-breadcrumb\">\n\t<a href=\"https:\/\/candas365.es\/noticias\" title=\"Home\">Home<\/a>\n<\/span><span class=\"aioseo-breadcrumb-separator\">&ndash;<\/span><span class=\"aioseo-breadcrumb\">\n\t<a href=\"https:\/\/candas365.es\/noticias\/category\/actualidad\/\" title=\"Actualidad\">Actualidad<\/a>\n<\/span><span class=\"aioseo-breadcrumb-separator\">&ndash;<\/span><span class=\"aioseo-breadcrumb\">\n\tCCOO y UGT se concentran en solidaridad con las v\u00edctimas de Orlando\n<\/span><\/div>","aioseo_breadcrumb_json":[{"label":"Home","link":"https:\/\/candas365.es\/noticias"},{"label":"Actualidad","link":"https:\/\/candas365.es\/noticias\/category\/actualidad\/"},{"label":"CCOO y UGT se concentran en solidaridad con las v\u00edctimas de Orlando","link":"https:\/\/candas365.es\/noticias\/ccoo-y-ugt-se-concentran-en-solidaridad-con-las-victimas-de-orlando\/"}],"_links":{"self":[{"href":"https:\/\/candas365.es\/noticias\/wp-json\/wp\/v2\/posts\/30198","targetHints":{"allow":["GET"]}}],"collection":[{"href":"https:\/\/candas365.es\/noticias\/wp-json\/wp\/v2\/posts"}],"about":[{"href":"https:\/\/candas365.es\/noticias\/wp-json\/wp\/v2\/types\/post"}],"author":[{"embeddable":true,"href":"https:\/\/candas365.es\/noticias\/wp-json\/wp\/v2\/users\/1"}],"replies":[{"embeddable":true,"href":"https:\/\/candas365.es\/noticias\/wp-json\/wp\/v2\/comments?post=30198"}],"version-history":[{"count":0,"href":"https:\/\/candas365.es\/noticias\/wp-json\/wp\/v2\/posts\/30198\/revisions"}],"wp:featuredmedia":[{"embeddable":true,"href":"https:\/\/candas365.es\/noticias\/wp-json\/wp\/v2\/media\/30199"}],"wp:attachment":[{"href":"https:\/\/candas365.es\/noticias\/wp-json\/wp\/v2\/media?parent=30198"}],"wp:term":[{"taxonomy":"category","embeddable":true,"href":"https:\/\/candas365.es\/noticias\/wp-json\/wp\/v2\/categories?post=30198"},{"taxonomy":"post_tag","embeddable":true,"href":"https:\/\/candas365.es\/noticias\/wp-json\/wp\/v2\/tags?post=30198"}],"curies":[{"name":"wp","href":"https:\/\/api.w.org\/{rel}","templated":true}]}}