{"id":30196,"date":"2016-06-14T16:01:30","date_gmt":"2016-06-14T14:31:30","guid":{"rendered":"http:\/\/candas365.es\/noticias\/?p=30196"},"modified":"2016-06-14T16:01:30","modified_gmt":"2016-06-14T14:31:30","slug":"thiem-vence-a-kohlschreiber-en-la-final-de-stuttgart","status":"publish","type":"post","link":"https:\/\/candas365.es\/noticias\/thiem-vence-a-kohlschreiber-en-la-final-de-stuttgart\/","title":{"rendered":"Thiem vence a Kohlschreiber en la final de Stuttgart"},"content":{"rendered":"<p>(dpa) &#8211; El austr\u00edaco Dominic Thiem venci\u00f3 hoy al alem\u00e1n Philipp Kohlschreiber en la final de Stuttgart por 6-7 (2-7), 6-4 y 6-4. <\/p>\n<p>La final se jug\u00f3 en dos d\u00edas despu\u00e9s de que la lluvia ca\u00edda el domingo en la ciudad alemana obligara a los organizadores a interrumpir el partido con el marcador 6-6 y ventaja 3-2 de Kohlschreiber en el tie-break del primer set y finalmente postergarlo al lunes. <\/p>\n<p>Thiem, una de las figuras emergentes del tenis, gan\u00f3 el primer t\u00edtulo de su carrera sobre c\u00e9sped tras dar el gran golpe en semifinales ante el suizo Roger Federer. El austr\u00edaco, n\u00famero siete del ranking y flamante semifinalista en Roland Garros, acumula seis trofeos en su carrera.<\/p>\n<p>El torneo de Stuttgart, de categor\u00eda ATP 250, se disputa sobre c\u00e9sped y sirve de preparaci\u00f3n para Wimbledon, \u00fanico Grand Slam sobre hierba y que arranca en Londres el 27 de junio.<\/p>\n","protected":false},"excerpt":{"rendered":"<p>(dpa) &#8211; El austr\u00edaco Dominic Thiem venci\u00f3 hoy al alem\u00e1n Philipp Kohlschreiber en la final de Stuttgart por 6-7 (2-7), 6-4 y 6-4. La final se jug\u00f3 en dos d\u00edas despu\u00e9s de que la lluvia ca\u00edda el domingo en la ciudad alemana obligara a los organizadores a interrumpir el partido con el marcador 6-6 y<\/p>\n","protected":false},"author":1,"featured_media":14237,"comment_status":"closed","ping_status":"closed","sticky":false,"template":"","format":"standard","meta":{"footnotes":""},"categories":[343],"tags":[],"class_list":{"0":"post-30196","1":"post","2":"type-post","3":"status-publish","4":"format-standard","5":"has-post-thumbnail","7":"category-actualidad"},"aioseo_notices":[],"aioseo_head":"\n\t\t<!-- All in One SEO Pro 4.9.6.2 - aioseo.com -->\n\t<meta name=\"description\" content=\"(dpa) - El austr\u00edaco Dominic Thiem venci\u00f3 hoy al alem\u00e1n Philipp Kohlschreiber en la final de Stuttgart por 6-7 (2-7), 6-4 y 6-4. La final se jug\u00f3 en dos d\u00edas despu\u00e9s de que la lluvia ca\u00edda el domingo en la ciudad alemana obligara a los organizadores a interrumpir el partido con el marcador 6-6 y\" \/>\n\t<meta name=\"robots\" content=\"max-image-preview:large\" \/>\n\t<meta name=\"author\" content=\"Cand\u00e1s 365\"\/>\n\t<meta name=\"google-site-verification\" content=\"UA-32230408-1\" \/>\n\t<meta name=\"msvalidate.01\" content=\"354F3CDFB2DA171B47FBE9ABF1F88D5\" \/>\n\t<meta name=\"keywords\" content=\"actualidad\" \/>\n\t<link rel=\"canonical\" href=\"https:\/\/candas365.es\/noticias\/thiem-vence-a-kohlschreiber-en-la-final-de-stuttgart\/\" \/>\n\t<meta name=\"generator\" content=\"All in One SEO Pro (AIOSEO) 4.9.6.2\" \/>\n\t\t<meta property=\"og:locale\" content=\"es_ES\" \/>\n\t\t<meta property=\"og:site_name\" content=\"Cand\u00e1s 365\" \/>\n\t\t<meta property=\"og:type\" content=\"article\" \/>\n\t\t<meta property=\"og:title\" content=\"Thiem vence a Kohlschreiber en la final de Stuttgart | Cand\u00e1s 365\" \/>\n\t\t<meta property=\"og:description\" content=\"(dpa) - El austr\u00edaco Dominic Thiem venci\u00f3 hoy al alem\u00e1n Philipp Kohlschreiber en la final de Stuttgart por 6-7 (2-7), 6-4 y 6-4. La final se jug\u00f3 en dos d\u00edas despu\u00e9s de que la lluvia ca\u00edda el domingo en la ciudad alemana obligara a los organizadores a interrumpir el partido con el marcador 6-6 y\" \/>\n\t\t<meta property=\"og:url\" content=\"https:\/\/candas365.es\/noticias\/thiem-vence-a-kohlschreiber-en-la-final-de-stuttgart\/\" \/>\n\t\t<meta property=\"og:image\" content=\"https:\/\/candas365.es\/noticias\/wp-content\/uploads\/2015\/08\/internet.jpg\" \/>\n\t\t<meta property=\"og:image:secure_url\" content=\"https:\/\/candas365.es\/noticias\/wp-content\/uploads\/2015\/08\/internet.jpg\" \/>\n\t\t<meta property=\"og:image:width\" content=\"655\" \/>\n\t\t<meta property=\"og:image:height\" content=\"360\" \/>\n\t\t<meta property=\"article:published_time\" content=\"2016-06-14T14:31:30+00:00\" \/>\n\t\t<meta property=\"article:modified_time\" content=\"2016-06-14T14:31:30+00:00\" \/>\n\t\t<meta property=\"article:publisher\" content=\"https:\/\/www.facebook.com\/Nachofdezber\" \/>\n\t\t<meta property=\"article:author\" content=\"https:\/\/www.facebook.com\/carrenoactualidad\" \/>\n\t\t<meta name=\"twitter:card\" content=\"summary_large_image\" \/>\n\t\t<meta name=\"twitter:site\" content=\"@NabercoDigital\" \/>\n\t\t<meta name=\"twitter:title\" content=\"Thiem vence a Kohlschreiber en la final de Stuttgart | Cand\u00e1s 365\" \/>\n\t\t<meta name=\"twitter:description\" content=\"(dpa) - El austr\u00edaco Dominic Thiem venci\u00f3 hoy al alem\u00e1n Philipp Kohlschreiber en la final de Stuttgart por 6-7 (2-7), 6-4 y 6-4. La final se jug\u00f3 en dos d\u00edas despu\u00e9s de que la lluvia ca\u00edda el domingo en la ciudad alemana obligara a los organizadores a interrumpir el partido con el marcador 6-6 y\" \/>\n\t\t<meta name=\"twitter:creator\" content=\"@nbasturias\" \/>\n\t\t<meta name=\"twitter:image\" content=\"https:\/\/candas365.es\/noticias\/wp-content\/uploads\/2015\/08\/internet.jpg\" \/>\n\t\t<meta name=\"twitter:label1\" content=\"Escrito por\" \/>\n\t\t<meta name=\"twitter:data1\" content=\"Cand\u00e1s 365\" \/>\n\t\t<meta name=\"twitter:label2\" content=\"Tiempo de lectura estimado\" \/>\n\t\t<meta name=\"twitter:data2\" content=\"1 minuto\" \/>\n\t\t<script type=\"application\/ld+json\" class=\"aioseo-schema\">\n\t\t\t{\"@context\":\"https:\\\/\\\/schema.org\",\"@graph\":[{\"@type\":\"BreadcrumbList\",\"@id\":\"https:\\\/\\\/candas365.es\\\/noticias\\\/thiem-vence-a-kohlschreiber-en-la-final-de-stuttgart\\\/#breadcrumblist\",\"itemListElement\":[{\"@type\":\"ListItem\",\"@id\":\"https:\\\/\\\/candas365.es\\\/noticias#listItem\",\"position\":1,\"name\":\"Home\",\"item\":\"https:\\\/\\\/candas365.es\\\/noticias\",\"nextItem\":{\"@type\":\"ListItem\",\"@id\":\"https:\\\/\\\/candas365.es\\\/noticias\\\/category\\\/actualidad\\\/#listItem\",\"name\":\"Actualidad\"}},{\"@type\":\"ListItem\",\"@id\":\"https:\\\/\\\/candas365.es\\\/noticias\\\/category\\\/actualidad\\\/#listItem\",\"position\":2,\"name\":\"Actualidad\",\"item\":\"https:\\\/\\\/candas365.es\\\/noticias\\\/category\\\/actualidad\\\/\",\"nextItem\":{\"@type\":\"ListItem\",\"@id\":\"https:\\\/\\\/candas365.es\\\/noticias\\\/thiem-vence-a-kohlschreiber-en-la-final-de-stuttgart\\\/#listItem\",\"name\":\"Thiem vence a Kohlschreiber en la final de Stuttgart\"},\"previousItem\":{\"@type\":\"ListItem\",\"@id\":\"https:\\\/\\\/candas365.es\\\/noticias#listItem\",\"name\":\"Home\"}},{\"@type\":\"ListItem\",\"@id\":\"https:\\\/\\\/candas365.es\\\/noticias\\\/thiem-vence-a-kohlschreiber-en-la-final-de-stuttgart\\\/#listItem\",\"position\":3,\"name\":\"Thiem vence a Kohlschreiber en la final de Stuttgart\",\"previousItem\":{\"@type\":\"ListItem\",\"@id\":\"https:\\\/\\\/candas365.es\\\/noticias\\\/category\\\/actualidad\\\/#listItem\",\"name\":\"Actualidad\"}}]},{\"@type\":\"NewsArticle\",\"@id\":\"https:\\\/\\\/candas365.es\\\/noticias\\\/thiem-vence-a-kohlschreiber-en-la-final-de-stuttgart\\\/#newsarticle\",\"name\":\"Thiem vence a Kohlschreiber en la final de Stuttgart | Cand\\u00e1s 365\",\"headline\":\"Thiem vence a Kohlschreiber en la final de Stuttgart\",\"author\":{\"@id\":\"https:\\\/\\\/candas365.es\\\/noticias\\\/author\\\/admin\\\/#author\"},\"publisher\":{\"@id\":\"https:\\\/\\\/candas365.es\\\/noticias\\\/#organization\"},\"image\":{\"@type\":\"ImageObject\",\"url\":\"https:\\\/\\\/candas365.es\\\/noticias\\\/wp-content\\\/uploads\\\/2015\\\/08\\\/internet.jpg\",\"width\":655,\"height\":360},\"datePublished\":\"2016-06-14T16:01:30+02:00\",\"dateModified\":\"2016-06-14T16:01:30+02:00\",\"inLanguage\":\"es-ES\",\"mainEntityOfPage\":{\"@id\":\"https:\\\/\\\/candas365.es\\\/noticias\\\/thiem-vence-a-kohlschreiber-en-la-final-de-stuttgart\\\/#webpage\"},\"isPartOf\":{\"@id\":\"https:\\\/\\\/candas365.es\\\/noticias\\\/thiem-vence-a-kohlschreiber-en-la-final-de-stuttgart\\\/#webpage\"},\"articleSection\":\"Actualidad\",\"dateline\":\"Publicado el junio 14, 2016.\"},{\"@type\":\"Organization\",\"@id\":\"https:\\\/\\\/candas365.es\\\/noticias\\\/#organization\",\"name\":\"Cand\\u00e1s 365\",\"description\":\"Cand\\u00e1s 365 es un diario digital independiente, fundado en 2012, con base en Asturias. Informamos con rigor sobre actualidad, sociedad, cultura y ocio, con una mirada local y global.\",\"url\":\"https:\\\/\\\/candas365.es\\\/noticias\\\/\",\"email\":\"info@candas365.es\",\"telephone\":\"+34652131393\",\"foundingDate\":\"2012-06-10\",\"logo\":{\"@type\":\"ImageObject\",\"url\":\"https:\\\/\\\/candas365.es\\\/noticias\\\/wp-content\\\/uploads\\\/2024\\\/09\\\/Candas-365-Redes.jpg\",\"@id\":\"https:\\\/\\\/candas365.es\\\/noticias\\\/thiem-vence-a-kohlschreiber-en-la-final-de-stuttgart\\\/#organizationLogo\",\"width\":1152,\"height\":864,\"caption\":\"Cand\\u00e1s 365 Redes\"},\"image\":{\"@id\":\"https:\\\/\\\/candas365.es\\\/noticias\\\/thiem-vence-a-kohlschreiber-en-la-final-de-stuttgart\\\/#organizationLogo\"},\"sameAs\":[\"https:\\\/\\\/www.facebook.com\\\/Nachofdezber\",\"https:\\\/\\\/x.com\\\/NabercoDigital\",\"https:\\\/\\\/www.instagram.com\\\/nachofdezber\\\/\",\"https:\\\/\\\/www.youtube.com\\\/channel\\\/UCZP-2wLEB9Rv6erhFmqVnvg\"],\"address\":{\"@id\":\"https:\\\/\\\/candas365.es\\\/noticias\\\/#postaladdress\",\"@type\":\"PostalAddress\",\"streetAddress\":\"san antonio 4, san antonio 4\",\"postalCode\":\"33430\",\"addressLocality\":\"Cand\\u00e1s\",\"addressRegion\":\"Asturias\",\"addressCountry\":\"ES\"}},{\"@type\":\"Person\",\"@id\":\"https:\\\/\\\/candas365.es\\\/noticias\\\/author\\\/admin\\\/#author\",\"url\":\"https:\\\/\\\/candas365.es\\\/noticias\\\/author\\\/admin\\\/\",\"name\":\"Cand\\u00e1s 365\",\"image\":{\"@type\":\"ImageObject\",\"@id\":\"https:\\\/\\\/candas365.es\\\/noticias\\\/thiem-vence-a-kohlschreiber-en-la-final-de-stuttgart\\\/#authorImage\",\"url\":\"https:\\\/\\\/secure.gravatar.com\\\/avatar\\\/496a8e03d0c493ede1718b7934145dbdf8d89be1036b0eec9544e1094c9de390?s=96&d=mm&r=g\",\"width\":96,\"height\":96,\"caption\":\"Cand\\u00e1s 365\"},\"sameAs\":[\"https:\\\/\\\/www.facebook.com\\\/carrenoactualidad\",\"https:\\\/\\\/twitter.com\\\/nbasturias\",\"https:\\\/\\\/www.instagram.com\\\/nachofdezber\\\/\",\"https:\\\/\\\/www.youtube.com\\\/channel\\\/UCZP-2wLEB9Rv6erhFmqVnvg\"]},{\"@type\":\"WebPage\",\"@id\":\"https:\\\/\\\/candas365.es\\\/noticias\\\/thiem-vence-a-kohlschreiber-en-la-final-de-stuttgart\\\/#webpage\",\"url\":\"https:\\\/\\\/candas365.es\\\/noticias\\\/thiem-vence-a-kohlschreiber-en-la-final-de-stuttgart\\\/\",\"name\":\"Thiem vence a Kohlschreiber en la final de Stuttgart | Cand\\u00e1s 365\",\"description\":\"(dpa) - El austr\\u00edaco Dominic Thiem venci\\u00f3 hoy al alem\\u00e1n Philipp Kohlschreiber en la final de Stuttgart por 6-7 (2-7), 6-4 y 6-4. La final se jug\\u00f3 en dos d\\u00edas despu\\u00e9s de que la lluvia ca\\u00edda el domingo en la ciudad alemana obligara a los organizadores a interrumpir el partido con el marcador 6-6 y\",\"inLanguage\":\"es-ES\",\"isPartOf\":{\"@id\":\"https:\\\/\\\/candas365.es\\\/noticias\\\/#website\"},\"breadcrumb\":{\"@id\":\"https:\\\/\\\/candas365.es\\\/noticias\\\/thiem-vence-a-kohlschreiber-en-la-final-de-stuttgart\\\/#breadcrumblist\"},\"author\":{\"@id\":\"https:\\\/\\\/candas365.es\\\/noticias\\\/author\\\/admin\\\/#author\"},\"creator\":{\"@id\":\"https:\\\/\\\/candas365.es\\\/noticias\\\/author\\\/admin\\\/#author\"},\"image\":{\"@type\":\"ImageObject\",\"url\":\"https:\\\/\\\/candas365.es\\\/noticias\\\/wp-content\\\/uploads\\\/2015\\\/08\\\/internet.jpg\",\"@id\":\"https:\\\/\\\/candas365.es\\\/noticias\\\/thiem-vence-a-kohlschreiber-en-la-final-de-stuttgart\\\/#mainImage\",\"width\":655,\"height\":360},\"primaryImageOfPage\":{\"@id\":\"https:\\\/\\\/candas365.es\\\/noticias\\\/thiem-vence-a-kohlschreiber-en-la-final-de-stuttgart\\\/#mainImage\"},\"datePublished\":\"2016-06-14T16:01:30+02:00\",\"dateModified\":\"2016-06-14T16:01:30+02:00\"},{\"@type\":\"WebSite\",\"@id\":\"https:\\\/\\\/candas365.es\\\/noticias\\\/#website\",\"url\":\"https:\\\/\\\/candas365.es\\\/noticias\\\/\",\"name\":\"Cand\\u00e1s 365\",\"alternateName\":\"Cand\\u00e1s 365 Noticias\",\"description\":\"Actualidad desde Carre\\u00f1o para el mundo\",\"inLanguage\":\"es-ES\",\"publisher\":{\"@id\":\"https:\\\/\\\/candas365.es\\\/noticias\\\/#organization\"}}]}\n\t\t<\/script>\n\t\t<!-- All in One SEO Pro -->\r\n\t\t<title>Thiem vence a Kohlschreiber en la final de Stuttgart | Cand\u00e1s 365<\/title>\n\n","aioseo_head_json":{"title":"Thiem vence a Kohlschreiber en la final de Stuttgart | Cand\u00e1s 365","description":"(dpa) - El austr\u00edaco Dominic Thiem venci\u00f3 hoy al alem\u00e1n Philipp Kohlschreiber en la final de Stuttgart por 6-7 (2-7), 6-4 y 6-4. La final se jug\u00f3 en dos d\u00edas despu\u00e9s de que la lluvia ca\u00edda el domingo en la ciudad alemana obligara a los organizadores a interrumpir el partido con el marcador 6-6 y","canonical_url":"https:\/\/candas365.es\/noticias\/thiem-vence-a-kohlschreiber-en-la-final-de-stuttgart\/","robots":"max-image-preview:large","keywords":"actualidad","webmasterTools":{"google-site-verification":"UA-32230408-1","msvalidate.01":"354F3CDFB2DA171B47FBE9ABF1F88D5","miscellaneous":""},"schema":{"@context":"https:\/\/schema.org","@graph":[{"@type":"BreadcrumbList","@id":"https:\/\/candas365.es\/noticias\/thiem-vence-a-kohlschreiber-en-la-final-de-stuttgart\/#breadcrumblist","itemListElement":[{"@type":"ListItem","@id":"https:\/\/candas365.es\/noticias#listItem","position":1,"name":"Home","item":"https:\/\/candas365.es\/noticias","nextItem":{"@type":"ListItem","@id":"https:\/\/candas365.es\/noticias\/category\/actualidad\/#listItem","name":"Actualidad"}},{"@type":"ListItem","@id":"https:\/\/candas365.es\/noticias\/category\/actualidad\/#listItem","position":2,"name":"Actualidad","item":"https:\/\/candas365.es\/noticias\/category\/actualidad\/","nextItem":{"@type":"ListItem","@id":"https:\/\/candas365.es\/noticias\/thiem-vence-a-kohlschreiber-en-la-final-de-stuttgart\/#listItem","name":"Thiem vence a Kohlschreiber en la final de Stuttgart"},"previousItem":{"@type":"ListItem","@id":"https:\/\/candas365.es\/noticias#listItem","name":"Home"}},{"@type":"ListItem","@id":"https:\/\/candas365.es\/noticias\/thiem-vence-a-kohlschreiber-en-la-final-de-stuttgart\/#listItem","position":3,"name":"Thiem vence a Kohlschreiber en la final de Stuttgart","previousItem":{"@type":"ListItem","@id":"https:\/\/candas365.es\/noticias\/category\/actualidad\/#listItem","name":"Actualidad"}}]},{"@type":"NewsArticle","@id":"https:\/\/candas365.es\/noticias\/thiem-vence-a-kohlschreiber-en-la-final-de-stuttgart\/#newsarticle","name":"Thiem vence a Kohlschreiber en la final de Stuttgart | Cand\u00e1s 365","headline":"Thiem vence a Kohlschreiber en la final de Stuttgart","author":{"@id":"https:\/\/candas365.es\/noticias\/author\/admin\/#author"},"publisher":{"@id":"https:\/\/candas365.es\/noticias\/#organization"},"image":{"@type":"ImageObject","url":"https:\/\/candas365.es\/noticias\/wp-content\/uploads\/2015\/08\/internet.jpg","width":655,"height":360},"datePublished":"2016-06-14T16:01:30+02:00","dateModified":"2016-06-14T16:01:30+02:00","inLanguage":"es-ES","mainEntityOfPage":{"@id":"https:\/\/candas365.es\/noticias\/thiem-vence-a-kohlschreiber-en-la-final-de-stuttgart\/#webpage"},"isPartOf":{"@id":"https:\/\/candas365.es\/noticias\/thiem-vence-a-kohlschreiber-en-la-final-de-stuttgart\/#webpage"},"articleSection":"Actualidad","dateline":"Publicado el junio 14, 2016."},{"@type":"Organization","@id":"https:\/\/candas365.es\/noticias\/#organization","name":"Cand\u00e1s 365","description":"Cand\u00e1s 365 es un diario digital independiente, fundado en 2012, con base en Asturias. Informamos con rigor sobre actualidad, sociedad, cultura y ocio, con una mirada local y global.","url":"https:\/\/candas365.es\/noticias\/","email":"info@candas365.es","telephone":"+34652131393","foundingDate":"2012-06-10","logo":{"@type":"ImageObject","url":"https:\/\/candas365.es\/noticias\/wp-content\/uploads\/2024\/09\/Candas-365-Redes.jpg","@id":"https:\/\/candas365.es\/noticias\/thiem-vence-a-kohlschreiber-en-la-final-de-stuttgart\/#organizationLogo","width":1152,"height":864,"caption":"Cand\u00e1s 365 Redes"},"image":{"@id":"https:\/\/candas365.es\/noticias\/thiem-vence-a-kohlschreiber-en-la-final-de-stuttgart\/#organizationLogo"},"sameAs":["https:\/\/www.facebook.com\/Nachofdezber","https:\/\/x.com\/NabercoDigital","https:\/\/www.instagram.com\/nachofdezber\/","https:\/\/www.youtube.com\/channel\/UCZP-2wLEB9Rv6erhFmqVnvg"],"address":{"@id":"https:\/\/candas365.es\/noticias\/#postaladdress","@type":"PostalAddress","streetAddress":"san antonio 4, san antonio 4","postalCode":"33430","addressLocality":"Cand\u00e1s","addressRegion":"Asturias","addressCountry":"ES"}},{"@type":"Person","@id":"https:\/\/candas365.es\/noticias\/author\/admin\/#author","url":"https:\/\/candas365.es\/noticias\/author\/admin\/","name":"Cand\u00e1s 365","image":{"@type":"ImageObject","@id":"https:\/\/candas365.es\/noticias\/thiem-vence-a-kohlschreiber-en-la-final-de-stuttgart\/#authorImage","url":"https:\/\/secure.gravatar.com\/avatar\/496a8e03d0c493ede1718b7934145dbdf8d89be1036b0eec9544e1094c9de390?s=96&d=mm&r=g","width":96,"height":96,"caption":"Cand\u00e1s 365"},"sameAs":["https:\/\/www.facebook.com\/carrenoactualidad","https:\/\/twitter.com\/nbasturias","https:\/\/www.instagram.com\/nachofdezber\/","https:\/\/www.youtube.com\/channel\/UCZP-2wLEB9Rv6erhFmqVnvg"]},{"@type":"WebPage","@id":"https:\/\/candas365.es\/noticias\/thiem-vence-a-kohlschreiber-en-la-final-de-stuttgart\/#webpage","url":"https:\/\/candas365.es\/noticias\/thiem-vence-a-kohlschreiber-en-la-final-de-stuttgart\/","name":"Thiem vence a Kohlschreiber en la final de Stuttgart | Cand\u00e1s 365","description":"(dpa) - El austr\u00edaco Dominic Thiem venci\u00f3 hoy al alem\u00e1n Philipp Kohlschreiber en la final de Stuttgart por 6-7 (2-7), 6-4 y 6-4. La final se jug\u00f3 en dos d\u00edas despu\u00e9s de que la lluvia ca\u00edda el domingo en la ciudad alemana obligara a los organizadores a interrumpir el partido con el marcador 6-6 y","inLanguage":"es-ES","isPartOf":{"@id":"https:\/\/candas365.es\/noticias\/#website"},"breadcrumb":{"@id":"https:\/\/candas365.es\/noticias\/thiem-vence-a-kohlschreiber-en-la-final-de-stuttgart\/#breadcrumblist"},"author":{"@id":"https:\/\/candas365.es\/noticias\/author\/admin\/#author"},"creator":{"@id":"https:\/\/candas365.es\/noticias\/author\/admin\/#author"},"image":{"@type":"ImageObject","url":"https:\/\/candas365.es\/noticias\/wp-content\/uploads\/2015\/08\/internet.jpg","@id":"https:\/\/candas365.es\/noticias\/thiem-vence-a-kohlschreiber-en-la-final-de-stuttgart\/#mainImage","width":655,"height":360},"primaryImageOfPage":{"@id":"https:\/\/candas365.es\/noticias\/thiem-vence-a-kohlschreiber-en-la-final-de-stuttgart\/#mainImage"},"datePublished":"2016-06-14T16:01:30+02:00","dateModified":"2016-06-14T16:01:30+02:00"},{"@type":"WebSite","@id":"https:\/\/candas365.es\/noticias\/#website","url":"https:\/\/candas365.es\/noticias\/","name":"Cand\u00e1s 365","alternateName":"Cand\u00e1s 365 Noticias","description":"Actualidad desde Carre\u00f1o para el mundo","inLanguage":"es-ES","publisher":{"@id":"https:\/\/candas365.es\/noticias\/#organization"}}]},"og:locale":"es_ES","og:site_name":"Cand\u00e1s 365","og:type":"article","og:title":"Thiem vence a Kohlschreiber en la final de Stuttgart | Cand\u00e1s 365","og:description":"(dpa) - El austr\u00edaco Dominic Thiem venci\u00f3 hoy al alem\u00e1n Philipp Kohlschreiber en la final de Stuttgart por 6-7 (2-7), 6-4 y 6-4. La final se jug\u00f3 en dos d\u00edas despu\u00e9s de que la lluvia ca\u00edda el domingo en la ciudad alemana obligara a los organizadores a interrumpir el partido con el marcador 6-6 y","og:url":"https:\/\/candas365.es\/noticias\/thiem-vence-a-kohlschreiber-en-la-final-de-stuttgart\/","og:image":"https:\/\/candas365.es\/noticias\/wp-content\/uploads\/2015\/08\/internet.jpg","og:image:secure_url":"https:\/\/candas365.es\/noticias\/wp-content\/uploads\/2015\/08\/internet.jpg","og:image:width":655,"og:image:height":360,"article:published_time":"2016-06-14T14:31:30+00:00","article:modified_time":"2016-06-14T14:31:30+00:00","article:publisher":"https:\/\/www.facebook.com\/Nachofdezber","article:author":"https:\/\/www.facebook.com\/carrenoactualidad","twitter:card":"summary_large_image","twitter:site":"@NabercoDigital","twitter:title":"Thiem vence a Kohlschreiber en la final de Stuttgart | Cand\u00e1s 365","twitter:description":"(dpa) - El austr\u00edaco Dominic Thiem venci\u00f3 hoy al alem\u00e1n Philipp Kohlschreiber en la final de Stuttgart por 6-7 (2-7), 6-4 y 6-4. La final se jug\u00f3 en dos d\u00edas despu\u00e9s de que la lluvia ca\u00edda el domingo en la ciudad alemana obligara a los organizadores a interrumpir el partido con el marcador 6-6 y","twitter:creator":"@nbasturias","twitter:image":"https:\/\/candas365.es\/noticias\/wp-content\/uploads\/2015\/08\/internet.jpg","twitter:label1":"Escrito por","twitter:data1":"Cand\u00e1s 365","twitter:label2":"Tiempo de lectura estimado","twitter:data2":"1 minuto"},"aioseo_meta_data":{"post_id":"30196","title":null,"description":null,"keywords":null,"keyphrases":null,"primary_term":null,"canonical_url":null,"og_title":null,"og_description":null,"og_object_type":"default","og_image_type":"default","og_image_url":null,"og_image_width":null,"og_image_height":null,"og_image_custom_url":null,"og_image_custom_fields":null,"og_video":null,"og_custom_url":null,"og_article_section":null,"og_article_tags":null,"twitter_use_og":false,"twitter_card":"default","twitter_image_type":"default","twitter_image_url":null,"twitter_image_custom_url":null,"twitter_image_custom_fields":null,"twitter_title":null,"twitter_description":null,"schema":{"blockGraphs":[],"customGraphs":[],"default":{"data":{"Article":[],"Course":[],"Dataset":[],"FAQPage":[],"Movie":[],"Person":[],"Product":[],"ProductReview":[],"Car":[],"Recipe":[],"Service":[],"SoftwareApplication":[],"WebPage":[]},"graphName":"","isEnabled":true},"graphs":[],"defaultGraph":"","defaultPostTypeGraph":""},"schema_type":null,"schema_type_options":null,"pillar_content":false,"robots_default":true,"robots_noindex":false,"robots_noarchive":false,"robots_nosnippet":false,"robots_nofollow":false,"robots_noimageindex":false,"robots_noodp":false,"robots_notranslate":false,"robots_max_snippet":null,"robots_max_videopreview":null,"robots_max_imagepreview":"large","priority":null,"frequency":null,"location":null,"local_seo":null,"seo_analyzer_scan_date":"2025-08-24 12:12:15","breadcrumb_settings":null,"limit_modified_date":false,"reviewed_by":null,"open_ai":null,"ai":null,"created":"2020-12-21 12:57:02","updated":"2025-08-24 12:12:15"},"aioseo_breadcrumb":"<div class=\"aioseo-breadcrumbs\"><span class=\"aioseo-breadcrumb\">\n\t<a href=\"https:\/\/candas365.es\/noticias\" title=\"Home\">Home<\/a>\n<\/span><span class=\"aioseo-breadcrumb-separator\">&ndash;<\/span><span class=\"aioseo-breadcrumb\">\n\t<a href=\"https:\/\/candas365.es\/noticias\/category\/actualidad\/\" title=\"Actualidad\">Actualidad<\/a>\n<\/span><span class=\"aioseo-breadcrumb-separator\">&ndash;<\/span><span class=\"aioseo-breadcrumb\">\n\tThiem vence a Kohlschreiber en la final de Stuttgart\n<\/span><\/div>","aioseo_breadcrumb_json":[{"label":"Home","link":"https:\/\/candas365.es\/noticias"},{"label":"Actualidad","link":"https:\/\/candas365.es\/noticias\/category\/actualidad\/"},{"label":"Thiem vence a Kohlschreiber en la final de Stuttgart","link":"https:\/\/candas365.es\/noticias\/thiem-vence-a-kohlschreiber-en-la-final-de-stuttgart\/"}],"_links":{"self":[{"href":"https:\/\/candas365.es\/noticias\/wp-json\/wp\/v2\/posts\/30196","targetHints":{"allow":["GET"]}}],"collection":[{"href":"https:\/\/candas365.es\/noticias\/wp-json\/wp\/v2\/posts"}],"about":[{"href":"https:\/\/candas365.es\/noticias\/wp-json\/wp\/v2\/types\/post"}],"author":[{"embeddable":true,"href":"https:\/\/candas365.es\/noticias\/wp-json\/wp\/v2\/users\/1"}],"replies":[{"embeddable":true,"href":"https:\/\/candas365.es\/noticias\/wp-json\/wp\/v2\/comments?post=30196"}],"version-history":[{"count":0,"href":"https:\/\/candas365.es\/noticias\/wp-json\/wp\/v2\/posts\/30196\/revisions"}],"wp:featuredmedia":[{"embeddable":true,"href":"https:\/\/candas365.es\/noticias\/wp-json\/wp\/v2\/media\/14237"}],"wp:attachment":[{"href":"https:\/\/candas365.es\/noticias\/wp-json\/wp\/v2\/media?parent=30196"}],"wp:term":[{"taxonomy":"category","embeddable":true,"href":"https:\/\/candas365.es\/noticias\/wp-json\/wp\/v2\/categories?post=30196"},{"taxonomy":"post_tag","embeddable":true,"href":"https:\/\/candas365.es\/noticias\/wp-json\/wp\/v2\/tags?post=30196"}],"curies":[{"name":"wp","href":"https:\/\/api.w.org\/{rel}","templated":true}]}}