{"id":30181,"date":"2016-06-14T15:35:46","date_gmt":"2016-06-14T14:05:46","guid":{"rendered":"http:\/\/candas365.es\/noticias\/?p=30181"},"modified":"2016-06-14T15:35:46","modified_gmt":"2016-06-14T14:05:46","slug":"ifo-alerta-de-una-perdida-de-crecimiento-aleman-si-se-da-un-brexit","status":"publish","type":"post","link":"https:\/\/candas365.es\/noticias\/ifo-alerta-de-una-perdida-de-crecimiento-aleman-si-se-da-un-brexit\/","title":{"rendered":"Ifo alerta de una p\u00e9rdida de crecimiento alem\u00e1n si se da un \u00abBrexit\u00bb"},"content":{"rendered":"<p>(dpa) &#8211; El presidente del prestigioso instituto econ\u00f3mico alem\u00e1n Ifo, Clemens Fuest, alert\u00f3 hoy de una p\u00e9rdida de crecimiento en Alemania en el caso de que los brit\u00e1nicos voten a favor de la salida del Reino Unido de la Uni\u00f3n Europea (UE) en el refer\u00e9ndum del 23 de junio.<\/p>\n<p>\u00abAn\u00e1lisis del instituto Ifo muestran que Alemania podr\u00eda perder hasta un tres por ciento del producto interno bruto (PIB) a largo plazo\u00bb, afirm\u00f3 el presidente del Ifo en declaraciones al diario alem\u00e1n \u00abRheinische Post\u00bb.<\/p>\n<p>\u00abEn Reino Unido las p\u00e9rdidas podr\u00edan ser incluso notablemente m\u00e1s elevadas\u00bb, agreg\u00f3 Fuest. \u00abA corto plazo habr\u00e1 una ca\u00edda de la cotizaci\u00f3n de la libra, tambi\u00e9n el euro perder\u00e1 valor respecto al d\u00f3lar y las acciones caer\u00e1n probablemente en todo el mundo\u00bb, indic\u00f3.<\/p>\n<p>&nbsp;<\/p>\n","protected":false},"excerpt":{"rendered":"<p>(dpa) &#8211; El presidente del prestigioso instituto econ\u00f3mico alem\u00e1n Ifo, Clemens Fuest, alert\u00f3 hoy de una p\u00e9rdida de crecimiento en Alemania en el caso de que los brit\u00e1nicos voten a favor de la salida del Reino Unido de la Uni\u00f3n Europea (UE) en el refer\u00e9ndum del 23 de junio. \u00abAn\u00e1lisis del instituto Ifo muestran que<\/p>\n","protected":false},"author":1,"featured_media":14237,"comment_status":"closed","ping_status":"closed","sticky":false,"template":"","format":"standard","meta":{"footnotes":""},"categories":[343],"tags":[],"class_list":{"0":"post-30181","1":"post","2":"type-post","3":"status-publish","4":"format-standard","5":"has-post-thumbnail","7":"category-actualidad"},"aioseo_notices":[],"aioseo_head":"\n\t\t<!-- All in One SEO Pro 4.9.6.2 - aioseo.com -->\n\t<meta name=\"description\" content=\"(dpa) - El presidente del prestigioso instituto econ\u00f3mico alem\u00e1n Ifo, Clemens Fuest, alert\u00f3 hoy de una p\u00e9rdida de crecimiento en Alemania en el caso de que los brit\u00e1nicos voten a favor de la salida del Reino Unido de la Uni\u00f3n Europea (UE) en el refer\u00e9ndum del 23 de junio. &quot;An\u00e1lisis del instituto Ifo muestran que\" \/>\n\t<meta name=\"robots\" content=\"max-image-preview:large\" \/>\n\t<meta name=\"author\" content=\"Cand\u00e1s 365\"\/>\n\t<meta name=\"google-site-verification\" content=\"UA-32230408-1\" \/>\n\t<meta name=\"msvalidate.01\" content=\"354F3CDFB2DA171B47FBE9ABF1F88D5\" \/>\n\t<meta name=\"keywords\" content=\"actualidad\" \/>\n\t<link rel=\"canonical\" href=\"https:\/\/candas365.es\/noticias\/ifo-alerta-de-una-perdida-de-crecimiento-aleman-si-se-da-un-brexit\/\" \/>\n\t<meta name=\"generator\" content=\"All in One SEO Pro (AIOSEO) 4.9.6.2\" \/>\n\t\t<meta property=\"og:locale\" content=\"es_ES\" \/>\n\t\t<meta property=\"og:site_name\" content=\"Cand\u00e1s 365\" \/>\n\t\t<meta property=\"og:type\" content=\"article\" \/>\n\t\t<meta property=\"og:title\" content=\"Ifo alerta de una p\u00e9rdida de crecimiento alem\u00e1n si se da un \u00abBrexit\u00bb | Cand\u00e1s 365\" \/>\n\t\t<meta property=\"og:description\" content=\"(dpa) - El presidente del prestigioso instituto econ\u00f3mico alem\u00e1n Ifo, Clemens Fuest, alert\u00f3 hoy de una p\u00e9rdida de crecimiento en Alemania en el caso de que los brit\u00e1nicos voten a favor de la salida del Reino Unido de la Uni\u00f3n Europea (UE) en el refer\u00e9ndum del 23 de junio. &quot;An\u00e1lisis del instituto Ifo muestran que\" \/>\n\t\t<meta property=\"og:url\" content=\"https:\/\/candas365.es\/noticias\/ifo-alerta-de-una-perdida-de-crecimiento-aleman-si-se-da-un-brexit\/\" \/>\n\t\t<meta property=\"og:image\" content=\"https:\/\/candas365.es\/noticias\/wp-content\/uploads\/2015\/08\/internet.jpg\" \/>\n\t\t<meta property=\"og:image:secure_url\" content=\"https:\/\/candas365.es\/noticias\/wp-content\/uploads\/2015\/08\/internet.jpg\" \/>\n\t\t<meta property=\"og:image:width\" content=\"655\" \/>\n\t\t<meta property=\"og:image:height\" content=\"360\" \/>\n\t\t<meta property=\"article:published_time\" content=\"2016-06-14T14:05:46+00:00\" \/>\n\t\t<meta property=\"article:modified_time\" content=\"2016-06-14T14:05:46+00:00\" \/>\n\t\t<meta property=\"article:publisher\" content=\"https:\/\/www.facebook.com\/Nachofdezber\" \/>\n\t\t<meta property=\"article:author\" content=\"https:\/\/www.facebook.com\/carrenoactualidad\" \/>\n\t\t<meta name=\"twitter:card\" content=\"summary_large_image\" \/>\n\t\t<meta name=\"twitter:site\" content=\"@NabercoDigital\" \/>\n\t\t<meta name=\"twitter:title\" content=\"Ifo alerta de una p\u00e9rdida de crecimiento alem\u00e1n si se da un \u00abBrexit\u00bb | Cand\u00e1s 365\" \/>\n\t\t<meta name=\"twitter:description\" content=\"(dpa) - El presidente del prestigioso instituto econ\u00f3mico alem\u00e1n Ifo, Clemens Fuest, alert\u00f3 hoy de una p\u00e9rdida de crecimiento en Alemania en el caso de que los brit\u00e1nicos voten a favor de la salida del Reino Unido de la Uni\u00f3n Europea (UE) en el refer\u00e9ndum del 23 de junio. &quot;An\u00e1lisis del instituto Ifo muestran que\" \/>\n\t\t<meta name=\"twitter:creator\" content=\"@nbasturias\" \/>\n\t\t<meta name=\"twitter:image\" content=\"https:\/\/candas365.es\/noticias\/wp-content\/uploads\/2015\/08\/internet.jpg\" \/>\n\t\t<meta name=\"twitter:label1\" content=\"Escrito por\" \/>\n\t\t<meta name=\"twitter:data1\" content=\"Cand\u00e1s 365\" \/>\n\t\t<meta name=\"twitter:label2\" content=\"Tiempo de lectura estimado\" \/>\n\t\t<meta name=\"twitter:data2\" content=\"1 minuto\" \/>\n\t\t<script type=\"application\/ld+json\" class=\"aioseo-schema\">\n\t\t\t{\"@context\":\"https:\\\/\\\/schema.org\",\"@graph\":[{\"@type\":\"BreadcrumbList\",\"@id\":\"https:\\\/\\\/candas365.es\\\/noticias\\\/ifo-alerta-de-una-perdida-de-crecimiento-aleman-si-se-da-un-brexit\\\/#breadcrumblist\",\"itemListElement\":[{\"@type\":\"ListItem\",\"@id\":\"https:\\\/\\\/candas365.es\\\/noticias#listItem\",\"position\":1,\"name\":\"Home\",\"item\":\"https:\\\/\\\/candas365.es\\\/noticias\",\"nextItem\":{\"@type\":\"ListItem\",\"@id\":\"https:\\\/\\\/candas365.es\\\/noticias\\\/category\\\/actualidad\\\/#listItem\",\"name\":\"Actualidad\"}},{\"@type\":\"ListItem\",\"@id\":\"https:\\\/\\\/candas365.es\\\/noticias\\\/category\\\/actualidad\\\/#listItem\",\"position\":2,\"name\":\"Actualidad\",\"item\":\"https:\\\/\\\/candas365.es\\\/noticias\\\/category\\\/actualidad\\\/\",\"nextItem\":{\"@type\":\"ListItem\",\"@id\":\"https:\\\/\\\/candas365.es\\\/noticias\\\/ifo-alerta-de-una-perdida-de-crecimiento-aleman-si-se-da-un-brexit\\\/#listItem\",\"name\":\"Ifo alerta de una p\\u00e9rdida de crecimiento alem\\u00e1n si se da un \\u00abBrexit\\u00bb\"},\"previousItem\":{\"@type\":\"ListItem\",\"@id\":\"https:\\\/\\\/candas365.es\\\/noticias#listItem\",\"name\":\"Home\"}},{\"@type\":\"ListItem\",\"@id\":\"https:\\\/\\\/candas365.es\\\/noticias\\\/ifo-alerta-de-una-perdida-de-crecimiento-aleman-si-se-da-un-brexit\\\/#listItem\",\"position\":3,\"name\":\"Ifo alerta de una p\\u00e9rdida de crecimiento alem\\u00e1n si se da un \\u00abBrexit\\u00bb\",\"previousItem\":{\"@type\":\"ListItem\",\"@id\":\"https:\\\/\\\/candas365.es\\\/noticias\\\/category\\\/actualidad\\\/#listItem\",\"name\":\"Actualidad\"}}]},{\"@type\":\"NewsArticle\",\"@id\":\"https:\\\/\\\/candas365.es\\\/noticias\\\/ifo-alerta-de-una-perdida-de-crecimiento-aleman-si-se-da-un-brexit\\\/#newsarticle\",\"name\":\"Ifo alerta de una p\\u00e9rdida de crecimiento alem\\u00e1n si se da un \\u00abBrexit\\u00bb | Cand\\u00e1s 365\",\"headline\":\"Ifo alerta de una p\\u00e9rdida de crecimiento alem\\u00e1n si se da un \\u00abBrexit\\u00bb\",\"author\":{\"@id\":\"https:\\\/\\\/candas365.es\\\/noticias\\\/author\\\/admin\\\/#author\"},\"publisher\":{\"@id\":\"https:\\\/\\\/candas365.es\\\/noticias\\\/#organization\"},\"image\":{\"@type\":\"ImageObject\",\"url\":\"https:\\\/\\\/candas365.es\\\/noticias\\\/wp-content\\\/uploads\\\/2015\\\/08\\\/internet.jpg\",\"width\":655,\"height\":360},\"datePublished\":\"2016-06-14T15:35:46+02:00\",\"dateModified\":\"2016-06-14T15:35:46+02:00\",\"inLanguage\":\"es-ES\",\"mainEntityOfPage\":{\"@id\":\"https:\\\/\\\/candas365.es\\\/noticias\\\/ifo-alerta-de-una-perdida-de-crecimiento-aleman-si-se-da-un-brexit\\\/#webpage\"},\"isPartOf\":{\"@id\":\"https:\\\/\\\/candas365.es\\\/noticias\\\/ifo-alerta-de-una-perdida-de-crecimiento-aleman-si-se-da-un-brexit\\\/#webpage\"},\"articleSection\":\"Actualidad\",\"dateline\":\"Publicado el junio 14, 2016.\"},{\"@type\":\"Organization\",\"@id\":\"https:\\\/\\\/candas365.es\\\/noticias\\\/#organization\",\"name\":\"Cand\\u00e1s 365\",\"description\":\"Cand\\u00e1s 365 es un diario digital independiente, fundado en 2012, con base en Asturias. Informamos con rigor sobre actualidad, sociedad, cultura y ocio, con una mirada local y global.\",\"url\":\"https:\\\/\\\/candas365.es\\\/noticias\\\/\",\"email\":\"info@candas365.es\",\"telephone\":\"+34652131393\",\"foundingDate\":\"2012-06-10\",\"logo\":{\"@type\":\"ImageObject\",\"url\":\"https:\\\/\\\/candas365.es\\\/noticias\\\/wp-content\\\/uploads\\\/2024\\\/09\\\/Candas-365-Redes.jpg\",\"@id\":\"https:\\\/\\\/candas365.es\\\/noticias\\\/ifo-alerta-de-una-perdida-de-crecimiento-aleman-si-se-da-un-brexit\\\/#organizationLogo\",\"width\":1152,\"height\":864,\"caption\":\"Cand\\u00e1s 365 Redes\"},\"image\":{\"@id\":\"https:\\\/\\\/candas365.es\\\/noticias\\\/ifo-alerta-de-una-perdida-de-crecimiento-aleman-si-se-da-un-brexit\\\/#organizationLogo\"},\"sameAs\":[\"https:\\\/\\\/www.facebook.com\\\/Nachofdezber\",\"https:\\\/\\\/x.com\\\/NabercoDigital\",\"https:\\\/\\\/www.instagram.com\\\/nachofdezber\\\/\",\"https:\\\/\\\/www.youtube.com\\\/channel\\\/UCZP-2wLEB9Rv6erhFmqVnvg\"],\"address\":{\"@id\":\"https:\\\/\\\/candas365.es\\\/noticias\\\/#postaladdress\",\"@type\":\"PostalAddress\",\"streetAddress\":\"san antonio 4, san antonio 4\",\"postalCode\":\"33430\",\"addressLocality\":\"Cand\\u00e1s\",\"addressRegion\":\"Asturias\",\"addressCountry\":\"ES\"}},{\"@type\":\"Person\",\"@id\":\"https:\\\/\\\/candas365.es\\\/noticias\\\/author\\\/admin\\\/#author\",\"url\":\"https:\\\/\\\/candas365.es\\\/noticias\\\/author\\\/admin\\\/\",\"name\":\"Cand\\u00e1s 365\",\"image\":{\"@type\":\"ImageObject\",\"@id\":\"https:\\\/\\\/candas365.es\\\/noticias\\\/ifo-alerta-de-una-perdida-de-crecimiento-aleman-si-se-da-un-brexit\\\/#authorImage\",\"url\":\"https:\\\/\\\/secure.gravatar.com\\\/avatar\\\/496a8e03d0c493ede1718b7934145dbdf8d89be1036b0eec9544e1094c9de390?s=96&d=mm&r=g\",\"width\":96,\"height\":96,\"caption\":\"Cand\\u00e1s 365\"},\"sameAs\":[\"https:\\\/\\\/www.facebook.com\\\/carrenoactualidad\",\"https:\\\/\\\/twitter.com\\\/nbasturias\",\"https:\\\/\\\/www.instagram.com\\\/nachofdezber\\\/\",\"https:\\\/\\\/www.youtube.com\\\/channel\\\/UCZP-2wLEB9Rv6erhFmqVnvg\"]},{\"@type\":\"WebPage\",\"@id\":\"https:\\\/\\\/candas365.es\\\/noticias\\\/ifo-alerta-de-una-perdida-de-crecimiento-aleman-si-se-da-un-brexit\\\/#webpage\",\"url\":\"https:\\\/\\\/candas365.es\\\/noticias\\\/ifo-alerta-de-una-perdida-de-crecimiento-aleman-si-se-da-un-brexit\\\/\",\"name\":\"Ifo alerta de una p\\u00e9rdida de crecimiento alem\\u00e1n si se da un \\u00abBrexit\\u00bb | Cand\\u00e1s 365\",\"description\":\"(dpa) - El presidente del prestigioso instituto econ\\u00f3mico alem\\u00e1n Ifo, Clemens Fuest, alert\\u00f3 hoy de una p\\u00e9rdida de crecimiento en Alemania en el caso de que los brit\\u00e1nicos voten a favor de la salida del Reino Unido de la Uni\\u00f3n Europea (UE) en el refer\\u00e9ndum del 23 de junio. \\\"An\\u00e1lisis del instituto Ifo muestran que\",\"inLanguage\":\"es-ES\",\"isPartOf\":{\"@id\":\"https:\\\/\\\/candas365.es\\\/noticias\\\/#website\"},\"breadcrumb\":{\"@id\":\"https:\\\/\\\/candas365.es\\\/noticias\\\/ifo-alerta-de-una-perdida-de-crecimiento-aleman-si-se-da-un-brexit\\\/#breadcrumblist\"},\"author\":{\"@id\":\"https:\\\/\\\/candas365.es\\\/noticias\\\/author\\\/admin\\\/#author\"},\"creator\":{\"@id\":\"https:\\\/\\\/candas365.es\\\/noticias\\\/author\\\/admin\\\/#author\"},\"image\":{\"@type\":\"ImageObject\",\"url\":\"https:\\\/\\\/candas365.es\\\/noticias\\\/wp-content\\\/uploads\\\/2015\\\/08\\\/internet.jpg\",\"@id\":\"https:\\\/\\\/candas365.es\\\/noticias\\\/ifo-alerta-de-una-perdida-de-crecimiento-aleman-si-se-da-un-brexit\\\/#mainImage\",\"width\":655,\"height\":360},\"primaryImageOfPage\":{\"@id\":\"https:\\\/\\\/candas365.es\\\/noticias\\\/ifo-alerta-de-una-perdida-de-crecimiento-aleman-si-se-da-un-brexit\\\/#mainImage\"},\"datePublished\":\"2016-06-14T15:35:46+02:00\",\"dateModified\":\"2016-06-14T15:35:46+02:00\"},{\"@type\":\"WebSite\",\"@id\":\"https:\\\/\\\/candas365.es\\\/noticias\\\/#website\",\"url\":\"https:\\\/\\\/candas365.es\\\/noticias\\\/\",\"name\":\"Cand\\u00e1s 365\",\"alternateName\":\"Cand\\u00e1s 365 Noticias\",\"description\":\"Actualidad desde Carre\\u00f1o para el mundo\",\"inLanguage\":\"es-ES\",\"publisher\":{\"@id\":\"https:\\\/\\\/candas365.es\\\/noticias\\\/#organization\"}}]}\n\t\t<\/script>\n\t\t<!-- All in One SEO Pro -->\r\n\t\t<title>Ifo alerta de una p\u00e9rdida de crecimiento alem\u00e1n si se da un \u00abBrexit\u00bb | Cand\u00e1s 365<\/title>\n\n","aioseo_head_json":{"title":"Ifo alerta de una p\u00e9rdida de crecimiento alem\u00e1n si se da un \u00abBrexit\u00bb | Cand\u00e1s 365","description":"(dpa) - El presidente del prestigioso instituto econ\u00f3mico alem\u00e1n Ifo, Clemens Fuest, alert\u00f3 hoy de una p\u00e9rdida de crecimiento en Alemania en el caso de que los brit\u00e1nicos voten a favor de la salida del Reino Unido de la Uni\u00f3n Europea (UE) en el refer\u00e9ndum del 23 de junio. \"An\u00e1lisis del instituto Ifo muestran que","canonical_url":"https:\/\/candas365.es\/noticias\/ifo-alerta-de-una-perdida-de-crecimiento-aleman-si-se-da-un-brexit\/","robots":"max-image-preview:large","keywords":"actualidad","webmasterTools":{"google-site-verification":"UA-32230408-1","msvalidate.01":"354F3CDFB2DA171B47FBE9ABF1F88D5","miscellaneous":""},"schema":{"@context":"https:\/\/schema.org","@graph":[{"@type":"BreadcrumbList","@id":"https:\/\/candas365.es\/noticias\/ifo-alerta-de-una-perdida-de-crecimiento-aleman-si-se-da-un-brexit\/#breadcrumblist","itemListElement":[{"@type":"ListItem","@id":"https:\/\/candas365.es\/noticias#listItem","position":1,"name":"Home","item":"https:\/\/candas365.es\/noticias","nextItem":{"@type":"ListItem","@id":"https:\/\/candas365.es\/noticias\/category\/actualidad\/#listItem","name":"Actualidad"}},{"@type":"ListItem","@id":"https:\/\/candas365.es\/noticias\/category\/actualidad\/#listItem","position":2,"name":"Actualidad","item":"https:\/\/candas365.es\/noticias\/category\/actualidad\/","nextItem":{"@type":"ListItem","@id":"https:\/\/candas365.es\/noticias\/ifo-alerta-de-una-perdida-de-crecimiento-aleman-si-se-da-un-brexit\/#listItem","name":"Ifo alerta de una p\u00e9rdida de crecimiento alem\u00e1n si se da un \u00abBrexit\u00bb"},"previousItem":{"@type":"ListItem","@id":"https:\/\/candas365.es\/noticias#listItem","name":"Home"}},{"@type":"ListItem","@id":"https:\/\/candas365.es\/noticias\/ifo-alerta-de-una-perdida-de-crecimiento-aleman-si-se-da-un-brexit\/#listItem","position":3,"name":"Ifo alerta de una p\u00e9rdida de crecimiento alem\u00e1n si se da un \u00abBrexit\u00bb","previousItem":{"@type":"ListItem","@id":"https:\/\/candas365.es\/noticias\/category\/actualidad\/#listItem","name":"Actualidad"}}]},{"@type":"NewsArticle","@id":"https:\/\/candas365.es\/noticias\/ifo-alerta-de-una-perdida-de-crecimiento-aleman-si-se-da-un-brexit\/#newsarticle","name":"Ifo alerta de una p\u00e9rdida de crecimiento alem\u00e1n si se da un \u00abBrexit\u00bb | Cand\u00e1s 365","headline":"Ifo alerta de una p\u00e9rdida de crecimiento alem\u00e1n si se da un \u00abBrexit\u00bb","author":{"@id":"https:\/\/candas365.es\/noticias\/author\/admin\/#author"},"publisher":{"@id":"https:\/\/candas365.es\/noticias\/#organization"},"image":{"@type":"ImageObject","url":"https:\/\/candas365.es\/noticias\/wp-content\/uploads\/2015\/08\/internet.jpg","width":655,"height":360},"datePublished":"2016-06-14T15:35:46+02:00","dateModified":"2016-06-14T15:35:46+02:00","inLanguage":"es-ES","mainEntityOfPage":{"@id":"https:\/\/candas365.es\/noticias\/ifo-alerta-de-una-perdida-de-crecimiento-aleman-si-se-da-un-brexit\/#webpage"},"isPartOf":{"@id":"https:\/\/candas365.es\/noticias\/ifo-alerta-de-una-perdida-de-crecimiento-aleman-si-se-da-un-brexit\/#webpage"},"articleSection":"Actualidad","dateline":"Publicado el junio 14, 2016."},{"@type":"Organization","@id":"https:\/\/candas365.es\/noticias\/#organization","name":"Cand\u00e1s 365","description":"Cand\u00e1s 365 es un diario digital independiente, fundado en 2012, con base en Asturias. Informamos con rigor sobre actualidad, sociedad, cultura y ocio, con una mirada local y global.","url":"https:\/\/candas365.es\/noticias\/","email":"info@candas365.es","telephone":"+34652131393","foundingDate":"2012-06-10","logo":{"@type":"ImageObject","url":"https:\/\/candas365.es\/noticias\/wp-content\/uploads\/2024\/09\/Candas-365-Redes.jpg","@id":"https:\/\/candas365.es\/noticias\/ifo-alerta-de-una-perdida-de-crecimiento-aleman-si-se-da-un-brexit\/#organizationLogo","width":1152,"height":864,"caption":"Cand\u00e1s 365 Redes"},"image":{"@id":"https:\/\/candas365.es\/noticias\/ifo-alerta-de-una-perdida-de-crecimiento-aleman-si-se-da-un-brexit\/#organizationLogo"},"sameAs":["https:\/\/www.facebook.com\/Nachofdezber","https:\/\/x.com\/NabercoDigital","https:\/\/www.instagram.com\/nachofdezber\/","https:\/\/www.youtube.com\/channel\/UCZP-2wLEB9Rv6erhFmqVnvg"],"address":{"@id":"https:\/\/candas365.es\/noticias\/#postaladdress","@type":"PostalAddress","streetAddress":"san antonio 4, san antonio 4","postalCode":"33430","addressLocality":"Cand\u00e1s","addressRegion":"Asturias","addressCountry":"ES"}},{"@type":"Person","@id":"https:\/\/candas365.es\/noticias\/author\/admin\/#author","url":"https:\/\/candas365.es\/noticias\/author\/admin\/","name":"Cand\u00e1s 365","image":{"@type":"ImageObject","@id":"https:\/\/candas365.es\/noticias\/ifo-alerta-de-una-perdida-de-crecimiento-aleman-si-se-da-un-brexit\/#authorImage","url":"https:\/\/secure.gravatar.com\/avatar\/496a8e03d0c493ede1718b7934145dbdf8d89be1036b0eec9544e1094c9de390?s=96&d=mm&r=g","width":96,"height":96,"caption":"Cand\u00e1s 365"},"sameAs":["https:\/\/www.facebook.com\/carrenoactualidad","https:\/\/twitter.com\/nbasturias","https:\/\/www.instagram.com\/nachofdezber\/","https:\/\/www.youtube.com\/channel\/UCZP-2wLEB9Rv6erhFmqVnvg"]},{"@type":"WebPage","@id":"https:\/\/candas365.es\/noticias\/ifo-alerta-de-una-perdida-de-crecimiento-aleman-si-se-da-un-brexit\/#webpage","url":"https:\/\/candas365.es\/noticias\/ifo-alerta-de-una-perdida-de-crecimiento-aleman-si-se-da-un-brexit\/","name":"Ifo alerta de una p\u00e9rdida de crecimiento alem\u00e1n si se da un \u00abBrexit\u00bb | Cand\u00e1s 365","description":"(dpa) - El presidente del prestigioso instituto econ\u00f3mico alem\u00e1n Ifo, Clemens Fuest, alert\u00f3 hoy de una p\u00e9rdida de crecimiento en Alemania en el caso de que los brit\u00e1nicos voten a favor de la salida del Reino Unido de la Uni\u00f3n Europea (UE) en el refer\u00e9ndum del 23 de junio. \"An\u00e1lisis del instituto Ifo muestran que","inLanguage":"es-ES","isPartOf":{"@id":"https:\/\/candas365.es\/noticias\/#website"},"breadcrumb":{"@id":"https:\/\/candas365.es\/noticias\/ifo-alerta-de-una-perdida-de-crecimiento-aleman-si-se-da-un-brexit\/#breadcrumblist"},"author":{"@id":"https:\/\/candas365.es\/noticias\/author\/admin\/#author"},"creator":{"@id":"https:\/\/candas365.es\/noticias\/author\/admin\/#author"},"image":{"@type":"ImageObject","url":"https:\/\/candas365.es\/noticias\/wp-content\/uploads\/2015\/08\/internet.jpg","@id":"https:\/\/candas365.es\/noticias\/ifo-alerta-de-una-perdida-de-crecimiento-aleman-si-se-da-un-brexit\/#mainImage","width":655,"height":360},"primaryImageOfPage":{"@id":"https:\/\/candas365.es\/noticias\/ifo-alerta-de-una-perdida-de-crecimiento-aleman-si-se-da-un-brexit\/#mainImage"},"datePublished":"2016-06-14T15:35:46+02:00","dateModified":"2016-06-14T15:35:46+02:00"},{"@type":"WebSite","@id":"https:\/\/candas365.es\/noticias\/#website","url":"https:\/\/candas365.es\/noticias\/","name":"Cand\u00e1s 365","alternateName":"Cand\u00e1s 365 Noticias","description":"Actualidad desde Carre\u00f1o para el mundo","inLanguage":"es-ES","publisher":{"@id":"https:\/\/candas365.es\/noticias\/#organization"}}]},"og:locale":"es_ES","og:site_name":"Cand\u00e1s 365","og:type":"article","og:title":"Ifo alerta de una p\u00e9rdida de crecimiento alem\u00e1n si se da un \u00abBrexit\u00bb | Cand\u00e1s 365","og:description":"(dpa) - El presidente del prestigioso instituto econ\u00f3mico alem\u00e1n Ifo, Clemens Fuest, alert\u00f3 hoy de una p\u00e9rdida de crecimiento en Alemania en el caso de que los brit\u00e1nicos voten a favor de la salida del Reino Unido de la Uni\u00f3n Europea (UE) en el refer\u00e9ndum del 23 de junio. &quot;An\u00e1lisis del instituto Ifo muestran que","og:url":"https:\/\/candas365.es\/noticias\/ifo-alerta-de-una-perdida-de-crecimiento-aleman-si-se-da-un-brexit\/","og:image":"https:\/\/candas365.es\/noticias\/wp-content\/uploads\/2015\/08\/internet.jpg","og:image:secure_url":"https:\/\/candas365.es\/noticias\/wp-content\/uploads\/2015\/08\/internet.jpg","og:image:width":655,"og:image:height":360,"article:published_time":"2016-06-14T14:05:46+00:00","article:modified_time":"2016-06-14T14:05:46+00:00","article:publisher":"https:\/\/www.facebook.com\/Nachofdezber","article:author":"https:\/\/www.facebook.com\/carrenoactualidad","twitter:card":"summary_large_image","twitter:site":"@NabercoDigital","twitter:title":"Ifo alerta de una p\u00e9rdida de crecimiento alem\u00e1n si se da un \u00abBrexit\u00bb | Cand\u00e1s 365","twitter:description":"(dpa) - El presidente del prestigioso instituto econ\u00f3mico alem\u00e1n Ifo, Clemens Fuest, alert\u00f3 hoy de una p\u00e9rdida de crecimiento en Alemania en el caso de que los brit\u00e1nicos voten a favor de la salida del Reino Unido de la Uni\u00f3n Europea (UE) en el refer\u00e9ndum del 23 de junio. &quot;An\u00e1lisis del instituto Ifo muestran que","twitter:creator":"@nbasturias","twitter:image":"https:\/\/candas365.es\/noticias\/wp-content\/uploads\/2015\/08\/internet.jpg","twitter:label1":"Escrito por","twitter:data1":"Cand\u00e1s 365","twitter:label2":"Tiempo de lectura estimado","twitter:data2":"1 minuto"},"aioseo_meta_data":{"post_id":"30181","title":null,"description":null,"keywords":null,"keyphrases":null,"primary_term":null,"canonical_url":null,"og_title":null,"og_description":null,"og_object_type":"default","og_image_type":"default","og_image_url":null,"og_image_width":null,"og_image_height":null,"og_image_custom_url":null,"og_image_custom_fields":null,"og_video":null,"og_custom_url":null,"og_article_section":null,"og_article_tags":null,"twitter_use_og":false,"twitter_card":"default","twitter_image_type":"default","twitter_image_url":null,"twitter_image_custom_url":null,"twitter_image_custom_fields":null,"twitter_title":null,"twitter_description":null,"schema":{"blockGraphs":[],"customGraphs":[],"default":{"data":{"Article":[],"Course":[],"Dataset":[],"FAQPage":[],"Movie":[],"Person":[],"Product":[],"ProductReview":[],"Car":[],"Recipe":[],"Service":[],"SoftwareApplication":[],"WebPage":[]},"graphName":"","isEnabled":true},"graphs":[]},"schema_type":null,"schema_type_options":null,"pillar_content":false,"robots_default":true,"robots_noindex":false,"robots_noarchive":false,"robots_nosnippet":false,"robots_nofollow":false,"robots_noimageindex":false,"robots_noodp":false,"robots_notranslate":false,"robots_max_snippet":null,"robots_max_videopreview":null,"robots_max_imagepreview":"large","priority":null,"frequency":null,"location":null,"local_seo":null,"seo_analyzer_scan_date":"2025-08-24 12:10:39","breadcrumb_settings":null,"limit_modified_date":false,"reviewed_by":null,"open_ai":null,"ai":null,"created":"2020-12-21 12:57:02","updated":"2025-08-24 12:10:39"},"aioseo_breadcrumb":"<div class=\"aioseo-breadcrumbs\"><span class=\"aioseo-breadcrumb\">\n\t<a href=\"https:\/\/candas365.es\/noticias\" title=\"Home\">Home<\/a>\n<\/span><span class=\"aioseo-breadcrumb-separator\">&ndash;<\/span><span class=\"aioseo-breadcrumb\">\n\t<a href=\"https:\/\/candas365.es\/noticias\/category\/actualidad\/\" title=\"Actualidad\">Actualidad<\/a>\n<\/span><span class=\"aioseo-breadcrumb-separator\">&ndash;<\/span><span class=\"aioseo-breadcrumb\">\n\tIfo alerta de una p\u00e9rdida de crecimiento alem\u00e1n si se da un \u00abBrexit\u00bb\n<\/span><\/div>","aioseo_breadcrumb_json":[{"label":"Home","link":"https:\/\/candas365.es\/noticias"},{"label":"Actualidad","link":"https:\/\/candas365.es\/noticias\/category\/actualidad\/"},{"label":"Ifo alerta de una p\u00e9rdida de crecimiento alem\u00e1n si se da un \u00abBrexit\u00bb","link":"https:\/\/candas365.es\/noticias\/ifo-alerta-de-una-perdida-de-crecimiento-aleman-si-se-da-un-brexit\/"}],"_links":{"self":[{"href":"https:\/\/candas365.es\/noticias\/wp-json\/wp\/v2\/posts\/30181","targetHints":{"allow":["GET"]}}],"collection":[{"href":"https:\/\/candas365.es\/noticias\/wp-json\/wp\/v2\/posts"}],"about":[{"href":"https:\/\/candas365.es\/noticias\/wp-json\/wp\/v2\/types\/post"}],"author":[{"embeddable":true,"href":"https:\/\/candas365.es\/noticias\/wp-json\/wp\/v2\/users\/1"}],"replies":[{"embeddable":true,"href":"https:\/\/candas365.es\/noticias\/wp-json\/wp\/v2\/comments?post=30181"}],"version-history":[{"count":0,"href":"https:\/\/candas365.es\/noticias\/wp-json\/wp\/v2\/posts\/30181\/revisions"}],"wp:featuredmedia":[{"embeddable":true,"href":"https:\/\/candas365.es\/noticias\/wp-json\/wp\/v2\/media\/14237"}],"wp:attachment":[{"href":"https:\/\/candas365.es\/noticias\/wp-json\/wp\/v2\/media?parent=30181"}],"wp:term":[{"taxonomy":"category","embeddable":true,"href":"https:\/\/candas365.es\/noticias\/wp-json\/wp\/v2\/categories?post=30181"},{"taxonomy":"post_tag","embeddable":true,"href":"https:\/\/candas365.es\/noticias\/wp-json\/wp\/v2\/tags?post=30181"}],"curies":[{"name":"wp","href":"https:\/\/api.w.org\/{rel}","templated":true}]}}