{"id":30144,"date":"2016-06-13T02:19:54","date_gmt":"2016-06-13T00:49:54","guid":{"rendered":"http:\/\/candas365.es\/noticias\/?p=30144"},"modified":"2016-06-13T02:20:21","modified_gmt":"2016-06-13T00:50:21","slug":"detenidos-dos-jovenes-por-quemar-un-contenedor-en-gijon","status":"publish","type":"post","link":"https:\/\/candas365.es\/noticias\/detenidos-dos-jovenes-por-quemar-un-contenedor-en-gijon\/","title":{"rendered":"Detenidos dos j\u00f3venes por quemar un contenedor en Gij\u00f3n"},"content":{"rendered":"<p><img fetchpriority=\"high\" decoding=\"async\" src=\"https:\/\/candas365.es\/noticias\/wp-content\/uploads\/2015\/10\/policia-local2-360x264.jpg\" alt=\"policia local\" width=\"360\" height=\"264\" class=\"alignleft size-medium wp-image-17312\" srcset=\"https:\/\/candas365.es\/noticias\/wp-content\/uploads\/2015\/10\/policia-local2.jpg 360w, https:\/\/candas365.es\/noticias\/wp-content\/uploads\/2015\/10\/policia-local2-150x110.jpg 150w, https:\/\/candas365.es\/noticias\/wp-content\/uploads\/2015\/10\/policia-local2-80x60.jpg 80w, https:\/\/candas365.es\/noticias\/wp-content\/uploads\/2015\/10\/policia-local2-90x67.jpg 90w\" sizes=\"(max-width: 360px) 100vw, 360px\" \/>La Polic\u00eda Local ha detenido esta pasada noche a dos j\u00f3venes acusados de quemar un contenedor en la Avenida del Jard\u00edn Bot\u00e1nico, en Gij\u00f3n. Han sido identificados por una testigo.<\/p>\n<p>Seg\u00fan ha informado el cuerpo municipal, se ha recibido una llamada telef\u00f3nica en la Jefatura de la Polic\u00eda Local en la que comunican que dos chicos acaban de quemar un contenedor de reciclado de pl\u00e1stico, informando de la descripci\u00f3n f\u00edsica, la vestimenta de los mismos as\u00ed como de la direcci\u00f3n que hab\u00edan tomado.<\/p>\n<p>Inmediatamente se env\u00eda el C.P. de la Polic\u00eda local destinado en la zona qui\u00e9nes los localizan en las proximidades del lugar y cuyos datos coinciden plenamente y sin ning\u00fan g\u00e9nero de dudas con los autores del incendio. En una llamada telef\u00f3nica posterior de la testigo; \u00e9sta informa que con los j\u00f3venes con los que se est\u00e1 interviniendo son los responsables de la quema. Los agentes municipales proceden a la detenci\u00f3n de ambos por un Delito de Da\u00f1os. En el cacheo se les ocupan cuatro mecheros de diferentes colores.<\/p>\n<p>Los Bomberos procedieron a sofocar el incendio, si bien el contenedor qued\u00f3 completamente destrozado<\/p>\n","protected":false},"excerpt":{"rendered":"<p>La Polic\u00eda Local ha detenido esta pasada noche a dos j\u00f3venes acusados de quemar un contenedor en la Avenida del Jard\u00edn Bot\u00e1nico, en Gij\u00f3n. Han sido identificados por una testigo. Seg\u00fan ha informado el cuerpo municipal, se ha recibido una llamada telef\u00f3nica en la Jefatura de la Polic\u00eda Local en la que comunican que dos<\/p>\n","protected":false},"author":1,"featured_media":17312,"comment_status":"closed","ping_status":"closed","sticky":false,"template":"","format":"standard","meta":{"footnotes":""},"categories":[343],"tags":[],"class_list":{"0":"post-30144","1":"post","2":"type-post","3":"status-publish","4":"format-standard","5":"has-post-thumbnail","7":"category-actualidad"},"aioseo_notices":[],"aioseo_head":"\n\t\t<!-- All in One SEO Pro 4.9.6.2 - aioseo.com -->\n\t<meta name=\"description\" content=\"La Polic\u00eda Local ha detenido esta pasada noche a dos j\u00f3venes acusados de quemar un contenedor en la Avenida del Jard\u00edn Bot\u00e1nico, en Gij\u00f3n. Han sido identificados por una testigo. Seg\u00fan ha informado el cuerpo municipal, se ha recibido una llamada telef\u00f3nica en la Jefatura de la Polic\u00eda Local en la que comunican que dos\" \/>\n\t<meta name=\"robots\" content=\"max-image-preview:large\" \/>\n\t<meta name=\"author\" content=\"Cand\u00e1s 365\"\/>\n\t<meta name=\"google-site-verification\" content=\"UA-32230408-1\" \/>\n\t<meta name=\"msvalidate.01\" content=\"354F3CDFB2DA171B47FBE9ABF1F88D5\" \/>\n\t<meta name=\"keywords\" content=\"actualidad\" \/>\n\t<link rel=\"canonical\" href=\"https:\/\/candas365.es\/noticias\/detenidos-dos-jovenes-por-quemar-un-contenedor-en-gijon\/\" \/>\n\t<meta name=\"generator\" content=\"All in One SEO Pro (AIOSEO) 4.9.6.2\" \/>\n\t\t<meta property=\"og:locale\" content=\"es_ES\" \/>\n\t\t<meta property=\"og:site_name\" content=\"Cand\u00e1s 365\" \/>\n\t\t<meta property=\"og:type\" content=\"article\" \/>\n\t\t<meta property=\"og:title\" content=\"Detenidos dos j\u00f3venes por quemar un contenedor en Gij\u00f3n | Cand\u00e1s 365\" \/>\n\t\t<meta property=\"og:description\" content=\"La Polic\u00eda Local ha detenido esta pasada noche a dos j\u00f3venes acusados de quemar un contenedor en la Avenida del Jard\u00edn Bot\u00e1nico, en Gij\u00f3n. Han sido identificados por una testigo. Seg\u00fan ha informado el cuerpo municipal, se ha recibido una llamada telef\u00f3nica en la Jefatura de la Polic\u00eda Local en la que comunican que dos\" \/>\n\t\t<meta property=\"og:url\" content=\"https:\/\/candas365.es\/noticias\/detenidos-dos-jovenes-por-quemar-un-contenedor-en-gijon\/\" \/>\n\t\t<meta property=\"og:image\" content=\"https:\/\/candas365.es\/noticias\/wp-content\/uploads\/2015\/10\/policia-local2.jpg\" \/>\n\t\t<meta property=\"og:image:secure_url\" content=\"https:\/\/candas365.es\/noticias\/wp-content\/uploads\/2015\/10\/policia-local2.jpg\" \/>\n\t\t<meta property=\"og:image:width\" content=\"360\" \/>\n\t\t<meta property=\"og:image:height\" content=\"264\" \/>\n\t\t<meta property=\"article:published_time\" content=\"2016-06-13T00:49:54+00:00\" \/>\n\t\t<meta property=\"article:modified_time\" content=\"2016-06-13T00:50:21+00:00\" \/>\n\t\t<meta property=\"article:publisher\" content=\"https:\/\/www.facebook.com\/Nachofdezber\" \/>\n\t\t<meta property=\"article:author\" content=\"https:\/\/www.facebook.com\/carrenoactualidad\" \/>\n\t\t<meta name=\"twitter:card\" content=\"summary_large_image\" \/>\n\t\t<meta name=\"twitter:site\" content=\"@NabercoDigital\" \/>\n\t\t<meta name=\"twitter:title\" content=\"Detenidos dos j\u00f3venes por quemar un contenedor en Gij\u00f3n | Cand\u00e1s 365\" \/>\n\t\t<meta name=\"twitter:description\" content=\"La Polic\u00eda Local ha detenido esta pasada noche a dos j\u00f3venes acusados de quemar un contenedor en la Avenida del Jard\u00edn Bot\u00e1nico, en Gij\u00f3n. Han sido identificados por una testigo. Seg\u00fan ha informado el cuerpo municipal, se ha recibido una llamada telef\u00f3nica en la Jefatura de la Polic\u00eda Local en la que comunican que dos\" \/>\n\t\t<meta name=\"twitter:creator\" content=\"@nbasturias\" \/>\n\t\t<meta name=\"twitter:image\" content=\"https:\/\/candas365.es\/noticias\/wp-content\/uploads\/2015\/10\/policia-local2.jpg\" \/>\n\t\t<meta name=\"twitter:label1\" content=\"Escrito por\" \/>\n\t\t<meta name=\"twitter:data1\" content=\"Cand\u00e1s 365\" \/>\n\t\t<meta name=\"twitter:label2\" content=\"Tiempo de lectura estimado\" \/>\n\t\t<meta name=\"twitter:data2\" content=\"1 minuto\" \/>\n\t\t<script type=\"application\/ld+json\" class=\"aioseo-schema\">\n\t\t\t{\"@context\":\"https:\\\/\\\/schema.org\",\"@graph\":[{\"@type\":\"BreadcrumbList\",\"@id\":\"https:\\\/\\\/candas365.es\\\/noticias\\\/detenidos-dos-jovenes-por-quemar-un-contenedor-en-gijon\\\/#breadcrumblist\",\"itemListElement\":[{\"@type\":\"ListItem\",\"@id\":\"https:\\\/\\\/candas365.es\\\/noticias#listItem\",\"position\":1,\"name\":\"Home\",\"item\":\"https:\\\/\\\/candas365.es\\\/noticias\",\"nextItem\":{\"@type\":\"ListItem\",\"@id\":\"https:\\\/\\\/candas365.es\\\/noticias\\\/category\\\/actualidad\\\/#listItem\",\"name\":\"Actualidad\"}},{\"@type\":\"ListItem\",\"@id\":\"https:\\\/\\\/candas365.es\\\/noticias\\\/category\\\/actualidad\\\/#listItem\",\"position\":2,\"name\":\"Actualidad\",\"item\":\"https:\\\/\\\/candas365.es\\\/noticias\\\/category\\\/actualidad\\\/\",\"nextItem\":{\"@type\":\"ListItem\",\"@id\":\"https:\\\/\\\/candas365.es\\\/noticias\\\/detenidos-dos-jovenes-por-quemar-un-contenedor-en-gijon\\\/#listItem\",\"name\":\"Detenidos dos j\\u00f3venes por quemar un contenedor en Gij\\u00f3n\"},\"previousItem\":{\"@type\":\"ListItem\",\"@id\":\"https:\\\/\\\/candas365.es\\\/noticias#listItem\",\"name\":\"Home\"}},{\"@type\":\"ListItem\",\"@id\":\"https:\\\/\\\/candas365.es\\\/noticias\\\/detenidos-dos-jovenes-por-quemar-un-contenedor-en-gijon\\\/#listItem\",\"position\":3,\"name\":\"Detenidos dos j\\u00f3venes por quemar un contenedor en Gij\\u00f3n\",\"previousItem\":{\"@type\":\"ListItem\",\"@id\":\"https:\\\/\\\/candas365.es\\\/noticias\\\/category\\\/actualidad\\\/#listItem\",\"name\":\"Actualidad\"}}]},{\"@type\":\"NewsArticle\",\"@id\":\"https:\\\/\\\/candas365.es\\\/noticias\\\/detenidos-dos-jovenes-por-quemar-un-contenedor-en-gijon\\\/#newsarticle\",\"name\":\"Detenidos dos j\\u00f3venes por quemar un contenedor en Gij\\u00f3n | Cand\\u00e1s 365\",\"headline\":\"Detenidos dos j\\u00f3venes por quemar un contenedor en Gij\\u00f3n\",\"author\":{\"@id\":\"https:\\\/\\\/candas365.es\\\/noticias\\\/author\\\/admin\\\/#author\"},\"publisher\":{\"@id\":\"https:\\\/\\\/candas365.es\\\/noticias\\\/#organization\"},\"image\":{\"@type\":\"ImageObject\",\"url\":\"https:\\\/\\\/candas365.es\\\/noticias\\\/wp-content\\\/uploads\\\/2015\\\/10\\\/policia-local2.jpg\",\"width\":360,\"height\":264},\"datePublished\":\"2016-06-13T02:19:54+02:00\",\"dateModified\":\"2016-06-13T02:20:21+02:00\",\"inLanguage\":\"es-ES\",\"mainEntityOfPage\":{\"@id\":\"https:\\\/\\\/candas365.es\\\/noticias\\\/detenidos-dos-jovenes-por-quemar-un-contenedor-en-gijon\\\/#webpage\"},\"isPartOf\":{\"@id\":\"https:\\\/\\\/candas365.es\\\/noticias\\\/detenidos-dos-jovenes-por-quemar-un-contenedor-en-gijon\\\/#webpage\"},\"articleSection\":\"Actualidad\",\"dateline\":\"Publicado el junio 13, 2016.\"},{\"@type\":\"Organization\",\"@id\":\"https:\\\/\\\/candas365.es\\\/noticias\\\/#organization\",\"name\":\"Cand\\u00e1s 365\",\"description\":\"Cand\\u00e1s 365 es un diario digital independiente, fundado en 2012, con base en Asturias. Informamos con rigor sobre actualidad, sociedad, cultura y ocio, con una mirada local y global.\",\"url\":\"https:\\\/\\\/candas365.es\\\/noticias\\\/\",\"email\":\"info@candas365.es\",\"telephone\":\"+34652131393\",\"foundingDate\":\"2012-06-10\",\"logo\":{\"@type\":\"ImageObject\",\"url\":\"https:\\\/\\\/candas365.es\\\/noticias\\\/wp-content\\\/uploads\\\/2024\\\/09\\\/Candas-365-Redes.jpg\",\"@id\":\"https:\\\/\\\/candas365.es\\\/noticias\\\/detenidos-dos-jovenes-por-quemar-un-contenedor-en-gijon\\\/#organizationLogo\",\"width\":1152,\"height\":864,\"caption\":\"Cand\\u00e1s 365 Redes\"},\"image\":{\"@id\":\"https:\\\/\\\/candas365.es\\\/noticias\\\/detenidos-dos-jovenes-por-quemar-un-contenedor-en-gijon\\\/#organizationLogo\"},\"sameAs\":[\"https:\\\/\\\/www.facebook.com\\\/Nachofdezber\",\"https:\\\/\\\/x.com\\\/NabercoDigital\",\"https:\\\/\\\/www.instagram.com\\\/nachofdezber\\\/\",\"https:\\\/\\\/www.youtube.com\\\/channel\\\/UCZP-2wLEB9Rv6erhFmqVnvg\"],\"address\":{\"@id\":\"https:\\\/\\\/candas365.es\\\/noticias\\\/#postaladdress\",\"@type\":\"PostalAddress\",\"streetAddress\":\"san antonio 4, san antonio 4\",\"postalCode\":\"33430\",\"addressLocality\":\"Cand\\u00e1s\",\"addressRegion\":\"Asturias\",\"addressCountry\":\"ES\"}},{\"@type\":\"Person\",\"@id\":\"https:\\\/\\\/candas365.es\\\/noticias\\\/author\\\/admin\\\/#author\",\"url\":\"https:\\\/\\\/candas365.es\\\/noticias\\\/author\\\/admin\\\/\",\"name\":\"Cand\\u00e1s 365\",\"image\":{\"@type\":\"ImageObject\",\"@id\":\"https:\\\/\\\/candas365.es\\\/noticias\\\/detenidos-dos-jovenes-por-quemar-un-contenedor-en-gijon\\\/#authorImage\",\"url\":\"https:\\\/\\\/secure.gravatar.com\\\/avatar\\\/496a8e03d0c493ede1718b7934145dbdf8d89be1036b0eec9544e1094c9de390?s=96&d=mm&r=g\",\"width\":96,\"height\":96,\"caption\":\"Cand\\u00e1s 365\"},\"sameAs\":[\"https:\\\/\\\/www.facebook.com\\\/carrenoactualidad\",\"https:\\\/\\\/twitter.com\\\/nbasturias\",\"https:\\\/\\\/www.instagram.com\\\/nachofdezber\\\/\",\"https:\\\/\\\/www.youtube.com\\\/channel\\\/UCZP-2wLEB9Rv6erhFmqVnvg\"]},{\"@type\":\"WebPage\",\"@id\":\"https:\\\/\\\/candas365.es\\\/noticias\\\/detenidos-dos-jovenes-por-quemar-un-contenedor-en-gijon\\\/#webpage\",\"url\":\"https:\\\/\\\/candas365.es\\\/noticias\\\/detenidos-dos-jovenes-por-quemar-un-contenedor-en-gijon\\\/\",\"name\":\"Detenidos dos j\\u00f3venes por quemar un contenedor en Gij\\u00f3n | Cand\\u00e1s 365\",\"description\":\"La Polic\\u00eda Local ha detenido esta pasada noche a dos j\\u00f3venes acusados de quemar un contenedor en la Avenida del Jard\\u00edn Bot\\u00e1nico, en Gij\\u00f3n. Han sido identificados por una testigo. Seg\\u00fan ha informado el cuerpo municipal, se ha recibido una llamada telef\\u00f3nica en la Jefatura de la Polic\\u00eda Local en la que comunican que dos\",\"inLanguage\":\"es-ES\",\"isPartOf\":{\"@id\":\"https:\\\/\\\/candas365.es\\\/noticias\\\/#website\"},\"breadcrumb\":{\"@id\":\"https:\\\/\\\/candas365.es\\\/noticias\\\/detenidos-dos-jovenes-por-quemar-un-contenedor-en-gijon\\\/#breadcrumblist\"},\"author\":{\"@id\":\"https:\\\/\\\/candas365.es\\\/noticias\\\/author\\\/admin\\\/#author\"},\"creator\":{\"@id\":\"https:\\\/\\\/candas365.es\\\/noticias\\\/author\\\/admin\\\/#author\"},\"image\":{\"@type\":\"ImageObject\",\"url\":\"https:\\\/\\\/candas365.es\\\/noticias\\\/wp-content\\\/uploads\\\/2015\\\/10\\\/policia-local2.jpg\",\"@id\":\"https:\\\/\\\/candas365.es\\\/noticias\\\/detenidos-dos-jovenes-por-quemar-un-contenedor-en-gijon\\\/#mainImage\",\"width\":360,\"height\":264},\"primaryImageOfPage\":{\"@id\":\"https:\\\/\\\/candas365.es\\\/noticias\\\/detenidos-dos-jovenes-por-quemar-un-contenedor-en-gijon\\\/#mainImage\"},\"datePublished\":\"2016-06-13T02:19:54+02:00\",\"dateModified\":\"2016-06-13T02:20:21+02:00\"},{\"@type\":\"WebSite\",\"@id\":\"https:\\\/\\\/candas365.es\\\/noticias\\\/#website\",\"url\":\"https:\\\/\\\/candas365.es\\\/noticias\\\/\",\"name\":\"Cand\\u00e1s 365\",\"alternateName\":\"Cand\\u00e1s 365 Noticias\",\"description\":\"Actualidad desde Carre\\u00f1o para el mundo\",\"inLanguage\":\"es-ES\",\"publisher\":{\"@id\":\"https:\\\/\\\/candas365.es\\\/noticias\\\/#organization\"}}]}\n\t\t<\/script>\n\t\t<!-- All in One SEO Pro -->\r\n\t\t<title>Detenidos dos j\u00f3venes por quemar un contenedor en Gij\u00f3n | Cand\u00e1s 365<\/title>\n\n","aioseo_head_json":{"title":"Detenidos dos j\u00f3venes por quemar un contenedor en Gij\u00f3n | Cand\u00e1s 365","description":"La Polic\u00eda Local ha detenido esta pasada noche a dos j\u00f3venes acusados de quemar un contenedor en la Avenida del Jard\u00edn Bot\u00e1nico, en Gij\u00f3n. Han sido identificados por una testigo. Seg\u00fan ha informado el cuerpo municipal, se ha recibido una llamada telef\u00f3nica en la Jefatura de la Polic\u00eda Local en la que comunican que dos","canonical_url":"https:\/\/candas365.es\/noticias\/detenidos-dos-jovenes-por-quemar-un-contenedor-en-gijon\/","robots":"max-image-preview:large","keywords":"actualidad","webmasterTools":{"google-site-verification":"UA-32230408-1","msvalidate.01":"354F3CDFB2DA171B47FBE9ABF1F88D5","miscellaneous":""},"schema":{"@context":"https:\/\/schema.org","@graph":[{"@type":"BreadcrumbList","@id":"https:\/\/candas365.es\/noticias\/detenidos-dos-jovenes-por-quemar-un-contenedor-en-gijon\/#breadcrumblist","itemListElement":[{"@type":"ListItem","@id":"https:\/\/candas365.es\/noticias#listItem","position":1,"name":"Home","item":"https:\/\/candas365.es\/noticias","nextItem":{"@type":"ListItem","@id":"https:\/\/candas365.es\/noticias\/category\/actualidad\/#listItem","name":"Actualidad"}},{"@type":"ListItem","@id":"https:\/\/candas365.es\/noticias\/category\/actualidad\/#listItem","position":2,"name":"Actualidad","item":"https:\/\/candas365.es\/noticias\/category\/actualidad\/","nextItem":{"@type":"ListItem","@id":"https:\/\/candas365.es\/noticias\/detenidos-dos-jovenes-por-quemar-un-contenedor-en-gijon\/#listItem","name":"Detenidos dos j\u00f3venes por quemar un contenedor en Gij\u00f3n"},"previousItem":{"@type":"ListItem","@id":"https:\/\/candas365.es\/noticias#listItem","name":"Home"}},{"@type":"ListItem","@id":"https:\/\/candas365.es\/noticias\/detenidos-dos-jovenes-por-quemar-un-contenedor-en-gijon\/#listItem","position":3,"name":"Detenidos dos j\u00f3venes por quemar un contenedor en Gij\u00f3n","previousItem":{"@type":"ListItem","@id":"https:\/\/candas365.es\/noticias\/category\/actualidad\/#listItem","name":"Actualidad"}}]},{"@type":"NewsArticle","@id":"https:\/\/candas365.es\/noticias\/detenidos-dos-jovenes-por-quemar-un-contenedor-en-gijon\/#newsarticle","name":"Detenidos dos j\u00f3venes por quemar un contenedor en Gij\u00f3n | Cand\u00e1s 365","headline":"Detenidos dos j\u00f3venes por quemar un contenedor en Gij\u00f3n","author":{"@id":"https:\/\/candas365.es\/noticias\/author\/admin\/#author"},"publisher":{"@id":"https:\/\/candas365.es\/noticias\/#organization"},"image":{"@type":"ImageObject","url":"https:\/\/candas365.es\/noticias\/wp-content\/uploads\/2015\/10\/policia-local2.jpg","width":360,"height":264},"datePublished":"2016-06-13T02:19:54+02:00","dateModified":"2016-06-13T02:20:21+02:00","inLanguage":"es-ES","mainEntityOfPage":{"@id":"https:\/\/candas365.es\/noticias\/detenidos-dos-jovenes-por-quemar-un-contenedor-en-gijon\/#webpage"},"isPartOf":{"@id":"https:\/\/candas365.es\/noticias\/detenidos-dos-jovenes-por-quemar-un-contenedor-en-gijon\/#webpage"},"articleSection":"Actualidad","dateline":"Publicado el junio 13, 2016."},{"@type":"Organization","@id":"https:\/\/candas365.es\/noticias\/#organization","name":"Cand\u00e1s 365","description":"Cand\u00e1s 365 es un diario digital independiente, fundado en 2012, con base en Asturias. Informamos con rigor sobre actualidad, sociedad, cultura y ocio, con una mirada local y global.","url":"https:\/\/candas365.es\/noticias\/","email":"info@candas365.es","telephone":"+34652131393","foundingDate":"2012-06-10","logo":{"@type":"ImageObject","url":"https:\/\/candas365.es\/noticias\/wp-content\/uploads\/2024\/09\/Candas-365-Redes.jpg","@id":"https:\/\/candas365.es\/noticias\/detenidos-dos-jovenes-por-quemar-un-contenedor-en-gijon\/#organizationLogo","width":1152,"height":864,"caption":"Cand\u00e1s 365 Redes"},"image":{"@id":"https:\/\/candas365.es\/noticias\/detenidos-dos-jovenes-por-quemar-un-contenedor-en-gijon\/#organizationLogo"},"sameAs":["https:\/\/www.facebook.com\/Nachofdezber","https:\/\/x.com\/NabercoDigital","https:\/\/www.instagram.com\/nachofdezber\/","https:\/\/www.youtube.com\/channel\/UCZP-2wLEB9Rv6erhFmqVnvg"],"address":{"@id":"https:\/\/candas365.es\/noticias\/#postaladdress","@type":"PostalAddress","streetAddress":"san antonio 4, san antonio 4","postalCode":"33430","addressLocality":"Cand\u00e1s","addressRegion":"Asturias","addressCountry":"ES"}},{"@type":"Person","@id":"https:\/\/candas365.es\/noticias\/author\/admin\/#author","url":"https:\/\/candas365.es\/noticias\/author\/admin\/","name":"Cand\u00e1s 365","image":{"@type":"ImageObject","@id":"https:\/\/candas365.es\/noticias\/detenidos-dos-jovenes-por-quemar-un-contenedor-en-gijon\/#authorImage","url":"https:\/\/secure.gravatar.com\/avatar\/496a8e03d0c493ede1718b7934145dbdf8d89be1036b0eec9544e1094c9de390?s=96&d=mm&r=g","width":96,"height":96,"caption":"Cand\u00e1s 365"},"sameAs":["https:\/\/www.facebook.com\/carrenoactualidad","https:\/\/twitter.com\/nbasturias","https:\/\/www.instagram.com\/nachofdezber\/","https:\/\/www.youtube.com\/channel\/UCZP-2wLEB9Rv6erhFmqVnvg"]},{"@type":"WebPage","@id":"https:\/\/candas365.es\/noticias\/detenidos-dos-jovenes-por-quemar-un-contenedor-en-gijon\/#webpage","url":"https:\/\/candas365.es\/noticias\/detenidos-dos-jovenes-por-quemar-un-contenedor-en-gijon\/","name":"Detenidos dos j\u00f3venes por quemar un contenedor en Gij\u00f3n | Cand\u00e1s 365","description":"La Polic\u00eda Local ha detenido esta pasada noche a dos j\u00f3venes acusados de quemar un contenedor en la Avenida del Jard\u00edn Bot\u00e1nico, en Gij\u00f3n. Han sido identificados por una testigo. Seg\u00fan ha informado el cuerpo municipal, se ha recibido una llamada telef\u00f3nica en la Jefatura de la Polic\u00eda Local en la que comunican que dos","inLanguage":"es-ES","isPartOf":{"@id":"https:\/\/candas365.es\/noticias\/#website"},"breadcrumb":{"@id":"https:\/\/candas365.es\/noticias\/detenidos-dos-jovenes-por-quemar-un-contenedor-en-gijon\/#breadcrumblist"},"author":{"@id":"https:\/\/candas365.es\/noticias\/author\/admin\/#author"},"creator":{"@id":"https:\/\/candas365.es\/noticias\/author\/admin\/#author"},"image":{"@type":"ImageObject","url":"https:\/\/candas365.es\/noticias\/wp-content\/uploads\/2015\/10\/policia-local2.jpg","@id":"https:\/\/candas365.es\/noticias\/detenidos-dos-jovenes-por-quemar-un-contenedor-en-gijon\/#mainImage","width":360,"height":264},"primaryImageOfPage":{"@id":"https:\/\/candas365.es\/noticias\/detenidos-dos-jovenes-por-quemar-un-contenedor-en-gijon\/#mainImage"},"datePublished":"2016-06-13T02:19:54+02:00","dateModified":"2016-06-13T02:20:21+02:00"},{"@type":"WebSite","@id":"https:\/\/candas365.es\/noticias\/#website","url":"https:\/\/candas365.es\/noticias\/","name":"Cand\u00e1s 365","alternateName":"Cand\u00e1s 365 Noticias","description":"Actualidad desde Carre\u00f1o para el mundo","inLanguage":"es-ES","publisher":{"@id":"https:\/\/candas365.es\/noticias\/#organization"}}]},"og:locale":"es_ES","og:site_name":"Cand\u00e1s 365","og:type":"article","og:title":"Detenidos dos j\u00f3venes por quemar un contenedor en Gij\u00f3n | Cand\u00e1s 365","og:description":"La Polic\u00eda Local ha detenido esta pasada noche a dos j\u00f3venes acusados de quemar un contenedor en la Avenida del Jard\u00edn Bot\u00e1nico, en Gij\u00f3n. Han sido identificados por una testigo. Seg\u00fan ha informado el cuerpo municipal, se ha recibido una llamada telef\u00f3nica en la Jefatura de la Polic\u00eda Local en la que comunican que dos","og:url":"https:\/\/candas365.es\/noticias\/detenidos-dos-jovenes-por-quemar-un-contenedor-en-gijon\/","og:image":"https:\/\/candas365.es\/noticias\/wp-content\/uploads\/2015\/10\/policia-local2.jpg","og:image:secure_url":"https:\/\/candas365.es\/noticias\/wp-content\/uploads\/2015\/10\/policia-local2.jpg","og:image:width":360,"og:image:height":264,"article:published_time":"2016-06-13T00:49:54+00:00","article:modified_time":"2016-06-13T00:50:21+00:00","article:publisher":"https:\/\/www.facebook.com\/Nachofdezber","article:author":"https:\/\/www.facebook.com\/carrenoactualidad","twitter:card":"summary_large_image","twitter:site":"@NabercoDigital","twitter:title":"Detenidos dos j\u00f3venes por quemar un contenedor en Gij\u00f3n | Cand\u00e1s 365","twitter:description":"La Polic\u00eda Local ha detenido esta pasada noche a dos j\u00f3venes acusados de quemar un contenedor en la Avenida del Jard\u00edn Bot\u00e1nico, en Gij\u00f3n. Han sido identificados por una testigo. Seg\u00fan ha informado el cuerpo municipal, se ha recibido una llamada telef\u00f3nica en la Jefatura de la Polic\u00eda Local en la que comunican que dos","twitter:creator":"@nbasturias","twitter:image":"https:\/\/candas365.es\/noticias\/wp-content\/uploads\/2015\/10\/policia-local2.jpg","twitter:label1":"Escrito por","twitter:data1":"Cand\u00e1s 365","twitter:label2":"Tiempo de lectura estimado","twitter:data2":"1 minuto"},"aioseo_meta_data":{"post_id":"30144","title":null,"description":null,"keywords":null,"keyphrases":null,"primary_term":null,"canonical_url":null,"og_title":null,"og_description":null,"og_object_type":"default","og_image_type":"default","og_image_url":null,"og_image_width":null,"og_image_height":null,"og_image_custom_url":null,"og_image_custom_fields":null,"og_video":null,"og_custom_url":null,"og_article_section":null,"og_article_tags":null,"twitter_use_og":false,"twitter_card":"default","twitter_image_type":"default","twitter_image_url":null,"twitter_image_custom_url":null,"twitter_image_custom_fields":null,"twitter_title":null,"twitter_description":null,"schema":{"blockGraphs":[],"customGraphs":[],"default":{"data":{"Article":[],"Course":[],"Dataset":[],"FAQPage":[],"Movie":[],"Person":[],"Product":[],"ProductReview":[],"Car":[],"Recipe":[],"Service":[],"SoftwareApplication":[],"WebPage":[]},"graphName":"","isEnabled":true},"graphs":[],"defaultGraph":"","defaultPostTypeGraph":""},"schema_type":null,"schema_type_options":null,"pillar_content":false,"robots_default":true,"robots_noindex":false,"robots_noarchive":false,"robots_nosnippet":false,"robots_nofollow":false,"robots_noimageindex":false,"robots_noodp":false,"robots_notranslate":false,"robots_max_snippet":null,"robots_max_videopreview":null,"robots_max_imagepreview":"large","priority":null,"frequency":null,"location":null,"local_seo":null,"seo_analyzer_scan_date":"2025-08-24 12:07:14","breadcrumb_settings":null,"limit_modified_date":false,"reviewed_by":null,"open_ai":null,"ai":null,"created":"2020-12-21 12:57:01","updated":"2025-08-24 12:07:14"},"aioseo_breadcrumb":"<div class=\"aioseo-breadcrumbs\"><span class=\"aioseo-breadcrumb\">\n\t<a href=\"https:\/\/candas365.es\/noticias\" title=\"Home\">Home<\/a>\n<\/span><span class=\"aioseo-breadcrumb-separator\">&ndash;<\/span><span class=\"aioseo-breadcrumb\">\n\t<a href=\"https:\/\/candas365.es\/noticias\/category\/actualidad\/\" title=\"Actualidad\">Actualidad<\/a>\n<\/span><span class=\"aioseo-breadcrumb-separator\">&ndash;<\/span><span class=\"aioseo-breadcrumb\">\n\tDetenidos dos j\u00f3venes por quemar un contenedor en Gij\u00f3n\n<\/span><\/div>","aioseo_breadcrumb_json":[{"label":"Home","link":"https:\/\/candas365.es\/noticias"},{"label":"Actualidad","link":"https:\/\/candas365.es\/noticias\/category\/actualidad\/"},{"label":"Detenidos dos j\u00f3venes por quemar un contenedor en Gij\u00f3n","link":"https:\/\/candas365.es\/noticias\/detenidos-dos-jovenes-por-quemar-un-contenedor-en-gijon\/"}],"_links":{"self":[{"href":"https:\/\/candas365.es\/noticias\/wp-json\/wp\/v2\/posts\/30144","targetHints":{"allow":["GET"]}}],"collection":[{"href":"https:\/\/candas365.es\/noticias\/wp-json\/wp\/v2\/posts"}],"about":[{"href":"https:\/\/candas365.es\/noticias\/wp-json\/wp\/v2\/types\/post"}],"author":[{"embeddable":true,"href":"https:\/\/candas365.es\/noticias\/wp-json\/wp\/v2\/users\/1"}],"replies":[{"embeddable":true,"href":"https:\/\/candas365.es\/noticias\/wp-json\/wp\/v2\/comments?post=30144"}],"version-history":[{"count":0,"href":"https:\/\/candas365.es\/noticias\/wp-json\/wp\/v2\/posts\/30144\/revisions"}],"wp:featuredmedia":[{"embeddable":true,"href":"https:\/\/candas365.es\/noticias\/wp-json\/wp\/v2\/media\/17312"}],"wp:attachment":[{"href":"https:\/\/candas365.es\/noticias\/wp-json\/wp\/v2\/media?parent=30144"}],"wp:term":[{"taxonomy":"category","embeddable":true,"href":"https:\/\/candas365.es\/noticias\/wp-json\/wp\/v2\/categories?post=30144"},{"taxonomy":"post_tag","embeddable":true,"href":"https:\/\/candas365.es\/noticias\/wp-json\/wp\/v2\/tags?post=30144"}],"curies":[{"name":"wp","href":"https:\/\/api.w.org\/{rel}","templated":true}]}}