{"id":30140,"date":"2016-06-13T02:17:53","date_gmt":"2016-06-13T00:47:53","guid":{"rendered":"http:\/\/candas365.es\/noticias\/?p=30140"},"modified":"2016-06-13T02:17:53","modified_gmt":"2016-06-13T00:47:53","slug":"merkel-pide-a-pekin-no-restringir-a-organizaciones-no-gubernamentales","status":"publish","type":"post","link":"https:\/\/candas365.es\/noticias\/merkel-pide-a-pekin-no-restringir-a-organizaciones-no-gubernamentales\/","title":{"rendered":"Merkel pide a Pek\u00edn no restringir a organizaciones no gubernamentales"},"content":{"rendered":"<p>Pek\u00edn, 12 jun (dpa) &#8211; La canciller alemana, Angela Merkel, apel\u00f3 hoy al Gobierno chino a reforzar el estado de derecho y a no restringir la labor de las organizaciones no gubernamentales extranjeras, al inicio en Pek\u00edn de su viaje de tres d\u00edas al gigante asi\u00e1tico.<\/p>\n<p>Durante la entrega del t\u00edtulo doctor honoris causa por la Universiad de Nanjing en la capital china Merkel se\u00f1al\u00f3 que a las ONG se les deber\u00eda seguir permitiendo enriquecer las relaciones en la sociedad civil. \u00abTodas contribuyen a la comprensi\u00f3n y al entendimiento\u00bb, se\u00f1al\u00f3.<\/p>\n<p>Merkel manifest\u00f3 su esperanza en que las ONG puedan seguir trabajando libremente pese a una ley que entrar\u00e1 en vigor en 2017 que regula el control de las fundaciones de partidos, instituciones cient\u00edficas o a la c\u00e1mara de comercio alemana en Pek\u00edn. \u00abPara poder avanzar hay que crear espacios libres\u00bb, dijo Merkel en referencia a la labor de la investigaci\u00f3n y de la educaci\u00f3n. <\/p>\n<p>La mandataria viaj\u00f3 a China acompa\u00f1ada de seis ministros y varios secretarios de Estado, con motivo del inicio el lunes de las cuartas constulas de Gobierno germano-chinas. Merkel subray\u00f3 la necesidad de que existan condiciones marco fiables que permitan la estabilidad de la sociedad, as\u00ed como la cooperaci\u00f3n econ\u00f3mica con Alemania. \u00abEl n\u00facleo de todo estado de derecho es que impere la fuerza de la ley y no la ley del m\u00e1s fuerte\u00bb, dijo. La ley no puede utilizarse como herramienta de poder, sino ser igual para todos independientemente de la pol\u00edtica. <\/p>\n<p>En el conflicto sobre la negativa europea a considerar a China econom\u00eda de mercado, Merkel apost\u00f3 por un compromiso para evitar el inminente conflicto comercial. \u00abA nadie le interesa una gran comercial\u00bb, dijo Merkel. \u00abEso tambi\u00e9n significa que tenemos que hablar abiertamente de los problemas existentes\u00bb.<\/p>\n<p>Tras la entrada del pa\u00eds en la Organizaci\u00f3n Mundial del Comercio (OMC) en 2001, a finales de este a\u00f1o se prev\u00e9 revisar su estatus. El estatus de econom\u00eda de mercado proteger\u00eda al pa\u00eds de caras acusaciones por dumping por los bajos precios a lo que vende sus productos.<\/p>\n<p>Pero la Uni\u00f3n Europea quiere crear un mecanismo que le proteja de los productos baratos de China. La UE debe \u00abhablar con China sobre algunos sectores\u00bb, dijo Merkel en referencia a la sobreproducci\u00f3n de acero de China. \u00abEs un gran problema para los fabricantes de acero europeos\u00bb.<\/p>\n<p>La Universidad de la metr\u00f3polis de Nanjing, en el este de China, concedi\u00f3 a Merkel el t\u00edtulo de doctor honoris causa por su compromiso en la soluci\u00f3n de conflictos regionales, la lucha contra el cambio clim\u00e1tico y la soluci\u00f3n de la crisis financiera en 2008.<\/p>\n<p>Merkel \u00abha contribuido con determinaci\u00f3n y sabidur\u00eda a la paz mundial\u00bb, dijo el presidente de la Universidad, Chen Jun, que dijo que la canciller lleva a cabo una \u00abpol\u00edtica pragm\u00e1tica frente a China\u00bb.<\/p>\n<p>En su discurso de agradecimiento Merkel evit\u00f3 los temas m\u00e1s controvertidos y hablo de \u00abdebates muy vivos\u00bb sobre el controvertido acopio de alta tecnolog\u00eda alemana por parte de inversores chinos, como en el caso del fabricante de robots Kuka. Merkel exigi\u00f3 aqu\u00ed que hay aun intercambio mutuo que suponga tambi\u00e9n la apertura del campo de inversi\u00f3n en China.<\/p>\n<p>Merkel tambi\u00e9n consider\u00f3 importante un acuerdo sobre la seguridad cibern\u00e9tica con la renuncia mutua al espionaje industrial por Internet para lograr una mayor cooperaci\u00f3n en la \u00abindustria 4.0\u00bb con cadenas de producci\u00f3n enlazadas en red. Poco antes de la visita de Merkel las negociaciones con el Ministerio competente de Seguridad P\u00fablica fueron reanudadas tras meses de estancamiento.<\/p>\n<p>Merkel insisti\u00f3 en la necesidad del imperio de la ley con decisiones \u00abtransparentes\u00bb tomadas por \u00abtribunales independientes\u00bb como un marco fiable especialmente importante para las empresas tecnol\u00f3gicas innovadoras. \u00abLa cooperaci\u00f3n en alta tecnolog\u00eda es una cuesti\u00f3n de confianza\u00bb, dijo Merkel, criticando la discriminaci\u00f3n de las empresas alemanas en China.<\/p>\n<p>Merkel se posicion\u00f3 tambi\u00e9n a favor de una \u00absoluci\u00f3n pac\u00edfica de las disputas territoriales\u00bb en referencia a las crecientes tensiones por la soberan\u00eda de unas islas. \u00abNos gustar\u00eda que hubiera un c\u00f3digo de conducta vinculante\u00bb. Una declaraci\u00f3n similar del G7 en mayo en Ise-Shima en Jap\u00f3n indign\u00f3 a China, que lo tom\u00f3 como una injerencia en asuntos internos.<\/p>\n","protected":false},"excerpt":{"rendered":"<p>Pek\u00edn, 12 jun (dpa) &#8211; La canciller alemana, Angela Merkel, apel\u00f3 hoy al Gobierno chino a reforzar el estado de derecho y a no restringir la labor de las organizaciones no gubernamentales extranjeras, al inicio en Pek\u00edn de su viaje de tres d\u00edas al gigante asi\u00e1tico. Durante la entrega del t\u00edtulo doctor honoris causa por<\/p>\n","protected":false},"author":1,"featured_media":14622,"comment_status":"closed","ping_status":"closed","sticky":false,"template":"","format":"standard","meta":{"footnotes":""},"categories":[343],"tags":[],"class_list":{"0":"post-30140","1":"post","2":"type-post","3":"status-publish","4":"format-standard","5":"has-post-thumbnail","7":"category-actualidad"},"aioseo_notices":[],"aioseo_head":"\n\t\t<!-- All in One SEO Pro 4.9.6.2 - aioseo.com -->\n\t<meta name=\"description\" content=\"Pek\u00edn, 12 jun (dpa) - La canciller alemana, Angela Merkel, apel\u00f3 hoy al Gobierno chino a reforzar el estado de derecho y a no restringir la labor de las organizaciones no gubernamentales extranjeras, al inicio en Pek\u00edn de su viaje de tres d\u00edas al gigante asi\u00e1tico. Durante la entrega del t\u00edtulo doctor honoris causa por\" \/>\n\t<meta name=\"robots\" content=\"max-image-preview:large\" \/>\n\t<meta name=\"author\" content=\"Cand\u00e1s 365\"\/>\n\t<meta name=\"google-site-verification\" content=\"UA-32230408-1\" \/>\n\t<meta name=\"msvalidate.01\" content=\"354F3CDFB2DA171B47FBE9ABF1F88D5\" \/>\n\t<meta name=\"keywords\" content=\"actualidad\" \/>\n\t<link rel=\"canonical\" href=\"https:\/\/candas365.es\/noticias\/merkel-pide-a-pekin-no-restringir-a-organizaciones-no-gubernamentales\/\" \/>\n\t<meta name=\"generator\" content=\"All in One SEO Pro (AIOSEO) 4.9.6.2\" \/>\n\t\t<meta property=\"og:locale\" content=\"es_ES\" \/>\n\t\t<meta property=\"og:site_name\" content=\"Cand\u00e1s 365\" \/>\n\t\t<meta property=\"og:type\" content=\"article\" \/>\n\t\t<meta property=\"og:title\" content=\"Merkel pide a Pek\u00edn no restringir a organizaciones no gubernamentales | Cand\u00e1s 365\" \/>\n\t\t<meta property=\"og:description\" content=\"Pek\u00edn, 12 jun (dpa) - La canciller alemana, Angela Merkel, apel\u00f3 hoy al Gobierno chino a reforzar el estado de derecho y a no restringir la labor de las organizaciones no gubernamentales extranjeras, al inicio en Pek\u00edn de su viaje de tres d\u00edas al gigante asi\u00e1tico. Durante la entrega del t\u00edtulo doctor honoris causa por\" \/>\n\t\t<meta property=\"og:url\" content=\"https:\/\/candas365.es\/noticias\/merkel-pide-a-pekin-no-restringir-a-organizaciones-no-gubernamentales\/\" \/>\n\t\t<meta property=\"og:image\" content=\"https:\/\/candas365.es\/noticias\/wp-content\/uploads\/2015\/08\/merkel.jpg\" \/>\n\t\t<meta property=\"og:image:secure_url\" content=\"https:\/\/candas365.es\/noticias\/wp-content\/uploads\/2015\/08\/merkel.jpg\" \/>\n\t\t<meta property=\"og:image:width\" content=\"655\" \/>\n\t\t<meta property=\"og:image:height\" content=\"360\" \/>\n\t\t<meta property=\"article:published_time\" content=\"2016-06-13T00:47:53+00:00\" \/>\n\t\t<meta property=\"article:modified_time\" content=\"2016-06-13T00:47:53+00:00\" \/>\n\t\t<meta property=\"article:publisher\" content=\"https:\/\/www.facebook.com\/Nachofdezber\" \/>\n\t\t<meta property=\"article:author\" content=\"https:\/\/www.facebook.com\/carrenoactualidad\" \/>\n\t\t<meta name=\"twitter:card\" content=\"summary_large_image\" \/>\n\t\t<meta name=\"twitter:site\" content=\"@NabercoDigital\" \/>\n\t\t<meta name=\"twitter:title\" content=\"Merkel pide a Pek\u00edn no restringir a organizaciones no gubernamentales | Cand\u00e1s 365\" \/>\n\t\t<meta name=\"twitter:description\" content=\"Pek\u00edn, 12 jun (dpa) - La canciller alemana, Angela Merkel, apel\u00f3 hoy al Gobierno chino a reforzar el estado de derecho y a no restringir la labor de las organizaciones no gubernamentales extranjeras, al inicio en Pek\u00edn de su viaje de tres d\u00edas al gigante asi\u00e1tico. Durante la entrega del t\u00edtulo doctor honoris causa por\" \/>\n\t\t<meta name=\"twitter:creator\" content=\"@nbasturias\" \/>\n\t\t<meta name=\"twitter:image\" content=\"https:\/\/candas365.es\/noticias\/wp-content\/uploads\/2015\/08\/merkel.jpg\" \/>\n\t\t<meta name=\"twitter:label1\" content=\"Escrito por\" \/>\n\t\t<meta name=\"twitter:data1\" content=\"Cand\u00e1s 365\" \/>\n\t\t<meta name=\"twitter:label2\" content=\"Tiempo de lectura estimado\" \/>\n\t\t<meta name=\"twitter:data2\" content=\"4 minutos\" \/>\n\t\t<script type=\"application\/ld+json\" class=\"aioseo-schema\">\n\t\t\t{\"@context\":\"https:\\\/\\\/schema.org\",\"@graph\":[{\"@type\":\"BreadcrumbList\",\"@id\":\"https:\\\/\\\/candas365.es\\\/noticias\\\/merkel-pide-a-pekin-no-restringir-a-organizaciones-no-gubernamentales\\\/#breadcrumblist\",\"itemListElement\":[{\"@type\":\"ListItem\",\"@id\":\"https:\\\/\\\/candas365.es\\\/noticias#listItem\",\"position\":1,\"name\":\"Home\",\"item\":\"https:\\\/\\\/candas365.es\\\/noticias\",\"nextItem\":{\"@type\":\"ListItem\",\"@id\":\"https:\\\/\\\/candas365.es\\\/noticias\\\/category\\\/actualidad\\\/#listItem\",\"name\":\"Actualidad\"}},{\"@type\":\"ListItem\",\"@id\":\"https:\\\/\\\/candas365.es\\\/noticias\\\/category\\\/actualidad\\\/#listItem\",\"position\":2,\"name\":\"Actualidad\",\"item\":\"https:\\\/\\\/candas365.es\\\/noticias\\\/category\\\/actualidad\\\/\",\"nextItem\":{\"@type\":\"ListItem\",\"@id\":\"https:\\\/\\\/candas365.es\\\/noticias\\\/merkel-pide-a-pekin-no-restringir-a-organizaciones-no-gubernamentales\\\/#listItem\",\"name\":\"Merkel pide a Pek\\u00edn no restringir a organizaciones no gubernamentales\"},\"previousItem\":{\"@type\":\"ListItem\",\"@id\":\"https:\\\/\\\/candas365.es\\\/noticias#listItem\",\"name\":\"Home\"}},{\"@type\":\"ListItem\",\"@id\":\"https:\\\/\\\/candas365.es\\\/noticias\\\/merkel-pide-a-pekin-no-restringir-a-organizaciones-no-gubernamentales\\\/#listItem\",\"position\":3,\"name\":\"Merkel pide a Pek\\u00edn no restringir a organizaciones no gubernamentales\",\"previousItem\":{\"@type\":\"ListItem\",\"@id\":\"https:\\\/\\\/candas365.es\\\/noticias\\\/category\\\/actualidad\\\/#listItem\",\"name\":\"Actualidad\"}}]},{\"@type\":\"NewsArticle\",\"@id\":\"https:\\\/\\\/candas365.es\\\/noticias\\\/merkel-pide-a-pekin-no-restringir-a-organizaciones-no-gubernamentales\\\/#newsarticle\",\"name\":\"Merkel pide a Pek\\u00edn no restringir a organizaciones no gubernamentales | Cand\\u00e1s 365\",\"headline\":\"Merkel pide a Pek\\u00edn no restringir a organizaciones no gubernamentales\",\"author\":{\"@id\":\"https:\\\/\\\/candas365.es\\\/noticias\\\/author\\\/admin\\\/#author\"},\"publisher\":{\"@id\":\"https:\\\/\\\/candas365.es\\\/noticias\\\/#organization\"},\"image\":{\"@type\":\"ImageObject\",\"url\":\"https:\\\/\\\/candas365.es\\\/noticias\\\/wp-content\\\/uploads\\\/2015\\\/08\\\/merkel.jpg\",\"width\":655,\"height\":360},\"datePublished\":\"2016-06-13T02:17:53+02:00\",\"dateModified\":\"2016-06-13T02:17:53+02:00\",\"inLanguage\":\"es-ES\",\"mainEntityOfPage\":{\"@id\":\"https:\\\/\\\/candas365.es\\\/noticias\\\/merkel-pide-a-pekin-no-restringir-a-organizaciones-no-gubernamentales\\\/#webpage\"},\"isPartOf\":{\"@id\":\"https:\\\/\\\/candas365.es\\\/noticias\\\/merkel-pide-a-pekin-no-restringir-a-organizaciones-no-gubernamentales\\\/#webpage\"},\"articleSection\":\"Actualidad\",\"dateline\":\"Publicado el junio 13, 2016.\"},{\"@type\":\"Organization\",\"@id\":\"https:\\\/\\\/candas365.es\\\/noticias\\\/#organization\",\"name\":\"Cand\\u00e1s 365\",\"description\":\"Cand\\u00e1s 365 es un diario digital independiente, fundado en 2012, con base en Asturias. Informamos con rigor sobre actualidad, sociedad, cultura y ocio, con una mirada local y global.\",\"url\":\"https:\\\/\\\/candas365.es\\\/noticias\\\/\",\"email\":\"info@candas365.es\",\"telephone\":\"+34652131393\",\"foundingDate\":\"2012-06-10\",\"logo\":{\"@type\":\"ImageObject\",\"url\":\"https:\\\/\\\/candas365.es\\\/noticias\\\/wp-content\\\/uploads\\\/2024\\\/09\\\/Candas-365-Redes.jpg\",\"@id\":\"https:\\\/\\\/candas365.es\\\/noticias\\\/merkel-pide-a-pekin-no-restringir-a-organizaciones-no-gubernamentales\\\/#organizationLogo\",\"width\":1152,\"height\":864,\"caption\":\"Cand\\u00e1s 365 Redes\"},\"image\":{\"@id\":\"https:\\\/\\\/candas365.es\\\/noticias\\\/merkel-pide-a-pekin-no-restringir-a-organizaciones-no-gubernamentales\\\/#organizationLogo\"},\"sameAs\":[\"https:\\\/\\\/www.facebook.com\\\/Nachofdezber\",\"https:\\\/\\\/x.com\\\/NabercoDigital\",\"https:\\\/\\\/www.instagram.com\\\/nachofdezber\\\/\",\"https:\\\/\\\/www.youtube.com\\\/channel\\\/UCZP-2wLEB9Rv6erhFmqVnvg\"],\"address\":{\"@id\":\"https:\\\/\\\/candas365.es\\\/noticias\\\/#postaladdress\",\"@type\":\"PostalAddress\",\"streetAddress\":\"san antonio 4, san antonio 4\",\"postalCode\":\"33430\",\"addressLocality\":\"Cand\\u00e1s\",\"addressRegion\":\"Asturias\",\"addressCountry\":\"ES\"}},{\"@type\":\"Person\",\"@id\":\"https:\\\/\\\/candas365.es\\\/noticias\\\/author\\\/admin\\\/#author\",\"url\":\"https:\\\/\\\/candas365.es\\\/noticias\\\/author\\\/admin\\\/\",\"name\":\"Cand\\u00e1s 365\",\"image\":{\"@type\":\"ImageObject\",\"@id\":\"https:\\\/\\\/candas365.es\\\/noticias\\\/merkel-pide-a-pekin-no-restringir-a-organizaciones-no-gubernamentales\\\/#authorImage\",\"url\":\"https:\\\/\\\/secure.gravatar.com\\\/avatar\\\/496a8e03d0c493ede1718b7934145dbdf8d89be1036b0eec9544e1094c9de390?s=96&d=mm&r=g\",\"width\":96,\"height\":96,\"caption\":\"Cand\\u00e1s 365\"},\"sameAs\":[\"https:\\\/\\\/www.facebook.com\\\/carrenoactualidad\",\"https:\\\/\\\/twitter.com\\\/nbasturias\",\"https:\\\/\\\/www.instagram.com\\\/nachofdezber\\\/\",\"https:\\\/\\\/www.youtube.com\\\/channel\\\/UCZP-2wLEB9Rv6erhFmqVnvg\"]},{\"@type\":\"WebPage\",\"@id\":\"https:\\\/\\\/candas365.es\\\/noticias\\\/merkel-pide-a-pekin-no-restringir-a-organizaciones-no-gubernamentales\\\/#webpage\",\"url\":\"https:\\\/\\\/candas365.es\\\/noticias\\\/merkel-pide-a-pekin-no-restringir-a-organizaciones-no-gubernamentales\\\/\",\"name\":\"Merkel pide a Pek\\u00edn no restringir a organizaciones no gubernamentales | Cand\\u00e1s 365\",\"description\":\"Pek\\u00edn, 12 jun (dpa) - La canciller alemana, Angela Merkel, apel\\u00f3 hoy al Gobierno chino a reforzar el estado de derecho y a no restringir la labor de las organizaciones no gubernamentales extranjeras, al inicio en Pek\\u00edn de su viaje de tres d\\u00edas al gigante asi\\u00e1tico. Durante la entrega del t\\u00edtulo doctor honoris causa por\",\"inLanguage\":\"es-ES\",\"isPartOf\":{\"@id\":\"https:\\\/\\\/candas365.es\\\/noticias\\\/#website\"},\"breadcrumb\":{\"@id\":\"https:\\\/\\\/candas365.es\\\/noticias\\\/merkel-pide-a-pekin-no-restringir-a-organizaciones-no-gubernamentales\\\/#breadcrumblist\"},\"author\":{\"@id\":\"https:\\\/\\\/candas365.es\\\/noticias\\\/author\\\/admin\\\/#author\"},\"creator\":{\"@id\":\"https:\\\/\\\/candas365.es\\\/noticias\\\/author\\\/admin\\\/#author\"},\"image\":{\"@type\":\"ImageObject\",\"url\":\"https:\\\/\\\/candas365.es\\\/noticias\\\/wp-content\\\/uploads\\\/2015\\\/08\\\/merkel.jpg\",\"@id\":\"https:\\\/\\\/candas365.es\\\/noticias\\\/merkel-pide-a-pekin-no-restringir-a-organizaciones-no-gubernamentales\\\/#mainImage\",\"width\":655,\"height\":360},\"primaryImageOfPage\":{\"@id\":\"https:\\\/\\\/candas365.es\\\/noticias\\\/merkel-pide-a-pekin-no-restringir-a-organizaciones-no-gubernamentales\\\/#mainImage\"},\"datePublished\":\"2016-06-13T02:17:53+02:00\",\"dateModified\":\"2016-06-13T02:17:53+02:00\"},{\"@type\":\"WebSite\",\"@id\":\"https:\\\/\\\/candas365.es\\\/noticias\\\/#website\",\"url\":\"https:\\\/\\\/candas365.es\\\/noticias\\\/\",\"name\":\"Cand\\u00e1s 365\",\"alternateName\":\"Cand\\u00e1s 365 Noticias\",\"description\":\"Actualidad desde Carre\\u00f1o para el mundo\",\"inLanguage\":\"es-ES\",\"publisher\":{\"@id\":\"https:\\\/\\\/candas365.es\\\/noticias\\\/#organization\"}}]}\n\t\t<\/script>\n\t\t<!-- All in One SEO Pro -->\r\n\t\t<title>Merkel pide a Pek\u00edn no restringir a organizaciones no gubernamentales | Cand\u00e1s 365<\/title>\n\n","aioseo_head_json":{"title":"Merkel pide a Pek\u00edn no restringir a organizaciones no gubernamentales | Cand\u00e1s 365","description":"Pek\u00edn, 12 jun (dpa) - La canciller alemana, Angela Merkel, apel\u00f3 hoy al Gobierno chino a reforzar el estado de derecho y a no restringir la labor de las organizaciones no gubernamentales extranjeras, al inicio en Pek\u00edn de su viaje de tres d\u00edas al gigante asi\u00e1tico. Durante la entrega del t\u00edtulo doctor honoris causa por","canonical_url":"https:\/\/candas365.es\/noticias\/merkel-pide-a-pekin-no-restringir-a-organizaciones-no-gubernamentales\/","robots":"max-image-preview:large","keywords":"actualidad","webmasterTools":{"google-site-verification":"UA-32230408-1","msvalidate.01":"354F3CDFB2DA171B47FBE9ABF1F88D5","miscellaneous":""},"schema":{"@context":"https:\/\/schema.org","@graph":[{"@type":"BreadcrumbList","@id":"https:\/\/candas365.es\/noticias\/merkel-pide-a-pekin-no-restringir-a-organizaciones-no-gubernamentales\/#breadcrumblist","itemListElement":[{"@type":"ListItem","@id":"https:\/\/candas365.es\/noticias#listItem","position":1,"name":"Home","item":"https:\/\/candas365.es\/noticias","nextItem":{"@type":"ListItem","@id":"https:\/\/candas365.es\/noticias\/category\/actualidad\/#listItem","name":"Actualidad"}},{"@type":"ListItem","@id":"https:\/\/candas365.es\/noticias\/category\/actualidad\/#listItem","position":2,"name":"Actualidad","item":"https:\/\/candas365.es\/noticias\/category\/actualidad\/","nextItem":{"@type":"ListItem","@id":"https:\/\/candas365.es\/noticias\/merkel-pide-a-pekin-no-restringir-a-organizaciones-no-gubernamentales\/#listItem","name":"Merkel pide a Pek\u00edn no restringir a organizaciones no gubernamentales"},"previousItem":{"@type":"ListItem","@id":"https:\/\/candas365.es\/noticias#listItem","name":"Home"}},{"@type":"ListItem","@id":"https:\/\/candas365.es\/noticias\/merkel-pide-a-pekin-no-restringir-a-organizaciones-no-gubernamentales\/#listItem","position":3,"name":"Merkel pide a Pek\u00edn no restringir a organizaciones no gubernamentales","previousItem":{"@type":"ListItem","@id":"https:\/\/candas365.es\/noticias\/category\/actualidad\/#listItem","name":"Actualidad"}}]},{"@type":"NewsArticle","@id":"https:\/\/candas365.es\/noticias\/merkel-pide-a-pekin-no-restringir-a-organizaciones-no-gubernamentales\/#newsarticle","name":"Merkel pide a Pek\u00edn no restringir a organizaciones no gubernamentales | Cand\u00e1s 365","headline":"Merkel pide a Pek\u00edn no restringir a organizaciones no gubernamentales","author":{"@id":"https:\/\/candas365.es\/noticias\/author\/admin\/#author"},"publisher":{"@id":"https:\/\/candas365.es\/noticias\/#organization"},"image":{"@type":"ImageObject","url":"https:\/\/candas365.es\/noticias\/wp-content\/uploads\/2015\/08\/merkel.jpg","width":655,"height":360},"datePublished":"2016-06-13T02:17:53+02:00","dateModified":"2016-06-13T02:17:53+02:00","inLanguage":"es-ES","mainEntityOfPage":{"@id":"https:\/\/candas365.es\/noticias\/merkel-pide-a-pekin-no-restringir-a-organizaciones-no-gubernamentales\/#webpage"},"isPartOf":{"@id":"https:\/\/candas365.es\/noticias\/merkel-pide-a-pekin-no-restringir-a-organizaciones-no-gubernamentales\/#webpage"},"articleSection":"Actualidad","dateline":"Publicado el junio 13, 2016."},{"@type":"Organization","@id":"https:\/\/candas365.es\/noticias\/#organization","name":"Cand\u00e1s 365","description":"Cand\u00e1s 365 es un diario digital independiente, fundado en 2012, con base en Asturias. Informamos con rigor sobre actualidad, sociedad, cultura y ocio, con una mirada local y global.","url":"https:\/\/candas365.es\/noticias\/","email":"info@candas365.es","telephone":"+34652131393","foundingDate":"2012-06-10","logo":{"@type":"ImageObject","url":"https:\/\/candas365.es\/noticias\/wp-content\/uploads\/2024\/09\/Candas-365-Redes.jpg","@id":"https:\/\/candas365.es\/noticias\/merkel-pide-a-pekin-no-restringir-a-organizaciones-no-gubernamentales\/#organizationLogo","width":1152,"height":864,"caption":"Cand\u00e1s 365 Redes"},"image":{"@id":"https:\/\/candas365.es\/noticias\/merkel-pide-a-pekin-no-restringir-a-organizaciones-no-gubernamentales\/#organizationLogo"},"sameAs":["https:\/\/www.facebook.com\/Nachofdezber","https:\/\/x.com\/NabercoDigital","https:\/\/www.instagram.com\/nachofdezber\/","https:\/\/www.youtube.com\/channel\/UCZP-2wLEB9Rv6erhFmqVnvg"],"address":{"@id":"https:\/\/candas365.es\/noticias\/#postaladdress","@type":"PostalAddress","streetAddress":"san antonio 4, san antonio 4","postalCode":"33430","addressLocality":"Cand\u00e1s","addressRegion":"Asturias","addressCountry":"ES"}},{"@type":"Person","@id":"https:\/\/candas365.es\/noticias\/author\/admin\/#author","url":"https:\/\/candas365.es\/noticias\/author\/admin\/","name":"Cand\u00e1s 365","image":{"@type":"ImageObject","@id":"https:\/\/candas365.es\/noticias\/merkel-pide-a-pekin-no-restringir-a-organizaciones-no-gubernamentales\/#authorImage","url":"https:\/\/secure.gravatar.com\/avatar\/496a8e03d0c493ede1718b7934145dbdf8d89be1036b0eec9544e1094c9de390?s=96&d=mm&r=g","width":96,"height":96,"caption":"Cand\u00e1s 365"},"sameAs":["https:\/\/www.facebook.com\/carrenoactualidad","https:\/\/twitter.com\/nbasturias","https:\/\/www.instagram.com\/nachofdezber\/","https:\/\/www.youtube.com\/channel\/UCZP-2wLEB9Rv6erhFmqVnvg"]},{"@type":"WebPage","@id":"https:\/\/candas365.es\/noticias\/merkel-pide-a-pekin-no-restringir-a-organizaciones-no-gubernamentales\/#webpage","url":"https:\/\/candas365.es\/noticias\/merkel-pide-a-pekin-no-restringir-a-organizaciones-no-gubernamentales\/","name":"Merkel pide a Pek\u00edn no restringir a organizaciones no gubernamentales | Cand\u00e1s 365","description":"Pek\u00edn, 12 jun (dpa) - La canciller alemana, Angela Merkel, apel\u00f3 hoy al Gobierno chino a reforzar el estado de derecho y a no restringir la labor de las organizaciones no gubernamentales extranjeras, al inicio en Pek\u00edn de su viaje de tres d\u00edas al gigante asi\u00e1tico. Durante la entrega del t\u00edtulo doctor honoris causa por","inLanguage":"es-ES","isPartOf":{"@id":"https:\/\/candas365.es\/noticias\/#website"},"breadcrumb":{"@id":"https:\/\/candas365.es\/noticias\/merkel-pide-a-pekin-no-restringir-a-organizaciones-no-gubernamentales\/#breadcrumblist"},"author":{"@id":"https:\/\/candas365.es\/noticias\/author\/admin\/#author"},"creator":{"@id":"https:\/\/candas365.es\/noticias\/author\/admin\/#author"},"image":{"@type":"ImageObject","url":"https:\/\/candas365.es\/noticias\/wp-content\/uploads\/2015\/08\/merkel.jpg","@id":"https:\/\/candas365.es\/noticias\/merkel-pide-a-pekin-no-restringir-a-organizaciones-no-gubernamentales\/#mainImage","width":655,"height":360},"primaryImageOfPage":{"@id":"https:\/\/candas365.es\/noticias\/merkel-pide-a-pekin-no-restringir-a-organizaciones-no-gubernamentales\/#mainImage"},"datePublished":"2016-06-13T02:17:53+02:00","dateModified":"2016-06-13T02:17:53+02:00"},{"@type":"WebSite","@id":"https:\/\/candas365.es\/noticias\/#website","url":"https:\/\/candas365.es\/noticias\/","name":"Cand\u00e1s 365","alternateName":"Cand\u00e1s 365 Noticias","description":"Actualidad desde Carre\u00f1o para el mundo","inLanguage":"es-ES","publisher":{"@id":"https:\/\/candas365.es\/noticias\/#organization"}}]},"og:locale":"es_ES","og:site_name":"Cand\u00e1s 365","og:type":"article","og:title":"Merkel pide a Pek\u00edn no restringir a organizaciones no gubernamentales | Cand\u00e1s 365","og:description":"Pek\u00edn, 12 jun (dpa) - La canciller alemana, Angela Merkel, apel\u00f3 hoy al Gobierno chino a reforzar el estado de derecho y a no restringir la labor de las organizaciones no gubernamentales extranjeras, al inicio en Pek\u00edn de su viaje de tres d\u00edas al gigante asi\u00e1tico. Durante la entrega del t\u00edtulo doctor honoris causa por","og:url":"https:\/\/candas365.es\/noticias\/merkel-pide-a-pekin-no-restringir-a-organizaciones-no-gubernamentales\/","og:image":"https:\/\/candas365.es\/noticias\/wp-content\/uploads\/2015\/08\/merkel.jpg","og:image:secure_url":"https:\/\/candas365.es\/noticias\/wp-content\/uploads\/2015\/08\/merkel.jpg","og:image:width":655,"og:image:height":360,"article:published_time":"2016-06-13T00:47:53+00:00","article:modified_time":"2016-06-13T00:47:53+00:00","article:publisher":"https:\/\/www.facebook.com\/Nachofdezber","article:author":"https:\/\/www.facebook.com\/carrenoactualidad","twitter:card":"summary_large_image","twitter:site":"@NabercoDigital","twitter:title":"Merkel pide a Pek\u00edn no restringir a organizaciones no gubernamentales | Cand\u00e1s 365","twitter:description":"Pek\u00edn, 12 jun (dpa) - La canciller alemana, Angela Merkel, apel\u00f3 hoy al Gobierno chino a reforzar el estado de derecho y a no restringir la labor de las organizaciones no gubernamentales extranjeras, al inicio en Pek\u00edn de su viaje de tres d\u00edas al gigante asi\u00e1tico. Durante la entrega del t\u00edtulo doctor honoris causa por","twitter:creator":"@nbasturias","twitter:image":"https:\/\/candas365.es\/noticias\/wp-content\/uploads\/2015\/08\/merkel.jpg","twitter:label1":"Escrito por","twitter:data1":"Cand\u00e1s 365","twitter:label2":"Tiempo de lectura estimado","twitter:data2":"4 minutos"},"aioseo_meta_data":{"post_id":"30140","title":null,"description":null,"keywords":null,"keyphrases":null,"primary_term":null,"canonical_url":null,"og_title":null,"og_description":null,"og_object_type":"default","og_image_type":"default","og_image_url":null,"og_image_width":null,"og_image_height":null,"og_image_custom_url":null,"og_image_custom_fields":null,"og_video":null,"og_custom_url":null,"og_article_section":null,"og_article_tags":null,"twitter_use_og":false,"twitter_card":"default","twitter_image_type":"default","twitter_image_url":null,"twitter_image_custom_url":null,"twitter_image_custom_fields":null,"twitter_title":null,"twitter_description":null,"schema":{"blockGraphs":[],"customGraphs":[],"default":{"data":{"Article":[],"Course":[],"Dataset":[],"FAQPage":[],"Movie":[],"Person":[],"Product":[],"ProductReview":[],"Car":[],"Recipe":[],"Service":[],"SoftwareApplication":[],"WebPage":[]},"graphName":"","isEnabled":true},"graphs":[],"defaultGraph":"","defaultPostTypeGraph":""},"schema_type":null,"schema_type_options":null,"pillar_content":false,"robots_default":true,"robots_noindex":false,"robots_noarchive":false,"robots_nosnippet":false,"robots_nofollow":false,"robots_noimageindex":false,"robots_noodp":false,"robots_notranslate":false,"robots_max_snippet":null,"robots_max_videopreview":null,"robots_max_imagepreview":"large","priority":null,"frequency":null,"location":null,"local_seo":null,"seo_analyzer_scan_date":"2025-08-24 12:07:12","breadcrumb_settings":null,"limit_modified_date":false,"reviewed_by":null,"open_ai":null,"ai":null,"created":"2020-12-21 12:57:01","updated":"2025-08-24 12:07:12"},"aioseo_breadcrumb":"<div class=\"aioseo-breadcrumbs\"><span class=\"aioseo-breadcrumb\">\n\t<a href=\"https:\/\/candas365.es\/noticias\" title=\"Home\">Home<\/a>\n<\/span><span class=\"aioseo-breadcrumb-separator\">&ndash;<\/span><span class=\"aioseo-breadcrumb\">\n\t<a href=\"https:\/\/candas365.es\/noticias\/category\/actualidad\/\" title=\"Actualidad\">Actualidad<\/a>\n<\/span><span class=\"aioseo-breadcrumb-separator\">&ndash;<\/span><span class=\"aioseo-breadcrumb\">\n\tMerkel pide a Pek\u00edn no restringir a organizaciones no gubernamentales\n<\/span><\/div>","aioseo_breadcrumb_json":[{"label":"Home","link":"https:\/\/candas365.es\/noticias"},{"label":"Actualidad","link":"https:\/\/candas365.es\/noticias\/category\/actualidad\/"},{"label":"Merkel pide a Pek\u00edn no restringir a organizaciones no gubernamentales","link":"https:\/\/candas365.es\/noticias\/merkel-pide-a-pekin-no-restringir-a-organizaciones-no-gubernamentales\/"}],"_links":{"self":[{"href":"https:\/\/candas365.es\/noticias\/wp-json\/wp\/v2\/posts\/30140","targetHints":{"allow":["GET"]}}],"collection":[{"href":"https:\/\/candas365.es\/noticias\/wp-json\/wp\/v2\/posts"}],"about":[{"href":"https:\/\/candas365.es\/noticias\/wp-json\/wp\/v2\/types\/post"}],"author":[{"embeddable":true,"href":"https:\/\/candas365.es\/noticias\/wp-json\/wp\/v2\/users\/1"}],"replies":[{"embeddable":true,"href":"https:\/\/candas365.es\/noticias\/wp-json\/wp\/v2\/comments?post=30140"}],"version-history":[{"count":0,"href":"https:\/\/candas365.es\/noticias\/wp-json\/wp\/v2\/posts\/30140\/revisions"}],"wp:featuredmedia":[{"embeddable":true,"href":"https:\/\/candas365.es\/noticias\/wp-json\/wp\/v2\/media\/14622"}],"wp:attachment":[{"href":"https:\/\/candas365.es\/noticias\/wp-json\/wp\/v2\/media?parent=30140"}],"wp:term":[{"taxonomy":"category","embeddable":true,"href":"https:\/\/candas365.es\/noticias\/wp-json\/wp\/v2\/categories?post=30140"},{"taxonomy":"post_tag","embeddable":true,"href":"https:\/\/candas365.es\/noticias\/wp-json\/wp\/v2\/tags?post=30140"}],"curies":[{"name":"wp","href":"https:\/\/api.w.org\/{rel}","templated":true}]}}