{"id":30130,"date":"2016-06-13T02:13:51","date_gmt":"2016-06-13T00:43:51","guid":{"rendered":"http:\/\/candas365.es\/noticias\/?p=30130"},"modified":"2016-06-13T02:13:51","modified_gmt":"2016-06-13T00:43:51","slug":"alemania-quiere-invertir-mas-en-defensa-por-amenazas-internacionales","status":"publish","type":"post","link":"https:\/\/candas365.es\/noticias\/alemania-quiere-invertir-mas-en-defensa-por-amenazas-internacionales\/","title":{"rendered":"Alemania quiere invertir m\u00e1s en defensa por amenazas internacionales"},"content":{"rendered":"<p>Frankenberg (Alemania), 12 jun (dpa) &#8211; La ministra alemana de Defensa, Ursula von der Leyen, llam\u00f3 a aumentar el gasto en seguridad y defensa del pa\u00eds, en vista de las crecientes amenazas y tensiones globales.<\/p>\n<p>\u00abNecesitamos un cambio de tendencia para poder llevar a cabo las tareas que tiene encomendadas el Ej\u00e9rcito\u00bb, afirm\u00f3 la pol\u00edtica cristianodem\u00f3crata el s\u00e1bado en un acto con motivo del \u00abD\u00eda del Ej\u00e9rcito\u00bb en la localidad sajona de Frankenberg, en el este de Alemania.<\/p>\n<p>Von der Leyen se refiri\u00f3 sobre todo al peligro que representan no s\u00f3lo para Alemania, sino para Europa y el resto del mundo, el grupo terrorista Estado Isl\u00e1mico, la situaci\u00f3n en el este de Ucrania, la inestabilidad en Afganist\u00e1n y el terrorismo internacional.<\/p>\n<p>\u00abTenemos que volver a invertir en el Ej\u00e9rcito\u00bb, subray\u00f3, haciendo hincapi\u00e9 en la urgencia de disponer de m\u00e1s soldados en las Fuerzas Armadas Alemanas.<\/p>\n<p>El comisionado de Defensa en el Parlamento de Alemania, Hans-Peter Bartels, por su parte, advirti\u00f3 en declaraciones a dpa que aunque es cierto que el presupuesto del Ej\u00e9rcito crece, la mayor\u00eda de los fondos sirven para cubrir los costes salariales y la conservaci\u00f3n de equipamiento. Se necesita m\u00e1s presupuesto para la adquisici\u00f3n de material, se\u00f1al\u00f3.<\/p>\n<p>Las Fuerzas Armadas de Alemania se presentaron durante el d\u00eda en 16 lugares de todo el territorio. El objetivo de la jornada fue generar di\u00e1logo con la poblaci\u00f3n civil y tratar de atraer a nuevos profesionales. <\/p>\n","protected":false},"excerpt":{"rendered":"<p>Frankenberg (Alemania), 12 jun (dpa) &#8211; La ministra alemana de Defensa, Ursula von der Leyen, llam\u00f3 a aumentar el gasto en seguridad y defensa del pa\u00eds, en vista de las crecientes amenazas y tensiones globales. \u00abNecesitamos un cambio de tendencia para poder llevar a cabo las tareas que tiene encomendadas el Ej\u00e9rcito\u00bb, afirm\u00f3 la pol\u00edtica<\/p>\n","protected":false},"author":1,"featured_media":16457,"comment_status":"closed","ping_status":"closed","sticky":false,"template":"","format":"standard","meta":{"footnotes":""},"categories":[343],"tags":[],"class_list":{"0":"post-30130","1":"post","2":"type-post","3":"status-publish","4":"format-standard","5":"has-post-thumbnail","7":"category-actualidad"},"aioseo_notices":[],"aioseo_head":"\n\t\t<!-- All in One SEO Pro 4.9.6.2 - aioseo.com -->\n\t<meta name=\"description\" content=\"Frankenberg (Alemania), 12 jun (dpa) - La ministra alemana de Defensa, Ursula von der Leyen, llam\u00f3 a aumentar el gasto en seguridad y defensa del pa\u00eds, en vista de las crecientes amenazas y tensiones globales. &quot;Necesitamos un cambio de tendencia para poder llevar a cabo las tareas que tiene encomendadas el Ej\u00e9rcito&quot;, afirm\u00f3 la pol\u00edtica\" \/>\n\t<meta name=\"robots\" content=\"max-image-preview:large\" \/>\n\t<meta name=\"author\" content=\"Cand\u00e1s 365\"\/>\n\t<meta name=\"google-site-verification\" content=\"UA-32230408-1\" \/>\n\t<meta name=\"msvalidate.01\" content=\"354F3CDFB2DA171B47FBE9ABF1F88D5\" \/>\n\t<meta name=\"keywords\" content=\"actualidad\" \/>\n\t<link rel=\"canonical\" href=\"https:\/\/candas365.es\/noticias\/alemania-quiere-invertir-mas-en-defensa-por-amenazas-internacionales\/\" \/>\n\t<meta name=\"generator\" content=\"All in One SEO Pro (AIOSEO) 4.9.6.2\" \/>\n\t\t<meta property=\"og:locale\" content=\"es_ES\" \/>\n\t\t<meta property=\"og:site_name\" content=\"Cand\u00e1s 365\" \/>\n\t\t<meta property=\"og:type\" content=\"article\" \/>\n\t\t<meta property=\"og:title\" content=\"Alemania quiere invertir m\u00e1s en defensa por amenazas internacionales | Cand\u00e1s 365\" \/>\n\t\t<meta property=\"og:description\" content=\"Frankenberg (Alemania), 12 jun (dpa) - La ministra alemana de Defensa, Ursula von der Leyen, llam\u00f3 a aumentar el gasto en seguridad y defensa del pa\u00eds, en vista de las crecientes amenazas y tensiones globales. &quot;Necesitamos un cambio de tendencia para poder llevar a cabo las tareas que tiene encomendadas el Ej\u00e9rcito&quot;, afirm\u00f3 la pol\u00edtica\" \/>\n\t\t<meta property=\"og:url\" content=\"https:\/\/candas365.es\/noticias\/alemania-quiere-invertir-mas-en-defensa-por-amenazas-internacionales\/\" \/>\n\t\t<meta property=\"og:image\" content=\"https:\/\/candas365.es\/noticias\/wp-content\/uploads\/2015\/09\/c365noticias.jpg\" \/>\n\t\t<meta property=\"og:image:secure_url\" content=\"https:\/\/candas365.es\/noticias\/wp-content\/uploads\/2015\/09\/c365noticias.jpg\" \/>\n\t\t<meta property=\"og:image:width\" content=\"655\" \/>\n\t\t<meta property=\"og:image:height\" content=\"360\" \/>\n\t\t<meta property=\"article:published_time\" content=\"2016-06-13T00:43:51+00:00\" \/>\n\t\t<meta property=\"article:modified_time\" content=\"2016-06-13T00:43:51+00:00\" \/>\n\t\t<meta property=\"article:publisher\" content=\"https:\/\/www.facebook.com\/Nachofdezber\" \/>\n\t\t<meta property=\"article:author\" content=\"https:\/\/www.facebook.com\/carrenoactualidad\" \/>\n\t\t<meta name=\"twitter:card\" content=\"summary_large_image\" \/>\n\t\t<meta name=\"twitter:site\" content=\"@NabercoDigital\" \/>\n\t\t<meta name=\"twitter:title\" content=\"Alemania quiere invertir m\u00e1s en defensa por amenazas internacionales | Cand\u00e1s 365\" \/>\n\t\t<meta name=\"twitter:description\" content=\"Frankenberg (Alemania), 12 jun (dpa) - La ministra alemana de Defensa, Ursula von der Leyen, llam\u00f3 a aumentar el gasto en seguridad y defensa del pa\u00eds, en vista de las crecientes amenazas y tensiones globales. &quot;Necesitamos un cambio de tendencia para poder llevar a cabo las tareas que tiene encomendadas el Ej\u00e9rcito&quot;, afirm\u00f3 la pol\u00edtica\" \/>\n\t\t<meta name=\"twitter:creator\" content=\"@nbasturias\" \/>\n\t\t<meta name=\"twitter:image\" content=\"https:\/\/candas365.es\/noticias\/wp-content\/uploads\/2015\/09\/c365noticias.jpg\" \/>\n\t\t<meta name=\"twitter:label1\" content=\"Escrito por\" \/>\n\t\t<meta name=\"twitter:data1\" content=\"Cand\u00e1s 365\" \/>\n\t\t<meta name=\"twitter:label2\" content=\"Tiempo de lectura estimado\" \/>\n\t\t<meta name=\"twitter:data2\" content=\"1 minuto\" \/>\n\t\t<script type=\"application\/ld+json\" class=\"aioseo-schema\">\n\t\t\t{\"@context\":\"https:\\\/\\\/schema.org\",\"@graph\":[{\"@type\":\"BreadcrumbList\",\"@id\":\"https:\\\/\\\/candas365.es\\\/noticias\\\/alemania-quiere-invertir-mas-en-defensa-por-amenazas-internacionales\\\/#breadcrumblist\",\"itemListElement\":[{\"@type\":\"ListItem\",\"@id\":\"https:\\\/\\\/candas365.es\\\/noticias#listItem\",\"position\":1,\"name\":\"Home\",\"item\":\"https:\\\/\\\/candas365.es\\\/noticias\",\"nextItem\":{\"@type\":\"ListItem\",\"@id\":\"https:\\\/\\\/candas365.es\\\/noticias\\\/category\\\/actualidad\\\/#listItem\",\"name\":\"Actualidad\"}},{\"@type\":\"ListItem\",\"@id\":\"https:\\\/\\\/candas365.es\\\/noticias\\\/category\\\/actualidad\\\/#listItem\",\"position\":2,\"name\":\"Actualidad\",\"item\":\"https:\\\/\\\/candas365.es\\\/noticias\\\/category\\\/actualidad\\\/\",\"nextItem\":{\"@type\":\"ListItem\",\"@id\":\"https:\\\/\\\/candas365.es\\\/noticias\\\/alemania-quiere-invertir-mas-en-defensa-por-amenazas-internacionales\\\/#listItem\",\"name\":\"Alemania quiere invertir m\\u00e1s en defensa por amenazas internacionales\"},\"previousItem\":{\"@type\":\"ListItem\",\"@id\":\"https:\\\/\\\/candas365.es\\\/noticias#listItem\",\"name\":\"Home\"}},{\"@type\":\"ListItem\",\"@id\":\"https:\\\/\\\/candas365.es\\\/noticias\\\/alemania-quiere-invertir-mas-en-defensa-por-amenazas-internacionales\\\/#listItem\",\"position\":3,\"name\":\"Alemania quiere invertir m\\u00e1s en defensa por amenazas internacionales\",\"previousItem\":{\"@type\":\"ListItem\",\"@id\":\"https:\\\/\\\/candas365.es\\\/noticias\\\/category\\\/actualidad\\\/#listItem\",\"name\":\"Actualidad\"}}]},{\"@type\":\"NewsArticle\",\"@id\":\"https:\\\/\\\/candas365.es\\\/noticias\\\/alemania-quiere-invertir-mas-en-defensa-por-amenazas-internacionales\\\/#newsarticle\",\"name\":\"Alemania quiere invertir m\\u00e1s en defensa por amenazas internacionales | Cand\\u00e1s 365\",\"headline\":\"Alemania quiere invertir m\\u00e1s en defensa por amenazas internacionales\",\"author\":{\"@id\":\"https:\\\/\\\/candas365.es\\\/noticias\\\/author\\\/admin\\\/#author\"},\"publisher\":{\"@id\":\"https:\\\/\\\/candas365.es\\\/noticias\\\/#organization\"},\"image\":{\"@type\":\"ImageObject\",\"url\":\"https:\\\/\\\/candas365.es\\\/noticias\\\/wp-content\\\/uploads\\\/2015\\\/09\\\/c365noticias.jpg\",\"width\":655,\"height\":360},\"datePublished\":\"2016-06-13T02:13:51+02:00\",\"dateModified\":\"2016-06-13T02:13:51+02:00\",\"inLanguage\":\"es-ES\",\"mainEntityOfPage\":{\"@id\":\"https:\\\/\\\/candas365.es\\\/noticias\\\/alemania-quiere-invertir-mas-en-defensa-por-amenazas-internacionales\\\/#webpage\"},\"isPartOf\":{\"@id\":\"https:\\\/\\\/candas365.es\\\/noticias\\\/alemania-quiere-invertir-mas-en-defensa-por-amenazas-internacionales\\\/#webpage\"},\"articleSection\":\"Actualidad\",\"dateline\":\"Publicado el junio 13, 2016.\"},{\"@type\":\"Organization\",\"@id\":\"https:\\\/\\\/candas365.es\\\/noticias\\\/#organization\",\"name\":\"Cand\\u00e1s 365\",\"description\":\"Cand\\u00e1s 365 es un diario digital independiente, fundado en 2012, con base en Asturias. Informamos con rigor sobre actualidad, sociedad, cultura y ocio, con una mirada local y global.\",\"url\":\"https:\\\/\\\/candas365.es\\\/noticias\\\/\",\"email\":\"info@candas365.es\",\"telephone\":\"+34652131393\",\"foundingDate\":\"2012-06-10\",\"logo\":{\"@type\":\"ImageObject\",\"url\":\"https:\\\/\\\/candas365.es\\\/noticias\\\/wp-content\\\/uploads\\\/2024\\\/09\\\/Candas-365-Redes.jpg\",\"@id\":\"https:\\\/\\\/candas365.es\\\/noticias\\\/alemania-quiere-invertir-mas-en-defensa-por-amenazas-internacionales\\\/#organizationLogo\",\"width\":1152,\"height\":864,\"caption\":\"Cand\\u00e1s 365 Redes\"},\"image\":{\"@id\":\"https:\\\/\\\/candas365.es\\\/noticias\\\/alemania-quiere-invertir-mas-en-defensa-por-amenazas-internacionales\\\/#organizationLogo\"},\"sameAs\":[\"https:\\\/\\\/www.facebook.com\\\/Nachofdezber\",\"https:\\\/\\\/x.com\\\/NabercoDigital\",\"https:\\\/\\\/www.instagram.com\\\/nachofdezber\\\/\",\"https:\\\/\\\/www.youtube.com\\\/channel\\\/UCZP-2wLEB9Rv6erhFmqVnvg\"],\"address\":{\"@id\":\"https:\\\/\\\/candas365.es\\\/noticias\\\/#postaladdress\",\"@type\":\"PostalAddress\",\"streetAddress\":\"san antonio 4, san antonio 4\",\"postalCode\":\"33430\",\"addressLocality\":\"Cand\\u00e1s\",\"addressRegion\":\"Asturias\",\"addressCountry\":\"ES\"}},{\"@type\":\"Person\",\"@id\":\"https:\\\/\\\/candas365.es\\\/noticias\\\/author\\\/admin\\\/#author\",\"url\":\"https:\\\/\\\/candas365.es\\\/noticias\\\/author\\\/admin\\\/\",\"name\":\"Cand\\u00e1s 365\",\"image\":{\"@type\":\"ImageObject\",\"@id\":\"https:\\\/\\\/candas365.es\\\/noticias\\\/alemania-quiere-invertir-mas-en-defensa-por-amenazas-internacionales\\\/#authorImage\",\"url\":\"https:\\\/\\\/secure.gravatar.com\\\/avatar\\\/496a8e03d0c493ede1718b7934145dbdf8d89be1036b0eec9544e1094c9de390?s=96&d=mm&r=g\",\"width\":96,\"height\":96,\"caption\":\"Cand\\u00e1s 365\"},\"sameAs\":[\"https:\\\/\\\/www.facebook.com\\\/carrenoactualidad\",\"https:\\\/\\\/twitter.com\\\/nbasturias\",\"https:\\\/\\\/www.instagram.com\\\/nachofdezber\\\/\",\"https:\\\/\\\/www.youtube.com\\\/channel\\\/UCZP-2wLEB9Rv6erhFmqVnvg\"]},{\"@type\":\"WebPage\",\"@id\":\"https:\\\/\\\/candas365.es\\\/noticias\\\/alemania-quiere-invertir-mas-en-defensa-por-amenazas-internacionales\\\/#webpage\",\"url\":\"https:\\\/\\\/candas365.es\\\/noticias\\\/alemania-quiere-invertir-mas-en-defensa-por-amenazas-internacionales\\\/\",\"name\":\"Alemania quiere invertir m\\u00e1s en defensa por amenazas internacionales | Cand\\u00e1s 365\",\"description\":\"Frankenberg (Alemania), 12 jun (dpa) - La ministra alemana de Defensa, Ursula von der Leyen, llam\\u00f3 a aumentar el gasto en seguridad y defensa del pa\\u00eds, en vista de las crecientes amenazas y tensiones globales. \\\"Necesitamos un cambio de tendencia para poder llevar a cabo las tareas que tiene encomendadas el Ej\\u00e9rcito\\\", afirm\\u00f3 la pol\\u00edtica\",\"inLanguage\":\"es-ES\",\"isPartOf\":{\"@id\":\"https:\\\/\\\/candas365.es\\\/noticias\\\/#website\"},\"breadcrumb\":{\"@id\":\"https:\\\/\\\/candas365.es\\\/noticias\\\/alemania-quiere-invertir-mas-en-defensa-por-amenazas-internacionales\\\/#breadcrumblist\"},\"author\":{\"@id\":\"https:\\\/\\\/candas365.es\\\/noticias\\\/author\\\/admin\\\/#author\"},\"creator\":{\"@id\":\"https:\\\/\\\/candas365.es\\\/noticias\\\/author\\\/admin\\\/#author\"},\"image\":{\"@type\":\"ImageObject\",\"url\":\"https:\\\/\\\/candas365.es\\\/noticias\\\/wp-content\\\/uploads\\\/2015\\\/09\\\/c365noticias.jpg\",\"@id\":\"https:\\\/\\\/candas365.es\\\/noticias\\\/alemania-quiere-invertir-mas-en-defensa-por-amenazas-internacionales\\\/#mainImage\",\"width\":655,\"height\":360},\"primaryImageOfPage\":{\"@id\":\"https:\\\/\\\/candas365.es\\\/noticias\\\/alemania-quiere-invertir-mas-en-defensa-por-amenazas-internacionales\\\/#mainImage\"},\"datePublished\":\"2016-06-13T02:13:51+02:00\",\"dateModified\":\"2016-06-13T02:13:51+02:00\"},{\"@type\":\"WebSite\",\"@id\":\"https:\\\/\\\/candas365.es\\\/noticias\\\/#website\",\"url\":\"https:\\\/\\\/candas365.es\\\/noticias\\\/\",\"name\":\"Cand\\u00e1s 365\",\"alternateName\":\"Cand\\u00e1s 365 Noticias\",\"description\":\"Actualidad desde Carre\\u00f1o para el mundo\",\"inLanguage\":\"es-ES\",\"publisher\":{\"@id\":\"https:\\\/\\\/candas365.es\\\/noticias\\\/#organization\"}}]}\n\t\t<\/script>\n\t\t<!-- All in One SEO Pro -->\r\n\t\t<title>Alemania quiere invertir m\u00e1s en defensa por amenazas internacionales | Cand\u00e1s 365<\/title>\n\n","aioseo_head_json":{"title":"Alemania quiere invertir m\u00e1s en defensa por amenazas internacionales | Cand\u00e1s 365","description":"Frankenberg (Alemania), 12 jun (dpa) - La ministra alemana de Defensa, Ursula von der Leyen, llam\u00f3 a aumentar el gasto en seguridad y defensa del pa\u00eds, en vista de las crecientes amenazas y tensiones globales. \"Necesitamos un cambio de tendencia para poder llevar a cabo las tareas que tiene encomendadas el Ej\u00e9rcito\", afirm\u00f3 la pol\u00edtica","canonical_url":"https:\/\/candas365.es\/noticias\/alemania-quiere-invertir-mas-en-defensa-por-amenazas-internacionales\/","robots":"max-image-preview:large","keywords":"actualidad","webmasterTools":{"google-site-verification":"UA-32230408-1","msvalidate.01":"354F3CDFB2DA171B47FBE9ABF1F88D5","miscellaneous":""},"schema":{"@context":"https:\/\/schema.org","@graph":[{"@type":"BreadcrumbList","@id":"https:\/\/candas365.es\/noticias\/alemania-quiere-invertir-mas-en-defensa-por-amenazas-internacionales\/#breadcrumblist","itemListElement":[{"@type":"ListItem","@id":"https:\/\/candas365.es\/noticias#listItem","position":1,"name":"Home","item":"https:\/\/candas365.es\/noticias","nextItem":{"@type":"ListItem","@id":"https:\/\/candas365.es\/noticias\/category\/actualidad\/#listItem","name":"Actualidad"}},{"@type":"ListItem","@id":"https:\/\/candas365.es\/noticias\/category\/actualidad\/#listItem","position":2,"name":"Actualidad","item":"https:\/\/candas365.es\/noticias\/category\/actualidad\/","nextItem":{"@type":"ListItem","@id":"https:\/\/candas365.es\/noticias\/alemania-quiere-invertir-mas-en-defensa-por-amenazas-internacionales\/#listItem","name":"Alemania quiere invertir m\u00e1s en defensa por amenazas internacionales"},"previousItem":{"@type":"ListItem","@id":"https:\/\/candas365.es\/noticias#listItem","name":"Home"}},{"@type":"ListItem","@id":"https:\/\/candas365.es\/noticias\/alemania-quiere-invertir-mas-en-defensa-por-amenazas-internacionales\/#listItem","position":3,"name":"Alemania quiere invertir m\u00e1s en defensa por amenazas internacionales","previousItem":{"@type":"ListItem","@id":"https:\/\/candas365.es\/noticias\/category\/actualidad\/#listItem","name":"Actualidad"}}]},{"@type":"NewsArticle","@id":"https:\/\/candas365.es\/noticias\/alemania-quiere-invertir-mas-en-defensa-por-amenazas-internacionales\/#newsarticle","name":"Alemania quiere invertir m\u00e1s en defensa por amenazas internacionales | Cand\u00e1s 365","headline":"Alemania quiere invertir m\u00e1s en defensa por amenazas internacionales","author":{"@id":"https:\/\/candas365.es\/noticias\/author\/admin\/#author"},"publisher":{"@id":"https:\/\/candas365.es\/noticias\/#organization"},"image":{"@type":"ImageObject","url":"https:\/\/candas365.es\/noticias\/wp-content\/uploads\/2015\/09\/c365noticias.jpg","width":655,"height":360},"datePublished":"2016-06-13T02:13:51+02:00","dateModified":"2016-06-13T02:13:51+02:00","inLanguage":"es-ES","mainEntityOfPage":{"@id":"https:\/\/candas365.es\/noticias\/alemania-quiere-invertir-mas-en-defensa-por-amenazas-internacionales\/#webpage"},"isPartOf":{"@id":"https:\/\/candas365.es\/noticias\/alemania-quiere-invertir-mas-en-defensa-por-amenazas-internacionales\/#webpage"},"articleSection":"Actualidad","dateline":"Publicado el junio 13, 2016."},{"@type":"Organization","@id":"https:\/\/candas365.es\/noticias\/#organization","name":"Cand\u00e1s 365","description":"Cand\u00e1s 365 es un diario digital independiente, fundado en 2012, con base en Asturias. Informamos con rigor sobre actualidad, sociedad, cultura y ocio, con una mirada local y global.","url":"https:\/\/candas365.es\/noticias\/","email":"info@candas365.es","telephone":"+34652131393","foundingDate":"2012-06-10","logo":{"@type":"ImageObject","url":"https:\/\/candas365.es\/noticias\/wp-content\/uploads\/2024\/09\/Candas-365-Redes.jpg","@id":"https:\/\/candas365.es\/noticias\/alemania-quiere-invertir-mas-en-defensa-por-amenazas-internacionales\/#organizationLogo","width":1152,"height":864,"caption":"Cand\u00e1s 365 Redes"},"image":{"@id":"https:\/\/candas365.es\/noticias\/alemania-quiere-invertir-mas-en-defensa-por-amenazas-internacionales\/#organizationLogo"},"sameAs":["https:\/\/www.facebook.com\/Nachofdezber","https:\/\/x.com\/NabercoDigital","https:\/\/www.instagram.com\/nachofdezber\/","https:\/\/www.youtube.com\/channel\/UCZP-2wLEB9Rv6erhFmqVnvg"],"address":{"@id":"https:\/\/candas365.es\/noticias\/#postaladdress","@type":"PostalAddress","streetAddress":"san antonio 4, san antonio 4","postalCode":"33430","addressLocality":"Cand\u00e1s","addressRegion":"Asturias","addressCountry":"ES"}},{"@type":"Person","@id":"https:\/\/candas365.es\/noticias\/author\/admin\/#author","url":"https:\/\/candas365.es\/noticias\/author\/admin\/","name":"Cand\u00e1s 365","image":{"@type":"ImageObject","@id":"https:\/\/candas365.es\/noticias\/alemania-quiere-invertir-mas-en-defensa-por-amenazas-internacionales\/#authorImage","url":"https:\/\/secure.gravatar.com\/avatar\/496a8e03d0c493ede1718b7934145dbdf8d89be1036b0eec9544e1094c9de390?s=96&d=mm&r=g","width":96,"height":96,"caption":"Cand\u00e1s 365"},"sameAs":["https:\/\/www.facebook.com\/carrenoactualidad","https:\/\/twitter.com\/nbasturias","https:\/\/www.instagram.com\/nachofdezber\/","https:\/\/www.youtube.com\/channel\/UCZP-2wLEB9Rv6erhFmqVnvg"]},{"@type":"WebPage","@id":"https:\/\/candas365.es\/noticias\/alemania-quiere-invertir-mas-en-defensa-por-amenazas-internacionales\/#webpage","url":"https:\/\/candas365.es\/noticias\/alemania-quiere-invertir-mas-en-defensa-por-amenazas-internacionales\/","name":"Alemania quiere invertir m\u00e1s en defensa por amenazas internacionales | Cand\u00e1s 365","description":"Frankenberg (Alemania), 12 jun (dpa) - La ministra alemana de Defensa, Ursula von der Leyen, llam\u00f3 a aumentar el gasto en seguridad y defensa del pa\u00eds, en vista de las crecientes amenazas y tensiones globales. \"Necesitamos un cambio de tendencia para poder llevar a cabo las tareas que tiene encomendadas el Ej\u00e9rcito\", afirm\u00f3 la pol\u00edtica","inLanguage":"es-ES","isPartOf":{"@id":"https:\/\/candas365.es\/noticias\/#website"},"breadcrumb":{"@id":"https:\/\/candas365.es\/noticias\/alemania-quiere-invertir-mas-en-defensa-por-amenazas-internacionales\/#breadcrumblist"},"author":{"@id":"https:\/\/candas365.es\/noticias\/author\/admin\/#author"},"creator":{"@id":"https:\/\/candas365.es\/noticias\/author\/admin\/#author"},"image":{"@type":"ImageObject","url":"https:\/\/candas365.es\/noticias\/wp-content\/uploads\/2015\/09\/c365noticias.jpg","@id":"https:\/\/candas365.es\/noticias\/alemania-quiere-invertir-mas-en-defensa-por-amenazas-internacionales\/#mainImage","width":655,"height":360},"primaryImageOfPage":{"@id":"https:\/\/candas365.es\/noticias\/alemania-quiere-invertir-mas-en-defensa-por-amenazas-internacionales\/#mainImage"},"datePublished":"2016-06-13T02:13:51+02:00","dateModified":"2016-06-13T02:13:51+02:00"},{"@type":"WebSite","@id":"https:\/\/candas365.es\/noticias\/#website","url":"https:\/\/candas365.es\/noticias\/","name":"Cand\u00e1s 365","alternateName":"Cand\u00e1s 365 Noticias","description":"Actualidad desde Carre\u00f1o para el mundo","inLanguage":"es-ES","publisher":{"@id":"https:\/\/candas365.es\/noticias\/#organization"}}]},"og:locale":"es_ES","og:site_name":"Cand\u00e1s 365","og:type":"article","og:title":"Alemania quiere invertir m\u00e1s en defensa por amenazas internacionales | Cand\u00e1s 365","og:description":"Frankenberg (Alemania), 12 jun (dpa) - La ministra alemana de Defensa, Ursula von der Leyen, llam\u00f3 a aumentar el gasto en seguridad y defensa del pa\u00eds, en vista de las crecientes amenazas y tensiones globales. &quot;Necesitamos un cambio de tendencia para poder llevar a cabo las tareas que tiene encomendadas el Ej\u00e9rcito&quot;, afirm\u00f3 la pol\u00edtica","og:url":"https:\/\/candas365.es\/noticias\/alemania-quiere-invertir-mas-en-defensa-por-amenazas-internacionales\/","og:image":"https:\/\/candas365.es\/noticias\/wp-content\/uploads\/2015\/09\/c365noticias.jpg","og:image:secure_url":"https:\/\/candas365.es\/noticias\/wp-content\/uploads\/2015\/09\/c365noticias.jpg","og:image:width":655,"og:image:height":360,"article:published_time":"2016-06-13T00:43:51+00:00","article:modified_time":"2016-06-13T00:43:51+00:00","article:publisher":"https:\/\/www.facebook.com\/Nachofdezber","article:author":"https:\/\/www.facebook.com\/carrenoactualidad","twitter:card":"summary_large_image","twitter:site":"@NabercoDigital","twitter:title":"Alemania quiere invertir m\u00e1s en defensa por amenazas internacionales | Cand\u00e1s 365","twitter:description":"Frankenberg (Alemania), 12 jun (dpa) - La ministra alemana de Defensa, Ursula von der Leyen, llam\u00f3 a aumentar el gasto en seguridad y defensa del pa\u00eds, en vista de las crecientes amenazas y tensiones globales. &quot;Necesitamos un cambio de tendencia para poder llevar a cabo las tareas que tiene encomendadas el Ej\u00e9rcito&quot;, afirm\u00f3 la pol\u00edtica","twitter:creator":"@nbasturias","twitter:image":"https:\/\/candas365.es\/noticias\/wp-content\/uploads\/2015\/09\/c365noticias.jpg","twitter:label1":"Escrito por","twitter:data1":"Cand\u00e1s 365","twitter:label2":"Tiempo de lectura estimado","twitter:data2":"1 minuto"},"aioseo_meta_data":{"post_id":"30130","title":null,"description":null,"keywords":null,"keyphrases":null,"primary_term":null,"canonical_url":null,"og_title":null,"og_description":null,"og_object_type":"default","og_image_type":"default","og_image_url":null,"og_image_width":null,"og_image_height":null,"og_image_custom_url":null,"og_image_custom_fields":null,"og_video":null,"og_custom_url":null,"og_article_section":null,"og_article_tags":null,"twitter_use_og":false,"twitter_card":"default","twitter_image_type":"default","twitter_image_url":null,"twitter_image_custom_url":null,"twitter_image_custom_fields":null,"twitter_title":null,"twitter_description":null,"schema":{"blockGraphs":[],"customGraphs":[],"default":{"data":{"Article":[],"Course":[],"Dataset":[],"FAQPage":[],"Movie":[],"Person":[],"Product":[],"ProductReview":[],"Car":[],"Recipe":[],"Service":[],"SoftwareApplication":[],"WebPage":[]},"graphName":"","isEnabled":true},"graphs":[],"defaultGraph":"","defaultPostTypeGraph":""},"schema_type":null,"schema_type_options":null,"pillar_content":false,"robots_default":true,"robots_noindex":false,"robots_noarchive":false,"robots_nosnippet":false,"robots_nofollow":false,"robots_noimageindex":false,"robots_noodp":false,"robots_notranslate":false,"robots_max_snippet":null,"robots_max_videopreview":null,"robots_max_imagepreview":"large","priority":null,"frequency":null,"location":null,"local_seo":null,"seo_analyzer_scan_date":"2025-08-24 12:05:28","breadcrumb_settings":null,"limit_modified_date":false,"reviewed_by":null,"open_ai":null,"ai":null,"created":"2020-12-21 12:57:01","updated":"2025-08-24 12:05:28"},"aioseo_breadcrumb":"<div class=\"aioseo-breadcrumbs\"><span class=\"aioseo-breadcrumb\">\n\t<a href=\"https:\/\/candas365.es\/noticias\" title=\"Home\">Home<\/a>\n<\/span><span class=\"aioseo-breadcrumb-separator\">&ndash;<\/span><span class=\"aioseo-breadcrumb\">\n\t<a href=\"https:\/\/candas365.es\/noticias\/category\/actualidad\/\" title=\"Actualidad\">Actualidad<\/a>\n<\/span><span class=\"aioseo-breadcrumb-separator\">&ndash;<\/span><span class=\"aioseo-breadcrumb\">\n\tAlemania quiere invertir m\u00e1s en defensa por amenazas internacionales\n<\/span><\/div>","aioseo_breadcrumb_json":[{"label":"Home","link":"https:\/\/candas365.es\/noticias"},{"label":"Actualidad","link":"https:\/\/candas365.es\/noticias\/category\/actualidad\/"},{"label":"Alemania quiere invertir m\u00e1s en defensa por amenazas internacionales","link":"https:\/\/candas365.es\/noticias\/alemania-quiere-invertir-mas-en-defensa-por-amenazas-internacionales\/"}],"_links":{"self":[{"href":"https:\/\/candas365.es\/noticias\/wp-json\/wp\/v2\/posts\/30130","targetHints":{"allow":["GET"]}}],"collection":[{"href":"https:\/\/candas365.es\/noticias\/wp-json\/wp\/v2\/posts"}],"about":[{"href":"https:\/\/candas365.es\/noticias\/wp-json\/wp\/v2\/types\/post"}],"author":[{"embeddable":true,"href":"https:\/\/candas365.es\/noticias\/wp-json\/wp\/v2\/users\/1"}],"replies":[{"embeddable":true,"href":"https:\/\/candas365.es\/noticias\/wp-json\/wp\/v2\/comments?post=30130"}],"version-history":[{"count":0,"href":"https:\/\/candas365.es\/noticias\/wp-json\/wp\/v2\/posts\/30130\/revisions"}],"wp:featuredmedia":[{"embeddable":true,"href":"https:\/\/candas365.es\/noticias\/wp-json\/wp\/v2\/media\/16457"}],"wp:attachment":[{"href":"https:\/\/candas365.es\/noticias\/wp-json\/wp\/v2\/media?parent=30130"}],"wp:term":[{"taxonomy":"category","embeddable":true,"href":"https:\/\/candas365.es\/noticias\/wp-json\/wp\/v2\/categories?post=30130"},{"taxonomy":"post_tag","embeddable":true,"href":"https:\/\/candas365.es\/noticias\/wp-json\/wp\/v2\/tags?post=30130"}],"curies":[{"name":"wp","href":"https:\/\/api.w.org\/{rel}","templated":true}]}}