{"id":30119,"date":"2016-06-13T02:07:19","date_gmt":"2016-06-13T00:37:19","guid":{"rendered":"http:\/\/candas365.es\/noticias\/?p=30119"},"modified":"2016-06-13T02:07:47","modified_gmt":"2016-06-13T00:37:47","slug":"rescatado-en-helicoptero-un-escalador-que-se-enrisco-en-torrecerredo","status":"publish","type":"post","link":"https:\/\/candas365.es\/noticias\/rescatado-en-helicoptero-un-escalador-que-se-enrisco-en-torrecerredo\/","title":{"rendered":"Rescatado en helic\u00f3ptero un escalador que se enrisc\u00f3 en Torrecerredo"},"content":{"rendered":"<p>El Grupo de Rescate de Bomberos del Servicio de Emergencias del Principado de Asturias (SEPA), a bordo del helic\u00f3ptero medicalizado del organismo aut\u00f3nomo, ha rescatado a un monta\u00f1ero de 30 a\u00f1os que, qued\u00f3 enriscado cuando se encontraba practicando escalada en Torrecerredo, en los Picos de Europa, en el t\u00e9rmino municipal de Cabrales. El escalador fue evacuado, ileso, al Refugio de Urriellu.<\/p>\n<p>El Centro de Coordinaci\u00f3n de Emergencias ha informado en nota de prensa que recibi\u00f3 el aviso a las 12:45 horas. En la llamada se indic\u00f3 que estaban practicando escalada en la V\u00eda del Jou de Cerredo y, al parecer, el escalador qued\u00f3 enriscado en una repisa. El afectado no estaba herido, pero no pod\u00eda descender. De inmediato se moviliz\u00f3 al Grupo de Rescate, a bordo del helic\u00f3ptero medicalizado.<\/p>\n<p>Una vez en la zona, el equipo localiz\u00f3 al escalador que se encontraba a unos 25\/30 metros por debajo de la cumbre. Tras comprobar que el escalador se encontraba ileso, el equipo de rescate procedi\u00f3 a su evacuaci\u00f3n. Un bombero-rescatador accedi\u00f3 a la pared de la v\u00eda de escalada y se coloc\u00f3 en una repisa aleda\u00f1a a la del afectado. Una vez juntos, se realiz\u00f3 una operaci\u00f3n de gr\u00faa, en la que se desplegaron unos 35 metros de cable, para izar, al afectado a la aeronave. A continuaci\u00f3n, el grupo traslad\u00f3 al monta\u00f1ero hasta al Refugio de Urriellu.<\/p>\n<p>El Grupo de Rescate dio por finalizada la intervenci\u00f3n a su llegada a base, a las 14.50 horas. Como marca el protocolo, la sala del 112 del SEPA inform\u00f3 del suceso a la Guardia Civil, a los 112 lim\u00edtrofes de Castilla y Le\u00f3n y Cantabria, y a t\u00edtulo informativo, ya que no se encontraba herido, al Servicio de Atenci\u00f3n M\u00e9dica Urgente (SAMU).<\/p>\n","protected":false},"excerpt":{"rendered":"<p>El Grupo de Rescate de Bomberos del Servicio de Emergencias del Principado de Asturias (SEPA), a bordo del helic\u00f3ptero medicalizado del organismo aut\u00f3nomo, ha rescatado a un monta\u00f1ero de 30 a\u00f1os que, qued\u00f3 enriscado cuando se encontraba practicando escalada en Torrecerredo, en los Picos de Europa, en el t\u00e9rmino municipal de Cabrales. El escalador fue<\/p>\n","protected":false},"author":1,"featured_media":16457,"comment_status":"closed","ping_status":"closed","sticky":false,"template":"","format":"standard","meta":{"footnotes":""},"categories":[343],"tags":[],"class_list":{"0":"post-30119","1":"post","2":"type-post","3":"status-publish","4":"format-standard","5":"has-post-thumbnail","7":"category-actualidad"},"aioseo_notices":[],"aioseo_head":"\n\t\t<!-- All in One SEO Pro 4.9.6.2 - aioseo.com -->\n\t<meta name=\"description\" content=\"El Grupo de Rescate de Bomberos del Servicio de Emergencias del Principado de Asturias (SEPA), a bordo del helic\u00f3ptero medicalizado del organismo aut\u00f3nomo, ha rescatado a un monta\u00f1ero de 30 a\u00f1os que, qued\u00f3 enriscado cuando se encontraba practicando escalada en Torrecerredo, en los Picos de Europa, en el t\u00e9rmino municipal de Cabrales. El escalador fue\" \/>\n\t<meta name=\"robots\" content=\"max-image-preview:large\" \/>\n\t<meta name=\"author\" content=\"Cand\u00e1s 365\"\/>\n\t<meta name=\"google-site-verification\" content=\"UA-32230408-1\" \/>\n\t<meta name=\"msvalidate.01\" content=\"354F3CDFB2DA171B47FBE9ABF1F88D5\" \/>\n\t<meta name=\"keywords\" content=\"actualidad\" \/>\n\t<link rel=\"canonical\" href=\"https:\/\/candas365.es\/noticias\/rescatado-en-helicoptero-un-escalador-que-se-enrisco-en-torrecerredo\/\" \/>\n\t<meta name=\"generator\" content=\"All in One SEO Pro (AIOSEO) 4.9.6.2\" \/>\n\t\t<meta property=\"og:locale\" content=\"es_ES\" \/>\n\t\t<meta property=\"og:site_name\" content=\"Cand\u00e1s 365\" \/>\n\t\t<meta property=\"og:type\" content=\"article\" \/>\n\t\t<meta property=\"og:title\" content=\"Rescatado en helic\u00f3ptero un escalador que se enrisc\u00f3 en Torrecerredo | Cand\u00e1s 365\" \/>\n\t\t<meta property=\"og:description\" content=\"El Grupo de Rescate de Bomberos del Servicio de Emergencias del Principado de Asturias (SEPA), a bordo del helic\u00f3ptero medicalizado del organismo aut\u00f3nomo, ha rescatado a un monta\u00f1ero de 30 a\u00f1os que, qued\u00f3 enriscado cuando se encontraba practicando escalada en Torrecerredo, en los Picos de Europa, en el t\u00e9rmino municipal de Cabrales. El escalador fue\" \/>\n\t\t<meta property=\"og:url\" content=\"https:\/\/candas365.es\/noticias\/rescatado-en-helicoptero-un-escalador-que-se-enrisco-en-torrecerredo\/\" \/>\n\t\t<meta property=\"og:image\" content=\"https:\/\/candas365.es\/noticias\/wp-content\/uploads\/2015\/09\/c365noticias.jpg\" \/>\n\t\t<meta property=\"og:image:secure_url\" content=\"https:\/\/candas365.es\/noticias\/wp-content\/uploads\/2015\/09\/c365noticias.jpg\" \/>\n\t\t<meta property=\"og:image:width\" content=\"655\" \/>\n\t\t<meta property=\"og:image:height\" content=\"360\" \/>\n\t\t<meta property=\"article:published_time\" content=\"2016-06-13T00:37:19+00:00\" \/>\n\t\t<meta property=\"article:modified_time\" content=\"2016-06-13T00:37:47+00:00\" \/>\n\t\t<meta property=\"article:publisher\" content=\"https:\/\/www.facebook.com\/Nachofdezber\" \/>\n\t\t<meta property=\"article:author\" content=\"https:\/\/www.facebook.com\/carrenoactualidad\" \/>\n\t\t<meta name=\"twitter:card\" content=\"summary_large_image\" \/>\n\t\t<meta name=\"twitter:site\" content=\"@NabercoDigital\" \/>\n\t\t<meta name=\"twitter:title\" content=\"Rescatado en helic\u00f3ptero un escalador que se enrisc\u00f3 en Torrecerredo | Cand\u00e1s 365\" \/>\n\t\t<meta name=\"twitter:description\" content=\"El Grupo de Rescate de Bomberos del Servicio de Emergencias del Principado de Asturias (SEPA), a bordo del helic\u00f3ptero medicalizado del organismo aut\u00f3nomo, ha rescatado a un monta\u00f1ero de 30 a\u00f1os que, qued\u00f3 enriscado cuando se encontraba practicando escalada en Torrecerredo, en los Picos de Europa, en el t\u00e9rmino municipal de Cabrales. El escalador fue\" \/>\n\t\t<meta name=\"twitter:creator\" content=\"@nbasturias\" \/>\n\t\t<meta name=\"twitter:image\" content=\"https:\/\/candas365.es\/noticias\/wp-content\/uploads\/2015\/09\/c365noticias.jpg\" \/>\n\t\t<meta name=\"twitter:label1\" content=\"Escrito por\" \/>\n\t\t<meta name=\"twitter:data1\" content=\"Cand\u00e1s 365\" \/>\n\t\t<meta name=\"twitter:label2\" content=\"Tiempo de lectura estimado\" \/>\n\t\t<meta name=\"twitter:data2\" content=\"2 minutos\" \/>\n\t\t<script type=\"application\/ld+json\" class=\"aioseo-schema\">\n\t\t\t{\"@context\":\"https:\\\/\\\/schema.org\",\"@graph\":[{\"@type\":\"BreadcrumbList\",\"@id\":\"https:\\\/\\\/candas365.es\\\/noticias\\\/rescatado-en-helicoptero-un-escalador-que-se-enrisco-en-torrecerredo\\\/#breadcrumblist\",\"itemListElement\":[{\"@type\":\"ListItem\",\"@id\":\"https:\\\/\\\/candas365.es\\\/noticias#listItem\",\"position\":1,\"name\":\"Home\",\"item\":\"https:\\\/\\\/candas365.es\\\/noticias\",\"nextItem\":{\"@type\":\"ListItem\",\"@id\":\"https:\\\/\\\/candas365.es\\\/noticias\\\/category\\\/actualidad\\\/#listItem\",\"name\":\"Actualidad\"}},{\"@type\":\"ListItem\",\"@id\":\"https:\\\/\\\/candas365.es\\\/noticias\\\/category\\\/actualidad\\\/#listItem\",\"position\":2,\"name\":\"Actualidad\",\"item\":\"https:\\\/\\\/candas365.es\\\/noticias\\\/category\\\/actualidad\\\/\",\"nextItem\":{\"@type\":\"ListItem\",\"@id\":\"https:\\\/\\\/candas365.es\\\/noticias\\\/rescatado-en-helicoptero-un-escalador-que-se-enrisco-en-torrecerredo\\\/#listItem\",\"name\":\"Rescatado en helic\\u00f3ptero un escalador que se enrisc\\u00f3 en Torrecerredo\"},\"previousItem\":{\"@type\":\"ListItem\",\"@id\":\"https:\\\/\\\/candas365.es\\\/noticias#listItem\",\"name\":\"Home\"}},{\"@type\":\"ListItem\",\"@id\":\"https:\\\/\\\/candas365.es\\\/noticias\\\/rescatado-en-helicoptero-un-escalador-que-se-enrisco-en-torrecerredo\\\/#listItem\",\"position\":3,\"name\":\"Rescatado en helic\\u00f3ptero un escalador que se enrisc\\u00f3 en Torrecerredo\",\"previousItem\":{\"@type\":\"ListItem\",\"@id\":\"https:\\\/\\\/candas365.es\\\/noticias\\\/category\\\/actualidad\\\/#listItem\",\"name\":\"Actualidad\"}}]},{\"@type\":\"NewsArticle\",\"@id\":\"https:\\\/\\\/candas365.es\\\/noticias\\\/rescatado-en-helicoptero-un-escalador-que-se-enrisco-en-torrecerredo\\\/#newsarticle\",\"name\":\"Rescatado en helic\\u00f3ptero un escalador que se enrisc\\u00f3 en Torrecerredo | Cand\\u00e1s 365\",\"headline\":\"Rescatado en helic\\u00f3ptero un escalador que se enrisc\\u00f3 en Torrecerredo\",\"author\":{\"@id\":\"https:\\\/\\\/candas365.es\\\/noticias\\\/author\\\/admin\\\/#author\"},\"publisher\":{\"@id\":\"https:\\\/\\\/candas365.es\\\/noticias\\\/#organization\"},\"image\":{\"@type\":\"ImageObject\",\"url\":\"https:\\\/\\\/candas365.es\\\/noticias\\\/wp-content\\\/uploads\\\/2015\\\/09\\\/c365noticias.jpg\",\"width\":655,\"height\":360},\"datePublished\":\"2016-06-13T02:07:19+02:00\",\"dateModified\":\"2016-06-13T02:07:47+02:00\",\"inLanguage\":\"es-ES\",\"mainEntityOfPage\":{\"@id\":\"https:\\\/\\\/candas365.es\\\/noticias\\\/rescatado-en-helicoptero-un-escalador-que-se-enrisco-en-torrecerredo\\\/#webpage\"},\"isPartOf\":{\"@id\":\"https:\\\/\\\/candas365.es\\\/noticias\\\/rescatado-en-helicoptero-un-escalador-que-se-enrisco-en-torrecerredo\\\/#webpage\"},\"articleSection\":\"Actualidad\",\"dateline\":\"Publicado el junio 13, 2016.\"},{\"@type\":\"Organization\",\"@id\":\"https:\\\/\\\/candas365.es\\\/noticias\\\/#organization\",\"name\":\"Cand\\u00e1s 365\",\"description\":\"Cand\\u00e1s 365 es un diario digital independiente, fundado en 2012, con base en Asturias. Informamos con rigor sobre actualidad, sociedad, cultura y ocio, con una mirada local y global.\",\"url\":\"https:\\\/\\\/candas365.es\\\/noticias\\\/\",\"email\":\"info@candas365.es\",\"telephone\":\"+34652131393\",\"foundingDate\":\"2012-06-10\",\"logo\":{\"@type\":\"ImageObject\",\"url\":\"https:\\\/\\\/candas365.es\\\/noticias\\\/wp-content\\\/uploads\\\/2024\\\/09\\\/Candas-365-Redes.jpg\",\"@id\":\"https:\\\/\\\/candas365.es\\\/noticias\\\/rescatado-en-helicoptero-un-escalador-que-se-enrisco-en-torrecerredo\\\/#organizationLogo\",\"width\":1152,\"height\":864,\"caption\":\"Cand\\u00e1s 365 Redes\"},\"image\":{\"@id\":\"https:\\\/\\\/candas365.es\\\/noticias\\\/rescatado-en-helicoptero-un-escalador-que-se-enrisco-en-torrecerredo\\\/#organizationLogo\"},\"sameAs\":[\"https:\\\/\\\/www.facebook.com\\\/Nachofdezber\",\"https:\\\/\\\/x.com\\\/NabercoDigital\",\"https:\\\/\\\/www.instagram.com\\\/nachofdezber\\\/\",\"https:\\\/\\\/www.youtube.com\\\/channel\\\/UCZP-2wLEB9Rv6erhFmqVnvg\"],\"address\":{\"@id\":\"https:\\\/\\\/candas365.es\\\/noticias\\\/#postaladdress\",\"@type\":\"PostalAddress\",\"streetAddress\":\"san antonio 4, san antonio 4\",\"postalCode\":\"33430\",\"addressLocality\":\"Cand\\u00e1s\",\"addressRegion\":\"Asturias\",\"addressCountry\":\"ES\"}},{\"@type\":\"Person\",\"@id\":\"https:\\\/\\\/candas365.es\\\/noticias\\\/author\\\/admin\\\/#author\",\"url\":\"https:\\\/\\\/candas365.es\\\/noticias\\\/author\\\/admin\\\/\",\"name\":\"Cand\\u00e1s 365\",\"image\":{\"@type\":\"ImageObject\",\"@id\":\"https:\\\/\\\/candas365.es\\\/noticias\\\/rescatado-en-helicoptero-un-escalador-que-se-enrisco-en-torrecerredo\\\/#authorImage\",\"url\":\"https:\\\/\\\/secure.gravatar.com\\\/avatar\\\/496a8e03d0c493ede1718b7934145dbdf8d89be1036b0eec9544e1094c9de390?s=96&d=mm&r=g\",\"width\":96,\"height\":96,\"caption\":\"Cand\\u00e1s 365\"},\"sameAs\":[\"https:\\\/\\\/www.facebook.com\\\/carrenoactualidad\",\"https:\\\/\\\/twitter.com\\\/nbasturias\",\"https:\\\/\\\/www.instagram.com\\\/nachofdezber\\\/\",\"https:\\\/\\\/www.youtube.com\\\/channel\\\/UCZP-2wLEB9Rv6erhFmqVnvg\"]},{\"@type\":\"WebPage\",\"@id\":\"https:\\\/\\\/candas365.es\\\/noticias\\\/rescatado-en-helicoptero-un-escalador-que-se-enrisco-en-torrecerredo\\\/#webpage\",\"url\":\"https:\\\/\\\/candas365.es\\\/noticias\\\/rescatado-en-helicoptero-un-escalador-que-se-enrisco-en-torrecerredo\\\/\",\"name\":\"Rescatado en helic\\u00f3ptero un escalador que se enrisc\\u00f3 en Torrecerredo | Cand\\u00e1s 365\",\"description\":\"El Grupo de Rescate de Bomberos del Servicio de Emergencias del Principado de Asturias (SEPA), a bordo del helic\\u00f3ptero medicalizado del organismo aut\\u00f3nomo, ha rescatado a un monta\\u00f1ero de 30 a\\u00f1os que, qued\\u00f3 enriscado cuando se encontraba practicando escalada en Torrecerredo, en los Picos de Europa, en el t\\u00e9rmino municipal de Cabrales. El escalador fue\",\"inLanguage\":\"es-ES\",\"isPartOf\":{\"@id\":\"https:\\\/\\\/candas365.es\\\/noticias\\\/#website\"},\"breadcrumb\":{\"@id\":\"https:\\\/\\\/candas365.es\\\/noticias\\\/rescatado-en-helicoptero-un-escalador-que-se-enrisco-en-torrecerredo\\\/#breadcrumblist\"},\"author\":{\"@id\":\"https:\\\/\\\/candas365.es\\\/noticias\\\/author\\\/admin\\\/#author\"},\"creator\":{\"@id\":\"https:\\\/\\\/candas365.es\\\/noticias\\\/author\\\/admin\\\/#author\"},\"image\":{\"@type\":\"ImageObject\",\"url\":\"https:\\\/\\\/candas365.es\\\/noticias\\\/wp-content\\\/uploads\\\/2015\\\/09\\\/c365noticias.jpg\",\"@id\":\"https:\\\/\\\/candas365.es\\\/noticias\\\/rescatado-en-helicoptero-un-escalador-que-se-enrisco-en-torrecerredo\\\/#mainImage\",\"width\":655,\"height\":360},\"primaryImageOfPage\":{\"@id\":\"https:\\\/\\\/candas365.es\\\/noticias\\\/rescatado-en-helicoptero-un-escalador-que-se-enrisco-en-torrecerredo\\\/#mainImage\"},\"datePublished\":\"2016-06-13T02:07:19+02:00\",\"dateModified\":\"2016-06-13T02:07:47+02:00\"},{\"@type\":\"WebSite\",\"@id\":\"https:\\\/\\\/candas365.es\\\/noticias\\\/#website\",\"url\":\"https:\\\/\\\/candas365.es\\\/noticias\\\/\",\"name\":\"Cand\\u00e1s 365\",\"alternateName\":\"Cand\\u00e1s 365 Noticias\",\"description\":\"Actualidad desde Carre\\u00f1o para el mundo\",\"inLanguage\":\"es-ES\",\"publisher\":{\"@id\":\"https:\\\/\\\/candas365.es\\\/noticias\\\/#organization\"}}]}\n\t\t<\/script>\n\t\t<!-- All in One SEO Pro -->\r\n\t\t<title>Rescatado en helic\u00f3ptero un escalador que se enrisc\u00f3 en Torrecerredo | Cand\u00e1s 365<\/title>\n\n","aioseo_head_json":{"title":"Rescatado en helic\u00f3ptero un escalador que se enrisc\u00f3 en Torrecerredo | Cand\u00e1s 365","description":"El Grupo de Rescate de Bomberos del Servicio de Emergencias del Principado de Asturias (SEPA), a bordo del helic\u00f3ptero medicalizado del organismo aut\u00f3nomo, ha rescatado a un monta\u00f1ero de 30 a\u00f1os que, qued\u00f3 enriscado cuando se encontraba practicando escalada en Torrecerredo, en los Picos de Europa, en el t\u00e9rmino municipal de Cabrales. El escalador fue","canonical_url":"https:\/\/candas365.es\/noticias\/rescatado-en-helicoptero-un-escalador-que-se-enrisco-en-torrecerredo\/","robots":"max-image-preview:large","keywords":"actualidad","webmasterTools":{"google-site-verification":"UA-32230408-1","msvalidate.01":"354F3CDFB2DA171B47FBE9ABF1F88D5","miscellaneous":""},"schema":{"@context":"https:\/\/schema.org","@graph":[{"@type":"BreadcrumbList","@id":"https:\/\/candas365.es\/noticias\/rescatado-en-helicoptero-un-escalador-que-se-enrisco-en-torrecerredo\/#breadcrumblist","itemListElement":[{"@type":"ListItem","@id":"https:\/\/candas365.es\/noticias#listItem","position":1,"name":"Home","item":"https:\/\/candas365.es\/noticias","nextItem":{"@type":"ListItem","@id":"https:\/\/candas365.es\/noticias\/category\/actualidad\/#listItem","name":"Actualidad"}},{"@type":"ListItem","@id":"https:\/\/candas365.es\/noticias\/category\/actualidad\/#listItem","position":2,"name":"Actualidad","item":"https:\/\/candas365.es\/noticias\/category\/actualidad\/","nextItem":{"@type":"ListItem","@id":"https:\/\/candas365.es\/noticias\/rescatado-en-helicoptero-un-escalador-que-se-enrisco-en-torrecerredo\/#listItem","name":"Rescatado en helic\u00f3ptero un escalador que se enrisc\u00f3 en Torrecerredo"},"previousItem":{"@type":"ListItem","@id":"https:\/\/candas365.es\/noticias#listItem","name":"Home"}},{"@type":"ListItem","@id":"https:\/\/candas365.es\/noticias\/rescatado-en-helicoptero-un-escalador-que-se-enrisco-en-torrecerredo\/#listItem","position":3,"name":"Rescatado en helic\u00f3ptero un escalador que se enrisc\u00f3 en Torrecerredo","previousItem":{"@type":"ListItem","@id":"https:\/\/candas365.es\/noticias\/category\/actualidad\/#listItem","name":"Actualidad"}}]},{"@type":"NewsArticle","@id":"https:\/\/candas365.es\/noticias\/rescatado-en-helicoptero-un-escalador-que-se-enrisco-en-torrecerredo\/#newsarticle","name":"Rescatado en helic\u00f3ptero un escalador que se enrisc\u00f3 en Torrecerredo | Cand\u00e1s 365","headline":"Rescatado en helic\u00f3ptero un escalador que se enrisc\u00f3 en Torrecerredo","author":{"@id":"https:\/\/candas365.es\/noticias\/author\/admin\/#author"},"publisher":{"@id":"https:\/\/candas365.es\/noticias\/#organization"},"image":{"@type":"ImageObject","url":"https:\/\/candas365.es\/noticias\/wp-content\/uploads\/2015\/09\/c365noticias.jpg","width":655,"height":360},"datePublished":"2016-06-13T02:07:19+02:00","dateModified":"2016-06-13T02:07:47+02:00","inLanguage":"es-ES","mainEntityOfPage":{"@id":"https:\/\/candas365.es\/noticias\/rescatado-en-helicoptero-un-escalador-que-se-enrisco-en-torrecerredo\/#webpage"},"isPartOf":{"@id":"https:\/\/candas365.es\/noticias\/rescatado-en-helicoptero-un-escalador-que-se-enrisco-en-torrecerredo\/#webpage"},"articleSection":"Actualidad","dateline":"Publicado el junio 13, 2016."},{"@type":"Organization","@id":"https:\/\/candas365.es\/noticias\/#organization","name":"Cand\u00e1s 365","description":"Cand\u00e1s 365 es un diario digital independiente, fundado en 2012, con base en Asturias. Informamos con rigor sobre actualidad, sociedad, cultura y ocio, con una mirada local y global.","url":"https:\/\/candas365.es\/noticias\/","email":"info@candas365.es","telephone":"+34652131393","foundingDate":"2012-06-10","logo":{"@type":"ImageObject","url":"https:\/\/candas365.es\/noticias\/wp-content\/uploads\/2024\/09\/Candas-365-Redes.jpg","@id":"https:\/\/candas365.es\/noticias\/rescatado-en-helicoptero-un-escalador-que-se-enrisco-en-torrecerredo\/#organizationLogo","width":1152,"height":864,"caption":"Cand\u00e1s 365 Redes"},"image":{"@id":"https:\/\/candas365.es\/noticias\/rescatado-en-helicoptero-un-escalador-que-se-enrisco-en-torrecerredo\/#organizationLogo"},"sameAs":["https:\/\/www.facebook.com\/Nachofdezber","https:\/\/x.com\/NabercoDigital","https:\/\/www.instagram.com\/nachofdezber\/","https:\/\/www.youtube.com\/channel\/UCZP-2wLEB9Rv6erhFmqVnvg"],"address":{"@id":"https:\/\/candas365.es\/noticias\/#postaladdress","@type":"PostalAddress","streetAddress":"san antonio 4, san antonio 4","postalCode":"33430","addressLocality":"Cand\u00e1s","addressRegion":"Asturias","addressCountry":"ES"}},{"@type":"Person","@id":"https:\/\/candas365.es\/noticias\/author\/admin\/#author","url":"https:\/\/candas365.es\/noticias\/author\/admin\/","name":"Cand\u00e1s 365","image":{"@type":"ImageObject","@id":"https:\/\/candas365.es\/noticias\/rescatado-en-helicoptero-un-escalador-que-se-enrisco-en-torrecerredo\/#authorImage","url":"https:\/\/secure.gravatar.com\/avatar\/496a8e03d0c493ede1718b7934145dbdf8d89be1036b0eec9544e1094c9de390?s=96&d=mm&r=g","width":96,"height":96,"caption":"Cand\u00e1s 365"},"sameAs":["https:\/\/www.facebook.com\/carrenoactualidad","https:\/\/twitter.com\/nbasturias","https:\/\/www.instagram.com\/nachofdezber\/","https:\/\/www.youtube.com\/channel\/UCZP-2wLEB9Rv6erhFmqVnvg"]},{"@type":"WebPage","@id":"https:\/\/candas365.es\/noticias\/rescatado-en-helicoptero-un-escalador-que-se-enrisco-en-torrecerredo\/#webpage","url":"https:\/\/candas365.es\/noticias\/rescatado-en-helicoptero-un-escalador-que-se-enrisco-en-torrecerredo\/","name":"Rescatado en helic\u00f3ptero un escalador que se enrisc\u00f3 en Torrecerredo | Cand\u00e1s 365","description":"El Grupo de Rescate de Bomberos del Servicio de Emergencias del Principado de Asturias (SEPA), a bordo del helic\u00f3ptero medicalizado del organismo aut\u00f3nomo, ha rescatado a un monta\u00f1ero de 30 a\u00f1os que, qued\u00f3 enriscado cuando se encontraba practicando escalada en Torrecerredo, en los Picos de Europa, en el t\u00e9rmino municipal de Cabrales. El escalador fue","inLanguage":"es-ES","isPartOf":{"@id":"https:\/\/candas365.es\/noticias\/#website"},"breadcrumb":{"@id":"https:\/\/candas365.es\/noticias\/rescatado-en-helicoptero-un-escalador-que-se-enrisco-en-torrecerredo\/#breadcrumblist"},"author":{"@id":"https:\/\/candas365.es\/noticias\/author\/admin\/#author"},"creator":{"@id":"https:\/\/candas365.es\/noticias\/author\/admin\/#author"},"image":{"@type":"ImageObject","url":"https:\/\/candas365.es\/noticias\/wp-content\/uploads\/2015\/09\/c365noticias.jpg","@id":"https:\/\/candas365.es\/noticias\/rescatado-en-helicoptero-un-escalador-que-se-enrisco-en-torrecerredo\/#mainImage","width":655,"height":360},"primaryImageOfPage":{"@id":"https:\/\/candas365.es\/noticias\/rescatado-en-helicoptero-un-escalador-que-se-enrisco-en-torrecerredo\/#mainImage"},"datePublished":"2016-06-13T02:07:19+02:00","dateModified":"2016-06-13T02:07:47+02:00"},{"@type":"WebSite","@id":"https:\/\/candas365.es\/noticias\/#website","url":"https:\/\/candas365.es\/noticias\/","name":"Cand\u00e1s 365","alternateName":"Cand\u00e1s 365 Noticias","description":"Actualidad desde Carre\u00f1o para el mundo","inLanguage":"es-ES","publisher":{"@id":"https:\/\/candas365.es\/noticias\/#organization"}}]},"og:locale":"es_ES","og:site_name":"Cand\u00e1s 365","og:type":"article","og:title":"Rescatado en helic\u00f3ptero un escalador que se enrisc\u00f3 en Torrecerredo | Cand\u00e1s 365","og:description":"El Grupo de Rescate de Bomberos del Servicio de Emergencias del Principado de Asturias (SEPA), a bordo del helic\u00f3ptero medicalizado del organismo aut\u00f3nomo, ha rescatado a un monta\u00f1ero de 30 a\u00f1os que, qued\u00f3 enriscado cuando se encontraba practicando escalada en Torrecerredo, en los Picos de Europa, en el t\u00e9rmino municipal de Cabrales. El escalador fue","og:url":"https:\/\/candas365.es\/noticias\/rescatado-en-helicoptero-un-escalador-que-se-enrisco-en-torrecerredo\/","og:image":"https:\/\/candas365.es\/noticias\/wp-content\/uploads\/2015\/09\/c365noticias.jpg","og:image:secure_url":"https:\/\/candas365.es\/noticias\/wp-content\/uploads\/2015\/09\/c365noticias.jpg","og:image:width":655,"og:image:height":360,"article:published_time":"2016-06-13T00:37:19+00:00","article:modified_time":"2016-06-13T00:37:47+00:00","article:publisher":"https:\/\/www.facebook.com\/Nachofdezber","article:author":"https:\/\/www.facebook.com\/carrenoactualidad","twitter:card":"summary_large_image","twitter:site":"@NabercoDigital","twitter:title":"Rescatado en helic\u00f3ptero un escalador que se enrisc\u00f3 en Torrecerredo | Cand\u00e1s 365","twitter:description":"El Grupo de Rescate de Bomberos del Servicio de Emergencias del Principado de Asturias (SEPA), a bordo del helic\u00f3ptero medicalizado del organismo aut\u00f3nomo, ha rescatado a un monta\u00f1ero de 30 a\u00f1os que, qued\u00f3 enriscado cuando se encontraba practicando escalada en Torrecerredo, en los Picos de Europa, en el t\u00e9rmino municipal de Cabrales. El escalador fue","twitter:creator":"@nbasturias","twitter:image":"https:\/\/candas365.es\/noticias\/wp-content\/uploads\/2015\/09\/c365noticias.jpg","twitter:label1":"Escrito por","twitter:data1":"Cand\u00e1s 365","twitter:label2":"Tiempo de lectura estimado","twitter:data2":"2 minutos"},"aioseo_meta_data":{"post_id":"30119","title":null,"description":null,"keywords":null,"keyphrases":null,"primary_term":null,"canonical_url":null,"og_title":null,"og_description":null,"og_object_type":"default","og_image_type":"default","og_image_url":null,"og_image_width":null,"og_image_height":null,"og_image_custom_url":null,"og_image_custom_fields":null,"og_video":null,"og_custom_url":null,"og_article_section":null,"og_article_tags":null,"twitter_use_og":false,"twitter_card":"default","twitter_image_type":"default","twitter_image_url":null,"twitter_image_custom_url":null,"twitter_image_custom_fields":null,"twitter_title":null,"twitter_description":null,"schema":{"blockGraphs":[],"customGraphs":[],"default":{"data":{"Article":[],"Course":[],"Dataset":[],"FAQPage":[],"Movie":[],"Person":[],"Product":[],"ProductReview":[],"Car":[],"Recipe":[],"Service":[],"SoftwareApplication":[],"WebPage":[]},"graphName":"","isEnabled":true},"graphs":[],"defaultGraph":"","defaultPostTypeGraph":""},"schema_type":null,"schema_type_options":null,"pillar_content":false,"robots_default":true,"robots_noindex":false,"robots_noarchive":false,"robots_nosnippet":false,"robots_nofollow":false,"robots_noimageindex":false,"robots_noodp":false,"robots_notranslate":false,"robots_max_snippet":null,"robots_max_videopreview":null,"robots_max_imagepreview":"large","priority":null,"frequency":null,"location":null,"local_seo":null,"seo_analyzer_scan_date":"2025-08-24 12:05:23","breadcrumb_settings":null,"limit_modified_date":false,"reviewed_by":null,"open_ai":null,"ai":null,"created":"2020-12-21 12:57:00","updated":"2025-08-24 12:05:23"},"aioseo_breadcrumb":"<div class=\"aioseo-breadcrumbs\"><span class=\"aioseo-breadcrumb\">\n\t<a href=\"https:\/\/candas365.es\/noticias\" title=\"Home\">Home<\/a>\n<\/span><span class=\"aioseo-breadcrumb-separator\">&ndash;<\/span><span class=\"aioseo-breadcrumb\">\n\t<a href=\"https:\/\/candas365.es\/noticias\/category\/actualidad\/\" title=\"Actualidad\">Actualidad<\/a>\n<\/span><span class=\"aioseo-breadcrumb-separator\">&ndash;<\/span><span class=\"aioseo-breadcrumb\">\n\tRescatado en helic\u00f3ptero un escalador que se enrisc\u00f3 en Torrecerredo\n<\/span><\/div>","aioseo_breadcrumb_json":[{"label":"Home","link":"https:\/\/candas365.es\/noticias"},{"label":"Actualidad","link":"https:\/\/candas365.es\/noticias\/category\/actualidad\/"},{"label":"Rescatado en helic\u00f3ptero un escalador que se enrisc\u00f3 en Torrecerredo","link":"https:\/\/candas365.es\/noticias\/rescatado-en-helicoptero-un-escalador-que-se-enrisco-en-torrecerredo\/"}],"_links":{"self":[{"href":"https:\/\/candas365.es\/noticias\/wp-json\/wp\/v2\/posts\/30119","targetHints":{"allow":["GET"]}}],"collection":[{"href":"https:\/\/candas365.es\/noticias\/wp-json\/wp\/v2\/posts"}],"about":[{"href":"https:\/\/candas365.es\/noticias\/wp-json\/wp\/v2\/types\/post"}],"author":[{"embeddable":true,"href":"https:\/\/candas365.es\/noticias\/wp-json\/wp\/v2\/users\/1"}],"replies":[{"embeddable":true,"href":"https:\/\/candas365.es\/noticias\/wp-json\/wp\/v2\/comments?post=30119"}],"version-history":[{"count":0,"href":"https:\/\/candas365.es\/noticias\/wp-json\/wp\/v2\/posts\/30119\/revisions"}],"wp:featuredmedia":[{"embeddable":true,"href":"https:\/\/candas365.es\/noticias\/wp-json\/wp\/v2\/media\/16457"}],"wp:attachment":[{"href":"https:\/\/candas365.es\/noticias\/wp-json\/wp\/v2\/media?parent=30119"}],"wp:term":[{"taxonomy":"category","embeddable":true,"href":"https:\/\/candas365.es\/noticias\/wp-json\/wp\/v2\/categories?post=30119"},{"taxonomy":"post_tag","embeddable":true,"href":"https:\/\/candas365.es\/noticias\/wp-json\/wp\/v2\/tags?post=30119"}],"curies":[{"name":"wp","href":"https:\/\/api.w.org\/{rel}","templated":true}]}}