{"id":30117,"date":"2016-06-13T02:05:42","date_gmt":"2016-06-13T00:35:42","guid":{"rendered":"http:\/\/candas365.es\/noticias\/?p=30117"},"modified":"2016-06-13T02:07:38","modified_gmt":"2016-06-13T00:37:38","slug":"productores-forestales-venderan-conjuntamente-2-000-toneladas-de-madera-a-ence","status":"publish","type":"post","link":"https:\/\/candas365.es\/noticias\/productores-forestales-venderan-conjuntamente-2-000-toneladas-de-madera-a-ence\/","title":{"rendered":"Productores forestales vender\u00e1n conjuntamente 2.000 toneladas de madera a Ence"},"content":{"rendered":"<p>Productores forestales de Soto del Barco (Asturias) mantienen un contrato por el cual vender\u00e1n conjuntamente a Ence las 2.000 toneladas de madera de sus plantaciones de eucalipto a trav\u00e9s de un coto redondo. La agrupaci\u00f3n de parcelas colindantes, o constituci\u00f3n de cotos redondos, permite reducir los costes del aprovechamiento y traslado de la madera, generando un mayor beneficio al propietario.<\/p>\n<p>Seg\u00fan ha informado Ence en una nota de prensa, el fomento de estos cotos redondos por parte de Ence est\u00e1 dirigido a reducir el impacto negativo del minifundismo, generando mejor rendimiento econ\u00f3mico para toda la cadena monte-industria. Los cotos redondos hacen que los productores de madera perciben ingresos mayores a los que recibir\u00edan si vendiesen cada uno de forma individual. Ence prima econ\u00f3micamente la tonelada comprada a trav\u00e9s de cotos redondos.<\/p>\n<p>El precio que Ence paga por tonelada de madera puede ser consultado tanto en el sitio web corporativo de la empresa como en el portal online de Ence para productores forestales: www.compramosmadera.es.<\/p>\n<p>El contrato firmado entre los productores forestales de Soto del Barco y Ence especifica que el precio de compra de la madera se indexar\u00e1 cada 3 meses al precio de la pasta de celulosa. De esta forma, los productores de madera compartir\u00e1n beneficios con la empresa en el caso de que el precio de la pasta suba durante el plazo en el que el contrato se mantenga vigente.<\/p>\n<p>Por otra parte, el acuerdo contempla primas a la producci\u00f3n de madera sostenible que cuente con los sellos de certificaci\u00f3n PEFC y FSC*. Con estas primas a la producci\u00f3n sostenible, Ence quiere promover las mejores pr\u00e1cticas en materia de gesti\u00f3n responsable de los cultivos de madera entre los productores de eucalipto.<\/p>\n<p>&nbsp;<\/p>\n","protected":false},"excerpt":{"rendered":"<p>Productores forestales de Soto del Barco (Asturias) mantienen un contrato por el cual vender\u00e1n conjuntamente a Ence las 2.000 toneladas de madera de sus plantaciones de eucalipto a trav\u00e9s de un coto redondo. La agrupaci\u00f3n de parcelas colindantes, o constituci\u00f3n de cotos redondos, permite reducir los costes del aprovechamiento y traslado de la madera, generando<\/p>\n","protected":false},"author":1,"featured_media":14626,"comment_status":"closed","ping_status":"closed","sticky":false,"template":"","format":"standard","meta":{"footnotes":""},"categories":[343],"tags":[],"class_list":{"0":"post-30117","1":"post","2":"type-post","3":"status-publish","4":"format-standard","5":"has-post-thumbnail","7":"category-actualidad"},"aioseo_notices":[],"aioseo_head":"\n\t\t<!-- All in One SEO Pro 4.9.6.2 - aioseo.com -->\n\t<meta name=\"description\" content=\"Productores forestales de Soto del Barco (Asturias) mantienen un contrato por el cual vender\u00e1n conjuntamente a Ence las 2.000 toneladas de madera de sus plantaciones de eucalipto a trav\u00e9s de un coto redondo. La agrupaci\u00f3n de parcelas colindantes, o constituci\u00f3n de cotos redondos, permite reducir los costes del aprovechamiento y traslado de la madera, generando\" \/>\n\t<meta name=\"robots\" content=\"max-image-preview:large\" \/>\n\t<meta name=\"author\" content=\"Cand\u00e1s 365\"\/>\n\t<meta name=\"google-site-verification\" content=\"UA-32230408-1\" \/>\n\t<meta name=\"msvalidate.01\" content=\"354F3CDFB2DA171B47FBE9ABF1F88D5\" \/>\n\t<meta name=\"keywords\" content=\"actualidad\" \/>\n\t<link rel=\"canonical\" href=\"https:\/\/candas365.es\/noticias\/productores-forestales-venderan-conjuntamente-2-000-toneladas-de-madera-a-ence\/\" \/>\n\t<meta name=\"generator\" content=\"All in One SEO Pro (AIOSEO) 4.9.6.2\" \/>\n\t\t<meta property=\"og:locale\" content=\"es_ES\" \/>\n\t\t<meta property=\"og:site_name\" content=\"Cand\u00e1s 365\" \/>\n\t\t<meta property=\"og:type\" content=\"article\" \/>\n\t\t<meta property=\"og:title\" content=\"Productores forestales vender\u00e1n conjuntamente 2.000 toneladas de madera a Ence | Cand\u00e1s 365\" \/>\n\t\t<meta property=\"og:description\" content=\"Productores forestales de Soto del Barco (Asturias) mantienen un contrato por el cual vender\u00e1n conjuntamente a Ence las 2.000 toneladas de madera de sus plantaciones de eucalipto a trav\u00e9s de un coto redondo. La agrupaci\u00f3n de parcelas colindantes, o constituci\u00f3n de cotos redondos, permite reducir los costes del aprovechamiento y traslado de la madera, generando\" \/>\n\t\t<meta property=\"og:url\" content=\"https:\/\/candas365.es\/noticias\/productores-forestales-venderan-conjuntamente-2-000-toneladas-de-madera-a-ence\/\" \/>\n\t\t<meta property=\"og:image\" content=\"https:\/\/candas365.es\/noticias\/wp-content\/uploads\/2015\/08\/noticias-candas365digital1.jpg\" \/>\n\t\t<meta property=\"og:image:secure_url\" content=\"https:\/\/candas365.es\/noticias\/wp-content\/uploads\/2015\/08\/noticias-candas365digital1.jpg\" \/>\n\t\t<meta property=\"og:image:width\" content=\"655\" \/>\n\t\t<meta property=\"og:image:height\" content=\"360\" \/>\n\t\t<meta property=\"article:published_time\" content=\"2016-06-13T00:35:42+00:00\" \/>\n\t\t<meta property=\"article:modified_time\" content=\"2016-06-13T00:37:38+00:00\" \/>\n\t\t<meta property=\"article:publisher\" content=\"https:\/\/www.facebook.com\/Nachofdezber\" \/>\n\t\t<meta property=\"article:author\" content=\"https:\/\/www.facebook.com\/carrenoactualidad\" \/>\n\t\t<meta name=\"twitter:card\" content=\"summary_large_image\" \/>\n\t\t<meta name=\"twitter:site\" content=\"@NabercoDigital\" \/>\n\t\t<meta name=\"twitter:title\" content=\"Productores forestales vender\u00e1n conjuntamente 2.000 toneladas de madera a Ence | Cand\u00e1s 365\" \/>\n\t\t<meta name=\"twitter:description\" content=\"Productores forestales de Soto del Barco (Asturias) mantienen un contrato por el cual vender\u00e1n conjuntamente a Ence las 2.000 toneladas de madera de sus plantaciones de eucalipto a trav\u00e9s de un coto redondo. La agrupaci\u00f3n de parcelas colindantes, o constituci\u00f3n de cotos redondos, permite reducir los costes del aprovechamiento y traslado de la madera, generando\" \/>\n\t\t<meta name=\"twitter:creator\" content=\"@nbasturias\" \/>\n\t\t<meta name=\"twitter:image\" content=\"https:\/\/candas365.es\/noticias\/wp-content\/uploads\/2015\/08\/noticias-candas365digital1.jpg\" \/>\n\t\t<meta name=\"twitter:label1\" content=\"Escrito por\" \/>\n\t\t<meta name=\"twitter:data1\" content=\"Cand\u00e1s 365\" \/>\n\t\t<meta name=\"twitter:label2\" content=\"Tiempo de lectura estimado\" \/>\n\t\t<meta name=\"twitter:data2\" content=\"1 minuto\" \/>\n\t\t<script type=\"application\/ld+json\" class=\"aioseo-schema\">\n\t\t\t{\"@context\":\"https:\\\/\\\/schema.org\",\"@graph\":[{\"@type\":\"BreadcrumbList\",\"@id\":\"https:\\\/\\\/candas365.es\\\/noticias\\\/productores-forestales-venderan-conjuntamente-2-000-toneladas-de-madera-a-ence\\\/#breadcrumblist\",\"itemListElement\":[{\"@type\":\"ListItem\",\"@id\":\"https:\\\/\\\/candas365.es\\\/noticias#listItem\",\"position\":1,\"name\":\"Home\",\"item\":\"https:\\\/\\\/candas365.es\\\/noticias\",\"nextItem\":{\"@type\":\"ListItem\",\"@id\":\"https:\\\/\\\/candas365.es\\\/noticias\\\/category\\\/actualidad\\\/#listItem\",\"name\":\"Actualidad\"}},{\"@type\":\"ListItem\",\"@id\":\"https:\\\/\\\/candas365.es\\\/noticias\\\/category\\\/actualidad\\\/#listItem\",\"position\":2,\"name\":\"Actualidad\",\"item\":\"https:\\\/\\\/candas365.es\\\/noticias\\\/category\\\/actualidad\\\/\",\"nextItem\":{\"@type\":\"ListItem\",\"@id\":\"https:\\\/\\\/candas365.es\\\/noticias\\\/productores-forestales-venderan-conjuntamente-2-000-toneladas-de-madera-a-ence\\\/#listItem\",\"name\":\"Productores forestales vender\\u00e1n conjuntamente 2.000 toneladas de madera a Ence\"},\"previousItem\":{\"@type\":\"ListItem\",\"@id\":\"https:\\\/\\\/candas365.es\\\/noticias#listItem\",\"name\":\"Home\"}},{\"@type\":\"ListItem\",\"@id\":\"https:\\\/\\\/candas365.es\\\/noticias\\\/productores-forestales-venderan-conjuntamente-2-000-toneladas-de-madera-a-ence\\\/#listItem\",\"position\":3,\"name\":\"Productores forestales vender\\u00e1n conjuntamente 2.000 toneladas de madera a Ence\",\"previousItem\":{\"@type\":\"ListItem\",\"@id\":\"https:\\\/\\\/candas365.es\\\/noticias\\\/category\\\/actualidad\\\/#listItem\",\"name\":\"Actualidad\"}}]},{\"@type\":\"NewsArticle\",\"@id\":\"https:\\\/\\\/candas365.es\\\/noticias\\\/productores-forestales-venderan-conjuntamente-2-000-toneladas-de-madera-a-ence\\\/#newsarticle\",\"name\":\"Productores forestales vender\\u00e1n conjuntamente 2.000 toneladas de madera a Ence | Cand\\u00e1s 365\",\"headline\":\"Productores forestales vender\\u00e1n conjuntamente 2.000 toneladas de madera a Ence\",\"author\":{\"@id\":\"https:\\\/\\\/candas365.es\\\/noticias\\\/author\\\/admin\\\/#author\"},\"publisher\":{\"@id\":\"https:\\\/\\\/candas365.es\\\/noticias\\\/#organization\"},\"image\":{\"@type\":\"ImageObject\",\"url\":\"https:\\\/\\\/candas365.es\\\/noticias\\\/wp-content\\\/uploads\\\/2015\\\/08\\\/noticias-candas365digital1.jpg\",\"width\":655,\"height\":360},\"datePublished\":\"2016-06-13T02:05:42+02:00\",\"dateModified\":\"2016-06-13T02:07:38+02:00\",\"inLanguage\":\"es-ES\",\"mainEntityOfPage\":{\"@id\":\"https:\\\/\\\/candas365.es\\\/noticias\\\/productores-forestales-venderan-conjuntamente-2-000-toneladas-de-madera-a-ence\\\/#webpage\"},\"isPartOf\":{\"@id\":\"https:\\\/\\\/candas365.es\\\/noticias\\\/productores-forestales-venderan-conjuntamente-2-000-toneladas-de-madera-a-ence\\\/#webpage\"},\"articleSection\":\"Actualidad\",\"dateline\":\"Publicado el junio 13, 2016.\"},{\"@type\":\"Organization\",\"@id\":\"https:\\\/\\\/candas365.es\\\/noticias\\\/#organization\",\"name\":\"Cand\\u00e1s 365\",\"description\":\"Cand\\u00e1s 365 es un diario digital independiente, fundado en 2012, con base en Asturias. Informamos con rigor sobre actualidad, sociedad, cultura y ocio, con una mirada local y global.\",\"url\":\"https:\\\/\\\/candas365.es\\\/noticias\\\/\",\"email\":\"info@candas365.es\",\"telephone\":\"+34652131393\",\"foundingDate\":\"2012-06-10\",\"logo\":{\"@type\":\"ImageObject\",\"url\":\"https:\\\/\\\/candas365.es\\\/noticias\\\/wp-content\\\/uploads\\\/2024\\\/09\\\/Candas-365-Redes.jpg\",\"@id\":\"https:\\\/\\\/candas365.es\\\/noticias\\\/productores-forestales-venderan-conjuntamente-2-000-toneladas-de-madera-a-ence\\\/#organizationLogo\",\"width\":1152,\"height\":864,\"caption\":\"Cand\\u00e1s 365 Redes\"},\"image\":{\"@id\":\"https:\\\/\\\/candas365.es\\\/noticias\\\/productores-forestales-venderan-conjuntamente-2-000-toneladas-de-madera-a-ence\\\/#organizationLogo\"},\"sameAs\":[\"https:\\\/\\\/www.facebook.com\\\/Nachofdezber\",\"https:\\\/\\\/x.com\\\/NabercoDigital\",\"https:\\\/\\\/www.instagram.com\\\/nachofdezber\\\/\",\"https:\\\/\\\/www.youtube.com\\\/channel\\\/UCZP-2wLEB9Rv6erhFmqVnvg\"],\"address\":{\"@id\":\"https:\\\/\\\/candas365.es\\\/noticias\\\/#postaladdress\",\"@type\":\"PostalAddress\",\"streetAddress\":\"san antonio 4, san antonio 4\",\"postalCode\":\"33430\",\"addressLocality\":\"Cand\\u00e1s\",\"addressRegion\":\"Asturias\",\"addressCountry\":\"ES\"}},{\"@type\":\"Person\",\"@id\":\"https:\\\/\\\/candas365.es\\\/noticias\\\/author\\\/admin\\\/#author\",\"url\":\"https:\\\/\\\/candas365.es\\\/noticias\\\/author\\\/admin\\\/\",\"name\":\"Cand\\u00e1s 365\",\"image\":{\"@type\":\"ImageObject\",\"@id\":\"https:\\\/\\\/candas365.es\\\/noticias\\\/productores-forestales-venderan-conjuntamente-2-000-toneladas-de-madera-a-ence\\\/#authorImage\",\"url\":\"https:\\\/\\\/secure.gravatar.com\\\/avatar\\\/496a8e03d0c493ede1718b7934145dbdf8d89be1036b0eec9544e1094c9de390?s=96&d=mm&r=g\",\"width\":96,\"height\":96,\"caption\":\"Cand\\u00e1s 365\"},\"sameAs\":[\"https:\\\/\\\/www.facebook.com\\\/carrenoactualidad\",\"https:\\\/\\\/twitter.com\\\/nbasturias\",\"https:\\\/\\\/www.instagram.com\\\/nachofdezber\\\/\",\"https:\\\/\\\/www.youtube.com\\\/channel\\\/UCZP-2wLEB9Rv6erhFmqVnvg\"]},{\"@type\":\"WebPage\",\"@id\":\"https:\\\/\\\/candas365.es\\\/noticias\\\/productores-forestales-venderan-conjuntamente-2-000-toneladas-de-madera-a-ence\\\/#webpage\",\"url\":\"https:\\\/\\\/candas365.es\\\/noticias\\\/productores-forestales-venderan-conjuntamente-2-000-toneladas-de-madera-a-ence\\\/\",\"name\":\"Productores forestales vender\\u00e1n conjuntamente 2.000 toneladas de madera a Ence | Cand\\u00e1s 365\",\"description\":\"Productores forestales de Soto del Barco (Asturias) mantienen un contrato por el cual vender\\u00e1n conjuntamente a Ence las 2.000 toneladas de madera de sus plantaciones de eucalipto a trav\\u00e9s de un coto redondo. La agrupaci\\u00f3n de parcelas colindantes, o constituci\\u00f3n de cotos redondos, permite reducir los costes del aprovechamiento y traslado de la madera, generando\",\"inLanguage\":\"es-ES\",\"isPartOf\":{\"@id\":\"https:\\\/\\\/candas365.es\\\/noticias\\\/#website\"},\"breadcrumb\":{\"@id\":\"https:\\\/\\\/candas365.es\\\/noticias\\\/productores-forestales-venderan-conjuntamente-2-000-toneladas-de-madera-a-ence\\\/#breadcrumblist\"},\"author\":{\"@id\":\"https:\\\/\\\/candas365.es\\\/noticias\\\/author\\\/admin\\\/#author\"},\"creator\":{\"@id\":\"https:\\\/\\\/candas365.es\\\/noticias\\\/author\\\/admin\\\/#author\"},\"image\":{\"@type\":\"ImageObject\",\"url\":\"https:\\\/\\\/candas365.es\\\/noticias\\\/wp-content\\\/uploads\\\/2015\\\/08\\\/noticias-candas365digital1.jpg\",\"@id\":\"https:\\\/\\\/candas365.es\\\/noticias\\\/productores-forestales-venderan-conjuntamente-2-000-toneladas-de-madera-a-ence\\\/#mainImage\",\"width\":655,\"height\":360},\"primaryImageOfPage\":{\"@id\":\"https:\\\/\\\/candas365.es\\\/noticias\\\/productores-forestales-venderan-conjuntamente-2-000-toneladas-de-madera-a-ence\\\/#mainImage\"},\"datePublished\":\"2016-06-13T02:05:42+02:00\",\"dateModified\":\"2016-06-13T02:07:38+02:00\"},{\"@type\":\"WebSite\",\"@id\":\"https:\\\/\\\/candas365.es\\\/noticias\\\/#website\",\"url\":\"https:\\\/\\\/candas365.es\\\/noticias\\\/\",\"name\":\"Cand\\u00e1s 365\",\"alternateName\":\"Cand\\u00e1s 365 Noticias\",\"description\":\"Actualidad desde Carre\\u00f1o para el mundo\",\"inLanguage\":\"es-ES\",\"publisher\":{\"@id\":\"https:\\\/\\\/candas365.es\\\/noticias\\\/#organization\"}}]}\n\t\t<\/script>\n\t\t<!-- All in One SEO Pro -->\r\n\t\t<title>Productores forestales vender\u00e1n conjuntamente 2.000 toneladas de madera a Ence | Cand\u00e1s 365<\/title>\n\n","aioseo_head_json":{"title":"Productores forestales vender\u00e1n conjuntamente 2.000 toneladas de madera a Ence | Cand\u00e1s 365","description":"Productores forestales de Soto del Barco (Asturias) mantienen un contrato por el cual vender\u00e1n conjuntamente a Ence las 2.000 toneladas de madera de sus plantaciones de eucalipto a trav\u00e9s de un coto redondo. La agrupaci\u00f3n de parcelas colindantes, o constituci\u00f3n de cotos redondos, permite reducir los costes del aprovechamiento y traslado de la madera, generando","canonical_url":"https:\/\/candas365.es\/noticias\/productores-forestales-venderan-conjuntamente-2-000-toneladas-de-madera-a-ence\/","robots":"max-image-preview:large","keywords":"actualidad","webmasterTools":{"google-site-verification":"UA-32230408-1","msvalidate.01":"354F3CDFB2DA171B47FBE9ABF1F88D5","miscellaneous":""},"schema":{"@context":"https:\/\/schema.org","@graph":[{"@type":"BreadcrumbList","@id":"https:\/\/candas365.es\/noticias\/productores-forestales-venderan-conjuntamente-2-000-toneladas-de-madera-a-ence\/#breadcrumblist","itemListElement":[{"@type":"ListItem","@id":"https:\/\/candas365.es\/noticias#listItem","position":1,"name":"Home","item":"https:\/\/candas365.es\/noticias","nextItem":{"@type":"ListItem","@id":"https:\/\/candas365.es\/noticias\/category\/actualidad\/#listItem","name":"Actualidad"}},{"@type":"ListItem","@id":"https:\/\/candas365.es\/noticias\/category\/actualidad\/#listItem","position":2,"name":"Actualidad","item":"https:\/\/candas365.es\/noticias\/category\/actualidad\/","nextItem":{"@type":"ListItem","@id":"https:\/\/candas365.es\/noticias\/productores-forestales-venderan-conjuntamente-2-000-toneladas-de-madera-a-ence\/#listItem","name":"Productores forestales vender\u00e1n conjuntamente 2.000 toneladas de madera a Ence"},"previousItem":{"@type":"ListItem","@id":"https:\/\/candas365.es\/noticias#listItem","name":"Home"}},{"@type":"ListItem","@id":"https:\/\/candas365.es\/noticias\/productores-forestales-venderan-conjuntamente-2-000-toneladas-de-madera-a-ence\/#listItem","position":3,"name":"Productores forestales vender\u00e1n conjuntamente 2.000 toneladas de madera a Ence","previousItem":{"@type":"ListItem","@id":"https:\/\/candas365.es\/noticias\/category\/actualidad\/#listItem","name":"Actualidad"}}]},{"@type":"NewsArticle","@id":"https:\/\/candas365.es\/noticias\/productores-forestales-venderan-conjuntamente-2-000-toneladas-de-madera-a-ence\/#newsarticle","name":"Productores forestales vender\u00e1n conjuntamente 2.000 toneladas de madera a Ence | Cand\u00e1s 365","headline":"Productores forestales vender\u00e1n conjuntamente 2.000 toneladas de madera a Ence","author":{"@id":"https:\/\/candas365.es\/noticias\/author\/admin\/#author"},"publisher":{"@id":"https:\/\/candas365.es\/noticias\/#organization"},"image":{"@type":"ImageObject","url":"https:\/\/candas365.es\/noticias\/wp-content\/uploads\/2015\/08\/noticias-candas365digital1.jpg","width":655,"height":360},"datePublished":"2016-06-13T02:05:42+02:00","dateModified":"2016-06-13T02:07:38+02:00","inLanguage":"es-ES","mainEntityOfPage":{"@id":"https:\/\/candas365.es\/noticias\/productores-forestales-venderan-conjuntamente-2-000-toneladas-de-madera-a-ence\/#webpage"},"isPartOf":{"@id":"https:\/\/candas365.es\/noticias\/productores-forestales-venderan-conjuntamente-2-000-toneladas-de-madera-a-ence\/#webpage"},"articleSection":"Actualidad","dateline":"Publicado el junio 13, 2016."},{"@type":"Organization","@id":"https:\/\/candas365.es\/noticias\/#organization","name":"Cand\u00e1s 365","description":"Cand\u00e1s 365 es un diario digital independiente, fundado en 2012, con base en Asturias. Informamos con rigor sobre actualidad, sociedad, cultura y ocio, con una mirada local y global.","url":"https:\/\/candas365.es\/noticias\/","email":"info@candas365.es","telephone":"+34652131393","foundingDate":"2012-06-10","logo":{"@type":"ImageObject","url":"https:\/\/candas365.es\/noticias\/wp-content\/uploads\/2024\/09\/Candas-365-Redes.jpg","@id":"https:\/\/candas365.es\/noticias\/productores-forestales-venderan-conjuntamente-2-000-toneladas-de-madera-a-ence\/#organizationLogo","width":1152,"height":864,"caption":"Cand\u00e1s 365 Redes"},"image":{"@id":"https:\/\/candas365.es\/noticias\/productores-forestales-venderan-conjuntamente-2-000-toneladas-de-madera-a-ence\/#organizationLogo"},"sameAs":["https:\/\/www.facebook.com\/Nachofdezber","https:\/\/x.com\/NabercoDigital","https:\/\/www.instagram.com\/nachofdezber\/","https:\/\/www.youtube.com\/channel\/UCZP-2wLEB9Rv6erhFmqVnvg"],"address":{"@id":"https:\/\/candas365.es\/noticias\/#postaladdress","@type":"PostalAddress","streetAddress":"san antonio 4, san antonio 4","postalCode":"33430","addressLocality":"Cand\u00e1s","addressRegion":"Asturias","addressCountry":"ES"}},{"@type":"Person","@id":"https:\/\/candas365.es\/noticias\/author\/admin\/#author","url":"https:\/\/candas365.es\/noticias\/author\/admin\/","name":"Cand\u00e1s 365","image":{"@type":"ImageObject","@id":"https:\/\/candas365.es\/noticias\/productores-forestales-venderan-conjuntamente-2-000-toneladas-de-madera-a-ence\/#authorImage","url":"https:\/\/secure.gravatar.com\/avatar\/496a8e03d0c493ede1718b7934145dbdf8d89be1036b0eec9544e1094c9de390?s=96&d=mm&r=g","width":96,"height":96,"caption":"Cand\u00e1s 365"},"sameAs":["https:\/\/www.facebook.com\/carrenoactualidad","https:\/\/twitter.com\/nbasturias","https:\/\/www.instagram.com\/nachofdezber\/","https:\/\/www.youtube.com\/channel\/UCZP-2wLEB9Rv6erhFmqVnvg"]},{"@type":"WebPage","@id":"https:\/\/candas365.es\/noticias\/productores-forestales-venderan-conjuntamente-2-000-toneladas-de-madera-a-ence\/#webpage","url":"https:\/\/candas365.es\/noticias\/productores-forestales-venderan-conjuntamente-2-000-toneladas-de-madera-a-ence\/","name":"Productores forestales vender\u00e1n conjuntamente 2.000 toneladas de madera a Ence | Cand\u00e1s 365","description":"Productores forestales de Soto del Barco (Asturias) mantienen un contrato por el cual vender\u00e1n conjuntamente a Ence las 2.000 toneladas de madera de sus plantaciones de eucalipto a trav\u00e9s de un coto redondo. La agrupaci\u00f3n de parcelas colindantes, o constituci\u00f3n de cotos redondos, permite reducir los costes del aprovechamiento y traslado de la madera, generando","inLanguage":"es-ES","isPartOf":{"@id":"https:\/\/candas365.es\/noticias\/#website"},"breadcrumb":{"@id":"https:\/\/candas365.es\/noticias\/productores-forestales-venderan-conjuntamente-2-000-toneladas-de-madera-a-ence\/#breadcrumblist"},"author":{"@id":"https:\/\/candas365.es\/noticias\/author\/admin\/#author"},"creator":{"@id":"https:\/\/candas365.es\/noticias\/author\/admin\/#author"},"image":{"@type":"ImageObject","url":"https:\/\/candas365.es\/noticias\/wp-content\/uploads\/2015\/08\/noticias-candas365digital1.jpg","@id":"https:\/\/candas365.es\/noticias\/productores-forestales-venderan-conjuntamente-2-000-toneladas-de-madera-a-ence\/#mainImage","width":655,"height":360},"primaryImageOfPage":{"@id":"https:\/\/candas365.es\/noticias\/productores-forestales-venderan-conjuntamente-2-000-toneladas-de-madera-a-ence\/#mainImage"},"datePublished":"2016-06-13T02:05:42+02:00","dateModified":"2016-06-13T02:07:38+02:00"},{"@type":"WebSite","@id":"https:\/\/candas365.es\/noticias\/#website","url":"https:\/\/candas365.es\/noticias\/","name":"Cand\u00e1s 365","alternateName":"Cand\u00e1s 365 Noticias","description":"Actualidad desde Carre\u00f1o para el mundo","inLanguage":"es-ES","publisher":{"@id":"https:\/\/candas365.es\/noticias\/#organization"}}]},"og:locale":"es_ES","og:site_name":"Cand\u00e1s 365","og:type":"article","og:title":"Productores forestales vender\u00e1n conjuntamente 2.000 toneladas de madera a Ence | Cand\u00e1s 365","og:description":"Productores forestales de Soto del Barco (Asturias) mantienen un contrato por el cual vender\u00e1n conjuntamente a Ence las 2.000 toneladas de madera de sus plantaciones de eucalipto a trav\u00e9s de un coto redondo. La agrupaci\u00f3n de parcelas colindantes, o constituci\u00f3n de cotos redondos, permite reducir los costes del aprovechamiento y traslado de la madera, generando","og:url":"https:\/\/candas365.es\/noticias\/productores-forestales-venderan-conjuntamente-2-000-toneladas-de-madera-a-ence\/","og:image":"https:\/\/candas365.es\/noticias\/wp-content\/uploads\/2015\/08\/noticias-candas365digital1.jpg","og:image:secure_url":"https:\/\/candas365.es\/noticias\/wp-content\/uploads\/2015\/08\/noticias-candas365digital1.jpg","og:image:width":655,"og:image:height":360,"article:published_time":"2016-06-13T00:35:42+00:00","article:modified_time":"2016-06-13T00:37:38+00:00","article:publisher":"https:\/\/www.facebook.com\/Nachofdezber","article:author":"https:\/\/www.facebook.com\/carrenoactualidad","twitter:card":"summary_large_image","twitter:site":"@NabercoDigital","twitter:title":"Productores forestales vender\u00e1n conjuntamente 2.000 toneladas de madera a Ence | Cand\u00e1s 365","twitter:description":"Productores forestales de Soto del Barco (Asturias) mantienen un contrato por el cual vender\u00e1n conjuntamente a Ence las 2.000 toneladas de madera de sus plantaciones de eucalipto a trav\u00e9s de un coto redondo. La agrupaci\u00f3n de parcelas colindantes, o constituci\u00f3n de cotos redondos, permite reducir los costes del aprovechamiento y traslado de la madera, generando","twitter:creator":"@nbasturias","twitter:image":"https:\/\/candas365.es\/noticias\/wp-content\/uploads\/2015\/08\/noticias-candas365digital1.jpg","twitter:label1":"Escrito por","twitter:data1":"Cand\u00e1s 365","twitter:label2":"Tiempo de lectura estimado","twitter:data2":"1 minuto"},"aioseo_meta_data":{"post_id":"30117","title":null,"description":null,"keywords":null,"keyphrases":null,"primary_term":null,"canonical_url":null,"og_title":null,"og_description":null,"og_object_type":"default","og_image_type":"default","og_image_url":null,"og_image_width":null,"og_image_height":null,"og_image_custom_url":null,"og_image_custom_fields":null,"og_video":null,"og_custom_url":null,"og_article_section":null,"og_article_tags":null,"twitter_use_og":false,"twitter_card":"default","twitter_image_type":"default","twitter_image_url":null,"twitter_image_custom_url":null,"twitter_image_custom_fields":null,"twitter_title":null,"twitter_description":null,"schema":{"blockGraphs":[],"customGraphs":[],"default":{"data":{"Article":[],"Course":[],"Dataset":[],"FAQPage":[],"Movie":[],"Person":[],"Product":[],"ProductReview":[],"Car":[],"Recipe":[],"Service":[],"SoftwareApplication":[],"WebPage":[]},"graphName":"","isEnabled":true},"graphs":[],"defaultGraph":"","defaultPostTypeGraph":""},"schema_type":null,"schema_type_options":null,"pillar_content":false,"robots_default":true,"robots_noindex":false,"robots_noarchive":false,"robots_nosnippet":false,"robots_nofollow":false,"robots_noimageindex":false,"robots_noodp":false,"robots_notranslate":false,"robots_max_snippet":null,"robots_max_videopreview":null,"robots_max_imagepreview":"large","priority":null,"frequency":null,"location":null,"local_seo":null,"seo_analyzer_scan_date":"2025-08-24 12:05:22","breadcrumb_settings":null,"limit_modified_date":false,"reviewed_by":null,"open_ai":null,"ai":null,"created":"2020-12-21 12:57:00","updated":"2025-08-24 12:05:22"},"aioseo_breadcrumb":"<div class=\"aioseo-breadcrumbs\"><span class=\"aioseo-breadcrumb\">\n\t<a href=\"https:\/\/candas365.es\/noticias\" title=\"Home\">Home<\/a>\n<\/span><span class=\"aioseo-breadcrumb-separator\">&ndash;<\/span><span class=\"aioseo-breadcrumb\">\n\t<a href=\"https:\/\/candas365.es\/noticias\/category\/actualidad\/\" title=\"Actualidad\">Actualidad<\/a>\n<\/span><span class=\"aioseo-breadcrumb-separator\">&ndash;<\/span><span class=\"aioseo-breadcrumb\">\n\tProductores forestales vender\u00e1n conjuntamente 2.000 toneladas de madera a Ence\n<\/span><\/div>","aioseo_breadcrumb_json":[{"label":"Home","link":"https:\/\/candas365.es\/noticias"},{"label":"Actualidad","link":"https:\/\/candas365.es\/noticias\/category\/actualidad\/"},{"label":"Productores forestales vender\u00e1n conjuntamente 2.000 toneladas de madera a Ence","link":"https:\/\/candas365.es\/noticias\/productores-forestales-venderan-conjuntamente-2-000-toneladas-de-madera-a-ence\/"}],"_links":{"self":[{"href":"https:\/\/candas365.es\/noticias\/wp-json\/wp\/v2\/posts\/30117","targetHints":{"allow":["GET"]}}],"collection":[{"href":"https:\/\/candas365.es\/noticias\/wp-json\/wp\/v2\/posts"}],"about":[{"href":"https:\/\/candas365.es\/noticias\/wp-json\/wp\/v2\/types\/post"}],"author":[{"embeddable":true,"href":"https:\/\/candas365.es\/noticias\/wp-json\/wp\/v2\/users\/1"}],"replies":[{"embeddable":true,"href":"https:\/\/candas365.es\/noticias\/wp-json\/wp\/v2\/comments?post=30117"}],"version-history":[{"count":0,"href":"https:\/\/candas365.es\/noticias\/wp-json\/wp\/v2\/posts\/30117\/revisions"}],"wp:featuredmedia":[{"embeddable":true,"href":"https:\/\/candas365.es\/noticias\/wp-json\/wp\/v2\/media\/14626"}],"wp:attachment":[{"href":"https:\/\/candas365.es\/noticias\/wp-json\/wp\/v2\/media?parent=30117"}],"wp:term":[{"taxonomy":"category","embeddable":true,"href":"https:\/\/candas365.es\/noticias\/wp-json\/wp\/v2\/categories?post=30117"},{"taxonomy":"post_tag","embeddable":true,"href":"https:\/\/candas365.es\/noticias\/wp-json\/wp\/v2\/tags?post=30117"}],"curies":[{"name":"wp","href":"https:\/\/api.w.org\/{rel}","templated":true}]}}