{"id":30082,"date":"2016-06-12T12:17:53","date_gmt":"2016-06-12T10:47:53","guid":{"rendered":"http:\/\/candas365.es\/noticias\/?p=30082"},"modified":"2016-06-12T12:17:53","modified_gmt":"2016-06-12T10:47:53","slug":"anabel-santiago-y-julio-arbesu-presentan-el-videoclip-de-la-lloca","status":"publish","type":"post","link":"https:\/\/candas365.es\/noticias\/anabel-santiago-y-julio-arbesu-presentan-el-videoclip-de-la-lloca\/","title":{"rendered":"Anabel Santiago y Julio Arbes\u00fa presentan el videoclip de &#8216;La lloca&#8217;"},"content":{"rendered":"<p><img fetchpriority=\"high\" decoding=\"async\" class=\"alignleft size-medium wp-image-30083\" src=\"https:\/\/candas365.es\/noticias\/wp-content\/uploads\/2016\/06\/fotonoticia_20160611175243_800-357x300.jpg\" alt=\"fotonoticia_20160611175243_800\" width=\"357\" height=\"300\" srcset=\"https:\/\/candas365.es\/noticias\/wp-content\/uploads\/2016\/06\/fotonoticia_20160611175243_800-357x300.jpg 357w, https:\/\/candas365.es\/noticias\/wp-content\/uploads\/2016\/06\/fotonoticia_20160611175243_800-571x480.jpg 571w, https:\/\/candas365.es\/noticias\/wp-content\/uploads\/2016\/06\/fotonoticia_20160611175243_800-768x645.jpg 768w, https:\/\/candas365.es\/noticias\/wp-content\/uploads\/2016\/06\/fotonoticia_20160611175243_800-150x126.jpg 150w, https:\/\/candas365.es\/noticias\/wp-content\/uploads\/2016\/06\/fotonoticia_20160611175243_800-450x378.jpg 450w, https:\/\/candas365.es\/noticias\/wp-content\/uploads\/2016\/06\/fotonoticia_20160611175243_800-696x585.jpg 696w, https:\/\/candas365.es\/noticias\/wp-content\/uploads\/2016\/06\/fotonoticia_20160611175243_800-500x420.jpg 500w, https:\/\/candas365.es\/noticias\/wp-content\/uploads\/2016\/06\/fotonoticia_20160611175243_800.jpg 800w\" sizes=\"(max-width: 357px) 100vw, 357px\" \/>La cantante Anabel Santiago y el escritor, compositor y m\u00fasico Julio Arbes\u00fa, presentan este s\u00e1bado el videoclip &#8216;La lloca&#8217;, dedicado a la escultura &#8216;La Madre del Emigrante, de Ram\u00f3n Muriedas, conocida popularmente en Gij\u00f3n como &#8216;La Lloca del Rincon\u00edn&#8217;.<\/p>\n<p>&#8216;La lloca&#8217; es un tango en asturiano compuesto por Julio Arbes\u00fa para ser cantado por la cantante Anabel Santiago a modo de homenaje a la escultura gijonesa La madre del emigrante, popularmente conocida como La lloca del Rincon\u00edn.<\/p>\n<p>El videoclip fue rodado en el entorno de la escultura y en \u00e9l Anabel se convierte en esa pobre mujer, desgarrada por la ausencia del hijo, que va todos los d\u00edas de invierno y verano, haga el tiempo que haga, a esperar mirando al horizonte que vuelva el barco que lo llev\u00f3. La mar asturiana, la ciudad de Gij\u00f3n y sobre todo la impresionante loca de bronce encarnan el paisaje de fondo del drama.<\/p>\n<p>En la presentaci\u00f3n se proyectar\u00e1 el videoclip y tambi\u00e9n habr\u00e1 ocasi\u00f3n para un peque\u00f1o concierto de Anabel acompa\u00f1ada a la guitarra por Julio Arbes\u00fa.<\/p>\n<p>&nbsp;<\/p>\n<p>&nbsp;<\/p>\n","protected":false},"excerpt":{"rendered":"<p>La cantante Anabel Santiago y el escritor, compositor y m\u00fasico Julio Arbes\u00fa, presentan este s\u00e1bado el videoclip &#8216;La lloca&#8217;, dedicado a la escultura &#8216;La Madre del Emigrante, de Ram\u00f3n Muriedas, conocida popularmente en Gij\u00f3n como &#8216;La Lloca del Rincon\u00edn&#8217;. &#8216;La lloca&#8217; es un tango en asturiano compuesto por Julio Arbes\u00fa para ser cantado por la<\/p>\n","protected":false},"author":1,"featured_media":30083,"comment_status":"closed","ping_status":"closed","sticky":false,"template":"","format":"standard","meta":{"footnotes":""},"categories":[343],"tags":[],"class_list":{"0":"post-30082","1":"post","2":"type-post","3":"status-publish","4":"format-standard","5":"has-post-thumbnail","7":"category-actualidad"},"aioseo_notices":[],"aioseo_head":"\n\t\t<!-- All in One SEO Pro 4.9.6.2 - aioseo.com -->\n\t<meta name=\"description\" content=\"La cantante Anabel Santiago y el escritor, compositor y m\u00fasico Julio Arbes\u00fa, presentan este s\u00e1bado el videoclip &#039;La lloca&#039;, dedicado a la escultura &#039;La Madre del Emigrante, de Ram\u00f3n Muriedas, conocida popularmente en Gij\u00f3n como &#039;La Lloca del Rincon\u00edn&#039;. &#039;La lloca&#039; es un tango en asturiano compuesto por Julio Arbes\u00fa para ser cantado por la\" \/>\n\t<meta name=\"robots\" content=\"max-image-preview:large\" \/>\n\t<meta name=\"author\" content=\"Cand\u00e1s 365\"\/>\n\t<meta name=\"google-site-verification\" content=\"UA-32230408-1\" \/>\n\t<meta name=\"msvalidate.01\" content=\"354F3CDFB2DA171B47FBE9ABF1F88D5\" \/>\n\t<meta name=\"keywords\" content=\"actualidad\" \/>\n\t<link rel=\"canonical\" href=\"https:\/\/candas365.es\/noticias\/anabel-santiago-y-julio-arbesu-presentan-el-videoclip-de-la-lloca\/\" \/>\n\t<meta name=\"generator\" content=\"All in One SEO Pro (AIOSEO) 4.9.6.2\" \/>\n\t\t<meta property=\"og:locale\" content=\"es_ES\" \/>\n\t\t<meta property=\"og:site_name\" content=\"Cand\u00e1s 365\" \/>\n\t\t<meta property=\"og:type\" content=\"article\" \/>\n\t\t<meta property=\"og:title\" content=\"Anabel Santiago y Julio Arbes\u00fa presentan el videoclip de \u2018La lloca\u2019 | Cand\u00e1s 365\" \/>\n\t\t<meta property=\"og:description\" content=\"La cantante Anabel Santiago y el escritor, compositor y m\u00fasico Julio Arbes\u00fa, presentan este s\u00e1bado el videoclip &#039;La lloca&#039;, dedicado a la escultura &#039;La Madre del Emigrante, de Ram\u00f3n Muriedas, conocida popularmente en Gij\u00f3n como &#039;La Lloca del Rincon\u00edn&#039;. &#039;La lloca&#039; es un tango en asturiano compuesto por Julio Arbes\u00fa para ser cantado por la\" \/>\n\t\t<meta property=\"og:url\" content=\"https:\/\/candas365.es\/noticias\/anabel-santiago-y-julio-arbesu-presentan-el-videoclip-de-la-lloca\/\" \/>\n\t\t<meta property=\"og:image\" content=\"https:\/\/candas365.es\/noticias\/wp-content\/uploads\/2016\/06\/fotonoticia_20160611175243_800.jpg\" \/>\n\t\t<meta property=\"og:image:secure_url\" content=\"https:\/\/candas365.es\/noticias\/wp-content\/uploads\/2016\/06\/fotonoticia_20160611175243_800.jpg\" \/>\n\t\t<meta property=\"og:image:width\" content=\"800\" \/>\n\t\t<meta property=\"og:image:height\" content=\"672\" \/>\n\t\t<meta property=\"article:published_time\" content=\"2016-06-12T10:47:53+00:00\" \/>\n\t\t<meta property=\"article:modified_time\" content=\"2016-06-12T10:47:53+00:00\" \/>\n\t\t<meta property=\"article:publisher\" content=\"https:\/\/www.facebook.com\/Nachofdezber\" \/>\n\t\t<meta property=\"article:author\" content=\"https:\/\/www.facebook.com\/carrenoactualidad\" \/>\n\t\t<meta name=\"twitter:card\" content=\"summary_large_image\" \/>\n\t\t<meta name=\"twitter:site\" content=\"@NabercoDigital\" \/>\n\t\t<meta name=\"twitter:title\" content=\"Anabel Santiago y Julio Arbes\u00fa presentan el videoclip de \u2018La lloca\u2019 | Cand\u00e1s 365\" \/>\n\t\t<meta name=\"twitter:description\" content=\"La cantante Anabel Santiago y el escritor, compositor y m\u00fasico Julio Arbes\u00fa, presentan este s\u00e1bado el videoclip &#039;La lloca&#039;, dedicado a la escultura &#039;La Madre del Emigrante, de Ram\u00f3n Muriedas, conocida popularmente en Gij\u00f3n como &#039;La Lloca del Rincon\u00edn&#039;. &#039;La lloca&#039; es un tango en asturiano compuesto por Julio Arbes\u00fa para ser cantado por la\" \/>\n\t\t<meta name=\"twitter:creator\" content=\"@nbasturias\" \/>\n\t\t<meta name=\"twitter:image\" content=\"https:\/\/candas365.es\/noticias\/wp-content\/uploads\/2016\/06\/fotonoticia_20160611175243_800.jpg\" \/>\n\t\t<meta name=\"twitter:label1\" content=\"Escrito por\" \/>\n\t\t<meta name=\"twitter:data1\" content=\"Cand\u00e1s 365\" \/>\n\t\t<meta name=\"twitter:label2\" content=\"Tiempo de lectura estimado\" \/>\n\t\t<meta name=\"twitter:data2\" content=\"1 minuto\" \/>\n\t\t<script type=\"application\/ld+json\" class=\"aioseo-schema\">\n\t\t\t{\"@context\":\"https:\\\/\\\/schema.org\",\"@graph\":[{\"@type\":\"BreadcrumbList\",\"@id\":\"https:\\\/\\\/candas365.es\\\/noticias\\\/anabel-santiago-y-julio-arbesu-presentan-el-videoclip-de-la-lloca\\\/#breadcrumblist\",\"itemListElement\":[{\"@type\":\"ListItem\",\"@id\":\"https:\\\/\\\/candas365.es\\\/noticias#listItem\",\"position\":1,\"name\":\"Home\",\"item\":\"https:\\\/\\\/candas365.es\\\/noticias\",\"nextItem\":{\"@type\":\"ListItem\",\"@id\":\"https:\\\/\\\/candas365.es\\\/noticias\\\/category\\\/actualidad\\\/#listItem\",\"name\":\"Actualidad\"}},{\"@type\":\"ListItem\",\"@id\":\"https:\\\/\\\/candas365.es\\\/noticias\\\/category\\\/actualidad\\\/#listItem\",\"position\":2,\"name\":\"Actualidad\",\"item\":\"https:\\\/\\\/candas365.es\\\/noticias\\\/category\\\/actualidad\\\/\",\"nextItem\":{\"@type\":\"ListItem\",\"@id\":\"https:\\\/\\\/candas365.es\\\/noticias\\\/anabel-santiago-y-julio-arbesu-presentan-el-videoclip-de-la-lloca\\\/#listItem\",\"name\":\"Anabel Santiago y Julio Arbes\\u00fa presentan el videoclip de &#8216;La lloca&#8217;\"},\"previousItem\":{\"@type\":\"ListItem\",\"@id\":\"https:\\\/\\\/candas365.es\\\/noticias#listItem\",\"name\":\"Home\"}},{\"@type\":\"ListItem\",\"@id\":\"https:\\\/\\\/candas365.es\\\/noticias\\\/anabel-santiago-y-julio-arbesu-presentan-el-videoclip-de-la-lloca\\\/#listItem\",\"position\":3,\"name\":\"Anabel Santiago y Julio Arbes\\u00fa presentan el videoclip de &#8216;La lloca&#8217;\",\"previousItem\":{\"@type\":\"ListItem\",\"@id\":\"https:\\\/\\\/candas365.es\\\/noticias\\\/category\\\/actualidad\\\/#listItem\",\"name\":\"Actualidad\"}}]},{\"@type\":\"NewsArticle\",\"@id\":\"https:\\\/\\\/candas365.es\\\/noticias\\\/anabel-santiago-y-julio-arbesu-presentan-el-videoclip-de-la-lloca\\\/#newsarticle\",\"name\":\"Anabel Santiago y Julio Arbes\\u00fa presentan el videoclip de \\u2018La lloca\\u2019 | Cand\\u00e1s 365\",\"headline\":\"Anabel Santiago y Julio Arbes\\u00fa presentan el videoclip de &#8216;La lloca&#8217;\",\"author\":{\"@id\":\"https:\\\/\\\/candas365.es\\\/noticias\\\/author\\\/admin\\\/#author\"},\"publisher\":{\"@id\":\"https:\\\/\\\/candas365.es\\\/noticias\\\/#organization\"},\"image\":{\"@type\":\"ImageObject\",\"url\":\"https:\\\/\\\/candas365.es\\\/noticias\\\/wp-content\\\/uploads\\\/2016\\\/06\\\/fotonoticia_20160611175243_800.jpg\",\"width\":800,\"height\":672},\"datePublished\":\"2016-06-12T12:17:53+02:00\",\"dateModified\":\"2016-06-12T12:17:53+02:00\",\"inLanguage\":\"es-ES\",\"mainEntityOfPage\":{\"@id\":\"https:\\\/\\\/candas365.es\\\/noticias\\\/anabel-santiago-y-julio-arbesu-presentan-el-videoclip-de-la-lloca\\\/#webpage\"},\"isPartOf\":{\"@id\":\"https:\\\/\\\/candas365.es\\\/noticias\\\/anabel-santiago-y-julio-arbesu-presentan-el-videoclip-de-la-lloca\\\/#webpage\"},\"articleSection\":\"Actualidad\",\"dateline\":\"Publicado el junio 12, 2016.\"},{\"@type\":\"Organization\",\"@id\":\"https:\\\/\\\/candas365.es\\\/noticias\\\/#organization\",\"name\":\"Cand\\u00e1s 365\",\"description\":\"Cand\\u00e1s 365 es un diario digital independiente, fundado en 2012, con base en Asturias. Informamos con rigor sobre actualidad, sociedad, cultura y ocio, con una mirada local y global.\",\"url\":\"https:\\\/\\\/candas365.es\\\/noticias\\\/\",\"email\":\"info@candas365.es\",\"telephone\":\"+34652131393\",\"foundingDate\":\"2012-06-10\",\"logo\":{\"@type\":\"ImageObject\",\"url\":\"https:\\\/\\\/candas365.es\\\/noticias\\\/wp-content\\\/uploads\\\/2024\\\/09\\\/Candas-365-Redes.jpg\",\"@id\":\"https:\\\/\\\/candas365.es\\\/noticias\\\/anabel-santiago-y-julio-arbesu-presentan-el-videoclip-de-la-lloca\\\/#organizationLogo\",\"width\":1152,\"height\":864,\"caption\":\"Cand\\u00e1s 365 Redes\"},\"image\":{\"@id\":\"https:\\\/\\\/candas365.es\\\/noticias\\\/anabel-santiago-y-julio-arbesu-presentan-el-videoclip-de-la-lloca\\\/#organizationLogo\"},\"sameAs\":[\"https:\\\/\\\/www.facebook.com\\\/Nachofdezber\",\"https:\\\/\\\/x.com\\\/NabercoDigital\",\"https:\\\/\\\/www.instagram.com\\\/nachofdezber\\\/\",\"https:\\\/\\\/www.youtube.com\\\/channel\\\/UCZP-2wLEB9Rv6erhFmqVnvg\"],\"address\":{\"@id\":\"https:\\\/\\\/candas365.es\\\/noticias\\\/#postaladdress\",\"@type\":\"PostalAddress\",\"streetAddress\":\"san antonio 4, san antonio 4\",\"postalCode\":\"33430\",\"addressLocality\":\"Cand\\u00e1s\",\"addressRegion\":\"Asturias\",\"addressCountry\":\"ES\"}},{\"@type\":\"Person\",\"@id\":\"https:\\\/\\\/candas365.es\\\/noticias\\\/author\\\/admin\\\/#author\",\"url\":\"https:\\\/\\\/candas365.es\\\/noticias\\\/author\\\/admin\\\/\",\"name\":\"Cand\\u00e1s 365\",\"image\":{\"@type\":\"ImageObject\",\"@id\":\"https:\\\/\\\/candas365.es\\\/noticias\\\/anabel-santiago-y-julio-arbesu-presentan-el-videoclip-de-la-lloca\\\/#authorImage\",\"url\":\"https:\\\/\\\/secure.gravatar.com\\\/avatar\\\/496a8e03d0c493ede1718b7934145dbdf8d89be1036b0eec9544e1094c9de390?s=96&d=mm&r=g\",\"width\":96,\"height\":96,\"caption\":\"Cand\\u00e1s 365\"},\"sameAs\":[\"https:\\\/\\\/www.facebook.com\\\/carrenoactualidad\",\"https:\\\/\\\/twitter.com\\\/nbasturias\",\"https:\\\/\\\/www.instagram.com\\\/nachofdezber\\\/\",\"https:\\\/\\\/www.youtube.com\\\/channel\\\/UCZP-2wLEB9Rv6erhFmqVnvg\"]},{\"@type\":\"WebPage\",\"@id\":\"https:\\\/\\\/candas365.es\\\/noticias\\\/anabel-santiago-y-julio-arbesu-presentan-el-videoclip-de-la-lloca\\\/#webpage\",\"url\":\"https:\\\/\\\/candas365.es\\\/noticias\\\/anabel-santiago-y-julio-arbesu-presentan-el-videoclip-de-la-lloca\\\/\",\"name\":\"Anabel Santiago y Julio Arbes\\u00fa presentan el videoclip de \\u2018La lloca\\u2019 | Cand\\u00e1s 365\",\"description\":\"La cantante Anabel Santiago y el escritor, compositor y m\\u00fasico Julio Arbes\\u00fa, presentan este s\\u00e1bado el videoclip 'La lloca', dedicado a la escultura 'La Madre del Emigrante, de Ram\\u00f3n Muriedas, conocida popularmente en Gij\\u00f3n como 'La Lloca del Rincon\\u00edn'. 'La lloca' es un tango en asturiano compuesto por Julio Arbes\\u00fa para ser cantado por la\",\"inLanguage\":\"es-ES\",\"isPartOf\":{\"@id\":\"https:\\\/\\\/candas365.es\\\/noticias\\\/#website\"},\"breadcrumb\":{\"@id\":\"https:\\\/\\\/candas365.es\\\/noticias\\\/anabel-santiago-y-julio-arbesu-presentan-el-videoclip-de-la-lloca\\\/#breadcrumblist\"},\"author\":{\"@id\":\"https:\\\/\\\/candas365.es\\\/noticias\\\/author\\\/admin\\\/#author\"},\"creator\":{\"@id\":\"https:\\\/\\\/candas365.es\\\/noticias\\\/author\\\/admin\\\/#author\"},\"image\":{\"@type\":\"ImageObject\",\"url\":\"https:\\\/\\\/candas365.es\\\/noticias\\\/wp-content\\\/uploads\\\/2016\\\/06\\\/fotonoticia_20160611175243_800.jpg\",\"@id\":\"https:\\\/\\\/candas365.es\\\/noticias\\\/anabel-santiago-y-julio-arbesu-presentan-el-videoclip-de-la-lloca\\\/#mainImage\",\"width\":800,\"height\":672},\"primaryImageOfPage\":{\"@id\":\"https:\\\/\\\/candas365.es\\\/noticias\\\/anabel-santiago-y-julio-arbesu-presentan-el-videoclip-de-la-lloca\\\/#mainImage\"},\"datePublished\":\"2016-06-12T12:17:53+02:00\",\"dateModified\":\"2016-06-12T12:17:53+02:00\"},{\"@type\":\"WebSite\",\"@id\":\"https:\\\/\\\/candas365.es\\\/noticias\\\/#website\",\"url\":\"https:\\\/\\\/candas365.es\\\/noticias\\\/\",\"name\":\"Cand\\u00e1s 365\",\"alternateName\":\"Cand\\u00e1s 365 Noticias\",\"description\":\"Actualidad desde Carre\\u00f1o para el mundo\",\"inLanguage\":\"es-ES\",\"publisher\":{\"@id\":\"https:\\\/\\\/candas365.es\\\/noticias\\\/#organization\"}}]}\n\t\t<\/script>\n\t\t<!-- All in One SEO Pro -->\r\n\t\t<title>Anabel Santiago y Julio Arbes\u00fa presentan el videoclip de \u2018La lloca\u2019 | Cand\u00e1s 365<\/title>\n\n","aioseo_head_json":{"title":"Anabel Santiago y Julio Arbes\u00fa presentan el videoclip de \u2018La lloca\u2019 | Cand\u00e1s 365","description":"La cantante Anabel Santiago y el escritor, compositor y m\u00fasico Julio Arbes\u00fa, presentan este s\u00e1bado el videoclip 'La lloca', dedicado a la escultura 'La Madre del Emigrante, de Ram\u00f3n Muriedas, conocida popularmente en Gij\u00f3n como 'La Lloca del Rincon\u00edn'. 'La lloca' es un tango en asturiano compuesto por Julio Arbes\u00fa para ser cantado por la","canonical_url":"https:\/\/candas365.es\/noticias\/anabel-santiago-y-julio-arbesu-presentan-el-videoclip-de-la-lloca\/","robots":"max-image-preview:large","keywords":"actualidad","webmasterTools":{"google-site-verification":"UA-32230408-1","msvalidate.01":"354F3CDFB2DA171B47FBE9ABF1F88D5","miscellaneous":""},"schema":{"@context":"https:\/\/schema.org","@graph":[{"@type":"BreadcrumbList","@id":"https:\/\/candas365.es\/noticias\/anabel-santiago-y-julio-arbesu-presentan-el-videoclip-de-la-lloca\/#breadcrumblist","itemListElement":[{"@type":"ListItem","@id":"https:\/\/candas365.es\/noticias#listItem","position":1,"name":"Home","item":"https:\/\/candas365.es\/noticias","nextItem":{"@type":"ListItem","@id":"https:\/\/candas365.es\/noticias\/category\/actualidad\/#listItem","name":"Actualidad"}},{"@type":"ListItem","@id":"https:\/\/candas365.es\/noticias\/category\/actualidad\/#listItem","position":2,"name":"Actualidad","item":"https:\/\/candas365.es\/noticias\/category\/actualidad\/","nextItem":{"@type":"ListItem","@id":"https:\/\/candas365.es\/noticias\/anabel-santiago-y-julio-arbesu-presentan-el-videoclip-de-la-lloca\/#listItem","name":"Anabel Santiago y Julio Arbes\u00fa presentan el videoclip de &#8216;La lloca&#8217;"},"previousItem":{"@type":"ListItem","@id":"https:\/\/candas365.es\/noticias#listItem","name":"Home"}},{"@type":"ListItem","@id":"https:\/\/candas365.es\/noticias\/anabel-santiago-y-julio-arbesu-presentan-el-videoclip-de-la-lloca\/#listItem","position":3,"name":"Anabel Santiago y Julio Arbes\u00fa presentan el videoclip de &#8216;La lloca&#8217;","previousItem":{"@type":"ListItem","@id":"https:\/\/candas365.es\/noticias\/category\/actualidad\/#listItem","name":"Actualidad"}}]},{"@type":"NewsArticle","@id":"https:\/\/candas365.es\/noticias\/anabel-santiago-y-julio-arbesu-presentan-el-videoclip-de-la-lloca\/#newsarticle","name":"Anabel Santiago y Julio Arbes\u00fa presentan el videoclip de \u2018La lloca\u2019 | Cand\u00e1s 365","headline":"Anabel Santiago y Julio Arbes\u00fa presentan el videoclip de &#8216;La lloca&#8217;","author":{"@id":"https:\/\/candas365.es\/noticias\/author\/admin\/#author"},"publisher":{"@id":"https:\/\/candas365.es\/noticias\/#organization"},"image":{"@type":"ImageObject","url":"https:\/\/candas365.es\/noticias\/wp-content\/uploads\/2016\/06\/fotonoticia_20160611175243_800.jpg","width":800,"height":672},"datePublished":"2016-06-12T12:17:53+02:00","dateModified":"2016-06-12T12:17:53+02:00","inLanguage":"es-ES","mainEntityOfPage":{"@id":"https:\/\/candas365.es\/noticias\/anabel-santiago-y-julio-arbesu-presentan-el-videoclip-de-la-lloca\/#webpage"},"isPartOf":{"@id":"https:\/\/candas365.es\/noticias\/anabel-santiago-y-julio-arbesu-presentan-el-videoclip-de-la-lloca\/#webpage"},"articleSection":"Actualidad","dateline":"Publicado el junio 12, 2016."},{"@type":"Organization","@id":"https:\/\/candas365.es\/noticias\/#organization","name":"Cand\u00e1s 365","description":"Cand\u00e1s 365 es un diario digital independiente, fundado en 2012, con base en Asturias. Informamos con rigor sobre actualidad, sociedad, cultura y ocio, con una mirada local y global.","url":"https:\/\/candas365.es\/noticias\/","email":"info@candas365.es","telephone":"+34652131393","foundingDate":"2012-06-10","logo":{"@type":"ImageObject","url":"https:\/\/candas365.es\/noticias\/wp-content\/uploads\/2024\/09\/Candas-365-Redes.jpg","@id":"https:\/\/candas365.es\/noticias\/anabel-santiago-y-julio-arbesu-presentan-el-videoclip-de-la-lloca\/#organizationLogo","width":1152,"height":864,"caption":"Cand\u00e1s 365 Redes"},"image":{"@id":"https:\/\/candas365.es\/noticias\/anabel-santiago-y-julio-arbesu-presentan-el-videoclip-de-la-lloca\/#organizationLogo"},"sameAs":["https:\/\/www.facebook.com\/Nachofdezber","https:\/\/x.com\/NabercoDigital","https:\/\/www.instagram.com\/nachofdezber\/","https:\/\/www.youtube.com\/channel\/UCZP-2wLEB9Rv6erhFmqVnvg"],"address":{"@id":"https:\/\/candas365.es\/noticias\/#postaladdress","@type":"PostalAddress","streetAddress":"san antonio 4, san antonio 4","postalCode":"33430","addressLocality":"Cand\u00e1s","addressRegion":"Asturias","addressCountry":"ES"}},{"@type":"Person","@id":"https:\/\/candas365.es\/noticias\/author\/admin\/#author","url":"https:\/\/candas365.es\/noticias\/author\/admin\/","name":"Cand\u00e1s 365","image":{"@type":"ImageObject","@id":"https:\/\/candas365.es\/noticias\/anabel-santiago-y-julio-arbesu-presentan-el-videoclip-de-la-lloca\/#authorImage","url":"https:\/\/secure.gravatar.com\/avatar\/496a8e03d0c493ede1718b7934145dbdf8d89be1036b0eec9544e1094c9de390?s=96&d=mm&r=g","width":96,"height":96,"caption":"Cand\u00e1s 365"},"sameAs":["https:\/\/www.facebook.com\/carrenoactualidad","https:\/\/twitter.com\/nbasturias","https:\/\/www.instagram.com\/nachofdezber\/","https:\/\/www.youtube.com\/channel\/UCZP-2wLEB9Rv6erhFmqVnvg"]},{"@type":"WebPage","@id":"https:\/\/candas365.es\/noticias\/anabel-santiago-y-julio-arbesu-presentan-el-videoclip-de-la-lloca\/#webpage","url":"https:\/\/candas365.es\/noticias\/anabel-santiago-y-julio-arbesu-presentan-el-videoclip-de-la-lloca\/","name":"Anabel Santiago y Julio Arbes\u00fa presentan el videoclip de \u2018La lloca\u2019 | Cand\u00e1s 365","description":"La cantante Anabel Santiago y el escritor, compositor y m\u00fasico Julio Arbes\u00fa, presentan este s\u00e1bado el videoclip 'La lloca', dedicado a la escultura 'La Madre del Emigrante, de Ram\u00f3n Muriedas, conocida popularmente en Gij\u00f3n como 'La Lloca del Rincon\u00edn'. 'La lloca' es un tango en asturiano compuesto por Julio Arbes\u00fa para ser cantado por la","inLanguage":"es-ES","isPartOf":{"@id":"https:\/\/candas365.es\/noticias\/#website"},"breadcrumb":{"@id":"https:\/\/candas365.es\/noticias\/anabel-santiago-y-julio-arbesu-presentan-el-videoclip-de-la-lloca\/#breadcrumblist"},"author":{"@id":"https:\/\/candas365.es\/noticias\/author\/admin\/#author"},"creator":{"@id":"https:\/\/candas365.es\/noticias\/author\/admin\/#author"},"image":{"@type":"ImageObject","url":"https:\/\/candas365.es\/noticias\/wp-content\/uploads\/2016\/06\/fotonoticia_20160611175243_800.jpg","@id":"https:\/\/candas365.es\/noticias\/anabel-santiago-y-julio-arbesu-presentan-el-videoclip-de-la-lloca\/#mainImage","width":800,"height":672},"primaryImageOfPage":{"@id":"https:\/\/candas365.es\/noticias\/anabel-santiago-y-julio-arbesu-presentan-el-videoclip-de-la-lloca\/#mainImage"},"datePublished":"2016-06-12T12:17:53+02:00","dateModified":"2016-06-12T12:17:53+02:00"},{"@type":"WebSite","@id":"https:\/\/candas365.es\/noticias\/#website","url":"https:\/\/candas365.es\/noticias\/","name":"Cand\u00e1s 365","alternateName":"Cand\u00e1s 365 Noticias","description":"Actualidad desde Carre\u00f1o para el mundo","inLanguage":"es-ES","publisher":{"@id":"https:\/\/candas365.es\/noticias\/#organization"}}]},"og:locale":"es_ES","og:site_name":"Cand\u00e1s 365","og:type":"article","og:title":"Anabel Santiago y Julio Arbes\u00fa presentan el videoclip de \u2018La lloca\u2019 | Cand\u00e1s 365","og:description":"La cantante Anabel Santiago y el escritor, compositor y m\u00fasico Julio Arbes\u00fa, presentan este s\u00e1bado el videoclip 'La lloca', dedicado a la escultura 'La Madre del Emigrante, de Ram\u00f3n Muriedas, conocida popularmente en Gij\u00f3n como 'La Lloca del Rincon\u00edn'. 'La lloca' es un tango en asturiano compuesto por Julio Arbes\u00fa para ser cantado por la","og:url":"https:\/\/candas365.es\/noticias\/anabel-santiago-y-julio-arbesu-presentan-el-videoclip-de-la-lloca\/","og:image":"https:\/\/candas365.es\/noticias\/wp-content\/uploads\/2016\/06\/fotonoticia_20160611175243_800.jpg","og:image:secure_url":"https:\/\/candas365.es\/noticias\/wp-content\/uploads\/2016\/06\/fotonoticia_20160611175243_800.jpg","og:image:width":800,"og:image:height":672,"article:published_time":"2016-06-12T10:47:53+00:00","article:modified_time":"2016-06-12T10:47:53+00:00","article:publisher":"https:\/\/www.facebook.com\/Nachofdezber","article:author":"https:\/\/www.facebook.com\/carrenoactualidad","twitter:card":"summary_large_image","twitter:site":"@NabercoDigital","twitter:title":"Anabel Santiago y Julio Arbes\u00fa presentan el videoclip de \u2018La lloca\u2019 | Cand\u00e1s 365","twitter:description":"La cantante Anabel Santiago y el escritor, compositor y m\u00fasico Julio Arbes\u00fa, presentan este s\u00e1bado el videoclip 'La lloca', dedicado a la escultura 'La Madre del Emigrante, de Ram\u00f3n Muriedas, conocida popularmente en Gij\u00f3n como 'La Lloca del Rincon\u00edn'. 'La lloca' es un tango en asturiano compuesto por Julio Arbes\u00fa para ser cantado por la","twitter:creator":"@nbasturias","twitter:image":"https:\/\/candas365.es\/noticias\/wp-content\/uploads\/2016\/06\/fotonoticia_20160611175243_800.jpg","twitter:label1":"Escrito por","twitter:data1":"Cand\u00e1s 365","twitter:label2":"Tiempo de lectura estimado","twitter:data2":"1 minuto"},"aioseo_meta_data":{"post_id":"30082","title":null,"description":null,"keywords":null,"keyphrases":null,"primary_term":null,"canonical_url":null,"og_title":null,"og_description":null,"og_object_type":"default","og_image_type":"default","og_image_url":null,"og_image_width":null,"og_image_height":null,"og_image_custom_url":null,"og_image_custom_fields":null,"og_video":null,"og_custom_url":null,"og_article_section":null,"og_article_tags":null,"twitter_use_og":false,"twitter_card":"default","twitter_image_type":"default","twitter_image_url":null,"twitter_image_custom_url":null,"twitter_image_custom_fields":null,"twitter_title":null,"twitter_description":null,"schema":{"blockGraphs":[],"customGraphs":[],"default":{"data":{"Article":[],"Course":[],"Dataset":[],"FAQPage":[],"Movie":[],"Person":[],"Product":[],"ProductReview":[],"Car":[],"Recipe":[],"Service":[],"SoftwareApplication":[],"WebPage":[]},"graphName":"","isEnabled":true},"graphs":[],"defaultGraph":"","defaultPostTypeGraph":""},"schema_type":null,"schema_type_options":null,"pillar_content":false,"robots_default":true,"robots_noindex":false,"robots_noarchive":false,"robots_nosnippet":false,"robots_nofollow":false,"robots_noimageindex":false,"robots_noodp":false,"robots_notranslate":false,"robots_max_snippet":null,"robots_max_videopreview":null,"robots_max_imagepreview":"large","priority":null,"frequency":null,"location":null,"local_seo":null,"seo_analyzer_scan_date":"2025-08-24 12:04:10","breadcrumb_settings":null,"limit_modified_date":false,"reviewed_by":null,"open_ai":null,"ai":null,"created":"2020-12-21 12:56:46","updated":"2025-08-24 12:04:10"},"aioseo_breadcrumb":"<div class=\"aioseo-breadcrumbs\"><span class=\"aioseo-breadcrumb\">\n\t<a href=\"https:\/\/candas365.es\/noticias\" title=\"Home\">Home<\/a>\n<\/span><span class=\"aioseo-breadcrumb-separator\">&ndash;<\/span><span class=\"aioseo-breadcrumb\">\n\t<a href=\"https:\/\/candas365.es\/noticias\/category\/actualidad\/\" title=\"Actualidad\">Actualidad<\/a>\n<\/span><span class=\"aioseo-breadcrumb-separator\">&ndash;<\/span><span class=\"aioseo-breadcrumb\">\n\tAnabel Santiago y Julio Arbes\u00fa presentan el videoclip de \u2018La lloca\u2019\n<\/span><\/div>","aioseo_breadcrumb_json":[{"label":"Home","link":"https:\/\/candas365.es\/noticias"},{"label":"Actualidad","link":"https:\/\/candas365.es\/noticias\/category\/actualidad\/"},{"label":"Anabel Santiago y Julio Arbes\u00fa presentan el videoclip de &#8216;La lloca&#8217;","link":"https:\/\/candas365.es\/noticias\/anabel-santiago-y-julio-arbesu-presentan-el-videoclip-de-la-lloca\/"}],"_links":{"self":[{"href":"https:\/\/candas365.es\/noticias\/wp-json\/wp\/v2\/posts\/30082","targetHints":{"allow":["GET"]}}],"collection":[{"href":"https:\/\/candas365.es\/noticias\/wp-json\/wp\/v2\/posts"}],"about":[{"href":"https:\/\/candas365.es\/noticias\/wp-json\/wp\/v2\/types\/post"}],"author":[{"embeddable":true,"href":"https:\/\/candas365.es\/noticias\/wp-json\/wp\/v2\/users\/1"}],"replies":[{"embeddable":true,"href":"https:\/\/candas365.es\/noticias\/wp-json\/wp\/v2\/comments?post=30082"}],"version-history":[{"count":0,"href":"https:\/\/candas365.es\/noticias\/wp-json\/wp\/v2\/posts\/30082\/revisions"}],"wp:featuredmedia":[{"embeddable":true,"href":"https:\/\/candas365.es\/noticias\/wp-json\/wp\/v2\/media\/30083"}],"wp:attachment":[{"href":"https:\/\/candas365.es\/noticias\/wp-json\/wp\/v2\/media?parent=30082"}],"wp:term":[{"taxonomy":"category","embeddable":true,"href":"https:\/\/candas365.es\/noticias\/wp-json\/wp\/v2\/categories?post=30082"},{"taxonomy":"post_tag","embeddable":true,"href":"https:\/\/candas365.es\/noticias\/wp-json\/wp\/v2\/tags?post=30082"}],"curies":[{"name":"wp","href":"https:\/\/api.w.org\/{rel}","templated":true}]}}