{"id":30056,"date":"2016-06-12T11:55:53","date_gmt":"2016-06-12T10:25:53","guid":{"rendered":"http:\/\/candas365.es\/noticias\/?p=30056"},"modified":"2016-06-12T11:55:53","modified_gmt":"2016-06-12T10:25:53","slug":"detenido-un-hombre-acusado-de-varios-robos-en-gijon","status":"publish","type":"post","link":"https:\/\/candas365.es\/noticias\/detenido-un-hombre-acusado-de-varios-robos-en-gijon\/","title":{"rendered":"Detenido un hombre acusado de varios robos en Gij\u00f3n"},"content":{"rendered":"<p><img fetchpriority=\"high\" decoding=\"async\" src=\"https:\/\/candas365.es\/noticias\/wp-content\/uploads\/2015\/10\/policia-local2-360x264.jpg\" alt=\"policia local\" width=\"360\" height=\"264\" class=\"alignleft size-medium wp-image-17312\" srcset=\"https:\/\/candas365.es\/noticias\/wp-content\/uploads\/2015\/10\/policia-local2.jpg 360w, https:\/\/candas365.es\/noticias\/wp-content\/uploads\/2015\/10\/policia-local2-150x110.jpg 150w, https:\/\/candas365.es\/noticias\/wp-content\/uploads\/2015\/10\/policia-local2-80x60.jpg 80w, https:\/\/candas365.es\/noticias\/wp-content\/uploads\/2015\/10\/policia-local2-90x67.jpg 90w\" sizes=\"(max-width: 360px) 100vw, 360px\" \/>Agentes de la Polic\u00eda Local de Gij\u00f3n han detenido este viernes, sobre las 2.40 horas, a un hombre de 47 a\u00f1os, G.C.S., de domicilio desconocido, como supuesto autor de varios delitos de robo, seg\u00fan una nota de prensa del Ayuntamiento gijon\u00e9s.<\/p>\n<p>La detenci\u00f3n se produjo despu\u00e9s de que se diera aviso a la Polic\u00eda de que un hombre acababa de romper la ventanilla de un veh\u00edculo Seat Inca en la calle de Los Andes. A la llegada de los agentes, el hombre emprendi\u00f3 la huida a pie, desprendi\u00e9ndose durante la carrera de distintos objetos.<\/p>\n<p>Los agentes lograron alcanzarle y detenerle. Durante el registro practicado, se le ocuparon distintos objetos supuestamente producto de varios robos, como un navegador de veh\u00edculo, una c\u00e1mara de fotos, varios pares de gafas, una cartera con documentaci\u00f3n de un tercero y un ordenador port\u00e1til entre otras cosas. Tambi\u00e9n se le intervino un cuter, una navaja y unas tijeras.<\/p>\n","protected":false},"excerpt":{"rendered":"<p>Agentes de la Polic\u00eda Local de Gij\u00f3n han detenido este viernes, sobre las 2.40 horas, a un hombre de 47 a\u00f1os, G.C.S., de domicilio desconocido, como supuesto autor de varios delitos de robo, seg\u00fan una nota de prensa del Ayuntamiento gijon\u00e9s. La detenci\u00f3n se produjo despu\u00e9s de que se diera aviso a la Polic\u00eda de<\/p>\n","protected":false},"author":1,"featured_media":318,"comment_status":"closed","ping_status":"closed","sticky":false,"template":"","format":"standard","meta":{"footnotes":""},"categories":[343],"tags":[],"class_list":{"0":"post-30056","1":"post","2":"type-post","3":"status-publish","4":"format-standard","5":"has-post-thumbnail","7":"category-actualidad"},"aioseo_notices":[],"aioseo_head":"\n\t\t<!-- All in One SEO Pro 4.9.6.2 - aioseo.com -->\n\t<meta name=\"description\" content=\"Agentes de la Polic\u00eda Local de Gij\u00f3n han detenido este viernes, sobre las 2.40 horas, a un hombre de 47 a\u00f1os, G.C.S., de domicilio desconocido, como supuesto autor de varios delitos de robo, seg\u00fan una nota de prensa del Ayuntamiento gijon\u00e9s. La detenci\u00f3n se produjo despu\u00e9s de que se diera aviso a la Polic\u00eda de\" \/>\n\t<meta name=\"robots\" content=\"max-image-preview:large\" \/>\n\t<meta name=\"author\" content=\"Cand\u00e1s 365\"\/>\n\t<meta name=\"google-site-verification\" content=\"UA-32230408-1\" \/>\n\t<meta name=\"msvalidate.01\" content=\"354F3CDFB2DA171B47FBE9ABF1F88D5\" \/>\n\t<meta name=\"keywords\" content=\"actualidad\" \/>\n\t<link rel=\"canonical\" href=\"https:\/\/candas365.es\/noticias\/detenido-un-hombre-acusado-de-varios-robos-en-gijon\/\" \/>\n\t<meta name=\"generator\" content=\"All in One SEO Pro (AIOSEO) 4.9.6.2\" \/>\n\t\t<meta property=\"og:locale\" content=\"es_ES\" \/>\n\t\t<meta property=\"og:site_name\" content=\"Cand\u00e1s 365\" \/>\n\t\t<meta property=\"og:type\" content=\"article\" \/>\n\t\t<meta property=\"og:title\" content=\"Detenido un hombre acusado de varios robos en Gij\u00f3n | Cand\u00e1s 365\" \/>\n\t\t<meta property=\"og:description\" content=\"Agentes de la Polic\u00eda Local de Gij\u00f3n han detenido este viernes, sobre las 2.40 horas, a un hombre de 47 a\u00f1os, G.C.S., de domicilio desconocido, como supuesto autor de varios delitos de robo, seg\u00fan una nota de prensa del Ayuntamiento gijon\u00e9s. La detenci\u00f3n se produjo despu\u00e9s de que se diera aviso a la Polic\u00eda de\" \/>\n\t\t<meta property=\"og:url\" content=\"https:\/\/candas365.es\/noticias\/detenido-un-hombre-acusado-de-varios-robos-en-gijon\/\" \/>\n\t\t<meta property=\"og:image\" content=\"https:\/\/candas365.es\/noticias\/wp-content\/uploads\/2014\/09\/gijon1.jpg\" \/>\n\t\t<meta property=\"og:image:secure_url\" content=\"https:\/\/candas365.es\/noticias\/wp-content\/uploads\/2014\/09\/gijon1.jpg\" \/>\n\t\t<meta property=\"og:image:width\" content=\"640\" \/>\n\t\t<meta property=\"og:image:height\" content=\"428\" \/>\n\t\t<meta property=\"article:published_time\" content=\"2016-06-12T10:25:53+00:00\" \/>\n\t\t<meta property=\"article:modified_time\" content=\"2016-06-12T10:25:53+00:00\" \/>\n\t\t<meta property=\"article:publisher\" content=\"https:\/\/www.facebook.com\/Nachofdezber\" \/>\n\t\t<meta property=\"article:author\" content=\"https:\/\/www.facebook.com\/carrenoactualidad\" \/>\n\t\t<meta name=\"twitter:card\" content=\"summary_large_image\" \/>\n\t\t<meta name=\"twitter:site\" content=\"@NabercoDigital\" \/>\n\t\t<meta name=\"twitter:title\" content=\"Detenido un hombre acusado de varios robos en Gij\u00f3n | Cand\u00e1s 365\" \/>\n\t\t<meta name=\"twitter:description\" content=\"Agentes de la Polic\u00eda Local de Gij\u00f3n han detenido este viernes, sobre las 2.40 horas, a un hombre de 47 a\u00f1os, G.C.S., de domicilio desconocido, como supuesto autor de varios delitos de robo, seg\u00fan una nota de prensa del Ayuntamiento gijon\u00e9s. La detenci\u00f3n se produjo despu\u00e9s de que se diera aviso a la Polic\u00eda de\" \/>\n\t\t<meta name=\"twitter:creator\" content=\"@nbasturias\" \/>\n\t\t<meta name=\"twitter:image\" content=\"https:\/\/candas365.es\/noticias\/wp-content\/uploads\/2014\/09\/gijon1.jpg\" \/>\n\t\t<meta name=\"twitter:label1\" content=\"Escrito por\" \/>\n\t\t<meta name=\"twitter:data1\" content=\"Cand\u00e1s 365\" \/>\n\t\t<meta name=\"twitter:label2\" content=\"Tiempo de lectura estimado\" \/>\n\t\t<meta name=\"twitter:data2\" content=\"1 minuto\" \/>\n\t\t<script type=\"application\/ld+json\" class=\"aioseo-schema\">\n\t\t\t{\"@context\":\"https:\\\/\\\/schema.org\",\"@graph\":[{\"@type\":\"BreadcrumbList\",\"@id\":\"https:\\\/\\\/candas365.es\\\/noticias\\\/detenido-un-hombre-acusado-de-varios-robos-en-gijon\\\/#breadcrumblist\",\"itemListElement\":[{\"@type\":\"ListItem\",\"@id\":\"https:\\\/\\\/candas365.es\\\/noticias#listItem\",\"position\":1,\"name\":\"Home\",\"item\":\"https:\\\/\\\/candas365.es\\\/noticias\",\"nextItem\":{\"@type\":\"ListItem\",\"@id\":\"https:\\\/\\\/candas365.es\\\/noticias\\\/category\\\/actualidad\\\/#listItem\",\"name\":\"Actualidad\"}},{\"@type\":\"ListItem\",\"@id\":\"https:\\\/\\\/candas365.es\\\/noticias\\\/category\\\/actualidad\\\/#listItem\",\"position\":2,\"name\":\"Actualidad\",\"item\":\"https:\\\/\\\/candas365.es\\\/noticias\\\/category\\\/actualidad\\\/\",\"nextItem\":{\"@type\":\"ListItem\",\"@id\":\"https:\\\/\\\/candas365.es\\\/noticias\\\/detenido-un-hombre-acusado-de-varios-robos-en-gijon\\\/#listItem\",\"name\":\"Detenido un hombre acusado de varios robos en Gij\\u00f3n\"},\"previousItem\":{\"@type\":\"ListItem\",\"@id\":\"https:\\\/\\\/candas365.es\\\/noticias#listItem\",\"name\":\"Home\"}},{\"@type\":\"ListItem\",\"@id\":\"https:\\\/\\\/candas365.es\\\/noticias\\\/detenido-un-hombre-acusado-de-varios-robos-en-gijon\\\/#listItem\",\"position\":3,\"name\":\"Detenido un hombre acusado de varios robos en Gij\\u00f3n\",\"previousItem\":{\"@type\":\"ListItem\",\"@id\":\"https:\\\/\\\/candas365.es\\\/noticias\\\/category\\\/actualidad\\\/#listItem\",\"name\":\"Actualidad\"}}]},{\"@type\":\"NewsArticle\",\"@id\":\"https:\\\/\\\/candas365.es\\\/noticias\\\/detenido-un-hombre-acusado-de-varios-robos-en-gijon\\\/#newsarticle\",\"name\":\"Detenido un hombre acusado de varios robos en Gij\\u00f3n | Cand\\u00e1s 365\",\"headline\":\"Detenido un hombre acusado de varios robos en Gij\\u00f3n\",\"author\":{\"@id\":\"https:\\\/\\\/candas365.es\\\/noticias\\\/author\\\/admin\\\/#author\"},\"publisher\":{\"@id\":\"https:\\\/\\\/candas365.es\\\/noticias\\\/#organization\"},\"image\":{\"@type\":\"ImageObject\",\"url\":\"https:\\\/\\\/candas365.es\\\/noticias\\\/wp-content\\\/uploads\\\/2014\\\/09\\\/gijon1.jpg\",\"width\":640,\"height\":428},\"datePublished\":\"2016-06-12T11:55:53+02:00\",\"dateModified\":\"2016-06-12T11:55:53+02:00\",\"inLanguage\":\"es-ES\",\"mainEntityOfPage\":{\"@id\":\"https:\\\/\\\/candas365.es\\\/noticias\\\/detenido-un-hombre-acusado-de-varios-robos-en-gijon\\\/#webpage\"},\"isPartOf\":{\"@id\":\"https:\\\/\\\/candas365.es\\\/noticias\\\/detenido-un-hombre-acusado-de-varios-robos-en-gijon\\\/#webpage\"},\"articleSection\":\"Actualidad\",\"dateline\":\"Publicado el junio 12, 2016.\"},{\"@type\":\"Organization\",\"@id\":\"https:\\\/\\\/candas365.es\\\/noticias\\\/#organization\",\"name\":\"Cand\\u00e1s 365\",\"description\":\"Cand\\u00e1s 365 es un diario digital independiente, fundado en 2012, con base en Asturias. Informamos con rigor sobre actualidad, sociedad, cultura y ocio, con una mirada local y global.\",\"url\":\"https:\\\/\\\/candas365.es\\\/noticias\\\/\",\"email\":\"info@candas365.es\",\"telephone\":\"+34652131393\",\"foundingDate\":\"2012-06-10\",\"logo\":{\"@type\":\"ImageObject\",\"url\":\"https:\\\/\\\/candas365.es\\\/noticias\\\/wp-content\\\/uploads\\\/2024\\\/09\\\/Candas-365-Redes.jpg\",\"@id\":\"https:\\\/\\\/candas365.es\\\/noticias\\\/detenido-un-hombre-acusado-de-varios-robos-en-gijon\\\/#organizationLogo\",\"width\":1152,\"height\":864,\"caption\":\"Cand\\u00e1s 365 Redes\"},\"image\":{\"@id\":\"https:\\\/\\\/candas365.es\\\/noticias\\\/detenido-un-hombre-acusado-de-varios-robos-en-gijon\\\/#organizationLogo\"},\"sameAs\":[\"https:\\\/\\\/www.facebook.com\\\/Nachofdezber\",\"https:\\\/\\\/x.com\\\/NabercoDigital\",\"https:\\\/\\\/www.instagram.com\\\/nachofdezber\\\/\",\"https:\\\/\\\/www.youtube.com\\\/channel\\\/UCZP-2wLEB9Rv6erhFmqVnvg\"],\"address\":{\"@id\":\"https:\\\/\\\/candas365.es\\\/noticias\\\/#postaladdress\",\"@type\":\"PostalAddress\",\"streetAddress\":\"san antonio 4, san antonio 4\",\"postalCode\":\"33430\",\"addressLocality\":\"Cand\\u00e1s\",\"addressRegion\":\"Asturias\",\"addressCountry\":\"ES\"}},{\"@type\":\"Person\",\"@id\":\"https:\\\/\\\/candas365.es\\\/noticias\\\/author\\\/admin\\\/#author\",\"url\":\"https:\\\/\\\/candas365.es\\\/noticias\\\/author\\\/admin\\\/\",\"name\":\"Cand\\u00e1s 365\",\"image\":{\"@type\":\"ImageObject\",\"@id\":\"https:\\\/\\\/candas365.es\\\/noticias\\\/detenido-un-hombre-acusado-de-varios-robos-en-gijon\\\/#authorImage\",\"url\":\"https:\\\/\\\/secure.gravatar.com\\\/avatar\\\/496a8e03d0c493ede1718b7934145dbdf8d89be1036b0eec9544e1094c9de390?s=96&d=mm&r=g\",\"width\":96,\"height\":96,\"caption\":\"Cand\\u00e1s 365\"},\"sameAs\":[\"https:\\\/\\\/www.facebook.com\\\/carrenoactualidad\",\"https:\\\/\\\/twitter.com\\\/nbasturias\",\"https:\\\/\\\/www.instagram.com\\\/nachofdezber\\\/\",\"https:\\\/\\\/www.youtube.com\\\/channel\\\/UCZP-2wLEB9Rv6erhFmqVnvg\"]},{\"@type\":\"WebPage\",\"@id\":\"https:\\\/\\\/candas365.es\\\/noticias\\\/detenido-un-hombre-acusado-de-varios-robos-en-gijon\\\/#webpage\",\"url\":\"https:\\\/\\\/candas365.es\\\/noticias\\\/detenido-un-hombre-acusado-de-varios-robos-en-gijon\\\/\",\"name\":\"Detenido un hombre acusado de varios robos en Gij\\u00f3n | Cand\\u00e1s 365\",\"description\":\"Agentes de la Polic\\u00eda Local de Gij\\u00f3n han detenido este viernes, sobre las 2.40 horas, a un hombre de 47 a\\u00f1os, G.C.S., de domicilio desconocido, como supuesto autor de varios delitos de robo, seg\\u00fan una nota de prensa del Ayuntamiento gijon\\u00e9s. La detenci\\u00f3n se produjo despu\\u00e9s de que se diera aviso a la Polic\\u00eda de\",\"inLanguage\":\"es-ES\",\"isPartOf\":{\"@id\":\"https:\\\/\\\/candas365.es\\\/noticias\\\/#website\"},\"breadcrumb\":{\"@id\":\"https:\\\/\\\/candas365.es\\\/noticias\\\/detenido-un-hombre-acusado-de-varios-robos-en-gijon\\\/#breadcrumblist\"},\"author\":{\"@id\":\"https:\\\/\\\/candas365.es\\\/noticias\\\/author\\\/admin\\\/#author\"},\"creator\":{\"@id\":\"https:\\\/\\\/candas365.es\\\/noticias\\\/author\\\/admin\\\/#author\"},\"image\":{\"@type\":\"ImageObject\",\"url\":\"https:\\\/\\\/candas365.es\\\/noticias\\\/wp-content\\\/uploads\\\/2014\\\/09\\\/gijon1.jpg\",\"@id\":\"https:\\\/\\\/candas365.es\\\/noticias\\\/detenido-un-hombre-acusado-de-varios-robos-en-gijon\\\/#mainImage\",\"width\":640,\"height\":428},\"primaryImageOfPage\":{\"@id\":\"https:\\\/\\\/candas365.es\\\/noticias\\\/detenido-un-hombre-acusado-de-varios-robos-en-gijon\\\/#mainImage\"},\"datePublished\":\"2016-06-12T11:55:53+02:00\",\"dateModified\":\"2016-06-12T11:55:53+02:00\"},{\"@type\":\"WebSite\",\"@id\":\"https:\\\/\\\/candas365.es\\\/noticias\\\/#website\",\"url\":\"https:\\\/\\\/candas365.es\\\/noticias\\\/\",\"name\":\"Cand\\u00e1s 365\",\"alternateName\":\"Cand\\u00e1s 365 Noticias\",\"description\":\"Actualidad desde Carre\\u00f1o para el mundo\",\"inLanguage\":\"es-ES\",\"publisher\":{\"@id\":\"https:\\\/\\\/candas365.es\\\/noticias\\\/#organization\"}}]}\n\t\t<\/script>\n\t\t<!-- All in One SEO Pro -->\r\n\t\t<title>Detenido un hombre acusado de varios robos en Gij\u00f3n | Cand\u00e1s 365<\/title>\n\n","aioseo_head_json":{"title":"Detenido un hombre acusado de varios robos en Gij\u00f3n | Cand\u00e1s 365","description":"Agentes de la Polic\u00eda Local de Gij\u00f3n han detenido este viernes, sobre las 2.40 horas, a un hombre de 47 a\u00f1os, G.C.S., de domicilio desconocido, como supuesto autor de varios delitos de robo, seg\u00fan una nota de prensa del Ayuntamiento gijon\u00e9s. La detenci\u00f3n se produjo despu\u00e9s de que se diera aviso a la Polic\u00eda de","canonical_url":"https:\/\/candas365.es\/noticias\/detenido-un-hombre-acusado-de-varios-robos-en-gijon\/","robots":"max-image-preview:large","keywords":"actualidad","webmasterTools":{"google-site-verification":"UA-32230408-1","msvalidate.01":"354F3CDFB2DA171B47FBE9ABF1F88D5","miscellaneous":""},"schema":{"@context":"https:\/\/schema.org","@graph":[{"@type":"BreadcrumbList","@id":"https:\/\/candas365.es\/noticias\/detenido-un-hombre-acusado-de-varios-robos-en-gijon\/#breadcrumblist","itemListElement":[{"@type":"ListItem","@id":"https:\/\/candas365.es\/noticias#listItem","position":1,"name":"Home","item":"https:\/\/candas365.es\/noticias","nextItem":{"@type":"ListItem","@id":"https:\/\/candas365.es\/noticias\/category\/actualidad\/#listItem","name":"Actualidad"}},{"@type":"ListItem","@id":"https:\/\/candas365.es\/noticias\/category\/actualidad\/#listItem","position":2,"name":"Actualidad","item":"https:\/\/candas365.es\/noticias\/category\/actualidad\/","nextItem":{"@type":"ListItem","@id":"https:\/\/candas365.es\/noticias\/detenido-un-hombre-acusado-de-varios-robos-en-gijon\/#listItem","name":"Detenido un hombre acusado de varios robos en Gij\u00f3n"},"previousItem":{"@type":"ListItem","@id":"https:\/\/candas365.es\/noticias#listItem","name":"Home"}},{"@type":"ListItem","@id":"https:\/\/candas365.es\/noticias\/detenido-un-hombre-acusado-de-varios-robos-en-gijon\/#listItem","position":3,"name":"Detenido un hombre acusado de varios robos en Gij\u00f3n","previousItem":{"@type":"ListItem","@id":"https:\/\/candas365.es\/noticias\/category\/actualidad\/#listItem","name":"Actualidad"}}]},{"@type":"NewsArticle","@id":"https:\/\/candas365.es\/noticias\/detenido-un-hombre-acusado-de-varios-robos-en-gijon\/#newsarticle","name":"Detenido un hombre acusado de varios robos en Gij\u00f3n | Cand\u00e1s 365","headline":"Detenido un hombre acusado de varios robos en Gij\u00f3n","author":{"@id":"https:\/\/candas365.es\/noticias\/author\/admin\/#author"},"publisher":{"@id":"https:\/\/candas365.es\/noticias\/#organization"},"image":{"@type":"ImageObject","url":"https:\/\/candas365.es\/noticias\/wp-content\/uploads\/2014\/09\/gijon1.jpg","width":640,"height":428},"datePublished":"2016-06-12T11:55:53+02:00","dateModified":"2016-06-12T11:55:53+02:00","inLanguage":"es-ES","mainEntityOfPage":{"@id":"https:\/\/candas365.es\/noticias\/detenido-un-hombre-acusado-de-varios-robos-en-gijon\/#webpage"},"isPartOf":{"@id":"https:\/\/candas365.es\/noticias\/detenido-un-hombre-acusado-de-varios-robos-en-gijon\/#webpage"},"articleSection":"Actualidad","dateline":"Publicado el junio 12, 2016."},{"@type":"Organization","@id":"https:\/\/candas365.es\/noticias\/#organization","name":"Cand\u00e1s 365","description":"Cand\u00e1s 365 es un diario digital independiente, fundado en 2012, con base en Asturias. Informamos con rigor sobre actualidad, sociedad, cultura y ocio, con una mirada local y global.","url":"https:\/\/candas365.es\/noticias\/","email":"info@candas365.es","telephone":"+34652131393","foundingDate":"2012-06-10","logo":{"@type":"ImageObject","url":"https:\/\/candas365.es\/noticias\/wp-content\/uploads\/2024\/09\/Candas-365-Redes.jpg","@id":"https:\/\/candas365.es\/noticias\/detenido-un-hombre-acusado-de-varios-robos-en-gijon\/#organizationLogo","width":1152,"height":864,"caption":"Cand\u00e1s 365 Redes"},"image":{"@id":"https:\/\/candas365.es\/noticias\/detenido-un-hombre-acusado-de-varios-robos-en-gijon\/#organizationLogo"},"sameAs":["https:\/\/www.facebook.com\/Nachofdezber","https:\/\/x.com\/NabercoDigital","https:\/\/www.instagram.com\/nachofdezber\/","https:\/\/www.youtube.com\/channel\/UCZP-2wLEB9Rv6erhFmqVnvg"],"address":{"@id":"https:\/\/candas365.es\/noticias\/#postaladdress","@type":"PostalAddress","streetAddress":"san antonio 4, san antonio 4","postalCode":"33430","addressLocality":"Cand\u00e1s","addressRegion":"Asturias","addressCountry":"ES"}},{"@type":"Person","@id":"https:\/\/candas365.es\/noticias\/author\/admin\/#author","url":"https:\/\/candas365.es\/noticias\/author\/admin\/","name":"Cand\u00e1s 365","image":{"@type":"ImageObject","@id":"https:\/\/candas365.es\/noticias\/detenido-un-hombre-acusado-de-varios-robos-en-gijon\/#authorImage","url":"https:\/\/secure.gravatar.com\/avatar\/496a8e03d0c493ede1718b7934145dbdf8d89be1036b0eec9544e1094c9de390?s=96&d=mm&r=g","width":96,"height":96,"caption":"Cand\u00e1s 365"},"sameAs":["https:\/\/www.facebook.com\/carrenoactualidad","https:\/\/twitter.com\/nbasturias","https:\/\/www.instagram.com\/nachofdezber\/","https:\/\/www.youtube.com\/channel\/UCZP-2wLEB9Rv6erhFmqVnvg"]},{"@type":"WebPage","@id":"https:\/\/candas365.es\/noticias\/detenido-un-hombre-acusado-de-varios-robos-en-gijon\/#webpage","url":"https:\/\/candas365.es\/noticias\/detenido-un-hombre-acusado-de-varios-robos-en-gijon\/","name":"Detenido un hombre acusado de varios robos en Gij\u00f3n | Cand\u00e1s 365","description":"Agentes de la Polic\u00eda Local de Gij\u00f3n han detenido este viernes, sobre las 2.40 horas, a un hombre de 47 a\u00f1os, G.C.S., de domicilio desconocido, como supuesto autor de varios delitos de robo, seg\u00fan una nota de prensa del Ayuntamiento gijon\u00e9s. La detenci\u00f3n se produjo despu\u00e9s de que se diera aviso a la Polic\u00eda de","inLanguage":"es-ES","isPartOf":{"@id":"https:\/\/candas365.es\/noticias\/#website"},"breadcrumb":{"@id":"https:\/\/candas365.es\/noticias\/detenido-un-hombre-acusado-de-varios-robos-en-gijon\/#breadcrumblist"},"author":{"@id":"https:\/\/candas365.es\/noticias\/author\/admin\/#author"},"creator":{"@id":"https:\/\/candas365.es\/noticias\/author\/admin\/#author"},"image":{"@type":"ImageObject","url":"https:\/\/candas365.es\/noticias\/wp-content\/uploads\/2014\/09\/gijon1.jpg","@id":"https:\/\/candas365.es\/noticias\/detenido-un-hombre-acusado-de-varios-robos-en-gijon\/#mainImage","width":640,"height":428},"primaryImageOfPage":{"@id":"https:\/\/candas365.es\/noticias\/detenido-un-hombre-acusado-de-varios-robos-en-gijon\/#mainImage"},"datePublished":"2016-06-12T11:55:53+02:00","dateModified":"2016-06-12T11:55:53+02:00"},{"@type":"WebSite","@id":"https:\/\/candas365.es\/noticias\/#website","url":"https:\/\/candas365.es\/noticias\/","name":"Cand\u00e1s 365","alternateName":"Cand\u00e1s 365 Noticias","description":"Actualidad desde Carre\u00f1o para el mundo","inLanguage":"es-ES","publisher":{"@id":"https:\/\/candas365.es\/noticias\/#organization"}}]},"og:locale":"es_ES","og:site_name":"Cand\u00e1s 365","og:type":"article","og:title":"Detenido un hombre acusado de varios robos en Gij\u00f3n | Cand\u00e1s 365","og:description":"Agentes de la Polic\u00eda Local de Gij\u00f3n han detenido este viernes, sobre las 2.40 horas, a un hombre de 47 a\u00f1os, G.C.S., de domicilio desconocido, como supuesto autor de varios delitos de robo, seg\u00fan una nota de prensa del Ayuntamiento gijon\u00e9s. La detenci\u00f3n se produjo despu\u00e9s de que se diera aviso a la Polic\u00eda de","og:url":"https:\/\/candas365.es\/noticias\/detenido-un-hombre-acusado-de-varios-robos-en-gijon\/","og:image":"https:\/\/candas365.es\/noticias\/wp-content\/uploads\/2014\/09\/gijon1.jpg","og:image:secure_url":"https:\/\/candas365.es\/noticias\/wp-content\/uploads\/2014\/09\/gijon1.jpg","og:image:width":640,"og:image:height":428,"article:published_time":"2016-06-12T10:25:53+00:00","article:modified_time":"2016-06-12T10:25:53+00:00","article:publisher":"https:\/\/www.facebook.com\/Nachofdezber","article:author":"https:\/\/www.facebook.com\/carrenoactualidad","twitter:card":"summary_large_image","twitter:site":"@NabercoDigital","twitter:title":"Detenido un hombre acusado de varios robos en Gij\u00f3n | Cand\u00e1s 365","twitter:description":"Agentes de la Polic\u00eda Local de Gij\u00f3n han detenido este viernes, sobre las 2.40 horas, a un hombre de 47 a\u00f1os, G.C.S., de domicilio desconocido, como supuesto autor de varios delitos de robo, seg\u00fan una nota de prensa del Ayuntamiento gijon\u00e9s. La detenci\u00f3n se produjo despu\u00e9s de que se diera aviso a la Polic\u00eda de","twitter:creator":"@nbasturias","twitter:image":"https:\/\/candas365.es\/noticias\/wp-content\/uploads\/2014\/09\/gijon1.jpg","twitter:label1":"Escrito por","twitter:data1":"Cand\u00e1s 365","twitter:label2":"Tiempo de lectura estimado","twitter:data2":"1 minuto"},"aioseo_meta_data":{"post_id":"30056","title":null,"description":null,"keywords":null,"keyphrases":null,"primary_term":null,"canonical_url":null,"og_title":null,"og_description":null,"og_object_type":"default","og_image_type":"default","og_image_url":null,"og_image_width":null,"og_image_height":null,"og_image_custom_url":null,"og_image_custom_fields":null,"og_video":null,"og_custom_url":null,"og_article_section":null,"og_article_tags":null,"twitter_use_og":false,"twitter_card":"default","twitter_image_type":"default","twitter_image_url":null,"twitter_image_custom_url":null,"twitter_image_custom_fields":null,"twitter_title":null,"twitter_description":null,"schema":{"blockGraphs":[],"customGraphs":[],"default":{"data":{"Article":[],"Course":[],"Dataset":[],"FAQPage":[],"Movie":[],"Person":[],"Product":[],"ProductReview":[],"Car":[],"Recipe":[],"Service":[],"SoftwareApplication":[],"WebPage":[]},"graphName":"","isEnabled":true},"graphs":[]},"schema_type":null,"schema_type_options":null,"pillar_content":false,"robots_default":true,"robots_noindex":false,"robots_noarchive":false,"robots_nosnippet":false,"robots_nofollow":false,"robots_noimageindex":false,"robots_noodp":false,"robots_notranslate":false,"robots_max_snippet":null,"robots_max_videopreview":null,"robots_max_imagepreview":"large","priority":null,"frequency":null,"location":null,"local_seo":null,"seo_analyzer_scan_date":"2025-08-24 12:02:19","breadcrumb_settings":null,"limit_modified_date":false,"reviewed_by":null,"open_ai":null,"ai":null,"created":"2020-12-21 12:56:46","updated":"2025-08-24 12:02:19"},"aioseo_breadcrumb":"<div class=\"aioseo-breadcrumbs\"><span class=\"aioseo-breadcrumb\">\n\t<a href=\"https:\/\/candas365.es\/noticias\" title=\"Home\">Home<\/a>\n<\/span><span class=\"aioseo-breadcrumb-separator\">&ndash;<\/span><span class=\"aioseo-breadcrumb\">\n\t<a href=\"https:\/\/candas365.es\/noticias\/category\/actualidad\/\" title=\"Actualidad\">Actualidad<\/a>\n<\/span><span class=\"aioseo-breadcrumb-separator\">&ndash;<\/span><span class=\"aioseo-breadcrumb\">\n\tDetenido un hombre acusado de varios robos en Gij\u00f3n\n<\/span><\/div>","aioseo_breadcrumb_json":[{"label":"Home","link":"https:\/\/candas365.es\/noticias"},{"label":"Actualidad","link":"https:\/\/candas365.es\/noticias\/category\/actualidad\/"},{"label":"Detenido un hombre acusado de varios robos en Gij\u00f3n","link":"https:\/\/candas365.es\/noticias\/detenido-un-hombre-acusado-de-varios-robos-en-gijon\/"}],"_links":{"self":[{"href":"https:\/\/candas365.es\/noticias\/wp-json\/wp\/v2\/posts\/30056","targetHints":{"allow":["GET"]}}],"collection":[{"href":"https:\/\/candas365.es\/noticias\/wp-json\/wp\/v2\/posts"}],"about":[{"href":"https:\/\/candas365.es\/noticias\/wp-json\/wp\/v2\/types\/post"}],"author":[{"embeddable":true,"href":"https:\/\/candas365.es\/noticias\/wp-json\/wp\/v2\/users\/1"}],"replies":[{"embeddable":true,"href":"https:\/\/candas365.es\/noticias\/wp-json\/wp\/v2\/comments?post=30056"}],"version-history":[{"count":0,"href":"https:\/\/candas365.es\/noticias\/wp-json\/wp\/v2\/posts\/30056\/revisions"}],"wp:featuredmedia":[{"embeddable":true,"href":"https:\/\/candas365.es\/noticias\/wp-json\/wp\/v2\/media\/318"}],"wp:attachment":[{"href":"https:\/\/candas365.es\/noticias\/wp-json\/wp\/v2\/media?parent=30056"}],"wp:term":[{"taxonomy":"category","embeddable":true,"href":"https:\/\/candas365.es\/noticias\/wp-json\/wp\/v2\/categories?post=30056"},{"taxonomy":"post_tag","embeddable":true,"href":"https:\/\/candas365.es\/noticias\/wp-json\/wp\/v2\/tags?post=30056"}],"curies":[{"name":"wp","href":"https:\/\/api.w.org\/{rel}","templated":true}]}}