{"id":30041,"date":"2016-06-12T11:48:33","date_gmt":"2016-06-12T10:18:33","guid":{"rendered":"http:\/\/candas365.es\/noticias\/?p=30041"},"modified":"2016-06-12T11:48:33","modified_gmt":"2016-06-12T10:18:33","slug":"ucrania-primera-parada-de-alemania-hacia-el-titulo","status":"publish","type":"post","link":"https:\/\/candas365.es\/noticias\/ucrania-primera-parada-de-alemania-hacia-el-titulo\/","title":{"rendered":"Ucrania, primera parada de Alemania hacia el t\u00edtulo"},"content":{"rendered":"<p>Lille (Francia), 11 jun (dpa) &#8211; Con la tensi\u00f3n, emoci\u00f3n, sensaci\u00f3n de hormigueo palpables en los rostros de los futbolistas, la selecci\u00f3n alemana arrancar\u00e1 ma\u00f1ana ante Ucrania el camino hacia el objetivo que se puso Joachim L\u00f6w tras ganar el Mundial de Brasil 2014: conquistar la Eurocopa de Francia.<\/p>\n<p>El duelo en el estadio Pierre Mauroy Lille supondr\u00e1 el debut de los actuales campeones mundiales. Delante, una aguerrida Ucrania que basa todo su juego en el f\u00edsico y sus r\u00e1pidos extremos.<\/p>\n<p>Tras dos semanas y media de intensos entrenamientos, ma\u00f1ana llega la hora de verdad para el grupo de L\u00f6w.<\/p>\n<p>\u00abSe nota la presi\u00f3n en los chicos. Y eso es una buena se\u00f1al para el primer partido\u00bb, indic\u00f3 Thomas Schneider, asistente del seleccionador, antes de que Alemania partiera hacia Lille desde \u00c9vian-les-Bains, donde la \u00abNationalmannschaft\u00bb instal\u00f3 su cuartel general.<\/p>\n<p>Alemania parece totalmente concentrada en Ucrania, un rival duro y que ser\u00e1 un term\u00f3metro para los Thomas M\u00fcller, Mesut \u00d6zil y compa\u00f1\u00eda tras una fase de clasificaci\u00f3n con m\u00e1s problemas de los previstos.<\/p>\n<p>\u00abEn un torneo tan grande como \u00e9ste el entrenador no tiene que buscar tantas palabras para encender al equipo\u00bb, asegur\u00f3 el extremo Julian Draxler.<\/p>\n<p>La selecci\u00f3n alemana vio el viernes por la noche en televisi\u00f3n el partido inaugural del torneo, en el que Francia venci\u00f3 de forma angustiosa a Rumania por 2-1, y qued\u00f3 claro que L\u00f6w ten\u00eda raz\u00f3n en el mensaje que les lleva dando estas semanas: en la Eurocopa s\u00f3lo habr\u00e1 partidos de una intensidad alt\u00edsima, incluso ante las selecciones supuestamente menores.<\/p>\n<p>\u00abNo deber\u00edamos confiar \u00fanicamente en nuestra habilidad t\u00e9cnica contra equipos como Ucrania. Ser\u00eda un grave error\u00bb, advirti\u00f3 el seleccionador. \u00abSon muy robustos y son de todo menos blandos\u00bb, asegur\u00f3 el t\u00e9cnico de 56 a\u00f1os.<\/p>\n<p>\u00abTenemos que acostumbrarnos a ganar los duelos individuales e invertir toda nuestra fuerza para ser firmes\u00bb.<\/p>\n<p>\u00abUno nunca tiene un rival f\u00e1cil en el primer partido. Y este partido es especialmente peligroso\u00bb, a\u00f1adi\u00f3 L\u00f6w a pesar de que la estad\u00edstica sonr\u00ede a Alemania: nunca perdi\u00f3 en el debut en una Eurocopa.<\/p>\n<p>Las principales bazas de Ucrania, una selecci\u00f3n ante la que Alemania acumula dos triunfos y tres empates, son Andrei Yarmolenko y Yevhen Konoplyanka, dos jugadores el\u00e9ctricos que realizan potentes cabalgadas por las bandas.<\/p>\n<p>A favor de Alemania est\u00e1 su lujosa plantilla, su palmar\u00e9s y el balance de L\u00f6w en los partidos de debut de la \u00abMannschaft\u00bb en los torneos internacionales: cuatro partidos, cuatro victorias, 11 goles a favor y ninguno en contra.<\/p>\n<p>\u00abSi logramos centrarnos en nuestros puntos fuertes, tendremos un buen partido y buen inicio de campeonato\u00bb, apunt\u00f3 L\u00f6w, que viaj\u00f3 a Lille con todos los convocados aunque Mats Hummels y Jonathan Tah est\u00e1n pr\u00e1cticamente descartados para el primer partido.<\/p>\n<p>La principal duda que tiene el t\u00e9cnico es en defensa. El lugar de Hummels lo iba a ocupar Antonio R\u00fcdiger, pero dej\u00f3 la concentraci\u00f3n hace unos d\u00edas por una lesi\u00f3n de rodilla. Probablemente sea Benedikt H\u00f6wedes el que asuma el lugar de central junto al indiscutible Jerome Boateng. <\/p>\n<p>\u00abTendremos una buena defensa en nuestro primer partido\u00bb, indic\u00f3 no obstante el portero Manuel Neuer. \u00abCada jugador tiene que asumir su responsabilidad. Cada uno tiene que vigilar su posici\u00f3n y despu\u00e9s tendr\u00e1n que funcionar los mecanismos que hemos entrenado\u00bb.<\/p>\n<p>Ucrania, que no tiene pr\u00e1cticamente nada que perder, espera sin embargo complicar a los campeones del mundo.<\/p>\n<p>\u00abLa selecci\u00f3n ucraniana es un equipo bien equilibrado y compacto. Nuestros rivales siempre saben que no es f\u00e1cil jugar ante nosotros\u00bb, dijo el ex jugador ucraniano Andriy Shevchenko, actualmente asistente en la selecci\u00f3n.<\/p>\n<p>Por Klaus Bergmann y Christian Kunz <\/p>\n","protected":false},"excerpt":{"rendered":"<p>Lille (Francia), 11 jun (dpa) &#8211; Con la tensi\u00f3n, emoci\u00f3n, sensaci\u00f3n de hormigueo palpables en los rostros de los futbolistas, la selecci\u00f3n alemana arrancar\u00e1 ma\u00f1ana ante Ucrania el camino hacia el objetivo que se puso Joachim L\u00f6w tras ganar el Mundial de Brasil 2014: conquistar la Eurocopa de Francia. El duelo en el estadio Pierre<\/p>\n","protected":false},"author":1,"featured_media":29884,"comment_status":"closed","ping_status":"closed","sticky":false,"template":"","format":"standard","meta":{"footnotes":""},"categories":[343],"tags":[],"class_list":{"0":"post-30041","1":"post","2":"type-post","3":"status-publish","4":"format-standard","5":"has-post-thumbnail","7":"category-actualidad"},"aioseo_notices":[],"aioseo_head":"\n\t\t<!-- All in One SEO Pro 4.9.6.2 - aioseo.com -->\n\t<meta name=\"description\" content=\"Lille (Francia), 11 jun (dpa) - Con la tensi\u00f3n, emoci\u00f3n, sensaci\u00f3n de hormigueo palpables en los rostros de los futbolistas, la selecci\u00f3n alemana arrancar\u00e1 ma\u00f1ana ante Ucrania el camino hacia el objetivo que se puso Joachim L\u00f6w tras ganar el Mundial de Brasil 2014: conquistar la Eurocopa de Francia. El duelo en el estadio Pierre\" \/>\n\t<meta name=\"robots\" content=\"max-image-preview:large\" \/>\n\t<meta name=\"author\" content=\"Cand\u00e1s 365\"\/>\n\t<meta name=\"google-site-verification\" content=\"UA-32230408-1\" \/>\n\t<meta name=\"msvalidate.01\" content=\"354F3CDFB2DA171B47FBE9ABF1F88D5\" \/>\n\t<meta name=\"keywords\" content=\"actualidad\" \/>\n\t<link rel=\"canonical\" href=\"https:\/\/candas365.es\/noticias\/ucrania-primera-parada-de-alemania-hacia-el-titulo\/\" \/>\n\t<meta name=\"generator\" content=\"All in One SEO Pro (AIOSEO) 4.9.6.2\" \/>\n\t\t<meta property=\"og:locale\" content=\"es_ES\" \/>\n\t\t<meta property=\"og:site_name\" content=\"Cand\u00e1s 365\" \/>\n\t\t<meta property=\"og:type\" content=\"article\" \/>\n\t\t<meta property=\"og:title\" content=\"Ucrania, primera parada de Alemania hacia el t\u00edtulo | Cand\u00e1s 365\" \/>\n\t\t<meta property=\"og:description\" content=\"Lille (Francia), 11 jun (dpa) - Con la tensi\u00f3n, emoci\u00f3n, sensaci\u00f3n de hormigueo palpables en los rostros de los futbolistas, la selecci\u00f3n alemana arrancar\u00e1 ma\u00f1ana ante Ucrania el camino hacia el objetivo que se puso Joachim L\u00f6w tras ganar el Mundial de Brasil 2014: conquistar la Eurocopa de Francia. El duelo en el estadio Pierre\" \/>\n\t\t<meta property=\"og:url\" content=\"https:\/\/candas365.es\/noticias\/ucrania-primera-parada-de-alemania-hacia-el-titulo\/\" \/>\n\t\t<meta property=\"og:image\" content=\"https:\/\/candas365.es\/noticias\/wp-content\/uploads\/2016\/06\/euro2016.jpg\" \/>\n\t\t<meta property=\"og:image:secure_url\" content=\"https:\/\/candas365.es\/noticias\/wp-content\/uploads\/2016\/06\/euro2016.jpg\" \/>\n\t\t<meta property=\"og:image:width\" content=\"800\" \/>\n\t\t<meta property=\"og:image:height\" content=\"478\" \/>\n\t\t<meta property=\"article:published_time\" content=\"2016-06-12T10:18:33+00:00\" \/>\n\t\t<meta property=\"article:modified_time\" content=\"2016-06-12T10:18:33+00:00\" \/>\n\t\t<meta property=\"article:publisher\" content=\"https:\/\/www.facebook.com\/Nachofdezber\" \/>\n\t\t<meta property=\"article:author\" content=\"https:\/\/www.facebook.com\/carrenoactualidad\" \/>\n\t\t<meta name=\"twitter:card\" content=\"summary_large_image\" \/>\n\t\t<meta name=\"twitter:site\" content=\"@NabercoDigital\" \/>\n\t\t<meta name=\"twitter:title\" content=\"Ucrania, primera parada de Alemania hacia el t\u00edtulo | Cand\u00e1s 365\" \/>\n\t\t<meta name=\"twitter:description\" content=\"Lille (Francia), 11 jun (dpa) - Con la tensi\u00f3n, emoci\u00f3n, sensaci\u00f3n de hormigueo palpables en los rostros de los futbolistas, la selecci\u00f3n alemana arrancar\u00e1 ma\u00f1ana ante Ucrania el camino hacia el objetivo que se puso Joachim L\u00f6w tras ganar el Mundial de Brasil 2014: conquistar la Eurocopa de Francia. El duelo en el estadio Pierre\" \/>\n\t\t<meta name=\"twitter:creator\" content=\"@nbasturias\" \/>\n\t\t<meta name=\"twitter:image\" content=\"https:\/\/candas365.es\/noticias\/wp-content\/uploads\/2016\/06\/euro2016.jpg\" \/>\n\t\t<meta name=\"twitter:label1\" content=\"Escrito por\" \/>\n\t\t<meta name=\"twitter:data1\" content=\"Cand\u00e1s 365\" \/>\n\t\t<meta name=\"twitter:label2\" content=\"Tiempo de lectura estimado\" \/>\n\t\t<meta name=\"twitter:data2\" content=\"3 minutos\" \/>\n\t\t<script type=\"application\/ld+json\" class=\"aioseo-schema\">\n\t\t\t{\"@context\":\"https:\\\/\\\/schema.org\",\"@graph\":[{\"@type\":\"BreadcrumbList\",\"@id\":\"https:\\\/\\\/candas365.es\\\/noticias\\\/ucrania-primera-parada-de-alemania-hacia-el-titulo\\\/#breadcrumblist\",\"itemListElement\":[{\"@type\":\"ListItem\",\"@id\":\"https:\\\/\\\/candas365.es\\\/noticias#listItem\",\"position\":1,\"name\":\"Home\",\"item\":\"https:\\\/\\\/candas365.es\\\/noticias\",\"nextItem\":{\"@type\":\"ListItem\",\"@id\":\"https:\\\/\\\/candas365.es\\\/noticias\\\/category\\\/actualidad\\\/#listItem\",\"name\":\"Actualidad\"}},{\"@type\":\"ListItem\",\"@id\":\"https:\\\/\\\/candas365.es\\\/noticias\\\/category\\\/actualidad\\\/#listItem\",\"position\":2,\"name\":\"Actualidad\",\"item\":\"https:\\\/\\\/candas365.es\\\/noticias\\\/category\\\/actualidad\\\/\",\"nextItem\":{\"@type\":\"ListItem\",\"@id\":\"https:\\\/\\\/candas365.es\\\/noticias\\\/ucrania-primera-parada-de-alemania-hacia-el-titulo\\\/#listItem\",\"name\":\"Ucrania, primera parada de Alemania hacia el t\\u00edtulo\"},\"previousItem\":{\"@type\":\"ListItem\",\"@id\":\"https:\\\/\\\/candas365.es\\\/noticias#listItem\",\"name\":\"Home\"}},{\"@type\":\"ListItem\",\"@id\":\"https:\\\/\\\/candas365.es\\\/noticias\\\/ucrania-primera-parada-de-alemania-hacia-el-titulo\\\/#listItem\",\"position\":3,\"name\":\"Ucrania, primera parada de Alemania hacia el t\\u00edtulo\",\"previousItem\":{\"@type\":\"ListItem\",\"@id\":\"https:\\\/\\\/candas365.es\\\/noticias\\\/category\\\/actualidad\\\/#listItem\",\"name\":\"Actualidad\"}}]},{\"@type\":\"NewsArticle\",\"@id\":\"https:\\\/\\\/candas365.es\\\/noticias\\\/ucrania-primera-parada-de-alemania-hacia-el-titulo\\\/#newsarticle\",\"name\":\"Ucrania, primera parada de Alemania hacia el t\\u00edtulo | Cand\\u00e1s 365\",\"headline\":\"Ucrania, primera parada de Alemania hacia el t\\u00edtulo\",\"author\":{\"@id\":\"https:\\\/\\\/candas365.es\\\/noticias\\\/author\\\/admin\\\/#author\"},\"publisher\":{\"@id\":\"https:\\\/\\\/candas365.es\\\/noticias\\\/#organization\"},\"image\":{\"@type\":\"ImageObject\",\"url\":\"https:\\\/\\\/candas365.es\\\/noticias\\\/wp-content\\\/uploads\\\/2016\\\/06\\\/euro2016.jpg\",\"width\":800,\"height\":478},\"datePublished\":\"2016-06-12T11:48:33+02:00\",\"dateModified\":\"2016-06-12T11:48:33+02:00\",\"inLanguage\":\"es-ES\",\"mainEntityOfPage\":{\"@id\":\"https:\\\/\\\/candas365.es\\\/noticias\\\/ucrania-primera-parada-de-alemania-hacia-el-titulo\\\/#webpage\"},\"isPartOf\":{\"@id\":\"https:\\\/\\\/candas365.es\\\/noticias\\\/ucrania-primera-parada-de-alemania-hacia-el-titulo\\\/#webpage\"},\"articleSection\":\"Actualidad\",\"dateline\":\"Publicado el junio 12, 2016.\"},{\"@type\":\"Organization\",\"@id\":\"https:\\\/\\\/candas365.es\\\/noticias\\\/#organization\",\"name\":\"Cand\\u00e1s 365\",\"description\":\"Cand\\u00e1s 365 es un diario digital independiente, fundado en 2012, con base en Asturias. Informamos con rigor sobre actualidad, sociedad, cultura y ocio, con una mirada local y global.\",\"url\":\"https:\\\/\\\/candas365.es\\\/noticias\\\/\",\"email\":\"info@candas365.es\",\"telephone\":\"+34652131393\",\"foundingDate\":\"2012-06-10\",\"logo\":{\"@type\":\"ImageObject\",\"url\":\"https:\\\/\\\/candas365.es\\\/noticias\\\/wp-content\\\/uploads\\\/2024\\\/09\\\/Candas-365-Redes.jpg\",\"@id\":\"https:\\\/\\\/candas365.es\\\/noticias\\\/ucrania-primera-parada-de-alemania-hacia-el-titulo\\\/#organizationLogo\",\"width\":1152,\"height\":864,\"caption\":\"Cand\\u00e1s 365 Redes\"},\"image\":{\"@id\":\"https:\\\/\\\/candas365.es\\\/noticias\\\/ucrania-primera-parada-de-alemania-hacia-el-titulo\\\/#organizationLogo\"},\"sameAs\":[\"https:\\\/\\\/www.facebook.com\\\/Nachofdezber\",\"https:\\\/\\\/x.com\\\/NabercoDigital\",\"https:\\\/\\\/www.instagram.com\\\/nachofdezber\\\/\",\"https:\\\/\\\/www.youtube.com\\\/channel\\\/UCZP-2wLEB9Rv6erhFmqVnvg\"],\"address\":{\"@id\":\"https:\\\/\\\/candas365.es\\\/noticias\\\/#postaladdress\",\"@type\":\"PostalAddress\",\"streetAddress\":\"san antonio 4, san antonio 4\",\"postalCode\":\"33430\",\"addressLocality\":\"Cand\\u00e1s\",\"addressRegion\":\"Asturias\",\"addressCountry\":\"ES\"}},{\"@type\":\"Person\",\"@id\":\"https:\\\/\\\/candas365.es\\\/noticias\\\/author\\\/admin\\\/#author\",\"url\":\"https:\\\/\\\/candas365.es\\\/noticias\\\/author\\\/admin\\\/\",\"name\":\"Cand\\u00e1s 365\",\"image\":{\"@type\":\"ImageObject\",\"@id\":\"https:\\\/\\\/candas365.es\\\/noticias\\\/ucrania-primera-parada-de-alemania-hacia-el-titulo\\\/#authorImage\",\"url\":\"https:\\\/\\\/secure.gravatar.com\\\/avatar\\\/496a8e03d0c493ede1718b7934145dbdf8d89be1036b0eec9544e1094c9de390?s=96&d=mm&r=g\",\"width\":96,\"height\":96,\"caption\":\"Cand\\u00e1s 365\"},\"sameAs\":[\"https:\\\/\\\/www.facebook.com\\\/carrenoactualidad\",\"https:\\\/\\\/twitter.com\\\/nbasturias\",\"https:\\\/\\\/www.instagram.com\\\/nachofdezber\\\/\",\"https:\\\/\\\/www.youtube.com\\\/channel\\\/UCZP-2wLEB9Rv6erhFmqVnvg\"]},{\"@type\":\"WebPage\",\"@id\":\"https:\\\/\\\/candas365.es\\\/noticias\\\/ucrania-primera-parada-de-alemania-hacia-el-titulo\\\/#webpage\",\"url\":\"https:\\\/\\\/candas365.es\\\/noticias\\\/ucrania-primera-parada-de-alemania-hacia-el-titulo\\\/\",\"name\":\"Ucrania, primera parada de Alemania hacia el t\\u00edtulo | Cand\\u00e1s 365\",\"description\":\"Lille (Francia), 11 jun (dpa) - Con la tensi\\u00f3n, emoci\\u00f3n, sensaci\\u00f3n de hormigueo palpables en los rostros de los futbolistas, la selecci\\u00f3n alemana arrancar\\u00e1 ma\\u00f1ana ante Ucrania el camino hacia el objetivo que se puso Joachim L\\u00f6w tras ganar el Mundial de Brasil 2014: conquistar la Eurocopa de Francia. El duelo en el estadio Pierre\",\"inLanguage\":\"es-ES\",\"isPartOf\":{\"@id\":\"https:\\\/\\\/candas365.es\\\/noticias\\\/#website\"},\"breadcrumb\":{\"@id\":\"https:\\\/\\\/candas365.es\\\/noticias\\\/ucrania-primera-parada-de-alemania-hacia-el-titulo\\\/#breadcrumblist\"},\"author\":{\"@id\":\"https:\\\/\\\/candas365.es\\\/noticias\\\/author\\\/admin\\\/#author\"},\"creator\":{\"@id\":\"https:\\\/\\\/candas365.es\\\/noticias\\\/author\\\/admin\\\/#author\"},\"image\":{\"@type\":\"ImageObject\",\"url\":\"https:\\\/\\\/candas365.es\\\/noticias\\\/wp-content\\\/uploads\\\/2016\\\/06\\\/euro2016.jpg\",\"@id\":\"https:\\\/\\\/candas365.es\\\/noticias\\\/ucrania-primera-parada-de-alemania-hacia-el-titulo\\\/#mainImage\",\"width\":800,\"height\":478},\"primaryImageOfPage\":{\"@id\":\"https:\\\/\\\/candas365.es\\\/noticias\\\/ucrania-primera-parada-de-alemania-hacia-el-titulo\\\/#mainImage\"},\"datePublished\":\"2016-06-12T11:48:33+02:00\",\"dateModified\":\"2016-06-12T11:48:33+02:00\"},{\"@type\":\"WebSite\",\"@id\":\"https:\\\/\\\/candas365.es\\\/noticias\\\/#website\",\"url\":\"https:\\\/\\\/candas365.es\\\/noticias\\\/\",\"name\":\"Cand\\u00e1s 365\",\"alternateName\":\"Cand\\u00e1s 365 Noticias\",\"description\":\"Actualidad desde Carre\\u00f1o para el mundo\",\"inLanguage\":\"es-ES\",\"publisher\":{\"@id\":\"https:\\\/\\\/candas365.es\\\/noticias\\\/#organization\"}}]}\n\t\t<\/script>\n\t\t<!-- All in One SEO Pro -->\r\n\t\t<title>Ucrania, primera parada de Alemania hacia el t\u00edtulo | Cand\u00e1s 365<\/title>\n\n","aioseo_head_json":{"title":"Ucrania, primera parada de Alemania hacia el t\u00edtulo | Cand\u00e1s 365","description":"Lille (Francia), 11 jun (dpa) - Con la tensi\u00f3n, emoci\u00f3n, sensaci\u00f3n de hormigueo palpables en los rostros de los futbolistas, la selecci\u00f3n alemana arrancar\u00e1 ma\u00f1ana ante Ucrania el camino hacia el objetivo que se puso Joachim L\u00f6w tras ganar el Mundial de Brasil 2014: conquistar la Eurocopa de Francia. El duelo en el estadio Pierre","canonical_url":"https:\/\/candas365.es\/noticias\/ucrania-primera-parada-de-alemania-hacia-el-titulo\/","robots":"max-image-preview:large","keywords":"actualidad","webmasterTools":{"google-site-verification":"UA-32230408-1","msvalidate.01":"354F3CDFB2DA171B47FBE9ABF1F88D5","miscellaneous":""},"schema":{"@context":"https:\/\/schema.org","@graph":[{"@type":"BreadcrumbList","@id":"https:\/\/candas365.es\/noticias\/ucrania-primera-parada-de-alemania-hacia-el-titulo\/#breadcrumblist","itemListElement":[{"@type":"ListItem","@id":"https:\/\/candas365.es\/noticias#listItem","position":1,"name":"Home","item":"https:\/\/candas365.es\/noticias","nextItem":{"@type":"ListItem","@id":"https:\/\/candas365.es\/noticias\/category\/actualidad\/#listItem","name":"Actualidad"}},{"@type":"ListItem","@id":"https:\/\/candas365.es\/noticias\/category\/actualidad\/#listItem","position":2,"name":"Actualidad","item":"https:\/\/candas365.es\/noticias\/category\/actualidad\/","nextItem":{"@type":"ListItem","@id":"https:\/\/candas365.es\/noticias\/ucrania-primera-parada-de-alemania-hacia-el-titulo\/#listItem","name":"Ucrania, primera parada de Alemania hacia el t\u00edtulo"},"previousItem":{"@type":"ListItem","@id":"https:\/\/candas365.es\/noticias#listItem","name":"Home"}},{"@type":"ListItem","@id":"https:\/\/candas365.es\/noticias\/ucrania-primera-parada-de-alemania-hacia-el-titulo\/#listItem","position":3,"name":"Ucrania, primera parada de Alemania hacia el t\u00edtulo","previousItem":{"@type":"ListItem","@id":"https:\/\/candas365.es\/noticias\/category\/actualidad\/#listItem","name":"Actualidad"}}]},{"@type":"NewsArticle","@id":"https:\/\/candas365.es\/noticias\/ucrania-primera-parada-de-alemania-hacia-el-titulo\/#newsarticle","name":"Ucrania, primera parada de Alemania hacia el t\u00edtulo | Cand\u00e1s 365","headline":"Ucrania, primera parada de Alemania hacia el t\u00edtulo","author":{"@id":"https:\/\/candas365.es\/noticias\/author\/admin\/#author"},"publisher":{"@id":"https:\/\/candas365.es\/noticias\/#organization"},"image":{"@type":"ImageObject","url":"https:\/\/candas365.es\/noticias\/wp-content\/uploads\/2016\/06\/euro2016.jpg","width":800,"height":478},"datePublished":"2016-06-12T11:48:33+02:00","dateModified":"2016-06-12T11:48:33+02:00","inLanguage":"es-ES","mainEntityOfPage":{"@id":"https:\/\/candas365.es\/noticias\/ucrania-primera-parada-de-alemania-hacia-el-titulo\/#webpage"},"isPartOf":{"@id":"https:\/\/candas365.es\/noticias\/ucrania-primera-parada-de-alemania-hacia-el-titulo\/#webpage"},"articleSection":"Actualidad","dateline":"Publicado el junio 12, 2016."},{"@type":"Organization","@id":"https:\/\/candas365.es\/noticias\/#organization","name":"Cand\u00e1s 365","description":"Cand\u00e1s 365 es un diario digital independiente, fundado en 2012, con base en Asturias. Informamos con rigor sobre actualidad, sociedad, cultura y ocio, con una mirada local y global.","url":"https:\/\/candas365.es\/noticias\/","email":"info@candas365.es","telephone":"+34652131393","foundingDate":"2012-06-10","logo":{"@type":"ImageObject","url":"https:\/\/candas365.es\/noticias\/wp-content\/uploads\/2024\/09\/Candas-365-Redes.jpg","@id":"https:\/\/candas365.es\/noticias\/ucrania-primera-parada-de-alemania-hacia-el-titulo\/#organizationLogo","width":1152,"height":864,"caption":"Cand\u00e1s 365 Redes"},"image":{"@id":"https:\/\/candas365.es\/noticias\/ucrania-primera-parada-de-alemania-hacia-el-titulo\/#organizationLogo"},"sameAs":["https:\/\/www.facebook.com\/Nachofdezber","https:\/\/x.com\/NabercoDigital","https:\/\/www.instagram.com\/nachofdezber\/","https:\/\/www.youtube.com\/channel\/UCZP-2wLEB9Rv6erhFmqVnvg"],"address":{"@id":"https:\/\/candas365.es\/noticias\/#postaladdress","@type":"PostalAddress","streetAddress":"san antonio 4, san antonio 4","postalCode":"33430","addressLocality":"Cand\u00e1s","addressRegion":"Asturias","addressCountry":"ES"}},{"@type":"Person","@id":"https:\/\/candas365.es\/noticias\/author\/admin\/#author","url":"https:\/\/candas365.es\/noticias\/author\/admin\/","name":"Cand\u00e1s 365","image":{"@type":"ImageObject","@id":"https:\/\/candas365.es\/noticias\/ucrania-primera-parada-de-alemania-hacia-el-titulo\/#authorImage","url":"https:\/\/secure.gravatar.com\/avatar\/496a8e03d0c493ede1718b7934145dbdf8d89be1036b0eec9544e1094c9de390?s=96&d=mm&r=g","width":96,"height":96,"caption":"Cand\u00e1s 365"},"sameAs":["https:\/\/www.facebook.com\/carrenoactualidad","https:\/\/twitter.com\/nbasturias","https:\/\/www.instagram.com\/nachofdezber\/","https:\/\/www.youtube.com\/channel\/UCZP-2wLEB9Rv6erhFmqVnvg"]},{"@type":"WebPage","@id":"https:\/\/candas365.es\/noticias\/ucrania-primera-parada-de-alemania-hacia-el-titulo\/#webpage","url":"https:\/\/candas365.es\/noticias\/ucrania-primera-parada-de-alemania-hacia-el-titulo\/","name":"Ucrania, primera parada de Alemania hacia el t\u00edtulo | Cand\u00e1s 365","description":"Lille (Francia), 11 jun (dpa) - Con la tensi\u00f3n, emoci\u00f3n, sensaci\u00f3n de hormigueo palpables en los rostros de los futbolistas, la selecci\u00f3n alemana arrancar\u00e1 ma\u00f1ana ante Ucrania el camino hacia el objetivo que se puso Joachim L\u00f6w tras ganar el Mundial de Brasil 2014: conquistar la Eurocopa de Francia. El duelo en el estadio Pierre","inLanguage":"es-ES","isPartOf":{"@id":"https:\/\/candas365.es\/noticias\/#website"},"breadcrumb":{"@id":"https:\/\/candas365.es\/noticias\/ucrania-primera-parada-de-alemania-hacia-el-titulo\/#breadcrumblist"},"author":{"@id":"https:\/\/candas365.es\/noticias\/author\/admin\/#author"},"creator":{"@id":"https:\/\/candas365.es\/noticias\/author\/admin\/#author"},"image":{"@type":"ImageObject","url":"https:\/\/candas365.es\/noticias\/wp-content\/uploads\/2016\/06\/euro2016.jpg","@id":"https:\/\/candas365.es\/noticias\/ucrania-primera-parada-de-alemania-hacia-el-titulo\/#mainImage","width":800,"height":478},"primaryImageOfPage":{"@id":"https:\/\/candas365.es\/noticias\/ucrania-primera-parada-de-alemania-hacia-el-titulo\/#mainImage"},"datePublished":"2016-06-12T11:48:33+02:00","dateModified":"2016-06-12T11:48:33+02:00"},{"@type":"WebSite","@id":"https:\/\/candas365.es\/noticias\/#website","url":"https:\/\/candas365.es\/noticias\/","name":"Cand\u00e1s 365","alternateName":"Cand\u00e1s 365 Noticias","description":"Actualidad desde Carre\u00f1o para el mundo","inLanguage":"es-ES","publisher":{"@id":"https:\/\/candas365.es\/noticias\/#organization"}}]},"og:locale":"es_ES","og:site_name":"Cand\u00e1s 365","og:type":"article","og:title":"Ucrania, primera parada de Alemania hacia el t\u00edtulo | Cand\u00e1s 365","og:description":"Lille (Francia), 11 jun (dpa) - Con la tensi\u00f3n, emoci\u00f3n, sensaci\u00f3n de hormigueo palpables en los rostros de los futbolistas, la selecci\u00f3n alemana arrancar\u00e1 ma\u00f1ana ante Ucrania el camino hacia el objetivo que se puso Joachim L\u00f6w tras ganar el Mundial de Brasil 2014: conquistar la Eurocopa de Francia. El duelo en el estadio Pierre","og:url":"https:\/\/candas365.es\/noticias\/ucrania-primera-parada-de-alemania-hacia-el-titulo\/","og:image":"https:\/\/candas365.es\/noticias\/wp-content\/uploads\/2016\/06\/euro2016.jpg","og:image:secure_url":"https:\/\/candas365.es\/noticias\/wp-content\/uploads\/2016\/06\/euro2016.jpg","og:image:width":800,"og:image:height":478,"article:published_time":"2016-06-12T10:18:33+00:00","article:modified_time":"2016-06-12T10:18:33+00:00","article:publisher":"https:\/\/www.facebook.com\/Nachofdezber","article:author":"https:\/\/www.facebook.com\/carrenoactualidad","twitter:card":"summary_large_image","twitter:site":"@NabercoDigital","twitter:title":"Ucrania, primera parada de Alemania hacia el t\u00edtulo | Cand\u00e1s 365","twitter:description":"Lille (Francia), 11 jun (dpa) - Con la tensi\u00f3n, emoci\u00f3n, sensaci\u00f3n de hormigueo palpables en los rostros de los futbolistas, la selecci\u00f3n alemana arrancar\u00e1 ma\u00f1ana ante Ucrania el camino hacia el objetivo que se puso Joachim L\u00f6w tras ganar el Mundial de Brasil 2014: conquistar la Eurocopa de Francia. El duelo en el estadio Pierre","twitter:creator":"@nbasturias","twitter:image":"https:\/\/candas365.es\/noticias\/wp-content\/uploads\/2016\/06\/euro2016.jpg","twitter:label1":"Escrito por","twitter:data1":"Cand\u00e1s 365","twitter:label2":"Tiempo de lectura estimado","twitter:data2":"3 minutos"},"aioseo_meta_data":{"post_id":"30041","title":null,"description":null,"keywords":null,"keyphrases":null,"primary_term":null,"canonical_url":null,"og_title":null,"og_description":null,"og_object_type":"default","og_image_type":"default","og_image_url":null,"og_image_width":null,"og_image_height":null,"og_image_custom_url":null,"og_image_custom_fields":null,"og_video":null,"og_custom_url":null,"og_article_section":null,"og_article_tags":null,"twitter_use_og":false,"twitter_card":"default","twitter_image_type":"default","twitter_image_url":null,"twitter_image_custom_url":null,"twitter_image_custom_fields":null,"twitter_title":null,"twitter_description":null,"schema":{"blockGraphs":[],"customGraphs":[],"default":{"data":{"Article":[],"Course":[],"Dataset":[],"FAQPage":[],"Movie":[],"Person":[],"Product":[],"ProductReview":[],"Car":[],"Recipe":[],"Service":[],"SoftwareApplication":[],"WebPage":[]},"graphName":"","isEnabled":true},"graphs":[],"defaultGraph":"","defaultPostTypeGraph":""},"schema_type":null,"schema_type_options":null,"pillar_content":false,"robots_default":true,"robots_noindex":false,"robots_noarchive":false,"robots_nosnippet":false,"robots_nofollow":false,"robots_noimageindex":false,"robots_noodp":false,"robots_notranslate":false,"robots_max_snippet":null,"robots_max_videopreview":null,"robots_max_imagepreview":"large","priority":null,"frequency":null,"location":null,"local_seo":null,"seo_analyzer_scan_date":"2025-08-24 12:01:13","breadcrumb_settings":null,"limit_modified_date":false,"reviewed_by":null,"open_ai":null,"ai":null,"created":"2020-12-21 12:56:45","updated":"2025-08-24 12:01:13"},"aioseo_breadcrumb":"<div class=\"aioseo-breadcrumbs\"><span class=\"aioseo-breadcrumb\">\n\t<a href=\"https:\/\/candas365.es\/noticias\" title=\"Home\">Home<\/a>\n<\/span><span class=\"aioseo-breadcrumb-separator\">&ndash;<\/span><span class=\"aioseo-breadcrumb\">\n\t<a href=\"https:\/\/candas365.es\/noticias\/category\/actualidad\/\" title=\"Actualidad\">Actualidad<\/a>\n<\/span><span class=\"aioseo-breadcrumb-separator\">&ndash;<\/span><span class=\"aioseo-breadcrumb\">\n\tUcrania, primera parada de Alemania hacia el t\u00edtulo\n<\/span><\/div>","aioseo_breadcrumb_json":[{"label":"Home","link":"https:\/\/candas365.es\/noticias"},{"label":"Actualidad","link":"https:\/\/candas365.es\/noticias\/category\/actualidad\/"},{"label":"Ucrania, primera parada de Alemania hacia el t\u00edtulo","link":"https:\/\/candas365.es\/noticias\/ucrania-primera-parada-de-alemania-hacia-el-titulo\/"}],"_links":{"self":[{"href":"https:\/\/candas365.es\/noticias\/wp-json\/wp\/v2\/posts\/30041","targetHints":{"allow":["GET"]}}],"collection":[{"href":"https:\/\/candas365.es\/noticias\/wp-json\/wp\/v2\/posts"}],"about":[{"href":"https:\/\/candas365.es\/noticias\/wp-json\/wp\/v2\/types\/post"}],"author":[{"embeddable":true,"href":"https:\/\/candas365.es\/noticias\/wp-json\/wp\/v2\/users\/1"}],"replies":[{"embeddable":true,"href":"https:\/\/candas365.es\/noticias\/wp-json\/wp\/v2\/comments?post=30041"}],"version-history":[{"count":0,"href":"https:\/\/candas365.es\/noticias\/wp-json\/wp\/v2\/posts\/30041\/revisions"}],"wp:featuredmedia":[{"embeddable":true,"href":"https:\/\/candas365.es\/noticias\/wp-json\/wp\/v2\/media\/29884"}],"wp:attachment":[{"href":"https:\/\/candas365.es\/noticias\/wp-json\/wp\/v2\/media?parent=30041"}],"wp:term":[{"taxonomy":"category","embeddable":true,"href":"https:\/\/candas365.es\/noticias\/wp-json\/wp\/v2\/categories?post=30041"},{"taxonomy":"post_tag","embeddable":true,"href":"https:\/\/candas365.es\/noticias\/wp-json\/wp\/v2\/tags?post=30041"}],"curies":[{"name":"wp","href":"https:\/\/api.w.org\/{rel}","templated":true}]}}