{"id":30035,"date":"2016-06-12T11:45:59","date_gmt":"2016-06-12T10:15:59","guid":{"rendered":"http:\/\/candas365.es\/noticias\/?p=30035"},"modified":"2016-06-12T11:45:59","modified_gmt":"2016-06-12T10:15:59","slug":"expertos-alemanes-advierten-de-los-efectos-del-brexit-en-toda-la-ue","status":"publish","type":"post","link":"https:\/\/candas365.es\/noticias\/expertos-alemanes-advierten-de-los-efectos-del-brexit-en-toda-la-ue\/","title":{"rendered":"Expertos alemanes advierten de los efectos del \u00abBrexit\u00bb en toda la UE"},"content":{"rendered":"<p>Mannheim (Alemania), 11 jun (dpa) &#8211; La salida de Reino Unido de la Uni\u00f3n Europea (UE) tendr\u00eda graves consecuencias en la econom\u00eda de todo el continente, advirtieron expertos alemanes en declaraciones a dpa.<\/p>\n<p>\u00abEl 13 por ciento de los ciudadanos europeos residen en Reino Unido y ese pa\u00eds representa el 17 por ciento de la fuerza econ\u00f3mica europea. Su salida del bloque no ser\u00eda f\u00e1cil de resistir\u00bb, afirm\u00f3 Achim Wambach, presidente del instituto de investigaciones econ\u00f3micas ZEW, con sede en Mannheim.<\/p>\n<p>Aunque la incertidumbre ser\u00eda mayor en Reino Unido, en toda Europa se sentir\u00edan los efectos de un \u00abBrexit\u00bb, alert\u00f3. \u00abLa coyuntura de la UE es muy sensible. Cualquier noticia negativa puede influir\u00bb.<\/p>\n<p>Wambach consider\u00f3 que si en el refer\u00e9ndum del 23 de junio los brit\u00e1nicos deciden separarse del resto de Europa, las inversiones privadas disminuir\u00e1n. \u00abMuchos estudios han llegado a la conclusi\u00f3n de que las cifras de desempleo aumentar\u00edan y de que el producto nacional bruto retroceder\u00eda\u00bb, indic\u00f3 a\u00f1adiendo que como consencuencia de ello, \u00abun retroceso de la coyuntura ser\u00eda muy probable\u00bb.<\/p>\n<p>Por otro lado, el experto apunt\u00f3 que la libra esterlina perder\u00eda valor aunque la fuerte incertidumbre en la zona euro llevar\u00eda tambi\u00e9n a un debilitamiento de la moneda \u00fanica europea frente al d\u00f3lar.<\/p>\n<p>Tambi\u00e9n el director general de finanzas del grupo alem\u00e1n Continental, Wolfgang Schaefer, cree que la decisi\u00f3n perjudicar\u00eda y debilitar\u00eda no s\u00f3lo a Reino Unido, sino a toda Europa. \u00abNos alegrar\u00edamos mucho de que permaneciese en el bloque\u00bb, dijo a dpa en Hannover.<\/p>\n<p>Sin embargo, el proveedor y fabricante de neum\u00e1ticos no cree que su negocio se viera afectado, dado que Reino Unido apenas representa el 3 por ciento de la facturaci\u00f3n global de la empresa. \u00abDamos por hecho que en el caso de un &#8216;Brexit&#8217; seguir\u00edamos vendiendo exitosamente neum\u00e1ticos aunque aumentase el riesgo monetario\u00bb, concluy\u00f3.<\/p>\n<p>&nbsp;<\/p>\n","protected":false},"excerpt":{"rendered":"<p>Mannheim (Alemania), 11 jun (dpa) &#8211; La salida de Reino Unido de la Uni\u00f3n Europea (UE) tendr\u00eda graves consecuencias en la econom\u00eda de todo el continente, advirtieron expertos alemanes en declaraciones a dpa. \u00abEl 13 por ciento de los ciudadanos europeos residen en Reino Unido y ese pa\u00eds representa el 17 por ciento de la<\/p>\n","protected":false},"author":1,"featured_media":16457,"comment_status":"closed","ping_status":"closed","sticky":false,"template":"","format":"standard","meta":{"footnotes":""},"categories":[343],"tags":[],"class_list":{"0":"post-30035","1":"post","2":"type-post","3":"status-publish","4":"format-standard","5":"has-post-thumbnail","7":"category-actualidad"},"aioseo_notices":[],"aioseo_head":"\n\t\t<!-- All in One SEO Pro 4.9.6.2 - aioseo.com -->\n\t<meta name=\"description\" content=\"Mannheim (Alemania), 11 jun (dpa) - La salida de Reino Unido de la Uni\u00f3n Europea (UE) tendr\u00eda graves consecuencias en la econom\u00eda de todo el continente, advirtieron expertos alemanes en declaraciones a dpa. &quot;El 13 por ciento de los ciudadanos europeos residen en Reino Unido y ese pa\u00eds representa el 17 por ciento de la\" \/>\n\t<meta name=\"robots\" content=\"max-image-preview:large\" \/>\n\t<meta name=\"author\" content=\"Cand\u00e1s 365\"\/>\n\t<meta name=\"google-site-verification\" content=\"UA-32230408-1\" \/>\n\t<meta name=\"msvalidate.01\" content=\"354F3CDFB2DA171B47FBE9ABF1F88D5\" \/>\n\t<meta name=\"keywords\" content=\"actualidad\" \/>\n\t<link rel=\"canonical\" href=\"https:\/\/candas365.es\/noticias\/expertos-alemanes-advierten-de-los-efectos-del-brexit-en-toda-la-ue\/\" \/>\n\t<meta name=\"generator\" content=\"All in One SEO Pro (AIOSEO) 4.9.6.2\" \/>\n\t\t<meta property=\"og:locale\" content=\"es_ES\" \/>\n\t\t<meta property=\"og:site_name\" content=\"Cand\u00e1s 365\" \/>\n\t\t<meta property=\"og:type\" content=\"article\" \/>\n\t\t<meta property=\"og:title\" content=\"Expertos alemanes advierten de los efectos del \u00abBrexit\u00bb en toda la UE | Cand\u00e1s 365\" \/>\n\t\t<meta property=\"og:description\" content=\"Mannheim (Alemania), 11 jun (dpa) - La salida de Reino Unido de la Uni\u00f3n Europea (UE) tendr\u00eda graves consecuencias en la econom\u00eda de todo el continente, advirtieron expertos alemanes en declaraciones a dpa. &quot;El 13 por ciento de los ciudadanos europeos residen en Reino Unido y ese pa\u00eds representa el 17 por ciento de la\" \/>\n\t\t<meta property=\"og:url\" content=\"https:\/\/candas365.es\/noticias\/expertos-alemanes-advierten-de-los-efectos-del-brexit-en-toda-la-ue\/\" \/>\n\t\t<meta property=\"og:image\" content=\"https:\/\/candas365.es\/noticias\/wp-content\/uploads\/2015\/09\/c365noticias.jpg\" \/>\n\t\t<meta property=\"og:image:secure_url\" content=\"https:\/\/candas365.es\/noticias\/wp-content\/uploads\/2015\/09\/c365noticias.jpg\" \/>\n\t\t<meta property=\"og:image:width\" content=\"655\" \/>\n\t\t<meta property=\"og:image:height\" content=\"360\" \/>\n\t\t<meta property=\"article:published_time\" content=\"2016-06-12T10:15:59+00:00\" \/>\n\t\t<meta property=\"article:modified_time\" content=\"2016-06-12T10:15:59+00:00\" \/>\n\t\t<meta property=\"article:publisher\" content=\"https:\/\/www.facebook.com\/Nachofdezber\" \/>\n\t\t<meta property=\"article:author\" content=\"https:\/\/www.facebook.com\/carrenoactualidad\" \/>\n\t\t<meta name=\"twitter:card\" content=\"summary_large_image\" \/>\n\t\t<meta name=\"twitter:site\" content=\"@NabercoDigital\" \/>\n\t\t<meta name=\"twitter:title\" content=\"Expertos alemanes advierten de los efectos del \u00abBrexit\u00bb en toda la UE | Cand\u00e1s 365\" \/>\n\t\t<meta name=\"twitter:description\" content=\"Mannheim (Alemania), 11 jun (dpa) - La salida de Reino Unido de la Uni\u00f3n Europea (UE) tendr\u00eda graves consecuencias en la econom\u00eda de todo el continente, advirtieron expertos alemanes en declaraciones a dpa. &quot;El 13 por ciento de los ciudadanos europeos residen en Reino Unido y ese pa\u00eds representa el 17 por ciento de la\" \/>\n\t\t<meta name=\"twitter:creator\" content=\"@nbasturias\" \/>\n\t\t<meta name=\"twitter:image\" content=\"https:\/\/candas365.es\/noticias\/wp-content\/uploads\/2015\/09\/c365noticias.jpg\" \/>\n\t\t<meta name=\"twitter:label1\" content=\"Escrito por\" \/>\n\t\t<meta name=\"twitter:data1\" content=\"Cand\u00e1s 365\" \/>\n\t\t<meta name=\"twitter:label2\" content=\"Tiempo de lectura estimado\" \/>\n\t\t<meta name=\"twitter:data2\" content=\"2 minutos\" \/>\n\t\t<script type=\"application\/ld+json\" class=\"aioseo-schema\">\n\t\t\t{\"@context\":\"https:\\\/\\\/schema.org\",\"@graph\":[{\"@type\":\"BreadcrumbList\",\"@id\":\"https:\\\/\\\/candas365.es\\\/noticias\\\/expertos-alemanes-advierten-de-los-efectos-del-brexit-en-toda-la-ue\\\/#breadcrumblist\",\"itemListElement\":[{\"@type\":\"ListItem\",\"@id\":\"https:\\\/\\\/candas365.es\\\/noticias#listItem\",\"position\":1,\"name\":\"Home\",\"item\":\"https:\\\/\\\/candas365.es\\\/noticias\",\"nextItem\":{\"@type\":\"ListItem\",\"@id\":\"https:\\\/\\\/candas365.es\\\/noticias\\\/category\\\/actualidad\\\/#listItem\",\"name\":\"Actualidad\"}},{\"@type\":\"ListItem\",\"@id\":\"https:\\\/\\\/candas365.es\\\/noticias\\\/category\\\/actualidad\\\/#listItem\",\"position\":2,\"name\":\"Actualidad\",\"item\":\"https:\\\/\\\/candas365.es\\\/noticias\\\/category\\\/actualidad\\\/\",\"nextItem\":{\"@type\":\"ListItem\",\"@id\":\"https:\\\/\\\/candas365.es\\\/noticias\\\/expertos-alemanes-advierten-de-los-efectos-del-brexit-en-toda-la-ue\\\/#listItem\",\"name\":\"Expertos alemanes advierten de los efectos del \\u00abBrexit\\u00bb en toda la UE\"},\"previousItem\":{\"@type\":\"ListItem\",\"@id\":\"https:\\\/\\\/candas365.es\\\/noticias#listItem\",\"name\":\"Home\"}},{\"@type\":\"ListItem\",\"@id\":\"https:\\\/\\\/candas365.es\\\/noticias\\\/expertos-alemanes-advierten-de-los-efectos-del-brexit-en-toda-la-ue\\\/#listItem\",\"position\":3,\"name\":\"Expertos alemanes advierten de los efectos del \\u00abBrexit\\u00bb en toda la UE\",\"previousItem\":{\"@type\":\"ListItem\",\"@id\":\"https:\\\/\\\/candas365.es\\\/noticias\\\/category\\\/actualidad\\\/#listItem\",\"name\":\"Actualidad\"}}]},{\"@type\":\"NewsArticle\",\"@id\":\"https:\\\/\\\/candas365.es\\\/noticias\\\/expertos-alemanes-advierten-de-los-efectos-del-brexit-en-toda-la-ue\\\/#newsarticle\",\"name\":\"Expertos alemanes advierten de los efectos del \\u00abBrexit\\u00bb en toda la UE | Cand\\u00e1s 365\",\"headline\":\"Expertos alemanes advierten de los efectos del \\u00abBrexit\\u00bb en toda la UE\",\"author\":{\"@id\":\"https:\\\/\\\/candas365.es\\\/noticias\\\/author\\\/admin\\\/#author\"},\"publisher\":{\"@id\":\"https:\\\/\\\/candas365.es\\\/noticias\\\/#organization\"},\"image\":{\"@type\":\"ImageObject\",\"url\":\"https:\\\/\\\/candas365.es\\\/noticias\\\/wp-content\\\/uploads\\\/2015\\\/09\\\/c365noticias.jpg\",\"width\":655,\"height\":360},\"datePublished\":\"2016-06-12T11:45:59+02:00\",\"dateModified\":\"2016-06-12T11:45:59+02:00\",\"inLanguage\":\"es-ES\",\"mainEntityOfPage\":{\"@id\":\"https:\\\/\\\/candas365.es\\\/noticias\\\/expertos-alemanes-advierten-de-los-efectos-del-brexit-en-toda-la-ue\\\/#webpage\"},\"isPartOf\":{\"@id\":\"https:\\\/\\\/candas365.es\\\/noticias\\\/expertos-alemanes-advierten-de-los-efectos-del-brexit-en-toda-la-ue\\\/#webpage\"},\"articleSection\":\"Actualidad\",\"dateline\":\"Publicado el junio 12, 2016.\"},{\"@type\":\"Organization\",\"@id\":\"https:\\\/\\\/candas365.es\\\/noticias\\\/#organization\",\"name\":\"Cand\\u00e1s 365\",\"description\":\"Cand\\u00e1s 365 es un diario digital independiente, fundado en 2012, con base en Asturias. Informamos con rigor sobre actualidad, sociedad, cultura y ocio, con una mirada local y global.\",\"url\":\"https:\\\/\\\/candas365.es\\\/noticias\\\/\",\"email\":\"info@candas365.es\",\"telephone\":\"+34652131393\",\"foundingDate\":\"2012-06-10\",\"logo\":{\"@type\":\"ImageObject\",\"url\":\"https:\\\/\\\/candas365.es\\\/noticias\\\/wp-content\\\/uploads\\\/2024\\\/09\\\/Candas-365-Redes.jpg\",\"@id\":\"https:\\\/\\\/candas365.es\\\/noticias\\\/expertos-alemanes-advierten-de-los-efectos-del-brexit-en-toda-la-ue\\\/#organizationLogo\",\"width\":1152,\"height\":864,\"caption\":\"Cand\\u00e1s 365 Redes\"},\"image\":{\"@id\":\"https:\\\/\\\/candas365.es\\\/noticias\\\/expertos-alemanes-advierten-de-los-efectos-del-brexit-en-toda-la-ue\\\/#organizationLogo\"},\"sameAs\":[\"https:\\\/\\\/www.facebook.com\\\/Nachofdezber\",\"https:\\\/\\\/x.com\\\/NabercoDigital\",\"https:\\\/\\\/www.instagram.com\\\/nachofdezber\\\/\",\"https:\\\/\\\/www.youtube.com\\\/channel\\\/UCZP-2wLEB9Rv6erhFmqVnvg\"],\"address\":{\"@id\":\"https:\\\/\\\/candas365.es\\\/noticias\\\/#postaladdress\",\"@type\":\"PostalAddress\",\"streetAddress\":\"san antonio 4, san antonio 4\",\"postalCode\":\"33430\",\"addressLocality\":\"Cand\\u00e1s\",\"addressRegion\":\"Asturias\",\"addressCountry\":\"ES\"}},{\"@type\":\"Person\",\"@id\":\"https:\\\/\\\/candas365.es\\\/noticias\\\/author\\\/admin\\\/#author\",\"url\":\"https:\\\/\\\/candas365.es\\\/noticias\\\/author\\\/admin\\\/\",\"name\":\"Cand\\u00e1s 365\",\"image\":{\"@type\":\"ImageObject\",\"@id\":\"https:\\\/\\\/candas365.es\\\/noticias\\\/expertos-alemanes-advierten-de-los-efectos-del-brexit-en-toda-la-ue\\\/#authorImage\",\"url\":\"https:\\\/\\\/secure.gravatar.com\\\/avatar\\\/496a8e03d0c493ede1718b7934145dbdf8d89be1036b0eec9544e1094c9de390?s=96&d=mm&r=g\",\"width\":96,\"height\":96,\"caption\":\"Cand\\u00e1s 365\"},\"sameAs\":[\"https:\\\/\\\/www.facebook.com\\\/carrenoactualidad\",\"https:\\\/\\\/twitter.com\\\/nbasturias\",\"https:\\\/\\\/www.instagram.com\\\/nachofdezber\\\/\",\"https:\\\/\\\/www.youtube.com\\\/channel\\\/UCZP-2wLEB9Rv6erhFmqVnvg\"]},{\"@type\":\"WebPage\",\"@id\":\"https:\\\/\\\/candas365.es\\\/noticias\\\/expertos-alemanes-advierten-de-los-efectos-del-brexit-en-toda-la-ue\\\/#webpage\",\"url\":\"https:\\\/\\\/candas365.es\\\/noticias\\\/expertos-alemanes-advierten-de-los-efectos-del-brexit-en-toda-la-ue\\\/\",\"name\":\"Expertos alemanes advierten de los efectos del \\u00abBrexit\\u00bb en toda la UE | Cand\\u00e1s 365\",\"description\":\"Mannheim (Alemania), 11 jun (dpa) - La salida de Reino Unido de la Uni\\u00f3n Europea (UE) tendr\\u00eda graves consecuencias en la econom\\u00eda de todo el continente, advirtieron expertos alemanes en declaraciones a dpa. \\\"El 13 por ciento de los ciudadanos europeos residen en Reino Unido y ese pa\\u00eds representa el 17 por ciento de la\",\"inLanguage\":\"es-ES\",\"isPartOf\":{\"@id\":\"https:\\\/\\\/candas365.es\\\/noticias\\\/#website\"},\"breadcrumb\":{\"@id\":\"https:\\\/\\\/candas365.es\\\/noticias\\\/expertos-alemanes-advierten-de-los-efectos-del-brexit-en-toda-la-ue\\\/#breadcrumblist\"},\"author\":{\"@id\":\"https:\\\/\\\/candas365.es\\\/noticias\\\/author\\\/admin\\\/#author\"},\"creator\":{\"@id\":\"https:\\\/\\\/candas365.es\\\/noticias\\\/author\\\/admin\\\/#author\"},\"image\":{\"@type\":\"ImageObject\",\"url\":\"https:\\\/\\\/candas365.es\\\/noticias\\\/wp-content\\\/uploads\\\/2015\\\/09\\\/c365noticias.jpg\",\"@id\":\"https:\\\/\\\/candas365.es\\\/noticias\\\/expertos-alemanes-advierten-de-los-efectos-del-brexit-en-toda-la-ue\\\/#mainImage\",\"width\":655,\"height\":360},\"primaryImageOfPage\":{\"@id\":\"https:\\\/\\\/candas365.es\\\/noticias\\\/expertos-alemanes-advierten-de-los-efectos-del-brexit-en-toda-la-ue\\\/#mainImage\"},\"datePublished\":\"2016-06-12T11:45:59+02:00\",\"dateModified\":\"2016-06-12T11:45:59+02:00\"},{\"@type\":\"WebSite\",\"@id\":\"https:\\\/\\\/candas365.es\\\/noticias\\\/#website\",\"url\":\"https:\\\/\\\/candas365.es\\\/noticias\\\/\",\"name\":\"Cand\\u00e1s 365\",\"alternateName\":\"Cand\\u00e1s 365 Noticias\",\"description\":\"Actualidad desde Carre\\u00f1o para el mundo\",\"inLanguage\":\"es-ES\",\"publisher\":{\"@id\":\"https:\\\/\\\/candas365.es\\\/noticias\\\/#organization\"}}]}\n\t\t<\/script>\n\t\t<!-- All in One SEO Pro -->\r\n\t\t<title>Expertos alemanes advierten de los efectos del \u00abBrexit\u00bb en toda la UE | Cand\u00e1s 365<\/title>\n\n","aioseo_head_json":{"title":"Expertos alemanes advierten de los efectos del \u00abBrexit\u00bb en toda la UE | Cand\u00e1s 365","description":"Mannheim (Alemania), 11 jun (dpa) - La salida de Reino Unido de la Uni\u00f3n Europea (UE) tendr\u00eda graves consecuencias en la econom\u00eda de todo el continente, advirtieron expertos alemanes en declaraciones a dpa. \"El 13 por ciento de los ciudadanos europeos residen en Reino Unido y ese pa\u00eds representa el 17 por ciento de la","canonical_url":"https:\/\/candas365.es\/noticias\/expertos-alemanes-advierten-de-los-efectos-del-brexit-en-toda-la-ue\/","robots":"max-image-preview:large","keywords":"actualidad","webmasterTools":{"google-site-verification":"UA-32230408-1","msvalidate.01":"354F3CDFB2DA171B47FBE9ABF1F88D5","miscellaneous":""},"schema":{"@context":"https:\/\/schema.org","@graph":[{"@type":"BreadcrumbList","@id":"https:\/\/candas365.es\/noticias\/expertos-alemanes-advierten-de-los-efectos-del-brexit-en-toda-la-ue\/#breadcrumblist","itemListElement":[{"@type":"ListItem","@id":"https:\/\/candas365.es\/noticias#listItem","position":1,"name":"Home","item":"https:\/\/candas365.es\/noticias","nextItem":{"@type":"ListItem","@id":"https:\/\/candas365.es\/noticias\/category\/actualidad\/#listItem","name":"Actualidad"}},{"@type":"ListItem","@id":"https:\/\/candas365.es\/noticias\/category\/actualidad\/#listItem","position":2,"name":"Actualidad","item":"https:\/\/candas365.es\/noticias\/category\/actualidad\/","nextItem":{"@type":"ListItem","@id":"https:\/\/candas365.es\/noticias\/expertos-alemanes-advierten-de-los-efectos-del-brexit-en-toda-la-ue\/#listItem","name":"Expertos alemanes advierten de los efectos del \u00abBrexit\u00bb en toda la UE"},"previousItem":{"@type":"ListItem","@id":"https:\/\/candas365.es\/noticias#listItem","name":"Home"}},{"@type":"ListItem","@id":"https:\/\/candas365.es\/noticias\/expertos-alemanes-advierten-de-los-efectos-del-brexit-en-toda-la-ue\/#listItem","position":3,"name":"Expertos alemanes advierten de los efectos del \u00abBrexit\u00bb en toda la UE","previousItem":{"@type":"ListItem","@id":"https:\/\/candas365.es\/noticias\/category\/actualidad\/#listItem","name":"Actualidad"}}]},{"@type":"NewsArticle","@id":"https:\/\/candas365.es\/noticias\/expertos-alemanes-advierten-de-los-efectos-del-brexit-en-toda-la-ue\/#newsarticle","name":"Expertos alemanes advierten de los efectos del \u00abBrexit\u00bb en toda la UE | Cand\u00e1s 365","headline":"Expertos alemanes advierten de los efectos del \u00abBrexit\u00bb en toda la UE","author":{"@id":"https:\/\/candas365.es\/noticias\/author\/admin\/#author"},"publisher":{"@id":"https:\/\/candas365.es\/noticias\/#organization"},"image":{"@type":"ImageObject","url":"https:\/\/candas365.es\/noticias\/wp-content\/uploads\/2015\/09\/c365noticias.jpg","width":655,"height":360},"datePublished":"2016-06-12T11:45:59+02:00","dateModified":"2016-06-12T11:45:59+02:00","inLanguage":"es-ES","mainEntityOfPage":{"@id":"https:\/\/candas365.es\/noticias\/expertos-alemanes-advierten-de-los-efectos-del-brexit-en-toda-la-ue\/#webpage"},"isPartOf":{"@id":"https:\/\/candas365.es\/noticias\/expertos-alemanes-advierten-de-los-efectos-del-brexit-en-toda-la-ue\/#webpage"},"articleSection":"Actualidad","dateline":"Publicado el junio 12, 2016."},{"@type":"Organization","@id":"https:\/\/candas365.es\/noticias\/#organization","name":"Cand\u00e1s 365","description":"Cand\u00e1s 365 es un diario digital independiente, fundado en 2012, con base en Asturias. Informamos con rigor sobre actualidad, sociedad, cultura y ocio, con una mirada local y global.","url":"https:\/\/candas365.es\/noticias\/","email":"info@candas365.es","telephone":"+34652131393","foundingDate":"2012-06-10","logo":{"@type":"ImageObject","url":"https:\/\/candas365.es\/noticias\/wp-content\/uploads\/2024\/09\/Candas-365-Redes.jpg","@id":"https:\/\/candas365.es\/noticias\/expertos-alemanes-advierten-de-los-efectos-del-brexit-en-toda-la-ue\/#organizationLogo","width":1152,"height":864,"caption":"Cand\u00e1s 365 Redes"},"image":{"@id":"https:\/\/candas365.es\/noticias\/expertos-alemanes-advierten-de-los-efectos-del-brexit-en-toda-la-ue\/#organizationLogo"},"sameAs":["https:\/\/www.facebook.com\/Nachofdezber","https:\/\/x.com\/NabercoDigital","https:\/\/www.instagram.com\/nachofdezber\/","https:\/\/www.youtube.com\/channel\/UCZP-2wLEB9Rv6erhFmqVnvg"],"address":{"@id":"https:\/\/candas365.es\/noticias\/#postaladdress","@type":"PostalAddress","streetAddress":"san antonio 4, san antonio 4","postalCode":"33430","addressLocality":"Cand\u00e1s","addressRegion":"Asturias","addressCountry":"ES"}},{"@type":"Person","@id":"https:\/\/candas365.es\/noticias\/author\/admin\/#author","url":"https:\/\/candas365.es\/noticias\/author\/admin\/","name":"Cand\u00e1s 365","image":{"@type":"ImageObject","@id":"https:\/\/candas365.es\/noticias\/expertos-alemanes-advierten-de-los-efectos-del-brexit-en-toda-la-ue\/#authorImage","url":"https:\/\/secure.gravatar.com\/avatar\/496a8e03d0c493ede1718b7934145dbdf8d89be1036b0eec9544e1094c9de390?s=96&d=mm&r=g","width":96,"height":96,"caption":"Cand\u00e1s 365"},"sameAs":["https:\/\/www.facebook.com\/carrenoactualidad","https:\/\/twitter.com\/nbasturias","https:\/\/www.instagram.com\/nachofdezber\/","https:\/\/www.youtube.com\/channel\/UCZP-2wLEB9Rv6erhFmqVnvg"]},{"@type":"WebPage","@id":"https:\/\/candas365.es\/noticias\/expertos-alemanes-advierten-de-los-efectos-del-brexit-en-toda-la-ue\/#webpage","url":"https:\/\/candas365.es\/noticias\/expertos-alemanes-advierten-de-los-efectos-del-brexit-en-toda-la-ue\/","name":"Expertos alemanes advierten de los efectos del \u00abBrexit\u00bb en toda la UE | Cand\u00e1s 365","description":"Mannheim (Alemania), 11 jun (dpa) - La salida de Reino Unido de la Uni\u00f3n Europea (UE) tendr\u00eda graves consecuencias en la econom\u00eda de todo el continente, advirtieron expertos alemanes en declaraciones a dpa. \"El 13 por ciento de los ciudadanos europeos residen en Reino Unido y ese pa\u00eds representa el 17 por ciento de la","inLanguage":"es-ES","isPartOf":{"@id":"https:\/\/candas365.es\/noticias\/#website"},"breadcrumb":{"@id":"https:\/\/candas365.es\/noticias\/expertos-alemanes-advierten-de-los-efectos-del-brexit-en-toda-la-ue\/#breadcrumblist"},"author":{"@id":"https:\/\/candas365.es\/noticias\/author\/admin\/#author"},"creator":{"@id":"https:\/\/candas365.es\/noticias\/author\/admin\/#author"},"image":{"@type":"ImageObject","url":"https:\/\/candas365.es\/noticias\/wp-content\/uploads\/2015\/09\/c365noticias.jpg","@id":"https:\/\/candas365.es\/noticias\/expertos-alemanes-advierten-de-los-efectos-del-brexit-en-toda-la-ue\/#mainImage","width":655,"height":360},"primaryImageOfPage":{"@id":"https:\/\/candas365.es\/noticias\/expertos-alemanes-advierten-de-los-efectos-del-brexit-en-toda-la-ue\/#mainImage"},"datePublished":"2016-06-12T11:45:59+02:00","dateModified":"2016-06-12T11:45:59+02:00"},{"@type":"WebSite","@id":"https:\/\/candas365.es\/noticias\/#website","url":"https:\/\/candas365.es\/noticias\/","name":"Cand\u00e1s 365","alternateName":"Cand\u00e1s 365 Noticias","description":"Actualidad desde Carre\u00f1o para el mundo","inLanguage":"es-ES","publisher":{"@id":"https:\/\/candas365.es\/noticias\/#organization"}}]},"og:locale":"es_ES","og:site_name":"Cand\u00e1s 365","og:type":"article","og:title":"Expertos alemanes advierten de los efectos del \u00abBrexit\u00bb en toda la UE | Cand\u00e1s 365","og:description":"Mannheim (Alemania), 11 jun (dpa) - La salida de Reino Unido de la Uni\u00f3n Europea (UE) tendr\u00eda graves consecuencias en la econom\u00eda de todo el continente, advirtieron expertos alemanes en declaraciones a dpa. &quot;El 13 por ciento de los ciudadanos europeos residen en Reino Unido y ese pa\u00eds representa el 17 por ciento de la","og:url":"https:\/\/candas365.es\/noticias\/expertos-alemanes-advierten-de-los-efectos-del-brexit-en-toda-la-ue\/","og:image":"https:\/\/candas365.es\/noticias\/wp-content\/uploads\/2015\/09\/c365noticias.jpg","og:image:secure_url":"https:\/\/candas365.es\/noticias\/wp-content\/uploads\/2015\/09\/c365noticias.jpg","og:image:width":655,"og:image:height":360,"article:published_time":"2016-06-12T10:15:59+00:00","article:modified_time":"2016-06-12T10:15:59+00:00","article:publisher":"https:\/\/www.facebook.com\/Nachofdezber","article:author":"https:\/\/www.facebook.com\/carrenoactualidad","twitter:card":"summary_large_image","twitter:site":"@NabercoDigital","twitter:title":"Expertos alemanes advierten de los efectos del \u00abBrexit\u00bb en toda la UE | Cand\u00e1s 365","twitter:description":"Mannheim (Alemania), 11 jun (dpa) - La salida de Reino Unido de la Uni\u00f3n Europea (UE) tendr\u00eda graves consecuencias en la econom\u00eda de todo el continente, advirtieron expertos alemanes en declaraciones a dpa. &quot;El 13 por ciento de los ciudadanos europeos residen en Reino Unido y ese pa\u00eds representa el 17 por ciento de la","twitter:creator":"@nbasturias","twitter:image":"https:\/\/candas365.es\/noticias\/wp-content\/uploads\/2015\/09\/c365noticias.jpg","twitter:label1":"Escrito por","twitter:data1":"Cand\u00e1s 365","twitter:label2":"Tiempo de lectura estimado","twitter:data2":"2 minutos"},"aioseo_meta_data":{"post_id":"30035","title":null,"description":null,"keywords":null,"keyphrases":null,"primary_term":null,"canonical_url":null,"og_title":null,"og_description":null,"og_object_type":"default","og_image_type":"default","og_image_url":null,"og_image_width":null,"og_image_height":null,"og_image_custom_url":null,"og_image_custom_fields":null,"og_video":null,"og_custom_url":null,"og_article_section":null,"og_article_tags":null,"twitter_use_og":false,"twitter_card":"default","twitter_image_type":"default","twitter_image_url":null,"twitter_image_custom_url":null,"twitter_image_custom_fields":null,"twitter_title":null,"twitter_description":null,"schema":{"blockGraphs":[],"customGraphs":[],"default":{"data":{"Article":[],"Course":[],"Dataset":[],"FAQPage":[],"Movie":[],"Person":[],"Product":[],"ProductReview":[],"Car":[],"Recipe":[],"Service":[],"SoftwareApplication":[],"WebPage":[]},"graphName":"","isEnabled":true},"graphs":[]},"schema_type":null,"schema_type_options":null,"pillar_content":false,"robots_default":true,"robots_noindex":false,"robots_noarchive":false,"robots_nosnippet":false,"robots_nofollow":false,"robots_noimageindex":false,"robots_noodp":false,"robots_notranslate":false,"robots_max_snippet":null,"robots_max_videopreview":null,"robots_max_imagepreview":"large","priority":null,"frequency":null,"location":null,"local_seo":null,"seo_analyzer_scan_date":"2025-08-24 12:00:25","breadcrumb_settings":null,"limit_modified_date":false,"reviewed_by":null,"open_ai":null,"ai":null,"created":"2020-12-21 12:56:45","updated":"2025-08-24 12:00:25"},"aioseo_breadcrumb":"<div class=\"aioseo-breadcrumbs\"><span class=\"aioseo-breadcrumb\">\n\t<a href=\"https:\/\/candas365.es\/noticias\" title=\"Home\">Home<\/a>\n<\/span><span class=\"aioseo-breadcrumb-separator\">&ndash;<\/span><span class=\"aioseo-breadcrumb\">\n\t<a href=\"https:\/\/candas365.es\/noticias\/category\/actualidad\/\" title=\"Actualidad\">Actualidad<\/a>\n<\/span><span class=\"aioseo-breadcrumb-separator\">&ndash;<\/span><span class=\"aioseo-breadcrumb\">\n\tExpertos alemanes advierten de los efectos del \u00abBrexit\u00bb en toda la UE\n<\/span><\/div>","aioseo_breadcrumb_json":[{"label":"Home","link":"https:\/\/candas365.es\/noticias"},{"label":"Actualidad","link":"https:\/\/candas365.es\/noticias\/category\/actualidad\/"},{"label":"Expertos alemanes advierten de los efectos del \u00abBrexit\u00bb en toda la UE","link":"https:\/\/candas365.es\/noticias\/expertos-alemanes-advierten-de-los-efectos-del-brexit-en-toda-la-ue\/"}],"_links":{"self":[{"href":"https:\/\/candas365.es\/noticias\/wp-json\/wp\/v2\/posts\/30035","targetHints":{"allow":["GET"]}}],"collection":[{"href":"https:\/\/candas365.es\/noticias\/wp-json\/wp\/v2\/posts"}],"about":[{"href":"https:\/\/candas365.es\/noticias\/wp-json\/wp\/v2\/types\/post"}],"author":[{"embeddable":true,"href":"https:\/\/candas365.es\/noticias\/wp-json\/wp\/v2\/users\/1"}],"replies":[{"embeddable":true,"href":"https:\/\/candas365.es\/noticias\/wp-json\/wp\/v2\/comments?post=30035"}],"version-history":[{"count":0,"href":"https:\/\/candas365.es\/noticias\/wp-json\/wp\/v2\/posts\/30035\/revisions"}],"wp:featuredmedia":[{"embeddable":true,"href":"https:\/\/candas365.es\/noticias\/wp-json\/wp\/v2\/media\/16457"}],"wp:attachment":[{"href":"https:\/\/candas365.es\/noticias\/wp-json\/wp\/v2\/media?parent=30035"}],"wp:term":[{"taxonomy":"category","embeddable":true,"href":"https:\/\/candas365.es\/noticias\/wp-json\/wp\/v2\/categories?post=30035"},{"taxonomy":"post_tag","embeddable":true,"href":"https:\/\/candas365.es\/noticias\/wp-json\/wp\/v2\/tags?post=30035"}],"curies":[{"name":"wp","href":"https:\/\/api.w.org\/{rel}","templated":true}]}}