{"id":30033,"date":"2016-06-12T11:44:44","date_gmt":"2016-06-12T10:14:44","guid":{"rendered":"http:\/\/candas365.es\/noticias\/?p=30033"},"modified":"2016-06-12T11:44:44","modified_gmt":"2016-06-12T10:14:44","slug":"low-pide-a-alemania-espiritu-de-lucha-y-sacrificio","status":"publish","type":"post","link":"https:\/\/candas365.es\/noticias\/low-pide-a-alemania-espiritu-de-lucha-y-sacrificio\/","title":{"rendered":"L\u00f6w pide a Alemania esp\u00edritu de lucha y sacrificio"},"content":{"rendered":"<p>\u00c9vian-les-Bains (Francia), 11 jun (dpa) &#8211; A un d\u00eda de volar a Lille para debutar el domingo ante Ucrania en la Eurocopa, Joachim L\u00f6w pidi\u00f3 el viernes a los futbolistas de la selecci\u00f3n alemana que afronten el partido del debut con esp\u00edritu de lucha y sacrificio.<\/p>\n<p>\u00abNo deber\u00edamos confiar \u00fanicamente en nuestra habilidad t\u00e9cnica contra equipos como Ucrania. Ser\u00eda un grave error\u00bb, advirti\u00f3 el seleccionador alem\u00e1n en \u00c9vian-les-Bains, donde instal\u00f3 su cuartel general la \u00abNationalmannschaft\u00bb.<\/p>\n<p>L\u00f6w cree que la actual campeona del mundo tendr\u00e1 un partido muy dif\u00edcil ante Ucrania en el estadio Pierre Mauroy de Lille. Adem\u00e1s, a\u00fan tiene dudas sobre la titularidad de Bastian Schweinsteiger, que tiene problemas en la rodilla, mientras que Shkodran Mustafi se perfila como central en el equipo inicial ante la baja de Antonio R\u00fcdiger y las molestias de Mats Hummels.<\/p>\n<p>Tras el \u00faltimo entrenamiento en \u00c9vian-les-Bains, L\u00f6w se\u00f1al\u00f3 que Alemania necesitar\u00e1 utilizar mucho el f\u00edsico ante los ucranianos.<\/p>\n<p>\u00abSon muy robustos y son de todo menos blandos\u00bb, asegur\u00f3 el t\u00e9cnico de 56 a\u00f1os. \u00abTenemos que acostumbrarnos a ganar los duelos individuales e invertir toda nuestra fuerza para ser firmes\u00bb.<\/p>\n<p>\u00abUno nunca tiene un rival f\u00e1cil en el primer partido. Y este partido es especialmente peligroso\u00bb, explic\u00f3 L\u00f6w a pesar de que la estad\u00edstica sonr\u00ede a Alemania: nunca perdi\u00f3 en el debut en una Eurocopa.<\/p>\n<p>La forma f\u00edsica jugar\u00e1 un papel m\u00e1s determinante en esta Eurocopa que en las anteriores por la introducci\u00f3n de la ronda de octavos de final. En total, la selecci\u00f3n que se alce con el t\u00edtulo habr\u00e1 jugado siete partidos en un mes.<\/p>\n<p>\u00abPero tenemos un equipo m\u00e1s completo que en Brasil\u00bb, record\u00f3 el delantero Thomas M\u00fcller, un fijo en el once alem\u00e1n.<\/p>\n<p>L\u00f6w podr\u00eda alienar ante Ucrania a diez futbolistas que se proclamaron campeones del mundo en Brasil 2014 para intentar desarbolar el entramado defensivo que espera de Ucrania.<\/p>\n<p>\u00abLo ucranianos tienen un juego muy estructurado en defensa y son muy disciplinados. Contraatacan muy r\u00e1pido y tienen extremos muy r\u00e1pidos\u00bb, analiz\u00f3 L\u00f6w a su primer rival, cuyas principales armas en ataque son los el\u00e9ctricos Andrei Yarmolenko y Yevhen Konoplyanka.<\/p>\n<p>\u00abEstamos listos, eso se nota en la tensi\u00f3n que tienen los muchachos\u00bb, indic\u00f3 Thomas Schneider, asistente de L\u00f6w, tras una sesi\u00f3n de entrenamiento realizada con sol y agradables temperaturas. \u00abEstamos preparad\u00edsimos\u00bb, a\u00f1adi\u00f3 por su parte Andr\u00e9 Sch\u00fcrrle.<\/p>\n<p><span class=\" readonly\" title=\"\"><em>Por Klaus Bergmann y Jens Mende <\/em><\/span><\/p>\n","protected":false},"excerpt":{"rendered":"<p>\u00c9vian-les-Bains (Francia), 11 jun (dpa) &#8211; A un d\u00eda de volar a Lille para debutar el domingo ante Ucrania en la Eurocopa, Joachim L\u00f6w pidi\u00f3 el viernes a los futbolistas de la selecci\u00f3n alemana que afronten el partido del debut con esp\u00edritu de lucha y sacrificio. \u00abNo deber\u00edamos confiar \u00fanicamente en nuestra habilidad t\u00e9cnica contra<\/p>\n","protected":false},"author":1,"featured_media":29884,"comment_status":"closed","ping_status":"closed","sticky":false,"template":"","format":"standard","meta":{"footnotes":""},"categories":[343],"tags":[],"class_list":{"0":"post-30033","1":"post","2":"type-post","3":"status-publish","4":"format-standard","5":"has-post-thumbnail","7":"category-actualidad"},"aioseo_notices":[],"aioseo_head":"\n\t\t<!-- All in One SEO Pro 4.9.6.2 - aioseo.com -->\n\t<meta name=\"description\" content=\"\u00c9vian-les-Bains (Francia), 11 jun (dpa) - A un d\u00eda de volar a Lille para debutar el domingo ante Ucrania en la Eurocopa, Joachim L\u00f6w pidi\u00f3 el viernes a los futbolistas de la selecci\u00f3n alemana que afronten el partido del debut con esp\u00edritu de lucha y sacrificio. &quot;No deber\u00edamos confiar \u00fanicamente en nuestra habilidad t\u00e9cnica contra\" \/>\n\t<meta name=\"robots\" content=\"max-image-preview:large\" \/>\n\t<meta name=\"author\" content=\"Cand\u00e1s 365\"\/>\n\t<meta name=\"google-site-verification\" content=\"UA-32230408-1\" \/>\n\t<meta name=\"msvalidate.01\" content=\"354F3CDFB2DA171B47FBE9ABF1F88D5\" \/>\n\t<meta name=\"keywords\" content=\"actualidad\" \/>\n\t<link rel=\"canonical\" href=\"https:\/\/candas365.es\/noticias\/low-pide-a-alemania-espiritu-de-lucha-y-sacrificio\/\" \/>\n\t<meta name=\"generator\" content=\"All in One SEO Pro (AIOSEO) 4.9.6.2\" \/>\n\t\t<meta property=\"og:locale\" content=\"es_ES\" \/>\n\t\t<meta property=\"og:site_name\" content=\"Cand\u00e1s 365\" \/>\n\t\t<meta property=\"og:type\" content=\"article\" \/>\n\t\t<meta property=\"og:title\" content=\"L\u00f6w pide a Alemania esp\u00edritu de lucha y sacrificio | Cand\u00e1s 365\" \/>\n\t\t<meta property=\"og:description\" content=\"\u00c9vian-les-Bains (Francia), 11 jun (dpa) - A un d\u00eda de volar a Lille para debutar el domingo ante Ucrania en la Eurocopa, Joachim L\u00f6w pidi\u00f3 el viernes a los futbolistas de la selecci\u00f3n alemana que afronten el partido del debut con esp\u00edritu de lucha y sacrificio. &quot;No deber\u00edamos confiar \u00fanicamente en nuestra habilidad t\u00e9cnica contra\" \/>\n\t\t<meta property=\"og:url\" content=\"https:\/\/candas365.es\/noticias\/low-pide-a-alemania-espiritu-de-lucha-y-sacrificio\/\" \/>\n\t\t<meta property=\"og:image\" content=\"https:\/\/candas365.es\/noticias\/wp-content\/uploads\/2016\/06\/euro2016.jpg\" \/>\n\t\t<meta property=\"og:image:secure_url\" content=\"https:\/\/candas365.es\/noticias\/wp-content\/uploads\/2016\/06\/euro2016.jpg\" \/>\n\t\t<meta property=\"og:image:width\" content=\"800\" \/>\n\t\t<meta property=\"og:image:height\" content=\"478\" \/>\n\t\t<meta property=\"article:published_time\" content=\"2016-06-12T10:14:44+00:00\" \/>\n\t\t<meta property=\"article:modified_time\" content=\"2016-06-12T10:14:44+00:00\" \/>\n\t\t<meta property=\"article:publisher\" content=\"https:\/\/www.facebook.com\/Nachofdezber\" \/>\n\t\t<meta property=\"article:author\" content=\"https:\/\/www.facebook.com\/carrenoactualidad\" \/>\n\t\t<meta name=\"twitter:card\" content=\"summary_large_image\" \/>\n\t\t<meta name=\"twitter:site\" content=\"@NabercoDigital\" \/>\n\t\t<meta name=\"twitter:title\" content=\"L\u00f6w pide a Alemania esp\u00edritu de lucha y sacrificio | Cand\u00e1s 365\" \/>\n\t\t<meta name=\"twitter:description\" content=\"\u00c9vian-les-Bains (Francia), 11 jun (dpa) - A un d\u00eda de volar a Lille para debutar el domingo ante Ucrania en la Eurocopa, Joachim L\u00f6w pidi\u00f3 el viernes a los futbolistas de la selecci\u00f3n alemana que afronten el partido del debut con esp\u00edritu de lucha y sacrificio. &quot;No deber\u00edamos confiar \u00fanicamente en nuestra habilidad t\u00e9cnica contra\" \/>\n\t\t<meta name=\"twitter:creator\" content=\"@nbasturias\" \/>\n\t\t<meta name=\"twitter:image\" content=\"https:\/\/candas365.es\/noticias\/wp-content\/uploads\/2016\/06\/euro2016.jpg\" \/>\n\t\t<meta name=\"twitter:label1\" content=\"Escrito por\" \/>\n\t\t<meta name=\"twitter:data1\" content=\"Cand\u00e1s 365\" \/>\n\t\t<meta name=\"twitter:label2\" content=\"Tiempo de lectura estimado\" \/>\n\t\t<meta name=\"twitter:data2\" content=\"2 minutos\" \/>\n\t\t<script type=\"application\/ld+json\" class=\"aioseo-schema\">\n\t\t\t{\"@context\":\"https:\\\/\\\/schema.org\",\"@graph\":[{\"@type\":\"BreadcrumbList\",\"@id\":\"https:\\\/\\\/candas365.es\\\/noticias\\\/low-pide-a-alemania-espiritu-de-lucha-y-sacrificio\\\/#breadcrumblist\",\"itemListElement\":[{\"@type\":\"ListItem\",\"@id\":\"https:\\\/\\\/candas365.es\\\/noticias#listItem\",\"position\":1,\"name\":\"Home\",\"item\":\"https:\\\/\\\/candas365.es\\\/noticias\",\"nextItem\":{\"@type\":\"ListItem\",\"@id\":\"https:\\\/\\\/candas365.es\\\/noticias\\\/category\\\/actualidad\\\/#listItem\",\"name\":\"Actualidad\"}},{\"@type\":\"ListItem\",\"@id\":\"https:\\\/\\\/candas365.es\\\/noticias\\\/category\\\/actualidad\\\/#listItem\",\"position\":2,\"name\":\"Actualidad\",\"item\":\"https:\\\/\\\/candas365.es\\\/noticias\\\/category\\\/actualidad\\\/\",\"nextItem\":{\"@type\":\"ListItem\",\"@id\":\"https:\\\/\\\/candas365.es\\\/noticias\\\/low-pide-a-alemania-espiritu-de-lucha-y-sacrificio\\\/#listItem\",\"name\":\"L\\u00f6w pide a Alemania esp\\u00edritu de lucha y sacrificio\"},\"previousItem\":{\"@type\":\"ListItem\",\"@id\":\"https:\\\/\\\/candas365.es\\\/noticias#listItem\",\"name\":\"Home\"}},{\"@type\":\"ListItem\",\"@id\":\"https:\\\/\\\/candas365.es\\\/noticias\\\/low-pide-a-alemania-espiritu-de-lucha-y-sacrificio\\\/#listItem\",\"position\":3,\"name\":\"L\\u00f6w pide a Alemania esp\\u00edritu de lucha y sacrificio\",\"previousItem\":{\"@type\":\"ListItem\",\"@id\":\"https:\\\/\\\/candas365.es\\\/noticias\\\/category\\\/actualidad\\\/#listItem\",\"name\":\"Actualidad\"}}]},{\"@type\":\"NewsArticle\",\"@id\":\"https:\\\/\\\/candas365.es\\\/noticias\\\/low-pide-a-alemania-espiritu-de-lucha-y-sacrificio\\\/#newsarticle\",\"name\":\"L\\u00f6w pide a Alemania esp\\u00edritu de lucha y sacrificio | Cand\\u00e1s 365\",\"headline\":\"L\\u00f6w pide a Alemania esp\\u00edritu de lucha y sacrificio\",\"author\":{\"@id\":\"https:\\\/\\\/candas365.es\\\/noticias\\\/author\\\/admin\\\/#author\"},\"publisher\":{\"@id\":\"https:\\\/\\\/candas365.es\\\/noticias\\\/#organization\"},\"image\":{\"@type\":\"ImageObject\",\"url\":\"https:\\\/\\\/candas365.es\\\/noticias\\\/wp-content\\\/uploads\\\/2016\\\/06\\\/euro2016.jpg\",\"width\":800,\"height\":478},\"datePublished\":\"2016-06-12T11:44:44+02:00\",\"dateModified\":\"2016-06-12T11:44:44+02:00\",\"inLanguage\":\"es-ES\",\"mainEntityOfPage\":{\"@id\":\"https:\\\/\\\/candas365.es\\\/noticias\\\/low-pide-a-alemania-espiritu-de-lucha-y-sacrificio\\\/#webpage\"},\"isPartOf\":{\"@id\":\"https:\\\/\\\/candas365.es\\\/noticias\\\/low-pide-a-alemania-espiritu-de-lucha-y-sacrificio\\\/#webpage\"},\"articleSection\":\"Actualidad\",\"dateline\":\"Publicado el junio 12, 2016.\"},{\"@type\":\"Organization\",\"@id\":\"https:\\\/\\\/candas365.es\\\/noticias\\\/#organization\",\"name\":\"Cand\\u00e1s 365\",\"description\":\"Cand\\u00e1s 365 es un diario digital independiente, fundado en 2012, con base en Asturias. Informamos con rigor sobre actualidad, sociedad, cultura y ocio, con una mirada local y global.\",\"url\":\"https:\\\/\\\/candas365.es\\\/noticias\\\/\",\"email\":\"info@candas365.es\",\"telephone\":\"+34652131393\",\"foundingDate\":\"2012-06-10\",\"logo\":{\"@type\":\"ImageObject\",\"url\":\"https:\\\/\\\/candas365.es\\\/noticias\\\/wp-content\\\/uploads\\\/2024\\\/09\\\/Candas-365-Redes.jpg\",\"@id\":\"https:\\\/\\\/candas365.es\\\/noticias\\\/low-pide-a-alemania-espiritu-de-lucha-y-sacrificio\\\/#organizationLogo\",\"width\":1152,\"height\":864,\"caption\":\"Cand\\u00e1s 365 Redes\"},\"image\":{\"@id\":\"https:\\\/\\\/candas365.es\\\/noticias\\\/low-pide-a-alemania-espiritu-de-lucha-y-sacrificio\\\/#organizationLogo\"},\"sameAs\":[\"https:\\\/\\\/www.facebook.com\\\/Nachofdezber\",\"https:\\\/\\\/x.com\\\/NabercoDigital\",\"https:\\\/\\\/www.instagram.com\\\/nachofdezber\\\/\",\"https:\\\/\\\/www.youtube.com\\\/channel\\\/UCZP-2wLEB9Rv6erhFmqVnvg\"],\"address\":{\"@id\":\"https:\\\/\\\/candas365.es\\\/noticias\\\/#postaladdress\",\"@type\":\"PostalAddress\",\"streetAddress\":\"san antonio 4, san antonio 4\",\"postalCode\":\"33430\",\"addressLocality\":\"Cand\\u00e1s\",\"addressRegion\":\"Asturias\",\"addressCountry\":\"ES\"}},{\"@type\":\"Person\",\"@id\":\"https:\\\/\\\/candas365.es\\\/noticias\\\/author\\\/admin\\\/#author\",\"url\":\"https:\\\/\\\/candas365.es\\\/noticias\\\/author\\\/admin\\\/\",\"name\":\"Cand\\u00e1s 365\",\"image\":{\"@type\":\"ImageObject\",\"@id\":\"https:\\\/\\\/candas365.es\\\/noticias\\\/low-pide-a-alemania-espiritu-de-lucha-y-sacrificio\\\/#authorImage\",\"url\":\"https:\\\/\\\/secure.gravatar.com\\\/avatar\\\/496a8e03d0c493ede1718b7934145dbdf8d89be1036b0eec9544e1094c9de390?s=96&d=mm&r=g\",\"width\":96,\"height\":96,\"caption\":\"Cand\\u00e1s 365\"},\"sameAs\":[\"https:\\\/\\\/www.facebook.com\\\/carrenoactualidad\",\"https:\\\/\\\/twitter.com\\\/nbasturias\",\"https:\\\/\\\/www.instagram.com\\\/nachofdezber\\\/\",\"https:\\\/\\\/www.youtube.com\\\/channel\\\/UCZP-2wLEB9Rv6erhFmqVnvg\"]},{\"@type\":\"WebPage\",\"@id\":\"https:\\\/\\\/candas365.es\\\/noticias\\\/low-pide-a-alemania-espiritu-de-lucha-y-sacrificio\\\/#webpage\",\"url\":\"https:\\\/\\\/candas365.es\\\/noticias\\\/low-pide-a-alemania-espiritu-de-lucha-y-sacrificio\\\/\",\"name\":\"L\\u00f6w pide a Alemania esp\\u00edritu de lucha y sacrificio | Cand\\u00e1s 365\",\"description\":\"\\u00c9vian-les-Bains (Francia), 11 jun (dpa) - A un d\\u00eda de volar a Lille para debutar el domingo ante Ucrania en la Eurocopa, Joachim L\\u00f6w pidi\\u00f3 el viernes a los futbolistas de la selecci\\u00f3n alemana que afronten el partido del debut con esp\\u00edritu de lucha y sacrificio. \\\"No deber\\u00edamos confiar \\u00fanicamente en nuestra habilidad t\\u00e9cnica contra\",\"inLanguage\":\"es-ES\",\"isPartOf\":{\"@id\":\"https:\\\/\\\/candas365.es\\\/noticias\\\/#website\"},\"breadcrumb\":{\"@id\":\"https:\\\/\\\/candas365.es\\\/noticias\\\/low-pide-a-alemania-espiritu-de-lucha-y-sacrificio\\\/#breadcrumblist\"},\"author\":{\"@id\":\"https:\\\/\\\/candas365.es\\\/noticias\\\/author\\\/admin\\\/#author\"},\"creator\":{\"@id\":\"https:\\\/\\\/candas365.es\\\/noticias\\\/author\\\/admin\\\/#author\"},\"image\":{\"@type\":\"ImageObject\",\"url\":\"https:\\\/\\\/candas365.es\\\/noticias\\\/wp-content\\\/uploads\\\/2016\\\/06\\\/euro2016.jpg\",\"@id\":\"https:\\\/\\\/candas365.es\\\/noticias\\\/low-pide-a-alemania-espiritu-de-lucha-y-sacrificio\\\/#mainImage\",\"width\":800,\"height\":478},\"primaryImageOfPage\":{\"@id\":\"https:\\\/\\\/candas365.es\\\/noticias\\\/low-pide-a-alemania-espiritu-de-lucha-y-sacrificio\\\/#mainImage\"},\"datePublished\":\"2016-06-12T11:44:44+02:00\",\"dateModified\":\"2016-06-12T11:44:44+02:00\"},{\"@type\":\"WebSite\",\"@id\":\"https:\\\/\\\/candas365.es\\\/noticias\\\/#website\",\"url\":\"https:\\\/\\\/candas365.es\\\/noticias\\\/\",\"name\":\"Cand\\u00e1s 365\",\"alternateName\":\"Cand\\u00e1s 365 Noticias\",\"description\":\"Actualidad desde Carre\\u00f1o para el mundo\",\"inLanguage\":\"es-ES\",\"publisher\":{\"@id\":\"https:\\\/\\\/candas365.es\\\/noticias\\\/#organization\"}}]}\n\t\t<\/script>\n\t\t<!-- All in One SEO Pro -->\r\n\t\t<title>L\u00f6w pide a Alemania esp\u00edritu de lucha y sacrificio | Cand\u00e1s 365<\/title>\n\n","aioseo_head_json":{"title":"L\u00f6w pide a Alemania esp\u00edritu de lucha y sacrificio | Cand\u00e1s 365","description":"\u00c9vian-les-Bains (Francia), 11 jun (dpa) - A un d\u00eda de volar a Lille para debutar el domingo ante Ucrania en la Eurocopa, Joachim L\u00f6w pidi\u00f3 el viernes a los futbolistas de la selecci\u00f3n alemana que afronten el partido del debut con esp\u00edritu de lucha y sacrificio. \"No deber\u00edamos confiar \u00fanicamente en nuestra habilidad t\u00e9cnica contra","canonical_url":"https:\/\/candas365.es\/noticias\/low-pide-a-alemania-espiritu-de-lucha-y-sacrificio\/","robots":"max-image-preview:large","keywords":"actualidad","webmasterTools":{"google-site-verification":"UA-32230408-1","msvalidate.01":"354F3CDFB2DA171B47FBE9ABF1F88D5","miscellaneous":""},"schema":{"@context":"https:\/\/schema.org","@graph":[{"@type":"BreadcrumbList","@id":"https:\/\/candas365.es\/noticias\/low-pide-a-alemania-espiritu-de-lucha-y-sacrificio\/#breadcrumblist","itemListElement":[{"@type":"ListItem","@id":"https:\/\/candas365.es\/noticias#listItem","position":1,"name":"Home","item":"https:\/\/candas365.es\/noticias","nextItem":{"@type":"ListItem","@id":"https:\/\/candas365.es\/noticias\/category\/actualidad\/#listItem","name":"Actualidad"}},{"@type":"ListItem","@id":"https:\/\/candas365.es\/noticias\/category\/actualidad\/#listItem","position":2,"name":"Actualidad","item":"https:\/\/candas365.es\/noticias\/category\/actualidad\/","nextItem":{"@type":"ListItem","@id":"https:\/\/candas365.es\/noticias\/low-pide-a-alemania-espiritu-de-lucha-y-sacrificio\/#listItem","name":"L\u00f6w pide a Alemania esp\u00edritu de lucha y sacrificio"},"previousItem":{"@type":"ListItem","@id":"https:\/\/candas365.es\/noticias#listItem","name":"Home"}},{"@type":"ListItem","@id":"https:\/\/candas365.es\/noticias\/low-pide-a-alemania-espiritu-de-lucha-y-sacrificio\/#listItem","position":3,"name":"L\u00f6w pide a Alemania esp\u00edritu de lucha y sacrificio","previousItem":{"@type":"ListItem","@id":"https:\/\/candas365.es\/noticias\/category\/actualidad\/#listItem","name":"Actualidad"}}]},{"@type":"NewsArticle","@id":"https:\/\/candas365.es\/noticias\/low-pide-a-alemania-espiritu-de-lucha-y-sacrificio\/#newsarticle","name":"L\u00f6w pide a Alemania esp\u00edritu de lucha y sacrificio | Cand\u00e1s 365","headline":"L\u00f6w pide a Alemania esp\u00edritu de lucha y sacrificio","author":{"@id":"https:\/\/candas365.es\/noticias\/author\/admin\/#author"},"publisher":{"@id":"https:\/\/candas365.es\/noticias\/#organization"},"image":{"@type":"ImageObject","url":"https:\/\/candas365.es\/noticias\/wp-content\/uploads\/2016\/06\/euro2016.jpg","width":800,"height":478},"datePublished":"2016-06-12T11:44:44+02:00","dateModified":"2016-06-12T11:44:44+02:00","inLanguage":"es-ES","mainEntityOfPage":{"@id":"https:\/\/candas365.es\/noticias\/low-pide-a-alemania-espiritu-de-lucha-y-sacrificio\/#webpage"},"isPartOf":{"@id":"https:\/\/candas365.es\/noticias\/low-pide-a-alemania-espiritu-de-lucha-y-sacrificio\/#webpage"},"articleSection":"Actualidad","dateline":"Publicado el junio 12, 2016."},{"@type":"Organization","@id":"https:\/\/candas365.es\/noticias\/#organization","name":"Cand\u00e1s 365","description":"Cand\u00e1s 365 es un diario digital independiente, fundado en 2012, con base en Asturias. Informamos con rigor sobre actualidad, sociedad, cultura y ocio, con una mirada local y global.","url":"https:\/\/candas365.es\/noticias\/","email":"info@candas365.es","telephone":"+34652131393","foundingDate":"2012-06-10","logo":{"@type":"ImageObject","url":"https:\/\/candas365.es\/noticias\/wp-content\/uploads\/2024\/09\/Candas-365-Redes.jpg","@id":"https:\/\/candas365.es\/noticias\/low-pide-a-alemania-espiritu-de-lucha-y-sacrificio\/#organizationLogo","width":1152,"height":864,"caption":"Cand\u00e1s 365 Redes"},"image":{"@id":"https:\/\/candas365.es\/noticias\/low-pide-a-alemania-espiritu-de-lucha-y-sacrificio\/#organizationLogo"},"sameAs":["https:\/\/www.facebook.com\/Nachofdezber","https:\/\/x.com\/NabercoDigital","https:\/\/www.instagram.com\/nachofdezber\/","https:\/\/www.youtube.com\/channel\/UCZP-2wLEB9Rv6erhFmqVnvg"],"address":{"@id":"https:\/\/candas365.es\/noticias\/#postaladdress","@type":"PostalAddress","streetAddress":"san antonio 4, san antonio 4","postalCode":"33430","addressLocality":"Cand\u00e1s","addressRegion":"Asturias","addressCountry":"ES"}},{"@type":"Person","@id":"https:\/\/candas365.es\/noticias\/author\/admin\/#author","url":"https:\/\/candas365.es\/noticias\/author\/admin\/","name":"Cand\u00e1s 365","image":{"@type":"ImageObject","@id":"https:\/\/candas365.es\/noticias\/low-pide-a-alemania-espiritu-de-lucha-y-sacrificio\/#authorImage","url":"https:\/\/secure.gravatar.com\/avatar\/496a8e03d0c493ede1718b7934145dbdf8d89be1036b0eec9544e1094c9de390?s=96&d=mm&r=g","width":96,"height":96,"caption":"Cand\u00e1s 365"},"sameAs":["https:\/\/www.facebook.com\/carrenoactualidad","https:\/\/twitter.com\/nbasturias","https:\/\/www.instagram.com\/nachofdezber\/","https:\/\/www.youtube.com\/channel\/UCZP-2wLEB9Rv6erhFmqVnvg"]},{"@type":"WebPage","@id":"https:\/\/candas365.es\/noticias\/low-pide-a-alemania-espiritu-de-lucha-y-sacrificio\/#webpage","url":"https:\/\/candas365.es\/noticias\/low-pide-a-alemania-espiritu-de-lucha-y-sacrificio\/","name":"L\u00f6w pide a Alemania esp\u00edritu de lucha y sacrificio | Cand\u00e1s 365","description":"\u00c9vian-les-Bains (Francia), 11 jun (dpa) - A un d\u00eda de volar a Lille para debutar el domingo ante Ucrania en la Eurocopa, Joachim L\u00f6w pidi\u00f3 el viernes a los futbolistas de la selecci\u00f3n alemana que afronten el partido del debut con esp\u00edritu de lucha y sacrificio. \"No deber\u00edamos confiar \u00fanicamente en nuestra habilidad t\u00e9cnica contra","inLanguage":"es-ES","isPartOf":{"@id":"https:\/\/candas365.es\/noticias\/#website"},"breadcrumb":{"@id":"https:\/\/candas365.es\/noticias\/low-pide-a-alemania-espiritu-de-lucha-y-sacrificio\/#breadcrumblist"},"author":{"@id":"https:\/\/candas365.es\/noticias\/author\/admin\/#author"},"creator":{"@id":"https:\/\/candas365.es\/noticias\/author\/admin\/#author"},"image":{"@type":"ImageObject","url":"https:\/\/candas365.es\/noticias\/wp-content\/uploads\/2016\/06\/euro2016.jpg","@id":"https:\/\/candas365.es\/noticias\/low-pide-a-alemania-espiritu-de-lucha-y-sacrificio\/#mainImage","width":800,"height":478},"primaryImageOfPage":{"@id":"https:\/\/candas365.es\/noticias\/low-pide-a-alemania-espiritu-de-lucha-y-sacrificio\/#mainImage"},"datePublished":"2016-06-12T11:44:44+02:00","dateModified":"2016-06-12T11:44:44+02:00"},{"@type":"WebSite","@id":"https:\/\/candas365.es\/noticias\/#website","url":"https:\/\/candas365.es\/noticias\/","name":"Cand\u00e1s 365","alternateName":"Cand\u00e1s 365 Noticias","description":"Actualidad desde Carre\u00f1o para el mundo","inLanguage":"es-ES","publisher":{"@id":"https:\/\/candas365.es\/noticias\/#organization"}}]},"og:locale":"es_ES","og:site_name":"Cand\u00e1s 365","og:type":"article","og:title":"L\u00f6w pide a Alemania esp\u00edritu de lucha y sacrificio | Cand\u00e1s 365","og:description":"\u00c9vian-les-Bains (Francia), 11 jun (dpa) - A un d\u00eda de volar a Lille para debutar el domingo ante Ucrania en la Eurocopa, Joachim L\u00f6w pidi\u00f3 el viernes a los futbolistas de la selecci\u00f3n alemana que afronten el partido del debut con esp\u00edritu de lucha y sacrificio. &quot;No deber\u00edamos confiar \u00fanicamente en nuestra habilidad t\u00e9cnica contra","og:url":"https:\/\/candas365.es\/noticias\/low-pide-a-alemania-espiritu-de-lucha-y-sacrificio\/","og:image":"https:\/\/candas365.es\/noticias\/wp-content\/uploads\/2016\/06\/euro2016.jpg","og:image:secure_url":"https:\/\/candas365.es\/noticias\/wp-content\/uploads\/2016\/06\/euro2016.jpg","og:image:width":800,"og:image:height":478,"article:published_time":"2016-06-12T10:14:44+00:00","article:modified_time":"2016-06-12T10:14:44+00:00","article:publisher":"https:\/\/www.facebook.com\/Nachofdezber","article:author":"https:\/\/www.facebook.com\/carrenoactualidad","twitter:card":"summary_large_image","twitter:site":"@NabercoDigital","twitter:title":"L\u00f6w pide a Alemania esp\u00edritu de lucha y sacrificio | Cand\u00e1s 365","twitter:description":"\u00c9vian-les-Bains (Francia), 11 jun (dpa) - A un d\u00eda de volar a Lille para debutar el domingo ante Ucrania en la Eurocopa, Joachim L\u00f6w pidi\u00f3 el viernes a los futbolistas de la selecci\u00f3n alemana que afronten el partido del debut con esp\u00edritu de lucha y sacrificio. &quot;No deber\u00edamos confiar \u00fanicamente en nuestra habilidad t\u00e9cnica contra","twitter:creator":"@nbasturias","twitter:image":"https:\/\/candas365.es\/noticias\/wp-content\/uploads\/2016\/06\/euro2016.jpg","twitter:label1":"Escrito por","twitter:data1":"Cand\u00e1s 365","twitter:label2":"Tiempo de lectura estimado","twitter:data2":"2 minutos"},"aioseo_meta_data":{"post_id":"30033","title":null,"description":null,"keywords":null,"keyphrases":null,"primary_term":null,"canonical_url":null,"og_title":null,"og_description":null,"og_object_type":"default","og_image_type":"default","og_image_url":null,"og_image_width":null,"og_image_height":null,"og_image_custom_url":null,"og_image_custom_fields":null,"og_video":null,"og_custom_url":null,"og_article_section":null,"og_article_tags":null,"twitter_use_og":false,"twitter_card":"default","twitter_image_type":"default","twitter_image_url":null,"twitter_image_custom_url":null,"twitter_image_custom_fields":null,"twitter_title":null,"twitter_description":null,"schema":{"blockGraphs":[],"customGraphs":[],"default":{"data":{"Article":[],"Course":[],"Dataset":[],"FAQPage":[],"Movie":[],"Person":[],"Product":[],"ProductReview":[],"Car":[],"Recipe":[],"Service":[],"SoftwareApplication":[],"WebPage":[]},"graphName":"","isEnabled":true},"graphs":[]},"schema_type":null,"schema_type_options":null,"pillar_content":false,"robots_default":true,"robots_noindex":false,"robots_noarchive":false,"robots_nosnippet":false,"robots_nofollow":false,"robots_noimageindex":false,"robots_noodp":false,"robots_notranslate":false,"robots_max_snippet":null,"robots_max_videopreview":null,"robots_max_imagepreview":"large","priority":null,"frequency":null,"location":null,"local_seo":null,"seo_analyzer_scan_date":"2025-08-24 12:00:24","breadcrumb_settings":null,"limit_modified_date":false,"reviewed_by":null,"open_ai":null,"ai":null,"created":"2020-12-21 12:56:45","updated":"2025-08-24 12:00:24"},"aioseo_breadcrumb":"<div class=\"aioseo-breadcrumbs\"><span class=\"aioseo-breadcrumb\">\n\t<a href=\"https:\/\/candas365.es\/noticias\" title=\"Home\">Home<\/a>\n<\/span><span class=\"aioseo-breadcrumb-separator\">&ndash;<\/span><span class=\"aioseo-breadcrumb\">\n\t<a href=\"https:\/\/candas365.es\/noticias\/category\/actualidad\/\" title=\"Actualidad\">Actualidad<\/a>\n<\/span><span class=\"aioseo-breadcrumb-separator\">&ndash;<\/span><span class=\"aioseo-breadcrumb\">\n\tL\u00f6w pide a Alemania esp\u00edritu de lucha y sacrificio\n<\/span><\/div>","aioseo_breadcrumb_json":[{"label":"Home","link":"https:\/\/candas365.es\/noticias"},{"label":"Actualidad","link":"https:\/\/candas365.es\/noticias\/category\/actualidad\/"},{"label":"L\u00f6w pide a Alemania esp\u00edritu de lucha y sacrificio","link":"https:\/\/candas365.es\/noticias\/low-pide-a-alemania-espiritu-de-lucha-y-sacrificio\/"}],"_links":{"self":[{"href":"https:\/\/candas365.es\/noticias\/wp-json\/wp\/v2\/posts\/30033","targetHints":{"allow":["GET"]}}],"collection":[{"href":"https:\/\/candas365.es\/noticias\/wp-json\/wp\/v2\/posts"}],"about":[{"href":"https:\/\/candas365.es\/noticias\/wp-json\/wp\/v2\/types\/post"}],"author":[{"embeddable":true,"href":"https:\/\/candas365.es\/noticias\/wp-json\/wp\/v2\/users\/1"}],"replies":[{"embeddable":true,"href":"https:\/\/candas365.es\/noticias\/wp-json\/wp\/v2\/comments?post=30033"}],"version-history":[{"count":0,"href":"https:\/\/candas365.es\/noticias\/wp-json\/wp\/v2\/posts\/30033\/revisions"}],"wp:featuredmedia":[{"embeddable":true,"href":"https:\/\/candas365.es\/noticias\/wp-json\/wp\/v2\/media\/29884"}],"wp:attachment":[{"href":"https:\/\/candas365.es\/noticias\/wp-json\/wp\/v2\/media?parent=30033"}],"wp:term":[{"taxonomy":"category","embeddable":true,"href":"https:\/\/candas365.es\/noticias\/wp-json\/wp\/v2\/categories?post=30033"},{"taxonomy":"post_tag","embeddable":true,"href":"https:\/\/candas365.es\/noticias\/wp-json\/wp\/v2\/tags?post=30033"}],"curies":[{"name":"wp","href":"https:\/\/api.w.org\/{rel}","templated":true}]}}