{"id":30029,"date":"2016-06-12T11:40:00","date_gmt":"2016-06-12T10:10:00","guid":{"rendered":"http:\/\/candas365.es\/noticias\/?p=30029"},"modified":"2016-06-12T11:40:00","modified_gmt":"2016-06-12T10:10:00","slug":"del-potro-y-federer-avanzan-a-semifinales-de-stuttgart","status":"publish","type":"post","link":"https:\/\/candas365.es\/noticias\/del-potro-y-federer-avanzan-a-semifinales-de-stuttgart\/","title":{"rendered":"Del Potro y Federer avanzan a semifinales de Stuttgart"},"content":{"rendered":"<p>(dpa) &#8211; El argentino Juan Mart\u00edn del Potro y el suizo Roger Federer avanzaron ayer a semifinales del torneo de tenis de Stuttgart al imponerse en sus respectivos duelos de cuartos.<\/p>\n<p>Federer venci\u00f3 en un duro partido al alem\u00e1n Florian Mayer por 7-6 (7-2) y 7-6 (7-1), mientras que Del Potro derrot\u00f3 al franc\u00e9s Gilles Simon por 6-7 (3-7), 6-4 y 6-0.<\/p>\n<p>El argentino, que est\u00e1 inmerso en una temporada de regreso tras pasar muchos meses fuera del circuito por lesi\u00f3n, se citar\u00e1 en semifinales con el alem\u00e1n Philipp Kohlschreiber, que se impuso al checo Radek Stepanek por 6-4 y 7-5.<\/p>\n<p>Federer, de 34 a\u00f1os y campe\u00f3n de 17 Grand Slam, se medir\u00e1 el s\u00e1bado por un lugar en la final del certamen sobre c\u00e9sped con el austriaco Dominic Thiem, que gan\u00f3 al ruso Mijail Youzhny por 6-3, 6-4 y 7-5. <\/p>\n<p>\u00abMe sent\u00ed mejor. Sent\u00ed que estaba jugando m\u00e1s arriba y abajo de la pista, llegando a la red y viendo las cosas un poco mejor\u00bb, explic\u00f3 el suizo despu\u00e9s del encuentro. <\/p>\n<p>\u00abMi servicio fue m\u00e1s consistente y preciso y jugu\u00e9 dos buenos tiebreaks. Estoy muy satisfecho. Esto supone un progreso desde el \u00faltimo partido\u00bb, agreg\u00f3. <\/p>\n<p>El tenista suizo contin\u00faa as\u00ed firme en su objetivo de alzarse con el t\u00edtulo que significar\u00eda un empuj\u00f3n de cara a Wimbledon y los Juegos Ol\u00edmpicos en agosto en R\u00edo de Janeiro.<\/p>\n<p>Federer est\u00e1 jugando en Stuttgart su primer torneo desde que cay\u00f3 ante Thiem en la arcilla de Roma hace un mes aquejado por dolores en la espalda. Luego renunci\u00f3 a Roland Garros por sus problemas f\u00edsicos.<\/p>\n<p>El suizo, que no gan\u00f3 a\u00fan ning\u00fan torneo en una temporada marcada por las lesiones como nunca antes en su carrera, est\u00e1 disputando por primera vez el torneo de Stuttgart, que se juega hasta el domingo.<\/p>\n","protected":false},"excerpt":{"rendered":"<p>(dpa) &#8211; El argentino Juan Mart\u00edn del Potro y el suizo Roger Federer avanzaron ayer a semifinales del torneo de tenis de Stuttgart al imponerse en sus respectivos duelos de cuartos. Federer venci\u00f3 en un duro partido al alem\u00e1n Florian Mayer por 7-6 (7-2) y 7-6 (7-1), mientras que Del Potro derrot\u00f3 al franc\u00e9s Gilles<\/p>\n","protected":false},"author":1,"featured_media":16457,"comment_status":"closed","ping_status":"closed","sticky":false,"template":"","format":"standard","meta":{"footnotes":""},"categories":[343],"tags":[],"class_list":{"0":"post-30029","1":"post","2":"type-post","3":"status-publish","4":"format-standard","5":"has-post-thumbnail","7":"category-actualidad"},"aioseo_notices":[],"aioseo_head":"\n\t\t<!-- All in One SEO Pro 4.9.6.2 - aioseo.com -->\n\t<meta name=\"description\" content=\"(dpa) - El argentino Juan Mart\u00edn del Potro y el suizo Roger Federer avanzaron ayer a semifinales del torneo de tenis de Stuttgart al imponerse en sus respectivos duelos de cuartos. Federer venci\u00f3 en un duro partido al alem\u00e1n Florian Mayer por 7-6 (7-2) y 7-6 (7-1), mientras que Del Potro derrot\u00f3 al franc\u00e9s Gilles\" \/>\n\t<meta name=\"robots\" content=\"max-image-preview:large\" \/>\n\t<meta name=\"author\" content=\"Cand\u00e1s 365\"\/>\n\t<meta name=\"google-site-verification\" content=\"UA-32230408-1\" \/>\n\t<meta name=\"msvalidate.01\" content=\"354F3CDFB2DA171B47FBE9ABF1F88D5\" \/>\n\t<meta name=\"keywords\" content=\"actualidad\" \/>\n\t<link rel=\"canonical\" href=\"https:\/\/candas365.es\/noticias\/del-potro-y-federer-avanzan-a-semifinales-de-stuttgart\/\" \/>\n\t<meta name=\"generator\" content=\"All in One SEO Pro (AIOSEO) 4.9.6.2\" \/>\n\t\t<meta property=\"og:locale\" content=\"es_ES\" \/>\n\t\t<meta property=\"og:site_name\" content=\"Cand\u00e1s 365\" \/>\n\t\t<meta property=\"og:type\" content=\"article\" \/>\n\t\t<meta property=\"og:title\" content=\"Del Potro y Federer avanzan a semifinales de Stuttgart | Cand\u00e1s 365\" \/>\n\t\t<meta property=\"og:description\" content=\"(dpa) - El argentino Juan Mart\u00edn del Potro y el suizo Roger Federer avanzaron ayer a semifinales del torneo de tenis de Stuttgart al imponerse en sus respectivos duelos de cuartos. Federer venci\u00f3 en un duro partido al alem\u00e1n Florian Mayer por 7-6 (7-2) y 7-6 (7-1), mientras que Del Potro derrot\u00f3 al franc\u00e9s Gilles\" \/>\n\t\t<meta property=\"og:url\" content=\"https:\/\/candas365.es\/noticias\/del-potro-y-federer-avanzan-a-semifinales-de-stuttgart\/\" \/>\n\t\t<meta property=\"og:image\" content=\"https:\/\/candas365.es\/noticias\/wp-content\/uploads\/2015\/09\/c365noticias.jpg\" \/>\n\t\t<meta property=\"og:image:secure_url\" content=\"https:\/\/candas365.es\/noticias\/wp-content\/uploads\/2015\/09\/c365noticias.jpg\" \/>\n\t\t<meta property=\"og:image:width\" content=\"655\" \/>\n\t\t<meta property=\"og:image:height\" content=\"360\" \/>\n\t\t<meta property=\"article:published_time\" content=\"2016-06-12T10:10:00+00:00\" \/>\n\t\t<meta property=\"article:modified_time\" content=\"2016-06-12T10:10:00+00:00\" \/>\n\t\t<meta property=\"article:publisher\" content=\"https:\/\/www.facebook.com\/Nachofdezber\" \/>\n\t\t<meta property=\"article:author\" content=\"https:\/\/www.facebook.com\/carrenoactualidad\" \/>\n\t\t<meta name=\"twitter:card\" content=\"summary_large_image\" \/>\n\t\t<meta name=\"twitter:site\" content=\"@NabercoDigital\" \/>\n\t\t<meta name=\"twitter:title\" content=\"Del Potro y Federer avanzan a semifinales de Stuttgart | Cand\u00e1s 365\" \/>\n\t\t<meta name=\"twitter:description\" content=\"(dpa) - El argentino Juan Mart\u00edn del Potro y el suizo Roger Federer avanzaron ayer a semifinales del torneo de tenis de Stuttgart al imponerse en sus respectivos duelos de cuartos. Federer venci\u00f3 en un duro partido al alem\u00e1n Florian Mayer por 7-6 (7-2) y 7-6 (7-1), mientras que Del Potro derrot\u00f3 al franc\u00e9s Gilles\" \/>\n\t\t<meta name=\"twitter:creator\" content=\"@nbasturias\" \/>\n\t\t<meta name=\"twitter:image\" content=\"https:\/\/candas365.es\/noticias\/wp-content\/uploads\/2015\/09\/c365noticias.jpg\" \/>\n\t\t<meta name=\"twitter:label1\" content=\"Escrito por\" \/>\n\t\t<meta name=\"twitter:data1\" content=\"Cand\u00e1s 365\" \/>\n\t\t<meta name=\"twitter:label2\" content=\"Tiempo de lectura estimado\" \/>\n\t\t<meta name=\"twitter:data2\" content=\"2 minutos\" \/>\n\t\t<script type=\"application\/ld+json\" class=\"aioseo-schema\">\n\t\t\t{\"@context\":\"https:\\\/\\\/schema.org\",\"@graph\":[{\"@type\":\"BreadcrumbList\",\"@id\":\"https:\\\/\\\/candas365.es\\\/noticias\\\/del-potro-y-federer-avanzan-a-semifinales-de-stuttgart\\\/#breadcrumblist\",\"itemListElement\":[{\"@type\":\"ListItem\",\"@id\":\"https:\\\/\\\/candas365.es\\\/noticias#listItem\",\"position\":1,\"name\":\"Home\",\"item\":\"https:\\\/\\\/candas365.es\\\/noticias\",\"nextItem\":{\"@type\":\"ListItem\",\"@id\":\"https:\\\/\\\/candas365.es\\\/noticias\\\/category\\\/actualidad\\\/#listItem\",\"name\":\"Actualidad\"}},{\"@type\":\"ListItem\",\"@id\":\"https:\\\/\\\/candas365.es\\\/noticias\\\/category\\\/actualidad\\\/#listItem\",\"position\":2,\"name\":\"Actualidad\",\"item\":\"https:\\\/\\\/candas365.es\\\/noticias\\\/category\\\/actualidad\\\/\",\"nextItem\":{\"@type\":\"ListItem\",\"@id\":\"https:\\\/\\\/candas365.es\\\/noticias\\\/del-potro-y-federer-avanzan-a-semifinales-de-stuttgart\\\/#listItem\",\"name\":\"Del Potro y Federer avanzan a semifinales de Stuttgart\"},\"previousItem\":{\"@type\":\"ListItem\",\"@id\":\"https:\\\/\\\/candas365.es\\\/noticias#listItem\",\"name\":\"Home\"}},{\"@type\":\"ListItem\",\"@id\":\"https:\\\/\\\/candas365.es\\\/noticias\\\/del-potro-y-federer-avanzan-a-semifinales-de-stuttgart\\\/#listItem\",\"position\":3,\"name\":\"Del Potro y Federer avanzan a semifinales de Stuttgart\",\"previousItem\":{\"@type\":\"ListItem\",\"@id\":\"https:\\\/\\\/candas365.es\\\/noticias\\\/category\\\/actualidad\\\/#listItem\",\"name\":\"Actualidad\"}}]},{\"@type\":\"NewsArticle\",\"@id\":\"https:\\\/\\\/candas365.es\\\/noticias\\\/del-potro-y-federer-avanzan-a-semifinales-de-stuttgart\\\/#newsarticle\",\"name\":\"Del Potro y Federer avanzan a semifinales de Stuttgart | Cand\\u00e1s 365\",\"headline\":\"Del Potro y Federer avanzan a semifinales de Stuttgart\",\"author\":{\"@id\":\"https:\\\/\\\/candas365.es\\\/noticias\\\/author\\\/admin\\\/#author\"},\"publisher\":{\"@id\":\"https:\\\/\\\/candas365.es\\\/noticias\\\/#organization\"},\"image\":{\"@type\":\"ImageObject\",\"url\":\"https:\\\/\\\/candas365.es\\\/noticias\\\/wp-content\\\/uploads\\\/2015\\\/09\\\/c365noticias.jpg\",\"width\":655,\"height\":360},\"datePublished\":\"2016-06-12T11:40:00+02:00\",\"dateModified\":\"2016-06-12T11:40:00+02:00\",\"inLanguage\":\"es-ES\",\"mainEntityOfPage\":{\"@id\":\"https:\\\/\\\/candas365.es\\\/noticias\\\/del-potro-y-federer-avanzan-a-semifinales-de-stuttgart\\\/#webpage\"},\"isPartOf\":{\"@id\":\"https:\\\/\\\/candas365.es\\\/noticias\\\/del-potro-y-federer-avanzan-a-semifinales-de-stuttgart\\\/#webpage\"},\"articleSection\":\"Actualidad\",\"dateline\":\"Publicado el junio 12, 2016.\"},{\"@type\":\"Organization\",\"@id\":\"https:\\\/\\\/candas365.es\\\/noticias\\\/#organization\",\"name\":\"Cand\\u00e1s 365\",\"description\":\"Cand\\u00e1s 365 es un diario digital independiente, fundado en 2012, con base en Asturias. Informamos con rigor sobre actualidad, sociedad, cultura y ocio, con una mirada local y global.\",\"url\":\"https:\\\/\\\/candas365.es\\\/noticias\\\/\",\"email\":\"info@candas365.es\",\"telephone\":\"+34652131393\",\"foundingDate\":\"2012-06-10\",\"logo\":{\"@type\":\"ImageObject\",\"url\":\"https:\\\/\\\/candas365.es\\\/noticias\\\/wp-content\\\/uploads\\\/2024\\\/09\\\/Candas-365-Redes.jpg\",\"@id\":\"https:\\\/\\\/candas365.es\\\/noticias\\\/del-potro-y-federer-avanzan-a-semifinales-de-stuttgart\\\/#organizationLogo\",\"width\":1152,\"height\":864,\"caption\":\"Cand\\u00e1s 365 Redes\"},\"image\":{\"@id\":\"https:\\\/\\\/candas365.es\\\/noticias\\\/del-potro-y-federer-avanzan-a-semifinales-de-stuttgart\\\/#organizationLogo\"},\"sameAs\":[\"https:\\\/\\\/www.facebook.com\\\/Nachofdezber\",\"https:\\\/\\\/x.com\\\/NabercoDigital\",\"https:\\\/\\\/www.instagram.com\\\/nachofdezber\\\/\",\"https:\\\/\\\/www.youtube.com\\\/channel\\\/UCZP-2wLEB9Rv6erhFmqVnvg\"],\"address\":{\"@id\":\"https:\\\/\\\/candas365.es\\\/noticias\\\/#postaladdress\",\"@type\":\"PostalAddress\",\"streetAddress\":\"san antonio 4, san antonio 4\",\"postalCode\":\"33430\",\"addressLocality\":\"Cand\\u00e1s\",\"addressRegion\":\"Asturias\",\"addressCountry\":\"ES\"}},{\"@type\":\"Person\",\"@id\":\"https:\\\/\\\/candas365.es\\\/noticias\\\/author\\\/admin\\\/#author\",\"url\":\"https:\\\/\\\/candas365.es\\\/noticias\\\/author\\\/admin\\\/\",\"name\":\"Cand\\u00e1s 365\",\"image\":{\"@type\":\"ImageObject\",\"@id\":\"https:\\\/\\\/candas365.es\\\/noticias\\\/del-potro-y-federer-avanzan-a-semifinales-de-stuttgart\\\/#authorImage\",\"url\":\"https:\\\/\\\/secure.gravatar.com\\\/avatar\\\/496a8e03d0c493ede1718b7934145dbdf8d89be1036b0eec9544e1094c9de390?s=96&d=mm&r=g\",\"width\":96,\"height\":96,\"caption\":\"Cand\\u00e1s 365\"},\"sameAs\":[\"https:\\\/\\\/www.facebook.com\\\/carrenoactualidad\",\"https:\\\/\\\/twitter.com\\\/nbasturias\",\"https:\\\/\\\/www.instagram.com\\\/nachofdezber\\\/\",\"https:\\\/\\\/www.youtube.com\\\/channel\\\/UCZP-2wLEB9Rv6erhFmqVnvg\"]},{\"@type\":\"WebPage\",\"@id\":\"https:\\\/\\\/candas365.es\\\/noticias\\\/del-potro-y-federer-avanzan-a-semifinales-de-stuttgart\\\/#webpage\",\"url\":\"https:\\\/\\\/candas365.es\\\/noticias\\\/del-potro-y-federer-avanzan-a-semifinales-de-stuttgart\\\/\",\"name\":\"Del Potro y Federer avanzan a semifinales de Stuttgart | Cand\\u00e1s 365\",\"description\":\"(dpa) - El argentino Juan Mart\\u00edn del Potro y el suizo Roger Federer avanzaron ayer a semifinales del torneo de tenis de Stuttgart al imponerse en sus respectivos duelos de cuartos. Federer venci\\u00f3 en un duro partido al alem\\u00e1n Florian Mayer por 7-6 (7-2) y 7-6 (7-1), mientras que Del Potro derrot\\u00f3 al franc\\u00e9s Gilles\",\"inLanguage\":\"es-ES\",\"isPartOf\":{\"@id\":\"https:\\\/\\\/candas365.es\\\/noticias\\\/#website\"},\"breadcrumb\":{\"@id\":\"https:\\\/\\\/candas365.es\\\/noticias\\\/del-potro-y-federer-avanzan-a-semifinales-de-stuttgart\\\/#breadcrumblist\"},\"author\":{\"@id\":\"https:\\\/\\\/candas365.es\\\/noticias\\\/author\\\/admin\\\/#author\"},\"creator\":{\"@id\":\"https:\\\/\\\/candas365.es\\\/noticias\\\/author\\\/admin\\\/#author\"},\"image\":{\"@type\":\"ImageObject\",\"url\":\"https:\\\/\\\/candas365.es\\\/noticias\\\/wp-content\\\/uploads\\\/2015\\\/09\\\/c365noticias.jpg\",\"@id\":\"https:\\\/\\\/candas365.es\\\/noticias\\\/del-potro-y-federer-avanzan-a-semifinales-de-stuttgart\\\/#mainImage\",\"width\":655,\"height\":360},\"primaryImageOfPage\":{\"@id\":\"https:\\\/\\\/candas365.es\\\/noticias\\\/del-potro-y-federer-avanzan-a-semifinales-de-stuttgart\\\/#mainImage\"},\"datePublished\":\"2016-06-12T11:40:00+02:00\",\"dateModified\":\"2016-06-12T11:40:00+02:00\"},{\"@type\":\"WebSite\",\"@id\":\"https:\\\/\\\/candas365.es\\\/noticias\\\/#website\",\"url\":\"https:\\\/\\\/candas365.es\\\/noticias\\\/\",\"name\":\"Cand\\u00e1s 365\",\"alternateName\":\"Cand\\u00e1s 365 Noticias\",\"description\":\"Actualidad desde Carre\\u00f1o para el mundo\",\"inLanguage\":\"es-ES\",\"publisher\":{\"@id\":\"https:\\\/\\\/candas365.es\\\/noticias\\\/#organization\"}}]}\n\t\t<\/script>\n\t\t<!-- All in One SEO Pro -->\r\n\t\t<title>Del Potro y Federer avanzan a semifinales de Stuttgart | Cand\u00e1s 365<\/title>\n\n","aioseo_head_json":{"title":"Del Potro y Federer avanzan a semifinales de Stuttgart | Cand\u00e1s 365","description":"(dpa) - El argentino Juan Mart\u00edn del Potro y el suizo Roger Federer avanzaron ayer a semifinales del torneo de tenis de Stuttgart al imponerse en sus respectivos duelos de cuartos. Federer venci\u00f3 en un duro partido al alem\u00e1n Florian Mayer por 7-6 (7-2) y 7-6 (7-1), mientras que Del Potro derrot\u00f3 al franc\u00e9s Gilles","canonical_url":"https:\/\/candas365.es\/noticias\/del-potro-y-federer-avanzan-a-semifinales-de-stuttgart\/","robots":"max-image-preview:large","keywords":"actualidad","webmasterTools":{"google-site-verification":"UA-32230408-1","msvalidate.01":"354F3CDFB2DA171B47FBE9ABF1F88D5","miscellaneous":""},"schema":{"@context":"https:\/\/schema.org","@graph":[{"@type":"BreadcrumbList","@id":"https:\/\/candas365.es\/noticias\/del-potro-y-federer-avanzan-a-semifinales-de-stuttgart\/#breadcrumblist","itemListElement":[{"@type":"ListItem","@id":"https:\/\/candas365.es\/noticias#listItem","position":1,"name":"Home","item":"https:\/\/candas365.es\/noticias","nextItem":{"@type":"ListItem","@id":"https:\/\/candas365.es\/noticias\/category\/actualidad\/#listItem","name":"Actualidad"}},{"@type":"ListItem","@id":"https:\/\/candas365.es\/noticias\/category\/actualidad\/#listItem","position":2,"name":"Actualidad","item":"https:\/\/candas365.es\/noticias\/category\/actualidad\/","nextItem":{"@type":"ListItem","@id":"https:\/\/candas365.es\/noticias\/del-potro-y-federer-avanzan-a-semifinales-de-stuttgart\/#listItem","name":"Del Potro y Federer avanzan a semifinales de Stuttgart"},"previousItem":{"@type":"ListItem","@id":"https:\/\/candas365.es\/noticias#listItem","name":"Home"}},{"@type":"ListItem","@id":"https:\/\/candas365.es\/noticias\/del-potro-y-federer-avanzan-a-semifinales-de-stuttgart\/#listItem","position":3,"name":"Del Potro y Federer avanzan a semifinales de Stuttgart","previousItem":{"@type":"ListItem","@id":"https:\/\/candas365.es\/noticias\/category\/actualidad\/#listItem","name":"Actualidad"}}]},{"@type":"NewsArticle","@id":"https:\/\/candas365.es\/noticias\/del-potro-y-federer-avanzan-a-semifinales-de-stuttgart\/#newsarticle","name":"Del Potro y Federer avanzan a semifinales de Stuttgart | Cand\u00e1s 365","headline":"Del Potro y Federer avanzan a semifinales de Stuttgart","author":{"@id":"https:\/\/candas365.es\/noticias\/author\/admin\/#author"},"publisher":{"@id":"https:\/\/candas365.es\/noticias\/#organization"},"image":{"@type":"ImageObject","url":"https:\/\/candas365.es\/noticias\/wp-content\/uploads\/2015\/09\/c365noticias.jpg","width":655,"height":360},"datePublished":"2016-06-12T11:40:00+02:00","dateModified":"2016-06-12T11:40:00+02:00","inLanguage":"es-ES","mainEntityOfPage":{"@id":"https:\/\/candas365.es\/noticias\/del-potro-y-federer-avanzan-a-semifinales-de-stuttgart\/#webpage"},"isPartOf":{"@id":"https:\/\/candas365.es\/noticias\/del-potro-y-federer-avanzan-a-semifinales-de-stuttgart\/#webpage"},"articleSection":"Actualidad","dateline":"Publicado el junio 12, 2016."},{"@type":"Organization","@id":"https:\/\/candas365.es\/noticias\/#organization","name":"Cand\u00e1s 365","description":"Cand\u00e1s 365 es un diario digital independiente, fundado en 2012, con base en Asturias. Informamos con rigor sobre actualidad, sociedad, cultura y ocio, con una mirada local y global.","url":"https:\/\/candas365.es\/noticias\/","email":"info@candas365.es","telephone":"+34652131393","foundingDate":"2012-06-10","logo":{"@type":"ImageObject","url":"https:\/\/candas365.es\/noticias\/wp-content\/uploads\/2024\/09\/Candas-365-Redes.jpg","@id":"https:\/\/candas365.es\/noticias\/del-potro-y-federer-avanzan-a-semifinales-de-stuttgart\/#organizationLogo","width":1152,"height":864,"caption":"Cand\u00e1s 365 Redes"},"image":{"@id":"https:\/\/candas365.es\/noticias\/del-potro-y-federer-avanzan-a-semifinales-de-stuttgart\/#organizationLogo"},"sameAs":["https:\/\/www.facebook.com\/Nachofdezber","https:\/\/x.com\/NabercoDigital","https:\/\/www.instagram.com\/nachofdezber\/","https:\/\/www.youtube.com\/channel\/UCZP-2wLEB9Rv6erhFmqVnvg"],"address":{"@id":"https:\/\/candas365.es\/noticias\/#postaladdress","@type":"PostalAddress","streetAddress":"san antonio 4, san antonio 4","postalCode":"33430","addressLocality":"Cand\u00e1s","addressRegion":"Asturias","addressCountry":"ES"}},{"@type":"Person","@id":"https:\/\/candas365.es\/noticias\/author\/admin\/#author","url":"https:\/\/candas365.es\/noticias\/author\/admin\/","name":"Cand\u00e1s 365","image":{"@type":"ImageObject","@id":"https:\/\/candas365.es\/noticias\/del-potro-y-federer-avanzan-a-semifinales-de-stuttgart\/#authorImage","url":"https:\/\/secure.gravatar.com\/avatar\/496a8e03d0c493ede1718b7934145dbdf8d89be1036b0eec9544e1094c9de390?s=96&d=mm&r=g","width":96,"height":96,"caption":"Cand\u00e1s 365"},"sameAs":["https:\/\/www.facebook.com\/carrenoactualidad","https:\/\/twitter.com\/nbasturias","https:\/\/www.instagram.com\/nachofdezber\/","https:\/\/www.youtube.com\/channel\/UCZP-2wLEB9Rv6erhFmqVnvg"]},{"@type":"WebPage","@id":"https:\/\/candas365.es\/noticias\/del-potro-y-federer-avanzan-a-semifinales-de-stuttgart\/#webpage","url":"https:\/\/candas365.es\/noticias\/del-potro-y-federer-avanzan-a-semifinales-de-stuttgart\/","name":"Del Potro y Federer avanzan a semifinales de Stuttgart | Cand\u00e1s 365","description":"(dpa) - El argentino Juan Mart\u00edn del Potro y el suizo Roger Federer avanzaron ayer a semifinales del torneo de tenis de Stuttgart al imponerse en sus respectivos duelos de cuartos. Federer venci\u00f3 en un duro partido al alem\u00e1n Florian Mayer por 7-6 (7-2) y 7-6 (7-1), mientras que Del Potro derrot\u00f3 al franc\u00e9s Gilles","inLanguage":"es-ES","isPartOf":{"@id":"https:\/\/candas365.es\/noticias\/#website"},"breadcrumb":{"@id":"https:\/\/candas365.es\/noticias\/del-potro-y-federer-avanzan-a-semifinales-de-stuttgart\/#breadcrumblist"},"author":{"@id":"https:\/\/candas365.es\/noticias\/author\/admin\/#author"},"creator":{"@id":"https:\/\/candas365.es\/noticias\/author\/admin\/#author"},"image":{"@type":"ImageObject","url":"https:\/\/candas365.es\/noticias\/wp-content\/uploads\/2015\/09\/c365noticias.jpg","@id":"https:\/\/candas365.es\/noticias\/del-potro-y-federer-avanzan-a-semifinales-de-stuttgart\/#mainImage","width":655,"height":360},"primaryImageOfPage":{"@id":"https:\/\/candas365.es\/noticias\/del-potro-y-federer-avanzan-a-semifinales-de-stuttgart\/#mainImage"},"datePublished":"2016-06-12T11:40:00+02:00","dateModified":"2016-06-12T11:40:00+02:00"},{"@type":"WebSite","@id":"https:\/\/candas365.es\/noticias\/#website","url":"https:\/\/candas365.es\/noticias\/","name":"Cand\u00e1s 365","alternateName":"Cand\u00e1s 365 Noticias","description":"Actualidad desde Carre\u00f1o para el mundo","inLanguage":"es-ES","publisher":{"@id":"https:\/\/candas365.es\/noticias\/#organization"}}]},"og:locale":"es_ES","og:site_name":"Cand\u00e1s 365","og:type":"article","og:title":"Del Potro y Federer avanzan a semifinales de Stuttgart | Cand\u00e1s 365","og:description":"(dpa) - El argentino Juan Mart\u00edn del Potro y el suizo Roger Federer avanzaron ayer a semifinales del torneo de tenis de Stuttgart al imponerse en sus respectivos duelos de cuartos. Federer venci\u00f3 en un duro partido al alem\u00e1n Florian Mayer por 7-6 (7-2) y 7-6 (7-1), mientras que Del Potro derrot\u00f3 al franc\u00e9s Gilles","og:url":"https:\/\/candas365.es\/noticias\/del-potro-y-federer-avanzan-a-semifinales-de-stuttgart\/","og:image":"https:\/\/candas365.es\/noticias\/wp-content\/uploads\/2015\/09\/c365noticias.jpg","og:image:secure_url":"https:\/\/candas365.es\/noticias\/wp-content\/uploads\/2015\/09\/c365noticias.jpg","og:image:width":655,"og:image:height":360,"article:published_time":"2016-06-12T10:10:00+00:00","article:modified_time":"2016-06-12T10:10:00+00:00","article:publisher":"https:\/\/www.facebook.com\/Nachofdezber","article:author":"https:\/\/www.facebook.com\/carrenoactualidad","twitter:card":"summary_large_image","twitter:site":"@NabercoDigital","twitter:title":"Del Potro y Federer avanzan a semifinales de Stuttgart | Cand\u00e1s 365","twitter:description":"(dpa) - El argentino Juan Mart\u00edn del Potro y el suizo Roger Federer avanzaron ayer a semifinales del torneo de tenis de Stuttgart al imponerse en sus respectivos duelos de cuartos. Federer venci\u00f3 en un duro partido al alem\u00e1n Florian Mayer por 7-6 (7-2) y 7-6 (7-1), mientras que Del Potro derrot\u00f3 al franc\u00e9s Gilles","twitter:creator":"@nbasturias","twitter:image":"https:\/\/candas365.es\/noticias\/wp-content\/uploads\/2015\/09\/c365noticias.jpg","twitter:label1":"Escrito por","twitter:data1":"Cand\u00e1s 365","twitter:label2":"Tiempo de lectura estimado","twitter:data2":"2 minutos"},"aioseo_meta_data":{"post_id":"30029","title":null,"description":null,"keywords":null,"keyphrases":null,"primary_term":null,"canonical_url":null,"og_title":null,"og_description":null,"og_object_type":"default","og_image_type":"default","og_image_url":null,"og_image_width":null,"og_image_height":null,"og_image_custom_url":null,"og_image_custom_fields":null,"og_video":null,"og_custom_url":null,"og_article_section":null,"og_article_tags":null,"twitter_use_og":false,"twitter_card":"default","twitter_image_type":"default","twitter_image_url":null,"twitter_image_custom_url":null,"twitter_image_custom_fields":null,"twitter_title":null,"twitter_description":null,"schema":{"blockGraphs":[],"customGraphs":[],"default":{"data":{"Article":[],"Course":[],"Dataset":[],"FAQPage":[],"Movie":[],"Person":[],"Product":[],"ProductReview":[],"Car":[],"Recipe":[],"Service":[],"SoftwareApplication":[],"WebPage":[]},"graphName":"","isEnabled":true},"graphs":[],"defaultGraph":"","defaultPostTypeGraph":""},"schema_type":null,"schema_type_options":null,"pillar_content":false,"robots_default":true,"robots_noindex":false,"robots_noarchive":false,"robots_nosnippet":false,"robots_nofollow":false,"robots_noimageindex":false,"robots_noodp":false,"robots_notranslate":false,"robots_max_snippet":null,"robots_max_videopreview":null,"robots_max_imagepreview":"large","priority":null,"frequency":null,"location":null,"local_seo":null,"seo_analyzer_scan_date":"2025-08-24 12:00:20","breadcrumb_settings":null,"limit_modified_date":false,"reviewed_by":null,"open_ai":null,"ai":null,"created":"2020-12-21 12:56:45","updated":"2025-08-24 12:00:20"},"aioseo_breadcrumb":"<div class=\"aioseo-breadcrumbs\"><span class=\"aioseo-breadcrumb\">\n\t<a href=\"https:\/\/candas365.es\/noticias\" title=\"Home\">Home<\/a>\n<\/span><span class=\"aioseo-breadcrumb-separator\">&ndash;<\/span><span class=\"aioseo-breadcrumb\">\n\t<a href=\"https:\/\/candas365.es\/noticias\/category\/actualidad\/\" title=\"Actualidad\">Actualidad<\/a>\n<\/span><span class=\"aioseo-breadcrumb-separator\">&ndash;<\/span><span class=\"aioseo-breadcrumb\">\n\tDel Potro y Federer avanzan a semifinales de Stuttgart\n<\/span><\/div>","aioseo_breadcrumb_json":[{"label":"Home","link":"https:\/\/candas365.es\/noticias"},{"label":"Actualidad","link":"https:\/\/candas365.es\/noticias\/category\/actualidad\/"},{"label":"Del Potro y Federer avanzan a semifinales de Stuttgart","link":"https:\/\/candas365.es\/noticias\/del-potro-y-federer-avanzan-a-semifinales-de-stuttgart\/"}],"_links":{"self":[{"href":"https:\/\/candas365.es\/noticias\/wp-json\/wp\/v2\/posts\/30029","targetHints":{"allow":["GET"]}}],"collection":[{"href":"https:\/\/candas365.es\/noticias\/wp-json\/wp\/v2\/posts"}],"about":[{"href":"https:\/\/candas365.es\/noticias\/wp-json\/wp\/v2\/types\/post"}],"author":[{"embeddable":true,"href":"https:\/\/candas365.es\/noticias\/wp-json\/wp\/v2\/users\/1"}],"replies":[{"embeddable":true,"href":"https:\/\/candas365.es\/noticias\/wp-json\/wp\/v2\/comments?post=30029"}],"version-history":[{"count":0,"href":"https:\/\/candas365.es\/noticias\/wp-json\/wp\/v2\/posts\/30029\/revisions"}],"wp:featuredmedia":[{"embeddable":true,"href":"https:\/\/candas365.es\/noticias\/wp-json\/wp\/v2\/media\/16457"}],"wp:attachment":[{"href":"https:\/\/candas365.es\/noticias\/wp-json\/wp\/v2\/media?parent=30029"}],"wp:term":[{"taxonomy":"category","embeddable":true,"href":"https:\/\/candas365.es\/noticias\/wp-json\/wp\/v2\/categories?post=30029"},{"taxonomy":"post_tag","embeddable":true,"href":"https:\/\/candas365.es\/noticias\/wp-json\/wp\/v2\/tags?post=30029"}],"curies":[{"name":"wp","href":"https:\/\/api.w.org\/{rel}","templated":true}]}}