{"id":30027,"date":"2016-06-12T11:39:04","date_gmt":"2016-06-12T10:09:04","guid":{"rendered":"http:\/\/candas365.es\/noticias\/?p=30027"},"modified":"2016-06-12T11:39:04","modified_gmt":"2016-06-12T10:09:04","slug":"alemania-desaconseja-viajar-a-turquia-a-diputados-de-origen-turco","status":"publish","type":"post","link":"https:\/\/candas365.es\/noticias\/alemania-desaconseja-viajar-a-turquia-a-diputados-de-origen-turco\/","title":{"rendered":"Alemania desaconseja viajar a Turqu\u00eda a diputados de origen turco"},"content":{"rendered":"<p>Berl\u00edn, (dpa) &#8211; El Ministerio alem\u00e1n de Exteriores desaconsej\u00f3 viajar a Turqu\u00eda a los diputados de ascendencia turca que aprobaron la resoluci\u00f3n que declaraba genocidio la masacre sufrida por los armenios durante el Imperio otomano, seg\u00fan informa hoy el semanario alem\u00e1n \u00abDer Spiegel\u00bb.<\/p>\n<p>El Gobierno germano considera que la seguridad de los pol\u00edticos alemanes no est\u00e1 garantizada y les recomienda no viajar a ese pa\u00eds en los pr\u00f3ximos meses.<\/p>\n<p>Esta semana, el Jefe de Estado turco, Recep Tayyip Erdogan, calific\u00f3 a 11 diputados alemanes de brazo pol\u00edtico del proscrito partido separatista de los Trabajadores del Kurdist\u00e1n (PKK), por no haber votado contra la resoluci\u00f3n. <\/p>\n<p>Adem\u00e1s afirm\u00f3 que su sangre es impura y llam\u00f3 a Alemania a ocuparse de su propio pasado, especialmente del genocidio jud\u00edo. Los 11 diputados democristianos, socialdem\u00f3cratas, ecologistas y del partido de izquierda Die Linke recibieron masivas amenazas por Internet. <\/p>\n<p>\u00abEs atroz saber que ni siquiera se puede viajar ah\u00ed\u00bb, dijo a \u00abDer Spiegel\u00bb la delegada de Integraci\u00f3n del gobierno germano, Aydan \u00d6zoguz, de origen turco.<\/p>\n<p>\u00abPor supuesto que me pregunto qu\u00e9 pasar\u00e1 si alguien se vuelve loco y se toma la justicia por su mano\u00bb, agreg\u00f3 Cem \u00d6zdemir, copresidente de Los Verdes y uno de los impulsores de la resoluci\u00f3n del Bundestag.<\/p>\n<p>Seg\u00fan la misma publicaci\u00f3n, varios diputados ya han cancelado viajes de trabajo a Ankara o vacaciones de verano (boreal) a Turqu\u00eda. Uno de ellos incluso hizo que sus padres abandonaran la casa familiar en la que estaban pasando sus vacaciones y se trasladaran a un hotel m\u00e1s seguro en otra ciudad de Turqu\u00eda.<\/p>\n<p>El jueves, el Parlamento alem\u00e1n cerr\u00f3 filas y rechaz\u00f3 categ\u00f3ricamente las declaraciones de Erdogan. \u00abNunca pens\u00e9 que fuera posible que un presidente elegido democr\u00e1ticamente criticara en el siglo XXI a diputados del Parlamento alem\u00e1n elegidos democr\u00e1ticamente dudando de su ascendencia turca, llamando podrida a su sangre\u00bb, dijo Norbert Lammert, presidente del Bundestag.<\/p>\n<p>El Imperio otomano expuls\u00f3 y asesin\u00f3 a hasta 1,5 millones de armenios durante la Primera Guerra Mundial. Turqu\u00eda, sucesora del imperio, lament\u00f3 lo ocurrido, pero rechaz\u00f3 siempre denominarlo \u00abgenocidio\u00bb.<\/p>\n<p>Sin embargo, una veintena de Gobiernos, incluyendo los de Francia, Italia y Rusia, han designado oficialmente de \u00abgenocidio\u00bb las matanzas y el papa Francisco calific\u00f3 lo ocurrido a los armenios como \u00abel primer genocidio del siglo XX\u00bb.<\/p>\n","protected":false},"excerpt":{"rendered":"<p>Berl\u00edn, (dpa) &#8211; El Ministerio alem\u00e1n de Exteriores desaconsej\u00f3 viajar a Turqu\u00eda a los diputados de ascendencia turca que aprobaron la resoluci\u00f3n que declaraba genocidio la masacre sufrida por los armenios durante el Imperio otomano, seg\u00fan informa hoy el semanario alem\u00e1n \u00abDer Spiegel\u00bb. El Gobierno germano considera que la seguridad de los pol\u00edticos alemanes no<\/p>\n","protected":false},"author":1,"featured_media":16457,"comment_status":"closed","ping_status":"closed","sticky":false,"template":"","format":"standard","meta":{"footnotes":""},"categories":[343],"tags":[],"class_list":{"0":"post-30027","1":"post","2":"type-post","3":"status-publish","4":"format-standard","5":"has-post-thumbnail","7":"category-actualidad"},"aioseo_notices":[],"aioseo_head":"\n\t\t<!-- All in One SEO Pro 4.9.6.2 - aioseo.com -->\n\t<meta name=\"description\" content=\"Berl\u00edn, (dpa) - El Ministerio alem\u00e1n de Exteriores desaconsej\u00f3 viajar a Turqu\u00eda a los diputados de ascendencia turca que aprobaron la resoluci\u00f3n que declaraba genocidio la masacre sufrida por los armenios durante el Imperio otomano, seg\u00fan informa hoy el semanario alem\u00e1n &quot;Der Spiegel&quot;. El Gobierno germano considera que la seguridad de los pol\u00edticos alemanes no\" \/>\n\t<meta name=\"robots\" content=\"max-image-preview:large\" \/>\n\t<meta name=\"author\" content=\"Cand\u00e1s 365\"\/>\n\t<meta name=\"google-site-verification\" content=\"UA-32230408-1\" \/>\n\t<meta name=\"msvalidate.01\" content=\"354F3CDFB2DA171B47FBE9ABF1F88D5\" \/>\n\t<meta name=\"keywords\" content=\"actualidad\" \/>\n\t<link rel=\"canonical\" href=\"https:\/\/candas365.es\/noticias\/alemania-desaconseja-viajar-a-turquia-a-diputados-de-origen-turco\/\" \/>\n\t<meta name=\"generator\" content=\"All in One SEO Pro (AIOSEO) 4.9.6.2\" \/>\n\t\t<meta property=\"og:locale\" content=\"es_ES\" \/>\n\t\t<meta property=\"og:site_name\" content=\"Cand\u00e1s 365\" \/>\n\t\t<meta property=\"og:type\" content=\"article\" \/>\n\t\t<meta property=\"og:title\" content=\"Alemania desaconseja viajar a Turqu\u00eda a diputados de origen turco | Cand\u00e1s 365\" \/>\n\t\t<meta property=\"og:description\" content=\"Berl\u00edn, (dpa) - El Ministerio alem\u00e1n de Exteriores desaconsej\u00f3 viajar a Turqu\u00eda a los diputados de ascendencia turca que aprobaron la resoluci\u00f3n que declaraba genocidio la masacre sufrida por los armenios durante el Imperio otomano, seg\u00fan informa hoy el semanario alem\u00e1n &quot;Der Spiegel&quot;. El Gobierno germano considera que la seguridad de los pol\u00edticos alemanes no\" \/>\n\t\t<meta property=\"og:url\" content=\"https:\/\/candas365.es\/noticias\/alemania-desaconseja-viajar-a-turquia-a-diputados-de-origen-turco\/\" \/>\n\t\t<meta property=\"og:image\" content=\"https:\/\/candas365.es\/noticias\/wp-content\/uploads\/2015\/09\/c365noticias.jpg\" \/>\n\t\t<meta property=\"og:image:secure_url\" content=\"https:\/\/candas365.es\/noticias\/wp-content\/uploads\/2015\/09\/c365noticias.jpg\" \/>\n\t\t<meta property=\"og:image:width\" content=\"655\" \/>\n\t\t<meta property=\"og:image:height\" content=\"360\" \/>\n\t\t<meta property=\"article:published_time\" content=\"2016-06-12T10:09:04+00:00\" \/>\n\t\t<meta property=\"article:modified_time\" content=\"2016-06-12T10:09:04+00:00\" \/>\n\t\t<meta property=\"article:publisher\" content=\"https:\/\/www.facebook.com\/Nachofdezber\" \/>\n\t\t<meta property=\"article:author\" content=\"https:\/\/www.facebook.com\/carrenoactualidad\" \/>\n\t\t<meta name=\"twitter:card\" content=\"summary_large_image\" \/>\n\t\t<meta name=\"twitter:site\" content=\"@NabercoDigital\" \/>\n\t\t<meta name=\"twitter:title\" content=\"Alemania desaconseja viajar a Turqu\u00eda a diputados de origen turco | Cand\u00e1s 365\" \/>\n\t\t<meta name=\"twitter:description\" content=\"Berl\u00edn, (dpa) - El Ministerio alem\u00e1n de Exteriores desaconsej\u00f3 viajar a Turqu\u00eda a los diputados de ascendencia turca que aprobaron la resoluci\u00f3n que declaraba genocidio la masacre sufrida por los armenios durante el Imperio otomano, seg\u00fan informa hoy el semanario alem\u00e1n &quot;Der Spiegel&quot;. El Gobierno germano considera que la seguridad de los pol\u00edticos alemanes no\" \/>\n\t\t<meta name=\"twitter:creator\" content=\"@nbasturias\" \/>\n\t\t<meta name=\"twitter:image\" content=\"https:\/\/candas365.es\/noticias\/wp-content\/uploads\/2015\/09\/c365noticias.jpg\" \/>\n\t\t<meta name=\"twitter:label1\" content=\"Escrito por\" \/>\n\t\t<meta name=\"twitter:data1\" content=\"Cand\u00e1s 365\" \/>\n\t\t<meta name=\"twitter:label2\" content=\"Tiempo de lectura estimado\" \/>\n\t\t<meta name=\"twitter:data2\" content=\"2 minutos\" \/>\n\t\t<script type=\"application\/ld+json\" class=\"aioseo-schema\">\n\t\t\t{\"@context\":\"https:\\\/\\\/schema.org\",\"@graph\":[{\"@type\":\"BreadcrumbList\",\"@id\":\"https:\\\/\\\/candas365.es\\\/noticias\\\/alemania-desaconseja-viajar-a-turquia-a-diputados-de-origen-turco\\\/#breadcrumblist\",\"itemListElement\":[{\"@type\":\"ListItem\",\"@id\":\"https:\\\/\\\/candas365.es\\\/noticias#listItem\",\"position\":1,\"name\":\"Home\",\"item\":\"https:\\\/\\\/candas365.es\\\/noticias\",\"nextItem\":{\"@type\":\"ListItem\",\"@id\":\"https:\\\/\\\/candas365.es\\\/noticias\\\/category\\\/actualidad\\\/#listItem\",\"name\":\"Actualidad\"}},{\"@type\":\"ListItem\",\"@id\":\"https:\\\/\\\/candas365.es\\\/noticias\\\/category\\\/actualidad\\\/#listItem\",\"position\":2,\"name\":\"Actualidad\",\"item\":\"https:\\\/\\\/candas365.es\\\/noticias\\\/category\\\/actualidad\\\/\",\"nextItem\":{\"@type\":\"ListItem\",\"@id\":\"https:\\\/\\\/candas365.es\\\/noticias\\\/alemania-desaconseja-viajar-a-turquia-a-diputados-de-origen-turco\\\/#listItem\",\"name\":\"Alemania desaconseja viajar a Turqu\\u00eda a diputados de origen turco\"},\"previousItem\":{\"@type\":\"ListItem\",\"@id\":\"https:\\\/\\\/candas365.es\\\/noticias#listItem\",\"name\":\"Home\"}},{\"@type\":\"ListItem\",\"@id\":\"https:\\\/\\\/candas365.es\\\/noticias\\\/alemania-desaconseja-viajar-a-turquia-a-diputados-de-origen-turco\\\/#listItem\",\"position\":3,\"name\":\"Alemania desaconseja viajar a Turqu\\u00eda a diputados de origen turco\",\"previousItem\":{\"@type\":\"ListItem\",\"@id\":\"https:\\\/\\\/candas365.es\\\/noticias\\\/category\\\/actualidad\\\/#listItem\",\"name\":\"Actualidad\"}}]},{\"@type\":\"NewsArticle\",\"@id\":\"https:\\\/\\\/candas365.es\\\/noticias\\\/alemania-desaconseja-viajar-a-turquia-a-diputados-de-origen-turco\\\/#newsarticle\",\"name\":\"Alemania desaconseja viajar a Turqu\\u00eda a diputados de origen turco | Cand\\u00e1s 365\",\"headline\":\"Alemania desaconseja viajar a Turqu\\u00eda a diputados de origen turco\",\"author\":{\"@id\":\"https:\\\/\\\/candas365.es\\\/noticias\\\/author\\\/admin\\\/#author\"},\"publisher\":{\"@id\":\"https:\\\/\\\/candas365.es\\\/noticias\\\/#organization\"},\"image\":{\"@type\":\"ImageObject\",\"url\":\"https:\\\/\\\/candas365.es\\\/noticias\\\/wp-content\\\/uploads\\\/2015\\\/09\\\/c365noticias.jpg\",\"width\":655,\"height\":360},\"datePublished\":\"2016-06-12T11:39:04+02:00\",\"dateModified\":\"2016-06-12T11:39:04+02:00\",\"inLanguage\":\"es-ES\",\"mainEntityOfPage\":{\"@id\":\"https:\\\/\\\/candas365.es\\\/noticias\\\/alemania-desaconseja-viajar-a-turquia-a-diputados-de-origen-turco\\\/#webpage\"},\"isPartOf\":{\"@id\":\"https:\\\/\\\/candas365.es\\\/noticias\\\/alemania-desaconseja-viajar-a-turquia-a-diputados-de-origen-turco\\\/#webpage\"},\"articleSection\":\"Actualidad\",\"dateline\":\"Publicado el junio 12, 2016.\"},{\"@type\":\"Organization\",\"@id\":\"https:\\\/\\\/candas365.es\\\/noticias\\\/#organization\",\"name\":\"Cand\\u00e1s 365\",\"description\":\"Cand\\u00e1s 365 es un diario digital independiente, fundado en 2012, con base en Asturias. Informamos con rigor sobre actualidad, sociedad, cultura y ocio, con una mirada local y global.\",\"url\":\"https:\\\/\\\/candas365.es\\\/noticias\\\/\",\"email\":\"info@candas365.es\",\"telephone\":\"+34652131393\",\"foundingDate\":\"2012-06-10\",\"logo\":{\"@type\":\"ImageObject\",\"url\":\"https:\\\/\\\/candas365.es\\\/noticias\\\/wp-content\\\/uploads\\\/2024\\\/09\\\/Candas-365-Redes.jpg\",\"@id\":\"https:\\\/\\\/candas365.es\\\/noticias\\\/alemania-desaconseja-viajar-a-turquia-a-diputados-de-origen-turco\\\/#organizationLogo\",\"width\":1152,\"height\":864,\"caption\":\"Cand\\u00e1s 365 Redes\"},\"image\":{\"@id\":\"https:\\\/\\\/candas365.es\\\/noticias\\\/alemania-desaconseja-viajar-a-turquia-a-diputados-de-origen-turco\\\/#organizationLogo\"},\"sameAs\":[\"https:\\\/\\\/www.facebook.com\\\/Nachofdezber\",\"https:\\\/\\\/x.com\\\/NabercoDigital\",\"https:\\\/\\\/www.instagram.com\\\/nachofdezber\\\/\",\"https:\\\/\\\/www.youtube.com\\\/channel\\\/UCZP-2wLEB9Rv6erhFmqVnvg\"],\"address\":{\"@id\":\"https:\\\/\\\/candas365.es\\\/noticias\\\/#postaladdress\",\"@type\":\"PostalAddress\",\"streetAddress\":\"san antonio 4, san antonio 4\",\"postalCode\":\"33430\",\"addressLocality\":\"Cand\\u00e1s\",\"addressRegion\":\"Asturias\",\"addressCountry\":\"ES\"}},{\"@type\":\"Person\",\"@id\":\"https:\\\/\\\/candas365.es\\\/noticias\\\/author\\\/admin\\\/#author\",\"url\":\"https:\\\/\\\/candas365.es\\\/noticias\\\/author\\\/admin\\\/\",\"name\":\"Cand\\u00e1s 365\",\"image\":{\"@type\":\"ImageObject\",\"@id\":\"https:\\\/\\\/candas365.es\\\/noticias\\\/alemania-desaconseja-viajar-a-turquia-a-diputados-de-origen-turco\\\/#authorImage\",\"url\":\"https:\\\/\\\/secure.gravatar.com\\\/avatar\\\/496a8e03d0c493ede1718b7934145dbdf8d89be1036b0eec9544e1094c9de390?s=96&d=mm&r=g\",\"width\":96,\"height\":96,\"caption\":\"Cand\\u00e1s 365\"},\"sameAs\":[\"https:\\\/\\\/www.facebook.com\\\/carrenoactualidad\",\"https:\\\/\\\/twitter.com\\\/nbasturias\",\"https:\\\/\\\/www.instagram.com\\\/nachofdezber\\\/\",\"https:\\\/\\\/www.youtube.com\\\/channel\\\/UCZP-2wLEB9Rv6erhFmqVnvg\"]},{\"@type\":\"WebPage\",\"@id\":\"https:\\\/\\\/candas365.es\\\/noticias\\\/alemania-desaconseja-viajar-a-turquia-a-diputados-de-origen-turco\\\/#webpage\",\"url\":\"https:\\\/\\\/candas365.es\\\/noticias\\\/alemania-desaconseja-viajar-a-turquia-a-diputados-de-origen-turco\\\/\",\"name\":\"Alemania desaconseja viajar a Turqu\\u00eda a diputados de origen turco | Cand\\u00e1s 365\",\"description\":\"Berl\\u00edn, (dpa) - El Ministerio alem\\u00e1n de Exteriores desaconsej\\u00f3 viajar a Turqu\\u00eda a los diputados de ascendencia turca que aprobaron la resoluci\\u00f3n que declaraba genocidio la masacre sufrida por los armenios durante el Imperio otomano, seg\\u00fan informa hoy el semanario alem\\u00e1n \\\"Der Spiegel\\\". El Gobierno germano considera que la seguridad de los pol\\u00edticos alemanes no\",\"inLanguage\":\"es-ES\",\"isPartOf\":{\"@id\":\"https:\\\/\\\/candas365.es\\\/noticias\\\/#website\"},\"breadcrumb\":{\"@id\":\"https:\\\/\\\/candas365.es\\\/noticias\\\/alemania-desaconseja-viajar-a-turquia-a-diputados-de-origen-turco\\\/#breadcrumblist\"},\"author\":{\"@id\":\"https:\\\/\\\/candas365.es\\\/noticias\\\/author\\\/admin\\\/#author\"},\"creator\":{\"@id\":\"https:\\\/\\\/candas365.es\\\/noticias\\\/author\\\/admin\\\/#author\"},\"image\":{\"@type\":\"ImageObject\",\"url\":\"https:\\\/\\\/candas365.es\\\/noticias\\\/wp-content\\\/uploads\\\/2015\\\/09\\\/c365noticias.jpg\",\"@id\":\"https:\\\/\\\/candas365.es\\\/noticias\\\/alemania-desaconseja-viajar-a-turquia-a-diputados-de-origen-turco\\\/#mainImage\",\"width\":655,\"height\":360},\"primaryImageOfPage\":{\"@id\":\"https:\\\/\\\/candas365.es\\\/noticias\\\/alemania-desaconseja-viajar-a-turquia-a-diputados-de-origen-turco\\\/#mainImage\"},\"datePublished\":\"2016-06-12T11:39:04+02:00\",\"dateModified\":\"2016-06-12T11:39:04+02:00\"},{\"@type\":\"WebSite\",\"@id\":\"https:\\\/\\\/candas365.es\\\/noticias\\\/#website\",\"url\":\"https:\\\/\\\/candas365.es\\\/noticias\\\/\",\"name\":\"Cand\\u00e1s 365\",\"alternateName\":\"Cand\\u00e1s 365 Noticias\",\"description\":\"Actualidad desde Carre\\u00f1o para el mundo\",\"inLanguage\":\"es-ES\",\"publisher\":{\"@id\":\"https:\\\/\\\/candas365.es\\\/noticias\\\/#organization\"}}]}\n\t\t<\/script>\n\t\t<!-- All in One SEO Pro -->\r\n\t\t<title>Alemania desaconseja viajar a Turqu\u00eda a diputados de origen turco | Cand\u00e1s 365<\/title>\n\n","aioseo_head_json":{"title":"Alemania desaconseja viajar a Turqu\u00eda a diputados de origen turco | Cand\u00e1s 365","description":"Berl\u00edn, (dpa) - El Ministerio alem\u00e1n de Exteriores desaconsej\u00f3 viajar a Turqu\u00eda a los diputados de ascendencia turca que aprobaron la resoluci\u00f3n que declaraba genocidio la masacre sufrida por los armenios durante el Imperio otomano, seg\u00fan informa hoy el semanario alem\u00e1n \"Der Spiegel\". El Gobierno germano considera que la seguridad de los pol\u00edticos alemanes no","canonical_url":"https:\/\/candas365.es\/noticias\/alemania-desaconseja-viajar-a-turquia-a-diputados-de-origen-turco\/","robots":"max-image-preview:large","keywords":"actualidad","webmasterTools":{"google-site-verification":"UA-32230408-1","msvalidate.01":"354F3CDFB2DA171B47FBE9ABF1F88D5","miscellaneous":""},"schema":{"@context":"https:\/\/schema.org","@graph":[{"@type":"BreadcrumbList","@id":"https:\/\/candas365.es\/noticias\/alemania-desaconseja-viajar-a-turquia-a-diputados-de-origen-turco\/#breadcrumblist","itemListElement":[{"@type":"ListItem","@id":"https:\/\/candas365.es\/noticias#listItem","position":1,"name":"Home","item":"https:\/\/candas365.es\/noticias","nextItem":{"@type":"ListItem","@id":"https:\/\/candas365.es\/noticias\/category\/actualidad\/#listItem","name":"Actualidad"}},{"@type":"ListItem","@id":"https:\/\/candas365.es\/noticias\/category\/actualidad\/#listItem","position":2,"name":"Actualidad","item":"https:\/\/candas365.es\/noticias\/category\/actualidad\/","nextItem":{"@type":"ListItem","@id":"https:\/\/candas365.es\/noticias\/alemania-desaconseja-viajar-a-turquia-a-diputados-de-origen-turco\/#listItem","name":"Alemania desaconseja viajar a Turqu\u00eda a diputados de origen turco"},"previousItem":{"@type":"ListItem","@id":"https:\/\/candas365.es\/noticias#listItem","name":"Home"}},{"@type":"ListItem","@id":"https:\/\/candas365.es\/noticias\/alemania-desaconseja-viajar-a-turquia-a-diputados-de-origen-turco\/#listItem","position":3,"name":"Alemania desaconseja viajar a Turqu\u00eda a diputados de origen turco","previousItem":{"@type":"ListItem","@id":"https:\/\/candas365.es\/noticias\/category\/actualidad\/#listItem","name":"Actualidad"}}]},{"@type":"NewsArticle","@id":"https:\/\/candas365.es\/noticias\/alemania-desaconseja-viajar-a-turquia-a-diputados-de-origen-turco\/#newsarticle","name":"Alemania desaconseja viajar a Turqu\u00eda a diputados de origen turco | Cand\u00e1s 365","headline":"Alemania desaconseja viajar a Turqu\u00eda a diputados de origen turco","author":{"@id":"https:\/\/candas365.es\/noticias\/author\/admin\/#author"},"publisher":{"@id":"https:\/\/candas365.es\/noticias\/#organization"},"image":{"@type":"ImageObject","url":"https:\/\/candas365.es\/noticias\/wp-content\/uploads\/2015\/09\/c365noticias.jpg","width":655,"height":360},"datePublished":"2016-06-12T11:39:04+02:00","dateModified":"2016-06-12T11:39:04+02:00","inLanguage":"es-ES","mainEntityOfPage":{"@id":"https:\/\/candas365.es\/noticias\/alemania-desaconseja-viajar-a-turquia-a-diputados-de-origen-turco\/#webpage"},"isPartOf":{"@id":"https:\/\/candas365.es\/noticias\/alemania-desaconseja-viajar-a-turquia-a-diputados-de-origen-turco\/#webpage"},"articleSection":"Actualidad","dateline":"Publicado el junio 12, 2016."},{"@type":"Organization","@id":"https:\/\/candas365.es\/noticias\/#organization","name":"Cand\u00e1s 365","description":"Cand\u00e1s 365 es un diario digital independiente, fundado en 2012, con base en Asturias. Informamos con rigor sobre actualidad, sociedad, cultura y ocio, con una mirada local y global.","url":"https:\/\/candas365.es\/noticias\/","email":"info@candas365.es","telephone":"+34652131393","foundingDate":"2012-06-10","logo":{"@type":"ImageObject","url":"https:\/\/candas365.es\/noticias\/wp-content\/uploads\/2024\/09\/Candas-365-Redes.jpg","@id":"https:\/\/candas365.es\/noticias\/alemania-desaconseja-viajar-a-turquia-a-diputados-de-origen-turco\/#organizationLogo","width":1152,"height":864,"caption":"Cand\u00e1s 365 Redes"},"image":{"@id":"https:\/\/candas365.es\/noticias\/alemania-desaconseja-viajar-a-turquia-a-diputados-de-origen-turco\/#organizationLogo"},"sameAs":["https:\/\/www.facebook.com\/Nachofdezber","https:\/\/x.com\/NabercoDigital","https:\/\/www.instagram.com\/nachofdezber\/","https:\/\/www.youtube.com\/channel\/UCZP-2wLEB9Rv6erhFmqVnvg"],"address":{"@id":"https:\/\/candas365.es\/noticias\/#postaladdress","@type":"PostalAddress","streetAddress":"san antonio 4, san antonio 4","postalCode":"33430","addressLocality":"Cand\u00e1s","addressRegion":"Asturias","addressCountry":"ES"}},{"@type":"Person","@id":"https:\/\/candas365.es\/noticias\/author\/admin\/#author","url":"https:\/\/candas365.es\/noticias\/author\/admin\/","name":"Cand\u00e1s 365","image":{"@type":"ImageObject","@id":"https:\/\/candas365.es\/noticias\/alemania-desaconseja-viajar-a-turquia-a-diputados-de-origen-turco\/#authorImage","url":"https:\/\/secure.gravatar.com\/avatar\/496a8e03d0c493ede1718b7934145dbdf8d89be1036b0eec9544e1094c9de390?s=96&d=mm&r=g","width":96,"height":96,"caption":"Cand\u00e1s 365"},"sameAs":["https:\/\/www.facebook.com\/carrenoactualidad","https:\/\/twitter.com\/nbasturias","https:\/\/www.instagram.com\/nachofdezber\/","https:\/\/www.youtube.com\/channel\/UCZP-2wLEB9Rv6erhFmqVnvg"]},{"@type":"WebPage","@id":"https:\/\/candas365.es\/noticias\/alemania-desaconseja-viajar-a-turquia-a-diputados-de-origen-turco\/#webpage","url":"https:\/\/candas365.es\/noticias\/alemania-desaconseja-viajar-a-turquia-a-diputados-de-origen-turco\/","name":"Alemania desaconseja viajar a Turqu\u00eda a diputados de origen turco | Cand\u00e1s 365","description":"Berl\u00edn, (dpa) - El Ministerio alem\u00e1n de Exteriores desaconsej\u00f3 viajar a Turqu\u00eda a los diputados de ascendencia turca que aprobaron la resoluci\u00f3n que declaraba genocidio la masacre sufrida por los armenios durante el Imperio otomano, seg\u00fan informa hoy el semanario alem\u00e1n \"Der Spiegel\". El Gobierno germano considera que la seguridad de los pol\u00edticos alemanes no","inLanguage":"es-ES","isPartOf":{"@id":"https:\/\/candas365.es\/noticias\/#website"},"breadcrumb":{"@id":"https:\/\/candas365.es\/noticias\/alemania-desaconseja-viajar-a-turquia-a-diputados-de-origen-turco\/#breadcrumblist"},"author":{"@id":"https:\/\/candas365.es\/noticias\/author\/admin\/#author"},"creator":{"@id":"https:\/\/candas365.es\/noticias\/author\/admin\/#author"},"image":{"@type":"ImageObject","url":"https:\/\/candas365.es\/noticias\/wp-content\/uploads\/2015\/09\/c365noticias.jpg","@id":"https:\/\/candas365.es\/noticias\/alemania-desaconseja-viajar-a-turquia-a-diputados-de-origen-turco\/#mainImage","width":655,"height":360},"primaryImageOfPage":{"@id":"https:\/\/candas365.es\/noticias\/alemania-desaconseja-viajar-a-turquia-a-diputados-de-origen-turco\/#mainImage"},"datePublished":"2016-06-12T11:39:04+02:00","dateModified":"2016-06-12T11:39:04+02:00"},{"@type":"WebSite","@id":"https:\/\/candas365.es\/noticias\/#website","url":"https:\/\/candas365.es\/noticias\/","name":"Cand\u00e1s 365","alternateName":"Cand\u00e1s 365 Noticias","description":"Actualidad desde Carre\u00f1o para el mundo","inLanguage":"es-ES","publisher":{"@id":"https:\/\/candas365.es\/noticias\/#organization"}}]},"og:locale":"es_ES","og:site_name":"Cand\u00e1s 365","og:type":"article","og:title":"Alemania desaconseja viajar a Turqu\u00eda a diputados de origen turco | Cand\u00e1s 365","og:description":"Berl\u00edn, (dpa) - El Ministerio alem\u00e1n de Exteriores desaconsej\u00f3 viajar a Turqu\u00eda a los diputados de ascendencia turca que aprobaron la resoluci\u00f3n que declaraba genocidio la masacre sufrida por los armenios durante el Imperio otomano, seg\u00fan informa hoy el semanario alem\u00e1n &quot;Der Spiegel&quot;. El Gobierno germano considera que la seguridad de los pol\u00edticos alemanes no","og:url":"https:\/\/candas365.es\/noticias\/alemania-desaconseja-viajar-a-turquia-a-diputados-de-origen-turco\/","og:image":"https:\/\/candas365.es\/noticias\/wp-content\/uploads\/2015\/09\/c365noticias.jpg","og:image:secure_url":"https:\/\/candas365.es\/noticias\/wp-content\/uploads\/2015\/09\/c365noticias.jpg","og:image:width":655,"og:image:height":360,"article:published_time":"2016-06-12T10:09:04+00:00","article:modified_time":"2016-06-12T10:09:04+00:00","article:publisher":"https:\/\/www.facebook.com\/Nachofdezber","article:author":"https:\/\/www.facebook.com\/carrenoactualidad","twitter:card":"summary_large_image","twitter:site":"@NabercoDigital","twitter:title":"Alemania desaconseja viajar a Turqu\u00eda a diputados de origen turco | Cand\u00e1s 365","twitter:description":"Berl\u00edn, (dpa) - El Ministerio alem\u00e1n de Exteriores desaconsej\u00f3 viajar a Turqu\u00eda a los diputados de ascendencia turca que aprobaron la resoluci\u00f3n que declaraba genocidio la masacre sufrida por los armenios durante el Imperio otomano, seg\u00fan informa hoy el semanario alem\u00e1n &quot;Der Spiegel&quot;. El Gobierno germano considera que la seguridad de los pol\u00edticos alemanes no","twitter:creator":"@nbasturias","twitter:image":"https:\/\/candas365.es\/noticias\/wp-content\/uploads\/2015\/09\/c365noticias.jpg","twitter:label1":"Escrito por","twitter:data1":"Cand\u00e1s 365","twitter:label2":"Tiempo de lectura estimado","twitter:data2":"2 minutos"},"aioseo_meta_data":{"post_id":"30027","title":null,"description":null,"keywords":null,"keyphrases":null,"primary_term":null,"canonical_url":null,"og_title":null,"og_description":null,"og_object_type":"default","og_image_type":"default","og_image_url":null,"og_image_width":null,"og_image_height":null,"og_image_custom_url":null,"og_image_custom_fields":null,"og_video":null,"og_custom_url":null,"og_article_section":null,"og_article_tags":null,"twitter_use_og":false,"twitter_card":"default","twitter_image_type":"default","twitter_image_url":null,"twitter_image_custom_url":null,"twitter_image_custom_fields":null,"twitter_title":null,"twitter_description":null,"schema":{"blockGraphs":[],"customGraphs":[],"default":{"data":{"Article":[],"Course":[],"Dataset":[],"FAQPage":[],"Movie":[],"Person":[],"Product":[],"ProductReview":[],"Car":[],"Recipe":[],"Service":[],"SoftwareApplication":[],"WebPage":[]},"graphName":"","isEnabled":true},"graphs":[],"defaultGraph":"","defaultPostTypeGraph":""},"schema_type":null,"schema_type_options":null,"pillar_content":false,"robots_default":true,"robots_noindex":false,"robots_noarchive":false,"robots_nosnippet":false,"robots_nofollow":false,"robots_noimageindex":false,"robots_noodp":false,"robots_notranslate":false,"robots_max_snippet":null,"robots_max_videopreview":null,"robots_max_imagepreview":"large","priority":null,"frequency":null,"location":null,"local_seo":null,"seo_analyzer_scan_date":"2025-08-24 11:59:36","breadcrumb_settings":null,"limit_modified_date":false,"reviewed_by":null,"open_ai":null,"ai":null,"created":"2020-12-21 12:56:45","updated":"2025-08-24 11:59:36"},"aioseo_breadcrumb":"<div class=\"aioseo-breadcrumbs\"><span class=\"aioseo-breadcrumb\">\n\t<a href=\"https:\/\/candas365.es\/noticias\" title=\"Home\">Home<\/a>\n<\/span><span class=\"aioseo-breadcrumb-separator\">&ndash;<\/span><span class=\"aioseo-breadcrumb\">\n\t<a href=\"https:\/\/candas365.es\/noticias\/category\/actualidad\/\" title=\"Actualidad\">Actualidad<\/a>\n<\/span><span class=\"aioseo-breadcrumb-separator\">&ndash;<\/span><span class=\"aioseo-breadcrumb\">\n\tAlemania desaconseja viajar a Turqu\u00eda a diputados de origen turco\n<\/span><\/div>","aioseo_breadcrumb_json":[{"label":"Home","link":"https:\/\/candas365.es\/noticias"},{"label":"Actualidad","link":"https:\/\/candas365.es\/noticias\/category\/actualidad\/"},{"label":"Alemania desaconseja viajar a Turqu\u00eda a diputados de origen turco","link":"https:\/\/candas365.es\/noticias\/alemania-desaconseja-viajar-a-turquia-a-diputados-de-origen-turco\/"}],"_links":{"self":[{"href":"https:\/\/candas365.es\/noticias\/wp-json\/wp\/v2\/posts\/30027","targetHints":{"allow":["GET"]}}],"collection":[{"href":"https:\/\/candas365.es\/noticias\/wp-json\/wp\/v2\/posts"}],"about":[{"href":"https:\/\/candas365.es\/noticias\/wp-json\/wp\/v2\/types\/post"}],"author":[{"embeddable":true,"href":"https:\/\/candas365.es\/noticias\/wp-json\/wp\/v2\/users\/1"}],"replies":[{"embeddable":true,"href":"https:\/\/candas365.es\/noticias\/wp-json\/wp\/v2\/comments?post=30027"}],"version-history":[{"count":0,"href":"https:\/\/candas365.es\/noticias\/wp-json\/wp\/v2\/posts\/30027\/revisions"}],"wp:featuredmedia":[{"embeddable":true,"href":"https:\/\/candas365.es\/noticias\/wp-json\/wp\/v2\/media\/16457"}],"wp:attachment":[{"href":"https:\/\/candas365.es\/noticias\/wp-json\/wp\/v2\/media?parent=30027"}],"wp:term":[{"taxonomy":"category","embeddable":true,"href":"https:\/\/candas365.es\/noticias\/wp-json\/wp\/v2\/categories?post=30027"},{"taxonomy":"post_tag","embeddable":true,"href":"https:\/\/candas365.es\/noticias\/wp-json\/wp\/v2\/tags?post=30027"}],"curies":[{"name":"wp","href":"https:\/\/api.w.org\/{rel}","templated":true}]}}