{"id":30025,"date":"2016-06-12T11:38:13","date_gmt":"2016-06-12T10:08:13","guid":{"rendered":"http:\/\/candas365.es\/noticias\/?p=30025"},"modified":"2016-06-12T11:38:13","modified_gmt":"2016-06-12T10:08:13","slug":"opel-renuncia-a-polemica-publicidad-sobre-modelo-diesel-zafira","status":"publish","type":"post","link":"https:\/\/candas365.es\/noticias\/opel-renuncia-a-polemica-publicidad-sobre-modelo-diesel-zafira\/","title":{"rendered":"Opel renuncia a pol\u00e9mica publicidad sobre modelo di\u00e9sel Zafira"},"content":{"rendered":"<p>(dpa) &#8211; El fabricante automotor alem\u00e1n Opel renunciar\u00e1 en un futuro a usar reclamos publicitarios para su modelo di\u00e9sel Zafira 1.6 en los que aseguraba, entre otras cosas, que se trataba de un coche \u00abtan limpio como un gasolina\u00bb, inform\u00f3 hoy la filial de General Motors.<\/p>\n<p>En una declaraci\u00f3n entregada al Tribunal de Darmstadt con motivo del juicio abierto contra la automotriz por publicidad enga\u00f1osa, Opel explic\u00f3 que tambi\u00e9n desistir\u00e1 de emplear otras frases publicitarias como \u00abejemplar limpieza de gases de escape con la producci\u00f3n m\u00e1s baja de \u00f3xido n\u00edtrico\u00bb.<\/p>\n<p>El abogado de Opel Dominik Wendel indic\u00f3 que se quiere poner as\u00ed fin al juicio abierto por la organizaci\u00f3n ambientalista alemana DUH. Poco antes, la presidenta de la c\u00e1mara civil n\u00famero 12 del tribunal, Ursula Emmenthal, hab\u00eda explicado que con este tipo de publicidad se \u00abdespertaba una valoraci\u00f3n del consumidor que no es realista\u00bb.<\/p>\n<p>La declaraci\u00f3n de Opel pone fin al proceso y el tribunal no tendr\u00e1 que emitir veredicto alguno. En el juicio no se analizaba si el modelo Zafira cumple o no con la norma Euro 6, algo que tiene que dictaminar el Ministerio de Transportes de Alemania.<\/p>\n<p>Opel deber\u00e1 retirar su pol\u00e9mica publicidad en el plazo de cuatro semanas y hacer frente al 60 por ciento de los costes del proceso judicial.<\/p>\n","protected":false},"excerpt":{"rendered":"<p>(dpa) &#8211; El fabricante automotor alem\u00e1n Opel renunciar\u00e1 en un futuro a usar reclamos publicitarios para su modelo di\u00e9sel Zafira 1.6 en los que aseguraba, entre otras cosas, que se trataba de un coche \u00abtan limpio como un gasolina\u00bb, inform\u00f3 hoy la filial de General Motors. En una declaraci\u00f3n entregada al Tribunal de Darmstadt con<\/p>\n","protected":false},"author":1,"featured_media":14237,"comment_status":"closed","ping_status":"closed","sticky":false,"template":"","format":"standard","meta":{"footnotes":""},"categories":[343],"tags":[],"class_list":{"0":"post-30025","1":"post","2":"type-post","3":"status-publish","4":"format-standard","5":"has-post-thumbnail","7":"category-actualidad"},"aioseo_notices":[],"aioseo_head":"\n\t\t<!-- All in One SEO Pro 4.9.6.2 - aioseo.com -->\n\t<meta name=\"description\" content=\"(dpa) - El fabricante automotor alem\u00e1n Opel renunciar\u00e1 en un futuro a usar reclamos publicitarios para su modelo di\u00e9sel Zafira 1.6 en los que aseguraba, entre otras cosas, que se trataba de un coche &quot;tan limpio como un gasolina&quot;, inform\u00f3 hoy la filial de General Motors. En una declaraci\u00f3n entregada al Tribunal de Darmstadt con\" \/>\n\t<meta name=\"robots\" content=\"max-image-preview:large\" \/>\n\t<meta name=\"author\" content=\"Cand\u00e1s 365\"\/>\n\t<meta name=\"google-site-verification\" content=\"UA-32230408-1\" \/>\n\t<meta name=\"msvalidate.01\" content=\"354F3CDFB2DA171B47FBE9ABF1F88D5\" \/>\n\t<meta name=\"keywords\" content=\"actualidad\" \/>\n\t<link rel=\"canonical\" href=\"https:\/\/candas365.es\/noticias\/opel-renuncia-a-polemica-publicidad-sobre-modelo-diesel-zafira\/\" \/>\n\t<meta name=\"generator\" content=\"All in One SEO Pro (AIOSEO) 4.9.6.2\" \/>\n\t\t<meta property=\"og:locale\" content=\"es_ES\" \/>\n\t\t<meta property=\"og:site_name\" content=\"Cand\u00e1s 365\" \/>\n\t\t<meta property=\"og:type\" content=\"article\" \/>\n\t\t<meta property=\"og:title\" content=\"Opel renuncia a pol\u00e9mica publicidad sobre modelo di\u00e9sel Zafira | Cand\u00e1s 365\" \/>\n\t\t<meta property=\"og:description\" content=\"(dpa) - El fabricante automotor alem\u00e1n Opel renunciar\u00e1 en un futuro a usar reclamos publicitarios para su modelo di\u00e9sel Zafira 1.6 en los que aseguraba, entre otras cosas, que se trataba de un coche &quot;tan limpio como un gasolina&quot;, inform\u00f3 hoy la filial de General Motors. En una declaraci\u00f3n entregada al Tribunal de Darmstadt con\" \/>\n\t\t<meta property=\"og:url\" content=\"https:\/\/candas365.es\/noticias\/opel-renuncia-a-polemica-publicidad-sobre-modelo-diesel-zafira\/\" \/>\n\t\t<meta property=\"og:image\" content=\"https:\/\/candas365.es\/noticias\/wp-content\/uploads\/2015\/08\/internet.jpg\" \/>\n\t\t<meta property=\"og:image:secure_url\" content=\"https:\/\/candas365.es\/noticias\/wp-content\/uploads\/2015\/08\/internet.jpg\" \/>\n\t\t<meta property=\"og:image:width\" content=\"655\" \/>\n\t\t<meta property=\"og:image:height\" content=\"360\" \/>\n\t\t<meta property=\"article:published_time\" content=\"2016-06-12T10:08:13+00:00\" \/>\n\t\t<meta property=\"article:modified_time\" content=\"2016-06-12T10:08:13+00:00\" \/>\n\t\t<meta property=\"article:publisher\" content=\"https:\/\/www.facebook.com\/Nachofdezber\" \/>\n\t\t<meta property=\"article:author\" content=\"https:\/\/www.facebook.com\/carrenoactualidad\" \/>\n\t\t<meta name=\"twitter:card\" content=\"summary_large_image\" \/>\n\t\t<meta name=\"twitter:site\" content=\"@NabercoDigital\" \/>\n\t\t<meta name=\"twitter:title\" content=\"Opel renuncia a pol\u00e9mica publicidad sobre modelo di\u00e9sel Zafira | Cand\u00e1s 365\" \/>\n\t\t<meta name=\"twitter:description\" content=\"(dpa) - El fabricante automotor alem\u00e1n Opel renunciar\u00e1 en un futuro a usar reclamos publicitarios para su modelo di\u00e9sel Zafira 1.6 en los que aseguraba, entre otras cosas, que se trataba de un coche &quot;tan limpio como un gasolina&quot;, inform\u00f3 hoy la filial de General Motors. En una declaraci\u00f3n entregada al Tribunal de Darmstadt con\" \/>\n\t\t<meta name=\"twitter:creator\" content=\"@nbasturias\" \/>\n\t\t<meta name=\"twitter:image\" content=\"https:\/\/candas365.es\/noticias\/wp-content\/uploads\/2015\/08\/internet.jpg\" \/>\n\t\t<meta name=\"twitter:label1\" content=\"Escrito por\" \/>\n\t\t<meta name=\"twitter:data1\" content=\"Cand\u00e1s 365\" \/>\n\t\t<meta name=\"twitter:label2\" content=\"Tiempo de lectura estimado\" \/>\n\t\t<meta name=\"twitter:data2\" content=\"1 minuto\" \/>\n\t\t<script type=\"application\/ld+json\" class=\"aioseo-schema\">\n\t\t\t{\"@context\":\"https:\\\/\\\/schema.org\",\"@graph\":[{\"@type\":\"BreadcrumbList\",\"@id\":\"https:\\\/\\\/candas365.es\\\/noticias\\\/opel-renuncia-a-polemica-publicidad-sobre-modelo-diesel-zafira\\\/#breadcrumblist\",\"itemListElement\":[{\"@type\":\"ListItem\",\"@id\":\"https:\\\/\\\/candas365.es\\\/noticias#listItem\",\"position\":1,\"name\":\"Home\",\"item\":\"https:\\\/\\\/candas365.es\\\/noticias\",\"nextItem\":{\"@type\":\"ListItem\",\"@id\":\"https:\\\/\\\/candas365.es\\\/noticias\\\/category\\\/actualidad\\\/#listItem\",\"name\":\"Actualidad\"}},{\"@type\":\"ListItem\",\"@id\":\"https:\\\/\\\/candas365.es\\\/noticias\\\/category\\\/actualidad\\\/#listItem\",\"position\":2,\"name\":\"Actualidad\",\"item\":\"https:\\\/\\\/candas365.es\\\/noticias\\\/category\\\/actualidad\\\/\",\"nextItem\":{\"@type\":\"ListItem\",\"@id\":\"https:\\\/\\\/candas365.es\\\/noticias\\\/opel-renuncia-a-polemica-publicidad-sobre-modelo-diesel-zafira\\\/#listItem\",\"name\":\"Opel renuncia a pol\\u00e9mica publicidad sobre modelo di\\u00e9sel Zafira\"},\"previousItem\":{\"@type\":\"ListItem\",\"@id\":\"https:\\\/\\\/candas365.es\\\/noticias#listItem\",\"name\":\"Home\"}},{\"@type\":\"ListItem\",\"@id\":\"https:\\\/\\\/candas365.es\\\/noticias\\\/opel-renuncia-a-polemica-publicidad-sobre-modelo-diesel-zafira\\\/#listItem\",\"position\":3,\"name\":\"Opel renuncia a pol\\u00e9mica publicidad sobre modelo di\\u00e9sel Zafira\",\"previousItem\":{\"@type\":\"ListItem\",\"@id\":\"https:\\\/\\\/candas365.es\\\/noticias\\\/category\\\/actualidad\\\/#listItem\",\"name\":\"Actualidad\"}}]},{\"@type\":\"NewsArticle\",\"@id\":\"https:\\\/\\\/candas365.es\\\/noticias\\\/opel-renuncia-a-polemica-publicidad-sobre-modelo-diesel-zafira\\\/#newsarticle\",\"name\":\"Opel renuncia a pol\\u00e9mica publicidad sobre modelo di\\u00e9sel Zafira | Cand\\u00e1s 365\",\"headline\":\"Opel renuncia a pol\\u00e9mica publicidad sobre modelo di\\u00e9sel Zafira\",\"author\":{\"@id\":\"https:\\\/\\\/candas365.es\\\/noticias\\\/author\\\/admin\\\/#author\"},\"publisher\":{\"@id\":\"https:\\\/\\\/candas365.es\\\/noticias\\\/#organization\"},\"image\":{\"@type\":\"ImageObject\",\"url\":\"https:\\\/\\\/candas365.es\\\/noticias\\\/wp-content\\\/uploads\\\/2015\\\/08\\\/internet.jpg\",\"width\":655,\"height\":360},\"datePublished\":\"2016-06-12T11:38:13+02:00\",\"dateModified\":\"2016-06-12T11:38:13+02:00\",\"inLanguage\":\"es-ES\",\"mainEntityOfPage\":{\"@id\":\"https:\\\/\\\/candas365.es\\\/noticias\\\/opel-renuncia-a-polemica-publicidad-sobre-modelo-diesel-zafira\\\/#webpage\"},\"isPartOf\":{\"@id\":\"https:\\\/\\\/candas365.es\\\/noticias\\\/opel-renuncia-a-polemica-publicidad-sobre-modelo-diesel-zafira\\\/#webpage\"},\"articleSection\":\"Actualidad\",\"dateline\":\"Publicado el junio 12, 2016.\"},{\"@type\":\"Organization\",\"@id\":\"https:\\\/\\\/candas365.es\\\/noticias\\\/#organization\",\"name\":\"Cand\\u00e1s 365\",\"description\":\"Cand\\u00e1s 365 es un diario digital independiente, fundado en 2012, con base en Asturias. Informamos con rigor sobre actualidad, sociedad, cultura y ocio, con una mirada local y global.\",\"url\":\"https:\\\/\\\/candas365.es\\\/noticias\\\/\",\"email\":\"info@candas365.es\",\"telephone\":\"+34652131393\",\"foundingDate\":\"2012-06-10\",\"logo\":{\"@type\":\"ImageObject\",\"url\":\"https:\\\/\\\/candas365.es\\\/noticias\\\/wp-content\\\/uploads\\\/2024\\\/09\\\/Candas-365-Redes.jpg\",\"@id\":\"https:\\\/\\\/candas365.es\\\/noticias\\\/opel-renuncia-a-polemica-publicidad-sobre-modelo-diesel-zafira\\\/#organizationLogo\",\"width\":1152,\"height\":864,\"caption\":\"Cand\\u00e1s 365 Redes\"},\"image\":{\"@id\":\"https:\\\/\\\/candas365.es\\\/noticias\\\/opel-renuncia-a-polemica-publicidad-sobre-modelo-diesel-zafira\\\/#organizationLogo\"},\"sameAs\":[\"https:\\\/\\\/www.facebook.com\\\/Nachofdezber\",\"https:\\\/\\\/x.com\\\/NabercoDigital\",\"https:\\\/\\\/www.instagram.com\\\/nachofdezber\\\/\",\"https:\\\/\\\/www.youtube.com\\\/channel\\\/UCZP-2wLEB9Rv6erhFmqVnvg\"],\"address\":{\"@id\":\"https:\\\/\\\/candas365.es\\\/noticias\\\/#postaladdress\",\"@type\":\"PostalAddress\",\"streetAddress\":\"san antonio 4, san antonio 4\",\"postalCode\":\"33430\",\"addressLocality\":\"Cand\\u00e1s\",\"addressRegion\":\"Asturias\",\"addressCountry\":\"ES\"}},{\"@type\":\"Person\",\"@id\":\"https:\\\/\\\/candas365.es\\\/noticias\\\/author\\\/admin\\\/#author\",\"url\":\"https:\\\/\\\/candas365.es\\\/noticias\\\/author\\\/admin\\\/\",\"name\":\"Cand\\u00e1s 365\",\"image\":{\"@type\":\"ImageObject\",\"@id\":\"https:\\\/\\\/candas365.es\\\/noticias\\\/opel-renuncia-a-polemica-publicidad-sobre-modelo-diesel-zafira\\\/#authorImage\",\"url\":\"https:\\\/\\\/secure.gravatar.com\\\/avatar\\\/496a8e03d0c493ede1718b7934145dbdf8d89be1036b0eec9544e1094c9de390?s=96&d=mm&r=g\",\"width\":96,\"height\":96,\"caption\":\"Cand\\u00e1s 365\"},\"sameAs\":[\"https:\\\/\\\/www.facebook.com\\\/carrenoactualidad\",\"https:\\\/\\\/twitter.com\\\/nbasturias\",\"https:\\\/\\\/www.instagram.com\\\/nachofdezber\\\/\",\"https:\\\/\\\/www.youtube.com\\\/channel\\\/UCZP-2wLEB9Rv6erhFmqVnvg\"]},{\"@type\":\"WebPage\",\"@id\":\"https:\\\/\\\/candas365.es\\\/noticias\\\/opel-renuncia-a-polemica-publicidad-sobre-modelo-diesel-zafira\\\/#webpage\",\"url\":\"https:\\\/\\\/candas365.es\\\/noticias\\\/opel-renuncia-a-polemica-publicidad-sobre-modelo-diesel-zafira\\\/\",\"name\":\"Opel renuncia a pol\\u00e9mica publicidad sobre modelo di\\u00e9sel Zafira | Cand\\u00e1s 365\",\"description\":\"(dpa) - El fabricante automotor alem\\u00e1n Opel renunciar\\u00e1 en un futuro a usar reclamos publicitarios para su modelo di\\u00e9sel Zafira 1.6 en los que aseguraba, entre otras cosas, que se trataba de un coche \\\"tan limpio como un gasolina\\\", inform\\u00f3 hoy la filial de General Motors. En una declaraci\\u00f3n entregada al Tribunal de Darmstadt con\",\"inLanguage\":\"es-ES\",\"isPartOf\":{\"@id\":\"https:\\\/\\\/candas365.es\\\/noticias\\\/#website\"},\"breadcrumb\":{\"@id\":\"https:\\\/\\\/candas365.es\\\/noticias\\\/opel-renuncia-a-polemica-publicidad-sobre-modelo-diesel-zafira\\\/#breadcrumblist\"},\"author\":{\"@id\":\"https:\\\/\\\/candas365.es\\\/noticias\\\/author\\\/admin\\\/#author\"},\"creator\":{\"@id\":\"https:\\\/\\\/candas365.es\\\/noticias\\\/author\\\/admin\\\/#author\"},\"image\":{\"@type\":\"ImageObject\",\"url\":\"https:\\\/\\\/candas365.es\\\/noticias\\\/wp-content\\\/uploads\\\/2015\\\/08\\\/internet.jpg\",\"@id\":\"https:\\\/\\\/candas365.es\\\/noticias\\\/opel-renuncia-a-polemica-publicidad-sobre-modelo-diesel-zafira\\\/#mainImage\",\"width\":655,\"height\":360},\"primaryImageOfPage\":{\"@id\":\"https:\\\/\\\/candas365.es\\\/noticias\\\/opel-renuncia-a-polemica-publicidad-sobre-modelo-diesel-zafira\\\/#mainImage\"},\"datePublished\":\"2016-06-12T11:38:13+02:00\",\"dateModified\":\"2016-06-12T11:38:13+02:00\"},{\"@type\":\"WebSite\",\"@id\":\"https:\\\/\\\/candas365.es\\\/noticias\\\/#website\",\"url\":\"https:\\\/\\\/candas365.es\\\/noticias\\\/\",\"name\":\"Cand\\u00e1s 365\",\"alternateName\":\"Cand\\u00e1s 365 Noticias\",\"description\":\"Actualidad desde Carre\\u00f1o para el mundo\",\"inLanguage\":\"es-ES\",\"publisher\":{\"@id\":\"https:\\\/\\\/candas365.es\\\/noticias\\\/#organization\"}}]}\n\t\t<\/script>\n\t\t<!-- All in One SEO Pro -->\r\n\t\t<title>Opel renuncia a pol\u00e9mica publicidad sobre modelo di\u00e9sel Zafira | Cand\u00e1s 365<\/title>\n\n","aioseo_head_json":{"title":"Opel renuncia a pol\u00e9mica publicidad sobre modelo di\u00e9sel Zafira | Cand\u00e1s 365","description":"(dpa) - El fabricante automotor alem\u00e1n Opel renunciar\u00e1 en un futuro a usar reclamos publicitarios para su modelo di\u00e9sel Zafira 1.6 en los que aseguraba, entre otras cosas, que se trataba de un coche \"tan limpio como un gasolina\", inform\u00f3 hoy la filial de General Motors. En una declaraci\u00f3n entregada al Tribunal de Darmstadt con","canonical_url":"https:\/\/candas365.es\/noticias\/opel-renuncia-a-polemica-publicidad-sobre-modelo-diesel-zafira\/","robots":"max-image-preview:large","keywords":"actualidad","webmasterTools":{"google-site-verification":"UA-32230408-1","msvalidate.01":"354F3CDFB2DA171B47FBE9ABF1F88D5","miscellaneous":""},"schema":{"@context":"https:\/\/schema.org","@graph":[{"@type":"BreadcrumbList","@id":"https:\/\/candas365.es\/noticias\/opel-renuncia-a-polemica-publicidad-sobre-modelo-diesel-zafira\/#breadcrumblist","itemListElement":[{"@type":"ListItem","@id":"https:\/\/candas365.es\/noticias#listItem","position":1,"name":"Home","item":"https:\/\/candas365.es\/noticias","nextItem":{"@type":"ListItem","@id":"https:\/\/candas365.es\/noticias\/category\/actualidad\/#listItem","name":"Actualidad"}},{"@type":"ListItem","@id":"https:\/\/candas365.es\/noticias\/category\/actualidad\/#listItem","position":2,"name":"Actualidad","item":"https:\/\/candas365.es\/noticias\/category\/actualidad\/","nextItem":{"@type":"ListItem","@id":"https:\/\/candas365.es\/noticias\/opel-renuncia-a-polemica-publicidad-sobre-modelo-diesel-zafira\/#listItem","name":"Opel renuncia a pol\u00e9mica publicidad sobre modelo di\u00e9sel Zafira"},"previousItem":{"@type":"ListItem","@id":"https:\/\/candas365.es\/noticias#listItem","name":"Home"}},{"@type":"ListItem","@id":"https:\/\/candas365.es\/noticias\/opel-renuncia-a-polemica-publicidad-sobre-modelo-diesel-zafira\/#listItem","position":3,"name":"Opel renuncia a pol\u00e9mica publicidad sobre modelo di\u00e9sel Zafira","previousItem":{"@type":"ListItem","@id":"https:\/\/candas365.es\/noticias\/category\/actualidad\/#listItem","name":"Actualidad"}}]},{"@type":"NewsArticle","@id":"https:\/\/candas365.es\/noticias\/opel-renuncia-a-polemica-publicidad-sobre-modelo-diesel-zafira\/#newsarticle","name":"Opel renuncia a pol\u00e9mica publicidad sobre modelo di\u00e9sel Zafira | Cand\u00e1s 365","headline":"Opel renuncia a pol\u00e9mica publicidad sobre modelo di\u00e9sel Zafira","author":{"@id":"https:\/\/candas365.es\/noticias\/author\/admin\/#author"},"publisher":{"@id":"https:\/\/candas365.es\/noticias\/#organization"},"image":{"@type":"ImageObject","url":"https:\/\/candas365.es\/noticias\/wp-content\/uploads\/2015\/08\/internet.jpg","width":655,"height":360},"datePublished":"2016-06-12T11:38:13+02:00","dateModified":"2016-06-12T11:38:13+02:00","inLanguage":"es-ES","mainEntityOfPage":{"@id":"https:\/\/candas365.es\/noticias\/opel-renuncia-a-polemica-publicidad-sobre-modelo-diesel-zafira\/#webpage"},"isPartOf":{"@id":"https:\/\/candas365.es\/noticias\/opel-renuncia-a-polemica-publicidad-sobre-modelo-diesel-zafira\/#webpage"},"articleSection":"Actualidad","dateline":"Publicado el junio 12, 2016."},{"@type":"Organization","@id":"https:\/\/candas365.es\/noticias\/#organization","name":"Cand\u00e1s 365","description":"Cand\u00e1s 365 es un diario digital independiente, fundado en 2012, con base en Asturias. Informamos con rigor sobre actualidad, sociedad, cultura y ocio, con una mirada local y global.","url":"https:\/\/candas365.es\/noticias\/","email":"info@candas365.es","telephone":"+34652131393","foundingDate":"2012-06-10","logo":{"@type":"ImageObject","url":"https:\/\/candas365.es\/noticias\/wp-content\/uploads\/2024\/09\/Candas-365-Redes.jpg","@id":"https:\/\/candas365.es\/noticias\/opel-renuncia-a-polemica-publicidad-sobre-modelo-diesel-zafira\/#organizationLogo","width":1152,"height":864,"caption":"Cand\u00e1s 365 Redes"},"image":{"@id":"https:\/\/candas365.es\/noticias\/opel-renuncia-a-polemica-publicidad-sobre-modelo-diesel-zafira\/#organizationLogo"},"sameAs":["https:\/\/www.facebook.com\/Nachofdezber","https:\/\/x.com\/NabercoDigital","https:\/\/www.instagram.com\/nachofdezber\/","https:\/\/www.youtube.com\/channel\/UCZP-2wLEB9Rv6erhFmqVnvg"],"address":{"@id":"https:\/\/candas365.es\/noticias\/#postaladdress","@type":"PostalAddress","streetAddress":"san antonio 4, san antonio 4","postalCode":"33430","addressLocality":"Cand\u00e1s","addressRegion":"Asturias","addressCountry":"ES"}},{"@type":"Person","@id":"https:\/\/candas365.es\/noticias\/author\/admin\/#author","url":"https:\/\/candas365.es\/noticias\/author\/admin\/","name":"Cand\u00e1s 365","image":{"@type":"ImageObject","@id":"https:\/\/candas365.es\/noticias\/opel-renuncia-a-polemica-publicidad-sobre-modelo-diesel-zafira\/#authorImage","url":"https:\/\/secure.gravatar.com\/avatar\/496a8e03d0c493ede1718b7934145dbdf8d89be1036b0eec9544e1094c9de390?s=96&d=mm&r=g","width":96,"height":96,"caption":"Cand\u00e1s 365"},"sameAs":["https:\/\/www.facebook.com\/carrenoactualidad","https:\/\/twitter.com\/nbasturias","https:\/\/www.instagram.com\/nachofdezber\/","https:\/\/www.youtube.com\/channel\/UCZP-2wLEB9Rv6erhFmqVnvg"]},{"@type":"WebPage","@id":"https:\/\/candas365.es\/noticias\/opel-renuncia-a-polemica-publicidad-sobre-modelo-diesel-zafira\/#webpage","url":"https:\/\/candas365.es\/noticias\/opel-renuncia-a-polemica-publicidad-sobre-modelo-diesel-zafira\/","name":"Opel renuncia a pol\u00e9mica publicidad sobre modelo di\u00e9sel Zafira | Cand\u00e1s 365","description":"(dpa) - El fabricante automotor alem\u00e1n Opel renunciar\u00e1 en un futuro a usar reclamos publicitarios para su modelo di\u00e9sel Zafira 1.6 en los que aseguraba, entre otras cosas, que se trataba de un coche \"tan limpio como un gasolina\", inform\u00f3 hoy la filial de General Motors. En una declaraci\u00f3n entregada al Tribunal de Darmstadt con","inLanguage":"es-ES","isPartOf":{"@id":"https:\/\/candas365.es\/noticias\/#website"},"breadcrumb":{"@id":"https:\/\/candas365.es\/noticias\/opel-renuncia-a-polemica-publicidad-sobre-modelo-diesel-zafira\/#breadcrumblist"},"author":{"@id":"https:\/\/candas365.es\/noticias\/author\/admin\/#author"},"creator":{"@id":"https:\/\/candas365.es\/noticias\/author\/admin\/#author"},"image":{"@type":"ImageObject","url":"https:\/\/candas365.es\/noticias\/wp-content\/uploads\/2015\/08\/internet.jpg","@id":"https:\/\/candas365.es\/noticias\/opel-renuncia-a-polemica-publicidad-sobre-modelo-diesel-zafira\/#mainImage","width":655,"height":360},"primaryImageOfPage":{"@id":"https:\/\/candas365.es\/noticias\/opel-renuncia-a-polemica-publicidad-sobre-modelo-diesel-zafira\/#mainImage"},"datePublished":"2016-06-12T11:38:13+02:00","dateModified":"2016-06-12T11:38:13+02:00"},{"@type":"WebSite","@id":"https:\/\/candas365.es\/noticias\/#website","url":"https:\/\/candas365.es\/noticias\/","name":"Cand\u00e1s 365","alternateName":"Cand\u00e1s 365 Noticias","description":"Actualidad desde Carre\u00f1o para el mundo","inLanguage":"es-ES","publisher":{"@id":"https:\/\/candas365.es\/noticias\/#organization"}}]},"og:locale":"es_ES","og:site_name":"Cand\u00e1s 365","og:type":"article","og:title":"Opel renuncia a pol\u00e9mica publicidad sobre modelo di\u00e9sel Zafira | Cand\u00e1s 365","og:description":"(dpa) - El fabricante automotor alem\u00e1n Opel renunciar\u00e1 en un futuro a usar reclamos publicitarios para su modelo di\u00e9sel Zafira 1.6 en los que aseguraba, entre otras cosas, que se trataba de un coche &quot;tan limpio como un gasolina&quot;, inform\u00f3 hoy la filial de General Motors. En una declaraci\u00f3n entregada al Tribunal de Darmstadt con","og:url":"https:\/\/candas365.es\/noticias\/opel-renuncia-a-polemica-publicidad-sobre-modelo-diesel-zafira\/","og:image":"https:\/\/candas365.es\/noticias\/wp-content\/uploads\/2015\/08\/internet.jpg","og:image:secure_url":"https:\/\/candas365.es\/noticias\/wp-content\/uploads\/2015\/08\/internet.jpg","og:image:width":655,"og:image:height":360,"article:published_time":"2016-06-12T10:08:13+00:00","article:modified_time":"2016-06-12T10:08:13+00:00","article:publisher":"https:\/\/www.facebook.com\/Nachofdezber","article:author":"https:\/\/www.facebook.com\/carrenoactualidad","twitter:card":"summary_large_image","twitter:site":"@NabercoDigital","twitter:title":"Opel renuncia a pol\u00e9mica publicidad sobre modelo di\u00e9sel Zafira | Cand\u00e1s 365","twitter:description":"(dpa) - El fabricante automotor alem\u00e1n Opel renunciar\u00e1 en un futuro a usar reclamos publicitarios para su modelo di\u00e9sel Zafira 1.6 en los que aseguraba, entre otras cosas, que se trataba de un coche &quot;tan limpio como un gasolina&quot;, inform\u00f3 hoy la filial de General Motors. En una declaraci\u00f3n entregada al Tribunal de Darmstadt con","twitter:creator":"@nbasturias","twitter:image":"https:\/\/candas365.es\/noticias\/wp-content\/uploads\/2015\/08\/internet.jpg","twitter:label1":"Escrito por","twitter:data1":"Cand\u00e1s 365","twitter:label2":"Tiempo de lectura estimado","twitter:data2":"1 minuto"},"aioseo_meta_data":{"post_id":"30025","title":null,"description":null,"keywords":null,"keyphrases":null,"primary_term":null,"canonical_url":null,"og_title":null,"og_description":null,"og_object_type":"default","og_image_type":"default","og_image_url":null,"og_image_width":null,"og_image_height":null,"og_image_custom_url":null,"og_image_custom_fields":null,"og_video":null,"og_custom_url":null,"og_article_section":null,"og_article_tags":null,"twitter_use_og":false,"twitter_card":"default","twitter_image_type":"default","twitter_image_url":null,"twitter_image_custom_url":null,"twitter_image_custom_fields":null,"twitter_title":null,"twitter_description":null,"schema":{"blockGraphs":[],"customGraphs":[],"default":{"data":{"Article":[],"Course":[],"Dataset":[],"FAQPage":[],"Movie":[],"Person":[],"Product":[],"ProductReview":[],"Car":[],"Recipe":[],"Service":[],"SoftwareApplication":[],"WebPage":[]},"graphName":"","isEnabled":true},"graphs":[],"defaultGraph":"","defaultPostTypeGraph":""},"schema_type":null,"schema_type_options":null,"pillar_content":false,"robots_default":true,"robots_noindex":false,"robots_noarchive":false,"robots_nosnippet":false,"robots_nofollow":false,"robots_noimageindex":false,"robots_noodp":false,"robots_notranslate":false,"robots_max_snippet":null,"robots_max_videopreview":null,"robots_max_imagepreview":"large","priority":null,"frequency":null,"location":null,"local_seo":null,"seo_analyzer_scan_date":"2025-08-24 11:59:35","breadcrumb_settings":null,"limit_modified_date":false,"reviewed_by":null,"open_ai":null,"ai":null,"created":"2020-12-21 12:56:45","updated":"2025-08-24 11:59:35"},"aioseo_breadcrumb":"<div class=\"aioseo-breadcrumbs\"><span class=\"aioseo-breadcrumb\">\n\t<a href=\"https:\/\/candas365.es\/noticias\" title=\"Home\">Home<\/a>\n<\/span><span class=\"aioseo-breadcrumb-separator\">&ndash;<\/span><span class=\"aioseo-breadcrumb\">\n\t<a href=\"https:\/\/candas365.es\/noticias\/category\/actualidad\/\" title=\"Actualidad\">Actualidad<\/a>\n<\/span><span class=\"aioseo-breadcrumb-separator\">&ndash;<\/span><span class=\"aioseo-breadcrumb\">\n\tOpel renuncia a pol\u00e9mica publicidad sobre modelo di\u00e9sel Zafira\n<\/span><\/div>","aioseo_breadcrumb_json":[{"label":"Home","link":"https:\/\/candas365.es\/noticias"},{"label":"Actualidad","link":"https:\/\/candas365.es\/noticias\/category\/actualidad\/"},{"label":"Opel renuncia a pol\u00e9mica publicidad sobre modelo di\u00e9sel Zafira","link":"https:\/\/candas365.es\/noticias\/opel-renuncia-a-polemica-publicidad-sobre-modelo-diesel-zafira\/"}],"_links":{"self":[{"href":"https:\/\/candas365.es\/noticias\/wp-json\/wp\/v2\/posts\/30025","targetHints":{"allow":["GET"]}}],"collection":[{"href":"https:\/\/candas365.es\/noticias\/wp-json\/wp\/v2\/posts"}],"about":[{"href":"https:\/\/candas365.es\/noticias\/wp-json\/wp\/v2\/types\/post"}],"author":[{"embeddable":true,"href":"https:\/\/candas365.es\/noticias\/wp-json\/wp\/v2\/users\/1"}],"replies":[{"embeddable":true,"href":"https:\/\/candas365.es\/noticias\/wp-json\/wp\/v2\/comments?post=30025"}],"version-history":[{"count":0,"href":"https:\/\/candas365.es\/noticias\/wp-json\/wp\/v2\/posts\/30025\/revisions"}],"wp:featuredmedia":[{"embeddable":true,"href":"https:\/\/candas365.es\/noticias\/wp-json\/wp\/v2\/media\/14237"}],"wp:attachment":[{"href":"https:\/\/candas365.es\/noticias\/wp-json\/wp\/v2\/media?parent=30025"}],"wp:term":[{"taxonomy":"category","embeddable":true,"href":"https:\/\/candas365.es\/noticias\/wp-json\/wp\/v2\/categories?post=30025"},{"taxonomy":"post_tag","embeddable":true,"href":"https:\/\/candas365.es\/noticias\/wp-json\/wp\/v2\/tags?post=30025"}],"curies":[{"name":"wp","href":"https:\/\/api.w.org\/{rel}","templated":true}]}}