{"id":30021,"date":"2016-06-12T11:34:21","date_gmt":"2016-06-12T10:04:21","guid":{"rendered":"http:\/\/candas365.es\/noticias\/?p=30021"},"modified":"2016-06-12T11:34:21","modified_gmt":"2016-06-12T10:04:21","slug":"derecha-populista-alemana-y-austriaca-debaten-sobre-colaboracion","status":"publish","type":"post","link":"https:\/\/candas365.es\/noticias\/derecha-populista-alemana-y-austriaca-debaten-sobre-colaboracion\/","title":{"rendered":"Derecha populista alemana y austriaca debaten sobre colaboraci\u00f3n"},"content":{"rendered":"<p>(dpa) &#8211; Los l\u00edderes del partido de derecha populista Alternativa para Alemania (AfD) y del ultraderechista Partido de la Libertad de Austria (FP\u00d6) se reunieron hoy en el sur de Alemania para colaborar a la hora de impulsar \u00abel movimiento euroesc\u00e9ptico\u00bb en Europa.<\/p>\n<p>Durante el encuentro en la monta\u00f1a Zugspitze de los alpes b\u00e1varos, la l\u00edder de AfD, Frauke Petry, y el presidente del FP\u00d6, Heinz-Christian Strache, acordaron aunar sus fuerzas en el Parlamento de la Uni\u00f3n Europea y en Bruselas para potenciar el euroescepticismo. \u00abQueremos avanzar conjuntamente hacia un nuevo nivel pol\u00edtico\u00bb, explicaron.<\/p>\n<p>Adem\u00e1s, Strache quiere ayudar a Petry para que, seg\u00fan sus propias palabras, \u00abun partido de la libertad aumente tambi\u00e9n su fuerza en Alemania\u00bb.<\/p>\n<p>Los dos partidos anunciaron su intenci\u00f3n de crear grupos de trabajo conjuntos. El primero de ellos estar\u00eda dedicado a analizar el tema del euro.<\/p>\n<p>La derecha populista es mucho m\u00e1s fuerte en Austria que en Alemania. El candidato del FP\u00d6, Norbert Hofer, fue derrotado por la m\u00ednima en las elecciones presidenciales. El partido no reconoce su derrota, por lo que impugn\u00f3 esta semana los resultados ante el Tribunal Constitucional en Viena.<\/p>\n<p>Petry anunci\u00f3 que AfD velar\u00e1 por la transparencia en Alemania en las elecciones del pr\u00f3ximo a\u00f1o. \u00abSe establecer\u00e1 un completo control democr\u00e1tico desde el comienzo hasta el final\u00bb, asegur\u00f3.<\/p>\n<p>&nbsp;<\/p>\n","protected":false},"excerpt":{"rendered":"<p>(dpa) &#8211; Los l\u00edderes del partido de derecha populista Alternativa para Alemania (AfD) y del ultraderechista Partido de la Libertad de Austria (FP\u00d6) se reunieron hoy en el sur de Alemania para colaborar a la hora de impulsar \u00abel movimiento euroesc\u00e9ptico\u00bb en Europa. Durante el encuentro en la monta\u00f1a Zugspitze de los alpes b\u00e1varos, la<\/p>\n","protected":false},"author":1,"featured_media":16457,"comment_status":"closed","ping_status":"closed","sticky":false,"template":"","format":"standard","meta":{"footnotes":""},"categories":[343],"tags":[],"class_list":{"0":"post-30021","1":"post","2":"type-post","3":"status-publish","4":"format-standard","5":"has-post-thumbnail","7":"category-actualidad"},"aioseo_notices":[],"aioseo_head":"\n\t\t<!-- All in One SEO Pro 4.9.6.2 - aioseo.com -->\n\t<meta name=\"description\" content=\"(dpa) - Los l\u00edderes del partido de derecha populista Alternativa para Alemania (AfD) y del ultraderechista Partido de la Libertad de Austria (FP\u00d6) se reunieron hoy en el sur de Alemania para colaborar a la hora de impulsar &quot;el movimiento euroesc\u00e9ptico&quot; en Europa. Durante el encuentro en la monta\u00f1a Zugspitze de los alpes b\u00e1varos, la\" \/>\n\t<meta name=\"robots\" content=\"max-image-preview:large\" \/>\n\t<meta name=\"author\" content=\"Cand\u00e1s 365\"\/>\n\t<meta name=\"google-site-verification\" content=\"UA-32230408-1\" \/>\n\t<meta name=\"msvalidate.01\" content=\"354F3CDFB2DA171B47FBE9ABF1F88D5\" \/>\n\t<meta name=\"keywords\" content=\"actualidad\" \/>\n\t<link rel=\"canonical\" href=\"https:\/\/candas365.es\/noticias\/derecha-populista-alemana-y-austriaca-debaten-sobre-colaboracion\/\" \/>\n\t<meta name=\"generator\" content=\"All in One SEO Pro (AIOSEO) 4.9.6.2\" \/>\n\t\t<meta property=\"og:locale\" content=\"es_ES\" \/>\n\t\t<meta property=\"og:site_name\" content=\"Cand\u00e1s 365\" \/>\n\t\t<meta property=\"og:type\" content=\"article\" \/>\n\t\t<meta property=\"og:title\" content=\"Derecha populista alemana y austriaca debaten sobre colaboraci\u00f3n | Cand\u00e1s 365\" \/>\n\t\t<meta property=\"og:description\" content=\"(dpa) - Los l\u00edderes del partido de derecha populista Alternativa para Alemania (AfD) y del ultraderechista Partido de la Libertad de Austria (FP\u00d6) se reunieron hoy en el sur de Alemania para colaborar a la hora de impulsar &quot;el movimiento euroesc\u00e9ptico&quot; en Europa. Durante el encuentro en la monta\u00f1a Zugspitze de los alpes b\u00e1varos, la\" \/>\n\t\t<meta property=\"og:url\" content=\"https:\/\/candas365.es\/noticias\/derecha-populista-alemana-y-austriaca-debaten-sobre-colaboracion\/\" \/>\n\t\t<meta property=\"og:image\" content=\"https:\/\/candas365.es\/noticias\/wp-content\/uploads\/2015\/09\/c365noticias.jpg\" \/>\n\t\t<meta property=\"og:image:secure_url\" content=\"https:\/\/candas365.es\/noticias\/wp-content\/uploads\/2015\/09\/c365noticias.jpg\" \/>\n\t\t<meta property=\"og:image:width\" content=\"655\" \/>\n\t\t<meta property=\"og:image:height\" content=\"360\" \/>\n\t\t<meta property=\"article:published_time\" content=\"2016-06-12T10:04:21+00:00\" \/>\n\t\t<meta property=\"article:modified_time\" content=\"2016-06-12T10:04:21+00:00\" \/>\n\t\t<meta property=\"article:publisher\" content=\"https:\/\/www.facebook.com\/Nachofdezber\" \/>\n\t\t<meta property=\"article:author\" content=\"https:\/\/www.facebook.com\/carrenoactualidad\" \/>\n\t\t<meta name=\"twitter:card\" content=\"summary_large_image\" \/>\n\t\t<meta name=\"twitter:site\" content=\"@NabercoDigital\" \/>\n\t\t<meta name=\"twitter:title\" content=\"Derecha populista alemana y austriaca debaten sobre colaboraci\u00f3n | Cand\u00e1s 365\" \/>\n\t\t<meta name=\"twitter:description\" content=\"(dpa) - Los l\u00edderes del partido de derecha populista Alternativa para Alemania (AfD) y del ultraderechista Partido de la Libertad de Austria (FP\u00d6) se reunieron hoy en el sur de Alemania para colaborar a la hora de impulsar &quot;el movimiento euroesc\u00e9ptico&quot; en Europa. Durante el encuentro en la monta\u00f1a Zugspitze de los alpes b\u00e1varos, la\" \/>\n\t\t<meta name=\"twitter:creator\" content=\"@nbasturias\" \/>\n\t\t<meta name=\"twitter:image\" content=\"https:\/\/candas365.es\/noticias\/wp-content\/uploads\/2015\/09\/c365noticias.jpg\" \/>\n\t\t<meta name=\"twitter:label1\" content=\"Escrito por\" \/>\n\t\t<meta name=\"twitter:data1\" content=\"Cand\u00e1s 365\" \/>\n\t\t<meta name=\"twitter:label2\" content=\"Tiempo de lectura estimado\" \/>\n\t\t<meta name=\"twitter:data2\" content=\"1 minuto\" \/>\n\t\t<script type=\"application\/ld+json\" class=\"aioseo-schema\">\n\t\t\t{\"@context\":\"https:\\\/\\\/schema.org\",\"@graph\":[{\"@type\":\"BreadcrumbList\",\"@id\":\"https:\\\/\\\/candas365.es\\\/noticias\\\/derecha-populista-alemana-y-austriaca-debaten-sobre-colaboracion\\\/#breadcrumblist\",\"itemListElement\":[{\"@type\":\"ListItem\",\"@id\":\"https:\\\/\\\/candas365.es\\\/noticias#listItem\",\"position\":1,\"name\":\"Home\",\"item\":\"https:\\\/\\\/candas365.es\\\/noticias\",\"nextItem\":{\"@type\":\"ListItem\",\"@id\":\"https:\\\/\\\/candas365.es\\\/noticias\\\/category\\\/actualidad\\\/#listItem\",\"name\":\"Actualidad\"}},{\"@type\":\"ListItem\",\"@id\":\"https:\\\/\\\/candas365.es\\\/noticias\\\/category\\\/actualidad\\\/#listItem\",\"position\":2,\"name\":\"Actualidad\",\"item\":\"https:\\\/\\\/candas365.es\\\/noticias\\\/category\\\/actualidad\\\/\",\"nextItem\":{\"@type\":\"ListItem\",\"@id\":\"https:\\\/\\\/candas365.es\\\/noticias\\\/derecha-populista-alemana-y-austriaca-debaten-sobre-colaboracion\\\/#listItem\",\"name\":\"Derecha populista alemana y austriaca debaten sobre colaboraci\\u00f3n\"},\"previousItem\":{\"@type\":\"ListItem\",\"@id\":\"https:\\\/\\\/candas365.es\\\/noticias#listItem\",\"name\":\"Home\"}},{\"@type\":\"ListItem\",\"@id\":\"https:\\\/\\\/candas365.es\\\/noticias\\\/derecha-populista-alemana-y-austriaca-debaten-sobre-colaboracion\\\/#listItem\",\"position\":3,\"name\":\"Derecha populista alemana y austriaca debaten sobre colaboraci\\u00f3n\",\"previousItem\":{\"@type\":\"ListItem\",\"@id\":\"https:\\\/\\\/candas365.es\\\/noticias\\\/category\\\/actualidad\\\/#listItem\",\"name\":\"Actualidad\"}}]},{\"@type\":\"NewsArticle\",\"@id\":\"https:\\\/\\\/candas365.es\\\/noticias\\\/derecha-populista-alemana-y-austriaca-debaten-sobre-colaboracion\\\/#newsarticle\",\"name\":\"Derecha populista alemana y austriaca debaten sobre colaboraci\\u00f3n | Cand\\u00e1s 365\",\"headline\":\"Derecha populista alemana y austriaca debaten sobre colaboraci\\u00f3n\",\"author\":{\"@id\":\"https:\\\/\\\/candas365.es\\\/noticias\\\/author\\\/admin\\\/#author\"},\"publisher\":{\"@id\":\"https:\\\/\\\/candas365.es\\\/noticias\\\/#organization\"},\"image\":{\"@type\":\"ImageObject\",\"url\":\"https:\\\/\\\/candas365.es\\\/noticias\\\/wp-content\\\/uploads\\\/2015\\\/09\\\/c365noticias.jpg\",\"width\":655,\"height\":360},\"datePublished\":\"2016-06-12T11:34:21+02:00\",\"dateModified\":\"2016-06-12T11:34:21+02:00\",\"inLanguage\":\"es-ES\",\"mainEntityOfPage\":{\"@id\":\"https:\\\/\\\/candas365.es\\\/noticias\\\/derecha-populista-alemana-y-austriaca-debaten-sobre-colaboracion\\\/#webpage\"},\"isPartOf\":{\"@id\":\"https:\\\/\\\/candas365.es\\\/noticias\\\/derecha-populista-alemana-y-austriaca-debaten-sobre-colaboracion\\\/#webpage\"},\"articleSection\":\"Actualidad\",\"dateline\":\"Publicado el junio 12, 2016.\"},{\"@type\":\"Organization\",\"@id\":\"https:\\\/\\\/candas365.es\\\/noticias\\\/#organization\",\"name\":\"Cand\\u00e1s 365\",\"description\":\"Cand\\u00e1s 365 es un diario digital independiente, fundado en 2012, con base en Asturias. Informamos con rigor sobre actualidad, sociedad, cultura y ocio, con una mirada local y global.\",\"url\":\"https:\\\/\\\/candas365.es\\\/noticias\\\/\",\"email\":\"info@candas365.es\",\"telephone\":\"+34652131393\",\"foundingDate\":\"2012-06-10\",\"logo\":{\"@type\":\"ImageObject\",\"url\":\"https:\\\/\\\/candas365.es\\\/noticias\\\/wp-content\\\/uploads\\\/2024\\\/09\\\/Candas-365-Redes.jpg\",\"@id\":\"https:\\\/\\\/candas365.es\\\/noticias\\\/derecha-populista-alemana-y-austriaca-debaten-sobre-colaboracion\\\/#organizationLogo\",\"width\":1152,\"height\":864,\"caption\":\"Cand\\u00e1s 365 Redes\"},\"image\":{\"@id\":\"https:\\\/\\\/candas365.es\\\/noticias\\\/derecha-populista-alemana-y-austriaca-debaten-sobre-colaboracion\\\/#organizationLogo\"},\"sameAs\":[\"https:\\\/\\\/www.facebook.com\\\/Nachofdezber\",\"https:\\\/\\\/x.com\\\/NabercoDigital\",\"https:\\\/\\\/www.instagram.com\\\/nachofdezber\\\/\",\"https:\\\/\\\/www.youtube.com\\\/channel\\\/UCZP-2wLEB9Rv6erhFmqVnvg\"],\"address\":{\"@id\":\"https:\\\/\\\/candas365.es\\\/noticias\\\/#postaladdress\",\"@type\":\"PostalAddress\",\"streetAddress\":\"san antonio 4, san antonio 4\",\"postalCode\":\"33430\",\"addressLocality\":\"Cand\\u00e1s\",\"addressRegion\":\"Asturias\",\"addressCountry\":\"ES\"}},{\"@type\":\"Person\",\"@id\":\"https:\\\/\\\/candas365.es\\\/noticias\\\/author\\\/admin\\\/#author\",\"url\":\"https:\\\/\\\/candas365.es\\\/noticias\\\/author\\\/admin\\\/\",\"name\":\"Cand\\u00e1s 365\",\"image\":{\"@type\":\"ImageObject\",\"@id\":\"https:\\\/\\\/candas365.es\\\/noticias\\\/derecha-populista-alemana-y-austriaca-debaten-sobre-colaboracion\\\/#authorImage\",\"url\":\"https:\\\/\\\/secure.gravatar.com\\\/avatar\\\/496a8e03d0c493ede1718b7934145dbdf8d89be1036b0eec9544e1094c9de390?s=96&d=mm&r=g\",\"width\":96,\"height\":96,\"caption\":\"Cand\\u00e1s 365\"},\"sameAs\":[\"https:\\\/\\\/www.facebook.com\\\/carrenoactualidad\",\"https:\\\/\\\/twitter.com\\\/nbasturias\",\"https:\\\/\\\/www.instagram.com\\\/nachofdezber\\\/\",\"https:\\\/\\\/www.youtube.com\\\/channel\\\/UCZP-2wLEB9Rv6erhFmqVnvg\"]},{\"@type\":\"WebPage\",\"@id\":\"https:\\\/\\\/candas365.es\\\/noticias\\\/derecha-populista-alemana-y-austriaca-debaten-sobre-colaboracion\\\/#webpage\",\"url\":\"https:\\\/\\\/candas365.es\\\/noticias\\\/derecha-populista-alemana-y-austriaca-debaten-sobre-colaboracion\\\/\",\"name\":\"Derecha populista alemana y austriaca debaten sobre colaboraci\\u00f3n | Cand\\u00e1s 365\",\"description\":\"(dpa) - Los l\\u00edderes del partido de derecha populista Alternativa para Alemania (AfD) y del ultraderechista Partido de la Libertad de Austria (FP\\u00d6) se reunieron hoy en el sur de Alemania para colaborar a la hora de impulsar \\\"el movimiento euroesc\\u00e9ptico\\\" en Europa. Durante el encuentro en la monta\\u00f1a Zugspitze de los alpes b\\u00e1varos, la\",\"inLanguage\":\"es-ES\",\"isPartOf\":{\"@id\":\"https:\\\/\\\/candas365.es\\\/noticias\\\/#website\"},\"breadcrumb\":{\"@id\":\"https:\\\/\\\/candas365.es\\\/noticias\\\/derecha-populista-alemana-y-austriaca-debaten-sobre-colaboracion\\\/#breadcrumblist\"},\"author\":{\"@id\":\"https:\\\/\\\/candas365.es\\\/noticias\\\/author\\\/admin\\\/#author\"},\"creator\":{\"@id\":\"https:\\\/\\\/candas365.es\\\/noticias\\\/author\\\/admin\\\/#author\"},\"image\":{\"@type\":\"ImageObject\",\"url\":\"https:\\\/\\\/candas365.es\\\/noticias\\\/wp-content\\\/uploads\\\/2015\\\/09\\\/c365noticias.jpg\",\"@id\":\"https:\\\/\\\/candas365.es\\\/noticias\\\/derecha-populista-alemana-y-austriaca-debaten-sobre-colaboracion\\\/#mainImage\",\"width\":655,\"height\":360},\"primaryImageOfPage\":{\"@id\":\"https:\\\/\\\/candas365.es\\\/noticias\\\/derecha-populista-alemana-y-austriaca-debaten-sobre-colaboracion\\\/#mainImage\"},\"datePublished\":\"2016-06-12T11:34:21+02:00\",\"dateModified\":\"2016-06-12T11:34:21+02:00\"},{\"@type\":\"WebSite\",\"@id\":\"https:\\\/\\\/candas365.es\\\/noticias\\\/#website\",\"url\":\"https:\\\/\\\/candas365.es\\\/noticias\\\/\",\"name\":\"Cand\\u00e1s 365\",\"alternateName\":\"Cand\\u00e1s 365 Noticias\",\"description\":\"Actualidad desde Carre\\u00f1o para el mundo\",\"inLanguage\":\"es-ES\",\"publisher\":{\"@id\":\"https:\\\/\\\/candas365.es\\\/noticias\\\/#organization\"}}]}\n\t\t<\/script>\n\t\t<!-- All in One SEO Pro -->\r\n\t\t<title>Derecha populista alemana y austriaca debaten sobre colaboraci\u00f3n | Cand\u00e1s 365<\/title>\n\n","aioseo_head_json":{"title":"Derecha populista alemana y austriaca debaten sobre colaboraci\u00f3n | Cand\u00e1s 365","description":"(dpa) - Los l\u00edderes del partido de derecha populista Alternativa para Alemania (AfD) y del ultraderechista Partido de la Libertad de Austria (FP\u00d6) se reunieron hoy en el sur de Alemania para colaborar a la hora de impulsar \"el movimiento euroesc\u00e9ptico\" en Europa. Durante el encuentro en la monta\u00f1a Zugspitze de los alpes b\u00e1varos, la","canonical_url":"https:\/\/candas365.es\/noticias\/derecha-populista-alemana-y-austriaca-debaten-sobre-colaboracion\/","robots":"max-image-preview:large","keywords":"actualidad","webmasterTools":{"google-site-verification":"UA-32230408-1","msvalidate.01":"354F3CDFB2DA171B47FBE9ABF1F88D5","miscellaneous":""},"schema":{"@context":"https:\/\/schema.org","@graph":[{"@type":"BreadcrumbList","@id":"https:\/\/candas365.es\/noticias\/derecha-populista-alemana-y-austriaca-debaten-sobre-colaboracion\/#breadcrumblist","itemListElement":[{"@type":"ListItem","@id":"https:\/\/candas365.es\/noticias#listItem","position":1,"name":"Home","item":"https:\/\/candas365.es\/noticias","nextItem":{"@type":"ListItem","@id":"https:\/\/candas365.es\/noticias\/category\/actualidad\/#listItem","name":"Actualidad"}},{"@type":"ListItem","@id":"https:\/\/candas365.es\/noticias\/category\/actualidad\/#listItem","position":2,"name":"Actualidad","item":"https:\/\/candas365.es\/noticias\/category\/actualidad\/","nextItem":{"@type":"ListItem","@id":"https:\/\/candas365.es\/noticias\/derecha-populista-alemana-y-austriaca-debaten-sobre-colaboracion\/#listItem","name":"Derecha populista alemana y austriaca debaten sobre colaboraci\u00f3n"},"previousItem":{"@type":"ListItem","@id":"https:\/\/candas365.es\/noticias#listItem","name":"Home"}},{"@type":"ListItem","@id":"https:\/\/candas365.es\/noticias\/derecha-populista-alemana-y-austriaca-debaten-sobre-colaboracion\/#listItem","position":3,"name":"Derecha populista alemana y austriaca debaten sobre colaboraci\u00f3n","previousItem":{"@type":"ListItem","@id":"https:\/\/candas365.es\/noticias\/category\/actualidad\/#listItem","name":"Actualidad"}}]},{"@type":"NewsArticle","@id":"https:\/\/candas365.es\/noticias\/derecha-populista-alemana-y-austriaca-debaten-sobre-colaboracion\/#newsarticle","name":"Derecha populista alemana y austriaca debaten sobre colaboraci\u00f3n | Cand\u00e1s 365","headline":"Derecha populista alemana y austriaca debaten sobre colaboraci\u00f3n","author":{"@id":"https:\/\/candas365.es\/noticias\/author\/admin\/#author"},"publisher":{"@id":"https:\/\/candas365.es\/noticias\/#organization"},"image":{"@type":"ImageObject","url":"https:\/\/candas365.es\/noticias\/wp-content\/uploads\/2015\/09\/c365noticias.jpg","width":655,"height":360},"datePublished":"2016-06-12T11:34:21+02:00","dateModified":"2016-06-12T11:34:21+02:00","inLanguage":"es-ES","mainEntityOfPage":{"@id":"https:\/\/candas365.es\/noticias\/derecha-populista-alemana-y-austriaca-debaten-sobre-colaboracion\/#webpage"},"isPartOf":{"@id":"https:\/\/candas365.es\/noticias\/derecha-populista-alemana-y-austriaca-debaten-sobre-colaboracion\/#webpage"},"articleSection":"Actualidad","dateline":"Publicado el junio 12, 2016."},{"@type":"Organization","@id":"https:\/\/candas365.es\/noticias\/#organization","name":"Cand\u00e1s 365","description":"Cand\u00e1s 365 es un diario digital independiente, fundado en 2012, con base en Asturias. Informamos con rigor sobre actualidad, sociedad, cultura y ocio, con una mirada local y global.","url":"https:\/\/candas365.es\/noticias\/","email":"info@candas365.es","telephone":"+34652131393","foundingDate":"2012-06-10","logo":{"@type":"ImageObject","url":"https:\/\/candas365.es\/noticias\/wp-content\/uploads\/2024\/09\/Candas-365-Redes.jpg","@id":"https:\/\/candas365.es\/noticias\/derecha-populista-alemana-y-austriaca-debaten-sobre-colaboracion\/#organizationLogo","width":1152,"height":864,"caption":"Cand\u00e1s 365 Redes"},"image":{"@id":"https:\/\/candas365.es\/noticias\/derecha-populista-alemana-y-austriaca-debaten-sobre-colaboracion\/#organizationLogo"},"sameAs":["https:\/\/www.facebook.com\/Nachofdezber","https:\/\/x.com\/NabercoDigital","https:\/\/www.instagram.com\/nachofdezber\/","https:\/\/www.youtube.com\/channel\/UCZP-2wLEB9Rv6erhFmqVnvg"],"address":{"@id":"https:\/\/candas365.es\/noticias\/#postaladdress","@type":"PostalAddress","streetAddress":"san antonio 4, san antonio 4","postalCode":"33430","addressLocality":"Cand\u00e1s","addressRegion":"Asturias","addressCountry":"ES"}},{"@type":"Person","@id":"https:\/\/candas365.es\/noticias\/author\/admin\/#author","url":"https:\/\/candas365.es\/noticias\/author\/admin\/","name":"Cand\u00e1s 365","image":{"@type":"ImageObject","@id":"https:\/\/candas365.es\/noticias\/derecha-populista-alemana-y-austriaca-debaten-sobre-colaboracion\/#authorImage","url":"https:\/\/secure.gravatar.com\/avatar\/496a8e03d0c493ede1718b7934145dbdf8d89be1036b0eec9544e1094c9de390?s=96&d=mm&r=g","width":96,"height":96,"caption":"Cand\u00e1s 365"},"sameAs":["https:\/\/www.facebook.com\/carrenoactualidad","https:\/\/twitter.com\/nbasturias","https:\/\/www.instagram.com\/nachofdezber\/","https:\/\/www.youtube.com\/channel\/UCZP-2wLEB9Rv6erhFmqVnvg"]},{"@type":"WebPage","@id":"https:\/\/candas365.es\/noticias\/derecha-populista-alemana-y-austriaca-debaten-sobre-colaboracion\/#webpage","url":"https:\/\/candas365.es\/noticias\/derecha-populista-alemana-y-austriaca-debaten-sobre-colaboracion\/","name":"Derecha populista alemana y austriaca debaten sobre colaboraci\u00f3n | Cand\u00e1s 365","description":"(dpa) - Los l\u00edderes del partido de derecha populista Alternativa para Alemania (AfD) y del ultraderechista Partido de la Libertad de Austria (FP\u00d6) se reunieron hoy en el sur de Alemania para colaborar a la hora de impulsar \"el movimiento euroesc\u00e9ptico\" en Europa. Durante el encuentro en la monta\u00f1a Zugspitze de los alpes b\u00e1varos, la","inLanguage":"es-ES","isPartOf":{"@id":"https:\/\/candas365.es\/noticias\/#website"},"breadcrumb":{"@id":"https:\/\/candas365.es\/noticias\/derecha-populista-alemana-y-austriaca-debaten-sobre-colaboracion\/#breadcrumblist"},"author":{"@id":"https:\/\/candas365.es\/noticias\/author\/admin\/#author"},"creator":{"@id":"https:\/\/candas365.es\/noticias\/author\/admin\/#author"},"image":{"@type":"ImageObject","url":"https:\/\/candas365.es\/noticias\/wp-content\/uploads\/2015\/09\/c365noticias.jpg","@id":"https:\/\/candas365.es\/noticias\/derecha-populista-alemana-y-austriaca-debaten-sobre-colaboracion\/#mainImage","width":655,"height":360},"primaryImageOfPage":{"@id":"https:\/\/candas365.es\/noticias\/derecha-populista-alemana-y-austriaca-debaten-sobre-colaboracion\/#mainImage"},"datePublished":"2016-06-12T11:34:21+02:00","dateModified":"2016-06-12T11:34:21+02:00"},{"@type":"WebSite","@id":"https:\/\/candas365.es\/noticias\/#website","url":"https:\/\/candas365.es\/noticias\/","name":"Cand\u00e1s 365","alternateName":"Cand\u00e1s 365 Noticias","description":"Actualidad desde Carre\u00f1o para el mundo","inLanguage":"es-ES","publisher":{"@id":"https:\/\/candas365.es\/noticias\/#organization"}}]},"og:locale":"es_ES","og:site_name":"Cand\u00e1s 365","og:type":"article","og:title":"Derecha populista alemana y austriaca debaten sobre colaboraci\u00f3n | Cand\u00e1s 365","og:description":"(dpa) - Los l\u00edderes del partido de derecha populista Alternativa para Alemania (AfD) y del ultraderechista Partido de la Libertad de Austria (FP\u00d6) se reunieron hoy en el sur de Alemania para colaborar a la hora de impulsar &quot;el movimiento euroesc\u00e9ptico&quot; en Europa. Durante el encuentro en la monta\u00f1a Zugspitze de los alpes b\u00e1varos, la","og:url":"https:\/\/candas365.es\/noticias\/derecha-populista-alemana-y-austriaca-debaten-sobre-colaboracion\/","og:image":"https:\/\/candas365.es\/noticias\/wp-content\/uploads\/2015\/09\/c365noticias.jpg","og:image:secure_url":"https:\/\/candas365.es\/noticias\/wp-content\/uploads\/2015\/09\/c365noticias.jpg","og:image:width":655,"og:image:height":360,"article:published_time":"2016-06-12T10:04:21+00:00","article:modified_time":"2016-06-12T10:04:21+00:00","article:publisher":"https:\/\/www.facebook.com\/Nachofdezber","article:author":"https:\/\/www.facebook.com\/carrenoactualidad","twitter:card":"summary_large_image","twitter:site":"@NabercoDigital","twitter:title":"Derecha populista alemana y austriaca debaten sobre colaboraci\u00f3n | Cand\u00e1s 365","twitter:description":"(dpa) - Los l\u00edderes del partido de derecha populista Alternativa para Alemania (AfD) y del ultraderechista Partido de la Libertad de Austria (FP\u00d6) se reunieron hoy en el sur de Alemania para colaborar a la hora de impulsar &quot;el movimiento euroesc\u00e9ptico&quot; en Europa. Durante el encuentro en la monta\u00f1a Zugspitze de los alpes b\u00e1varos, la","twitter:creator":"@nbasturias","twitter:image":"https:\/\/candas365.es\/noticias\/wp-content\/uploads\/2015\/09\/c365noticias.jpg","twitter:label1":"Escrito por","twitter:data1":"Cand\u00e1s 365","twitter:label2":"Tiempo de lectura estimado","twitter:data2":"1 minuto"},"aioseo_meta_data":{"post_id":"30021","title":null,"description":null,"keywords":null,"keyphrases":null,"primary_term":null,"canonical_url":null,"og_title":null,"og_description":null,"og_object_type":"default","og_image_type":"default","og_image_url":null,"og_image_width":null,"og_image_height":null,"og_image_custom_url":null,"og_image_custom_fields":null,"og_video":null,"og_custom_url":null,"og_article_section":null,"og_article_tags":null,"twitter_use_og":false,"twitter_card":"default","twitter_image_type":"default","twitter_image_url":null,"twitter_image_custom_url":null,"twitter_image_custom_fields":null,"twitter_title":null,"twitter_description":null,"schema":{"blockGraphs":[],"customGraphs":[],"default":{"data":{"Article":[],"Course":[],"Dataset":[],"FAQPage":[],"Movie":[],"Person":[],"Product":[],"ProductReview":[],"Car":[],"Recipe":[],"Service":[],"SoftwareApplication":[],"WebPage":[]},"graphName":"","isEnabled":true},"graphs":[],"defaultGraph":"","defaultPostTypeGraph":""},"schema_type":null,"schema_type_options":null,"pillar_content":false,"robots_default":true,"robots_noindex":false,"robots_noarchive":false,"robots_nosnippet":false,"robots_nofollow":false,"robots_noimageindex":false,"robots_noodp":false,"robots_notranslate":false,"robots_max_snippet":null,"robots_max_videopreview":null,"robots_max_imagepreview":"large","priority":null,"frequency":null,"location":null,"local_seo":null,"seo_analyzer_scan_date":"2025-08-24 11:59:32","breadcrumb_settings":null,"limit_modified_date":false,"reviewed_by":null,"open_ai":null,"ai":null,"created":"2020-12-21 12:56:45","updated":"2025-08-24 11:59:32"},"aioseo_breadcrumb":"<div class=\"aioseo-breadcrumbs\"><span class=\"aioseo-breadcrumb\">\n\t<a href=\"https:\/\/candas365.es\/noticias\" title=\"Home\">Home<\/a>\n<\/span><span class=\"aioseo-breadcrumb-separator\">&ndash;<\/span><span class=\"aioseo-breadcrumb\">\n\t<a href=\"https:\/\/candas365.es\/noticias\/category\/actualidad\/\" title=\"Actualidad\">Actualidad<\/a>\n<\/span><span class=\"aioseo-breadcrumb-separator\">&ndash;<\/span><span class=\"aioseo-breadcrumb\">\n\tDerecha populista alemana y austriaca debaten sobre colaboraci\u00f3n\n<\/span><\/div>","aioseo_breadcrumb_json":[{"label":"Home","link":"https:\/\/candas365.es\/noticias"},{"label":"Actualidad","link":"https:\/\/candas365.es\/noticias\/category\/actualidad\/"},{"label":"Derecha populista alemana y austriaca debaten sobre colaboraci\u00f3n","link":"https:\/\/candas365.es\/noticias\/derecha-populista-alemana-y-austriaca-debaten-sobre-colaboracion\/"}],"_links":{"self":[{"href":"https:\/\/candas365.es\/noticias\/wp-json\/wp\/v2\/posts\/30021","targetHints":{"allow":["GET"]}}],"collection":[{"href":"https:\/\/candas365.es\/noticias\/wp-json\/wp\/v2\/posts"}],"about":[{"href":"https:\/\/candas365.es\/noticias\/wp-json\/wp\/v2\/types\/post"}],"author":[{"embeddable":true,"href":"https:\/\/candas365.es\/noticias\/wp-json\/wp\/v2\/users\/1"}],"replies":[{"embeddable":true,"href":"https:\/\/candas365.es\/noticias\/wp-json\/wp\/v2\/comments?post=30021"}],"version-history":[{"count":0,"href":"https:\/\/candas365.es\/noticias\/wp-json\/wp\/v2\/posts\/30021\/revisions"}],"wp:featuredmedia":[{"embeddable":true,"href":"https:\/\/candas365.es\/noticias\/wp-json\/wp\/v2\/media\/16457"}],"wp:attachment":[{"href":"https:\/\/candas365.es\/noticias\/wp-json\/wp\/v2\/media?parent=30021"}],"wp:term":[{"taxonomy":"category","embeddable":true,"href":"https:\/\/candas365.es\/noticias\/wp-json\/wp\/v2\/categories?post=30021"},{"taxonomy":"post_tag","embeddable":true,"href":"https:\/\/candas365.es\/noticias\/wp-json\/wp\/v2\/tags?post=30021"}],"curies":[{"name":"wp","href":"https:\/\/api.w.org\/{rel}","templated":true}]}}