{"id":30015,"date":"2016-06-12T11:29:11","date_gmt":"2016-06-12T09:59:11","guid":{"rendered":"http:\/\/candas365.es\/noticias\/?p=30015"},"modified":"2016-06-12T11:29:11","modified_gmt":"2016-06-12T09:59:11","slug":"der-spiegel-hace-campana-en-contra-del-brexit","status":"publish","type":"post","link":"https:\/\/candas365.es\/noticias\/der-spiegel-hace-campana-en-contra-del-brexit\/","title":{"rendered":"\u00abDer Spiegel\u00bb hace campa\u00f1a en contra del \u00abBrexit\u00bb"},"content":{"rendered":"<p>(dpa) &#8211; La prestigiosa publicaci\u00f3n alemana \u00abDer Spiegel\u00bb dedica su nueva edici\u00f3n para hacer campa\u00f1a a favor de la permanencia del Reino Unido en la Uni\u00f3n Europea, de cara al refer\u00e9ndum que se celebrar\u00e1 el 23 de junio en ese pa\u00eds, con todos su art\u00edculos en ingl\u00e9s y en alem\u00e1n.<\/p>\n<p>Bajo el t\u00edtulo \u00abPlease don\u2019t go! Why Germany needs the British\u00bb (Por favor, no se vayan. \u00bfPor qu\u00e9 Alemania necesita a los brit\u00e1nicos), la revista germana analiza las consecuencias que tendr\u00eda para todo el continente una eventual salida de Reino Unido tanto a nivel pol\u00edtico, como econ\u00f3mico, social y geoestrat\u00e9gico, informaron hoy sus responsables sobre la nueva edici\u00f3n que saldr\u00e1 ma\u00f1ana a los kioskos.<\/p>\n<p>\u00abPor primera vez, un miembro de la UE va a votar sobre si dejar el club europeo en un acto pol\u00edtico sin parang\u00f3n. Las consecuencias podr\u00edan ser desastrosas y, para empeorar las cosas, tendr\u00eda lugar en medio de la crisis m\u00e1s grave de Europa en d\u00e9cadas\u00bb, explic\u00f3 el editor jefe de \u00abDer Spiegel\u00bb, Klaus Brinkb\u00e4umer.<\/p>\n<p>\u00abCompa\u00f1eros de varios departamentos trabajaron en la nueva edici\u00f3n para aglutinar multitud de razones por las que no podemos continuar sin los brit\u00e1nicos. El resultado es una objetiva, pero tambi\u00e9n clara, emocional y biling\u00fce s\u00faplica al pa\u00eds: Please don&#8217;t go!\u00bb, agreg\u00f3.<\/p>\n<p>En opini\u00f3n de la publicaci\u00f3n alemana, sin Reino Unido Europa ser\u00eda m\u00e1s pobre, m\u00e1s peque\u00f1a, m\u00e1s insegura y perder\u00eda un actor en el escenario mundial.<\/p>\n<p>&nbsp;<\/p>\n","protected":false},"excerpt":{"rendered":"<p>(dpa) &#8211; La prestigiosa publicaci\u00f3n alemana \u00abDer Spiegel\u00bb dedica su nueva edici\u00f3n para hacer campa\u00f1a a favor de la permanencia del Reino Unido en la Uni\u00f3n Europea, de cara al refer\u00e9ndum que se celebrar\u00e1 el 23 de junio en ese pa\u00eds, con todos su art\u00edculos en ingl\u00e9s y en alem\u00e1n. Bajo el t\u00edtulo \u00abPlease don\u2019t<\/p>\n","protected":false},"author":1,"featured_media":16457,"comment_status":"closed","ping_status":"closed","sticky":false,"template":"","format":"standard","meta":{"footnotes":""},"categories":[343],"tags":[],"class_list":{"0":"post-30015","1":"post","2":"type-post","3":"status-publish","4":"format-standard","5":"has-post-thumbnail","7":"category-actualidad"},"aioseo_notices":[],"aioseo_head":"\n\t\t<!-- All in One SEO Pro 4.9.6.2 - aioseo.com -->\n\t<meta name=\"description\" content=\"(dpa) - La prestigiosa publicaci\u00f3n alemana &quot;Der Spiegel&quot; dedica su nueva edici\u00f3n para hacer campa\u00f1a a favor de la permanencia del Reino Unido en la Uni\u00f3n Europea, de cara al refer\u00e9ndum que se celebrar\u00e1 el 23 de junio en ese pa\u00eds, con todos su art\u00edculos en ingl\u00e9s y en alem\u00e1n. Bajo el t\u00edtulo &quot;Please don\u2019t\" \/>\n\t<meta name=\"robots\" content=\"max-image-preview:large\" \/>\n\t<meta name=\"author\" content=\"Cand\u00e1s 365\"\/>\n\t<meta name=\"google-site-verification\" content=\"UA-32230408-1\" \/>\n\t<meta name=\"msvalidate.01\" content=\"354F3CDFB2DA171B47FBE9ABF1F88D5\" \/>\n\t<meta name=\"keywords\" content=\"actualidad\" \/>\n\t<link rel=\"canonical\" href=\"https:\/\/candas365.es\/noticias\/der-spiegel-hace-campana-en-contra-del-brexit\/\" \/>\n\t<meta name=\"generator\" content=\"All in One SEO Pro (AIOSEO) 4.9.6.2\" \/>\n\t\t<meta property=\"og:locale\" content=\"es_ES\" \/>\n\t\t<meta property=\"og:site_name\" content=\"Cand\u00e1s 365\" \/>\n\t\t<meta property=\"og:type\" content=\"article\" \/>\n\t\t<meta property=\"og:title\" content=\"\u00abDer Spiegel\u00bb hace campa\u00f1a en contra del \u00abBrexit\u00bb | Cand\u00e1s 365\" \/>\n\t\t<meta property=\"og:description\" content=\"(dpa) - La prestigiosa publicaci\u00f3n alemana &quot;Der Spiegel&quot; dedica su nueva edici\u00f3n para hacer campa\u00f1a a favor de la permanencia del Reino Unido en la Uni\u00f3n Europea, de cara al refer\u00e9ndum que se celebrar\u00e1 el 23 de junio en ese pa\u00eds, con todos su art\u00edculos en ingl\u00e9s y en alem\u00e1n. Bajo el t\u00edtulo &quot;Please don\u2019t\" \/>\n\t\t<meta property=\"og:url\" content=\"https:\/\/candas365.es\/noticias\/der-spiegel-hace-campana-en-contra-del-brexit\/\" \/>\n\t\t<meta property=\"og:image\" content=\"https:\/\/candas365.es\/noticias\/wp-content\/uploads\/2015\/09\/c365noticias.jpg\" \/>\n\t\t<meta property=\"og:image:secure_url\" content=\"https:\/\/candas365.es\/noticias\/wp-content\/uploads\/2015\/09\/c365noticias.jpg\" \/>\n\t\t<meta property=\"og:image:width\" content=\"655\" \/>\n\t\t<meta property=\"og:image:height\" content=\"360\" \/>\n\t\t<meta property=\"article:published_time\" content=\"2016-06-12T09:59:11+00:00\" \/>\n\t\t<meta property=\"article:modified_time\" content=\"2016-06-12T09:59:11+00:00\" \/>\n\t\t<meta property=\"article:publisher\" content=\"https:\/\/www.facebook.com\/Nachofdezber\" \/>\n\t\t<meta property=\"article:author\" content=\"https:\/\/www.facebook.com\/carrenoactualidad\" \/>\n\t\t<meta name=\"twitter:card\" content=\"summary_large_image\" \/>\n\t\t<meta name=\"twitter:site\" content=\"@NabercoDigital\" \/>\n\t\t<meta name=\"twitter:title\" content=\"\u00abDer Spiegel\u00bb hace campa\u00f1a en contra del \u00abBrexit\u00bb | Cand\u00e1s 365\" \/>\n\t\t<meta name=\"twitter:description\" content=\"(dpa) - La prestigiosa publicaci\u00f3n alemana &quot;Der Spiegel&quot; dedica su nueva edici\u00f3n para hacer campa\u00f1a a favor de la permanencia del Reino Unido en la Uni\u00f3n Europea, de cara al refer\u00e9ndum que se celebrar\u00e1 el 23 de junio en ese pa\u00eds, con todos su art\u00edculos en ingl\u00e9s y en alem\u00e1n. Bajo el t\u00edtulo &quot;Please don\u2019t\" \/>\n\t\t<meta name=\"twitter:creator\" content=\"@nbasturias\" \/>\n\t\t<meta name=\"twitter:image\" content=\"https:\/\/candas365.es\/noticias\/wp-content\/uploads\/2015\/09\/c365noticias.jpg\" \/>\n\t\t<meta name=\"twitter:label1\" content=\"Escrito por\" \/>\n\t\t<meta name=\"twitter:data1\" content=\"Cand\u00e1s 365\" \/>\n\t\t<meta name=\"twitter:label2\" content=\"Tiempo de lectura estimado\" \/>\n\t\t<meta name=\"twitter:data2\" content=\"1 minuto\" \/>\n\t\t<script type=\"application\/ld+json\" class=\"aioseo-schema\">\n\t\t\t{\"@context\":\"https:\\\/\\\/schema.org\",\"@graph\":[{\"@type\":\"BreadcrumbList\",\"@id\":\"https:\\\/\\\/candas365.es\\\/noticias\\\/der-spiegel-hace-campana-en-contra-del-brexit\\\/#breadcrumblist\",\"itemListElement\":[{\"@type\":\"ListItem\",\"@id\":\"https:\\\/\\\/candas365.es\\\/noticias#listItem\",\"position\":1,\"name\":\"Home\",\"item\":\"https:\\\/\\\/candas365.es\\\/noticias\",\"nextItem\":{\"@type\":\"ListItem\",\"@id\":\"https:\\\/\\\/candas365.es\\\/noticias\\\/category\\\/actualidad\\\/#listItem\",\"name\":\"Actualidad\"}},{\"@type\":\"ListItem\",\"@id\":\"https:\\\/\\\/candas365.es\\\/noticias\\\/category\\\/actualidad\\\/#listItem\",\"position\":2,\"name\":\"Actualidad\",\"item\":\"https:\\\/\\\/candas365.es\\\/noticias\\\/category\\\/actualidad\\\/\",\"nextItem\":{\"@type\":\"ListItem\",\"@id\":\"https:\\\/\\\/candas365.es\\\/noticias\\\/der-spiegel-hace-campana-en-contra-del-brexit\\\/#listItem\",\"name\":\"\\u00abDer Spiegel\\u00bb hace campa\\u00f1a en contra del \\u00abBrexit\\u00bb\"},\"previousItem\":{\"@type\":\"ListItem\",\"@id\":\"https:\\\/\\\/candas365.es\\\/noticias#listItem\",\"name\":\"Home\"}},{\"@type\":\"ListItem\",\"@id\":\"https:\\\/\\\/candas365.es\\\/noticias\\\/der-spiegel-hace-campana-en-contra-del-brexit\\\/#listItem\",\"position\":3,\"name\":\"\\u00abDer Spiegel\\u00bb hace campa\\u00f1a en contra del \\u00abBrexit\\u00bb\",\"previousItem\":{\"@type\":\"ListItem\",\"@id\":\"https:\\\/\\\/candas365.es\\\/noticias\\\/category\\\/actualidad\\\/#listItem\",\"name\":\"Actualidad\"}}]},{\"@type\":\"NewsArticle\",\"@id\":\"https:\\\/\\\/candas365.es\\\/noticias\\\/der-spiegel-hace-campana-en-contra-del-brexit\\\/#newsarticle\",\"name\":\"\\u00abDer Spiegel\\u00bb hace campa\\u00f1a en contra del \\u00abBrexit\\u00bb | Cand\\u00e1s 365\",\"headline\":\"\\u00abDer Spiegel\\u00bb hace campa\\u00f1a en contra del \\u00abBrexit\\u00bb\",\"author\":{\"@id\":\"https:\\\/\\\/candas365.es\\\/noticias\\\/author\\\/admin\\\/#author\"},\"publisher\":{\"@id\":\"https:\\\/\\\/candas365.es\\\/noticias\\\/#organization\"},\"image\":{\"@type\":\"ImageObject\",\"url\":\"https:\\\/\\\/candas365.es\\\/noticias\\\/wp-content\\\/uploads\\\/2015\\\/09\\\/c365noticias.jpg\",\"width\":655,\"height\":360},\"datePublished\":\"2016-06-12T11:29:11+02:00\",\"dateModified\":\"2016-06-12T11:29:11+02:00\",\"inLanguage\":\"es-ES\",\"mainEntityOfPage\":{\"@id\":\"https:\\\/\\\/candas365.es\\\/noticias\\\/der-spiegel-hace-campana-en-contra-del-brexit\\\/#webpage\"},\"isPartOf\":{\"@id\":\"https:\\\/\\\/candas365.es\\\/noticias\\\/der-spiegel-hace-campana-en-contra-del-brexit\\\/#webpage\"},\"articleSection\":\"Actualidad\",\"dateline\":\"Publicado el junio 12, 2016.\"},{\"@type\":\"Organization\",\"@id\":\"https:\\\/\\\/candas365.es\\\/noticias\\\/#organization\",\"name\":\"Cand\\u00e1s 365\",\"description\":\"Cand\\u00e1s 365 es un diario digital independiente, fundado en 2012, con base en Asturias. Informamos con rigor sobre actualidad, sociedad, cultura y ocio, con una mirada local y global.\",\"url\":\"https:\\\/\\\/candas365.es\\\/noticias\\\/\",\"email\":\"info@candas365.es\",\"telephone\":\"+34652131393\",\"foundingDate\":\"2012-06-10\",\"logo\":{\"@type\":\"ImageObject\",\"url\":\"https:\\\/\\\/candas365.es\\\/noticias\\\/wp-content\\\/uploads\\\/2024\\\/09\\\/Candas-365-Redes.jpg\",\"@id\":\"https:\\\/\\\/candas365.es\\\/noticias\\\/der-spiegel-hace-campana-en-contra-del-brexit\\\/#organizationLogo\",\"width\":1152,\"height\":864,\"caption\":\"Cand\\u00e1s 365 Redes\"},\"image\":{\"@id\":\"https:\\\/\\\/candas365.es\\\/noticias\\\/der-spiegel-hace-campana-en-contra-del-brexit\\\/#organizationLogo\"},\"sameAs\":[\"https:\\\/\\\/www.facebook.com\\\/Nachofdezber\",\"https:\\\/\\\/x.com\\\/NabercoDigital\",\"https:\\\/\\\/www.instagram.com\\\/nachofdezber\\\/\",\"https:\\\/\\\/www.youtube.com\\\/channel\\\/UCZP-2wLEB9Rv6erhFmqVnvg\"],\"address\":{\"@id\":\"https:\\\/\\\/candas365.es\\\/noticias\\\/#postaladdress\",\"@type\":\"PostalAddress\",\"streetAddress\":\"san antonio 4, san antonio 4\",\"postalCode\":\"33430\",\"addressLocality\":\"Cand\\u00e1s\",\"addressRegion\":\"Asturias\",\"addressCountry\":\"ES\"}},{\"@type\":\"Person\",\"@id\":\"https:\\\/\\\/candas365.es\\\/noticias\\\/author\\\/admin\\\/#author\",\"url\":\"https:\\\/\\\/candas365.es\\\/noticias\\\/author\\\/admin\\\/\",\"name\":\"Cand\\u00e1s 365\",\"image\":{\"@type\":\"ImageObject\",\"@id\":\"https:\\\/\\\/candas365.es\\\/noticias\\\/der-spiegel-hace-campana-en-contra-del-brexit\\\/#authorImage\",\"url\":\"https:\\\/\\\/secure.gravatar.com\\\/avatar\\\/496a8e03d0c493ede1718b7934145dbdf8d89be1036b0eec9544e1094c9de390?s=96&d=mm&r=g\",\"width\":96,\"height\":96,\"caption\":\"Cand\\u00e1s 365\"},\"sameAs\":[\"https:\\\/\\\/www.facebook.com\\\/carrenoactualidad\",\"https:\\\/\\\/twitter.com\\\/nbasturias\",\"https:\\\/\\\/www.instagram.com\\\/nachofdezber\\\/\",\"https:\\\/\\\/www.youtube.com\\\/channel\\\/UCZP-2wLEB9Rv6erhFmqVnvg\"]},{\"@type\":\"WebPage\",\"@id\":\"https:\\\/\\\/candas365.es\\\/noticias\\\/der-spiegel-hace-campana-en-contra-del-brexit\\\/#webpage\",\"url\":\"https:\\\/\\\/candas365.es\\\/noticias\\\/der-spiegel-hace-campana-en-contra-del-brexit\\\/\",\"name\":\"\\u00abDer Spiegel\\u00bb hace campa\\u00f1a en contra del \\u00abBrexit\\u00bb | Cand\\u00e1s 365\",\"description\":\"(dpa) - La prestigiosa publicaci\\u00f3n alemana \\\"Der Spiegel\\\" dedica su nueva edici\\u00f3n para hacer campa\\u00f1a a favor de la permanencia del Reino Unido en la Uni\\u00f3n Europea, de cara al refer\\u00e9ndum que se celebrar\\u00e1 el 23 de junio en ese pa\\u00eds, con todos su art\\u00edculos en ingl\\u00e9s y en alem\\u00e1n. Bajo el t\\u00edtulo \\\"Please don\\u2019t\",\"inLanguage\":\"es-ES\",\"isPartOf\":{\"@id\":\"https:\\\/\\\/candas365.es\\\/noticias\\\/#website\"},\"breadcrumb\":{\"@id\":\"https:\\\/\\\/candas365.es\\\/noticias\\\/der-spiegel-hace-campana-en-contra-del-brexit\\\/#breadcrumblist\"},\"author\":{\"@id\":\"https:\\\/\\\/candas365.es\\\/noticias\\\/author\\\/admin\\\/#author\"},\"creator\":{\"@id\":\"https:\\\/\\\/candas365.es\\\/noticias\\\/author\\\/admin\\\/#author\"},\"image\":{\"@type\":\"ImageObject\",\"url\":\"https:\\\/\\\/candas365.es\\\/noticias\\\/wp-content\\\/uploads\\\/2015\\\/09\\\/c365noticias.jpg\",\"@id\":\"https:\\\/\\\/candas365.es\\\/noticias\\\/der-spiegel-hace-campana-en-contra-del-brexit\\\/#mainImage\",\"width\":655,\"height\":360},\"primaryImageOfPage\":{\"@id\":\"https:\\\/\\\/candas365.es\\\/noticias\\\/der-spiegel-hace-campana-en-contra-del-brexit\\\/#mainImage\"},\"datePublished\":\"2016-06-12T11:29:11+02:00\",\"dateModified\":\"2016-06-12T11:29:11+02:00\"},{\"@type\":\"WebSite\",\"@id\":\"https:\\\/\\\/candas365.es\\\/noticias\\\/#website\",\"url\":\"https:\\\/\\\/candas365.es\\\/noticias\\\/\",\"name\":\"Cand\\u00e1s 365\",\"alternateName\":\"Cand\\u00e1s 365 Noticias\",\"description\":\"Actualidad desde Carre\\u00f1o para el mundo\",\"inLanguage\":\"es-ES\",\"publisher\":{\"@id\":\"https:\\\/\\\/candas365.es\\\/noticias\\\/#organization\"}}]}\n\t\t<\/script>\n\t\t<!-- All in One SEO Pro -->\r\n\t\t<title>\u00abDer Spiegel\u00bb hace campa\u00f1a en contra del \u00abBrexit\u00bb | Cand\u00e1s 365<\/title>\n\n","aioseo_head_json":{"title":"\u00abDer Spiegel\u00bb hace campa\u00f1a en contra del \u00abBrexit\u00bb | Cand\u00e1s 365","description":"(dpa) - La prestigiosa publicaci\u00f3n alemana \"Der Spiegel\" dedica su nueva edici\u00f3n para hacer campa\u00f1a a favor de la permanencia del Reino Unido en la Uni\u00f3n Europea, de cara al refer\u00e9ndum que se celebrar\u00e1 el 23 de junio en ese pa\u00eds, con todos su art\u00edculos en ingl\u00e9s y en alem\u00e1n. Bajo el t\u00edtulo \"Please don\u2019t","canonical_url":"https:\/\/candas365.es\/noticias\/der-spiegel-hace-campana-en-contra-del-brexit\/","robots":"max-image-preview:large","keywords":"actualidad","webmasterTools":{"google-site-verification":"UA-32230408-1","msvalidate.01":"354F3CDFB2DA171B47FBE9ABF1F88D5","miscellaneous":""},"schema":{"@context":"https:\/\/schema.org","@graph":[{"@type":"BreadcrumbList","@id":"https:\/\/candas365.es\/noticias\/der-spiegel-hace-campana-en-contra-del-brexit\/#breadcrumblist","itemListElement":[{"@type":"ListItem","@id":"https:\/\/candas365.es\/noticias#listItem","position":1,"name":"Home","item":"https:\/\/candas365.es\/noticias","nextItem":{"@type":"ListItem","@id":"https:\/\/candas365.es\/noticias\/category\/actualidad\/#listItem","name":"Actualidad"}},{"@type":"ListItem","@id":"https:\/\/candas365.es\/noticias\/category\/actualidad\/#listItem","position":2,"name":"Actualidad","item":"https:\/\/candas365.es\/noticias\/category\/actualidad\/","nextItem":{"@type":"ListItem","@id":"https:\/\/candas365.es\/noticias\/der-spiegel-hace-campana-en-contra-del-brexit\/#listItem","name":"\u00abDer Spiegel\u00bb hace campa\u00f1a en contra del \u00abBrexit\u00bb"},"previousItem":{"@type":"ListItem","@id":"https:\/\/candas365.es\/noticias#listItem","name":"Home"}},{"@type":"ListItem","@id":"https:\/\/candas365.es\/noticias\/der-spiegel-hace-campana-en-contra-del-brexit\/#listItem","position":3,"name":"\u00abDer Spiegel\u00bb hace campa\u00f1a en contra del \u00abBrexit\u00bb","previousItem":{"@type":"ListItem","@id":"https:\/\/candas365.es\/noticias\/category\/actualidad\/#listItem","name":"Actualidad"}}]},{"@type":"NewsArticle","@id":"https:\/\/candas365.es\/noticias\/der-spiegel-hace-campana-en-contra-del-brexit\/#newsarticle","name":"\u00abDer Spiegel\u00bb hace campa\u00f1a en contra del \u00abBrexit\u00bb | Cand\u00e1s 365","headline":"\u00abDer Spiegel\u00bb hace campa\u00f1a en contra del \u00abBrexit\u00bb","author":{"@id":"https:\/\/candas365.es\/noticias\/author\/admin\/#author"},"publisher":{"@id":"https:\/\/candas365.es\/noticias\/#organization"},"image":{"@type":"ImageObject","url":"https:\/\/candas365.es\/noticias\/wp-content\/uploads\/2015\/09\/c365noticias.jpg","width":655,"height":360},"datePublished":"2016-06-12T11:29:11+02:00","dateModified":"2016-06-12T11:29:11+02:00","inLanguage":"es-ES","mainEntityOfPage":{"@id":"https:\/\/candas365.es\/noticias\/der-spiegel-hace-campana-en-contra-del-brexit\/#webpage"},"isPartOf":{"@id":"https:\/\/candas365.es\/noticias\/der-spiegel-hace-campana-en-contra-del-brexit\/#webpage"},"articleSection":"Actualidad","dateline":"Publicado el junio 12, 2016."},{"@type":"Organization","@id":"https:\/\/candas365.es\/noticias\/#organization","name":"Cand\u00e1s 365","description":"Cand\u00e1s 365 es un diario digital independiente, fundado en 2012, con base en Asturias. Informamos con rigor sobre actualidad, sociedad, cultura y ocio, con una mirada local y global.","url":"https:\/\/candas365.es\/noticias\/","email":"info@candas365.es","telephone":"+34652131393","foundingDate":"2012-06-10","logo":{"@type":"ImageObject","url":"https:\/\/candas365.es\/noticias\/wp-content\/uploads\/2024\/09\/Candas-365-Redes.jpg","@id":"https:\/\/candas365.es\/noticias\/der-spiegel-hace-campana-en-contra-del-brexit\/#organizationLogo","width":1152,"height":864,"caption":"Cand\u00e1s 365 Redes"},"image":{"@id":"https:\/\/candas365.es\/noticias\/der-spiegel-hace-campana-en-contra-del-brexit\/#organizationLogo"},"sameAs":["https:\/\/www.facebook.com\/Nachofdezber","https:\/\/x.com\/NabercoDigital","https:\/\/www.instagram.com\/nachofdezber\/","https:\/\/www.youtube.com\/channel\/UCZP-2wLEB9Rv6erhFmqVnvg"],"address":{"@id":"https:\/\/candas365.es\/noticias\/#postaladdress","@type":"PostalAddress","streetAddress":"san antonio 4, san antonio 4","postalCode":"33430","addressLocality":"Cand\u00e1s","addressRegion":"Asturias","addressCountry":"ES"}},{"@type":"Person","@id":"https:\/\/candas365.es\/noticias\/author\/admin\/#author","url":"https:\/\/candas365.es\/noticias\/author\/admin\/","name":"Cand\u00e1s 365","image":{"@type":"ImageObject","@id":"https:\/\/candas365.es\/noticias\/der-spiegel-hace-campana-en-contra-del-brexit\/#authorImage","url":"https:\/\/secure.gravatar.com\/avatar\/496a8e03d0c493ede1718b7934145dbdf8d89be1036b0eec9544e1094c9de390?s=96&d=mm&r=g","width":96,"height":96,"caption":"Cand\u00e1s 365"},"sameAs":["https:\/\/www.facebook.com\/carrenoactualidad","https:\/\/twitter.com\/nbasturias","https:\/\/www.instagram.com\/nachofdezber\/","https:\/\/www.youtube.com\/channel\/UCZP-2wLEB9Rv6erhFmqVnvg"]},{"@type":"WebPage","@id":"https:\/\/candas365.es\/noticias\/der-spiegel-hace-campana-en-contra-del-brexit\/#webpage","url":"https:\/\/candas365.es\/noticias\/der-spiegel-hace-campana-en-contra-del-brexit\/","name":"\u00abDer Spiegel\u00bb hace campa\u00f1a en contra del \u00abBrexit\u00bb | Cand\u00e1s 365","description":"(dpa) - La prestigiosa publicaci\u00f3n alemana \"Der Spiegel\" dedica su nueva edici\u00f3n para hacer campa\u00f1a a favor de la permanencia del Reino Unido en la Uni\u00f3n Europea, de cara al refer\u00e9ndum que se celebrar\u00e1 el 23 de junio en ese pa\u00eds, con todos su art\u00edculos en ingl\u00e9s y en alem\u00e1n. Bajo el t\u00edtulo \"Please don\u2019t","inLanguage":"es-ES","isPartOf":{"@id":"https:\/\/candas365.es\/noticias\/#website"},"breadcrumb":{"@id":"https:\/\/candas365.es\/noticias\/der-spiegel-hace-campana-en-contra-del-brexit\/#breadcrumblist"},"author":{"@id":"https:\/\/candas365.es\/noticias\/author\/admin\/#author"},"creator":{"@id":"https:\/\/candas365.es\/noticias\/author\/admin\/#author"},"image":{"@type":"ImageObject","url":"https:\/\/candas365.es\/noticias\/wp-content\/uploads\/2015\/09\/c365noticias.jpg","@id":"https:\/\/candas365.es\/noticias\/der-spiegel-hace-campana-en-contra-del-brexit\/#mainImage","width":655,"height":360},"primaryImageOfPage":{"@id":"https:\/\/candas365.es\/noticias\/der-spiegel-hace-campana-en-contra-del-brexit\/#mainImage"},"datePublished":"2016-06-12T11:29:11+02:00","dateModified":"2016-06-12T11:29:11+02:00"},{"@type":"WebSite","@id":"https:\/\/candas365.es\/noticias\/#website","url":"https:\/\/candas365.es\/noticias\/","name":"Cand\u00e1s 365","alternateName":"Cand\u00e1s 365 Noticias","description":"Actualidad desde Carre\u00f1o para el mundo","inLanguage":"es-ES","publisher":{"@id":"https:\/\/candas365.es\/noticias\/#organization"}}]},"og:locale":"es_ES","og:site_name":"Cand\u00e1s 365","og:type":"article","og:title":"\u00abDer Spiegel\u00bb hace campa\u00f1a en contra del \u00abBrexit\u00bb | Cand\u00e1s 365","og:description":"(dpa) - La prestigiosa publicaci\u00f3n alemana &quot;Der Spiegel&quot; dedica su nueva edici\u00f3n para hacer campa\u00f1a a favor de la permanencia del Reino Unido en la Uni\u00f3n Europea, de cara al refer\u00e9ndum que se celebrar\u00e1 el 23 de junio en ese pa\u00eds, con todos su art\u00edculos en ingl\u00e9s y en alem\u00e1n. Bajo el t\u00edtulo &quot;Please don\u2019t","og:url":"https:\/\/candas365.es\/noticias\/der-spiegel-hace-campana-en-contra-del-brexit\/","og:image":"https:\/\/candas365.es\/noticias\/wp-content\/uploads\/2015\/09\/c365noticias.jpg","og:image:secure_url":"https:\/\/candas365.es\/noticias\/wp-content\/uploads\/2015\/09\/c365noticias.jpg","og:image:width":655,"og:image:height":360,"article:published_time":"2016-06-12T09:59:11+00:00","article:modified_time":"2016-06-12T09:59:11+00:00","article:publisher":"https:\/\/www.facebook.com\/Nachofdezber","article:author":"https:\/\/www.facebook.com\/carrenoactualidad","twitter:card":"summary_large_image","twitter:site":"@NabercoDigital","twitter:title":"\u00abDer Spiegel\u00bb hace campa\u00f1a en contra del \u00abBrexit\u00bb | Cand\u00e1s 365","twitter:description":"(dpa) - La prestigiosa publicaci\u00f3n alemana &quot;Der Spiegel&quot; dedica su nueva edici\u00f3n para hacer campa\u00f1a a favor de la permanencia del Reino Unido en la Uni\u00f3n Europea, de cara al refer\u00e9ndum que se celebrar\u00e1 el 23 de junio en ese pa\u00eds, con todos su art\u00edculos en ingl\u00e9s y en alem\u00e1n. Bajo el t\u00edtulo &quot;Please don\u2019t","twitter:creator":"@nbasturias","twitter:image":"https:\/\/candas365.es\/noticias\/wp-content\/uploads\/2015\/09\/c365noticias.jpg","twitter:label1":"Escrito por","twitter:data1":"Cand\u00e1s 365","twitter:label2":"Tiempo de lectura estimado","twitter:data2":"1 minuto"},"aioseo_meta_data":{"post_id":"30015","title":null,"description":null,"keywords":null,"keyphrases":null,"primary_term":null,"canonical_url":null,"og_title":null,"og_description":null,"og_object_type":"default","og_image_type":"default","og_image_url":null,"og_image_width":null,"og_image_height":null,"og_image_custom_url":null,"og_image_custom_fields":null,"og_video":null,"og_custom_url":null,"og_article_section":null,"og_article_tags":null,"twitter_use_og":false,"twitter_card":"default","twitter_image_type":"default","twitter_image_url":null,"twitter_image_custom_url":null,"twitter_image_custom_fields":null,"twitter_title":null,"twitter_description":null,"schema":{"blockGraphs":[],"customGraphs":[],"default":{"data":{"Article":[],"Course":[],"Dataset":[],"FAQPage":[],"Movie":[],"Person":[],"Product":[],"ProductReview":[],"Car":[],"Recipe":[],"Service":[],"SoftwareApplication":[],"WebPage":[]},"graphName":"","isEnabled":true},"graphs":[]},"schema_type":null,"schema_type_options":null,"pillar_content":false,"robots_default":true,"robots_noindex":false,"robots_noarchive":false,"robots_nosnippet":false,"robots_nofollow":false,"robots_noimageindex":false,"robots_noodp":false,"robots_notranslate":false,"robots_max_snippet":null,"robots_max_videopreview":null,"robots_max_imagepreview":"large","priority":null,"frequency":null,"location":null,"local_seo":null,"seo_analyzer_scan_date":"2025-08-24 11:57:27","breadcrumb_settings":null,"limit_modified_date":false,"reviewed_by":null,"open_ai":null,"ai":null,"created":"2020-12-21 12:56:45","updated":"2025-08-24 11:57:27"},"aioseo_breadcrumb":"<div class=\"aioseo-breadcrumbs\"><span class=\"aioseo-breadcrumb\">\n\t<a href=\"https:\/\/candas365.es\/noticias\" title=\"Home\">Home<\/a>\n<\/span><span class=\"aioseo-breadcrumb-separator\">&ndash;<\/span><span class=\"aioseo-breadcrumb\">\n\t<a href=\"https:\/\/candas365.es\/noticias\/category\/actualidad\/\" title=\"Actualidad\">Actualidad<\/a>\n<\/span><span class=\"aioseo-breadcrumb-separator\">&ndash;<\/span><span class=\"aioseo-breadcrumb\">\n\t\u00abDer Spiegel\u00bb hace campa\u00f1a en contra del \u00abBrexit\u00bb\n<\/span><\/div>","aioseo_breadcrumb_json":[{"label":"Home","link":"https:\/\/candas365.es\/noticias"},{"label":"Actualidad","link":"https:\/\/candas365.es\/noticias\/category\/actualidad\/"},{"label":"\u00abDer Spiegel\u00bb hace campa\u00f1a en contra del \u00abBrexit\u00bb","link":"https:\/\/candas365.es\/noticias\/der-spiegel-hace-campana-en-contra-del-brexit\/"}],"_links":{"self":[{"href":"https:\/\/candas365.es\/noticias\/wp-json\/wp\/v2\/posts\/30015","targetHints":{"allow":["GET"]}}],"collection":[{"href":"https:\/\/candas365.es\/noticias\/wp-json\/wp\/v2\/posts"}],"about":[{"href":"https:\/\/candas365.es\/noticias\/wp-json\/wp\/v2\/types\/post"}],"author":[{"embeddable":true,"href":"https:\/\/candas365.es\/noticias\/wp-json\/wp\/v2\/users\/1"}],"replies":[{"embeddable":true,"href":"https:\/\/candas365.es\/noticias\/wp-json\/wp\/v2\/comments?post=30015"}],"version-history":[{"count":0,"href":"https:\/\/candas365.es\/noticias\/wp-json\/wp\/v2\/posts\/30015\/revisions"}],"wp:featuredmedia":[{"embeddable":true,"href":"https:\/\/candas365.es\/noticias\/wp-json\/wp\/v2\/media\/16457"}],"wp:attachment":[{"href":"https:\/\/candas365.es\/noticias\/wp-json\/wp\/v2\/media?parent=30015"}],"wp:term":[{"taxonomy":"category","embeddable":true,"href":"https:\/\/candas365.es\/noticias\/wp-json\/wp\/v2\/categories?post=30015"},{"taxonomy":"post_tag","embeddable":true,"href":"https:\/\/candas365.es\/noticias\/wp-json\/wp\/v2\/tags?post=30015"}],"curies":[{"name":"wp","href":"https:\/\/api.w.org\/{rel}","templated":true}]}}