{"id":30013,"date":"2016-06-12T11:27:22","date_gmt":"2016-06-12T09:57:22","guid":{"rendered":"http:\/\/candas365.es\/noticias\/?p=30013"},"modified":"2016-06-12T11:27:22","modified_gmt":"2016-06-12T09:57:22","slug":"subastan-en-alemania-objetos-personales-de-hitler-y-goring","status":"publish","type":"post","link":"https:\/\/candas365.es\/noticias\/subastan-en-alemania-objetos-personales-de-hitler-y-goring\/","title":{"rendered":"Subastan en Alemania objetos personales de Hitler y G\u00f6ring"},"content":{"rendered":"<p>(dpa) &#8211; Objetos personales del dictador Adolf Hitler y del comandante nazi Hermann G\u00f6ring podr\u00e1n ser adquiridos el pr\u00f3ximo 18 de junio en una subasta en M\u00fanich, anunciaron hoy sus organizadores.<\/p>\n<p>La casa de subastas Hermann Historica indic\u00f3 que los art\u00edculos provienen de una colecci\u00f3n del m\u00e9dico estadounidense John K. Lattimer, responsable de la asistencia m\u00e9dica a los acusados durante los procesos de N\u00faremberg que tuvieron lugar tras la Segunda Guerra Mundial.<\/p>\n<p>Wolfgang Hermann, copropietario de Hermann Historica, explic\u00f3 al diario alem\u00e1n \u00abFrankfurter Allgemeine Zeitung\u00bb, que obtuvo la colecci\u00f3n a trav\u00e9s de la hija de Lattimer.<\/p>\n<p>La colecci\u00f3n engloba, entre otras cosas, seg\u00fan datos de la casa de subastas, el recipiente de lat\u00f3n para \u00e1cido cianh\u00eddrico con el que G\u00f6ring se suicid\u00f3 poco antes de su prevista ejecuci\u00f3n en N\u00faremberg, en el sur de Alemania, el mazo del juez, as\u00ed como radiograf\u00edas de Hitler y el informe de la investigaci\u00f3n realizado tras el atentado que sufri\u00f3 el 20 de julio de 1944 y que fue organizado por el coronel conde Claus von Stauffenberg.<\/p>\n<p>\u00abEn los juicios de N\u00faremberg participaron tantas personas, personal de seguridad, m\u00e9dicos, psic\u00f3logos, que pudo ser que alguien se llevara algo\u00bb, explic\u00f3 el historiador Andreas Mix del Memorial de los Juicios de N\u00faremberg.<\/p>\n<p>Se debe analizar la procedencia de los objetos, pero es algo de lo que se ocupan las casas de subastas, indic\u00f3. \u00abObjetos hist\u00f3ricos tienen naturalmente un aura y un objeto como el mazo del juez puede ser fascinante, pero otros objetos son de mal gusto, macabros y grotescos\u00bb, agreg\u00f3.<\/p>\n","protected":false},"excerpt":{"rendered":"<p>(dpa) &#8211; Objetos personales del dictador Adolf Hitler y del comandante nazi Hermann G\u00f6ring podr\u00e1n ser adquiridos el pr\u00f3ximo 18 de junio en una subasta en M\u00fanich, anunciaron hoy sus organizadores. La casa de subastas Hermann Historica indic\u00f3 que los art\u00edculos provienen de una colecci\u00f3n del m\u00e9dico estadounidense John K. Lattimer, responsable de la asistencia<\/p>\n","protected":false},"author":1,"featured_media":16457,"comment_status":"closed","ping_status":"closed","sticky":false,"template":"","format":"standard","meta":{"footnotes":""},"categories":[343],"tags":[],"class_list":{"0":"post-30013","1":"post","2":"type-post","3":"status-publish","4":"format-standard","5":"has-post-thumbnail","7":"category-actualidad"},"aioseo_notices":[],"aioseo_head":"\n\t\t<!-- All in One SEO Pro 4.9.6.2 - aioseo.com -->\n\t<meta name=\"description\" content=\"(dpa) - Objetos personales del dictador Adolf Hitler y del comandante nazi Hermann G\u00f6ring podr\u00e1n ser adquiridos el pr\u00f3ximo 18 de junio en una subasta en M\u00fanich, anunciaron hoy sus organizadores. La casa de subastas Hermann Historica indic\u00f3 que los art\u00edculos provienen de una colecci\u00f3n del m\u00e9dico estadounidense John K. Lattimer, responsable de la asistencia\" \/>\n\t<meta name=\"robots\" content=\"max-image-preview:large\" \/>\n\t<meta name=\"author\" content=\"Cand\u00e1s 365\"\/>\n\t<meta name=\"google-site-verification\" content=\"UA-32230408-1\" \/>\n\t<meta name=\"msvalidate.01\" content=\"354F3CDFB2DA171B47FBE9ABF1F88D5\" \/>\n\t<meta name=\"keywords\" content=\"actualidad\" \/>\n\t<link rel=\"canonical\" href=\"https:\/\/candas365.es\/noticias\/subastan-en-alemania-objetos-personales-de-hitler-y-goring\/\" \/>\n\t<meta name=\"generator\" content=\"All in One SEO Pro (AIOSEO) 4.9.6.2\" \/>\n\t\t<meta property=\"og:locale\" content=\"es_ES\" \/>\n\t\t<meta property=\"og:site_name\" content=\"Cand\u00e1s 365\" \/>\n\t\t<meta property=\"og:type\" content=\"article\" \/>\n\t\t<meta property=\"og:title\" content=\"Subastan en Alemania objetos personales de Hitler y G\u00f6ring | Cand\u00e1s 365\" \/>\n\t\t<meta property=\"og:description\" content=\"(dpa) - Objetos personales del dictador Adolf Hitler y del comandante nazi Hermann G\u00f6ring podr\u00e1n ser adquiridos el pr\u00f3ximo 18 de junio en una subasta en M\u00fanich, anunciaron hoy sus organizadores. La casa de subastas Hermann Historica indic\u00f3 que los art\u00edculos provienen de una colecci\u00f3n del m\u00e9dico estadounidense John K. Lattimer, responsable de la asistencia\" \/>\n\t\t<meta property=\"og:url\" content=\"https:\/\/candas365.es\/noticias\/subastan-en-alemania-objetos-personales-de-hitler-y-goring\/\" \/>\n\t\t<meta property=\"og:image\" content=\"https:\/\/candas365.es\/noticias\/wp-content\/uploads\/2015\/09\/c365noticias.jpg\" \/>\n\t\t<meta property=\"og:image:secure_url\" content=\"https:\/\/candas365.es\/noticias\/wp-content\/uploads\/2015\/09\/c365noticias.jpg\" \/>\n\t\t<meta property=\"og:image:width\" content=\"655\" \/>\n\t\t<meta property=\"og:image:height\" content=\"360\" \/>\n\t\t<meta property=\"article:published_time\" content=\"2016-06-12T09:57:22+00:00\" \/>\n\t\t<meta property=\"article:modified_time\" content=\"2016-06-12T09:57:22+00:00\" \/>\n\t\t<meta property=\"article:publisher\" content=\"https:\/\/www.facebook.com\/Nachofdezber\" \/>\n\t\t<meta property=\"article:author\" content=\"https:\/\/www.facebook.com\/carrenoactualidad\" \/>\n\t\t<meta name=\"twitter:card\" content=\"summary_large_image\" \/>\n\t\t<meta name=\"twitter:site\" content=\"@NabercoDigital\" \/>\n\t\t<meta name=\"twitter:title\" content=\"Subastan en Alemania objetos personales de Hitler y G\u00f6ring | Cand\u00e1s 365\" \/>\n\t\t<meta name=\"twitter:description\" content=\"(dpa) - Objetos personales del dictador Adolf Hitler y del comandante nazi Hermann G\u00f6ring podr\u00e1n ser adquiridos el pr\u00f3ximo 18 de junio en una subasta en M\u00fanich, anunciaron hoy sus organizadores. La casa de subastas Hermann Historica indic\u00f3 que los art\u00edculos provienen de una colecci\u00f3n del m\u00e9dico estadounidense John K. Lattimer, responsable de la asistencia\" \/>\n\t\t<meta name=\"twitter:creator\" content=\"@nbasturias\" \/>\n\t\t<meta name=\"twitter:image\" content=\"https:\/\/candas365.es\/noticias\/wp-content\/uploads\/2015\/09\/c365noticias.jpg\" \/>\n\t\t<meta name=\"twitter:label1\" content=\"Escrito por\" \/>\n\t\t<meta name=\"twitter:data1\" content=\"Cand\u00e1s 365\" \/>\n\t\t<meta name=\"twitter:label2\" content=\"Tiempo de lectura estimado\" \/>\n\t\t<meta name=\"twitter:data2\" content=\"1 minuto\" \/>\n\t\t<script type=\"application\/ld+json\" class=\"aioseo-schema\">\n\t\t\t{\"@context\":\"https:\\\/\\\/schema.org\",\"@graph\":[{\"@type\":\"BreadcrumbList\",\"@id\":\"https:\\\/\\\/candas365.es\\\/noticias\\\/subastan-en-alemania-objetos-personales-de-hitler-y-goring\\\/#breadcrumblist\",\"itemListElement\":[{\"@type\":\"ListItem\",\"@id\":\"https:\\\/\\\/candas365.es\\\/noticias#listItem\",\"position\":1,\"name\":\"Home\",\"item\":\"https:\\\/\\\/candas365.es\\\/noticias\",\"nextItem\":{\"@type\":\"ListItem\",\"@id\":\"https:\\\/\\\/candas365.es\\\/noticias\\\/category\\\/actualidad\\\/#listItem\",\"name\":\"Actualidad\"}},{\"@type\":\"ListItem\",\"@id\":\"https:\\\/\\\/candas365.es\\\/noticias\\\/category\\\/actualidad\\\/#listItem\",\"position\":2,\"name\":\"Actualidad\",\"item\":\"https:\\\/\\\/candas365.es\\\/noticias\\\/category\\\/actualidad\\\/\",\"nextItem\":{\"@type\":\"ListItem\",\"@id\":\"https:\\\/\\\/candas365.es\\\/noticias\\\/subastan-en-alemania-objetos-personales-de-hitler-y-goring\\\/#listItem\",\"name\":\"Subastan en Alemania objetos personales de Hitler y G\\u00f6ring\"},\"previousItem\":{\"@type\":\"ListItem\",\"@id\":\"https:\\\/\\\/candas365.es\\\/noticias#listItem\",\"name\":\"Home\"}},{\"@type\":\"ListItem\",\"@id\":\"https:\\\/\\\/candas365.es\\\/noticias\\\/subastan-en-alemania-objetos-personales-de-hitler-y-goring\\\/#listItem\",\"position\":3,\"name\":\"Subastan en Alemania objetos personales de Hitler y G\\u00f6ring\",\"previousItem\":{\"@type\":\"ListItem\",\"@id\":\"https:\\\/\\\/candas365.es\\\/noticias\\\/category\\\/actualidad\\\/#listItem\",\"name\":\"Actualidad\"}}]},{\"@type\":\"NewsArticle\",\"@id\":\"https:\\\/\\\/candas365.es\\\/noticias\\\/subastan-en-alemania-objetos-personales-de-hitler-y-goring\\\/#newsarticle\",\"name\":\"Subastan en Alemania objetos personales de Hitler y G\\u00f6ring | Cand\\u00e1s 365\",\"headline\":\"Subastan en Alemania objetos personales de Hitler y G\\u00f6ring\",\"author\":{\"@id\":\"https:\\\/\\\/candas365.es\\\/noticias\\\/author\\\/admin\\\/#author\"},\"publisher\":{\"@id\":\"https:\\\/\\\/candas365.es\\\/noticias\\\/#organization\"},\"image\":{\"@type\":\"ImageObject\",\"url\":\"https:\\\/\\\/candas365.es\\\/noticias\\\/wp-content\\\/uploads\\\/2015\\\/09\\\/c365noticias.jpg\",\"width\":655,\"height\":360},\"datePublished\":\"2016-06-12T11:27:22+02:00\",\"dateModified\":\"2016-06-12T11:27:22+02:00\",\"inLanguage\":\"es-ES\",\"mainEntityOfPage\":{\"@id\":\"https:\\\/\\\/candas365.es\\\/noticias\\\/subastan-en-alemania-objetos-personales-de-hitler-y-goring\\\/#webpage\"},\"isPartOf\":{\"@id\":\"https:\\\/\\\/candas365.es\\\/noticias\\\/subastan-en-alemania-objetos-personales-de-hitler-y-goring\\\/#webpage\"},\"articleSection\":\"Actualidad\",\"dateline\":\"Publicado el junio 12, 2016.\"},{\"@type\":\"Organization\",\"@id\":\"https:\\\/\\\/candas365.es\\\/noticias\\\/#organization\",\"name\":\"Cand\\u00e1s 365\",\"description\":\"Cand\\u00e1s 365 es un diario digital independiente, fundado en 2012, con base en Asturias. Informamos con rigor sobre actualidad, sociedad, cultura y ocio, con una mirada local y global.\",\"url\":\"https:\\\/\\\/candas365.es\\\/noticias\\\/\",\"email\":\"info@candas365.es\",\"telephone\":\"+34652131393\",\"foundingDate\":\"2012-06-10\",\"logo\":{\"@type\":\"ImageObject\",\"url\":\"https:\\\/\\\/candas365.es\\\/noticias\\\/wp-content\\\/uploads\\\/2024\\\/09\\\/Candas-365-Redes.jpg\",\"@id\":\"https:\\\/\\\/candas365.es\\\/noticias\\\/subastan-en-alemania-objetos-personales-de-hitler-y-goring\\\/#organizationLogo\",\"width\":1152,\"height\":864,\"caption\":\"Cand\\u00e1s 365 Redes\"},\"image\":{\"@id\":\"https:\\\/\\\/candas365.es\\\/noticias\\\/subastan-en-alemania-objetos-personales-de-hitler-y-goring\\\/#organizationLogo\"},\"sameAs\":[\"https:\\\/\\\/www.facebook.com\\\/Nachofdezber\",\"https:\\\/\\\/x.com\\\/NabercoDigital\",\"https:\\\/\\\/www.instagram.com\\\/nachofdezber\\\/\",\"https:\\\/\\\/www.youtube.com\\\/channel\\\/UCZP-2wLEB9Rv6erhFmqVnvg\"],\"address\":{\"@id\":\"https:\\\/\\\/candas365.es\\\/noticias\\\/#postaladdress\",\"@type\":\"PostalAddress\",\"streetAddress\":\"san antonio 4, san antonio 4\",\"postalCode\":\"33430\",\"addressLocality\":\"Cand\\u00e1s\",\"addressRegion\":\"Asturias\",\"addressCountry\":\"ES\"}},{\"@type\":\"Person\",\"@id\":\"https:\\\/\\\/candas365.es\\\/noticias\\\/author\\\/admin\\\/#author\",\"url\":\"https:\\\/\\\/candas365.es\\\/noticias\\\/author\\\/admin\\\/\",\"name\":\"Cand\\u00e1s 365\",\"image\":{\"@type\":\"ImageObject\",\"@id\":\"https:\\\/\\\/candas365.es\\\/noticias\\\/subastan-en-alemania-objetos-personales-de-hitler-y-goring\\\/#authorImage\",\"url\":\"https:\\\/\\\/secure.gravatar.com\\\/avatar\\\/496a8e03d0c493ede1718b7934145dbdf8d89be1036b0eec9544e1094c9de390?s=96&d=mm&r=g\",\"width\":96,\"height\":96,\"caption\":\"Cand\\u00e1s 365\"},\"sameAs\":[\"https:\\\/\\\/www.facebook.com\\\/carrenoactualidad\",\"https:\\\/\\\/twitter.com\\\/nbasturias\",\"https:\\\/\\\/www.instagram.com\\\/nachofdezber\\\/\",\"https:\\\/\\\/www.youtube.com\\\/channel\\\/UCZP-2wLEB9Rv6erhFmqVnvg\"]},{\"@type\":\"WebPage\",\"@id\":\"https:\\\/\\\/candas365.es\\\/noticias\\\/subastan-en-alemania-objetos-personales-de-hitler-y-goring\\\/#webpage\",\"url\":\"https:\\\/\\\/candas365.es\\\/noticias\\\/subastan-en-alemania-objetos-personales-de-hitler-y-goring\\\/\",\"name\":\"Subastan en Alemania objetos personales de Hitler y G\\u00f6ring | Cand\\u00e1s 365\",\"description\":\"(dpa) - Objetos personales del dictador Adolf Hitler y del comandante nazi Hermann G\\u00f6ring podr\\u00e1n ser adquiridos el pr\\u00f3ximo 18 de junio en una subasta en M\\u00fanich, anunciaron hoy sus organizadores. La casa de subastas Hermann Historica indic\\u00f3 que los art\\u00edculos provienen de una colecci\\u00f3n del m\\u00e9dico estadounidense John K. Lattimer, responsable de la asistencia\",\"inLanguage\":\"es-ES\",\"isPartOf\":{\"@id\":\"https:\\\/\\\/candas365.es\\\/noticias\\\/#website\"},\"breadcrumb\":{\"@id\":\"https:\\\/\\\/candas365.es\\\/noticias\\\/subastan-en-alemania-objetos-personales-de-hitler-y-goring\\\/#breadcrumblist\"},\"author\":{\"@id\":\"https:\\\/\\\/candas365.es\\\/noticias\\\/author\\\/admin\\\/#author\"},\"creator\":{\"@id\":\"https:\\\/\\\/candas365.es\\\/noticias\\\/author\\\/admin\\\/#author\"},\"image\":{\"@type\":\"ImageObject\",\"url\":\"https:\\\/\\\/candas365.es\\\/noticias\\\/wp-content\\\/uploads\\\/2015\\\/09\\\/c365noticias.jpg\",\"@id\":\"https:\\\/\\\/candas365.es\\\/noticias\\\/subastan-en-alemania-objetos-personales-de-hitler-y-goring\\\/#mainImage\",\"width\":655,\"height\":360},\"primaryImageOfPage\":{\"@id\":\"https:\\\/\\\/candas365.es\\\/noticias\\\/subastan-en-alemania-objetos-personales-de-hitler-y-goring\\\/#mainImage\"},\"datePublished\":\"2016-06-12T11:27:22+02:00\",\"dateModified\":\"2016-06-12T11:27:22+02:00\"},{\"@type\":\"WebSite\",\"@id\":\"https:\\\/\\\/candas365.es\\\/noticias\\\/#website\",\"url\":\"https:\\\/\\\/candas365.es\\\/noticias\\\/\",\"name\":\"Cand\\u00e1s 365\",\"alternateName\":\"Cand\\u00e1s 365 Noticias\",\"description\":\"Actualidad desde Carre\\u00f1o para el mundo\",\"inLanguage\":\"es-ES\",\"publisher\":{\"@id\":\"https:\\\/\\\/candas365.es\\\/noticias\\\/#organization\"}}]}\n\t\t<\/script>\n\t\t<!-- All in One SEO Pro -->\r\n\t\t<title>Subastan en Alemania objetos personales de Hitler y G\u00f6ring | Cand\u00e1s 365<\/title>\n\n","aioseo_head_json":{"title":"Subastan en Alemania objetos personales de Hitler y G\u00f6ring | Cand\u00e1s 365","description":"(dpa) - Objetos personales del dictador Adolf Hitler y del comandante nazi Hermann G\u00f6ring podr\u00e1n ser adquiridos el pr\u00f3ximo 18 de junio en una subasta en M\u00fanich, anunciaron hoy sus organizadores. La casa de subastas Hermann Historica indic\u00f3 que los art\u00edculos provienen de una colecci\u00f3n del m\u00e9dico estadounidense John K. Lattimer, responsable de la asistencia","canonical_url":"https:\/\/candas365.es\/noticias\/subastan-en-alemania-objetos-personales-de-hitler-y-goring\/","robots":"max-image-preview:large","keywords":"actualidad","webmasterTools":{"google-site-verification":"UA-32230408-1","msvalidate.01":"354F3CDFB2DA171B47FBE9ABF1F88D5","miscellaneous":""},"schema":{"@context":"https:\/\/schema.org","@graph":[{"@type":"BreadcrumbList","@id":"https:\/\/candas365.es\/noticias\/subastan-en-alemania-objetos-personales-de-hitler-y-goring\/#breadcrumblist","itemListElement":[{"@type":"ListItem","@id":"https:\/\/candas365.es\/noticias#listItem","position":1,"name":"Home","item":"https:\/\/candas365.es\/noticias","nextItem":{"@type":"ListItem","@id":"https:\/\/candas365.es\/noticias\/category\/actualidad\/#listItem","name":"Actualidad"}},{"@type":"ListItem","@id":"https:\/\/candas365.es\/noticias\/category\/actualidad\/#listItem","position":2,"name":"Actualidad","item":"https:\/\/candas365.es\/noticias\/category\/actualidad\/","nextItem":{"@type":"ListItem","@id":"https:\/\/candas365.es\/noticias\/subastan-en-alemania-objetos-personales-de-hitler-y-goring\/#listItem","name":"Subastan en Alemania objetos personales de Hitler y G\u00f6ring"},"previousItem":{"@type":"ListItem","@id":"https:\/\/candas365.es\/noticias#listItem","name":"Home"}},{"@type":"ListItem","@id":"https:\/\/candas365.es\/noticias\/subastan-en-alemania-objetos-personales-de-hitler-y-goring\/#listItem","position":3,"name":"Subastan en Alemania objetos personales de Hitler y G\u00f6ring","previousItem":{"@type":"ListItem","@id":"https:\/\/candas365.es\/noticias\/category\/actualidad\/#listItem","name":"Actualidad"}}]},{"@type":"NewsArticle","@id":"https:\/\/candas365.es\/noticias\/subastan-en-alemania-objetos-personales-de-hitler-y-goring\/#newsarticle","name":"Subastan en Alemania objetos personales de Hitler y G\u00f6ring | Cand\u00e1s 365","headline":"Subastan en Alemania objetos personales de Hitler y G\u00f6ring","author":{"@id":"https:\/\/candas365.es\/noticias\/author\/admin\/#author"},"publisher":{"@id":"https:\/\/candas365.es\/noticias\/#organization"},"image":{"@type":"ImageObject","url":"https:\/\/candas365.es\/noticias\/wp-content\/uploads\/2015\/09\/c365noticias.jpg","width":655,"height":360},"datePublished":"2016-06-12T11:27:22+02:00","dateModified":"2016-06-12T11:27:22+02:00","inLanguage":"es-ES","mainEntityOfPage":{"@id":"https:\/\/candas365.es\/noticias\/subastan-en-alemania-objetos-personales-de-hitler-y-goring\/#webpage"},"isPartOf":{"@id":"https:\/\/candas365.es\/noticias\/subastan-en-alemania-objetos-personales-de-hitler-y-goring\/#webpage"},"articleSection":"Actualidad","dateline":"Publicado el junio 12, 2016."},{"@type":"Organization","@id":"https:\/\/candas365.es\/noticias\/#organization","name":"Cand\u00e1s 365","description":"Cand\u00e1s 365 es un diario digital independiente, fundado en 2012, con base en Asturias. Informamos con rigor sobre actualidad, sociedad, cultura y ocio, con una mirada local y global.","url":"https:\/\/candas365.es\/noticias\/","email":"info@candas365.es","telephone":"+34652131393","foundingDate":"2012-06-10","logo":{"@type":"ImageObject","url":"https:\/\/candas365.es\/noticias\/wp-content\/uploads\/2024\/09\/Candas-365-Redes.jpg","@id":"https:\/\/candas365.es\/noticias\/subastan-en-alemania-objetos-personales-de-hitler-y-goring\/#organizationLogo","width":1152,"height":864,"caption":"Cand\u00e1s 365 Redes"},"image":{"@id":"https:\/\/candas365.es\/noticias\/subastan-en-alemania-objetos-personales-de-hitler-y-goring\/#organizationLogo"},"sameAs":["https:\/\/www.facebook.com\/Nachofdezber","https:\/\/x.com\/NabercoDigital","https:\/\/www.instagram.com\/nachofdezber\/","https:\/\/www.youtube.com\/channel\/UCZP-2wLEB9Rv6erhFmqVnvg"],"address":{"@id":"https:\/\/candas365.es\/noticias\/#postaladdress","@type":"PostalAddress","streetAddress":"san antonio 4, san antonio 4","postalCode":"33430","addressLocality":"Cand\u00e1s","addressRegion":"Asturias","addressCountry":"ES"}},{"@type":"Person","@id":"https:\/\/candas365.es\/noticias\/author\/admin\/#author","url":"https:\/\/candas365.es\/noticias\/author\/admin\/","name":"Cand\u00e1s 365","image":{"@type":"ImageObject","@id":"https:\/\/candas365.es\/noticias\/subastan-en-alemania-objetos-personales-de-hitler-y-goring\/#authorImage","url":"https:\/\/secure.gravatar.com\/avatar\/496a8e03d0c493ede1718b7934145dbdf8d89be1036b0eec9544e1094c9de390?s=96&d=mm&r=g","width":96,"height":96,"caption":"Cand\u00e1s 365"},"sameAs":["https:\/\/www.facebook.com\/carrenoactualidad","https:\/\/twitter.com\/nbasturias","https:\/\/www.instagram.com\/nachofdezber\/","https:\/\/www.youtube.com\/channel\/UCZP-2wLEB9Rv6erhFmqVnvg"]},{"@type":"WebPage","@id":"https:\/\/candas365.es\/noticias\/subastan-en-alemania-objetos-personales-de-hitler-y-goring\/#webpage","url":"https:\/\/candas365.es\/noticias\/subastan-en-alemania-objetos-personales-de-hitler-y-goring\/","name":"Subastan en Alemania objetos personales de Hitler y G\u00f6ring | Cand\u00e1s 365","description":"(dpa) - Objetos personales del dictador Adolf Hitler y del comandante nazi Hermann G\u00f6ring podr\u00e1n ser adquiridos el pr\u00f3ximo 18 de junio en una subasta en M\u00fanich, anunciaron hoy sus organizadores. La casa de subastas Hermann Historica indic\u00f3 que los art\u00edculos provienen de una colecci\u00f3n del m\u00e9dico estadounidense John K. Lattimer, responsable de la asistencia","inLanguage":"es-ES","isPartOf":{"@id":"https:\/\/candas365.es\/noticias\/#website"},"breadcrumb":{"@id":"https:\/\/candas365.es\/noticias\/subastan-en-alemania-objetos-personales-de-hitler-y-goring\/#breadcrumblist"},"author":{"@id":"https:\/\/candas365.es\/noticias\/author\/admin\/#author"},"creator":{"@id":"https:\/\/candas365.es\/noticias\/author\/admin\/#author"},"image":{"@type":"ImageObject","url":"https:\/\/candas365.es\/noticias\/wp-content\/uploads\/2015\/09\/c365noticias.jpg","@id":"https:\/\/candas365.es\/noticias\/subastan-en-alemania-objetos-personales-de-hitler-y-goring\/#mainImage","width":655,"height":360},"primaryImageOfPage":{"@id":"https:\/\/candas365.es\/noticias\/subastan-en-alemania-objetos-personales-de-hitler-y-goring\/#mainImage"},"datePublished":"2016-06-12T11:27:22+02:00","dateModified":"2016-06-12T11:27:22+02:00"},{"@type":"WebSite","@id":"https:\/\/candas365.es\/noticias\/#website","url":"https:\/\/candas365.es\/noticias\/","name":"Cand\u00e1s 365","alternateName":"Cand\u00e1s 365 Noticias","description":"Actualidad desde Carre\u00f1o para el mundo","inLanguage":"es-ES","publisher":{"@id":"https:\/\/candas365.es\/noticias\/#organization"}}]},"og:locale":"es_ES","og:site_name":"Cand\u00e1s 365","og:type":"article","og:title":"Subastan en Alemania objetos personales de Hitler y G\u00f6ring | Cand\u00e1s 365","og:description":"(dpa) - Objetos personales del dictador Adolf Hitler y del comandante nazi Hermann G\u00f6ring podr\u00e1n ser adquiridos el pr\u00f3ximo 18 de junio en una subasta en M\u00fanich, anunciaron hoy sus organizadores. La casa de subastas Hermann Historica indic\u00f3 que los art\u00edculos provienen de una colecci\u00f3n del m\u00e9dico estadounidense John K. Lattimer, responsable de la asistencia","og:url":"https:\/\/candas365.es\/noticias\/subastan-en-alemania-objetos-personales-de-hitler-y-goring\/","og:image":"https:\/\/candas365.es\/noticias\/wp-content\/uploads\/2015\/09\/c365noticias.jpg","og:image:secure_url":"https:\/\/candas365.es\/noticias\/wp-content\/uploads\/2015\/09\/c365noticias.jpg","og:image:width":655,"og:image:height":360,"article:published_time":"2016-06-12T09:57:22+00:00","article:modified_time":"2016-06-12T09:57:22+00:00","article:publisher":"https:\/\/www.facebook.com\/Nachofdezber","article:author":"https:\/\/www.facebook.com\/carrenoactualidad","twitter:card":"summary_large_image","twitter:site":"@NabercoDigital","twitter:title":"Subastan en Alemania objetos personales de Hitler y G\u00f6ring | Cand\u00e1s 365","twitter:description":"(dpa) - Objetos personales del dictador Adolf Hitler y del comandante nazi Hermann G\u00f6ring podr\u00e1n ser adquiridos el pr\u00f3ximo 18 de junio en una subasta en M\u00fanich, anunciaron hoy sus organizadores. La casa de subastas Hermann Historica indic\u00f3 que los art\u00edculos provienen de una colecci\u00f3n del m\u00e9dico estadounidense John K. Lattimer, responsable de la asistencia","twitter:creator":"@nbasturias","twitter:image":"https:\/\/candas365.es\/noticias\/wp-content\/uploads\/2015\/09\/c365noticias.jpg","twitter:label1":"Escrito por","twitter:data1":"Cand\u00e1s 365","twitter:label2":"Tiempo de lectura estimado","twitter:data2":"1 minuto"},"aioseo_meta_data":{"post_id":"30013","title":null,"description":null,"keywords":null,"keyphrases":null,"primary_term":null,"canonical_url":null,"og_title":null,"og_description":null,"og_object_type":"default","og_image_type":"default","og_image_url":null,"og_image_width":null,"og_image_height":null,"og_image_custom_url":null,"og_image_custom_fields":null,"og_video":null,"og_custom_url":null,"og_article_section":null,"og_article_tags":null,"twitter_use_og":false,"twitter_card":"default","twitter_image_type":"default","twitter_image_url":null,"twitter_image_custom_url":null,"twitter_image_custom_fields":null,"twitter_title":null,"twitter_description":null,"schema":{"blockGraphs":[],"customGraphs":[],"default":{"data":{"Article":[],"Course":[],"Dataset":[],"FAQPage":[],"Movie":[],"Person":[],"Product":[],"ProductReview":[],"Car":[],"Recipe":[],"Service":[],"SoftwareApplication":[],"WebPage":[]},"graphName":"","isEnabled":true},"graphs":[],"defaultGraph":"","defaultPostTypeGraph":""},"schema_type":null,"schema_type_options":null,"pillar_content":false,"robots_default":true,"robots_noindex":false,"robots_noarchive":false,"robots_nosnippet":false,"robots_nofollow":false,"robots_noimageindex":false,"robots_noodp":false,"robots_notranslate":false,"robots_max_snippet":null,"robots_max_videopreview":null,"robots_max_imagepreview":"large","priority":null,"frequency":null,"location":null,"local_seo":null,"seo_analyzer_scan_date":"2025-08-24 11:57:26","breadcrumb_settings":null,"limit_modified_date":false,"reviewed_by":null,"open_ai":null,"ai":null,"created":"2020-12-21 12:56:45","updated":"2025-08-24 11:57:26"},"aioseo_breadcrumb":"<div class=\"aioseo-breadcrumbs\"><span class=\"aioseo-breadcrumb\">\n\t<a href=\"https:\/\/candas365.es\/noticias\" title=\"Home\">Home<\/a>\n<\/span><span class=\"aioseo-breadcrumb-separator\">&ndash;<\/span><span class=\"aioseo-breadcrumb\">\n\t<a href=\"https:\/\/candas365.es\/noticias\/category\/actualidad\/\" title=\"Actualidad\">Actualidad<\/a>\n<\/span><span class=\"aioseo-breadcrumb-separator\">&ndash;<\/span><span class=\"aioseo-breadcrumb\">\n\tSubastan en Alemania objetos personales de Hitler y G\u00f6ring\n<\/span><\/div>","aioseo_breadcrumb_json":[{"label":"Home","link":"https:\/\/candas365.es\/noticias"},{"label":"Actualidad","link":"https:\/\/candas365.es\/noticias\/category\/actualidad\/"},{"label":"Subastan en Alemania objetos personales de Hitler y G\u00f6ring","link":"https:\/\/candas365.es\/noticias\/subastan-en-alemania-objetos-personales-de-hitler-y-goring\/"}],"_links":{"self":[{"href":"https:\/\/candas365.es\/noticias\/wp-json\/wp\/v2\/posts\/30013","targetHints":{"allow":["GET"]}}],"collection":[{"href":"https:\/\/candas365.es\/noticias\/wp-json\/wp\/v2\/posts"}],"about":[{"href":"https:\/\/candas365.es\/noticias\/wp-json\/wp\/v2\/types\/post"}],"author":[{"embeddable":true,"href":"https:\/\/candas365.es\/noticias\/wp-json\/wp\/v2\/users\/1"}],"replies":[{"embeddable":true,"href":"https:\/\/candas365.es\/noticias\/wp-json\/wp\/v2\/comments?post=30013"}],"version-history":[{"count":0,"href":"https:\/\/candas365.es\/noticias\/wp-json\/wp\/v2\/posts\/30013\/revisions"}],"wp:featuredmedia":[{"embeddable":true,"href":"https:\/\/candas365.es\/noticias\/wp-json\/wp\/v2\/media\/16457"}],"wp:attachment":[{"href":"https:\/\/candas365.es\/noticias\/wp-json\/wp\/v2\/media?parent=30013"}],"wp:term":[{"taxonomy":"category","embeddable":true,"href":"https:\/\/candas365.es\/noticias\/wp-json\/wp\/v2\/categories?post=30013"},{"taxonomy":"post_tag","embeddable":true,"href":"https:\/\/candas365.es\/noticias\/wp-json\/wp\/v2\/tags?post=30013"}],"curies":[{"name":"wp","href":"https:\/\/api.w.org\/{rel}","templated":true}]}}