{"id":30011,"date":"2016-06-12T11:26:15","date_gmt":"2016-06-12T09:56:15","guid":{"rendered":"http:\/\/candas365.es\/noticias\/?p=30011"},"modified":"2016-06-12T11:26:15","modified_gmt":"2016-06-12T09:56:15","slug":"luto-en-alemania-por-repentina-muerte-de-ex-tecnico-de-leverkusen","status":"publish","type":"post","link":"https:\/\/candas365.es\/noticias\/luto-en-alemania-por-repentina-muerte-de-ex-tecnico-de-leverkusen\/","title":{"rendered":"Luto en Alemania por repentina muerte de ex t\u00e9cnico de Leverkusen"},"content":{"rendered":"<p>(dpa) &#8211; El f\u00fatbol alem\u00e1n fue sacudido ayer por la noticia de la inesperada muerte del ex t\u00e9cnico del Bayer Leverkusen Sascha Lewandowski, de 44 a\u00f1os.<\/p>\n<p>Lewandowski fue encontrado sin vida el mi\u00e9rcoles en su apartamento en la ciudad de Bochum, comunic\u00f3 ayer la Polic\u00eda alemana. Las autoridades no suministraron informaci\u00f3n sobre las causas del deceso alegando que hay investigaciones en marcha. <\/p>\n<p>Sin embargo, el diario local \u00abWestdeutsche Allgemeine Zeitung\u00bb se\u00f1al\u00f3 que los agentes no hallaron indicios de homicidio o asesinato. Lewandowski hab\u00eda abandonado en marzo su \u00faltimo club, el Uni\u00f3n Berl\u00edn, con un cuadro de agotamiento s\u00edquico (burn out). \u00c9l mismo pidi\u00f3 que el diagn\u00f3stico fuera publicado.<\/p>\n<p>La fiscal\u00eda de Bochum solicit\u00f3 una autopsia del cuerpo, dijo a dpa el fiscal Andreas Bachmann. <\/p>\n<p>Lewandowski entren\u00f3 al Leverkusen durante una temporada en 2012-2013. Ven\u00eda de dirigir la divisi\u00f3n sub 19 del club, a la que regres\u00f3 por propia voluntad en 2013\/2014.<\/p>\n<p>Tras la destituci\u00f3n del finland\u00e9s Sami Hyypi\u00e4 a principios de abril de 2014 volvi\u00f3 a dirigir el equipo de primera de forma interina en las \u00faltimas cinco fechas y consigui\u00f3 avanzar hasta el cuarto lugar de la clasificaci\u00f3n con cuatro victorias y un empate.<\/p>\n<p>En septiembre de 2015 Lewandowski asumi\u00f3 el puesto de t\u00e9cnico del Uni\u00f3n Berl\u00edn, de segunda divisi\u00f3n, pero en marzo de este a\u00f1o dej\u00f3 el club con un cuadro de agotamiento.<\/p>\n<p>\u00abEstamos todos conmocionados\u00bb, dijo el gerente del Leverkusen, Michael Schade. \u00abSascha Lewandowski era un ser humano maravilloso que ha dejado su huella. Era un s\u00faper t\u00e9cnico que hizo muchos m\u00e9ritos a favor del Bayer Leverkusen\u00bb.<\/p>\n<p>\u00abNos resulta inconcebible pensar que Sascha est\u00e1 muerto\u00bb, cita la p\u00e1gina web del club al director deportivo, Rudi V\u00f6ller, quien en estos momentos se encuentra en Australia. \u00abEra un gran ser humano que le pon\u00eda al trabajo toda la fuerza y la pasi\u00f3n\u00bb.<\/p>\n<p>El m\u00e1nager de la selecci\u00f3n alemana de f\u00fatbol, Oliver Bierhoff, se manifest\u00f3 en la concentraci\u00f3n del equipo en Francia \u00abconmocionado y muy triste\u00bb.<\/p>\n<p>El deceso de Lewandowski tambi\u00e9n caus\u00f3 profundo pesar en las filas del Uni\u00f3n Berl\u00edn. \u00abEstamos inmensamente tristes. Acompa\u00f1amos a la familia de Sascha Lewandowski\u00bb, se\u00f1al\u00f3 en un comunicado el presidente de Uni\u00f3n Berl\u00edn, Dirk Zingler.<\/p>\n<p>El propio Zingler y la dirigencia del Uni\u00f3n Berl\u00edn confesaron que el anuncio de Lewandowski de dejar en marzo el club los hab\u00eda tomado desprevenidos. \u00abNos sorprendi\u00f3 totalmente. Era una situaci\u00f3n para la que no est\u00e1bamos preparados en absoluto\u00bb, dijo entonces.<\/p>\n<p>Por Matthias Bossaller <\/p>\n","protected":false},"excerpt":{"rendered":"<p>(dpa) &#8211; El f\u00fatbol alem\u00e1n fue sacudido ayer por la noticia de la inesperada muerte del ex t\u00e9cnico del Bayer Leverkusen Sascha Lewandowski, de 44 a\u00f1os. Lewandowski fue encontrado sin vida el mi\u00e9rcoles en su apartamento en la ciudad de Bochum, comunic\u00f3 ayer la Polic\u00eda alemana. Las autoridades no suministraron informaci\u00f3n sobre las causas del<\/p>\n","protected":false},"author":1,"featured_media":14626,"comment_status":"closed","ping_status":"closed","sticky":false,"template":"","format":"standard","meta":{"footnotes":""},"categories":[343],"tags":[],"class_list":{"0":"post-30011","1":"post","2":"type-post","3":"status-publish","4":"format-standard","5":"has-post-thumbnail","7":"category-actualidad"},"aioseo_notices":[],"aioseo_head":"\n\t\t<!-- All in One SEO Pro 4.9.6.2 - aioseo.com -->\n\t<meta name=\"description\" content=\"(dpa) - El f\u00fatbol alem\u00e1n fue sacudido ayer por la noticia de la inesperada muerte del ex t\u00e9cnico del Bayer Leverkusen Sascha Lewandowski, de 44 a\u00f1os. Lewandowski fue encontrado sin vida el mi\u00e9rcoles en su apartamento en la ciudad de Bochum, comunic\u00f3 ayer la Polic\u00eda alemana. Las autoridades no suministraron informaci\u00f3n sobre las causas del\" \/>\n\t<meta name=\"robots\" content=\"max-image-preview:large\" \/>\n\t<meta name=\"author\" content=\"Cand\u00e1s 365\"\/>\n\t<meta name=\"google-site-verification\" content=\"UA-32230408-1\" \/>\n\t<meta name=\"msvalidate.01\" content=\"354F3CDFB2DA171B47FBE9ABF1F88D5\" \/>\n\t<meta name=\"keywords\" content=\"actualidad\" \/>\n\t<link rel=\"canonical\" href=\"https:\/\/candas365.es\/noticias\/luto-en-alemania-por-repentina-muerte-de-ex-tecnico-de-leverkusen\/\" \/>\n\t<meta name=\"generator\" content=\"All in One SEO Pro (AIOSEO) 4.9.6.2\" \/>\n\t\t<meta property=\"og:locale\" content=\"es_ES\" \/>\n\t\t<meta property=\"og:site_name\" content=\"Cand\u00e1s 365\" \/>\n\t\t<meta property=\"og:type\" content=\"article\" \/>\n\t\t<meta property=\"og:title\" content=\"Luto en Alemania por repentina muerte de ex t\u00e9cnico de Leverkusen | Cand\u00e1s 365\" \/>\n\t\t<meta property=\"og:description\" content=\"(dpa) - El f\u00fatbol alem\u00e1n fue sacudido ayer por la noticia de la inesperada muerte del ex t\u00e9cnico del Bayer Leverkusen Sascha Lewandowski, de 44 a\u00f1os. Lewandowski fue encontrado sin vida el mi\u00e9rcoles en su apartamento en la ciudad de Bochum, comunic\u00f3 ayer la Polic\u00eda alemana. Las autoridades no suministraron informaci\u00f3n sobre las causas del\" \/>\n\t\t<meta property=\"og:url\" content=\"https:\/\/candas365.es\/noticias\/luto-en-alemania-por-repentina-muerte-de-ex-tecnico-de-leverkusen\/\" \/>\n\t\t<meta property=\"og:image\" content=\"https:\/\/candas365.es\/noticias\/wp-content\/uploads\/2015\/08\/noticias-candas365digital1.jpg\" \/>\n\t\t<meta property=\"og:image:secure_url\" content=\"https:\/\/candas365.es\/noticias\/wp-content\/uploads\/2015\/08\/noticias-candas365digital1.jpg\" \/>\n\t\t<meta property=\"og:image:width\" content=\"655\" \/>\n\t\t<meta property=\"og:image:height\" content=\"360\" \/>\n\t\t<meta property=\"article:published_time\" content=\"2016-06-12T09:56:15+00:00\" \/>\n\t\t<meta property=\"article:modified_time\" content=\"2016-06-12T09:56:15+00:00\" \/>\n\t\t<meta property=\"article:publisher\" content=\"https:\/\/www.facebook.com\/Nachofdezber\" \/>\n\t\t<meta property=\"article:author\" content=\"https:\/\/www.facebook.com\/carrenoactualidad\" \/>\n\t\t<meta name=\"twitter:card\" content=\"summary_large_image\" \/>\n\t\t<meta name=\"twitter:site\" content=\"@NabercoDigital\" \/>\n\t\t<meta name=\"twitter:title\" content=\"Luto en Alemania por repentina muerte de ex t\u00e9cnico de Leverkusen | Cand\u00e1s 365\" \/>\n\t\t<meta name=\"twitter:description\" content=\"(dpa) - El f\u00fatbol alem\u00e1n fue sacudido ayer por la noticia de la inesperada muerte del ex t\u00e9cnico del Bayer Leverkusen Sascha Lewandowski, de 44 a\u00f1os. Lewandowski fue encontrado sin vida el mi\u00e9rcoles en su apartamento en la ciudad de Bochum, comunic\u00f3 ayer la Polic\u00eda alemana. Las autoridades no suministraron informaci\u00f3n sobre las causas del\" \/>\n\t\t<meta name=\"twitter:creator\" content=\"@nbasturias\" \/>\n\t\t<meta name=\"twitter:image\" content=\"https:\/\/candas365.es\/noticias\/wp-content\/uploads\/2015\/08\/noticias-candas365digital1.jpg\" \/>\n\t\t<meta name=\"twitter:label1\" content=\"Escrito por\" \/>\n\t\t<meta name=\"twitter:data1\" content=\"Cand\u00e1s 365\" \/>\n\t\t<meta name=\"twitter:label2\" content=\"Tiempo de lectura estimado\" \/>\n\t\t<meta name=\"twitter:data2\" content=\"2 minutos\" \/>\n\t\t<script type=\"application\/ld+json\" class=\"aioseo-schema\">\n\t\t\t{\"@context\":\"https:\\\/\\\/schema.org\",\"@graph\":[{\"@type\":\"BreadcrumbList\",\"@id\":\"https:\\\/\\\/candas365.es\\\/noticias\\\/luto-en-alemania-por-repentina-muerte-de-ex-tecnico-de-leverkusen\\\/#breadcrumblist\",\"itemListElement\":[{\"@type\":\"ListItem\",\"@id\":\"https:\\\/\\\/candas365.es\\\/noticias#listItem\",\"position\":1,\"name\":\"Home\",\"item\":\"https:\\\/\\\/candas365.es\\\/noticias\",\"nextItem\":{\"@type\":\"ListItem\",\"@id\":\"https:\\\/\\\/candas365.es\\\/noticias\\\/category\\\/actualidad\\\/#listItem\",\"name\":\"Actualidad\"}},{\"@type\":\"ListItem\",\"@id\":\"https:\\\/\\\/candas365.es\\\/noticias\\\/category\\\/actualidad\\\/#listItem\",\"position\":2,\"name\":\"Actualidad\",\"item\":\"https:\\\/\\\/candas365.es\\\/noticias\\\/category\\\/actualidad\\\/\",\"nextItem\":{\"@type\":\"ListItem\",\"@id\":\"https:\\\/\\\/candas365.es\\\/noticias\\\/luto-en-alemania-por-repentina-muerte-de-ex-tecnico-de-leverkusen\\\/#listItem\",\"name\":\"Luto en Alemania por repentina muerte de ex t\\u00e9cnico de Leverkusen\"},\"previousItem\":{\"@type\":\"ListItem\",\"@id\":\"https:\\\/\\\/candas365.es\\\/noticias#listItem\",\"name\":\"Home\"}},{\"@type\":\"ListItem\",\"@id\":\"https:\\\/\\\/candas365.es\\\/noticias\\\/luto-en-alemania-por-repentina-muerte-de-ex-tecnico-de-leverkusen\\\/#listItem\",\"position\":3,\"name\":\"Luto en Alemania por repentina muerte de ex t\\u00e9cnico de Leverkusen\",\"previousItem\":{\"@type\":\"ListItem\",\"@id\":\"https:\\\/\\\/candas365.es\\\/noticias\\\/category\\\/actualidad\\\/#listItem\",\"name\":\"Actualidad\"}}]},{\"@type\":\"NewsArticle\",\"@id\":\"https:\\\/\\\/candas365.es\\\/noticias\\\/luto-en-alemania-por-repentina-muerte-de-ex-tecnico-de-leverkusen\\\/#newsarticle\",\"name\":\"Luto en Alemania por repentina muerte de ex t\\u00e9cnico de Leverkusen | Cand\\u00e1s 365\",\"headline\":\"Luto en Alemania por repentina muerte de ex t\\u00e9cnico de Leverkusen\",\"author\":{\"@id\":\"https:\\\/\\\/candas365.es\\\/noticias\\\/author\\\/admin\\\/#author\"},\"publisher\":{\"@id\":\"https:\\\/\\\/candas365.es\\\/noticias\\\/#organization\"},\"image\":{\"@type\":\"ImageObject\",\"url\":\"https:\\\/\\\/candas365.es\\\/noticias\\\/wp-content\\\/uploads\\\/2015\\\/08\\\/noticias-candas365digital1.jpg\",\"width\":655,\"height\":360},\"datePublished\":\"2016-06-12T11:26:15+02:00\",\"dateModified\":\"2016-06-12T11:26:15+02:00\",\"inLanguage\":\"es-ES\",\"mainEntityOfPage\":{\"@id\":\"https:\\\/\\\/candas365.es\\\/noticias\\\/luto-en-alemania-por-repentina-muerte-de-ex-tecnico-de-leverkusen\\\/#webpage\"},\"isPartOf\":{\"@id\":\"https:\\\/\\\/candas365.es\\\/noticias\\\/luto-en-alemania-por-repentina-muerte-de-ex-tecnico-de-leverkusen\\\/#webpage\"},\"articleSection\":\"Actualidad\",\"dateline\":\"Publicado el junio 12, 2016.\"},{\"@type\":\"Organization\",\"@id\":\"https:\\\/\\\/candas365.es\\\/noticias\\\/#organization\",\"name\":\"Cand\\u00e1s 365\",\"description\":\"Cand\\u00e1s 365 es un diario digital independiente, fundado en 2012, con base en Asturias. Informamos con rigor sobre actualidad, sociedad, cultura y ocio, con una mirada local y global.\",\"url\":\"https:\\\/\\\/candas365.es\\\/noticias\\\/\",\"email\":\"info@candas365.es\",\"telephone\":\"+34652131393\",\"foundingDate\":\"2012-06-10\",\"logo\":{\"@type\":\"ImageObject\",\"url\":\"https:\\\/\\\/candas365.es\\\/noticias\\\/wp-content\\\/uploads\\\/2024\\\/09\\\/Candas-365-Redes.jpg\",\"@id\":\"https:\\\/\\\/candas365.es\\\/noticias\\\/luto-en-alemania-por-repentina-muerte-de-ex-tecnico-de-leverkusen\\\/#organizationLogo\",\"width\":1152,\"height\":864,\"caption\":\"Cand\\u00e1s 365 Redes\"},\"image\":{\"@id\":\"https:\\\/\\\/candas365.es\\\/noticias\\\/luto-en-alemania-por-repentina-muerte-de-ex-tecnico-de-leverkusen\\\/#organizationLogo\"},\"sameAs\":[\"https:\\\/\\\/www.facebook.com\\\/Nachofdezber\",\"https:\\\/\\\/x.com\\\/NabercoDigital\",\"https:\\\/\\\/www.instagram.com\\\/nachofdezber\\\/\",\"https:\\\/\\\/www.youtube.com\\\/channel\\\/UCZP-2wLEB9Rv6erhFmqVnvg\"],\"address\":{\"@id\":\"https:\\\/\\\/candas365.es\\\/noticias\\\/#postaladdress\",\"@type\":\"PostalAddress\",\"streetAddress\":\"san antonio 4, san antonio 4\",\"postalCode\":\"33430\",\"addressLocality\":\"Cand\\u00e1s\",\"addressRegion\":\"Asturias\",\"addressCountry\":\"ES\"}},{\"@type\":\"Person\",\"@id\":\"https:\\\/\\\/candas365.es\\\/noticias\\\/author\\\/admin\\\/#author\",\"url\":\"https:\\\/\\\/candas365.es\\\/noticias\\\/author\\\/admin\\\/\",\"name\":\"Cand\\u00e1s 365\",\"image\":{\"@type\":\"ImageObject\",\"@id\":\"https:\\\/\\\/candas365.es\\\/noticias\\\/luto-en-alemania-por-repentina-muerte-de-ex-tecnico-de-leverkusen\\\/#authorImage\",\"url\":\"https:\\\/\\\/secure.gravatar.com\\\/avatar\\\/496a8e03d0c493ede1718b7934145dbdf8d89be1036b0eec9544e1094c9de390?s=96&d=mm&r=g\",\"width\":96,\"height\":96,\"caption\":\"Cand\\u00e1s 365\"},\"sameAs\":[\"https:\\\/\\\/www.facebook.com\\\/carrenoactualidad\",\"https:\\\/\\\/twitter.com\\\/nbasturias\",\"https:\\\/\\\/www.instagram.com\\\/nachofdezber\\\/\",\"https:\\\/\\\/www.youtube.com\\\/channel\\\/UCZP-2wLEB9Rv6erhFmqVnvg\"]},{\"@type\":\"WebPage\",\"@id\":\"https:\\\/\\\/candas365.es\\\/noticias\\\/luto-en-alemania-por-repentina-muerte-de-ex-tecnico-de-leverkusen\\\/#webpage\",\"url\":\"https:\\\/\\\/candas365.es\\\/noticias\\\/luto-en-alemania-por-repentina-muerte-de-ex-tecnico-de-leverkusen\\\/\",\"name\":\"Luto en Alemania por repentina muerte de ex t\\u00e9cnico de Leverkusen | Cand\\u00e1s 365\",\"description\":\"(dpa) - El f\\u00fatbol alem\\u00e1n fue sacudido ayer por la noticia de la inesperada muerte del ex t\\u00e9cnico del Bayer Leverkusen Sascha Lewandowski, de 44 a\\u00f1os. Lewandowski fue encontrado sin vida el mi\\u00e9rcoles en su apartamento en la ciudad de Bochum, comunic\\u00f3 ayer la Polic\\u00eda alemana. Las autoridades no suministraron informaci\\u00f3n sobre las causas del\",\"inLanguage\":\"es-ES\",\"isPartOf\":{\"@id\":\"https:\\\/\\\/candas365.es\\\/noticias\\\/#website\"},\"breadcrumb\":{\"@id\":\"https:\\\/\\\/candas365.es\\\/noticias\\\/luto-en-alemania-por-repentina-muerte-de-ex-tecnico-de-leverkusen\\\/#breadcrumblist\"},\"author\":{\"@id\":\"https:\\\/\\\/candas365.es\\\/noticias\\\/author\\\/admin\\\/#author\"},\"creator\":{\"@id\":\"https:\\\/\\\/candas365.es\\\/noticias\\\/author\\\/admin\\\/#author\"},\"image\":{\"@type\":\"ImageObject\",\"url\":\"https:\\\/\\\/candas365.es\\\/noticias\\\/wp-content\\\/uploads\\\/2015\\\/08\\\/noticias-candas365digital1.jpg\",\"@id\":\"https:\\\/\\\/candas365.es\\\/noticias\\\/luto-en-alemania-por-repentina-muerte-de-ex-tecnico-de-leverkusen\\\/#mainImage\",\"width\":655,\"height\":360},\"primaryImageOfPage\":{\"@id\":\"https:\\\/\\\/candas365.es\\\/noticias\\\/luto-en-alemania-por-repentina-muerte-de-ex-tecnico-de-leverkusen\\\/#mainImage\"},\"datePublished\":\"2016-06-12T11:26:15+02:00\",\"dateModified\":\"2016-06-12T11:26:15+02:00\"},{\"@type\":\"WebSite\",\"@id\":\"https:\\\/\\\/candas365.es\\\/noticias\\\/#website\",\"url\":\"https:\\\/\\\/candas365.es\\\/noticias\\\/\",\"name\":\"Cand\\u00e1s 365\",\"alternateName\":\"Cand\\u00e1s 365 Noticias\",\"description\":\"Actualidad desde Carre\\u00f1o para el mundo\",\"inLanguage\":\"es-ES\",\"publisher\":{\"@id\":\"https:\\\/\\\/candas365.es\\\/noticias\\\/#organization\"}}]}\n\t\t<\/script>\n\t\t<!-- All in One SEO Pro -->\r\n\t\t<title>Luto en Alemania por repentina muerte de ex t\u00e9cnico de Leverkusen | Cand\u00e1s 365<\/title>\n\n","aioseo_head_json":{"title":"Luto en Alemania por repentina muerte de ex t\u00e9cnico de Leverkusen | Cand\u00e1s 365","description":"(dpa) - El f\u00fatbol alem\u00e1n fue sacudido ayer por la noticia de la inesperada muerte del ex t\u00e9cnico del Bayer Leverkusen Sascha Lewandowski, de 44 a\u00f1os. Lewandowski fue encontrado sin vida el mi\u00e9rcoles en su apartamento en la ciudad de Bochum, comunic\u00f3 ayer la Polic\u00eda alemana. Las autoridades no suministraron informaci\u00f3n sobre las causas del","canonical_url":"https:\/\/candas365.es\/noticias\/luto-en-alemania-por-repentina-muerte-de-ex-tecnico-de-leverkusen\/","robots":"max-image-preview:large","keywords":"actualidad","webmasterTools":{"google-site-verification":"UA-32230408-1","msvalidate.01":"354F3CDFB2DA171B47FBE9ABF1F88D5","miscellaneous":""},"schema":{"@context":"https:\/\/schema.org","@graph":[{"@type":"BreadcrumbList","@id":"https:\/\/candas365.es\/noticias\/luto-en-alemania-por-repentina-muerte-de-ex-tecnico-de-leverkusen\/#breadcrumblist","itemListElement":[{"@type":"ListItem","@id":"https:\/\/candas365.es\/noticias#listItem","position":1,"name":"Home","item":"https:\/\/candas365.es\/noticias","nextItem":{"@type":"ListItem","@id":"https:\/\/candas365.es\/noticias\/category\/actualidad\/#listItem","name":"Actualidad"}},{"@type":"ListItem","@id":"https:\/\/candas365.es\/noticias\/category\/actualidad\/#listItem","position":2,"name":"Actualidad","item":"https:\/\/candas365.es\/noticias\/category\/actualidad\/","nextItem":{"@type":"ListItem","@id":"https:\/\/candas365.es\/noticias\/luto-en-alemania-por-repentina-muerte-de-ex-tecnico-de-leverkusen\/#listItem","name":"Luto en Alemania por repentina muerte de ex t\u00e9cnico de Leverkusen"},"previousItem":{"@type":"ListItem","@id":"https:\/\/candas365.es\/noticias#listItem","name":"Home"}},{"@type":"ListItem","@id":"https:\/\/candas365.es\/noticias\/luto-en-alemania-por-repentina-muerte-de-ex-tecnico-de-leverkusen\/#listItem","position":3,"name":"Luto en Alemania por repentina muerte de ex t\u00e9cnico de Leverkusen","previousItem":{"@type":"ListItem","@id":"https:\/\/candas365.es\/noticias\/category\/actualidad\/#listItem","name":"Actualidad"}}]},{"@type":"NewsArticle","@id":"https:\/\/candas365.es\/noticias\/luto-en-alemania-por-repentina-muerte-de-ex-tecnico-de-leverkusen\/#newsarticle","name":"Luto en Alemania por repentina muerte de ex t\u00e9cnico de Leverkusen | Cand\u00e1s 365","headline":"Luto en Alemania por repentina muerte de ex t\u00e9cnico de Leverkusen","author":{"@id":"https:\/\/candas365.es\/noticias\/author\/admin\/#author"},"publisher":{"@id":"https:\/\/candas365.es\/noticias\/#organization"},"image":{"@type":"ImageObject","url":"https:\/\/candas365.es\/noticias\/wp-content\/uploads\/2015\/08\/noticias-candas365digital1.jpg","width":655,"height":360},"datePublished":"2016-06-12T11:26:15+02:00","dateModified":"2016-06-12T11:26:15+02:00","inLanguage":"es-ES","mainEntityOfPage":{"@id":"https:\/\/candas365.es\/noticias\/luto-en-alemania-por-repentina-muerte-de-ex-tecnico-de-leverkusen\/#webpage"},"isPartOf":{"@id":"https:\/\/candas365.es\/noticias\/luto-en-alemania-por-repentina-muerte-de-ex-tecnico-de-leverkusen\/#webpage"},"articleSection":"Actualidad","dateline":"Publicado el junio 12, 2016."},{"@type":"Organization","@id":"https:\/\/candas365.es\/noticias\/#organization","name":"Cand\u00e1s 365","description":"Cand\u00e1s 365 es un diario digital independiente, fundado en 2012, con base en Asturias. Informamos con rigor sobre actualidad, sociedad, cultura y ocio, con una mirada local y global.","url":"https:\/\/candas365.es\/noticias\/","email":"info@candas365.es","telephone":"+34652131393","foundingDate":"2012-06-10","logo":{"@type":"ImageObject","url":"https:\/\/candas365.es\/noticias\/wp-content\/uploads\/2024\/09\/Candas-365-Redes.jpg","@id":"https:\/\/candas365.es\/noticias\/luto-en-alemania-por-repentina-muerte-de-ex-tecnico-de-leverkusen\/#organizationLogo","width":1152,"height":864,"caption":"Cand\u00e1s 365 Redes"},"image":{"@id":"https:\/\/candas365.es\/noticias\/luto-en-alemania-por-repentina-muerte-de-ex-tecnico-de-leverkusen\/#organizationLogo"},"sameAs":["https:\/\/www.facebook.com\/Nachofdezber","https:\/\/x.com\/NabercoDigital","https:\/\/www.instagram.com\/nachofdezber\/","https:\/\/www.youtube.com\/channel\/UCZP-2wLEB9Rv6erhFmqVnvg"],"address":{"@id":"https:\/\/candas365.es\/noticias\/#postaladdress","@type":"PostalAddress","streetAddress":"san antonio 4, san antonio 4","postalCode":"33430","addressLocality":"Cand\u00e1s","addressRegion":"Asturias","addressCountry":"ES"}},{"@type":"Person","@id":"https:\/\/candas365.es\/noticias\/author\/admin\/#author","url":"https:\/\/candas365.es\/noticias\/author\/admin\/","name":"Cand\u00e1s 365","image":{"@type":"ImageObject","@id":"https:\/\/candas365.es\/noticias\/luto-en-alemania-por-repentina-muerte-de-ex-tecnico-de-leverkusen\/#authorImage","url":"https:\/\/secure.gravatar.com\/avatar\/496a8e03d0c493ede1718b7934145dbdf8d89be1036b0eec9544e1094c9de390?s=96&d=mm&r=g","width":96,"height":96,"caption":"Cand\u00e1s 365"},"sameAs":["https:\/\/www.facebook.com\/carrenoactualidad","https:\/\/twitter.com\/nbasturias","https:\/\/www.instagram.com\/nachofdezber\/","https:\/\/www.youtube.com\/channel\/UCZP-2wLEB9Rv6erhFmqVnvg"]},{"@type":"WebPage","@id":"https:\/\/candas365.es\/noticias\/luto-en-alemania-por-repentina-muerte-de-ex-tecnico-de-leverkusen\/#webpage","url":"https:\/\/candas365.es\/noticias\/luto-en-alemania-por-repentina-muerte-de-ex-tecnico-de-leverkusen\/","name":"Luto en Alemania por repentina muerte de ex t\u00e9cnico de Leverkusen | Cand\u00e1s 365","description":"(dpa) - El f\u00fatbol alem\u00e1n fue sacudido ayer por la noticia de la inesperada muerte del ex t\u00e9cnico del Bayer Leverkusen Sascha Lewandowski, de 44 a\u00f1os. Lewandowski fue encontrado sin vida el mi\u00e9rcoles en su apartamento en la ciudad de Bochum, comunic\u00f3 ayer la Polic\u00eda alemana. Las autoridades no suministraron informaci\u00f3n sobre las causas del","inLanguage":"es-ES","isPartOf":{"@id":"https:\/\/candas365.es\/noticias\/#website"},"breadcrumb":{"@id":"https:\/\/candas365.es\/noticias\/luto-en-alemania-por-repentina-muerte-de-ex-tecnico-de-leverkusen\/#breadcrumblist"},"author":{"@id":"https:\/\/candas365.es\/noticias\/author\/admin\/#author"},"creator":{"@id":"https:\/\/candas365.es\/noticias\/author\/admin\/#author"},"image":{"@type":"ImageObject","url":"https:\/\/candas365.es\/noticias\/wp-content\/uploads\/2015\/08\/noticias-candas365digital1.jpg","@id":"https:\/\/candas365.es\/noticias\/luto-en-alemania-por-repentina-muerte-de-ex-tecnico-de-leverkusen\/#mainImage","width":655,"height":360},"primaryImageOfPage":{"@id":"https:\/\/candas365.es\/noticias\/luto-en-alemania-por-repentina-muerte-de-ex-tecnico-de-leverkusen\/#mainImage"},"datePublished":"2016-06-12T11:26:15+02:00","dateModified":"2016-06-12T11:26:15+02:00"},{"@type":"WebSite","@id":"https:\/\/candas365.es\/noticias\/#website","url":"https:\/\/candas365.es\/noticias\/","name":"Cand\u00e1s 365","alternateName":"Cand\u00e1s 365 Noticias","description":"Actualidad desde Carre\u00f1o para el mundo","inLanguage":"es-ES","publisher":{"@id":"https:\/\/candas365.es\/noticias\/#organization"}}]},"og:locale":"es_ES","og:site_name":"Cand\u00e1s 365","og:type":"article","og:title":"Luto en Alemania por repentina muerte de ex t\u00e9cnico de Leverkusen | Cand\u00e1s 365","og:description":"(dpa) - El f\u00fatbol alem\u00e1n fue sacudido ayer por la noticia de la inesperada muerte del ex t\u00e9cnico del Bayer Leverkusen Sascha Lewandowski, de 44 a\u00f1os. Lewandowski fue encontrado sin vida el mi\u00e9rcoles en su apartamento en la ciudad de Bochum, comunic\u00f3 ayer la Polic\u00eda alemana. Las autoridades no suministraron informaci\u00f3n sobre las causas del","og:url":"https:\/\/candas365.es\/noticias\/luto-en-alemania-por-repentina-muerte-de-ex-tecnico-de-leverkusen\/","og:image":"https:\/\/candas365.es\/noticias\/wp-content\/uploads\/2015\/08\/noticias-candas365digital1.jpg","og:image:secure_url":"https:\/\/candas365.es\/noticias\/wp-content\/uploads\/2015\/08\/noticias-candas365digital1.jpg","og:image:width":655,"og:image:height":360,"article:published_time":"2016-06-12T09:56:15+00:00","article:modified_time":"2016-06-12T09:56:15+00:00","article:publisher":"https:\/\/www.facebook.com\/Nachofdezber","article:author":"https:\/\/www.facebook.com\/carrenoactualidad","twitter:card":"summary_large_image","twitter:site":"@NabercoDigital","twitter:title":"Luto en Alemania por repentina muerte de ex t\u00e9cnico de Leverkusen | Cand\u00e1s 365","twitter:description":"(dpa) - El f\u00fatbol alem\u00e1n fue sacudido ayer por la noticia de la inesperada muerte del ex t\u00e9cnico del Bayer Leverkusen Sascha Lewandowski, de 44 a\u00f1os. Lewandowski fue encontrado sin vida el mi\u00e9rcoles en su apartamento en la ciudad de Bochum, comunic\u00f3 ayer la Polic\u00eda alemana. Las autoridades no suministraron informaci\u00f3n sobre las causas del","twitter:creator":"@nbasturias","twitter:image":"https:\/\/candas365.es\/noticias\/wp-content\/uploads\/2015\/08\/noticias-candas365digital1.jpg","twitter:label1":"Escrito por","twitter:data1":"Cand\u00e1s 365","twitter:label2":"Tiempo de lectura estimado","twitter:data2":"2 minutos"},"aioseo_meta_data":{"post_id":"30011","title":null,"description":null,"keywords":null,"keyphrases":null,"primary_term":null,"canonical_url":null,"og_title":null,"og_description":null,"og_object_type":"default","og_image_type":"default","og_image_url":null,"og_image_width":null,"og_image_height":null,"og_image_custom_url":null,"og_image_custom_fields":null,"og_video":null,"og_custom_url":null,"og_article_section":null,"og_article_tags":null,"twitter_use_og":false,"twitter_card":"default","twitter_image_type":"default","twitter_image_url":null,"twitter_image_custom_url":null,"twitter_image_custom_fields":null,"twitter_title":null,"twitter_description":null,"schema":{"blockGraphs":[],"customGraphs":[],"default":{"data":{"Article":[],"Course":[],"Dataset":[],"FAQPage":[],"Movie":[],"Person":[],"Product":[],"ProductReview":[],"Car":[],"Recipe":[],"Service":[],"SoftwareApplication":[],"WebPage":[]},"graphName":"","isEnabled":true},"graphs":[],"defaultGraph":"","defaultPostTypeGraph":""},"schema_type":null,"schema_type_options":null,"pillar_content":false,"robots_default":true,"robots_noindex":false,"robots_noarchive":false,"robots_nosnippet":false,"robots_nofollow":false,"robots_noimageindex":false,"robots_noodp":false,"robots_notranslate":false,"robots_max_snippet":null,"robots_max_videopreview":null,"robots_max_imagepreview":"large","priority":null,"frequency":null,"location":null,"local_seo":null,"seo_analyzer_scan_date":"2025-08-24 11:57:25","breadcrumb_settings":null,"limit_modified_date":false,"reviewed_by":null,"open_ai":null,"ai":null,"created":"2020-12-21 12:56:45","updated":"2025-08-24 11:57:25"},"aioseo_breadcrumb":"<div class=\"aioseo-breadcrumbs\"><span class=\"aioseo-breadcrumb\">\n\t<a href=\"https:\/\/candas365.es\/noticias\" title=\"Home\">Home<\/a>\n<\/span><span class=\"aioseo-breadcrumb-separator\">&ndash;<\/span><span class=\"aioseo-breadcrumb\">\n\t<a href=\"https:\/\/candas365.es\/noticias\/category\/actualidad\/\" title=\"Actualidad\">Actualidad<\/a>\n<\/span><span class=\"aioseo-breadcrumb-separator\">&ndash;<\/span><span class=\"aioseo-breadcrumb\">\n\tLuto en Alemania por repentina muerte de ex t\u00e9cnico de Leverkusen\n<\/span><\/div>","aioseo_breadcrumb_json":[{"label":"Home","link":"https:\/\/candas365.es\/noticias"},{"label":"Actualidad","link":"https:\/\/candas365.es\/noticias\/category\/actualidad\/"},{"label":"Luto en Alemania por repentina muerte de ex t\u00e9cnico de Leverkusen","link":"https:\/\/candas365.es\/noticias\/luto-en-alemania-por-repentina-muerte-de-ex-tecnico-de-leverkusen\/"}],"_links":{"self":[{"href":"https:\/\/candas365.es\/noticias\/wp-json\/wp\/v2\/posts\/30011","targetHints":{"allow":["GET"]}}],"collection":[{"href":"https:\/\/candas365.es\/noticias\/wp-json\/wp\/v2\/posts"}],"about":[{"href":"https:\/\/candas365.es\/noticias\/wp-json\/wp\/v2\/types\/post"}],"author":[{"embeddable":true,"href":"https:\/\/candas365.es\/noticias\/wp-json\/wp\/v2\/users\/1"}],"replies":[{"embeddable":true,"href":"https:\/\/candas365.es\/noticias\/wp-json\/wp\/v2\/comments?post=30011"}],"version-history":[{"count":0,"href":"https:\/\/candas365.es\/noticias\/wp-json\/wp\/v2\/posts\/30011\/revisions"}],"wp:featuredmedia":[{"embeddable":true,"href":"https:\/\/candas365.es\/noticias\/wp-json\/wp\/v2\/media\/14626"}],"wp:attachment":[{"href":"https:\/\/candas365.es\/noticias\/wp-json\/wp\/v2\/media?parent=30011"}],"wp:term":[{"taxonomy":"category","embeddable":true,"href":"https:\/\/candas365.es\/noticias\/wp-json\/wp\/v2\/categories?post=30011"},{"taxonomy":"post_tag","embeddable":true,"href":"https:\/\/candas365.es\/noticias\/wp-json\/wp\/v2\/tags?post=30011"}],"curies":[{"name":"wp","href":"https:\/\/api.w.org\/{rel}","templated":true}]}}