{"id":30009,"date":"2016-06-12T11:18:14","date_gmt":"2016-06-12T09:48:14","guid":{"rendered":"http:\/\/candas365.es\/noticias\/?p=30009"},"modified":"2016-06-12T11:18:14","modified_gmt":"2016-06-12T09:48:14","slug":"salen-a-la-luz-nuevos-horrores-de-auschwitz","status":"publish","type":"post","link":"https:\/\/candas365.es\/noticias\/salen-a-la-luz-nuevos-horrores-de-auschwitz\/","title":{"rendered":"Salen a la luz nuevos horrores de Auschwitz"},"content":{"rendered":"<p>(dpa) &#8211; El testigo Walter Petzold, un preso pol\u00edtico, estaba seguro: los asesinatos en la c\u00e1mara de gas del campo de exterminio de Auschwitz comenzaron en el oto\u00f1o (boreal) de 1941.<\/p>\n<p>Unos 850 prisioneros de guerra fueron \u00abmetidos a golpes\u00bb en un b\u00fanker herm\u00e9tico, cont\u00f3 el testigo ante un tribunal en el primer juicio por los asesinatos en el campo nazi el 26 de marzo de 1964. A continuaci\u00f3n se ech\u00f3 el gas zyklon B -un pesticida letal- a trav\u00e9s de unas tuber\u00edas.<\/p>\n<p>El testimonio de Petzold, que fue registrado con grabadora, ser\u00e1 reproducido el pr\u00f3ximo jueves en el Archivo Estatal del estado de Hesse, donde han sido digitalizadas las 103 cintas del juicio. Se da pr\u00e1cticamente por seguro que estos testimonios de audio \u00fanicos y las 454 actas del juicio ser\u00e1n incluidos en el Programa de la Memoria del Mundo de la ONU.<\/p>\n<p>La comisi\u00f3n alemana de la Unesco ha solicitado a la direcci\u00f3n general en Par\u00eds el ingreso de estos documentos en el registro mundial. La votaci\u00f3n ser\u00e1 celebrada probablemente el pr\u00f3ximo a\u00f1o en Par\u00eds y hasta ahora nunca fue rechazada una propuesta de Alemania. El registro cuenta con 348 testimonios a nivel mundial, 22 de ellos de Alemania.<\/p>\n<p>El juicio de Auschwitz de 1963 est\u00e1 considerado un punto de inflexi\u00f3n sobre c\u00f3mo los alemanes se enfrentaron a los cr\u00edmenes del nacionalsocialismo.<\/p>\n<p>Tras a\u00f1os de reprimir el sombr\u00edo pasado nazi y gozar del \u00abmilagro\u00bb econ\u00f3mico, los alemanes se vieron confrontados por primera vez con los horrores del genocidio jud\u00edo en los campos de concentraci\u00f3n.<\/p>\n<p>En el banquillo de los acusados se sentaron 22 personas, incluidos oficiales y guardias. M\u00e1s de 300 testigos prestaron declaraci\u00f3n durante los 20 meses de duraci\u00f3n, entre ellos 181 sobrevivientes de Auschwitz.<\/p>\n<p>El juicio termin\u00f3 con condenas relativamente blandas. Pero le siguieron hasta hoy procesos por los cr\u00edmenes de entonces, lo que resalta su car\u00e1cter simb\u00f3lico.<\/p>\n<p>El principal impulsor del juicio de Auschwitz fue el fiscal Fritz Bauer, un jud\u00edo que huy\u00f3 a Suecia durante el nazismo y que luch\u00f3 contra una f\u00e9rrea oposici\u00f3n interna en Alemania para llevar a los asesinos ante los tribunales.<\/p>\n<p>La posibilidad de que estos documentos sean incluidos en el registro de la memoria mundial es una se\u00f1al importante al mundo de que Alemania sigue asumiendo su responsabilidad por los cr\u00edmenes del nazismo y por el Holocausto, sostuvo ayer el ministro de Ciencias de Hesse, Boris Rhein.<\/p>\n<p>\u00abSin duda, estos documentos pueden ser llamados patrimonio cultural mundial\u00bb, afirm\u00f3 Werner Konitzer, presidente del Instituto Fritz Bauer, que investiga el genocidio jud\u00edo.<\/p>\n<p>En la p\u00e1gina web del instituto se puede acceder desde hace algunos a\u00f1os a las trascripciones de 430 horas de grabaci\u00f3n. Adem\u00e1s hay unas 100 horas de citas de audio de los interrogatorios. El tribunal del juicio de Fr\u00e1ncfort quiso borrar las cintas, pero el entonces ministro de Justicia de Hesse lo impidi\u00f3.<\/p>\n<p>Casi m\u00e1s aterrador que los documentos del juicio son algunos detalles de las investigaciones previas. En el expediente n\u00famero 86, el juez Heinz D\u00fcx relata lo que encontr\u00f3 en una inspecci\u00f3n hecha medio a\u00f1o antes del juicio, a principios de 1963, al ex campo de Auschwitz-Birkenau.<\/p>\n<p>D\u00fcx tir\u00f3 de una ca\u00f1a de los restos de una gran hoguera hecha por los nazis porque los crematorios no daban abasto. Al sacar la planta se dio con un hueso humano. Seg\u00fan los historiadores, all\u00ed fueron arrojados vivos al fuego unos 400 ni\u00f1os h\u00fangaros.<\/p>\n<p>Por Thomas Maier <\/p>\n","protected":false},"excerpt":{"rendered":"<p>(dpa) &#8211; El testigo Walter Petzold, un preso pol\u00edtico, estaba seguro: los asesinatos en la c\u00e1mara de gas del campo de exterminio de Auschwitz comenzaron en el oto\u00f1o (boreal) de 1941. Unos 850 prisioneros de guerra fueron \u00abmetidos a golpes\u00bb en un b\u00fanker herm\u00e9tico, cont\u00f3 el testigo ante un tribunal en el primer juicio por<\/p>\n","protected":false},"author":1,"featured_media":14237,"comment_status":"closed","ping_status":"closed","sticky":false,"template":"","format":"standard","meta":{"footnotes":""},"categories":[343],"tags":[],"class_list":{"0":"post-30009","1":"post","2":"type-post","3":"status-publish","4":"format-standard","5":"has-post-thumbnail","7":"category-actualidad"},"aioseo_notices":[],"aioseo_head":"\n\t\t<!-- All in One SEO Pro 4.9.6.2 - aioseo.com -->\n\t<meta name=\"description\" content=\"(dpa) - El testigo Walter Petzold, un preso pol\u00edtico, estaba seguro: los asesinatos en la c\u00e1mara de gas del campo de exterminio de Auschwitz comenzaron en el oto\u00f1o (boreal) de 1941. Unos 850 prisioneros de guerra fueron &quot;metidos a golpes&quot; en un b\u00fanker herm\u00e9tico, cont\u00f3 el testigo ante un tribunal en el primer juicio por\" \/>\n\t<meta name=\"robots\" content=\"max-image-preview:large\" \/>\n\t<meta name=\"author\" content=\"Cand\u00e1s 365\"\/>\n\t<meta name=\"google-site-verification\" content=\"UA-32230408-1\" \/>\n\t<meta name=\"msvalidate.01\" content=\"354F3CDFB2DA171B47FBE9ABF1F88D5\" \/>\n\t<meta name=\"keywords\" content=\"actualidad\" \/>\n\t<link rel=\"canonical\" href=\"https:\/\/candas365.es\/noticias\/salen-a-la-luz-nuevos-horrores-de-auschwitz\/\" \/>\n\t<meta name=\"generator\" content=\"All in One SEO Pro (AIOSEO) 4.9.6.2\" \/>\n\t\t<meta property=\"og:locale\" content=\"es_ES\" \/>\n\t\t<meta property=\"og:site_name\" content=\"Cand\u00e1s 365\" \/>\n\t\t<meta property=\"og:type\" content=\"article\" \/>\n\t\t<meta property=\"og:title\" content=\"Salen a la luz nuevos horrores de Auschwitz | Cand\u00e1s 365\" \/>\n\t\t<meta property=\"og:description\" content=\"(dpa) - El testigo Walter Petzold, un preso pol\u00edtico, estaba seguro: los asesinatos en la c\u00e1mara de gas del campo de exterminio de Auschwitz comenzaron en el oto\u00f1o (boreal) de 1941. Unos 850 prisioneros de guerra fueron &quot;metidos a golpes&quot; en un b\u00fanker herm\u00e9tico, cont\u00f3 el testigo ante un tribunal en el primer juicio por\" \/>\n\t\t<meta property=\"og:url\" content=\"https:\/\/candas365.es\/noticias\/salen-a-la-luz-nuevos-horrores-de-auschwitz\/\" \/>\n\t\t<meta property=\"og:image\" content=\"https:\/\/candas365.es\/noticias\/wp-content\/uploads\/2015\/08\/internet.jpg\" \/>\n\t\t<meta property=\"og:image:secure_url\" content=\"https:\/\/candas365.es\/noticias\/wp-content\/uploads\/2015\/08\/internet.jpg\" \/>\n\t\t<meta property=\"og:image:width\" content=\"655\" \/>\n\t\t<meta property=\"og:image:height\" content=\"360\" \/>\n\t\t<meta property=\"article:published_time\" content=\"2016-06-12T09:48:14+00:00\" \/>\n\t\t<meta property=\"article:modified_time\" content=\"2016-06-12T09:48:14+00:00\" \/>\n\t\t<meta property=\"article:publisher\" content=\"https:\/\/www.facebook.com\/Nachofdezber\" \/>\n\t\t<meta property=\"article:author\" content=\"https:\/\/www.facebook.com\/carrenoactualidad\" \/>\n\t\t<meta name=\"twitter:card\" content=\"summary_large_image\" \/>\n\t\t<meta name=\"twitter:site\" content=\"@NabercoDigital\" \/>\n\t\t<meta name=\"twitter:title\" content=\"Salen a la luz nuevos horrores de Auschwitz | Cand\u00e1s 365\" \/>\n\t\t<meta name=\"twitter:description\" content=\"(dpa) - El testigo Walter Petzold, un preso pol\u00edtico, estaba seguro: los asesinatos en la c\u00e1mara de gas del campo de exterminio de Auschwitz comenzaron en el oto\u00f1o (boreal) de 1941. Unos 850 prisioneros de guerra fueron &quot;metidos a golpes&quot; en un b\u00fanker herm\u00e9tico, cont\u00f3 el testigo ante un tribunal en el primer juicio por\" \/>\n\t\t<meta name=\"twitter:creator\" content=\"@nbasturias\" \/>\n\t\t<meta name=\"twitter:image\" content=\"https:\/\/candas365.es\/noticias\/wp-content\/uploads\/2015\/08\/internet.jpg\" \/>\n\t\t<meta name=\"twitter:label1\" content=\"Escrito por\" \/>\n\t\t<meta name=\"twitter:data1\" content=\"Cand\u00e1s 365\" \/>\n\t\t<meta name=\"twitter:label2\" content=\"Tiempo de lectura estimado\" \/>\n\t\t<meta name=\"twitter:data2\" content=\"3 minutos\" \/>\n\t\t<script type=\"application\/ld+json\" class=\"aioseo-schema\">\n\t\t\t{\"@context\":\"https:\\\/\\\/schema.org\",\"@graph\":[{\"@type\":\"BreadcrumbList\",\"@id\":\"https:\\\/\\\/candas365.es\\\/noticias\\\/salen-a-la-luz-nuevos-horrores-de-auschwitz\\\/#breadcrumblist\",\"itemListElement\":[{\"@type\":\"ListItem\",\"@id\":\"https:\\\/\\\/candas365.es\\\/noticias#listItem\",\"position\":1,\"name\":\"Home\",\"item\":\"https:\\\/\\\/candas365.es\\\/noticias\",\"nextItem\":{\"@type\":\"ListItem\",\"@id\":\"https:\\\/\\\/candas365.es\\\/noticias\\\/category\\\/actualidad\\\/#listItem\",\"name\":\"Actualidad\"}},{\"@type\":\"ListItem\",\"@id\":\"https:\\\/\\\/candas365.es\\\/noticias\\\/category\\\/actualidad\\\/#listItem\",\"position\":2,\"name\":\"Actualidad\",\"item\":\"https:\\\/\\\/candas365.es\\\/noticias\\\/category\\\/actualidad\\\/\",\"nextItem\":{\"@type\":\"ListItem\",\"@id\":\"https:\\\/\\\/candas365.es\\\/noticias\\\/salen-a-la-luz-nuevos-horrores-de-auschwitz\\\/#listItem\",\"name\":\"Salen a la luz nuevos horrores de Auschwitz\"},\"previousItem\":{\"@type\":\"ListItem\",\"@id\":\"https:\\\/\\\/candas365.es\\\/noticias#listItem\",\"name\":\"Home\"}},{\"@type\":\"ListItem\",\"@id\":\"https:\\\/\\\/candas365.es\\\/noticias\\\/salen-a-la-luz-nuevos-horrores-de-auschwitz\\\/#listItem\",\"position\":3,\"name\":\"Salen a la luz nuevos horrores de Auschwitz\",\"previousItem\":{\"@type\":\"ListItem\",\"@id\":\"https:\\\/\\\/candas365.es\\\/noticias\\\/category\\\/actualidad\\\/#listItem\",\"name\":\"Actualidad\"}}]},{\"@type\":\"NewsArticle\",\"@id\":\"https:\\\/\\\/candas365.es\\\/noticias\\\/salen-a-la-luz-nuevos-horrores-de-auschwitz\\\/#newsarticle\",\"name\":\"Salen a la luz nuevos horrores de Auschwitz | Cand\\u00e1s 365\",\"headline\":\"Salen a la luz nuevos horrores de Auschwitz\",\"author\":{\"@id\":\"https:\\\/\\\/candas365.es\\\/noticias\\\/author\\\/admin\\\/#author\"},\"publisher\":{\"@id\":\"https:\\\/\\\/candas365.es\\\/noticias\\\/#organization\"},\"image\":{\"@type\":\"ImageObject\",\"url\":\"https:\\\/\\\/candas365.es\\\/noticias\\\/wp-content\\\/uploads\\\/2015\\\/08\\\/internet.jpg\",\"width\":655,\"height\":360},\"datePublished\":\"2016-06-12T11:18:14+02:00\",\"dateModified\":\"2016-06-12T11:18:14+02:00\",\"inLanguage\":\"es-ES\",\"mainEntityOfPage\":{\"@id\":\"https:\\\/\\\/candas365.es\\\/noticias\\\/salen-a-la-luz-nuevos-horrores-de-auschwitz\\\/#webpage\"},\"isPartOf\":{\"@id\":\"https:\\\/\\\/candas365.es\\\/noticias\\\/salen-a-la-luz-nuevos-horrores-de-auschwitz\\\/#webpage\"},\"articleSection\":\"Actualidad\",\"dateline\":\"Publicado el junio 12, 2016.\"},{\"@type\":\"Organization\",\"@id\":\"https:\\\/\\\/candas365.es\\\/noticias\\\/#organization\",\"name\":\"Cand\\u00e1s 365\",\"description\":\"Cand\\u00e1s 365 es un diario digital independiente, fundado en 2012, con base en Asturias. Informamos con rigor sobre actualidad, sociedad, cultura y ocio, con una mirada local y global.\",\"url\":\"https:\\\/\\\/candas365.es\\\/noticias\\\/\",\"email\":\"info@candas365.es\",\"telephone\":\"+34652131393\",\"foundingDate\":\"2012-06-10\",\"logo\":{\"@type\":\"ImageObject\",\"url\":\"https:\\\/\\\/candas365.es\\\/noticias\\\/wp-content\\\/uploads\\\/2024\\\/09\\\/Candas-365-Redes.jpg\",\"@id\":\"https:\\\/\\\/candas365.es\\\/noticias\\\/salen-a-la-luz-nuevos-horrores-de-auschwitz\\\/#organizationLogo\",\"width\":1152,\"height\":864,\"caption\":\"Cand\\u00e1s 365 Redes\"},\"image\":{\"@id\":\"https:\\\/\\\/candas365.es\\\/noticias\\\/salen-a-la-luz-nuevos-horrores-de-auschwitz\\\/#organizationLogo\"},\"sameAs\":[\"https:\\\/\\\/www.facebook.com\\\/Nachofdezber\",\"https:\\\/\\\/x.com\\\/NabercoDigital\",\"https:\\\/\\\/www.instagram.com\\\/nachofdezber\\\/\",\"https:\\\/\\\/www.youtube.com\\\/channel\\\/UCZP-2wLEB9Rv6erhFmqVnvg\"],\"address\":{\"@id\":\"https:\\\/\\\/candas365.es\\\/noticias\\\/#postaladdress\",\"@type\":\"PostalAddress\",\"streetAddress\":\"san antonio 4, san antonio 4\",\"postalCode\":\"33430\",\"addressLocality\":\"Cand\\u00e1s\",\"addressRegion\":\"Asturias\",\"addressCountry\":\"ES\"}},{\"@type\":\"Person\",\"@id\":\"https:\\\/\\\/candas365.es\\\/noticias\\\/author\\\/admin\\\/#author\",\"url\":\"https:\\\/\\\/candas365.es\\\/noticias\\\/author\\\/admin\\\/\",\"name\":\"Cand\\u00e1s 365\",\"image\":{\"@type\":\"ImageObject\",\"@id\":\"https:\\\/\\\/candas365.es\\\/noticias\\\/salen-a-la-luz-nuevos-horrores-de-auschwitz\\\/#authorImage\",\"url\":\"https:\\\/\\\/secure.gravatar.com\\\/avatar\\\/496a8e03d0c493ede1718b7934145dbdf8d89be1036b0eec9544e1094c9de390?s=96&d=mm&r=g\",\"width\":96,\"height\":96,\"caption\":\"Cand\\u00e1s 365\"},\"sameAs\":[\"https:\\\/\\\/www.facebook.com\\\/carrenoactualidad\",\"https:\\\/\\\/twitter.com\\\/nbasturias\",\"https:\\\/\\\/www.instagram.com\\\/nachofdezber\\\/\",\"https:\\\/\\\/www.youtube.com\\\/channel\\\/UCZP-2wLEB9Rv6erhFmqVnvg\"]},{\"@type\":\"WebPage\",\"@id\":\"https:\\\/\\\/candas365.es\\\/noticias\\\/salen-a-la-luz-nuevos-horrores-de-auschwitz\\\/#webpage\",\"url\":\"https:\\\/\\\/candas365.es\\\/noticias\\\/salen-a-la-luz-nuevos-horrores-de-auschwitz\\\/\",\"name\":\"Salen a la luz nuevos horrores de Auschwitz | Cand\\u00e1s 365\",\"description\":\"(dpa) - El testigo Walter Petzold, un preso pol\\u00edtico, estaba seguro: los asesinatos en la c\\u00e1mara de gas del campo de exterminio de Auschwitz comenzaron en el oto\\u00f1o (boreal) de 1941. Unos 850 prisioneros de guerra fueron \\\"metidos a golpes\\\" en un b\\u00fanker herm\\u00e9tico, cont\\u00f3 el testigo ante un tribunal en el primer juicio por\",\"inLanguage\":\"es-ES\",\"isPartOf\":{\"@id\":\"https:\\\/\\\/candas365.es\\\/noticias\\\/#website\"},\"breadcrumb\":{\"@id\":\"https:\\\/\\\/candas365.es\\\/noticias\\\/salen-a-la-luz-nuevos-horrores-de-auschwitz\\\/#breadcrumblist\"},\"author\":{\"@id\":\"https:\\\/\\\/candas365.es\\\/noticias\\\/author\\\/admin\\\/#author\"},\"creator\":{\"@id\":\"https:\\\/\\\/candas365.es\\\/noticias\\\/author\\\/admin\\\/#author\"},\"image\":{\"@type\":\"ImageObject\",\"url\":\"https:\\\/\\\/candas365.es\\\/noticias\\\/wp-content\\\/uploads\\\/2015\\\/08\\\/internet.jpg\",\"@id\":\"https:\\\/\\\/candas365.es\\\/noticias\\\/salen-a-la-luz-nuevos-horrores-de-auschwitz\\\/#mainImage\",\"width\":655,\"height\":360},\"primaryImageOfPage\":{\"@id\":\"https:\\\/\\\/candas365.es\\\/noticias\\\/salen-a-la-luz-nuevos-horrores-de-auschwitz\\\/#mainImage\"},\"datePublished\":\"2016-06-12T11:18:14+02:00\",\"dateModified\":\"2016-06-12T11:18:14+02:00\"},{\"@type\":\"WebSite\",\"@id\":\"https:\\\/\\\/candas365.es\\\/noticias\\\/#website\",\"url\":\"https:\\\/\\\/candas365.es\\\/noticias\\\/\",\"name\":\"Cand\\u00e1s 365\",\"alternateName\":\"Cand\\u00e1s 365 Noticias\",\"description\":\"Actualidad desde Carre\\u00f1o para el mundo\",\"inLanguage\":\"es-ES\",\"publisher\":{\"@id\":\"https:\\\/\\\/candas365.es\\\/noticias\\\/#organization\"}}]}\n\t\t<\/script>\n\t\t<!-- All in One SEO Pro -->\r\n\t\t<title>Salen a la luz nuevos horrores de Auschwitz | Cand\u00e1s 365<\/title>\n\n","aioseo_head_json":{"title":"Salen a la luz nuevos horrores de Auschwitz | Cand\u00e1s 365","description":"(dpa) - El testigo Walter Petzold, un preso pol\u00edtico, estaba seguro: los asesinatos en la c\u00e1mara de gas del campo de exterminio de Auschwitz comenzaron en el oto\u00f1o (boreal) de 1941. Unos 850 prisioneros de guerra fueron \"metidos a golpes\" en un b\u00fanker herm\u00e9tico, cont\u00f3 el testigo ante un tribunal en el primer juicio por","canonical_url":"https:\/\/candas365.es\/noticias\/salen-a-la-luz-nuevos-horrores-de-auschwitz\/","robots":"max-image-preview:large","keywords":"actualidad","webmasterTools":{"google-site-verification":"UA-32230408-1","msvalidate.01":"354F3CDFB2DA171B47FBE9ABF1F88D5","miscellaneous":""},"schema":{"@context":"https:\/\/schema.org","@graph":[{"@type":"BreadcrumbList","@id":"https:\/\/candas365.es\/noticias\/salen-a-la-luz-nuevos-horrores-de-auschwitz\/#breadcrumblist","itemListElement":[{"@type":"ListItem","@id":"https:\/\/candas365.es\/noticias#listItem","position":1,"name":"Home","item":"https:\/\/candas365.es\/noticias","nextItem":{"@type":"ListItem","@id":"https:\/\/candas365.es\/noticias\/category\/actualidad\/#listItem","name":"Actualidad"}},{"@type":"ListItem","@id":"https:\/\/candas365.es\/noticias\/category\/actualidad\/#listItem","position":2,"name":"Actualidad","item":"https:\/\/candas365.es\/noticias\/category\/actualidad\/","nextItem":{"@type":"ListItem","@id":"https:\/\/candas365.es\/noticias\/salen-a-la-luz-nuevos-horrores-de-auschwitz\/#listItem","name":"Salen a la luz nuevos horrores de Auschwitz"},"previousItem":{"@type":"ListItem","@id":"https:\/\/candas365.es\/noticias#listItem","name":"Home"}},{"@type":"ListItem","@id":"https:\/\/candas365.es\/noticias\/salen-a-la-luz-nuevos-horrores-de-auschwitz\/#listItem","position":3,"name":"Salen a la luz nuevos horrores de Auschwitz","previousItem":{"@type":"ListItem","@id":"https:\/\/candas365.es\/noticias\/category\/actualidad\/#listItem","name":"Actualidad"}}]},{"@type":"NewsArticle","@id":"https:\/\/candas365.es\/noticias\/salen-a-la-luz-nuevos-horrores-de-auschwitz\/#newsarticle","name":"Salen a la luz nuevos horrores de Auschwitz | Cand\u00e1s 365","headline":"Salen a la luz nuevos horrores de Auschwitz","author":{"@id":"https:\/\/candas365.es\/noticias\/author\/admin\/#author"},"publisher":{"@id":"https:\/\/candas365.es\/noticias\/#organization"},"image":{"@type":"ImageObject","url":"https:\/\/candas365.es\/noticias\/wp-content\/uploads\/2015\/08\/internet.jpg","width":655,"height":360},"datePublished":"2016-06-12T11:18:14+02:00","dateModified":"2016-06-12T11:18:14+02:00","inLanguage":"es-ES","mainEntityOfPage":{"@id":"https:\/\/candas365.es\/noticias\/salen-a-la-luz-nuevos-horrores-de-auschwitz\/#webpage"},"isPartOf":{"@id":"https:\/\/candas365.es\/noticias\/salen-a-la-luz-nuevos-horrores-de-auschwitz\/#webpage"},"articleSection":"Actualidad","dateline":"Publicado el junio 12, 2016."},{"@type":"Organization","@id":"https:\/\/candas365.es\/noticias\/#organization","name":"Cand\u00e1s 365","description":"Cand\u00e1s 365 es un diario digital independiente, fundado en 2012, con base en Asturias. Informamos con rigor sobre actualidad, sociedad, cultura y ocio, con una mirada local y global.","url":"https:\/\/candas365.es\/noticias\/","email":"info@candas365.es","telephone":"+34652131393","foundingDate":"2012-06-10","logo":{"@type":"ImageObject","url":"https:\/\/candas365.es\/noticias\/wp-content\/uploads\/2024\/09\/Candas-365-Redes.jpg","@id":"https:\/\/candas365.es\/noticias\/salen-a-la-luz-nuevos-horrores-de-auschwitz\/#organizationLogo","width":1152,"height":864,"caption":"Cand\u00e1s 365 Redes"},"image":{"@id":"https:\/\/candas365.es\/noticias\/salen-a-la-luz-nuevos-horrores-de-auschwitz\/#organizationLogo"},"sameAs":["https:\/\/www.facebook.com\/Nachofdezber","https:\/\/x.com\/NabercoDigital","https:\/\/www.instagram.com\/nachofdezber\/","https:\/\/www.youtube.com\/channel\/UCZP-2wLEB9Rv6erhFmqVnvg"],"address":{"@id":"https:\/\/candas365.es\/noticias\/#postaladdress","@type":"PostalAddress","streetAddress":"san antonio 4, san antonio 4","postalCode":"33430","addressLocality":"Cand\u00e1s","addressRegion":"Asturias","addressCountry":"ES"}},{"@type":"Person","@id":"https:\/\/candas365.es\/noticias\/author\/admin\/#author","url":"https:\/\/candas365.es\/noticias\/author\/admin\/","name":"Cand\u00e1s 365","image":{"@type":"ImageObject","@id":"https:\/\/candas365.es\/noticias\/salen-a-la-luz-nuevos-horrores-de-auschwitz\/#authorImage","url":"https:\/\/secure.gravatar.com\/avatar\/496a8e03d0c493ede1718b7934145dbdf8d89be1036b0eec9544e1094c9de390?s=96&d=mm&r=g","width":96,"height":96,"caption":"Cand\u00e1s 365"},"sameAs":["https:\/\/www.facebook.com\/carrenoactualidad","https:\/\/twitter.com\/nbasturias","https:\/\/www.instagram.com\/nachofdezber\/","https:\/\/www.youtube.com\/channel\/UCZP-2wLEB9Rv6erhFmqVnvg"]},{"@type":"WebPage","@id":"https:\/\/candas365.es\/noticias\/salen-a-la-luz-nuevos-horrores-de-auschwitz\/#webpage","url":"https:\/\/candas365.es\/noticias\/salen-a-la-luz-nuevos-horrores-de-auschwitz\/","name":"Salen a la luz nuevos horrores de Auschwitz | Cand\u00e1s 365","description":"(dpa) - El testigo Walter Petzold, un preso pol\u00edtico, estaba seguro: los asesinatos en la c\u00e1mara de gas del campo de exterminio de Auschwitz comenzaron en el oto\u00f1o (boreal) de 1941. Unos 850 prisioneros de guerra fueron \"metidos a golpes\" en un b\u00fanker herm\u00e9tico, cont\u00f3 el testigo ante un tribunal en el primer juicio por","inLanguage":"es-ES","isPartOf":{"@id":"https:\/\/candas365.es\/noticias\/#website"},"breadcrumb":{"@id":"https:\/\/candas365.es\/noticias\/salen-a-la-luz-nuevos-horrores-de-auschwitz\/#breadcrumblist"},"author":{"@id":"https:\/\/candas365.es\/noticias\/author\/admin\/#author"},"creator":{"@id":"https:\/\/candas365.es\/noticias\/author\/admin\/#author"},"image":{"@type":"ImageObject","url":"https:\/\/candas365.es\/noticias\/wp-content\/uploads\/2015\/08\/internet.jpg","@id":"https:\/\/candas365.es\/noticias\/salen-a-la-luz-nuevos-horrores-de-auschwitz\/#mainImage","width":655,"height":360},"primaryImageOfPage":{"@id":"https:\/\/candas365.es\/noticias\/salen-a-la-luz-nuevos-horrores-de-auschwitz\/#mainImage"},"datePublished":"2016-06-12T11:18:14+02:00","dateModified":"2016-06-12T11:18:14+02:00"},{"@type":"WebSite","@id":"https:\/\/candas365.es\/noticias\/#website","url":"https:\/\/candas365.es\/noticias\/","name":"Cand\u00e1s 365","alternateName":"Cand\u00e1s 365 Noticias","description":"Actualidad desde Carre\u00f1o para el mundo","inLanguage":"es-ES","publisher":{"@id":"https:\/\/candas365.es\/noticias\/#organization"}}]},"og:locale":"es_ES","og:site_name":"Cand\u00e1s 365","og:type":"article","og:title":"Salen a la luz nuevos horrores de Auschwitz | Cand\u00e1s 365","og:description":"(dpa) - El testigo Walter Petzold, un preso pol\u00edtico, estaba seguro: los asesinatos en la c\u00e1mara de gas del campo de exterminio de Auschwitz comenzaron en el oto\u00f1o (boreal) de 1941. Unos 850 prisioneros de guerra fueron &quot;metidos a golpes&quot; en un b\u00fanker herm\u00e9tico, cont\u00f3 el testigo ante un tribunal en el primer juicio por","og:url":"https:\/\/candas365.es\/noticias\/salen-a-la-luz-nuevos-horrores-de-auschwitz\/","og:image":"https:\/\/candas365.es\/noticias\/wp-content\/uploads\/2015\/08\/internet.jpg","og:image:secure_url":"https:\/\/candas365.es\/noticias\/wp-content\/uploads\/2015\/08\/internet.jpg","og:image:width":655,"og:image:height":360,"article:published_time":"2016-06-12T09:48:14+00:00","article:modified_time":"2016-06-12T09:48:14+00:00","article:publisher":"https:\/\/www.facebook.com\/Nachofdezber","article:author":"https:\/\/www.facebook.com\/carrenoactualidad","twitter:card":"summary_large_image","twitter:site":"@NabercoDigital","twitter:title":"Salen a la luz nuevos horrores de Auschwitz | Cand\u00e1s 365","twitter:description":"(dpa) - El testigo Walter Petzold, un preso pol\u00edtico, estaba seguro: los asesinatos en la c\u00e1mara de gas del campo de exterminio de Auschwitz comenzaron en el oto\u00f1o (boreal) de 1941. Unos 850 prisioneros de guerra fueron &quot;metidos a golpes&quot; en un b\u00fanker herm\u00e9tico, cont\u00f3 el testigo ante un tribunal en el primer juicio por","twitter:creator":"@nbasturias","twitter:image":"https:\/\/candas365.es\/noticias\/wp-content\/uploads\/2015\/08\/internet.jpg","twitter:label1":"Escrito por","twitter:data1":"Cand\u00e1s 365","twitter:label2":"Tiempo de lectura estimado","twitter:data2":"3 minutos"},"aioseo_meta_data":{"post_id":"30009","title":null,"description":null,"keywords":null,"keyphrases":null,"primary_term":null,"canonical_url":null,"og_title":null,"og_description":null,"og_object_type":"default","og_image_type":"default","og_image_url":null,"og_image_width":null,"og_image_height":null,"og_image_custom_url":null,"og_image_custom_fields":null,"og_video":null,"og_custom_url":null,"og_article_section":null,"og_article_tags":null,"twitter_use_og":false,"twitter_card":"default","twitter_image_type":"default","twitter_image_url":null,"twitter_image_custom_url":null,"twitter_image_custom_fields":null,"twitter_title":null,"twitter_description":null,"schema":{"blockGraphs":[],"customGraphs":[],"default":{"data":{"Article":[],"Course":[],"Dataset":[],"FAQPage":[],"Movie":[],"Person":[],"Product":[],"ProductReview":[],"Car":[],"Recipe":[],"Service":[],"SoftwareApplication":[],"WebPage":[]},"graphName":"","isEnabled":true},"graphs":[],"defaultGraph":"","defaultPostTypeGraph":""},"schema_type":null,"schema_type_options":null,"pillar_content":false,"robots_default":true,"robots_noindex":false,"robots_noarchive":false,"robots_nosnippet":false,"robots_nofollow":false,"robots_noimageindex":false,"robots_noodp":false,"robots_notranslate":false,"robots_max_snippet":null,"robots_max_videopreview":null,"robots_max_imagepreview":"large","priority":null,"frequency":null,"location":null,"local_seo":null,"seo_analyzer_scan_date":"2025-08-24 11:57:24","breadcrumb_settings":null,"limit_modified_date":false,"reviewed_by":null,"open_ai":null,"ai":null,"created":"2020-12-21 12:56:45","updated":"2025-08-24 11:57:24"},"aioseo_breadcrumb":"<div class=\"aioseo-breadcrumbs\"><span class=\"aioseo-breadcrumb\">\n\t<a href=\"https:\/\/candas365.es\/noticias\" title=\"Home\">Home<\/a>\n<\/span><span class=\"aioseo-breadcrumb-separator\">&ndash;<\/span><span class=\"aioseo-breadcrumb\">\n\t<a href=\"https:\/\/candas365.es\/noticias\/category\/actualidad\/\" title=\"Actualidad\">Actualidad<\/a>\n<\/span><span class=\"aioseo-breadcrumb-separator\">&ndash;<\/span><span class=\"aioseo-breadcrumb\">\n\tSalen a la luz nuevos horrores de Auschwitz\n<\/span><\/div>","aioseo_breadcrumb_json":[{"label":"Home","link":"https:\/\/candas365.es\/noticias"},{"label":"Actualidad","link":"https:\/\/candas365.es\/noticias\/category\/actualidad\/"},{"label":"Salen a la luz nuevos horrores de Auschwitz","link":"https:\/\/candas365.es\/noticias\/salen-a-la-luz-nuevos-horrores-de-auschwitz\/"}],"_links":{"self":[{"href":"https:\/\/candas365.es\/noticias\/wp-json\/wp\/v2\/posts\/30009","targetHints":{"allow":["GET"]}}],"collection":[{"href":"https:\/\/candas365.es\/noticias\/wp-json\/wp\/v2\/posts"}],"about":[{"href":"https:\/\/candas365.es\/noticias\/wp-json\/wp\/v2\/types\/post"}],"author":[{"embeddable":true,"href":"https:\/\/candas365.es\/noticias\/wp-json\/wp\/v2\/users\/1"}],"replies":[{"embeddable":true,"href":"https:\/\/candas365.es\/noticias\/wp-json\/wp\/v2\/comments?post=30009"}],"version-history":[{"count":0,"href":"https:\/\/candas365.es\/noticias\/wp-json\/wp\/v2\/posts\/30009\/revisions"}],"wp:featuredmedia":[{"embeddable":true,"href":"https:\/\/candas365.es\/noticias\/wp-json\/wp\/v2\/media\/14237"}],"wp:attachment":[{"href":"https:\/\/candas365.es\/noticias\/wp-json\/wp\/v2\/media?parent=30009"}],"wp:term":[{"taxonomy":"category","embeddable":true,"href":"https:\/\/candas365.es\/noticias\/wp-json\/wp\/v2\/categories?post=30009"},{"taxonomy":"post_tag","embeddable":true,"href":"https:\/\/candas365.es\/noticias\/wp-json\/wp\/v2\/tags?post=30009"}],"curies":[{"name":"wp","href":"https:\/\/api.w.org\/{rel}","templated":true}]}}