{"id":30007,"date":"2016-06-12T11:15:32","date_gmt":"2016-06-12T09:45:32","guid":{"rendered":"http:\/\/candas365.es\/noticias\/?p=30007"},"modified":"2016-06-12T11:15:33","modified_gmt":"2016-06-12T09:45:33","slug":"manuel-neuer-tendremos-una-buena-defensa","status":"publish","type":"post","link":"https:\/\/candas365.es\/noticias\/manuel-neuer-tendremos-una-buena-defensa\/","title":{"rendered":"Manuel Neuer: \u00abTendremos una buena defensa\u00bb"},"content":{"rendered":"<p>(dpa) &#8211; El arquero Manuel Neuer, uno de los principales l\u00edderes de la selecci\u00f3n alemana de f\u00fatbol, minimiz\u00f3 ayer el problema de lesiones que atraviesa su equipo en la l\u00ednea defensiva, despu\u00e9s de la baja de \u00faltima hora del central Antonio R\u00fcdiger.<\/p>\n<p>\u00abTendremos una buena defensa en el primer partido\u00bb, dijo el portero del Bayern M\u00fanich en una rueda de prensa en el cuartel general del campe\u00f3n del mundo en \u00c9vian-les Bains.<\/p>\n<p>Alemania debuta el domingo ante Ucrania en la Eurocopa de Francia con la preocupaci\u00f3n por saber qui\u00e9n acompa\u00f1ar\u00e1 a J\u00e9r\u00f4me Boateng en el centro de la zaga. R\u00fcdiger, que se rompi\u00f3 el ligamento cruzado en un entrenamiento, deb\u00eda en principio ocupar el lugar de otro jugador lesionado, Mats Hummels.<\/p>\n<p>Shkodran Mustafi y Benedikt H\u00f6wedes, que pueden jugar tanto en el centro como en la derecha, son candidatos a formar en la l\u00ednea de cuatro junto al lateral izquierdo Jonas Hector. Joshua Kimmich, del Bayern, tambi\u00e9n podr\u00eda ser una opci\u00f3n para la defensa en el duelo del domingo en Lille, en el debut del Grupo C.<\/p>\n<p>Neuer se mostr\u00f3 ansioso por empezar el torneo. \u00abPor supuesto que necesitamos entrenamientos y preparaci\u00f3n, pero lo bueno es cuando los partidos empiezan\u00bb, dijo el arquero, candidato a ser capit\u00e1n ante Ucrania, ya que es improbable que Bastian Schweinsteiger sea titular.<\/p>\n<p>\u00abTodos nos sentaremos ma\u00f1ana delante de la televisi\u00f3n para ver el partido inaugural (entre Francia y Rumania). El ambiente en el equipo es bueno, apenas podemos esperar para entrar en el campo\u00bb, agreg\u00f3.<\/p>\n","protected":false},"excerpt":{"rendered":"<p>(dpa) &#8211; El arquero Manuel Neuer, uno de los principales l\u00edderes de la selecci\u00f3n alemana de f\u00fatbol, minimiz\u00f3 ayer el problema de lesiones que atraviesa su equipo en la l\u00ednea defensiva, despu\u00e9s de la baja de \u00faltima hora del central Antonio R\u00fcdiger. \u00abTendremos una buena defensa en el primer partido\u00bb, dijo el portero del Bayern<\/p>\n","protected":false},"author":1,"featured_media":29884,"comment_status":"closed","ping_status":"closed","sticky":false,"template":"","format":"standard","meta":{"footnotes":""},"categories":[343],"tags":[],"class_list":{"0":"post-30007","1":"post","2":"type-post","3":"status-publish","4":"format-standard","5":"has-post-thumbnail","7":"category-actualidad"},"aioseo_notices":[],"aioseo_head":"\n\t\t<!-- All in One SEO Pro 4.9.6.2 - aioseo.com -->\n\t<meta name=\"description\" content=\"(dpa) - El arquero Manuel Neuer, uno de los principales l\u00edderes de la selecci\u00f3n alemana de f\u00fatbol, minimiz\u00f3 ayer el problema de lesiones que atraviesa su equipo en la l\u00ednea defensiva, despu\u00e9s de la baja de \u00faltima hora del central Antonio R\u00fcdiger. &quot;Tendremos una buena defensa en el primer partido&quot;, dijo el portero del Bayern\" \/>\n\t<meta name=\"robots\" content=\"max-image-preview:large\" \/>\n\t<meta name=\"author\" content=\"Cand\u00e1s 365\"\/>\n\t<meta name=\"google-site-verification\" content=\"UA-32230408-1\" \/>\n\t<meta name=\"msvalidate.01\" content=\"354F3CDFB2DA171B47FBE9ABF1F88D5\" \/>\n\t<meta name=\"keywords\" content=\"actualidad\" \/>\n\t<link rel=\"canonical\" href=\"https:\/\/candas365.es\/noticias\/manuel-neuer-tendremos-una-buena-defensa\/\" \/>\n\t<meta name=\"generator\" content=\"All in One SEO Pro (AIOSEO) 4.9.6.2\" \/>\n\t\t<meta property=\"og:locale\" content=\"es_ES\" \/>\n\t\t<meta property=\"og:site_name\" content=\"Cand\u00e1s 365\" \/>\n\t\t<meta property=\"og:type\" content=\"article\" \/>\n\t\t<meta property=\"og:title\" content=\"Manuel Neuer: \u00abTendremos una buena defensa\u00bb | Cand\u00e1s 365\" \/>\n\t\t<meta property=\"og:description\" content=\"(dpa) - El arquero Manuel Neuer, uno de los principales l\u00edderes de la selecci\u00f3n alemana de f\u00fatbol, minimiz\u00f3 ayer el problema de lesiones que atraviesa su equipo en la l\u00ednea defensiva, despu\u00e9s de la baja de \u00faltima hora del central Antonio R\u00fcdiger. &quot;Tendremos una buena defensa en el primer partido&quot;, dijo el portero del Bayern\" \/>\n\t\t<meta property=\"og:url\" content=\"https:\/\/candas365.es\/noticias\/manuel-neuer-tendremos-una-buena-defensa\/\" \/>\n\t\t<meta property=\"og:image\" content=\"https:\/\/candas365.es\/noticias\/wp-content\/uploads\/2016\/06\/euro2016.jpg\" \/>\n\t\t<meta property=\"og:image:secure_url\" content=\"https:\/\/candas365.es\/noticias\/wp-content\/uploads\/2016\/06\/euro2016.jpg\" \/>\n\t\t<meta property=\"og:image:width\" content=\"800\" \/>\n\t\t<meta property=\"og:image:height\" content=\"478\" \/>\n\t\t<meta property=\"article:published_time\" content=\"2016-06-12T09:45:32+00:00\" \/>\n\t\t<meta property=\"article:modified_time\" content=\"2016-06-12T09:45:33+00:00\" \/>\n\t\t<meta property=\"article:publisher\" content=\"https:\/\/www.facebook.com\/Nachofdezber\" \/>\n\t\t<meta property=\"article:author\" content=\"https:\/\/www.facebook.com\/carrenoactualidad\" \/>\n\t\t<meta name=\"twitter:card\" content=\"summary_large_image\" \/>\n\t\t<meta name=\"twitter:site\" content=\"@NabercoDigital\" \/>\n\t\t<meta name=\"twitter:title\" content=\"Manuel Neuer: \u00abTendremos una buena defensa\u00bb | Cand\u00e1s 365\" \/>\n\t\t<meta name=\"twitter:description\" content=\"(dpa) - El arquero Manuel Neuer, uno de los principales l\u00edderes de la selecci\u00f3n alemana de f\u00fatbol, minimiz\u00f3 ayer el problema de lesiones que atraviesa su equipo en la l\u00ednea defensiva, despu\u00e9s de la baja de \u00faltima hora del central Antonio R\u00fcdiger. &quot;Tendremos una buena defensa en el primer partido&quot;, dijo el portero del Bayern\" \/>\n\t\t<meta name=\"twitter:creator\" content=\"@nbasturias\" \/>\n\t\t<meta name=\"twitter:image\" content=\"https:\/\/candas365.es\/noticias\/wp-content\/uploads\/2016\/06\/euro2016.jpg\" \/>\n\t\t<meta name=\"twitter:label1\" content=\"Escrito por\" \/>\n\t\t<meta name=\"twitter:data1\" content=\"Cand\u00e1s 365\" \/>\n\t\t<meta name=\"twitter:label2\" content=\"Tiempo de lectura estimado\" \/>\n\t\t<meta name=\"twitter:data2\" content=\"1 minuto\" \/>\n\t\t<script type=\"application\/ld+json\" class=\"aioseo-schema\">\n\t\t\t{\"@context\":\"https:\\\/\\\/schema.org\",\"@graph\":[{\"@type\":\"BreadcrumbList\",\"@id\":\"https:\\\/\\\/candas365.es\\\/noticias\\\/manuel-neuer-tendremos-una-buena-defensa\\\/#breadcrumblist\",\"itemListElement\":[{\"@type\":\"ListItem\",\"@id\":\"https:\\\/\\\/candas365.es\\\/noticias#listItem\",\"position\":1,\"name\":\"Home\",\"item\":\"https:\\\/\\\/candas365.es\\\/noticias\",\"nextItem\":{\"@type\":\"ListItem\",\"@id\":\"https:\\\/\\\/candas365.es\\\/noticias\\\/category\\\/actualidad\\\/#listItem\",\"name\":\"Actualidad\"}},{\"@type\":\"ListItem\",\"@id\":\"https:\\\/\\\/candas365.es\\\/noticias\\\/category\\\/actualidad\\\/#listItem\",\"position\":2,\"name\":\"Actualidad\",\"item\":\"https:\\\/\\\/candas365.es\\\/noticias\\\/category\\\/actualidad\\\/\",\"nextItem\":{\"@type\":\"ListItem\",\"@id\":\"https:\\\/\\\/candas365.es\\\/noticias\\\/manuel-neuer-tendremos-una-buena-defensa\\\/#listItem\",\"name\":\"Manuel Neuer: \\u00abTendremos una buena defensa\\u00bb\"},\"previousItem\":{\"@type\":\"ListItem\",\"@id\":\"https:\\\/\\\/candas365.es\\\/noticias#listItem\",\"name\":\"Home\"}},{\"@type\":\"ListItem\",\"@id\":\"https:\\\/\\\/candas365.es\\\/noticias\\\/manuel-neuer-tendremos-una-buena-defensa\\\/#listItem\",\"position\":3,\"name\":\"Manuel Neuer: \\u00abTendremos una buena defensa\\u00bb\",\"previousItem\":{\"@type\":\"ListItem\",\"@id\":\"https:\\\/\\\/candas365.es\\\/noticias\\\/category\\\/actualidad\\\/#listItem\",\"name\":\"Actualidad\"}}]},{\"@type\":\"NewsArticle\",\"@id\":\"https:\\\/\\\/candas365.es\\\/noticias\\\/manuel-neuer-tendremos-una-buena-defensa\\\/#newsarticle\",\"name\":\"Manuel Neuer: \\u00abTendremos una buena defensa\\u00bb | Cand\\u00e1s 365\",\"headline\":\"Manuel Neuer: \\u00abTendremos una buena defensa\\u00bb\",\"author\":{\"@id\":\"https:\\\/\\\/candas365.es\\\/noticias\\\/author\\\/admin\\\/#author\"},\"publisher\":{\"@id\":\"https:\\\/\\\/candas365.es\\\/noticias\\\/#organization\"},\"image\":{\"@type\":\"ImageObject\",\"url\":\"https:\\\/\\\/candas365.es\\\/noticias\\\/wp-content\\\/uploads\\\/2016\\\/06\\\/euro2016.jpg\",\"width\":800,\"height\":478},\"datePublished\":\"2016-06-12T11:15:32+02:00\",\"dateModified\":\"2016-06-12T11:15:33+02:00\",\"inLanguage\":\"es-ES\",\"mainEntityOfPage\":{\"@id\":\"https:\\\/\\\/candas365.es\\\/noticias\\\/manuel-neuer-tendremos-una-buena-defensa\\\/#webpage\"},\"isPartOf\":{\"@id\":\"https:\\\/\\\/candas365.es\\\/noticias\\\/manuel-neuer-tendremos-una-buena-defensa\\\/#webpage\"},\"articleSection\":\"Actualidad\",\"dateline\":\"Publicado el junio 12, 2016.\"},{\"@type\":\"Organization\",\"@id\":\"https:\\\/\\\/candas365.es\\\/noticias\\\/#organization\",\"name\":\"Cand\\u00e1s 365\",\"description\":\"Cand\\u00e1s 365 es un diario digital independiente, fundado en 2012, con base en Asturias. Informamos con rigor sobre actualidad, sociedad, cultura y ocio, con una mirada local y global.\",\"url\":\"https:\\\/\\\/candas365.es\\\/noticias\\\/\",\"email\":\"info@candas365.es\",\"telephone\":\"+34652131393\",\"foundingDate\":\"2012-06-10\",\"logo\":{\"@type\":\"ImageObject\",\"url\":\"https:\\\/\\\/candas365.es\\\/noticias\\\/wp-content\\\/uploads\\\/2024\\\/09\\\/Candas-365-Redes.jpg\",\"@id\":\"https:\\\/\\\/candas365.es\\\/noticias\\\/manuel-neuer-tendremos-una-buena-defensa\\\/#organizationLogo\",\"width\":1152,\"height\":864,\"caption\":\"Cand\\u00e1s 365 Redes\"},\"image\":{\"@id\":\"https:\\\/\\\/candas365.es\\\/noticias\\\/manuel-neuer-tendremos-una-buena-defensa\\\/#organizationLogo\"},\"sameAs\":[\"https:\\\/\\\/www.facebook.com\\\/Nachofdezber\",\"https:\\\/\\\/x.com\\\/NabercoDigital\",\"https:\\\/\\\/www.instagram.com\\\/nachofdezber\\\/\",\"https:\\\/\\\/www.youtube.com\\\/channel\\\/UCZP-2wLEB9Rv6erhFmqVnvg\"],\"address\":{\"@id\":\"https:\\\/\\\/candas365.es\\\/noticias\\\/#postaladdress\",\"@type\":\"PostalAddress\",\"streetAddress\":\"san antonio 4, san antonio 4\",\"postalCode\":\"33430\",\"addressLocality\":\"Cand\\u00e1s\",\"addressRegion\":\"Asturias\",\"addressCountry\":\"ES\"}},{\"@type\":\"Person\",\"@id\":\"https:\\\/\\\/candas365.es\\\/noticias\\\/author\\\/admin\\\/#author\",\"url\":\"https:\\\/\\\/candas365.es\\\/noticias\\\/author\\\/admin\\\/\",\"name\":\"Cand\\u00e1s 365\",\"image\":{\"@type\":\"ImageObject\",\"@id\":\"https:\\\/\\\/candas365.es\\\/noticias\\\/manuel-neuer-tendremos-una-buena-defensa\\\/#authorImage\",\"url\":\"https:\\\/\\\/secure.gravatar.com\\\/avatar\\\/496a8e03d0c493ede1718b7934145dbdf8d89be1036b0eec9544e1094c9de390?s=96&d=mm&r=g\",\"width\":96,\"height\":96,\"caption\":\"Cand\\u00e1s 365\"},\"sameAs\":[\"https:\\\/\\\/www.facebook.com\\\/carrenoactualidad\",\"https:\\\/\\\/twitter.com\\\/nbasturias\",\"https:\\\/\\\/www.instagram.com\\\/nachofdezber\\\/\",\"https:\\\/\\\/www.youtube.com\\\/channel\\\/UCZP-2wLEB9Rv6erhFmqVnvg\"]},{\"@type\":\"WebPage\",\"@id\":\"https:\\\/\\\/candas365.es\\\/noticias\\\/manuel-neuer-tendremos-una-buena-defensa\\\/#webpage\",\"url\":\"https:\\\/\\\/candas365.es\\\/noticias\\\/manuel-neuer-tendremos-una-buena-defensa\\\/\",\"name\":\"Manuel Neuer: \\u00abTendremos una buena defensa\\u00bb | Cand\\u00e1s 365\",\"description\":\"(dpa) - El arquero Manuel Neuer, uno de los principales l\\u00edderes de la selecci\\u00f3n alemana de f\\u00fatbol, minimiz\\u00f3 ayer el problema de lesiones que atraviesa su equipo en la l\\u00ednea defensiva, despu\\u00e9s de la baja de \\u00faltima hora del central Antonio R\\u00fcdiger. \\\"Tendremos una buena defensa en el primer partido\\\", dijo el portero del Bayern\",\"inLanguage\":\"es-ES\",\"isPartOf\":{\"@id\":\"https:\\\/\\\/candas365.es\\\/noticias\\\/#website\"},\"breadcrumb\":{\"@id\":\"https:\\\/\\\/candas365.es\\\/noticias\\\/manuel-neuer-tendremos-una-buena-defensa\\\/#breadcrumblist\"},\"author\":{\"@id\":\"https:\\\/\\\/candas365.es\\\/noticias\\\/author\\\/admin\\\/#author\"},\"creator\":{\"@id\":\"https:\\\/\\\/candas365.es\\\/noticias\\\/author\\\/admin\\\/#author\"},\"image\":{\"@type\":\"ImageObject\",\"url\":\"https:\\\/\\\/candas365.es\\\/noticias\\\/wp-content\\\/uploads\\\/2016\\\/06\\\/euro2016.jpg\",\"@id\":\"https:\\\/\\\/candas365.es\\\/noticias\\\/manuel-neuer-tendremos-una-buena-defensa\\\/#mainImage\",\"width\":800,\"height\":478},\"primaryImageOfPage\":{\"@id\":\"https:\\\/\\\/candas365.es\\\/noticias\\\/manuel-neuer-tendremos-una-buena-defensa\\\/#mainImage\"},\"datePublished\":\"2016-06-12T11:15:32+02:00\",\"dateModified\":\"2016-06-12T11:15:33+02:00\"},{\"@type\":\"WebSite\",\"@id\":\"https:\\\/\\\/candas365.es\\\/noticias\\\/#website\",\"url\":\"https:\\\/\\\/candas365.es\\\/noticias\\\/\",\"name\":\"Cand\\u00e1s 365\",\"alternateName\":\"Cand\\u00e1s 365 Noticias\",\"description\":\"Actualidad desde Carre\\u00f1o para el mundo\",\"inLanguage\":\"es-ES\",\"publisher\":{\"@id\":\"https:\\\/\\\/candas365.es\\\/noticias\\\/#organization\"}}]}\n\t\t<\/script>\n\t\t<!-- All in One SEO Pro -->\r\n\t\t<title>Manuel Neuer: \u00abTendremos una buena defensa\u00bb | Cand\u00e1s 365<\/title>\n\n","aioseo_head_json":{"title":"Manuel Neuer: \u00abTendremos una buena defensa\u00bb | Cand\u00e1s 365","description":"(dpa) - El arquero Manuel Neuer, uno de los principales l\u00edderes de la selecci\u00f3n alemana de f\u00fatbol, minimiz\u00f3 ayer el problema de lesiones que atraviesa su equipo en la l\u00ednea defensiva, despu\u00e9s de la baja de \u00faltima hora del central Antonio R\u00fcdiger. \"Tendremos una buena defensa en el primer partido\", dijo el portero del Bayern","canonical_url":"https:\/\/candas365.es\/noticias\/manuel-neuer-tendremos-una-buena-defensa\/","robots":"max-image-preview:large","keywords":"actualidad","webmasterTools":{"google-site-verification":"UA-32230408-1","msvalidate.01":"354F3CDFB2DA171B47FBE9ABF1F88D5","miscellaneous":""},"schema":{"@context":"https:\/\/schema.org","@graph":[{"@type":"BreadcrumbList","@id":"https:\/\/candas365.es\/noticias\/manuel-neuer-tendremos-una-buena-defensa\/#breadcrumblist","itemListElement":[{"@type":"ListItem","@id":"https:\/\/candas365.es\/noticias#listItem","position":1,"name":"Home","item":"https:\/\/candas365.es\/noticias","nextItem":{"@type":"ListItem","@id":"https:\/\/candas365.es\/noticias\/category\/actualidad\/#listItem","name":"Actualidad"}},{"@type":"ListItem","@id":"https:\/\/candas365.es\/noticias\/category\/actualidad\/#listItem","position":2,"name":"Actualidad","item":"https:\/\/candas365.es\/noticias\/category\/actualidad\/","nextItem":{"@type":"ListItem","@id":"https:\/\/candas365.es\/noticias\/manuel-neuer-tendremos-una-buena-defensa\/#listItem","name":"Manuel Neuer: \u00abTendremos una buena defensa\u00bb"},"previousItem":{"@type":"ListItem","@id":"https:\/\/candas365.es\/noticias#listItem","name":"Home"}},{"@type":"ListItem","@id":"https:\/\/candas365.es\/noticias\/manuel-neuer-tendremos-una-buena-defensa\/#listItem","position":3,"name":"Manuel Neuer: \u00abTendremos una buena defensa\u00bb","previousItem":{"@type":"ListItem","@id":"https:\/\/candas365.es\/noticias\/category\/actualidad\/#listItem","name":"Actualidad"}}]},{"@type":"NewsArticle","@id":"https:\/\/candas365.es\/noticias\/manuel-neuer-tendremos-una-buena-defensa\/#newsarticle","name":"Manuel Neuer: \u00abTendremos una buena defensa\u00bb | Cand\u00e1s 365","headline":"Manuel Neuer: \u00abTendremos una buena defensa\u00bb","author":{"@id":"https:\/\/candas365.es\/noticias\/author\/admin\/#author"},"publisher":{"@id":"https:\/\/candas365.es\/noticias\/#organization"},"image":{"@type":"ImageObject","url":"https:\/\/candas365.es\/noticias\/wp-content\/uploads\/2016\/06\/euro2016.jpg","width":800,"height":478},"datePublished":"2016-06-12T11:15:32+02:00","dateModified":"2016-06-12T11:15:33+02:00","inLanguage":"es-ES","mainEntityOfPage":{"@id":"https:\/\/candas365.es\/noticias\/manuel-neuer-tendremos-una-buena-defensa\/#webpage"},"isPartOf":{"@id":"https:\/\/candas365.es\/noticias\/manuel-neuer-tendremos-una-buena-defensa\/#webpage"},"articleSection":"Actualidad","dateline":"Publicado el junio 12, 2016."},{"@type":"Organization","@id":"https:\/\/candas365.es\/noticias\/#organization","name":"Cand\u00e1s 365","description":"Cand\u00e1s 365 es un diario digital independiente, fundado en 2012, con base en Asturias. Informamos con rigor sobre actualidad, sociedad, cultura y ocio, con una mirada local y global.","url":"https:\/\/candas365.es\/noticias\/","email":"info@candas365.es","telephone":"+34652131393","foundingDate":"2012-06-10","logo":{"@type":"ImageObject","url":"https:\/\/candas365.es\/noticias\/wp-content\/uploads\/2024\/09\/Candas-365-Redes.jpg","@id":"https:\/\/candas365.es\/noticias\/manuel-neuer-tendremos-una-buena-defensa\/#organizationLogo","width":1152,"height":864,"caption":"Cand\u00e1s 365 Redes"},"image":{"@id":"https:\/\/candas365.es\/noticias\/manuel-neuer-tendremos-una-buena-defensa\/#organizationLogo"},"sameAs":["https:\/\/www.facebook.com\/Nachofdezber","https:\/\/x.com\/NabercoDigital","https:\/\/www.instagram.com\/nachofdezber\/","https:\/\/www.youtube.com\/channel\/UCZP-2wLEB9Rv6erhFmqVnvg"],"address":{"@id":"https:\/\/candas365.es\/noticias\/#postaladdress","@type":"PostalAddress","streetAddress":"san antonio 4, san antonio 4","postalCode":"33430","addressLocality":"Cand\u00e1s","addressRegion":"Asturias","addressCountry":"ES"}},{"@type":"Person","@id":"https:\/\/candas365.es\/noticias\/author\/admin\/#author","url":"https:\/\/candas365.es\/noticias\/author\/admin\/","name":"Cand\u00e1s 365","image":{"@type":"ImageObject","@id":"https:\/\/candas365.es\/noticias\/manuel-neuer-tendremos-una-buena-defensa\/#authorImage","url":"https:\/\/secure.gravatar.com\/avatar\/496a8e03d0c493ede1718b7934145dbdf8d89be1036b0eec9544e1094c9de390?s=96&d=mm&r=g","width":96,"height":96,"caption":"Cand\u00e1s 365"},"sameAs":["https:\/\/www.facebook.com\/carrenoactualidad","https:\/\/twitter.com\/nbasturias","https:\/\/www.instagram.com\/nachofdezber\/","https:\/\/www.youtube.com\/channel\/UCZP-2wLEB9Rv6erhFmqVnvg"]},{"@type":"WebPage","@id":"https:\/\/candas365.es\/noticias\/manuel-neuer-tendremos-una-buena-defensa\/#webpage","url":"https:\/\/candas365.es\/noticias\/manuel-neuer-tendremos-una-buena-defensa\/","name":"Manuel Neuer: \u00abTendremos una buena defensa\u00bb | Cand\u00e1s 365","description":"(dpa) - El arquero Manuel Neuer, uno de los principales l\u00edderes de la selecci\u00f3n alemana de f\u00fatbol, minimiz\u00f3 ayer el problema de lesiones que atraviesa su equipo en la l\u00ednea defensiva, despu\u00e9s de la baja de \u00faltima hora del central Antonio R\u00fcdiger. \"Tendremos una buena defensa en el primer partido\", dijo el portero del Bayern","inLanguage":"es-ES","isPartOf":{"@id":"https:\/\/candas365.es\/noticias\/#website"},"breadcrumb":{"@id":"https:\/\/candas365.es\/noticias\/manuel-neuer-tendremos-una-buena-defensa\/#breadcrumblist"},"author":{"@id":"https:\/\/candas365.es\/noticias\/author\/admin\/#author"},"creator":{"@id":"https:\/\/candas365.es\/noticias\/author\/admin\/#author"},"image":{"@type":"ImageObject","url":"https:\/\/candas365.es\/noticias\/wp-content\/uploads\/2016\/06\/euro2016.jpg","@id":"https:\/\/candas365.es\/noticias\/manuel-neuer-tendremos-una-buena-defensa\/#mainImage","width":800,"height":478},"primaryImageOfPage":{"@id":"https:\/\/candas365.es\/noticias\/manuel-neuer-tendremos-una-buena-defensa\/#mainImage"},"datePublished":"2016-06-12T11:15:32+02:00","dateModified":"2016-06-12T11:15:33+02:00"},{"@type":"WebSite","@id":"https:\/\/candas365.es\/noticias\/#website","url":"https:\/\/candas365.es\/noticias\/","name":"Cand\u00e1s 365","alternateName":"Cand\u00e1s 365 Noticias","description":"Actualidad desde Carre\u00f1o para el mundo","inLanguage":"es-ES","publisher":{"@id":"https:\/\/candas365.es\/noticias\/#organization"}}]},"og:locale":"es_ES","og:site_name":"Cand\u00e1s 365","og:type":"article","og:title":"Manuel Neuer: \u00abTendremos una buena defensa\u00bb | Cand\u00e1s 365","og:description":"(dpa) - El arquero Manuel Neuer, uno de los principales l\u00edderes de la selecci\u00f3n alemana de f\u00fatbol, minimiz\u00f3 ayer el problema de lesiones que atraviesa su equipo en la l\u00ednea defensiva, despu\u00e9s de la baja de \u00faltima hora del central Antonio R\u00fcdiger. &quot;Tendremos una buena defensa en el primer partido&quot;, dijo el portero del Bayern","og:url":"https:\/\/candas365.es\/noticias\/manuel-neuer-tendremos-una-buena-defensa\/","og:image":"https:\/\/candas365.es\/noticias\/wp-content\/uploads\/2016\/06\/euro2016.jpg","og:image:secure_url":"https:\/\/candas365.es\/noticias\/wp-content\/uploads\/2016\/06\/euro2016.jpg","og:image:width":800,"og:image:height":478,"article:published_time":"2016-06-12T09:45:32+00:00","article:modified_time":"2016-06-12T09:45:33+00:00","article:publisher":"https:\/\/www.facebook.com\/Nachofdezber","article:author":"https:\/\/www.facebook.com\/carrenoactualidad","twitter:card":"summary_large_image","twitter:site":"@NabercoDigital","twitter:title":"Manuel Neuer: \u00abTendremos una buena defensa\u00bb | Cand\u00e1s 365","twitter:description":"(dpa) - El arquero Manuel Neuer, uno de los principales l\u00edderes de la selecci\u00f3n alemana de f\u00fatbol, minimiz\u00f3 ayer el problema de lesiones que atraviesa su equipo en la l\u00ednea defensiva, despu\u00e9s de la baja de \u00faltima hora del central Antonio R\u00fcdiger. &quot;Tendremos una buena defensa en el primer partido&quot;, dijo el portero del Bayern","twitter:creator":"@nbasturias","twitter:image":"https:\/\/candas365.es\/noticias\/wp-content\/uploads\/2016\/06\/euro2016.jpg","twitter:label1":"Escrito por","twitter:data1":"Cand\u00e1s 365","twitter:label2":"Tiempo de lectura estimado","twitter:data2":"1 minuto"},"aioseo_meta_data":{"post_id":"30007","title":null,"description":null,"keywords":null,"keyphrases":null,"primary_term":null,"canonical_url":null,"og_title":null,"og_description":null,"og_object_type":"default","og_image_type":"default","og_image_url":null,"og_image_width":null,"og_image_height":null,"og_image_custom_url":null,"og_image_custom_fields":null,"og_video":null,"og_custom_url":null,"og_article_section":null,"og_article_tags":null,"twitter_use_og":false,"twitter_card":"default","twitter_image_type":"default","twitter_image_url":null,"twitter_image_custom_url":null,"twitter_image_custom_fields":null,"twitter_title":null,"twitter_description":null,"schema":{"blockGraphs":[],"customGraphs":[],"default":{"data":{"Article":[],"Course":[],"Dataset":[],"FAQPage":[],"Movie":[],"Person":[],"Product":[],"ProductReview":[],"Car":[],"Recipe":[],"Service":[],"SoftwareApplication":[],"WebPage":[]},"graphName":"","isEnabled":true},"graphs":[],"defaultGraph":"","defaultPostTypeGraph":""},"schema_type":null,"schema_type_options":null,"pillar_content":false,"robots_default":true,"robots_noindex":false,"robots_noarchive":false,"robots_nosnippet":false,"robots_nofollow":false,"robots_noimageindex":false,"robots_noodp":false,"robots_notranslate":false,"robots_max_snippet":null,"robots_max_videopreview":null,"robots_max_imagepreview":"large","priority":null,"frequency":null,"location":null,"local_seo":null,"seo_analyzer_scan_date":"2025-08-24 11:57:23","breadcrumb_settings":null,"limit_modified_date":false,"reviewed_by":null,"open_ai":null,"ai":null,"created":"2020-12-21 12:56:45","updated":"2025-08-24 11:57:23"},"aioseo_breadcrumb":"<div class=\"aioseo-breadcrumbs\"><span class=\"aioseo-breadcrumb\">\n\t<a href=\"https:\/\/candas365.es\/noticias\" title=\"Home\">Home<\/a>\n<\/span><span class=\"aioseo-breadcrumb-separator\">&ndash;<\/span><span class=\"aioseo-breadcrumb\">\n\t<a href=\"https:\/\/candas365.es\/noticias\/category\/actualidad\/\" title=\"Actualidad\">Actualidad<\/a>\n<\/span><span class=\"aioseo-breadcrumb-separator\">&ndash;<\/span><span class=\"aioseo-breadcrumb\">\n\tManuel Neuer: \u00abTendremos una buena defensa\u00bb\n<\/span><\/div>","aioseo_breadcrumb_json":[{"label":"Home","link":"https:\/\/candas365.es\/noticias"},{"label":"Actualidad","link":"https:\/\/candas365.es\/noticias\/category\/actualidad\/"},{"label":"Manuel Neuer: \u00abTendremos una buena defensa\u00bb","link":"https:\/\/candas365.es\/noticias\/manuel-neuer-tendremos-una-buena-defensa\/"}],"_links":{"self":[{"href":"https:\/\/candas365.es\/noticias\/wp-json\/wp\/v2\/posts\/30007","targetHints":{"allow":["GET"]}}],"collection":[{"href":"https:\/\/candas365.es\/noticias\/wp-json\/wp\/v2\/posts"}],"about":[{"href":"https:\/\/candas365.es\/noticias\/wp-json\/wp\/v2\/types\/post"}],"author":[{"embeddable":true,"href":"https:\/\/candas365.es\/noticias\/wp-json\/wp\/v2\/users\/1"}],"replies":[{"embeddable":true,"href":"https:\/\/candas365.es\/noticias\/wp-json\/wp\/v2\/comments?post=30007"}],"version-history":[{"count":0,"href":"https:\/\/candas365.es\/noticias\/wp-json\/wp\/v2\/posts\/30007\/revisions"}],"wp:featuredmedia":[{"embeddable":true,"href":"https:\/\/candas365.es\/noticias\/wp-json\/wp\/v2\/media\/29884"}],"wp:attachment":[{"href":"https:\/\/candas365.es\/noticias\/wp-json\/wp\/v2\/media?parent=30007"}],"wp:term":[{"taxonomy":"category","embeddable":true,"href":"https:\/\/candas365.es\/noticias\/wp-json\/wp\/v2\/categories?post=30007"},{"taxonomy":"post_tag","embeddable":true,"href":"https:\/\/candas365.es\/noticias\/wp-json\/wp\/v2\/tags?post=30007"}],"curies":[{"name":"wp","href":"https:\/\/api.w.org\/{rel}","templated":true}]}}