{"id":29952,"date":"2016-06-10T10:25:08","date_gmt":"2016-06-10T08:55:08","guid":{"rendered":"http:\/\/candas365.es\/noticias\/?p=29952"},"modified":"2016-06-10T10:25:08","modified_gmt":"2016-06-10T08:55:08","slug":"al-sol-de-medianueche-de-luis-salas-riano","status":"publish","type":"post","link":"https:\/\/candas365.es\/noticias\/al-sol-de-medianueche-de-luis-salas-riano\/","title":{"rendered":"\u00abAl sol de medianueche\u00bb de Luis Salas Ria\u00f1o"},"content":{"rendered":"<p><img fetchpriority=\"high\" decoding=\"async\" class=\"alignleft size-medium wp-image-29953\" src=\"https:\/\/candas365.es\/noticias\/wp-content\/uploads\/2016\/06\/fotonoticia_20160608184608_800-200x300.jpg\" alt=\"fotonoticia_20160608184608_800\" width=\"200\" height=\"300\" srcset=\"https:\/\/candas365.es\/noticias\/wp-content\/uploads\/2016\/06\/fotonoticia_20160608184608_800-200x300.jpg 200w, https:\/\/candas365.es\/noticias\/wp-content\/uploads\/2016\/06\/fotonoticia_20160608184608_800-319x480.jpg 319w, https:\/\/candas365.es\/noticias\/wp-content\/uploads\/2016\/06\/fotonoticia_20160608184608_800-768x1154.jpg 768w, https:\/\/candas365.es\/noticias\/wp-content\/uploads\/2016\/06\/fotonoticia_20160608184608_800-150x225.jpg 150w, https:\/\/candas365.es\/noticias\/wp-content\/uploads\/2016\/06\/fotonoticia_20160608184608_800-450x676.jpg 450w, https:\/\/candas365.es\/noticias\/wp-content\/uploads\/2016\/06\/fotonoticia_20160608184608_800-696x1046.jpg 696w, https:\/\/candas365.es\/noticias\/wp-content\/uploads\/2016\/06\/fotonoticia_20160608184608_800-280x420.jpg 280w, https:\/\/candas365.es\/noticias\/wp-content\/uploads\/2016\/06\/fotonoticia_20160608184608_800.jpg 800w\" sizes=\"(max-width: 200px) 100vw, 200px\" \/>El poeta pilo\u00f1\u00e9s Luis Salas Ria\u00f1o (1960) vuelve a estar en las librer\u00edas con otro volumen de sonetos, &#8216;Al sol de medianueche&#8217; (Impronta Editorial), un recopilatorio de su trabajo desarrollado en los \u00faltimos once a\u00f1os, en el que abundan las tem\u00e1ticas del amor, el paso del tiempo, la muerte y, sobre todo, y como es habitual en \u00e9l, el erotismo.<\/p>\n<p>En declaraciones a Europa Press, Ria\u00f1o, que reside en Noruega desde 1987, confiesa que esta \u00faltima obra le ha dejado \u00abagotado\u00bb. \u00abMe cost\u00f3 un trabajo de la hostia\u00bb, reconoce abiertamente, refiri\u00e9ndose a al esfuerzo que supone mantener su ya conocida afici\u00f3n por el soneto cl\u00e1sico, respetando el rigor m\u00e9trico y la rima. \u00abEs una man\u00eda\u00bb, afirma. \u00abCuando escribo versos libres no s\u00e9 si est\u00e1n bien o est\u00e1n mal\u00bb.<\/p>\n<p>As\u00ed prefiere definir &#8216;Al sol de medianueche&#8217;, no como un poemario, sino como un proyecto culminado tras muchos a\u00f1os escribiendo sonetos sin una idea fija. Concretamente su anterior publicaci\u00f3n, &#8216;La llingua encesa&#8217;, data de 2005, y constaba de otros 67 sonetos. Actualmente ya tiene otros diez y est\u00e1 haciendo traducciones al asturiano de la poes\u00eda de los sonetos lujuriosos de Pietro Aretino. \u00abDentro de diez o doce a\u00f1os volver\u00e9 a publicar otro libro\u00bb, comenta entre risas.<\/p>\n<p>Su nuevo libro est\u00e1 basado \u00aben las obsesiones de siempre: el erotismo, la pornograf\u00eda, el amor, la imposibilidad del amor, el fracaso del amor, desde muchos puntos de vista, desde lo m\u00e1s rom\u00e1ntico, inocente e infantil, hasta lo m\u00e1s duro\u00bb, explica. \u00abTambi\u00e9n el paso del tiempo y su destrucci\u00f3n, la muerte, la b\u00fasqueda de la calma frente a esa obsesi\u00f3n\u00bb, a\u00f1ade.<\/p>\n<p>Recuerda que le gusta tratar \u00ablas cosas con humor en su poes\u00eda\u00bb, e incluso tiene varios sonetos de contenido escatol\u00f3gico. Explica que un amigo suyo, V\u00edctor Botas, \u00abdec\u00eda que escribir poes\u00eda es como cargar melones\u00bb. Para m\u00ed \u00abes simplemente como cagar\u00bb, bromea.<\/p>\n<p>RENIEGA DE LA SINOPSIS DEL LIBRO<\/p>\n<p>Pornograf\u00eda, erotismo, amor duro, escatolog\u00eda son conceptos que no quiere que se confundan. Reniega de la sinopsis de &#8216;Al sol de medianueche&#8217;, que define su poes\u00eda como \u00ablibertina, lujuriosa y desenfrenada\u00bb porque teme que el lector crea que sus fuentes de inspiraci\u00f3n sean escritores como Charles Bukowski. \u00abPara nada. Mi poes\u00eda est\u00e1 inspirada en la literatura francesa, en los libertinos, en los simbolistas como Paul Verlaine, y en autores como Pier Closovski o George Bataille. Tambi\u00e9n en la poes\u00eda grecolatina\u00bb.<\/p>\n<p>Ria\u00f1o explica que escribe por afici\u00f3n o por necesidad, no con el objetivo de publicar. No aclara si el modo de vida escandinavo es un incentivo para crear poes\u00eda, pese al propio t\u00edtulo del poemario. \u00abAyer mismo me despert\u00e9 a las cuatro de la ma\u00f1ana porque la claridad no me dejaba pegar ojo\u00bb, se queja.<\/p>\n<p>Ha trabajado como profesor de espa\u00f1ol en institutos del pa\u00eds y ahora est\u00e1 en un programa de acogida de j\u00f3venes refugiados pol\u00edticos, una iniciativa que en Noruega lleva desarroll\u00e1ndose durante muchos a\u00f1os y que le gustar\u00eda que empezase a funcionar en Espa\u00f1a.<\/p>\n<p>&nbsp;<\/p>\n","protected":false},"excerpt":{"rendered":"<p>El poeta pilo\u00f1\u00e9s Luis Salas Ria\u00f1o (1960) vuelve a estar en las librer\u00edas con otro volumen de sonetos, &#8216;Al sol de medianueche&#8217; (Impronta Editorial), un recopilatorio de su trabajo desarrollado en los \u00faltimos once a\u00f1os, en el que abundan las tem\u00e1ticas del amor, el paso del tiempo, la muerte y, sobre todo, y como es<\/p>\n","protected":false},"author":1,"featured_media":29953,"comment_status":"closed","ping_status":"closed","sticky":false,"template":"","format":"standard","meta":{"footnotes":""},"categories":[343],"tags":[],"class_list":{"0":"post-29952","1":"post","2":"type-post","3":"status-publish","4":"format-standard","5":"has-post-thumbnail","7":"category-actualidad"},"aioseo_notices":[],"aioseo_head":"\n\t\t<!-- All in One SEO Pro 4.9.6.2 - aioseo.com -->\n\t<meta name=\"description\" content=\"El poeta pilo\u00f1\u00e9s Luis Salas Ria\u00f1o (1960) vuelve a estar en las librer\u00edas con otro volumen de sonetos, &#039;Al sol de medianueche&#039; (Impronta Editorial), un recopilatorio de su trabajo desarrollado en los \u00faltimos once a\u00f1os, en el que abundan las tem\u00e1ticas del amor, el paso del tiempo, la muerte y, sobre todo, y como es\" \/>\n\t<meta name=\"robots\" content=\"max-image-preview:large\" \/>\n\t<meta name=\"author\" content=\"Cand\u00e1s 365\"\/>\n\t<meta name=\"google-site-verification\" content=\"UA-32230408-1\" \/>\n\t<meta name=\"msvalidate.01\" content=\"354F3CDFB2DA171B47FBE9ABF1F88D5\" \/>\n\t<meta name=\"keywords\" content=\"actualidad\" \/>\n\t<link rel=\"canonical\" href=\"https:\/\/candas365.es\/noticias\/al-sol-de-medianueche-de-luis-salas-riano\/\" \/>\n\t<meta name=\"generator\" content=\"All in One SEO Pro (AIOSEO) 4.9.6.2\" \/>\n\t\t<meta property=\"og:locale\" content=\"es_ES\" \/>\n\t\t<meta property=\"og:site_name\" content=\"Cand\u00e1s 365\" \/>\n\t\t<meta property=\"og:type\" content=\"article\" \/>\n\t\t<meta property=\"og:title\" content=\"\u00abAl sol de medianueche\u00bb de Luis Salas Ria\u00f1o | Cand\u00e1s 365\" \/>\n\t\t<meta property=\"og:description\" content=\"El poeta pilo\u00f1\u00e9s Luis Salas Ria\u00f1o (1960) vuelve a estar en las librer\u00edas con otro volumen de sonetos, &#039;Al sol de medianueche&#039; (Impronta Editorial), un recopilatorio de su trabajo desarrollado en los \u00faltimos once a\u00f1os, en el que abundan las tem\u00e1ticas del amor, el paso del tiempo, la muerte y, sobre todo, y como es\" \/>\n\t\t<meta property=\"og:url\" content=\"https:\/\/candas365.es\/noticias\/al-sol-de-medianueche-de-luis-salas-riano\/\" \/>\n\t\t<meta property=\"og:image\" content=\"https:\/\/candas365.es\/noticias\/wp-content\/uploads\/2016\/06\/fotonoticia_20160608184608_800.jpg\" \/>\n\t\t<meta property=\"og:image:secure_url\" content=\"https:\/\/candas365.es\/noticias\/wp-content\/uploads\/2016\/06\/fotonoticia_20160608184608_800.jpg\" \/>\n\t\t<meta property=\"og:image:width\" content=\"800\" \/>\n\t\t<meta property=\"og:image:height\" content=\"1202\" \/>\n\t\t<meta property=\"article:published_time\" content=\"2016-06-10T08:55:08+00:00\" \/>\n\t\t<meta property=\"article:modified_time\" content=\"2016-06-10T08:55:08+00:00\" \/>\n\t\t<meta property=\"article:publisher\" content=\"https:\/\/www.facebook.com\/Nachofdezber\" \/>\n\t\t<meta property=\"article:author\" content=\"https:\/\/www.facebook.com\/carrenoactualidad\" \/>\n\t\t<meta name=\"twitter:card\" content=\"summary_large_image\" \/>\n\t\t<meta name=\"twitter:site\" content=\"@NabercoDigital\" \/>\n\t\t<meta name=\"twitter:title\" content=\"\u00abAl sol de medianueche\u00bb de Luis Salas Ria\u00f1o | Cand\u00e1s 365\" \/>\n\t\t<meta name=\"twitter:description\" content=\"El poeta pilo\u00f1\u00e9s Luis Salas Ria\u00f1o (1960) vuelve a estar en las librer\u00edas con otro volumen de sonetos, &#039;Al sol de medianueche&#039; (Impronta Editorial), un recopilatorio de su trabajo desarrollado en los \u00faltimos once a\u00f1os, en el que abundan las tem\u00e1ticas del amor, el paso del tiempo, la muerte y, sobre todo, y como es\" \/>\n\t\t<meta name=\"twitter:creator\" content=\"@nbasturias\" \/>\n\t\t<meta name=\"twitter:image\" content=\"https:\/\/candas365.es\/noticias\/wp-content\/uploads\/2016\/06\/fotonoticia_20160608184608_800.jpg\" \/>\n\t\t<meta name=\"twitter:label1\" content=\"Escrito por\" \/>\n\t\t<meta name=\"twitter:data1\" content=\"Cand\u00e1s 365\" \/>\n\t\t<meta name=\"twitter:label2\" content=\"Tiempo de lectura estimado\" \/>\n\t\t<meta name=\"twitter:data2\" content=\"3 minutos\" \/>\n\t\t<script type=\"application\/ld+json\" class=\"aioseo-schema\">\n\t\t\t{\"@context\":\"https:\\\/\\\/schema.org\",\"@graph\":[{\"@type\":\"BreadcrumbList\",\"@id\":\"https:\\\/\\\/candas365.es\\\/noticias\\\/al-sol-de-medianueche-de-luis-salas-riano\\\/#breadcrumblist\",\"itemListElement\":[{\"@type\":\"ListItem\",\"@id\":\"https:\\\/\\\/candas365.es\\\/noticias#listItem\",\"position\":1,\"name\":\"Home\",\"item\":\"https:\\\/\\\/candas365.es\\\/noticias\",\"nextItem\":{\"@type\":\"ListItem\",\"@id\":\"https:\\\/\\\/candas365.es\\\/noticias\\\/category\\\/actualidad\\\/#listItem\",\"name\":\"Actualidad\"}},{\"@type\":\"ListItem\",\"@id\":\"https:\\\/\\\/candas365.es\\\/noticias\\\/category\\\/actualidad\\\/#listItem\",\"position\":2,\"name\":\"Actualidad\",\"item\":\"https:\\\/\\\/candas365.es\\\/noticias\\\/category\\\/actualidad\\\/\",\"nextItem\":{\"@type\":\"ListItem\",\"@id\":\"https:\\\/\\\/candas365.es\\\/noticias\\\/al-sol-de-medianueche-de-luis-salas-riano\\\/#listItem\",\"name\":\"\\u00abAl sol de medianueche\\u00bb de Luis Salas Ria\\u00f1o\"},\"previousItem\":{\"@type\":\"ListItem\",\"@id\":\"https:\\\/\\\/candas365.es\\\/noticias#listItem\",\"name\":\"Home\"}},{\"@type\":\"ListItem\",\"@id\":\"https:\\\/\\\/candas365.es\\\/noticias\\\/al-sol-de-medianueche-de-luis-salas-riano\\\/#listItem\",\"position\":3,\"name\":\"\\u00abAl sol de medianueche\\u00bb de Luis Salas Ria\\u00f1o\",\"previousItem\":{\"@type\":\"ListItem\",\"@id\":\"https:\\\/\\\/candas365.es\\\/noticias\\\/category\\\/actualidad\\\/#listItem\",\"name\":\"Actualidad\"}}]},{\"@type\":\"NewsArticle\",\"@id\":\"https:\\\/\\\/candas365.es\\\/noticias\\\/al-sol-de-medianueche-de-luis-salas-riano\\\/#newsarticle\",\"name\":\"\\u00abAl sol de medianueche\\u00bb de Luis Salas Ria\\u00f1o | Cand\\u00e1s 365\",\"headline\":\"\\u00abAl sol de medianueche\\u00bb de Luis Salas Ria\\u00f1o\",\"author\":{\"@id\":\"https:\\\/\\\/candas365.es\\\/noticias\\\/author\\\/admin\\\/#author\"},\"publisher\":{\"@id\":\"https:\\\/\\\/candas365.es\\\/noticias\\\/#organization\"},\"image\":{\"@type\":\"ImageObject\",\"url\":\"https:\\\/\\\/candas365.es\\\/noticias\\\/wp-content\\\/uploads\\\/2016\\\/06\\\/fotonoticia_20160608184608_800.jpg\",\"width\":800,\"height\":1202},\"datePublished\":\"2016-06-10T10:25:08+02:00\",\"dateModified\":\"2016-06-10T10:25:08+02:00\",\"inLanguage\":\"es-ES\",\"mainEntityOfPage\":{\"@id\":\"https:\\\/\\\/candas365.es\\\/noticias\\\/al-sol-de-medianueche-de-luis-salas-riano\\\/#webpage\"},\"isPartOf\":{\"@id\":\"https:\\\/\\\/candas365.es\\\/noticias\\\/al-sol-de-medianueche-de-luis-salas-riano\\\/#webpage\"},\"articleSection\":\"Actualidad\",\"dateline\":\"Publicado el junio 10, 2016.\"},{\"@type\":\"Organization\",\"@id\":\"https:\\\/\\\/candas365.es\\\/noticias\\\/#organization\",\"name\":\"Cand\\u00e1s 365\",\"description\":\"Cand\\u00e1s 365 es un diario digital independiente, fundado en 2012, con base en Asturias. Informamos con rigor sobre actualidad, sociedad, cultura y ocio, con una mirada local y global.\",\"url\":\"https:\\\/\\\/candas365.es\\\/noticias\\\/\",\"email\":\"info@candas365.es\",\"telephone\":\"+34652131393\",\"foundingDate\":\"2012-06-10\",\"logo\":{\"@type\":\"ImageObject\",\"url\":\"https:\\\/\\\/candas365.es\\\/noticias\\\/wp-content\\\/uploads\\\/2024\\\/09\\\/Candas-365-Redes.jpg\",\"@id\":\"https:\\\/\\\/candas365.es\\\/noticias\\\/al-sol-de-medianueche-de-luis-salas-riano\\\/#organizationLogo\",\"width\":1152,\"height\":864,\"caption\":\"Cand\\u00e1s 365 Redes\"},\"image\":{\"@id\":\"https:\\\/\\\/candas365.es\\\/noticias\\\/al-sol-de-medianueche-de-luis-salas-riano\\\/#organizationLogo\"},\"sameAs\":[\"https:\\\/\\\/www.facebook.com\\\/Nachofdezber\",\"https:\\\/\\\/x.com\\\/NabercoDigital\",\"https:\\\/\\\/www.instagram.com\\\/nachofdezber\\\/\",\"https:\\\/\\\/www.youtube.com\\\/channel\\\/UCZP-2wLEB9Rv6erhFmqVnvg\"],\"address\":{\"@id\":\"https:\\\/\\\/candas365.es\\\/noticias\\\/#postaladdress\",\"@type\":\"PostalAddress\",\"streetAddress\":\"san antonio 4, san antonio 4\",\"postalCode\":\"33430\",\"addressLocality\":\"Cand\\u00e1s\",\"addressRegion\":\"Asturias\",\"addressCountry\":\"ES\"}},{\"@type\":\"Person\",\"@id\":\"https:\\\/\\\/candas365.es\\\/noticias\\\/author\\\/admin\\\/#author\",\"url\":\"https:\\\/\\\/candas365.es\\\/noticias\\\/author\\\/admin\\\/\",\"name\":\"Cand\\u00e1s 365\",\"image\":{\"@type\":\"ImageObject\",\"@id\":\"https:\\\/\\\/candas365.es\\\/noticias\\\/al-sol-de-medianueche-de-luis-salas-riano\\\/#authorImage\",\"url\":\"https:\\\/\\\/secure.gravatar.com\\\/avatar\\\/496a8e03d0c493ede1718b7934145dbdf8d89be1036b0eec9544e1094c9de390?s=96&d=mm&r=g\",\"width\":96,\"height\":96,\"caption\":\"Cand\\u00e1s 365\"},\"sameAs\":[\"https:\\\/\\\/www.facebook.com\\\/carrenoactualidad\",\"https:\\\/\\\/twitter.com\\\/nbasturias\",\"https:\\\/\\\/www.instagram.com\\\/nachofdezber\\\/\",\"https:\\\/\\\/www.youtube.com\\\/channel\\\/UCZP-2wLEB9Rv6erhFmqVnvg\"]},{\"@type\":\"WebPage\",\"@id\":\"https:\\\/\\\/candas365.es\\\/noticias\\\/al-sol-de-medianueche-de-luis-salas-riano\\\/#webpage\",\"url\":\"https:\\\/\\\/candas365.es\\\/noticias\\\/al-sol-de-medianueche-de-luis-salas-riano\\\/\",\"name\":\"\\u00abAl sol de medianueche\\u00bb de Luis Salas Ria\\u00f1o | Cand\\u00e1s 365\",\"description\":\"El poeta pilo\\u00f1\\u00e9s Luis Salas Ria\\u00f1o (1960) vuelve a estar en las librer\\u00edas con otro volumen de sonetos, 'Al sol de medianueche' (Impronta Editorial), un recopilatorio de su trabajo desarrollado en los \\u00faltimos once a\\u00f1os, en el que abundan las tem\\u00e1ticas del amor, el paso del tiempo, la muerte y, sobre todo, y como es\",\"inLanguage\":\"es-ES\",\"isPartOf\":{\"@id\":\"https:\\\/\\\/candas365.es\\\/noticias\\\/#website\"},\"breadcrumb\":{\"@id\":\"https:\\\/\\\/candas365.es\\\/noticias\\\/al-sol-de-medianueche-de-luis-salas-riano\\\/#breadcrumblist\"},\"author\":{\"@id\":\"https:\\\/\\\/candas365.es\\\/noticias\\\/author\\\/admin\\\/#author\"},\"creator\":{\"@id\":\"https:\\\/\\\/candas365.es\\\/noticias\\\/author\\\/admin\\\/#author\"},\"image\":{\"@type\":\"ImageObject\",\"url\":\"https:\\\/\\\/candas365.es\\\/noticias\\\/wp-content\\\/uploads\\\/2016\\\/06\\\/fotonoticia_20160608184608_800.jpg\",\"@id\":\"https:\\\/\\\/candas365.es\\\/noticias\\\/al-sol-de-medianueche-de-luis-salas-riano\\\/#mainImage\",\"width\":800,\"height\":1202},\"primaryImageOfPage\":{\"@id\":\"https:\\\/\\\/candas365.es\\\/noticias\\\/al-sol-de-medianueche-de-luis-salas-riano\\\/#mainImage\"},\"datePublished\":\"2016-06-10T10:25:08+02:00\",\"dateModified\":\"2016-06-10T10:25:08+02:00\"},{\"@type\":\"WebSite\",\"@id\":\"https:\\\/\\\/candas365.es\\\/noticias\\\/#website\",\"url\":\"https:\\\/\\\/candas365.es\\\/noticias\\\/\",\"name\":\"Cand\\u00e1s 365\",\"alternateName\":\"Cand\\u00e1s 365 Noticias\",\"description\":\"Actualidad desde Carre\\u00f1o para el mundo\",\"inLanguage\":\"es-ES\",\"publisher\":{\"@id\":\"https:\\\/\\\/candas365.es\\\/noticias\\\/#organization\"}}]}\n\t\t<\/script>\n\t\t<!-- All in One SEO Pro -->\r\n\t\t<title>\u00abAl sol de medianueche\u00bb de Luis Salas Ria\u00f1o | Cand\u00e1s 365<\/title>\n\n","aioseo_head_json":{"title":"\u00abAl sol de medianueche\u00bb de Luis Salas Ria\u00f1o | Cand\u00e1s 365","description":"El poeta pilo\u00f1\u00e9s Luis Salas Ria\u00f1o (1960) vuelve a estar en las librer\u00edas con otro volumen de sonetos, 'Al sol de medianueche' (Impronta Editorial), un recopilatorio de su trabajo desarrollado en los \u00faltimos once a\u00f1os, en el que abundan las tem\u00e1ticas del amor, el paso del tiempo, la muerte y, sobre todo, y como es","canonical_url":"https:\/\/candas365.es\/noticias\/al-sol-de-medianueche-de-luis-salas-riano\/","robots":"max-image-preview:large","keywords":"actualidad","webmasterTools":{"google-site-verification":"UA-32230408-1","msvalidate.01":"354F3CDFB2DA171B47FBE9ABF1F88D5","miscellaneous":""},"schema":{"@context":"https:\/\/schema.org","@graph":[{"@type":"BreadcrumbList","@id":"https:\/\/candas365.es\/noticias\/al-sol-de-medianueche-de-luis-salas-riano\/#breadcrumblist","itemListElement":[{"@type":"ListItem","@id":"https:\/\/candas365.es\/noticias#listItem","position":1,"name":"Home","item":"https:\/\/candas365.es\/noticias","nextItem":{"@type":"ListItem","@id":"https:\/\/candas365.es\/noticias\/category\/actualidad\/#listItem","name":"Actualidad"}},{"@type":"ListItem","@id":"https:\/\/candas365.es\/noticias\/category\/actualidad\/#listItem","position":2,"name":"Actualidad","item":"https:\/\/candas365.es\/noticias\/category\/actualidad\/","nextItem":{"@type":"ListItem","@id":"https:\/\/candas365.es\/noticias\/al-sol-de-medianueche-de-luis-salas-riano\/#listItem","name":"\u00abAl sol de medianueche\u00bb de Luis Salas Ria\u00f1o"},"previousItem":{"@type":"ListItem","@id":"https:\/\/candas365.es\/noticias#listItem","name":"Home"}},{"@type":"ListItem","@id":"https:\/\/candas365.es\/noticias\/al-sol-de-medianueche-de-luis-salas-riano\/#listItem","position":3,"name":"\u00abAl sol de medianueche\u00bb de Luis Salas Ria\u00f1o","previousItem":{"@type":"ListItem","@id":"https:\/\/candas365.es\/noticias\/category\/actualidad\/#listItem","name":"Actualidad"}}]},{"@type":"NewsArticle","@id":"https:\/\/candas365.es\/noticias\/al-sol-de-medianueche-de-luis-salas-riano\/#newsarticle","name":"\u00abAl sol de medianueche\u00bb de Luis Salas Ria\u00f1o | Cand\u00e1s 365","headline":"\u00abAl sol de medianueche\u00bb de Luis Salas Ria\u00f1o","author":{"@id":"https:\/\/candas365.es\/noticias\/author\/admin\/#author"},"publisher":{"@id":"https:\/\/candas365.es\/noticias\/#organization"},"image":{"@type":"ImageObject","url":"https:\/\/candas365.es\/noticias\/wp-content\/uploads\/2016\/06\/fotonoticia_20160608184608_800.jpg","width":800,"height":1202},"datePublished":"2016-06-10T10:25:08+02:00","dateModified":"2016-06-10T10:25:08+02:00","inLanguage":"es-ES","mainEntityOfPage":{"@id":"https:\/\/candas365.es\/noticias\/al-sol-de-medianueche-de-luis-salas-riano\/#webpage"},"isPartOf":{"@id":"https:\/\/candas365.es\/noticias\/al-sol-de-medianueche-de-luis-salas-riano\/#webpage"},"articleSection":"Actualidad","dateline":"Publicado el junio 10, 2016."},{"@type":"Organization","@id":"https:\/\/candas365.es\/noticias\/#organization","name":"Cand\u00e1s 365","description":"Cand\u00e1s 365 es un diario digital independiente, fundado en 2012, con base en Asturias. Informamos con rigor sobre actualidad, sociedad, cultura y ocio, con una mirada local y global.","url":"https:\/\/candas365.es\/noticias\/","email":"info@candas365.es","telephone":"+34652131393","foundingDate":"2012-06-10","logo":{"@type":"ImageObject","url":"https:\/\/candas365.es\/noticias\/wp-content\/uploads\/2024\/09\/Candas-365-Redes.jpg","@id":"https:\/\/candas365.es\/noticias\/al-sol-de-medianueche-de-luis-salas-riano\/#organizationLogo","width":1152,"height":864,"caption":"Cand\u00e1s 365 Redes"},"image":{"@id":"https:\/\/candas365.es\/noticias\/al-sol-de-medianueche-de-luis-salas-riano\/#organizationLogo"},"sameAs":["https:\/\/www.facebook.com\/Nachofdezber","https:\/\/x.com\/NabercoDigital","https:\/\/www.instagram.com\/nachofdezber\/","https:\/\/www.youtube.com\/channel\/UCZP-2wLEB9Rv6erhFmqVnvg"],"address":{"@id":"https:\/\/candas365.es\/noticias\/#postaladdress","@type":"PostalAddress","streetAddress":"san antonio 4, san antonio 4","postalCode":"33430","addressLocality":"Cand\u00e1s","addressRegion":"Asturias","addressCountry":"ES"}},{"@type":"Person","@id":"https:\/\/candas365.es\/noticias\/author\/admin\/#author","url":"https:\/\/candas365.es\/noticias\/author\/admin\/","name":"Cand\u00e1s 365","image":{"@type":"ImageObject","@id":"https:\/\/candas365.es\/noticias\/al-sol-de-medianueche-de-luis-salas-riano\/#authorImage","url":"https:\/\/secure.gravatar.com\/avatar\/496a8e03d0c493ede1718b7934145dbdf8d89be1036b0eec9544e1094c9de390?s=96&d=mm&r=g","width":96,"height":96,"caption":"Cand\u00e1s 365"},"sameAs":["https:\/\/www.facebook.com\/carrenoactualidad","https:\/\/twitter.com\/nbasturias","https:\/\/www.instagram.com\/nachofdezber\/","https:\/\/www.youtube.com\/channel\/UCZP-2wLEB9Rv6erhFmqVnvg"]},{"@type":"WebPage","@id":"https:\/\/candas365.es\/noticias\/al-sol-de-medianueche-de-luis-salas-riano\/#webpage","url":"https:\/\/candas365.es\/noticias\/al-sol-de-medianueche-de-luis-salas-riano\/","name":"\u00abAl sol de medianueche\u00bb de Luis Salas Ria\u00f1o | Cand\u00e1s 365","description":"El poeta pilo\u00f1\u00e9s Luis Salas Ria\u00f1o (1960) vuelve a estar en las librer\u00edas con otro volumen de sonetos, 'Al sol de medianueche' (Impronta Editorial), un recopilatorio de su trabajo desarrollado en los \u00faltimos once a\u00f1os, en el que abundan las tem\u00e1ticas del amor, el paso del tiempo, la muerte y, sobre todo, y como es","inLanguage":"es-ES","isPartOf":{"@id":"https:\/\/candas365.es\/noticias\/#website"},"breadcrumb":{"@id":"https:\/\/candas365.es\/noticias\/al-sol-de-medianueche-de-luis-salas-riano\/#breadcrumblist"},"author":{"@id":"https:\/\/candas365.es\/noticias\/author\/admin\/#author"},"creator":{"@id":"https:\/\/candas365.es\/noticias\/author\/admin\/#author"},"image":{"@type":"ImageObject","url":"https:\/\/candas365.es\/noticias\/wp-content\/uploads\/2016\/06\/fotonoticia_20160608184608_800.jpg","@id":"https:\/\/candas365.es\/noticias\/al-sol-de-medianueche-de-luis-salas-riano\/#mainImage","width":800,"height":1202},"primaryImageOfPage":{"@id":"https:\/\/candas365.es\/noticias\/al-sol-de-medianueche-de-luis-salas-riano\/#mainImage"},"datePublished":"2016-06-10T10:25:08+02:00","dateModified":"2016-06-10T10:25:08+02:00"},{"@type":"WebSite","@id":"https:\/\/candas365.es\/noticias\/#website","url":"https:\/\/candas365.es\/noticias\/","name":"Cand\u00e1s 365","alternateName":"Cand\u00e1s 365 Noticias","description":"Actualidad desde Carre\u00f1o para el mundo","inLanguage":"es-ES","publisher":{"@id":"https:\/\/candas365.es\/noticias\/#organization"}}]},"og:locale":"es_ES","og:site_name":"Cand\u00e1s 365","og:type":"article","og:title":"\u00abAl sol de medianueche\u00bb de Luis Salas Ria\u00f1o | Cand\u00e1s 365","og:description":"El poeta pilo\u00f1\u00e9s Luis Salas Ria\u00f1o (1960) vuelve a estar en las librer\u00edas con otro volumen de sonetos, 'Al sol de medianueche' (Impronta Editorial), un recopilatorio de su trabajo desarrollado en los \u00faltimos once a\u00f1os, en el que abundan las tem\u00e1ticas del amor, el paso del tiempo, la muerte y, sobre todo, y como es","og:url":"https:\/\/candas365.es\/noticias\/al-sol-de-medianueche-de-luis-salas-riano\/","og:image":"https:\/\/candas365.es\/noticias\/wp-content\/uploads\/2016\/06\/fotonoticia_20160608184608_800.jpg","og:image:secure_url":"https:\/\/candas365.es\/noticias\/wp-content\/uploads\/2016\/06\/fotonoticia_20160608184608_800.jpg","og:image:width":800,"og:image:height":1202,"article:published_time":"2016-06-10T08:55:08+00:00","article:modified_time":"2016-06-10T08:55:08+00:00","article:publisher":"https:\/\/www.facebook.com\/Nachofdezber","article:author":"https:\/\/www.facebook.com\/carrenoactualidad","twitter:card":"summary_large_image","twitter:site":"@NabercoDigital","twitter:title":"\u00abAl sol de medianueche\u00bb de Luis Salas Ria\u00f1o | Cand\u00e1s 365","twitter:description":"El poeta pilo\u00f1\u00e9s Luis Salas Ria\u00f1o (1960) vuelve a estar en las librer\u00edas con otro volumen de sonetos, 'Al sol de medianueche' (Impronta Editorial), un recopilatorio de su trabajo desarrollado en los \u00faltimos once a\u00f1os, en el que abundan las tem\u00e1ticas del amor, el paso del tiempo, la muerte y, sobre todo, y como es","twitter:creator":"@nbasturias","twitter:image":"https:\/\/candas365.es\/noticias\/wp-content\/uploads\/2016\/06\/fotonoticia_20160608184608_800.jpg","twitter:label1":"Escrito por","twitter:data1":"Cand\u00e1s 365","twitter:label2":"Tiempo de lectura estimado","twitter:data2":"3 minutos"},"aioseo_meta_data":{"post_id":"29952","title":null,"description":null,"keywords":null,"keyphrases":null,"primary_term":null,"canonical_url":null,"og_title":null,"og_description":null,"og_object_type":"default","og_image_type":"default","og_image_url":null,"og_image_width":null,"og_image_height":null,"og_image_custom_url":null,"og_image_custom_fields":null,"og_video":null,"og_custom_url":null,"og_article_section":null,"og_article_tags":null,"twitter_use_og":false,"twitter_card":"default","twitter_image_type":"default","twitter_image_url":null,"twitter_image_custom_url":null,"twitter_image_custom_fields":null,"twitter_title":null,"twitter_description":null,"schema":{"blockGraphs":[],"customGraphs":[],"default":{"data":{"Article":[],"Course":[],"Dataset":[],"FAQPage":[],"Movie":[],"Person":[],"Product":[],"ProductReview":[],"Car":[],"Recipe":[],"Service":[],"SoftwareApplication":[],"WebPage":[]},"graphName":"","isEnabled":true},"graphs":[],"defaultGraph":"","defaultPostTypeGraph":""},"schema_type":null,"schema_type_options":null,"pillar_content":false,"robots_default":true,"robots_noindex":false,"robots_noarchive":false,"robots_nosnippet":false,"robots_nofollow":false,"robots_noimageindex":false,"robots_noodp":false,"robots_notranslate":false,"robots_max_snippet":null,"robots_max_videopreview":null,"robots_max_imagepreview":"large","priority":null,"frequency":null,"location":null,"local_seo":null,"seo_analyzer_scan_date":"2025-08-24 11:53:27","breadcrumb_settings":null,"limit_modified_date":false,"reviewed_by":null,"open_ai":null,"ai":null,"created":"2020-12-21 12:56:30","updated":"2025-08-24 11:53:27"},"aioseo_breadcrumb":"<div class=\"aioseo-breadcrumbs\"><span class=\"aioseo-breadcrumb\">\n\t<a href=\"https:\/\/candas365.es\/noticias\" title=\"Home\">Home<\/a>\n<\/span><span class=\"aioseo-breadcrumb-separator\">&ndash;<\/span><span class=\"aioseo-breadcrumb\">\n\t<a href=\"https:\/\/candas365.es\/noticias\/category\/actualidad\/\" title=\"Actualidad\">Actualidad<\/a>\n<\/span><span class=\"aioseo-breadcrumb-separator\">&ndash;<\/span><span class=\"aioseo-breadcrumb\">\n\t\u00abAl sol de medianueche\u00bb de Luis Salas Ria\u00f1o\n<\/span><\/div>","aioseo_breadcrumb_json":[{"label":"Home","link":"https:\/\/candas365.es\/noticias"},{"label":"Actualidad","link":"https:\/\/candas365.es\/noticias\/category\/actualidad\/"},{"label":"\u00abAl sol de medianueche\u00bb de Luis Salas Ria\u00f1o","link":"https:\/\/candas365.es\/noticias\/al-sol-de-medianueche-de-luis-salas-riano\/"}],"_links":{"self":[{"href":"https:\/\/candas365.es\/noticias\/wp-json\/wp\/v2\/posts\/29952","targetHints":{"allow":["GET"]}}],"collection":[{"href":"https:\/\/candas365.es\/noticias\/wp-json\/wp\/v2\/posts"}],"about":[{"href":"https:\/\/candas365.es\/noticias\/wp-json\/wp\/v2\/types\/post"}],"author":[{"embeddable":true,"href":"https:\/\/candas365.es\/noticias\/wp-json\/wp\/v2\/users\/1"}],"replies":[{"embeddable":true,"href":"https:\/\/candas365.es\/noticias\/wp-json\/wp\/v2\/comments?post=29952"}],"version-history":[{"count":0,"href":"https:\/\/candas365.es\/noticias\/wp-json\/wp\/v2\/posts\/29952\/revisions"}],"wp:featuredmedia":[{"embeddable":true,"href":"https:\/\/candas365.es\/noticias\/wp-json\/wp\/v2\/media\/29953"}],"wp:attachment":[{"href":"https:\/\/candas365.es\/noticias\/wp-json\/wp\/v2\/media?parent=29952"}],"wp:term":[{"taxonomy":"category","embeddable":true,"href":"https:\/\/candas365.es\/noticias\/wp-json\/wp\/v2\/categories?post=29952"},{"taxonomy":"post_tag","embeddable":true,"href":"https:\/\/candas365.es\/noticias\/wp-json\/wp\/v2\/tags?post=29952"}],"curies":[{"name":"wp","href":"https:\/\/api.w.org\/{rel}","templated":true}]}}