{"id":29947,"date":"2016-06-10T10:20:16","date_gmt":"2016-06-10T08:50:16","guid":{"rendered":"http:\/\/candas365.es\/noticias\/?p=29947"},"modified":"2016-06-10T10:20:16","modified_gmt":"2016-06-10T08:50:16","slug":"las-tarifas-de-itv-de-madrid-las-mas-caras-de-espana-segun-facua","status":"publish","type":"post","link":"https:\/\/candas365.es\/noticias\/las-tarifas-de-itv-de-madrid-las-mas-caras-de-espana-segun-facua\/","title":{"rendered":"Las tarifas de ITV de Madrid, las m\u00e1s caras de Espa\u00f1a, seg\u00fan Facua"},"content":{"rendered":"<p><img fetchpriority=\"high\" decoding=\"async\" class=\"alignleft size-medium wp-image-11776\" src=\"https:\/\/candas365.es\/noticias\/wp-content\/uploads\/2015\/06\/carretera-360x198.jpg\" alt=\"carretera\" width=\"360\" height=\"198\" srcset=\"https:\/\/candas365.es\/noticias\/wp-content\/uploads\/2015\/06\/carretera-360x198.jpg 360w, https:\/\/candas365.es\/noticias\/wp-content\/uploads\/2015\/06\/carretera-650x357.jpg 650w, https:\/\/candas365.es\/noticias\/wp-content\/uploads\/2015\/06\/carretera-150x82.jpg 150w, https:\/\/candas365.es\/noticias\/wp-content\/uploads\/2015\/06\/carretera-450x247.jpg 450w, https:\/\/candas365.es\/noticias\/wp-content\/uploads\/2015\/06\/carretera.jpg 655w\" sizes=\"(max-width: 360px) 100vw, 360px\" \/>Las tarifas de Inspecci\u00f3n T\u00e9cnica de Veh\u00edculos (ITV) m\u00e1s caras de Espa\u00f1a son las de la Comunidad de Madrid, la \u00fanica que mantiene vigente desde 2011 su renuncia a la regulaci\u00f3n tarifaria, de acuerdo con un estudio de Facua.<\/p>\n<p>En el caso de esta Comunidad, para los veh\u00edculos di\u00e9sel la tarifa media alcanza los 52,61 euros, aunque en algunas ITV, como la de Coslada, el precio llega a superar los 55 euros para ese tipo de motores. Por detr\u00e1s de la de Madrid se sit\u00faan las de Comunidad Valenciana (51,6 euros para di\u00e9sel) y Murcia (49,79 euros para coches del mismo tipo de motor).<\/p>\n<p>La tarifa m\u00e1s baja es la de Navarra, donde se sit\u00faa en 29,4 euros para cualquier tipo de turismo, seguida por Menorca (30,55 euros para coches de gasolina) y La Rioja (31,25 euros tambi\u00e9n para gasolina). A todos los precios detallados hay que sumar la tasa de tr\u00e1fico fijada por el Ministerio del Interior, que este a\u00f1o se mantiene en 3,90 euros.<\/p>\n<p>Los datos recabados vigentes para este 2016 reflejan un a\u00f1o m\u00e1s importantes diferencias en los precios, que llegan a alcanzar el 79% en el precio para los turismos con motores di\u00e9sel, seg\u00fan Facua, cuyo estudio determina que en las motocicletas tambi\u00e9n hay disparidad de tarifas, con hasta un 166% de diferencia.<\/p>\n<p>El precio medio total de turismos di\u00e9sel y catalizados apenas ha variado respecto a 2015, ya que de 38,81 euros se ha pasado a 38,87 (+0,1%). Por motores, los de gasolina pasan de 35 euros a 35,08 euros (+0,23%) y los di\u00e9sel de 42,62 euros a 42,75 euros (+0,29%).<\/p>\n<p>Madrid tiene las tarifas m\u00e1s elevadas para turismos di\u00e9sel, 52,61 euros de media, seguido de Murcia (49,79 euros) y Valencia (48,64 euros). En el caso de coches a gasolina con catalizador, Cantabria tiene los precios m\u00e1s caros (42,8 euros), seguida de Pa\u00eds Vasco, con 42,48 euros, y Madrid, con 37,52 de media.<\/p>\n<p>La tarifa media m\u00e1s econ\u00f3mica combinando ambos veh\u00edculos de las diecisiete comunidades aut\u00f3nomas son los 29,4 euros que cobran en Navarra. Le siguen Extremadura con 32 euros y Asturias con 34 euros. En los tres casos, las tarifas no var\u00edan en funci\u00f3n del tipo de motor.<\/p>\n<p>En el caso de las motocicletas, la tarifa media de la ITV es de 20 euros, un 1% m\u00e1s que en 2015. Madrid tiene las tarifas m\u00e1s elevadas, con 33 euros de media, seguida de Extremadura, con 32 euros. Frente a las m\u00e1s caras, aparecen la aplicada de media en Murcia, 12,4 euros, y los 13,66 euros que cobra la Comunidad Valenciana como los precios m\u00e1s bajos.<\/p>\n<p>DIFERENTES TIPOS DE GESTI\u00d3N ENTRE COMUNIDADES.<\/p>\n<p>Las comunidades aut\u00f3nomas regulan en cada caso la tarifa que debe aplicarse o un precio m\u00e1ximo, por debajo del cual pueden competir los operadores p\u00fablicos y privados que operan en el sector. As\u00ed, hay comunidades donde la gesti\u00f3n es \u00edntegramente p\u00fablica (la Administraci\u00f3n se encarga de fijar los precios), en otras es privada y en otras mixta (puntos de inspecci\u00f3n p\u00fablicos y privados). Esta situaci\u00f3n provoca que los precios y las tasas sean diferentes en cada comunidad.<\/p>\n<p>La organizaci\u00f3n de consumidores reclama a la Administraci\u00f3n madrile\u00f1a que recupere las competencias en materia de ITV y vuelva a regular las tarifas, de manera que cada a\u00f1o se fijen precios m\u00e1ximos en el sector. En Madrid, se detectan zonas de poblaci\u00f3n con una alt\u00edsima concentraci\u00f3n de talleres frente a otras de menor densidad demogr\u00e1fica donde el punto de inspecci\u00f3n m\u00e1s cercano se encuentra a kil\u00f3metros de distancia, seg\u00fan denuncia Facua.<\/p>\n<p>Las comunidades que han bajado en mayor medida sus tarifas son Castilla-La Mancha (-2,60% de media), Extremadura (-1,30%) o Cantabria (-0,7), aunque Facua considera que las rebajas deber\u00edan ser mayores y generalizadas.<\/p>\n<p>La asociaci\u00f3n no comparte la liberalizaci\u00f3n de un servicio de asistencia que afecta a la seguridad de las personas y que debe tener reguladas las caracter\u00edsticas, la calidad y, por todo ello, un precio homog\u00e9neo para todos los usuarios del pa\u00eds.<\/p>\n<p>&nbsp;<\/p>\n","protected":false},"excerpt":{"rendered":"<p>Las tarifas de Inspecci\u00f3n T\u00e9cnica de Veh\u00edculos (ITV) m\u00e1s caras de Espa\u00f1a son las de la Comunidad de Madrid, la \u00fanica que mantiene vigente desde 2011 su renuncia a la regulaci\u00f3n tarifaria, de acuerdo con un estudio de Facua. En el caso de esta Comunidad, para los veh\u00edculos di\u00e9sel la tarifa media alcanza los 52,61<\/p>\n","protected":false},"author":1,"featured_media":11776,"comment_status":"closed","ping_status":"closed","sticky":false,"template":"","format":"standard","meta":{"footnotes":""},"categories":[343],"tags":[],"class_list":{"0":"post-29947","1":"post","2":"type-post","3":"status-publish","4":"format-standard","5":"has-post-thumbnail","7":"category-actualidad"},"aioseo_notices":[],"aioseo_head":"\n\t\t<!-- All in One SEO Pro 4.9.6.2 - aioseo.com -->\n\t<meta name=\"description\" content=\"Las tarifas de Inspecci\u00f3n T\u00e9cnica de Veh\u00edculos (ITV) m\u00e1s caras de Espa\u00f1a son las de la Comunidad de Madrid, la \u00fanica que mantiene vigente desde 2011 su renuncia a la regulaci\u00f3n tarifaria, de acuerdo con un estudio de Facua. En el caso de esta Comunidad, para los veh\u00edculos di\u00e9sel la tarifa media alcanza los 52,61\" \/>\n\t<meta name=\"robots\" content=\"max-image-preview:large\" \/>\n\t<meta name=\"author\" content=\"Cand\u00e1s 365\"\/>\n\t<meta name=\"google-site-verification\" content=\"UA-32230408-1\" \/>\n\t<meta name=\"msvalidate.01\" content=\"354F3CDFB2DA171B47FBE9ABF1F88D5\" \/>\n\t<meta name=\"keywords\" content=\"actualidad\" \/>\n\t<link rel=\"canonical\" href=\"https:\/\/candas365.es\/noticias\/las-tarifas-de-itv-de-madrid-las-mas-caras-de-espana-segun-facua\/\" \/>\n\t<meta name=\"generator\" content=\"All in One SEO Pro (AIOSEO) 4.9.6.2\" \/>\n\t\t<meta property=\"og:locale\" content=\"es_ES\" \/>\n\t\t<meta property=\"og:site_name\" content=\"Cand\u00e1s 365\" \/>\n\t\t<meta property=\"og:type\" content=\"article\" \/>\n\t\t<meta property=\"og:title\" content=\"Las tarifas de ITV de Madrid, las m\u00e1s caras de Espa\u00f1a, seg\u00fan Facua | Cand\u00e1s 365\" \/>\n\t\t<meta property=\"og:description\" content=\"Las tarifas de Inspecci\u00f3n T\u00e9cnica de Veh\u00edculos (ITV) m\u00e1s caras de Espa\u00f1a son las de la Comunidad de Madrid, la \u00fanica que mantiene vigente desde 2011 su renuncia a la regulaci\u00f3n tarifaria, de acuerdo con un estudio de Facua. En el caso de esta Comunidad, para los veh\u00edculos di\u00e9sel la tarifa media alcanza los 52,61\" \/>\n\t\t<meta property=\"og:url\" content=\"https:\/\/candas365.es\/noticias\/las-tarifas-de-itv-de-madrid-las-mas-caras-de-espana-segun-facua\/\" \/>\n\t\t<meta property=\"og:image\" content=\"https:\/\/candas365.es\/noticias\/wp-content\/uploads\/2015\/06\/carretera.jpg\" \/>\n\t\t<meta property=\"og:image:secure_url\" content=\"https:\/\/candas365.es\/noticias\/wp-content\/uploads\/2015\/06\/carretera.jpg\" \/>\n\t\t<meta property=\"og:image:width\" content=\"655\" \/>\n\t\t<meta property=\"og:image:height\" content=\"360\" \/>\n\t\t<meta property=\"article:published_time\" content=\"2016-06-10T08:50:16+00:00\" \/>\n\t\t<meta property=\"article:modified_time\" content=\"2016-06-10T08:50:16+00:00\" \/>\n\t\t<meta property=\"article:publisher\" content=\"https:\/\/www.facebook.com\/Nachofdezber\" \/>\n\t\t<meta property=\"article:author\" content=\"https:\/\/www.facebook.com\/carrenoactualidad\" \/>\n\t\t<meta name=\"twitter:card\" content=\"summary_large_image\" \/>\n\t\t<meta name=\"twitter:site\" content=\"@NabercoDigital\" \/>\n\t\t<meta name=\"twitter:title\" content=\"Las tarifas de ITV de Madrid, las m\u00e1s caras de Espa\u00f1a, seg\u00fan Facua | Cand\u00e1s 365\" \/>\n\t\t<meta name=\"twitter:description\" content=\"Las tarifas de Inspecci\u00f3n T\u00e9cnica de Veh\u00edculos (ITV) m\u00e1s caras de Espa\u00f1a son las de la Comunidad de Madrid, la \u00fanica que mantiene vigente desde 2011 su renuncia a la regulaci\u00f3n tarifaria, de acuerdo con un estudio de Facua. En el caso de esta Comunidad, para los veh\u00edculos di\u00e9sel la tarifa media alcanza los 52,61\" \/>\n\t\t<meta name=\"twitter:creator\" content=\"@nbasturias\" \/>\n\t\t<meta name=\"twitter:image\" content=\"https:\/\/candas365.es\/noticias\/wp-content\/uploads\/2015\/06\/carretera.jpg\" \/>\n\t\t<meta name=\"twitter:label1\" content=\"Escrito por\" \/>\n\t\t<meta name=\"twitter:data1\" content=\"Cand\u00e1s 365\" \/>\n\t\t<meta name=\"twitter:label2\" content=\"Tiempo de lectura estimado\" \/>\n\t\t<meta name=\"twitter:data2\" content=\"3 minutos\" \/>\n\t\t<script type=\"application\/ld+json\" class=\"aioseo-schema\">\n\t\t\t{\"@context\":\"https:\\\/\\\/schema.org\",\"@graph\":[{\"@type\":\"BreadcrumbList\",\"@id\":\"https:\\\/\\\/candas365.es\\\/noticias\\\/las-tarifas-de-itv-de-madrid-las-mas-caras-de-espana-segun-facua\\\/#breadcrumblist\",\"itemListElement\":[{\"@type\":\"ListItem\",\"@id\":\"https:\\\/\\\/candas365.es\\\/noticias#listItem\",\"position\":1,\"name\":\"Home\",\"item\":\"https:\\\/\\\/candas365.es\\\/noticias\",\"nextItem\":{\"@type\":\"ListItem\",\"@id\":\"https:\\\/\\\/candas365.es\\\/noticias\\\/category\\\/actualidad\\\/#listItem\",\"name\":\"Actualidad\"}},{\"@type\":\"ListItem\",\"@id\":\"https:\\\/\\\/candas365.es\\\/noticias\\\/category\\\/actualidad\\\/#listItem\",\"position\":2,\"name\":\"Actualidad\",\"item\":\"https:\\\/\\\/candas365.es\\\/noticias\\\/category\\\/actualidad\\\/\",\"nextItem\":{\"@type\":\"ListItem\",\"@id\":\"https:\\\/\\\/candas365.es\\\/noticias\\\/las-tarifas-de-itv-de-madrid-las-mas-caras-de-espana-segun-facua\\\/#listItem\",\"name\":\"Las tarifas de ITV de Madrid, las m\\u00e1s caras de Espa\\u00f1a, seg\\u00fan Facua\"},\"previousItem\":{\"@type\":\"ListItem\",\"@id\":\"https:\\\/\\\/candas365.es\\\/noticias#listItem\",\"name\":\"Home\"}},{\"@type\":\"ListItem\",\"@id\":\"https:\\\/\\\/candas365.es\\\/noticias\\\/las-tarifas-de-itv-de-madrid-las-mas-caras-de-espana-segun-facua\\\/#listItem\",\"position\":3,\"name\":\"Las tarifas de ITV de Madrid, las m\\u00e1s caras de Espa\\u00f1a, seg\\u00fan Facua\",\"previousItem\":{\"@type\":\"ListItem\",\"@id\":\"https:\\\/\\\/candas365.es\\\/noticias\\\/category\\\/actualidad\\\/#listItem\",\"name\":\"Actualidad\"}}]},{\"@type\":\"NewsArticle\",\"@id\":\"https:\\\/\\\/candas365.es\\\/noticias\\\/las-tarifas-de-itv-de-madrid-las-mas-caras-de-espana-segun-facua\\\/#newsarticle\",\"name\":\"Las tarifas de ITV de Madrid, las m\\u00e1s caras de Espa\\u00f1a, seg\\u00fan Facua | Cand\\u00e1s 365\",\"headline\":\"Las tarifas de ITV de Madrid, las m\\u00e1s caras de Espa\\u00f1a, seg\\u00fan Facua\",\"author\":{\"@id\":\"https:\\\/\\\/candas365.es\\\/noticias\\\/author\\\/admin\\\/#author\"},\"publisher\":{\"@id\":\"https:\\\/\\\/candas365.es\\\/noticias\\\/#organization\"},\"image\":{\"@type\":\"ImageObject\",\"url\":\"https:\\\/\\\/candas365.es\\\/noticias\\\/wp-content\\\/uploads\\\/2015\\\/06\\\/carretera.jpg\",\"width\":655,\"height\":360},\"datePublished\":\"2016-06-10T10:20:16+02:00\",\"dateModified\":\"2016-06-10T10:20:16+02:00\",\"inLanguage\":\"es-ES\",\"mainEntityOfPage\":{\"@id\":\"https:\\\/\\\/candas365.es\\\/noticias\\\/las-tarifas-de-itv-de-madrid-las-mas-caras-de-espana-segun-facua\\\/#webpage\"},\"isPartOf\":{\"@id\":\"https:\\\/\\\/candas365.es\\\/noticias\\\/las-tarifas-de-itv-de-madrid-las-mas-caras-de-espana-segun-facua\\\/#webpage\"},\"articleSection\":\"Actualidad\",\"dateline\":\"Publicado el junio 10, 2016.\"},{\"@type\":\"Organization\",\"@id\":\"https:\\\/\\\/candas365.es\\\/noticias\\\/#organization\",\"name\":\"Cand\\u00e1s 365\",\"description\":\"Cand\\u00e1s 365 es un diario digital independiente, fundado en 2012, con base en Asturias. Informamos con rigor sobre actualidad, sociedad, cultura y ocio, con una mirada local y global.\",\"url\":\"https:\\\/\\\/candas365.es\\\/noticias\\\/\",\"email\":\"info@candas365.es\",\"telephone\":\"+34652131393\",\"foundingDate\":\"2012-06-10\",\"logo\":{\"@type\":\"ImageObject\",\"url\":\"https:\\\/\\\/candas365.es\\\/noticias\\\/wp-content\\\/uploads\\\/2024\\\/09\\\/Candas-365-Redes.jpg\",\"@id\":\"https:\\\/\\\/candas365.es\\\/noticias\\\/las-tarifas-de-itv-de-madrid-las-mas-caras-de-espana-segun-facua\\\/#organizationLogo\",\"width\":1152,\"height\":864,\"caption\":\"Cand\\u00e1s 365 Redes\"},\"image\":{\"@id\":\"https:\\\/\\\/candas365.es\\\/noticias\\\/las-tarifas-de-itv-de-madrid-las-mas-caras-de-espana-segun-facua\\\/#organizationLogo\"},\"sameAs\":[\"https:\\\/\\\/www.facebook.com\\\/Nachofdezber\",\"https:\\\/\\\/x.com\\\/NabercoDigital\",\"https:\\\/\\\/www.instagram.com\\\/nachofdezber\\\/\",\"https:\\\/\\\/www.youtube.com\\\/channel\\\/UCZP-2wLEB9Rv6erhFmqVnvg\"],\"address\":{\"@id\":\"https:\\\/\\\/candas365.es\\\/noticias\\\/#postaladdress\",\"@type\":\"PostalAddress\",\"streetAddress\":\"san antonio 4, san antonio 4\",\"postalCode\":\"33430\",\"addressLocality\":\"Cand\\u00e1s\",\"addressRegion\":\"Asturias\",\"addressCountry\":\"ES\"}},{\"@type\":\"Person\",\"@id\":\"https:\\\/\\\/candas365.es\\\/noticias\\\/author\\\/admin\\\/#author\",\"url\":\"https:\\\/\\\/candas365.es\\\/noticias\\\/author\\\/admin\\\/\",\"name\":\"Cand\\u00e1s 365\",\"image\":{\"@type\":\"ImageObject\",\"@id\":\"https:\\\/\\\/candas365.es\\\/noticias\\\/las-tarifas-de-itv-de-madrid-las-mas-caras-de-espana-segun-facua\\\/#authorImage\",\"url\":\"https:\\\/\\\/secure.gravatar.com\\\/avatar\\\/496a8e03d0c493ede1718b7934145dbdf8d89be1036b0eec9544e1094c9de390?s=96&d=mm&r=g\",\"width\":96,\"height\":96,\"caption\":\"Cand\\u00e1s 365\"},\"sameAs\":[\"https:\\\/\\\/www.facebook.com\\\/carrenoactualidad\",\"https:\\\/\\\/twitter.com\\\/nbasturias\",\"https:\\\/\\\/www.instagram.com\\\/nachofdezber\\\/\",\"https:\\\/\\\/www.youtube.com\\\/channel\\\/UCZP-2wLEB9Rv6erhFmqVnvg\"]},{\"@type\":\"WebPage\",\"@id\":\"https:\\\/\\\/candas365.es\\\/noticias\\\/las-tarifas-de-itv-de-madrid-las-mas-caras-de-espana-segun-facua\\\/#webpage\",\"url\":\"https:\\\/\\\/candas365.es\\\/noticias\\\/las-tarifas-de-itv-de-madrid-las-mas-caras-de-espana-segun-facua\\\/\",\"name\":\"Las tarifas de ITV de Madrid, las m\\u00e1s caras de Espa\\u00f1a, seg\\u00fan Facua | Cand\\u00e1s 365\",\"description\":\"Las tarifas de Inspecci\\u00f3n T\\u00e9cnica de Veh\\u00edculos (ITV) m\\u00e1s caras de Espa\\u00f1a son las de la Comunidad de Madrid, la \\u00fanica que mantiene vigente desde 2011 su renuncia a la regulaci\\u00f3n tarifaria, de acuerdo con un estudio de Facua. En el caso de esta Comunidad, para los veh\\u00edculos di\\u00e9sel la tarifa media alcanza los 52,61\",\"inLanguage\":\"es-ES\",\"isPartOf\":{\"@id\":\"https:\\\/\\\/candas365.es\\\/noticias\\\/#website\"},\"breadcrumb\":{\"@id\":\"https:\\\/\\\/candas365.es\\\/noticias\\\/las-tarifas-de-itv-de-madrid-las-mas-caras-de-espana-segun-facua\\\/#breadcrumblist\"},\"author\":{\"@id\":\"https:\\\/\\\/candas365.es\\\/noticias\\\/author\\\/admin\\\/#author\"},\"creator\":{\"@id\":\"https:\\\/\\\/candas365.es\\\/noticias\\\/author\\\/admin\\\/#author\"},\"image\":{\"@type\":\"ImageObject\",\"url\":\"https:\\\/\\\/candas365.es\\\/noticias\\\/wp-content\\\/uploads\\\/2015\\\/06\\\/carretera.jpg\",\"@id\":\"https:\\\/\\\/candas365.es\\\/noticias\\\/las-tarifas-de-itv-de-madrid-las-mas-caras-de-espana-segun-facua\\\/#mainImage\",\"width\":655,\"height\":360},\"primaryImageOfPage\":{\"@id\":\"https:\\\/\\\/candas365.es\\\/noticias\\\/las-tarifas-de-itv-de-madrid-las-mas-caras-de-espana-segun-facua\\\/#mainImage\"},\"datePublished\":\"2016-06-10T10:20:16+02:00\",\"dateModified\":\"2016-06-10T10:20:16+02:00\"},{\"@type\":\"WebSite\",\"@id\":\"https:\\\/\\\/candas365.es\\\/noticias\\\/#website\",\"url\":\"https:\\\/\\\/candas365.es\\\/noticias\\\/\",\"name\":\"Cand\\u00e1s 365\",\"alternateName\":\"Cand\\u00e1s 365 Noticias\",\"description\":\"Actualidad desde Carre\\u00f1o para el mundo\",\"inLanguage\":\"es-ES\",\"publisher\":{\"@id\":\"https:\\\/\\\/candas365.es\\\/noticias\\\/#organization\"}}]}\n\t\t<\/script>\n\t\t<!-- All in One SEO Pro -->\r\n\t\t<title>Las tarifas de ITV de Madrid, las m\u00e1s caras de Espa\u00f1a, seg\u00fan Facua | Cand\u00e1s 365<\/title>\n\n","aioseo_head_json":{"title":"Las tarifas de ITV de Madrid, las m\u00e1s caras de Espa\u00f1a, seg\u00fan Facua | Cand\u00e1s 365","description":"Las tarifas de Inspecci\u00f3n T\u00e9cnica de Veh\u00edculos (ITV) m\u00e1s caras de Espa\u00f1a son las de la Comunidad de Madrid, la \u00fanica que mantiene vigente desde 2011 su renuncia a la regulaci\u00f3n tarifaria, de acuerdo con un estudio de Facua. En el caso de esta Comunidad, para los veh\u00edculos di\u00e9sel la tarifa media alcanza los 52,61","canonical_url":"https:\/\/candas365.es\/noticias\/las-tarifas-de-itv-de-madrid-las-mas-caras-de-espana-segun-facua\/","robots":"max-image-preview:large","keywords":"actualidad","webmasterTools":{"google-site-verification":"UA-32230408-1","msvalidate.01":"354F3CDFB2DA171B47FBE9ABF1F88D5","miscellaneous":""},"schema":{"@context":"https:\/\/schema.org","@graph":[{"@type":"BreadcrumbList","@id":"https:\/\/candas365.es\/noticias\/las-tarifas-de-itv-de-madrid-las-mas-caras-de-espana-segun-facua\/#breadcrumblist","itemListElement":[{"@type":"ListItem","@id":"https:\/\/candas365.es\/noticias#listItem","position":1,"name":"Home","item":"https:\/\/candas365.es\/noticias","nextItem":{"@type":"ListItem","@id":"https:\/\/candas365.es\/noticias\/category\/actualidad\/#listItem","name":"Actualidad"}},{"@type":"ListItem","@id":"https:\/\/candas365.es\/noticias\/category\/actualidad\/#listItem","position":2,"name":"Actualidad","item":"https:\/\/candas365.es\/noticias\/category\/actualidad\/","nextItem":{"@type":"ListItem","@id":"https:\/\/candas365.es\/noticias\/las-tarifas-de-itv-de-madrid-las-mas-caras-de-espana-segun-facua\/#listItem","name":"Las tarifas de ITV de Madrid, las m\u00e1s caras de Espa\u00f1a, seg\u00fan Facua"},"previousItem":{"@type":"ListItem","@id":"https:\/\/candas365.es\/noticias#listItem","name":"Home"}},{"@type":"ListItem","@id":"https:\/\/candas365.es\/noticias\/las-tarifas-de-itv-de-madrid-las-mas-caras-de-espana-segun-facua\/#listItem","position":3,"name":"Las tarifas de ITV de Madrid, las m\u00e1s caras de Espa\u00f1a, seg\u00fan Facua","previousItem":{"@type":"ListItem","@id":"https:\/\/candas365.es\/noticias\/category\/actualidad\/#listItem","name":"Actualidad"}}]},{"@type":"NewsArticle","@id":"https:\/\/candas365.es\/noticias\/las-tarifas-de-itv-de-madrid-las-mas-caras-de-espana-segun-facua\/#newsarticle","name":"Las tarifas de ITV de Madrid, las m\u00e1s caras de Espa\u00f1a, seg\u00fan Facua | Cand\u00e1s 365","headline":"Las tarifas de ITV de Madrid, las m\u00e1s caras de Espa\u00f1a, seg\u00fan Facua","author":{"@id":"https:\/\/candas365.es\/noticias\/author\/admin\/#author"},"publisher":{"@id":"https:\/\/candas365.es\/noticias\/#organization"},"image":{"@type":"ImageObject","url":"https:\/\/candas365.es\/noticias\/wp-content\/uploads\/2015\/06\/carretera.jpg","width":655,"height":360},"datePublished":"2016-06-10T10:20:16+02:00","dateModified":"2016-06-10T10:20:16+02:00","inLanguage":"es-ES","mainEntityOfPage":{"@id":"https:\/\/candas365.es\/noticias\/las-tarifas-de-itv-de-madrid-las-mas-caras-de-espana-segun-facua\/#webpage"},"isPartOf":{"@id":"https:\/\/candas365.es\/noticias\/las-tarifas-de-itv-de-madrid-las-mas-caras-de-espana-segun-facua\/#webpage"},"articleSection":"Actualidad","dateline":"Publicado el junio 10, 2016."},{"@type":"Organization","@id":"https:\/\/candas365.es\/noticias\/#organization","name":"Cand\u00e1s 365","description":"Cand\u00e1s 365 es un diario digital independiente, fundado en 2012, con base en Asturias. Informamos con rigor sobre actualidad, sociedad, cultura y ocio, con una mirada local y global.","url":"https:\/\/candas365.es\/noticias\/","email":"info@candas365.es","telephone":"+34652131393","foundingDate":"2012-06-10","logo":{"@type":"ImageObject","url":"https:\/\/candas365.es\/noticias\/wp-content\/uploads\/2024\/09\/Candas-365-Redes.jpg","@id":"https:\/\/candas365.es\/noticias\/las-tarifas-de-itv-de-madrid-las-mas-caras-de-espana-segun-facua\/#organizationLogo","width":1152,"height":864,"caption":"Cand\u00e1s 365 Redes"},"image":{"@id":"https:\/\/candas365.es\/noticias\/las-tarifas-de-itv-de-madrid-las-mas-caras-de-espana-segun-facua\/#organizationLogo"},"sameAs":["https:\/\/www.facebook.com\/Nachofdezber","https:\/\/x.com\/NabercoDigital","https:\/\/www.instagram.com\/nachofdezber\/","https:\/\/www.youtube.com\/channel\/UCZP-2wLEB9Rv6erhFmqVnvg"],"address":{"@id":"https:\/\/candas365.es\/noticias\/#postaladdress","@type":"PostalAddress","streetAddress":"san antonio 4, san antonio 4","postalCode":"33430","addressLocality":"Cand\u00e1s","addressRegion":"Asturias","addressCountry":"ES"}},{"@type":"Person","@id":"https:\/\/candas365.es\/noticias\/author\/admin\/#author","url":"https:\/\/candas365.es\/noticias\/author\/admin\/","name":"Cand\u00e1s 365","image":{"@type":"ImageObject","@id":"https:\/\/candas365.es\/noticias\/las-tarifas-de-itv-de-madrid-las-mas-caras-de-espana-segun-facua\/#authorImage","url":"https:\/\/secure.gravatar.com\/avatar\/496a8e03d0c493ede1718b7934145dbdf8d89be1036b0eec9544e1094c9de390?s=96&d=mm&r=g","width":96,"height":96,"caption":"Cand\u00e1s 365"},"sameAs":["https:\/\/www.facebook.com\/carrenoactualidad","https:\/\/twitter.com\/nbasturias","https:\/\/www.instagram.com\/nachofdezber\/","https:\/\/www.youtube.com\/channel\/UCZP-2wLEB9Rv6erhFmqVnvg"]},{"@type":"WebPage","@id":"https:\/\/candas365.es\/noticias\/las-tarifas-de-itv-de-madrid-las-mas-caras-de-espana-segun-facua\/#webpage","url":"https:\/\/candas365.es\/noticias\/las-tarifas-de-itv-de-madrid-las-mas-caras-de-espana-segun-facua\/","name":"Las tarifas de ITV de Madrid, las m\u00e1s caras de Espa\u00f1a, seg\u00fan Facua | Cand\u00e1s 365","description":"Las tarifas de Inspecci\u00f3n T\u00e9cnica de Veh\u00edculos (ITV) m\u00e1s caras de Espa\u00f1a son las de la Comunidad de Madrid, la \u00fanica que mantiene vigente desde 2011 su renuncia a la regulaci\u00f3n tarifaria, de acuerdo con un estudio de Facua. En el caso de esta Comunidad, para los veh\u00edculos di\u00e9sel la tarifa media alcanza los 52,61","inLanguage":"es-ES","isPartOf":{"@id":"https:\/\/candas365.es\/noticias\/#website"},"breadcrumb":{"@id":"https:\/\/candas365.es\/noticias\/las-tarifas-de-itv-de-madrid-las-mas-caras-de-espana-segun-facua\/#breadcrumblist"},"author":{"@id":"https:\/\/candas365.es\/noticias\/author\/admin\/#author"},"creator":{"@id":"https:\/\/candas365.es\/noticias\/author\/admin\/#author"},"image":{"@type":"ImageObject","url":"https:\/\/candas365.es\/noticias\/wp-content\/uploads\/2015\/06\/carretera.jpg","@id":"https:\/\/candas365.es\/noticias\/las-tarifas-de-itv-de-madrid-las-mas-caras-de-espana-segun-facua\/#mainImage","width":655,"height":360},"primaryImageOfPage":{"@id":"https:\/\/candas365.es\/noticias\/las-tarifas-de-itv-de-madrid-las-mas-caras-de-espana-segun-facua\/#mainImage"},"datePublished":"2016-06-10T10:20:16+02:00","dateModified":"2016-06-10T10:20:16+02:00"},{"@type":"WebSite","@id":"https:\/\/candas365.es\/noticias\/#website","url":"https:\/\/candas365.es\/noticias\/","name":"Cand\u00e1s 365","alternateName":"Cand\u00e1s 365 Noticias","description":"Actualidad desde Carre\u00f1o para el mundo","inLanguage":"es-ES","publisher":{"@id":"https:\/\/candas365.es\/noticias\/#organization"}}]},"og:locale":"es_ES","og:site_name":"Cand\u00e1s 365","og:type":"article","og:title":"Las tarifas de ITV de Madrid, las m\u00e1s caras de Espa\u00f1a, seg\u00fan Facua | Cand\u00e1s 365","og:description":"Las tarifas de Inspecci\u00f3n T\u00e9cnica de Veh\u00edculos (ITV) m\u00e1s caras de Espa\u00f1a son las de la Comunidad de Madrid, la \u00fanica que mantiene vigente desde 2011 su renuncia a la regulaci\u00f3n tarifaria, de acuerdo con un estudio de Facua. En el caso de esta Comunidad, para los veh\u00edculos di\u00e9sel la tarifa media alcanza los 52,61","og:url":"https:\/\/candas365.es\/noticias\/las-tarifas-de-itv-de-madrid-las-mas-caras-de-espana-segun-facua\/","og:image":"https:\/\/candas365.es\/noticias\/wp-content\/uploads\/2015\/06\/carretera.jpg","og:image:secure_url":"https:\/\/candas365.es\/noticias\/wp-content\/uploads\/2015\/06\/carretera.jpg","og:image:width":655,"og:image:height":360,"article:published_time":"2016-06-10T08:50:16+00:00","article:modified_time":"2016-06-10T08:50:16+00:00","article:publisher":"https:\/\/www.facebook.com\/Nachofdezber","article:author":"https:\/\/www.facebook.com\/carrenoactualidad","twitter:card":"summary_large_image","twitter:site":"@NabercoDigital","twitter:title":"Las tarifas de ITV de Madrid, las m\u00e1s caras de Espa\u00f1a, seg\u00fan Facua | Cand\u00e1s 365","twitter:description":"Las tarifas de Inspecci\u00f3n T\u00e9cnica de Veh\u00edculos (ITV) m\u00e1s caras de Espa\u00f1a son las de la Comunidad de Madrid, la \u00fanica que mantiene vigente desde 2011 su renuncia a la regulaci\u00f3n tarifaria, de acuerdo con un estudio de Facua. En el caso de esta Comunidad, para los veh\u00edculos di\u00e9sel la tarifa media alcanza los 52,61","twitter:creator":"@nbasturias","twitter:image":"https:\/\/candas365.es\/noticias\/wp-content\/uploads\/2015\/06\/carretera.jpg","twitter:label1":"Escrito por","twitter:data1":"Cand\u00e1s 365","twitter:label2":"Tiempo de lectura estimado","twitter:data2":"3 minutos"},"aioseo_meta_data":{"post_id":"29947","title":null,"description":null,"keywords":null,"keyphrases":null,"primary_term":null,"canonical_url":null,"og_title":null,"og_description":null,"og_object_type":"default","og_image_type":"default","og_image_url":null,"og_image_width":null,"og_image_height":null,"og_image_custom_url":null,"og_image_custom_fields":null,"og_video":null,"og_custom_url":null,"og_article_section":null,"og_article_tags":null,"twitter_use_og":false,"twitter_card":"default","twitter_image_type":"default","twitter_image_url":null,"twitter_image_custom_url":null,"twitter_image_custom_fields":null,"twitter_title":null,"twitter_description":null,"schema":{"blockGraphs":[],"customGraphs":[],"default":{"data":{"Article":[],"Course":[],"Dataset":[],"FAQPage":[],"Movie":[],"Person":[],"Product":[],"ProductReview":[],"Car":[],"Recipe":[],"Service":[],"SoftwareApplication":[],"WebPage":[]},"graphName":"","isEnabled":true},"graphs":[],"defaultGraph":"","defaultPostTypeGraph":""},"schema_type":null,"schema_type_options":null,"pillar_content":false,"robots_default":true,"robots_noindex":false,"robots_noarchive":false,"robots_nosnippet":false,"robots_nofollow":false,"robots_noimageindex":false,"robots_noodp":false,"robots_notranslate":false,"robots_max_snippet":null,"robots_max_videopreview":null,"robots_max_imagepreview":"large","priority":null,"frequency":null,"location":null,"local_seo":null,"seo_analyzer_scan_date":"2025-08-24 11:53:18","breadcrumb_settings":null,"limit_modified_date":false,"reviewed_by":null,"open_ai":null,"ai":null,"created":"2020-12-21 12:56:30","updated":"2025-08-24 11:53:18"},"aioseo_breadcrumb":"<div class=\"aioseo-breadcrumbs\"><span class=\"aioseo-breadcrumb\">\n\t<a href=\"https:\/\/candas365.es\/noticias\" title=\"Home\">Home<\/a>\n<\/span><span class=\"aioseo-breadcrumb-separator\">&ndash;<\/span><span class=\"aioseo-breadcrumb\">\n\t<a href=\"https:\/\/candas365.es\/noticias\/category\/actualidad\/\" title=\"Actualidad\">Actualidad<\/a>\n<\/span><span class=\"aioseo-breadcrumb-separator\">&ndash;<\/span><span class=\"aioseo-breadcrumb\">\n\tLas tarifas de ITV de Madrid, las m\u00e1s caras de Espa\u00f1a, seg\u00fan Facua\n<\/span><\/div>","aioseo_breadcrumb_json":[{"label":"Home","link":"https:\/\/candas365.es\/noticias"},{"label":"Actualidad","link":"https:\/\/candas365.es\/noticias\/category\/actualidad\/"},{"label":"Las tarifas de ITV de Madrid, las m\u00e1s caras de Espa\u00f1a, seg\u00fan Facua","link":"https:\/\/candas365.es\/noticias\/las-tarifas-de-itv-de-madrid-las-mas-caras-de-espana-segun-facua\/"}],"_links":{"self":[{"href":"https:\/\/candas365.es\/noticias\/wp-json\/wp\/v2\/posts\/29947","targetHints":{"allow":["GET"]}}],"collection":[{"href":"https:\/\/candas365.es\/noticias\/wp-json\/wp\/v2\/posts"}],"about":[{"href":"https:\/\/candas365.es\/noticias\/wp-json\/wp\/v2\/types\/post"}],"author":[{"embeddable":true,"href":"https:\/\/candas365.es\/noticias\/wp-json\/wp\/v2\/users\/1"}],"replies":[{"embeddable":true,"href":"https:\/\/candas365.es\/noticias\/wp-json\/wp\/v2\/comments?post=29947"}],"version-history":[{"count":0,"href":"https:\/\/candas365.es\/noticias\/wp-json\/wp\/v2\/posts\/29947\/revisions"}],"wp:featuredmedia":[{"embeddable":true,"href":"https:\/\/candas365.es\/noticias\/wp-json\/wp\/v2\/media\/11776"}],"wp:attachment":[{"href":"https:\/\/candas365.es\/noticias\/wp-json\/wp\/v2\/media?parent=29947"}],"wp:term":[{"taxonomy":"category","embeddable":true,"href":"https:\/\/candas365.es\/noticias\/wp-json\/wp\/v2\/categories?post=29947"},{"taxonomy":"post_tag","embeddable":true,"href":"https:\/\/candas365.es\/noticias\/wp-json\/wp\/v2\/tags?post=29947"}],"curies":[{"name":"wp","href":"https:\/\/api.w.org\/{rel}","templated":true}]}}