{"id":29943,"date":"2016-06-10T10:17:57","date_gmt":"2016-06-10T08:47:57","guid":{"rendered":"http:\/\/candas365.es\/noticias\/?p=29943"},"modified":"2016-06-10T10:17:57","modified_gmt":"2016-06-10T08:47:57","slug":"mayoria-de-alemanes-cree-que-su-seleccion-ganara-la-eurocopa","status":"publish","type":"post","link":"https:\/\/candas365.es\/noticias\/mayoria-de-alemanes-cree-que-su-seleccion-ganara-la-eurocopa\/","title":{"rendered":"Mayor\u00eda de alemanes cree que su selecci\u00f3n ganar\u00e1 la Eurocopa"},"content":{"rendered":"<p>Berl\u00edn, 9 jun (dpa) &#8211; M\u00e1s de la mitad de los seguidores alemanes de la selecci\u00f3n alemana de f\u00fatbol (51 por ciento) cree que su equipo ganar\u00e1 la Eurocopa, que se disputar\u00e1 en Francia del 10 de junio al 10 de julio, seg\u00fan un sondeo publicado hoy.<\/p>\n<p>S\u00f3lo un 13 por ciento cree que la anfitriona se alzar\u00e1 con el preciado trofeo y un 12 por ciento se\u00f1al\u00f3 que Espa\u00f1a revalidar\u00e1 su t\u00edtulo como campeona de Europa, de acuerdo con la encuesta elaborada por el instituto de demoscopia Yougov a petici\u00f3n de dpa.<\/p>\n<p>Asimismo, la mayor\u00eda de los fans alemanes ve correcta la decisi\u00f3n del seleccionador, Joachim L\u00f6w, de convocar a Bastian Schweinsteiger, que estuvo los \u00faltimos meses sin jugar debido a una lesi\u00f3n de rodilla.<\/p>\n<p>En concreto, un 62 por ciento de los encuestados apoyan la participaci\u00f3n del capit\u00e1n de la selecci\u00f3n alemana, aunque al inicio del torneo no est\u00e9 al cien por ciento. Por el contrario, un 22 por ciento cree que es un error y un 17 por ciento se abstuvo.<\/p>\n<p>La campeona del mundo disputar\u00e1 su primer encuentro en la Eurocopa el domingo ante la selecci\u00f3n de Ucrania dentro del grupo C, que lo completan Irlanda del Norte y Polonia.<\/p>\n","protected":false},"excerpt":{"rendered":"<p>Berl\u00edn, 9 jun (dpa) &#8211; M\u00e1s de la mitad de los seguidores alemanes de la selecci\u00f3n alemana de f\u00fatbol (51 por ciento) cree que su equipo ganar\u00e1 la Eurocopa, que se disputar\u00e1 en Francia del 10 de junio al 10 de julio, seg\u00fan un sondeo publicado hoy. S\u00f3lo un 13 por ciento cree que la<\/p>\n","protected":false},"author":1,"featured_media":29884,"comment_status":"closed","ping_status":"closed","sticky":false,"template":"","format":"standard","meta":{"footnotes":""},"categories":[343],"tags":[],"class_list":{"0":"post-29943","1":"post","2":"type-post","3":"status-publish","4":"format-standard","5":"has-post-thumbnail","7":"category-actualidad"},"aioseo_notices":[],"aioseo_head":"\n\t\t<!-- All in One SEO Pro 4.9.6.2 - aioseo.com -->\n\t<meta name=\"description\" content=\"Berl\u00edn, 9 jun (dpa) - M\u00e1s de la mitad de los seguidores alemanes de la selecci\u00f3n alemana de f\u00fatbol (51 por ciento) cree que su equipo ganar\u00e1 la Eurocopa, que se disputar\u00e1 en Francia del 10 de junio al 10 de julio, seg\u00fan un sondeo publicado hoy. S\u00f3lo un 13 por ciento cree que la\" \/>\n\t<meta name=\"robots\" content=\"max-image-preview:large\" \/>\n\t<meta name=\"author\" content=\"Cand\u00e1s 365\"\/>\n\t<meta name=\"google-site-verification\" content=\"UA-32230408-1\" \/>\n\t<meta name=\"msvalidate.01\" content=\"354F3CDFB2DA171B47FBE9ABF1F88D5\" \/>\n\t<meta name=\"keywords\" content=\"actualidad\" \/>\n\t<link rel=\"canonical\" href=\"https:\/\/candas365.es\/noticias\/mayoria-de-alemanes-cree-que-su-seleccion-ganara-la-eurocopa\/\" \/>\n\t<meta name=\"generator\" content=\"All in One SEO Pro (AIOSEO) 4.9.6.2\" \/>\n\t\t<meta property=\"og:locale\" content=\"es_ES\" \/>\n\t\t<meta property=\"og:site_name\" content=\"Cand\u00e1s 365\" \/>\n\t\t<meta property=\"og:type\" content=\"article\" \/>\n\t\t<meta property=\"og:title\" content=\"Mayor\u00eda de alemanes cree que su selecci\u00f3n ganar\u00e1 la Eurocopa | Cand\u00e1s 365\" \/>\n\t\t<meta property=\"og:description\" content=\"Berl\u00edn, 9 jun (dpa) - M\u00e1s de la mitad de los seguidores alemanes de la selecci\u00f3n alemana de f\u00fatbol (51 por ciento) cree que su equipo ganar\u00e1 la Eurocopa, que se disputar\u00e1 en Francia del 10 de junio al 10 de julio, seg\u00fan un sondeo publicado hoy. S\u00f3lo un 13 por ciento cree que la\" \/>\n\t\t<meta property=\"og:url\" content=\"https:\/\/candas365.es\/noticias\/mayoria-de-alemanes-cree-que-su-seleccion-ganara-la-eurocopa\/\" \/>\n\t\t<meta property=\"og:image\" content=\"https:\/\/candas365.es\/noticias\/wp-content\/uploads\/2016\/06\/euro2016.jpg\" \/>\n\t\t<meta property=\"og:image:secure_url\" content=\"https:\/\/candas365.es\/noticias\/wp-content\/uploads\/2016\/06\/euro2016.jpg\" \/>\n\t\t<meta property=\"og:image:width\" content=\"800\" \/>\n\t\t<meta property=\"og:image:height\" content=\"478\" \/>\n\t\t<meta property=\"article:published_time\" content=\"2016-06-10T08:47:57+00:00\" \/>\n\t\t<meta property=\"article:modified_time\" content=\"2016-06-10T08:47:57+00:00\" \/>\n\t\t<meta property=\"article:publisher\" content=\"https:\/\/www.facebook.com\/Nachofdezber\" \/>\n\t\t<meta property=\"article:author\" content=\"https:\/\/www.facebook.com\/carrenoactualidad\" \/>\n\t\t<meta name=\"twitter:card\" content=\"summary_large_image\" \/>\n\t\t<meta name=\"twitter:site\" content=\"@NabercoDigital\" \/>\n\t\t<meta name=\"twitter:title\" content=\"Mayor\u00eda de alemanes cree que su selecci\u00f3n ganar\u00e1 la Eurocopa | Cand\u00e1s 365\" \/>\n\t\t<meta name=\"twitter:description\" content=\"Berl\u00edn, 9 jun (dpa) - M\u00e1s de la mitad de los seguidores alemanes de la selecci\u00f3n alemana de f\u00fatbol (51 por ciento) cree que su equipo ganar\u00e1 la Eurocopa, que se disputar\u00e1 en Francia del 10 de junio al 10 de julio, seg\u00fan un sondeo publicado hoy. S\u00f3lo un 13 por ciento cree que la\" \/>\n\t\t<meta name=\"twitter:creator\" content=\"@nbasturias\" \/>\n\t\t<meta name=\"twitter:image\" content=\"https:\/\/candas365.es\/noticias\/wp-content\/uploads\/2016\/06\/euro2016.jpg\" \/>\n\t\t<meta name=\"twitter:label1\" content=\"Escrito por\" \/>\n\t\t<meta name=\"twitter:data1\" content=\"Cand\u00e1s 365\" \/>\n\t\t<meta name=\"twitter:label2\" content=\"Tiempo de lectura estimado\" \/>\n\t\t<meta name=\"twitter:data2\" content=\"1 minuto\" \/>\n\t\t<script type=\"application\/ld+json\" class=\"aioseo-schema\">\n\t\t\t{\"@context\":\"https:\\\/\\\/schema.org\",\"@graph\":[{\"@type\":\"BreadcrumbList\",\"@id\":\"https:\\\/\\\/candas365.es\\\/noticias\\\/mayoria-de-alemanes-cree-que-su-seleccion-ganara-la-eurocopa\\\/#breadcrumblist\",\"itemListElement\":[{\"@type\":\"ListItem\",\"@id\":\"https:\\\/\\\/candas365.es\\\/noticias#listItem\",\"position\":1,\"name\":\"Home\",\"item\":\"https:\\\/\\\/candas365.es\\\/noticias\",\"nextItem\":{\"@type\":\"ListItem\",\"@id\":\"https:\\\/\\\/candas365.es\\\/noticias\\\/category\\\/actualidad\\\/#listItem\",\"name\":\"Actualidad\"}},{\"@type\":\"ListItem\",\"@id\":\"https:\\\/\\\/candas365.es\\\/noticias\\\/category\\\/actualidad\\\/#listItem\",\"position\":2,\"name\":\"Actualidad\",\"item\":\"https:\\\/\\\/candas365.es\\\/noticias\\\/category\\\/actualidad\\\/\",\"nextItem\":{\"@type\":\"ListItem\",\"@id\":\"https:\\\/\\\/candas365.es\\\/noticias\\\/mayoria-de-alemanes-cree-que-su-seleccion-ganara-la-eurocopa\\\/#listItem\",\"name\":\"Mayor\\u00eda de alemanes cree que su selecci\\u00f3n ganar\\u00e1 la Eurocopa\"},\"previousItem\":{\"@type\":\"ListItem\",\"@id\":\"https:\\\/\\\/candas365.es\\\/noticias#listItem\",\"name\":\"Home\"}},{\"@type\":\"ListItem\",\"@id\":\"https:\\\/\\\/candas365.es\\\/noticias\\\/mayoria-de-alemanes-cree-que-su-seleccion-ganara-la-eurocopa\\\/#listItem\",\"position\":3,\"name\":\"Mayor\\u00eda de alemanes cree que su selecci\\u00f3n ganar\\u00e1 la Eurocopa\",\"previousItem\":{\"@type\":\"ListItem\",\"@id\":\"https:\\\/\\\/candas365.es\\\/noticias\\\/category\\\/actualidad\\\/#listItem\",\"name\":\"Actualidad\"}}]},{\"@type\":\"NewsArticle\",\"@id\":\"https:\\\/\\\/candas365.es\\\/noticias\\\/mayoria-de-alemanes-cree-que-su-seleccion-ganara-la-eurocopa\\\/#newsarticle\",\"name\":\"Mayor\\u00eda de alemanes cree que su selecci\\u00f3n ganar\\u00e1 la Eurocopa | Cand\\u00e1s 365\",\"headline\":\"Mayor\\u00eda de alemanes cree que su selecci\\u00f3n ganar\\u00e1 la Eurocopa\",\"author\":{\"@id\":\"https:\\\/\\\/candas365.es\\\/noticias\\\/author\\\/admin\\\/#author\"},\"publisher\":{\"@id\":\"https:\\\/\\\/candas365.es\\\/noticias\\\/#organization\"},\"image\":{\"@type\":\"ImageObject\",\"url\":\"https:\\\/\\\/candas365.es\\\/noticias\\\/wp-content\\\/uploads\\\/2016\\\/06\\\/euro2016.jpg\",\"width\":800,\"height\":478},\"datePublished\":\"2016-06-10T10:17:57+02:00\",\"dateModified\":\"2016-06-10T10:17:57+02:00\",\"inLanguage\":\"es-ES\",\"mainEntityOfPage\":{\"@id\":\"https:\\\/\\\/candas365.es\\\/noticias\\\/mayoria-de-alemanes-cree-que-su-seleccion-ganara-la-eurocopa\\\/#webpage\"},\"isPartOf\":{\"@id\":\"https:\\\/\\\/candas365.es\\\/noticias\\\/mayoria-de-alemanes-cree-que-su-seleccion-ganara-la-eurocopa\\\/#webpage\"},\"articleSection\":\"Actualidad\",\"dateline\":\"Publicado el junio 10, 2016.\"},{\"@type\":\"Organization\",\"@id\":\"https:\\\/\\\/candas365.es\\\/noticias\\\/#organization\",\"name\":\"Cand\\u00e1s 365\",\"description\":\"Cand\\u00e1s 365 es un diario digital independiente, fundado en 2012, con base en Asturias. Informamos con rigor sobre actualidad, sociedad, cultura y ocio, con una mirada local y global.\",\"url\":\"https:\\\/\\\/candas365.es\\\/noticias\\\/\",\"email\":\"info@candas365.es\",\"telephone\":\"+34652131393\",\"foundingDate\":\"2012-06-10\",\"logo\":{\"@type\":\"ImageObject\",\"url\":\"https:\\\/\\\/candas365.es\\\/noticias\\\/wp-content\\\/uploads\\\/2024\\\/09\\\/Candas-365-Redes.jpg\",\"@id\":\"https:\\\/\\\/candas365.es\\\/noticias\\\/mayoria-de-alemanes-cree-que-su-seleccion-ganara-la-eurocopa\\\/#organizationLogo\",\"width\":1152,\"height\":864,\"caption\":\"Cand\\u00e1s 365 Redes\"},\"image\":{\"@id\":\"https:\\\/\\\/candas365.es\\\/noticias\\\/mayoria-de-alemanes-cree-que-su-seleccion-ganara-la-eurocopa\\\/#organizationLogo\"},\"sameAs\":[\"https:\\\/\\\/www.facebook.com\\\/Nachofdezber\",\"https:\\\/\\\/x.com\\\/NabercoDigital\",\"https:\\\/\\\/www.instagram.com\\\/nachofdezber\\\/\",\"https:\\\/\\\/www.youtube.com\\\/channel\\\/UCZP-2wLEB9Rv6erhFmqVnvg\"],\"address\":{\"@id\":\"https:\\\/\\\/candas365.es\\\/noticias\\\/#postaladdress\",\"@type\":\"PostalAddress\",\"streetAddress\":\"san antonio 4, san antonio 4\",\"postalCode\":\"33430\",\"addressLocality\":\"Cand\\u00e1s\",\"addressRegion\":\"Asturias\",\"addressCountry\":\"ES\"}},{\"@type\":\"Person\",\"@id\":\"https:\\\/\\\/candas365.es\\\/noticias\\\/author\\\/admin\\\/#author\",\"url\":\"https:\\\/\\\/candas365.es\\\/noticias\\\/author\\\/admin\\\/\",\"name\":\"Cand\\u00e1s 365\",\"image\":{\"@type\":\"ImageObject\",\"@id\":\"https:\\\/\\\/candas365.es\\\/noticias\\\/mayoria-de-alemanes-cree-que-su-seleccion-ganara-la-eurocopa\\\/#authorImage\",\"url\":\"https:\\\/\\\/secure.gravatar.com\\\/avatar\\\/496a8e03d0c493ede1718b7934145dbdf8d89be1036b0eec9544e1094c9de390?s=96&d=mm&r=g\",\"width\":96,\"height\":96,\"caption\":\"Cand\\u00e1s 365\"},\"sameAs\":[\"https:\\\/\\\/www.facebook.com\\\/carrenoactualidad\",\"https:\\\/\\\/twitter.com\\\/nbasturias\",\"https:\\\/\\\/www.instagram.com\\\/nachofdezber\\\/\",\"https:\\\/\\\/www.youtube.com\\\/channel\\\/UCZP-2wLEB9Rv6erhFmqVnvg\"]},{\"@type\":\"WebPage\",\"@id\":\"https:\\\/\\\/candas365.es\\\/noticias\\\/mayoria-de-alemanes-cree-que-su-seleccion-ganara-la-eurocopa\\\/#webpage\",\"url\":\"https:\\\/\\\/candas365.es\\\/noticias\\\/mayoria-de-alemanes-cree-que-su-seleccion-ganara-la-eurocopa\\\/\",\"name\":\"Mayor\\u00eda de alemanes cree que su selecci\\u00f3n ganar\\u00e1 la Eurocopa | Cand\\u00e1s 365\",\"description\":\"Berl\\u00edn, 9 jun (dpa) - M\\u00e1s de la mitad de los seguidores alemanes de la selecci\\u00f3n alemana de f\\u00fatbol (51 por ciento) cree que su equipo ganar\\u00e1 la Eurocopa, que se disputar\\u00e1 en Francia del 10 de junio al 10 de julio, seg\\u00fan un sondeo publicado hoy. S\\u00f3lo un 13 por ciento cree que la\",\"inLanguage\":\"es-ES\",\"isPartOf\":{\"@id\":\"https:\\\/\\\/candas365.es\\\/noticias\\\/#website\"},\"breadcrumb\":{\"@id\":\"https:\\\/\\\/candas365.es\\\/noticias\\\/mayoria-de-alemanes-cree-que-su-seleccion-ganara-la-eurocopa\\\/#breadcrumblist\"},\"author\":{\"@id\":\"https:\\\/\\\/candas365.es\\\/noticias\\\/author\\\/admin\\\/#author\"},\"creator\":{\"@id\":\"https:\\\/\\\/candas365.es\\\/noticias\\\/author\\\/admin\\\/#author\"},\"image\":{\"@type\":\"ImageObject\",\"url\":\"https:\\\/\\\/candas365.es\\\/noticias\\\/wp-content\\\/uploads\\\/2016\\\/06\\\/euro2016.jpg\",\"@id\":\"https:\\\/\\\/candas365.es\\\/noticias\\\/mayoria-de-alemanes-cree-que-su-seleccion-ganara-la-eurocopa\\\/#mainImage\",\"width\":800,\"height\":478},\"primaryImageOfPage\":{\"@id\":\"https:\\\/\\\/candas365.es\\\/noticias\\\/mayoria-de-alemanes-cree-que-su-seleccion-ganara-la-eurocopa\\\/#mainImage\"},\"datePublished\":\"2016-06-10T10:17:57+02:00\",\"dateModified\":\"2016-06-10T10:17:57+02:00\"},{\"@type\":\"WebSite\",\"@id\":\"https:\\\/\\\/candas365.es\\\/noticias\\\/#website\",\"url\":\"https:\\\/\\\/candas365.es\\\/noticias\\\/\",\"name\":\"Cand\\u00e1s 365\",\"alternateName\":\"Cand\\u00e1s 365 Noticias\",\"description\":\"Actualidad desde Carre\\u00f1o para el mundo\",\"inLanguage\":\"es-ES\",\"publisher\":{\"@id\":\"https:\\\/\\\/candas365.es\\\/noticias\\\/#organization\"}}]}\n\t\t<\/script>\n\t\t<!-- All in One SEO Pro -->\r\n\t\t<title>Mayor\u00eda de alemanes cree que su selecci\u00f3n ganar\u00e1 la Eurocopa | Cand\u00e1s 365<\/title>\n\n","aioseo_head_json":{"title":"Mayor\u00eda de alemanes cree que su selecci\u00f3n ganar\u00e1 la Eurocopa | Cand\u00e1s 365","description":"Berl\u00edn, 9 jun (dpa) - M\u00e1s de la mitad de los seguidores alemanes de la selecci\u00f3n alemana de f\u00fatbol (51 por ciento) cree que su equipo ganar\u00e1 la Eurocopa, que se disputar\u00e1 en Francia del 10 de junio al 10 de julio, seg\u00fan un sondeo publicado hoy. S\u00f3lo un 13 por ciento cree que la","canonical_url":"https:\/\/candas365.es\/noticias\/mayoria-de-alemanes-cree-que-su-seleccion-ganara-la-eurocopa\/","robots":"max-image-preview:large","keywords":"actualidad","webmasterTools":{"google-site-verification":"UA-32230408-1","msvalidate.01":"354F3CDFB2DA171B47FBE9ABF1F88D5","miscellaneous":""},"schema":{"@context":"https:\/\/schema.org","@graph":[{"@type":"BreadcrumbList","@id":"https:\/\/candas365.es\/noticias\/mayoria-de-alemanes-cree-que-su-seleccion-ganara-la-eurocopa\/#breadcrumblist","itemListElement":[{"@type":"ListItem","@id":"https:\/\/candas365.es\/noticias#listItem","position":1,"name":"Home","item":"https:\/\/candas365.es\/noticias","nextItem":{"@type":"ListItem","@id":"https:\/\/candas365.es\/noticias\/category\/actualidad\/#listItem","name":"Actualidad"}},{"@type":"ListItem","@id":"https:\/\/candas365.es\/noticias\/category\/actualidad\/#listItem","position":2,"name":"Actualidad","item":"https:\/\/candas365.es\/noticias\/category\/actualidad\/","nextItem":{"@type":"ListItem","@id":"https:\/\/candas365.es\/noticias\/mayoria-de-alemanes-cree-que-su-seleccion-ganara-la-eurocopa\/#listItem","name":"Mayor\u00eda de alemanes cree que su selecci\u00f3n ganar\u00e1 la Eurocopa"},"previousItem":{"@type":"ListItem","@id":"https:\/\/candas365.es\/noticias#listItem","name":"Home"}},{"@type":"ListItem","@id":"https:\/\/candas365.es\/noticias\/mayoria-de-alemanes-cree-que-su-seleccion-ganara-la-eurocopa\/#listItem","position":3,"name":"Mayor\u00eda de alemanes cree que su selecci\u00f3n ganar\u00e1 la Eurocopa","previousItem":{"@type":"ListItem","@id":"https:\/\/candas365.es\/noticias\/category\/actualidad\/#listItem","name":"Actualidad"}}]},{"@type":"NewsArticle","@id":"https:\/\/candas365.es\/noticias\/mayoria-de-alemanes-cree-que-su-seleccion-ganara-la-eurocopa\/#newsarticle","name":"Mayor\u00eda de alemanes cree que su selecci\u00f3n ganar\u00e1 la Eurocopa | Cand\u00e1s 365","headline":"Mayor\u00eda de alemanes cree que su selecci\u00f3n ganar\u00e1 la Eurocopa","author":{"@id":"https:\/\/candas365.es\/noticias\/author\/admin\/#author"},"publisher":{"@id":"https:\/\/candas365.es\/noticias\/#organization"},"image":{"@type":"ImageObject","url":"https:\/\/candas365.es\/noticias\/wp-content\/uploads\/2016\/06\/euro2016.jpg","width":800,"height":478},"datePublished":"2016-06-10T10:17:57+02:00","dateModified":"2016-06-10T10:17:57+02:00","inLanguage":"es-ES","mainEntityOfPage":{"@id":"https:\/\/candas365.es\/noticias\/mayoria-de-alemanes-cree-que-su-seleccion-ganara-la-eurocopa\/#webpage"},"isPartOf":{"@id":"https:\/\/candas365.es\/noticias\/mayoria-de-alemanes-cree-que-su-seleccion-ganara-la-eurocopa\/#webpage"},"articleSection":"Actualidad","dateline":"Publicado el junio 10, 2016."},{"@type":"Organization","@id":"https:\/\/candas365.es\/noticias\/#organization","name":"Cand\u00e1s 365","description":"Cand\u00e1s 365 es un diario digital independiente, fundado en 2012, con base en Asturias. Informamos con rigor sobre actualidad, sociedad, cultura y ocio, con una mirada local y global.","url":"https:\/\/candas365.es\/noticias\/","email":"info@candas365.es","telephone":"+34652131393","foundingDate":"2012-06-10","logo":{"@type":"ImageObject","url":"https:\/\/candas365.es\/noticias\/wp-content\/uploads\/2024\/09\/Candas-365-Redes.jpg","@id":"https:\/\/candas365.es\/noticias\/mayoria-de-alemanes-cree-que-su-seleccion-ganara-la-eurocopa\/#organizationLogo","width":1152,"height":864,"caption":"Cand\u00e1s 365 Redes"},"image":{"@id":"https:\/\/candas365.es\/noticias\/mayoria-de-alemanes-cree-que-su-seleccion-ganara-la-eurocopa\/#organizationLogo"},"sameAs":["https:\/\/www.facebook.com\/Nachofdezber","https:\/\/x.com\/NabercoDigital","https:\/\/www.instagram.com\/nachofdezber\/","https:\/\/www.youtube.com\/channel\/UCZP-2wLEB9Rv6erhFmqVnvg"],"address":{"@id":"https:\/\/candas365.es\/noticias\/#postaladdress","@type":"PostalAddress","streetAddress":"san antonio 4, san antonio 4","postalCode":"33430","addressLocality":"Cand\u00e1s","addressRegion":"Asturias","addressCountry":"ES"}},{"@type":"Person","@id":"https:\/\/candas365.es\/noticias\/author\/admin\/#author","url":"https:\/\/candas365.es\/noticias\/author\/admin\/","name":"Cand\u00e1s 365","image":{"@type":"ImageObject","@id":"https:\/\/candas365.es\/noticias\/mayoria-de-alemanes-cree-que-su-seleccion-ganara-la-eurocopa\/#authorImage","url":"https:\/\/secure.gravatar.com\/avatar\/496a8e03d0c493ede1718b7934145dbdf8d89be1036b0eec9544e1094c9de390?s=96&d=mm&r=g","width":96,"height":96,"caption":"Cand\u00e1s 365"},"sameAs":["https:\/\/www.facebook.com\/carrenoactualidad","https:\/\/twitter.com\/nbasturias","https:\/\/www.instagram.com\/nachofdezber\/","https:\/\/www.youtube.com\/channel\/UCZP-2wLEB9Rv6erhFmqVnvg"]},{"@type":"WebPage","@id":"https:\/\/candas365.es\/noticias\/mayoria-de-alemanes-cree-que-su-seleccion-ganara-la-eurocopa\/#webpage","url":"https:\/\/candas365.es\/noticias\/mayoria-de-alemanes-cree-que-su-seleccion-ganara-la-eurocopa\/","name":"Mayor\u00eda de alemanes cree que su selecci\u00f3n ganar\u00e1 la Eurocopa | Cand\u00e1s 365","description":"Berl\u00edn, 9 jun (dpa) - M\u00e1s de la mitad de los seguidores alemanes de la selecci\u00f3n alemana de f\u00fatbol (51 por ciento) cree que su equipo ganar\u00e1 la Eurocopa, que se disputar\u00e1 en Francia del 10 de junio al 10 de julio, seg\u00fan un sondeo publicado hoy. S\u00f3lo un 13 por ciento cree que la","inLanguage":"es-ES","isPartOf":{"@id":"https:\/\/candas365.es\/noticias\/#website"},"breadcrumb":{"@id":"https:\/\/candas365.es\/noticias\/mayoria-de-alemanes-cree-que-su-seleccion-ganara-la-eurocopa\/#breadcrumblist"},"author":{"@id":"https:\/\/candas365.es\/noticias\/author\/admin\/#author"},"creator":{"@id":"https:\/\/candas365.es\/noticias\/author\/admin\/#author"},"image":{"@type":"ImageObject","url":"https:\/\/candas365.es\/noticias\/wp-content\/uploads\/2016\/06\/euro2016.jpg","@id":"https:\/\/candas365.es\/noticias\/mayoria-de-alemanes-cree-que-su-seleccion-ganara-la-eurocopa\/#mainImage","width":800,"height":478},"primaryImageOfPage":{"@id":"https:\/\/candas365.es\/noticias\/mayoria-de-alemanes-cree-que-su-seleccion-ganara-la-eurocopa\/#mainImage"},"datePublished":"2016-06-10T10:17:57+02:00","dateModified":"2016-06-10T10:17:57+02:00"},{"@type":"WebSite","@id":"https:\/\/candas365.es\/noticias\/#website","url":"https:\/\/candas365.es\/noticias\/","name":"Cand\u00e1s 365","alternateName":"Cand\u00e1s 365 Noticias","description":"Actualidad desde Carre\u00f1o para el mundo","inLanguage":"es-ES","publisher":{"@id":"https:\/\/candas365.es\/noticias\/#organization"}}]},"og:locale":"es_ES","og:site_name":"Cand\u00e1s 365","og:type":"article","og:title":"Mayor\u00eda de alemanes cree que su selecci\u00f3n ganar\u00e1 la Eurocopa | Cand\u00e1s 365","og:description":"Berl\u00edn, 9 jun (dpa) - M\u00e1s de la mitad de los seguidores alemanes de la selecci\u00f3n alemana de f\u00fatbol (51 por ciento) cree que su equipo ganar\u00e1 la Eurocopa, que se disputar\u00e1 en Francia del 10 de junio al 10 de julio, seg\u00fan un sondeo publicado hoy. S\u00f3lo un 13 por ciento cree que la","og:url":"https:\/\/candas365.es\/noticias\/mayoria-de-alemanes-cree-que-su-seleccion-ganara-la-eurocopa\/","og:image":"https:\/\/candas365.es\/noticias\/wp-content\/uploads\/2016\/06\/euro2016.jpg","og:image:secure_url":"https:\/\/candas365.es\/noticias\/wp-content\/uploads\/2016\/06\/euro2016.jpg","og:image:width":800,"og:image:height":478,"article:published_time":"2016-06-10T08:47:57+00:00","article:modified_time":"2016-06-10T08:47:57+00:00","article:publisher":"https:\/\/www.facebook.com\/Nachofdezber","article:author":"https:\/\/www.facebook.com\/carrenoactualidad","twitter:card":"summary_large_image","twitter:site":"@NabercoDigital","twitter:title":"Mayor\u00eda de alemanes cree que su selecci\u00f3n ganar\u00e1 la Eurocopa | Cand\u00e1s 365","twitter:description":"Berl\u00edn, 9 jun (dpa) - M\u00e1s de la mitad de los seguidores alemanes de la selecci\u00f3n alemana de f\u00fatbol (51 por ciento) cree que su equipo ganar\u00e1 la Eurocopa, que se disputar\u00e1 en Francia del 10 de junio al 10 de julio, seg\u00fan un sondeo publicado hoy. S\u00f3lo un 13 por ciento cree que la","twitter:creator":"@nbasturias","twitter:image":"https:\/\/candas365.es\/noticias\/wp-content\/uploads\/2016\/06\/euro2016.jpg","twitter:label1":"Escrito por","twitter:data1":"Cand\u00e1s 365","twitter:label2":"Tiempo de lectura estimado","twitter:data2":"1 minuto"},"aioseo_meta_data":{"post_id":"29943","title":null,"description":null,"keywords":null,"keyphrases":null,"primary_term":null,"canonical_url":null,"og_title":null,"og_description":null,"og_object_type":"default","og_image_type":"default","og_image_url":null,"og_image_width":null,"og_image_height":null,"og_image_custom_url":null,"og_image_custom_fields":null,"og_video":null,"og_custom_url":null,"og_article_section":null,"og_article_tags":null,"twitter_use_og":false,"twitter_card":"default","twitter_image_type":"default","twitter_image_url":null,"twitter_image_custom_url":null,"twitter_image_custom_fields":null,"twitter_title":null,"twitter_description":null,"schema":{"blockGraphs":[],"customGraphs":[],"default":{"data":{"Article":[],"Course":[],"Dataset":[],"FAQPage":[],"Movie":[],"Person":[],"Product":[],"ProductReview":[],"Car":[],"Recipe":[],"Service":[],"SoftwareApplication":[],"WebPage":[]},"graphName":"","isEnabled":true},"graphs":[],"defaultGraph":"","defaultPostTypeGraph":""},"schema_type":null,"schema_type_options":null,"pillar_content":false,"robots_default":true,"robots_noindex":false,"robots_noarchive":false,"robots_nosnippet":false,"robots_nofollow":false,"robots_noimageindex":false,"robots_noodp":false,"robots_notranslate":false,"robots_max_snippet":null,"robots_max_videopreview":null,"robots_max_imagepreview":"large","priority":null,"frequency":null,"location":null,"local_seo":null,"seo_analyzer_scan_date":"2025-08-24 11:53:16","breadcrumb_settings":null,"limit_modified_date":false,"reviewed_by":null,"open_ai":null,"ai":null,"created":"2020-12-21 12:56:30","updated":"2025-08-24 11:53:16"},"aioseo_breadcrumb":"<div class=\"aioseo-breadcrumbs\"><span class=\"aioseo-breadcrumb\">\n\t<a href=\"https:\/\/candas365.es\/noticias\" title=\"Home\">Home<\/a>\n<\/span><span class=\"aioseo-breadcrumb-separator\">&ndash;<\/span><span class=\"aioseo-breadcrumb\">\n\t<a href=\"https:\/\/candas365.es\/noticias\/category\/actualidad\/\" title=\"Actualidad\">Actualidad<\/a>\n<\/span><span class=\"aioseo-breadcrumb-separator\">&ndash;<\/span><span class=\"aioseo-breadcrumb\">\n\tMayor\u00eda de alemanes cree que su selecci\u00f3n ganar\u00e1 la Eurocopa\n<\/span><\/div>","aioseo_breadcrumb_json":[{"label":"Home","link":"https:\/\/candas365.es\/noticias"},{"label":"Actualidad","link":"https:\/\/candas365.es\/noticias\/category\/actualidad\/"},{"label":"Mayor\u00eda de alemanes cree que su selecci\u00f3n ganar\u00e1 la Eurocopa","link":"https:\/\/candas365.es\/noticias\/mayoria-de-alemanes-cree-que-su-seleccion-ganara-la-eurocopa\/"}],"_links":{"self":[{"href":"https:\/\/candas365.es\/noticias\/wp-json\/wp\/v2\/posts\/29943","targetHints":{"allow":["GET"]}}],"collection":[{"href":"https:\/\/candas365.es\/noticias\/wp-json\/wp\/v2\/posts"}],"about":[{"href":"https:\/\/candas365.es\/noticias\/wp-json\/wp\/v2\/types\/post"}],"author":[{"embeddable":true,"href":"https:\/\/candas365.es\/noticias\/wp-json\/wp\/v2\/users\/1"}],"replies":[{"embeddable":true,"href":"https:\/\/candas365.es\/noticias\/wp-json\/wp\/v2\/comments?post=29943"}],"version-history":[{"count":0,"href":"https:\/\/candas365.es\/noticias\/wp-json\/wp\/v2\/posts\/29943\/revisions"}],"wp:featuredmedia":[{"embeddable":true,"href":"https:\/\/candas365.es\/noticias\/wp-json\/wp\/v2\/media\/29884"}],"wp:attachment":[{"href":"https:\/\/candas365.es\/noticias\/wp-json\/wp\/v2\/media?parent=29943"}],"wp:term":[{"taxonomy":"category","embeddable":true,"href":"https:\/\/candas365.es\/noticias\/wp-json\/wp\/v2\/categories?post=29943"},{"taxonomy":"post_tag","embeddable":true,"href":"https:\/\/candas365.es\/noticias\/wp-json\/wp\/v2\/tags?post=29943"}],"curies":[{"name":"wp","href":"https:\/\/api.w.org\/{rel}","templated":true}]}}