{"id":29941,"date":"2016-06-10T10:16:56","date_gmt":"2016-06-10T08:46:56","guid":{"rendered":"http:\/\/candas365.es\/noticias\/?p=29941"},"modified":"2016-06-10T10:16:56","modified_gmt":"2016-06-10T08:46:56","slug":"singular-partitura-de-bach-en-el-mercado-de-subastas-tras-45-anos","status":"publish","type":"post","link":"https:\/\/candas365.es\/noticias\/singular-partitura-de-bach-en-el-mercado-de-subastas-tras-45-anos\/","title":{"rendered":"Singular partitura de Bach en el mercado de subastas tras 45 a\u00f1os"},"content":{"rendered":"<p>Hamburgo (dpa) &#8211; Una singular partitura del compositor alem\u00e1n Johann Sebastian Bach (1685-1750) fue mostrada al p\u00fablico en varias ciudades alemanas antes de ser subastada el pr\u00f3ximo 13 de julio en Londres.<\/p>\n<p>Las sucursales de la casa de subastas londinense Christie&#8217;s en Hamburgo, M\u00fanich y D\u00fcsseldorf presentaron el \u00abPreludio, Fuga y Alegro BWV 998\u00bb, compuesto por Bach entre 1740 y 1745.<\/p>\n<p>Esta partitura, que durante m\u00e1s de 45 a\u00f1os no fue expuesta al p\u00fablico ni ofrecida en el mercado, tiene un valor estimado de entre 1,5 y 2 millones de libras (1,9 a 2,5 millones de euros), inform\u00f3 Christie&#8217;s en Hamburgo.<\/p>\n<p>Menos de diez composiciones completas de Bach est\u00e1n actualmente en manos privadas, entre ellas dos obras instrumentales y seis cantatas, indican los datos de Christie&#8217;s.<\/p>\n","protected":false},"excerpt":{"rendered":"<p>Hamburgo (dpa) &#8211; Una singular partitura del compositor alem\u00e1n Johann Sebastian Bach (1685-1750) fue mostrada al p\u00fablico en varias ciudades alemanas antes de ser subastada el pr\u00f3ximo 13 de julio en Londres. Las sucursales de la casa de subastas londinense Christie&#8217;s en Hamburgo, M\u00fanich y D\u00fcsseldorf presentaron el \u00abPreludio, Fuga y Alegro BWV 998\u00bb, compuesto<\/p>\n","protected":false},"author":1,"featured_media":16457,"comment_status":"closed","ping_status":"closed","sticky":false,"template":"","format":"standard","meta":{"footnotes":""},"categories":[343],"tags":[],"class_list":{"0":"post-29941","1":"post","2":"type-post","3":"status-publish","4":"format-standard","5":"has-post-thumbnail","7":"category-actualidad"},"aioseo_notices":[],"aioseo_head":"\n\t\t<!-- All in One SEO Pro 4.9.6.2 - aioseo.com -->\n\t<meta name=\"description\" content=\"Hamburgo (dpa) - Una singular partitura del compositor alem\u00e1n Johann Sebastian Bach (1685-1750) fue mostrada al p\u00fablico en varias ciudades alemanas antes de ser subastada el pr\u00f3ximo 13 de julio en Londres. Las sucursales de la casa de subastas londinense Christie&#039;s en Hamburgo, M\u00fanich y D\u00fcsseldorf presentaron el &quot;Preludio, Fuga y Alegro BWV 998&quot;, compuesto\" \/>\n\t<meta name=\"robots\" content=\"max-image-preview:large\" \/>\n\t<meta name=\"author\" content=\"Cand\u00e1s 365\"\/>\n\t<meta name=\"google-site-verification\" content=\"UA-32230408-1\" \/>\n\t<meta name=\"msvalidate.01\" content=\"354F3CDFB2DA171B47FBE9ABF1F88D5\" \/>\n\t<meta name=\"keywords\" content=\"actualidad\" \/>\n\t<link rel=\"canonical\" href=\"https:\/\/candas365.es\/noticias\/singular-partitura-de-bach-en-el-mercado-de-subastas-tras-45-anos\/\" \/>\n\t<meta name=\"generator\" content=\"All in One SEO Pro (AIOSEO) 4.9.6.2\" \/>\n\t\t<meta property=\"og:locale\" content=\"es_ES\" \/>\n\t\t<meta property=\"og:site_name\" content=\"Cand\u00e1s 365\" \/>\n\t\t<meta property=\"og:type\" content=\"article\" \/>\n\t\t<meta property=\"og:title\" content=\"Singular partitura de Bach en el mercado de subastas tras 45 a\u00f1os | Cand\u00e1s 365\" \/>\n\t\t<meta property=\"og:description\" content=\"Hamburgo (dpa) - Una singular partitura del compositor alem\u00e1n Johann Sebastian Bach (1685-1750) fue mostrada al p\u00fablico en varias ciudades alemanas antes de ser subastada el pr\u00f3ximo 13 de julio en Londres. Las sucursales de la casa de subastas londinense Christie&#039;s en Hamburgo, M\u00fanich y D\u00fcsseldorf presentaron el &quot;Preludio, Fuga y Alegro BWV 998&quot;, compuesto\" \/>\n\t\t<meta property=\"og:url\" content=\"https:\/\/candas365.es\/noticias\/singular-partitura-de-bach-en-el-mercado-de-subastas-tras-45-anos\/\" \/>\n\t\t<meta property=\"og:image\" content=\"https:\/\/candas365.es\/noticias\/wp-content\/uploads\/2015\/09\/c365noticias.jpg\" \/>\n\t\t<meta property=\"og:image:secure_url\" content=\"https:\/\/candas365.es\/noticias\/wp-content\/uploads\/2015\/09\/c365noticias.jpg\" \/>\n\t\t<meta property=\"og:image:width\" content=\"655\" \/>\n\t\t<meta property=\"og:image:height\" content=\"360\" \/>\n\t\t<meta property=\"article:published_time\" content=\"2016-06-10T08:46:56+00:00\" \/>\n\t\t<meta property=\"article:modified_time\" content=\"2016-06-10T08:46:56+00:00\" \/>\n\t\t<meta property=\"article:publisher\" content=\"https:\/\/www.facebook.com\/Nachofdezber\" \/>\n\t\t<meta property=\"article:author\" content=\"https:\/\/www.facebook.com\/carrenoactualidad\" \/>\n\t\t<meta name=\"twitter:card\" content=\"summary_large_image\" \/>\n\t\t<meta name=\"twitter:site\" content=\"@NabercoDigital\" \/>\n\t\t<meta name=\"twitter:title\" content=\"Singular partitura de Bach en el mercado de subastas tras 45 a\u00f1os | Cand\u00e1s 365\" \/>\n\t\t<meta name=\"twitter:description\" content=\"Hamburgo (dpa) - Una singular partitura del compositor alem\u00e1n Johann Sebastian Bach (1685-1750) fue mostrada al p\u00fablico en varias ciudades alemanas antes de ser subastada el pr\u00f3ximo 13 de julio en Londres. Las sucursales de la casa de subastas londinense Christie&#039;s en Hamburgo, M\u00fanich y D\u00fcsseldorf presentaron el &quot;Preludio, Fuga y Alegro BWV 998&quot;, compuesto\" \/>\n\t\t<meta name=\"twitter:creator\" content=\"@nbasturias\" \/>\n\t\t<meta name=\"twitter:image\" content=\"https:\/\/candas365.es\/noticias\/wp-content\/uploads\/2015\/09\/c365noticias.jpg\" \/>\n\t\t<meta name=\"twitter:label1\" content=\"Escrito por\" \/>\n\t\t<meta name=\"twitter:data1\" content=\"Cand\u00e1s 365\" \/>\n\t\t<meta name=\"twitter:label2\" content=\"Tiempo de lectura estimado\" \/>\n\t\t<meta name=\"twitter:data2\" content=\"1 minuto\" \/>\n\t\t<script type=\"application\/ld+json\" class=\"aioseo-schema\">\n\t\t\t{\"@context\":\"https:\\\/\\\/schema.org\",\"@graph\":[{\"@type\":\"BreadcrumbList\",\"@id\":\"https:\\\/\\\/candas365.es\\\/noticias\\\/singular-partitura-de-bach-en-el-mercado-de-subastas-tras-45-anos\\\/#breadcrumblist\",\"itemListElement\":[{\"@type\":\"ListItem\",\"@id\":\"https:\\\/\\\/candas365.es\\\/noticias#listItem\",\"position\":1,\"name\":\"Home\",\"item\":\"https:\\\/\\\/candas365.es\\\/noticias\",\"nextItem\":{\"@type\":\"ListItem\",\"@id\":\"https:\\\/\\\/candas365.es\\\/noticias\\\/category\\\/actualidad\\\/#listItem\",\"name\":\"Actualidad\"}},{\"@type\":\"ListItem\",\"@id\":\"https:\\\/\\\/candas365.es\\\/noticias\\\/category\\\/actualidad\\\/#listItem\",\"position\":2,\"name\":\"Actualidad\",\"item\":\"https:\\\/\\\/candas365.es\\\/noticias\\\/category\\\/actualidad\\\/\",\"nextItem\":{\"@type\":\"ListItem\",\"@id\":\"https:\\\/\\\/candas365.es\\\/noticias\\\/singular-partitura-de-bach-en-el-mercado-de-subastas-tras-45-anos\\\/#listItem\",\"name\":\"Singular partitura de Bach en el mercado de subastas tras 45 a\\u00f1os\"},\"previousItem\":{\"@type\":\"ListItem\",\"@id\":\"https:\\\/\\\/candas365.es\\\/noticias#listItem\",\"name\":\"Home\"}},{\"@type\":\"ListItem\",\"@id\":\"https:\\\/\\\/candas365.es\\\/noticias\\\/singular-partitura-de-bach-en-el-mercado-de-subastas-tras-45-anos\\\/#listItem\",\"position\":3,\"name\":\"Singular partitura de Bach en el mercado de subastas tras 45 a\\u00f1os\",\"previousItem\":{\"@type\":\"ListItem\",\"@id\":\"https:\\\/\\\/candas365.es\\\/noticias\\\/category\\\/actualidad\\\/#listItem\",\"name\":\"Actualidad\"}}]},{\"@type\":\"NewsArticle\",\"@id\":\"https:\\\/\\\/candas365.es\\\/noticias\\\/singular-partitura-de-bach-en-el-mercado-de-subastas-tras-45-anos\\\/#newsarticle\",\"name\":\"Singular partitura de Bach en el mercado de subastas tras 45 a\\u00f1os | Cand\\u00e1s 365\",\"headline\":\"Singular partitura de Bach en el mercado de subastas tras 45 a\\u00f1os\",\"author\":{\"@id\":\"https:\\\/\\\/candas365.es\\\/noticias\\\/author\\\/admin\\\/#author\"},\"publisher\":{\"@id\":\"https:\\\/\\\/candas365.es\\\/noticias\\\/#organization\"},\"image\":{\"@type\":\"ImageObject\",\"url\":\"https:\\\/\\\/candas365.es\\\/noticias\\\/wp-content\\\/uploads\\\/2015\\\/09\\\/c365noticias.jpg\",\"width\":655,\"height\":360},\"datePublished\":\"2016-06-10T10:16:56+02:00\",\"dateModified\":\"2016-06-10T10:16:56+02:00\",\"inLanguage\":\"es-ES\",\"mainEntityOfPage\":{\"@id\":\"https:\\\/\\\/candas365.es\\\/noticias\\\/singular-partitura-de-bach-en-el-mercado-de-subastas-tras-45-anos\\\/#webpage\"},\"isPartOf\":{\"@id\":\"https:\\\/\\\/candas365.es\\\/noticias\\\/singular-partitura-de-bach-en-el-mercado-de-subastas-tras-45-anos\\\/#webpage\"},\"articleSection\":\"Actualidad\",\"dateline\":\"Publicado el junio 10, 2016.\"},{\"@type\":\"Organization\",\"@id\":\"https:\\\/\\\/candas365.es\\\/noticias\\\/#organization\",\"name\":\"Cand\\u00e1s 365\",\"description\":\"Cand\\u00e1s 365 es un diario digital independiente, fundado en 2012, con base en Asturias. Informamos con rigor sobre actualidad, sociedad, cultura y ocio, con una mirada local y global.\",\"url\":\"https:\\\/\\\/candas365.es\\\/noticias\\\/\",\"email\":\"info@candas365.es\",\"telephone\":\"+34652131393\",\"foundingDate\":\"2012-06-10\",\"logo\":{\"@type\":\"ImageObject\",\"url\":\"https:\\\/\\\/candas365.es\\\/noticias\\\/wp-content\\\/uploads\\\/2024\\\/09\\\/Candas-365-Redes.jpg\",\"@id\":\"https:\\\/\\\/candas365.es\\\/noticias\\\/singular-partitura-de-bach-en-el-mercado-de-subastas-tras-45-anos\\\/#organizationLogo\",\"width\":1152,\"height\":864,\"caption\":\"Cand\\u00e1s 365 Redes\"},\"image\":{\"@id\":\"https:\\\/\\\/candas365.es\\\/noticias\\\/singular-partitura-de-bach-en-el-mercado-de-subastas-tras-45-anos\\\/#organizationLogo\"},\"sameAs\":[\"https:\\\/\\\/www.facebook.com\\\/Nachofdezber\",\"https:\\\/\\\/x.com\\\/NabercoDigital\",\"https:\\\/\\\/www.instagram.com\\\/nachofdezber\\\/\",\"https:\\\/\\\/www.youtube.com\\\/channel\\\/UCZP-2wLEB9Rv6erhFmqVnvg\"],\"address\":{\"@id\":\"https:\\\/\\\/candas365.es\\\/noticias\\\/#postaladdress\",\"@type\":\"PostalAddress\",\"streetAddress\":\"san antonio 4, san antonio 4\",\"postalCode\":\"33430\",\"addressLocality\":\"Cand\\u00e1s\",\"addressRegion\":\"Asturias\",\"addressCountry\":\"ES\"}},{\"@type\":\"Person\",\"@id\":\"https:\\\/\\\/candas365.es\\\/noticias\\\/author\\\/admin\\\/#author\",\"url\":\"https:\\\/\\\/candas365.es\\\/noticias\\\/author\\\/admin\\\/\",\"name\":\"Cand\\u00e1s 365\",\"image\":{\"@type\":\"ImageObject\",\"@id\":\"https:\\\/\\\/candas365.es\\\/noticias\\\/singular-partitura-de-bach-en-el-mercado-de-subastas-tras-45-anos\\\/#authorImage\",\"url\":\"https:\\\/\\\/secure.gravatar.com\\\/avatar\\\/496a8e03d0c493ede1718b7934145dbdf8d89be1036b0eec9544e1094c9de390?s=96&d=mm&r=g\",\"width\":96,\"height\":96,\"caption\":\"Cand\\u00e1s 365\"},\"sameAs\":[\"https:\\\/\\\/www.facebook.com\\\/carrenoactualidad\",\"https:\\\/\\\/twitter.com\\\/nbasturias\",\"https:\\\/\\\/www.instagram.com\\\/nachofdezber\\\/\",\"https:\\\/\\\/www.youtube.com\\\/channel\\\/UCZP-2wLEB9Rv6erhFmqVnvg\"]},{\"@type\":\"WebPage\",\"@id\":\"https:\\\/\\\/candas365.es\\\/noticias\\\/singular-partitura-de-bach-en-el-mercado-de-subastas-tras-45-anos\\\/#webpage\",\"url\":\"https:\\\/\\\/candas365.es\\\/noticias\\\/singular-partitura-de-bach-en-el-mercado-de-subastas-tras-45-anos\\\/\",\"name\":\"Singular partitura de Bach en el mercado de subastas tras 45 a\\u00f1os | Cand\\u00e1s 365\",\"description\":\"Hamburgo (dpa) - Una singular partitura del compositor alem\\u00e1n Johann Sebastian Bach (1685-1750) fue mostrada al p\\u00fablico en varias ciudades alemanas antes de ser subastada el pr\\u00f3ximo 13 de julio en Londres. Las sucursales de la casa de subastas londinense Christie's en Hamburgo, M\\u00fanich y D\\u00fcsseldorf presentaron el \\\"Preludio, Fuga y Alegro BWV 998\\\", compuesto\",\"inLanguage\":\"es-ES\",\"isPartOf\":{\"@id\":\"https:\\\/\\\/candas365.es\\\/noticias\\\/#website\"},\"breadcrumb\":{\"@id\":\"https:\\\/\\\/candas365.es\\\/noticias\\\/singular-partitura-de-bach-en-el-mercado-de-subastas-tras-45-anos\\\/#breadcrumblist\"},\"author\":{\"@id\":\"https:\\\/\\\/candas365.es\\\/noticias\\\/author\\\/admin\\\/#author\"},\"creator\":{\"@id\":\"https:\\\/\\\/candas365.es\\\/noticias\\\/author\\\/admin\\\/#author\"},\"image\":{\"@type\":\"ImageObject\",\"url\":\"https:\\\/\\\/candas365.es\\\/noticias\\\/wp-content\\\/uploads\\\/2015\\\/09\\\/c365noticias.jpg\",\"@id\":\"https:\\\/\\\/candas365.es\\\/noticias\\\/singular-partitura-de-bach-en-el-mercado-de-subastas-tras-45-anos\\\/#mainImage\",\"width\":655,\"height\":360},\"primaryImageOfPage\":{\"@id\":\"https:\\\/\\\/candas365.es\\\/noticias\\\/singular-partitura-de-bach-en-el-mercado-de-subastas-tras-45-anos\\\/#mainImage\"},\"datePublished\":\"2016-06-10T10:16:56+02:00\",\"dateModified\":\"2016-06-10T10:16:56+02:00\"},{\"@type\":\"WebSite\",\"@id\":\"https:\\\/\\\/candas365.es\\\/noticias\\\/#website\",\"url\":\"https:\\\/\\\/candas365.es\\\/noticias\\\/\",\"name\":\"Cand\\u00e1s 365\",\"alternateName\":\"Cand\\u00e1s 365 Noticias\",\"description\":\"Actualidad desde Carre\\u00f1o para el mundo\",\"inLanguage\":\"es-ES\",\"publisher\":{\"@id\":\"https:\\\/\\\/candas365.es\\\/noticias\\\/#organization\"}}]}\n\t\t<\/script>\n\t\t<!-- All in One SEO Pro -->\r\n\t\t<title>Singular partitura de Bach en el mercado de subastas tras 45 a\u00f1os | Cand\u00e1s 365<\/title>\n\n","aioseo_head_json":{"title":"Singular partitura de Bach en el mercado de subastas tras 45 a\u00f1os | Cand\u00e1s 365","description":"Hamburgo (dpa) - Una singular partitura del compositor alem\u00e1n Johann Sebastian Bach (1685-1750) fue mostrada al p\u00fablico en varias ciudades alemanas antes de ser subastada el pr\u00f3ximo 13 de julio en Londres. Las sucursales de la casa de subastas londinense Christie's en Hamburgo, M\u00fanich y D\u00fcsseldorf presentaron el \"Preludio, Fuga y Alegro BWV 998\", compuesto","canonical_url":"https:\/\/candas365.es\/noticias\/singular-partitura-de-bach-en-el-mercado-de-subastas-tras-45-anos\/","robots":"max-image-preview:large","keywords":"actualidad","webmasterTools":{"google-site-verification":"UA-32230408-1","msvalidate.01":"354F3CDFB2DA171B47FBE9ABF1F88D5","miscellaneous":""},"schema":{"@context":"https:\/\/schema.org","@graph":[{"@type":"BreadcrumbList","@id":"https:\/\/candas365.es\/noticias\/singular-partitura-de-bach-en-el-mercado-de-subastas-tras-45-anos\/#breadcrumblist","itemListElement":[{"@type":"ListItem","@id":"https:\/\/candas365.es\/noticias#listItem","position":1,"name":"Home","item":"https:\/\/candas365.es\/noticias","nextItem":{"@type":"ListItem","@id":"https:\/\/candas365.es\/noticias\/category\/actualidad\/#listItem","name":"Actualidad"}},{"@type":"ListItem","@id":"https:\/\/candas365.es\/noticias\/category\/actualidad\/#listItem","position":2,"name":"Actualidad","item":"https:\/\/candas365.es\/noticias\/category\/actualidad\/","nextItem":{"@type":"ListItem","@id":"https:\/\/candas365.es\/noticias\/singular-partitura-de-bach-en-el-mercado-de-subastas-tras-45-anos\/#listItem","name":"Singular partitura de Bach en el mercado de subastas tras 45 a\u00f1os"},"previousItem":{"@type":"ListItem","@id":"https:\/\/candas365.es\/noticias#listItem","name":"Home"}},{"@type":"ListItem","@id":"https:\/\/candas365.es\/noticias\/singular-partitura-de-bach-en-el-mercado-de-subastas-tras-45-anos\/#listItem","position":3,"name":"Singular partitura de Bach en el mercado de subastas tras 45 a\u00f1os","previousItem":{"@type":"ListItem","@id":"https:\/\/candas365.es\/noticias\/category\/actualidad\/#listItem","name":"Actualidad"}}]},{"@type":"NewsArticle","@id":"https:\/\/candas365.es\/noticias\/singular-partitura-de-bach-en-el-mercado-de-subastas-tras-45-anos\/#newsarticle","name":"Singular partitura de Bach en el mercado de subastas tras 45 a\u00f1os | Cand\u00e1s 365","headline":"Singular partitura de Bach en el mercado de subastas tras 45 a\u00f1os","author":{"@id":"https:\/\/candas365.es\/noticias\/author\/admin\/#author"},"publisher":{"@id":"https:\/\/candas365.es\/noticias\/#organization"},"image":{"@type":"ImageObject","url":"https:\/\/candas365.es\/noticias\/wp-content\/uploads\/2015\/09\/c365noticias.jpg","width":655,"height":360},"datePublished":"2016-06-10T10:16:56+02:00","dateModified":"2016-06-10T10:16:56+02:00","inLanguage":"es-ES","mainEntityOfPage":{"@id":"https:\/\/candas365.es\/noticias\/singular-partitura-de-bach-en-el-mercado-de-subastas-tras-45-anos\/#webpage"},"isPartOf":{"@id":"https:\/\/candas365.es\/noticias\/singular-partitura-de-bach-en-el-mercado-de-subastas-tras-45-anos\/#webpage"},"articleSection":"Actualidad","dateline":"Publicado el junio 10, 2016."},{"@type":"Organization","@id":"https:\/\/candas365.es\/noticias\/#organization","name":"Cand\u00e1s 365","description":"Cand\u00e1s 365 es un diario digital independiente, fundado en 2012, con base en Asturias. Informamos con rigor sobre actualidad, sociedad, cultura y ocio, con una mirada local y global.","url":"https:\/\/candas365.es\/noticias\/","email":"info@candas365.es","telephone":"+34652131393","foundingDate":"2012-06-10","logo":{"@type":"ImageObject","url":"https:\/\/candas365.es\/noticias\/wp-content\/uploads\/2024\/09\/Candas-365-Redes.jpg","@id":"https:\/\/candas365.es\/noticias\/singular-partitura-de-bach-en-el-mercado-de-subastas-tras-45-anos\/#organizationLogo","width":1152,"height":864,"caption":"Cand\u00e1s 365 Redes"},"image":{"@id":"https:\/\/candas365.es\/noticias\/singular-partitura-de-bach-en-el-mercado-de-subastas-tras-45-anos\/#organizationLogo"},"sameAs":["https:\/\/www.facebook.com\/Nachofdezber","https:\/\/x.com\/NabercoDigital","https:\/\/www.instagram.com\/nachofdezber\/","https:\/\/www.youtube.com\/channel\/UCZP-2wLEB9Rv6erhFmqVnvg"],"address":{"@id":"https:\/\/candas365.es\/noticias\/#postaladdress","@type":"PostalAddress","streetAddress":"san antonio 4, san antonio 4","postalCode":"33430","addressLocality":"Cand\u00e1s","addressRegion":"Asturias","addressCountry":"ES"}},{"@type":"Person","@id":"https:\/\/candas365.es\/noticias\/author\/admin\/#author","url":"https:\/\/candas365.es\/noticias\/author\/admin\/","name":"Cand\u00e1s 365","image":{"@type":"ImageObject","@id":"https:\/\/candas365.es\/noticias\/singular-partitura-de-bach-en-el-mercado-de-subastas-tras-45-anos\/#authorImage","url":"https:\/\/secure.gravatar.com\/avatar\/496a8e03d0c493ede1718b7934145dbdf8d89be1036b0eec9544e1094c9de390?s=96&d=mm&r=g","width":96,"height":96,"caption":"Cand\u00e1s 365"},"sameAs":["https:\/\/www.facebook.com\/carrenoactualidad","https:\/\/twitter.com\/nbasturias","https:\/\/www.instagram.com\/nachofdezber\/","https:\/\/www.youtube.com\/channel\/UCZP-2wLEB9Rv6erhFmqVnvg"]},{"@type":"WebPage","@id":"https:\/\/candas365.es\/noticias\/singular-partitura-de-bach-en-el-mercado-de-subastas-tras-45-anos\/#webpage","url":"https:\/\/candas365.es\/noticias\/singular-partitura-de-bach-en-el-mercado-de-subastas-tras-45-anos\/","name":"Singular partitura de Bach en el mercado de subastas tras 45 a\u00f1os | Cand\u00e1s 365","description":"Hamburgo (dpa) - Una singular partitura del compositor alem\u00e1n Johann Sebastian Bach (1685-1750) fue mostrada al p\u00fablico en varias ciudades alemanas antes de ser subastada el pr\u00f3ximo 13 de julio en Londres. Las sucursales de la casa de subastas londinense Christie's en Hamburgo, M\u00fanich y D\u00fcsseldorf presentaron el \"Preludio, Fuga y Alegro BWV 998\", compuesto","inLanguage":"es-ES","isPartOf":{"@id":"https:\/\/candas365.es\/noticias\/#website"},"breadcrumb":{"@id":"https:\/\/candas365.es\/noticias\/singular-partitura-de-bach-en-el-mercado-de-subastas-tras-45-anos\/#breadcrumblist"},"author":{"@id":"https:\/\/candas365.es\/noticias\/author\/admin\/#author"},"creator":{"@id":"https:\/\/candas365.es\/noticias\/author\/admin\/#author"},"image":{"@type":"ImageObject","url":"https:\/\/candas365.es\/noticias\/wp-content\/uploads\/2015\/09\/c365noticias.jpg","@id":"https:\/\/candas365.es\/noticias\/singular-partitura-de-bach-en-el-mercado-de-subastas-tras-45-anos\/#mainImage","width":655,"height":360},"primaryImageOfPage":{"@id":"https:\/\/candas365.es\/noticias\/singular-partitura-de-bach-en-el-mercado-de-subastas-tras-45-anos\/#mainImage"},"datePublished":"2016-06-10T10:16:56+02:00","dateModified":"2016-06-10T10:16:56+02:00"},{"@type":"WebSite","@id":"https:\/\/candas365.es\/noticias\/#website","url":"https:\/\/candas365.es\/noticias\/","name":"Cand\u00e1s 365","alternateName":"Cand\u00e1s 365 Noticias","description":"Actualidad desde Carre\u00f1o para el mundo","inLanguage":"es-ES","publisher":{"@id":"https:\/\/candas365.es\/noticias\/#organization"}}]},"og:locale":"es_ES","og:site_name":"Cand\u00e1s 365","og:type":"article","og:title":"Singular partitura de Bach en el mercado de subastas tras 45 a\u00f1os | Cand\u00e1s 365","og:description":"Hamburgo (dpa) - Una singular partitura del compositor alem\u00e1n Johann Sebastian Bach (1685-1750) fue mostrada al p\u00fablico en varias ciudades alemanas antes de ser subastada el pr\u00f3ximo 13 de julio en Londres. Las sucursales de la casa de subastas londinense Christie's en Hamburgo, M\u00fanich y D\u00fcsseldorf presentaron el &quot;Preludio, Fuga y Alegro BWV 998&quot;, compuesto","og:url":"https:\/\/candas365.es\/noticias\/singular-partitura-de-bach-en-el-mercado-de-subastas-tras-45-anos\/","og:image":"https:\/\/candas365.es\/noticias\/wp-content\/uploads\/2015\/09\/c365noticias.jpg","og:image:secure_url":"https:\/\/candas365.es\/noticias\/wp-content\/uploads\/2015\/09\/c365noticias.jpg","og:image:width":655,"og:image:height":360,"article:published_time":"2016-06-10T08:46:56+00:00","article:modified_time":"2016-06-10T08:46:56+00:00","article:publisher":"https:\/\/www.facebook.com\/Nachofdezber","article:author":"https:\/\/www.facebook.com\/carrenoactualidad","twitter:card":"summary_large_image","twitter:site":"@NabercoDigital","twitter:title":"Singular partitura de Bach en el mercado de subastas tras 45 a\u00f1os | Cand\u00e1s 365","twitter:description":"Hamburgo (dpa) - Una singular partitura del compositor alem\u00e1n Johann Sebastian Bach (1685-1750) fue mostrada al p\u00fablico en varias ciudades alemanas antes de ser subastada el pr\u00f3ximo 13 de julio en Londres. Las sucursales de la casa de subastas londinense Christie's en Hamburgo, M\u00fanich y D\u00fcsseldorf presentaron el &quot;Preludio, Fuga y Alegro BWV 998&quot;, compuesto","twitter:creator":"@nbasturias","twitter:image":"https:\/\/candas365.es\/noticias\/wp-content\/uploads\/2015\/09\/c365noticias.jpg","twitter:label1":"Escrito por","twitter:data1":"Cand\u00e1s 365","twitter:label2":"Tiempo de lectura estimado","twitter:data2":"1 minuto"},"aioseo_meta_data":{"post_id":"29941","title":null,"description":null,"keywords":null,"keyphrases":null,"primary_term":null,"canonical_url":null,"og_title":null,"og_description":null,"og_object_type":"default","og_image_type":"default","og_image_url":null,"og_image_width":null,"og_image_height":null,"og_image_custom_url":null,"og_image_custom_fields":null,"og_video":null,"og_custom_url":null,"og_article_section":null,"og_article_tags":null,"twitter_use_og":false,"twitter_card":"default","twitter_image_type":"default","twitter_image_url":null,"twitter_image_custom_url":null,"twitter_image_custom_fields":null,"twitter_title":null,"twitter_description":null,"schema":{"blockGraphs":[],"customGraphs":[],"default":{"data":{"Article":[],"Course":[],"Dataset":[],"FAQPage":[],"Movie":[],"Person":[],"Product":[],"ProductReview":[],"Car":[],"Recipe":[],"Service":[],"SoftwareApplication":[],"WebPage":[]},"graphName":"","isEnabled":true},"graphs":[],"defaultGraph":"","defaultPostTypeGraph":""},"schema_type":null,"schema_type_options":null,"pillar_content":false,"robots_default":true,"robots_noindex":false,"robots_noarchive":false,"robots_nosnippet":false,"robots_nofollow":false,"robots_noimageindex":false,"robots_noodp":false,"robots_notranslate":false,"robots_max_snippet":null,"robots_max_videopreview":null,"robots_max_imagepreview":"large","priority":null,"frequency":null,"location":null,"local_seo":null,"seo_analyzer_scan_date":"2025-08-24 11:53:15","breadcrumb_settings":null,"limit_modified_date":false,"reviewed_by":null,"open_ai":null,"ai":null,"created":"2020-12-21 12:56:30","updated":"2025-08-24 11:53:15"},"aioseo_breadcrumb":"<div class=\"aioseo-breadcrumbs\"><span class=\"aioseo-breadcrumb\">\n\t<a href=\"https:\/\/candas365.es\/noticias\" title=\"Home\">Home<\/a>\n<\/span><span class=\"aioseo-breadcrumb-separator\">&ndash;<\/span><span class=\"aioseo-breadcrumb\">\n\t<a href=\"https:\/\/candas365.es\/noticias\/category\/actualidad\/\" title=\"Actualidad\">Actualidad<\/a>\n<\/span><span class=\"aioseo-breadcrumb-separator\">&ndash;<\/span><span class=\"aioseo-breadcrumb\">\n\tSingular partitura de Bach en el mercado de subastas tras 45 a\u00f1os\n<\/span><\/div>","aioseo_breadcrumb_json":[{"label":"Home","link":"https:\/\/candas365.es\/noticias"},{"label":"Actualidad","link":"https:\/\/candas365.es\/noticias\/category\/actualidad\/"},{"label":"Singular partitura de Bach en el mercado de subastas tras 45 a\u00f1os","link":"https:\/\/candas365.es\/noticias\/singular-partitura-de-bach-en-el-mercado-de-subastas-tras-45-anos\/"}],"_links":{"self":[{"href":"https:\/\/candas365.es\/noticias\/wp-json\/wp\/v2\/posts\/29941","targetHints":{"allow":["GET"]}}],"collection":[{"href":"https:\/\/candas365.es\/noticias\/wp-json\/wp\/v2\/posts"}],"about":[{"href":"https:\/\/candas365.es\/noticias\/wp-json\/wp\/v2\/types\/post"}],"author":[{"embeddable":true,"href":"https:\/\/candas365.es\/noticias\/wp-json\/wp\/v2\/users\/1"}],"replies":[{"embeddable":true,"href":"https:\/\/candas365.es\/noticias\/wp-json\/wp\/v2\/comments?post=29941"}],"version-history":[{"count":0,"href":"https:\/\/candas365.es\/noticias\/wp-json\/wp\/v2\/posts\/29941\/revisions"}],"wp:featuredmedia":[{"embeddable":true,"href":"https:\/\/candas365.es\/noticias\/wp-json\/wp\/v2\/media\/16457"}],"wp:attachment":[{"href":"https:\/\/candas365.es\/noticias\/wp-json\/wp\/v2\/media?parent=29941"}],"wp:term":[{"taxonomy":"category","embeddable":true,"href":"https:\/\/candas365.es\/noticias\/wp-json\/wp\/v2\/categories?post=29941"},{"taxonomy":"post_tag","embeddable":true,"href":"https:\/\/candas365.es\/noticias\/wp-json\/wp\/v2\/tags?post=29941"}],"curies":[{"name":"wp","href":"https:\/\/api.w.org\/{rel}","templated":true}]}}