{"id":29939,"date":"2016-06-10T10:16:00","date_gmt":"2016-06-10T08:46:00","guid":{"rendered":"http:\/\/candas365.es\/noticias\/?p=29939"},"modified":"2016-06-10T10:16:00","modified_gmt":"2016-06-10T08:46:00","slug":"ai-denuncia-respuestas-erroneas-de-alemania-contra-crimenes-de-odio","status":"publish","type":"post","link":"https:\/\/candas365.es\/noticias\/ai-denuncia-respuestas-erroneas-de-alemania-contra-crimenes-de-odio\/","title":{"rendered":"AI denuncia \u00abrespuestas err\u00f3neas\u00bb de Alemania contra cr\u00edmenes de odio"},"content":{"rendered":"<p>Berl\u00edn, 9 jun (dpa) &#8211; La organizaci\u00f3n defensora de los derechos humanos Amnist\u00eda Internacional (AI) critic\u00f3 hoy a Alemania por sus \u00abrespuestas err\u00f3neas\u00bb al dr\u00e1stico aumento de los cr\u00edmenes de odio en el pa\u00eds y reclam\u00f3 mejorar la actuaci\u00f3n de los organismos pertinentes para investigar, enjuiciar y condenar \u00abde forma efectiva\u00bb. <\/p>\n<p>En el informe titulado \u00abLiving in insecurity: How Germany is failing victims of racist violence\u00bb (Vivir en la inseguridad: C\u00f3mo Alemania est\u00e1 fallando a las v\u00edctimas de la violencia racista) presentado hoy en Berl\u00edn, la ONG detall\u00f3 que en 2015 se denunciaron 16 veces m\u00e1s delitos contra solicitantes de asilo (1.031) que en 2013 (63). <\/p>\n<p>En t\u00e9rminos m\u00e1s generales, los cr\u00edmenes violentos racistas contra minor\u00edas \u00e9tnicas y religiosas aumentaron un 87 por ciento, pasando de 693 en 2013 a 1.295 en 2015, escribieron en el informe. <\/p>\n<p>En base a este aumento de los cr\u00edmenes de odio en Alemania, AI reclam\u00f3 que se aborden las deficiencias, \u00abcr\u00f3nicas y bien documentadas\u00bb, de la respuesta de los organismos encargados de hacer cumplir la ley a la violencia racista.<\/p>\n<p>\u00abLas autoridades federales y estatales alemanas deben implantar estrategias integrales de valoraci\u00f3n de riesgos a fin de prevenir los ataques contra albergues para solicitantes de asilo\u00bb, afirm\u00f3 Marco Perolini, investigador sobre la UE de Amnist\u00eda Internacional, en el comunicado de prensa. <\/p>\n<p>\u00abEs urgente aumentar la protecci\u00f3n policial para los albergues que se ha determinado que corren mayor riesgo de sufrir un ataque\u00bb, agreg\u00f3. <\/p>\n<p>AI asegur\u00f3 estar \u00abpreocupada\u00bb por la situaci\u00f3n en Alemania, en especial despu\u00e9s de que en 2015 llegar\u00e1n al pa\u00eds 1,1 millones de refugiados. <\/p>\n<p>En el informe de 80 p\u00e1ginas, AI pone como ejemplo las investigaciones \u00abpoco rigurosas\u00bb sobre una oleada de homicidios cometidos entre 2000 y 2007 por la c\u00e9lula terrorista neonazi alemana autodenominada Resistencia Nacionalsocialista (NSU), que acab\u00f3 con la vida de ocho turcos, un griego y un polic\u00eda alem\u00e1n. <\/p>\n<p>En su opini\u00f3n, algunas de las deficiencias son consecuencia del complejo sistema alem\u00e1n para clasificar y recabar datos sobre delitos de motivaci\u00f3n pol\u00edtica, que abarcan los cr\u00edmenes de odio. <\/p>\n","protected":false},"excerpt":{"rendered":"<p>Berl\u00edn, 9 jun (dpa) &#8211; La organizaci\u00f3n defensora de los derechos humanos Amnist\u00eda Internacional (AI) critic\u00f3 hoy a Alemania por sus \u00abrespuestas err\u00f3neas\u00bb al dr\u00e1stico aumento de los cr\u00edmenes de odio en el pa\u00eds y reclam\u00f3 mejorar la actuaci\u00f3n de los organismos pertinentes para investigar, enjuiciar y condenar \u00abde forma efectiva\u00bb. En el informe titulado<\/p>\n","protected":false},"author":1,"featured_media":16457,"comment_status":"closed","ping_status":"closed","sticky":false,"template":"","format":"standard","meta":{"footnotes":""},"categories":[343],"tags":[],"class_list":{"0":"post-29939","1":"post","2":"type-post","3":"status-publish","4":"format-standard","5":"has-post-thumbnail","7":"category-actualidad"},"aioseo_notices":[],"aioseo_head":"\n\t\t<!-- All in One SEO Pro 4.9.6.2 - aioseo.com -->\n\t<meta name=\"description\" content=\"Berl\u00edn, 9 jun (dpa) - La organizaci\u00f3n defensora de los derechos humanos Amnist\u00eda Internacional (AI) critic\u00f3 hoy a Alemania por sus &quot;respuestas err\u00f3neas&quot; al dr\u00e1stico aumento de los cr\u00edmenes de odio en el pa\u00eds y reclam\u00f3 mejorar la actuaci\u00f3n de los organismos pertinentes para investigar, enjuiciar y condenar &quot;de forma efectiva&quot;. En el informe titulado\" \/>\n\t<meta name=\"robots\" content=\"max-image-preview:large\" \/>\n\t<meta name=\"author\" content=\"Cand\u00e1s 365\"\/>\n\t<meta name=\"google-site-verification\" content=\"UA-32230408-1\" \/>\n\t<meta name=\"msvalidate.01\" content=\"354F3CDFB2DA171B47FBE9ABF1F88D5\" \/>\n\t<meta name=\"keywords\" content=\"actualidad\" \/>\n\t<link rel=\"canonical\" href=\"https:\/\/candas365.es\/noticias\/ai-denuncia-respuestas-erroneas-de-alemania-contra-crimenes-de-odio\/\" \/>\n\t<meta name=\"generator\" content=\"All in One SEO Pro (AIOSEO) 4.9.6.2\" \/>\n\t\t<meta property=\"og:locale\" content=\"es_ES\" \/>\n\t\t<meta property=\"og:site_name\" content=\"Cand\u00e1s 365\" \/>\n\t\t<meta property=\"og:type\" content=\"article\" \/>\n\t\t<meta property=\"og:title\" content=\"AI denuncia \u00abrespuestas err\u00f3neas\u00bb de Alemania contra cr\u00edmenes de odio | Cand\u00e1s 365\" \/>\n\t\t<meta property=\"og:description\" content=\"Berl\u00edn, 9 jun (dpa) - La organizaci\u00f3n defensora de los derechos humanos Amnist\u00eda Internacional (AI) critic\u00f3 hoy a Alemania por sus &quot;respuestas err\u00f3neas&quot; al dr\u00e1stico aumento de los cr\u00edmenes de odio en el pa\u00eds y reclam\u00f3 mejorar la actuaci\u00f3n de los organismos pertinentes para investigar, enjuiciar y condenar &quot;de forma efectiva&quot;. En el informe titulado\" \/>\n\t\t<meta property=\"og:url\" content=\"https:\/\/candas365.es\/noticias\/ai-denuncia-respuestas-erroneas-de-alemania-contra-crimenes-de-odio\/\" \/>\n\t\t<meta property=\"og:image\" content=\"https:\/\/candas365.es\/noticias\/wp-content\/uploads\/2015\/09\/c365noticias.jpg\" \/>\n\t\t<meta property=\"og:image:secure_url\" content=\"https:\/\/candas365.es\/noticias\/wp-content\/uploads\/2015\/09\/c365noticias.jpg\" \/>\n\t\t<meta property=\"og:image:width\" content=\"655\" \/>\n\t\t<meta property=\"og:image:height\" content=\"360\" \/>\n\t\t<meta property=\"article:published_time\" content=\"2016-06-10T08:46:00+00:00\" \/>\n\t\t<meta property=\"article:modified_time\" content=\"2016-06-10T08:46:00+00:00\" \/>\n\t\t<meta property=\"article:publisher\" content=\"https:\/\/www.facebook.com\/Nachofdezber\" \/>\n\t\t<meta property=\"article:author\" content=\"https:\/\/www.facebook.com\/carrenoactualidad\" \/>\n\t\t<meta name=\"twitter:card\" content=\"summary_large_image\" \/>\n\t\t<meta name=\"twitter:site\" content=\"@NabercoDigital\" \/>\n\t\t<meta name=\"twitter:title\" content=\"AI denuncia \u00abrespuestas err\u00f3neas\u00bb de Alemania contra cr\u00edmenes de odio | Cand\u00e1s 365\" \/>\n\t\t<meta name=\"twitter:description\" content=\"Berl\u00edn, 9 jun (dpa) - La organizaci\u00f3n defensora de los derechos humanos Amnist\u00eda Internacional (AI) critic\u00f3 hoy a Alemania por sus &quot;respuestas err\u00f3neas&quot; al dr\u00e1stico aumento de los cr\u00edmenes de odio en el pa\u00eds y reclam\u00f3 mejorar la actuaci\u00f3n de los organismos pertinentes para investigar, enjuiciar y condenar &quot;de forma efectiva&quot;. En el informe titulado\" \/>\n\t\t<meta name=\"twitter:creator\" content=\"@nbasturias\" \/>\n\t\t<meta name=\"twitter:image\" content=\"https:\/\/candas365.es\/noticias\/wp-content\/uploads\/2015\/09\/c365noticias.jpg\" \/>\n\t\t<meta name=\"twitter:label1\" content=\"Escrito por\" \/>\n\t\t<meta name=\"twitter:data1\" content=\"Cand\u00e1s 365\" \/>\n\t\t<meta name=\"twitter:label2\" content=\"Tiempo de lectura estimado\" \/>\n\t\t<meta name=\"twitter:data2\" content=\"2 minutos\" \/>\n\t\t<script type=\"application\/ld+json\" class=\"aioseo-schema\">\n\t\t\t{\"@context\":\"https:\\\/\\\/schema.org\",\"@graph\":[{\"@type\":\"BreadcrumbList\",\"@id\":\"https:\\\/\\\/candas365.es\\\/noticias\\\/ai-denuncia-respuestas-erroneas-de-alemania-contra-crimenes-de-odio\\\/#breadcrumblist\",\"itemListElement\":[{\"@type\":\"ListItem\",\"@id\":\"https:\\\/\\\/candas365.es\\\/noticias#listItem\",\"position\":1,\"name\":\"Home\",\"item\":\"https:\\\/\\\/candas365.es\\\/noticias\",\"nextItem\":{\"@type\":\"ListItem\",\"@id\":\"https:\\\/\\\/candas365.es\\\/noticias\\\/category\\\/actualidad\\\/#listItem\",\"name\":\"Actualidad\"}},{\"@type\":\"ListItem\",\"@id\":\"https:\\\/\\\/candas365.es\\\/noticias\\\/category\\\/actualidad\\\/#listItem\",\"position\":2,\"name\":\"Actualidad\",\"item\":\"https:\\\/\\\/candas365.es\\\/noticias\\\/category\\\/actualidad\\\/\",\"nextItem\":{\"@type\":\"ListItem\",\"@id\":\"https:\\\/\\\/candas365.es\\\/noticias\\\/ai-denuncia-respuestas-erroneas-de-alemania-contra-crimenes-de-odio\\\/#listItem\",\"name\":\"AI denuncia \\u00abrespuestas err\\u00f3neas\\u00bb de Alemania contra cr\\u00edmenes de odio\"},\"previousItem\":{\"@type\":\"ListItem\",\"@id\":\"https:\\\/\\\/candas365.es\\\/noticias#listItem\",\"name\":\"Home\"}},{\"@type\":\"ListItem\",\"@id\":\"https:\\\/\\\/candas365.es\\\/noticias\\\/ai-denuncia-respuestas-erroneas-de-alemania-contra-crimenes-de-odio\\\/#listItem\",\"position\":3,\"name\":\"AI denuncia \\u00abrespuestas err\\u00f3neas\\u00bb de Alemania contra cr\\u00edmenes de odio\",\"previousItem\":{\"@type\":\"ListItem\",\"@id\":\"https:\\\/\\\/candas365.es\\\/noticias\\\/category\\\/actualidad\\\/#listItem\",\"name\":\"Actualidad\"}}]},{\"@type\":\"NewsArticle\",\"@id\":\"https:\\\/\\\/candas365.es\\\/noticias\\\/ai-denuncia-respuestas-erroneas-de-alemania-contra-crimenes-de-odio\\\/#newsarticle\",\"name\":\"AI denuncia \\u00abrespuestas err\\u00f3neas\\u00bb de Alemania contra cr\\u00edmenes de odio | Cand\\u00e1s 365\",\"headline\":\"AI denuncia \\u00abrespuestas err\\u00f3neas\\u00bb de Alemania contra cr\\u00edmenes de odio\",\"author\":{\"@id\":\"https:\\\/\\\/candas365.es\\\/noticias\\\/author\\\/admin\\\/#author\"},\"publisher\":{\"@id\":\"https:\\\/\\\/candas365.es\\\/noticias\\\/#organization\"},\"image\":{\"@type\":\"ImageObject\",\"url\":\"https:\\\/\\\/candas365.es\\\/noticias\\\/wp-content\\\/uploads\\\/2015\\\/09\\\/c365noticias.jpg\",\"width\":655,\"height\":360},\"datePublished\":\"2016-06-10T10:16:00+02:00\",\"dateModified\":\"2016-06-10T10:16:00+02:00\",\"inLanguage\":\"es-ES\",\"mainEntityOfPage\":{\"@id\":\"https:\\\/\\\/candas365.es\\\/noticias\\\/ai-denuncia-respuestas-erroneas-de-alemania-contra-crimenes-de-odio\\\/#webpage\"},\"isPartOf\":{\"@id\":\"https:\\\/\\\/candas365.es\\\/noticias\\\/ai-denuncia-respuestas-erroneas-de-alemania-contra-crimenes-de-odio\\\/#webpage\"},\"articleSection\":\"Actualidad\",\"dateline\":\"Publicado el junio 10, 2016.\"},{\"@type\":\"Organization\",\"@id\":\"https:\\\/\\\/candas365.es\\\/noticias\\\/#organization\",\"name\":\"Cand\\u00e1s 365\",\"description\":\"Cand\\u00e1s 365 es un diario digital independiente, fundado en 2012, con base en Asturias. Informamos con rigor sobre actualidad, sociedad, cultura y ocio, con una mirada local y global.\",\"url\":\"https:\\\/\\\/candas365.es\\\/noticias\\\/\",\"email\":\"info@candas365.es\",\"telephone\":\"+34652131393\",\"foundingDate\":\"2012-06-10\",\"logo\":{\"@type\":\"ImageObject\",\"url\":\"https:\\\/\\\/candas365.es\\\/noticias\\\/wp-content\\\/uploads\\\/2024\\\/09\\\/Candas-365-Redes.jpg\",\"@id\":\"https:\\\/\\\/candas365.es\\\/noticias\\\/ai-denuncia-respuestas-erroneas-de-alemania-contra-crimenes-de-odio\\\/#organizationLogo\",\"width\":1152,\"height\":864,\"caption\":\"Cand\\u00e1s 365 Redes\"},\"image\":{\"@id\":\"https:\\\/\\\/candas365.es\\\/noticias\\\/ai-denuncia-respuestas-erroneas-de-alemania-contra-crimenes-de-odio\\\/#organizationLogo\"},\"sameAs\":[\"https:\\\/\\\/www.facebook.com\\\/Nachofdezber\",\"https:\\\/\\\/x.com\\\/NabercoDigital\",\"https:\\\/\\\/www.instagram.com\\\/nachofdezber\\\/\",\"https:\\\/\\\/www.youtube.com\\\/channel\\\/UCZP-2wLEB9Rv6erhFmqVnvg\"],\"address\":{\"@id\":\"https:\\\/\\\/candas365.es\\\/noticias\\\/#postaladdress\",\"@type\":\"PostalAddress\",\"streetAddress\":\"san antonio 4, san antonio 4\",\"postalCode\":\"33430\",\"addressLocality\":\"Cand\\u00e1s\",\"addressRegion\":\"Asturias\",\"addressCountry\":\"ES\"}},{\"@type\":\"Person\",\"@id\":\"https:\\\/\\\/candas365.es\\\/noticias\\\/author\\\/admin\\\/#author\",\"url\":\"https:\\\/\\\/candas365.es\\\/noticias\\\/author\\\/admin\\\/\",\"name\":\"Cand\\u00e1s 365\",\"image\":{\"@type\":\"ImageObject\",\"@id\":\"https:\\\/\\\/candas365.es\\\/noticias\\\/ai-denuncia-respuestas-erroneas-de-alemania-contra-crimenes-de-odio\\\/#authorImage\",\"url\":\"https:\\\/\\\/secure.gravatar.com\\\/avatar\\\/496a8e03d0c493ede1718b7934145dbdf8d89be1036b0eec9544e1094c9de390?s=96&d=mm&r=g\",\"width\":96,\"height\":96,\"caption\":\"Cand\\u00e1s 365\"},\"sameAs\":[\"https:\\\/\\\/www.facebook.com\\\/carrenoactualidad\",\"https:\\\/\\\/twitter.com\\\/nbasturias\",\"https:\\\/\\\/www.instagram.com\\\/nachofdezber\\\/\",\"https:\\\/\\\/www.youtube.com\\\/channel\\\/UCZP-2wLEB9Rv6erhFmqVnvg\"]},{\"@type\":\"WebPage\",\"@id\":\"https:\\\/\\\/candas365.es\\\/noticias\\\/ai-denuncia-respuestas-erroneas-de-alemania-contra-crimenes-de-odio\\\/#webpage\",\"url\":\"https:\\\/\\\/candas365.es\\\/noticias\\\/ai-denuncia-respuestas-erroneas-de-alemania-contra-crimenes-de-odio\\\/\",\"name\":\"AI denuncia \\u00abrespuestas err\\u00f3neas\\u00bb de Alemania contra cr\\u00edmenes de odio | Cand\\u00e1s 365\",\"description\":\"Berl\\u00edn, 9 jun (dpa) - La organizaci\\u00f3n defensora de los derechos humanos Amnist\\u00eda Internacional (AI) critic\\u00f3 hoy a Alemania por sus \\\"respuestas err\\u00f3neas\\\" al dr\\u00e1stico aumento de los cr\\u00edmenes de odio en el pa\\u00eds y reclam\\u00f3 mejorar la actuaci\\u00f3n de los organismos pertinentes para investigar, enjuiciar y condenar \\\"de forma efectiva\\\". En el informe titulado\",\"inLanguage\":\"es-ES\",\"isPartOf\":{\"@id\":\"https:\\\/\\\/candas365.es\\\/noticias\\\/#website\"},\"breadcrumb\":{\"@id\":\"https:\\\/\\\/candas365.es\\\/noticias\\\/ai-denuncia-respuestas-erroneas-de-alemania-contra-crimenes-de-odio\\\/#breadcrumblist\"},\"author\":{\"@id\":\"https:\\\/\\\/candas365.es\\\/noticias\\\/author\\\/admin\\\/#author\"},\"creator\":{\"@id\":\"https:\\\/\\\/candas365.es\\\/noticias\\\/author\\\/admin\\\/#author\"},\"image\":{\"@type\":\"ImageObject\",\"url\":\"https:\\\/\\\/candas365.es\\\/noticias\\\/wp-content\\\/uploads\\\/2015\\\/09\\\/c365noticias.jpg\",\"@id\":\"https:\\\/\\\/candas365.es\\\/noticias\\\/ai-denuncia-respuestas-erroneas-de-alemania-contra-crimenes-de-odio\\\/#mainImage\",\"width\":655,\"height\":360},\"primaryImageOfPage\":{\"@id\":\"https:\\\/\\\/candas365.es\\\/noticias\\\/ai-denuncia-respuestas-erroneas-de-alemania-contra-crimenes-de-odio\\\/#mainImage\"},\"datePublished\":\"2016-06-10T10:16:00+02:00\",\"dateModified\":\"2016-06-10T10:16:00+02:00\"},{\"@type\":\"WebSite\",\"@id\":\"https:\\\/\\\/candas365.es\\\/noticias\\\/#website\",\"url\":\"https:\\\/\\\/candas365.es\\\/noticias\\\/\",\"name\":\"Cand\\u00e1s 365\",\"alternateName\":\"Cand\\u00e1s 365 Noticias\",\"description\":\"Actualidad desde Carre\\u00f1o para el mundo\",\"inLanguage\":\"es-ES\",\"publisher\":{\"@id\":\"https:\\\/\\\/candas365.es\\\/noticias\\\/#organization\"}}]}\n\t\t<\/script>\n\t\t<!-- All in One SEO Pro -->\r\n\t\t<title>AI denuncia \u00abrespuestas err\u00f3neas\u00bb de Alemania contra cr\u00edmenes de odio | Cand\u00e1s 365<\/title>\n\n","aioseo_head_json":{"title":"AI denuncia \u00abrespuestas err\u00f3neas\u00bb de Alemania contra cr\u00edmenes de odio | Cand\u00e1s 365","description":"Berl\u00edn, 9 jun (dpa) - La organizaci\u00f3n defensora de los derechos humanos Amnist\u00eda Internacional (AI) critic\u00f3 hoy a Alemania por sus \"respuestas err\u00f3neas\" al dr\u00e1stico aumento de los cr\u00edmenes de odio en el pa\u00eds y reclam\u00f3 mejorar la actuaci\u00f3n de los organismos pertinentes para investigar, enjuiciar y condenar \"de forma efectiva\". En el informe titulado","canonical_url":"https:\/\/candas365.es\/noticias\/ai-denuncia-respuestas-erroneas-de-alemania-contra-crimenes-de-odio\/","robots":"max-image-preview:large","keywords":"actualidad","webmasterTools":{"google-site-verification":"UA-32230408-1","msvalidate.01":"354F3CDFB2DA171B47FBE9ABF1F88D5","miscellaneous":""},"schema":{"@context":"https:\/\/schema.org","@graph":[{"@type":"BreadcrumbList","@id":"https:\/\/candas365.es\/noticias\/ai-denuncia-respuestas-erroneas-de-alemania-contra-crimenes-de-odio\/#breadcrumblist","itemListElement":[{"@type":"ListItem","@id":"https:\/\/candas365.es\/noticias#listItem","position":1,"name":"Home","item":"https:\/\/candas365.es\/noticias","nextItem":{"@type":"ListItem","@id":"https:\/\/candas365.es\/noticias\/category\/actualidad\/#listItem","name":"Actualidad"}},{"@type":"ListItem","@id":"https:\/\/candas365.es\/noticias\/category\/actualidad\/#listItem","position":2,"name":"Actualidad","item":"https:\/\/candas365.es\/noticias\/category\/actualidad\/","nextItem":{"@type":"ListItem","@id":"https:\/\/candas365.es\/noticias\/ai-denuncia-respuestas-erroneas-de-alemania-contra-crimenes-de-odio\/#listItem","name":"AI denuncia \u00abrespuestas err\u00f3neas\u00bb de Alemania contra cr\u00edmenes de odio"},"previousItem":{"@type":"ListItem","@id":"https:\/\/candas365.es\/noticias#listItem","name":"Home"}},{"@type":"ListItem","@id":"https:\/\/candas365.es\/noticias\/ai-denuncia-respuestas-erroneas-de-alemania-contra-crimenes-de-odio\/#listItem","position":3,"name":"AI denuncia \u00abrespuestas err\u00f3neas\u00bb de Alemania contra cr\u00edmenes de odio","previousItem":{"@type":"ListItem","@id":"https:\/\/candas365.es\/noticias\/category\/actualidad\/#listItem","name":"Actualidad"}}]},{"@type":"NewsArticle","@id":"https:\/\/candas365.es\/noticias\/ai-denuncia-respuestas-erroneas-de-alemania-contra-crimenes-de-odio\/#newsarticle","name":"AI denuncia \u00abrespuestas err\u00f3neas\u00bb de Alemania contra cr\u00edmenes de odio | Cand\u00e1s 365","headline":"AI denuncia \u00abrespuestas err\u00f3neas\u00bb de Alemania contra cr\u00edmenes de odio","author":{"@id":"https:\/\/candas365.es\/noticias\/author\/admin\/#author"},"publisher":{"@id":"https:\/\/candas365.es\/noticias\/#organization"},"image":{"@type":"ImageObject","url":"https:\/\/candas365.es\/noticias\/wp-content\/uploads\/2015\/09\/c365noticias.jpg","width":655,"height":360},"datePublished":"2016-06-10T10:16:00+02:00","dateModified":"2016-06-10T10:16:00+02:00","inLanguage":"es-ES","mainEntityOfPage":{"@id":"https:\/\/candas365.es\/noticias\/ai-denuncia-respuestas-erroneas-de-alemania-contra-crimenes-de-odio\/#webpage"},"isPartOf":{"@id":"https:\/\/candas365.es\/noticias\/ai-denuncia-respuestas-erroneas-de-alemania-contra-crimenes-de-odio\/#webpage"},"articleSection":"Actualidad","dateline":"Publicado el junio 10, 2016."},{"@type":"Organization","@id":"https:\/\/candas365.es\/noticias\/#organization","name":"Cand\u00e1s 365","description":"Cand\u00e1s 365 es un diario digital independiente, fundado en 2012, con base en Asturias. Informamos con rigor sobre actualidad, sociedad, cultura y ocio, con una mirada local y global.","url":"https:\/\/candas365.es\/noticias\/","email":"info@candas365.es","telephone":"+34652131393","foundingDate":"2012-06-10","logo":{"@type":"ImageObject","url":"https:\/\/candas365.es\/noticias\/wp-content\/uploads\/2024\/09\/Candas-365-Redes.jpg","@id":"https:\/\/candas365.es\/noticias\/ai-denuncia-respuestas-erroneas-de-alemania-contra-crimenes-de-odio\/#organizationLogo","width":1152,"height":864,"caption":"Cand\u00e1s 365 Redes"},"image":{"@id":"https:\/\/candas365.es\/noticias\/ai-denuncia-respuestas-erroneas-de-alemania-contra-crimenes-de-odio\/#organizationLogo"},"sameAs":["https:\/\/www.facebook.com\/Nachofdezber","https:\/\/x.com\/NabercoDigital","https:\/\/www.instagram.com\/nachofdezber\/","https:\/\/www.youtube.com\/channel\/UCZP-2wLEB9Rv6erhFmqVnvg"],"address":{"@id":"https:\/\/candas365.es\/noticias\/#postaladdress","@type":"PostalAddress","streetAddress":"san antonio 4, san antonio 4","postalCode":"33430","addressLocality":"Cand\u00e1s","addressRegion":"Asturias","addressCountry":"ES"}},{"@type":"Person","@id":"https:\/\/candas365.es\/noticias\/author\/admin\/#author","url":"https:\/\/candas365.es\/noticias\/author\/admin\/","name":"Cand\u00e1s 365","image":{"@type":"ImageObject","@id":"https:\/\/candas365.es\/noticias\/ai-denuncia-respuestas-erroneas-de-alemania-contra-crimenes-de-odio\/#authorImage","url":"https:\/\/secure.gravatar.com\/avatar\/496a8e03d0c493ede1718b7934145dbdf8d89be1036b0eec9544e1094c9de390?s=96&d=mm&r=g","width":96,"height":96,"caption":"Cand\u00e1s 365"},"sameAs":["https:\/\/www.facebook.com\/carrenoactualidad","https:\/\/twitter.com\/nbasturias","https:\/\/www.instagram.com\/nachofdezber\/","https:\/\/www.youtube.com\/channel\/UCZP-2wLEB9Rv6erhFmqVnvg"]},{"@type":"WebPage","@id":"https:\/\/candas365.es\/noticias\/ai-denuncia-respuestas-erroneas-de-alemania-contra-crimenes-de-odio\/#webpage","url":"https:\/\/candas365.es\/noticias\/ai-denuncia-respuestas-erroneas-de-alemania-contra-crimenes-de-odio\/","name":"AI denuncia \u00abrespuestas err\u00f3neas\u00bb de Alemania contra cr\u00edmenes de odio | Cand\u00e1s 365","description":"Berl\u00edn, 9 jun (dpa) - La organizaci\u00f3n defensora de los derechos humanos Amnist\u00eda Internacional (AI) critic\u00f3 hoy a Alemania por sus \"respuestas err\u00f3neas\" al dr\u00e1stico aumento de los cr\u00edmenes de odio en el pa\u00eds y reclam\u00f3 mejorar la actuaci\u00f3n de los organismos pertinentes para investigar, enjuiciar y condenar \"de forma efectiva\". En el informe titulado","inLanguage":"es-ES","isPartOf":{"@id":"https:\/\/candas365.es\/noticias\/#website"},"breadcrumb":{"@id":"https:\/\/candas365.es\/noticias\/ai-denuncia-respuestas-erroneas-de-alemania-contra-crimenes-de-odio\/#breadcrumblist"},"author":{"@id":"https:\/\/candas365.es\/noticias\/author\/admin\/#author"},"creator":{"@id":"https:\/\/candas365.es\/noticias\/author\/admin\/#author"},"image":{"@type":"ImageObject","url":"https:\/\/candas365.es\/noticias\/wp-content\/uploads\/2015\/09\/c365noticias.jpg","@id":"https:\/\/candas365.es\/noticias\/ai-denuncia-respuestas-erroneas-de-alemania-contra-crimenes-de-odio\/#mainImage","width":655,"height":360},"primaryImageOfPage":{"@id":"https:\/\/candas365.es\/noticias\/ai-denuncia-respuestas-erroneas-de-alemania-contra-crimenes-de-odio\/#mainImage"},"datePublished":"2016-06-10T10:16:00+02:00","dateModified":"2016-06-10T10:16:00+02:00"},{"@type":"WebSite","@id":"https:\/\/candas365.es\/noticias\/#website","url":"https:\/\/candas365.es\/noticias\/","name":"Cand\u00e1s 365","alternateName":"Cand\u00e1s 365 Noticias","description":"Actualidad desde Carre\u00f1o para el mundo","inLanguage":"es-ES","publisher":{"@id":"https:\/\/candas365.es\/noticias\/#organization"}}]},"og:locale":"es_ES","og:site_name":"Cand\u00e1s 365","og:type":"article","og:title":"AI denuncia \u00abrespuestas err\u00f3neas\u00bb de Alemania contra cr\u00edmenes de odio | Cand\u00e1s 365","og:description":"Berl\u00edn, 9 jun (dpa) - La organizaci\u00f3n defensora de los derechos humanos Amnist\u00eda Internacional (AI) critic\u00f3 hoy a Alemania por sus &quot;respuestas err\u00f3neas&quot; al dr\u00e1stico aumento de los cr\u00edmenes de odio en el pa\u00eds y reclam\u00f3 mejorar la actuaci\u00f3n de los organismos pertinentes para investigar, enjuiciar y condenar &quot;de forma efectiva&quot;. En el informe titulado","og:url":"https:\/\/candas365.es\/noticias\/ai-denuncia-respuestas-erroneas-de-alemania-contra-crimenes-de-odio\/","og:image":"https:\/\/candas365.es\/noticias\/wp-content\/uploads\/2015\/09\/c365noticias.jpg","og:image:secure_url":"https:\/\/candas365.es\/noticias\/wp-content\/uploads\/2015\/09\/c365noticias.jpg","og:image:width":655,"og:image:height":360,"article:published_time":"2016-06-10T08:46:00+00:00","article:modified_time":"2016-06-10T08:46:00+00:00","article:publisher":"https:\/\/www.facebook.com\/Nachofdezber","article:author":"https:\/\/www.facebook.com\/carrenoactualidad","twitter:card":"summary_large_image","twitter:site":"@NabercoDigital","twitter:title":"AI denuncia \u00abrespuestas err\u00f3neas\u00bb de Alemania contra cr\u00edmenes de odio | Cand\u00e1s 365","twitter:description":"Berl\u00edn, 9 jun (dpa) - La organizaci\u00f3n defensora de los derechos humanos Amnist\u00eda Internacional (AI) critic\u00f3 hoy a Alemania por sus &quot;respuestas err\u00f3neas&quot; al dr\u00e1stico aumento de los cr\u00edmenes de odio en el pa\u00eds y reclam\u00f3 mejorar la actuaci\u00f3n de los organismos pertinentes para investigar, enjuiciar y condenar &quot;de forma efectiva&quot;. En el informe titulado","twitter:creator":"@nbasturias","twitter:image":"https:\/\/candas365.es\/noticias\/wp-content\/uploads\/2015\/09\/c365noticias.jpg","twitter:label1":"Escrito por","twitter:data1":"Cand\u00e1s 365","twitter:label2":"Tiempo de lectura estimado","twitter:data2":"2 minutos"},"aioseo_meta_data":{"post_id":"29939","title":null,"description":null,"keywords":null,"keyphrases":null,"primary_term":null,"canonical_url":null,"og_title":null,"og_description":null,"og_object_type":"default","og_image_type":"default","og_image_url":null,"og_image_width":null,"og_image_height":null,"og_image_custom_url":null,"og_image_custom_fields":null,"og_video":null,"og_custom_url":null,"og_article_section":null,"og_article_tags":null,"twitter_use_og":false,"twitter_card":"default","twitter_image_type":"default","twitter_image_url":null,"twitter_image_custom_url":null,"twitter_image_custom_fields":null,"twitter_title":null,"twitter_description":null,"schema":{"blockGraphs":[],"customGraphs":[],"default":{"data":{"Article":[],"Course":[],"Dataset":[],"FAQPage":[],"Movie":[],"Person":[],"Product":[],"ProductReview":[],"Car":[],"Recipe":[],"Service":[],"SoftwareApplication":[],"WebPage":[]},"graphName":"","isEnabled":true},"graphs":[],"defaultGraph":"","defaultPostTypeGraph":""},"schema_type":null,"schema_type_options":null,"pillar_content":false,"robots_default":true,"robots_noindex":false,"robots_noarchive":false,"robots_nosnippet":false,"robots_nofollow":false,"robots_noimageindex":false,"robots_noodp":false,"robots_notranslate":false,"robots_max_snippet":null,"robots_max_videopreview":null,"robots_max_imagepreview":"large","priority":null,"frequency":null,"location":null,"local_seo":null,"seo_analyzer_scan_date":"2025-08-24 11:53:14","breadcrumb_settings":null,"limit_modified_date":false,"reviewed_by":null,"open_ai":null,"ai":null,"created":"2020-12-21 12:56:30","updated":"2025-08-24 11:53:14"},"aioseo_breadcrumb":"<div class=\"aioseo-breadcrumbs\"><span class=\"aioseo-breadcrumb\">\n\t<a href=\"https:\/\/candas365.es\/noticias\" title=\"Home\">Home<\/a>\n<\/span><span class=\"aioseo-breadcrumb-separator\">&ndash;<\/span><span class=\"aioseo-breadcrumb\">\n\t<a href=\"https:\/\/candas365.es\/noticias\/category\/actualidad\/\" title=\"Actualidad\">Actualidad<\/a>\n<\/span><span class=\"aioseo-breadcrumb-separator\">&ndash;<\/span><span class=\"aioseo-breadcrumb\">\n\tAI denuncia \u00abrespuestas err\u00f3neas\u00bb de Alemania contra cr\u00edmenes de odio\n<\/span><\/div>","aioseo_breadcrumb_json":[{"label":"Home","link":"https:\/\/candas365.es\/noticias"},{"label":"Actualidad","link":"https:\/\/candas365.es\/noticias\/category\/actualidad\/"},{"label":"AI denuncia \u00abrespuestas err\u00f3neas\u00bb de Alemania contra cr\u00edmenes de odio","link":"https:\/\/candas365.es\/noticias\/ai-denuncia-respuestas-erroneas-de-alemania-contra-crimenes-de-odio\/"}],"_links":{"self":[{"href":"https:\/\/candas365.es\/noticias\/wp-json\/wp\/v2\/posts\/29939","targetHints":{"allow":["GET"]}}],"collection":[{"href":"https:\/\/candas365.es\/noticias\/wp-json\/wp\/v2\/posts"}],"about":[{"href":"https:\/\/candas365.es\/noticias\/wp-json\/wp\/v2\/types\/post"}],"author":[{"embeddable":true,"href":"https:\/\/candas365.es\/noticias\/wp-json\/wp\/v2\/users\/1"}],"replies":[{"embeddable":true,"href":"https:\/\/candas365.es\/noticias\/wp-json\/wp\/v2\/comments?post=29939"}],"version-history":[{"count":0,"href":"https:\/\/candas365.es\/noticias\/wp-json\/wp\/v2\/posts\/29939\/revisions"}],"wp:featuredmedia":[{"embeddable":true,"href":"https:\/\/candas365.es\/noticias\/wp-json\/wp\/v2\/media\/16457"}],"wp:attachment":[{"href":"https:\/\/candas365.es\/noticias\/wp-json\/wp\/v2\/media?parent=29939"}],"wp:term":[{"taxonomy":"category","embeddable":true,"href":"https:\/\/candas365.es\/noticias\/wp-json\/wp\/v2\/categories?post=29939"},{"taxonomy":"post_tag","embeddable":true,"href":"https:\/\/candas365.es\/noticias\/wp-json\/wp\/v2\/tags?post=29939"}],"curies":[{"name":"wp","href":"https:\/\/api.w.org\/{rel}","templated":true}]}}