{"id":29773,"date":"2016-06-03T18:57:43","date_gmt":"2016-06-03T17:27:43","guid":{"rendered":"http:\/\/candas365.es\/noticias\/?p=29773"},"modified":"2016-06-03T18:57:43","modified_gmt":"2016-06-03T17:27:43","slug":"nietos-de-hitler-berlin-pide-moderacion-ante-furia-de-turquia","status":"publish","type":"post","link":"https:\/\/candas365.es\/noticias\/nietos-de-hitler-berlin-pide-moderacion-ante-furia-de-turquia\/","title":{"rendered":"\u00abNietos de Hitler\u00bb: Berl\u00edn pide moderaci\u00f3n ante furia de Turqu\u00eda"},"content":{"rendered":"<p>Berl\u00edn, 3 jun (dpa) &#8211; El Gobierno alem\u00e1n confi\u00f3 hoy en que las relaciones con Turqu\u00eda resistan la crisis abierta el jueves cuando el Parlamento en Berl\u00edn reconoci\u00f3 como genocidio la masacre sufrida por los armenios en el Imperio otomano hace 100 a\u00f1os.<\/p>\n<p>\u00abNuestra esperanza es que no se produzcan m\u00e1s reacciones\u00bb, dijo hoy una portavoz del Ministerio de Exteriores alem\u00e1n despu\u00e9s de que Ankara llamara a consultas al embajador turco en Berl\u00edn el jueves. La portavoz no supo poner fecha al regreso del diplom\u00e1tico.<\/p>\n<p>Adem\u00e1s de la retirada del embajador, el Ministerio de Exteriores turco cit\u00f3 al encargado de negocios de la Embajada alemana, mientras que diversos pol\u00edticos y medios lanzaron cr\u00edticas furibundas a la decisi\u00f3n del Parlamento, comparaciones con el nazismo incluidas.<\/p>\n<p>\u00abDeber\u00edas tener verg\u00fcenza, Alemania. Mejor oc\u00fapate de tu sucia historia. \u00bfO acaso Hitler era turco?\u00bb, escribi\u00f3 en Twitter el diputado Burhan Kuzu, de la c\u00fapula del partido gobernante AKP.<\/p>\n<p>El legislador del mismo partido Samil Tayyar calific\u00f3 a los alemanes de \u00abnietos de Hitler\u00bb, mientras que diversos medios turcos ilustraron la noticia con im\u00e1genes de la canciller Angela Merkel vestida con uniforme nazi o dibujada con el t\u00edpico bigote hitleriano.<\/p>\n<p>Incluso el ministro de Justicia turco, Bekir Bozdag, coment\u00f3 el jueves: \u00abPrimero quemas jud\u00edos en el horno y luego vas y difamas al pueblo turco acus\u00e1ndolo de genocidio\u00bb.<\/p>\n<p>El portavoz de Merkel, Steffen Seibert, insisti\u00f3 en resaltar la importancia de una relaci\u00f3n \u00abamistosa\u00bb entre ambos pa\u00edses y record\u00f3 la importancia del v\u00ednculo en cuestiones como la crisis de refugiados. \u00abUna relaci\u00f3n as\u00ed puede resistir diferencias de opini\u00f3n y lo har\u00e1\u00bb, sostuvo.<\/p>\n<p>Para el ministro de Exteriores alem\u00e1n, Frank-Walter Steinmeier, las reacciones de Turqu\u00eda eran \u00abprevisibles\u00bb.<\/p>\n<p>El Imperio otomano asesin\u00f3 a hasta 1,5 millones de armenios cristianos en 1915 y 1916, seg\u00fan las estimaciones, sospechando que pactaban a escondidas con la tambi\u00e9n cristiana Rusia, su rival en la contienda. Turqu\u00eda, sucesora del imperio, lament\u00f3 lo ocurrido, pero rechaz\u00f3 siempre que denominarlo \u00abgenocidio\u00bb.<\/p>\n<p>Alemania se uni\u00f3 el jueves a una veintena de pa\u00edses que usaron esa palabra para describir lo ocurrido pese a las advertencias del presidente turco, Recep Tayyip Erdogan, que hab\u00eda alertado de que ese paso da\u00f1ar\u00eda \u00ablas relaciones diplom\u00e1ticas, econ\u00f3micas, sociales, pol\u00edticas y militares entre los dos pa\u00edses\u00bb.<\/p>\n<p>&nbsp;<\/p>\n","protected":false},"excerpt":{"rendered":"<p>Berl\u00edn, 3 jun (dpa) &#8211; El Gobierno alem\u00e1n confi\u00f3 hoy en que las relaciones con Turqu\u00eda resistan la crisis abierta el jueves cuando el Parlamento en Berl\u00edn reconoci\u00f3 como genocidio la masacre sufrida por los armenios en el Imperio otomano hace 100 a\u00f1os. \u00abNuestra esperanza es que no se produzcan m\u00e1s reacciones\u00bb, dijo hoy una<\/p>\n","protected":false},"author":1,"featured_media":14237,"comment_status":"closed","ping_status":"closed","sticky":false,"template":"","format":"standard","meta":{"footnotes":""},"categories":[343],"tags":[],"class_list":{"0":"post-29773","1":"post","2":"type-post","3":"status-publish","4":"format-standard","5":"has-post-thumbnail","7":"category-actualidad"},"aioseo_notices":[],"aioseo_head":"\n\t\t<!-- All in One SEO Pro 4.9.6.2 - aioseo.com -->\n\t<meta name=\"description\" content=\"Berl\u00edn, 3 jun (dpa) - El Gobierno alem\u00e1n confi\u00f3 hoy en que las relaciones con Turqu\u00eda resistan la crisis abierta el jueves cuando el Parlamento en Berl\u00edn reconoci\u00f3 como genocidio la masacre sufrida por los armenios en el Imperio otomano hace 100 a\u00f1os. &quot;Nuestra esperanza es que no se produzcan m\u00e1s reacciones&quot;, dijo hoy una\" \/>\n\t<meta name=\"robots\" content=\"max-image-preview:large\" \/>\n\t<meta name=\"author\" content=\"Cand\u00e1s 365\"\/>\n\t<meta name=\"google-site-verification\" content=\"UA-32230408-1\" \/>\n\t<meta name=\"msvalidate.01\" content=\"354F3CDFB2DA171B47FBE9ABF1F88D5\" \/>\n\t<meta name=\"keywords\" content=\"actualidad\" \/>\n\t<link rel=\"canonical\" href=\"https:\/\/candas365.es\/noticias\/nietos-de-hitler-berlin-pide-moderacion-ante-furia-de-turquia\/\" \/>\n\t<meta name=\"generator\" content=\"All in One SEO Pro (AIOSEO) 4.9.6.2\" \/>\n\t\t<meta property=\"og:locale\" content=\"es_ES\" \/>\n\t\t<meta property=\"og:site_name\" content=\"Cand\u00e1s 365\" \/>\n\t\t<meta property=\"og:type\" content=\"article\" \/>\n\t\t<meta property=\"og:title\" content=\"\u00abNietos de Hitler\u00bb: Berl\u00edn pide moderaci\u00f3n ante furia de Turqu\u00eda | Cand\u00e1s 365\" \/>\n\t\t<meta property=\"og:description\" content=\"Berl\u00edn, 3 jun (dpa) - El Gobierno alem\u00e1n confi\u00f3 hoy en que las relaciones con Turqu\u00eda resistan la crisis abierta el jueves cuando el Parlamento en Berl\u00edn reconoci\u00f3 como genocidio la masacre sufrida por los armenios en el Imperio otomano hace 100 a\u00f1os. &quot;Nuestra esperanza es que no se produzcan m\u00e1s reacciones&quot;, dijo hoy una\" \/>\n\t\t<meta property=\"og:url\" content=\"https:\/\/candas365.es\/noticias\/nietos-de-hitler-berlin-pide-moderacion-ante-furia-de-turquia\/\" \/>\n\t\t<meta property=\"og:image\" content=\"https:\/\/candas365.es\/noticias\/wp-content\/uploads\/2015\/08\/internet.jpg\" \/>\n\t\t<meta property=\"og:image:secure_url\" content=\"https:\/\/candas365.es\/noticias\/wp-content\/uploads\/2015\/08\/internet.jpg\" \/>\n\t\t<meta property=\"og:image:width\" content=\"655\" \/>\n\t\t<meta property=\"og:image:height\" content=\"360\" \/>\n\t\t<meta property=\"article:published_time\" content=\"2016-06-03T17:27:43+00:00\" \/>\n\t\t<meta property=\"article:modified_time\" content=\"2016-06-03T17:27:43+00:00\" \/>\n\t\t<meta property=\"article:publisher\" content=\"https:\/\/www.facebook.com\/Nachofdezber\" \/>\n\t\t<meta property=\"article:author\" content=\"https:\/\/www.facebook.com\/carrenoactualidad\" \/>\n\t\t<meta name=\"twitter:card\" content=\"summary_large_image\" \/>\n\t\t<meta name=\"twitter:site\" content=\"@NabercoDigital\" \/>\n\t\t<meta name=\"twitter:title\" content=\"\u00abNietos de Hitler\u00bb: Berl\u00edn pide moderaci\u00f3n ante furia de Turqu\u00eda | Cand\u00e1s 365\" \/>\n\t\t<meta name=\"twitter:description\" content=\"Berl\u00edn, 3 jun (dpa) - El Gobierno alem\u00e1n confi\u00f3 hoy en que las relaciones con Turqu\u00eda resistan la crisis abierta el jueves cuando el Parlamento en Berl\u00edn reconoci\u00f3 como genocidio la masacre sufrida por los armenios en el Imperio otomano hace 100 a\u00f1os. &quot;Nuestra esperanza es que no se produzcan m\u00e1s reacciones&quot;, dijo hoy una\" \/>\n\t\t<meta name=\"twitter:creator\" content=\"@nbasturias\" \/>\n\t\t<meta name=\"twitter:image\" content=\"https:\/\/candas365.es\/noticias\/wp-content\/uploads\/2015\/08\/internet.jpg\" \/>\n\t\t<meta name=\"twitter:label1\" content=\"Escrito por\" \/>\n\t\t<meta name=\"twitter:data1\" content=\"Cand\u00e1s 365\" \/>\n\t\t<meta name=\"twitter:label2\" content=\"Tiempo de lectura estimado\" \/>\n\t\t<meta name=\"twitter:data2\" content=\"2 minutos\" \/>\n\t\t<script type=\"application\/ld+json\" class=\"aioseo-schema\">\n\t\t\t{\"@context\":\"https:\\\/\\\/schema.org\",\"@graph\":[{\"@type\":\"BreadcrumbList\",\"@id\":\"https:\\\/\\\/candas365.es\\\/noticias\\\/nietos-de-hitler-berlin-pide-moderacion-ante-furia-de-turquia\\\/#breadcrumblist\",\"itemListElement\":[{\"@type\":\"ListItem\",\"@id\":\"https:\\\/\\\/candas365.es\\\/noticias#listItem\",\"position\":1,\"name\":\"Home\",\"item\":\"https:\\\/\\\/candas365.es\\\/noticias\",\"nextItem\":{\"@type\":\"ListItem\",\"@id\":\"https:\\\/\\\/candas365.es\\\/noticias\\\/category\\\/actualidad\\\/#listItem\",\"name\":\"Actualidad\"}},{\"@type\":\"ListItem\",\"@id\":\"https:\\\/\\\/candas365.es\\\/noticias\\\/category\\\/actualidad\\\/#listItem\",\"position\":2,\"name\":\"Actualidad\",\"item\":\"https:\\\/\\\/candas365.es\\\/noticias\\\/category\\\/actualidad\\\/\",\"nextItem\":{\"@type\":\"ListItem\",\"@id\":\"https:\\\/\\\/candas365.es\\\/noticias\\\/nietos-de-hitler-berlin-pide-moderacion-ante-furia-de-turquia\\\/#listItem\",\"name\":\"\\u00abNietos de Hitler\\u00bb: Berl\\u00edn pide moderaci\\u00f3n ante furia de Turqu\\u00eda\"},\"previousItem\":{\"@type\":\"ListItem\",\"@id\":\"https:\\\/\\\/candas365.es\\\/noticias#listItem\",\"name\":\"Home\"}},{\"@type\":\"ListItem\",\"@id\":\"https:\\\/\\\/candas365.es\\\/noticias\\\/nietos-de-hitler-berlin-pide-moderacion-ante-furia-de-turquia\\\/#listItem\",\"position\":3,\"name\":\"\\u00abNietos de Hitler\\u00bb: Berl\\u00edn pide moderaci\\u00f3n ante furia de Turqu\\u00eda\",\"previousItem\":{\"@type\":\"ListItem\",\"@id\":\"https:\\\/\\\/candas365.es\\\/noticias\\\/category\\\/actualidad\\\/#listItem\",\"name\":\"Actualidad\"}}]},{\"@type\":\"NewsArticle\",\"@id\":\"https:\\\/\\\/candas365.es\\\/noticias\\\/nietos-de-hitler-berlin-pide-moderacion-ante-furia-de-turquia\\\/#newsarticle\",\"name\":\"\\u00abNietos de Hitler\\u00bb: Berl\\u00edn pide moderaci\\u00f3n ante furia de Turqu\\u00eda | Cand\\u00e1s 365\",\"headline\":\"\\u00abNietos de Hitler\\u00bb: Berl\\u00edn pide moderaci\\u00f3n ante furia de Turqu\\u00eda\",\"author\":{\"@id\":\"https:\\\/\\\/candas365.es\\\/noticias\\\/author\\\/admin\\\/#author\"},\"publisher\":{\"@id\":\"https:\\\/\\\/candas365.es\\\/noticias\\\/#organization\"},\"image\":{\"@type\":\"ImageObject\",\"url\":\"https:\\\/\\\/candas365.es\\\/noticias\\\/wp-content\\\/uploads\\\/2015\\\/08\\\/internet.jpg\",\"width\":655,\"height\":360},\"datePublished\":\"2016-06-03T18:57:43+02:00\",\"dateModified\":\"2016-06-03T18:57:43+02:00\",\"inLanguage\":\"es-ES\",\"mainEntityOfPage\":{\"@id\":\"https:\\\/\\\/candas365.es\\\/noticias\\\/nietos-de-hitler-berlin-pide-moderacion-ante-furia-de-turquia\\\/#webpage\"},\"isPartOf\":{\"@id\":\"https:\\\/\\\/candas365.es\\\/noticias\\\/nietos-de-hitler-berlin-pide-moderacion-ante-furia-de-turquia\\\/#webpage\"},\"articleSection\":\"Actualidad\",\"dateline\":\"Publicado el junio 3, 2016.\"},{\"@type\":\"Organization\",\"@id\":\"https:\\\/\\\/candas365.es\\\/noticias\\\/#organization\",\"name\":\"Cand\\u00e1s 365\",\"description\":\"Cand\\u00e1s 365 es un diario digital independiente, fundado en 2012, con base en Asturias. Informamos con rigor sobre actualidad, sociedad, cultura y ocio, con una mirada local y global.\",\"url\":\"https:\\\/\\\/candas365.es\\\/noticias\\\/\",\"email\":\"info@candas365.es\",\"telephone\":\"+34652131393\",\"foundingDate\":\"2012-06-10\",\"logo\":{\"@type\":\"ImageObject\",\"url\":\"https:\\\/\\\/candas365.es\\\/noticias\\\/wp-content\\\/uploads\\\/2024\\\/09\\\/Candas-365-Redes.jpg\",\"@id\":\"https:\\\/\\\/candas365.es\\\/noticias\\\/nietos-de-hitler-berlin-pide-moderacion-ante-furia-de-turquia\\\/#organizationLogo\",\"width\":1152,\"height\":864,\"caption\":\"Cand\\u00e1s 365 Redes\"},\"image\":{\"@id\":\"https:\\\/\\\/candas365.es\\\/noticias\\\/nietos-de-hitler-berlin-pide-moderacion-ante-furia-de-turquia\\\/#organizationLogo\"},\"sameAs\":[\"https:\\\/\\\/www.facebook.com\\\/Nachofdezber\",\"https:\\\/\\\/x.com\\\/NabercoDigital\",\"https:\\\/\\\/www.instagram.com\\\/nachofdezber\\\/\",\"https:\\\/\\\/www.youtube.com\\\/channel\\\/UCZP-2wLEB9Rv6erhFmqVnvg\"],\"address\":{\"@id\":\"https:\\\/\\\/candas365.es\\\/noticias\\\/#postaladdress\",\"@type\":\"PostalAddress\",\"streetAddress\":\"san antonio 4, san antonio 4\",\"postalCode\":\"33430\",\"addressLocality\":\"Cand\\u00e1s\",\"addressRegion\":\"Asturias\",\"addressCountry\":\"ES\"}},{\"@type\":\"Person\",\"@id\":\"https:\\\/\\\/candas365.es\\\/noticias\\\/author\\\/admin\\\/#author\",\"url\":\"https:\\\/\\\/candas365.es\\\/noticias\\\/author\\\/admin\\\/\",\"name\":\"Cand\\u00e1s 365\",\"image\":{\"@type\":\"ImageObject\",\"@id\":\"https:\\\/\\\/candas365.es\\\/noticias\\\/nietos-de-hitler-berlin-pide-moderacion-ante-furia-de-turquia\\\/#authorImage\",\"url\":\"https:\\\/\\\/secure.gravatar.com\\\/avatar\\\/496a8e03d0c493ede1718b7934145dbdf8d89be1036b0eec9544e1094c9de390?s=96&d=mm&r=g\",\"width\":96,\"height\":96,\"caption\":\"Cand\\u00e1s 365\"},\"sameAs\":[\"https:\\\/\\\/www.facebook.com\\\/carrenoactualidad\",\"https:\\\/\\\/twitter.com\\\/nbasturias\",\"https:\\\/\\\/www.instagram.com\\\/nachofdezber\\\/\",\"https:\\\/\\\/www.youtube.com\\\/channel\\\/UCZP-2wLEB9Rv6erhFmqVnvg\"]},{\"@type\":\"WebPage\",\"@id\":\"https:\\\/\\\/candas365.es\\\/noticias\\\/nietos-de-hitler-berlin-pide-moderacion-ante-furia-de-turquia\\\/#webpage\",\"url\":\"https:\\\/\\\/candas365.es\\\/noticias\\\/nietos-de-hitler-berlin-pide-moderacion-ante-furia-de-turquia\\\/\",\"name\":\"\\u00abNietos de Hitler\\u00bb: Berl\\u00edn pide moderaci\\u00f3n ante furia de Turqu\\u00eda | Cand\\u00e1s 365\",\"description\":\"Berl\\u00edn, 3 jun (dpa) - El Gobierno alem\\u00e1n confi\\u00f3 hoy en que las relaciones con Turqu\\u00eda resistan la crisis abierta el jueves cuando el Parlamento en Berl\\u00edn reconoci\\u00f3 como genocidio la masacre sufrida por los armenios en el Imperio otomano hace 100 a\\u00f1os. \\\"Nuestra esperanza es que no se produzcan m\\u00e1s reacciones\\\", dijo hoy una\",\"inLanguage\":\"es-ES\",\"isPartOf\":{\"@id\":\"https:\\\/\\\/candas365.es\\\/noticias\\\/#website\"},\"breadcrumb\":{\"@id\":\"https:\\\/\\\/candas365.es\\\/noticias\\\/nietos-de-hitler-berlin-pide-moderacion-ante-furia-de-turquia\\\/#breadcrumblist\"},\"author\":{\"@id\":\"https:\\\/\\\/candas365.es\\\/noticias\\\/author\\\/admin\\\/#author\"},\"creator\":{\"@id\":\"https:\\\/\\\/candas365.es\\\/noticias\\\/author\\\/admin\\\/#author\"},\"image\":{\"@type\":\"ImageObject\",\"url\":\"https:\\\/\\\/candas365.es\\\/noticias\\\/wp-content\\\/uploads\\\/2015\\\/08\\\/internet.jpg\",\"@id\":\"https:\\\/\\\/candas365.es\\\/noticias\\\/nietos-de-hitler-berlin-pide-moderacion-ante-furia-de-turquia\\\/#mainImage\",\"width\":655,\"height\":360},\"primaryImageOfPage\":{\"@id\":\"https:\\\/\\\/candas365.es\\\/noticias\\\/nietos-de-hitler-berlin-pide-moderacion-ante-furia-de-turquia\\\/#mainImage\"},\"datePublished\":\"2016-06-03T18:57:43+02:00\",\"dateModified\":\"2016-06-03T18:57:43+02:00\"},{\"@type\":\"WebSite\",\"@id\":\"https:\\\/\\\/candas365.es\\\/noticias\\\/#website\",\"url\":\"https:\\\/\\\/candas365.es\\\/noticias\\\/\",\"name\":\"Cand\\u00e1s 365\",\"alternateName\":\"Cand\\u00e1s 365 Noticias\",\"description\":\"Actualidad desde Carre\\u00f1o para el mundo\",\"inLanguage\":\"es-ES\",\"publisher\":{\"@id\":\"https:\\\/\\\/candas365.es\\\/noticias\\\/#organization\"}}]}\n\t\t<\/script>\n\t\t<!-- All in One SEO Pro -->\r\n\t\t<title>\u00abNietos de Hitler\u00bb: Berl\u00edn pide moderaci\u00f3n ante furia de Turqu\u00eda | Cand\u00e1s 365<\/title>\n\n","aioseo_head_json":{"title":"\u00abNietos de Hitler\u00bb: Berl\u00edn pide moderaci\u00f3n ante furia de Turqu\u00eda | Cand\u00e1s 365","description":"Berl\u00edn, 3 jun (dpa) - El Gobierno alem\u00e1n confi\u00f3 hoy en que las relaciones con Turqu\u00eda resistan la crisis abierta el jueves cuando el Parlamento en Berl\u00edn reconoci\u00f3 como genocidio la masacre sufrida por los armenios en el Imperio otomano hace 100 a\u00f1os. \"Nuestra esperanza es que no se produzcan m\u00e1s reacciones\", dijo hoy una","canonical_url":"https:\/\/candas365.es\/noticias\/nietos-de-hitler-berlin-pide-moderacion-ante-furia-de-turquia\/","robots":"max-image-preview:large","keywords":"actualidad","webmasterTools":{"google-site-verification":"UA-32230408-1","msvalidate.01":"354F3CDFB2DA171B47FBE9ABF1F88D5","miscellaneous":""},"schema":{"@context":"https:\/\/schema.org","@graph":[{"@type":"BreadcrumbList","@id":"https:\/\/candas365.es\/noticias\/nietos-de-hitler-berlin-pide-moderacion-ante-furia-de-turquia\/#breadcrumblist","itemListElement":[{"@type":"ListItem","@id":"https:\/\/candas365.es\/noticias#listItem","position":1,"name":"Home","item":"https:\/\/candas365.es\/noticias","nextItem":{"@type":"ListItem","@id":"https:\/\/candas365.es\/noticias\/category\/actualidad\/#listItem","name":"Actualidad"}},{"@type":"ListItem","@id":"https:\/\/candas365.es\/noticias\/category\/actualidad\/#listItem","position":2,"name":"Actualidad","item":"https:\/\/candas365.es\/noticias\/category\/actualidad\/","nextItem":{"@type":"ListItem","@id":"https:\/\/candas365.es\/noticias\/nietos-de-hitler-berlin-pide-moderacion-ante-furia-de-turquia\/#listItem","name":"\u00abNietos de Hitler\u00bb: Berl\u00edn pide moderaci\u00f3n ante furia de Turqu\u00eda"},"previousItem":{"@type":"ListItem","@id":"https:\/\/candas365.es\/noticias#listItem","name":"Home"}},{"@type":"ListItem","@id":"https:\/\/candas365.es\/noticias\/nietos-de-hitler-berlin-pide-moderacion-ante-furia-de-turquia\/#listItem","position":3,"name":"\u00abNietos de Hitler\u00bb: Berl\u00edn pide moderaci\u00f3n ante furia de Turqu\u00eda","previousItem":{"@type":"ListItem","@id":"https:\/\/candas365.es\/noticias\/category\/actualidad\/#listItem","name":"Actualidad"}}]},{"@type":"NewsArticle","@id":"https:\/\/candas365.es\/noticias\/nietos-de-hitler-berlin-pide-moderacion-ante-furia-de-turquia\/#newsarticle","name":"\u00abNietos de Hitler\u00bb: Berl\u00edn pide moderaci\u00f3n ante furia de Turqu\u00eda | Cand\u00e1s 365","headline":"\u00abNietos de Hitler\u00bb: Berl\u00edn pide moderaci\u00f3n ante furia de Turqu\u00eda","author":{"@id":"https:\/\/candas365.es\/noticias\/author\/admin\/#author"},"publisher":{"@id":"https:\/\/candas365.es\/noticias\/#organization"},"image":{"@type":"ImageObject","url":"https:\/\/candas365.es\/noticias\/wp-content\/uploads\/2015\/08\/internet.jpg","width":655,"height":360},"datePublished":"2016-06-03T18:57:43+02:00","dateModified":"2016-06-03T18:57:43+02:00","inLanguage":"es-ES","mainEntityOfPage":{"@id":"https:\/\/candas365.es\/noticias\/nietos-de-hitler-berlin-pide-moderacion-ante-furia-de-turquia\/#webpage"},"isPartOf":{"@id":"https:\/\/candas365.es\/noticias\/nietos-de-hitler-berlin-pide-moderacion-ante-furia-de-turquia\/#webpage"},"articleSection":"Actualidad","dateline":"Publicado el junio 3, 2016."},{"@type":"Organization","@id":"https:\/\/candas365.es\/noticias\/#organization","name":"Cand\u00e1s 365","description":"Cand\u00e1s 365 es un diario digital independiente, fundado en 2012, con base en Asturias. Informamos con rigor sobre actualidad, sociedad, cultura y ocio, con una mirada local y global.","url":"https:\/\/candas365.es\/noticias\/","email":"info@candas365.es","telephone":"+34652131393","foundingDate":"2012-06-10","logo":{"@type":"ImageObject","url":"https:\/\/candas365.es\/noticias\/wp-content\/uploads\/2024\/09\/Candas-365-Redes.jpg","@id":"https:\/\/candas365.es\/noticias\/nietos-de-hitler-berlin-pide-moderacion-ante-furia-de-turquia\/#organizationLogo","width":1152,"height":864,"caption":"Cand\u00e1s 365 Redes"},"image":{"@id":"https:\/\/candas365.es\/noticias\/nietos-de-hitler-berlin-pide-moderacion-ante-furia-de-turquia\/#organizationLogo"},"sameAs":["https:\/\/www.facebook.com\/Nachofdezber","https:\/\/x.com\/NabercoDigital","https:\/\/www.instagram.com\/nachofdezber\/","https:\/\/www.youtube.com\/channel\/UCZP-2wLEB9Rv6erhFmqVnvg"],"address":{"@id":"https:\/\/candas365.es\/noticias\/#postaladdress","@type":"PostalAddress","streetAddress":"san antonio 4, san antonio 4","postalCode":"33430","addressLocality":"Cand\u00e1s","addressRegion":"Asturias","addressCountry":"ES"}},{"@type":"Person","@id":"https:\/\/candas365.es\/noticias\/author\/admin\/#author","url":"https:\/\/candas365.es\/noticias\/author\/admin\/","name":"Cand\u00e1s 365","image":{"@type":"ImageObject","@id":"https:\/\/candas365.es\/noticias\/nietos-de-hitler-berlin-pide-moderacion-ante-furia-de-turquia\/#authorImage","url":"https:\/\/secure.gravatar.com\/avatar\/496a8e03d0c493ede1718b7934145dbdf8d89be1036b0eec9544e1094c9de390?s=96&d=mm&r=g","width":96,"height":96,"caption":"Cand\u00e1s 365"},"sameAs":["https:\/\/www.facebook.com\/carrenoactualidad","https:\/\/twitter.com\/nbasturias","https:\/\/www.instagram.com\/nachofdezber\/","https:\/\/www.youtube.com\/channel\/UCZP-2wLEB9Rv6erhFmqVnvg"]},{"@type":"WebPage","@id":"https:\/\/candas365.es\/noticias\/nietos-de-hitler-berlin-pide-moderacion-ante-furia-de-turquia\/#webpage","url":"https:\/\/candas365.es\/noticias\/nietos-de-hitler-berlin-pide-moderacion-ante-furia-de-turquia\/","name":"\u00abNietos de Hitler\u00bb: Berl\u00edn pide moderaci\u00f3n ante furia de Turqu\u00eda | Cand\u00e1s 365","description":"Berl\u00edn, 3 jun (dpa) - El Gobierno alem\u00e1n confi\u00f3 hoy en que las relaciones con Turqu\u00eda resistan la crisis abierta el jueves cuando el Parlamento en Berl\u00edn reconoci\u00f3 como genocidio la masacre sufrida por los armenios en el Imperio otomano hace 100 a\u00f1os. \"Nuestra esperanza es que no se produzcan m\u00e1s reacciones\", dijo hoy una","inLanguage":"es-ES","isPartOf":{"@id":"https:\/\/candas365.es\/noticias\/#website"},"breadcrumb":{"@id":"https:\/\/candas365.es\/noticias\/nietos-de-hitler-berlin-pide-moderacion-ante-furia-de-turquia\/#breadcrumblist"},"author":{"@id":"https:\/\/candas365.es\/noticias\/author\/admin\/#author"},"creator":{"@id":"https:\/\/candas365.es\/noticias\/author\/admin\/#author"},"image":{"@type":"ImageObject","url":"https:\/\/candas365.es\/noticias\/wp-content\/uploads\/2015\/08\/internet.jpg","@id":"https:\/\/candas365.es\/noticias\/nietos-de-hitler-berlin-pide-moderacion-ante-furia-de-turquia\/#mainImage","width":655,"height":360},"primaryImageOfPage":{"@id":"https:\/\/candas365.es\/noticias\/nietos-de-hitler-berlin-pide-moderacion-ante-furia-de-turquia\/#mainImage"},"datePublished":"2016-06-03T18:57:43+02:00","dateModified":"2016-06-03T18:57:43+02:00"},{"@type":"WebSite","@id":"https:\/\/candas365.es\/noticias\/#website","url":"https:\/\/candas365.es\/noticias\/","name":"Cand\u00e1s 365","alternateName":"Cand\u00e1s 365 Noticias","description":"Actualidad desde Carre\u00f1o para el mundo","inLanguage":"es-ES","publisher":{"@id":"https:\/\/candas365.es\/noticias\/#organization"}}]},"og:locale":"es_ES","og:site_name":"Cand\u00e1s 365","og:type":"article","og:title":"\u00abNietos de Hitler\u00bb: Berl\u00edn pide moderaci\u00f3n ante furia de Turqu\u00eda | Cand\u00e1s 365","og:description":"Berl\u00edn, 3 jun (dpa) - El Gobierno alem\u00e1n confi\u00f3 hoy en que las relaciones con Turqu\u00eda resistan la crisis abierta el jueves cuando el Parlamento en Berl\u00edn reconoci\u00f3 como genocidio la masacre sufrida por los armenios en el Imperio otomano hace 100 a\u00f1os. &quot;Nuestra esperanza es que no se produzcan m\u00e1s reacciones&quot;, dijo hoy una","og:url":"https:\/\/candas365.es\/noticias\/nietos-de-hitler-berlin-pide-moderacion-ante-furia-de-turquia\/","og:image":"https:\/\/candas365.es\/noticias\/wp-content\/uploads\/2015\/08\/internet.jpg","og:image:secure_url":"https:\/\/candas365.es\/noticias\/wp-content\/uploads\/2015\/08\/internet.jpg","og:image:width":655,"og:image:height":360,"article:published_time":"2016-06-03T17:27:43+00:00","article:modified_time":"2016-06-03T17:27:43+00:00","article:publisher":"https:\/\/www.facebook.com\/Nachofdezber","article:author":"https:\/\/www.facebook.com\/carrenoactualidad","twitter:card":"summary_large_image","twitter:site":"@NabercoDigital","twitter:title":"\u00abNietos de Hitler\u00bb: Berl\u00edn pide moderaci\u00f3n ante furia de Turqu\u00eda | Cand\u00e1s 365","twitter:description":"Berl\u00edn, 3 jun (dpa) - El Gobierno alem\u00e1n confi\u00f3 hoy en que las relaciones con Turqu\u00eda resistan la crisis abierta el jueves cuando el Parlamento en Berl\u00edn reconoci\u00f3 como genocidio la masacre sufrida por los armenios en el Imperio otomano hace 100 a\u00f1os. &quot;Nuestra esperanza es que no se produzcan m\u00e1s reacciones&quot;, dijo hoy una","twitter:creator":"@nbasturias","twitter:image":"https:\/\/candas365.es\/noticias\/wp-content\/uploads\/2015\/08\/internet.jpg","twitter:label1":"Escrito por","twitter:data1":"Cand\u00e1s 365","twitter:label2":"Tiempo de lectura estimado","twitter:data2":"2 minutos"},"aioseo_meta_data":{"post_id":"29773","title":null,"description":null,"keywords":null,"keyphrases":null,"primary_term":null,"canonical_url":null,"og_title":null,"og_description":null,"og_object_type":"default","og_image_type":"default","og_image_url":null,"og_image_width":null,"og_image_height":null,"og_image_custom_url":null,"og_image_custom_fields":null,"og_video":null,"og_custom_url":null,"og_article_section":null,"og_article_tags":null,"twitter_use_og":false,"twitter_card":"default","twitter_image_type":"default","twitter_image_url":null,"twitter_image_custom_url":null,"twitter_image_custom_fields":null,"twitter_title":null,"twitter_description":null,"schema":{"blockGraphs":[],"customGraphs":[],"default":{"data":{"Article":[],"Course":[],"Dataset":[],"FAQPage":[],"Movie":[],"Person":[],"Product":[],"ProductReview":[],"Car":[],"Recipe":[],"Service":[],"SoftwareApplication":[],"WebPage":[]},"graphName":"","isEnabled":true},"graphs":[],"defaultGraph":"","defaultPostTypeGraph":""},"schema_type":null,"schema_type_options":null,"pillar_content":false,"robots_default":true,"robots_noindex":false,"robots_noarchive":false,"robots_nosnippet":false,"robots_nofollow":false,"robots_noimageindex":false,"robots_noodp":false,"robots_notranslate":false,"robots_max_snippet":null,"robots_max_videopreview":null,"robots_max_imagepreview":"large","priority":null,"frequency":null,"location":null,"local_seo":null,"seo_analyzer_scan_date":"2025-08-24 11:39:18","breadcrumb_settings":null,"limit_modified_date":false,"reviewed_by":null,"open_ai":null,"ai":null,"created":"2020-12-21 12:56:10","updated":"2025-08-24 11:39:18"},"aioseo_breadcrumb":"<div class=\"aioseo-breadcrumbs\"><span class=\"aioseo-breadcrumb\">\n\t<a href=\"https:\/\/candas365.es\/noticias\" title=\"Home\">Home<\/a>\n<\/span><span class=\"aioseo-breadcrumb-separator\">&ndash;<\/span><span class=\"aioseo-breadcrumb\">\n\t<a href=\"https:\/\/candas365.es\/noticias\/category\/actualidad\/\" title=\"Actualidad\">Actualidad<\/a>\n<\/span><span class=\"aioseo-breadcrumb-separator\">&ndash;<\/span><span class=\"aioseo-breadcrumb\">\n\t\u00abNietos de Hitler\u00bb: Berl\u00edn pide moderaci\u00f3n ante furia de Turqu\u00eda\n<\/span><\/div>","aioseo_breadcrumb_json":[{"label":"Home","link":"https:\/\/candas365.es\/noticias"},{"label":"Actualidad","link":"https:\/\/candas365.es\/noticias\/category\/actualidad\/"},{"label":"\u00abNietos de Hitler\u00bb: Berl\u00edn pide moderaci\u00f3n ante furia de Turqu\u00eda","link":"https:\/\/candas365.es\/noticias\/nietos-de-hitler-berlin-pide-moderacion-ante-furia-de-turquia\/"}],"_links":{"self":[{"href":"https:\/\/candas365.es\/noticias\/wp-json\/wp\/v2\/posts\/29773","targetHints":{"allow":["GET"]}}],"collection":[{"href":"https:\/\/candas365.es\/noticias\/wp-json\/wp\/v2\/posts"}],"about":[{"href":"https:\/\/candas365.es\/noticias\/wp-json\/wp\/v2\/types\/post"}],"author":[{"embeddable":true,"href":"https:\/\/candas365.es\/noticias\/wp-json\/wp\/v2\/users\/1"}],"replies":[{"embeddable":true,"href":"https:\/\/candas365.es\/noticias\/wp-json\/wp\/v2\/comments?post=29773"}],"version-history":[{"count":0,"href":"https:\/\/candas365.es\/noticias\/wp-json\/wp\/v2\/posts\/29773\/revisions"}],"wp:featuredmedia":[{"embeddable":true,"href":"https:\/\/candas365.es\/noticias\/wp-json\/wp\/v2\/media\/14237"}],"wp:attachment":[{"href":"https:\/\/candas365.es\/noticias\/wp-json\/wp\/v2\/media?parent=29773"}],"wp:term":[{"taxonomy":"category","embeddable":true,"href":"https:\/\/candas365.es\/noticias\/wp-json\/wp\/v2\/categories?post=29773"},{"taxonomy":"post_tag","embeddable":true,"href":"https:\/\/candas365.es\/noticias\/wp-json\/wp\/v2\/tags?post=29773"}],"curies":[{"name":"wp","href":"https:\/\/api.w.org\/{rel}","templated":true}]}}