{"id":29763,"date":"2016-06-03T18:51:13","date_gmt":"2016-06-03T17:21:13","guid":{"rendered":"http:\/\/candas365.es\/noticias\/?p=29763"},"modified":"2016-06-03T18:51:13","modified_gmt":"2016-06-03T17:21:13","slug":"macri-se-esperanza-con-obtener-nuevas-inversiones-en-alemania","status":"publish","type":"post","link":"https:\/\/candas365.es\/noticias\/macri-se-esperanza-con-obtener-nuevas-inversiones-en-alemania\/","title":{"rendered":"Macri se \u00abesperanza\u00bb con obtener nuevas inversiones en Alemania"},"content":{"rendered":"<p>Buenos Aires, 3 jun (dpa) &#8211; El presidente argentino, Mauricio Macri, dijo que viajar\u00e1 a Alemania con la \u00abesperanza\u00bb de \u00abvolver con herramientas concretas\u00bb que generen inversiones en el pa\u00eds sudamericano, tras reunirse ayer en Buenos Aires con el ministro de Asuntos Exteriores de Alemania, Frank Walter Steinmeier.<\/p>\n<p>Macri afirm\u00f3 que espera que \u00ablas buenas relaciones\u00bb entre los dos pa\u00edses \u00abse manifiesten en nuevas inversiones y en nuevos trabajos para todos los argentinos, que es mi compromiso\u00bb.<\/p>\n<p>El presidente argentino se reunir\u00e1 con la canciller alemana, Angela Merkel, durante su visita a Berl\u00edn entre el 5 y el 7 de julio. El viaje del jefe de Estado tambi\u00e9n incluir\u00e1 reuniones con representantes de la Uni\u00f3n Europea (UE) en Bruselas.<\/p>\n<p>Como preparaci\u00f3n de ese encuentro, Macri mantuvo una reuni\u00f3n con el ministro de Asuntos Exteriores alem\u00e1n, que est\u00e1 en la capital argentina en visita oficial con una delegaci\u00f3n de funcionarios. Ambos analizaron las relaciones bilaterales y coincidieron en fortalecer las inversiones alemanas en el pa\u00eds.<\/p>\n<p>Argentina es el tercer socio comercial de Alemania en Am\u00e9rica Latina. Sin embargo, las exportaciones vienen cediendo terreno en los \u00faltimos a\u00f1os, con la consecuente p\u00e9rdida de volumen en la balanza, que fue deficitaria en casi mil millones de euros en 2014.<\/p>\n<p>Datos de la embajada alemana en Buenos Aires indican que la balanza bilateral, a cifras consolidadas de 2014, retrocedi\u00f3 10,2 por ciento, al comerciarse 4.050 millones de euros, contra los 4.510 millones intercambiados en 2013.<\/p>\n<p>A su vez, las exportaciones argentinas sufrieron una p\u00e9rdida de 5,53 por ciento, con un volumen de env\u00edos de 1.600 millones de euros, mientras que las importaciones tuvieron un retroceso mayor en material porcentual, de 13 por ciento, al totalizar las compras 2.453 millones de euros.<\/p>\n<p>\u00abEstamos muy contentos de recibir la visita de esta delegaci\u00f3n. Con el ministro hemos hablado de que estamos en un momento muy importante de nuestra historia y que un buen socio sin duda para la Argentina va a ser Alemania\u00bb, dijo Macri en el Sal\u00f3n Blanco de la Casa de Gobierno.<\/p>\n<p>\u00abTenemos una larga relaci\u00f3n, ya hay varias empresas que est\u00e1n aqu\u00ed desde hace mucho tiempo\u00bb, dijo Macri al saludar a la delegaci\u00f3n alemana.<\/p>\n<p>\u00abEn mi vida privada tuve relaci\u00f3n y hasta fui socio de varios de ustedes, s\u00e9 de la calidad del trabajo que tiene la industria alemana, las compa\u00f1\u00edas de servicios alemanas, los institutos financieros alemanes\u00bb, a\u00f1adi\u00f3 el mandatario argentino.<\/p>\n<p>Sobre el viaje al pa\u00eds europeo, Macri dijo va \u00abcon la firme intenci\u00f3n de volver con herramientas concretas que permitan que esta vocaci\u00f3n de ambos pa\u00edses se manifieste, y represente en nuevas inversiones, en nuevos trabajos para todos los argentinos\u00bb.<\/p>\n<p>La ministra de Relaciones Exteriores argentina, Susana Malcorra, tambi\u00e9n se reuni\u00f3 con Steinmeier. La canciller detall\u00f3 que ambos pa\u00edses firmaron un acuerdo sobre trabajo temporal y estudio para j\u00f3venes.<\/p>\n<p>El ministro alem\u00e1n a\u00f1adi\u00f3 que adem\u00e1s hablaron sobre los cambios en Sudam\u00e9rica en general, y en particular de las reformas que est\u00e1n en camino en Argentina.<\/p>\n<p>\u00abTambi\u00e9n hablamos sobre las experiencias que hicimos en Alemania a partir de una situaci\u00f3n de partida dif\u00edcil, econ\u00f3micamente dif\u00edcil\u00bb, se\u00f1al\u00f3 Steinmeier en conferencia de prensa.<\/p>\n<p>\u00abInform\u00e9 un poco sobre la forma en que intentamos superar esa situaci\u00f3n, pero tambi\u00e9n sobre la expectativa justificada de que se ven los frutos en base a reformas. Las reformas en Alemania a m\u00e1s de diez a\u00f1os muestran que nos recuperamos y somos fuertes econ\u00f3micamente. Y se lo deseo tambi\u00e9n a Argentina\u00bb, dijo.<\/p>\n<p>\u00abTambi\u00e9n hablamos de que en un proceso de reformas econ\u00f3micas hay que intentar mantener el equilibrio social, si se quiere tener \u00e9xito\u00bb, complet\u00f3.<\/p>\n","protected":false},"excerpt":{"rendered":"<p>Buenos Aires, 3 jun (dpa) &#8211; El presidente argentino, Mauricio Macri, dijo que viajar\u00e1 a Alemania con la \u00abesperanza\u00bb de \u00abvolver con herramientas concretas\u00bb que generen inversiones en el pa\u00eds sudamericano, tras reunirse ayer en Buenos Aires con el ministro de Asuntos Exteriores de Alemania, Frank Walter Steinmeier. Macri afirm\u00f3 que espera que \u00ablas buenas<\/p>\n","protected":false},"author":1,"featured_media":14237,"comment_status":"closed","ping_status":"closed","sticky":false,"template":"","format":"standard","meta":{"footnotes":""},"categories":[343],"tags":[],"class_list":{"0":"post-29763","1":"post","2":"type-post","3":"status-publish","4":"format-standard","5":"has-post-thumbnail","7":"category-actualidad"},"aioseo_notices":[],"aioseo_head":"\n\t\t<!-- All in One SEO Pro 4.9.6.2 - aioseo.com -->\n\t<meta name=\"description\" content=\"Buenos Aires, 3 jun (dpa) - El presidente argentino, Mauricio Macri, dijo que viajar\u00e1 a Alemania con la &quot;esperanza&quot; de &quot;volver con herramientas concretas&quot; que generen inversiones en el pa\u00eds sudamericano, tras reunirse ayer en Buenos Aires con el ministro de Asuntos Exteriores de Alemania, Frank Walter Steinmeier. Macri afirm\u00f3 que espera que &quot;las buenas\" \/>\n\t<meta name=\"robots\" content=\"max-image-preview:large\" \/>\n\t<meta name=\"author\" content=\"Cand\u00e1s 365\"\/>\n\t<meta name=\"google-site-verification\" content=\"UA-32230408-1\" \/>\n\t<meta name=\"msvalidate.01\" content=\"354F3CDFB2DA171B47FBE9ABF1F88D5\" \/>\n\t<meta name=\"keywords\" content=\"actualidad\" \/>\n\t<link rel=\"canonical\" href=\"https:\/\/candas365.es\/noticias\/macri-se-esperanza-con-obtener-nuevas-inversiones-en-alemania\/\" \/>\n\t<meta name=\"generator\" content=\"All in One SEO Pro (AIOSEO) 4.9.6.2\" \/>\n\t\t<meta property=\"og:locale\" content=\"es_ES\" \/>\n\t\t<meta property=\"og:site_name\" content=\"Cand\u00e1s 365\" \/>\n\t\t<meta property=\"og:type\" content=\"article\" \/>\n\t\t<meta property=\"og:title\" content=\"Macri se \u00abesperanza\u00bb con obtener nuevas inversiones en Alemania | Cand\u00e1s 365\" \/>\n\t\t<meta property=\"og:description\" content=\"Buenos Aires, 3 jun (dpa) - El presidente argentino, Mauricio Macri, dijo que viajar\u00e1 a Alemania con la &quot;esperanza&quot; de &quot;volver con herramientas concretas&quot; que generen inversiones en el pa\u00eds sudamericano, tras reunirse ayer en Buenos Aires con el ministro de Asuntos Exteriores de Alemania, Frank Walter Steinmeier. Macri afirm\u00f3 que espera que &quot;las buenas\" \/>\n\t\t<meta property=\"og:url\" content=\"https:\/\/candas365.es\/noticias\/macri-se-esperanza-con-obtener-nuevas-inversiones-en-alemania\/\" \/>\n\t\t<meta property=\"og:image\" content=\"https:\/\/candas365.es\/noticias\/wp-content\/uploads\/2015\/08\/internet.jpg\" \/>\n\t\t<meta property=\"og:image:secure_url\" content=\"https:\/\/candas365.es\/noticias\/wp-content\/uploads\/2015\/08\/internet.jpg\" \/>\n\t\t<meta property=\"og:image:width\" content=\"655\" \/>\n\t\t<meta property=\"og:image:height\" content=\"360\" \/>\n\t\t<meta property=\"article:published_time\" content=\"2016-06-03T17:21:13+00:00\" \/>\n\t\t<meta property=\"article:modified_time\" content=\"2016-06-03T17:21:13+00:00\" \/>\n\t\t<meta property=\"article:publisher\" content=\"https:\/\/www.facebook.com\/Nachofdezber\" \/>\n\t\t<meta property=\"article:author\" content=\"https:\/\/www.facebook.com\/carrenoactualidad\" \/>\n\t\t<meta name=\"twitter:card\" content=\"summary_large_image\" \/>\n\t\t<meta name=\"twitter:site\" content=\"@NabercoDigital\" \/>\n\t\t<meta name=\"twitter:title\" content=\"Macri se \u00abesperanza\u00bb con obtener nuevas inversiones en Alemania | Cand\u00e1s 365\" \/>\n\t\t<meta name=\"twitter:description\" content=\"Buenos Aires, 3 jun (dpa) - El presidente argentino, Mauricio Macri, dijo que viajar\u00e1 a Alemania con la &quot;esperanza&quot; de &quot;volver con herramientas concretas&quot; que generen inversiones en el pa\u00eds sudamericano, tras reunirse ayer en Buenos Aires con el ministro de Asuntos Exteriores de Alemania, Frank Walter Steinmeier. Macri afirm\u00f3 que espera que &quot;las buenas\" \/>\n\t\t<meta name=\"twitter:creator\" content=\"@nbasturias\" \/>\n\t\t<meta name=\"twitter:image\" content=\"https:\/\/candas365.es\/noticias\/wp-content\/uploads\/2015\/08\/internet.jpg\" \/>\n\t\t<meta name=\"twitter:label1\" content=\"Escrito por\" \/>\n\t\t<meta name=\"twitter:data1\" content=\"Cand\u00e1s 365\" \/>\n\t\t<meta name=\"twitter:label2\" content=\"Tiempo de lectura estimado\" \/>\n\t\t<meta name=\"twitter:data2\" content=\"3 minutos\" \/>\n\t\t<script type=\"application\/ld+json\" class=\"aioseo-schema\">\n\t\t\t{\"@context\":\"https:\\\/\\\/schema.org\",\"@graph\":[{\"@type\":\"BreadcrumbList\",\"@id\":\"https:\\\/\\\/candas365.es\\\/noticias\\\/macri-se-esperanza-con-obtener-nuevas-inversiones-en-alemania\\\/#breadcrumblist\",\"itemListElement\":[{\"@type\":\"ListItem\",\"@id\":\"https:\\\/\\\/candas365.es\\\/noticias#listItem\",\"position\":1,\"name\":\"Home\",\"item\":\"https:\\\/\\\/candas365.es\\\/noticias\",\"nextItem\":{\"@type\":\"ListItem\",\"@id\":\"https:\\\/\\\/candas365.es\\\/noticias\\\/category\\\/actualidad\\\/#listItem\",\"name\":\"Actualidad\"}},{\"@type\":\"ListItem\",\"@id\":\"https:\\\/\\\/candas365.es\\\/noticias\\\/category\\\/actualidad\\\/#listItem\",\"position\":2,\"name\":\"Actualidad\",\"item\":\"https:\\\/\\\/candas365.es\\\/noticias\\\/category\\\/actualidad\\\/\",\"nextItem\":{\"@type\":\"ListItem\",\"@id\":\"https:\\\/\\\/candas365.es\\\/noticias\\\/macri-se-esperanza-con-obtener-nuevas-inversiones-en-alemania\\\/#listItem\",\"name\":\"Macri se \\u00abesperanza\\u00bb con obtener nuevas inversiones en Alemania\"},\"previousItem\":{\"@type\":\"ListItem\",\"@id\":\"https:\\\/\\\/candas365.es\\\/noticias#listItem\",\"name\":\"Home\"}},{\"@type\":\"ListItem\",\"@id\":\"https:\\\/\\\/candas365.es\\\/noticias\\\/macri-se-esperanza-con-obtener-nuevas-inversiones-en-alemania\\\/#listItem\",\"position\":3,\"name\":\"Macri se \\u00abesperanza\\u00bb con obtener nuevas inversiones en Alemania\",\"previousItem\":{\"@type\":\"ListItem\",\"@id\":\"https:\\\/\\\/candas365.es\\\/noticias\\\/category\\\/actualidad\\\/#listItem\",\"name\":\"Actualidad\"}}]},{\"@type\":\"NewsArticle\",\"@id\":\"https:\\\/\\\/candas365.es\\\/noticias\\\/macri-se-esperanza-con-obtener-nuevas-inversiones-en-alemania\\\/#newsarticle\",\"name\":\"Macri se \\u00abesperanza\\u00bb con obtener nuevas inversiones en Alemania | Cand\\u00e1s 365\",\"headline\":\"Macri se \\u00abesperanza\\u00bb con obtener nuevas inversiones en Alemania\",\"author\":{\"@id\":\"https:\\\/\\\/candas365.es\\\/noticias\\\/author\\\/admin\\\/#author\"},\"publisher\":{\"@id\":\"https:\\\/\\\/candas365.es\\\/noticias\\\/#organization\"},\"image\":{\"@type\":\"ImageObject\",\"url\":\"https:\\\/\\\/candas365.es\\\/noticias\\\/wp-content\\\/uploads\\\/2015\\\/08\\\/internet.jpg\",\"width\":655,\"height\":360},\"datePublished\":\"2016-06-03T18:51:13+02:00\",\"dateModified\":\"2016-06-03T18:51:13+02:00\",\"inLanguage\":\"es-ES\",\"mainEntityOfPage\":{\"@id\":\"https:\\\/\\\/candas365.es\\\/noticias\\\/macri-se-esperanza-con-obtener-nuevas-inversiones-en-alemania\\\/#webpage\"},\"isPartOf\":{\"@id\":\"https:\\\/\\\/candas365.es\\\/noticias\\\/macri-se-esperanza-con-obtener-nuevas-inversiones-en-alemania\\\/#webpage\"},\"articleSection\":\"Actualidad\",\"dateline\":\"Publicado el junio 3, 2016.\"},{\"@type\":\"Organization\",\"@id\":\"https:\\\/\\\/candas365.es\\\/noticias\\\/#organization\",\"name\":\"Cand\\u00e1s 365\",\"description\":\"Cand\\u00e1s 365 es un diario digital independiente, fundado en 2012, con base en Asturias. Informamos con rigor sobre actualidad, sociedad, cultura y ocio, con una mirada local y global.\",\"url\":\"https:\\\/\\\/candas365.es\\\/noticias\\\/\",\"email\":\"info@candas365.es\",\"telephone\":\"+34652131393\",\"foundingDate\":\"2012-06-10\",\"logo\":{\"@type\":\"ImageObject\",\"url\":\"https:\\\/\\\/candas365.es\\\/noticias\\\/wp-content\\\/uploads\\\/2024\\\/09\\\/Candas-365-Redes.jpg\",\"@id\":\"https:\\\/\\\/candas365.es\\\/noticias\\\/macri-se-esperanza-con-obtener-nuevas-inversiones-en-alemania\\\/#organizationLogo\",\"width\":1152,\"height\":864,\"caption\":\"Cand\\u00e1s 365 Redes\"},\"image\":{\"@id\":\"https:\\\/\\\/candas365.es\\\/noticias\\\/macri-se-esperanza-con-obtener-nuevas-inversiones-en-alemania\\\/#organizationLogo\"},\"sameAs\":[\"https:\\\/\\\/www.facebook.com\\\/Nachofdezber\",\"https:\\\/\\\/x.com\\\/NabercoDigital\",\"https:\\\/\\\/www.instagram.com\\\/nachofdezber\\\/\",\"https:\\\/\\\/www.youtube.com\\\/channel\\\/UCZP-2wLEB9Rv6erhFmqVnvg\"],\"address\":{\"@id\":\"https:\\\/\\\/candas365.es\\\/noticias\\\/#postaladdress\",\"@type\":\"PostalAddress\",\"streetAddress\":\"san antonio 4, san antonio 4\",\"postalCode\":\"33430\",\"addressLocality\":\"Cand\\u00e1s\",\"addressRegion\":\"Asturias\",\"addressCountry\":\"ES\"}},{\"@type\":\"Person\",\"@id\":\"https:\\\/\\\/candas365.es\\\/noticias\\\/author\\\/admin\\\/#author\",\"url\":\"https:\\\/\\\/candas365.es\\\/noticias\\\/author\\\/admin\\\/\",\"name\":\"Cand\\u00e1s 365\",\"image\":{\"@type\":\"ImageObject\",\"@id\":\"https:\\\/\\\/candas365.es\\\/noticias\\\/macri-se-esperanza-con-obtener-nuevas-inversiones-en-alemania\\\/#authorImage\",\"url\":\"https:\\\/\\\/secure.gravatar.com\\\/avatar\\\/496a8e03d0c493ede1718b7934145dbdf8d89be1036b0eec9544e1094c9de390?s=96&d=mm&r=g\",\"width\":96,\"height\":96,\"caption\":\"Cand\\u00e1s 365\"},\"sameAs\":[\"https:\\\/\\\/www.facebook.com\\\/carrenoactualidad\",\"https:\\\/\\\/twitter.com\\\/nbasturias\",\"https:\\\/\\\/www.instagram.com\\\/nachofdezber\\\/\",\"https:\\\/\\\/www.youtube.com\\\/channel\\\/UCZP-2wLEB9Rv6erhFmqVnvg\"]},{\"@type\":\"WebPage\",\"@id\":\"https:\\\/\\\/candas365.es\\\/noticias\\\/macri-se-esperanza-con-obtener-nuevas-inversiones-en-alemania\\\/#webpage\",\"url\":\"https:\\\/\\\/candas365.es\\\/noticias\\\/macri-se-esperanza-con-obtener-nuevas-inversiones-en-alemania\\\/\",\"name\":\"Macri se \\u00abesperanza\\u00bb con obtener nuevas inversiones en Alemania | Cand\\u00e1s 365\",\"description\":\"Buenos Aires, 3 jun (dpa) - El presidente argentino, Mauricio Macri, dijo que viajar\\u00e1 a Alemania con la \\\"esperanza\\\" de \\\"volver con herramientas concretas\\\" que generen inversiones en el pa\\u00eds sudamericano, tras reunirse ayer en Buenos Aires con el ministro de Asuntos Exteriores de Alemania, Frank Walter Steinmeier. Macri afirm\\u00f3 que espera que \\\"las buenas\",\"inLanguage\":\"es-ES\",\"isPartOf\":{\"@id\":\"https:\\\/\\\/candas365.es\\\/noticias\\\/#website\"},\"breadcrumb\":{\"@id\":\"https:\\\/\\\/candas365.es\\\/noticias\\\/macri-se-esperanza-con-obtener-nuevas-inversiones-en-alemania\\\/#breadcrumblist\"},\"author\":{\"@id\":\"https:\\\/\\\/candas365.es\\\/noticias\\\/author\\\/admin\\\/#author\"},\"creator\":{\"@id\":\"https:\\\/\\\/candas365.es\\\/noticias\\\/author\\\/admin\\\/#author\"},\"image\":{\"@type\":\"ImageObject\",\"url\":\"https:\\\/\\\/candas365.es\\\/noticias\\\/wp-content\\\/uploads\\\/2015\\\/08\\\/internet.jpg\",\"@id\":\"https:\\\/\\\/candas365.es\\\/noticias\\\/macri-se-esperanza-con-obtener-nuevas-inversiones-en-alemania\\\/#mainImage\",\"width\":655,\"height\":360},\"primaryImageOfPage\":{\"@id\":\"https:\\\/\\\/candas365.es\\\/noticias\\\/macri-se-esperanza-con-obtener-nuevas-inversiones-en-alemania\\\/#mainImage\"},\"datePublished\":\"2016-06-03T18:51:13+02:00\",\"dateModified\":\"2016-06-03T18:51:13+02:00\"},{\"@type\":\"WebSite\",\"@id\":\"https:\\\/\\\/candas365.es\\\/noticias\\\/#website\",\"url\":\"https:\\\/\\\/candas365.es\\\/noticias\\\/\",\"name\":\"Cand\\u00e1s 365\",\"alternateName\":\"Cand\\u00e1s 365 Noticias\",\"description\":\"Actualidad desde Carre\\u00f1o para el mundo\",\"inLanguage\":\"es-ES\",\"publisher\":{\"@id\":\"https:\\\/\\\/candas365.es\\\/noticias\\\/#organization\"}}]}\n\t\t<\/script>\n\t\t<!-- All in One SEO Pro -->\r\n\t\t<title>Macri se \u00abesperanza\u00bb con obtener nuevas inversiones en Alemania | Cand\u00e1s 365<\/title>\n\n","aioseo_head_json":{"title":"Macri se \u00abesperanza\u00bb con obtener nuevas inversiones en Alemania | Cand\u00e1s 365","description":"Buenos Aires, 3 jun (dpa) - El presidente argentino, Mauricio Macri, dijo que viajar\u00e1 a Alemania con la \"esperanza\" de \"volver con herramientas concretas\" que generen inversiones en el pa\u00eds sudamericano, tras reunirse ayer en Buenos Aires con el ministro de Asuntos Exteriores de Alemania, Frank Walter Steinmeier. Macri afirm\u00f3 que espera que \"las buenas","canonical_url":"https:\/\/candas365.es\/noticias\/macri-se-esperanza-con-obtener-nuevas-inversiones-en-alemania\/","robots":"max-image-preview:large","keywords":"actualidad","webmasterTools":{"google-site-verification":"UA-32230408-1","msvalidate.01":"354F3CDFB2DA171B47FBE9ABF1F88D5","miscellaneous":""},"schema":{"@context":"https:\/\/schema.org","@graph":[{"@type":"BreadcrumbList","@id":"https:\/\/candas365.es\/noticias\/macri-se-esperanza-con-obtener-nuevas-inversiones-en-alemania\/#breadcrumblist","itemListElement":[{"@type":"ListItem","@id":"https:\/\/candas365.es\/noticias#listItem","position":1,"name":"Home","item":"https:\/\/candas365.es\/noticias","nextItem":{"@type":"ListItem","@id":"https:\/\/candas365.es\/noticias\/category\/actualidad\/#listItem","name":"Actualidad"}},{"@type":"ListItem","@id":"https:\/\/candas365.es\/noticias\/category\/actualidad\/#listItem","position":2,"name":"Actualidad","item":"https:\/\/candas365.es\/noticias\/category\/actualidad\/","nextItem":{"@type":"ListItem","@id":"https:\/\/candas365.es\/noticias\/macri-se-esperanza-con-obtener-nuevas-inversiones-en-alemania\/#listItem","name":"Macri se \u00abesperanza\u00bb con obtener nuevas inversiones en Alemania"},"previousItem":{"@type":"ListItem","@id":"https:\/\/candas365.es\/noticias#listItem","name":"Home"}},{"@type":"ListItem","@id":"https:\/\/candas365.es\/noticias\/macri-se-esperanza-con-obtener-nuevas-inversiones-en-alemania\/#listItem","position":3,"name":"Macri se \u00abesperanza\u00bb con obtener nuevas inversiones en Alemania","previousItem":{"@type":"ListItem","@id":"https:\/\/candas365.es\/noticias\/category\/actualidad\/#listItem","name":"Actualidad"}}]},{"@type":"NewsArticle","@id":"https:\/\/candas365.es\/noticias\/macri-se-esperanza-con-obtener-nuevas-inversiones-en-alemania\/#newsarticle","name":"Macri se \u00abesperanza\u00bb con obtener nuevas inversiones en Alemania | Cand\u00e1s 365","headline":"Macri se \u00abesperanza\u00bb con obtener nuevas inversiones en Alemania","author":{"@id":"https:\/\/candas365.es\/noticias\/author\/admin\/#author"},"publisher":{"@id":"https:\/\/candas365.es\/noticias\/#organization"},"image":{"@type":"ImageObject","url":"https:\/\/candas365.es\/noticias\/wp-content\/uploads\/2015\/08\/internet.jpg","width":655,"height":360},"datePublished":"2016-06-03T18:51:13+02:00","dateModified":"2016-06-03T18:51:13+02:00","inLanguage":"es-ES","mainEntityOfPage":{"@id":"https:\/\/candas365.es\/noticias\/macri-se-esperanza-con-obtener-nuevas-inversiones-en-alemania\/#webpage"},"isPartOf":{"@id":"https:\/\/candas365.es\/noticias\/macri-se-esperanza-con-obtener-nuevas-inversiones-en-alemania\/#webpage"},"articleSection":"Actualidad","dateline":"Publicado el junio 3, 2016."},{"@type":"Organization","@id":"https:\/\/candas365.es\/noticias\/#organization","name":"Cand\u00e1s 365","description":"Cand\u00e1s 365 es un diario digital independiente, fundado en 2012, con base en Asturias. Informamos con rigor sobre actualidad, sociedad, cultura y ocio, con una mirada local y global.","url":"https:\/\/candas365.es\/noticias\/","email":"info@candas365.es","telephone":"+34652131393","foundingDate":"2012-06-10","logo":{"@type":"ImageObject","url":"https:\/\/candas365.es\/noticias\/wp-content\/uploads\/2024\/09\/Candas-365-Redes.jpg","@id":"https:\/\/candas365.es\/noticias\/macri-se-esperanza-con-obtener-nuevas-inversiones-en-alemania\/#organizationLogo","width":1152,"height":864,"caption":"Cand\u00e1s 365 Redes"},"image":{"@id":"https:\/\/candas365.es\/noticias\/macri-se-esperanza-con-obtener-nuevas-inversiones-en-alemania\/#organizationLogo"},"sameAs":["https:\/\/www.facebook.com\/Nachofdezber","https:\/\/x.com\/NabercoDigital","https:\/\/www.instagram.com\/nachofdezber\/","https:\/\/www.youtube.com\/channel\/UCZP-2wLEB9Rv6erhFmqVnvg"],"address":{"@id":"https:\/\/candas365.es\/noticias\/#postaladdress","@type":"PostalAddress","streetAddress":"san antonio 4, san antonio 4","postalCode":"33430","addressLocality":"Cand\u00e1s","addressRegion":"Asturias","addressCountry":"ES"}},{"@type":"Person","@id":"https:\/\/candas365.es\/noticias\/author\/admin\/#author","url":"https:\/\/candas365.es\/noticias\/author\/admin\/","name":"Cand\u00e1s 365","image":{"@type":"ImageObject","@id":"https:\/\/candas365.es\/noticias\/macri-se-esperanza-con-obtener-nuevas-inversiones-en-alemania\/#authorImage","url":"https:\/\/secure.gravatar.com\/avatar\/496a8e03d0c493ede1718b7934145dbdf8d89be1036b0eec9544e1094c9de390?s=96&d=mm&r=g","width":96,"height":96,"caption":"Cand\u00e1s 365"},"sameAs":["https:\/\/www.facebook.com\/carrenoactualidad","https:\/\/twitter.com\/nbasturias","https:\/\/www.instagram.com\/nachofdezber\/","https:\/\/www.youtube.com\/channel\/UCZP-2wLEB9Rv6erhFmqVnvg"]},{"@type":"WebPage","@id":"https:\/\/candas365.es\/noticias\/macri-se-esperanza-con-obtener-nuevas-inversiones-en-alemania\/#webpage","url":"https:\/\/candas365.es\/noticias\/macri-se-esperanza-con-obtener-nuevas-inversiones-en-alemania\/","name":"Macri se \u00abesperanza\u00bb con obtener nuevas inversiones en Alemania | Cand\u00e1s 365","description":"Buenos Aires, 3 jun (dpa) - El presidente argentino, Mauricio Macri, dijo que viajar\u00e1 a Alemania con la \"esperanza\" de \"volver con herramientas concretas\" que generen inversiones en el pa\u00eds sudamericano, tras reunirse ayer en Buenos Aires con el ministro de Asuntos Exteriores de Alemania, Frank Walter Steinmeier. Macri afirm\u00f3 que espera que \"las buenas","inLanguage":"es-ES","isPartOf":{"@id":"https:\/\/candas365.es\/noticias\/#website"},"breadcrumb":{"@id":"https:\/\/candas365.es\/noticias\/macri-se-esperanza-con-obtener-nuevas-inversiones-en-alemania\/#breadcrumblist"},"author":{"@id":"https:\/\/candas365.es\/noticias\/author\/admin\/#author"},"creator":{"@id":"https:\/\/candas365.es\/noticias\/author\/admin\/#author"},"image":{"@type":"ImageObject","url":"https:\/\/candas365.es\/noticias\/wp-content\/uploads\/2015\/08\/internet.jpg","@id":"https:\/\/candas365.es\/noticias\/macri-se-esperanza-con-obtener-nuevas-inversiones-en-alemania\/#mainImage","width":655,"height":360},"primaryImageOfPage":{"@id":"https:\/\/candas365.es\/noticias\/macri-se-esperanza-con-obtener-nuevas-inversiones-en-alemania\/#mainImage"},"datePublished":"2016-06-03T18:51:13+02:00","dateModified":"2016-06-03T18:51:13+02:00"},{"@type":"WebSite","@id":"https:\/\/candas365.es\/noticias\/#website","url":"https:\/\/candas365.es\/noticias\/","name":"Cand\u00e1s 365","alternateName":"Cand\u00e1s 365 Noticias","description":"Actualidad desde Carre\u00f1o para el mundo","inLanguage":"es-ES","publisher":{"@id":"https:\/\/candas365.es\/noticias\/#organization"}}]},"og:locale":"es_ES","og:site_name":"Cand\u00e1s 365","og:type":"article","og:title":"Macri se \u00abesperanza\u00bb con obtener nuevas inversiones en Alemania | Cand\u00e1s 365","og:description":"Buenos Aires, 3 jun (dpa) - El presidente argentino, Mauricio Macri, dijo que viajar\u00e1 a Alemania con la &quot;esperanza&quot; de &quot;volver con herramientas concretas&quot; que generen inversiones en el pa\u00eds sudamericano, tras reunirse ayer en Buenos Aires con el ministro de Asuntos Exteriores de Alemania, Frank Walter Steinmeier. Macri afirm\u00f3 que espera que &quot;las buenas","og:url":"https:\/\/candas365.es\/noticias\/macri-se-esperanza-con-obtener-nuevas-inversiones-en-alemania\/","og:image":"https:\/\/candas365.es\/noticias\/wp-content\/uploads\/2015\/08\/internet.jpg","og:image:secure_url":"https:\/\/candas365.es\/noticias\/wp-content\/uploads\/2015\/08\/internet.jpg","og:image:width":655,"og:image:height":360,"article:published_time":"2016-06-03T17:21:13+00:00","article:modified_time":"2016-06-03T17:21:13+00:00","article:publisher":"https:\/\/www.facebook.com\/Nachofdezber","article:author":"https:\/\/www.facebook.com\/carrenoactualidad","twitter:card":"summary_large_image","twitter:site":"@NabercoDigital","twitter:title":"Macri se \u00abesperanza\u00bb con obtener nuevas inversiones en Alemania | Cand\u00e1s 365","twitter:description":"Buenos Aires, 3 jun (dpa) - El presidente argentino, Mauricio Macri, dijo que viajar\u00e1 a Alemania con la &quot;esperanza&quot; de &quot;volver con herramientas concretas&quot; que generen inversiones en el pa\u00eds sudamericano, tras reunirse ayer en Buenos Aires con el ministro de Asuntos Exteriores de Alemania, Frank Walter Steinmeier. Macri afirm\u00f3 que espera que &quot;las buenas","twitter:creator":"@nbasturias","twitter:image":"https:\/\/candas365.es\/noticias\/wp-content\/uploads\/2015\/08\/internet.jpg","twitter:label1":"Escrito por","twitter:data1":"Cand\u00e1s 365","twitter:label2":"Tiempo de lectura estimado","twitter:data2":"3 minutos"},"aioseo_meta_data":{"post_id":"29763","title":null,"description":null,"keywords":null,"keyphrases":null,"primary_term":null,"canonical_url":null,"og_title":null,"og_description":null,"og_object_type":"default","og_image_type":"default","og_image_url":null,"og_image_width":null,"og_image_height":null,"og_image_custom_url":null,"og_image_custom_fields":null,"og_video":null,"og_custom_url":null,"og_article_section":null,"og_article_tags":null,"twitter_use_og":false,"twitter_card":"default","twitter_image_type":"default","twitter_image_url":null,"twitter_image_custom_url":null,"twitter_image_custom_fields":null,"twitter_title":null,"twitter_description":null,"schema":{"blockGraphs":[],"customGraphs":[],"default":{"data":{"Article":[],"Course":[],"Dataset":[],"FAQPage":[],"Movie":[],"Person":[],"Product":[],"ProductReview":[],"Car":[],"Recipe":[],"Service":[],"SoftwareApplication":[],"WebPage":[]},"graphName":"","isEnabled":true},"graphs":[],"defaultGraph":"","defaultPostTypeGraph":""},"schema_type":null,"schema_type_options":null,"pillar_content":false,"robots_default":true,"robots_noindex":false,"robots_noarchive":false,"robots_nosnippet":false,"robots_nofollow":false,"robots_noimageindex":false,"robots_noodp":false,"robots_notranslate":false,"robots_max_snippet":null,"robots_max_videopreview":null,"robots_max_imagepreview":"large","priority":null,"frequency":null,"location":null,"local_seo":null,"seo_analyzer_scan_date":"2025-08-24 11:39:13","breadcrumb_settings":null,"limit_modified_date":false,"reviewed_by":null,"open_ai":null,"ai":null,"created":"2020-12-21 12:56:10","updated":"2025-08-24 11:39:13"},"aioseo_breadcrumb":"<div class=\"aioseo-breadcrumbs\"><span class=\"aioseo-breadcrumb\">\n\t<a href=\"https:\/\/candas365.es\/noticias\" title=\"Home\">Home<\/a>\n<\/span><span class=\"aioseo-breadcrumb-separator\">&ndash;<\/span><span class=\"aioseo-breadcrumb\">\n\t<a href=\"https:\/\/candas365.es\/noticias\/category\/actualidad\/\" title=\"Actualidad\">Actualidad<\/a>\n<\/span><span class=\"aioseo-breadcrumb-separator\">&ndash;<\/span><span class=\"aioseo-breadcrumb\">\n\tMacri se \u00abesperanza\u00bb con obtener nuevas inversiones en Alemania\n<\/span><\/div>","aioseo_breadcrumb_json":[{"label":"Home","link":"https:\/\/candas365.es\/noticias"},{"label":"Actualidad","link":"https:\/\/candas365.es\/noticias\/category\/actualidad\/"},{"label":"Macri se \u00abesperanza\u00bb con obtener nuevas inversiones en Alemania","link":"https:\/\/candas365.es\/noticias\/macri-se-esperanza-con-obtener-nuevas-inversiones-en-alemania\/"}],"_links":{"self":[{"href":"https:\/\/candas365.es\/noticias\/wp-json\/wp\/v2\/posts\/29763","targetHints":{"allow":["GET"]}}],"collection":[{"href":"https:\/\/candas365.es\/noticias\/wp-json\/wp\/v2\/posts"}],"about":[{"href":"https:\/\/candas365.es\/noticias\/wp-json\/wp\/v2\/types\/post"}],"author":[{"embeddable":true,"href":"https:\/\/candas365.es\/noticias\/wp-json\/wp\/v2\/users\/1"}],"replies":[{"embeddable":true,"href":"https:\/\/candas365.es\/noticias\/wp-json\/wp\/v2\/comments?post=29763"}],"version-history":[{"count":0,"href":"https:\/\/candas365.es\/noticias\/wp-json\/wp\/v2\/posts\/29763\/revisions"}],"wp:featuredmedia":[{"embeddable":true,"href":"https:\/\/candas365.es\/noticias\/wp-json\/wp\/v2\/media\/14237"}],"wp:attachment":[{"href":"https:\/\/candas365.es\/noticias\/wp-json\/wp\/v2\/media?parent=29763"}],"wp:term":[{"taxonomy":"category","embeddable":true,"href":"https:\/\/candas365.es\/noticias\/wp-json\/wp\/v2\/categories?post=29763"},{"taxonomy":"post_tag","embeddable":true,"href":"https:\/\/candas365.es\/noticias\/wp-json\/wp\/v2\/tags?post=29763"}],"curies":[{"name":"wp","href":"https:\/\/api.w.org\/{rel}","templated":true}]}}