{"id":29753,"date":"2016-06-02T22:01:17","date_gmt":"2016-06-02T20:31:17","guid":{"rendered":"http:\/\/candas365.es\/noticias\/?p=29753"},"modified":"2016-06-02T22:01:17","modified_gmt":"2016-06-02T20:31:17","slug":"el-real-oviedo-vs-osasuna-declarado-de-alto-riesgo","status":"publish","type":"post","link":"https:\/\/candas365.es\/noticias\/el-real-oviedo-vs-osasuna-declarado-de-alto-riesgo\/","title":{"rendered":"El Real Oviedo Vs Osasuna declarado de alto riesgo"},"content":{"rendered":"<p><img fetchpriority=\"high\" decoding=\"async\" class=\"alignleft size-medium wp-image-29754\" src=\"https:\/\/candas365.es\/noticias\/wp-content\/uploads\/2016\/06\/fotonoticia_20160602191512_800-360x203.jpg\" alt=\"fotonoticia_20160602191512_800\" width=\"360\" height=\"203\" srcset=\"https:\/\/candas365.es\/noticias\/wp-content\/uploads\/2016\/06\/fotonoticia_20160602191512_800-360x203.jpg 360w, https:\/\/candas365.es\/noticias\/wp-content\/uploads\/2016\/06\/fotonoticia_20160602191512_800-650x366.jpg 650w, https:\/\/candas365.es\/noticias\/wp-content\/uploads\/2016\/06\/fotonoticia_20160602191512_800-768x432.jpg 768w, https:\/\/candas365.es\/noticias\/wp-content\/uploads\/2016\/06\/fotonoticia_20160602191512_800-150x84.jpg 150w, https:\/\/candas365.es\/noticias\/wp-content\/uploads\/2016\/06\/fotonoticia_20160602191512_800-450x253.jpg 450w, https:\/\/candas365.es\/noticias\/wp-content\/uploads\/2016\/06\/fotonoticia_20160602191512_800-655x368.jpg 655w, https:\/\/candas365.es\/noticias\/wp-content\/uploads\/2016\/06\/fotonoticia_20160602191512_800-696x392.jpg 696w, https:\/\/candas365.es\/noticias\/wp-content\/uploads\/2016\/06\/fotonoticia_20160602191512_800-747x420.jpg 747w, https:\/\/candas365.es\/noticias\/wp-content\/uploads\/2016\/06\/fotonoticia_20160602191512_800-499x280.jpg 499w, https:\/\/candas365.es\/noticias\/wp-content\/uploads\/2016\/06\/fotonoticia_20160602191512_800.jpg 800w\" sizes=\"(max-width: 360px) 100vw, 360px\" \/>La Comisi\u00f3n Permanente de la Comisi\u00f3n Estatal contra la Violencia, el Racismo, la Xenofobia y la Intolerancia en el Deporte ha declarado &#8216;partido de alto riesgo&#8217; el encuentro que jugar\u00e1n este s\u00e1bado 4 de junio a las 20.30 horas el Real Oviedo y el Osasuna en el estadio Carlos Tartiere.<\/p>\n<p>En el partido, de la \u00faltima jornada de Segunda Divisi\u00f3n (Liga Adelante), el Real Oviedo ya no se juega nada en lo deportivo, dado que ha perdido todas sus opciones de luchar por el ascenso la pasada jornada.<\/p>\n<p>El Osasuna, por su parte, a\u00fan tiene opciones de entrar en la fase de ascenso, siempre que consiga la victoria en tierras asturianas. Real Oviedo y Osasuna mantienen una profunda rivalidad desde hace a\u00f1os.<\/p>\n<p>La Delegaci\u00f3n del Gobierno en Asturias ya ha recibido la comunicaci\u00f3n de la Direcci\u00f3n General de Pol\u00edtica Interior, dependiente del Ministerio, en relaci\u00f3n a la declaraci\u00f3n del partido como &#8216;de alto riesgo&#8217; para que tome las medidas oportunas.<\/p>\n","protected":false},"excerpt":{"rendered":"<p>La Comisi\u00f3n Permanente de la Comisi\u00f3n Estatal contra la Violencia, el Racismo, la Xenofobia y la Intolerancia en el Deporte ha declarado &#8216;partido de alto riesgo&#8217; el encuentro que jugar\u00e1n este s\u00e1bado 4 de junio a las 20.30 horas el Real Oviedo y el Osasuna en el estadio Carlos Tartiere. En el partido, de la<\/p>\n","protected":false},"author":1,"featured_media":29754,"comment_status":"closed","ping_status":"closed","sticky":false,"template":"","format":"standard","meta":{"footnotes":""},"categories":[343],"tags":[],"class_list":{"0":"post-29753","1":"post","2":"type-post","3":"status-publish","4":"format-standard","5":"has-post-thumbnail","7":"category-actualidad"},"aioseo_notices":[],"aioseo_head":"\n\t\t<!-- All in One SEO Pro 4.9.6.2 - aioseo.com -->\n\t<meta name=\"description\" content=\"La Comisi\u00f3n Permanente de la Comisi\u00f3n Estatal contra la Violencia, el Racismo, la Xenofobia y la Intolerancia en el Deporte ha declarado &#039;partido de alto riesgo&#039; el encuentro que jugar\u00e1n este s\u00e1bado 4 de junio a las 20.30 horas el Real Oviedo y el Osasuna en el estadio Carlos Tartiere. En el partido, de la\" \/>\n\t<meta name=\"robots\" content=\"max-image-preview:large\" \/>\n\t<meta name=\"author\" content=\"Cand\u00e1s 365\"\/>\n\t<meta name=\"google-site-verification\" content=\"UA-32230408-1\" \/>\n\t<meta name=\"msvalidate.01\" content=\"354F3CDFB2DA171B47FBE9ABF1F88D5\" \/>\n\t<meta name=\"keywords\" content=\"actualidad\" \/>\n\t<link rel=\"canonical\" href=\"https:\/\/candas365.es\/noticias\/el-real-oviedo-vs-osasuna-declarado-de-alto-riesgo\/\" \/>\n\t<meta name=\"generator\" content=\"All in One SEO Pro (AIOSEO) 4.9.6.2\" \/>\n\t\t<meta property=\"og:locale\" content=\"es_ES\" \/>\n\t\t<meta property=\"og:site_name\" content=\"Cand\u00e1s 365\" \/>\n\t\t<meta property=\"og:type\" content=\"article\" \/>\n\t\t<meta property=\"og:title\" content=\"El Real Oviedo Vs Osasuna declarado de alto riesgo | Cand\u00e1s 365\" \/>\n\t\t<meta property=\"og:description\" content=\"La Comisi\u00f3n Permanente de la Comisi\u00f3n Estatal contra la Violencia, el Racismo, la Xenofobia y la Intolerancia en el Deporte ha declarado &#039;partido de alto riesgo&#039; el encuentro que jugar\u00e1n este s\u00e1bado 4 de junio a las 20.30 horas el Real Oviedo y el Osasuna en el estadio Carlos Tartiere. En el partido, de la\" \/>\n\t\t<meta property=\"og:url\" content=\"https:\/\/candas365.es\/noticias\/el-real-oviedo-vs-osasuna-declarado-de-alto-riesgo\/\" \/>\n\t\t<meta property=\"og:image\" content=\"https:\/\/candas365.es\/noticias\/wp-content\/uploads\/2016\/06\/fotonoticia_20160602191512_800.jpg\" \/>\n\t\t<meta property=\"og:image:secure_url\" content=\"https:\/\/candas365.es\/noticias\/wp-content\/uploads\/2016\/06\/fotonoticia_20160602191512_800.jpg\" \/>\n\t\t<meta property=\"og:image:width\" content=\"800\" \/>\n\t\t<meta property=\"og:image:height\" content=\"450\" \/>\n\t\t<meta property=\"article:published_time\" content=\"2016-06-02T20:31:17+00:00\" \/>\n\t\t<meta property=\"article:modified_time\" content=\"2016-06-02T20:31:17+00:00\" \/>\n\t\t<meta property=\"article:publisher\" content=\"https:\/\/www.facebook.com\/Nachofdezber\" \/>\n\t\t<meta property=\"article:author\" content=\"https:\/\/www.facebook.com\/carrenoactualidad\" \/>\n\t\t<meta name=\"twitter:card\" content=\"summary_large_image\" \/>\n\t\t<meta name=\"twitter:site\" content=\"@NabercoDigital\" \/>\n\t\t<meta name=\"twitter:title\" content=\"El Real Oviedo Vs Osasuna declarado de alto riesgo | Cand\u00e1s 365\" \/>\n\t\t<meta name=\"twitter:description\" content=\"La Comisi\u00f3n Permanente de la Comisi\u00f3n Estatal contra la Violencia, el Racismo, la Xenofobia y la Intolerancia en el Deporte ha declarado &#039;partido de alto riesgo&#039; el encuentro que jugar\u00e1n este s\u00e1bado 4 de junio a las 20.30 horas el Real Oviedo y el Osasuna en el estadio Carlos Tartiere. En el partido, de la\" \/>\n\t\t<meta name=\"twitter:creator\" content=\"@nbasturias\" \/>\n\t\t<meta name=\"twitter:image\" content=\"https:\/\/candas365.es\/noticias\/wp-content\/uploads\/2016\/06\/fotonoticia_20160602191512_800.jpg\" \/>\n\t\t<meta name=\"twitter:label1\" content=\"Escrito por\" \/>\n\t\t<meta name=\"twitter:data1\" content=\"Cand\u00e1s 365\" \/>\n\t\t<meta name=\"twitter:label2\" content=\"Tiempo de lectura estimado\" \/>\n\t\t<meta name=\"twitter:data2\" content=\"1 minuto\" \/>\n\t\t<script type=\"application\/ld+json\" class=\"aioseo-schema\">\n\t\t\t{\"@context\":\"https:\\\/\\\/schema.org\",\"@graph\":[{\"@type\":\"BreadcrumbList\",\"@id\":\"https:\\\/\\\/candas365.es\\\/noticias\\\/el-real-oviedo-vs-osasuna-declarado-de-alto-riesgo\\\/#breadcrumblist\",\"itemListElement\":[{\"@type\":\"ListItem\",\"@id\":\"https:\\\/\\\/candas365.es\\\/noticias#listItem\",\"position\":1,\"name\":\"Home\",\"item\":\"https:\\\/\\\/candas365.es\\\/noticias\",\"nextItem\":{\"@type\":\"ListItem\",\"@id\":\"https:\\\/\\\/candas365.es\\\/noticias\\\/category\\\/actualidad\\\/#listItem\",\"name\":\"Actualidad\"}},{\"@type\":\"ListItem\",\"@id\":\"https:\\\/\\\/candas365.es\\\/noticias\\\/category\\\/actualidad\\\/#listItem\",\"position\":2,\"name\":\"Actualidad\",\"item\":\"https:\\\/\\\/candas365.es\\\/noticias\\\/category\\\/actualidad\\\/\",\"nextItem\":{\"@type\":\"ListItem\",\"@id\":\"https:\\\/\\\/candas365.es\\\/noticias\\\/el-real-oviedo-vs-osasuna-declarado-de-alto-riesgo\\\/#listItem\",\"name\":\"El Real Oviedo Vs Osasuna declarado de alto riesgo\"},\"previousItem\":{\"@type\":\"ListItem\",\"@id\":\"https:\\\/\\\/candas365.es\\\/noticias#listItem\",\"name\":\"Home\"}},{\"@type\":\"ListItem\",\"@id\":\"https:\\\/\\\/candas365.es\\\/noticias\\\/el-real-oviedo-vs-osasuna-declarado-de-alto-riesgo\\\/#listItem\",\"position\":3,\"name\":\"El Real Oviedo Vs Osasuna declarado de alto riesgo\",\"previousItem\":{\"@type\":\"ListItem\",\"@id\":\"https:\\\/\\\/candas365.es\\\/noticias\\\/category\\\/actualidad\\\/#listItem\",\"name\":\"Actualidad\"}}]},{\"@type\":\"NewsArticle\",\"@id\":\"https:\\\/\\\/candas365.es\\\/noticias\\\/el-real-oviedo-vs-osasuna-declarado-de-alto-riesgo\\\/#newsarticle\",\"name\":\"El Real Oviedo Vs Osasuna declarado de alto riesgo | Cand\\u00e1s 365\",\"headline\":\"El Real Oviedo Vs Osasuna declarado de alto riesgo\",\"author\":{\"@id\":\"https:\\\/\\\/candas365.es\\\/noticias\\\/author\\\/admin\\\/#author\"},\"publisher\":{\"@id\":\"https:\\\/\\\/candas365.es\\\/noticias\\\/#organization\"},\"image\":{\"@type\":\"ImageObject\",\"url\":\"https:\\\/\\\/candas365.es\\\/noticias\\\/wp-content\\\/uploads\\\/2016\\\/06\\\/fotonoticia_20160602191512_800.jpg\",\"width\":800,\"height\":450},\"datePublished\":\"2016-06-02T22:01:17+02:00\",\"dateModified\":\"2016-06-02T22:01:17+02:00\",\"inLanguage\":\"es-ES\",\"mainEntityOfPage\":{\"@id\":\"https:\\\/\\\/candas365.es\\\/noticias\\\/el-real-oviedo-vs-osasuna-declarado-de-alto-riesgo\\\/#webpage\"},\"isPartOf\":{\"@id\":\"https:\\\/\\\/candas365.es\\\/noticias\\\/el-real-oviedo-vs-osasuna-declarado-de-alto-riesgo\\\/#webpage\"},\"articleSection\":\"Actualidad\",\"dateline\":\"Publicado el junio 2, 2016.\"},{\"@type\":\"Organization\",\"@id\":\"https:\\\/\\\/candas365.es\\\/noticias\\\/#organization\",\"name\":\"Cand\\u00e1s 365\",\"description\":\"Cand\\u00e1s 365 es un diario digital independiente, fundado en 2012, con base en Asturias. Informamos con rigor sobre actualidad, sociedad, cultura y ocio, con una mirada local y global.\",\"url\":\"https:\\\/\\\/candas365.es\\\/noticias\\\/\",\"email\":\"info@candas365.es\",\"telephone\":\"+34652131393\",\"foundingDate\":\"2012-06-10\",\"logo\":{\"@type\":\"ImageObject\",\"url\":\"https:\\\/\\\/candas365.es\\\/noticias\\\/wp-content\\\/uploads\\\/2024\\\/09\\\/Candas-365-Redes.jpg\",\"@id\":\"https:\\\/\\\/candas365.es\\\/noticias\\\/el-real-oviedo-vs-osasuna-declarado-de-alto-riesgo\\\/#organizationLogo\",\"width\":1152,\"height\":864,\"caption\":\"Cand\\u00e1s 365 Redes\"},\"image\":{\"@id\":\"https:\\\/\\\/candas365.es\\\/noticias\\\/el-real-oviedo-vs-osasuna-declarado-de-alto-riesgo\\\/#organizationLogo\"},\"sameAs\":[\"https:\\\/\\\/www.facebook.com\\\/Nachofdezber\",\"https:\\\/\\\/x.com\\\/NabercoDigital\",\"https:\\\/\\\/www.instagram.com\\\/nachofdezber\\\/\",\"https:\\\/\\\/www.youtube.com\\\/channel\\\/UCZP-2wLEB9Rv6erhFmqVnvg\"],\"address\":{\"@id\":\"https:\\\/\\\/candas365.es\\\/noticias\\\/#postaladdress\",\"@type\":\"PostalAddress\",\"streetAddress\":\"san antonio 4, san antonio 4\",\"postalCode\":\"33430\",\"addressLocality\":\"Cand\\u00e1s\",\"addressRegion\":\"Asturias\",\"addressCountry\":\"ES\"}},{\"@type\":\"Person\",\"@id\":\"https:\\\/\\\/candas365.es\\\/noticias\\\/author\\\/admin\\\/#author\",\"url\":\"https:\\\/\\\/candas365.es\\\/noticias\\\/author\\\/admin\\\/\",\"name\":\"Cand\\u00e1s 365\",\"image\":{\"@type\":\"ImageObject\",\"@id\":\"https:\\\/\\\/candas365.es\\\/noticias\\\/el-real-oviedo-vs-osasuna-declarado-de-alto-riesgo\\\/#authorImage\",\"url\":\"https:\\\/\\\/secure.gravatar.com\\\/avatar\\\/496a8e03d0c493ede1718b7934145dbdf8d89be1036b0eec9544e1094c9de390?s=96&d=mm&r=g\",\"width\":96,\"height\":96,\"caption\":\"Cand\\u00e1s 365\"},\"sameAs\":[\"https:\\\/\\\/www.facebook.com\\\/carrenoactualidad\",\"https:\\\/\\\/twitter.com\\\/nbasturias\",\"https:\\\/\\\/www.instagram.com\\\/nachofdezber\\\/\",\"https:\\\/\\\/www.youtube.com\\\/channel\\\/UCZP-2wLEB9Rv6erhFmqVnvg\"]},{\"@type\":\"WebPage\",\"@id\":\"https:\\\/\\\/candas365.es\\\/noticias\\\/el-real-oviedo-vs-osasuna-declarado-de-alto-riesgo\\\/#webpage\",\"url\":\"https:\\\/\\\/candas365.es\\\/noticias\\\/el-real-oviedo-vs-osasuna-declarado-de-alto-riesgo\\\/\",\"name\":\"El Real Oviedo Vs Osasuna declarado de alto riesgo | Cand\\u00e1s 365\",\"description\":\"La Comisi\\u00f3n Permanente de la Comisi\\u00f3n Estatal contra la Violencia, el Racismo, la Xenofobia y la Intolerancia en el Deporte ha declarado 'partido de alto riesgo' el encuentro que jugar\\u00e1n este s\\u00e1bado 4 de junio a las 20.30 horas el Real Oviedo y el Osasuna en el estadio Carlos Tartiere. En el partido, de la\",\"inLanguage\":\"es-ES\",\"isPartOf\":{\"@id\":\"https:\\\/\\\/candas365.es\\\/noticias\\\/#website\"},\"breadcrumb\":{\"@id\":\"https:\\\/\\\/candas365.es\\\/noticias\\\/el-real-oviedo-vs-osasuna-declarado-de-alto-riesgo\\\/#breadcrumblist\"},\"author\":{\"@id\":\"https:\\\/\\\/candas365.es\\\/noticias\\\/author\\\/admin\\\/#author\"},\"creator\":{\"@id\":\"https:\\\/\\\/candas365.es\\\/noticias\\\/author\\\/admin\\\/#author\"},\"image\":{\"@type\":\"ImageObject\",\"url\":\"https:\\\/\\\/candas365.es\\\/noticias\\\/wp-content\\\/uploads\\\/2016\\\/06\\\/fotonoticia_20160602191512_800.jpg\",\"@id\":\"https:\\\/\\\/candas365.es\\\/noticias\\\/el-real-oviedo-vs-osasuna-declarado-de-alto-riesgo\\\/#mainImage\",\"width\":800,\"height\":450},\"primaryImageOfPage\":{\"@id\":\"https:\\\/\\\/candas365.es\\\/noticias\\\/el-real-oviedo-vs-osasuna-declarado-de-alto-riesgo\\\/#mainImage\"},\"datePublished\":\"2016-06-02T22:01:17+02:00\",\"dateModified\":\"2016-06-02T22:01:17+02:00\"},{\"@type\":\"WebSite\",\"@id\":\"https:\\\/\\\/candas365.es\\\/noticias\\\/#website\",\"url\":\"https:\\\/\\\/candas365.es\\\/noticias\\\/\",\"name\":\"Cand\\u00e1s 365\",\"alternateName\":\"Cand\\u00e1s 365 Noticias\",\"description\":\"Actualidad desde Carre\\u00f1o para el mundo\",\"inLanguage\":\"es-ES\",\"publisher\":{\"@id\":\"https:\\\/\\\/candas365.es\\\/noticias\\\/#organization\"}}]}\n\t\t<\/script>\n\t\t<!-- All in One SEO Pro -->\r\n\t\t<title>El Real Oviedo Vs Osasuna declarado de alto riesgo | Cand\u00e1s 365<\/title>\n\n","aioseo_head_json":{"title":"El Real Oviedo Vs Osasuna declarado de alto riesgo | Cand\u00e1s 365","description":"La Comisi\u00f3n Permanente de la Comisi\u00f3n Estatal contra la Violencia, el Racismo, la Xenofobia y la Intolerancia en el Deporte ha declarado 'partido de alto riesgo' el encuentro que jugar\u00e1n este s\u00e1bado 4 de junio a las 20.30 horas el Real Oviedo y el Osasuna en el estadio Carlos Tartiere. En el partido, de la","canonical_url":"https:\/\/candas365.es\/noticias\/el-real-oviedo-vs-osasuna-declarado-de-alto-riesgo\/","robots":"max-image-preview:large","keywords":"actualidad","webmasterTools":{"google-site-verification":"UA-32230408-1","msvalidate.01":"354F3CDFB2DA171B47FBE9ABF1F88D5","miscellaneous":""},"schema":{"@context":"https:\/\/schema.org","@graph":[{"@type":"BreadcrumbList","@id":"https:\/\/candas365.es\/noticias\/el-real-oviedo-vs-osasuna-declarado-de-alto-riesgo\/#breadcrumblist","itemListElement":[{"@type":"ListItem","@id":"https:\/\/candas365.es\/noticias#listItem","position":1,"name":"Home","item":"https:\/\/candas365.es\/noticias","nextItem":{"@type":"ListItem","@id":"https:\/\/candas365.es\/noticias\/category\/actualidad\/#listItem","name":"Actualidad"}},{"@type":"ListItem","@id":"https:\/\/candas365.es\/noticias\/category\/actualidad\/#listItem","position":2,"name":"Actualidad","item":"https:\/\/candas365.es\/noticias\/category\/actualidad\/","nextItem":{"@type":"ListItem","@id":"https:\/\/candas365.es\/noticias\/el-real-oviedo-vs-osasuna-declarado-de-alto-riesgo\/#listItem","name":"El Real Oviedo Vs Osasuna declarado de alto riesgo"},"previousItem":{"@type":"ListItem","@id":"https:\/\/candas365.es\/noticias#listItem","name":"Home"}},{"@type":"ListItem","@id":"https:\/\/candas365.es\/noticias\/el-real-oviedo-vs-osasuna-declarado-de-alto-riesgo\/#listItem","position":3,"name":"El Real Oviedo Vs Osasuna declarado de alto riesgo","previousItem":{"@type":"ListItem","@id":"https:\/\/candas365.es\/noticias\/category\/actualidad\/#listItem","name":"Actualidad"}}]},{"@type":"NewsArticle","@id":"https:\/\/candas365.es\/noticias\/el-real-oviedo-vs-osasuna-declarado-de-alto-riesgo\/#newsarticle","name":"El Real Oviedo Vs Osasuna declarado de alto riesgo | Cand\u00e1s 365","headline":"El Real Oviedo Vs Osasuna declarado de alto riesgo","author":{"@id":"https:\/\/candas365.es\/noticias\/author\/admin\/#author"},"publisher":{"@id":"https:\/\/candas365.es\/noticias\/#organization"},"image":{"@type":"ImageObject","url":"https:\/\/candas365.es\/noticias\/wp-content\/uploads\/2016\/06\/fotonoticia_20160602191512_800.jpg","width":800,"height":450},"datePublished":"2016-06-02T22:01:17+02:00","dateModified":"2016-06-02T22:01:17+02:00","inLanguage":"es-ES","mainEntityOfPage":{"@id":"https:\/\/candas365.es\/noticias\/el-real-oviedo-vs-osasuna-declarado-de-alto-riesgo\/#webpage"},"isPartOf":{"@id":"https:\/\/candas365.es\/noticias\/el-real-oviedo-vs-osasuna-declarado-de-alto-riesgo\/#webpage"},"articleSection":"Actualidad","dateline":"Publicado el junio 2, 2016."},{"@type":"Organization","@id":"https:\/\/candas365.es\/noticias\/#organization","name":"Cand\u00e1s 365","description":"Cand\u00e1s 365 es un diario digital independiente, fundado en 2012, con base en Asturias. Informamos con rigor sobre actualidad, sociedad, cultura y ocio, con una mirada local y global.","url":"https:\/\/candas365.es\/noticias\/","email":"info@candas365.es","telephone":"+34652131393","foundingDate":"2012-06-10","logo":{"@type":"ImageObject","url":"https:\/\/candas365.es\/noticias\/wp-content\/uploads\/2024\/09\/Candas-365-Redes.jpg","@id":"https:\/\/candas365.es\/noticias\/el-real-oviedo-vs-osasuna-declarado-de-alto-riesgo\/#organizationLogo","width":1152,"height":864,"caption":"Cand\u00e1s 365 Redes"},"image":{"@id":"https:\/\/candas365.es\/noticias\/el-real-oviedo-vs-osasuna-declarado-de-alto-riesgo\/#organizationLogo"},"sameAs":["https:\/\/www.facebook.com\/Nachofdezber","https:\/\/x.com\/NabercoDigital","https:\/\/www.instagram.com\/nachofdezber\/","https:\/\/www.youtube.com\/channel\/UCZP-2wLEB9Rv6erhFmqVnvg"],"address":{"@id":"https:\/\/candas365.es\/noticias\/#postaladdress","@type":"PostalAddress","streetAddress":"san antonio 4, san antonio 4","postalCode":"33430","addressLocality":"Cand\u00e1s","addressRegion":"Asturias","addressCountry":"ES"}},{"@type":"Person","@id":"https:\/\/candas365.es\/noticias\/author\/admin\/#author","url":"https:\/\/candas365.es\/noticias\/author\/admin\/","name":"Cand\u00e1s 365","image":{"@type":"ImageObject","@id":"https:\/\/candas365.es\/noticias\/el-real-oviedo-vs-osasuna-declarado-de-alto-riesgo\/#authorImage","url":"https:\/\/secure.gravatar.com\/avatar\/496a8e03d0c493ede1718b7934145dbdf8d89be1036b0eec9544e1094c9de390?s=96&d=mm&r=g","width":96,"height":96,"caption":"Cand\u00e1s 365"},"sameAs":["https:\/\/www.facebook.com\/carrenoactualidad","https:\/\/twitter.com\/nbasturias","https:\/\/www.instagram.com\/nachofdezber\/","https:\/\/www.youtube.com\/channel\/UCZP-2wLEB9Rv6erhFmqVnvg"]},{"@type":"WebPage","@id":"https:\/\/candas365.es\/noticias\/el-real-oviedo-vs-osasuna-declarado-de-alto-riesgo\/#webpage","url":"https:\/\/candas365.es\/noticias\/el-real-oviedo-vs-osasuna-declarado-de-alto-riesgo\/","name":"El Real Oviedo Vs Osasuna declarado de alto riesgo | Cand\u00e1s 365","description":"La Comisi\u00f3n Permanente de la Comisi\u00f3n Estatal contra la Violencia, el Racismo, la Xenofobia y la Intolerancia en el Deporte ha declarado 'partido de alto riesgo' el encuentro que jugar\u00e1n este s\u00e1bado 4 de junio a las 20.30 horas el Real Oviedo y el Osasuna en el estadio Carlos Tartiere. En el partido, de la","inLanguage":"es-ES","isPartOf":{"@id":"https:\/\/candas365.es\/noticias\/#website"},"breadcrumb":{"@id":"https:\/\/candas365.es\/noticias\/el-real-oviedo-vs-osasuna-declarado-de-alto-riesgo\/#breadcrumblist"},"author":{"@id":"https:\/\/candas365.es\/noticias\/author\/admin\/#author"},"creator":{"@id":"https:\/\/candas365.es\/noticias\/author\/admin\/#author"},"image":{"@type":"ImageObject","url":"https:\/\/candas365.es\/noticias\/wp-content\/uploads\/2016\/06\/fotonoticia_20160602191512_800.jpg","@id":"https:\/\/candas365.es\/noticias\/el-real-oviedo-vs-osasuna-declarado-de-alto-riesgo\/#mainImage","width":800,"height":450},"primaryImageOfPage":{"@id":"https:\/\/candas365.es\/noticias\/el-real-oviedo-vs-osasuna-declarado-de-alto-riesgo\/#mainImage"},"datePublished":"2016-06-02T22:01:17+02:00","dateModified":"2016-06-02T22:01:17+02:00"},{"@type":"WebSite","@id":"https:\/\/candas365.es\/noticias\/#website","url":"https:\/\/candas365.es\/noticias\/","name":"Cand\u00e1s 365","alternateName":"Cand\u00e1s 365 Noticias","description":"Actualidad desde Carre\u00f1o para el mundo","inLanguage":"es-ES","publisher":{"@id":"https:\/\/candas365.es\/noticias\/#organization"}}]},"og:locale":"es_ES","og:site_name":"Cand\u00e1s 365","og:type":"article","og:title":"El Real Oviedo Vs Osasuna declarado de alto riesgo | Cand\u00e1s 365","og:description":"La Comisi\u00f3n Permanente de la Comisi\u00f3n Estatal contra la Violencia, el Racismo, la Xenofobia y la Intolerancia en el Deporte ha declarado 'partido de alto riesgo' el encuentro que jugar\u00e1n este s\u00e1bado 4 de junio a las 20.30 horas el Real Oviedo y el Osasuna en el estadio Carlos Tartiere. En el partido, de la","og:url":"https:\/\/candas365.es\/noticias\/el-real-oviedo-vs-osasuna-declarado-de-alto-riesgo\/","og:image":"https:\/\/candas365.es\/noticias\/wp-content\/uploads\/2016\/06\/fotonoticia_20160602191512_800.jpg","og:image:secure_url":"https:\/\/candas365.es\/noticias\/wp-content\/uploads\/2016\/06\/fotonoticia_20160602191512_800.jpg","og:image:width":800,"og:image:height":450,"article:published_time":"2016-06-02T20:31:17+00:00","article:modified_time":"2016-06-02T20:31:17+00:00","article:publisher":"https:\/\/www.facebook.com\/Nachofdezber","article:author":"https:\/\/www.facebook.com\/carrenoactualidad","twitter:card":"summary_large_image","twitter:site":"@NabercoDigital","twitter:title":"El Real Oviedo Vs Osasuna declarado de alto riesgo | Cand\u00e1s 365","twitter:description":"La Comisi\u00f3n Permanente de la Comisi\u00f3n Estatal contra la Violencia, el Racismo, la Xenofobia y la Intolerancia en el Deporte ha declarado 'partido de alto riesgo' el encuentro que jugar\u00e1n este s\u00e1bado 4 de junio a las 20.30 horas el Real Oviedo y el Osasuna en el estadio Carlos Tartiere. En el partido, de la","twitter:creator":"@nbasturias","twitter:image":"https:\/\/candas365.es\/noticias\/wp-content\/uploads\/2016\/06\/fotonoticia_20160602191512_800.jpg","twitter:label1":"Escrito por","twitter:data1":"Cand\u00e1s 365","twitter:label2":"Tiempo de lectura estimado","twitter:data2":"1 minuto"},"aioseo_meta_data":{"post_id":"29753","title":null,"description":null,"keywords":null,"keyphrases":null,"primary_term":null,"canonical_url":null,"og_title":null,"og_description":null,"og_object_type":"default","og_image_type":"default","og_image_url":null,"og_image_width":null,"og_image_height":null,"og_image_custom_url":null,"og_image_custom_fields":null,"og_video":null,"og_custom_url":null,"og_article_section":null,"og_article_tags":null,"twitter_use_og":false,"twitter_card":"default","twitter_image_type":"default","twitter_image_url":null,"twitter_image_custom_url":null,"twitter_image_custom_fields":null,"twitter_title":null,"twitter_description":null,"schema":{"blockGraphs":[],"customGraphs":[],"default":{"data":{"Article":[],"Course":[],"Dataset":[],"FAQPage":[],"Movie":[],"Person":[],"Product":[],"ProductReview":[],"Car":[],"Recipe":[],"Service":[],"SoftwareApplication":[],"WebPage":[]},"graphName":"","isEnabled":true},"graphs":[],"defaultGraph":"","defaultPostTypeGraph":""},"schema_type":null,"schema_type_options":null,"pillar_content":false,"robots_default":true,"robots_noindex":false,"robots_noarchive":false,"robots_nosnippet":false,"robots_nofollow":false,"robots_noimageindex":false,"robots_noodp":false,"robots_notranslate":false,"robots_max_snippet":null,"robots_max_videopreview":null,"robots_max_imagepreview":"large","priority":null,"frequency":null,"location":null,"local_seo":null,"seo_analyzer_scan_date":"2025-08-24 11:37:23","breadcrumb_settings":null,"limit_modified_date":false,"reviewed_by":null,"open_ai":null,"ai":null,"created":"2020-12-21 12:56:10","updated":"2025-08-24 11:37:23"},"aioseo_breadcrumb":"<div class=\"aioseo-breadcrumbs\"><span class=\"aioseo-breadcrumb\">\n\t<a href=\"https:\/\/candas365.es\/noticias\" title=\"Home\">Home<\/a>\n<\/span><span class=\"aioseo-breadcrumb-separator\">&ndash;<\/span><span class=\"aioseo-breadcrumb\">\n\t<a href=\"https:\/\/candas365.es\/noticias\/category\/actualidad\/\" title=\"Actualidad\">Actualidad<\/a>\n<\/span><span class=\"aioseo-breadcrumb-separator\">&ndash;<\/span><span class=\"aioseo-breadcrumb\">\n\tEl Real Oviedo Vs Osasuna declarado de alto riesgo\n<\/span><\/div>","aioseo_breadcrumb_json":[{"label":"Home","link":"https:\/\/candas365.es\/noticias"},{"label":"Actualidad","link":"https:\/\/candas365.es\/noticias\/category\/actualidad\/"},{"label":"El Real Oviedo Vs Osasuna declarado de alto riesgo","link":"https:\/\/candas365.es\/noticias\/el-real-oviedo-vs-osasuna-declarado-de-alto-riesgo\/"}],"_links":{"self":[{"href":"https:\/\/candas365.es\/noticias\/wp-json\/wp\/v2\/posts\/29753","targetHints":{"allow":["GET"]}}],"collection":[{"href":"https:\/\/candas365.es\/noticias\/wp-json\/wp\/v2\/posts"}],"about":[{"href":"https:\/\/candas365.es\/noticias\/wp-json\/wp\/v2\/types\/post"}],"author":[{"embeddable":true,"href":"https:\/\/candas365.es\/noticias\/wp-json\/wp\/v2\/users\/1"}],"replies":[{"embeddable":true,"href":"https:\/\/candas365.es\/noticias\/wp-json\/wp\/v2\/comments?post=29753"}],"version-history":[{"count":0,"href":"https:\/\/candas365.es\/noticias\/wp-json\/wp\/v2\/posts\/29753\/revisions"}],"wp:featuredmedia":[{"embeddable":true,"href":"https:\/\/candas365.es\/noticias\/wp-json\/wp\/v2\/media\/29754"}],"wp:attachment":[{"href":"https:\/\/candas365.es\/noticias\/wp-json\/wp\/v2\/media?parent=29753"}],"wp:term":[{"taxonomy":"category","embeddable":true,"href":"https:\/\/candas365.es\/noticias\/wp-json\/wp\/v2\/categories?post=29753"},{"taxonomy":"post_tag","embeddable":true,"href":"https:\/\/candas365.es\/noticias\/wp-json\/wp\/v2\/tags?post=29753"}],"curies":[{"name":"wp","href":"https:\/\/api.w.org\/{rel}","templated":true}]}}